{"id":1337598,"date":"2023-06-29T14:20:47","date_gmt":"2023-06-29T11:20:47","guid":{"rendered":"https:\/\/analyse.optim.biz\/?p=1337598"},"modified":"2023-06-29T14:20:47","modified_gmt":"2023-06-29T11:20:47","slug":"dna-timisoara-a-pus-in-carca-defunctului-ionel-toma","status":"publish","type":"post","link":"https:\/\/analyse.optim.biz\/?p=1337598","title":{"rendered":"DNA Timi\u0219oara a pus \u00een c\u00e2rca defunctului Ionel Toma"},"content":{"rendered":"<article id=\"template-id-172790\" class=\"post-172790 tdb_templates type-tdb_templates status-publish post\">\n<div id=\"tdi_52\" class=\"tdc-zone\">\n<div class=\"tdc_zone tdi_53  wpb_row td-pb-row\">\n<div id=\"tdi_54\" class=\"tdc-row stretch_row_1400 td-stretch-content\">\n<div class=\"vc_row tdi_55  wpb_row td-pb-row tdc-element-style\">\n<div class=\"vc_column tdi_57  wpb_column vc_column_container tdc-column td-pb-span8\">\n<div class=\"wpb_wrapper\">\n<div class=\"td_block_wrap tdb_single_categories tdi_58 td-pb-border-top td_block_template_1 \" data-td-block-uid=\"tdi_58\">\n<div class=\"tdb-category td-fix-index\"><a class=\"tdb-entry-category\" href=\"https:\/\/voceatimisului.ro\/category\/stiri-din-timisoara-si-timis\/\">\u0218tiri<\/a><a class=\"tdb-entry-category\" href=\"https:\/\/voceatimisului.ro\/category\/investigatii-stiri\/\">Investiga\u021bii<\/a><\/div>\n<\/div>\n<div class=\"td_block_wrap tdb_title tdi_59 tdb-single-title td-pb-border-top td_block_template_1\" data-td-block-uid=\"tdi_59\">\n<div class=\"tdb-block-inner td-fix-index\">\n<h1 class=\"tdb-title-text\">Prinde orbu\u2019, scoate-i ochii! DNA Timi\u0219oara a pus \u00een c\u00e2rca defunctului Ionel Toma toate contractele ilegale pe care Prim\u0103ria Giroc le-a \u00eencheiat cu avocatul Sorinel Golban<\/h1>\n<\/div>\n<\/div>\n<div class=\"vc_row_inner tdi_62  vc_row vc_inner wpb_row td-pb-row\">\n<div class=\"vc_column_inner tdi_64  wpb_column vc_column_container tdc-inner-column td-pb-span6\">\n<div class=\"vc_column-inner\">\n<div class=\"wpb_wrapper\">\n<div class=\"td_block_wrap tdb_single_author tdi_65 td-pb-border-top td_block_template_1 tdb-post-meta\" data-td-block-uid=\"tdi_65\">\n<div class=\"tdb-block-inner td-fix-index\">\n<div class=\"tdb-author-name-wrap\"><span class=\"tdb-author-by\">Autor-<\/span><a class=\"tdb-author-name\" href=\"https:\/\/voceatimisului.ro\/author\/tibi\/\">Tiberiu Kiss<\/a><\/div>\n<\/div>\n<\/div>\n<div class=\"td_block_wrap tdb_single_date tdi_66 td-pb-border-top td_block_template_1 tdb-post-meta\" data-td-block-uid=\"tdi_66\">\n<div class=\"tdb-block-inner td-fix-index\"><time class=\"entry-date updated td-module-date\" datetime=\"2023-06-29T17:20:47+03:00\">29 iunie 2023<\/time><\/div>\n<\/div>\n<div class=\"td_block_wrap tdb_single_comments_count tdi_67 td-pb-border-top td_block_template_1 tdb-post-meta\" data-td-block-uid=\"tdi_67\">\n<div class=\"tdb-block-inner td-fix-index\"><a href=\"https:\/\/voceatimisului.ro\/prinde-orbu-scoate-i-ochii-dna-timisoara-a-pus-in-carca-defunctului-ionel-toma-toate-contractele-ilegale-pe-care-primaria-giroc-le-a-incheiat-cu-avocatul-sorinel-golban\/#comments\"><span>5<\/span><\/a><\/div>\n<\/div>\n<div class=\"td_block_wrap tdb_single_post_views tdi_68 td-pb-border-top td_block_template_1 tdb-post-meta\" data-td-block-uid=\"tdi_68\">\n<div class=\"tdb-block-inner td-fix-index\"><span class=\"tdb-add-text\">1<\/span><span class=\"td-nr-views-156281\">4484<\/span><\/div>\n<\/div>\n<\/div>\n<\/div>\n<\/div>\n<div class=\"vc_column_inner tdi_70  wpb_column vc_column_container tdc-inner-column td-pb-span6\">\n<div class=\"vc_column-inner\">\n<div class=\"wpb_wrapper\">\n<div class=\"td_block_wrap tdb_single_post_share tdi_71  td-pb-border-top td_block_template_1\" data-td-block-uid=\"tdi_71\">\n<div id=\"tdi_71\" class=\"td-post-sharing tdb-block td-ps-bg td-ps-notext td-post-sharing-style1 \">\n<div class=\"td-post-sharing-visible\"><a class=\"td-social-sharing-button td-social-sharing-button-js td-social-network td-social-facebook\" href=\"https:\/\/www.facebook.com\/sharer.php?u=https%3A%2F%2Fvoceatimisului.ro%2Fprinde-orbu-scoate-i-ochii-dna-timisoara-a-pus-in-carca-defunctului-ionel-toma-toate-contractele-ilegale-pe-care-primaria-giroc-le-a-incheiat-cu-avocatul-sorinel-golban%2F\" title=\"Facebook\" rel=\"noopener\"><\/p>\n<div class=\"td-social-but-text\">Facebook<\/div>\n<p><\/a><a class=\"td-social-sharing-button td-social-sharing-button-js td-social-network td-social-twitter\" href=\"https:\/\/twitter.com\/intent\/tweet?text=Prinde+orbu%E2%80%99%2C+scoate-i+ochii%21+DNA+Timi%C8%99oara+a+pus+%C3%AEn+c%C3%A2rca+defunctului+Ionel+Toma+toate+contractele+ilegale+pe+care+Prim%C4%83ria+Giroc+le-a+%C3%AEncheiat+cu+avocatul+Sorinel+Golban&amp;url=https%3A%2F%2Fvoceatimisului.ro%2Fprinde-orbu-scoate-i-ochii-dna-timisoara-a-pus-in-carca-defunctului-ionel-toma-toate-contractele-ilegale-pe-care-primaria-giroc-le-a-incheiat-cu-avocatul-sorinel-golban%2F&amp;via=Vocea+Timisului\" title=\"Twitter\" rel=\"noopener\"><\/p>\n<div class=\"td-social-but-text\">Twitter<\/div>\n<p><\/a><a class=\"td-social-sharing-button td-social-sharing-button-js td-social-network td-social-pinterest\" href=\"https:\/\/pinterest.com\/pin\/create\/button\/?url=https:\/\/voceatimisului.ro\/prinde-orbu-scoate-i-ochii-dna-timisoara-a-pus-in-carca-defunctului-ionel-toma-toate-contractele-ilegale-pe-care-primaria-giroc-le-a-incheiat-cu-avocatul-sorinel-golban\/&amp;media=https:\/\/analyse.optim.biz\/wp-content\/uploads\/2026\/01\/ionel-toma-jpg.webp&amp;description=Prinde+orbu%E2%80%99%2C+scoate-i+ochii%21+DNA+Timi%C8%99oara+a+pus+%C3%AEn+c%C3%A2rca+defunctului+Ionel+Toma+toate+contractele+ilegale+pe+care+Prim%C4%83ria+Giroc+le-a+%C3%AEncheiat+cu+avocatul+Sorinel+Golban\" title=\"Pinterest\" rel=\"noopener\"><\/p>\n<div class=\"td-social-but-text\">Pinterest<\/div>\n<p><\/a><a class=\"td-social-sharing-button td-social-sharing-button-js td-social-network td-social-whatsapp\" href=\"https:\/\/api.whatsapp.com\/send?text=Prinde+orbu%E2%80%99%2C+scoate-i+ochii%21+DNA+Timi%C8%99oara+a+pus+%C3%AEn+c%C3%A2rca+defunctului+Ionel+Toma+toate+contractele+ilegale+pe+care+Prim%C4%83ria+Giroc+le-a+%C3%AEncheiat+cu+avocatul+Sorinel+Golban%20%0A%0A%20https:\/\/voceatimisului.ro\/prinde-orbu-scoate-i-ochii-dna-timisoara-a-pus-in-carca-defunctului-ionel-toma-toate-contractele-ilegale-pe-care-primaria-giroc-le-a-incheiat-cu-avocatul-sorinel-golban\/\" title=\"WhatsApp\" rel=\"noopener\"><\/p>\n<div class=\"td-social-but-text\">WhatsApp<\/div>\n<p><\/a><a class=\"td-social-sharing-button td-social-sharing-button-js td-social-network td-social-linkedin\" href=\"https:\/\/www.linkedin.com\/shareArticle?mini=true&amp;url=https:\/\/voceatimisului.ro\/prinde-orbu-scoate-i-ochii-dna-timisoara-a-pus-in-carca-defunctului-ionel-toma-toate-contractele-ilegale-pe-care-primaria-giroc-le-a-incheiat-cu-avocatul-sorinel-golban\/&amp;title=Prinde+orbu%E2%80%99%2C+scoate-i+ochii%21+DNA+Timi%C8%99oara+a+pus+%C3%AEn+c%C3%A2rca+defunctului+Ionel+Toma+toate+contractele+ilegale+pe+care+Prim%C4%83ria+Giroc+le-a+%C3%AEncheiat+cu+avocatul+Sorinel+Golban\" title=\"Linkedin\" rel=\"noopener\"><\/p>\n<div class=\"td-social-but-text\">Linkedin<\/div>\n<p><\/a><a class=\"td-social-sharing-button td-social-sharing-button-js td-social-network td-social-copy_url\" href=\"https:\/\/voceatimisului.ro\/prinde-orbu-scoate-i-ochii-dna-timisoara-a-pus-in-carca-defunctului-ionel-toma-toate-contractele-ilegale-pe-care-primaria-giroc-le-a-incheiat-cu-avocatul-sorinel-golban\/\" title=\"Copy URL\" rel=\"noopener\"><\/p>\n<div class=\"td-social-but-text\">Copy URL<\/div>\n<p><\/a><\/div>\n<\/div>\n<\/div>\n<\/div>\n<\/div>\n<\/div>\n<\/div>\n<div class=\"td_block_wrap tdb_single_featured_image tdi_72 tdb-content-horiz-left td-pb-border-top td_block_template_1\" data-td-block-uid=\"tdi_72\">\n<div class=\"tdb-block-inner td-fix-index\">\n<figure><img loading=\"lazy\" decoding=\"async\" width=\"696\" height=\"536\" class=\"entry-thumb\" src=\"https:\/\/analyse.optim.biz\/wp-content\/uploads\/2026\/01\/ionel-toma-jpg-696x536-1-2.webp\" alt=\"Ionel Toma jpg\" title=\"Ionel Toma jpg\"><figcaption class=\"tdb-caption-text\">Ionel Toma jpg<\/figcaption><\/figure>\n<\/div>\n<\/div>\n<div class=\"vc_row_inner tdi_74  vc_row vc_inner wpb_row td-pb-row\">\n<div class=\"vc_column_inner tdi_76  wpb_column vc_column_container tdc-inner-column td-pb-span4 td-is-sticky\">\n<div class=\"vc_column-inner\">\n<div class=\"wpb_wrapper\" data-sticky-enabled-on=\"W3RydWUsdHJ1ZSx0cnVlLHRydWVd\" data-sticky-offset=\"20\" data-sticky-is-width-auto=\"W2ZhbHNlLGZhbHNlLGZhbHNlLGZhbHNlXQ==\">\n<div class=\"td_block_wrap td_flex_block_1 tdi_77 td-pb-border-top td_block_template_1 td_ajax_preloading_preload td_flex_block\" data-td-block-uid=\"tdi_77\">\n<div id=\"tdi_77\" class=\"td_block_inner td-mc1-wrap\">\n<div class=\"td_module_flex td_module_flex_1 td_module_wrap td-animation-stack td-meta-info-hide td-cpt-post\">\n<div class=\"td-module-container td-category-pos-image\">\n<div class=\"td-module-meta-info\">\n<h3 class=\"entry-title td-module-title\"><a href=\"https:\/\/voceatimisului.ro\/furt-din-banii-europeni-in-numele-educatiei-functionare-de-la-universitatea-politehnica-timisoara-trimise-in-judecata-de-dna\/\" rel=\"bookmark\" title=\"Furt din banii europeni, \u00een numele educa\u021biei: func\u021bionare de la Universitatea Politehnica Timi\u0219oara, trimise \u00een judecat\u0103 de DNA\">Furt din banii europeni, \u00een numele educa\u021biei: func\u021bionare de la Universitatea Politehnica Timi\u0219oara, trimise \u00een judecat\u0103 de DNA<\/a><\/h3>\n<\/div>\n<\/div>\n<\/div>\n<div class=\"td_module_flex td_module_flex_1 td_module_wrap td-animation-stack td-meta-info-hide td-cpt-post\">\n<div class=\"td-module-container td-category-pos-image\">\n<div class=\"td-module-meta-info\">\n<h3 class=\"entry-title td-module-title\"><a href=\"https:\/\/voceatimisului.ro\/zece-inspectori-isctr-timisoara-retinuti-de-dna-pentru-luare-de-mita-in-forma-continuata\/\" rel=\"bookmark\" title=\"Zece inspectori ISCTR Timi\u0219oara, re\u021binu\u021bi de DNA pentru luare de mit\u0103 \u00een form\u0103 continuat\u0103\">Zece inspectori ISCTR Timi\u0219oara, re\u021binu\u021bi de DNA pentru luare de mit\u0103 \u00een form\u0103 continuat\u0103<\/a><\/h3>\n<\/div>\n<\/div>\n<\/div>\n<div class=\"td_module_flex td_module_flex_1 td_module_wrap td-animation-stack td-meta-info-hide td-cpt-post\">\n<div class=\"td-module-container td-category-pos-image\">\n<div class=\"td-module-meta-info\">\n<h3 class=\"entry-title td-module-title\"><a href=\"https:\/\/voceatimisului.ro\/retim-cum-ne-obliga-sa-sortam-gunoiul-dar-il-arunca-la-gramada-jaful-care-miroase-urat-in-timisoara\/\" rel=\"bookmark\" title=\"RETIM: Cum ne oblig\u0103 s\u0103 sort\u0103m gunoiul, dar \u00eel arunc\u0103 la gr\u0103mad\u0103. Jaful care miroase ur\u00e2t \u00een Timi\u0219oara\">RETIM: Cum ne oblig\u0103 s\u0103 sort\u0103m gunoiul, dar \u00eel arunc\u0103 la gr\u0103mad\u0103. Jaful care miroase ur\u00e2t \u00een Timi\u0219oara<\/a><\/h3>\n<\/div>\n<\/div>\n<\/div>\n<div class=\"td_module_flex td_module_flex_1 td_module_wrap td-animation-stack td-meta-info-hide td-cpt-post\">\n<div class=\"td-module-container td-category-pos-image\">\n<div class=\"td-module-meta-info\">\n<h3 class=\"entry-title td-module-title\"><a href=\"https:\/\/voceatimisului.ro\/efect-de-bumerang-primaria-giroc-se-pregateste-sa-plateasca-despagubiri-de-milioane-de-euro-in-cazul-unor-abuzuri-imobiliare-fara-precedent\/\" rel=\"bookmark\" title=\"Efect de bumerang! Prim\u0103ria Giroc se preg\u0103te\u0219te s\u0103 pl\u0103teasc\u0103 desp\u0103gubiri de milioane de euro, \u00een cazul unor abuzuri imobiliare, f\u0103r\u0103 precedent\">Efect de bumerang! Prim\u0103ria Giroc se preg\u0103te\u0219te s\u0103 pl\u0103teasc\u0103 desp\u0103gubiri de milioane de euro, \u00een cazul unor abuzuri imobiliare, f\u0103r\u0103 precedent<\/a><\/h3>\n<\/div>\n<\/div>\n<\/div>\n<\/div>\n<\/div>\n<div class=\"tdb-author-box td_block_wrap tdb_single_author_box tdi_82 tdb-content-vert-top td-pb-border-top td_block_template_1\" data-td-block-uid=\"tdi_82\">\n<div class=\"tdb-block-inner td-fix-index\">\n<div class=\"tdb-author-info\"><a href=\"https:\/\/voceatimisului.ro\/author\/tibi\/\" class=\"tdb-author-name\">Tiberiu Kiss<\/a><\/p>\n<div class=\"tdb-author-descr\">\u00centreaga responsabilitate a comentariilor l\u0103sate de dumneavoastr\u0103 v\u0103 apar\u021bine!<br \/>\nClick <a href=\"https:\/\/voceatimisului.ro\/termeni-si-conditii\/\">aici<\/a>-citeste condi\u0163iile de utilizare ale site-ului www.voceatimisului.ro<\/div>\n<\/div>\n<\/div>\n<\/div>\n<\/div>\n<\/div>\n<\/div>\n<div class=\"vc_column_inner tdi_84  wpb_column vc_column_container tdc-inner-column td-pb-span8\">\n<div class=\"vc_column-inner\">\n<div class=\"wpb_wrapper\">\n<div class=\"td_block_wrap tdb_single_content tdi_85 td-pb-border-top td_block_template_1 td-post-content tagdiv-type\" data-td-block-uid=\"tdi_85\">\n<div class=\"tdb-block-inner td-fix-index\">\n<h5 class=\"wp-block-heading\" id=\"h-daca-e-sa-luam-in-calcul-in\u021belepciunea-populara-combinata-cu-o-traducere-libera-adaptata-milimetric-vremurilor-\u0219i-caracterelor-umane-moderne-azi-in-ce-prive\u0219te-celebra-cooperativa-imobiliara-de-pe-raza-comunei-giroc-avem-trei-variante-de-lucru-toate-net-ca\u0219tigatoare-prima-care-se-potrive\u0219te-ca-o-manu\u0219a-ba\u0219tina\u0219ilor-de-mor\u021bi-numai-de-bine-urmatoarea-in-limbaj-tehnico-juridic-vine-ca-versiune-ajutatoare-mortul-e-de-vina-\u0219i-fara-niciun-dubiu-ultima-alternativa-in-stransa-legatura-intrinseca-cu-func\u021bionarii-publici-din-cea-mai-corupta-administra\u021bie-locala-din-romania-pe-cine-nu-la\u0219i-sa-moara-nu-te-lasa-sa-traie\u0219ti\">Dac\u0103 e s\u0103 lu\u0103m \u00een calcul \u00een\u021belepciunea popular\u0103, combinat\u0103 cu o traducere liber\u0103, adaptat\u0103 milimetric vremurilor \u0219i caracterelor umane moderne, azi, \u00een ce prive\u0219te celebra cooperativ\u0103 imobiliar\u0103 de pe raza comunei Giroc, avem trei variante de lucru. Toate, net c\u00e2\u0219tig\u0103toare! Prima, care se potrive\u0219te ca o m\u0103nu\u0219\u0103 b\u0103\u0219tina\u0219ilor \u2013 De mor\u021bi, numai de bine! Urm\u0103toarea, \u00een limbaj tehnico-juridic, vine ca versiune ajut\u0103toare \u2013 Mortul e de vin\u0103! \u0218i, f\u0103r\u0103 niciun dubiu, ultima alternativ\u0103, \u00een str\u00e2ns\u0103 leg\u0103tur\u0103 intrinsec\u0103 cu func\u021bionarii publici din cea mai corupt\u0103 administra\u021bie local\u0103 din Rom\u00e2nia \u2013 Pe cine nu la\u0219i s\u0103 moar\u0103, nu te las\u0103 s\u0103 tr\u0103ie\u0219ti!<\/h5>\n<p>Cam asta ar fi pe scurt, \u00een c\u00e2teva cuvinte, concluzia la care au ajuns procurorii anticorup\u021bie, dup\u0103 doi ani de studiu \u0219i munc\u0103 asidu\u0103 pe vertebrele mafiei imobiliare de la marginea Timi\u0219oarei! De fapt, doar una dintre perora\u021bii c\u0103ci, fie c\u0103 unora le convine sau nu, a\u0219a cum rezult\u0103 din diverse adrese de coresponden\u021b\u0103, schimbate \u00eentre DNA Timi\u0219oara \u0219i alte institu\u021bii ale statului rom\u00e2n, mai bine de 20 de dosare penale au fost deschise pe numele unor persoane fizice \u0219i juridice, aflate \u00een rela\u021bii str\u00e2nse cu administra\u021bia girocean\u0103, toate ca urmare a <a href=\"https:\/\/voceatimisului.ro\/category\/investigatii-stiri\/\" target=\"_blank\" rel=\"noreferrer noopener\">investiga\u021biilor din voceatimisului.ro.<\/a> Deci, nici vorb\u0103 de pove\u0219ti nemuritoare, b\u00e2rfe de birt sau de sat \u0219i, cu at\u00e2t mai pu\u021bin, de ac\u021biuni concertate de def\u0103imare sau filme artistice cu \u0219antaj organizat!<\/p>\n<p><a href=\"https:\/\/voceatimisului.ro\/spalatul-pe-maini-primaria-giroc-isi-recupereaza-prejudiciul-de-350-000-euro-rezultat-din-contractele-ilegale-de-asistenta-juridica-nu-de-la-artizanii-care-i-le-au-servit-pe-tava-avocatului-sorinel\/\" target=\"_blank\" rel=\"noreferrer noopener\"><strong>\u0218i afacerea sulfuroas\u0103, una cu tent\u0103 de servicii juridice ilegale, parafat\u0103 \u00eentre administra\u021bia local\u0103 \u0219i avocatul Sorinel Gheorghe Golban, a\u0219a cum se \u0219tie deja, este doar una dintre ele<\/strong>!<\/a> Cert e c\u0103, a\u0219a cum rezult\u0103 din Ordonan\u021ba de clasare a DNA Timi\u0219oara, emis\u0103 pe data de 23 mai 2023, \u00een dosarul 74\/P\/2021, procurorii anticorup\u021bie nu au f\u0103cut dec\u00e2t s\u0103 reconfirme toate aspectele sesizate de voceatimisului.ro, de-a lungul timpului, \u00een mai multe episode, dedicate contractelor multianuale de asisten\u021b\u0103 juridic\u0103, \u00eencheiate \u00eentre Prim\u0103ria Giroc \u0219i fiul unui consilier local PSD Timi\u0219, avocatul Sorinel Golban. Ca mai apoi, toate \u00een\u021belegerile financiare ale administra\u021biei comunale s\u0103 fie validate \u0219i legalizate, trei ani la r\u00e2nd, prin tot at\u00e2tea hot\u0103r\u00e2ri ale Consiliului Local.<\/p>\n<p>C\u0103 lucrurile stau \u00eentocmai, rezult\u0103 \u00eenc\u0103 din primele r\u00e2nduri ale ordonan\u021bei DNA Timi\u0219oara care, <a href=\"https:\/\/voceatimisului.ro\/ca-n-1001-de-nopti-primaria-giroc-contracte-de-peste-18-milioane-de-lei-pentru-servicii-juridice-cu-fiul-unui-consilier-local-psd\/\" target=\"_blank\" rel=\"noreferrer noopener\">\u201d<strong>din datele \u0219i informa\u021biile f\u0103cute publice prin diferite articole \u0219i declara\u021bii de pres\u0103<\/strong>\u201d,<\/a> la data de 17 iunie 2021, \u00een temeiul articolului 292 din Codul Penal, s-a sesizat din oficiu cu privire la s\u0103v\u00e2r\u0219irea infrac\u021biunilor de abuz \u00een serviciu. Ce-i drept, \u00een prim\u0103 faz\u0103, ancheta nu a avut un autor cunoscut, urm\u0103rirea penal\u0103 fiind efectuat\u0103 \u00een REM pentru indentificarea autorului\/autorilor. Ulterior, ca urmare a verific\u0103rilor \u0219i a declara\u021biilor, concluzia procurorilor anticorup\u021bie a fost unanim\u0103: <strong>fostul primar al comunei Giroc, Iosif Ionel Toma este singurul vinovat pentru \u00eencheierea contractelor de reprezentare juridic\u0103 cu avocatul Sorinel Gheorghe Golban<\/strong>.<\/p>\n<p>Una peste alta, chiar dac\u0103 degetul ar\u0103t\u0103tor al DNA a fost \u00eendreptat doar c\u0103tre fostul edil al localit\u0103\u021bii de la marginea Timi\u0219oarei, ordonan\u021ba de clasare, de\u0219i \u00eencadreaz\u0103 clar fapta alesului local la abuz \u00een serviciu, are \u0219i explica\u021bie. <strong>De\u0219i vinovatul a fost identificat, f\u0103r\u0103 niciun fel de dubiu, Ionel Toma nu a fost trimis \u00een judecat\u0103 deoarece, \u00eentre timp, anul trecut, a decedat<\/strong>! Astfel \u0219i prejudiciul cauzat de fostul edil, \u00een sum\u0103 total\u0103 1.768.390 RON, a r\u0103mas s\u0103 fie desc\u00e2lcit \u0219i recuperat de c\u0103tre noua administra\u021bie local\u0103, condus\u0103 de viceprimarul Dan V\u00eertosu.<\/p>\n<p><strong>Lectur\u0103 judiciar\u0103<\/strong><\/p>\n<p>A\u0219a cum rezult\u0103 din ancheta magistra\u021bilor DNA Timi\u0219oara, concretizat\u0103 \u00een Ordonan\u021ba de clasare din 23 mai 2023, cu toate c\u0103 Prim\u0103ria Giroc a beneficiat de juri\u0219ti angaja\u021bi, autoritatea local\u0103, f\u0103r\u0103 niciun studiu sau vreun document de fundamentare, a decis contractarea unor servicii juridice de asisten\u021b\u0103 \u0219i reprezentare cu cabinetul avocatului Sorinel Gheorghe Golban. <strong>\u0218i sumele nu au fost deloc de neglijat c\u0103ci, a\u0219a cum a afirmat \u0219i voceatimisului.ro, \u00een perioada 2018-2020, administra\u021bia comunal\u0103, \u00een mod continuu, a pl\u0103tit \u00een conturile fiului consilierului local PSD o sum\u0103 de peste 350.000 euro: 424.285 RON \u00een 2018, 460.000 RON \u00een 2019, 500.000 RON \u00een 2020<\/strong>. Mai mult, al\u021bi 119.000 RON \u00een perioada ianuarie \u2013 aprilie 2021, f\u0103r\u0103 ca Prim\u0103ria Giroc s\u0103 fi avut, la vremea respectiv\u0103, bugetul local aprobat!<\/p>\n<p><a href=\"https:\/\/voceatimisului.ro\/desene-animate-primaria-giroc-s-a-autodenuntat-la-dna-timisoara-motivand-ca-a-fost-obligata-sa-valideze-contractele-ilegale-de-asistenta-juridica-in-favoarea-avocatului-de-casa-gheorghe-sorinel-go\/\" target=\"_blank\" rel=\"noreferrer noopener\"><strong>Cert e c\u0103, pe l\u00e2ng\u0103 toate sutele de mii de euro, v\u0103rsate \u00een contul clientelei politice, entitatea public\u0103 a mai pl\u0103tit, \u00een aceea\u0219i perioad\u0103 2018-2020, \u00eenc\u0103 646.082 RON\u2026 tot pentru servicii juridice<\/strong>.<\/a> De aceast\u0103 data, sub form\u0103 de salarii, pentru angaja\u021bii Biroului Juridic din cadrul Prim\u0103riei Giroc! Acum, nici nu mai conteaz\u0103 c\u0103 toate pl\u0103\u021bile, plecate dinspre administra\u021bia local\u0103 \u00eenspre conturile avocatului Sorinel Gheorghe Golban, au fost f\u0103cute \u00een mod ilegal, prin \u00eenc\u0103lcarea prevederilor Legii nr. 98\/2016 privind achizi\u021biile publice. Sau c\u0103, a\u0219a cum rezult\u0103 din ancheta DNA Timi\u0219oara, a rezultat c\u0103 \u201d<strong>unul dintre consilierii locali ai Prim\u0103riei Giroc este numitul Gheorghe Golban, tat\u0103l avocatului Sorinel Gheorghe Golban, iar \u00een cadrul institu\u021biei sunt \u00eenc\u0103 trei angaja\u021bi cu acela\u0219i nume\u2026<\/strong>\u201d. Evident, to\u021bi afla\u021bi \u00een rela\u021bii de rudenie!<\/p>\n<p><strong>Ce conteaz\u0103 e c\u0103, \u00eentre timp, a\u0219a cum a informat \u0219i voceatimisului.ro la momentul respectiv, \u00een urm\u0103 cu aproape un an, la data de 1 august 2022, mai mul\u021bi poli\u021bi\u0219ti locali au \u00eenregistrat la DNA Timi\u0219oara un denun\u021b penal pe aceea\u0219i spe\u021b\u0103 (dosar 99\/P\/2022)<\/strong> \u2013 contractele juridice dintre Prim\u0103ria Giroc \u0219i avocatul Sorinel Gheorghe Golban. \u0218i decizia oamenilor legii a venit tocmai pentru c\u0103, dup\u0103 decesul primarului Ionel Toma, <strong>noua administra\u021bie local\u0103, \u00een loc s\u0103 recupereze banii pe reprezent\u0103rile juridice externalizate de la cei care se fac vinova\u021bi, a \u00eenceput s\u0103 impute onorariile avocatului Golban tuturor celor care s-au judecat cu administra\u021bia local\u0103 \u0219i au pierdut procesele \u00een instan\u021b\u0103<\/strong>.<\/p>\n<p>Ulterior, tocmai pentru c\u0103 via\u021ba bate filmul, tot dup\u0103 decesul prematur al edilului din Giroc, administra\u021bia local\u0103 i-a mai f\u0103cut un cadou celui plecat la cele vesnice \u0219i care a condus comunitatea mai bine de 25 de ani: <strong>o nou\u0103 pl\u00e2ngere penal\u0103 pentru contractarea ilegal\u0103 a serviciilor juridice cu avocatul Sorinel Gheorghe Golban \u0219i promovarea unor litigii, f\u0103r\u0103 a identifica \u0219i dovedi situa\u021biile temeinic justificate, a\u0219a cum cere legea, \u00een mod expres<\/strong>! Ulterior, pe parcursul anchetei\u00a0 DNA Timi\u0219oara, \u00een spe\u021b\u0103, pe l\u00e2ng\u0103 probatoriul cu documente, au fost audia\u021bi \u0219i angaja\u021bi ai Prim\u0103riei Giroc, \u00een special cei de la Biroul Juridic: Ana Maria Rotariu, Cristina Elena Ri\u0219cu\u021b\u0103, Loredana Camelia Bogdan, Olivia M\u0103nescu Radu \u0219i, nu \u00een ultimul r\u00e2nd, Carmina Andreea Mateia, secretarul general al comunei.<\/p>\n<p><strong>\u00cen cor\u2026 cu vitejie<\/strong><\/p>\n<p>La unison, to\u021bi martorii au spus acela\u0219i dou\u0103 lucruri. Mai exact, c\u0103 nu au fost consulta\u021bi de c\u0103tre fostul primar Ionel Toma, c\u00e2nd s-a decis externalizarea serviciilor juridice c\u0103tre fiul consilierului local PSD \u0219i c\u0103, \u00een Consiliul Local, decedatul a justificat mereu contractele de asisten\u021b\u0103 avoca\u021bial\u0103 prin faptul c\u0103\u2026 administra\u021bia nu are juri\u0219ti preg\u0103ti\u021bi pentru complexitatea dosarelor! Totu\u0219i, singura persoan\u0103 care a dat \u0219i detalii picante a fost secretara administra\u021biei, doamna Mateia: \u201d<strong>Mi-a spus c\u0103 nu e treaba mea \u0219i c\u0103 nu m\u0103 intereseaz\u0103 pe mine. Primarul Toma m-a \u00eenjurat, m-a f\u0103cut proast\u0103 \u0219i mi-a spus c\u0103 habar nu am pe ce lume tr\u0103iesc. Eu am pl\u00e2ns! Niciodat\u0103 nu a fost \u00eentocmit vreun referat cu referire la temeinicia sau necesitatea contract\u0103rii serviciilor juridice. Mai mult, nu am v\u0103zut niciun contract de asisten\u021b\u0103 juridic\u0103 p\u00e2n\u0103-n 2020\u2026<\/strong>\u201d.<\/p>\n<p>Este c\u00e2t se poate de limpede \u0219i de evident, pentru cine mai are ochi s\u0103 vad\u0103 c\u0103, at\u00e2ta timp c\u00e2t fostul edil al Girocului, Ionel Toma, a mai fost \u00een via\u021b\u0103, niciun angajat, cu at\u00e2t mai pu\u021bin secretarul comunei, nu a formulat niciun denun\u021b \u00eempotriva alesului local. Nici c\u0103 era terorist, nici c\u0103 s\u0103v\u00e2r\u0219ea abuzuri \u0219i ilegalit\u0103\u021bi, nici c\u0103 \u00ee\u0219i trafica influen\u021ba \u0219i \u0219i nici c\u0103 era grobian. Toate compunerile c\u0103tre autorit\u0103\u021bi, \u00eens\u0103, au \u00eenceput s\u0103 ias\u0103, ca ciupercile dup\u0103 ploaie, imediat dup\u0103 decesul pesedistului Ionel Toma pe motiv c\u0103\u2026 <strong>\u201d\u2026 p\u00e2n\u0103 la momentul actual nu am putut formula pl\u00e2ngere, deoarece o perioad\u0103 foarte \u00eendelungat\u0103 de timp\u00a0salaria\u021bii s-au aflat sub imperiul stresului \u0219i al impunerilor nelegale de tip dictatorial<\/strong>\u201d.<\/p>\n<p>Acum, dincolo de ilaritatea \u0219i bizareria situa\u021biei, c\u00e2teva lucruri sunt sigure. \u00cen primul r\u00e2nd c\u0103, dup\u0103 lupt\u0103, to\u021bi prind curaj \u0219i descriu lupta cu balaurul, \u00eentre patru ochi \u0219i doi pere\u021bi! <strong>Cert e c\u0103, \u00een perioada \u00een\u00a0 care Ionel Toma stingea \u0219i aprindea becul \u00een Prim\u0103ria Giroc,<\/strong><strong>niciun angajat nu s-a pl\u00e2ns vreunei institu\u021bii de for\u021b\u0103 a statului rom\u00e2n, chiar dac\u0103 jaful din banul public \u0219i corup\u021bia f\u0103ceau parte integrant\u0103 din meniul zilei al administra\u021biei de la marginea Timi\u0219oarei<\/strong>. Azi, to\u021bi angaja\u021bii entit\u0103\u021bii sunt un soi de Alb\u0103 ca Z\u0103pada \u0219i to\u021bi se dezic de fostul primar al localit\u0103\u021bii. Sau mai vars\u0103 c\u00e2te o lacrim\u0103, de ochii lumii, c\u00e2nd se mai dezvele\u0219te c\u00e2te o plac\u0103 memorial\u0103 \u0219i se mai d\u0103 c\u00e2te un anun\u021b pe Facebook, fie de ziua de na\u0219tere a fostului edil sau c\u00e2nd mai trece c\u00e2te o lun\u0103 de la trecerea sa \u00een nefiin\u021b\u0103!<\/p>\n<p>Acesta e \u0219i motivul pentru care, la data de 23 mai 2023, DNA Timi\u0219oara a tras cortina peste povestea contractual\u0103 cu iz pesedist, care s-a desf\u0103\u0219urat \u00eentre primarul Ionel Toma \u0219i avocatul Sorinel Gheorghe Golban, sub nasul tuturor func\u021bionarilor din Prim\u0103ria Giroc: TARDIVITATEA! <strong>Adic\u0103, lipsa de sim\u021b civic \u0219i, nu \u00een ultimul r\u00e2nd, absen\u021ba unui vinovat\u2026 \u00een carne \u0219i oase<\/strong>! C\u0103ci, chiar dac\u0103 procurorii anticorup\u021bie au scris negru pe alb c\u0103 Ionel Toma a \u00eenc\u0103lcat legea, cauz\u00e2nd un prejudiciu comunit\u0103\u021bii de 1.768.390 RON, tot magistra\u021bii au constatat c\u0103, a\u0219a cum rezult\u0103 din certificatul de deces nr. D.11\/670804, fostul primar nu mai poate fi tras la r\u0103spundere penal\u0103, \u00eenturc\u00e2t, pe durata urm\u0103ririi penale, vinovatul\u2026 a p\u0103r\u0103sit lumea celor drep\u021bi!<\/p>\n<\/div>\n<\/div>\n<div class=\"td_block_wrap tdb_single_tags tdi_88 td-pb-border-top td_block_template_1\" data-td-block-uid=\"tdi_88\">\n<div class=\"tdb-block-inner td-fix-index\">\n<ul class=\"tdb-tags\">\n<li><span>Tags<\/span><\/li>\n<li><a href=\"https:\/\/voceatimisului.ro\/tag\/carmina-mateia\/\">Carmina Mateia<\/a><\/li>\n<li><a href=\"https:\/\/voceatimisului.ro\/tag\/dna-timisoara\/\">dna timisoara<\/a><\/li>\n<li><a href=\"https:\/\/voceatimisului.ro\/tag\/ionel-toma\/\">Ionel Toma<\/a><\/li>\n<li><a href=\"https:\/\/voceatimisului.ro\/tag\/sorinel-golban\/\">Sorinel Golban<\/a><\/li>\n<\/ul>\n<\/div>\n<\/div>\n<div class=\"td_block_wrap tdb_single_post_share tdi_89  td-pb-border-top td_block_template_1\" data-td-block-uid=\"tdi_89\">\n<div id=\"tdi_89\" class=\"td-post-sharing tdb-block td-ps-bg td-ps-notext td-post-sharing-style1 \">\n<div class=\"td-post-sharing-visible\"><a class=\"td-social-sharing-button td-social-sharing-button-js td-social-network td-social-facebook\" href=\"https:\/\/www.facebook.com\/sharer.php?u=https%3A%2F%2Fvoceatimisului.ro%2Fprinde-orbu-scoate-i-ochii-dna-timisoara-a-pus-in-carca-defunctului-ionel-toma-toate-contractele-ilegale-pe-care-primaria-giroc-le-a-incheiat-cu-avocatul-sorinel-golban%2F\" title=\"Facebook\" rel=\"noopener\"><\/p>\n<div class=\"td-social-but-text\">Facebook<\/div>\n<p><\/a><a class=\"td-social-sharing-button td-social-sharing-button-js td-social-network td-social-twitter\" href=\"https:\/\/twitter.com\/intent\/tweet?text=Prinde+orbu%E2%80%99%2C+scoate-i+ochii%21+DNA+Timi%C8%99oara+a+pus+%C3%AEn+c%C3%A2rca+defunctului+Ionel+Toma+toate+contractele+ilegale+pe+care+Prim%C4%83ria+Giroc+le-a+%C3%AEncheiat+cu+avocatul+Sorinel+Golban&amp;url=https%3A%2F%2Fvoceatimisului.ro%2Fprinde-orbu-scoate-i-ochii-dna-timisoara-a-pus-in-carca-defunctului-ionel-toma-toate-contractele-ilegale-pe-care-primaria-giroc-le-a-incheiat-cu-avocatul-sorinel-golban%2F&amp;via=Vocea+Timisului\" title=\"Twitter\" rel=\"noopener\"><\/p>\n<div class=\"td-social-but-text\">Twitter<\/div>\n<p><\/a><a class=\"td-social-sharing-button td-social-sharing-button-js td-social-network td-social-pinterest\" href=\"https:\/\/pinterest.com\/pin\/create\/button\/?url=https:\/\/voceatimisului.ro\/prinde-orbu-scoate-i-ochii-dna-timisoara-a-pus-in-carca-defunctului-ionel-toma-toate-contractele-ilegale-pe-care-primaria-giroc-le-a-incheiat-cu-avocatul-sorinel-golban\/&amp;media=https:\/\/analyse.optim.biz\/wp-content\/uploads\/2026\/01\/ionel-toma-jpg.webp&amp;description=Prinde+orbu%E2%80%99%2C+scoate-i+ochii%21+DNA+Timi%C8%99oara+a+pus+%C3%AEn+c%C3%A2rca+defunctului+Ionel+Toma+toate+contractele+ilegale+pe+care+Prim%C4%83ria+Giroc+le-a+%C3%AEncheiat+cu+avocatul+Sorinel+Golban\" title=\"Pinterest\" rel=\"noopener\"><\/p>\n<div class=\"td-social-but-text\">Pinterest<\/div>\n<p><\/a><a class=\"td-social-sharing-button td-social-sharing-button-js td-social-network td-social-whatsapp\" href=\"https:\/\/api.whatsapp.com\/send?text=Prinde+orbu%E2%80%99%2C+scoate-i+ochii%21+DNA+Timi%C8%99oara+a+pus+%C3%AEn+c%C3%A2rca+defunctului+Ionel+Toma+toate+contractele+ilegale+pe+care+Prim%C4%83ria+Giroc+le-a+%C3%AEncheiat+cu+avocatul+Sorinel+Golban%20%0A%0A%20https:\/\/voceatimisului.ro\/prinde-orbu-scoate-i-ochii-dna-timisoara-a-pus-in-carca-defunctului-ionel-toma-toate-contractele-ilegale-pe-care-primaria-giroc-le-a-incheiat-cu-avocatul-sorinel-golban\/\" title=\"WhatsApp\" rel=\"noopener\"><\/p>\n<div class=\"td-social-but-text\">WhatsApp<\/div>\n<p><\/a><a class=\"td-social-sharing-button td-social-sharing-button-js td-social-network td-social-linkedin\" href=\"https:\/\/www.linkedin.com\/shareArticle?mini=true&amp;url=https:\/\/voceatimisului.ro\/prinde-orbu-scoate-i-ochii-dna-timisoara-a-pus-in-carca-defunctului-ionel-toma-toate-contractele-ilegale-pe-care-primaria-giroc-le-a-incheiat-cu-avocatul-sorinel-golban\/&amp;title=Prinde+orbu%E2%80%99%2C+scoate-i+ochii%21+DNA+Timi%C8%99oara+a+pus+%C3%AEn+c%C3%A2rca+defunctului+Ionel+Toma+toate+contractele+ilegale+pe+care+Prim%C4%83ria+Giroc+le-a+%C3%AEncheiat+cu+avocatul+Sorinel+Golban\" title=\"Linkedin\" rel=\"noopener\"><\/p>\n<div class=\"td-social-but-text\">Linkedin<\/div>\n<p><\/a><a class=\"td-social-sharing-button td-social-sharing-button-js td-social-network td-social-copy_url\" href=\"https:\/\/voceatimisului.ro\/prinde-orbu-scoate-i-ochii-dna-timisoara-a-pus-in-carca-defunctului-ionel-toma-toate-contractele-ilegale-pe-care-primaria-giroc-le-a-incheiat-cu-avocatul-sorinel-golban\/\" title=\"Copy URL\" rel=\"noopener\"><\/p>\n<div class=\"td-social-but-text\">Copy URL<\/div>\n<p><\/a><\/div>\n<\/div>\n<\/div>\n<div class=\"td_block_wrap tdb_single_next_prev tdi_90 td-animation-stack td-next-prev-img-on td-pb-border-top td_block_template_1\" data-td-block-uid=\"tdi_90\">\n<div class=\"tdb-block-inner td-fix-index\">\n<div class=\"tdb-next-post tdb-next-post-bg tdb-post-prev\"><span>Articolul precedent<\/span><\/p>\n<div class=\"td-module-container\">\n<div class=\"td-image-container\"><a class=\"td-image-wrap\" href=\"https:\/\/voceatimisului.ro\/somn-de-voie-medicul-florica-birsasteanu-a-demisionat-din-fruntea-sectiei-de-radiologie-dupa-ce-umft-si-spitalul-judetean-timisoara-s-au-prins-la-trei-luni-de-la-numire-ca-l-au-inscaunat-si-miruit\/\"><img loading=\"lazy\" decoding=\"async\" class=\"td-next-prev-image td-fix-index td-lazy-img\" title=\"Somn de voie! Medicul Floric\u0103 B\u00eers\u0103\u0219teanu a demisionat din fruntea Sec\u021biei de Radiologie dup\u0103 ce UMFT \u0219i Spitalul Jude\u021bean Timi\u0219oara s-au prins, la trei luni de la numire, c\u0103 l-au \u00eensc\u0103unat \u0219i miruit ilegal\" width=\"696\" height=\"878\" src=\"https:\/\/analyse.optim.biz\/wp-content\/uploads\/2026\/01\/florica-birsasteanu-jpg-696x878-1-1.webp\"><\/a><\/div>\n<div class=\"next-prev-title\"><a href=\"https:\/\/voceatimisului.ro\/somn-de-voie-medicul-florica-birsasteanu-a-demisionat-din-fruntea-sectiei-de-radiologie-dupa-ce-umft-si-spitalul-judetean-timisoara-s-au-prins-la-trei-luni-de-la-numire-ca-l-au-inscaunat-si-miruit\/\">Somn de voie! Medicul Floric\u0103 B\u00eers\u0103\u0219teanu a demisionat din fruntea Sec\u021biei de Radiologie dup\u0103 ce UMFT \u0219i Spitalul Jude\u021bean Timi\u0219oara s-au prins, la trei luni de la numire, c\u0103 l-au \u00eensc\u0103unat \u0219i miruit ilegal<\/a><\/div>\n<\/div>\n<\/div>\n<div class=\"tdb-next-post tdb-next-post-bg tdb-post-next\"><span>Articolul urm\u0103tor<\/span><\/p>\n<div class=\"td-module-container\">\n<div class=\"td-image-container\"><a class=\"td-image-wrap\" href=\"https:\/\/voceatimisului.ro\/achizitii-nesanatoase-spitalul-judetean-timisoara-a-fortat-legea-pentru-a-prelungi-cu-un-an-contractul-de-hrana-pentru-pacienti-in-favoarea-unei-firme-abonate-la-bucataria-statului-cu-contracte-de\/\"><img loading=\"lazy\" decoding=\"async\" class=\"td-next-prev-image td-fix-index td-lazy-img\" title=\"Achizi\u021bii (ne)s\u0103n\u0103toase! Spitalul Jude\u021bean Timi\u0219oara a for\u021bat legea pentru a prelungi cu un an contractul de hran\u0103 pentru pacien\u021bi, \u00een favoarea unei firme abonate la buc\u0103t\u0103ria statului cu contracte de milioane de euro\" width=\"696\" height=\"671\" src=\"https:\/\/analyse.optim.biz\/wp-content\/uploads\/2026\/01\/sc-titan-edilitara-srl-din-braila-jpg-696x671-1-1.webp\"><\/a><\/div>\n<div class=\"next-prev-title\"><a href=\"https:\/\/voceatimisului.ro\/achizitii-nesanatoase-spitalul-judetean-timisoara-a-fortat-legea-pentru-a-prelungi-cu-un-an-contractul-de-hrana-pentru-pacienti-in-favoarea-unei-firme-abonate-la-bucataria-statului-cu-contracte-de\/\">Achizi\u021bii (ne)s\u0103n\u0103toase! Spitalul Jude\u021bean Timi\u0219oara a for\u021bat legea pentru a prelungi cu un an contractul de hran\u0103 pentru pacien\u021bi, \u00een favoarea unei firme abonate la buc\u0103t\u0103ria statului cu contracte de milioane de euro<\/a><\/div>\n<\/div>\n<\/div>\n<\/div>\n<\/div>\n<\/div>\n<\/div>\n<\/div>\n<\/div>\n<div class=\"vc_row_inner tdi_100  vc_row vc_inner wpb_row td-pb-row\">\n<div class=\"vc_column_inner tdi_102  wpb_column vc_column_container tdc-inner-column td-pb-span4 td-is-sticky\">\n<div class=\"vc_column-inner\">\n<div class=\"wpb_wrapper\" data-sticky-enabled-on=\"W3RydWUsdHJ1ZSx0cnVlLHRydWVd\" data-sticky-offset=\"20\" data-sticky-is-width-auto=\"W2ZhbHNlLGZhbHNlLGZhbHNlLGZhbHNlXQ==\">\n<div class=\"td_block_wrap tdb_single_related tdi_103 td_with_ajax_pagination td-pb-border-top td_block_template_1 tdb-single-related-posts\" data-td-block-uid=\"tdi_103\">\n<div id=\"tdi_103\" class=\"td_block_inner tdb-block-inner td-fix-index\">\n<div class=\"tdb_module_related td_module_wrap td-animation-stack td-meta-info-hide\">\n<div class=\"td-module-container td-category-pos-image\">\n<div class=\"td-module-meta-info\">\n<h3 class=\"entry-title td-module-title\"><a href=\"https:\/\/voceatimisului.ro\/noaptea-ca-hotii-secretara-primariei-giroc-a-inlesnit-accesul-in-institutie-unor-necunoscuti-care-aveau-capetele-si-fetele-acoperite-ca-sa-faca-inventarul-prin-biroul-viceprimarului-dan-virtosu\/\" rel=\"bookmark\" title=\"Noaptea, ca ho\u021bii! Secretara Prim\u0103riei Giroc a \u00eenlesnit accesul \u00een institu\u021bie unor necunoscu\u021bi, care aveau capetele \u0219i fe\u021bele acoperite, ca s\u0103 fac\u0103 inventarul prin biroul viceprimarului Dan V\u00eertosu\u00a0\">Noaptea, ca ho\u021bii! Secretara Prim\u0103riei Giroc a \u00eenlesnit accesul \u00een institu\u021bie unor necunoscu\u021bi, care aveau capetele \u0219i fe\u021bele acoperite, ca s\u0103 fac\u0103 inventarul prin&#8230;<\/a><\/h3>\n<\/div>\n<\/div>\n<\/div>\n<div class=\"tdb_module_related td_module_wrap td-animation-stack td-meta-info-hide\">\n<div class=\"td-module-container td-category-pos-image\">\n<div class=\"td-module-meta-info\">\n<h3 class=\"entry-title td-module-title\"><a href=\"https:\/\/voceatimisului.ro\/noaptea-mintii-agentia-nationala-de-integritate-acuza-primaria-giroc-de-minciuna-si-tainuire-in-comunicarea-institutionala-privind-conflictul-de-interese-al-fostei-arhitecte-sefe-cristina-babescu\/\" rel=\"bookmark\" title=\"Noaptea min\u021bii! Agen\u021bia Na\u021bional\u0103 de Integritate acuz\u0103 Prim\u0103ria Giroc de minciun\u0103 \u0219i t\u0103inuire \u00een comunicarea institu\u021bional\u0103 privind conflictul de interese al fostei arhitecte-\u0219efe Cristina Babescu\">Noaptea min\u021bii! Agen\u021bia Na\u021bional\u0103 de Integritate acuz\u0103 Prim\u0103ria Giroc de minciun\u0103 \u0219i t\u0103inuire \u00een comunicarea institu\u021bional\u0103 privind conflictul de interese al fostei arhitecte-\u0219efe Cristina&#8230;<\/a><\/h3>\n<\/div>\n<\/div>\n<\/div>\n<div class=\"tdb_module_related td_module_wrap td-animation-stack td-meta-info-hide\">\n<div class=\"td-module-container td-category-pos-image\">\n<div class=\"td-module-meta-info\">\n<h3 class=\"entry-title td-module-title\"><a href=\"https:\/\/voceatimisului.ro\/autodenunt-arhitect-cristina-babescu-primaria-giroc-atentie-la-institutii-la-casele-insiruite-din-extravilan-acolo-unde-am-dat-edificarea-s-a-pus-problema-de-favorizarea-infractorulu\/\" rel=\"bookmark\" title=\"(Auto)denun\u021b! Arhitect Cristina Babescu, Prim\u0103ria Giroc: \u201cAten\u021bie, la institu\u021bii, la casele \u00een\u0219iruite din extravilan, acolo unde am dat edificarea, s-a pus problema de favorizarea infractorului\u201d\">(Auto)denun\u021b! Arhitect Cristina Babescu, Prim\u0103ria Giroc: \u201cAten\u021bie, la institu\u021bii, la casele \u00een\u0219iruite din extravilan, acolo unde am dat edificarea, s-a pus problema de favorizarea&#8230;<\/a><\/h3>\n<\/div>\n<\/div>\n<\/div>\n<\/div>\n<\/div>\n<\/div>\n<\/div>\n<\/div>\n<div class=\"vc_column_inner tdi_105  wpb_column vc_column_container tdc-inner-column td-pb-span8\">\n<div class=\"vc_column-inner\">\n<div class=\"wpb_wrapper\">\n<div class=\"td_block_wrap tdb_single_comments tdi_106 tdb-comm-layout2 td-pb-border-top td_block_template_2\" data-td-block-uid=\"tdi_106\">\n<div class=\"tdb-block-inner td-fix-index\">\n<div class=\"comments\" id=\"comments\">\n<div class=\"td-comments-title-wrap td_block_template_2\">\n<h4 class=\"td-comments-title td-block-title\"><span>5 COMENTARII<\/span><\/h4>\n<\/div>\n<ol class=\"comment-list\">\n<li class=\"comment \" id=\"comment-26845\">\n<article>\n<footer><cite>Vasile<\/cite><a class=\"comment-link\" href=\"https:\/\/voceatimisului.ro\/prinde-orbu-scoate-i-ochii-dna-timisoara-a-pus-in-carca-defunctului-ionel-toma-toate-contractele-ilegale-pe-care-primaria-giroc-le-a-incheiat-cu-avocatul-sorinel-golban\/#comment-26845\"><time><br \/>\n\t\t\t\t\t\t    14 iulie 2023\t\t\t\t\t\t    La\t\t\t\t\t\t    10:02 PM<\/time><\/a><\/footer>\n<div class=\"comment-content\">\n<p>Ba\u2026ai nimerit \u2026cioara..da mai bine lasa sistemu in pace.<br \/>\nConsilieru tau din umbra\u2026e luat la ochi.<br \/>\n\u2026caini latra.caravana trece.<\/p>\n<\/div>\n<div class=\"comment-meta\" id=\"comment-26845\"><a rel=\"nofollow\" class=\"comment-reply-link\" href=\"https:\/\/voceatimisului.ro\/prinde-orbu-scoate-i-ochii-dna-timisoara-a-pus-in-carca-defunctului-ionel-toma-toate-contractele-ilegale-pe-care-primaria-giroc-le-a-incheiat-cu-avocatul-sorinel-golban\/#comment-26845\" data-commentid=\"26845\" data-postid=\"156281\" data-belowelement=\"comment-26845\" data-respondelement=\"respond\" data-replyto=\"R\u0103spunde-i lui Vasile\" aria-label=\"R\u0103spunde-i lui Vasile\">R\u0103spunde\u021bi<\/a><\/div>\n<\/article>\n<\/li>\n<li class=\"comment \" id=\"comment-26814\">\n<article>\n<footer><cite>Minda<\/cite><a class=\"comment-link\" href=\"https:\/\/voceatimisului.ro\/prinde-orbu-scoate-i-ochii-dna-timisoara-a-pus-in-carca-defunctului-ionel-toma-toate-contractele-ilegale-pe-care-primaria-giroc-le-a-incheiat-cu-avocatul-sorinel-golban\/#comment-26814\"><time><br \/>\n\t\t\t\t\t\t    7 iulie 2023\t\t\t\t\t\t    La\t\t\t\t\t\t    1:18 PM<\/time><\/a><\/footer>\n<div class=\"comment-content\">\n<p>Toti dau acum in Toma\u2026ce jivine netrebnice\u2026ei fiind parte a sistemului\u2026<\/p>\n<\/div>\n<div class=\"comment-meta\" id=\"comment-26814\"><a rel=\"nofollow\" class=\"comment-reply-link\" href=\"https:\/\/voceatimisului.ro\/prinde-orbu-scoate-i-ochii-dna-timisoara-a-pus-in-carca-defunctului-ionel-toma-toate-contractele-ilegale-pe-care-primaria-giroc-le-a-incheiat-cu-avocatul-sorinel-golban\/#comment-26814\" data-commentid=\"26814\" data-postid=\"156281\" data-belowelement=\"comment-26814\" data-respondelement=\"respond\" data-replyto=\"R\u0103spunde-i lui Minda\" aria-label=\"R\u0103spunde-i lui Minda\">R\u0103spunde\u021bi<\/a><\/div>\n<\/article>\n<\/li>\n<li class=\"comment \" id=\"comment-26785\">\n<article>\n<footer><cite>Gogu<\/cite><a class=\"comment-link\" href=\"https:\/\/voceatimisului.ro\/prinde-orbu-scoate-i-ochii-dna-timisoara-a-pus-in-carca-defunctului-ionel-toma-toate-contractele-ilegale-pe-care-primaria-giroc-le-a-incheiat-cu-avocatul-sorinel-golban\/#comment-26785\"><time><br \/>\n\t\t\t\t\t\t    30 iunie 2023\t\t\t\t\t\t    La\t\t\t\t\t\t    7:04 PM<\/time><\/a><\/footer>\n<div class=\"comment-content\">\n<p>Primaria giroc   cea mai corupta(\u0219i protejata)din Rom\u00e2nia.Functionarii ei nu au fost cerceta\u021bi dup\u0103 pl\u00e2ngeri penale. \u00cempotriva lui Toma I ,Hanes Maria,Roman Fl.,Langa Liviu.Despre corup\u021bia din Giroc a luat cuno\u0219tin\u021b\u0103 \u0219i pre\u0219edintele B\u0103sescu care a trimis spre cercetare parchetului d.p.l. judecat.sectkr 5  Buc.Un procuror proasp\u0103t promovat la Buc.de laTimis,vizat \u00een pl\u00e2ngeri, a returnat dosarul la parchetul de unde a fost promovat.la fostul lui \u0219ef.Asa ca DNA  Buc. siTimis au fost informa\u021bi de ilegalit.din Giroc.NU S-A CERCETAT NIMIC.Acum recurg la buldozere ptr. a desfiin\u021ba abuziv o proprietate definitiva.<\/p>\n<\/div>\n<div class=\"comment-meta\" id=\"comment-26785\"><a rel=\"nofollow\" class=\"comment-reply-link\" href=\"https:\/\/voceatimisului.ro\/prinde-orbu-scoate-i-ochii-dna-timisoara-a-pus-in-carca-defunctului-ionel-toma-toate-contractele-ilegale-pe-care-primaria-giroc-le-a-incheiat-cu-avocatul-sorinel-golban\/#comment-26785\" data-commentid=\"26785\" data-postid=\"156281\" data-belowelement=\"comment-26785\" data-respondelement=\"respond\" data-replyto=\"R\u0103spunde-i lui Gogu\" aria-label=\"R\u0103spunde-i lui Gogu\">R\u0103spunde\u021bi<\/a><\/div>\n<\/article>\n<\/li>\n<li class=\"comment \" id=\"comment-26784\">\n<article>\n<footer><cite>Florea<\/cite><a class=\"comment-link\" href=\"https:\/\/voceatimisului.ro\/prinde-orbu-scoate-i-ochii-dna-timisoara-a-pus-in-carca-defunctului-ionel-toma-toate-contractele-ilegale-pe-care-primaria-giroc-le-a-incheiat-cu-avocatul-sorinel-golban\/#comment-26784\"><time><br \/>\n\t\t\t\t\t\t    29 iunie 2023\t\t\t\t\t\t    La\t\t\t\t\t\t    11:30 PM<\/time><\/a><\/footer>\n<div class=\"comment-content\">\n<p>DNA TIMISOARA, cea mai corupta institutie! Orice om normal isi da seama de ceea ce se intampla intre marii Girocului si  cei din DNA Timisoara( prietenii, afaceri, multi bani).<\/p>\n<\/div>\n<div class=\"comment-meta\" id=\"comment-26784\"><a rel=\"nofollow\" class=\"comment-reply-link\" href=\"https:\/\/voceatimisului.ro\/prinde-orbu-scoate-i-ochii-dna-timisoara-a-pus-in-carca-defunctului-ionel-toma-toate-contractele-ilegale-pe-care-primaria-giroc-le-a-incheiat-cu-avocatul-sorinel-golban\/#comment-26784\" data-commentid=\"26784\" data-postid=\"156281\" data-belowelement=\"comment-26784\" data-respondelement=\"respond\" data-replyto=\"R\u0103spunde-i lui Florea\" aria-label=\"R\u0103spunde-i lui Florea\">R\u0103spunde\u021bi<\/a><\/div>\n<\/article>\n<\/li>\n<\/ol>\n<div id=\"respond\" class=\"comment-respond\">\n<h3 id=\"reply-title\" class=\"comment-reply-title\">L\u0102SA\u021aI UN MESAJ <small><a rel=\"nofollow\" id=\"cancel-comment-reply-link\" href=\"https:\/\/voceatimisului.ro\/prinde-orbu-scoate-i-ochii-dna-timisoara-a-pus-in-carca-defunctului-ionel-toma-toate-contractele-ilegale-pe-care-primaria-giroc-le-a-incheiat-cu-avocatul-sorinel-golban\/#respond\">Renun\u021ba\u021bi la r\u0103spuns<\/a><\/small><\/h3>\n<div class=\"comment-form-input-wrap td-form-comment\">\n<div class=\"td-warning-comment\">V\u0103 rug\u0103m s\u0103 introduce\u021bi comentariul dvs.!<\/div>\n<\/div>\n<div class=\"comment-form-input-wrap td-form-author\">\n<div class=\"td-warning-author\">Introduce\u021bi aici numele dvs.<\/div>\n<\/div>\n<div class=\"comment-form-input-wrap td-form-email\">\n<div class=\"td-warning-email-error\">A\u021bi introdus o adres\u0103 de e-mail incorect\u0103!<\/div>\n<div class=\"td-warning-email\">V\u0103 rug\u0103m s\u0103 introduce\u021bi adresa dvs. de e-mail aici<\/div>\n<\/div>\n<\/div>\n<\/div>\n<\/div>\n<\/div>\n<\/div>\n<\/div>\n<\/div>\n<\/div>\n<\/div>\n<\/div>\n<div class=\"vc_column tdi_108  wpb_column vc_column_container tdc-column td-pb-span4 td-is-sticky\">\n<div class=\"wpb_wrapper\" data-sticky-enabled-on=\"W3RydWUsdHJ1ZSx0cnVlLHRydWVd\" data-sticky-offset=\"20\" data-sticky-is-width-auto=\"W2ZhbHNlLGZhbHNlLGZhbHNlLGZhbHNlXQ==\">\n<div class=\"vc_row_inner tdi_110  vc_row vc_inner wpb_row td-pb-row\">\n<div class=\"vc_column_inner tdi_112  wpb_column vc_column_container tdc-inner-column td-pb-span12\">\n<div class=\"vc_column-inner\">\n<div class=\"wpb_wrapper\">\n<div class=\"td_block_wrap td_block_title tdi_113 td-pb-border-top td_block_template_11 td-fix-index\" data-td-block-uid=\"tdi_113\">\n<div class=\"td-block-title-wrap\">\n<h4 class=\"td-block-title\"><span class=\"td-pulldown-size\">ANUN\u021aURI \u0218I PUBLICITATE<\/span><\/h4>\n<\/div>\n<\/div>\n<\/div>\n<\/div>\n<\/div>\n<\/div>\n<div class=\"wpb_wrapper td_block_wrap vc_widget_sidebar tdi_115 \">\n<aside id=\"block-10\" class=\"td_block_template_1 widget block-10 widget_block widget_media_image\">\n<figure class=\"wp-block-image size-full\"><a href=\"https:\/\/adpghiroda.ro\/index.html\" target=\"_blank\" rel=\" noreferrer noopener\"><img decoding=\"async\" loading=\"lazy\" width=\"960\" height=\"960\" src=\"https:\/\/analyse.optim.biz\/wp-content\/uploads\/2026\/01\/adp-ghiroda2-228.jpg\" class=\"wp-image-171492\" title=\"adp-ghiroda2-228\"><\/a><\/figure>\n<\/aside>\n<aside id=\"block-11\" class=\"td_block_template_1 widget block-11 widget_block widget_media_image\">\n<figure class=\"wp-block-image size-full\"><a href=\"https:\/\/adpghiroda.ro\/index.html\" target=\"_blank\" rel=\" noreferrer noopener\"><img decoding=\"async\" loading=\"lazy\" width=\"960\" height=\"960\" src=\"https:\/\/analyse.optim.biz\/wp-content\/uploads\/2026\/01\/adp-ghiroda1-228.jpg\" class=\"wp-image-171491\" title=\"adp-ghiroda1-228\"><\/a><\/figure>\n<\/aside>\n<aside id=\"block-17\" class=\"td_block_template_1 widget block-17 widget_block widget_media_image\">\n<figure class=\"wp-block-image size-large is-resized\"><a href=\"https:\/\/verde.events\/\" target=\"_blank\" rel=\" noreferrer noopener\"><img decoding=\"async\" loading=\"lazy\" width=\"1024\" height=\"683\" src=\"https:\/\/analyse.optim.biz\/wp-content\/uploads\/2026\/01\/verde-events-24-1024x683-1-213.jpg\" alt=\"Verde Events\" class=\"wp-image-174395\" title=\"verde-events-24-1024x683-1-213\"><\/a><figcaption class=\"wp-element-caption\"><strong><em>O experien\u021b\u0103 unic\u0103 pentru orice tip de eveniment<\/em><\/strong><\/figcaption><\/figure>\n<\/aside>\n<\/div>\n<div class=\"td_block_wrap td_flex_block_1 tdi_121 td-pb-border-top td_block_template_1 td_ajax_preloading_preload td_flex_block\" data-td-block-uid=\"tdi_121\">\n<div id=\"tdi_121\" class=\"td_block_inner td-mc1-wrap\">\n<div class=\"td_module_flex td_module_flex_1 td_module_wrap td-animation-stack td-meta-info-hide td-cpt-post\">\n<div class=\"td-module-container td-category-pos-image\">\n<div class=\"td-module-meta-info\">\n<h3 class=\"entry-title td-module-title\"><a href=\"https:\/\/voceatimisului.ro\/limbaj-academic-secretar-carmina-mateia-primaria-giroc-cine-mama-dracului-e-simona-ivut-i-am-facut-hartie-la-tampita-aia-de-avocata-eu-nu-ii-inteleg-frustrarea-cand-a-construit\/\" rel=\"bookmark\" title=\"Limbaj academic! Secretar Carmina Mateia \u2013 Prim\u0103ria Giroc: \u201dCine mama dracului e Simona Ivu\u021b? I-am f\u0103cut h\u00e2rtie la t\u00e2mpita aia de avocat\u0103. Eu nu \u00eei \u00een\u021beleg frustrarea! C\u00e2nd a construit ilegal, nu a fost frustrat\u0103?\u201d\">Limbaj academic! Secretar Carmina Mateia \u2013 Prim\u0103ria Giroc: \u201dCine mama dracului e Simona Ivu\u021b? I-am f\u0103cut h\u00e2rtie la t\u00e2mpita aia de avocat\u0103. Eu nu&#8230;<\/a><\/h3>\n<\/div>\n<\/div>\n<\/div>\n<div class=\"td_module_flex td_module_flex_1 td_module_wrap td-animation-stack td-meta-info-hide td-cpt-post\">\n<div class=\"td-module-container td-category-pos-image\">\n<div class=\"td-module-meta-info\">\n<h3 class=\"entry-title td-module-title\"><a href=\"https:\/\/voceatimisului.ro\/interzis-minorilor-arhitect-cristina-babescu-primaria-giroc-eu-sunt-dracu-gol-cu-20-de-clase-peste-cretinul-ala-de-goia-si-leprosii-aia-de-la-vocea-timisului\/\" rel=\"bookmark\" title=\"Interzis minorilor! Arhitect Cristina Babescu \u2013 Prim\u0103ria Giroc: \u201cEu sunt dracu gol, cu 20 de clase peste cretinul \u0103la de Goia \u0219i lepro\u0219ii \u0103ia de la Vocea Timi\u0219ului\u201d\">Interzis minorilor! Arhitect Cristina Babescu \u2013 Prim\u0103ria Giroc: \u201cEu sunt dracu gol, cu 20 de clase peste cretinul \u0103la de Goia \u0219i lepro\u0219ii \u0103ia&#8230;<\/a><\/h3>\n<\/div>\n<\/div>\n<\/div>\n<div class=\"td_module_flex td_module_flex_1 td_module_wrap td-animation-stack td-meta-info-hide td-cpt-post\">\n<div class=\"td-module-container td-category-pos-image\">\n<div class=\"td-module-meta-info\">\n<h3 class=\"entry-title td-module-title\"><a href=\"https:\/\/voceatimisului.ro\/zona-crepusculara-primaria-giroc-a-depus-plangeri-penale-impotriva-functionarilor-publici-care-au-sustras-documente-si-dosare-intregi-de-urbanism\/\" rel=\"bookmark\" title=\"Zona Crepuscular\u0103! Prim\u0103ria Giroc a depus pl\u00e2ngeri penale \u00eempotriva func\u021bionarilor publici care au sustras documente \u0219i dosare \u00eentregi de urbanism\">Zona Crepuscular\u0103! Prim\u0103ria Giroc a depus pl\u00e2ngeri penale \u00eempotriva func\u021bionarilor publici care au sustras documente \u0219i dosare \u00eentregi de urbanism<\/a><\/h3>\n<\/div>\n<\/div>\n<\/div>\n<div class=\"td_module_flex td_module_flex_1 td_module_wrap td-animation-stack td-meta-info-hide td-cpt-post\">\n<div class=\"td-module-container td-category-pos-image\">\n<div class=\"td-module-meta-info\">\n<h3 class=\"entry-title td-module-title\"><a href=\"https:\/\/voceatimisului.ro\/blocul-invizibil-din-dosarul-tehnic-al-unui-imobil-colectiv-de-p4-proiectat-si-validat-sub-ingrijirea-directa-a-arhitectei-cristina-babescu-in-primaria-giroc-nu-au-mai-ramas-nici-macar-copertile\/\" rel=\"bookmark\" title=\"Blocul invizibil! Din dosarul tehnic al unui imobil colectiv de P+4, proiectat \u0219i validat sub \u00eengrijirea direct\u0103 a arhitectei Cristina Babescu, \u00een Prim\u0103ria Giroc, nu au mai r\u0103mas nici m\u0103car coper\u021bile\">Blocul invizibil! Din dosarul tehnic al unui imobil colectiv de P+4, proiectat \u0219i validat sub \u00eengrijirea direct\u0103 a arhitectei Cristina Babescu, \u00een Prim\u0103ria Giroc,&#8230;<\/a><\/h3>\n<\/div>\n<\/div>\n<\/div>\n<div class=\"td_module_flex td_module_flex_1 td_module_wrap td-animation-stack td-meta-info-hide td-cpt-post\">\n<div class=\"td-module-container td-category-pos-image\">\n<div class=\"td-module-meta-info\">\n<h3 class=\"entry-title td-module-title\"><a href=\"https:\/\/voceatimisului.ro\/negru-pe-alb-primaria-giroc-a-confirmat-inspectorilor-ani-in-4-bibliorafturi-ca-arhitecta-cristina-babescu-a-driblat-legea-din-toate-pozitiile-de-cel-putin-257-de-ori\/\" rel=\"bookmark\" title=\"Negru pe alb! Prim\u0103ria Giroc a confirmat inspectorilor ANI, \u00een 4 bibliorafturi, c\u0103 arhitecta Cristina Babescu a driblat legea din toate pozi\u021biile, de cel pu\u021bin 257 de ori\">Negru pe alb! Prim\u0103ria Giroc a confirmat inspectorilor ANI, \u00een 4 bibliorafturi, c\u0103 arhitecta Cristina Babescu a driblat legea din toate pozi\u021biile, de cel&#8230;<\/a><\/h3>\n<\/div>\n<\/div>\n<\/div>\n<\/div>\n<\/div>\n<\/div>\n<\/div>\n<\/div>\n<\/div>\n<\/div>\n<\/div>\n<p><span class=\"td-page-meta\"><\/span><span class=\"td-page-meta\"><span class=\"td-page-meta\"><\/span><\/span><span class=\"td-page-meta\"><\/span><\/article>\n<p> Source URL: https:\/\/voceatimisului.ro\/prinde-orbu-scoate-i-ochii-dna-timisoara-a-pus-in-carca-defunctului-ionel-toma-toate-contractele-ilegale-pe-care-primaria-giroc-le-a-incheiat-cu-avocatul-sorinel-golban\/<\/p>\n","protected":false},"excerpt":{"rendered":"<p>\u0218tiriInvestiga\u021bii Prinde orbu\u2019, scoate-i ochii! DNA Timi\u0219oara a pus \u00een c\u00e2rca defunctului Ionel Toma toate contractele ilegale pe care Prim\u0103ria Giroc le-a \u00eencheiat cu avocatul Sorinel Golban Autor-Tiberiu Kiss 29 iunie 2023 5 14484 Facebook Twitter Pinterest WhatsApp Linkedin Copy URL Ionel Toma jpg Furt din banii europeni, \u00een numele educa\u021biei: func\u021bionare de la Universitatea [&hellip;]<\/p>\n","protected":false},"author":1,"featured_media":1337599,"comment_status":"open","ping_status":"","sticky":false,"template":"","format":"standard","meta":{"footnotes":""},"categories":[89],"tags":[199],"class_list":["post-1337598","post","type-post","status-publish","format-standard","has-post-thumbnail","hentry","category-romania","tag-voceatimisului-ro"],"_links":{"self":[{"href":"https:\/\/analyse.optim.biz\/index.php?rest_route=\/wp\/v2\/posts\/1337598","targetHints":{"allow":["GET"]}}],"collection":[{"href":"https:\/\/analyse.optim.biz\/index.php?rest_route=\/wp\/v2\/posts"}],"about":[{"href":"https:\/\/analyse.optim.biz\/index.php?rest_route=\/wp\/v2\/types\/post"}],"author":[{"embeddable":true,"href":"https:\/\/analyse.optim.biz\/index.php?rest_route=\/wp\/v2\/users\/1"}],"replies":[{"embeddable":true,"href":"https:\/\/analyse.optim.biz\/index.php?rest_route=%2Fwp%2Fv2%2Fcomments&post=1337598"}],"version-history":[{"count":0,"href":"https:\/\/analyse.optim.biz\/index.php?rest_route=\/wp\/v2\/posts\/1337598\/revisions"}],"wp:featuredmedia":[{"embeddable":true,"href":"https:\/\/analyse.optim.biz\/index.php?rest_route=\/wp\/v2\/media\/1337599"}],"wp:attachment":[{"href":"https:\/\/analyse.optim.biz\/index.php?rest_route=%2Fwp%2Fv2%2Fmedia&parent=1337598"}],"wp:term":[{"taxonomy":"category","embeddable":true,"href":"https:\/\/analyse.optim.biz\/index.php?rest_route=%2Fwp%2Fv2%2Fcategories&post=1337598"},{"taxonomy":"post_tag","embeddable":true,"href":"https:\/\/analyse.optim.biz\/index.php?rest_route=%2Fwp%2Fv2%2Ftags&post=1337598"}],"curies":[{"name":"wp","href":"https:\/\/api.w.org\/{rel}","templated":true}]}}