{"id":1337554,"date":"2023-07-12T13:31:42","date_gmt":"2023-07-12T10:31:42","guid":{"rendered":"https:\/\/analyse.optim.biz\/?p=1337554"},"modified":"2023-07-12T13:31:42","modified_gmt":"2023-07-12T10:31:42","slug":"primaria-giroc-a-transformat-o-jumatate-de-bloc-cu-cinci-etaje","status":"publish","type":"post","link":"https:\/\/analyse.optim.biz\/?p=1337554","title":{"rendered":"Prim\u0103ria Giroc a transformat o jum\u0103tate de bloc cu cinci etaje"},"content":{"rendered":"<article id=\"template-id-172790\" class=\"post-172790 tdb_templates type-tdb_templates status-publish post\">\n<div id=\"tdi_52\" class=\"tdc-zone\">\n<div class=\"tdc_zone tdi_53  wpb_row td-pb-row\">\n<div id=\"tdi_54\" class=\"tdc-row stretch_row_1400 td-stretch-content\">\n<div class=\"vc_row tdi_55  wpb_row td-pb-row tdc-element-style\">\n<div class=\"vc_column tdi_57  wpb_column vc_column_container tdc-column td-pb-span8\">\n<div class=\"wpb_wrapper\">\n<div class=\"td_block_wrap tdb_single_categories tdi_58 td-pb-border-top td_block_template_1 \" data-td-block-uid=\"tdi_58\">\n<div class=\"tdb-category td-fix-index\"><a class=\"tdb-entry-category\" href=\"https:\/\/voceatimisului.ro\/category\/stiri-din-timisoara-si-timis\/\">\u0218tiri<\/a><a class=\"tdb-entry-category\" href=\"https:\/\/voceatimisului.ro\/category\/investigatii-stiri\/\">Investiga\u021bii<\/a><\/div>\n<\/div>\n<div class=\"td_block_wrap tdb_title tdi_59 tdb-single-title td-pb-border-top td_block_template_1\" data-td-block-uid=\"tdi_59\">\n<div class=\"tdb-block-inner td-fix-index\">\n<h1 class=\"tdb-title-text\">Dubl\u0103 m\u0103sur\u0103 de tupeu! Prim\u0103ria Giroc a transformat o jum\u0103tate de bloc cu cinci etaje, peste noapte, din spa\u021bii cu alt\u0103 destina\u021bie \u00een apartamente de locuit, \u00eentr-o zon\u0103 cu unit\u0103\u021bi industriale \u0219i spa\u021bii de depozitare<\/h1>\n<\/div>\n<\/div>\n<div class=\"vc_row_inner tdi_62  vc_row vc_inner wpb_row td-pb-row\">\n<div class=\"vc_column_inner tdi_64  wpb_column vc_column_container tdc-inner-column td-pb-span6\">\n<div class=\"vc_column-inner\">\n<div class=\"wpb_wrapper\">\n<div class=\"td_block_wrap tdb_single_author tdi_65 td-pb-border-top td_block_template_1 tdb-post-meta\" data-td-block-uid=\"tdi_65\">\n<div class=\"tdb-block-inner td-fix-index\">\n<div class=\"tdb-author-name-wrap\"><span class=\"tdb-author-by\">Autor-<\/span><a class=\"tdb-author-name\" href=\"https:\/\/voceatimisului.ro\/author\/tibi\/\">Tiberiu Kiss<\/a><\/div>\n<\/div>\n<\/div>\n<div class=\"td_block_wrap tdb_single_date tdi_66 td-pb-border-top td_block_template_1 tdb-post-meta\" data-td-block-uid=\"tdi_66\">\n<div class=\"tdb-block-inner td-fix-index\"><time class=\"entry-date updated td-module-date\" datetime=\"2023-07-12T16:31:42+03:00\">12 iulie 2023<\/time><\/div>\n<\/div>\n<div class=\"td_block_wrap tdb_single_comments_count tdi_67 td-pb-border-top td_block_template_1 tdb-post-meta\" data-td-block-uid=\"tdi_67\">\n<div class=\"tdb-block-inner td-fix-index\"><a href=\"https:\/\/voceatimisului.ro\/dubla-masura-de-tupeu-primaria-giroc-a-transformat-o-jumatate-de-bloc-cu-cinci-etaje-peste-noapte-din-spatii-cu-alta-destinatie-in-apartamente-de-locuit-intr-o-zona-cu-unitati-industriale-si-spati\/#comments\"><span>4<\/span><\/a><\/div>\n<\/div>\n<div class=\"td_block_wrap tdb_single_post_views tdi_68 td-pb-border-top td_block_template_1 tdb-post-meta\" data-td-block-uid=\"tdi_68\">\n<div class=\"tdb-block-inner td-fix-index\"><span class=\"tdb-add-text\">1<\/span><span class=\"td-nr-views-156372\">4756<\/span><\/div>\n<\/div>\n<\/div>\n<\/div>\n<\/div>\n<div class=\"vc_column_inner tdi_70  wpb_column vc_column_container tdc-inner-column td-pb-span6\">\n<div class=\"vc_column-inner\">\n<div class=\"wpb_wrapper\">\n<div class=\"td_block_wrap tdb_single_post_share tdi_71  td-pb-border-top td_block_template_1\" data-td-block-uid=\"tdi_71\">\n<div id=\"tdi_71\" class=\"td-post-sharing tdb-block td-ps-bg td-ps-notext td-post-sharing-style1 \">\n<div class=\"td-post-sharing-visible\"><a class=\"td-social-sharing-button td-social-sharing-button-js td-social-network td-social-facebook\" href=\"https:\/\/www.facebook.com\/sharer.php?u=https%3A%2F%2Fvoceatimisului.ro%2Fdubla-masura-de-tupeu-primaria-giroc-a-transformat-o-jumatate-de-bloc-cu-cinci-etaje-peste-noapte-din-spatii-cu-alta-destinatie-in-apartamente-de-locuit-intr-o-zona-cu-unitati-industriale-si-spati%2F\" title=\"Facebook\" rel=\"noopener\"><\/p>\n<div class=\"td-social-but-text\">Facebook<\/div>\n<p><\/a><a class=\"td-social-sharing-button td-social-sharing-button-js td-social-network td-social-twitter\" href=\"https:\/\/twitter.com\/intent\/tweet?text=Dubl%C4%83+m%C4%83sur%C4%83+de+tupeu%21+Prim%C4%83ria+Giroc+a+transformat+o+jum%C4%83tate+de+bloc+cu+cinci+etaje%2C+peste+noapte%2C+din+spa%C8%9Bii+cu+alt%C4%83+destina%C8%9Bie+%C3%AEn+apartamente+de+locuit%2C+%C3%AEntr-o+zon%C4%83+cu+unit%C4%83%C8%9Bi+industriale+%C8%99i+spa%C8%9Bii+de+depozitare&amp;url=https%3A%2F%2Fvoceatimisului.ro%2Fdubla-masura-de-tupeu-primaria-giroc-a-transformat-o-jumatate-de-bloc-cu-cinci-etaje-peste-noapte-din-spatii-cu-alta-destinatie-in-apartamente-de-locuit-intr-o-zona-cu-unitati-industriale-si-spati%2F&amp;via=Vocea+Timisului\" title=\"Twitter\" rel=\"noopener\"><\/p>\n<div class=\"td-social-but-text\">Twitter<\/div>\n<p><\/a><a class=\"td-social-sharing-button td-social-sharing-button-js td-social-network td-social-pinterest\" href=\"https:\/\/pinterest.com\/pin\/create\/button\/?url=https:\/\/voceatimisului.ro\/dubla-masura-de-tupeu-primaria-giroc-a-transformat-o-jumatate-de-bloc-cu-cinci-etaje-peste-noapte-din-spatii-cu-alta-destinatie-in-apartamente-de-locuit-intr-o-zona-cu-unitati-industriale-si-spati\/&amp;media=https:\/\/analyse.optim.biz\/wp-content\/uploads\/2026\/01\/strada-fantani-nr-18-din-giroc6-jpg.webp&amp;description=Dubl%C4%83+m%C4%83sur%C4%83+de+tupeu%21+Prim%C4%83ria+Giroc+a+transformat+o+jum%C4%83tate+de+bloc+cu+cinci+etaje%2C+peste+noapte%2C+din+spa%C8%9Bii+cu+alt%C4%83+destina%C8%9Bie+%C3%AEn+apartamente+de+locuit%2C+%C3%AEntr-o+zon%C4%83+cu+unit%C4%83%C8%9Bi+industriale+%C8%99i+spa%C8%9Bii+de+depozitare\" title=\"Pinterest\" rel=\"noopener\"><\/p>\n<div class=\"td-social-but-text\">Pinterest<\/div>\n<p><\/a><a class=\"td-social-sharing-button td-social-sharing-button-js td-social-network td-social-whatsapp\" href=\"https:\/\/api.whatsapp.com\/send?text=Dubl%C4%83+m%C4%83sur%C4%83+de+tupeu%21+Prim%C4%83ria+Giroc+a+transformat+o+jum%C4%83tate+de+bloc+cu+cinci+etaje%2C+peste+noapte%2C+din+spa%C8%9Bii+cu+alt%C4%83+destina%C8%9Bie+%C3%AEn+apartamente+de+locuit%2C+%C3%AEntr-o+zon%C4%83+cu+unit%C4%83%C8%9Bi+industriale+%C8%99i+spa%C8%9Bii+de+depozitare%20%0A%0A%20https:\/\/voceatimisului.ro\/dubla-masura-de-tupeu-primaria-giroc-a-transformat-o-jumatate-de-bloc-cu-cinci-etaje-peste-noapte-din-spatii-cu-alta-destinatie-in-apartamente-de-locuit-intr-o-zona-cu-unitati-industriale-si-spati\/\" title=\"WhatsApp\" rel=\"noopener\"><\/p>\n<div class=\"td-social-but-text\">WhatsApp<\/div>\n<p><\/a><a class=\"td-social-sharing-button td-social-sharing-button-js td-social-network td-social-linkedin\" href=\"https:\/\/www.linkedin.com\/shareArticle?mini=true&amp;url=https:\/\/voceatimisului.ro\/dubla-masura-de-tupeu-primaria-giroc-a-transformat-o-jumatate-de-bloc-cu-cinci-etaje-peste-noapte-din-spatii-cu-alta-destinatie-in-apartamente-de-locuit-intr-o-zona-cu-unitati-industriale-si-spati\/&amp;title=Dubl%C4%83+m%C4%83sur%C4%83+de+tupeu%21+Prim%C4%83ria+Giroc+a+transformat+o+jum%C4%83tate+de+bloc+cu+cinci+etaje%2C+peste+noapte%2C+din+spa%C8%9Bii+cu+alt%C4%83+destina%C8%9Bie+%C3%AEn+apartamente+de+locuit%2C+%C3%AEntr-o+zon%C4%83+cu+unit%C4%83%C8%9Bi+industriale+%C8%99i+spa%C8%9Bii+de+depozitare\" title=\"Linkedin\" rel=\"noopener\"><\/p>\n<div class=\"td-social-but-text\">Linkedin<\/div>\n<p><\/a><a class=\"td-social-sharing-button td-social-sharing-button-js td-social-network td-social-copy_url\" href=\"https:\/\/voceatimisului.ro\/dubla-masura-de-tupeu-primaria-giroc-a-transformat-o-jumatate-de-bloc-cu-cinci-etaje-peste-noapte-din-spatii-cu-alta-destinatie-in-apartamente-de-locuit-intr-o-zona-cu-unitati-industriale-si-spati\/\" title=\"Copy URL\" rel=\"noopener\"><\/p>\n<div class=\"td-social-but-text\">Copy URL<\/div>\n<p><\/a><\/div>\n<\/div>\n<\/div>\n<\/div>\n<\/div>\n<\/div>\n<\/div>\n<div class=\"td_block_wrap tdb_single_featured_image tdi_72 tdb-content-horiz-left td-pb-border-top td_block_template_1\" data-td-block-uid=\"tdi_72\">\n<div class=\"tdb-block-inner td-fix-index\">\n<figure><img loading=\"lazy\" decoding=\"async\" width=\"696\" height=\"392\" class=\"entry-thumb\" src=\"https:\/\/analyse.optim.biz\/wp-content\/uploads\/2026\/01\/strada-fantani-nr-18-din-giroc6-jpg-696x392-1.webp\" alt=\"strada Fantani nr. 18 din Giroc6 jpg\" title=\"strada Fantani nr. 18 din Giroc6 jpg\"><figcaption class=\"tdb-caption-text\">strada Fantani nr. 18 din Giroc6 jpg<\/figcaption><\/figure>\n<\/div>\n<\/div>\n<div class=\"vc_row_inner tdi_74  vc_row vc_inner wpb_row td-pb-row\">\n<div class=\"vc_column_inner tdi_76  wpb_column vc_column_container tdc-inner-column td-pb-span4 td-is-sticky\">\n<div class=\"vc_column-inner\">\n<div class=\"wpb_wrapper\" data-sticky-enabled-on=\"W3RydWUsdHJ1ZSx0cnVlLHRydWVd\" data-sticky-offset=\"20\" data-sticky-is-width-auto=\"W2ZhbHNlLGZhbHNlLGZhbHNlLGZhbHNlXQ==\">\n<div class=\"td_block_wrap td_flex_block_1 tdi_77 td-pb-border-top td_block_template_1 td_ajax_preloading_preload td_flex_block\" data-td-block-uid=\"tdi_77\">\n<div id=\"tdi_77\" class=\"td_block_inner td-mc1-wrap\">\n<div class=\"td_module_flex td_module_flex_1 td_module_wrap td-animation-stack td-meta-info-hide td-cpt-post\">\n<div class=\"td-module-container td-category-pos-image\">\n<div class=\"td-module-meta-info\">\n<h3 class=\"entry-title td-module-title\"><a href=\"https:\/\/voceatimisului.ro\/targul-de-craciun-giroc-2025-artisti-cunoscuti-in-programul-spectacolelor-gratuite\/\" rel=\"bookmark\" title=\"T\u00e2rgul de Cr\u0103ciun Giroc 2025, arti\u0219ti cunoscu\u021bi \u00een programul spectacolelor gratuite\">T\u00e2rgul de Cr\u0103ciun Giroc 2025, arti\u0219ti cunoscu\u021bi \u00een programul spectacolelor gratuite<\/a><\/h3>\n<\/div>\n<\/div>\n<\/div>\n<div class=\"td_module_flex td_module_flex_1 td_module_wrap td-animation-stack td-meta-info-hide td-cpt-post\">\n<div class=\"td-module-container td-category-pos-image\">\n<div class=\"td-module-meta-info\">\n<h3 class=\"entry-title td-module-title\"><a href=\"https:\/\/voceatimisului.ro\/targ-caritabil-la-gpp-giroc-pentru-sustinerea-terapiilor-unui-copil-si-modernizarea-curtii\/\" rel=\"bookmark\" title=\"T\u00e2rg caritabil la GPP Giroc pentru sus\u021binerea terapiilor unui copil \u0219i modernizarea cur\u021bii\">T\u00e2rg caritabil la GPP Giroc pentru sus\u021binerea terapiilor unui copil \u0219i modernizarea cur\u021bii<\/a><\/h3>\n<\/div>\n<\/div>\n<\/div>\n<div class=\"td_module_flex td_module_flex_1 td_module_wrap td-animation-stack td-meta-info-hide td-cpt-post\">\n<div class=\"td-module-container td-category-pos-image\">\n<div class=\"td-module-meta-info\">\n<h3 class=\"entry-title td-module-title\"><a href=\"https:\/\/voceatimisului.ro\/festivalul-ceaunul-chisozean-ajunge-la-editia-a-vi-a\/\" rel=\"bookmark\" title=\"Festivalul \u201eCeaunul Chi\u0219ozean\u201d ajunge la edi\u021bia a VI-a\">Festivalul \u201eCeaunul Chi\u0219ozean\u201d ajunge la edi\u021bia a VI-a<\/a><\/h3>\n<\/div>\n<\/div>\n<\/div>\n<div class=\"td_module_flex td_module_flex_1 td_module_wrap td-animation-stack td-meta-info-hide td-cpt-post\">\n<div class=\"td-module-container td-category-pos-image\">\n<div class=\"td-module-meta-info\">\n<h3 class=\"entry-title td-module-title\"><a href=\"https:\/\/voceatimisului.ro\/10-milioane-de-lei-pentru-eco-administratie-primaria-giroc-devine-model-verde-in-colaborare-cu-serbia\/\" rel=\"bookmark\" title=\"10 milioane de lei pentru \u201eEco-Administra\u021bie\u201d \u2013 Prim\u0103ria Giroc devine model verde \u00een colaborare cu Serbia\">10 milioane de lei pentru \u201eEco-Administra\u021bie\u201d \u2013 Prim\u0103ria Giroc devine model verde \u00een colaborare cu Serbia<\/a><\/h3>\n<\/div>\n<\/div>\n<\/div>\n<\/div>\n<\/div>\n<div class=\"tdb-author-box td_block_wrap tdb_single_author_box tdi_82 tdb-content-vert-top td-pb-border-top td_block_template_1\" data-td-block-uid=\"tdi_82\">\n<div class=\"tdb-block-inner td-fix-index\">\n<div class=\"tdb-author-info\"><a href=\"https:\/\/voceatimisului.ro\/author\/tibi\/\" class=\"tdb-author-name\">Tiberiu Kiss<\/a><\/p>\n<div class=\"tdb-author-descr\">\u00centreaga responsabilitate a comentariilor l\u0103sate de dumneavoastr\u0103 v\u0103 apar\u021bine!<br \/>\nClick <a href=\"https:\/\/voceatimisului.ro\/termeni-si-conditii\/\">aici<\/a>-citeste condi\u0163iile de utilizare ale site-ului www.voceatimisului.ro<\/div>\n<\/div>\n<\/div>\n<\/div>\n<\/div>\n<\/div>\n<\/div>\n<div class=\"vc_column_inner tdi_84  wpb_column vc_column_container tdc-inner-column td-pb-span8\">\n<div class=\"vc_column-inner\">\n<div class=\"wpb_wrapper\">\n<div class=\"td_block_wrap tdb_single_content tdi_85 td-pb-border-top td_block_template_1 td-post-content tagdiv-type\" data-td-block-uid=\"tdi_85\">\n<div class=\"tdb-block-inner td-fix-index\">\n<h5 class=\"wp-block-heading\" id=\"h-azi-ca-sa-nu-se-ncinga-\u0219i-mai-mult-temperatura-din-birourile-func\u021bionarilor-publici-nu-o-sa-vorbim-la-modul-nominal-despre-combinagii-din-primaria-giroc-ci-despre-intreaga-administra\u021bie-locala-de-la-marginea-timi\u0219oarei-la-pachet-exact-ca-un-tot-unitar-nu-de-alta-dar-dupa-doi-ani-prin-vintrele-institu\u021biei-publice-o-entitate-coapta-pana-dincolo-de-tencuiala-pere\u021bilor-a-devenit-extrem-de-greu-sa-mai-separi-bobul-de-neghina-in-special-pe-partea-de-interese-urbanistice-\u0219i-jocuri-imobiliare-\u0219i-cu-siguran\u021ba-asta-va-fi-\u0219i-concluzia-controlului-de-fond-al-inspectoratului-de-stat-in-construc\u021bii-timi\u0219-care-a-demarat-in-urma-cu-doua-zile-sub-bagheta-magicianului-alin-moga-cooperativa-imobiliara-a-murit-traiasca-noua-cooperativa\">Azi, ca s\u0103 nu se-ncing\u0103 \u0219i mai mult temperatura din birourile func\u021bionarilor publici, nu o s\u0103 vorbim, la modul nominal, despre combinagii din Prim\u0103ria Giroc, ci despre \u00eentreaga administra\u021bie local\u0103 de la marginea Timi\u0219oarei. La pachet, exact ca un tot unitar! Nu de alta, dar dup\u0103 doi ani prin vintrele institu\u021biei publice, o entitate coapt\u0103 p\u00e2n\u0103 dincolo de tencuiala pere\u021bilor, a devenit extrem de greu s\u0103 mai separi bobul\u2026 de neghin\u0103, \u00een special pe partea de interese urbanistice \u0219i jocuri imobiliare! \u0218i, cu siguran\u021b\u0103, asta va fi \u0219i concluzia controlului de fond al Inspectoratului de Stat \u00een Construc\u021bii Timi\u0219 care a demarat, \u00een urm\u0103 cu dou\u0103 zile, sub bagheta magicianului Alin Moga: cooperativa imobiliar\u0103 a murit \u2013 tr\u0103iasc\u0103 noua cooperativ\u0103!<\/h5>\n<p>Acum, p\u00e2n\u0103 se l\u0103mure\u0219te \u0219i inspectorul ISC Timi\u0219 cu noile repertorii urbanistice \u0219i interpret\u0103ri legislative \u00een materie de construc\u021bii civile \u2013 <strong>c\u0103 nici mezaninul sau anexele agricole nu mai sunt ce-au fost odinioar\u0103!<\/strong> \u2013 aducem \u00een discu\u021bie cea mai pervers\u0103 \u0219i incompatibil\u0103 mi\u0219care din ultimele s\u0103pt\u0103m\u00e2ni pe care a girat-o administra\u021bia local\u0103, \u00een ansamblul ei. Un joc de glezne \u0219i o dubl\u0103 m\u0103sur\u0103 care, cu ajutorul Prim\u0103riei Giroc, a readus z\u00e2mbetul pe buze omului de afaceri Cristian Fedor. \u0218i i-a umplut \u0219i buzunarele! Oricum, partea financiar\u0103, care \u021bine de dezvoltatorul imobiliar, e un detaliu nesemnificativ chiar \u0219i pentru finul familiei Fedor, nimeni altul dec\u00e2t comisar-\u0219ef Petru Raj Rumega, \u0219eful Serviciului de Investigare a Criminalit\u0103\u021bii Economice din IPJ Timi\u0219.<\/p>\n<p>Una peste alta, ca toat\u0103 lumea s\u0103 \u00een\u021beleag\u0103 manevra administrativ\u0103 c\u00e2t mai bine, ca de obicei, mergem cu exemple \u00een oglind\u0103, astfel \u00eenc\u00e2t s\u0103 nu existe niciun dubiu vizavi de dubla m\u0103sur\u0103 pe care o aplic\u0103 Prim\u0103ria Giroc, \u00een func\u021bie de interese personale sau de grup imobiliar organizat! A\u0219adar, la data de 20 septembrie 2022, \u00een baza unei documenta\u021bii cadastrale, <strong>dezvoltatorul imobiliar Radu Burescu a depus, la Compartimentul de Urbanism din cadrul administra\u021biei locale, cererea cu nr. 40118 prin care solicit\u0103, la imobilul din strada Trandafirilor nr. 40, schimbarea de destina\u021bie pentru un spa\u021biu comercial, aflat la parterul blocului<\/strong>. Mai exact, din SAD \u00een apartament de locuit! Ulterior, p\u00e2n\u0103 la finele anului trecut, au mai urmat 3 astfel de cereri, pentru tot at\u00e2tea spa\u021bii comerciale. Prim\u0103ria Giroc a refuzat eliberarea certificatelor de urbanism!<\/p>\n<p>Nu a contat, cel pu\u021bin pentru administra\u021bia local\u0103 de la marginea Timi\u0219oarei, c\u0103 planurile de transformare erau deja vizate, c\u0103 nu se punea problema de modific\u0103ri structurale, de instala\u021bii, de compartimentare sau de rezisten\u021b\u0103. Deci, n-ar fi intrat \u00een discu\u021bie, emiterea vreunei noi autoriza\u021bii de construire pentru cele patru SAD-uri, care s-ar fi transformat \u00een locuin\u021be. Cum \u0219i-a luat cu flit, <strong>invocat\u0103 fiind Legea Locuin\u021bei nr. 114 din 1996, care impune suprafe\u021be minimale pentru apartamente, dar doar pentru cele care se doresc a fi construite\/proiectate, nu pentru cele edificate deja<\/strong>, Radu Burescu a contestat decizia Prim\u0103riei Giroc. \u00cen primul r\u00e2nd, pe cale administrativ\u0103, ca mai apoi s\u0103 peti\u021bioneze toate institu\u021biile statului \u0219i, \u00een final, s\u0103 se adreseze instan\u021bei de judecat\u0103, clam\u00e2nd abuzurile func\u021bionarilor din localitatea de la marginea Timi\u0219oarei!<\/p>\n<p>\u0218i, pentru cele patru schimb\u0103ri de destina\u021bie, din SAD-uri \u00een apartamente de locuit, administra\u021bia local\u0103 i-a solicitat omului de afaceri Radu Burescu o serie \u00eentreag\u0103 de documenta\u021bii \u0219i avize care, \u00een astfel de situa\u021bii, nu sunt obligatorii \u0219i nici cerute de lege: documenta\u021bie tehnic\u0103 pentru autoriza\u021bie de construire, avize Direc\u021bia pentru Cultur\u0103 \u0219i S\u0103n\u0103tatea Popula\u021biei, expertiz\u0103 de arhitectur\u0103 etc.<strong> Cert e c\u0103 ultimele respingeri au venit pe data de <u>29 mai 2023<\/u>, sub forma a 4 numere consecutive de Certificate de Urbanism\u2026 333, 334, 335 \u0219i 336<\/strong>. Ceea ce l-a f\u0103cut pe dezvoltatorul imobiliar s\u0103 mearg\u0103 \u0219i \u00een penal cu administra\u021bia local\u0103: <strong>\u201d<u>Am rug\u0103mintea de a verifica dac\u0103 \u00een spe\u021be similare, arhitect-sef <\/u>Cristina Babescu<u> a procedat cu aceea\u0219i rigoare \u0219i a avut acelea\u0219i solicit\u0103ri aberante sau sunt doar eu victima subiectivismului \u0219i abuzurilor repetate\u2026<\/u>\u201d.<\/strong><\/p>\n<p><strong>Noaptea min\u021bii<\/strong><\/p>\n<p>Abia acum \u00eencepe distrac\u021bia! Aten\u021bie la date, conexiuni, manevre, dubla m\u0103sur\u0103 \u0219i, nu \u00een ultimul r\u00e2nd, la incompatibilit\u0103\u021bile crase! A\u0219adar, <strong><u>la data de 29 mai 2023<\/u><\/strong>, Prim\u0103ria Giroc \u00eei d\u0103 cu flit omului de afaceri Radu Burescu \u0219i-l trimite la plimbare dup\u0103 avize, dac\u0103 vrea s\u0103-\u0219i transforme cele patru SAD-uri \u00een locuin\u021be! \u00cen schimb, a\u0219a cum rezult\u0103 din documente, nu face acela\u0219i lucru \u0219i cu un alt dezvoltator imobiliar, Cristian Fedor, care a construit un imobil pe strada F\u00e2nt\u00e2ni nr. 18 din Giroc. Nu numai c\u0103 nu face dar, cu fix 6 zile \u00eenainte de a-i da refuzul lui Radu Burescu, <strong><u>pe data de 23 mai 2023<\/u><\/strong>, la foc continuu \u0219i prin numere succesive, administra\u021bia local\u0103 i-a eliberat lui Cristian Fedor cel pu\u021bin un num\u0103r de 14 Certificate de Urbanism (nr. 304-317) prin care-i schimb\u0103 SAD-urile \u00een apartamente! <strong>Toate \u00een alb, f\u0103r\u0103 preten\u021bii de avize sau expertize<\/strong>!<\/p>\n<p>Deci, \u00een aceast\u0103 ecua\u021bie, care are toate probele pe mas\u0103, e extrem de greu de crezut, mai ales datorit\u0103 reclama\u021biilor \u0219i peti\u021biilor f\u0103cute de Radu Burescu, c\u0103 administra\u021bia girocean\u0103 a uitat de la m\u00e2n\u0103 p\u00e2n\u0103 la gur\u0103, \u00een decurs de nicio s\u0103pt\u0103m\u00e2n\u0103, c\u0103 a judecat cu dubl\u0103 m\u0103sur\u0103\u2026 dou\u0103 spe\u021be identice: <strong>una care a cerut transformarea a 4 SAD-uri \u00een locuin\u021be \u0219i NU a primit und\u0103 verde f\u0103r\u0103 documenta\u021bii\/avize \u0219i alta care a solicitat reconfigurarea a 14 spa\u021bii cu alt\u0103 destina\u021bie \u00een apartamente \u0219i care s-a ales cu felicit\u0103ri<\/strong>. \u0218i, mai presus de orice, f\u0103r\u0103 preten\u021bii de alte avize! Dincolo de toate astea, mai sunt chestiuni de punctat care, pe de-o parte, sfideaz\u0103 logica, iar pe de alt\u0103 parte nu fac dec\u00e2t s\u0103 (re)demonstreze jocurile de culise, interesele de grup, partipriurile \u0219i pl\u0103titul de poli\u021be, virtu\u021bi ale func\u021bionarilor publici din Prim\u0103ria Giroc.<\/p>\n<p>\u00cen primul r\u00e2nd, a\u0219a cum rezult\u0103 din documente, toate cele 14 Certificate de Urbanism, eliberate de administra\u021bia local\u0103 pe data de <strong>23 mai 2023<\/strong>, \u00een favoarea omului de afaceri Cristian Fedor pentru imobilul de pe strada F\u00e2nt\u00e2ni nr. 18, care i-au transformat SAD-urile \u00een apartamente, au fost verificate, redactate\/\u00eentocmite \u0219i semnate de una \u0219i aceea\u0219i persoan\u0103: <a href=\"https:\/\/voceatimisului.ro\/agentia-nationala-de-integritate-a-luat-o-la-puricat-pe-arhitecta-sefa-cristina-babescu-proiectant-privat-si-supervizor-administrativ-al-unui-bloc-in-extravilan-care-a-fost-inregistrat-ca-anexa-agri\/?swcfpc=1\" target=\"_blank\" rel=\"noreferrer noopener\"><strong>Cristina Babescu, arhitect-\u0219ef al comunei Giroc<\/strong>!<\/a> De asemenea, probele arat\u0103 faptul c\u0103 dezvoltatorul imobiliar a depus toate cererile pentru redenumirea SAD-urilor \u00een aceea\u0219i zi \u2013 <strong>24 aprilie 2023<\/strong>! \u0218i, ca tot tac\u00e2mul s\u0103 fie complet, dup\u0103 cum reiese din sistemul electronic al administra\u021biei locale, documenta\u021biile lui Cristian Fedor au fost procesate\/validate pe loc \u0219i \u00eenscrise \u00een calculator cu data depunerii: <strong><u>24 aprilie 2023, cu \u00eencepere de la ora 17.22 minute<\/u><\/strong>!!! <strong>\u00cen afara programului legal de lucru, care s-a \u00eencheiat la ora 16!<\/strong><\/p>\n<p>Acum, motivele pentru care, de la data \u00eentocmirii celor 14 Certificate de Urbanism (24 aprilie 2023), angaja\u021bii Prim\u0103riei Giroc au mai a\u0219teptat 30 de zile (23 mai 2023), sunt evidente. S\u0103 fie lini\u0219te \u0219i s\u0103 nu se prind\u0103 nimeni de schem\u0103! Joc de rol! Mai departe \u2013 c\u0103 la data la care s-au depus solicit\u0103rile de schimbare de destina\u021biei, administra\u021bia local\u0103 s-a ante-pronun\u021bat, \u00eentocmind urbanismele \u00een aceea\u0219i zi, de\u0219i NU existau documenta\u021biile topo pentru cele 14 SAD-uri, nici nu mai conteaz\u0103, at\u00e2ta timp c\u00e2te se vede de la o po\u0219t\u0103 care a fost, \u00eenc\u0103 din prima clip\u0103, inten\u021bia func\u021bionarilor publici vizavi de omul de afaceri Cristian Fedor! Una singur\u0103: s\u0103-l serveasc\u0103!<\/p>\n<p><strong>\u00centreb\u0103ri de baraj<\/strong><\/p>\n<p>\u0218i problemele nu se opresc aici! \u00cen primul r\u00e2nd, ca s\u0103 contur\u0103m povestea, trebuie specificat faptul c\u0103 <strong>imobilul de pe strada F\u00e2nt\u00e2ni nr. 18 din Giroc, care a beneficiat de un tratament special pentru un num\u0103r de minim 14 apartamente (foste SAD-uri), este unul \u0219i acela\u0219i despre care <\/strong><a href=\"https:\/\/voceatimisului.ro\/orbu-gainilor-primaria-giroc-a-uita-sa-numere-pana-la-cinci-si-a-legalizat-un-imobil-colectiv-care-nu-respecta-autorizatia-de-construire-doar-pentru-ca-proiectul-a-trecut-prin-sufrageria-a\/?swcfpc=1\" target=\"_blank\" rel=\"noreferrer noopener\"><strong>voceatimisului.ro a scris c\u0103 \u00eencalc\u0103 flagrant Autoriza\u021bia de Construire nr. 129 din data de 26 martie 2019<\/strong>.<\/a> Mai exact, ini\u021bial, regimul de \u00een\u0103l\u021bime a fost aprobat pentru un P+2E, cu un num\u0103r de 11 unit\u0103\u021bi locative \u0219i spa\u021bii cu alt\u0103 destina\u021bie (SAD). Ulterior, documentul administrativ a mai primit o completare \u2013 <strong>AC nr. 433 din 24 septembrie 2020 sub titulatura de\u2026\u00a0modific\u0103ri interioare \u0219i exterioare<\/strong>. O poveste nemuritoare, demontat\u0103 clar de\u00a0certificatul de atestare a stadiului realiz\u0103rii construc\u021biilor (intabulare par\u021bial\u0103) nr. 42423 din 16 septembrie 2021.<\/p>\n<p>A\u0219a c\u0103, dintr-o dat\u0103, \u00een locul AC nr. 129 din 26 martie 2019, care a prev\u0103zut pentru imobilul colectiv al omului de afaceri Cristian Fedor, situat pe strada F\u00e2nt\u00e2ni nr. 18 din Giroc, un regim de \u00een\u0103l\u021bime de maxim P+2E,\u00a0administra\u021bia local\u0103 a certificat\u2026 existen\u021ba unui P+Mezanin+2E+Er.\u00a0Cu alte cuvinte, 2 niveluri \u00een plus! <strong>\u0218i, cu cl\u0103direa sub ochi, \u00een baza unei pseudo-expertize tehnice care a scos din pix un mezanin \u0219i un etaj retras, care nu exist\u0103 \u00een realitate\u2026 niciunul, toat\u0103 povestea s-a \u00eenchis pe data de 12 ianuarie 2023, c\u00e2nd Prim\u0103ria Giroc a emis, tot \u00een beneficiul lui Cristian Fedor, certificatul de atestare a edific\u0103rii construc\u021biei nr. 1448<\/strong>. Practic, administra\u021bia local\u0103 a parafat, la fa\u021ba locului \u0219i pe baza de comisie, c\u0103 imobilul respect\u0103 AC nr 129 din 26 martie 2019, adic\u0103 un imobil de P+2E, de\u0219i imobilul are\u2026 cinci niveluri!<\/p>\n<p>Acum, c\u0103 ambele autoriza\u021bii de construire pentru imobilul de pe strada F\u00e2nt\u00e2ni nr. 18 din Giroc, at\u00e2t cea ini\u021bial\u0103 c\u00e2t \u0219i cea ulterioar\u0103 de modific\u0103ri interioare, dar \u0219i certificatul de edificare a construc\u021biei, sunt \u00eentocmite \u0219i semnate de arhitecta-\u0219ef\u0103 Cristina Babescu, asta e problema Agen\u021biei Na\u021bionale de Integritate! <strong>Voceatimisului.ro a demonstrat, negru pe alb \u0219i \u00een repetate r\u00e2nduri, starea de incompatibilitate cras\u0103 \u0219i conflictul de interese v\u0103dit dintre func\u021bionarul Prim\u0103riei Giroc \u0219i omul de afaceri Cristian Fedor<\/strong>: proiecte \u00een privat \u2013 semn\u0103turi la stat, bunuri imobiliare \u0219i beneficii financiare comune, conform declara\u021biei de avere etc etc etc. <strong>\u0218i, la pachet, ca totul s\u0103 fie clar, mai avem un imobil de P+2E, autorizat \u00een extravilan, tot de c\u0103tre Prim\u0103ria Giroc, chipurile, ca anex\u0103 agricol\u0103<\/strong>. Una cu chiria\u0219i, termopane \u0219i climatizare!<\/p>\n<p>\u0218i, totu\u0219i, problema imobilului de pe strada F\u00e2nt\u00e2ni nr. 18 din Giroc, o construc\u021bie cu un mezanin \u0219i etaj retras, ambele care exist\u0103 doar pe h\u00e2rtie, e cu totul alta. Mai exact, a\u0219a cum rezult\u0103 din reglement\u0103rile Planului de Urbanism General (PUG) al comunei Giroc, parcela pe care a fost ridicat imobilul are reglementare de: <strong><u>zon\u0103 unit\u0103\u021bi industriale\/spa\u021bii de depozitare<\/u><\/strong>! Cu sarcina \u0219i semnele conven\u021bionale, marcate pe plan\u0219\u0103 de\u2026 <strong><u>obligativitate executare PUZ\/PUD<\/u><\/strong>! Azi, acesta este PUG-ul valabil al comunei Giroc, c\u0103 altul nu-i! C\u0103 e dep\u0103\u0219it sau nu, c\u0103 \u00een zon\u0103 mai sunt case \u0219i unele blocuri, AZI, asta e BIBLIA urbanistic\u0103 a Prim\u0103riei Giroc, care ar trebui s\u0103 stea la baza tuturor dezvolt\u0103rilor imobiliare sau industriale \u2013 PUG-ul!<\/p>\n<p>A\u0219adar, r\u0103m\u00e2ne ca magnificul \u0219i inegalabilul inspector al ISC Timi\u0219, nu mai pu\u021bin celebrul Alin Moga, care se afl\u0103 \u00een control de fond la Prim\u0103ria Giroc, s\u0103 se l\u0103mureasc\u0103 cu \u0219eful administra\u021biei locale, (vice)primarul Dan V\u00eertosu, pe mai multe planuri. <strong>\u00cen primul r\u00e2nd, s\u0103 identifice mezaninul \u0219i etajul retras de la construc\u021bia de pe strada F\u00e2nt\u00e2ni nr. 18 din Giroc, apoi s\u0103 ia pulsul Autoriza\u021biei de Construire nr. 742 din 18 decembrie 2019 (CF 415095) \u2013 anex\u0103 la exploata\u021bie agricol\u0103\u2026 cu trei niveluri, internet \u0219i semnal TV<\/strong>! Frumos ar fi s\u0103 l\u0103mureasc\u0103, dincolo de dubla m\u0103sur\u0103 a administra\u021biei, \u0219i dac\u0103 magia cu cele 14 SAD-uri, transformate \u00een apartamente peste noapte, are leg\u0103tur\u0103 cu\u2026 num\u0103rul legal de locuri de parcare, obligatorii \u00een emiterea oric\u0103rei autoriza\u021bii de construire!<\/p>\n<p>De departe, sarcina cea mai ingrat\u0103 a inspectorului Alin Moga, cunoscut pentru intransigen\u021b\u0103 \u0219i alergie la corup\u021bie, va fi \u00eens\u0103 cu totul alta: <strong>s\u0103 dea de urma PUZ\/PUD de la dezvoltarea imobiliar\u0103 de pe strada F\u00e2nt\u00e2ni nr. 18 \u0219i s\u0103 le explice speciali\u0219tilor lui Pe\u0219te Pr\u0103jit c\u0103 au \u00eencurcat r\u0103u borcanele<\/strong>! \u0218i, mai presus de orice c\u0103, \u00een loc s\u0103 se salveze, \u00een \u00eencercarea disperat\u0103 de a-\u0219i servi st\u0103p\u00e2nii \u0219i finan\u021batorii, administra\u021bia local\u0103 de la marginea Timi\u0219oarei se afund\u0103. Tot mai r\u0103u!<\/p>\n<figure class=\"wp-block-embed is-type-video is-provider-youtube wp-block-embed-youtube wp-embed-aspect-16-9 wp-has-aspect-ratio\">\n<div class=\"wp-block-embed__wrapper\">\n<iframe loading=\"lazy\" title=\"Prim\u0103ria Giroc a transformat o jum\u0103tate de bloc cu cinci etaje, peste noapte\" width=\"696\" height=\"392\" src=\"https:\/\/www.youtube.com\/embed\/d0Nyyf2FK50?feature=oembed\" frameborder allow=\"accelerometer; autoplay; clipboard-write; encrypted-media; gyroscope; picture-in-picture; web-share\" allowfullscreen><\/iframe>\n<\/div>\n<\/figure>\n<figure class=\"wp-block-gallery has-nested-images columns-default is-cropped td-modal-on-gallery wp-block-gallery-1 is-layout-flex wp-block-gallery-is-layout-flex\">\n<figure class=\"wp-block-image size-large\"><a href=\"https:\/\/voceatimisului.ro\/wp-content\/uploads\/2023\/07\/strada-Fantani-nr.-18-din-Giroc6.jpg\"><img decoding=\"async\" data-id=\"156396\" src=\"https:\/\/analyse.optim.biz\/wp-content\/uploads\/2026\/01\/strada-fantani-nr-18-din-giroc6-1024x576-1-1.jpg\" alt=\"Dubl\u0103 m\u0103sur\u0103 de tupeu! Prim\u0103ria Giroc a transformat o jum\u0103tate de bloc cu cinci etaje, peste noapte, din spa\u021bii cu alt\u0103 destina\u021bie \u00een apartamente de locuit, \u00eentr-o zon\u0103 cu unit\u0103\u021bi industriale \u0219i spa\u021bii de depozitare\" class=\"wp-image-156396\" title=\"strada-fantani-nr-18-din-giroc6-1024x576-1-1\"><\/a><\/figure>\n<figure class=\"wp-block-image size-large\"><a href=\"https:\/\/voceatimisului.ro\/wp-content\/uploads\/2023\/07\/strada-Fantani-nr.-18-din-Giroc2.jpg\"><img loading=\"lazy\" decoding=\"async\" width=\"1024\" height=\"576\" data-id=\"156395\" src=\"https:\/\/analyse.optim.biz\/wp-content\/uploads\/2026\/01\/strada-fantani-nr-18-din-giroc2-1024x576-1.jpg\" alt=\"Dubl\u0103 m\u0103sur\u0103 de tupeu! Prim\u0103ria Giroc a transformat o jum\u0103tate de bloc cu cinci etaje, peste noapte, din spa\u021bii cu alt\u0103 destina\u021bie \u00een apartamente de locuit, \u00eentr-o zon\u0103 cu unit\u0103\u021bi industriale \u0219i spa\u021bii de depozitare\" class=\"wp-image-156395\" title=\"strada-fantani-nr-18-din-giroc2-1024x576-1\"><\/a><\/figure>\n<figure class=\"wp-block-image size-large\"><a href=\"https:\/\/voceatimisului.ro\/wp-content\/uploads\/2023\/07\/strada-Fantani-nr.-18-din-Giroc1.jpg\"><img loading=\"lazy\" decoding=\"async\" width=\"1024\" height=\"576\" data-id=\"156394\" src=\"https:\/\/analyse.optim.biz\/wp-content\/uploads\/2026\/01\/strada-fantani-nr-18-din-giroc1-1024x576-1.jpg\" alt=\"Dubl\u0103 m\u0103sur\u0103 de tupeu! Prim\u0103ria Giroc a transformat o jum\u0103tate de bloc cu cinci etaje, peste noapte, din spa\u021bii cu alt\u0103 destina\u021bie \u00een apartamente de locuit, \u00eentr-o zon\u0103 cu unit\u0103\u021bi industriale \u0219i spa\u021bii de depozitare\" class=\"wp-image-156394\" title=\"strada-fantani-nr-18-din-giroc1-1024x576-1\"><\/a><\/figure>\n<figure class=\"wp-block-image size-large\"><a href=\"https:\/\/voceatimisului.ro\/wp-content\/uploads\/2023\/07\/strada-Fantani-nr.-18-din-Giroc5.jpg\"><img decoding=\"async\" loading=\"lazy\" width=\"1024\" height=\"768\" data-id=\"156393\" src=\"https:\/\/analyse.optim.biz\/wp-content\/uploads\/2026\/01\/strada-fantani-nr-18-din-giroc5-1024x768-1-1.jpg\" alt=\"Dubl\u0103 m\u0103sur\u0103 de tupeu! Prim\u0103ria Giroc a transformat o jum\u0103tate de bloc cu cinci etaje, peste noapte, din spa\u021bii cu alt\u0103 destina\u021bie \u00een apartamente de locuit, \u00eentr-o zon\u0103 cu unit\u0103\u021bi industriale \u0219i spa\u021bii de depozitare\" class=\"wp-image-156393\" title=\"strada-fantani-nr-18-din-giroc5-1024x768-1-1\"><\/a><\/figure>\n<figure class=\"wp-block-image size-large\"><a href=\"https:\/\/voceatimisului.ro\/wp-content\/uploads\/2023\/07\/strada-Fantani-nr.-18-din-Giroc3.jpg\"><img decoding=\"async\" loading=\"lazy\" width=\"1024\" height=\"576\" data-id=\"156392\" src=\"https:\/\/analyse.optim.biz\/wp-content\/uploads\/2026\/01\/strada-fantani-nr-18-din-giroc3-1024x576-1-1.jpg\" alt=\"Dubl\u0103 m\u0103sur\u0103 de tupeu! Prim\u0103ria Giroc a transformat o jum\u0103tate de bloc cu cinci etaje, peste noapte, din spa\u021bii cu alt\u0103 destina\u021bie \u00een apartamente de locuit, \u00eentr-o zon\u0103 cu unit\u0103\u021bi industriale \u0219i spa\u021bii de depozitare\" class=\"wp-image-156392\" title=\"strada-fantani-nr-18-din-giroc3-1024x576-1-1\"><\/a><\/figure>\n<figure class=\"wp-block-image size-large\"><a href=\"https:\/\/voceatimisului.ro\/wp-content\/uploads\/2023\/07\/strada-Fantani-nr.-18-din-Giroc4.jpg\"><img decoding=\"async\" loading=\"lazy\" width=\"1024\" height=\"576\" data-id=\"156391\" src=\"https:\/\/analyse.optim.biz\/wp-content\/uploads\/2026\/01\/strada-fantani-nr-18-din-giroc4-1024x576-1-1.jpg\" alt=\"Dubl\u0103 m\u0103sur\u0103 de tupeu! Prim\u0103ria Giroc a transformat o jum\u0103tate de bloc cu cinci etaje, peste noapte, din spa\u021bii cu alt\u0103 destina\u021bie \u00een apartamente de locuit, \u00eentr-o zon\u0103 cu unit\u0103\u021bi industriale \u0219i spa\u021bii de depozitare\" class=\"wp-image-156391\" title=\"strada-fantani-nr-18-din-giroc4-1024x576-1-1\"><\/a><\/figure>\n<figure class=\"wp-block-image size-large\"><a href=\"https:\/\/voceatimisului.ro\/wp-content\/uploads\/2023\/07\/imobilul-de-pe-strada-Fantani-nr.-18-din-Giroc09.jpg\"><img decoding=\"async\" loading=\"lazy\" width=\"1024\" height=\"768\" data-id=\"156388\" src=\"https:\/\/analyse.optim.biz\/wp-content\/uploads\/2026\/01\/imobilul-de-pe-strada-fantani-nr-18-din-giroc09-1024x768-1-1.jpg\" alt=\"Dubl\u0103 m\u0103sur\u0103 de tupeu! Prim\u0103ria Giroc a transformat o jum\u0103tate de bloc cu cinci etaje, peste noapte, din spa\u021bii cu alt\u0103 destina\u021bie \u00een apartamente de locuit, \u00eentr-o zon\u0103 cu unit\u0103\u021bi industriale \u0219i spa\u021bii de depozitare\" class=\"wp-image-156388\" title=\"imobilul-de-pe-strada-fantani-nr-18-din-giroc09-1024x768-1-1\"><\/a><\/figure>\n<figure class=\"wp-block-image size-large\"><a href=\"https:\/\/voceatimisului.ro\/wp-content\/uploads\/2023\/07\/imobilul-de-pe-strada-Fantani-nr.-18-din-Giroc08.jpg\"><img decoding=\"async\" loading=\"lazy\" width=\"1024\" height=\"768\" data-id=\"156387\" src=\"https:\/\/analyse.optim.biz\/wp-content\/uploads\/2026\/01\/imobilul-de-pe-strada-fantani-nr-18-din-giroc08-1024x768-1-1.jpg\" alt=\"Dubl\u0103 m\u0103sur\u0103 de tupeu! Prim\u0103ria Giroc a transformat o jum\u0103tate de bloc cu cinci etaje, peste noapte, din spa\u021bii cu alt\u0103 destina\u021bie \u00een apartamente de locuit, \u00eentr-o zon\u0103 cu unit\u0103\u021bi industriale \u0219i spa\u021bii de depozitare\" class=\"wp-image-156387\" title=\"imobilul-de-pe-strada-fantani-nr-18-din-giroc08-1024x768-1-1\"><\/a><\/figure>\n<figure class=\"wp-block-image size-large\"><a href=\"https:\/\/voceatimisului.ro\/wp-content\/uploads\/2023\/07\/imobilul-de-pe-strada-Fantani-nr.-18-din-Giroc07.jpg\"><img decoding=\"async\" loading=\"lazy\" width=\"1024\" height=\"768\" data-id=\"156386\" src=\"https:\/\/analyse.optim.biz\/wp-content\/uploads\/2026\/01\/imobilul-de-pe-strada-fantani-nr-18-din-giroc07-1024x768-1.jpg\" alt=\"Dubl\u0103 m\u0103sur\u0103 de tupeu! Prim\u0103ria Giroc a transformat o jum\u0103tate de bloc cu cinci etaje, peste noapte, din spa\u021bii cu alt\u0103 destina\u021bie \u00een apartamente de locuit, \u00eentr-o zon\u0103 cu unit\u0103\u021bi industriale \u0219i spa\u021bii de depozitare\" class=\"wp-image-156386\" title=\"imobilul-de-pe-strada-fantani-nr-18-din-giroc07-1024x768-1\"><\/a><\/figure>\n<figure class=\"wp-block-image size-large\"><a href=\"https:\/\/voceatimisului.ro\/wp-content\/uploads\/2023\/07\/imobilul-de-pe-strada-Fantani-nr.-18-din-Giroc12.jpg\"><img decoding=\"async\" loading=\"lazy\" width=\"813\" height=\"1024\" data-id=\"156385\" src=\"https:\/\/analyse.optim.biz\/wp-content\/uploads\/2026\/01\/imobilul-de-pe-strada-fantani-nr-18-din-giroc12-813x1024-1.jpg\" alt=\"Dubl\u0103 m\u0103sur\u0103 de tupeu! Prim\u0103ria Giroc a transformat o jum\u0103tate de bloc cu cinci etaje, peste noapte, din spa\u021bii cu alt\u0103 destina\u021bie \u00een apartamente de locuit, \u00eentr-o zon\u0103 cu unit\u0103\u021bi industriale \u0219i spa\u021bii de depozitare\" class=\"wp-image-156385\" title=\"imobilul-de-pe-strada-fantani-nr-18-din-giroc12-813x1024-1\"><\/a><\/figure>\n<figure class=\"wp-block-image size-large\"><a href=\"https:\/\/voceatimisului.ro\/wp-content\/uploads\/2023\/07\/imobilul-de-pe-strada-Fantani-nr.-18-din-Giroc11.jpg\"><img decoding=\"async\" data-id=\"156384\" src=\"https:\/\/analyse.optim.biz\/wp-content\/uploads\/2026\/01\/imobilul-de-pe-strada-fantani-nr-18-din-giroc11-726x1024-1.jpg\" alt=\"Dubl\u0103 m\u0103sur\u0103 de tupeu! Prim\u0103ria Giroc a transformat o jum\u0103tate de bloc cu cinci etaje, peste noapte, din spa\u021bii cu alt\u0103 destina\u021bie \u00een apartamente de locuit, \u00eentr-o zon\u0103 cu unit\u0103\u021bi industriale \u0219i spa\u021bii de depozitare\" class=\"wp-image-156384\" title=\"imobilul-de-pe-strada-fantani-nr-18-din-giroc11-726x1024-1\"><\/a><\/figure>\n<figure class=\"wp-block-image size-large\"><a href=\"https:\/\/voceatimisului.ro\/wp-content\/uploads\/2023\/07\/imobilul-de-pe-strada-Fantani-nr.-18-din-Giroc10.jpg\"><img decoding=\"async\" loading=\"lazy\" width=\"709\" height=\"1024\" data-id=\"156383\" src=\"https:\/\/analyse.optim.biz\/wp-content\/uploads\/2026\/01\/imobilul-de-pe-strada-fantani-nr-18-din-giroc10-709x1024-1.jpg\" alt=\"Dubl\u0103 m\u0103sur\u0103 de tupeu! Prim\u0103ria Giroc a transformat o jum\u0103tate de bloc cu cinci etaje, peste noapte, din spa\u021bii cu alt\u0103 destina\u021bie \u00een apartamente de locuit, \u00eentr-o zon\u0103 cu unit\u0103\u021bi industriale \u0219i spa\u021bii de depozitare\" class=\"wp-image-156383\" title=\"imobilul-de-pe-strada-fantani-nr-18-din-giroc10-709x1024-1\"><\/a><\/figure>\n<figure class=\"wp-block-image size-large\"><a href=\"https:\/\/voceatimisului.ro\/wp-content\/uploads\/2023\/07\/imobilul-de-pe-strada-Fantani-nr.-18-din-Giroc06.jpg\"><img decoding=\"async\" loading=\"lazy\" width=\"1024\" height=\"576\" data-id=\"156382\" src=\"https:\/\/analyse.optim.biz\/wp-content\/uploads\/2026\/01\/imobilul-de-pe-strada-fantani-nr-18-din-giroc06-1024x576-1.jpg\" alt=\"Dubl\u0103 m\u0103sur\u0103 de tupeu! Prim\u0103ria Giroc a transformat o jum\u0103tate de bloc cu cinci etaje, peste noapte, din spa\u021bii cu alt\u0103 destina\u021bie \u00een apartamente de locuit, \u00eentr-o zon\u0103 cu unit\u0103\u021bi industriale \u0219i spa\u021bii de depozitare\" class=\"wp-image-156382\" title=\"imobilul-de-pe-strada-fantani-nr-18-din-giroc06-1024x576-1\"><\/a><\/figure>\n<figure class=\"wp-block-image size-large\"><a href=\"https:\/\/voceatimisului.ro\/wp-content\/uploads\/2023\/07\/imobilul-de-pe-strada-Fantani-nr.-18-din-Giroc05.jpg\"><img decoding=\"async\" loading=\"lazy\" width=\"1024\" height=\"725\" data-id=\"156381\" src=\"https:\/\/analyse.optim.biz\/wp-content\/uploads\/2026\/01\/imobilul-de-pe-strada-fantani-nr-18-din-giroc05-1024x725-1.jpg\" alt=\"Dubl\u0103 m\u0103sur\u0103 de tupeu! Prim\u0103ria Giroc a transformat o jum\u0103tate de bloc cu cinci etaje, peste noapte, din spa\u021bii cu alt\u0103 destina\u021bie \u00een apartamente de locuit, \u00eentr-o zon\u0103 cu unit\u0103\u021bi industriale \u0219i spa\u021bii de depozitare\" class=\"wp-image-156381\" title=\"imobilul-de-pe-strada-fantani-nr-18-din-giroc05-1024x725-1\"><\/a><\/figure>\n<figure class=\"wp-block-image size-large\"><a href=\"https:\/\/voceatimisului.ro\/wp-content\/uploads\/2023\/07\/imobilul-de-pe-strada-Fantani-nr.-18-din-Giroc04.jpg\"><img decoding=\"async\" loading=\"lazy\" width=\"1024\" height=\"576\" data-id=\"156380\" src=\"https:\/\/analyse.optim.biz\/wp-content\/uploads\/2026\/01\/imobilul-de-pe-strada-fantani-nr-18-din-giroc04-1024x576-1.jpg\" alt=\"Dubl\u0103 m\u0103sur\u0103 de tupeu! Prim\u0103ria Giroc a transformat o jum\u0103tate de bloc cu cinci etaje, peste noapte, din spa\u021bii cu alt\u0103 destina\u021bie \u00een apartamente de locuit, \u00eentr-o zon\u0103 cu unit\u0103\u021bi industriale \u0219i spa\u021bii de depozitare\" class=\"wp-image-156380\" title=\"imobilul-de-pe-strada-fantani-nr-18-din-giroc04-1024x576-1\"><\/a><\/figure>\n<figure class=\"wp-block-image size-large\"><a href=\"https:\/\/voceatimisului.ro\/wp-content\/uploads\/2023\/07\/imobilul-de-pe-strada-Fantani-nr.-18-din-Giroc03.jpg\"><img decoding=\"async\" loading=\"lazy\" width=\"727\" height=\"1024\" data-id=\"156379\" src=\"https:\/\/analyse.optim.biz\/wp-content\/uploads\/2026\/01\/imobilul-de-pe-strada-fantani-nr-18-din-giroc03-727x1024-1.jpg\" alt=\"Dubl\u0103 m\u0103sur\u0103 de tupeu! Prim\u0103ria Giroc a transformat o jum\u0103tate de bloc cu cinci etaje, peste noapte, din spa\u021bii cu alt\u0103 destina\u021bie \u00een apartamente de locuit, \u00eentr-o zon\u0103 cu unit\u0103\u021bi industriale \u0219i spa\u021bii de depozitare\" class=\"wp-image-156379\" title=\"imobilul-de-pe-strada-fantani-nr-18-din-giroc03-727x1024-1\"><\/a><\/figure>\n<figure class=\"wp-block-image size-large\"><a href=\"https:\/\/voceatimisului.ro\/wp-content\/uploads\/2023\/07\/imobilul-de-pe-strada-Fantani-nr.-18-din-Giroc02.jpg\"><img decoding=\"async\" loading=\"lazy\" width=\"1024\" height=\"576\" data-id=\"156378\" src=\"https:\/\/analyse.optim.biz\/wp-content\/uploads\/2026\/01\/imobilul-de-pe-strada-fantani-nr-18-din-giroc02-1024x576-1.jpg\" alt=\"Dubl\u0103 m\u0103sur\u0103 de tupeu! Prim\u0103ria Giroc a transformat o jum\u0103tate de bloc cu cinci etaje, peste noapte, din spa\u021bii cu alt\u0103 destina\u021bie \u00een apartamente de locuit, \u00eentr-o zon\u0103 cu unit\u0103\u021bi industriale \u0219i spa\u021bii de depozitare\" class=\"wp-image-156378\" title=\"imobilul-de-pe-strada-fantani-nr-18-din-giroc02-1024x576-1\"><\/a><\/figure>\n<figure class=\"wp-block-image size-large\"><a href=\"https:\/\/voceatimisului.ro\/wp-content\/uploads\/2023\/07\/imobilul-de-pe-strada-Fantani-nr.-18-din-Giroc01.jpg\"><img decoding=\"async\" loading=\"lazy\" width=\"1024\" height=\"576\" data-id=\"156377\" src=\"https:\/\/analyse.optim.biz\/wp-content\/uploads\/2026\/01\/imobilul-de-pe-strada-fantani-nr-18-din-giroc01-1024x576-1.jpg\" alt=\"Dubl\u0103 m\u0103sur\u0103 de tupeu! Prim\u0103ria Giroc a transformat o jum\u0103tate de bloc cu cinci etaje, peste noapte, din spa\u021bii cu alt\u0103 destina\u021bie \u00een apartamente de locuit, \u00eentr-o zon\u0103 cu unit\u0103\u021bi industriale \u0219i spa\u021bii de depozitare\" class=\"wp-image-156377\" title=\"imobilul-de-pe-strada-fantani-nr-18-din-giroc01-1024x576-1\"><\/a><\/figure>\n<figure class=\"wp-block-image size-large\"><img decoding=\"async\" loading=\"lazy\" width=\"726\" height=\"1024\" data-id=\"156402\" src=\"https:\/\/analyse.optim.biz\/wp-content\/uploads\/2026\/01\/imobilul-de-pe-strada-fantani-nr-18-din-giroc11-726x1024-1.jpg\" alt=\"Dubl\u0103 m\u0103sur\u0103 de tupeu! Prim\u0103ria Giroc a transformat o jum\u0103tate de bloc cu cinci etaje, peste noapte, din spa\u021bii cu alt\u0103 destina\u021bie \u00een apartamente de locuit, \u00eentr-o zon\u0103 cu unit\u0103\u021bi industriale \u0219i spa\u021bii de depozitare\" class=\"wp-image-156402\" title=\"imobilul-de-pe-strada-fantani-nr-18-din-giroc11-726x1024-1\"><\/figure>\n<\/figure>\n<\/div>\n<\/div>\n<div class=\"td_block_wrap tdb_single_tags tdi_88 td-pb-border-top td_block_template_1\" data-td-block-uid=\"tdi_88\">\n<div class=\"tdb-block-inner td-fix-index\">\n<ul class=\"tdb-tags\">\n<li><span>Tags<\/span><\/li>\n<li><a href=\"https:\/\/voceatimisului.ro\/tag\/agentia-nationala-de-integritate\/\">agentia nationala de integritate<\/a><\/li>\n<li><a href=\"https:\/\/voceatimisului.ro\/tag\/cristian-fedor\/\">cristian fedor<\/a><\/li>\n<li><a href=\"https:\/\/voceatimisului.ro\/tag\/cristina-babescu\/\">Cristina Babescu<\/a><\/li>\n<li><a href=\"https:\/\/voceatimisului.ro\/tag\/dna-timisoara\/\">dna timisoara<\/a><\/li>\n<li><a href=\"https:\/\/voceatimisului.ro\/tag\/primaria-giroc\/\">primaria giroc<\/a><\/li>\n<\/ul>\n<\/div>\n<\/div>\n<div class=\"td_block_wrap tdb_single_post_share tdi_89  td-pb-border-top td_block_template_1\" data-td-block-uid=\"tdi_89\">\n<div id=\"tdi_89\" class=\"td-post-sharing tdb-block td-ps-bg td-ps-notext td-post-sharing-style1 \">\n<div class=\"td-post-sharing-visible\"><a class=\"td-social-sharing-button td-social-sharing-button-js td-social-network td-social-facebook\" href=\"https:\/\/www.facebook.com\/sharer.php?u=https%3A%2F%2Fvoceatimisului.ro%2Fdubla-masura-de-tupeu-primaria-giroc-a-transformat-o-jumatate-de-bloc-cu-cinci-etaje-peste-noapte-din-spatii-cu-alta-destinatie-in-apartamente-de-locuit-intr-o-zona-cu-unitati-industriale-si-spati%2F\" title=\"Facebook\" rel=\"noopener\"><\/p>\n<div class=\"td-social-but-text\">Facebook<\/div>\n<p><\/a><a class=\"td-social-sharing-button td-social-sharing-button-js td-social-network td-social-twitter\" href=\"https:\/\/twitter.com\/intent\/tweet?text=Dubl%C4%83+m%C4%83sur%C4%83+de+tupeu%21+Prim%C4%83ria+Giroc+a+transformat+o+jum%C4%83tate+de+bloc+cu+cinci+etaje%2C+peste+noapte%2C+din+spa%C8%9Bii+cu+alt%C4%83+destina%C8%9Bie+%C3%AEn+apartamente+de+locuit%2C+%C3%AEntr-o+zon%C4%83+cu+unit%C4%83%C8%9Bi+industriale+%C8%99i+spa%C8%9Bii+de+depozitare&amp;url=https%3A%2F%2Fvoceatimisului.ro%2Fdubla-masura-de-tupeu-primaria-giroc-a-transformat-o-jumatate-de-bloc-cu-cinci-etaje-peste-noapte-din-spatii-cu-alta-destinatie-in-apartamente-de-locuit-intr-o-zona-cu-unitati-industriale-si-spati%2F&amp;via=Vocea+Timisului\" title=\"Twitter\" rel=\"noopener\"><\/p>\n<div class=\"td-social-but-text\">Twitter<\/div>\n<p><\/a><a class=\"td-social-sharing-button td-social-sharing-button-js td-social-network td-social-pinterest\" href=\"https:\/\/pinterest.com\/pin\/create\/button\/?url=https:\/\/voceatimisului.ro\/dubla-masura-de-tupeu-primaria-giroc-a-transformat-o-jumatate-de-bloc-cu-cinci-etaje-peste-noapte-din-spatii-cu-alta-destinatie-in-apartamente-de-locuit-intr-o-zona-cu-unitati-industriale-si-spati\/&amp;media=https:\/\/analyse.optim.biz\/wp-content\/uploads\/2026\/01\/strada-fantani-nr-18-din-giroc6-jpg.webp&amp;description=Dubl%C4%83+m%C4%83sur%C4%83+de+tupeu%21+Prim%C4%83ria+Giroc+a+transformat+o+jum%C4%83tate+de+bloc+cu+cinci+etaje%2C+peste+noapte%2C+din+spa%C8%9Bii+cu+alt%C4%83+destina%C8%9Bie+%C3%AEn+apartamente+de+locuit%2C+%C3%AEntr-o+zon%C4%83+cu+unit%C4%83%C8%9Bi+industriale+%C8%99i+spa%C8%9Bii+de+depozitare\" title=\"Pinterest\" rel=\"noopener\"><\/p>\n<div class=\"td-social-but-text\">Pinterest<\/div>\n<p><\/a><a class=\"td-social-sharing-button td-social-sharing-button-js td-social-network td-social-whatsapp\" href=\"https:\/\/api.whatsapp.com\/send?text=Dubl%C4%83+m%C4%83sur%C4%83+de+tupeu%21+Prim%C4%83ria+Giroc+a+transformat+o+jum%C4%83tate+de+bloc+cu+cinci+etaje%2C+peste+noapte%2C+din+spa%C8%9Bii+cu+alt%C4%83+destina%C8%9Bie+%C3%AEn+apartamente+de+locuit%2C+%C3%AEntr-o+zon%C4%83+cu+unit%C4%83%C8%9Bi+industriale+%C8%99i+spa%C8%9Bii+de+depozitare%20%0A%0A%20https:\/\/voceatimisului.ro\/dubla-masura-de-tupeu-primaria-giroc-a-transformat-o-jumatate-de-bloc-cu-cinci-etaje-peste-noapte-din-spatii-cu-alta-destinatie-in-apartamente-de-locuit-intr-o-zona-cu-unitati-industriale-si-spati\/\" title=\"WhatsApp\" rel=\"noopener\"><\/p>\n<div class=\"td-social-but-text\">WhatsApp<\/div>\n<p><\/a><a class=\"td-social-sharing-button td-social-sharing-button-js td-social-network td-social-linkedin\" href=\"https:\/\/www.linkedin.com\/shareArticle?mini=true&amp;url=https:\/\/voceatimisului.ro\/dubla-masura-de-tupeu-primaria-giroc-a-transformat-o-jumatate-de-bloc-cu-cinci-etaje-peste-noapte-din-spatii-cu-alta-destinatie-in-apartamente-de-locuit-intr-o-zona-cu-unitati-industriale-si-spati\/&amp;title=Dubl%C4%83+m%C4%83sur%C4%83+de+tupeu%21+Prim%C4%83ria+Giroc+a+transformat+o+jum%C4%83tate+de+bloc+cu+cinci+etaje%2C+peste+noapte%2C+din+spa%C8%9Bii+cu+alt%C4%83+destina%C8%9Bie+%C3%AEn+apartamente+de+locuit%2C+%C3%AEntr-o+zon%C4%83+cu+unit%C4%83%C8%9Bi+industriale+%C8%99i+spa%C8%9Bii+de+depozitare\" title=\"Linkedin\" rel=\"noopener\"><\/p>\n<div class=\"td-social-but-text\">Linkedin<\/div>\n<p><\/a><a class=\"td-social-sharing-button td-social-sharing-button-js td-social-network td-social-copy_url\" href=\"https:\/\/voceatimisului.ro\/dubla-masura-de-tupeu-primaria-giroc-a-transformat-o-jumatate-de-bloc-cu-cinci-etaje-peste-noapte-din-spatii-cu-alta-destinatie-in-apartamente-de-locuit-intr-o-zona-cu-unitati-industriale-si-spati\/\" title=\"Copy URL\" rel=\"noopener\"><\/p>\n<div class=\"td-social-but-text\">Copy URL<\/div>\n<p><\/a><\/div>\n<\/div>\n<\/div>\n<div class=\"td_block_wrap tdb_single_next_prev tdi_90 td-animation-stack td-next-prev-img-on td-pb-border-top td_block_template_1\" data-td-block-uid=\"tdi_90\">\n<div class=\"tdb-block-inner td-fix-index\">\n<div class=\"tdb-next-post tdb-next-post-bg tdb-post-prev\"><span>Articolul precedent<\/span><\/p>\n<div class=\"td-module-container\">\n<div class=\"td-image-container\"><a class=\"td-image-wrap\" href=\"https:\/\/voceatimisului.ro\/ploua-cu-bani-mitropolia-banatului-servita-la-fileu-de-administratia-fritz-se-pregateste-sa-plateasca-peste-3-milioane-de-euro-unui-privat-in-contul-imobilului-in-care-a-functionat-inspectoratul-s\/\"><img loading=\"lazy\" decoding=\"async\" class=\"td-next-prev-image td-fix-index td-lazy-img\" title=\"Plou\u0103 cu bani! Mitropolia Banatului, servit\u0103 la fileu de administra\u021bia Fritz, se preg\u0103te\u0219te s\u0103 pl\u0103teasc\u0103 peste 3 milioane de euro unui privat, \u00een contul imobilului \u00een care a func\u021bionat Inspectoratul \u0218colar Timi\u0219\" width=\"696\" height=\"392\" src=\"https:\/\/analyse.optim.biz\/wp-content\/uploads\/2026\/01\/dominic-fritz-jpg-696x392-1-1.webp\"><\/a><\/div>\n<div class=\"next-prev-title\"><a href=\"https:\/\/voceatimisului.ro\/ploua-cu-bani-mitropolia-banatului-servita-la-fileu-de-administratia-fritz-se-pregateste-sa-plateasca-peste-3-milioane-de-euro-unui-privat-in-contul-imobilului-in-care-a-functionat-inspectoratul-s\/\">Plou\u0103 cu bani! Mitropolia Banatului, servit\u0103 la fileu de administra\u021bia Fritz, se preg\u0103te\u0219te s\u0103 pl\u0103teasc\u0103 peste 3 milioane de euro unui privat, \u00een contul imobilului \u00een care a func\u021bionat Inspectoratul \u0218colar Timi\u0219<\/a><\/div>\n<\/div>\n<\/div>\n<div class=\"tdb-next-post tdb-next-post-bg tdb-post-next\"><span>Articolul urm\u0103tor<\/span><\/p>\n<div class=\"td-module-container\">\n<div class=\"td-image-container\"><a class=\"td-image-wrap\" href=\"https:\/\/voceatimisului.ro\/camera-oglinzilor-seful-sice-din-cadrul-ipj-timis-si-a-invitat-subalternii-sa-puna-capat-coruptiei-generalizate-din-primaria-giroc-fara-nicio-teama-de-consecinte-personale-sau-politice-dupa-care-s\/\"><img loading=\"lazy\" decoding=\"async\" class=\"td-next-prev-image td-fix-index td-lazy-img\" title=\"Camera oglinzilor! \u0218eful SICE din cadrul IPJ Timi\u0219 \u0219i-a invitat subalternii s\u0103 pun\u0103 cap\u0103t corup\u021biei generalizate din Prim\u0103ria Giroc, f\u0103r\u0103 nicio team\u0103 de consecin\u021be personale sau politice, dup\u0103 care s-a r\u0103zg\u00e2ndit\" width=\"696\" height=\"501\" src=\"https:\/\/analyse.optim.biz\/wp-content\/uploads\/2026\/01\/seful-sice-din-cadrul-ipj-timis-jpg-696x501-1.webp\"><\/a><\/div>\n<div class=\"next-prev-title\"><a href=\"https:\/\/voceatimisului.ro\/camera-oglinzilor-seful-sice-din-cadrul-ipj-timis-si-a-invitat-subalternii-sa-puna-capat-coruptiei-generalizate-din-primaria-giroc-fara-nicio-teama-de-consecinte-personale-sau-politice-dupa-care-s\/\">Camera oglinzilor! \u0218eful SICE din cadrul IPJ Timi\u0219 \u0219i-a invitat subalternii s\u0103 pun\u0103 cap\u0103t corup\u021biei generalizate din Prim\u0103ria Giroc, f\u0103r\u0103 nicio team\u0103 de consecin\u021be personale sau politice, dup\u0103 care s-a r\u0103zg\u00e2ndit<\/a><\/div>\n<\/div>\n<\/div>\n<\/div>\n<\/div>\n<\/div>\n<\/div>\n<\/div>\n<\/div>\n<div class=\"vc_row_inner tdi_100  vc_row vc_inner wpb_row td-pb-row\">\n<div class=\"vc_column_inner tdi_102  wpb_column vc_column_container tdc-inner-column td-pb-span4 td-is-sticky\">\n<div class=\"vc_column-inner\">\n<div class=\"wpb_wrapper\" data-sticky-enabled-on=\"W3RydWUsdHJ1ZSx0cnVlLHRydWVd\" data-sticky-offset=\"20\" data-sticky-is-width-auto=\"W2ZhbHNlLGZhbHNlLGZhbHNlLGZhbHNlXQ==\">\n<div class=\"td_block_wrap tdb_single_related tdi_103 td_with_ajax_pagination td-pb-border-top td_block_template_1 tdb-single-related-posts\" data-td-block-uid=\"tdi_103\">\n<div id=\"tdi_103\" class=\"td_block_inner tdb-block-inner td-fix-index\">\n<div class=\"tdb_module_related td_module_wrap td-animation-stack td-meta-info-hide\">\n<div class=\"td-module-container td-category-pos-image\">\n<div class=\"td-module-meta-info\">\n<h3 class=\"entry-title td-module-title\"><a href=\"https:\/\/voceatimisului.ro\/deparazitare-la-giroc-si-chisoda-pe-14-iulie-acces-interzis-temporar-in-parcuri-si-locuri-de-joaca\/\" rel=\"bookmark\" title=\"Deparazitare la Giroc \u0219i Chi\u0219oda pe 14 iulie. Acces interzis temporar \u00een parcuri \u0219i locuri de joac\u0103\">Deparazitare la Giroc \u0219i Chi\u0219oda pe 14 iulie. Acces interzis temporar \u00een parcuri \u0219i locuri de joac\u0103<\/a><\/h3>\n<\/div>\n<\/div>\n<\/div>\n<div class=\"tdb_module_related td_module_wrap td-animation-stack td-meta-info-hide\">\n<div class=\"td-module-container td-category-pos-image\">\n<div class=\"td-module-meta-info\">\n<h3 class=\"entry-title td-module-title\"><a href=\"https:\/\/voceatimisului.ro\/furt-din-banii-europeni-in-numele-educatiei-functionare-de-la-universitatea-politehnica-timisoara-trimise-in-judecata-de-dna\/\" rel=\"bookmark\" title=\"Furt din banii europeni, \u00een numele educa\u021biei: func\u021bionare de la Universitatea Politehnica Timi\u0219oara, trimise \u00een judecat\u0103 de DNA\">Furt din banii europeni, \u00een numele educa\u021biei: func\u021bionare de la Universitatea Politehnica Timi\u0219oara, trimise \u00een judecat\u0103 de DNA<\/a><\/h3>\n<\/div>\n<\/div>\n<\/div>\n<div class=\"tdb_module_related td_module_wrap td-animation-stack td-meta-info-hide\">\n<div class=\"td-module-container td-category-pos-image\">\n<div class=\"td-module-meta-info\">\n<h3 class=\"entry-title td-module-title\"><a href=\"https:\/\/voceatimisului.ro\/zece-inspectori-isctr-timisoara-retinuti-de-dna-pentru-luare-de-mita-in-forma-continuata\/\" rel=\"bookmark\" title=\"Zece inspectori ISCTR Timi\u0219oara, re\u021binu\u021bi de DNA pentru luare de mit\u0103 \u00een form\u0103 continuat\u0103\">Zece inspectori ISCTR Timi\u0219oara, re\u021binu\u021bi de DNA pentru luare de mit\u0103 \u00een form\u0103 continuat\u0103<\/a><\/h3>\n<\/div>\n<\/div>\n<\/div>\n<\/div>\n<\/div>\n<\/div>\n<\/div>\n<\/div>\n<div class=\"vc_column_inner tdi_105  wpb_column vc_column_container tdc-inner-column td-pb-span8\">\n<div class=\"vc_column-inner\">\n<div class=\"wpb_wrapper\">\n<div class=\"td_block_wrap tdb_single_comments tdi_106 tdb-comm-layout2 td-pb-border-top td_block_template_2\" data-td-block-uid=\"tdi_106\">\n<div class=\"tdb-block-inner td-fix-index\">\n<div class=\"comments\" id=\"comments\">\n<div class=\"td-comments-title-wrap td_block_template_2\">\n<h4 class=\"td-comments-title td-block-title\"><span>4 COMENTARII<\/span><\/h4>\n<\/div>\n<ol class=\"comment-list\">\n<li class=\"comment \" id=\"comment-26852\">\n<article>\n<footer><cite>xsulescu<\/cite><a class=\"comment-link\" href=\"https:\/\/voceatimisului.ro\/dubla-masura-de-tupeu-primaria-giroc-a-transformat-o-jumatate-de-bloc-cu-cinci-etaje-peste-noapte-din-spatii-cu-alta-destinatie-in-apartamente-de-locuit-intr-o-zona-cu-unitati-industriale-si-spati\/#comment-26852\"><time><br \/>\n\t\t\t\t\t\t    18 iulie 2023\t\t\t\t\t\t    La\t\t\t\t\t\t    10:37 PM<\/time><\/a><\/footer>\n<div class=\"comment-content\">\n<p>nu m\u0103 mir c\u0103 a ajuns Moga (cel mai corupt din PMT) s\u0103 verifice\u2026<br \/>\nGirocul, Dumbravita, Mo\u0219ni\u021ba Nou\u0103 sunt localit\u0103\u021bile unde au fost investi\u021bi \u00een construc\u021bii (cu profit 100%) banii negri ai judec\u0103torilor, poli\u021bi\u0219tilor, medicilor \u0219i \u00eenal\u021bifunc\u021bionarilor din Timi\u0219oara. Nimeni niciodat\u0103 nu o s\u0103 descoper\u0103 ceva neregul\u0103 acolo\u2026 Poate doar dac\u0103 vine un cutremur \u0219i cade tot.<\/p>\n<\/div>\n<div class=\"comment-meta\" id=\"comment-26852\"><a rel=\"nofollow\" class=\"comment-reply-link\" href=\"https:\/\/voceatimisului.ro\/dubla-masura-de-tupeu-primaria-giroc-a-transformat-o-jumatate-de-bloc-cu-cinci-etaje-peste-noapte-din-spatii-cu-alta-destinatie-in-apartamente-de-locuit-intr-o-zona-cu-unitati-industriale-si-spati\/#comment-26852\" data-commentid=\"26852\" data-postid=\"156372\" data-belowelement=\"comment-26852\" data-respondelement=\"respond\" data-replyto=\"R\u0103spunde-i lui xsulescu\" aria-label=\"R\u0103spunde-i lui xsulescu\">R\u0103spunde\u021bi<\/a><\/div>\n<\/article>\n<ul class=\"children\">\n<li class=\"comment \" id=\"comment-26853\">\n<article>\n<footer><cite>Frigutz<\/cite><a class=\"comment-link\" href=\"https:\/\/voceatimisului.ro\/dubla-masura-de-tupeu-primaria-giroc-a-transformat-o-jumatate-de-bloc-cu-cinci-etaje-peste-noapte-din-spatii-cu-alta-destinatie-in-apartamente-de-locuit-intr-o-zona-cu-unitati-industriale-si-spati\/#comment-26853\"><time><br \/>\n\t\t\t\t\t\t    19 iulie 2023\t\t\t\t\t\t    La\t\t\t\t\t\t    9:18 AM<\/time><\/a><\/footer>\n<div class=\"comment-content\">\n<p>BORCSIIIII!!!! Tu esti. Team recunoscut. Daaa, fata mare care esti!!! Toti stie ca tu esti cea mai excroaca si corupta. Nu mai da pe altii ca nu scapi!!!<\/p>\n<\/div>\n<div class=\"comment-meta\" id=\"comment-26853\"><a rel=\"nofollow\" class=\"comment-reply-link\" href=\"https:\/\/voceatimisului.ro\/dubla-masura-de-tupeu-primaria-giroc-a-transformat-o-jumatate-de-bloc-cu-cinci-etaje-peste-noapte-din-spatii-cu-alta-destinatie-in-apartamente-de-locuit-intr-o-zona-cu-unitati-industriale-si-spati\/#comment-26853\" data-commentid=\"26853\" data-postid=\"156372\" data-belowelement=\"comment-26853\" data-respondelement=\"respond\" data-replyto=\"R\u0103spunde-i lui Frigutz\" aria-label=\"R\u0103spunde-i lui Frigutz\">R\u0103spunde\u021bi<\/a><\/div>\n<\/article>\n<\/li>\n<\/ul>\n<\/li>\n<li class=\"comment \" id=\"comment-26842\">\n<article>\n<footer><cite>Santu<\/cite><a class=\"comment-link\" href=\"https:\/\/voceatimisului.ro\/dubla-masura-de-tupeu-primaria-giroc-a-transformat-o-jumatate-de-bloc-cu-cinci-etaje-peste-noapte-din-spatii-cu-alta-destinatie-in-apartamente-de-locuit-intr-o-zona-cu-unitati-industriale-si-spati\/#comment-26842\"><time><br \/>\n\t\t\t\t\t\t    14 iulie 2023\t\t\t\t\t\t    La\t\t\t\t\t\t    4:39 PM<\/time><\/a><\/footer>\n<div class=\"comment-content\">\n<p>#paul Costea, el se treze\u0219te cu ea \u0219i ea cu el. Da\u2019 tu probabil te treze\u0219ti cu ea in m\u00e2n\u0103, \u0219i de aici tot offul.<br \/>\n\u00ceh\u00ee!?<\/p>\n<\/div>\n<div class=\"comment-meta\" id=\"comment-26842\"><a rel=\"nofollow\" class=\"comment-reply-link\" href=\"https:\/\/voceatimisului.ro\/dubla-masura-de-tupeu-primaria-giroc-a-transformat-o-jumatate-de-bloc-cu-cinci-etaje-peste-noapte-din-spatii-cu-alta-destinatie-in-apartamente-de-locuit-intr-o-zona-cu-unitati-industriale-si-spati\/#comment-26842\" data-commentid=\"26842\" data-postid=\"156372\" data-belowelement=\"comment-26842\" data-respondelement=\"respond\" data-replyto=\"R\u0103spunde-i lui Santu\" aria-label=\"R\u0103spunde-i lui Santu\">R\u0103spunde\u021bi<\/a><\/div>\n<\/article>\n<\/li>\n<li class=\"comment \" id=\"comment-26836\">\n<article>\n<footer><cite>Paul Costea<\/cite><a class=\"comment-link\" href=\"https:\/\/voceatimisului.ro\/dubla-masura-de-tupeu-primaria-giroc-a-transformat-o-jumatate-de-bloc-cu-cinci-etaje-peste-noapte-din-spatii-cu-alta-destinatie-in-apartamente-de-locuit-intr-o-zona-cu-unitati-industriale-si-spati\/#comment-26836\"><time><br \/>\n\t\t\t\t\t\t    13 iulie 2023\t\t\t\t\t\t    La\t\t\t\t\t\t    10:27 AM<\/time><\/a><\/footer>\n<div class=\"comment-content\">\n<p>Asa-i c\u00e2nd retreze\u0219te cu arhitecta \u0219efa in pat diminea\u021ba\u2026. Bun la Cristinica i se rupe, Virtosu -este \u0219i el la fel de penal ca \u0219i arhitecta poate chiar mai mult.<\/p>\n<\/div>\n<div class=\"comment-meta\" id=\"comment-26836\"><a rel=\"nofollow\" class=\"comment-reply-link\" href=\"https:\/\/voceatimisului.ro\/dubla-masura-de-tupeu-primaria-giroc-a-transformat-o-jumatate-de-bloc-cu-cinci-etaje-peste-noapte-din-spatii-cu-alta-destinatie-in-apartamente-de-locuit-intr-o-zona-cu-unitati-industriale-si-spati\/#comment-26836\" data-commentid=\"26836\" data-postid=\"156372\" data-belowelement=\"comment-26836\" data-respondelement=\"respond\" data-replyto=\"R\u0103spunde-i lui Paul Costea\" aria-label=\"R\u0103spunde-i lui Paul Costea\">R\u0103spunde\u021bi<\/a><\/div>\n<\/article>\n<\/li>\n<\/ol>\n<div id=\"respond\" class=\"comment-respond\">\n<h3 id=\"reply-title\" class=\"comment-reply-title\">L\u0102SA\u021aI UN MESAJ <small><a rel=\"nofollow\" id=\"cancel-comment-reply-link\" href=\"https:\/\/voceatimisului.ro\/dubla-masura-de-tupeu-primaria-giroc-a-transformat-o-jumatate-de-bloc-cu-cinci-etaje-peste-noapte-din-spatii-cu-alta-destinatie-in-apartamente-de-locuit-intr-o-zona-cu-unitati-industriale-si-spati\/#respond\">Renun\u021ba\u021bi la r\u0103spuns<\/a><\/small><\/h3>\n<div class=\"comment-form-input-wrap td-form-comment\">\n<div class=\"td-warning-comment\">V\u0103 rug\u0103m s\u0103 introduce\u021bi comentariul dvs.!<\/div>\n<\/div>\n<div class=\"comment-form-input-wrap td-form-author\">\n<div class=\"td-warning-author\">Introduce\u021bi aici numele dvs.<\/div>\n<\/div>\n<div class=\"comment-form-input-wrap td-form-email\">\n<div class=\"td-warning-email-error\">A\u021bi introdus o adres\u0103 de e-mail incorect\u0103!<\/div>\n<div class=\"td-warning-email\">V\u0103 rug\u0103m s\u0103 introduce\u021bi adresa dvs. de e-mail aici<\/div>\n<\/div>\n<\/div>\n<\/div>\n<\/div>\n<\/div>\n<\/div>\n<\/div>\n<\/div>\n<\/div>\n<\/div>\n<\/div>\n<div class=\"vc_column tdi_108  wpb_column vc_column_container tdc-column td-pb-span4 td-is-sticky\">\n<div class=\"wpb_wrapper\" data-sticky-enabled-on=\"W3RydWUsdHJ1ZSx0cnVlLHRydWVd\" data-sticky-offset=\"20\" data-sticky-is-width-auto=\"W2ZhbHNlLGZhbHNlLGZhbHNlLGZhbHNlXQ==\">\n<div class=\"vc_row_inner tdi_110  vc_row vc_inner wpb_row td-pb-row\">\n<div class=\"vc_column_inner tdi_112  wpb_column vc_column_container tdc-inner-column td-pb-span12\">\n<div class=\"vc_column-inner\">\n<div class=\"wpb_wrapper\">\n<div class=\"td_block_wrap td_block_title tdi_113 td-pb-border-top td_block_template_11 td-fix-index\" data-td-block-uid=\"tdi_113\">\n<div class=\"td-block-title-wrap\">\n<h4 class=\"td-block-title\"><span class=\"td-pulldown-size\">ANUN\u021aURI \u0218I PUBLICITATE<\/span><\/h4>\n<\/div>\n<\/div>\n<\/div>\n<\/div>\n<\/div>\n<\/div>\n<div class=\"wpb_wrapper td_block_wrap vc_widget_sidebar tdi_115 \">\n<aside id=\"block-10\" class=\"td_block_template_1 widget block-10 widget_block widget_media_image\">\n<figure class=\"wp-block-image size-full\"><a href=\"https:\/\/adpghiroda.ro\/index.html\" target=\"_blank\" rel=\" noreferrer noopener\"><img decoding=\"async\" loading=\"lazy\" width=\"960\" height=\"960\" src=\"https:\/\/analyse.optim.biz\/wp-content\/uploads\/2026\/01\/adp-ghiroda2-227.jpg\" class=\"wp-image-171492\" title=\"adp-ghiroda2-227\"><\/a><\/figure>\n<\/aside>\n<aside id=\"block-11\" class=\"td_block_template_1 widget block-11 widget_block widget_media_image\">\n<figure class=\"wp-block-image size-full\"><a href=\"https:\/\/adpghiroda.ro\/index.html\" target=\"_blank\" rel=\" noreferrer noopener\"><img decoding=\"async\" loading=\"lazy\" width=\"960\" height=\"960\" src=\"https:\/\/analyse.optim.biz\/wp-content\/uploads\/2026\/01\/adp-ghiroda1-227.jpg\" class=\"wp-image-171491\" title=\"adp-ghiroda1-227\"><\/a><\/figure>\n<\/aside>\n<aside id=\"block-17\" class=\"td_block_template_1 widget block-17 widget_block widget_media_image\">\n<figure class=\"wp-block-image size-large is-resized\"><a href=\"https:\/\/verde.events\/\" target=\"_blank\" rel=\" noreferrer noopener\"><img decoding=\"async\" loading=\"lazy\" width=\"1024\" height=\"683\" src=\"https:\/\/analyse.optim.biz\/wp-content\/uploads\/2026\/01\/verde-events-24-1024x683-1-212.jpg\" alt=\"Verde Events\" class=\"wp-image-174395\" title=\"verde-events-24-1024x683-1-212\"><\/a><figcaption class=\"wp-element-caption\"><strong><em>O experien\u021b\u0103 unic\u0103 pentru orice tip de eveniment<\/em><\/strong><\/figcaption><\/figure>\n<\/aside>\n<\/div>\n<div class=\"td_block_wrap td_flex_block_1 tdi_121 td-pb-border-top td_block_template_1 td_ajax_preloading_preload td_flex_block\" data-td-block-uid=\"tdi_121\">\n<div id=\"tdi_121\" class=\"td_block_inner td-mc1-wrap\">\n<div class=\"td_module_flex td_module_flex_1 td_module_wrap td-animation-stack td-meta-info-hide td-cpt-post\">\n<div class=\"td-module-container td-category-pos-image\">\n<div class=\"td-module-meta-info\">\n<h3 class=\"entry-title td-module-title\"><a href=\"https:\/\/voceatimisului.ro\/in-memoriam-ionel-lucian-sipos-girocul-celebreaza-dansul-popular-la-a-v-a-editie-a-festivalului-care-i-poarta-numele\/\" rel=\"bookmark\" title=\"\u00cen memoriam Ionel Lucian \u0218ipo\u0219: Girocul celebreaz\u0103 dansul popular la a V-a edi\u021bie a festivalului care-i poart\u0103 numele\">\u00cen memoriam Ionel Lucian \u0218ipo\u0219: Girocul celebreaz\u0103 dansul popular la a V-a edi\u021bie a festivalului care-i poart\u0103 numele<\/a><\/h3>\n<\/div>\n<\/div>\n<\/div>\n<div class=\"td_module_flex td_module_flex_1 td_module_wrap td-animation-stack td-meta-info-hide td-cpt-post\">\n<div class=\"td-module-container td-category-pos-image\">\n<div class=\"td-module-meta-info\">\n<h3 class=\"entry-title td-module-title\"><a href=\"https:\/\/voceatimisului.ro\/ipocrizie-cu-repetitie-dominic-fritz-vrea-sa-reformeze-ani-dupa-ce-a-fost-prins-in-conflict-de-interese\/\" rel=\"bookmark\" title=\"Ipocrizie cu repeti\u021bie: Dominic Fritz vrea s\u0103 reformeze ANI, dup\u0103 ce a fost prins \u00een conflict de interese\">Ipocrizie cu repeti\u021bie: Dominic Fritz vrea s\u0103 reformeze ANI, dup\u0103 ce a fost prins \u00een conflict de interese<\/a><\/h3>\n<\/div>\n<\/div>\n<\/div>\n<div class=\"td_module_flex td_module_flex_1 td_module_wrap td-animation-stack td-meta-info-hide td-cpt-post\">\n<div class=\"td-module-container td-category-pos-image\">\n<div class=\"td-module-meta-info\">\n<h3 class=\"entry-title td-module-title\"><a href=\"https:\/\/voceatimisului.ro\/a-inceput-primul-recensamant-online-al-cainilor-cu-stapan-din-comuna-giroc\/\" rel=\"bookmark\" title=\"A \u00eenceput primul recens\u0103m\u00e2nt online al c\u00e2inilor cu st\u0103p\u00e2n din Comuna Giroc\">A \u00eenceput primul recens\u0103m\u00e2nt online al c\u00e2inilor cu st\u0103p\u00e2n din Comuna Giroc<\/a><\/h3>\n<\/div>\n<\/div>\n<\/div>\n<div class=\"td_module_flex td_module_flex_1 td_module_wrap td-animation-stack td-meta-info-hide td-cpt-post\">\n<div class=\"td-module-container td-category-pos-image\">\n<div class=\"td-module-meta-info\">\n<h3 class=\"entry-title td-module-title\"><a href=\"https:\/\/voceatimisului.ro\/cand-fritz-ne-vorbeste-de-dreptate-dar-isi-angajeaza-toti-prietenii\/\" rel=\"bookmark\" title=\"C\u00e2nd Fritz ne vorbe\u0219te de dreptate, dar \u00ee\u0219i angajeaz\u0103 to\u021bi prietenii\">C\u00e2nd Fritz ne vorbe\u0219te de dreptate, dar \u00ee\u0219i angajeaz\u0103 to\u021bi prietenii<\/a><\/h3>\n<\/div>\n<\/div>\n<\/div>\n<div class=\"td_module_flex td_module_flex_1 td_module_wrap td-animation-stack td-meta-info-hide td-cpt-post\">\n<div class=\"td-module-container td-category-pos-image\">\n<div class=\"td-module-meta-info\">\n<h3 class=\"entry-title td-module-title\"><a href=\"https:\/\/voceatimisului.ro\/gradinita-noua-in-giroc-investitie-de-peste-26-de-milioane-de-lei-pentru-viitorul-copiilor\/\" rel=\"bookmark\" title=\"Gr\u0103dini\u021b\u0103 nou\u0103 \u00een Giroc: investi\u021bie de peste 26 de milioane de lei pentru viitorul copiilor\">Gr\u0103dini\u021b\u0103 nou\u0103 \u00een Giroc: investi\u021bie de peste 26 de milioane de lei pentru viitorul copiilor<\/a><\/h3>\n<\/div>\n<\/div>\n<\/div>\n<\/div>\n<\/div>\n<\/div>\n<\/div>\n<\/div>\n<\/div>\n<\/div>\n<\/div>\n<p><span class=\"td-page-meta\"><\/span><span class=\"td-page-meta\"><span class=\"td-page-meta\"><\/span><\/span><span class=\"td-page-meta\"><\/span><\/article>\n<p> Source URL: https:\/\/voceatimisului.ro\/dubla-masura-de-tupeu-primaria-giroc-a-transformat-o-jumatate-de-bloc-cu-cinci-etaje-peste-noapte-din-spatii-cu-alta-destinatie-in-apartamente-de-locuit-intr-o-zona-cu-unitati-industriale-si-spati\/<\/p>\n","protected":false},"excerpt":{"rendered":"<p>\u0218tiriInvestiga\u021bii Dubl\u0103 m\u0103sur\u0103 de tupeu! Prim\u0103ria Giroc a transformat o jum\u0103tate de bloc cu cinci etaje, peste noapte, din spa\u021bii cu alt\u0103 destina\u021bie \u00een apartamente de locuit, \u00eentr-o zon\u0103 cu unit\u0103\u021bi industriale \u0219i spa\u021bii de depozitare Autor-Tiberiu Kiss 12 iulie 2023 4 14756 Facebook Twitter Pinterest WhatsApp Linkedin Copy URL strada Fantani nr. 18 din [&hellip;]<\/p>\n","protected":false},"author":1,"featured_media":1337558,"comment_status":"open","ping_status":"","sticky":false,"template":"","format":"standard","meta":{"footnotes":""},"categories":[89],"tags":[199],"class_list":["post-1337554","post","type-post","status-publish","format-standard","has-post-thumbnail","hentry","category-romania","tag-voceatimisului-ro"],"_links":{"self":[{"href":"https:\/\/analyse.optim.biz\/index.php?rest_route=\/wp\/v2\/posts\/1337554","targetHints":{"allow":["GET"]}}],"collection":[{"href":"https:\/\/analyse.optim.biz\/index.php?rest_route=\/wp\/v2\/posts"}],"about":[{"href":"https:\/\/analyse.optim.biz\/index.php?rest_route=\/wp\/v2\/types\/post"}],"author":[{"embeddable":true,"href":"https:\/\/analyse.optim.biz\/index.php?rest_route=\/wp\/v2\/users\/1"}],"replies":[{"embeddable":true,"href":"https:\/\/analyse.optim.biz\/index.php?rest_route=%2Fwp%2Fv2%2Fcomments&post=1337554"}],"version-history":[{"count":0,"href":"https:\/\/analyse.optim.biz\/index.php?rest_route=\/wp\/v2\/posts\/1337554\/revisions"}],"wp:featuredmedia":[{"embeddable":true,"href":"https:\/\/analyse.optim.biz\/index.php?rest_route=\/wp\/v2\/media\/1337558"}],"wp:attachment":[{"href":"https:\/\/analyse.optim.biz\/index.php?rest_route=%2Fwp%2Fv2%2Fmedia&parent=1337554"}],"wp:term":[{"taxonomy":"category","embeddable":true,"href":"https:\/\/analyse.optim.biz\/index.php?rest_route=%2Fwp%2Fv2%2Fcategories&post=1337554"},{"taxonomy":"post_tag","embeddable":true,"href":"https:\/\/analyse.optim.biz\/index.php?rest_route=%2Fwp%2Fv2%2Ftags&post=1337554"}],"curies":[{"name":"wp","href":"https:\/\/api.w.org\/{rel}","templated":true}]}}