{"id":1337508,"date":"2023-08-10T05:39:02","date_gmt":"2023-08-10T02:39:02","guid":{"rendered":"https:\/\/analyse.optim.biz\/?p=1337508"},"modified":"2023-08-10T05:39:02","modified_gmt":"2023-08-10T02:39:02","slug":"inspectoratul-de-stat-in-constructii-timis","status":"publish","type":"post","link":"https:\/\/analyse.optim.biz\/?p=1337508","title":{"rendered":"Inspectoratul de Stat \u00een Construc\u021bii Timi\u0219"},"content":{"rendered":"<article id=\"template-id-172790\" class=\"post-172790 tdb_templates type-tdb_templates status-publish post\">\n<div id=\"tdi_52\" class=\"tdc-zone\">\n<div class=\"tdc_zone tdi_53  wpb_row td-pb-row\">\n<div id=\"tdi_54\" class=\"tdc-row stretch_row_1400 td-stretch-content\">\n<div class=\"vc_row tdi_55  wpb_row td-pb-row tdc-element-style\">\n<div class=\"vc_column tdi_57  wpb_column vc_column_container tdc-column td-pb-span8\">\n<div class=\"wpb_wrapper\">\n<div class=\"td_block_wrap tdb_single_categories tdi_58 td-pb-border-top td_block_template_1 \" data-td-block-uid=\"tdi_58\">\n<div class=\"tdb-category td-fix-index\"><a class=\"tdb-entry-category\" href=\"https:\/\/voceatimisului.ro\/category\/stiri-din-timisoara-si-timis\/\">\u0218tiri<\/a><a class=\"tdb-entry-category\" href=\"https:\/\/voceatimisului.ro\/category\/investigatii-stiri\/\">Investiga\u021bii<\/a><\/div>\n<\/div>\n<div class=\"td_block_wrap tdb_title tdi_59 tdb-single-title td-pb-border-top td_block_template_1\" data-td-block-uid=\"tdi_59\">\n<div class=\"tdb-block-inner td-fix-index\">\n<h1 class=\"tdb-title-text\">Inspectoratul de Stat \u00een Construc\u021bii Timi\u0219 inten\u021bioneaz\u0103 s\u0103 demareze procedurile administrative pentru anularea unor autoriza\u021bii de construire, la alte dou\u0103 imobile colective de pe raza comunei Giroc<\/h1>\n<\/div>\n<\/div>\n<div class=\"vc_row_inner tdi_62  vc_row vc_inner wpb_row td-pb-row\">\n<div class=\"vc_column_inner tdi_64  wpb_column vc_column_container tdc-inner-column td-pb-span6\">\n<div class=\"vc_column-inner\">\n<div class=\"wpb_wrapper\">\n<div class=\"td_block_wrap tdb_single_author tdi_65 td-pb-border-top td_block_template_1 tdb-post-meta\" data-td-block-uid=\"tdi_65\">\n<div class=\"tdb-block-inner td-fix-index\">\n<div class=\"tdb-author-name-wrap\"><span class=\"tdb-author-by\">Autor-<\/span><a class=\"tdb-author-name\" href=\"https:\/\/voceatimisului.ro\/author\/redactia\/\">Redac\u021bia<\/a><\/div>\n<\/div>\n<\/div>\n<div class=\"td_block_wrap tdb_single_date tdi_66 td-pb-border-top td_block_template_1 tdb-post-meta\" data-td-block-uid=\"tdi_66\">\n<div class=\"tdb-block-inner td-fix-index\"><time class=\"entry-date updated td-module-date\" datetime=\"2023-08-10T08:39:02+03:00\">10 august 2023<\/time><\/div>\n<\/div>\n<div class=\"td_block_wrap tdb_single_comments_count tdi_67 td-pb-border-top td_block_template_1 tdb-post-meta\" data-td-block-uid=\"tdi_67\">\n<div class=\"tdb-block-inner td-fix-index\"><a href=\"https:\/\/voceatimisului.ro\/inspectoratul-de-stat-in-constructii-timis-intentioneaza-sa-demareze-procedurile-administrative-pentru-anularea-unor-autorizatii-de-construire-la-alte-doua-imobile-colective-de-pe-raza-comunei-giroc\/#comments\"><span>4<\/span><\/a><\/div>\n<\/div>\n<div class=\"td_block_wrap tdb_single_post_views tdi_68 td-pb-border-top td_block_template_1 tdb-post-meta\" data-td-block-uid=\"tdi_68\">\n<div class=\"tdb-block-inner td-fix-index\"><span class=\"tdb-add-text\">1<\/span><span class=\"td-nr-views-156768\">3864<\/span><\/div>\n<\/div>\n<\/div>\n<\/div>\n<\/div>\n<div class=\"vc_column_inner tdi_70  wpb_column vc_column_container tdc-inner-column td-pb-span6\">\n<div class=\"vc_column-inner\">\n<div class=\"wpb_wrapper\">\n<div class=\"td_block_wrap tdb_single_post_share tdi_71  td-pb-border-top td_block_template_1\" data-td-block-uid=\"tdi_71\">\n<div id=\"tdi_71\" class=\"td-post-sharing tdb-block td-ps-bg td-ps-notext td-post-sharing-style1 \">\n<div class=\"td-post-sharing-visible\"><a class=\"td-social-sharing-button td-social-sharing-button-js td-social-network td-social-facebook\" href=\"https:\/\/www.facebook.com\/sharer.php?u=https%3A%2F%2Fvoceatimisului.ro%2Finspectoratul-de-stat-in-constructii-timis-intentioneaza-sa-demareze-procedurile-administrative-pentru-anularea-unor-autorizatii-de-construire-la-alte-doua-imobile-colective-de-pe-raza-comunei-giroc%2F\" title=\"Facebook\" rel=\"noopener\"><\/p>\n<div class=\"td-social-but-text\">Facebook<\/div>\n<p><\/a><a class=\"td-social-sharing-button td-social-sharing-button-js td-social-network td-social-twitter\" href=\"https:\/\/twitter.com\/intent\/tweet?text=Inspectoratul+de+Stat+%C3%AEn+Construc%C8%9Bii+Timi%C8%99+inten%C8%9Bioneaz%C4%83+s%C4%83+demareze+procedurile+administrative+pentru+anularea+unor+autoriza%C8%9Bii+de+construire%2C+la+alte+dou%C4%83+imobile+colective+de+pe+raza+comunei+Giroc&amp;url=https%3A%2F%2Fvoceatimisului.ro%2Finspectoratul-de-stat-in-constructii-timis-intentioneaza-sa-demareze-procedurile-administrative-pentru-anularea-unor-autorizatii-de-construire-la-alte-doua-imobile-colective-de-pe-raza-comunei-giroc%2F&amp;via=Vocea+Timisului\" title=\"Twitter\" rel=\"noopener\"><\/p>\n<div class=\"td-social-but-text\">Twitter<\/div>\n<p><\/a><a class=\"td-social-sharing-button td-social-sharing-button-js td-social-network td-social-pinterest\" href=\"https:\/\/pinterest.com\/pin\/create\/button\/?url=https:\/\/voceatimisului.ro\/inspectoratul-de-stat-in-constructii-timis-intentioneaza-sa-demareze-procedurile-administrative-pentru-anularea-unor-autorizatii-de-construire-la-alte-doua-imobile-colective-de-pe-raza-comunei-giroc\/&amp;media=https:\/\/analyse.optim.biz\/wp-content\/uploads\/2026\/01\/cristina-babescu-dan-virtosu-carmina-mateia-jpg.webp&amp;description=Inspectoratul+de+Stat+%C3%AEn+Construc%C8%9Bii+Timi%C8%99+inten%C8%9Bioneaz%C4%83+s%C4%83+demareze+procedurile+administrative+pentru+anularea+unor+autoriza%C8%9Bii+de+construire%2C+la+alte+dou%C4%83+imobile+colective+de+pe+raza+comunei+Giroc\" title=\"Pinterest\" rel=\"noopener\"><\/p>\n<div class=\"td-social-but-text\">Pinterest<\/div>\n<p><\/a><a class=\"td-social-sharing-button td-social-sharing-button-js td-social-network td-social-whatsapp\" href=\"https:\/\/api.whatsapp.com\/send?text=Inspectoratul+de+Stat+%C3%AEn+Construc%C8%9Bii+Timi%C8%99+inten%C8%9Bioneaz%C4%83+s%C4%83+demareze+procedurile+administrative+pentru+anularea+unor+autoriza%C8%9Bii+de+construire%2C+la+alte+dou%C4%83+imobile+colective+de+pe+raza+comunei+Giroc%20%0A%0A%20https:\/\/voceatimisului.ro\/inspectoratul-de-stat-in-constructii-timis-intentioneaza-sa-demareze-procedurile-administrative-pentru-anularea-unor-autorizatii-de-construire-la-alte-doua-imobile-colective-de-pe-raza-comunei-giroc\/\" title=\"WhatsApp\" rel=\"noopener\"><\/p>\n<div class=\"td-social-but-text\">WhatsApp<\/div>\n<p><\/a><a class=\"td-social-sharing-button td-social-sharing-button-js td-social-network td-social-linkedin\" href=\"https:\/\/www.linkedin.com\/shareArticle?mini=true&amp;url=https:\/\/voceatimisului.ro\/inspectoratul-de-stat-in-constructii-timis-intentioneaza-sa-demareze-procedurile-administrative-pentru-anularea-unor-autorizatii-de-construire-la-alte-doua-imobile-colective-de-pe-raza-comunei-giroc\/&amp;title=Inspectoratul+de+Stat+%C3%AEn+Construc%C8%9Bii+Timi%C8%99+inten%C8%9Bioneaz%C4%83+s%C4%83+demareze+procedurile+administrative+pentru+anularea+unor+autoriza%C8%9Bii+de+construire%2C+la+alte+dou%C4%83+imobile+colective+de+pe+raza+comunei+Giroc\" title=\"Linkedin\" rel=\"noopener\"><\/p>\n<div class=\"td-social-but-text\">Linkedin<\/div>\n<p><\/a><a class=\"td-social-sharing-button td-social-sharing-button-js td-social-network td-social-copy_url\" href=\"https:\/\/voceatimisului.ro\/inspectoratul-de-stat-in-constructii-timis-intentioneaza-sa-demareze-procedurile-administrative-pentru-anularea-unor-autorizatii-de-construire-la-alte-doua-imobile-colective-de-pe-raza-comunei-giroc\/\" title=\"Copy URL\" rel=\"noopener\"><\/p>\n<div class=\"td-social-but-text\">Copy URL<\/div>\n<p><\/a><\/div>\n<\/div>\n<\/div>\n<\/div>\n<\/div>\n<\/div>\n<\/div>\n<div class=\"td_block_wrap tdb_single_featured_image tdi_72 tdb-content-horiz-left td-pb-border-top td_block_template_1\" data-td-block-uid=\"tdi_72\">\n<div class=\"tdb-block-inner td-fix-index\">\n<figure><img loading=\"lazy\" decoding=\"async\" width=\"696\" height=\"684\" class=\"entry-thumb\" src=\"https:\/\/analyse.optim.biz\/wp-content\/uploads\/2026\/01\/cristina-babescu-dan-virtosu-carmina-mateia-jpg-696x684-1.webp\" alt=\"Cristina Babescu Dan Virtosu Carmina Mateia jpg\" title=\"Cristina Babescu Dan Virtosu Carmina Mateia jpg\"><figcaption class=\"tdb-caption-text\">Cristina Babescu Dan Virtosu Carmina Mateia jpg<\/figcaption><\/figure>\n<\/div>\n<\/div>\n<div class=\"vc_row_inner tdi_74  vc_row vc_inner wpb_row td-pb-row\">\n<div class=\"vc_column_inner tdi_76  wpb_column vc_column_container tdc-inner-column td-pb-span4 td-is-sticky\">\n<div class=\"vc_column-inner\">\n<div class=\"wpb_wrapper\" data-sticky-enabled-on=\"W3RydWUsdHJ1ZSx0cnVlLHRydWVd\" data-sticky-offset=\"20\" data-sticky-is-width-auto=\"W2ZhbHNlLGZhbHNlLGZhbHNlLGZhbHNlXQ==\">\n<div class=\"td_block_wrap td_flex_block_1 tdi_77 td-pb-border-top td_block_template_1 td_ajax_preloading_preload td_flex_block\" data-td-block-uid=\"tdi_77\">\n<div id=\"tdi_77\" class=\"td_block_inner td-mc1-wrap\">\n<div class=\"td_module_flex td_module_flex_1 td_module_wrap td-animation-stack td-meta-info-hide td-cpt-post\">\n<div class=\"td-module-container td-category-pos-image\">\n<div class=\"td-module-meta-info\">\n<h3 class=\"entry-title td-module-title\"><a href=\"https:\/\/voceatimisului.ro\/furt-din-banii-europeni-in-numele-educatiei-functionare-de-la-universitatea-politehnica-timisoara-trimise-in-judecata-de-dna\/\" rel=\"bookmark\" title=\"Furt din banii europeni, \u00een numele educa\u021biei: func\u021bionare de la Universitatea Politehnica Timi\u0219oara, trimise \u00een judecat\u0103 de DNA\">Furt din banii europeni, \u00een numele educa\u021biei: func\u021bionare de la Universitatea Politehnica Timi\u0219oara, trimise \u00een judecat\u0103 de DNA<\/a><\/h3>\n<\/div>\n<\/div>\n<\/div>\n<div class=\"td_module_flex td_module_flex_1 td_module_wrap td-animation-stack td-meta-info-hide td-cpt-post\">\n<div class=\"td-module-container td-category-pos-image\">\n<div class=\"td-module-meta-info\">\n<h3 class=\"entry-title td-module-title\"><a href=\"https:\/\/voceatimisului.ro\/zece-inspectori-isctr-timisoara-retinuti-de-dna-pentru-luare-de-mita-in-forma-continuata\/\" rel=\"bookmark\" title=\"Zece inspectori ISCTR Timi\u0219oara, re\u021binu\u021bi de DNA pentru luare de mit\u0103 \u00een form\u0103 continuat\u0103\">Zece inspectori ISCTR Timi\u0219oara, re\u021binu\u021bi de DNA pentru luare de mit\u0103 \u00een form\u0103 continuat\u0103<\/a><\/h3>\n<\/div>\n<\/div>\n<\/div>\n<div class=\"td_module_flex td_module_flex_1 td_module_wrap td-animation-stack td-meta-info-hide td-cpt-post\">\n<div class=\"td-module-container td-category-pos-image\">\n<div class=\"td-module-meta-info\">\n<h3 class=\"entry-title td-module-title\"><a href=\"https:\/\/voceatimisului.ro\/retim-cum-ne-obliga-sa-sortam-gunoiul-dar-il-arunca-la-gramada-jaful-care-miroase-urat-in-timisoara\/\" rel=\"bookmark\" title=\"RETIM: Cum ne oblig\u0103 s\u0103 sort\u0103m gunoiul, dar \u00eel arunc\u0103 la gr\u0103mad\u0103. Jaful care miroase ur\u00e2t \u00een Timi\u0219oara\">RETIM: Cum ne oblig\u0103 s\u0103 sort\u0103m gunoiul, dar \u00eel arunc\u0103 la gr\u0103mad\u0103. Jaful care miroase ur\u00e2t \u00een Timi\u0219oara<\/a><\/h3>\n<\/div>\n<\/div>\n<\/div>\n<div class=\"td_module_flex td_module_flex_1 td_module_wrap td-animation-stack td-meta-info-hide td-cpt-post\">\n<div class=\"td-module-container td-category-pos-image\">\n<div class=\"td-module-meta-info\">\n<h3 class=\"entry-title td-module-title\"><a href=\"https:\/\/voceatimisului.ro\/efect-de-bumerang-primaria-giroc-se-pregateste-sa-plateasca-despagubiri-de-milioane-de-euro-in-cazul-unor-abuzuri-imobiliare-fara-precedent\/\" rel=\"bookmark\" title=\"Efect de bumerang! Prim\u0103ria Giroc se preg\u0103te\u0219te s\u0103 pl\u0103teasc\u0103 desp\u0103gubiri de milioane de euro, \u00een cazul unor abuzuri imobiliare, f\u0103r\u0103 precedent\">Efect de bumerang! Prim\u0103ria Giroc se preg\u0103te\u0219te s\u0103 pl\u0103teasc\u0103 desp\u0103gubiri de milioane de euro, \u00een cazul unor abuzuri imobiliare, f\u0103r\u0103 precedent<\/a><\/h3>\n<\/div>\n<\/div>\n<\/div>\n<\/div>\n<\/div>\n<div class=\"tdb-author-box td_block_wrap tdb_single_author_box tdi_82 tdb-content-vert-top td-pb-border-top td_block_template_1\" data-td-block-uid=\"tdi_82\">\n<div class=\"tdb-block-inner td-fix-index\">\n<div class=\"tdb-author-info\"><a href=\"https:\/\/voceatimisului.ro\/author\/redactia\/\" class=\"tdb-author-name\">Redac\u021bia<\/a><\/p>\n<div class=\"tdb-author-descr\">\u00centreaga responsabilitate a comentariilor l\u0103sate de dumneavoastr\u0103 v\u0103 apar\u021bine!<br \/>\nClick <a href=\"https:\/\/voceatimisului.ro\/termeni-si-conditii\/\">aici<\/a>-citeste condi\u0163iile de utilizare ale site-ului www.voceatimisului.ro<\/div>\n<\/div>\n<\/div>\n<\/div>\n<\/div>\n<\/div>\n<\/div>\n<div class=\"vc_column_inner tdi_84  wpb_column vc_column_container tdc-inner-column td-pb-span8\">\n<div class=\"vc_column-inner\">\n<div class=\"wpb_wrapper\">\n<div class=\"td_block_wrap tdb_single_content tdi_85 td-pb-border-top td_block_template_1 td-post-content tagdiv-type\" data-td-block-uid=\"tdi_85\">\n<div class=\"tdb-block-inner td-fix-index\">\n<h5 class=\"wp-block-heading\" id=\"h-ca-sa-nu-existe-confuzii-\u0219i-nici-fibrila\u021bii-inutile-inca-din-capul-locului-trebuie-specificat-faptul-ca-blocurile-care-vor-intra-cel-mai-probabil-in-procedura-de-infringement-contecios-administrativ-la-solicitarea-autorita\u021bii-de-control-nu-au-nicio-legatura-cu-ionel-dan-pascu-puiu-minda-\u0219i-nici-cu-iordanianul-mueen-al-shawish-mimo-in-afara-de-spa\u021biul-geografic-uat-giroc-de-fapt-de-data-aceasta-tunurile-\u0219i-aten\u021bia-distributiva-sunt-indreptate-catre-doua-construc\u021bii-care-apar\u021bin-fra\u021bilor-florin-\u0219i-cristian-fedor-ambele-miruite-\u0219i-legalizate-de-catre-primaria-giroc-proiectate-in-privat-\u0219i-autorizate-la-stat-chiar-\u0219i-prin-a-filia\u021bi-de-catre-una-\u0219i-aceea\u0219i-persoana-arhitect-\u0219ef-cristina-babescu\">Ca s\u0103 nu existe confuzii \u0219i nici fibrila\u021bii inutile, \u00eenc\u0103 din capul locului, trebuie specificat faptul c\u0103 blocurile, care vor intra, cel mai probabil, \u00een procedur\u0103 de infringement contecios-administrativ, la solicitarea autorit\u0103\u021bii de control, nu au nicio leg\u0103tur\u0103 cu Ionel Dan Pascu (Puiu Minda) \u0219i nici cu iordanianul Mueen Al Shawish (Mimo), \u00een afara de spa\u021biul geografic: UAT Giroc! De fapt, de data aceasta, tunurile \u0219i aten\u021bia distributiv\u0103 sunt \u00eendreptate c\u0103tre dou\u0103 construc\u021bii care apar\u021bin fra\u021bilor Florin \u0219i Cristian Fedor. Ambele, miruite \u0219i legalizate de c\u0103tre Prim\u0103ria Giroc, proiectate \u00een privat \u0219i autorizate la stat, chiar \u0219i prin (a)filia\u021bi, de c\u0103tre una \u0219i aceea\u0219i persoan\u0103: arhitect-\u0219ef Cristina Babescu.<\/h5>\n<p>Acum, dincolo de incompatibilitatea \u0219i conflictul v\u0103dit de interese ale \u00eent\u00e2iului urbanist al administra\u021biei comunale, care a centrat \u0219i a dat cu capul \u00een acela\u0219i timp \u2013 <strong>nu o dat\u0103, ci de zeci de ori!<\/strong> \u2013 trebuie specificat faptul c\u0103 nu este pentru prima dat\u0103 c\u00e2nd, dup\u0103 apari\u021bia dezv\u0103luirilor din voceatimi\u0219ului.ro, la fel ca o serie de alte entit\u0103\u021bi ale statului rom\u00e2n, ISC Timi\u0219 a intrat la rupere \u00een administra\u021bia de la marginea Timi\u0219oarei. Institu\u021bia de control a aruncat cu amenzi ustur\u0103toare, \u00een toate direc\u021biile, at\u00e2t c\u0103tre func\u021bionarii Biroului de Urbanism din cadrul Prim\u0103riei Giroc, c\u00e2t \u0219i c\u0103tre (vice)primar. \u00cen plus, \u00een baza probelor, ori de c\u00e2te ori a fost cazul, inspectorii au cerut \u0219i au ob\u021binut, \u00een instan\u021b\u0103 \u0219i prin\u00a0intermediul Prefecturii Timi\u0219, anularea mai multor autoriza\u021bii de construire, eliberate \u0219i legalizate de administra\u021bia public\u0103 local\u0103!<\/p>\n<p><a href=\"https:\/\/voceatimisului.ro\/dubla-masura-de-tupeu-primaria-giroc-a-transformat-o-jumatate-de-bloc-cu-cinci-etaje-peste-noapte-din-spatii-cu-alta-destinatie-in-apartamente-de-locuit-intr-o-zona-cu-unitati-industriale-si-spati\/\">De data aceasta, lucrurile stau un pic altfel, cel pu\u021bin \u00een cazul celor dou\u0103 imobile de pe strada F\u00e2nt\u00e2ni din Giroc, care se \u00eenv\u00e2rt \u00een patrimoniul imobiliar al fra\u021bilor Florin \u0219i Cristian Fedor.<\/a><\/p>\n<p>\u0218i asta pentru c\u0103, prin vocea, voin\u021ba \u0219i putin\u021ba arhitectei-\u0219efe Cristina Babescu, <strong>Prim\u0103ria Giroc a refuzat s\u0103 pun\u0103 la dispozi\u021bia ISC Timi\u0219 actele tehnico-urbanistice care au stat \u00een<\/strong><strong>spatele autoriz\u0103rii imobilelor colective, de\u0219i solicitarea a fost f\u0103cut\u0103 de c\u0103tre o autoritate cu atribu\u021biuni de control a statului rom\u00e2n<\/strong>. O institu\u021bie de for\u021b\u0103, aflat\u0103 \u00een verific\u0103ri, \u00een baza unui plan tematic \u0219i, evident, la o sesizare prealabil\u0103 a voceatimisului.ro care a semnalat derapajele de la lege \u0219i a solicitat, \u00een scris, un punct de vedere autorizat vizavi de cele dou\u0103 imobile colective, proiectate \u0219i autorizate sub pulpana \u0219efei Biroului Urbanism.<\/p>\n<p>A\u0219a c\u0103, de vreo dou\u0103 s\u0103pt\u0103m\u00e2ni, \u00een lips\u0103 de reac\u021bie administrativ\u0103, ISC Timi\u0219 s-a pus pe reconstituit documentele construc\u021biilor de pe strada F\u00e2nt\u00e2ni din Giroc \u0219i, din surse directe \u0219i institu\u021bionale, aproape c\u0103 i-a dat de cap. <a href=\"https:\/\/voceatimisului.ro\/agentia-nationala-de-integritate-a-luat-o-la-puricat-pe-arhitecta-sefa-cristina-babescu-proiectant-privat-si-supervizor-administrativ-al-unui-bloc-in-extravilan-care-a-fost-inregistrat-ca-anexa-agri\/\"><strong>De aici \u0219i concluzia unilateral\u0103 c\u0103 e jale\u2026 cu J mare, dincolo de chestiuni v\u0103dite \u0219i flagrante care intr\u0103 \u00een atribu\u021biile celor de la ANI<\/strong>!<\/a> Acum, c\u0103 tot s-au conexat pl\u00e2ngerile penale, depuse \u00eempotriva unor func\u021bionari din cadrul Prim\u0103riei Giroc, la pachet \u0219i cu schimbarea procurorului de caz, autorit\u0103\u021bii de control i-au crescut nesperat \u0219ansele ca s\u0103-\u0219i blindeze concluziile, \u00eenainte de a cere prefectului de Timi\u0219, Mihai Ritivoiu, anularea autoriza\u021biilor de construire, printr-o ac\u021biune civil\u0103, \u00een contencios administrativ. \u0218i, o va face, cu certitudine, sub o form\u0103 sau alta! Chestiune de zile!<\/p>\n<p><strong>(Agro)Imobiliara SRL<\/strong><\/p>\n<p>Pe scurt, prima situa\u021bie care a ridicat probleme majore inspectorilor de la ISC Timi\u0219 a fost cea legat\u0103 de imobilul de tip P+2, aflat pe strada F\u00e2nt\u00e2ni, construit \u00een extravilanul Girocului, \u00een primul r\u00e2nd, \u00een baza Certificatul de Urbanism nr. 770 din 9 august 2019. Pe document scrie negru pe alb: <a href=\"https:\/\/voceatimisului.ro\/orbu-gainilor-primaria-giroc-a-uita-sa-numere-pana-la-cinci-si-a-legalizat-un-imobil-colectiv-care-nu-respecta-autorizatia-de-construire-doar-pentru-ca-proiectul-a-trecut-prin-sufrageria-a\/\"><strong>anex\u0103 la exploata\u021bie agricol\u0103, beneficiar Florin Fedor, proiect executat de SC Pas cu Pas Proiect SRL<\/strong>. <\/a>Firma de proiectare, a\u0219a cum rezult\u0103 din date certe, apar\u021bine arhitectei Cristina Babescu, ac\u021bionari fiind membrii familiei sale, mama \u0219i fratele! Ulterior, la data de 18 decembrie 2019, administra\u021bia local\u0103 a emis Autoriza\u021bia de Construire nr. 742 cu aceea\u0219i men\u021biune: <strong><u>CF 415095, anex\u0103 la exploata\u021bie agricol\u0103<\/u><\/strong>!<\/p>\n<p>Ambele documente, care au intrat \u00een circuitul civil, au primit avizele de legalitate din partea Prim\u0103riei Giroc de\u0219i, culmea, to\u021bi semnatarii au \u0219tiut, la momentul valid\u0103rii C.U \u0219i A.C, c\u0103 arhitecta Cristina Babescu s-a aflat \u00eentr-o stare v\u0103dit\u0103 de incompatibilitate \u0219i conflict de interese: <strong>(a)filia\u021bii au proiectat \u00een privat, func\u021bionarul a \u00eentocmit \u0219i validat documenta\u021bia la stat<\/strong>! N-a contant pentru ultra-legali\u0219tii din administra\u021bia local\u0103! A\u0219a cum irelevant a fost \u0219i faptul c\u0103, \u00een aceea\u0219i zi cu eliberarea Autoriza\u021biei de Construire nr. 742 din 18 decembrie 2019, tot Prim\u0103ria Giroc, la minute distan\u021b\u0103, a desfiin\u021bat conceptul \u0219i logica\u2026 de anex\u0103 la exploata\u021bie agricol\u0103, care a stat la baza aprob\u0103rii construc\u021biei \u00een extravilan. <strong>Simplu, prin eliberarea Certificat de Urbanism nr. 1298, care a dezmembrat terenul, \u00een 3 parcele: 1 \u2013 473 mp pentru drum, 2 \u2013 1180 mp pentru anexa agricol\u0103 \u0219i 3 \u2013 8995 mp rest teren<\/strong>.<\/p>\n<p>Acum, adev\u0103rul e c\u0103, nici \u00een visele umede ale administra\u021biei girocene, chiar \u0219i \u00een faz\u0103 ini\u021bial\u0103, un teren cu o suprafa\u021b\u0103 total\u0103 de 1,5 ha nu ar fi avut cum s\u0103 primeasc\u0103 titulatura de\u2026 exploata\u021bie agricol\u0103. \u0218i nici n-ar fi v\u0103zut vreodat\u0103 vreo anex\u0103 de P+2, \u00een extravilan! Asta, din motive mari \u0219i late, care se desprind din Legea 50\/1991. \u00cen primul r\u00e2nd,\u00a0 <em><u>anexa\u00a0agricol\u0103 reprezint\u0103 o construc\u021bie situat\u0103\u00a0\u00een zone izolate<\/u>, \u00een extravilan, <u>menit\u0103 s\u0103 ad\u0103posteasc\u0103 ma\u0219ini agricole, utilaje, mici ateliere, scule, alte bunuri ale acestora, inclusiv animale<\/u>, precum \u0219i spa\u021bii pentru <u>cazare temporar\u0103<\/u> pe timpul campaniilor agricole. <\/em><strong>Mai mult, articolul 3 (litera h) din aceea\u0219i lege, mai spune c\u0103 <u>anexele la exploata\u021bii agricole sunt\u2026 construc\u021bii provizorii<\/u><\/strong>!<\/p>\n<p>Mai mult dec\u00e2t orice, Legea 50\/1991 mai spune c\u0103 amplasarea construc\u021biilor de orice fel pe terenuri agricole din extravilan de clasa I \u015fi a II-a de calitate este interzis\u0103! \u0218i, \u00een acela\u0219i context \u0219i cadru legislativ, se mai men\u021bioneaz\u0103 c\u0103 <strong>orice construc\u021bie cu funda\u021bie, cu acces la utilit\u0103\u021bi \u0219i cele care sunt incluse \u00een planul cadastral, sunt impozabile<\/strong>. Ce avem azi, la fa\u021ba locului, pe strada F\u00e2nt\u00e2ni din Giroc, a\u0219a cum rezult\u0103 din imaginile ata\u0219ate la finalului materialului \u0219i din alte probe conexe? \u00cen primul r\u00e2nd, un imobil colectiv \u00een toat\u0103 regula, cu funda\u021bie, locuit permanent (nu temporar), bran\u0219at la utilit\u0103\u021bi, f\u0103r\u0103 num\u0103r po\u0219tal \u0219i, mai presus de orice, neimpozitat, neintabulat, f\u0103r\u0103 scoatere din circuitul agricol \u0219i f\u0103r\u0103 studio OSPA (pedologic) din care s\u0103 rezulte calitatea, fertilitatea sau cernoziomul. Practic, o cl\u0103dire \u00een aer! Una cu termopane, clim\u0103, f\u0103r\u0103 ma\u0219ini agricole, utilaje sau animale! E clar\u0103 treaba?<\/p>\n<p><strong>Noaptea min\u021bii<\/strong><\/p>\n<p>\u0218i problemele nu se opresc aici! Asta pentru c\u0103, \u00een vizorul ISC Timi\u0219, la sesizarea voceatimisului.ro, a mai intrat un imobil de P+4, situat pe strada F\u00e2nt\u00e2ni nr. 18 din Giroc, proiectat \u00een sufrageria arhitectei Cristina Babescu \u0219i construit de omul de afaceri Cristian Fedor. Aici, lucrurile sunt ceva mai simple ca la anexa agricol\u0103 de pe aceea\u0219i strad\u0103, care apar\u021bine fratelui s\u0103u<strong>. Ini\u021bial, pentru imobilul de pe str. F\u00e2t\u00e2ni nr. 18, Prim\u0103ria Giroc a aprobat un regim de \u00een\u0103l\u021bime de P+2E, cu un num\u0103r de 11 unit\u0103\u021bi locative \u0219i spa\u021bii cu alt\u0103 destina\u021bie (SAD)<\/strong>. Ulterior, documentul administrativ a mai primit o completare \u2013\u00a0AC nr. 433 din 24 septembrie 2020 sub titulatura de\u2026\u00a0modific\u0103ri interioare \u0219i exterioare. O poveste nemuritoare, demontat\u0103 clar de\u00a0certificatul de atestare a stadiului realiz\u0103rii construc\u021biilor (intabulare par\u021bial\u0103) nr. 42423 din 16 septembrie 2021.<\/p>\n<p><strong>A\u0219a c\u0103, dintr-o dat\u0103, \u00een locul AC nr. 129 din 26 martie 2019, care a prev\u0103zut pentru imobilul colectiv al omului de afaceri Cristian Fedor, situat pe strada F\u00e2nt\u00e2ni nr. 18 din Giroc, un regim de \u00een\u0103l\u021bime de maxim P+2E,\u00a0administra\u021bia local\u0103 a certificat\u2026 existen\u021ba unui P+Mezanin+2E+Er<\/strong>.\u00a0Cu alte cuvinte, 2 niveluri \u00een plus!\u00a0\u0218i, cu cl\u0103direa sub ochi, \u00een baza unei pseudo-expertize tehnice, care a scos din pix un mezanin \u0219i un etaj retras \u2013 niciunul nu exist\u0103 \u00een realitate! \u2013 toat\u0103 povestea s-a \u00eenchis pe data de 12 ianuarie 2023, c\u00e2nd Prim\u0103ria Giroc a emis, tot \u00een beneficiul lui Cristian Fedor, certificatul de atestare a edific\u0103rii construc\u021biei nr. 1448. <strong>Practic, administra\u021bia local\u0103 a parafat, la fa\u021ba locului \u0219i pe baza de comisie, c\u0103 imobilul respect\u0103 AC nr 129 din 26 martie 2019, adic\u0103 un imobil de P+2E, de\u0219i imobilul are\u2026 patru niveluri<\/strong>!<\/p>\n<p>Povestea a mers chiar mai departe c\u0103ci, pe data de 23 mai 2023, la foc continuu \u0219i prin numere succesive, administra\u021bia local\u0103 i-a eliberat lui Cristian Fedor, \u00een beneficiul imobilului de pe strada F\u00e2nt\u00e2ni nr. 18 din Giroc, <strong>cel pu\u021bin un num\u0103r de 14 Certificate de Urbanism (nr. 304-317) prin care i-a schimbat SAD-urile\u2026 \u00een apartamente de locuit<\/strong>!\u00a0Toate \u00een alb, f\u0103r\u0103 preten\u021bii de avize sau expertize! \u0218i, ca tot tac\u00e2mul s\u0103 fie complet, dup\u0103 cum reiese din sistemul electronic al administra\u021biei locale, documenta\u021biile lui Cristian Fedor au fost procesate\/validate pe loc \u0219i \u00eenscrise \u00een calculator cu data depunerii:\u00a024 aprilie 2023, cu \u00eencepere de la ora 17.22 minute!!!\u00a0\u00cen afara programului legal de lucru, care s-a \u00eencheiat la ora 16! A\u0219a c\u0103 motivele pentru care, de la data \u00eentocmirii celor 14 Certificate de Urbanism (24 aprilie 2023), angaja\u021bii Prim\u0103riei Giroc au mai a\u0219teptat 30 de zile (23 mai 2023), sunt absolut evidente.<\/p>\n<p>La fel de evidente ca \u0219i muncile \u00een folosul comunit\u0103\u021bii desf\u0103\u0219urate de arhitecta-\u0219ef\u0103 a Prim\u0103riei Giroc, Cristina Babescu. Exact acelea\u0219i presta\u021bii pentru care, azi, \u00eent\u00e2ia urbanist\u0103 a comunei este cercetat\u0103 de Agen\u021bia Na\u021bional\u0103 de Integritate. \u0218i nu numai!<\/p>\n<figure class=\"wp-block-gallery has-nested-images columns-default is-cropped td-modal-on-gallery wp-block-gallery-1 is-layout-flex wp-block-gallery-is-layout-flex\">\n<figure class=\"wp-block-image size-large\"><a href=\"https:\/\/voceatimisului.ro\/wp-content\/uploads\/2023\/08\/Cristian-Fedor2.jpg\"><img loading=\"lazy\" decoding=\"async\" width=\"745\" height=\"1024\" data-id=\"156775\" src=\"https:\/\/analyse.optim.biz\/wp-content\/uploads\/2026\/01\/cristian-fedor2-745x1024-1.jpg\" alt=\"Inspectoratul de Stat \u00een Construc\u021bii Timi\u0219 inten\u021bioneaz\u0103 s\u0103 demareze procedurile administrative pentru anularea unor autoriza\u021bii de construire, la alte dou\u0103 imobile colective de pe raza comunei Giroc\" class=\"wp-image-156775\" title=\"cristian-fedor2-745x1024-1\"><\/a><\/figure>\n<figure class=\"wp-block-image size-large\"><a href=\"https:\/\/voceatimisului.ro\/wp-content\/uploads\/2023\/08\/Cristian-Fedor1.jpg\"><img loading=\"lazy\" decoding=\"async\" width=\"747\" height=\"1024\" data-id=\"156776\" src=\"https:\/\/analyse.optim.biz\/wp-content\/uploads\/2026\/01\/cristian-fedor1-747x1024-1.jpg\" alt=\"Inspectoratul de Stat \u00een Construc\u021bii Timi\u0219 inten\u021bioneaz\u0103 s\u0103 demareze procedurile administrative pentru anularea unor autoriza\u021bii de construire, la alte dou\u0103 imobile colective de pe raza comunei Giroc\" class=\"wp-image-156776\" title=\"cristian-fedor1-747x1024-1\"><\/a><\/figure>\n<figure class=\"wp-block-image size-large\"><a href=\"https:\/\/voceatimisului.ro\/wp-content\/uploads\/2023\/08\/Cristian-Fedor3.jpg\"><img loading=\"lazy\" decoding=\"async\" width=\"791\" height=\"1024\" data-id=\"156777\" src=\"https:\/\/analyse.optim.biz\/wp-content\/uploads\/2026\/01\/cristian-fedor3-791x1024-1.jpg\" alt=\"Inspectoratul de Stat \u00een Construc\u021bii Timi\u0219 inten\u021bioneaz\u0103 s\u0103 demareze procedurile administrative pentru anularea unor autoriza\u021bii de construire, la alte dou\u0103 imobile colective de pe raza comunei Giroc\" class=\"wp-image-156777\" title=\"cristian-fedor3-791x1024-1\"><\/a><\/figure>\n<figure class=\"wp-block-image size-large\"><a href=\"https:\/\/voceatimisului.ro\/wp-content\/uploads\/2023\/08\/Cristian-Fedor4.jpg\"><img decoding=\"async\" loading=\"lazy\" width=\"804\" height=\"1024\" data-id=\"156778\" src=\"https:\/\/analyse.optim.biz\/wp-content\/uploads\/2026\/01\/cristian-fedor4-804x1024-1.jpg\" alt=\"Inspectoratul de Stat \u00een Construc\u021bii Timi\u0219 inten\u021bioneaz\u0103 s\u0103 demareze procedurile administrative pentru anularea unor autoriza\u021bii de construire, la alte dou\u0103 imobile colective de pe raza comunei Giroc\" class=\"wp-image-156778\" title=\"cristian-fedor4-804x1024-1\"><\/a><\/figure>\n<figure class=\"wp-block-image size-large\"><a href=\"https:\/\/voceatimisului.ro\/wp-content\/uploads\/2023\/08\/Cristian-Fedor5.jpg\"><img decoding=\"async\" loading=\"lazy\" width=\"778\" height=\"1024\" data-id=\"156779\" src=\"https:\/\/analyse.optim.biz\/wp-content\/uploads\/2026\/01\/cristian-fedor5-778x1024-1.jpg\" alt=\"Inspectoratul de Stat \u00een Construc\u021bii Timi\u0219 inten\u021bioneaz\u0103 s\u0103 demareze procedurile administrative pentru anularea unor autoriza\u021bii de construire, la alte dou\u0103 imobile colective de pe raza comunei Giroc\" class=\"wp-image-156779\" title=\"cristian-fedor5-778x1024-1\"><\/a><\/figure>\n<figure class=\"wp-block-image size-large\"><a href=\"https:\/\/voceatimisului.ro\/wp-content\/uploads\/2023\/08\/Cristian-Fedor6.jpg\"><img decoding=\"async\" loading=\"lazy\" width=\"740\" height=\"1024\" data-id=\"156780\" src=\"https:\/\/analyse.optim.biz\/wp-content\/uploads\/2026\/01\/cristian-fedor6-740x1024-1.jpg\" alt=\"Inspectoratul de Stat \u00een Construc\u021bii Timi\u0219 inten\u021bioneaz\u0103 s\u0103 demareze procedurile administrative pentru anularea unor autoriza\u021bii de construire, la alte dou\u0103 imobile colective de pe raza comunei Giroc\" class=\"wp-image-156780\" title=\"cristian-fedor6-740x1024-1\"><\/a><\/figure>\n<figure class=\"wp-block-image size-large\"><a href=\"https:\/\/voceatimisului.ro\/wp-content\/uploads\/2023\/08\/Cristian-Fedor7.jpg\"><img decoding=\"async\" loading=\"lazy\" width=\"780\" height=\"1024\" data-id=\"156781\" src=\"https:\/\/analyse.optim.biz\/wp-content\/uploads\/2026\/01\/cristian-fedor7-780x1024-1.jpg\" alt=\"Inspectoratul de Stat \u00een Construc\u021bii Timi\u0219 inten\u021bioneaz\u0103 s\u0103 demareze procedurile administrative pentru anularea unor autoriza\u021bii de construire, la alte dou\u0103 imobile colective de pe raza comunei Giroc\" class=\"wp-image-156781\" title=\"cristian-fedor7-780x1024-1\"><\/a><\/figure>\n<figure class=\"wp-block-image size-large\"><a href=\"https:\/\/voceatimisului.ro\/wp-content\/uploads\/2023\/08\/Cristian-Fedor8.jpg\"><img decoding=\"async\" loading=\"lazy\" width=\"793\" height=\"1024\" data-id=\"156782\" src=\"https:\/\/analyse.optim.biz\/wp-content\/uploads\/2026\/01\/cristian-fedor8-793x1024-1.jpg\" alt=\"Inspectoratul de Stat \u00een Construc\u021bii Timi\u0219 inten\u021bioneaz\u0103 s\u0103 demareze procedurile administrative pentru anularea unor autoriza\u021bii de construire, la alte dou\u0103 imobile colective de pe raza comunei Giroc\" class=\"wp-image-156782\" title=\"cristian-fedor8-793x1024-1\"><\/a><\/figure>\n<figure class=\"wp-block-image size-large\"><a href=\"https:\/\/voceatimisului.ro\/wp-content\/uploads\/2023\/08\/Cristian-Fedor9.jpg\"><img decoding=\"async\" loading=\"lazy\" width=\"719\" height=\"1024\" data-id=\"156783\" src=\"https:\/\/analyse.optim.biz\/wp-content\/uploads\/2026\/01\/cristian-fedor9-719x1024-1.jpg\" alt=\"Inspectoratul de Stat \u00een Construc\u021bii Timi\u0219 inten\u021bioneaz\u0103 s\u0103 demareze procedurile administrative pentru anularea unor autoriza\u021bii de construire, la alte dou\u0103 imobile colective de pe raza comunei Giroc\" class=\"wp-image-156783\" title=\"cristian-fedor9-719x1024-1\"><\/a><\/figure>\n<figure class=\"wp-block-image size-large\"><a href=\"https:\/\/voceatimisului.ro\/wp-content\/uploads\/2023\/07\/strada-Fantani-nr.-18-din-Giroc5.jpg\"><img decoding=\"async\" loading=\"lazy\" width=\"1024\" height=\"768\" data-id=\"156393\" src=\"https:\/\/analyse.optim.biz\/wp-content\/uploads\/2026\/01\/strada-fantani-nr-18-din-giroc5-1024x768-1.jpg\" alt=\"Inspectoratul de Stat \u00een Construc\u021bii Timi\u0219 inten\u021bioneaz\u0103 s\u0103 demareze procedurile administrative pentru anularea unor autoriza\u021bii de construire, la alte dou\u0103 imobile colective de pe raza comunei Giroc\" class=\"wp-image-156393\" title=\"strada-fantani-nr-18-din-giroc5-1024x768-1\"><\/a><\/figure>\n<figure class=\"wp-block-image size-large\"><a href=\"https:\/\/voceatimisului.ro\/wp-content\/uploads\/2023\/07\/strada-Fantani-nr.-18-din-Giroc4.jpg\"><img decoding=\"async\" loading=\"lazy\" width=\"1024\" height=\"576\" data-id=\"156391\" src=\"https:\/\/analyse.optim.biz\/wp-content\/uploads\/2026\/01\/strada-fantani-nr-18-din-giroc4-1024x576-1.jpg\" alt=\"Inspectoratul de Stat \u00een Construc\u021bii Timi\u0219 inten\u021bioneaz\u0103 s\u0103 demareze procedurile administrative pentru anularea unor autoriza\u021bii de construire, la alte dou\u0103 imobile colective de pe raza comunei Giroc\" class=\"wp-image-156391\" title=\"strada-fantani-nr-18-din-giroc4-1024x576-1\"><\/a><\/figure>\n<figure class=\"wp-block-image size-large\"><a href=\"https:\/\/voceatimisului.ro\/wp-content\/uploads\/2023\/07\/strada-Fantani-nr.-18-din-Giroc3.jpg\"><img decoding=\"async\" loading=\"lazy\" width=\"1024\" height=\"576\" data-id=\"156392\" src=\"https:\/\/analyse.optim.biz\/wp-content\/uploads\/2026\/01\/strada-fantani-nr-18-din-giroc3-1024x576-1.jpg\" alt=\"Inspectoratul de Stat \u00een Construc\u021bii Timi\u0219 inten\u021bioneaz\u0103 s\u0103 demareze procedurile administrative pentru anularea unor autoriza\u021bii de construire, la alte dou\u0103 imobile colective de pe raza comunei Giroc\" class=\"wp-image-156392\" title=\"strada-fantani-nr-18-din-giroc3-1024x576-1\"><\/a><\/figure>\n<figure class=\"wp-block-image size-large\"><a href=\"https:\/\/voceatimisului.ro\/wp-content\/uploads\/2023\/07\/strada-Fantani-nr.-18-din-Giroc6.jpg\"><img decoding=\"async\" data-id=\"156396\" src=\"https:\/\/analyse.optim.biz\/wp-content\/uploads\/2026\/01\/strada-fantani-nr-18-din-giroc6-1024x576-1.jpg\" alt=\"Inspectoratul de Stat \u00een Construc\u021bii Timi\u0219 inten\u021bioneaz\u0103 s\u0103 demareze procedurile administrative pentru anularea unor autoriza\u021bii de construire, la alte dou\u0103 imobile colective de pe raza comunei Giroc\" class=\"wp-image-156396\" title=\"strada-fantani-nr-18-din-giroc6-1024x576-1\"><\/a><\/figure>\n<figure class=\"wp-block-image size-large\"><a href=\"https:\/\/voceatimisului.ro\/wp-content\/uploads\/2023\/07\/imobilul-de-pe-strada-Fantani-nr.-18-din-Giroc08.jpg\"><img decoding=\"async\" loading=\"lazy\" width=\"1024\" height=\"768\" data-id=\"156387\" src=\"https:\/\/analyse.optim.biz\/wp-content\/uploads\/2026\/01\/imobilul-de-pe-strada-fantani-nr-18-din-giroc08-1024x768-1.jpg\" alt=\"Inspectoratul de Stat \u00een Construc\u021bii Timi\u0219 inten\u021bioneaz\u0103 s\u0103 demareze procedurile administrative pentru anularea unor autoriza\u021bii de construire, la alte dou\u0103 imobile colective de pe raza comunei Giroc\" class=\"wp-image-156387\" title=\"imobilul-de-pe-strada-fantani-nr-18-din-giroc08-1024x768-1\"><\/a><\/figure>\n<figure class=\"wp-block-image size-large\"><a href=\"https:\/\/voceatimisului.ro\/wp-content\/uploads\/2023\/07\/imobilul-de-pe-strada-Fantani-nr.-18-din-Giroc09.jpg\"><img decoding=\"async\" loading=\"lazy\" width=\"1024\" height=\"768\" data-id=\"156388\" src=\"https:\/\/analyse.optim.biz\/wp-content\/uploads\/2026\/01\/imobilul-de-pe-strada-fantani-nr-18-din-giroc09-1024x768-1.jpg\" alt=\"Inspectoratul de Stat \u00een Construc\u021bii Timi\u0219 inten\u021bioneaz\u0103 s\u0103 demareze procedurile administrative pentru anularea unor autoriza\u021bii de construire, la alte dou\u0103 imobile colective de pe raza comunei Giroc\" class=\"wp-image-156388\" title=\"imobilul-de-pe-strada-fantani-nr-18-din-giroc09-1024x768-1\"><\/a><\/figure>\n<\/figure>\n<\/div>\n<\/div>\n<div class=\"td_block_wrap tdb_single_tags tdi_88 td-pb-border-top td_block_template_1\" data-td-block-uid=\"tdi_88\">\n<div class=\"tdb-block-inner td-fix-index\">\n<ul class=\"tdb-tags\">\n<li><span>Tags<\/span><\/li>\n<li><a href=\"https:\/\/voceatimisului.ro\/tag\/cristian-fedor\/\">cristian fedor<\/a><\/li>\n<li><a href=\"https:\/\/voceatimisului.ro\/tag\/cristina-babescu\/\">Cristina Babescu<\/a><\/li>\n<li><a href=\"https:\/\/voceatimisului.ro\/tag\/dna-timisoara\/\">dna timisoara<\/a><\/li>\n<li><a href=\"https:\/\/voceatimisului.ro\/tag\/inspectoratul-de-stat-in-constructii\/\">inspectoratul de stat in constructii<\/a><\/li>\n<\/ul>\n<\/div>\n<\/div>\n<div class=\"td_block_wrap tdb_single_post_share tdi_89  td-pb-border-top td_block_template_1\" data-td-block-uid=\"tdi_89\">\n<div id=\"tdi_89\" class=\"td-post-sharing tdb-block td-ps-bg td-ps-notext td-post-sharing-style1 \">\n<div class=\"td-post-sharing-visible\"><a class=\"td-social-sharing-button td-social-sharing-button-js td-social-network td-social-facebook\" href=\"https:\/\/www.facebook.com\/sharer.php?u=https%3A%2F%2Fvoceatimisului.ro%2Finspectoratul-de-stat-in-constructii-timis-intentioneaza-sa-demareze-procedurile-administrative-pentru-anularea-unor-autorizatii-de-construire-la-alte-doua-imobile-colective-de-pe-raza-comunei-giroc%2F\" title=\"Facebook\" rel=\"noopener\"><\/p>\n<div class=\"td-social-but-text\">Facebook<\/div>\n<p><\/a><a class=\"td-social-sharing-button td-social-sharing-button-js td-social-network td-social-twitter\" href=\"https:\/\/twitter.com\/intent\/tweet?text=Inspectoratul+de+Stat+%C3%AEn+Construc%C8%9Bii+Timi%C8%99+inten%C8%9Bioneaz%C4%83+s%C4%83+demareze+procedurile+administrative+pentru+anularea+unor+autoriza%C8%9Bii+de+construire%2C+la+alte+dou%C4%83+imobile+colective+de+pe+raza+comunei+Giroc&amp;url=https%3A%2F%2Fvoceatimisului.ro%2Finspectoratul-de-stat-in-constructii-timis-intentioneaza-sa-demareze-procedurile-administrative-pentru-anularea-unor-autorizatii-de-construire-la-alte-doua-imobile-colective-de-pe-raza-comunei-giroc%2F&amp;via=Vocea+Timisului\" title=\"Twitter\" rel=\"noopener\"><\/p>\n<div class=\"td-social-but-text\">Twitter<\/div>\n<p><\/a><a class=\"td-social-sharing-button td-social-sharing-button-js td-social-network td-social-pinterest\" href=\"https:\/\/pinterest.com\/pin\/create\/button\/?url=https:\/\/voceatimisului.ro\/inspectoratul-de-stat-in-constructii-timis-intentioneaza-sa-demareze-procedurile-administrative-pentru-anularea-unor-autorizatii-de-construire-la-alte-doua-imobile-colective-de-pe-raza-comunei-giroc\/&amp;media=https:\/\/analyse.optim.biz\/wp-content\/uploads\/2026\/01\/cristina-babescu-dan-virtosu-carmina-mateia-jpg.webp&amp;description=Inspectoratul+de+Stat+%C3%AEn+Construc%C8%9Bii+Timi%C8%99+inten%C8%9Bioneaz%C4%83+s%C4%83+demareze+procedurile+administrative+pentru+anularea+unor+autoriza%C8%9Bii+de+construire%2C+la+alte+dou%C4%83+imobile+colective+de+pe+raza+comunei+Giroc\" title=\"Pinterest\" rel=\"noopener\"><\/p>\n<div class=\"td-social-but-text\">Pinterest<\/div>\n<p><\/a><a class=\"td-social-sharing-button td-social-sharing-button-js td-social-network td-social-whatsapp\" href=\"https:\/\/api.whatsapp.com\/send?text=Inspectoratul+de+Stat+%C3%AEn+Construc%C8%9Bii+Timi%C8%99+inten%C8%9Bioneaz%C4%83+s%C4%83+demareze+procedurile+administrative+pentru+anularea+unor+autoriza%C8%9Bii+de+construire%2C+la+alte+dou%C4%83+imobile+colective+de+pe+raza+comunei+Giroc%20%0A%0A%20https:\/\/voceatimisului.ro\/inspectoratul-de-stat-in-constructii-timis-intentioneaza-sa-demareze-procedurile-administrative-pentru-anularea-unor-autorizatii-de-construire-la-alte-doua-imobile-colective-de-pe-raza-comunei-giroc\/\" title=\"WhatsApp\" rel=\"noopener\"><\/p>\n<div class=\"td-social-but-text\">WhatsApp<\/div>\n<p><\/a><a class=\"td-social-sharing-button td-social-sharing-button-js td-social-network td-social-linkedin\" href=\"https:\/\/www.linkedin.com\/shareArticle?mini=true&amp;url=https:\/\/voceatimisului.ro\/inspectoratul-de-stat-in-constructii-timis-intentioneaza-sa-demareze-procedurile-administrative-pentru-anularea-unor-autorizatii-de-construire-la-alte-doua-imobile-colective-de-pe-raza-comunei-giroc\/&amp;title=Inspectoratul+de+Stat+%C3%AEn+Construc%C8%9Bii+Timi%C8%99+inten%C8%9Bioneaz%C4%83+s%C4%83+demareze+procedurile+administrative+pentru+anularea+unor+autoriza%C8%9Bii+de+construire%2C+la+alte+dou%C4%83+imobile+colective+de+pe+raza+comunei+Giroc\" title=\"Linkedin\" rel=\"noopener\"><\/p>\n<div class=\"td-social-but-text\">Linkedin<\/div>\n<p><\/a><a class=\"td-social-sharing-button td-social-sharing-button-js td-social-network td-social-copy_url\" href=\"https:\/\/voceatimisului.ro\/inspectoratul-de-stat-in-constructii-timis-intentioneaza-sa-demareze-procedurile-administrative-pentru-anularea-unor-autorizatii-de-construire-la-alte-doua-imobile-colective-de-pe-raza-comunei-giroc\/\" title=\"Copy URL\" rel=\"noopener\"><\/p>\n<div class=\"td-social-but-text\">Copy URL<\/div>\n<p><\/a><\/div>\n<\/div>\n<\/div>\n<div class=\"td_block_wrap tdb_single_next_prev tdi_90 td-animation-stack td-next-prev-img-on td-pb-border-top td_block_template_1\" data-td-block-uid=\"tdi_90\">\n<div class=\"tdb-block-inner td-fix-index\">\n<div class=\"tdb-next-post tdb-next-post-bg tdb-post-prev\"><span>Articolul precedent<\/span><\/p>\n<div class=\"td-module-container\">\n<div class=\"td-image-container\"><a class=\"td-image-wrap\" href=\"https:\/\/voceatimisului.ro\/loteria-avizelor-directia-nationala-anticoruptie-a-resetat-tabla-de-joc-in-cazul-cooperatistilor-imobiliari-de-pe-raza-comunei-giroc-puiu-minda-si-mueen-al-shawish\/\"><img loading=\"lazy\" decoding=\"async\" class=\"td-next-prev-image td-fix-index td-lazy-img\" title=\"Loteria (a)vizelor! Direc\u021bia Na\u021bional\u0103 Anticorup\u021bie a resetat tabla de joc, \u00een cazul cooperati\u0219tilor imobiliari de pe raza comunei Giroc, Puiu Minda \u0219i Mueen Al Shawish\" width=\"696\" height=\"863\" src=\"https:\/\/analyse.optim.biz\/wp-content\/uploads\/2026\/01\/puiu-minda-si-mimo-jpg-696x863-1-2.webp\"><\/a><\/div>\n<div class=\"next-prev-title\"><a href=\"https:\/\/voceatimisului.ro\/loteria-avizelor-directia-nationala-anticoruptie-a-resetat-tabla-de-joc-in-cazul-cooperatistilor-imobiliari-de-pe-raza-comunei-giroc-puiu-minda-si-mueen-al-shawish\/\">Loteria (a)vizelor! Direc\u021bia Na\u021bional\u0103 Anticorup\u021bie a resetat tabla de joc, \u00een cazul cooperati\u0219tilor imobiliari de pe raza comunei Giroc, Puiu Minda \u0219i Mueen Al Shawish<\/a><\/div>\n<\/div>\n<\/div>\n<div class=\"tdb-next-post tdb-next-post-bg tdb-post-next\"><span>Articolul urm\u0103tor<\/span><\/p>\n<div class=\"td-module-container\">\n<div class=\"td-image-container\"><a class=\"td-image-wrap\" href=\"https:\/\/voceatimisului.ro\/ultima-moda-la-spitalul-judetean-timisoara-pacientii-ministrului-sanatatii-alexandru-rafila-sunt-trimisi-la-tomberon-direct-din-unitatea-de-primiri-urgente\/\"><img loading=\"lazy\" decoding=\"async\" class=\"td-next-prev-image td-fix-index td-lazy-img\" title=\"Ultima mod\u0103! La Spitalul Jude\u021bean Timi\u0219oara, pacien\u021bii ministrului s\u0103n\u0103t\u0103\u021bii Alexandru Rafila sunt trimi\u0219i\u2026 la tomberon, direct din Unitatea de Primiri Urgen\u021be\" width=\"696\" height=\"392\" src=\"https:\/\/analyse.optim.biz\/wp-content\/uploads\/2026\/01\/urgenta-spitalul-judetean-timisoara-jpg-696x392-1.webp\"><\/a><\/div>\n<div class=\"next-prev-title\"><a href=\"https:\/\/voceatimisului.ro\/ultima-moda-la-spitalul-judetean-timisoara-pacientii-ministrului-sanatatii-alexandru-rafila-sunt-trimisi-la-tomberon-direct-din-unitatea-de-primiri-urgente\/\">Ultima mod\u0103! La Spitalul Jude\u021bean Timi\u0219oara, pacien\u021bii ministrului s\u0103n\u0103t\u0103\u021bii Alexandru Rafila sunt trimi\u0219i\u2026 la tomberon, direct din Unitatea de Primiri Urgen\u021be<\/a><\/div>\n<\/div>\n<\/div>\n<\/div>\n<\/div>\n<\/div>\n<\/div>\n<\/div>\n<\/div>\n<div class=\"vc_row_inner tdi_100  vc_row vc_inner wpb_row td-pb-row\">\n<div class=\"vc_column_inner tdi_102  wpb_column vc_column_container tdc-inner-column td-pb-span4 td-is-sticky\">\n<div class=\"vc_column-inner\">\n<div class=\"wpb_wrapper\" data-sticky-enabled-on=\"W3RydWUsdHJ1ZSx0cnVlLHRydWVd\" data-sticky-offset=\"20\" data-sticky-is-width-auto=\"W2ZhbHNlLGZhbHNlLGZhbHNlLGZhbHNlXQ==\">\n<div class=\"td_block_wrap tdb_single_related tdi_103 td_with_ajax_pagination td-pb-border-top td_block_template_1 tdb-single-related-posts\" data-td-block-uid=\"tdi_103\">\n<div id=\"tdi_103\" class=\"td_block_inner tdb-block-inner td-fix-index\">\n<div class=\"tdb_module_related td_module_wrap td-animation-stack td-meta-info-hide\">\n<div class=\"td-module-container td-category-pos-image\">\n<div class=\"td-module-meta-info\">\n<h3 class=\"entry-title td-module-title\"><a href=\"https:\/\/voceatimisului.ro\/noaptea-mintii-agentia-nationala-de-integritate-acuza-primaria-giroc-de-minciuna-si-tainuire-in-comunicarea-institutionala-privind-conflictul-de-interese-al-fostei-arhitecte-sefe-cristina-babescu\/\" rel=\"bookmark\" title=\"Noaptea min\u021bii! Agen\u021bia Na\u021bional\u0103 de Integritate acuz\u0103 Prim\u0103ria Giroc de minciun\u0103 \u0219i t\u0103inuire \u00een comunicarea institu\u021bional\u0103 privind conflictul de interese al fostei arhitecte-\u0219efe Cristina Babescu\">Noaptea min\u021bii! Agen\u021bia Na\u021bional\u0103 de Integritate acuz\u0103 Prim\u0103ria Giroc de minciun\u0103 \u0219i t\u0103inuire \u00een comunicarea institu\u021bional\u0103 privind conflictul de interese al fostei arhitecte-\u0219efe Cristina&#8230;<\/a><\/h3>\n<\/div>\n<\/div>\n<\/div>\n<div class=\"tdb_module_related td_module_wrap td-animation-stack td-meta-info-hide\">\n<div class=\"td-module-container td-category-pos-image\">\n<div class=\"td-module-meta-info\">\n<h3 class=\"entry-title td-module-title\"><a href=\"https:\/\/voceatimisului.ro\/autodenunt-arhitect-cristina-babescu-primaria-giroc-atentie-la-institutii-la-casele-insiruite-din-extravilan-acolo-unde-am-dat-edificarea-s-a-pus-problema-de-favorizarea-infractorulu\/\" rel=\"bookmark\" title=\"(Auto)denun\u021b! Arhitect Cristina Babescu, Prim\u0103ria Giroc: \u201cAten\u021bie, la institu\u021bii, la casele \u00een\u0219iruite din extravilan, acolo unde am dat edificarea, s-a pus problema de favorizarea infractorului\u201d\">(Auto)denun\u021b! Arhitect Cristina Babescu, Prim\u0103ria Giroc: \u201cAten\u021bie, la institu\u021bii, la casele \u00een\u0219iruite din extravilan, acolo unde am dat edificarea, s-a pus problema de favorizarea&#8230;<\/a><\/h3>\n<\/div>\n<\/div>\n<\/div>\n<div class=\"tdb_module_related td_module_wrap td-animation-stack td-meta-info-hide\">\n<div class=\"td-module-container td-category-pos-image\">\n<div class=\"td-module-meta-info\">\n<h3 class=\"entry-title td-module-title\"><a href=\"https:\/\/voceatimisului.ro\/limbaj-academic-secretar-carmina-mateia-primaria-giroc-cine-mama-dracului-e-simona-ivut-i-am-facut-hartie-la-tampita-aia-de-avocata-eu-nu-ii-inteleg-frustrarea-cand-a-construit\/\" rel=\"bookmark\" title=\"Limbaj academic! Secretar Carmina Mateia \u2013 Prim\u0103ria Giroc: \u201dCine mama dracului e Simona Ivu\u021b? I-am f\u0103cut h\u00e2rtie la t\u00e2mpita aia de avocat\u0103. Eu nu \u00eei \u00een\u021beleg frustrarea! C\u00e2nd a construit ilegal, nu a fost frustrat\u0103?\u201d\">Limbaj academic! Secretar Carmina Mateia \u2013 Prim\u0103ria Giroc: \u201dCine mama dracului e Simona Ivu\u021b? I-am f\u0103cut h\u00e2rtie la t\u00e2mpita aia de avocat\u0103. Eu nu&#8230;<\/a><\/h3>\n<\/div>\n<\/div>\n<\/div>\n<\/div>\n<\/div>\n<\/div>\n<\/div>\n<\/div>\n<div class=\"vc_column_inner tdi_105  wpb_column vc_column_container tdc-inner-column td-pb-span8\">\n<div class=\"vc_column-inner\">\n<div class=\"wpb_wrapper\">\n<div class=\"td_block_wrap tdb_single_comments tdi_106 tdb-comm-layout2 td-pb-border-top td_block_template_2\" data-td-block-uid=\"tdi_106\">\n<div class=\"tdb-block-inner td-fix-index\">\n<div class=\"comments\" id=\"comments\">\n<div class=\"td-comments-title-wrap td_block_template_2\">\n<h4 class=\"td-comments-title td-block-title\"><span>4 COMENTARII<\/span><\/h4>\n<\/div>\n<ol class=\"comment-list\">\n<li class=\"comment \" id=\"comment-26998\">\n<article>\n<footer><cite>marlen<\/cite><a class=\"comment-link\" href=\"https:\/\/voceatimisului.ro\/inspectoratul-de-stat-in-constructii-timis-intentioneaza-sa-demareze-procedurile-administrative-pentru-anularea-unor-autorizatii-de-construire-la-alte-doua-imobile-colective-de-pe-raza-comunei-giroc\/#comment-26998\"><time><br \/>\n\t\t\t\t\t\t    23 august 2023\t\t\t\t\t\t    La\t\t\t\t\t\t    5:05 PM<\/time><\/a><\/footer>\n<div class=\"comment-content\">\n<p>vedeti pe vreunul legat ??? Sau sa dea banii inapoi ??? Toti au din aceste afaceri murdare  vilesi case la dunare ,in Giroc ,In strainatate<br \/>\nToti judecatori ,procurori ,politie ,finante ,ISC  toti Asta este motivylpentru care dosarele stau la sertar .<br \/>\nCu ginerica COROIU CATALIN   ce se mai aude ???Tot pe autorizatia  sotiei lucxreaza ?Nu  a reusit  nici acum sa  obtina diploma de arhitect ???<br \/>\nImportant este ca  are FERARI\u2026\u2026<\/p>\n<\/div>\n<div class=\"comment-meta\" id=\"comment-26998\"><a rel=\"nofollow\" class=\"comment-reply-link\" href=\"https:\/\/voceatimisului.ro\/inspectoratul-de-stat-in-constructii-timis-intentioneaza-sa-demareze-procedurile-administrative-pentru-anularea-unor-autorizatii-de-construire-la-alte-doua-imobile-colective-de-pe-raza-comunei-giroc\/#comment-26998\" data-commentid=\"26998\" data-postid=\"156768\" data-belowelement=\"comment-26998\" data-respondelement=\"respond\" data-replyto=\"R\u0103spunde-i lui marlen\" aria-label=\"R\u0103spunde-i lui marlen\">R\u0103spunde\u021bi<\/a><\/div>\n<\/article>\n<\/li>\n<li class=\"comment \" id=\"comment-26950\">\n<article>\n<footer><cite>Paul Costea<\/cite><a class=\"comment-link\" href=\"https:\/\/voceatimisului.ro\/inspectoratul-de-stat-in-constructii-timis-intentioneaza-sa-demareze-procedurile-administrative-pentru-anularea-unor-autorizatii-de-construire-la-alte-doua-imobile-colective-de-pe-raza-comunei-giroc\/#comment-26950\"><time><br \/>\n\t\t\t\t\t\t    12 august 2023\t\t\t\t\t\t    La\t\t\t\t\t\t    1:46 AM<\/time><\/a><\/footer>\n<div class=\"comment-content\">\n<p>Tot la aceia\u0219i adresa mai este o ilegalitate ? Parcul fotovoltaic ,crede\u021bi ca are autoriza\u021bie? Nu. \u0218ti\u021bi unde se-ntalnesc uni dintre \u201cinvestitorii imobiliari\u201d din Giroc ? Pe malul Dun\u0103rii , \u0219i-au tras case de vacan\u021ba \u0219i-au mutat b\u0103rcile , skijeturile acolo \u00eentreba\u021bi-l pe unu dintre mini\u0219tri ( pe cel mare)!<\/p>\n<\/div>\n<div class=\"comment-meta\" id=\"comment-26950\"><a rel=\"nofollow\" class=\"comment-reply-link\" href=\"https:\/\/voceatimisului.ro\/inspectoratul-de-stat-in-constructii-timis-intentioneaza-sa-demareze-procedurile-administrative-pentru-anularea-unor-autorizatii-de-construire-la-alte-doua-imobile-colective-de-pe-raza-comunei-giroc\/#comment-26950\" data-commentid=\"26950\" data-postid=\"156768\" data-belowelement=\"comment-26950\" data-respondelement=\"respond\" data-replyto=\"R\u0103spunde-i lui Paul Costea\" aria-label=\"R\u0103spunde-i lui Paul Costea\">R\u0103spunde\u021bi<\/a><\/div>\n<\/article>\n<ul class=\"children\">\n<li class=\"comment \" id=\"comment-26972\">\n<article>\n<footer><cite>Orbul<\/cite><a class=\"comment-link\" href=\"https:\/\/voceatimisului.ro\/inspectoratul-de-stat-in-constructii-timis-intentioneaza-sa-demareze-procedurile-administrative-pentru-anularea-unor-autorizatii-de-construire-la-alte-doua-imobile-colective-de-pe-raza-comunei-giroc\/#comment-26972\"><time><br \/>\n\t\t\t\t\t\t    16 august 2023\t\t\t\t\t\t    La\t\t\t\t\t\t    10:39 PM<\/time><\/a><\/footer>\n<div class=\"comment-content\">\n<p>Toata lumea stie ca fostul arhitect are casa la Dunare!<\/p>\n<\/div>\n<div class=\"comment-meta\" id=\"comment-26972\"><a rel=\"nofollow\" class=\"comment-reply-link\" href=\"https:\/\/voceatimisului.ro\/inspectoratul-de-stat-in-constructii-timis-intentioneaza-sa-demareze-procedurile-administrative-pentru-anularea-unor-autorizatii-de-construire-la-alte-doua-imobile-colective-de-pe-raza-comunei-giroc\/#comment-26972\" data-commentid=\"26972\" data-postid=\"156768\" data-belowelement=\"comment-26972\" data-respondelement=\"respond\" data-replyto=\"R\u0103spunde-i lui Orbul\" aria-label=\"R\u0103spunde-i lui Orbul\">R\u0103spunde\u021bi<\/a><\/div>\n<\/article>\n<\/li>\n<\/ul>\n<\/li>\n<li class=\"comment \" id=\"comment-26942\">\n<article>\n<footer><cite>adnim<\/cite><a class=\"comment-link\" href=\"https:\/\/voceatimisului.ro\/inspectoratul-de-stat-in-constructii-timis-intentioneaza-sa-demareze-procedurile-administrative-pentru-anularea-unor-autorizatii-de-construire-la-alte-doua-imobile-colective-de-pe-raza-comunei-giroc\/#comment-26942\"><time><br \/>\n\t\t\t\t\t\t    10 august 2023\t\t\t\t\t\t    La\t\t\t\t\t\t    9:35 AM<\/time><\/a><\/footer>\n<div class=\"comment-content\">\n<p>Nu se linistesc pentru ca vad ca nu ii leaga nimeni.<\/p>\n<\/div>\n<div class=\"comment-meta\" id=\"comment-26942\"><a rel=\"nofollow\" class=\"comment-reply-link\" href=\"https:\/\/voceatimisului.ro\/inspectoratul-de-stat-in-constructii-timis-intentioneaza-sa-demareze-procedurile-administrative-pentru-anularea-unor-autorizatii-de-construire-la-alte-doua-imobile-colective-de-pe-raza-comunei-giroc\/#comment-26942\" data-commentid=\"26942\" data-postid=\"156768\" data-belowelement=\"comment-26942\" data-respondelement=\"respond\" data-replyto=\"R\u0103spunde-i lui adnim\" aria-label=\"R\u0103spunde-i lui adnim\">R\u0103spunde\u021bi<\/a><\/div>\n<\/article>\n<\/li>\n<\/ol>\n<div id=\"respond\" class=\"comment-respond\">\n<h3 id=\"reply-title\" class=\"comment-reply-title\">L\u0102SA\u021aI UN MESAJ <small><a rel=\"nofollow\" id=\"cancel-comment-reply-link\" href=\"https:\/\/voceatimisului.ro\/inspectoratul-de-stat-in-constructii-timis-intentioneaza-sa-demareze-procedurile-administrative-pentru-anularea-unor-autorizatii-de-construire-la-alte-doua-imobile-colective-de-pe-raza-comunei-giroc\/#respond\">Renun\u021ba\u021bi la r\u0103spuns<\/a><\/small><\/h3>\n<div class=\"comment-form-input-wrap td-form-comment\">\n<div class=\"td-warning-comment\">V\u0103 rug\u0103m s\u0103 introduce\u021bi comentariul dvs.!<\/div>\n<\/div>\n<div class=\"comment-form-input-wrap td-form-author\">\n<div class=\"td-warning-author\">Introduce\u021bi aici numele dvs.<\/div>\n<\/div>\n<div class=\"comment-form-input-wrap td-form-email\">\n<div class=\"td-warning-email-error\">A\u021bi introdus o adres\u0103 de e-mail incorect\u0103!<\/div>\n<div class=\"td-warning-email\">V\u0103 rug\u0103m s\u0103 introduce\u021bi adresa dvs. de e-mail aici<\/div>\n<\/div>\n<\/div>\n<\/div>\n<\/div>\n<\/div>\n<\/div>\n<\/div>\n<\/div>\n<\/div>\n<\/div>\n<\/div>\n<div class=\"vc_column tdi_108  wpb_column vc_column_container tdc-column td-pb-span4 td-is-sticky\">\n<div class=\"wpb_wrapper\" data-sticky-enabled-on=\"W3RydWUsdHJ1ZSx0cnVlLHRydWVd\" data-sticky-offset=\"20\" data-sticky-is-width-auto=\"W2ZhbHNlLGZhbHNlLGZhbHNlLGZhbHNlXQ==\">\n<div class=\"vc_row_inner tdi_110  vc_row vc_inner wpb_row td-pb-row\">\n<div class=\"vc_column_inner tdi_112  wpb_column vc_column_container tdc-inner-column td-pb-span12\">\n<div class=\"vc_column-inner\">\n<div class=\"wpb_wrapper\">\n<div class=\"td_block_wrap td_block_title tdi_113 td-pb-border-top td_block_template_11 td-fix-index\" data-td-block-uid=\"tdi_113\">\n<div class=\"td-block-title-wrap\">\n<h4 class=\"td-block-title\"><span class=\"td-pulldown-size\">ANUN\u021aURI \u0218I PUBLICITATE<\/span><\/h4>\n<\/div>\n<\/div>\n<\/div>\n<\/div>\n<\/div>\n<\/div>\n<div class=\"wpb_wrapper td_block_wrap vc_widget_sidebar tdi_115 \">\n<aside id=\"block-10\" class=\"td_block_template_1 widget block-10 widget_block widget_media_image\">\n<figure class=\"wp-block-image size-full\"><a href=\"https:\/\/adpghiroda.ro\/index.html\" target=\"_blank\" rel=\" noreferrer noopener\"><img decoding=\"async\" loading=\"lazy\" width=\"960\" height=\"960\" src=\"https:\/\/analyse.optim.biz\/wp-content\/uploads\/2026\/01\/adp-ghiroda2-226.jpg\" class=\"wp-image-171492\" title=\"adp-ghiroda2-226\"><\/a><\/figure>\n<\/aside>\n<aside id=\"block-11\" class=\"td_block_template_1 widget block-11 widget_block widget_media_image\">\n<figure class=\"wp-block-image size-full\"><a href=\"https:\/\/adpghiroda.ro\/index.html\" target=\"_blank\" rel=\" noreferrer noopener\"><img decoding=\"async\" loading=\"lazy\" width=\"960\" height=\"960\" src=\"https:\/\/analyse.optim.biz\/wp-content\/uploads\/2026\/01\/adp-ghiroda1-226.jpg\" class=\"wp-image-171491\" title=\"adp-ghiroda1-226\"><\/a><\/figure>\n<\/aside>\n<aside id=\"block-17\" class=\"td_block_template_1 widget block-17 widget_block widget_media_image\">\n<figure class=\"wp-block-image size-large is-resized\"><a href=\"https:\/\/verde.events\/\" target=\"_blank\" rel=\" noreferrer noopener\"><img decoding=\"async\" loading=\"lazy\" width=\"1024\" height=\"683\" src=\"https:\/\/analyse.optim.biz\/wp-content\/uploads\/2026\/01\/verde-events-24-1024x683-1-211.jpg\" alt=\"Verde Events\" class=\"wp-image-174395\" title=\"verde-events-24-1024x683-1-211\"><\/a><figcaption class=\"wp-element-caption\"><strong><em>O experien\u021b\u0103 unic\u0103 pentru orice tip de eveniment<\/em><\/strong><\/figcaption><\/figure>\n<\/aside>\n<\/div>\n<div class=\"td_block_wrap td_flex_block_1 tdi_121 td-pb-border-top td_block_template_1 td_ajax_preloading_preload td_flex_block\" data-td-block-uid=\"tdi_121\">\n<div id=\"tdi_121\" class=\"td_block_inner td-mc1-wrap\">\n<div class=\"td_module_flex td_module_flex_1 td_module_wrap td-animation-stack td-meta-info-hide td-cpt-post\">\n<div class=\"td-module-container td-category-pos-image\">\n<div class=\"td-module-meta-info\">\n<h3 class=\"entry-title td-module-title\"><a href=\"https:\/\/voceatimisului.ro\/interzis-minorilor-arhitect-cristina-babescu-primaria-giroc-eu-sunt-dracu-gol-cu-20-de-clase-peste-cretinul-ala-de-goia-si-leprosii-aia-de-la-vocea-timisului\/\" rel=\"bookmark\" title=\"Interzis minorilor! Arhitect Cristina Babescu \u2013 Prim\u0103ria Giroc: \u201cEu sunt dracu gol, cu 20 de clase peste cretinul \u0103la de Goia \u0219i lepro\u0219ii \u0103ia de la Vocea Timi\u0219ului\u201d\">Interzis minorilor! Arhitect Cristina Babescu \u2013 Prim\u0103ria Giroc: \u201cEu sunt dracu gol, cu 20 de clase peste cretinul \u0103la de Goia \u0219i lepro\u0219ii \u0103ia&#8230;<\/a><\/h3>\n<\/div>\n<\/div>\n<\/div>\n<div class=\"td_module_flex td_module_flex_1 td_module_wrap td-animation-stack td-meta-info-hide td-cpt-post\">\n<div class=\"td-module-container td-category-pos-image\">\n<div class=\"td-module-meta-info\">\n<h3 class=\"entry-title td-module-title\"><a href=\"https:\/\/voceatimisului.ro\/disperare-maxima-tentativa-de-frauda-la-primaria-giroc-surprinsa-in-flagrant-in-mijlocul-unei-anchete-penale-a-serviciului-de-investigare-a-criminalitatii-economice\/\" rel=\"bookmark\" title=\"Disperare maxim\u0103! Tentativ\u0103 de fraud\u0103 la Prim\u0103ria Giroc, surprins\u0103 \u00een flagrant, \u00een mijlocul unei anchete penale a Serviciului de Investigare a Criminalit\u0103\u021bii Economice\">Disperare maxim\u0103! Tentativ\u0103 de fraud\u0103 la Prim\u0103ria Giroc, surprins\u0103 \u00een flagrant, \u00een mijlocul unei anchete penale a Serviciului de Investigare a Criminalit\u0103\u021bii Economice<\/a><\/h3>\n<\/div>\n<\/div>\n<\/div>\n<div class=\"td_module_flex td_module_flex_1 td_module_wrap td-animation-stack td-meta-info-hide td-cpt-post\">\n<div class=\"td-module-container td-category-pos-image\">\n<div class=\"td-module-meta-info\">\n<h3 class=\"entry-title td-module-title\"><a href=\"https:\/\/voceatimisului.ro\/zona-crepusculara-primaria-giroc-a-depus-plangeri-penale-impotriva-functionarilor-publici-care-au-sustras-documente-si-dosare-intregi-de-urbanism\/\" rel=\"bookmark\" title=\"Zona Crepuscular\u0103! Prim\u0103ria Giroc a depus pl\u00e2ngeri penale \u00eempotriva func\u021bionarilor publici care au sustras documente \u0219i dosare \u00eentregi de urbanism\">Zona Crepuscular\u0103! Prim\u0103ria Giroc a depus pl\u00e2ngeri penale \u00eempotriva func\u021bionarilor publici care au sustras documente \u0219i dosare \u00eentregi de urbanism<\/a><\/h3>\n<\/div>\n<\/div>\n<\/div>\n<div class=\"td_module_flex td_module_flex_1 td_module_wrap td-animation-stack td-meta-info-hide td-cpt-post\">\n<div class=\"td-module-container td-category-pos-image\">\n<div class=\"td-module-meta-info\">\n<h3 class=\"entry-title td-module-title\"><a href=\"https:\/\/voceatimisului.ro\/blocul-invizibil-din-dosarul-tehnic-al-unui-imobil-colectiv-de-p4-proiectat-si-validat-sub-ingrijirea-directa-a-arhitectei-cristina-babescu-in-primaria-giroc-nu-au-mai-ramas-nici-macar-copertile\/\" rel=\"bookmark\" title=\"Blocul invizibil! Din dosarul tehnic al unui imobil colectiv de P+4, proiectat \u0219i validat sub \u00eengrijirea direct\u0103 a arhitectei Cristina Babescu, \u00een Prim\u0103ria Giroc, nu au mai r\u0103mas nici m\u0103car coper\u021bile\">Blocul invizibil! Din dosarul tehnic al unui imobil colectiv de P+4, proiectat \u0219i validat sub \u00eengrijirea direct\u0103 a arhitectei Cristina Babescu, \u00een Prim\u0103ria Giroc,&#8230;<\/a><\/h3>\n<\/div>\n<\/div>\n<\/div>\n<div class=\"td_module_flex td_module_flex_1 td_module_wrap td-animation-stack td-meta-info-hide td-cpt-post\">\n<div class=\"td-module-container td-category-pos-image\">\n<div class=\"td-module-meta-info\">\n<h3 class=\"entry-title td-module-title\"><a href=\"https:\/\/voceatimisului.ro\/negru-pe-alb-primaria-giroc-a-confirmat-inspectorilor-ani-in-4-bibliorafturi-ca-arhitecta-cristina-babescu-a-driblat-legea-din-toate-pozitiile-de-cel-putin-257-de-ori\/\" rel=\"bookmark\" title=\"Negru pe alb! Prim\u0103ria Giroc a confirmat inspectorilor ANI, \u00een 4 bibliorafturi, c\u0103 arhitecta Cristina Babescu a driblat legea din toate pozi\u021biile, de cel pu\u021bin 257 de ori\">Negru pe alb! Prim\u0103ria Giroc a confirmat inspectorilor ANI, \u00een 4 bibliorafturi, c\u0103 arhitecta Cristina Babescu a driblat legea din toate pozi\u021biile, de cel&#8230;<\/a><\/h3>\n<\/div>\n<\/div>\n<\/div>\n<\/div>\n<\/div>\n<\/div>\n<\/div>\n<\/div>\n<\/div>\n<\/div>\n<\/div>\n<p><span class=\"td-page-meta\"><\/span><span class=\"td-page-meta\"><span class=\"td-page-meta\"><\/span><\/span><span class=\"td-page-meta\"><\/span><\/article>\n<p> Source URL: https:\/\/voceatimisului.ro\/inspectoratul-de-stat-in-constructii-timis-intentioneaza-sa-demareze-procedurile-administrative-pentru-anularea-unor-autorizatii-de-construire-la-alte-doua-imobile-colective-de-pe-raza-comunei-giroc\/<\/p>\n","protected":false},"excerpt":{"rendered":"<p>\u0218tiriInvestiga\u021bii Inspectoratul de Stat \u00een Construc\u021bii Timi\u0219 inten\u021bioneaz\u0103 s\u0103 demareze procedurile administrative pentru anularea unor autoriza\u021bii de construire, la alte dou\u0103 imobile colective de pe raza comunei Giroc Autor-Redac\u021bia 10 august 2023 4 13864 Facebook Twitter Pinterest WhatsApp Linkedin Copy URL Cristina Babescu Dan Virtosu Carmina Mateia jpg Furt din banii europeni, \u00een numele educa\u021biei: [&hellip;]<\/p>\n","protected":false},"author":1,"featured_media":1337511,"comment_status":"open","ping_status":"","sticky":false,"template":"","format":"standard","meta":{"footnotes":""},"categories":[89],"tags":[199],"class_list":["post-1337508","post","type-post","status-publish","format-standard","has-post-thumbnail","hentry","category-romania","tag-voceatimisului-ro"],"_links":{"self":[{"href":"https:\/\/analyse.optim.biz\/index.php?rest_route=\/wp\/v2\/posts\/1337508","targetHints":{"allow":["GET"]}}],"collection":[{"href":"https:\/\/analyse.optim.biz\/index.php?rest_route=\/wp\/v2\/posts"}],"about":[{"href":"https:\/\/analyse.optim.biz\/index.php?rest_route=\/wp\/v2\/types\/post"}],"author":[{"embeddable":true,"href":"https:\/\/analyse.optim.biz\/index.php?rest_route=\/wp\/v2\/users\/1"}],"replies":[{"embeddable":true,"href":"https:\/\/analyse.optim.biz\/index.php?rest_route=%2Fwp%2Fv2%2Fcomments&post=1337508"}],"version-history":[{"count":0,"href":"https:\/\/analyse.optim.biz\/index.php?rest_route=\/wp\/v2\/posts\/1337508\/revisions"}],"wp:featuredmedia":[{"embeddable":true,"href":"https:\/\/analyse.optim.biz\/index.php?rest_route=\/wp\/v2\/media\/1337511"}],"wp:attachment":[{"href":"https:\/\/analyse.optim.biz\/index.php?rest_route=%2Fwp%2Fv2%2Fmedia&parent=1337508"}],"wp:term":[{"taxonomy":"category","embeddable":true,"href":"https:\/\/analyse.optim.biz\/index.php?rest_route=%2Fwp%2Fv2%2Fcategories&post=1337508"},{"taxonomy":"post_tag","embeddable":true,"href":"https:\/\/analyse.optim.biz\/index.php?rest_route=%2Fwp%2Fv2%2Ftags&post=1337508"}],"curies":[{"name":"wp","href":"https:\/\/api.w.org\/{rel}","templated":true}]}}