{"id":1337469,"date":"2023-08-23T17:35:39","date_gmt":"2023-08-23T14:35:39","guid":{"rendered":"https:\/\/analyse.optim.biz\/?p=1337469"},"modified":"2023-08-23T17:35:39","modified_gmt":"2023-08-23T14:35:39","slug":"primaria-comunei-giroc-campioana-la-disparitia-documentelor","status":"publish","type":"post","link":"https:\/\/analyse.optim.biz\/?p=1337469","title":{"rendered":"Prim\u0103ria comunei Giroc, campioan\u0103 la dispari\u021bia documentelor"},"content":{"rendered":"<article id=\"template-id-172790\" class=\"post-172790 tdb_templates type-tdb_templates status-publish post\">\n<div id=\"tdi_52\" class=\"tdc-zone\">\n<div class=\"tdc_zone tdi_53  wpb_row td-pb-row\">\n<div id=\"tdi_54\" class=\"tdc-row stretch_row_1400 td-stretch-content\">\n<div class=\"vc_row tdi_55  wpb_row td-pb-row tdc-element-style\">\n<div class=\"vc_column tdi_57  wpb_column vc_column_container tdc-column td-pb-span8\">\n<div class=\"wpb_wrapper\">\n<div class=\"td_block_wrap tdb_single_categories tdi_58 td-pb-border-top td_block_template_1 \" data-td-block-uid=\"tdi_58\">\n<div class=\"tdb-category td-fix-index\"><a class=\"tdb-entry-category\" href=\"https:\/\/voceatimisului.ro\/category\/stiri-din-timisoara-si-timis\/\">\u0218tiri<\/a><a class=\"tdb-entry-category\" href=\"https:\/\/voceatimisului.ro\/category\/investigatii-stiri\/\">Investiga\u021bii<\/a><\/div>\n<\/div>\n<div class=\"td_block_wrap tdb_title tdi_59 tdb-single-title td-pb-border-top td_block_template_1\" data-td-block-uid=\"tdi_59\">\n<div class=\"tdb-block-inner td-fix-index\">\n<h1 class=\"tdb-title-text\">Pierderi de memorie! Prim\u0103ria comunei Giroc, campioan\u0103 la dispari\u021bia documentelor de urbanism, \u00een folosul cooperativei imobiliare<\/h1>\n<\/div>\n<\/div>\n<div class=\"vc_row_inner tdi_62  vc_row vc_inner wpb_row td-pb-row\">\n<div class=\"vc_column_inner tdi_64  wpb_column vc_column_container tdc-inner-column td-pb-span6\">\n<div class=\"vc_column-inner\">\n<div class=\"wpb_wrapper\">\n<div class=\"td_block_wrap tdb_single_author tdi_65 td-pb-border-top td_block_template_1 tdb-post-meta\" data-td-block-uid=\"tdi_65\">\n<div class=\"tdb-block-inner td-fix-index\">\n<div class=\"tdb-author-name-wrap\"><span class=\"tdb-author-by\">Autor-<\/span><a class=\"tdb-author-name\" href=\"https:\/\/voceatimisului.ro\/author\/tibi\/\">Tiberiu Kiss<\/a><\/div>\n<\/div>\n<\/div>\n<div class=\"td_block_wrap tdb_single_date tdi_66 td-pb-border-top td_block_template_1 tdb-post-meta\" data-td-block-uid=\"tdi_66\">\n<div class=\"tdb-block-inner td-fix-index\"><time class=\"entry-date updated td-module-date\" datetime=\"2023-08-23T20:35:39+03:00\">23 august 2023<\/time><\/div>\n<\/div>\n<div class=\"td_block_wrap tdb_single_comments_count tdi_67 td-pb-border-top td_block_template_1 tdb-post-meta\" data-td-block-uid=\"tdi_67\">\n<div class=\"tdb-block-inner td-fix-index\"><a href=\"https:\/\/voceatimisului.ro\/pierderi-de-memorie-primaria-comunei-giroc-campioana-la-disparitia-documentelor-de-urbanism-in-folosul-cooperativei-imobiliare\/#comments\"><span>5<\/span><\/a><\/div>\n<\/div>\n<div class=\"td_block_wrap tdb_single_post_views tdi_68 td-pb-border-top td_block_template_1 tdb-post-meta\" data-td-block-uid=\"tdi_68\">\n<div class=\"tdb-block-inner td-fix-index\"><span class=\"tdb-add-text\">1<\/span><span class=\"td-nr-views-156891\">3785<\/span><\/div>\n<\/div>\n<\/div>\n<\/div>\n<\/div>\n<div class=\"vc_column_inner tdi_70  wpb_column vc_column_container tdc-inner-column td-pb-span6\">\n<div class=\"vc_column-inner\">\n<div class=\"wpb_wrapper\">\n<div class=\"td_block_wrap tdb_single_post_share tdi_71  td-pb-border-top td_block_template_1\" data-td-block-uid=\"tdi_71\">\n<div id=\"tdi_71\" class=\"td-post-sharing tdb-block td-ps-bg td-ps-notext td-post-sharing-style1 \">\n<div class=\"td-post-sharing-visible\"><a class=\"td-social-sharing-button td-social-sharing-button-js td-social-network td-social-facebook\" href=\"https:\/\/www.facebook.com\/sharer.php?u=https%3A%2F%2Fvoceatimisului.ro%2Fpierderi-de-memorie-primaria-comunei-giroc-campioana-la-disparitia-documentelor-de-urbanism-in-folosul-cooperativei-imobiliare%2F\" title=\"Facebook\" rel=\"noopener\"><\/p>\n<div class=\"td-social-but-text\">Facebook<\/div>\n<p><\/a><a class=\"td-social-sharing-button td-social-sharing-button-js td-social-network td-social-twitter\" href=\"https:\/\/twitter.com\/intent\/tweet?text=Pierderi+de+memorie%21+Prim%C4%83ria+comunei+Giroc%2C+campioan%C4%83+la+dispari%C8%9Bia+documentelor+de+urbanism%2C+%C3%AEn+folosul+cooperativei+imobiliare&amp;url=https%3A%2F%2Fvoceatimisului.ro%2Fpierderi-de-memorie-primaria-comunei-giroc-campioana-la-disparitia-documentelor-de-urbanism-in-folosul-cooperativei-imobiliare%2F&amp;via=Vocea+Timisului\" title=\"Twitter\" rel=\"noopener\"><\/p>\n<div class=\"td-social-but-text\">Twitter<\/div>\n<p><\/a><a class=\"td-social-sharing-button td-social-sharing-button-js td-social-network td-social-pinterest\" href=\"https:\/\/pinterest.com\/pin\/create\/button\/?url=https:\/\/voceatimisului.ro\/pierderi-de-memorie-primaria-comunei-giroc-campioana-la-disparitia-documentelor-de-urbanism-in-folosul-cooperativei-imobiliare\/&amp;media=https:\/\/analyse.optim.biz\/wp-content\/uploads\/2026\/01\/cristina-babescu-minda-mimo-carmina-matea-jpg.webp&amp;description=Pierderi+de+memorie%21+Prim%C4%83ria+comunei+Giroc%2C+campioan%C4%83+la+dispari%C8%9Bia+documentelor+de+urbanism%2C+%C3%AEn+folosul+cooperativei+imobiliare\" title=\"Pinterest\" rel=\"noopener\"><\/p>\n<div class=\"td-social-but-text\">Pinterest<\/div>\n<p><\/a><a class=\"td-social-sharing-button td-social-sharing-button-js td-social-network td-social-whatsapp\" href=\"https:\/\/api.whatsapp.com\/send?text=Pierderi+de+memorie%21+Prim%C4%83ria+comunei+Giroc%2C+campioan%C4%83+la+dispari%C8%9Bia+documentelor+de+urbanism%2C+%C3%AEn+folosul+cooperativei+imobiliare%20%0A%0A%20https:\/\/voceatimisului.ro\/pierderi-de-memorie-primaria-comunei-giroc-campioana-la-disparitia-documentelor-de-urbanism-in-folosul-cooperativei-imobiliare\/\" title=\"WhatsApp\" rel=\"noopener\"><\/p>\n<div class=\"td-social-but-text\">WhatsApp<\/div>\n<p><\/a><a class=\"td-social-sharing-button td-social-sharing-button-js td-social-network td-social-linkedin\" href=\"https:\/\/www.linkedin.com\/shareArticle?mini=true&amp;url=https:\/\/voceatimisului.ro\/pierderi-de-memorie-primaria-comunei-giroc-campioana-la-disparitia-documentelor-de-urbanism-in-folosul-cooperativei-imobiliare\/&amp;title=Pierderi+de+memorie%21+Prim%C4%83ria+comunei+Giroc%2C+campioan%C4%83+la+dispari%C8%9Bia+documentelor+de+urbanism%2C+%C3%AEn+folosul+cooperativei+imobiliare\" title=\"Linkedin\" rel=\"noopener\"><\/p>\n<div class=\"td-social-but-text\">Linkedin<\/div>\n<p><\/a><a class=\"td-social-sharing-button td-social-sharing-button-js td-social-network td-social-copy_url\" href=\"https:\/\/voceatimisului.ro\/pierderi-de-memorie-primaria-comunei-giroc-campioana-la-disparitia-documentelor-de-urbanism-in-folosul-cooperativei-imobiliare\/\" title=\"Copy URL\" rel=\"noopener\"><\/p>\n<div class=\"td-social-but-text\">Copy URL<\/div>\n<p><\/a><\/div>\n<\/div>\n<\/div>\n<\/div>\n<\/div>\n<\/div>\n<\/div>\n<div class=\"td_block_wrap tdb_single_featured_image tdi_72 tdb-content-horiz-left td-pb-border-top td_block_template_1\" data-td-block-uid=\"tdi_72\">\n<div class=\"tdb-block-inner td-fix-index\">\n<figure><img loading=\"lazy\" decoding=\"async\" width=\"696\" height=\"634\" class=\"entry-thumb\" src=\"https:\/\/analyse.optim.biz\/wp-content\/uploads\/2026\/01\/cristina-babescu-minda-mimo-carmina-matea-jpg-696x634-1-2.webp\" alt=\"Cristina Babescu Minda Mimo Carmina Matea jpg\" title=\"Cristina Babescu Minda Mimo Carmina Matea jpg\"><figcaption class=\"tdb-caption-text\">Cristina Babescu Minda Mimo Carmina Matea jpg<\/figcaption><\/figure>\n<\/div>\n<\/div>\n<div class=\"vc_row_inner tdi_74  vc_row vc_inner wpb_row td-pb-row\">\n<div class=\"vc_column_inner tdi_76  wpb_column vc_column_container tdc-inner-column td-pb-span4 td-is-sticky\">\n<div class=\"vc_column-inner\">\n<div class=\"wpb_wrapper\" data-sticky-enabled-on=\"W3RydWUsdHJ1ZSx0cnVlLHRydWVd\" data-sticky-offset=\"20\" data-sticky-is-width-auto=\"W2ZhbHNlLGZhbHNlLGZhbHNlLGZhbHNlXQ==\">\n<div class=\"td_block_wrap td_flex_block_1 tdi_77 td-pb-border-top td_block_template_1 td_ajax_preloading_preload td_flex_block\" data-td-block-uid=\"tdi_77\">\n<div id=\"tdi_77\" class=\"td_block_inner td-mc1-wrap\">\n<div class=\"td_module_flex td_module_flex_1 td_module_wrap td-animation-stack td-meta-info-hide td-cpt-post\">\n<div class=\"td-module-container td-category-pos-image\">\n<div class=\"td-module-meta-info\">\n<h3 class=\"entry-title td-module-title\"><a href=\"https:\/\/voceatimisului.ro\/targul-de-craciun-giroc-2025-artisti-cunoscuti-in-programul-spectacolelor-gratuite\/\" rel=\"bookmark\" title=\"T\u00e2rgul de Cr\u0103ciun Giroc 2025, arti\u0219ti cunoscu\u021bi \u00een programul spectacolelor gratuite\">T\u00e2rgul de Cr\u0103ciun Giroc 2025, arti\u0219ti cunoscu\u021bi \u00een programul spectacolelor gratuite<\/a><\/h3>\n<\/div>\n<\/div>\n<\/div>\n<div class=\"td_module_flex td_module_flex_1 td_module_wrap td-animation-stack td-meta-info-hide td-cpt-post\">\n<div class=\"td-module-container td-category-pos-image\">\n<div class=\"td-module-meta-info\">\n<h3 class=\"entry-title td-module-title\"><a href=\"https:\/\/voceatimisului.ro\/targ-caritabil-la-gpp-giroc-pentru-sustinerea-terapiilor-unui-copil-si-modernizarea-curtii\/\" rel=\"bookmark\" title=\"T\u00e2rg caritabil la GPP Giroc pentru sus\u021binerea terapiilor unui copil \u0219i modernizarea cur\u021bii\">T\u00e2rg caritabil la GPP Giroc pentru sus\u021binerea terapiilor unui copil \u0219i modernizarea cur\u021bii<\/a><\/h3>\n<\/div>\n<\/div>\n<\/div>\n<div class=\"td_module_flex td_module_flex_1 td_module_wrap td-animation-stack td-meta-info-hide td-cpt-post\">\n<div class=\"td-module-container td-category-pos-image\">\n<div class=\"td-module-meta-info\">\n<h3 class=\"entry-title td-module-title\"><a href=\"https:\/\/voceatimisului.ro\/festivalul-ceaunul-chisozean-ajunge-la-editia-a-vi-a\/\" rel=\"bookmark\" title=\"Festivalul \u201eCeaunul Chi\u0219ozean\u201d ajunge la edi\u021bia a VI-a\">Festivalul \u201eCeaunul Chi\u0219ozean\u201d ajunge la edi\u021bia a VI-a<\/a><\/h3>\n<\/div>\n<\/div>\n<\/div>\n<div class=\"td_module_flex td_module_flex_1 td_module_wrap td-animation-stack td-meta-info-hide td-cpt-post\">\n<div class=\"td-module-container td-category-pos-image\">\n<div class=\"td-module-meta-info\">\n<h3 class=\"entry-title td-module-title\"><a href=\"https:\/\/voceatimisului.ro\/10-milioane-de-lei-pentru-eco-administratie-primaria-giroc-devine-model-verde-in-colaborare-cu-serbia\/\" rel=\"bookmark\" title=\"10 milioane de lei pentru \u201eEco-Administra\u021bie\u201d \u2013 Prim\u0103ria Giroc devine model verde \u00een colaborare cu Serbia\">10 milioane de lei pentru \u201eEco-Administra\u021bie\u201d \u2013 Prim\u0103ria Giroc devine model verde \u00een colaborare cu Serbia<\/a><\/h3>\n<\/div>\n<\/div>\n<\/div>\n<\/div>\n<\/div>\n<div class=\"tdb-author-box td_block_wrap tdb_single_author_box tdi_82 tdb-content-vert-top td-pb-border-top td_block_template_1\" data-td-block-uid=\"tdi_82\">\n<div class=\"tdb-block-inner td-fix-index\">\n<div class=\"tdb-author-info\"><a href=\"https:\/\/voceatimisului.ro\/author\/tibi\/\" class=\"tdb-author-name\">Tiberiu Kiss<\/a><\/p>\n<div class=\"tdb-author-descr\">\u00centreaga responsabilitate a comentariilor l\u0103sate de dumneavoastr\u0103 v\u0103 apar\u021bine!<br \/>\nClick <a href=\"https:\/\/voceatimisului.ro\/termeni-si-conditii\/\">aici<\/a>-citeste condi\u0163iile de utilizare ale site-ului www.voceatimisului.ro<\/div>\n<\/div>\n<\/div>\n<\/div>\n<\/div>\n<\/div>\n<\/div>\n<div class=\"vc_column_inner tdi_84  wpb_column vc_column_container tdc-inner-column td-pb-span8\">\n<div class=\"vc_column-inner\">\n<div class=\"wpb_wrapper\">\n<div class=\"td_block_wrap tdb_single_content tdi_85 td-pb-border-top td_block_template_1 td-post-content tagdiv-type\" data-td-block-uid=\"tdi_85\">\n<div class=\"tdb-block-inner td-fix-index\">\n<h5 class=\"wp-block-heading\" id=\"h-pana-saptamana-viitoare-cand-lucrurile-se-vor-lamuri-sub-o-forma-sau-alta-ramane-cum-am-stabilit-doar-o-bomba-nucleara-mai-poate-da-un-reset-din-temelii-administra\u021biei-locale-de-la-marginea-timi\u0219oarei-ori-un-procuror-cu-viziuni-rigide-sau-cu-bijuteriile-pana-la-pamant-pana-atunci-scoaterea-din-joc-a-rama\u0219i\u021belor-celebrei-cooperative-imobiliare-ramane-un-deziderat-imposibil-de-atins-tocmai-pentru-ca-raportul-de-for\u021be-\u0219i-pozi\u021bionarea-echipelor-in-teren-sunt-in-continuare-dispropor\u021bionate-ca-a\u0219a-au-vrut-unii-a\u0219a-ca-pana-la-interven\u021bia-definitiva-a-autorita\u021bilor-statului-roman-la-primaria-giroc-tupeul-amatorismul-profesional-\u0219i-paranormalul-raman-definitorii-pentru-e\u0219ecul-unui-experiment-administrativ-de-peste-doua-decenii-al-psd\">P\u00e2n\u0103 s\u0103pt\u0103m\u00e2na viitoare, c\u00e2nd lucrurile se vor l\u0103muri sub o form\u0103 sau alta, r\u0103m\u00e2ne cum am stabilit \u2013 doar o bomb\u0103 nuclear\u0103 mai poate da un reset din temelii administra\u021biei locale de la marginea Timi\u0219oarei. Ori un procuror cu viziuni rigide sau cu bijuteriile p\u00e2n\u0103 la p\u0103m\u00e2nt! P\u00e2n\u0103 atunci, scoaterea din joc a r\u0103m\u0103\u0219i\u021belor celebrei cooperative imobiliare r\u0103m\u00e2ne un deziderat, imposibil de atins. Tocmai pentru c\u0103 raportul de for\u021be \u0219i pozi\u021bionarea echipelor \u00een teren sunt, \u00een continuare, dispropor\u021bionate! C\u0103 a\u0219a au vrut unii! A\u0219a c\u0103, p\u00e2n\u0103 la interven\u021bia definitiv\u0103 a autorit\u0103\u021bilor statului rom\u00e2n, la Prim\u0103ria Giroc, tupeul, amatorismul profesional \u0219i paranormalul r\u0103m\u00e2n definitorii pentru e\u0219ecul unui experiment administrativ, de peste dou\u0103 decenii, al PSD.<\/h5>\n<p>\u0218i intr\u0103m \u00een subiect! Nu mai e niciun secret pentru nimeni c\u0103, de mai bine de dou\u0103 s\u0103pt\u0103m\u00e2ni, <strong>Inspectoratul de Stat \u00een Construc\u021bii Timi\u0219 se afl\u0103 \u00een control de fond la Prim\u0103ria Giroc, la reclama\u021bia vocetimisului.ro<\/strong>. <a href=\"https:\/\/voceatimisului.ro\/inspectoratul-de-stat-in-constructii-timis-intentioneaza-sa-demareze-procedurile-administrative-pentru-anularea-unor-autorizatii-de-construire-la-alte-doua-imobile-colective-de-pe-raza-comunei-giroc\/\">Mai exact, autoritatea public\u0103 trebuie s\u0103 vin\u0103 cu un r\u0103spuns clar dac\u0103 cele dou\u0103 construc\u021bii, realizate de fra\u021bii Florin \u0219i Cristian Fedor, imobilul de pe strada F\u00e2nt\u00e2ni nr. 18 \u0219i anexa agricol\u0103 din extravilan de P+2, respect\u0103 sau nu legea! <\/a><strong>C\u0103 de partea cu incompatibilitatea \u0219i conflictul de interese dintre Cristian Fedor \u0219i Cristina Babescu, \u00een calitate de arhitect-\u0219ef al administra\u021biei locale, se ocup\u0103 Agen\u021bia Na\u021bional\u0103 de Integritate<\/strong>! Aici, lucrurile sunt clare, finalizate \u0219i se a\u0219teapt\u0103 doar redactarea \u0219i comunicarea concluziilor cercet\u0103riilor c\u0103tre Prim\u0103ria Giroc! \u00cen mod cert, va fi distrac\u021bie!<\/p>\n<p>A\u0219a c\u0103 to\u021bi cei care i-au c\u00e2ntat \u00een strun\u0103 \u0219i au girat-o pe Cristina Babescu, \u00een func\u021bia de \u0219ef\u0103 a Biroului de Urbanism din cadrul administra\u021biei comunale, \u00een ciuda semnalelor publice repetate, care au demonstrat clar derapajele legale, sunt ruga\u021bi s\u0103-\u0219i preg\u0103teasc\u0103 discursurile publice pentru comunitate! Nu e doar asta c\u0103, \u00eentre timp, lucrurile s-au complicat \u0219i mai mult! <strong>\u0218i doar datorit\u0103 demersurilor publice \u0219i insisten\u021belor dinspre voceatimisului.ro<\/strong>! Pe scurt, ca urmare a investiga\u021biilor jurnalistice, care au vizat cele dou\u0103 construc\u021bii de pe strada F\u00e2nt\u00e2ni din Giroc ale familiei Fedor, ISC Timi\u0219 a solicitat documenta\u021bia tehnic\u0103 care a stat la baza autoriz\u0103rii celor dou\u0103 imobile colective. \u00cen prim\u0103 faz\u0103, autoritatea de control a primit un refuz direct de la v\u00e2rful Biroului de Urbanism. Abia ulterior, la presiuni, a fost comunicat \u0219i motivul: solicitarea institu\u021bional\u0103 a fost verbal\u0103, nu \u00een scris!<\/p>\n<p>Ca s\u0103 fie clar pentru toat\u0103 lumea \u0219i ca s\u0103 nu existe niciun dubiu, refuzul Prim\u0103riei Giroc, de a pune la dispozi\u021bie documente publice unei autorit\u0103\u021bi de stat, aflat\u0103 \u00een misiune oficial\u0103 de control, \u00een baza unui ordin de serviciu \u0219i plan de ac\u021biune, este infrac\u021biune! Articolul 297 din Codul Penal spune negru pe alb c\u0103 <strong>fapta func\u021bionarului public care, \u00een exercitarea atribu\u021biilor de serviciu, nu \u00eendepline\u0219te un act sau \u00eel \u00eendepline\u0219te \u00een mod defectuos \u0219i prin aceasta cauzeaz\u0103 o pagub\u0103 ori o v\u0103t\u0103mare a drepturilor sau intereselor legitime ale unei persoane fizice sau ale unei persoane juridice se nume\u0219te abuz \u00een serviciu<\/strong>! \u00cen fine, ca s\u0103 nu existe alte scuze, ulterior, de\u0219i nu avea obliga\u021bia legal\u0103, ISC Timi\u0219 a solicitat Prim\u0103riei Giroc, \u00een scris, accesul pentru studiul documentelor urbanistice care au stat la baza legaliz\u0103rii construc\u021biilor din patrimoniul lui Florin \u0219i Cristian Fedor. Repet\u0103m, toate astea \u00een timpul unei misiuni oficiale de control!<\/p>\n<p><strong>Filme SF<\/strong><\/p>\n<p>Cert e c\u0103, a\u0219a cum rezult\u0103 din documente interne, nici m\u0103car varianta scris\u0103, parafat\u0103 \u0219i \u00eenregistrat\u0103 \u00een sistemul electronic al administra\u021biei locale, nu i-a ajutat pe inspectorii de la ISC Timi\u0219, \u00een b\u0103t\u0103lia cu func\u021bionarii din cadrul Prim\u0103riei Giroc. \u00cen prim\u0103 faz\u0103, s-a spus c\u0103 documentele tehnice pentru cele dou\u0103 imobile colective ale familiei Fedor nu se reg\u0103sesc \u00een cadrul Biroului de Urbanism \u0219i c\u0103 trebuie cerute la arhiv\u0103<strong>. Ca, ulterior, tot \u00een scris, angaja\u021bii de la arhiv\u0103 s\u0103 comunice, limpede ca lumina zilei, c\u0103 nu au pe rafturi, nici un document privind cele dou\u0103 construc\u021bii de pe strada F\u00e2nt\u00e2ni<\/strong>. Ba mai mult, c\u0103, a\u0219a cum se desprinde din opis, pe u\u0219a arhivei Prim\u0103riei Giroc nu au intrat niciodat\u0103 documenta\u021biile tehnice pentru cele dou\u0103 imobile colective. <strong>Nici m\u0103car coper\u021bile de dosar<\/strong>! A\u0219adar, documente publice, intrate \u00een circuitul civil, care au produs efecte juridice, sunt de neg\u0103sit. Din nou!<\/p>\n<p>\u0218i nu e pentru prima dat\u0103 c\u00e2nd, \u00een r\u0103spunsuri oficiale, Prim\u0103ria Giroc a comunicat beneficiarilor legali c\u0103 nu poate identifica acte urbanistice, care ar trebui s\u0103 existe, at\u00e2t \u00een sistemul electronic al entit\u0103\u021bii publice, c\u00e2t \u0219i \u00een arhiva institu\u021bional\u0103. <strong>P\u00e2n\u0103 \u0219i Direc\u021bia Na\u021bional\u0103 Anticorup\u021bie a primit, \u00een scris, a\u0219a cum se \u0219tie, deja, dou\u0103 astfel de nega\u021bii<\/strong>. Ambele cu un singur beneficiar: cooperativa imobiliar\u0103 de pe raza comunei Giroc! Tot a\u0219a, disp\u0103rute \u00een neant, de la cotor! Partea mi\u0219to \u0219i halucinant\u0103 e c\u0103, \u00een cazul DNA Timi\u0219oara, a\u0219a cum rezult\u0103 din ancheta institu\u021bional\u0103 \u0219i din probe video conexe, documentele nu au fost sustrase de c\u0103tre cel care ar fi avut tot interesul s\u0103 o fac\u0103, dac\u0103 ar fi avut pe con\u0219tiin\u021b\u0103 vreo ilegalitate, ci de un alt func\u021bionar din Prim\u0103ria Giroc. <strong>Cu inten\u021bia precis\u0103 de a face r\u0103u \u0219i de a muta reflectoarele \u00een alt\u0103 direc\u021bie<\/strong>! Da, cam asta e fauna din Prim\u0103ria Giroc!<\/p>\n<p>Acum, \u00een spe\u021ba ISC Timi\u0219, recte \u00een cazul dispari\u021biilor misterioase ale documenta\u021biilor tehnice originale, care au stat la baza autoriz\u0103rii celor dou\u0103 imobile de pe strada F\u00e2nt\u00e2ni, aici, lucrurile sunt ceva mai simple. A\u0219a cum rezult\u0103 din probe certe, pe data de 26 iunie 2023, \u00een baza Legii 544\/2001, voceatimisului.ro a solicitat Prim\u0103riei Giroc s\u0103 pun\u0103 la dispozi\u021bie copii dup\u0103 acte urbanistice care au fost eliberate pe urm\u0103torii (a)filia\u021bi: SC Cooglio-XTC SRL, SC Cristyle Project SRL, Cristian Fedor \u0219i Andrei Lupu\u0219or. Cum r\u0103spunsul administra\u021biei locale nu a venit, de\u0219i pe data de 6 iulie a.c. am fost asigura\u021bi (\u00een scris) c\u0103 vom primi documentele \u00een termenul legal (30 zile), \u00een ziua de 31 iulie a.c., redac\u021bia a f\u0103cut, conform legii, o pl\u00e2ngere administrativ\u0103. <strong>Pe scurt, am solicitat anchet\u0103 intern\u0103 \u0219i tragerea la r\u0103spundere a celor vinova\u021bi<\/strong>.<\/p>\n<p>Dup\u0103 15 zile, a\u0219a cum cere legea, nici la aceast\u0103 solicitare nu am primit niciun r\u0103spuns. \u00cen schimb, pe data de 16 august 2023, f\u0103r\u0103 nicio leg\u0103tur\u0103 cu pl\u00e2ngerea administrativ\u0103 a voceatimisului.ro, Biroul Juridic al Prim\u0103riei Giroc ne-a comunicat datele publice pe care le-am solicitat la finele lunii iunie, \u00een baza Legii 544\/2001. <strong>Printre ele, inclusiv documente \u0219i \u00eenscrisuri pe care ulterior, la c\u00e2teva zile dup\u0103, c\u00e2nd a trebuit s\u0103 le pun\u0103 la dispozi\u021bia ISC Timi\u0219, \u00een format original, administra\u021bia local\u0103 de la marginea Timi\u0219oarei le-a declarat disp\u0103rute<\/strong>. Mai exact, c\u0103 nu se g\u0103sesc, nici \u00een arhiv\u0103 \u0219i nici \u00een custodia Biroului de Urbanism! Paranormal!<\/p>\n<p><strong>Cu toporul!<\/strong><\/p>\n<p>Sincer, nici nu mai conteaz\u0103 c\u0103, \u00een fapt, de\u0219i legea e imperativ\u0103, Prim\u0103ria Giroc nu s-a sinchisit s\u0103 formeze o comisie de anchet\u0103 \u0219i s\u0103 fac\u0103 o cercetare disciplinar\u0103 pentru a-i identifica pe cei care se fac vinova\u021bi de necomunicarea datelor publice solicitate de voceatimisului.ro. De fapt, s-a chinuit un pic, dar a existat o opozi\u021bie ferm\u0103 din partea unor membri din comisia de disciplin\u0103, care au \u00eentrunit \u0219i majoritatea: Mariana Hane\u0219 \u0219i Manuela B\u00eelc! <strong>C\u0103 ambele persoane, pe raza comunei Giroc, dezvolt\u0103 terenuri sau au PUZ-uri \u00een derulare, evident, n-are nicio leg\u0103tur\u0103 cu refuzul de a o b\u0103ga \u00een comisia de disciplin\u0103 pe arhitecta-\u0219ef\u0103 Cristina Babescu<\/strong>! A\u0219a cum irelevant este \u0219i faptul c\u0103, din nou, c\u00e2nd a trebuit s\u0103 pun\u0103 la dispozi\u021bia voceatimisului.ro date publice, Prim\u0103ria Giroc a secretizat informa\u021bii, dincolo de limitele legii!<\/p>\n<p>Ce este important de re\u021binut este faptul c\u0103 administra\u021bia local\u0103 a mers p\u00e2n\u0103 acolo \u00eenc\u00e2t a secretizat \u0219i numele firmei de proiectare, care a \u00eentocmit documenta\u021biile tehnice \u00een cazul imobilelor fra\u021bilor Fedor, de\u0219i datele sunt c\u00e2t se poate de publice, conform legii! De ce a f\u0103cut manevra? <strong>Simplu: pentru c\u0103 absolut toate proiectele \u2013 \u0219i nu pu\u021bine \u2013 au fost \u00eentocmite direct sau indirect de c\u0103tre (a)filia\u021bii arhitectei-\u0219efe Cristina Babescu<\/strong>! Un func\u021bionar care joac\u0103 la dou\u0103 capete, ca mul\u021bi al\u021bii din Prim\u0103ria Giroc: centreaz\u0103 \u0219i d\u0103 cu capul \u0219i, \u00een cel mai scurt timp, ANI o s\u0103 l\u0103mureasc\u0103 tot misterul de incompatibilit\u0103\u021bi pe care Prim\u0103ria Giroc, de\u0219i a avut toate probele pe mas\u0103, a refuzat s\u0103-l vad\u0103! Nu o dat\u0103!<\/p>\n<p>De altfel, a\u0219a cum administra\u021bia local\u0103 se face c\u0103 nu vede nici modific\u0103rile\/complet\u0103rile aduse unor documente, \u00een sistemul electronic, gestionat de firma Sobis, contractant\u0103 a Prim\u0103riei Giroc, pe partea de mentenan\u021b\u0103 \u0219i de arhivare online! Nimic nu e de mirare c\u00e2nd totul, p\u00e2n\u0103 acum c\u00e2teva luni, a fost la liber \u0219i pe \u00eencredere, at\u00e2t cu excursiile necontenite \u00een arhiva fizic\u0103 a institu\u021biei c\u00e2t \u0219i cu accesul \u00een fi\u0219ierele electronice ale comunei de la marginea Timi\u0219oarei\u2026<\/p>\n<figure class=\"wp-block-gallery has-nested-images columns-default is-cropped wp-block-gallery-1 is-layout-flex wp-block-gallery-is-layout-flex\">\n<figure class=\"wp-block-image size-large\"><a href=\"https:\/\/voceatimisului.ro\/wp-content\/uploads\/2023\/08\/Cristian-Fedor03.jpg\" target=\"_blank\" rel=\"noopener\"><img loading=\"lazy\" decoding=\"async\" width=\"729\" height=\"1024\" data-id=\"156904\" src=\"https:\/\/analyse.optim.biz\/wp-content\/uploads\/2026\/01\/cristian-fedor03-729x1024-1.jpg\" alt=\"Pierderi de memorie! Prim\u0103ria comunei Giroc, campioan\u0103 la dispari\u021bia documentelor de urbanism, \u00een folosul cooperativei imobiliare\" class=\"wp-image-156904\" title=\"cristian-fedor03-729x1024-1\"><\/a><\/figure>\n<figure class=\"wp-block-image size-large\"><a href=\"https:\/\/voceatimisului.ro\/wp-content\/uploads\/2023\/08\/Cristian-Fedor02.jpg\" target=\"_blank\" rel=\"noopener\"><img loading=\"lazy\" decoding=\"async\" width=\"714\" height=\"1024\" data-id=\"156903\" src=\"https:\/\/analyse.optim.biz\/wp-content\/uploads\/2026\/01\/cristian-fedor02-714x1024-1.jpg\" alt=\"Pierderi de memorie! Prim\u0103ria comunei Giroc, campioan\u0103 la dispari\u021bia documentelor de urbanism, \u00een folosul cooperativei imobiliare\" class=\"wp-image-156903\" title=\"cristian-fedor02-714x1024-1\"><\/a><\/figure>\n<figure class=\"wp-block-image size-large\"><a href=\"https:\/\/voceatimisului.ro\/wp-content\/uploads\/2023\/08\/Cristian-Fedor01.jpg\" target=\"_blank\" rel=\"noopener\"><img loading=\"lazy\" decoding=\"async\" width=\"731\" height=\"1024\" data-id=\"156902\" src=\"https:\/\/analyse.optim.biz\/wp-content\/uploads\/2026\/01\/cristian-fedor01-731x1024-1.jpg\" alt=\"Pierderi de memorie! Prim\u0103ria comunei Giroc, campioan\u0103 la dispari\u021bia documentelor de urbanism, \u00een folosul cooperativei imobiliare\" class=\"wp-image-156902\" title=\"cristian-fedor01-731x1024-1\"><\/a><\/figure>\n<figure class=\"wp-block-image size-large\"><a href=\"https:\/\/voceatimisului.ro\/wp-content\/uploads\/2023\/08\/Cristian-Fedor11.jpg\" target=\"_blank\" rel=\"noopener\"><img decoding=\"async\" loading=\"lazy\" width=\"597\" height=\"1024\" data-id=\"156901\" src=\"https:\/\/analyse.optim.biz\/wp-content\/uploads\/2026\/01\/cristian-fedor11-597x1024-1.jpg\" alt=\"Pierderi de memorie! Prim\u0103ria comunei Giroc, campioan\u0103 la dispari\u021bia documentelor de urbanism, \u00een folosul cooperativei imobiliare\" class=\"wp-image-156901\" title=\"cristian-fedor11-597x1024-1\"><\/a><\/figure>\n<figure class=\"wp-block-image size-large\"><a href=\"https:\/\/voceatimisului.ro\/wp-content\/uploads\/2023\/08\/Cristian-Fedor10.jpg\" target=\"_blank\" rel=\"noopener\"><img decoding=\"async\" loading=\"lazy\" width=\"704\" height=\"1024\" data-id=\"156900\" src=\"https:\/\/analyse.optim.biz\/wp-content\/uploads\/2026\/01\/cristian-fedor10-704x1024-1.jpg\" alt=\"Pierderi de memorie! Prim\u0103ria comunei Giroc, campioan\u0103 la dispari\u021bia documentelor de urbanism, \u00een folosul cooperativei imobiliare\" class=\"wp-image-156900\" title=\"cristian-fedor10-704x1024-1\"><\/a><\/figure>\n<figure class=\"wp-block-image size-large\"><a href=\"https:\/\/voceatimisului.ro\/wp-content\/uploads\/2023\/08\/Cristian-Fedor09.jpg\" target=\"_blank\" rel=\"noopener\"><img decoding=\"async\" loading=\"lazy\" width=\"638\" height=\"1024\" data-id=\"156899\" src=\"https:\/\/analyse.optim.biz\/wp-content\/uploads\/2026\/01\/cristian-fedor09-638x1024-1.jpg\" alt=\"Pierderi de memorie! Prim\u0103ria comunei Giroc, campioan\u0103 la dispari\u021bia documentelor de urbanism, \u00een folosul cooperativei imobiliare\" class=\"wp-image-156899\" title=\"cristian-fedor09-638x1024-1\"><\/a><\/figure>\n<figure class=\"wp-block-image size-large\"><a href=\"https:\/\/voceatimisului.ro\/wp-content\/uploads\/2023\/08\/Cristian-Fedor08.jpg\" target=\"_blank\" rel=\"noopener\"><img decoding=\"async\" loading=\"lazy\" width=\"740\" height=\"1024\" data-id=\"156898\" src=\"https:\/\/analyse.optim.biz\/wp-content\/uploads\/2026\/01\/cristian-fedor08-740x1024-1.jpg\" alt=\"Pierderi de memorie! Prim\u0103ria comunei Giroc, campioan\u0103 la dispari\u021bia documentelor de urbanism, \u00een folosul cooperativei imobiliare\" class=\"wp-image-156898\" title=\"cristian-fedor08-740x1024-1\"><\/a><\/figure>\n<figure class=\"wp-block-image size-large\"><a href=\"https:\/\/voceatimisului.ro\/wp-content\/uploads\/2023\/08\/Cristian-Fedor07.jpg\" target=\"_blank\" rel=\"noopener\"><img decoding=\"async\" loading=\"lazy\" width=\"736\" height=\"1024\" data-id=\"156897\" src=\"https:\/\/analyse.optim.biz\/wp-content\/uploads\/2026\/01\/cristian-fedor07-736x1024-1.jpg\" alt=\"Pierderi de memorie! Prim\u0103ria comunei Giroc, campioan\u0103 la dispari\u021bia documentelor de urbanism, \u00een folosul cooperativei imobiliare\" class=\"wp-image-156897\" title=\"cristian-fedor07-736x1024-1\"><\/a><\/figure>\n<figure class=\"wp-block-image size-large\"><a href=\"https:\/\/voceatimisului.ro\/wp-content\/uploads\/2023\/08\/Cristian-Fedor06.jpg\" target=\"_blank\" rel=\"noopener\"><img decoding=\"async\" loading=\"lazy\" width=\"633\" height=\"1024\" data-id=\"156896\" src=\"https:\/\/analyse.optim.biz\/wp-content\/uploads\/2026\/01\/cristian-fedor06-633x1024-1.jpg\" alt=\"Pierderi de memorie! Prim\u0103ria comunei Giroc, campioan\u0103 la dispari\u021bia documentelor de urbanism, \u00een folosul cooperativei imobiliare\" class=\"wp-image-156896\" title=\"cristian-fedor06-633x1024-1\"><\/a><\/figure>\n<figure class=\"wp-block-image size-large\"><a href=\"https:\/\/voceatimisului.ro\/wp-content\/uploads\/2023\/08\/Cristian-Fedor05.jpg\" target=\"_blank\" rel=\"noopener\"><img decoding=\"async\" loading=\"lazy\" width=\"645\" height=\"1024\" data-id=\"156895\" src=\"https:\/\/analyse.optim.biz\/wp-content\/uploads\/2026\/01\/cristian-fedor05-645x1024-1.jpg\" alt=\"Pierderi de memorie! Prim\u0103ria comunei Giroc, campioan\u0103 la dispari\u021bia documentelor de urbanism, \u00een folosul cooperativei imobiliare\" class=\"wp-image-156895\" title=\"cristian-fedor05-645x1024-1\"><\/a><\/figure>\n<figure class=\"wp-block-image size-large\"><a href=\"https:\/\/voceatimisului.ro\/wp-content\/uploads\/2023\/08\/Cristian-Fedor04.jpg\" target=\"_blank\" rel=\"noopener\"><img decoding=\"async\" loading=\"lazy\" width=\"744\" height=\"1024\" data-id=\"156894\" src=\"https:\/\/analyse.optim.biz\/wp-content\/uploads\/2026\/01\/cristian-fedor04-744x1024-1.jpg\" alt=\"Pierderi de memorie! Prim\u0103ria comunei Giroc, campioan\u0103 la dispari\u021bia documentelor de urbanism, \u00een folosul cooperativei imobiliare\" class=\"wp-image-156894\" title=\"cristian-fedor04-744x1024-1\"><\/a><\/figure>\n<\/figure>\n<\/div>\n<\/div>\n<div class=\"td_block_wrap tdb_single_tags tdi_88 td-pb-border-top td_block_template_1\" data-td-block-uid=\"tdi_88\">\n<div class=\"tdb-block-inner td-fix-index\">\n<ul class=\"tdb-tags\">\n<li><span>Tags<\/span><\/li>\n<li><a href=\"https:\/\/voceatimisului.ro\/tag\/agentia-nationala-de-integritate\/\">agentia nationala de integritate<\/a><\/li>\n<li><a href=\"https:\/\/voceatimisului.ro\/tag\/cristian-fedor\/\">cristian fedor<\/a><\/li>\n<li><a href=\"https:\/\/voceatimisului.ro\/tag\/cristina-babescu\/\">Cristina Babescu<\/a><\/li>\n<li><a href=\"https:\/\/voceatimisului.ro\/tag\/dna-timisoara\/\">dna timisoara<\/a><\/li>\n<li><a href=\"https:\/\/voceatimisului.ro\/tag\/primaria-giroc\/\">primaria giroc<\/a><\/li>\n<\/ul>\n<\/div>\n<\/div>\n<div class=\"td_block_wrap tdb_single_post_share tdi_89  td-pb-border-top td_block_template_1\" data-td-block-uid=\"tdi_89\">\n<div id=\"tdi_89\" class=\"td-post-sharing tdb-block td-ps-bg td-ps-notext td-post-sharing-style1 \">\n<div class=\"td-post-sharing-visible\"><a class=\"td-social-sharing-button td-social-sharing-button-js td-social-network td-social-facebook\" href=\"https:\/\/www.facebook.com\/sharer.php?u=https%3A%2F%2Fvoceatimisului.ro%2Fpierderi-de-memorie-primaria-comunei-giroc-campioana-la-disparitia-documentelor-de-urbanism-in-folosul-cooperativei-imobiliare%2F\" title=\"Facebook\" rel=\"noopener\"><\/p>\n<div class=\"td-social-but-text\">Facebook<\/div>\n<p><\/a><a class=\"td-social-sharing-button td-social-sharing-button-js td-social-network td-social-twitter\" href=\"https:\/\/twitter.com\/intent\/tweet?text=Pierderi+de+memorie%21+Prim%C4%83ria+comunei+Giroc%2C+campioan%C4%83+la+dispari%C8%9Bia+documentelor+de+urbanism%2C+%C3%AEn+folosul+cooperativei+imobiliare&amp;url=https%3A%2F%2Fvoceatimisului.ro%2Fpierderi-de-memorie-primaria-comunei-giroc-campioana-la-disparitia-documentelor-de-urbanism-in-folosul-cooperativei-imobiliare%2F&amp;via=Vocea+Timisului\" title=\"Twitter\" rel=\"noopener\"><\/p>\n<div class=\"td-social-but-text\">Twitter<\/div>\n<p><\/a><a class=\"td-social-sharing-button td-social-sharing-button-js td-social-network td-social-pinterest\" href=\"https:\/\/pinterest.com\/pin\/create\/button\/?url=https:\/\/voceatimisului.ro\/pierderi-de-memorie-primaria-comunei-giroc-campioana-la-disparitia-documentelor-de-urbanism-in-folosul-cooperativei-imobiliare\/&amp;media=https:\/\/analyse.optim.biz\/wp-content\/uploads\/2026\/01\/cristina-babescu-minda-mimo-carmina-matea-jpg.webp&amp;description=Pierderi+de+memorie%21+Prim%C4%83ria+comunei+Giroc%2C+campioan%C4%83+la+dispari%C8%9Bia+documentelor+de+urbanism%2C+%C3%AEn+folosul+cooperativei+imobiliare\" title=\"Pinterest\" rel=\"noopener\"><\/p>\n<div class=\"td-social-but-text\">Pinterest<\/div>\n<p><\/a><a class=\"td-social-sharing-button td-social-sharing-button-js td-social-network td-social-whatsapp\" href=\"https:\/\/api.whatsapp.com\/send?text=Pierderi+de+memorie%21+Prim%C4%83ria+comunei+Giroc%2C+campioan%C4%83+la+dispari%C8%9Bia+documentelor+de+urbanism%2C+%C3%AEn+folosul+cooperativei+imobiliare%20%0A%0A%20https:\/\/voceatimisului.ro\/pierderi-de-memorie-primaria-comunei-giroc-campioana-la-disparitia-documentelor-de-urbanism-in-folosul-cooperativei-imobiliare\/\" title=\"WhatsApp\" rel=\"noopener\"><\/p>\n<div class=\"td-social-but-text\">WhatsApp<\/div>\n<p><\/a><a class=\"td-social-sharing-button td-social-sharing-button-js td-social-network td-social-linkedin\" href=\"https:\/\/www.linkedin.com\/shareArticle?mini=true&amp;url=https:\/\/voceatimisului.ro\/pierderi-de-memorie-primaria-comunei-giroc-campioana-la-disparitia-documentelor-de-urbanism-in-folosul-cooperativei-imobiliare\/&amp;title=Pierderi+de+memorie%21+Prim%C4%83ria+comunei+Giroc%2C+campioan%C4%83+la+dispari%C8%9Bia+documentelor+de+urbanism%2C+%C3%AEn+folosul+cooperativei+imobiliare\" title=\"Linkedin\" rel=\"noopener\"><\/p>\n<div class=\"td-social-but-text\">Linkedin<\/div>\n<p><\/a><a class=\"td-social-sharing-button td-social-sharing-button-js td-social-network td-social-copy_url\" href=\"https:\/\/voceatimisului.ro\/pierderi-de-memorie-primaria-comunei-giroc-campioana-la-disparitia-documentelor-de-urbanism-in-folosul-cooperativei-imobiliare\/\" title=\"Copy URL\" rel=\"noopener\"><\/p>\n<div class=\"td-social-but-text\">Copy URL<\/div>\n<p><\/a><\/div>\n<\/div>\n<\/div>\n<div class=\"td_block_wrap tdb_single_next_prev tdi_90 td-animation-stack td-next-prev-img-on td-pb-border-top td_block_template_1\" data-td-block-uid=\"tdi_90\">\n<div class=\"tdb-block-inner td-fix-index\">\n<div class=\"tdb-next-post tdb-next-post-bg tdb-post-prev\"><span>Articolul precedent<\/span><\/p>\n<div class=\"td-module-container\">\n<div class=\"td-image-container\"><a class=\"td-image-wrap\" href=\"https:\/\/voceatimisului.ro\/viitor-luminos-agentul-sef-raoul-iacob-de-la-sectia-5-politie-smardoi-cu-legitimatie-de-m-a-i-si-apucaturi-de-interlop\/\"><img loading=\"lazy\" decoding=\"async\" class=\"td-next-prev-image td-fix-index td-lazy-img\" title=\"Viitor luminos! Agentul-\u0219ef Raoul Iacob de la Sec\u021bia 5 Poli\u021bie, smardoi cu legitima\u021bie de M.A.I \u0219i apuc\u0103turi de interlop\" width=\"696\" height=\"1186\" src=\"https:\/\/analyse.optim.biz\/wp-content\/uploads\/2026\/01\/raoul-iacob-de-la-sectia-5-politie-jpg-696x1186-1.webp\"><\/a><\/div>\n<div class=\"next-prev-title\"><a href=\"https:\/\/voceatimisului.ro\/viitor-luminos-agentul-sef-raoul-iacob-de-la-sectia-5-politie-smardoi-cu-legitimatie-de-m-a-i-si-apucaturi-de-interlop\/\">Viitor luminos! Agentul-\u0219ef Raoul Iacob de la Sec\u021bia 5 Poli\u021bie, smardoi cu legitima\u021bie de M.A.I \u0219i apuc\u0103turi de interlop<\/a><\/div>\n<\/div>\n<\/div>\n<div class=\"tdb-next-post tdb-next-post-bg tdb-post-next\"><span>Articolul urm\u0103tor<\/span><\/p>\n<div class=\"td-module-container\">\n<div class=\"td-image-container\"><a class=\"td-image-wrap\" href=\"https:\/\/voceatimisului.ro\/de-vis-medicii-din-spitalele-de-stat-ale-ministrului-rafila-fac-cheta-interna-ca-sa-cumpere-prezervative-chiurete-baterii-si-hartie-de-ecograf-necesare-consulturilor-pentru-pacienti\/\"><img loading=\"lazy\" decoding=\"async\" class=\"td-next-prev-image td-fix-index td-lazy-img\" title=\"De vis! Medicii din spitalele de stat ale ministrului Rafila fac chet\u0103 intern\u0103 ca s\u0103 cumpere prezervative, chiurete, baterii \u0219i h\u00e2rtie de ecograf, necesare consulturilor pentru pacien\u021bi\" width=\"696\" height=\"464\" src=\"https:\/\/analyse.optim.biz\/wp-content\/uploads\/2026\/01\/alexandru-rafila-jpg-696x464-1-1.webp\"><\/a><\/div>\n<div class=\"next-prev-title\"><a href=\"https:\/\/voceatimisului.ro\/de-vis-medicii-din-spitalele-de-stat-ale-ministrului-rafila-fac-cheta-interna-ca-sa-cumpere-prezervative-chiurete-baterii-si-hartie-de-ecograf-necesare-consulturilor-pentru-pacienti\/\">De vis! Medicii din spitalele de stat ale ministrului Rafila fac chet\u0103 intern\u0103 ca s\u0103 cumpere prezervative, chiurete, baterii \u0219i h\u00e2rtie de ecograf, necesare consulturilor pentru pacien\u021bi<\/a><\/div>\n<\/div>\n<\/div>\n<\/div>\n<\/div>\n<\/div>\n<\/div>\n<\/div>\n<\/div>\n<div class=\"vc_row_inner tdi_100  vc_row vc_inner wpb_row td-pb-row\">\n<div class=\"vc_column_inner tdi_102  wpb_column vc_column_container tdc-inner-column td-pb-span4 td-is-sticky\">\n<div class=\"vc_column-inner\">\n<div class=\"wpb_wrapper\" data-sticky-enabled-on=\"W3RydWUsdHJ1ZSx0cnVlLHRydWVd\" data-sticky-offset=\"20\" data-sticky-is-width-auto=\"W2ZhbHNlLGZhbHNlLGZhbHNlLGZhbHNlXQ==\">\n<div class=\"td_block_wrap tdb_single_related tdi_103 td_with_ajax_pagination td-pb-border-top td_block_template_1 tdb-single-related-posts\" data-td-block-uid=\"tdi_103\">\n<div id=\"tdi_103\" class=\"td_block_inner tdb-block-inner td-fix-index\">\n<div class=\"tdb_module_related td_module_wrap td-animation-stack td-meta-info-hide\">\n<div class=\"td-module-container td-category-pos-image\">\n<div class=\"td-module-meta-info\">\n<h3 class=\"entry-title td-module-title\"><a href=\"https:\/\/voceatimisului.ro\/deparazitare-la-giroc-si-chisoda-pe-14-iulie-acces-interzis-temporar-in-parcuri-si-locuri-de-joaca\/\" rel=\"bookmark\" title=\"Deparazitare la Giroc \u0219i Chi\u0219oda pe 14 iulie. Acces interzis temporar \u00een parcuri \u0219i locuri de joac\u0103\">Deparazitare la Giroc \u0219i Chi\u0219oda pe 14 iulie. Acces interzis temporar \u00een parcuri \u0219i locuri de joac\u0103<\/a><\/h3>\n<\/div>\n<\/div>\n<\/div>\n<div class=\"tdb_module_related td_module_wrap td-animation-stack td-meta-info-hide\">\n<div class=\"td-module-container td-category-pos-image\">\n<div class=\"td-module-meta-info\">\n<h3 class=\"entry-title td-module-title\"><a href=\"https:\/\/voceatimisului.ro\/furt-din-banii-europeni-in-numele-educatiei-functionare-de-la-universitatea-politehnica-timisoara-trimise-in-judecata-de-dna\/\" rel=\"bookmark\" title=\"Furt din banii europeni, \u00een numele educa\u021biei: func\u021bionare de la Universitatea Politehnica Timi\u0219oara, trimise \u00een judecat\u0103 de DNA\">Furt din banii europeni, \u00een numele educa\u021biei: func\u021bionare de la Universitatea Politehnica Timi\u0219oara, trimise \u00een judecat\u0103 de DNA<\/a><\/h3>\n<\/div>\n<\/div>\n<\/div>\n<div class=\"tdb_module_related td_module_wrap td-animation-stack td-meta-info-hide\">\n<div class=\"td-module-container td-category-pos-image\">\n<div class=\"td-module-meta-info\">\n<h3 class=\"entry-title td-module-title\"><a href=\"https:\/\/voceatimisului.ro\/zece-inspectori-isctr-timisoara-retinuti-de-dna-pentru-luare-de-mita-in-forma-continuata\/\" rel=\"bookmark\" title=\"Zece inspectori ISCTR Timi\u0219oara, re\u021binu\u021bi de DNA pentru luare de mit\u0103 \u00een form\u0103 continuat\u0103\">Zece inspectori ISCTR Timi\u0219oara, re\u021binu\u021bi de DNA pentru luare de mit\u0103 \u00een form\u0103 continuat\u0103<\/a><\/h3>\n<\/div>\n<\/div>\n<\/div>\n<\/div>\n<\/div>\n<\/div>\n<\/div>\n<\/div>\n<div class=\"vc_column_inner tdi_105  wpb_column vc_column_container tdc-inner-column td-pb-span8\">\n<div class=\"vc_column-inner\">\n<div class=\"wpb_wrapper\">\n<div class=\"td_block_wrap tdb_single_comments tdi_106 tdb-comm-layout2 td-pb-border-top td_block_template_2\" data-td-block-uid=\"tdi_106\">\n<div class=\"tdb-block-inner td-fix-index\">\n<div class=\"comments\" id=\"comments\">\n<div class=\"td-comments-title-wrap td_block_template_2\">\n<h4 class=\"td-comments-title td-block-title\"><span>5 COMENTARII<\/span><\/h4>\n<\/div>\n<ol class=\"comment-list\">\n<li class=\"comment \" id=\"comment-27127\">\n<article>\n<footer><cite>Dunareanu_d_p_Dunarea<\/cite><a class=\"comment-link\" href=\"https:\/\/voceatimisului.ro\/pierderi-de-memorie-primaria-comunei-giroc-campioana-la-disparitia-documentelor-de-urbanism-in-folosul-cooperativei-imobiliare\/#comment-27127\"><time><br \/>\n\t\t\t\t\t\t    13 septembrie 2023\t\t\t\t\t\t    La\t\t\t\t\t\t    10:37 PM<\/time><\/a><\/footer>\n<div class=\"comment-content\">\n<p>Uaaau! De CoopGiroc se stie in urbea de pe Bega de multa vreme\u2026Poate va indreptati putin  atentia si spre Ghiroda, e mare si in floare\u2026are aeroport\u2026are buget. Reteta e aceeasi ca la toma :))  toti in administratie se acopera unul pe altul ,mai toti adusi de primar, de la portar la politist local care construieste fara acte pana la stanusoiu [ angajat  :)) ]  sedako, printre altele .<br \/>\n Probabil sa nu se schimbe nimic,  dar cu siguranta veti avea muuulti vizitatori noi unici pe site.<br \/>\nHINT: urmeaza un PUG cu P+11<br \/>\nPopcorn and Cheers !<\/p>\n<\/div>\n<div class=\"comment-meta\" id=\"comment-27127\"><a rel=\"nofollow\" class=\"comment-reply-link\" href=\"https:\/\/voceatimisului.ro\/pierderi-de-memorie-primaria-comunei-giroc-campioana-la-disparitia-documentelor-de-urbanism-in-folosul-cooperativei-imobiliare\/#comment-27127\" data-commentid=\"27127\" data-postid=\"156891\" data-belowelement=\"comment-27127\" data-respondelement=\"respond\" data-replyto=\"R\u0103spunde-i lui Dunareanu_d_p_Dunarea\" aria-label=\"R\u0103spunde-i lui Dunareanu_d_p_Dunarea\">R\u0103spunde\u021bi<\/a><\/div>\n<\/article>\n<ul class=\"children\">\n<li class=\"comment \" id=\"comment-27131\">\n<article>\n<footer><cite>Tiberiu Kiss<\/cite><a class=\"comment-link\" href=\"https:\/\/voceatimisului.ro\/pierderi-de-memorie-primaria-comunei-giroc-campioana-la-disparitia-documentelor-de-urbanism-in-folosul-cooperativei-imobiliare\/#comment-27131\"><time><br \/>\n\t\t\t\t\t\t    14 septembrie 2023\t\t\t\t\t\t    La\t\t\t\t\t\t    2:22 PM<\/time><\/a><\/footer>\n<div class=\"comment-content\">\n<p>Buna. Va rog sa l\u0103sa\u021bi un contact in privat, dac\u0103 dori\u021bi. Merci<\/p>\n<\/div>\n<div class=\"comment-meta\" id=\"comment-27131\"><a rel=\"nofollow\" class=\"comment-reply-link\" href=\"https:\/\/voceatimisului.ro\/pierderi-de-memorie-primaria-comunei-giroc-campioana-la-disparitia-documentelor-de-urbanism-in-folosul-cooperativei-imobiliare\/#comment-27131\" data-commentid=\"27131\" data-postid=\"156891\" data-belowelement=\"comment-27131\" data-respondelement=\"respond\" data-replyto=\"R\u0103spunde-i lui Tiberiu Kiss\" aria-label=\"R\u0103spunde-i lui Tiberiu Kiss\">R\u0103spunde\u021bi<\/a><\/div>\n<\/article>\n<\/li>\n<\/ul>\n<\/li>\n<li class=\"comment \" id=\"comment-27092\">\n<article>\n<footer><cite>Cetatean<\/cite><a class=\"comment-link\" href=\"https:\/\/voceatimisului.ro\/pierderi-de-memorie-primaria-comunei-giroc-campioana-la-disparitia-documentelor-de-urbanism-in-folosul-cooperativei-imobiliare\/#comment-27092\"><time><br \/>\n\t\t\t\t\t\t    7 septembrie 2023\t\t\t\t\t\t    La\t\t\t\t\t\t    11:52 AM<\/time><\/a><\/footer>\n<div class=\"comment-content\">\n<p>PRIMARIA din Giroc numai dup\u0103 combina\u021bii ii.solicitatile sa vede\u021bi caci exista constructii pe teava de gaz de la trans gaz \u0219i nu se respecta distanta de la constructie fata de statile de pompare a gazului.uitativa \u00eentre giroc \u0219i chisoda construie\u0219te din c\u00e2te am  \u00een\u021beles tot Fedor blocurile pe st\u00e2nga l\u00e2ng\u0103 statia de gaz.daca acolo se respecta distanta legala!!!!!Pana nu explodeaz\u0103 ceva  nu se \u00eent\u00e2mpl\u0103 nimica.Fereasca Dumnezeu de un accident ca la Crevedia.Verificati \u0219i veti r\u0103m\u00e2ne uimit.Toata stima domnule jurnalist<\/p>\n<\/div>\n<div class=\"comment-meta\" id=\"comment-27092\"><a rel=\"nofollow\" class=\"comment-reply-link\" href=\"https:\/\/voceatimisului.ro\/pierderi-de-memorie-primaria-comunei-giroc-campioana-la-disparitia-documentelor-de-urbanism-in-folosul-cooperativei-imobiliare\/#comment-27092\" data-commentid=\"27092\" data-postid=\"156891\" data-belowelement=\"comment-27092\" data-respondelement=\"respond\" data-replyto=\"R\u0103spunde-i lui Cetatean\" aria-label=\"R\u0103spunde-i lui Cetatean\">R\u0103spunde\u021bi<\/a><\/div>\n<\/article>\n<\/li>\n<li class=\"comment \" id=\"comment-27030\">\n<article>\n<footer><cite>Imo<\/cite><a class=\"comment-link\" href=\"https:\/\/voceatimisului.ro\/pierderi-de-memorie-primaria-comunei-giroc-campioana-la-disparitia-documentelor-de-urbanism-in-folosul-cooperativei-imobiliare\/#comment-27030\"><time><br \/>\n\t\t\t\t\t\t    27 august 2023\t\t\t\t\t\t    La\t\t\t\t\t\t    3:16 PM<\/time><\/a><\/footer>\n<div class=\"comment-content\">\n<p>Toma a fost cancerul celor 2 localitati. Au mai ramas acum lingaii lui, care se tin cu fintii de os\u2026<\/p>\n<\/div>\n<div class=\"comment-meta\" id=\"comment-27030\"><a rel=\"nofollow\" class=\"comment-reply-link\" href=\"https:\/\/voceatimisului.ro\/pierderi-de-memorie-primaria-comunei-giroc-campioana-la-disparitia-documentelor-de-urbanism-in-folosul-cooperativei-imobiliare\/#comment-27030\" data-commentid=\"27030\" data-postid=\"156891\" data-belowelement=\"comment-27030\" data-respondelement=\"respond\" data-replyto=\"R\u0103spunde-i lui Imo\" aria-label=\"R\u0103spunde-i lui Imo\">R\u0103spunde\u021bi<\/a><\/div>\n<\/article>\n<\/li>\n<li class=\"comment \" id=\"comment-27005\">\n<article>\n<footer><cite>Gheo<\/cite><a class=\"comment-link\" href=\"https:\/\/voceatimisului.ro\/pierderi-de-memorie-primaria-comunei-giroc-campioana-la-disparitia-documentelor-de-urbanism-in-folosul-cooperativei-imobiliare\/#comment-27005\"><time><br \/>\n\t\t\t\t\t\t    24 august 2023\t\t\t\t\t\t    La\t\t\t\t\t\t    1:36 PM<\/time><\/a><\/footer>\n<div class=\"comment-content\">\n<p>INSP.IN CONSTRUCTII nu va cerceta acte de urbanism ale coop.oimob. giroc( e parte din sistem)La primaria giroc e o casta care se apar\u0103 \u00eentre ei.Din comisiile de cercetarea e parte mereu HA NES M(funct. cel mai corupt (a fost, este \u0219i va ramane).cunoa\u0219te leg\u0103turile sranse dintr procurori \u0219i primarul mort.DNA ne-a ar\u0103tat ca arh.Roman Fl. este cinstit \u0219i s\u0103rac \u0219i ca s-ncercat a fi mituit de arab \u0219i de Minda.si ca la la prim\u0103rie \u0219an\u021b funct.corecti de nemituit(de fapt au turnat ca s\u0103 scape ei).<\/p>\n<\/div>\n<div class=\"comment-meta\" id=\"comment-27005\"><a rel=\"nofollow\" class=\"comment-reply-link\" href=\"https:\/\/voceatimisului.ro\/pierderi-de-memorie-primaria-comunei-giroc-campioana-la-disparitia-documentelor-de-urbanism-in-folosul-cooperativei-imobiliare\/#comment-27005\" data-commentid=\"27005\" data-postid=\"156891\" data-belowelement=\"comment-27005\" data-respondelement=\"respond\" data-replyto=\"R\u0103spunde-i lui Gheo\" aria-label=\"R\u0103spunde-i lui Gheo\">R\u0103spunde\u021bi<\/a><\/div>\n<\/article>\n<\/li>\n<\/ol>\n<div id=\"respond\" class=\"comment-respond\">\n<h3 id=\"reply-title\" class=\"comment-reply-title\">L\u0102SA\u021aI UN MESAJ <small><a rel=\"nofollow\" id=\"cancel-comment-reply-link\" href=\"https:\/\/voceatimisului.ro\/pierderi-de-memorie-primaria-comunei-giroc-campioana-la-disparitia-documentelor-de-urbanism-in-folosul-cooperativei-imobiliare\/#respond\">Renun\u021ba\u021bi la r\u0103spuns<\/a><\/small><\/h3>\n<div class=\"comment-form-input-wrap td-form-comment\">\n<div class=\"td-warning-comment\">V\u0103 rug\u0103m s\u0103 introduce\u021bi comentariul dvs.!<\/div>\n<\/div>\n<div class=\"comment-form-input-wrap td-form-author\">\n<div class=\"td-warning-author\">Introduce\u021bi aici numele dvs.<\/div>\n<\/div>\n<div class=\"comment-form-input-wrap td-form-email\">\n<div class=\"td-warning-email-error\">A\u021bi introdus o adres\u0103 de e-mail incorect\u0103!<\/div>\n<div class=\"td-warning-email\">V\u0103 rug\u0103m s\u0103 introduce\u021bi adresa dvs. de e-mail aici<\/div>\n<\/div>\n<\/div>\n<\/div>\n<\/div>\n<\/div>\n<\/div>\n<\/div>\n<\/div>\n<\/div>\n<\/div>\n<\/div>\n<div class=\"vc_column tdi_108  wpb_column vc_column_container tdc-column td-pb-span4 td-is-sticky\">\n<div class=\"wpb_wrapper\" data-sticky-enabled-on=\"W3RydWUsdHJ1ZSx0cnVlLHRydWVd\" data-sticky-offset=\"20\" data-sticky-is-width-auto=\"W2ZhbHNlLGZhbHNlLGZhbHNlLGZhbHNlXQ==\">\n<div class=\"vc_row_inner tdi_110  vc_row vc_inner wpb_row td-pb-row\">\n<div class=\"vc_column_inner tdi_112  wpb_column vc_column_container tdc-inner-column td-pb-span12\">\n<div class=\"vc_column-inner\">\n<div class=\"wpb_wrapper\">\n<div class=\"td_block_wrap td_block_title tdi_113 td-pb-border-top td_block_template_11 td-fix-index\" data-td-block-uid=\"tdi_113\">\n<div class=\"td-block-title-wrap\">\n<h4 class=\"td-block-title\"><span class=\"td-pulldown-size\">ANUN\u021aURI \u0218I PUBLICITATE<\/span><\/h4>\n<\/div>\n<\/div>\n<\/div>\n<\/div>\n<\/div>\n<\/div>\n<div class=\"wpb_wrapper td_block_wrap vc_widget_sidebar tdi_115 \">\n<aside id=\"block-10\" class=\"td_block_template_1 widget block-10 widget_block widget_media_image\">\n<figure class=\"wp-block-image size-full\"><a href=\"https:\/\/adpghiroda.ro\/index.html\" target=\"_blank\" rel=\" noreferrer noopener\"><img decoding=\"async\" loading=\"lazy\" width=\"960\" height=\"960\" src=\"https:\/\/analyse.optim.biz\/wp-content\/uploads\/2026\/01\/adp-ghiroda2-225.jpg\" class=\"wp-image-171492\" title=\"adp-ghiroda2-225\"><\/a><\/figure>\n<\/aside>\n<aside id=\"block-11\" class=\"td_block_template_1 widget block-11 widget_block widget_media_image\">\n<figure class=\"wp-block-image size-full\"><a href=\"https:\/\/adpghiroda.ro\/index.html\" target=\"_blank\" rel=\" noreferrer noopener\"><img decoding=\"async\" loading=\"lazy\" width=\"960\" height=\"960\" src=\"https:\/\/analyse.optim.biz\/wp-content\/uploads\/2026\/01\/adp-ghiroda1-225.jpg\" class=\"wp-image-171491\" title=\"adp-ghiroda1-225\"><\/a><\/figure>\n<\/aside>\n<aside id=\"block-17\" class=\"td_block_template_1 widget block-17 widget_block widget_media_image\">\n<figure class=\"wp-block-image size-large is-resized\"><a href=\"https:\/\/verde.events\/\" target=\"_blank\" rel=\" noreferrer noopener\"><img decoding=\"async\" loading=\"lazy\" width=\"1024\" height=\"683\" src=\"https:\/\/analyse.optim.biz\/wp-content\/uploads\/2026\/01\/verde-events-24-1024x683-1-210.jpg\" alt=\"Verde Events\" class=\"wp-image-174395\" title=\"verde-events-24-1024x683-1-210\"><\/a><figcaption class=\"wp-element-caption\"><strong><em>O experien\u021b\u0103 unic\u0103 pentru orice tip de eveniment<\/em><\/strong><\/figcaption><\/figure>\n<\/aside>\n<\/div>\n<div class=\"td_block_wrap td_flex_block_1 tdi_121 td-pb-border-top td_block_template_1 td_ajax_preloading_preload td_flex_block\" data-td-block-uid=\"tdi_121\">\n<div id=\"tdi_121\" class=\"td_block_inner td-mc1-wrap\">\n<div class=\"td_module_flex td_module_flex_1 td_module_wrap td-animation-stack td-meta-info-hide td-cpt-post\">\n<div class=\"td-module-container td-category-pos-image\">\n<div class=\"td-module-meta-info\">\n<h3 class=\"entry-title td-module-title\"><a href=\"https:\/\/voceatimisului.ro\/in-memoriam-ionel-lucian-sipos-girocul-celebreaza-dansul-popular-la-a-v-a-editie-a-festivalului-care-i-poarta-numele\/\" rel=\"bookmark\" title=\"\u00cen memoriam Ionel Lucian \u0218ipo\u0219: Girocul celebreaz\u0103 dansul popular la a V-a edi\u021bie a festivalului care-i poart\u0103 numele\">\u00cen memoriam Ionel Lucian \u0218ipo\u0219: Girocul celebreaz\u0103 dansul popular la a V-a edi\u021bie a festivalului care-i poart\u0103 numele<\/a><\/h3>\n<\/div>\n<\/div>\n<\/div>\n<div class=\"td_module_flex td_module_flex_1 td_module_wrap td-animation-stack td-meta-info-hide td-cpt-post\">\n<div class=\"td-module-container td-category-pos-image\">\n<div class=\"td-module-meta-info\">\n<h3 class=\"entry-title td-module-title\"><a href=\"https:\/\/voceatimisului.ro\/ipocrizie-cu-repetitie-dominic-fritz-vrea-sa-reformeze-ani-dupa-ce-a-fost-prins-in-conflict-de-interese\/\" rel=\"bookmark\" title=\"Ipocrizie cu repeti\u021bie: Dominic Fritz vrea s\u0103 reformeze ANI, dup\u0103 ce a fost prins \u00een conflict de interese\">Ipocrizie cu repeti\u021bie: Dominic Fritz vrea s\u0103 reformeze ANI, dup\u0103 ce a fost prins \u00een conflict de interese<\/a><\/h3>\n<\/div>\n<\/div>\n<\/div>\n<div class=\"td_module_flex td_module_flex_1 td_module_wrap td-animation-stack td-meta-info-hide td-cpt-post\">\n<div class=\"td-module-container td-category-pos-image\">\n<div class=\"td-module-meta-info\">\n<h3 class=\"entry-title td-module-title\"><a href=\"https:\/\/voceatimisului.ro\/a-inceput-primul-recensamant-online-al-cainilor-cu-stapan-din-comuna-giroc\/\" rel=\"bookmark\" title=\"A \u00eenceput primul recens\u0103m\u00e2nt online al c\u00e2inilor cu st\u0103p\u00e2n din Comuna Giroc\">A \u00eenceput primul recens\u0103m\u00e2nt online al c\u00e2inilor cu st\u0103p\u00e2n din Comuna Giroc<\/a><\/h3>\n<\/div>\n<\/div>\n<\/div>\n<div class=\"td_module_flex td_module_flex_1 td_module_wrap td-animation-stack td-meta-info-hide td-cpt-post\">\n<div class=\"td-module-container td-category-pos-image\">\n<div class=\"td-module-meta-info\">\n<h3 class=\"entry-title td-module-title\"><a href=\"https:\/\/voceatimisului.ro\/cand-fritz-ne-vorbeste-de-dreptate-dar-isi-angajeaza-toti-prietenii\/\" rel=\"bookmark\" title=\"C\u00e2nd Fritz ne vorbe\u0219te de dreptate, dar \u00ee\u0219i angajeaz\u0103 to\u021bi prietenii\">C\u00e2nd Fritz ne vorbe\u0219te de dreptate, dar \u00ee\u0219i angajeaz\u0103 to\u021bi prietenii<\/a><\/h3>\n<\/div>\n<\/div>\n<\/div>\n<div class=\"td_module_flex td_module_flex_1 td_module_wrap td-animation-stack td-meta-info-hide td-cpt-post\">\n<div class=\"td-module-container td-category-pos-image\">\n<div class=\"td-module-meta-info\">\n<h3 class=\"entry-title td-module-title\"><a href=\"https:\/\/voceatimisului.ro\/gradinita-noua-in-giroc-investitie-de-peste-26-de-milioane-de-lei-pentru-viitorul-copiilor\/\" rel=\"bookmark\" title=\"Gr\u0103dini\u021b\u0103 nou\u0103 \u00een Giroc: investi\u021bie de peste 26 de milioane de lei pentru viitorul copiilor\">Gr\u0103dini\u021b\u0103 nou\u0103 \u00een Giroc: investi\u021bie de peste 26 de milioane de lei pentru viitorul copiilor<\/a><\/h3>\n<\/div>\n<\/div>\n<\/div>\n<\/div>\n<\/div>\n<\/div>\n<\/div>\n<\/div>\n<\/div>\n<\/div>\n<\/div>\n<p><span class=\"td-page-meta\"><\/span><span class=\"td-page-meta\"><span class=\"td-page-meta\"><\/span><\/span><span class=\"td-page-meta\"><\/span><\/article>\n<p> Source URL: https:\/\/voceatimisului.ro\/pierderi-de-memorie-primaria-comunei-giroc-campioana-la-disparitia-documentelor-de-urbanism-in-folosul-cooperativei-imobiliare\/<\/p>\n","protected":false},"excerpt":{"rendered":"<p>\u0218tiriInvestiga\u021bii Pierderi de memorie! Prim\u0103ria comunei Giroc, campioan\u0103 la dispari\u021bia documentelor de urbanism, \u00een folosul cooperativei imobiliare Autor-Tiberiu Kiss 23 august 2023 5 13785 Facebook Twitter Pinterest WhatsApp Linkedin Copy URL Cristina Babescu Minda Mimo Carmina Matea jpg T\u00e2rgul de Cr\u0103ciun Giroc 2025, arti\u0219ti cunoscu\u021bi \u00een programul spectacolelor gratuite T\u00e2rg caritabil la GPP Giroc pentru [&hellip;]<\/p>\n","protected":false},"author":1,"featured_media":1337470,"comment_status":"open","ping_status":"","sticky":false,"template":"","format":"standard","meta":{"footnotes":""},"categories":[89],"tags":[199],"class_list":["post-1337469","post","type-post","status-publish","format-standard","has-post-thumbnail","hentry","category-romania","tag-voceatimisului-ro"],"_links":{"self":[{"href":"https:\/\/analyse.optim.biz\/index.php?rest_route=\/wp\/v2\/posts\/1337469","targetHints":{"allow":["GET"]}}],"collection":[{"href":"https:\/\/analyse.optim.biz\/index.php?rest_route=\/wp\/v2\/posts"}],"about":[{"href":"https:\/\/analyse.optim.biz\/index.php?rest_route=\/wp\/v2\/types\/post"}],"author":[{"embeddable":true,"href":"https:\/\/analyse.optim.biz\/index.php?rest_route=\/wp\/v2\/users\/1"}],"replies":[{"embeddable":true,"href":"https:\/\/analyse.optim.biz\/index.php?rest_route=%2Fwp%2Fv2%2Fcomments&post=1337469"}],"version-history":[{"count":0,"href":"https:\/\/analyse.optim.biz\/index.php?rest_route=\/wp\/v2\/posts\/1337469\/revisions"}],"wp:featuredmedia":[{"embeddable":true,"href":"https:\/\/analyse.optim.biz\/index.php?rest_route=\/wp\/v2\/media\/1337470"}],"wp:attachment":[{"href":"https:\/\/analyse.optim.biz\/index.php?rest_route=%2Fwp%2Fv2%2Fmedia&parent=1337469"}],"wp:term":[{"taxonomy":"category","embeddable":true,"href":"https:\/\/analyse.optim.biz\/index.php?rest_route=%2Fwp%2Fv2%2Fcategories&post=1337469"},{"taxonomy":"post_tag","embeddable":true,"href":"https:\/\/analyse.optim.biz\/index.php?rest_route=%2Fwp%2Fv2%2Ftags&post=1337469"}],"curies":[{"name":"wp","href":"https:\/\/api.w.org\/{rel}","templated":true}]}}