{"id":1337434,"date":"2023-10-08T05:48:16","date_gmt":"2023-10-08T02:48:16","guid":{"rendered":"https:\/\/analyse.optim.biz\/?p=1337434"},"modified":"2023-10-08T05:48:16","modified_gmt":"2023-10-08T02:48:16","slug":"judecatoria-timisoara-i-au-scos-din-cap-cooperatistului-puiu-minda","status":"publish","type":"post","link":"https:\/\/analyse.optim.biz\/?p=1337434","title":{"rendered":"Judec\u0103toria Timi\u0219oara i-au scos din cap cooperatistului Puiu Minda"},"content":{"rendered":"<article id=\"template-id-172790\" class=\"post-172790 tdb_templates type-tdb_templates status-publish post\">\n<div id=\"tdi_52\" class=\"tdc-zone\">\n<div class=\"tdc_zone tdi_53  wpb_row td-pb-row\">\n<div id=\"tdi_54\" class=\"tdc-row stretch_row_1400 td-stretch-content\">\n<div class=\"vc_row tdi_55  wpb_row td-pb-row tdc-element-style\">\n<div class=\"vc_column tdi_57  wpb_column vc_column_container tdc-column td-pb-span8\">\n<div class=\"wpb_wrapper\">\n<div class=\"td_block_wrap tdb_single_categories tdi_58 td-pb-border-top td_block_template_1 \" data-td-block-uid=\"tdi_58\">\n<div class=\"tdb-category td-fix-index\"><a class=\"tdb-entry-category\" href=\"https:\/\/voceatimisului.ro\/category\/stiri-din-timisoara-si-timis\/\">\u0218tiri<\/a><a class=\"tdb-entry-category\" href=\"https:\/\/voceatimisului.ro\/category\/investigatii-stiri\/\">Investiga\u021bii<\/a><\/div>\n<\/div>\n<div class=\"td_block_wrap tdb_title tdi_59 tdb-single-title td-pb-border-top td_block_template_1\" data-td-block-uid=\"tdi_59\">\n<div class=\"tdb-block-inner td-fix-index\">\n<h1 class=\"tdb-title-text\">Clasare! Procurorii Parchetului de pe l\u00e2ng\u0103 Judec\u0103toria Timi\u0219oara i-au scos din cap cooperatistului Puiu Minda infrac\u021biunea de compromitere a intereselor justi\u021biei de c\u0103tre jurnali\u0219tii de la Vocea Timi\u0219ului<\/h1>\n<\/div>\n<\/div>\n<div class=\"vc_row_inner tdi_62  vc_row vc_inner wpb_row td-pb-row\">\n<div class=\"vc_column_inner tdi_64  wpb_column vc_column_container tdc-inner-column td-pb-span6\">\n<div class=\"vc_column-inner\">\n<div class=\"wpb_wrapper\">\n<div class=\"td_block_wrap tdb_single_author tdi_65 td-pb-border-top td_block_template_1 tdb-post-meta\" data-td-block-uid=\"tdi_65\">\n<div class=\"tdb-block-inner td-fix-index\">\n<div class=\"tdb-author-name-wrap\"><span class=\"tdb-author-by\">Autor-<\/span><a class=\"tdb-author-name\" href=\"https:\/\/voceatimisului.ro\/author\/redactia\/\">Redac\u021bia<\/a><\/div>\n<\/div>\n<\/div>\n<div class=\"td_block_wrap tdb_single_date tdi_66 td-pb-border-top td_block_template_1 tdb-post-meta\" data-td-block-uid=\"tdi_66\">\n<div class=\"tdb-block-inner td-fix-index\"><time class=\"entry-date updated td-module-date\" datetime=\"2023-10-08T08:48:16+03:00\">8 octombrie 2023<\/time><\/div>\n<\/div>\n<div class=\"td_block_wrap tdb_single_comments_count tdi_67 td-pb-border-top td_block_template_1 tdb-post-meta\" data-td-block-uid=\"tdi_67\">\n<div class=\"tdb-block-inner td-fix-index\"><a href=\"https:\/\/voceatimisului.ro\/clasare-procurorii-parchetului-de-pe-langa-judecatoria-timisoara-i-au-scos-din-cap-cooperatistului-puiu-minda-infractiunea-de-compromitere-a-intereselor-justitiei-de-catre-jurnalistii-de-la-vocea-tim\/#comments\"><span>5<\/span><\/a><\/div>\n<\/div>\n<div class=\"td_block_wrap tdb_single_post_views tdi_68 td-pb-border-top td_block_template_1 tdb-post-meta\" data-td-block-uid=\"tdi_68\">\n<div class=\"tdb-block-inner td-fix-index\"><span class=\"tdb-add-text\">1<\/span><span class=\"td-nr-views-157188\">6544<\/span><\/div>\n<\/div>\n<\/div>\n<\/div>\n<\/div>\n<div class=\"vc_column_inner tdi_70  wpb_column vc_column_container tdc-inner-column td-pb-span6\">\n<div class=\"vc_column-inner\">\n<div class=\"wpb_wrapper\">\n<div class=\"td_block_wrap tdb_single_post_share tdi_71  td-pb-border-top td_block_template_1\" data-td-block-uid=\"tdi_71\">\n<div id=\"tdi_71\" class=\"td-post-sharing tdb-block td-ps-bg td-ps-notext td-post-sharing-style1 \">\n<div class=\"td-post-sharing-visible\"><a class=\"td-social-sharing-button td-social-sharing-button-js td-social-network td-social-facebook\" href=\"https:\/\/www.facebook.com\/sharer.php?u=https%3A%2F%2Fvoceatimisului.ro%2Fclasare-procurorii-parchetului-de-pe-langa-judecatoria-timisoara-i-au-scos-din-cap-cooperatistului-puiu-minda-infractiunea-de-compromitere-a-intereselor-justitiei-de-catre-jurnalistii-de-la-vocea-tim%2F\" title=\"Facebook\" rel=\"noopener\"><\/p>\n<div class=\"td-social-but-text\">Facebook<\/div>\n<p><\/a><a class=\"td-social-sharing-button td-social-sharing-button-js td-social-network td-social-twitter\" href=\"https:\/\/twitter.com\/intent\/tweet?text=Clasare%21+Procurorii+Parchetului+de+pe+l%C3%A2ng%C4%83+Judec%C4%83toria+Timi%C8%99oara+i-au+scos+din+cap+cooperatistului+Puiu+Minda+infrac%C8%9Biunea+de+compromitere+a+intereselor+justi%C8%9Biei+de+c%C4%83tre+jurnali%C8%99tii+de+la+Vocea+Timi%C8%99ului&amp;url=https%3A%2F%2Fvoceatimisului.ro%2Fclasare-procurorii-parchetului-de-pe-langa-judecatoria-timisoara-i-au-scos-din-cap-cooperatistului-puiu-minda-infractiunea-de-compromitere-a-intereselor-justitiei-de-catre-jurnalistii-de-la-vocea-tim%2F&amp;via=Vocea+Timisului\" title=\"Twitter\" rel=\"noopener\"><\/p>\n<div class=\"td-social-but-text\">Twitter<\/div>\n<p><\/a><a class=\"td-social-sharing-button td-social-sharing-button-js td-social-network td-social-pinterest\" href=\"https:\/\/pinterest.com\/pin\/create\/button\/?url=https:\/\/voceatimisului.ro\/clasare-procurorii-parchetului-de-pe-langa-judecatoria-timisoara-i-au-scos-din-cap-cooperatistului-puiu-minda-infractiunea-de-compromitere-a-intereselor-justitiei-de-catre-jurnalistii-de-la-vocea-tim\/&amp;media=https:\/\/analyse.optim.biz\/wp-content\/uploads\/2026\/01\/puiu-minda-jpg-1.webp&amp;description=Clasare%21+Procurorii+Parchetului+de+pe+l%C3%A2ng%C4%83+Judec%C4%83toria+Timi%C8%99oara+i-au+scos+din+cap+cooperatistului+Puiu+Minda+infrac%C8%9Biunea+de+compromitere+a+intereselor+justi%C8%9Biei+de+c%C4%83tre+jurnali%C8%99tii+de+la+Vocea+Timi%C8%99ului\" title=\"Pinterest\" rel=\"noopener\"><\/p>\n<div class=\"td-social-but-text\">Pinterest<\/div>\n<p><\/a><a class=\"td-social-sharing-button td-social-sharing-button-js td-social-network td-social-whatsapp\" href=\"https:\/\/api.whatsapp.com\/send?text=Clasare%21+Procurorii+Parchetului+de+pe+l%C3%A2ng%C4%83+Judec%C4%83toria+Timi%C8%99oara+i-au+scos+din+cap+cooperatistului+Puiu+Minda+infrac%C8%9Biunea+de+compromitere+a+intereselor+justi%C8%9Biei+de+c%C4%83tre+jurnali%C8%99tii+de+la+Vocea+Timi%C8%99ului%20%0A%0A%20https:\/\/voceatimisului.ro\/clasare-procurorii-parchetului-de-pe-langa-judecatoria-timisoara-i-au-scos-din-cap-cooperatistului-puiu-minda-infractiunea-de-compromitere-a-intereselor-justitiei-de-catre-jurnalistii-de-la-vocea-tim\/\" title=\"WhatsApp\" rel=\"noopener\"><\/p>\n<div class=\"td-social-but-text\">WhatsApp<\/div>\n<p><\/a><a class=\"td-social-sharing-button td-social-sharing-button-js td-social-network td-social-linkedin\" href=\"https:\/\/www.linkedin.com\/shareArticle?mini=true&amp;url=https:\/\/voceatimisului.ro\/clasare-procurorii-parchetului-de-pe-langa-judecatoria-timisoara-i-au-scos-din-cap-cooperatistului-puiu-minda-infractiunea-de-compromitere-a-intereselor-justitiei-de-catre-jurnalistii-de-la-vocea-tim\/&amp;title=Clasare%21+Procurorii+Parchetului+de+pe+l%C3%A2ng%C4%83+Judec%C4%83toria+Timi%C8%99oara+i-au+scos+din+cap+cooperatistului+Puiu+Minda+infrac%C8%9Biunea+de+compromitere+a+intereselor+justi%C8%9Biei+de+c%C4%83tre+jurnali%C8%99tii+de+la+Vocea+Timi%C8%99ului\" title=\"Linkedin\" rel=\"noopener\"><\/p>\n<div class=\"td-social-but-text\">Linkedin<\/div>\n<p><\/a><a class=\"td-social-sharing-button td-social-sharing-button-js td-social-network td-social-copy_url\" href=\"https:\/\/voceatimisului.ro\/clasare-procurorii-parchetului-de-pe-langa-judecatoria-timisoara-i-au-scos-din-cap-cooperatistului-puiu-minda-infractiunea-de-compromitere-a-intereselor-justitiei-de-catre-jurnalistii-de-la-vocea-tim\/\" title=\"Copy URL\" rel=\"noopener\"><\/p>\n<div class=\"td-social-but-text\">Copy URL<\/div>\n<p><\/a><\/div>\n<\/div>\n<\/div>\n<\/div>\n<\/div>\n<\/div>\n<\/div>\n<div class=\"td_block_wrap tdb_single_featured_image tdi_72 tdb-content-horiz-left td-pb-border-top td_block_template_1\" data-td-block-uid=\"tdi_72\">\n<div class=\"tdb-block-inner td-fix-index\">\n<figure><img loading=\"lazy\" decoding=\"async\" width=\"696\" height=\"518\" class=\"entry-thumb\" src=\"https:\/\/analyse.optim.biz\/wp-content\/uploads\/2026\/01\/puiu-minda-jpg-696x518-1-2.webp\" alt=\"Puiu Minda jpg\" title=\"Puiu Minda jpg\"><figcaption class=\"tdb-caption-text\">Puiu Minda jpg<\/figcaption><\/figure>\n<\/div>\n<\/div>\n<div class=\"vc_row_inner tdi_74  vc_row vc_inner wpb_row td-pb-row\">\n<div class=\"vc_column_inner tdi_76  wpb_column vc_column_container tdc-inner-column td-pb-span4 td-is-sticky\">\n<div class=\"vc_column-inner\">\n<div class=\"wpb_wrapper\" data-sticky-enabled-on=\"W3RydWUsdHJ1ZSx0cnVlLHRydWVd\" data-sticky-offset=\"20\" data-sticky-is-width-auto=\"W2ZhbHNlLGZhbHNlLGZhbHNlLGZhbHNlXQ==\">\n<div class=\"td_block_wrap td_flex_block_1 tdi_77 td-pb-border-top td_block_template_1 td_ajax_preloading_preload td_flex_block\" data-td-block-uid=\"tdi_77\">\n<div id=\"tdi_77\" class=\"td_block_inner td-mc1-wrap\">\n<div class=\"td_module_flex td_module_flex_1 td_module_wrap td-animation-stack td-meta-info-hide td-cpt-post\">\n<div class=\"td-module-container td-category-pos-image\">\n<div class=\"td-module-meta-info\">\n<h3 class=\"entry-title td-module-title\"><a href=\"https:\/\/voceatimisului.ro\/targul-de-craciun-giroc-2025-artisti-cunoscuti-in-programul-spectacolelor-gratuite\/\" rel=\"bookmark\" title=\"T\u00e2rgul de Cr\u0103ciun Giroc 2025, arti\u0219ti cunoscu\u021bi \u00een programul spectacolelor gratuite\">T\u00e2rgul de Cr\u0103ciun Giroc 2025, arti\u0219ti cunoscu\u021bi \u00een programul spectacolelor gratuite<\/a><\/h3>\n<\/div>\n<\/div>\n<\/div>\n<div class=\"td_module_flex td_module_flex_1 td_module_wrap td-animation-stack td-meta-info-hide td-cpt-post\">\n<div class=\"td-module-container td-category-pos-image\">\n<div class=\"td-module-meta-info\">\n<h3 class=\"entry-title td-module-title\"><a href=\"https:\/\/voceatimisului.ro\/targ-caritabil-la-gpp-giroc-pentru-sustinerea-terapiilor-unui-copil-si-modernizarea-curtii\/\" rel=\"bookmark\" title=\"T\u00e2rg caritabil la GPP Giroc pentru sus\u021binerea terapiilor unui copil \u0219i modernizarea cur\u021bii\">T\u00e2rg caritabil la GPP Giroc pentru sus\u021binerea terapiilor unui copil \u0219i modernizarea cur\u021bii<\/a><\/h3>\n<\/div>\n<\/div>\n<\/div>\n<div class=\"td_module_flex td_module_flex_1 td_module_wrap td-animation-stack td-meta-info-hide td-cpt-post\">\n<div class=\"td-module-container td-category-pos-image\">\n<div class=\"td-module-meta-info\">\n<h3 class=\"entry-title td-module-title\"><a href=\"https:\/\/voceatimisului.ro\/festivalul-ceaunul-chisozean-ajunge-la-editia-a-vi-a\/\" rel=\"bookmark\" title=\"Festivalul \u201eCeaunul Chi\u0219ozean\u201d ajunge la edi\u021bia a VI-a\">Festivalul \u201eCeaunul Chi\u0219ozean\u201d ajunge la edi\u021bia a VI-a<\/a><\/h3>\n<\/div>\n<\/div>\n<\/div>\n<div class=\"td_module_flex td_module_flex_1 td_module_wrap td-animation-stack td-meta-info-hide td-cpt-post\">\n<div class=\"td-module-container td-category-pos-image\">\n<div class=\"td-module-meta-info\">\n<h3 class=\"entry-title td-module-title\"><a href=\"https:\/\/voceatimisului.ro\/10-milioane-de-lei-pentru-eco-administratie-primaria-giroc-devine-model-verde-in-colaborare-cu-serbia\/\" rel=\"bookmark\" title=\"10 milioane de lei pentru \u201eEco-Administra\u021bie\u201d \u2013 Prim\u0103ria Giroc devine model verde \u00een colaborare cu Serbia\">10 milioane de lei pentru \u201eEco-Administra\u021bie\u201d \u2013 Prim\u0103ria Giroc devine model verde \u00een colaborare cu Serbia<\/a><\/h3>\n<\/div>\n<\/div>\n<\/div>\n<\/div>\n<\/div>\n<div class=\"tdb-author-box td_block_wrap tdb_single_author_box tdi_82 tdb-content-vert-top td-pb-border-top td_block_template_1\" data-td-block-uid=\"tdi_82\">\n<div class=\"tdb-block-inner td-fix-index\">\n<div class=\"tdb-author-info\"><a href=\"https:\/\/voceatimisului.ro\/author\/redactia\/\" class=\"tdb-author-name\">Redac\u021bia<\/a><\/p>\n<div class=\"tdb-author-descr\">\u00centreaga responsabilitate a comentariilor l\u0103sate de dumneavoastr\u0103 v\u0103 apar\u021bine!<br \/>\nClick <a href=\"https:\/\/voceatimisului.ro\/termeni-si-conditii\/\">aici<\/a>-citeste condi\u0163iile de utilizare ale site-ului www.voceatimisului.ro<\/div>\n<\/div>\n<\/div>\n<\/div>\n<\/div>\n<\/div>\n<\/div>\n<div class=\"vc_column_inner tdi_84  wpb_column vc_column_container tdc-inner-column td-pb-span8\">\n<div class=\"vc_column-inner\">\n<div class=\"wpb_wrapper\">\n<div class=\"td_block_wrap tdb_single_content tdi_85 td-pb-border-top td_block_template_1 td-post-content tagdiv-type\" data-td-block-uid=\"tdi_85\">\n<div class=\"tdb-block-inner td-fix-index\">\n<h5 class=\"wp-block-heading\" id=\"h-\u0219i-mai-mult-decat-atat-la-pachet-poli\u021bi\u0219tii-judiciari\u0219ti-in-calitate-de-organe-de-cercetare-penala-\u0219i-magistra\u021bii-in-rol-de-coordonatori-ai-urmaririi-penale-i-au-explicat-regelui-cooperativei-imobiliare-de-pe-raza-comunei-giroc-ionel-dan-pascu-puiu-minda-ca-niciodata-in-via\u021ba-asta-un-jurnalist-care-func\u021bioneaza-in-calitate-de-avertizor-public-de-integritate-prin-meseria-pe-care-o-practica-nu-poate-compromite-interesele-justi\u021biei-ba-din-contra-concluzia-unanima-a-fost-ca-investiga\u021biile-de-presa-publicate-de-nbsp-voceatimisului-ro-contribuie-la-infaptuirea-actului-de-justi\u021bie-\u0219i-nu-instiga-sub-nicio-forma-la-revolta-sociala-ci-vegheaza-la-respectarea-domniei-legii-deci-nici-vorba-de-vreun-lin\u0219aj-mediatic-ci-doar-de-vise-umede\">\u0218i mai mult dec\u00e2t at\u00e2t! La pachet, poli\u021bi\u0219tii judiciari\u0219ti, \u00een calitate de organe de cercetare penal\u0103, \u0219i magistra\u021bii, \u00een rol de coordonatori ai urm\u0103ririi penale, i-au explicat <a href=\"https:\/\/voceatimisului.ro\/mesterul-manole-sub-ochii-celor-de-la-anaf-si-isc-timis-puiu-minda-a-construit-doua-blocuri-in-78-de-zile-pe-celebrele-parcele-din-puz-ul-de-la-lidl-giroc\/\">regelui cooperativei imobiliare de pe raza comunei Giroc, Ionel Dan Pascu (Puiu Minda)<\/a> c\u0103, niciodat\u0103 \u00een via\u021ba asta, un jurnalist, care func\u021bioneaz\u0103 \u00een calitate de avertizor public de integritate, prin meseria pe care o practic\u0103, nu poate compromite interesele Justi\u021biei. Ba din contr\u0103, concluzia unanim\u0103 a fost c\u0103 investiga\u021biile de pres\u0103, publicate de\u00a0<a href=\"http:\/\/voceatimisului.ro\/\" target=\"_blank\" rel=\"noreferrer noopener\">voceatimisului.ro<\/a>, contribuie la \u00eenf\u0103ptuirea actului de justi\u021bie \u0219i nu instig\u0103, sub nicio form\u0103, la revolt\u0103 social\u0103, ci vegheaz\u0103 la respectarea domniei legii! Deci, nici vorb\u0103 de vreun lin\u0219aj mediatic, ci doar de vise umede!<\/h5>\n<p>Ca s\u0103 fie clar pentru toat\u0103 lumea, la data de 14 ianuarie 2022, Ionel Dan Pascu a \u00eenregistrat la Parchetul de pe l\u00e2ng\u0103 Judec\u0103toria Timi\u0219oara o pl\u00e2ngere penal\u0103 \u00eempotriva jurnali\u0219tilor de la Vocea Timi\u0219ului prin care a sesizat dou\u0103 lucruri. Primul, c\u0103 este h\u0103r\u021buit, \u00een mod injust, de c\u0103tre o serie de <strong>\u201d<em>a\u0219a-zise investiga\u021bii de pres\u0103<\/em>\u201d,<\/strong> at\u00e2t domnia sa, c\u00e2t \u0219i familia, prietenii \u0219i partenerii s\u0103i de afaceri. Poezii, victimizare \u0219i mult\u0103 comedie, cu at\u00e2t mai mult cu c\u00e2t, \u00een sesizarea c\u0103tre magistra\u021bi, <strong>se face o<\/strong><strong>confuzie grav\u0103 \u00eentre termenul\u2026 de afaceri \u0219i specul\u0103 imobiliar\u0103 sau intermedieri de produse urbanistice (ne)fiscalizate<\/strong>! La pachet, ca treaba s\u0103 fie rotund\u0103, Puiu Minda a mai plusat cu o alt\u0103 poveste \u2013 <strong>s\u0103v\u00e2r\u0219irea infrac\u021biunii de compromitere a intereselor justi\u021biei, prev\u0103zut\u0103 de articolul 277 din Codul Penal<\/strong>.<\/p>\n<p>\u00cen fapt, cooperatistul Puiu Minda a mai fost deranjat de un lucru. Mai exact c\u0103 din dou\u0103 dosare penale, 428\/P\/2020 \u0219i 74\/P\/2021, cauze aflate \u00een str\u00e2ns\u0103 leg\u0103tur\u0103 cu sesiz\u0103ri ale Oficiului Na\u021bional de Prevenire \u0219i Combatere a Sp\u0103l\u0103rii Banilor \u0219i cu CNP-ul s\u0103u, s-au scurs informa\u021bii c\u0103tre voceatim\u0219ului.ro \u0219i, de acolo, c\u0103tre publicul larg: \u201d<strong><em>\u2026solicit efectuarea de cercet\u0103ri \u00een vederea descoperirii persoanei care a avut acces la dosar \u0219i a transmis aceste informa\u021bii, care nu aveau cum s\u0103 ajung\u0103 la cuno\u0219tin\u021ba ziari\u0219tilor dec\u00e2t dac\u0103 una dintre persoanele, care avea acces la dosare, le-a dezv\u0103luit acestora probele \u0219i \u00eenscrisurile din dosare<\/em><\/strong>\u201d. Acum, dincolo de acurate\u021bea datelor \u0219i informa\u021biilor pe care, la vremea respectiv\u0103, Vocea Timi\u0219ului le-a pus pe tapet, un lucru e cert: <a href=\"https:\/\/voceatimisului.ro\/abuz-de-putere-chestorul-alin-petecel-vrea-filaj-si-interceptari-pe-numele-politistilor-care-l-au-dat-in-primire-pe-milionarul-puiu-minda-de-la-giroc\/\"><strong>jurnali\u0219tii au \u021bintit doar traseul ciudat \u0219i lentoarea cu care se lucreaz\u0103 \u00een dosarul de sp\u0103lare a banilor \u0219i interesele de milioane de euro care se \u00eenv\u00e2rt \u00een jurul cooperativei imobiliare de pe raza comunei Giroc<\/strong>.<\/a> Nimic mai mult!<\/p>\n<p>Acum, c\u0103 pl\u00e2ngerea penal\u0103 a omului de afaceri Puiu Minda a ridicat mingea la fileul Inspectoratului de Poli\u021bie Timi\u0219, care a \u00eenceput o v\u00e2n\u0103toare intern\u0103 de vr\u0103jitoare, ca s\u0103 identifice c\u00e2rti\u021ba care agit\u0103 apele \u0219i stric\u0103 combina\u021biile periurbane, e o alt\u0103 poveste. Una care, \u00een mod sigur, se va contura, \u00een cur\u00e2nd! Nu de alta dar pu\u021bin\u0103 lume \u0219tie c\u0103, \u00een paralel cu dosarul celor de la Serviciul de Investiga\u021bii a Criminalit\u0103\u021bii Economice, <strong><a href=\"https:\/\/voceatimisului.ro\/lumini-si-umbre-perchezitii-la-primaria-giroc-arhitecta-sefa-cristina-babescu-vizata-direct-de-catre-procurorii-p-j-t-si-politistii-de-la-s-i-c-e\/\">care a culminat cu perchezi\u021biile spectaculoase de s\u0103pt\u0103m\u00e2na aceasta de la Prim\u0103ria Giroc \u0219i de la domiciului fostei arhitecte-\u0219efe Cristina Babescu<\/a><\/strong>, o alt\u0103 institu\u021bie de for\u021b\u0103 a statului rom\u00e2n traforeaz\u0103 la greu, de luni de zile, \u00een vintrele IPJ Timi\u0219. Cu filaj, intercept\u0103ri \u0219i\u2026 acoperi\u021bi! \u0218i va fi JALE, av\u00e2nd \u00een vedere conexiunile \u0219i magnitudinea probelor!<\/p>\n<p><strong>Ca la carte!<\/strong><\/p>\n<p>Una peste alta, nu e niciun secret pentru absolut nimeni c\u0103 infrac\u021biunea de compromitere a intereselor justi\u021biei, fapt\u0103 prev\u0103zut\u0103 de Codul Penal la articolul 277, \u00een primul r\u00e2nd, are leg\u0103tur\u0103 cu <strong>divulgarea, f\u0103r\u0103 drept, de informa\u021bii confiden\u021biale privind data, timpul, locul, modul sau mijloacele prin care urmeaz\u0103 s\u0103 se administreze o prob\u0103 de c\u0103tre un magistrat sau un alt func\u021bionar public care a luat cuno\u0219tin\u021b\u0103 de acestea \u00een virtutea func\u021biei, dac\u0103 prin aceasta poate fi \u00eengreunat\u0103 sau \u00eempiedicat\u0103 urm\u0103rirea penal\u0103<\/strong>. \u0218i, \u00een acest caz, legea prevede \u00eenchisoare de la 3 luni la 2 ani sau amend\u0103! Mai mult, acela\u0219i text din Codul Penal mai prevede un lucru \u0219i anume c\u0103<strong> nu constituie infrac\u021biune fapta prin care sunt divulgate ori dezv\u0103luite acte sau activit\u0103\u021bi v\u0103dit ilegale comise de autorit\u0103\u021bi \u00eentr-o cauz\u0103 penal\u0103<\/strong>.<\/p>\n<p>A\u0219a cum era de a\u0219teptat, dup\u0103 depunerea sesiz\u0103rii penale \u00eempotriva jurnali\u0219tilor de la Vocea Timi\u0219ului, la data de 6 aprilie 2022, conform probelor din dosar, Ionel Dan Pascu a fost audiat de c\u0103tre judiciari\u0219tii IPJ Timi\u0219. Evident, ca un cooperatist care se respect\u0103, <strong>Puiu Minda \u0219i-a men\u021binut pl\u00e2ngerea \u0219i a solicitat, at\u00e2t tragerea la r\u0103spundere a ziari\u0219tilor, c\u00e2t \u0219i a tuturor persoanelor care i-au ajutat pe avertizorii publici de integritate la s\u0103v\u00e2r\u0219irea infrac\u021biunii prev\u0103zute de articolul 277 Cod Penal<\/strong>. \u00cen final, \u00een spe\u021ba \u00een care cooperatistul nr. 1 de pe raza comunei Giroc se considera\u2026 parte v\u0103t\u0103mat\u0103, a fost audiat\u0103 \u0219i echipa redac\u021bional\u0103, care a refuzat s\u0103 dea orice declara\u021bii sau explica\u021bii vizavi de procesarea public\u0103 a unor probe care, chipurile, ar fi z\u0103d\u0103rnicit \u00eenf\u0103ptuirea actului de justi\u021bie.<\/p>\n<p>Cum era de a\u0219teptat, la finalizarea cercet\u0103rii penale, pe data de 24 mai 2023, comisarul-\u0219ef de poli\u021bie Andronic Popovici a \u00eenaintat, c\u0103tre procurorul Dayana Sorina \u0218andor, referatul cu propunere de clasare, solu\u021bie care, prin ordonan\u021ba magistratului Parchetului de pe l\u00e2ng\u0103 Judec\u0103toria Timi\u0219oara, a fost confirmat\u0103 la data de 1 august a.c. <strong>A\u0219a se face c\u0103 pl\u00e2ngerii penale a lui Puiu Minda, prin care jurnali\u0219tii de la Vocea Timi\u0219ului au fost acuza\u021bii de compromiterea actului de justi\u021bie, i-a fost pus\u0103 cruce<\/strong>! Nu oricum, ci cu precizarea scris\u0103 ca, pe viitor, \u00eenainte de a mai da fugu\u021ba cu p\u00e2ra la doamna \u00eenv\u0103\u021b\u0103toare, ar fi bine ca reclamantul s\u0103 \u00een\u021beleag\u0103 dou\u0103 lucruri esen\u021biale.<\/p>\n<p><strong>\u00cen primul r\u00e2nd c\u0103, \u0219i dac\u0103 ar fi existat, infrac\u021biunea de compromitere a intereselor justi\u021biei, prev\u0103zut\u0103 de articolul 277 din Codul Penal, aceasta nu poate fi imputat\u0103 dec\u00e2t magistra\u021bilor sau func\u021bionarilor publici ori jurnali\u0219tii nu fac parte din niciuna dintre cele dou\u0103 categorii socio-profesionale<\/strong>. Asta au constatat, confirmat \u0219i probat, at\u00e2t poli\u021bistul, c\u00e2t \u0219i procurorul! \u0218i, doi, c\u0103 demersurile Vocea Timi\u0219ului, care au pus presiune pe institu\u021biile statului rom\u00e2n, au leg\u0103tur\u0103 direct\u0103 cu\u2026 \u00eenf\u0103ptuirea actului de justi\u021bie, nicidecum cu compromirerea sau obstruc\u021bionarea demersurilor legale.<\/p>\n<p>Nu de alta, dar este c\u00e2t se poate de evident, a\u0219a cum rezult\u0103 din probe, c\u0103 jurnali\u0219tii voceatimisului.ro nu au publicat niciodat\u0103 date secrete \u0219i nici confiden\u021biale ci, de la bun \u00eenceput, demersurile publice ale redac\u021biei au avut singur scop. <a href=\"https:\/\/voceatimisului.ro\/aleluia-chestorul-de-politie-alin-petecel-nu-percuteaza-la-suspiciunile-de-spalare-a-banilor-in-cazul-milionarului-puiu-minda-de-la-giroc\/\">Mai exact, ca institu\u021biile de for\u021b\u0103 ale statului rom\u00e2n s\u0103-\u0219i fac\u0103 treaba, \u00een cazul cooperativei imobiliare de pe raza comunei Giroc. \u00cenainte de prescrip\u021bia faptelor, nu dup\u0103!<\/a><\/p>\n<figure class=\"wp-block-gallery has-nested-images columns-default is-cropped wp-block-gallery-1 is-layout-flex wp-block-gallery-is-layout-flex\">\n<figure class=\"wp-block-image size-large\"><a href=\"https:\/\/analyse.optim.biz\/wp-content\/uploads\/2026\/01\/clasare-plangere-puiu-minda.jpg\"><img loading=\"lazy\" decoding=\"async\" width=\"1229\" height=\"1707\" data-id=\"157190\" src=\"https:\/\/analyse.optim.biz\/wp-content\/uploads\/2026\/01\/clasare-plangere-puiu-minda.jpg\" alt=\"Clasare! Procurorii Parchetului de pe l\u00e2ng\u0103 Judec\u0103toria Timi\u0219oara i-au scos din cap cooperatistului Puiu Minda infrac\u021biunea de compromitere a intereselor justi\u021biei de c\u0103tre jurnali\u0219tii de la Vocea Timi\u0219ului\" class=\"wp-image-157190\" title=\"clasare-plangere-puiu-minda\"><\/a><\/figure>\n<\/figure>\n<\/div>\n<\/div>\n<div class=\"td_block_wrap tdb_single_tags tdi_88 td-pb-border-top td_block_template_1\" data-td-block-uid=\"tdi_88\">\n<div class=\"tdb-block-inner td-fix-index\">\n<ul class=\"tdb-tags\">\n<li><span>Tags<\/span><\/li>\n<li><a href=\"https:\/\/voceatimisului.ro\/tag\/coruptie-ipj-timis\/\">coruptie ipj timis<\/a><\/li>\n<li><a href=\"https:\/\/voceatimisului.ro\/tag\/dna-timisoara\/\">dna timisoara<\/a><\/li>\n<li><a href=\"https:\/\/voceatimisului.ro\/tag\/primaria-giroc\/\">primaria giroc<\/a><\/li>\n<li><a href=\"https:\/\/voceatimisului.ro\/tag\/puiu-minda\/\">Puiu Minda<\/a><\/li>\n<\/ul>\n<\/div>\n<\/div>\n<div class=\"td_block_wrap tdb_single_post_share tdi_89  td-pb-border-top td_block_template_1\" data-td-block-uid=\"tdi_89\">\n<div id=\"tdi_89\" class=\"td-post-sharing tdb-block td-ps-bg td-ps-notext td-post-sharing-style1 \">\n<div class=\"td-post-sharing-visible\"><a class=\"td-social-sharing-button td-social-sharing-button-js td-social-network td-social-facebook\" href=\"https:\/\/www.facebook.com\/sharer.php?u=https%3A%2F%2Fvoceatimisului.ro%2Fclasare-procurorii-parchetului-de-pe-langa-judecatoria-timisoara-i-au-scos-din-cap-cooperatistului-puiu-minda-infractiunea-de-compromitere-a-intereselor-justitiei-de-catre-jurnalistii-de-la-vocea-tim%2F\" title=\"Facebook\" rel=\"noopener\"><\/p>\n<div class=\"td-social-but-text\">Facebook<\/div>\n<p><\/a><a class=\"td-social-sharing-button td-social-sharing-button-js td-social-network td-social-twitter\" href=\"https:\/\/twitter.com\/intent\/tweet?text=Clasare%21+Procurorii+Parchetului+de+pe+l%C3%A2ng%C4%83+Judec%C4%83toria+Timi%C8%99oara+i-au+scos+din+cap+cooperatistului+Puiu+Minda+infrac%C8%9Biunea+de+compromitere+a+intereselor+justi%C8%9Biei+de+c%C4%83tre+jurnali%C8%99tii+de+la+Vocea+Timi%C8%99ului&amp;url=https%3A%2F%2Fvoceatimisului.ro%2Fclasare-procurorii-parchetului-de-pe-langa-judecatoria-timisoara-i-au-scos-din-cap-cooperatistului-puiu-minda-infractiunea-de-compromitere-a-intereselor-justitiei-de-catre-jurnalistii-de-la-vocea-tim%2F&amp;via=Vocea+Timisului\" title=\"Twitter\" rel=\"noopener\"><\/p>\n<div class=\"td-social-but-text\">Twitter<\/div>\n<p><\/a><a class=\"td-social-sharing-button td-social-sharing-button-js td-social-network td-social-pinterest\" href=\"https:\/\/pinterest.com\/pin\/create\/button\/?url=https:\/\/voceatimisului.ro\/clasare-procurorii-parchetului-de-pe-langa-judecatoria-timisoara-i-au-scos-din-cap-cooperatistului-puiu-minda-infractiunea-de-compromitere-a-intereselor-justitiei-de-catre-jurnalistii-de-la-vocea-tim\/&amp;media=https:\/\/analyse.optim.biz\/wp-content\/uploads\/2026\/01\/puiu-minda-jpg-1.webp&amp;description=Clasare%21+Procurorii+Parchetului+de+pe+l%C3%A2ng%C4%83+Judec%C4%83toria+Timi%C8%99oara+i-au+scos+din+cap+cooperatistului+Puiu+Minda+infrac%C8%9Biunea+de+compromitere+a+intereselor+justi%C8%9Biei+de+c%C4%83tre+jurnali%C8%99tii+de+la+Vocea+Timi%C8%99ului\" title=\"Pinterest\" rel=\"noopener\"><\/p>\n<div class=\"td-social-but-text\">Pinterest<\/div>\n<p><\/a><a class=\"td-social-sharing-button td-social-sharing-button-js td-social-network td-social-whatsapp\" href=\"https:\/\/api.whatsapp.com\/send?text=Clasare%21+Procurorii+Parchetului+de+pe+l%C3%A2ng%C4%83+Judec%C4%83toria+Timi%C8%99oara+i-au+scos+din+cap+cooperatistului+Puiu+Minda+infrac%C8%9Biunea+de+compromitere+a+intereselor+justi%C8%9Biei+de+c%C4%83tre+jurnali%C8%99tii+de+la+Vocea+Timi%C8%99ului%20%0A%0A%20https:\/\/voceatimisului.ro\/clasare-procurorii-parchetului-de-pe-langa-judecatoria-timisoara-i-au-scos-din-cap-cooperatistului-puiu-minda-infractiunea-de-compromitere-a-intereselor-justitiei-de-catre-jurnalistii-de-la-vocea-tim\/\" title=\"WhatsApp\" rel=\"noopener\"><\/p>\n<div class=\"td-social-but-text\">WhatsApp<\/div>\n<p><\/a><a class=\"td-social-sharing-button td-social-sharing-button-js td-social-network td-social-linkedin\" href=\"https:\/\/www.linkedin.com\/shareArticle?mini=true&amp;url=https:\/\/voceatimisului.ro\/clasare-procurorii-parchetului-de-pe-langa-judecatoria-timisoara-i-au-scos-din-cap-cooperatistului-puiu-minda-infractiunea-de-compromitere-a-intereselor-justitiei-de-catre-jurnalistii-de-la-vocea-tim\/&amp;title=Clasare%21+Procurorii+Parchetului+de+pe+l%C3%A2ng%C4%83+Judec%C4%83toria+Timi%C8%99oara+i-au+scos+din+cap+cooperatistului+Puiu+Minda+infrac%C8%9Biunea+de+compromitere+a+intereselor+justi%C8%9Biei+de+c%C4%83tre+jurnali%C8%99tii+de+la+Vocea+Timi%C8%99ului\" title=\"Linkedin\" rel=\"noopener\"><\/p>\n<div class=\"td-social-but-text\">Linkedin<\/div>\n<p><\/a><a class=\"td-social-sharing-button td-social-sharing-button-js td-social-network td-social-copy_url\" href=\"https:\/\/voceatimisului.ro\/clasare-procurorii-parchetului-de-pe-langa-judecatoria-timisoara-i-au-scos-din-cap-cooperatistului-puiu-minda-infractiunea-de-compromitere-a-intereselor-justitiei-de-catre-jurnalistii-de-la-vocea-tim\/\" title=\"Copy URL\" rel=\"noopener\"><\/p>\n<div class=\"td-social-but-text\">Copy URL<\/div>\n<p><\/a><\/div>\n<\/div>\n<\/div>\n<div class=\"td_block_wrap tdb_single_next_prev tdi_90 td-animation-stack td-next-prev-img-on td-pb-border-top td_block_template_1\" data-td-block-uid=\"tdi_90\">\n<div class=\"tdb-block-inner td-fix-index\">\n<div class=\"tdb-next-post tdb-next-post-bg tdb-post-prev\"><span>Articolul precedent<\/span><\/p>\n<div class=\"td-module-container\">\n<div class=\"td-image-container\"><a class=\"td-image-wrap\" href=\"https:\/\/voceatimisului.ro\/lumini-si-umbre-perchezitii-la-primaria-giroc-arhitecta-sefa-cristina-babescu-vizata-direct-de-catre-procurorii-p-j-t-si-politistii-de-la-s-i-c-e\/\"><img loading=\"lazy\" decoding=\"async\" class=\"td-next-prev-image td-fix-index td-lazy-img\" title=\"Lumini \u0219i umbre! Perchezi\u021bii la Prim\u0103ria Giroc \u2013 arhitecta-\u0219ef\u0103 Cristina Babescu, vizat\u0103 direct de c\u0103tre procurorii P.J.T. \u0219i poli\u021bi\u0219tii de la S.I.C.E\" width=\"696\" height=\"548\" src=\"https:\/\/analyse.optim.biz\/wp-content\/uploads\/2026\/01\/cristina-babescu-si-carmina-matea-696x548-1.jpg\"><\/a><\/div>\n<div class=\"next-prev-title\"><a href=\"https:\/\/voceatimisului.ro\/lumini-si-umbre-perchezitii-la-primaria-giroc-arhitecta-sefa-cristina-babescu-vizata-direct-de-catre-procurorii-p-j-t-si-politistii-de-la-s-i-c-e\/\">Lumini \u0219i umbre! Perchezi\u021bii la Prim\u0103ria Giroc \u2013 arhitecta-\u0219ef\u0103 Cristina Babescu, vizat\u0103 direct de c\u0103tre procurorii P.J.T. \u0219i poli\u021bi\u0219tii de la S.I.C.E<\/a><\/div>\n<\/div>\n<\/div>\n<div class=\"tdb-next-post tdb-next-post-bg tdb-post-next\"><span>Articolul urm\u0103tor<\/span><\/p>\n<div class=\"td-module-container\">\n<div class=\"td-image-container\"><a class=\"td-image-wrap\" href=\"https:\/\/voceatimisului.ro\/seful-postului-de-politie-din-comuna-mosnita-noua-pieton-din-cauza-alcoolului\/\"><img loading=\"lazy\" decoding=\"async\" class=\"td-next-prev-image td-fix-index td-lazy-img\" title=\"\u0218eful Postului de Poli\u021bie din comuna Mo\u0219ni\u021ba Nou\u0103, pieton din cauza alcoolului\" width=\"696\" height=\"350\" src=\"https:\/\/analyse.optim.biz\/wp-content\/uploads\/2026\/01\/adrian-serendiuc-jpg-696x350-1.webp\"><\/a><\/div>\n<div class=\"next-prev-title\"><a href=\"https:\/\/voceatimisului.ro\/seful-postului-de-politie-din-comuna-mosnita-noua-pieton-din-cauza-alcoolului\/\">\u0218eful Postului de Poli\u021bie din comuna Mo\u0219ni\u021ba Nou\u0103, pieton din cauza alcoolului<\/a><\/div>\n<\/div>\n<\/div>\n<\/div>\n<\/div>\n<\/div>\n<\/div>\n<\/div>\n<\/div>\n<div class=\"vc_row_inner tdi_100  vc_row vc_inner wpb_row td-pb-row\">\n<div class=\"vc_column_inner tdi_102  wpb_column vc_column_container tdc-inner-column td-pb-span4 td-is-sticky\">\n<div class=\"vc_column-inner\">\n<div class=\"wpb_wrapper\" data-sticky-enabled-on=\"W3RydWUsdHJ1ZSx0cnVlLHRydWVd\" data-sticky-offset=\"20\" data-sticky-is-width-auto=\"W2ZhbHNlLGZhbHNlLGZhbHNlLGZhbHNlXQ==\">\n<div class=\"td_block_wrap tdb_single_related tdi_103 td_with_ajax_pagination td-pb-border-top td_block_template_1 tdb-single-related-posts\" data-td-block-uid=\"tdi_103\">\n<div id=\"tdi_103\" class=\"td_block_inner tdb-block-inner td-fix-index\">\n<div class=\"tdb_module_related td_module_wrap td-animation-stack td-meta-info-hide\">\n<div class=\"td-module-container td-category-pos-image\">\n<div class=\"td-module-meta-info\">\n<h3 class=\"entry-title td-module-title\"><a href=\"https:\/\/voceatimisului.ro\/deparazitare-la-giroc-si-chisoda-pe-14-iulie-acces-interzis-temporar-in-parcuri-si-locuri-de-joaca\/\" rel=\"bookmark\" title=\"Deparazitare la Giroc \u0219i Chi\u0219oda pe 14 iulie. Acces interzis temporar \u00een parcuri \u0219i locuri de joac\u0103\">Deparazitare la Giroc \u0219i Chi\u0219oda pe 14 iulie. Acces interzis temporar \u00een parcuri \u0219i locuri de joac\u0103<\/a><\/h3>\n<\/div>\n<\/div>\n<\/div>\n<div class=\"tdb_module_related td_module_wrap td-animation-stack td-meta-info-hide\">\n<div class=\"td-module-container td-category-pos-image\">\n<div class=\"td-module-meta-info\">\n<h3 class=\"entry-title td-module-title\"><a href=\"https:\/\/voceatimisului.ro\/furt-din-banii-europeni-in-numele-educatiei-functionare-de-la-universitatea-politehnica-timisoara-trimise-in-judecata-de-dna\/\" rel=\"bookmark\" title=\"Furt din banii europeni, \u00een numele educa\u021biei: func\u021bionare de la Universitatea Politehnica Timi\u0219oara, trimise \u00een judecat\u0103 de DNA\">Furt din banii europeni, \u00een numele educa\u021biei: func\u021bionare de la Universitatea Politehnica Timi\u0219oara, trimise \u00een judecat\u0103 de DNA<\/a><\/h3>\n<\/div>\n<\/div>\n<\/div>\n<div class=\"tdb_module_related td_module_wrap td-animation-stack td-meta-info-hide\">\n<div class=\"td-module-container td-category-pos-image\">\n<div class=\"td-module-meta-info\">\n<h3 class=\"entry-title td-module-title\"><a href=\"https:\/\/voceatimisului.ro\/zece-inspectori-isctr-timisoara-retinuti-de-dna-pentru-luare-de-mita-in-forma-continuata\/\" rel=\"bookmark\" title=\"Zece inspectori ISCTR Timi\u0219oara, re\u021binu\u021bi de DNA pentru luare de mit\u0103 \u00een form\u0103 continuat\u0103\">Zece inspectori ISCTR Timi\u0219oara, re\u021binu\u021bi de DNA pentru luare de mit\u0103 \u00een form\u0103 continuat\u0103<\/a><\/h3>\n<\/div>\n<\/div>\n<\/div>\n<\/div>\n<\/div>\n<\/div>\n<\/div>\n<\/div>\n<div class=\"vc_column_inner tdi_105  wpb_column vc_column_container tdc-inner-column td-pb-span8\">\n<div class=\"vc_column-inner\">\n<div class=\"wpb_wrapper\">\n<div class=\"td_block_wrap tdb_single_comments tdi_106 tdb-comm-layout2 td-pb-border-top td_block_template_2\" data-td-block-uid=\"tdi_106\">\n<div class=\"tdb-block-inner td-fix-index\">\n<div class=\"comments\" id=\"comments\">\n<div class=\"td-comments-title-wrap td_block_template_2\">\n<h4 class=\"td-comments-title td-block-title\"><span>5 COMENTARII<\/span><\/h4>\n<\/div>\n<ol class=\"comment-list\">\n<li class=\"comment \" id=\"comment-27338\">\n<article>\n<footer><cite><a href=\"http:\/\/xnxx.com\" class=\"url\" rel=\"ugc external nofollow\">DavidVoniga<\/a><\/cite><a class=\"comment-link\" href=\"https:\/\/voceatimisului.ro\/clasare-procurorii-parchetului-de-pe-langa-judecatoria-timisoara-i-au-scos-din-cap-cooperatistului-puiu-minda-infractiunea-de-compromitere-a-intereselor-justitiei-de-catre-jurnalistii-de-la-vocea-tim\/#comment-27338\"><time><br \/>\n\t\t\t\t\t\t    15 decembrie 2023\t\t\t\t\t\t    La\t\t\t\t\t\t    11:43 PM<\/time><\/a><\/footer>\n<div class=\"comment-content\">\n<p>da,nu stiai ca el este cumapart in america<\/p>\n<\/div>\n<div class=\"comment-meta\" id=\"comment-27338\"><a rel=\"nofollow\" class=\"comment-reply-link\" href=\"https:\/\/voceatimisului.ro\/clasare-procurorii-parchetului-de-pe-langa-judecatoria-timisoara-i-au-scos-din-cap-cooperatistului-puiu-minda-infractiunea-de-compromitere-a-intereselor-justitiei-de-catre-jurnalistii-de-la-vocea-tim\/#comment-27338\" data-commentid=\"27338\" data-postid=\"157188\" data-belowelement=\"comment-27338\" data-respondelement=\"respond\" data-replyto=\"R\u0103spunde-i lui DavidVoniga\" aria-label=\"R\u0103spunde-i lui DavidVoniga\">R\u0103spunde\u021bi<\/a><\/div>\n<\/article>\n<\/li>\n<li class=\"comment \" id=\"comment-27230\">\n<article>\n<footer><cite>\u0218tie tot<\/cite><a class=\"comment-link\" href=\"https:\/\/voceatimisului.ro\/clasare-procurorii-parchetului-de-pe-langa-judecatoria-timisoara-i-au-scos-din-cap-cooperatistului-puiu-minda-infractiunea-de-compromitere-a-intereselor-justitiei-de-catre-jurnalistii-de-la-vocea-tim\/#comment-27230\"><time><br \/>\n\t\t\t\t\t\t    19 octombrie 2023\t\t\t\t\t\t    La\t\t\t\t\t\t    1:22 PM<\/time><\/a><\/footer>\n<div class=\"comment-content\">\n<p>Tripleta OCPI  Arthur,Moldovan Crudu R sus\u021bin corup\u021bia.Terenurile agricole trecute ca intravilan(abuziv) de funct. HANES MARIA la giroc \u0219i. A Timisoara de Dumitrescu s.au f\u0103cut girafe de OCPI prin topograful Langa Liviu,fost expert judiciar cu so\u021bia la aviz\u0103rii,apoi ING \u0219ef,\u0219i consilier a lui H Moldovan.La primaria Timisoara-Florescu cu so\u021bia Antoanela la aviz\u0103rii \u0219i topograful C.Musat coleg a lui Arthur.,prin firma Gauss srl.  Procurorii dac\u0103 vor sa arate adev\u0103rul cu mafia din Giroc sa cerceteze schimburile de terenuri  sa vad\u0103 cine sunt beneficiarii.<\/p>\n<\/div>\n<div class=\"comment-meta\" id=\"comment-27230\"><a rel=\"nofollow\" class=\"comment-reply-link\" href=\"https:\/\/voceatimisului.ro\/clasare-procurorii-parchetului-de-pe-langa-judecatoria-timisoara-i-au-scos-din-cap-cooperatistului-puiu-minda-infractiunea-de-compromitere-a-intereselor-justitiei-de-catre-jurnalistii-de-la-vocea-tim\/#comment-27230\" data-commentid=\"27230\" data-postid=\"157188\" data-belowelement=\"comment-27230\" data-respondelement=\"respond\" data-replyto=\"R\u0103spunde-i lui \u0218tie tot\" aria-label=\"R\u0103spunde-i lui \u0218tie tot\">R\u0103spunde\u021bi<\/a><\/div>\n<\/article>\n<\/li>\n<li class=\"comment \" id=\"comment-27217\">\n<article>\n<footer><cite>Bubu de la col\u021b<\/cite><a class=\"comment-link\" href=\"https:\/\/voceatimisului.ro\/clasare-procurorii-parchetului-de-pe-langa-judecatoria-timisoara-i-au-scos-din-cap-cooperatistului-puiu-minda-infractiunea-de-compromitere-a-intereselor-justitiei-de-catre-jurnalistii-de-la-vocea-tim\/#comment-27217\"><time><br \/>\n\t\t\t\t\t\t    15 octombrie 2023\t\t\t\t\t\t    La\t\t\t\t\t\t    9:49 AM<\/time><\/a><\/footer>\n<div class=\"comment-content\">\n<p>..ff tare \u0219i de acord..!!<br \/>\n..dar pe cei de la NOTARIATE ORI PE CE DE LA OCPI, care au introdus in CF TOATE DOCUM NELEGAL EMISE, c\u00e2nd \u0219i cine se ocupa de ei\u2026??????<\/p>\n<\/div>\n<div class=\"comment-meta\" id=\"comment-27217\"><a rel=\"nofollow\" class=\"comment-reply-link\" href=\"https:\/\/voceatimisului.ro\/clasare-procurorii-parchetului-de-pe-langa-judecatoria-timisoara-i-au-scos-din-cap-cooperatistului-puiu-minda-infractiunea-de-compromitere-a-intereselor-justitiei-de-catre-jurnalistii-de-la-vocea-tim\/#comment-27217\" data-commentid=\"27217\" data-postid=\"157188\" data-belowelement=\"comment-27217\" data-respondelement=\"respond\" data-replyto=\"R\u0103spunde-i lui Bubu de la col\u021b\" aria-label=\"R\u0103spunde-i lui Bubu de la col\u021b\">R\u0103spunde\u021bi<\/a><\/div>\n<\/article>\n<\/li>\n<li class=\"comment \" id=\"comment-27210\">\n<article>\n<footer><cite>Santu<\/cite><a class=\"comment-link\" href=\"https:\/\/voceatimisului.ro\/clasare-procurorii-parchetului-de-pe-langa-judecatoria-timisoara-i-au-scos-din-cap-cooperatistului-puiu-minda-infractiunea-de-compromitere-a-intereselor-justitiei-de-catre-jurnalistii-de-la-vocea-tim\/#comment-27210\"><time><br \/>\n\t\t\t\t\t\t    9 octombrie 2023\t\t\t\t\t\t    La\t\t\t\t\t\t    1:48 PM<\/time><\/a><\/footer>\n<div class=\"comment-content\">\n<p>Citez din articol :\u201dar fi bine ca reclamantul s\u0103 \u00een\u021beleag\u0103 dou\u0103 lucruri esen\u021biale\u201d.<br \/>\nBine, bine, da\u2019 oare poate?<br \/>\nCre\u2019 c\u0103 nu \u00een\u021belege nimic, din p\u0103cate.<\/p>\n<\/div>\n<div class=\"comment-meta\" id=\"comment-27210\"><a rel=\"nofollow\" class=\"comment-reply-link\" href=\"https:\/\/voceatimisului.ro\/clasare-procurorii-parchetului-de-pe-langa-judecatoria-timisoara-i-au-scos-din-cap-cooperatistului-puiu-minda-infractiunea-de-compromitere-a-intereselor-justitiei-de-catre-jurnalistii-de-la-vocea-tim\/#comment-27210\" data-commentid=\"27210\" data-postid=\"157188\" data-belowelement=\"comment-27210\" data-respondelement=\"respond\" data-replyto=\"R\u0103spunde-i lui Santu\" aria-label=\"R\u0103spunde-i lui Santu\">R\u0103spunde\u021bi<\/a><\/div>\n<\/article>\n<\/li>\n<li class=\"comment \" id=\"comment-27209\">\n<article>\n<footer><cite>Gfdd<\/cite><a class=\"comment-link\" href=\"https:\/\/voceatimisului.ro\/clasare-procurorii-parchetului-de-pe-langa-judecatoria-timisoara-i-au-scos-din-cap-cooperatistului-puiu-minda-infractiunea-de-compromitere-a-intereselor-justitiei-de-catre-jurnalistii-de-la-vocea-tim\/#comment-27209\"><time><br \/>\n\t\t\t\t\t\t    8 octombrie 2023\t\t\t\t\t\t    La\t\t\t\t\t\t    10:07 PM<\/time><\/a><\/footer>\n<div class=\"comment-content\">\n<p>Bun, si la bulau cand il baga?<\/p>\n<\/div>\n<div class=\"comment-meta\" id=\"comment-27209\"><a rel=\"nofollow\" class=\"comment-reply-link\" href=\"https:\/\/voceatimisului.ro\/clasare-procurorii-parchetului-de-pe-langa-judecatoria-timisoara-i-au-scos-din-cap-cooperatistului-puiu-minda-infractiunea-de-compromitere-a-intereselor-justitiei-de-catre-jurnalistii-de-la-vocea-tim\/#comment-27209\" data-commentid=\"27209\" data-postid=\"157188\" data-belowelement=\"comment-27209\" data-respondelement=\"respond\" data-replyto=\"R\u0103spunde-i lui Gfdd\" aria-label=\"R\u0103spunde-i lui Gfdd\">R\u0103spunde\u021bi<\/a><\/div>\n<\/article>\n<\/li>\n<\/ol>\n<div id=\"respond\" class=\"comment-respond\">\n<h3 id=\"reply-title\" class=\"comment-reply-title\">L\u0102SA\u021aI UN MESAJ <small><a rel=\"nofollow\" id=\"cancel-comment-reply-link\" href=\"https:\/\/voceatimisului.ro\/clasare-procurorii-parchetului-de-pe-langa-judecatoria-timisoara-i-au-scos-din-cap-cooperatistului-puiu-minda-infractiunea-de-compromitere-a-intereselor-justitiei-de-catre-jurnalistii-de-la-vocea-tim\/#respond\">Renun\u021ba\u021bi la r\u0103spuns<\/a><\/small><\/h3>\n<div class=\"comment-form-input-wrap td-form-comment\">\n<div class=\"td-warning-comment\">V\u0103 rug\u0103m s\u0103 introduce\u021bi comentariul dvs.!<\/div>\n<\/div>\n<div class=\"comment-form-input-wrap td-form-author\">\n<div class=\"td-warning-author\">Introduce\u021bi aici numele dvs.<\/div>\n<\/div>\n<div class=\"comment-form-input-wrap td-form-email\">\n<div class=\"td-warning-email-error\">A\u021bi introdus o adres\u0103 de e-mail incorect\u0103!<\/div>\n<div class=\"td-warning-email\">V\u0103 rug\u0103m s\u0103 introduce\u021bi adresa dvs. de e-mail aici<\/div>\n<\/div>\n<\/div>\n<\/div>\n<\/div>\n<\/div>\n<\/div>\n<\/div>\n<\/div>\n<\/div>\n<\/div>\n<\/div>\n<div class=\"vc_column tdi_108  wpb_column vc_column_container tdc-column td-pb-span4 td-is-sticky\">\n<div class=\"wpb_wrapper\" data-sticky-enabled-on=\"W3RydWUsdHJ1ZSx0cnVlLHRydWVd\" data-sticky-offset=\"20\" data-sticky-is-width-auto=\"W2ZhbHNlLGZhbHNlLGZhbHNlLGZhbHNlXQ==\">\n<div class=\"vc_row_inner tdi_110  vc_row vc_inner wpb_row td-pb-row\">\n<div class=\"vc_column_inner tdi_112  wpb_column vc_column_container tdc-inner-column td-pb-span12\">\n<div class=\"vc_column-inner\">\n<div class=\"wpb_wrapper\">\n<div class=\"td_block_wrap td_block_title tdi_113 td-pb-border-top td_block_template_11 td-fix-index\" data-td-block-uid=\"tdi_113\">\n<div class=\"td-block-title-wrap\">\n<h4 class=\"td-block-title\"><span class=\"td-pulldown-size\">ANUN\u021aURI \u0218I PUBLICITATE<\/span><\/h4>\n<\/div>\n<\/div>\n<\/div>\n<\/div>\n<\/div>\n<\/div>\n<div class=\"wpb_wrapper td_block_wrap vc_widget_sidebar tdi_115 \">\n<aside id=\"block-10\" class=\"td_block_template_1 widget block-10 widget_block widget_media_image\">\n<figure class=\"wp-block-image size-full\"><a href=\"https:\/\/adpghiroda.ro\/index.html\" target=\"_blank\" rel=\" noreferrer noopener\"><img decoding=\"async\" loading=\"lazy\" width=\"960\" height=\"960\" src=\"https:\/\/analyse.optim.biz\/wp-content\/uploads\/2026\/01\/adp-ghiroda2-224.jpg\" class=\"wp-image-171492\" title=\"adp-ghiroda2-224\"><\/a><\/figure>\n<\/aside>\n<aside id=\"block-11\" class=\"td_block_template_1 widget block-11 widget_block widget_media_image\">\n<figure class=\"wp-block-image size-full\"><a href=\"https:\/\/adpghiroda.ro\/index.html\" target=\"_blank\" rel=\" noreferrer noopener\"><img decoding=\"async\" loading=\"lazy\" width=\"960\" height=\"960\" src=\"https:\/\/analyse.optim.biz\/wp-content\/uploads\/2026\/01\/adp-ghiroda1-224.jpg\" class=\"wp-image-171491\" title=\"adp-ghiroda1-224\"><\/a><\/figure>\n<\/aside>\n<aside id=\"block-17\" class=\"td_block_template_1 widget block-17 widget_block widget_media_image\">\n<figure class=\"wp-block-image size-large is-resized\"><a href=\"https:\/\/verde.events\/\" target=\"_blank\" rel=\" noreferrer noopener\"><img decoding=\"async\" loading=\"lazy\" width=\"1024\" height=\"683\" src=\"https:\/\/analyse.optim.biz\/wp-content\/uploads\/2026\/01\/verde-events-24-1024x683-1-209.jpg\" alt=\"Verde Events\" class=\"wp-image-174395\" title=\"verde-events-24-1024x683-1-209\"><\/a><figcaption class=\"wp-element-caption\"><strong><em>O experien\u021b\u0103 unic\u0103 pentru orice tip de eveniment<\/em><\/strong><\/figcaption><\/figure>\n<\/aside>\n<\/div>\n<div class=\"td_block_wrap td_flex_block_1 tdi_121 td-pb-border-top td_block_template_1 td_ajax_preloading_preload td_flex_block\" data-td-block-uid=\"tdi_121\">\n<div id=\"tdi_121\" class=\"td_block_inner td-mc1-wrap\">\n<div class=\"td_module_flex td_module_flex_1 td_module_wrap td-animation-stack td-meta-info-hide td-cpt-post\">\n<div class=\"td-module-container td-category-pos-image\">\n<div class=\"td-module-meta-info\">\n<h3 class=\"entry-title td-module-title\"><a href=\"https:\/\/voceatimisului.ro\/in-memoriam-ionel-lucian-sipos-girocul-celebreaza-dansul-popular-la-a-v-a-editie-a-festivalului-care-i-poarta-numele\/\" rel=\"bookmark\" title=\"\u00cen memoriam Ionel Lucian \u0218ipo\u0219: Girocul celebreaz\u0103 dansul popular la a V-a edi\u021bie a festivalului care-i poart\u0103 numele\">\u00cen memoriam Ionel Lucian \u0218ipo\u0219: Girocul celebreaz\u0103 dansul popular la a V-a edi\u021bie a festivalului care-i poart\u0103 numele<\/a><\/h3>\n<\/div>\n<\/div>\n<\/div>\n<div class=\"td_module_flex td_module_flex_1 td_module_wrap td-animation-stack td-meta-info-hide td-cpt-post\">\n<div class=\"td-module-container td-category-pos-image\">\n<div class=\"td-module-meta-info\">\n<h3 class=\"entry-title td-module-title\"><a href=\"https:\/\/voceatimisului.ro\/a-inceput-primul-recensamant-online-al-cainilor-cu-stapan-din-comuna-giroc\/\" rel=\"bookmark\" title=\"A \u00eenceput primul recens\u0103m\u00e2nt online al c\u00e2inilor cu st\u0103p\u00e2n din Comuna Giroc\">A \u00eenceput primul recens\u0103m\u00e2nt online al c\u00e2inilor cu st\u0103p\u00e2n din Comuna Giroc<\/a><\/h3>\n<\/div>\n<\/div>\n<\/div>\n<div class=\"td_module_flex td_module_flex_1 td_module_wrap td-animation-stack td-meta-info-hide td-cpt-post\">\n<div class=\"td-module-container td-category-pos-image\">\n<div class=\"td-module-meta-info\">\n<h3 class=\"entry-title td-module-title\"><a href=\"https:\/\/voceatimisului.ro\/gradinita-noua-in-giroc-investitie-de-peste-26-de-milioane-de-lei-pentru-viitorul-copiilor\/\" rel=\"bookmark\" title=\"Gr\u0103dini\u021b\u0103 nou\u0103 \u00een Giroc: investi\u021bie de peste 26 de milioane de lei pentru viitorul copiilor\">Gr\u0103dini\u021b\u0103 nou\u0103 \u00een Giroc: investi\u021bie de peste 26 de milioane de lei pentru viitorul copiilor<\/a><\/h3>\n<\/div>\n<\/div>\n<\/div>\n<div class=\"td_module_flex td_module_flex_1 td_module_wrap td-animation-stack td-meta-info-hide td-cpt-post\">\n<div class=\"td-module-container td-category-pos-image\">\n<div class=\"td-module-meta-info\">\n<h3 class=\"entry-title td-module-title\"><a href=\"https:\/\/voceatimisului.ro\/complexul-sportiv-multifunctional-timis-4-all-mai-aproape-de-realitate-studiul-de-fezabilitate-scos-la-licitatie\/\" rel=\"bookmark\" title=\"Complexul Sportiv Multifunc\u021bional \u201eTimi\u0219 4 All\u201d, mai aproape de realitate: Studiul de fezabilitate, scos la licita\u021bie\">Complexul Sportiv Multifunc\u021bional \u201eTimi\u0219 4 All\u201d, mai aproape de realitate: Studiul de fezabilitate, scos la licita\u021bie<\/a><\/h3>\n<\/div>\n<\/div>\n<\/div>\n<div class=\"td_module_flex td_module_flex_1 td_module_wrap td-animation-stack td-meta-info-hide td-cpt-post\">\n<div class=\"td-module-container td-category-pos-image\">\n<div class=\"td-module-meta-info\">\n<h3 class=\"entry-title td-module-title\"><a href=\"https:\/\/voceatimisului.ro\/retim-cum-ne-obliga-sa-sortam-gunoiul-dar-il-arunca-la-gramada-jaful-care-miroase-urat-in-timisoara\/\" rel=\"bookmark\" title=\"RETIM: Cum ne oblig\u0103 s\u0103 sort\u0103m gunoiul, dar \u00eel arunc\u0103 la gr\u0103mad\u0103. Jaful care miroase ur\u00e2t \u00een Timi\u0219oara\">RETIM: Cum ne oblig\u0103 s\u0103 sort\u0103m gunoiul, dar \u00eel arunc\u0103 la gr\u0103mad\u0103. Jaful care miroase ur\u00e2t \u00een Timi\u0219oara<\/a><\/h3>\n<\/div>\n<\/div>\n<\/div>\n<\/div>\n<\/div>\n<\/div>\n<\/div>\n<\/div>\n<\/div>\n<\/div>\n<\/div>\n<p><span class=\"td-page-meta\"><\/span><span class=\"td-page-meta\"><span class=\"td-page-meta\"><\/span><\/span><span class=\"td-page-meta\"><\/span><\/article>\n<p> Source URL: https:\/\/voceatimisului.ro\/clasare-procurorii-parchetului-de-pe-langa-judecatoria-timisoara-i-au-scos-din-cap-cooperatistului-puiu-minda-infractiunea-de-compromitere-a-intereselor-justitiei-de-catre-jurnalistii-de-la-vocea-tim\/<\/p>\n","protected":false},"excerpt":{"rendered":"<p>\u0218tiriInvestiga\u021bii Clasare! Procurorii Parchetului de pe l\u00e2ng\u0103 Judec\u0103toria Timi\u0219oara i-au scos din cap cooperatistului Puiu Minda infrac\u021biunea de compromitere a intereselor justi\u021biei de c\u0103tre jurnali\u0219tii de la Vocea Timi\u0219ului Autor-Redac\u021bia 8 octombrie 2023 5 16544 Facebook Twitter Pinterest WhatsApp Linkedin Copy URL Puiu Minda jpg T\u00e2rgul de Cr\u0103ciun Giroc 2025, arti\u0219ti cunoscu\u021bi \u00een programul spectacolelor [&hellip;]<\/p>\n","protected":false},"author":1,"featured_media":1337438,"comment_status":"open","ping_status":"","sticky":false,"template":"","format":"standard","meta":{"footnotes":""},"categories":[89],"tags":[199],"class_list":["post-1337434","post","type-post","status-publish","format-standard","has-post-thumbnail","hentry","category-romania","tag-voceatimisului-ro"],"_links":{"self":[{"href":"https:\/\/analyse.optim.biz\/index.php?rest_route=\/wp\/v2\/posts\/1337434","targetHints":{"allow":["GET"]}}],"collection":[{"href":"https:\/\/analyse.optim.biz\/index.php?rest_route=\/wp\/v2\/posts"}],"about":[{"href":"https:\/\/analyse.optim.biz\/index.php?rest_route=\/wp\/v2\/types\/post"}],"author":[{"embeddable":true,"href":"https:\/\/analyse.optim.biz\/index.php?rest_route=\/wp\/v2\/users\/1"}],"replies":[{"embeddable":true,"href":"https:\/\/analyse.optim.biz\/index.php?rest_route=%2Fwp%2Fv2%2Fcomments&post=1337434"}],"version-history":[{"count":0,"href":"https:\/\/analyse.optim.biz\/index.php?rest_route=\/wp\/v2\/posts\/1337434\/revisions"}],"wp:featuredmedia":[{"embeddable":true,"href":"https:\/\/analyse.optim.biz\/index.php?rest_route=\/wp\/v2\/media\/1337438"}],"wp:attachment":[{"href":"https:\/\/analyse.optim.biz\/index.php?rest_route=%2Fwp%2Fv2%2Fmedia&parent=1337434"}],"wp:term":[{"taxonomy":"category","embeddable":true,"href":"https:\/\/analyse.optim.biz\/index.php?rest_route=%2Fwp%2Fv2%2Fcategories&post=1337434"},{"taxonomy":"post_tag","embeddable":true,"href":"https:\/\/analyse.optim.biz\/index.php?rest_route=%2Fwp%2Fv2%2Ftags&post=1337434"}],"curies":[{"name":"wp","href":"https:\/\/api.w.org\/{rel}","templated":true}]}}