{"id":1335671,"date":"2024-02-17T08:22:58","date_gmt":"2024-02-17T05:22:58","guid":{"rendered":"https:\/\/analyse.optim.biz\/?p=1335671"},"modified":"2024-02-17T08:22:58","modified_gmt":"2024-02-17T05:22:58","slug":"primaria-giroc-se-pregateste-sa-plateasca-despagubiri","status":"publish","type":"post","link":"https:\/\/analyse.optim.biz\/?p=1335671","title":{"rendered":"Prim\u0103ria Giroc se preg\u0103te\u0219te s\u0103 pl\u0103teasc\u0103 desp\u0103gubiri"},"content":{"rendered":"<article id=\"template-id-172790\" class=\"post-172790 tdb_templates type-tdb_templates status-publish post\">\n<div id=\"tdi_52\" class=\"tdc-zone\">\n<div class=\"tdc_zone tdi_53  wpb_row td-pb-row\">\n<div id=\"tdi_54\" class=\"tdc-row stretch_row_1400 td-stretch-content\">\n<div class=\"vc_row tdi_55  wpb_row td-pb-row tdc-element-style\">\n<div class=\"vc_column tdi_57  wpb_column vc_column_container tdc-column td-pb-span8\">\n<div class=\"wpb_wrapper\">\n<div class=\"td_block_wrap tdb_single_categories tdi_58 td-pb-border-top td_block_template_1 \" data-td-block-uid=\"tdi_58\">\n<div class=\"tdb-category td-fix-index\"><a class=\"tdb-entry-category\" href=\"https:\/\/voceatimisului.ro\/category\/investigatii-stiri\/\">Investiga\u021bii<\/a><a class=\"tdb-entry-category\" href=\"https:\/\/voceatimisului.ro\/category\/stiri-din-timisoara-si-timis\/\">\u0218tiri<\/a><\/div>\n<\/div>\n<div class=\"td_block_wrap tdb_title tdi_59 tdb-single-title td-pb-border-top td_block_template_1\" data-td-block-uid=\"tdi_59\">\n<div class=\"tdb-block-inner td-fix-index\">\n<h1 class=\"tdb-title-text\">Efect de bumerang! Prim\u0103ria Giroc se preg\u0103te\u0219te s\u0103 pl\u0103teasc\u0103 desp\u0103gubiri de milioane de euro, \u00een cazul unor abuzuri imobiliare, f\u0103r\u0103 precedent<\/h1>\n<\/div>\n<\/div>\n<div class=\"vc_row_inner tdi_62  vc_row vc_inner wpb_row td-pb-row\">\n<div class=\"vc_column_inner tdi_64  wpb_column vc_column_container tdc-inner-column td-pb-span6\">\n<div class=\"vc_column-inner\">\n<div class=\"wpb_wrapper\">\n<div class=\"td_block_wrap tdb_single_author tdi_65 td-pb-border-top td_block_template_1 tdb-post-meta\" data-td-block-uid=\"tdi_65\">\n<div class=\"tdb-block-inner td-fix-index\">\n<div class=\"tdb-author-name-wrap\"><span class=\"tdb-author-by\">Autor-<\/span><a class=\"tdb-author-name\" href=\"https:\/\/voceatimisului.ro\/author\/tibi\/\">Tiberiu Kiss<\/a><\/div>\n<\/div>\n<\/div>\n<div class=\"td_block_wrap tdb_single_date tdi_66 td-pb-border-top td_block_template_1 tdb-post-meta\" data-td-block-uid=\"tdi_66\">\n<div class=\"tdb-block-inner td-fix-index\"><time class=\"entry-date updated td-module-date\" datetime=\"2024-02-17T10:22:58+02:00\">17 februarie 2024<\/time><\/div>\n<\/div>\n<div class=\"td_block_wrap tdb_single_comments_count tdi_67 td-pb-border-top td_block_template_1 tdb-post-meta\" data-td-block-uid=\"tdi_67\">\n<div class=\"tdb-block-inner td-fix-index\"><a href=\"https:\/\/voceatimisului.ro\/efect-de-bumerang-primaria-giroc-se-pregateste-sa-plateasca-despagubiri-de-milioane-de-euro-in-cazul-unor-abuzuri-imobiliare-fara-precedent\/#comments\"><span>1<\/span><\/a><\/div>\n<\/div>\n<div class=\"td_block_wrap tdb_single_post_views tdi_68 td-pb-border-top td_block_template_1 tdb-post-meta\" data-td-block-uid=\"tdi_68\">\n<div class=\"tdb-block-inner td-fix-index\"><span class=\"tdb-add-text\">1<\/span><span class=\"td-nr-views-161613\">4557<\/span><\/div>\n<\/div>\n<\/div>\n<\/div>\n<\/div>\n<div class=\"vc_column_inner tdi_70  wpb_column vc_column_container tdc-inner-column td-pb-span6\">\n<div class=\"vc_column-inner\">\n<div class=\"wpb_wrapper\">\n<div class=\"td_block_wrap tdb_single_post_share tdi_71  td-pb-border-top td_block_template_1\" data-td-block-uid=\"tdi_71\">\n<div id=\"tdi_71\" class=\"td-post-sharing tdb-block td-ps-bg td-ps-notext td-post-sharing-style1 \">\n<div class=\"td-post-sharing-visible\"><a class=\"td-social-sharing-button td-social-sharing-button-js td-social-network td-social-facebook\" href=\"https:\/\/www.facebook.com\/sharer.php?u=https%3A%2F%2Fvoceatimisului.ro%2Fefect-de-bumerang-primaria-giroc-se-pregateste-sa-plateasca-despagubiri-de-milioane-de-euro-in-cazul-unor-abuzuri-imobiliare-fara-precedent%2F\" title=\"Facebook\" rel=\"noopener\"><\/p>\n<div class=\"td-social-but-text\">Facebook<\/div>\n<p><\/a><a class=\"td-social-sharing-button td-social-sharing-button-js td-social-network td-social-twitter\" href=\"https:\/\/twitter.com\/intent\/tweet?text=Efect+de+bumerang%21+Prim%C4%83ria+Giroc+se+preg%C4%83te%C8%99te+s%C4%83+pl%C4%83teasc%C4%83+desp%C4%83gubiri+de+milioane+de+euro%2C+%C3%AEn+cazul+unor+abuzuri+imobiliare%2C+f%C4%83r%C4%83+precedent&amp;url=https%3A%2F%2Fvoceatimisului.ro%2Fefect-de-bumerang-primaria-giroc-se-pregateste-sa-plateasca-despagubiri-de-milioane-de-euro-in-cazul-unor-abuzuri-imobiliare-fara-precedent%2F&amp;via=Vocea+Timisului\" title=\"Twitter\" rel=\"noopener\"><\/p>\n<div class=\"td-social-but-text\">Twitter<\/div>\n<p><\/a><a class=\"td-social-sharing-button td-social-sharing-button-js td-social-network td-social-pinterest\" href=\"https:\/\/pinterest.com\/pin\/create\/button\/?url=https:\/\/voceatimisului.ro\/efect-de-bumerang-primaria-giroc-se-pregateste-sa-plateasca-despagubiri-de-milioane-de-euro-in-cazul-unor-abuzuri-imobiliare-fara-precedent\/&amp;media=https:\/\/analyse.optim.biz\/wp-content\/uploads\/2026\/01\/dan-virtosu.jpg&amp;description=Efect+de+bumerang%21+Prim%C4%83ria+Giroc+se+preg%C4%83te%C8%99te+s%C4%83+pl%C4%83teasc%C4%83+desp%C4%83gubiri+de+milioane+de+euro%2C+%C3%AEn+cazul+unor+abuzuri+imobiliare%2C+f%C4%83r%C4%83+precedent\" title=\"Pinterest\" rel=\"noopener\"><\/p>\n<div class=\"td-social-but-text\">Pinterest<\/div>\n<p><\/a><a class=\"td-social-sharing-button td-social-sharing-button-js td-social-network td-social-whatsapp\" href=\"https:\/\/api.whatsapp.com\/send?text=Efect+de+bumerang%21+Prim%C4%83ria+Giroc+se+preg%C4%83te%C8%99te+s%C4%83+pl%C4%83teasc%C4%83+desp%C4%83gubiri+de+milioane+de+euro%2C+%C3%AEn+cazul+unor+abuzuri+imobiliare%2C+f%C4%83r%C4%83+precedent%20%0A%0A%20https:\/\/voceatimisului.ro\/efect-de-bumerang-primaria-giroc-se-pregateste-sa-plateasca-despagubiri-de-milioane-de-euro-in-cazul-unor-abuzuri-imobiliare-fara-precedent\/\" title=\"WhatsApp\" rel=\"noopener\"><\/p>\n<div class=\"td-social-but-text\">WhatsApp<\/div>\n<p><\/a><a class=\"td-social-sharing-button td-social-sharing-button-js td-social-network td-social-linkedin\" href=\"https:\/\/www.linkedin.com\/shareArticle?mini=true&amp;url=https:\/\/voceatimisului.ro\/efect-de-bumerang-primaria-giroc-se-pregateste-sa-plateasca-despagubiri-de-milioane-de-euro-in-cazul-unor-abuzuri-imobiliare-fara-precedent\/&amp;title=Efect+de+bumerang%21+Prim%C4%83ria+Giroc+se+preg%C4%83te%C8%99te+s%C4%83+pl%C4%83teasc%C4%83+desp%C4%83gubiri+de+milioane+de+euro%2C+%C3%AEn+cazul+unor+abuzuri+imobiliare%2C+f%C4%83r%C4%83+precedent\" title=\"Linkedin\" rel=\"noopener\"><\/p>\n<div class=\"td-social-but-text\">Linkedin<\/div>\n<p><\/a><a class=\"td-social-sharing-button td-social-sharing-button-js td-social-network td-social-copy_url\" href=\"https:\/\/voceatimisului.ro\/efect-de-bumerang-primaria-giroc-se-pregateste-sa-plateasca-despagubiri-de-milioane-de-euro-in-cazul-unor-abuzuri-imobiliare-fara-precedent\/\" title=\"Copy URL\" rel=\"noopener\"><\/p>\n<div class=\"td-social-but-text\">Copy URL<\/div>\n<p><\/a><\/div>\n<\/div>\n<\/div>\n<\/div>\n<\/div>\n<\/div>\n<\/div>\n<div class=\"td_block_wrap tdb_single_featured_image tdi_72 tdb-content-horiz-left td-pb-border-top td_block_template_1\" data-td-block-uid=\"tdi_72\">\n<div class=\"tdb-block-inner td-fix-index\">\n<figure><img loading=\"lazy\" decoding=\"async\" width=\"696\" height=\"844\" class=\"entry-thumb\" src=\"https:\/\/analyse.optim.biz\/wp-content\/uploads\/2026\/01\/dan-virtosu-696x844-1.jpg\" alt=\"Dan Virtosu\" title=\"Dan Virtosu\"><figcaption class=\"tdb-caption-text\">Dan Virtosu<\/figcaption><\/figure>\n<\/div>\n<\/div>\n<div class=\"vc_row_inner tdi_74  vc_row vc_inner wpb_row td-pb-row\">\n<div class=\"vc_column_inner tdi_76  wpb_column vc_column_container tdc-inner-column td-pb-span4 td-is-sticky\">\n<div class=\"vc_column-inner\">\n<div class=\"wpb_wrapper\" data-sticky-enabled-on=\"W3RydWUsdHJ1ZSx0cnVlLHRydWVd\" data-sticky-offset=\"20\" data-sticky-is-width-auto=\"W2ZhbHNlLGZhbHNlLGZhbHNlLGZhbHNlXQ==\">\n<div class=\"td_block_wrap td_flex_block_1 tdi_77 td-pb-border-top td_block_template_1 td_ajax_preloading_preload td_flex_block\" data-td-block-uid=\"tdi_77\">\n<div id=\"tdi_77\" class=\"td_block_inner td-mc1-wrap\">\n<div class=\"td_module_flex td_module_flex_1 td_module_wrap td-animation-stack td-meta-info-hide td-cpt-post\">\n<div class=\"td-module-container td-category-pos-image\">\n<div class=\"td-module-meta-info\">\n<h3 class=\"entry-title td-module-title\"><a href=\"https:\/\/voceatimisului.ro\/targul-de-craciun-giroc-2025-artisti-cunoscuti-in-programul-spectacolelor-gratuite\/\" rel=\"bookmark\" title=\"T\u00e2rgul de Cr\u0103ciun Giroc 2025, arti\u0219ti cunoscu\u021bi \u00een programul spectacolelor gratuite\">T\u00e2rgul de Cr\u0103ciun Giroc 2025, arti\u0219ti cunoscu\u021bi \u00een programul spectacolelor gratuite<\/a><\/h3>\n<\/div>\n<\/div>\n<\/div>\n<div class=\"td_module_flex td_module_flex_1 td_module_wrap td-animation-stack td-meta-info-hide td-cpt-post\">\n<div class=\"td-module-container td-category-pos-image\">\n<div class=\"td-module-meta-info\">\n<h3 class=\"entry-title td-module-title\"><a href=\"https:\/\/voceatimisului.ro\/targ-caritabil-la-gpp-giroc-pentru-sustinerea-terapiilor-unui-copil-si-modernizarea-curtii\/\" rel=\"bookmark\" title=\"T\u00e2rg caritabil la GPP Giroc pentru sus\u021binerea terapiilor unui copil \u0219i modernizarea cur\u021bii\">T\u00e2rg caritabil la GPP Giroc pentru sus\u021binerea terapiilor unui copil \u0219i modernizarea cur\u021bii<\/a><\/h3>\n<\/div>\n<\/div>\n<\/div>\n<div class=\"td_module_flex td_module_flex_1 td_module_wrap td-animation-stack td-meta-info-hide td-cpt-post\">\n<div class=\"td-module-container td-category-pos-image\">\n<div class=\"td-module-meta-info\">\n<h3 class=\"entry-title td-module-title\"><a href=\"https:\/\/voceatimisului.ro\/festivalul-ceaunul-chisozean-ajunge-la-editia-a-vi-a\/\" rel=\"bookmark\" title=\"Festivalul \u201eCeaunul Chi\u0219ozean\u201d ajunge la edi\u021bia a VI-a\">Festivalul \u201eCeaunul Chi\u0219ozean\u201d ajunge la edi\u021bia a VI-a<\/a><\/h3>\n<\/div>\n<\/div>\n<\/div>\n<div class=\"td_module_flex td_module_flex_1 td_module_wrap td-animation-stack td-meta-info-hide td-cpt-post\">\n<div class=\"td-module-container td-category-pos-image\">\n<div class=\"td-module-meta-info\">\n<h3 class=\"entry-title td-module-title\"><a href=\"https:\/\/voceatimisului.ro\/10-milioane-de-lei-pentru-eco-administratie-primaria-giroc-devine-model-verde-in-colaborare-cu-serbia\/\" rel=\"bookmark\" title=\"10 milioane de lei pentru \u201eEco-Administra\u021bie\u201d \u2013 Prim\u0103ria Giroc devine model verde \u00een colaborare cu Serbia\">10 milioane de lei pentru \u201eEco-Administra\u021bie\u201d \u2013 Prim\u0103ria Giroc devine model verde \u00een colaborare cu Serbia<\/a><\/h3>\n<\/div>\n<\/div>\n<\/div>\n<\/div>\n<\/div>\n<div class=\"tdb-author-box td_block_wrap tdb_single_author_box tdi_82 tdb-content-vert-top td-pb-border-top td_block_template_1\" data-td-block-uid=\"tdi_82\">\n<div class=\"tdb-block-inner td-fix-index\">\n<div class=\"tdb-author-info\"><a href=\"https:\/\/voceatimisului.ro\/author\/tibi\/\" class=\"tdb-author-name\">Tiberiu Kiss<\/a><\/p>\n<div class=\"tdb-author-descr\">\u00centreaga responsabilitate a comentariilor l\u0103sate de dumneavoastr\u0103 v\u0103 apar\u021bine!<br \/>\nClick <a href=\"https:\/\/voceatimisului.ro\/termeni-si-conditii\/\">aici<\/a>-citeste condi\u0163iile de utilizare ale site-ului www.voceatimisului.ro<\/div>\n<\/div>\n<\/div>\n<\/div>\n<\/div>\n<\/div>\n<\/div>\n<div class=\"vc_column_inner tdi_84  wpb_column vc_column_container tdc-inner-column td-pb-span8\">\n<div class=\"vc_column-inner\">\n<div class=\"wpb_wrapper\">\n<div class=\"td_block_wrap tdb_single_content tdi_85 td-pb-border-top td_block_template_1 td-post-content tagdiv-type\" data-td-block-uid=\"tdi_85\">\n<div class=\"tdb-block-inner td-fix-index\">\n<h3 class=\"wp-block-heading\">E haos, \u0219oc \u0219i groaz\u0103 la Prim\u0103ria Giroc, \u00eenc\u0103 din primele zile ale anului 2024! Mai exact de c\u00e2nd, la data de 11 ianuarie a.c., administra\u021bia local\u0103 a decis, dup\u0103 \u00eendelungi dezbateri \u0219i consf\u0103tuiri, s\u0103 nu \u00ee\u0219i mai exercite calea de atac, \u00eempotriva Sentin\u021bei Civile nr. 831 din 3 noiembrie 2023, pronun\u021bat\u0103 de judec\u0103torii de la Tribunalul Timi\u0219, \u00een dosarul nr. 2597\/30\/2023. De data asta, \u00een ceasul al doisprezecelea, unitatea administrativ teritorial\u0103 a evaluat corect, at\u00e2t miza jocului, c\u00e2t \u0219i riscul enorm la care s-ar fi expus, dac\u0103 ar fi prelungit durata de via\u021b\u0103 a procesului care, fie vorba \u00eentre noi, i se datoreaz\u0103, \u00een totalitate. E clar c\u0103, la cum arat\u0103 \u00eent\u00e2mpinarea avoca\u021bilor \u0219i, cu at\u00e2t mai mult, motivarea magistra\u021bilor, pentru Prim\u0103ria Giroc finalul ar fi fost acela\u0219i \u2013 abuz \u0219i e\u0219ec, pe linie! La pachet cu compensa\u021bii, de zece ori mai mari!<\/h3>\n<p>Evident, \u00een toat\u0103 aceast\u0103 ecua\u021bie ur\u00e2t mirositoare, r\u0103m\u00e2ne fondul problemei! \u0218i nu o dat\u0103, ci de zeci de ori, <a href=\"https:\/\/voceatimisului.ro\/dubla-masura-de-tupeu-primaria-giroc-a-transformat-o-jumatate-de-bloc-cu-cinci-etaje-peste-noapte-din-spatii-cu-alta-destinatie-in-apartamente-de-locuit-intr-o-zona-cu-unitati-industriale-si-spati\/\" data-type=\"link\" data-id=\"https:\/\/voceatimisului.ro\/dubla-masura-de-tupeu-primaria-giroc-a-transformat-o-jumatate-de-bloc-cu-cinci-etaje-peste-noapte-din-spatii-cu-alta-destinatie-in-apartamente-de-locuit-intr-o-zona-cu-unitati-industriale-si-spati\/\" target=\"_blank\" rel=\"noreferrer noopener\"><strong>Vocea Timi\u0219ului a avertizat Prim\u0103ria Giroc<\/strong><strong>c\u0103, datorit\u0103 dublei m\u0103suri, aplicat\u0103 \u00een materie de urbanism, la care se adaug\u0103 interesele de grup, r\u0103fuielile personale, slaba preg\u0103tire profesional\u0103 \u00een materie de anticorup\u021bie, administra\u021bia local\u0103 va ajunge \u00een dou\u0103 situa\u021bii limit\u0103:<\/strong><strong>blocat\u0103 \u0219i cu visteria goal\u0103<\/strong>! <\/a>C\u0103 nu degeaba, azi, entitatea public\u0103 caut\u0103 solu\u021bii magice, de\u0219i \u0219tie clar c\u0103 acestea nu exist\u0103! Ba mai \u0219i sper\u0103 c\u0103, dac\u0103 face tot soiul de pa\u0219i m\u0103run\u021bi, de altfel, obligatorii prin sentin\u021ba judec\u0103toreasc\u0103, va \u00eembun\u0103t\u0103\u021bi \u0219i dezamorsa situa\u021bia. C\u00e2t despre func\u021bionari \u0219i ale\u0219i locali care mizeaz\u0103, dup\u0103 ce au fost \u00eenfr\u00e2n\u021bi f\u0103r\u0103 drept de apel, s\u0103 ajung\u0103 la o \u00een\u021belegere amiabil\u0103 \u00eentre p\u0103r\u021bi, \u00een favoarea comunit\u0103\u021bii, ace\u0219tia sunt doar ni\u0219te vis\u0103tori! De ceilal\u021bi, care vor s\u0103 mearg\u0103 pe corda sensibil\u0103 a problemei \u0219i mizeaz\u0103 pe mila dezvoltatorului imobiliar, nici nu mai are sens s\u0103 vorbim! Filme!<\/p>\n<p>\u0218i toate necazurile administra\u021biei locale au \u00eenceput \u00een data de 27 aprilie 2023 c\u00e2nd, prin HCL nr. 62, consilierii locali au votat, \u00een unanimitate \u0219i \u00een baza unui raport de specialitate, emis de Compartimentul de Urbanism, s\u0103 modifice condi\u021biile de aplicabilitate ale unui PUZ de locuin\u021be colective, generat de SC GSA Concept 2017 SRL, pe o suprafa\u021b\u0103 de 20 de ha de teren, situat pe raza comunei Giroc. Toate bune \u0219i frumoase, p\u00e2n\u0103 la punctul 9 c\u00e2nd, a\u0219a cum rezult\u0103 din procesul-verbal de \u0219edin\u021b\u0103, la retorica membrilor USR, consilierii locali au b\u0103tut \u00een cuie urm\u0103toarea variant\u0103, absolut nec\u00e2\u0219tig\u0103toare: \u201d<strong><em>Se va realiza maxim 1 unitate locativ\u0103\/100 mp teren \u0219i se vor asigura minim 1,5 locuri de parcare\/unitate locativ\u0103 pe terenurile proprietate privat\u0103, \u00een afara domeniului public<\/em><\/strong>\u201d. Evident, HCL nr 62 din 27 aprilie 2023 a primit avizul de legalitate al secretarei Carmina Mateia, pe repede \u00eenainte, \u0219i a intrat \u00een circuitul civil, produc\u00e2nd efecte, at\u00e2t juridice, c\u00e2t \u0219i financiare!<\/p>\n<p>F\u0103r\u0103 dubii, nemul\u021bumirea dezvoltatorului imobiliar a fost prima c\u0103ci, \u00een condi\u021biile construirii unei unit\u0103\u021bi locative la 100 mp de teren, a\u0219a cum a fost impus\u0103 prin decizia consilierilor locali, pierderea ar fi fost de circa 25.000.000 euro! A\u0219a c\u0103, \u00een prim\u0103 faz\u0103, c\u0103 s\u0103 nu ard\u0103 etapele, \u00eenc\u0103 de a doua zi dup\u0103 emiterea HCL, antreprenorul a formulat o pl\u00e2ngere prealabil\u0103 (nr. 20497), prin casa de avocatur\u0103 Gociu&amp;Asocia\u021bii, pe care a \u00eenaintat-o administra\u021biei locale, sesizarea fiind supus\u0103 dezbaterii, pe data de 25 mai 2023, \u00eentr-o \u0219edin\u021b\u0103 ordinar\u0103 a Consiliului Local. Doar c\u0103 votul a fost tot \u00eempotriv\u0103, solu\u021bia fiind, \u00een consecin\u021b\u0103, de respingere a pl\u00e2ngerii prealabile. Abia atunci, SC GSA Concept 2007 a ac\u021bionat UAT \u0219i CL Giroc \u00een judecat\u0103, solicit\u00e2nd instan\u021bei desfiin\u021barea, \u00een parte, a HCL nr. 62 din 27 aprilie 2023. Mai exact, \u0219tergerea formul\u0103rii magice cu 1 unitatea locativ\u0103 la 100 mp de teren.<\/p>\n<p><strong>Lupt\u0103 dreapt\u0103<\/strong><\/p>\n<p>Cert e c\u0103 avoca\u021bii de la Gociu&amp;Asocia\u021bii au cerut judec\u0103torilor de la Tribunalul Timi\u0219 s\u0103 constate c\u0103, \u00een exercitarea mandatului, <strong>consilierii locali \u0219i-au dep\u0103\u0219it cu mult atribu\u021biunile \u0219i au s\u0103v\u00e2r\u0219it un abuz c\u00e2t Casa Poporului<\/strong>, prin \u00eenc\u0103lcarea legii. \u00cen motivarea ac\u021biunii din contenciosul administrativ, SC GSA Concept 2007 a ar\u0103tat c\u0103, \u00een materie de urbanism, Consiliul Local poate doar aviza sau respinge, \u00een condi\u021biile legii, documenta\u021biile de amenajarea teritoriului. Nu s\u0103 aduc\u0103 amendamente! Asta pentru c\u0103, la fel ca orice PUZ comunal, documenta\u021biile \u0219i avizele tehnice se dau de c\u0103tre Consiliul Jude\u021bean Timi\u0219. Or, amendamentul cu nr. 9 din HCL nr. 62 din 27 aprilie 2023, votat de ale\u0219ii locali \u0219i care impune o unitate locativ\u0103\/100 mp teren, nu se reg\u0103se\u0219te \u00een documenta\u021bia de urbanism emis\u0103 de arhitectul-\u0219ef al jude\u021bului, nici \u00een avizul CJT nr. 98 din 10 octombrie 2022 \u0219i nici \u00een vreun alt act normativ. Cu alte cuvinte, vorbim despre un exces de putere!<\/p>\n<p>De altfel, partea interesant\u0103 e c\u0103, prevederea cu 1 apartament\/100 mp teren, nu a existat \u00een cuprinsul proiectului de HCL \u0219i nici \u00een raportul de specialitate al Comisiei de Urbanism! <strong>Schema a fost propus\u0103 pentru prima dat\u0103, cu titlu de obiec\u021biune, \u00een Comisia de Urbanism a Prim\u0103riei Giroc, conform procesului-verbal nr. 4 din 27 aprilie 2023 \u0219i avizului favorabil \u201dcu condi\u021bii\u201d, eliberat de acela\u0219i comitet intern de specialitate<\/strong>. \u0218i, a\u0219a cum rezult\u0103 din probe, obliga\u021bia de a construi o unitate locativ\u0103 la 100 mp de teren a fost introdus\u0103, cu titlu de amendament, \u00een dezbaterea Consiliului Local Giroc, care a generat HCL nr. 62, de c\u0103tre <strong>pre\u0219edintele Comisiei de Urbanism, consilierul local Cristian M\u0103r\u0103cineanu de la USR, arhitect de meserie<\/strong>. Evident, addendumul a fost votat \u0219i sus\u021binut, ulterior, de c\u0103tre to\u021bi consilierii locali! To\u021bi, dup\u0103 fent\u0103!<\/p>\n<p>A\u0219a c\u0103, la fel cum au constat \u0219i judec\u0103torii Tribunalului Timi\u0219, prin sentin\u021ba cu nr. 831 din 3 noiembrie 2023, toate aceste elemente dovedesc c\u0103 pasajul abracadabrant din articolul nr. 9 al HCL 62 este o dep\u0103\u0219ire de atribu\u021biuni, un exces de putere \u0219i un abuz. Nu de alta, dar decizia CL Giroc a adus modific\u0103ri la solu\u021bia tehnic\u0103 \u0219i agreat\u0103 de c\u0103tre singurul for \u00een domeniu (Consiliul Jude\u021bean Timi\u0219), cu \u00eenc\u0103lcarea dispozi\u021biei art. 56, alin. 7 din Legea 350\/2001, care spune clar c\u0103 <strong>ale\u0219ii locali au obliga\u021bia doar de a aproba sau respinge o documenta\u021bie de urbanism, nu s\u0103 fac\u0103 amendamente<\/strong>! Cu at\u00e2t mai mult cu c\u00e2t se \u0219tia, la modul clar, c\u0103 nici avizul de oportunitate \u0219i nici certificatul de urbanism nu includeau vreo men\u021biune privind inciden\u021ba realiz\u0103rii de maxim 1 unitate locativ\u0103 la 100 mp de teren.<\/p>\n<p>C\u0103, onor, Consiliul Local Giroc nu s-a limitat la aprobarea documenta\u021biei de PUZ \u0219i a impus obliga\u021bii noi, care nu erau prev\u0103zute \u00een niciun act tehnic \u0219i urbanistic cu caracter obligatoriu al CJT, chiar dac\u0103 vorbim despre un abuz, nu ar fi neap\u0103rat cea mai mare problem\u0103. \u00cen schimb, dubla m\u0103sur\u0103, a\u0219a cum au constatat-o \u0219i magistra\u021bii, este o chestiune sensibil\u0103. Asta pentru c\u0103 folosin\u021ba echitabil\u0103 a teritoriului presupune \u0219i dreptul proprietarului de a folosi \u0219i dezvolta terenul, \u00een mod egal \u0219i just, \u00een raport cu al\u021bi indivizi ai aceleia\u0219i localit\u0103\u021bi. <strong>Or, a\u0219a cum a constatat instan\u021ba, \u00een cazul celor de la SC GSA Concept SRL, excesul de putere are un caracter singular (sau cel pu\u021bin aplicat restr\u00e2ns), \u00een raport cu alte documenta\u021bii urbanistice<\/strong>! <\/p>\n<p>\u0218i concluzia judec\u0103torilor are la baza probe de la dosarul cauzei, recte o serie de HCL-uri ale comunei Giroc din care rezult\u0103 c\u0103, \u00een situa\u021bii similare, entitatea juridic\u0103 nu a impus o asemenea obliga\u021bie aberant\u0103 de 1 unitate locativ\u0103 pe 100 mp teren. Nu numai c\u0103 nu a impus-o, ci a \u0219i trecut-o cu vederea<strong>, \u00een aceea\u0219i \u0219edin\u021b\u0103 fatidic\u0103 din 27 aprilie 2023 c\u00e2nd, \u00eenainte de a bombarda PUZ-ul SC GSA Concept 2007, a dat verde unei documenta\u021bii similare, \u00een beneficiul SC Clapa SRL (HCL nr. 61), f\u0103r\u0103 men\u021biuni speciale de 1 apartament\/100 mp teren<\/strong>!<\/p>\n<p><strong>Punere \u00een drepturi<\/strong><\/p>\n<p>Pe scurt, instan\u021ba de judecat\u0103 a constat c\u0103 drepturile celor de la SC GSA Concept 2007 au fost \u00eenc\u0103lcate cu bun\u0103 \u0219tiin\u021b\u0103, printr-un abuz de putere, coafat sub forma unui HCL care, dac\u0103 ar r\u0103m\u00e2ne \u00een picioare, i-ar crea un prejudiciu imens proprietarului: 24.744.738 euro! A\u0219a c\u0103 magistra\u021bii au dispus \u00eendreptarea de \u00eendat\u0103 a situa\u021biei. <strong>Se \u0219tie deja c\u0103 Prim\u0103ria Giroc, \u00een urma unei analize, nu a mai atacat sentin\u021ba, tocmai pentru a nu t\u0103r\u0103g\u0103na situa\u021bia, de teama cre\u0219terii daunelor \u0219i intereselor materiale \u0219i civile<\/strong>! A\u0219a c\u0103, \u00een urm\u0103 cu c\u00e2teva zile, pe data de 14 februarie a.c., <strong>Consiliul Local Giroc a adoptat o nou\u0103 decizie rectificativ\u0103 (HCL nr. 18) prin care a recunoscut puterea sentin\u021bei judec\u0103tore\u0219ti \u0219i a aprobat modificarea articolul 9 din HCL 62 din 27 aprilie 2023<\/strong>. Adic\u0103, a scos \u00een afara legii poezia cu 1 unitate locativ\u0103 la 100 mp de teren!<\/p>\n<p><strong>Mai r\u0103m\u00e2ne doar de stabilit cine va pl\u0103ti cheltuielile de judecat\u0103 ale celor de la SC GSA Concept 2007 c\u0103tre casa de avocatur\u0103 Gociu&amp;Asocia\u021bii, \u00een sum\u0103 total\u0103 de 1.617.525 RON<\/strong>! Nu, nu e nicio gre\u0219eal\u0103! \u0218i asta o demonstreaz\u0103 factura, transferul bancar, o reconfirm\u0103 rapoartele de activitate etc! Nu de alta dar, azi, SC GSA Concept SRL, \u00eenc\u0103 analizeaz\u0103 situa\u021bia, \u00een ansamblul ei, \u0219i face calcule cu sume mari \u0219i rotunde: cheltuieli de judecat\u0103+daune morale+daune materiale! <strong>C\u0103 de aceea s-au gr\u0103bit consilierii locali s\u0103 sfin\u021beasc\u0103 decizia instan\u021bei \u0219i s\u0103-\u0219i repare de \u00eendat\u0103 gre\u0219eala \u2013 exact de teama atragerii r\u0103spunderii \u00een solidar<\/strong>! Acum, c\u00e2teva lucruri sunt certe. Indiferent c\u00e2t s-ar str\u0103dui unii dintre ale\u0219ii locali, \u00een special cei care se simt cu musca pe c\u0103ciul\u0103, la pachet cu al\u021bi doi-trei func\u021bionari cu interese personale \u0219i conflictuale, nu exist\u0103 \u00eemp\u0103care la masa verde cu dezvoltatorul!<\/p>\n<p>Poate, \u00een anumite circumstan\u021be, ar fi putut exista, dar nu \u00eentr-o situa\u021bie flagrant\u0103 \u0219i umilitoare\u2026 de dubl\u0103 m\u0103sur\u0103, exact asa cum reiese, \u00een oglind\u0103, din cele dou\u0103 HCL-uri 61 (Clapa SRL) \u0219i 62 (GSA Concept 2007), ambele votate \u00een aceea\u0219i \u0219edin\u021b\u0103, dar absolut discre\u021bionare! \u0218i, a\u0219a cum rezult\u0103 din documente conexe, cazul de exces de putere al Prim\u0103riei Giroc vizavi de SC GSA Concept 2007 nu este deloc unul singular. Mai exist\u0103 cel pu\u021bin zece astfel de exemple \u00een care administra\u021bia local\u0103, din motive (ne)cunoscute, \u0219i-a dat cu st\u00e2ngul \u00een dreptul, flutur\u00e2nd aceea\u0219i dubl\u0103 m\u0103sur\u0103 sau dou\u0103 r\u00e2nduri de documente contradictorii \u0219i consecutive, \u00een spe\u021be identice: <strong>SC Mist Lider SRL, A&amp;B Investment SRL, Zeke Group SRL, Moses Construct SRL, plus persoanele fizice Mirela Ivu\u021b, Adrian Pintea, Alexandra Criste\u021bi<\/strong>. Unii au deschis procese, deja, \u0219i au c\u00e2\u0219tigat, \u00een anumite faze procesuale, fiind \u00een negocieri cu Prim\u0103ria Giroc pentru remedierea abuzurilor. <strong>Sub nicio form\u0103 retragerea reclama\u021biilor sau renun\u021barea la desp\u0103gubiri morale \u0219i civile<\/strong><strong>\u2013 vorba decanului Baroului Timi\u0219, avocat Sergiu St\u0103nil\u0103<\/strong>! A\u0219a c\u0103, p\u00e2n\u0103 la urm\u0103, indiferent cum o \u00eenv\u00e2rte \u0219i o negociaz\u0103, administra\u021bia local\u0103 va ajunge \u00een punctul terminus: c\u00e2nd va pl\u0103ti, la modul grav, milioane de euro, pentru filmele artistice \u0219i incompeten\u021ba cras\u0103 unor func\u021bionari, pl\u0103ti\u021bi din banii girocenilor \u0219i chi\u0219ozenilor!<\/p>\n<figure class=\"wp-block-gallery has-nested-images columns-default is-cropped wp-block-gallery-1 is-layout-flex wp-block-gallery-is-layout-flex\">\n<figure class=\"wp-block-image size-large\"><a href=\"https:\/\/voceatimisului.ro\/wp-content\/uploads\/2024\/02\/Primaria-Giroc-se-pregateste-sa-plateasca-despagubiri-de-milioane-de-euro06.jpg\"><img loading=\"lazy\" decoding=\"async\" width=\"794\" height=\"1024\" data-id=\"161625\" src=\"https:\/\/analyse.optim.biz\/wp-content\/uploads\/2026\/01\/primaria-giroc-se-pregateste-sa-plateasca-despagubiri-de-milioane-de-euro06-794x1024-1.jpg\" alt=\"Efect de bumerang! Prim\u0103ria Giroc se preg\u0103te\u0219te s\u0103 pl\u0103teasc\u0103 desp\u0103gubiri de milioane de euro, \u00een cazul unor abuzuri imobiliare, f\u0103r\u0103 precedent\" class=\"wp-image-161625\" title=\"primaria-giroc-se-pregateste-sa-plateasca-despagubiri-de-milioane-de-euro06-794x1024-1\"><\/a><\/figure>\n<figure class=\"wp-block-image size-large\"><a href=\"https:\/\/voceatimisului.ro\/wp-content\/uploads\/2024\/02\/Primaria-Giroc-se-pregateste-sa-plateasca-despagubiri-de-milioane-de-euro05.jpg\"><img loading=\"lazy\" decoding=\"async\" width=\"767\" height=\"1024\" data-id=\"161624\" src=\"https:\/\/analyse.optim.biz\/wp-content\/uploads\/2026\/01\/primaria-giroc-se-pregateste-sa-plateasca-despagubiri-de-milioane-de-euro05-767x1024-1.jpg\" alt=\"Efect de bumerang! Prim\u0103ria Giroc se preg\u0103te\u0219te s\u0103 pl\u0103teasc\u0103 desp\u0103gubiri de milioane de euro, \u00een cazul unor abuzuri imobiliare, f\u0103r\u0103 precedent\" class=\"wp-image-161624\" title=\"primaria-giroc-se-pregateste-sa-plateasca-despagubiri-de-milioane-de-euro05-767x1024-1\"><\/a><\/figure>\n<figure class=\"wp-block-image size-large\"><a href=\"https:\/\/voceatimisului.ro\/wp-content\/uploads\/2024\/02\/Primaria-Giroc-se-pregateste-sa-plateasca-despagubiri-de-milioane-de-euro04.jpg\"><img loading=\"lazy\" decoding=\"async\" width=\"777\" height=\"1024\" data-id=\"161623\" src=\"https:\/\/analyse.optim.biz\/wp-content\/uploads\/2026\/01\/primaria-giroc-se-pregateste-sa-plateasca-despagubiri-de-milioane-de-euro04-777x1024-1.jpg\" alt=\"Efect de bumerang! Prim\u0103ria Giroc se preg\u0103te\u0219te s\u0103 pl\u0103teasc\u0103 desp\u0103gubiri de milioane de euro, \u00een cazul unor abuzuri imobiliare, f\u0103r\u0103 precedent\" class=\"wp-image-161623\" title=\"primaria-giroc-se-pregateste-sa-plateasca-despagubiri-de-milioane-de-euro04-777x1024-1\"><\/a><\/figure>\n<figure class=\"wp-block-image size-large\"><a href=\"https:\/\/voceatimisului.ro\/wp-content\/uploads\/2024\/02\/Primaria-Giroc-se-pregateste-sa-plateasca-despagubiri-de-milioane-de-euro03.jpg\"><img decoding=\"async\" loading=\"lazy\" width=\"743\" height=\"1024\" data-id=\"161622\" src=\"https:\/\/analyse.optim.biz\/wp-content\/uploads\/2026\/01\/primaria-giroc-se-pregateste-sa-plateasca-despagubiri-de-milioane-de-euro03-743x1024-1.jpg\" alt=\"Efect de bumerang! Prim\u0103ria Giroc se preg\u0103te\u0219te s\u0103 pl\u0103teasc\u0103 desp\u0103gubiri de milioane de euro, \u00een cazul unor abuzuri imobiliare, f\u0103r\u0103 precedent\" class=\"wp-image-161622\" title=\"primaria-giroc-se-pregateste-sa-plateasca-despagubiri-de-milioane-de-euro03-743x1024-1\"><\/a><\/figure>\n<figure class=\"wp-block-image size-large\"><a href=\"https:\/\/voceatimisului.ro\/wp-content\/uploads\/2024\/02\/Primaria-Giroc-se-pregateste-sa-plateasca-despagubiri-de-milioane-de-euro02.jpg\"><img decoding=\"async\" loading=\"lazy\" width=\"1024\" height=\"964\" data-id=\"161621\" src=\"https:\/\/analyse.optim.biz\/wp-content\/uploads\/2026\/01\/primaria-giroc-se-pregateste-sa-plateasca-despagubiri-de-milioane-de-euro02-1024x964-1.jpg\" alt=\"Efect de bumerang! Prim\u0103ria Giroc se preg\u0103te\u0219te s\u0103 pl\u0103teasc\u0103 desp\u0103gubiri de milioane de euro, \u00een cazul unor abuzuri imobiliare, f\u0103r\u0103 precedent\" class=\"wp-image-161621\" title=\"primaria-giroc-se-pregateste-sa-plateasca-despagubiri-de-milioane-de-euro02-1024x964-1\"><\/a><\/figure>\n<figure class=\"wp-block-image size-large\"><a href=\"https:\/\/voceatimisului.ro\/wp-content\/uploads\/2024\/02\/Primaria-Giroc-se-pregateste-sa-plateasca-despagubiri-de-milioane-de-euro01.jpg\"><img decoding=\"async\" loading=\"lazy\" width=\"591\" height=\"1280\" data-id=\"161620\" src=\"https:\/\/analyse.optim.biz\/wp-content\/uploads\/2026\/01\/primaria-giroc-se-pregateste-sa-plateasca-despagubiri-de-milioane-de-euro01-591x1280-1.jpg\" alt=\"Efect de bumerang! Prim\u0103ria Giroc se preg\u0103te\u0219te s\u0103 pl\u0103teasc\u0103 desp\u0103gubiri de milioane de euro, \u00een cazul unor abuzuri imobiliare, f\u0103r\u0103 precedent\" class=\"wp-image-161620\" title=\"primaria-giroc-se-pregateste-sa-plateasca-despagubiri-de-milioane-de-euro01-591x1280-1\"><\/a><\/figure>\n<figure class=\"wp-block-image size-large\"><a href=\"https:\/\/voceatimisului.ro\/wp-content\/uploads\/2024\/02\/Primaria-Giroc-se-pregateste-sa-plateasca-despagubiri-de-milioane-de-euro10.jpg\"><img decoding=\"async\" loading=\"lazy\" width=\"777\" height=\"1024\" data-id=\"161619\" src=\"https:\/\/analyse.optim.biz\/wp-content\/uploads\/2026\/01\/primaria-giroc-se-pregateste-sa-plateasca-despagubiri-de-milioane-de-euro10-777x1024-1.jpg\" alt=\"Efect de bumerang! Prim\u0103ria Giroc se preg\u0103te\u0219te s\u0103 pl\u0103teasc\u0103 desp\u0103gubiri de milioane de euro, \u00een cazul unor abuzuri imobiliare, f\u0103r\u0103 precedent\" class=\"wp-image-161619\" title=\"primaria-giroc-se-pregateste-sa-plateasca-despagubiri-de-milioane-de-euro10-777x1024-1\"><\/a><\/figure>\n<figure class=\"wp-block-image size-large\"><a href=\"https:\/\/voceatimisului.ro\/wp-content\/uploads\/2024\/02\/Primaria-Giroc-se-pregateste-sa-plateasca-despagubiri-de-milioane-de-euro09.jpg\"><img decoding=\"async\" loading=\"lazy\" width=\"759\" height=\"1024\" data-id=\"161618\" src=\"https:\/\/analyse.optim.biz\/wp-content\/uploads\/2026\/01\/primaria-giroc-se-pregateste-sa-plateasca-despagubiri-de-milioane-de-euro09-759x1024-1.jpg\" alt=\"Efect de bumerang! Prim\u0103ria Giroc se preg\u0103te\u0219te s\u0103 pl\u0103teasc\u0103 desp\u0103gubiri de milioane de euro, \u00een cazul unor abuzuri imobiliare, f\u0103r\u0103 precedent\" class=\"wp-image-161618\" title=\"primaria-giroc-se-pregateste-sa-plateasca-despagubiri-de-milioane-de-euro09-759x1024-1\"><\/a><\/figure>\n<figure class=\"wp-block-image size-large\"><a href=\"https:\/\/voceatimisului.ro\/wp-content\/uploads\/2024\/02\/Primaria-Giroc-se-pregateste-sa-plateasca-despagubiri-de-milioane-de-euro08.jpg\"><img decoding=\"async\" loading=\"lazy\" width=\"759\" height=\"1024\" data-id=\"161617\" src=\"https:\/\/analyse.optim.biz\/wp-content\/uploads\/2026\/01\/primaria-giroc-se-pregateste-sa-plateasca-despagubiri-de-milioane-de-euro08-759x1024-1.jpg\" alt=\"Efect de bumerang! Prim\u0103ria Giroc se preg\u0103te\u0219te s\u0103 pl\u0103teasc\u0103 desp\u0103gubiri de milioane de euro, \u00een cazul unor abuzuri imobiliare, f\u0103r\u0103 precedent\" class=\"wp-image-161617\" title=\"primaria-giroc-se-pregateste-sa-plateasca-despagubiri-de-milioane-de-euro08-759x1024-1\"><\/a><\/figure>\n<figure class=\"wp-block-image size-large\"><a href=\"https:\/\/voceatimisului.ro\/wp-content\/uploads\/2024\/02\/Primaria-Giroc-se-pregateste-sa-plateasca-despagubiri-de-milioane-de-euro07.jpg\"><img decoding=\"async\" loading=\"lazy\" width=\"612\" height=\"1024\" data-id=\"161616\" src=\"https:\/\/analyse.optim.biz\/wp-content\/uploads\/2026\/01\/primaria-giroc-se-pregateste-sa-plateasca-despagubiri-de-milioane-de-euro07-612x1024-1.jpg\" alt=\"Efect de bumerang! Prim\u0103ria Giroc se preg\u0103te\u0219te s\u0103 pl\u0103teasc\u0103 desp\u0103gubiri de milioane de euro, \u00een cazul unor abuzuri imobiliare, f\u0103r\u0103 precedent\" class=\"wp-image-161616\" title=\"primaria-giroc-se-pregateste-sa-plateasca-despagubiri-de-milioane-de-euro07-612x1024-1\"><\/a><\/figure>\n<\/figure>\n<\/div>\n<\/div>\n<div class=\"td_block_wrap tdb_single_tags tdi_88 td-pb-border-top td_block_template_1\" data-td-block-uid=\"tdi_88\">\n<div class=\"tdb-block-inner td-fix-index\">\n<ul class=\"tdb-tags\">\n<li><span>Tags<\/span><\/li>\n<li><a href=\"https:\/\/voceatimisului.ro\/tag\/consiliul-local-giroc\/\">consiliul local giroc<\/a><\/li>\n<li><a href=\"https:\/\/voceatimisului.ro\/tag\/coruptie\/\">coruptie<\/a><\/li>\n<li><a href=\"https:\/\/voceatimisului.ro\/tag\/dan-virtosu\/\">dan virtosu<\/a><\/li>\n<li><a href=\"https:\/\/voceatimisului.ro\/tag\/dna-timisoara\/\">dna timisoara<\/a><\/li>\n<li><a href=\"https:\/\/voceatimisului.ro\/tag\/primaria-giroc\/\">primaria giroc<\/a><\/li>\n<\/ul>\n<\/div>\n<\/div>\n<div class=\"td_block_wrap tdb_single_post_share tdi_89  td-pb-border-top td_block_template_1\" data-td-block-uid=\"tdi_89\">\n<div id=\"tdi_89\" class=\"td-post-sharing tdb-block td-ps-bg td-ps-notext td-post-sharing-style1 \">\n<div class=\"td-post-sharing-visible\"><a class=\"td-social-sharing-button td-social-sharing-button-js td-social-network td-social-facebook\" href=\"https:\/\/www.facebook.com\/sharer.php?u=https%3A%2F%2Fvoceatimisului.ro%2Fefect-de-bumerang-primaria-giroc-se-pregateste-sa-plateasca-despagubiri-de-milioane-de-euro-in-cazul-unor-abuzuri-imobiliare-fara-precedent%2F\" title=\"Facebook\" rel=\"noopener\"><\/p>\n<div class=\"td-social-but-text\">Facebook<\/div>\n<p><\/a><a class=\"td-social-sharing-button td-social-sharing-button-js td-social-network td-social-twitter\" href=\"https:\/\/twitter.com\/intent\/tweet?text=Efect+de+bumerang%21+Prim%C4%83ria+Giroc+se+preg%C4%83te%C8%99te+s%C4%83+pl%C4%83teasc%C4%83+desp%C4%83gubiri+de+milioane+de+euro%2C+%C3%AEn+cazul+unor+abuzuri+imobiliare%2C+f%C4%83r%C4%83+precedent&amp;url=https%3A%2F%2Fvoceatimisului.ro%2Fefect-de-bumerang-primaria-giroc-se-pregateste-sa-plateasca-despagubiri-de-milioane-de-euro-in-cazul-unor-abuzuri-imobiliare-fara-precedent%2F&amp;via=Vocea+Timisului\" title=\"Twitter\" rel=\"noopener\"><\/p>\n<div class=\"td-social-but-text\">Twitter<\/div>\n<p><\/a><a class=\"td-social-sharing-button td-social-sharing-button-js td-social-network td-social-pinterest\" href=\"https:\/\/pinterest.com\/pin\/create\/button\/?url=https:\/\/voceatimisului.ro\/efect-de-bumerang-primaria-giroc-se-pregateste-sa-plateasca-despagubiri-de-milioane-de-euro-in-cazul-unor-abuzuri-imobiliare-fara-precedent\/&amp;media=https:\/\/analyse.optim.biz\/wp-content\/uploads\/2026\/01\/dan-virtosu.jpg&amp;description=Efect+de+bumerang%21+Prim%C4%83ria+Giroc+se+preg%C4%83te%C8%99te+s%C4%83+pl%C4%83teasc%C4%83+desp%C4%83gubiri+de+milioane+de+euro%2C+%C3%AEn+cazul+unor+abuzuri+imobiliare%2C+f%C4%83r%C4%83+precedent\" title=\"Pinterest\" rel=\"noopener\"><\/p>\n<div class=\"td-social-but-text\">Pinterest<\/div>\n<p><\/a><a class=\"td-social-sharing-button td-social-sharing-button-js td-social-network td-social-whatsapp\" href=\"https:\/\/api.whatsapp.com\/send?text=Efect+de+bumerang%21+Prim%C4%83ria+Giroc+se+preg%C4%83te%C8%99te+s%C4%83+pl%C4%83teasc%C4%83+desp%C4%83gubiri+de+milioane+de+euro%2C+%C3%AEn+cazul+unor+abuzuri+imobiliare%2C+f%C4%83r%C4%83+precedent%20%0A%0A%20https:\/\/voceatimisului.ro\/efect-de-bumerang-primaria-giroc-se-pregateste-sa-plateasca-despagubiri-de-milioane-de-euro-in-cazul-unor-abuzuri-imobiliare-fara-precedent\/\" title=\"WhatsApp\" rel=\"noopener\"><\/p>\n<div class=\"td-social-but-text\">WhatsApp<\/div>\n<p><\/a><a class=\"td-social-sharing-button td-social-sharing-button-js td-social-network td-social-linkedin\" href=\"https:\/\/www.linkedin.com\/shareArticle?mini=true&amp;url=https:\/\/voceatimisului.ro\/efect-de-bumerang-primaria-giroc-se-pregateste-sa-plateasca-despagubiri-de-milioane-de-euro-in-cazul-unor-abuzuri-imobiliare-fara-precedent\/&amp;title=Efect+de+bumerang%21+Prim%C4%83ria+Giroc+se+preg%C4%83te%C8%99te+s%C4%83+pl%C4%83teasc%C4%83+desp%C4%83gubiri+de+milioane+de+euro%2C+%C3%AEn+cazul+unor+abuzuri+imobiliare%2C+f%C4%83r%C4%83+precedent\" title=\"Linkedin\" rel=\"noopener\"><\/p>\n<div class=\"td-social-but-text\">Linkedin<\/div>\n<p><\/a><a class=\"td-social-sharing-button td-social-sharing-button-js td-social-network td-social-copy_url\" href=\"https:\/\/voceatimisului.ro\/efect-de-bumerang-primaria-giroc-se-pregateste-sa-plateasca-despagubiri-de-milioane-de-euro-in-cazul-unor-abuzuri-imobiliare-fara-precedent\/\" title=\"Copy URL\" rel=\"noopener\"><\/p>\n<div class=\"td-social-but-text\">Copy URL<\/div>\n<p><\/a><\/div>\n<\/div>\n<\/div>\n<div class=\"td_block_wrap tdb_single_next_prev tdi_90 td-animation-stack td-next-prev-img-on td-pb-border-top td_block_template_1\" data-td-block-uid=\"tdi_90\">\n<div class=\"tdb-block-inner td-fix-index\">\n<div class=\"tdb-next-post tdb-next-post-bg tdb-post-prev\"><span>Articolul precedent<\/span><\/p>\n<div class=\"td-module-container\">\n<div class=\"td-image-container\"><a class=\"td-image-wrap\" href=\"https:\/\/voceatimisului.ro\/prosteala-o-familie-de-romani-din-italia-face-eforturi-disperate-ca-sa-si-recupereze-fiica-din-bratele-pardalienilor-de-teama-ca-va-ajunge-sa-se-prostitueze\/\"><img loading=\"lazy\" decoding=\"async\" class=\"td-next-prev-image td-fix-index td-lazy-img\" title=\"Prosteal\u0103! O familie de rom\u00e2ni din Italia face eforturi disperate, ca s\u0103-\u0219i recupereze fiica din bra\u021bele Pardalienilor, de team\u0103 c\u0103 va ajunge s\u0103 se prostitueze\" width=\"696\" height=\"868\" src=\"https:\/\/analyse.optim.biz\/wp-content\/uploads\/2026\/01\/o-familie-de-romani-din-italia-face-eforturi-disperate-ca-sa-si-recupereze-fiica-din-bratele-pardalienilor4-696x868-1.jpg\"><\/a><\/div>\n<div class=\"next-prev-title\"><a href=\"https:\/\/voceatimisului.ro\/prosteala-o-familie-de-romani-din-italia-face-eforturi-disperate-ca-sa-si-recupereze-fiica-din-bratele-pardalienilor-de-teama-ca-va-ajunge-sa-se-prostitueze\/\">Prosteal\u0103! O familie de rom\u00e2ni din Italia face eforturi disperate, ca s\u0103-\u0219i recupereze fiica din bra\u021bele Pardalienilor, de team\u0103 c\u0103 va ajunge s\u0103 se prostitueze<\/a><\/div>\n<\/div>\n<\/div>\n<div class=\"tdb-next-post tdb-next-post-bg tdb-post-next\"><span>Articolul urm\u0103tor<\/span><\/p>\n<div class=\"td-module-container\">\n<div class=\"td-image-container\"><a class=\"td-image-wrap\" href=\"https:\/\/voceatimisului.ro\/flight-festival-revine-in-forta-la-timisoara\/\"><img loading=\"lazy\" decoding=\"async\" class=\"td-next-prev-image td-fix-index td-lazy-img\" title=\"FLIGHT FESTIVAL revine \u00een for\u021b\u0103 la Timi\u0219oara\" width=\"696\" height=\"364\" src=\"https:\/\/analyse.optim.biz\/wp-content\/uploads\/2026\/01\/flight-festival-696x364-1.jpg\"><\/a><\/div>\n<div class=\"next-prev-title\"><a href=\"https:\/\/voceatimisului.ro\/flight-festival-revine-in-forta-la-timisoara\/\">FLIGHT FESTIVAL revine \u00een for\u021b\u0103 la Timi\u0219oara<\/a><\/div>\n<\/div>\n<\/div>\n<\/div>\n<\/div>\n<\/div>\n<\/div>\n<\/div>\n<\/div>\n<div class=\"vc_row_inner tdi_100  vc_row vc_inner wpb_row td-pb-row\">\n<div class=\"vc_column_inner tdi_102  wpb_column vc_column_container tdc-inner-column td-pb-span4 td-is-sticky\">\n<div class=\"vc_column-inner\">\n<div class=\"wpb_wrapper\" data-sticky-enabled-on=\"W3RydWUsdHJ1ZSx0cnVlLHRydWVd\" data-sticky-offset=\"20\" data-sticky-is-width-auto=\"W2ZhbHNlLGZhbHNlLGZhbHNlLGZhbHNlXQ==\">\n<div class=\"td_block_wrap tdb_single_related tdi_103 td_with_ajax_pagination td-pb-border-top td_block_template_1 tdb-single-related-posts\" data-td-block-uid=\"tdi_103\">\n<div id=\"tdi_103\" class=\"td_block_inner tdb-block-inner td-fix-index\">\n<div class=\"tdb_module_related td_module_wrap td-animation-stack td-meta-info-hide\">\n<div class=\"td-module-container td-category-pos-image\">\n<div class=\"td-module-meta-info\">\n<h3 class=\"entry-title td-module-title\"><a href=\"https:\/\/voceatimisului.ro\/deparazitare-la-giroc-si-chisoda-pe-14-iulie-acces-interzis-temporar-in-parcuri-si-locuri-de-joaca\/\" rel=\"bookmark\" title=\"Deparazitare la Giroc \u0219i Chi\u0219oda pe 14 iulie. Acces interzis temporar \u00een parcuri \u0219i locuri de joac\u0103\">Deparazitare la Giroc \u0219i Chi\u0219oda pe 14 iulie. Acces interzis temporar \u00een parcuri \u0219i locuri de joac\u0103<\/a><\/h3>\n<\/div>\n<\/div>\n<\/div>\n<div class=\"tdb_module_related td_module_wrap td-animation-stack td-meta-info-hide\">\n<div class=\"td-module-container td-category-pos-image\">\n<div class=\"td-module-meta-info\">\n<h3 class=\"entry-title td-module-title\"><a href=\"https:\/\/voceatimisului.ro\/furt-din-banii-europeni-in-numele-educatiei-functionare-de-la-universitatea-politehnica-timisoara-trimise-in-judecata-de-dna\/\" rel=\"bookmark\" title=\"Furt din banii europeni, \u00een numele educa\u021biei: func\u021bionare de la Universitatea Politehnica Timi\u0219oara, trimise \u00een judecat\u0103 de DNA\">Furt din banii europeni, \u00een numele educa\u021biei: func\u021bionare de la Universitatea Politehnica Timi\u0219oara, trimise \u00een judecat\u0103 de DNA<\/a><\/h3>\n<\/div>\n<\/div>\n<\/div>\n<div class=\"tdb_module_related td_module_wrap td-animation-stack td-meta-info-hide\">\n<div class=\"td-module-container td-category-pos-image\">\n<div class=\"td-module-meta-info\">\n<h3 class=\"entry-title td-module-title\"><a href=\"https:\/\/voceatimisului.ro\/zece-inspectori-isctr-timisoara-retinuti-de-dna-pentru-luare-de-mita-in-forma-continuata\/\" rel=\"bookmark\" title=\"Zece inspectori ISCTR Timi\u0219oara, re\u021binu\u021bi de DNA pentru luare de mit\u0103 \u00een form\u0103 continuat\u0103\">Zece inspectori ISCTR Timi\u0219oara, re\u021binu\u021bi de DNA pentru luare de mit\u0103 \u00een form\u0103 continuat\u0103<\/a><\/h3>\n<\/div>\n<\/div>\n<\/div>\n<\/div>\n<\/div>\n<\/div>\n<\/div>\n<\/div>\n<div class=\"vc_column_inner tdi_105  wpb_column vc_column_container tdc-inner-column td-pb-span8\">\n<div class=\"vc_column-inner\">\n<div class=\"wpb_wrapper\">\n<div class=\"td_block_wrap tdb_single_comments tdi_106 tdb-comm-layout2 td-pb-border-top td_block_template_2\" data-td-block-uid=\"tdi_106\">\n<div class=\"tdb-block-inner td-fix-index\">\n<div class=\"comments\" id=\"comments\">\n<div class=\"td-comments-title-wrap td_block_template_2\">\n<h4 class=\"td-comments-title td-block-title\"><span>1 COMENTARIU<\/span><\/h4>\n<\/div>\n<ol class=\"comment-list\">\n<li class=\"comment \" id=\"comment-27805\">\n<article>\n<footer><cite><a href=\"https:\/\/bmj.ro\/\" class=\"url\" rel=\"ugc external nofollow\">bmj.ro<\/a><\/cite><a class=\"comment-link\" href=\"https:\/\/voceatimisului.ro\/efect-de-bumerang-primaria-giroc-se-pregateste-sa-plateasca-despagubiri-de-milioane-de-euro-in-cazul-unor-abuzuri-imobiliare-fara-precedent\/#comment-27805\"><time><br \/>\n\t\t\t\t\t\t    21 martie 2024\t\t\t\t\t\t    La\t\t\t\t\t\t    9:07 AM<\/time><\/a><\/footer>\n<div class=\"comment-content\">\n<p>Incet, dar sigur, Primaria Giroc se va duce de rapa. Ce sa iti mai zici cand proiectele intocmite de un Compartiment de Urbanism, raport de specialitate, si consilierii locali votati in unanimitate duc la un dezastru asupra comunitatii? Pare greu de crezut, dar e un haos absolut si parca tot orasul se afla intr-un cosmar. Nu pot sa imi imaginez cata groaza si soc au trait locuitorii de cand se stiu cu o astfel de problema care ar fi putut fi evitata. Dar, sper ca aceasta ultima decizie a primariei de a renunta la apelul impotriva Sentintei Civile nr. 831 din anul 2023 sa fie un pas inainte pentru a rezolva situatia si a face bine comunitatii. Cu atat mai mult cu cat chiar autoritatile locale au fost cei care au creat aceasta situatie urata prin jocuri politice si slaba pregatire profesionala. Momentul deisgnarii a fost deja acel prim pas gresit, iar acum avem de suferit toti. Sper ca macar acum sa se gaseasca o solutie viabila pentru toti si sa se ia in considerare interesul comunitatii mai presus de interese personale si politice.<\/p>\n<\/div>\n<div class=\"comment-meta\" id=\"comment-27805\"><a rel=\"nofollow\" class=\"comment-reply-link\" href=\"https:\/\/voceatimisului.ro\/efect-de-bumerang-primaria-giroc-se-pregateste-sa-plateasca-despagubiri-de-milioane-de-euro-in-cazul-unor-abuzuri-imobiliare-fara-precedent\/#comment-27805\" data-commentid=\"27805\" data-postid=\"161613\" data-belowelement=\"comment-27805\" data-respondelement=\"respond\" data-replyto=\"R\u0103spunde-i lui bmj.ro\" aria-label=\"R\u0103spunde-i lui bmj.ro\">R\u0103spunde\u021bi<\/a><\/div>\n<\/article>\n<\/li>\n<\/ol>\n<div id=\"respond\" class=\"comment-respond\">\n<h3 id=\"reply-title\" class=\"comment-reply-title\">L\u0102SA\u021aI UN MESAJ <small><a rel=\"nofollow\" id=\"cancel-comment-reply-link\" href=\"https:\/\/voceatimisului.ro\/efect-de-bumerang-primaria-giroc-se-pregateste-sa-plateasca-despagubiri-de-milioane-de-euro-in-cazul-unor-abuzuri-imobiliare-fara-precedent\/#respond\">Renun\u021ba\u021bi la r\u0103spuns<\/a><\/small><\/h3>\n<div class=\"comment-form-input-wrap td-form-comment\">\n<div class=\"td-warning-comment\">V\u0103 rug\u0103m s\u0103 introduce\u021bi comentariul dvs.!<\/div>\n<\/div>\n<div class=\"comment-form-input-wrap td-form-author\">\n<div class=\"td-warning-author\">Introduce\u021bi aici numele dvs.<\/div>\n<\/div>\n<div class=\"comment-form-input-wrap td-form-email\">\n<div class=\"td-warning-email-error\">A\u021bi introdus o adres\u0103 de e-mail incorect\u0103!<\/div>\n<div class=\"td-warning-email\">V\u0103 rug\u0103m s\u0103 introduce\u021bi adresa dvs. de e-mail aici<\/div>\n<\/div>\n<\/div>\n<\/div>\n<\/div>\n<\/div>\n<\/div>\n<\/div>\n<\/div>\n<\/div>\n<\/div>\n<\/div>\n<div class=\"vc_column tdi_108  wpb_column vc_column_container tdc-column td-pb-span4 td-is-sticky\">\n<div class=\"wpb_wrapper\" data-sticky-enabled-on=\"W3RydWUsdHJ1ZSx0cnVlLHRydWVd\" data-sticky-offset=\"20\" data-sticky-is-width-auto=\"W2ZhbHNlLGZhbHNlLGZhbHNlLGZhbHNlXQ==\">\n<div class=\"vc_row_inner tdi_110  vc_row vc_inner wpb_row td-pb-row\">\n<div class=\"vc_column_inner tdi_112  wpb_column vc_column_container tdc-inner-column td-pb-span12\">\n<div class=\"vc_column-inner\">\n<div class=\"wpb_wrapper\">\n<div class=\"td_block_wrap td_block_title tdi_113 td-pb-border-top td_block_template_11 td-fix-index\" data-td-block-uid=\"tdi_113\">\n<div class=\"td-block-title-wrap\">\n<h4 class=\"td-block-title\"><span class=\"td-pulldown-size\">ANUN\u021aURI \u0218I PUBLICITATE<\/span><\/h4>\n<\/div>\n<\/div>\n<\/div>\n<\/div>\n<\/div>\n<\/div>\n<div class=\"wpb_wrapper td_block_wrap vc_widget_sidebar tdi_115 \">\n<aside id=\"block-10\" class=\"td_block_template_1 widget block-10 widget_block widget_media_image\">\n<figure class=\"wp-block-image size-full\"><a href=\"https:\/\/adpghiroda.ro\/index.html\" target=\"_blank\" rel=\" noreferrer noopener\"><img decoding=\"async\" loading=\"lazy\" width=\"960\" height=\"960\" src=\"https:\/\/analyse.optim.biz\/wp-content\/uploads\/2026\/01\/adp-ghiroda2-223.jpg\" class=\"wp-image-171492\" title=\"adp-ghiroda2-223\"><\/a><\/figure>\n<\/aside>\n<aside id=\"block-11\" class=\"td_block_template_1 widget block-11 widget_block widget_media_image\">\n<figure class=\"wp-block-image size-full\"><a href=\"https:\/\/adpghiroda.ro\/index.html\" target=\"_blank\" rel=\" noreferrer noopener\"><img decoding=\"async\" loading=\"lazy\" width=\"960\" height=\"960\" src=\"https:\/\/analyse.optim.biz\/wp-content\/uploads\/2026\/01\/adp-ghiroda1-223.jpg\" class=\"wp-image-171491\" title=\"adp-ghiroda1-223\"><\/a><\/figure>\n<\/aside>\n<aside id=\"block-17\" class=\"td_block_template_1 widget block-17 widget_block widget_media_image\">\n<figure class=\"wp-block-image size-large is-resized\"><a href=\"https:\/\/verde.events\/\" target=\"_blank\" rel=\" noreferrer noopener\"><img decoding=\"async\" loading=\"lazy\" width=\"1024\" height=\"683\" src=\"https:\/\/analyse.optim.biz\/wp-content\/uploads\/2026\/01\/verde-events-24-1024x683-1-208.jpg\" alt=\"Verde Events\" class=\"wp-image-174395\" title=\"verde-events-24-1024x683-1-208\"><\/a><figcaption class=\"wp-element-caption\"><strong><em>O experien\u021b\u0103 unic\u0103 pentru orice tip de eveniment<\/em><\/strong><\/figcaption><\/figure>\n<\/aside>\n<\/div>\n<div class=\"td_block_wrap td_flex_block_1 tdi_121 td-pb-border-top td_block_template_1 td_ajax_preloading_preload td_flex_block\" data-td-block-uid=\"tdi_121\">\n<div id=\"tdi_121\" class=\"td_block_inner td-mc1-wrap\">\n<div class=\"td_module_flex td_module_flex_1 td_module_wrap td-animation-stack td-meta-info-hide td-cpt-post\">\n<div class=\"td-module-container td-category-pos-image\">\n<div class=\"td-module-meta-info\">\n<h3 class=\"entry-title td-module-title\"><a href=\"https:\/\/voceatimisului.ro\/in-memoriam-ionel-lucian-sipos-girocul-celebreaza-dansul-popular-la-a-v-a-editie-a-festivalului-care-i-poarta-numele\/\" rel=\"bookmark\" title=\"\u00cen memoriam Ionel Lucian \u0218ipo\u0219: Girocul celebreaz\u0103 dansul popular la a V-a edi\u021bie a festivalului care-i poart\u0103 numele\">\u00cen memoriam Ionel Lucian \u0218ipo\u0219: Girocul celebreaz\u0103 dansul popular la a V-a edi\u021bie a festivalului care-i poart\u0103 numele<\/a><\/h3>\n<\/div>\n<\/div>\n<\/div>\n<div class=\"td_module_flex td_module_flex_1 td_module_wrap td-animation-stack td-meta-info-hide td-cpt-post\">\n<div class=\"td-module-container td-category-pos-image\">\n<div class=\"td-module-meta-info\">\n<h3 class=\"entry-title td-module-title\"><a href=\"https:\/\/voceatimisului.ro\/a-inceput-primul-recensamant-online-al-cainilor-cu-stapan-din-comuna-giroc\/\" rel=\"bookmark\" title=\"A \u00eenceput primul recens\u0103m\u00e2nt online al c\u00e2inilor cu st\u0103p\u00e2n din Comuna Giroc\">A \u00eenceput primul recens\u0103m\u00e2nt online al c\u00e2inilor cu st\u0103p\u00e2n din Comuna Giroc<\/a><\/h3>\n<\/div>\n<\/div>\n<\/div>\n<div class=\"td_module_flex td_module_flex_1 td_module_wrap td-animation-stack td-meta-info-hide td-cpt-post\">\n<div class=\"td-module-container td-category-pos-image\">\n<div class=\"td-module-meta-info\">\n<h3 class=\"entry-title td-module-title\"><a href=\"https:\/\/voceatimisului.ro\/gradinita-noua-in-giroc-investitie-de-peste-26-de-milioane-de-lei-pentru-viitorul-copiilor\/\" rel=\"bookmark\" title=\"Gr\u0103dini\u021b\u0103 nou\u0103 \u00een Giroc: investi\u021bie de peste 26 de milioane de lei pentru viitorul copiilor\">Gr\u0103dini\u021b\u0103 nou\u0103 \u00een Giroc: investi\u021bie de peste 26 de milioane de lei pentru viitorul copiilor<\/a><\/h3>\n<\/div>\n<\/div>\n<\/div>\n<div class=\"td_module_flex td_module_flex_1 td_module_wrap td-animation-stack td-meta-info-hide td-cpt-post\">\n<div class=\"td-module-container td-category-pos-image\">\n<div class=\"td-module-meta-info\">\n<h3 class=\"entry-title td-module-title\"><a href=\"https:\/\/voceatimisului.ro\/complexul-sportiv-multifunctional-timis-4-all-mai-aproape-de-realitate-studiul-de-fezabilitate-scos-la-licitatie\/\" rel=\"bookmark\" title=\"Complexul Sportiv Multifunc\u021bional \u201eTimi\u0219 4 All\u201d, mai aproape de realitate: Studiul de fezabilitate, scos la licita\u021bie\">Complexul Sportiv Multifunc\u021bional \u201eTimi\u0219 4 All\u201d, mai aproape de realitate: Studiul de fezabilitate, scos la licita\u021bie<\/a><\/h3>\n<\/div>\n<\/div>\n<\/div>\n<div class=\"td_module_flex td_module_flex_1 td_module_wrap td-animation-stack td-meta-info-hide td-cpt-post\">\n<div class=\"td-module-container td-category-pos-image\">\n<div class=\"td-module-meta-info\">\n<h3 class=\"entry-title td-module-title\"><a href=\"https:\/\/voceatimisului.ro\/retim-cum-ne-obliga-sa-sortam-gunoiul-dar-il-arunca-la-gramada-jaful-care-miroase-urat-in-timisoara\/\" rel=\"bookmark\" title=\"RETIM: Cum ne oblig\u0103 s\u0103 sort\u0103m gunoiul, dar \u00eel arunc\u0103 la gr\u0103mad\u0103. Jaful care miroase ur\u00e2t \u00een Timi\u0219oara\">RETIM: Cum ne oblig\u0103 s\u0103 sort\u0103m gunoiul, dar \u00eel arunc\u0103 la gr\u0103mad\u0103. Jaful care miroase ur\u00e2t \u00een Timi\u0219oara<\/a><\/h3>\n<\/div>\n<\/div>\n<\/div>\n<\/div>\n<\/div>\n<\/div>\n<\/div>\n<\/div>\n<\/div>\n<\/div>\n<\/div>\n<p><span class=\"td-page-meta\"><\/span><span class=\"td-page-meta\"><span class=\"td-page-meta\"><\/span><\/span><span class=\"td-page-meta\"><\/span><\/article>\n<p> Source URL: https:\/\/voceatimisului.ro\/efect-de-bumerang-primaria-giroc-se-pregateste-sa-plateasca-despagubiri-de-milioane-de-euro-in-cazul-unor-abuzuri-imobiliare-fara-precedent\/<\/p>\n","protected":false},"excerpt":{"rendered":"<p>Investiga\u021bii\u0218tiri Efect de bumerang! Prim\u0103ria Giroc se preg\u0103te\u0219te s\u0103 pl\u0103teasc\u0103 desp\u0103gubiri de milioane de euro, \u00een cazul unor abuzuri imobiliare, f\u0103r\u0103 precedent Autor-Tiberiu Kiss 17 februarie 2024 1 14557 Facebook Twitter Pinterest WhatsApp Linkedin Copy URL Dan Virtosu T\u00e2rgul de Cr\u0103ciun Giroc 2025, arti\u0219ti cunoscu\u021bi \u00een programul spectacolelor gratuite T\u00e2rg caritabil la GPP Giroc pentru [&hellip;]<\/p>\n","protected":false},"author":1,"featured_media":1335675,"comment_status":"open","ping_status":"","sticky":false,"template":"","format":"standard","meta":{"footnotes":""},"categories":[89],"tags":[199],"class_list":["post-1335671","post","type-post","status-publish","format-standard","has-post-thumbnail","hentry","category-romania","tag-voceatimisului-ro"],"_links":{"self":[{"href":"https:\/\/analyse.optim.biz\/index.php?rest_route=\/wp\/v2\/posts\/1335671","targetHints":{"allow":["GET"]}}],"collection":[{"href":"https:\/\/analyse.optim.biz\/index.php?rest_route=\/wp\/v2\/posts"}],"about":[{"href":"https:\/\/analyse.optim.biz\/index.php?rest_route=\/wp\/v2\/types\/post"}],"author":[{"embeddable":true,"href":"https:\/\/analyse.optim.biz\/index.php?rest_route=\/wp\/v2\/users\/1"}],"replies":[{"embeddable":true,"href":"https:\/\/analyse.optim.biz\/index.php?rest_route=%2Fwp%2Fv2%2Fcomments&post=1335671"}],"version-history":[{"count":0,"href":"https:\/\/analyse.optim.biz\/index.php?rest_route=\/wp\/v2\/posts\/1335671\/revisions"}],"wp:featuredmedia":[{"embeddable":true,"href":"https:\/\/analyse.optim.biz\/index.php?rest_route=\/wp\/v2\/media\/1335675"}],"wp:attachment":[{"href":"https:\/\/analyse.optim.biz\/index.php?rest_route=%2Fwp%2Fv2%2Fmedia&parent=1335671"}],"wp:term":[{"taxonomy":"category","embeddable":true,"href":"https:\/\/analyse.optim.biz\/index.php?rest_route=%2Fwp%2Fv2%2Fcategories&post=1335671"},{"taxonomy":"post_tag","embeddable":true,"href":"https:\/\/analyse.optim.biz\/index.php?rest_route=%2Fwp%2Fv2%2Ftags&post=1335671"}],"curies":[{"name":"wp","href":"https:\/\/api.w.org\/{rel}","templated":true}]}}