{"id":1335583,"date":"2025-04-27T03:14:21","date_gmt":"2025-04-27T00:14:21","guid":{"rendered":"https:\/\/analyse.optim.biz\/?p=1335583"},"modified":"2025-04-27T03:14:21","modified_gmt":"2025-04-27T00:14:21","slug":"retim-cum-ne-obliga-sa-sortam-gunoiul-dar-il-arunca-la-gramada-jaful-care-miroase-urat-in-timisoara","status":"publish","type":"post","link":"https:\/\/analyse.optim.biz\/?p=1335583","title":{"rendered":"RETIM: Cum ne oblig\u0103 s\u0103 sort\u0103m gunoiul, dar \u00eel arunc\u0103 la gr\u0103mad\u0103. Jaful care miroase ur\u00e2t \u00een Timi\u0219oara"},"content":{"rendered":"<article id=\"template-id-172790\" class=\"post-172790 tdb_templates type-tdb_templates status-publish post\">\n<div id=\"tdi_52\" class=\"tdc-zone\">\n<div class=\"tdc_zone tdi_53  wpb_row td-pb-row\">\n<div id=\"tdi_54\" class=\"tdc-row stretch_row_1400 td-stretch-content\">\n<div class=\"vc_row tdi_55  wpb_row td-pb-row tdc-element-style\">\n<div class=\"vc_column tdi_57  wpb_column vc_column_container tdc-column td-pb-span8\">\n<div class=\"wpb_wrapper\">\n<div class=\"td_block_wrap tdb_single_categories tdi_58 td-pb-border-top td_block_template_1 \" data-td-block-uid=\"tdi_58\">\n<div class=\"tdb-category td-fix-index\"><a class=\"tdb-entry-category\" href=\"https:\/\/voceatimisului.ro\/category\/investigatii-stiri\/\">Investiga\u021bii<\/a><a class=\"tdb-entry-category\" href=\"https:\/\/voceatimisului.ro\/category\/stiri-din-timisoara-si-timis\/\">\u0218tiri<\/a><\/div>\n<\/div>\n<div class=\"td_block_wrap tdb_title tdi_59 tdb-single-title td-pb-border-top td_block_template_1\" data-td-block-uid=\"tdi_59\">\n<div class=\"tdb-block-inner td-fix-index\">\n<h1 class=\"tdb-title-text\">RETIM: Cum ne oblig\u0103 s\u0103 sort\u0103m gunoiul, dar \u00eel arunc\u0103 la gr\u0103mad\u0103. Jaful care miroase ur\u00e2t \u00een Timi\u0219oara<\/h1>\n<\/div>\n<\/div>\n<div class=\"vc_row_inner tdi_62  vc_row vc_inner wpb_row td-pb-row\">\n<div class=\"vc_column_inner tdi_64  wpb_column vc_column_container tdc-inner-column td-pb-span6\">\n<div class=\"vc_column-inner\">\n<div class=\"wpb_wrapper\">\n<div class=\"td_block_wrap tdb_single_author tdi_65 td-pb-border-top td_block_template_1 tdb-post-meta\" data-td-block-uid=\"tdi_65\">\n<div class=\"tdb-block-inner td-fix-index\">\n<div class=\"tdb-author-name-wrap\"><span class=\"tdb-author-by\">Autor-<\/span><a class=\"tdb-author-name\" href=\"https:\/\/voceatimisului.ro\/author\/cataadmin\/\">Radu Constantin<\/a><\/div>\n<\/div>\n<\/div>\n<div class=\"td_block_wrap tdb_single_date tdi_66 td-pb-border-top td_block_template_1 tdb-post-meta\" data-td-block-uid=\"tdi_66\">\n<div class=\"tdb-block-inner td-fix-index\"><time class=\"entry-date updated td-module-date\" datetime=\"2025-04-27T06:14:21+03:00\">27 aprilie 2025<\/time><\/div>\n<\/div>\n<div class=\"td_block_wrap tdb_single_comments_count tdi_67 td-pb-border-top td_block_template_1 tdb-post-meta\" data-td-block-uid=\"tdi_67\">\n<div class=\"tdb-block-inner td-fix-index\"><a href=\"https:\/\/voceatimisului.ro\/retim-cum-ne-obliga-sa-sortam-gunoiul-dar-il-arunca-la-gramada-jaful-care-miroase-urat-in-timisoara\/#comments\"><span>1<\/span><\/a><\/div>\n<\/div>\n<div class=\"td_block_wrap tdb_single_post_views tdi_68 td-pb-border-top td_block_template_1 tdb-post-meta\" data-td-block-uid=\"tdi_68\">\n<div class=\"tdb-block-inner td-fix-index\"><span class=\"tdb-add-text\">1<\/span><span class=\"td-nr-views-171992\">2953<\/span><\/div>\n<\/div>\n<\/div>\n<\/div>\n<\/div>\n<div class=\"vc_column_inner tdi_70  wpb_column vc_column_container tdc-inner-column td-pb-span6\">\n<div class=\"vc_column-inner\">\n<div class=\"wpb_wrapper\">\n<div class=\"td_block_wrap tdb_single_post_share tdi_71  td-pb-border-top td_block_template_1\" data-td-block-uid=\"tdi_71\">\n<div id=\"tdi_71\" class=\"td-post-sharing tdb-block td-ps-bg td-ps-notext td-post-sharing-style1 \">\n<div class=\"td-post-sharing-visible\"><a class=\"td-social-sharing-button td-social-sharing-button-js td-social-network td-social-facebook\" href=\"https:\/\/www.facebook.com\/sharer.php?u=https%3A%2F%2Fvoceatimisului.ro%2Fretim-cum-ne-obliga-sa-sortam-gunoiul-dar-il-arunca-la-gramada-jaful-care-miroase-urat-in-timisoara%2F\" title=\"Facebook\" rel=\"noopener\"><\/p>\n<div class=\"td-social-but-text\">Facebook<\/div>\n<p><\/a><a class=\"td-social-sharing-button td-social-sharing-button-js td-social-network td-social-twitter\" href=\"https:\/\/twitter.com\/intent\/tweet?text=RETIM%3A+Cum+ne+oblig%C4%83+s%C4%83+sort%C4%83m+gunoiul%2C+dar+%C3%AEl+arunc%C4%83+la+gr%C4%83mad%C4%83.+Jaful+care+miroase+ur%C3%A2t+%C3%AEn+Timi%C8%99oara&amp;url=https%3A%2F%2Fvoceatimisului.ro%2Fretim-cum-ne-obliga-sa-sortam-gunoiul-dar-il-arunca-la-gramada-jaful-care-miroase-urat-in-timisoara%2F&amp;via=Vocea+Timisului\" title=\"Twitter\" rel=\"noopener\"><\/p>\n<div class=\"td-social-but-text\">Twitter<\/div>\n<p><\/a><a class=\"td-social-sharing-button td-social-sharing-button-js td-social-network td-social-pinterest\" href=\"https:\/\/pinterest.com\/pin\/create\/button\/?url=https:\/\/voceatimisului.ro\/retim-cum-ne-obliga-sa-sortam-gunoiul-dar-il-arunca-la-gramada-jaful-care-miroase-urat-in-timisoara\/&amp;media=https:\/\/analyse.optim.biz\/wp-content\/uploads\/2026\/01\/10-10-2024-autovehicul-supraincarcat-cu-deseuri-amestecate-rezidual-si-reciclabil-rasturnat-pe-sosea-la-iesirea-din-timisoara-in-drum-spre-groapa-de-depozitare-a-deseurilor-de-la-ghizela-6.jpg&amp;description=RETIM%3A+Cum+ne+oblig%C4%83+s%C4%83+sort%C4%83m+gunoiul%2C+dar+%C3%AEl+arunc%C4%83+la+gr%C4%83mad%C4%83.+Jaful+care+miroase+ur%C3%A2t+%C3%AEn+Timi%C8%99oara\" title=\"Pinterest\" rel=\"noopener\"><\/p>\n<div class=\"td-social-but-text\">Pinterest<\/div>\n<p><\/a><a class=\"td-social-sharing-button td-social-sharing-button-js td-social-network td-social-whatsapp\" href=\"https:\/\/api.whatsapp.com\/send?text=RETIM%3A+Cum+ne+oblig%C4%83+s%C4%83+sort%C4%83m+gunoiul%2C+dar+%C3%AEl+arunc%C4%83+la+gr%C4%83mad%C4%83.+Jaful+care+miroase+ur%C3%A2t+%C3%AEn+Timi%C8%99oara%20%0A%0A%20https:\/\/voceatimisului.ro\/retim-cum-ne-obliga-sa-sortam-gunoiul-dar-il-arunca-la-gramada-jaful-care-miroase-urat-in-timisoara\/\" title=\"WhatsApp\" rel=\"noopener\"><\/p>\n<div class=\"td-social-but-text\">WhatsApp<\/div>\n<p><\/a><a class=\"td-social-sharing-button td-social-sharing-button-js td-social-network td-social-linkedin\" href=\"https:\/\/www.linkedin.com\/shareArticle?mini=true&amp;url=https:\/\/voceatimisului.ro\/retim-cum-ne-obliga-sa-sortam-gunoiul-dar-il-arunca-la-gramada-jaful-care-miroase-urat-in-timisoara\/&amp;title=RETIM%3A+Cum+ne+oblig%C4%83+s%C4%83+sort%C4%83m+gunoiul%2C+dar+%C3%AEl+arunc%C4%83+la+gr%C4%83mad%C4%83.+Jaful+care+miroase+ur%C3%A2t+%C3%AEn+Timi%C8%99oara\" title=\"Linkedin\" rel=\"noopener\"><\/p>\n<div class=\"td-social-but-text\">Linkedin<\/div>\n<p><\/a><a class=\"td-social-sharing-button td-social-sharing-button-js td-social-network td-social-copy_url\" href=\"https:\/\/voceatimisului.ro\/retim-cum-ne-obliga-sa-sortam-gunoiul-dar-il-arunca-la-gramada-jaful-care-miroase-urat-in-timisoara\/\" title=\"Copy URL\" rel=\"noopener\"><\/p>\n<div class=\"td-social-but-text\">Copy URL<\/div>\n<p><\/a><\/div>\n<\/div>\n<\/div>\n<\/div>\n<\/div>\n<\/div>\n<\/div>\n<div class=\"td_block_wrap tdb_single_featured_image tdi_72 tdb-content-horiz-left td-pb-border-top td_block_template_1\" data-td-block-uid=\"tdi_72\">\n<div class=\"tdb-block-inner td-fix-index\"><img fetchpriority=\"high\" decoding=\"async\" width=\"696\" height=\"391\" class=\"entry-thumb\" src=\"https:\/\/analyse.optim.biz\/wp-content\/uploads\/2026\/01\/10-10-2024-autovehicul-supraincarcat-cu-deseuri-amestecate-rezidual-si-reciclabil-rasturnat-pe-sosea-la-iesirea-din-timisoara-in-drum-spre-groapa-de-depozitare-a-deseurilor-de-la-ghizela-6-696x391-1.jpg\" title=\"10.10.2024, Autovehicul supra\u00eencarcat cu deseuri amestecate, rezidual si reciclabil rasturnat pe sosea la iesirea din Timisoara \u00een drum spre groapa de depozitare a deseurilor de la Ghizela. 6\" loading=\"eager\"><\/div>\n<\/div>\n<div class=\"vc_row_inner tdi_74  vc_row vc_inner wpb_row td-pb-row\">\n<div class=\"vc_column_inner tdi_76  wpb_column vc_column_container tdc-inner-column td-pb-span4 td-is-sticky\">\n<div class=\"vc_column-inner\">\n<div class=\"wpb_wrapper\" data-sticky-enabled-on=\"W3RydWUsdHJ1ZSx0cnVlLHRydWVd\" data-sticky-offset=\"20\" data-sticky-is-width-auto=\"W2ZhbHNlLGZhbHNlLGZhbHNlLGZhbHNlXQ==\">\n<div class=\"td_block_wrap td_flex_block_1 tdi_77 td-pb-border-top td_block_template_1 td_ajax_preloading_preload td_flex_block\" data-td-block-uid=\"tdi_77\">\n<div id=\"tdi_77\" class=\"td_block_inner td-mc1-wrap\">\n<div class=\"td_module_flex td_module_flex_1 td_module_wrap td-animation-stack td-meta-info-hide td-cpt-post\">\n<div class=\"td-module-container td-category-pos-image\">\n<div class=\"td-module-meta-info\">\n<h3 class=\"entry-title td-module-title\"><a href=\"https:\/\/voceatimisului.ro\/directorul-care-chema-presa-la-politie-a-plecat-dan-pascu-nu-mai-conduce-retim\/\" rel=\"bookmark\" title=\"Directorul care chema presa la poli\u021bie a plecat. Dan Pascu nu mai conduce RETIM\">Directorul care chema presa la poli\u021bie a plecat. Dan Pascu nu mai conduce RETIM<\/a><\/h3>\n<\/div>\n<\/div>\n<\/div>\n<div class=\"td_module_flex td_module_flex_1 td_module_wrap td-animation-stack td-meta-info-hide td-cpt-post\">\n<div class=\"td-module-container td-category-pos-image\">\n<div class=\"td-module-meta-info\">\n<h3 class=\"entry-title td-module-title\"><a href=\"https:\/\/voceatimisului.ro\/retim-sfideaza-timisoara-utilajele-cjt-raman-sechestrate-legea-ramane-la-misto\/\" rel=\"bookmark\" title=\"Retim sfideaz\u0103 Timi\u0219oara, utilajele CJT r\u0103m\u00e2n sechestrate, legea r\u0103m\u00e2ne la mi\u0219to\">Retim sfideaz\u0103 Timi\u0219oara, utilajele CJT r\u0103m\u00e2n sechestrate, legea r\u0103m\u00e2ne la mi\u0219to<\/a><\/h3>\n<\/div>\n<\/div>\n<\/div>\n<div class=\"td_module_flex td_module_flex_1 td_module_wrap td-animation-stack td-meta-info-hide td-cpt-post\">\n<div class=\"td-module-container td-category-pos-image\">\n<div class=\"td-module-meta-info\">\n<h3 class=\"entry-title td-module-title\"><a href=\"https:\/\/voceatimisului.ro\/retim-sfideaza-legea-si-institutiile-din-timis-foloseste-echipamente-publice-fara-drept-si-blocheaza-accesul-la-informatii\/\" rel=\"bookmark\" title=\"RETIM sfideaz\u0103 legea \u0219i institu\u021biile din Timi\u0219, folose\u0219te echipamente publice f\u0103r\u0103 drept \u0219i blocheaz\u0103 accesul la informa\u021bii\">RETIM sfideaz\u0103 legea \u0219i institu\u021biile din Timi\u0219, folose\u0219te echipamente publice f\u0103r\u0103 drept \u0219i blocheaz\u0103 accesul la informa\u021bii<\/a><\/h3>\n<\/div>\n<\/div>\n<\/div>\n<div class=\"td_module_flex td_module_flex_1 td_module_wrap td-animation-stack td-meta-info-hide td-cpt-post\">\n<div class=\"td-module-container td-category-pos-image\">\n<div class=\"td-module-meta-info\">\n<h3 class=\"entry-title td-module-title\"><a href=\"https:\/\/voceatimisului.ro\/retim-arunca-oamenii-la-gunoi-apoi-pretinde-ca-i-a-transferat\/\" rel=\"bookmark\" title=\"RETIM arunc\u0103 oamenii la gunoi, apoi pretinde c\u0103 i-a \u201etransferat\u201d\">RETIM arunc\u0103 oamenii la gunoi, apoi pretinde c\u0103 i-a \u201etransferat\u201d<\/a><\/h3>\n<\/div>\n<\/div>\n<\/div>\n<\/div>\n<\/div>\n<div class=\"tdb-author-box td_block_wrap tdb_single_author_box tdi_82 tdb-content-vert-top td-pb-border-top td_block_template_1\" data-td-block-uid=\"tdi_82\">\n<div class=\"tdb-block-inner td-fix-index\">\n<div class=\"tdb-author-info\"><a href=\"https:\/\/voceatimisului.ro\/author\/cataadmin\/\" class=\"tdb-author-name\">Radu Constantin<\/a><a href=\"http:\/\/www.voceatimisului.ro\" rel=\"nofollow\" class=\"tdb-author-url\">http:\/\/www.voceatimisului.ro<\/a><\/p>\n<div class=\"tdb-author-descr\">\u00centreaga responsabilitate a comentariilor l\u0103sate de dumneavoastr\u0103 v\u0103 apar\u021bine!<br \/>\nClick <a href=\"https:\/\/voceatimisului.ro\/termeni-si-conditii\/\">aici<\/a>-citeste condi\u0163iile de utilizare ale site-ului www.voceatimisului.ro<\/div>\n<\/div>\n<\/div>\n<\/div>\n<\/div>\n<\/div>\n<\/div>\n<div class=\"vc_column_inner tdi_84  wpb_column vc_column_container tdc-inner-column td-pb-span8\">\n<div class=\"vc_column-inner\">\n<div class=\"wpb_wrapper\">\n<div class=\"td_block_wrap tdb_single_content tdi_85 td-pb-border-top td_block_template_1 td-post-content tagdiv-type\" data-td-block-uid=\"tdi_85\">\n<div class=\"tdb-block-inner td-fix-index\">\n<h5 class=\"wp-block-heading\">Timi\u0219orenii sunt \u00eencuraja\u021bi s\u0103 sorteze gunoiul acas\u0103, primesc amenin\u021b\u0103ri cu etichete ro\u0219ii \u0219i amenzi dac\u0103 nu respect\u0103 regulile, \u00een timp ce realitatea din culisele RETIM este revolt\u0103toare: \u00een sta\u021bia de sortare de la Colterm, de\u0219eurile sunt aruncate la gr\u0103mad\u0103 \u0219i trimise direct la groapa de gunoi.<\/h5>\n<p>Film\u0103rile ob\u021binute de Vocea Timi\u0219ului arat\u0103 cum sacii galbeni (destina\u021bi pentru plastic \u0219i carton) \u0219i sacii negri (pentru de\u0219euri menajere) sunt \u00eenc\u0103rca\u021bi amestecat \u00een camioane, f\u0103r\u0103 nicio opera\u021biune de sortare vizibil\u0103. Angaja\u021bii RETIM \u0219i ai sta\u021biei de sortare trateaz\u0103 de\u0219eurile ca pe un singur flux de gunoaie: totul amestecat, totul dus la Ghizela.<\/p>\n<p><a href=\"https:\/\/voceatimisului.ro\/retim-gunoaie-in-oras-si-reguli-staliniste-in-regulament-angajatii-interzisi-la-presa-filmari-si-cuvant\/\" target=\"_blank\" rel=\"noreferrer noopener\">Surse interne dezv\u0103luie c\u0103 angaja\u021bii sta\u021biei de sortare sunt obliga\u021bi s\u0103 tac\u0103. Cei care \u00eendr\u0103znesc s\u0103 vorbeasc\u0103 despre nereguli sunt amenin\u021ba\u021bi c\u0103 \u00ee\u0219i vor pierde locul de munc\u0103.<\/a><\/p>\n<h6 class=\"wp-block-heading\"><strong>Sortarea, doar pentru pro\u0219ti. Profitul, pentru RETIM.<\/strong><\/h6>\n<p>De ani de zile, RETIM factureaz\u0103 servicii de colectare separat\u0103 \u0219i sortare, percepe tarife majorate pentru reciclare, invoc\u0103 norme europene \u0219i se prezint\u0103 ca un campion al protec\u021biei mediului. Realitatea din teren arat\u0103 exact contrariul: \u00een loc de sortare real\u0103, avem un simulacru cinic, menit s\u0103 \u00eembog\u0103\u021beasc\u0103 operatorii pe spatele cet\u0103\u021benilor.<\/p>\n<p>RETIM are obliga\u021bia, prin contract, s\u0103 sorteze de\u0219eurile reciclabile. Nerespectarea acestei obliga\u021bii constituie nu doar o \u00eenc\u0103lcare a angajamentelor fa\u021b\u0103 de administra\u021bie \u0219i popula\u021bie, ci \u0219i o posibil\u0103 fapt\u0103 penal\u0103, av\u00e2nd \u00een vedere plata serviciilor neprestate.<\/p>\n<h6 class=\"wp-block-heading\"><strong>Ghizela, ultima oprire pentru minciun\u0103<\/strong><\/h6>\n<p>Camioanele care pleac\u0103 \u00eenc\u0103rcate din sta\u021bia de sortare duc de\u0219eurile direct la depozitul de la Ghizela, f\u0103r\u0103 ca reciclarea promis\u0103 s\u0103 existe vreodat\u0103. Aceast\u0103 realitate este mascat\u0103 prin rapoarte cosmetizate \u0219i statistici false, f\u0103cute pentru a satisface cerin\u021bele formale de raportare.<\/p>\n<h6 class=\"wp-block-heading\"><strong>DNA, sesizat oficial pentru falsuri \u0219i abuz<\/strong><\/h6>\n<p>\u00cen paralel cu ancheta noastr\u0103, Direc\u021bia Na\u021bional\u0103 Anticorup\u021bie a fost sesizat\u0103 printr-o pl\u00e2ngere penal\u0103 privind falsificarea documentelor oficiale, abuz \u00een serviciu \u0219i favorizarea unor interese private \u00een cadrul RETIM. Manipularea datelor despre sortare \u0219i reciclare face parte din tabloul larg al neregulilor investigate penal.<\/p>\n<h6 class=\"wp-block-heading\"><strong>Cine tace, cine protejeaz\u0103<\/strong><\/h6>\n<p>ADID Timi\u0219, institu\u021bia care ar trebui s\u0103 verifice activitatea de salubrizare, \u00eempreun\u0103 cu Consiliul Local Timi\u0219oara \u2013 ac\u021bionar 50% \u00een RETIM \u2013 aleg s\u0103 t\u0103inuiasc\u0103 aceste fraude. \u00cen loc s\u0103 protejeze cet\u0103\u021benii \u0219i mediul, practic\u0103 complicitate prin pasivitate.<\/p>\n<h6 class=\"wp-block-heading\"><strong>B\u0103taia de joc a G\u0103rzii de Mediu<\/strong><\/h6>\n<p>Dup\u0103 numeroase sesiz\u0103ri \u0219i imagini f\u0103cute publice, Garda de Mediu Timi\u0219 a aplicat o amend\u0103 RETIM \u00een valoare de doar 20.000 de lei, o sum\u0103 ridicol\u0103 raportat la gravitatea faptelor. O amend\u0103 minor\u0103, tratat\u0103 ca o simpl\u0103 tax\u0103 de func\u021bionare pentru operatorul de salubritate, care continu\u0103 s\u0103 opereze nestingherit. \u00cen loc s\u0103 apere mediul \u0219i s\u0103n\u0103tatea public\u0103, Garda de Mediu mimeaz\u0103 controlul, legitim\u00e2nd \u00een fapt neregulile.<\/p>\n<h6 class=\"wp-block-heading\"><strong>Scumpiri pentru servicii inexistente<\/strong><\/h6>\n<p>\u00cen timp ce sortarea este doar o pies\u0103 de teatru, RETIM a anun\u021bat major\u0103ri de tarife pentru colectarea \u0219i tratarea de\u0219eurilor \u00een Zona 1 a jude\u021bului Timi\u0219. De la 17 aprilie 2024, tarifele pentru popula\u021bia urban\u0103 au crescut de la 24,09 lei la 26,01 lei pe persoan\u0103 pe lun\u0103, iar pentru popula\u021bia rural\u0103 de la 9,49 lei la 9,60 lei. Agen\u021bii economici \u0219i institu\u021biile publice suport\u0103 cre\u0219teri semnificative ale tarifelor pentru de\u0219eurile reziduale \u0219i reciclabile.<\/p>\n<p>Motiva\u021bia oficial\u0103 invoc\u0103 investi\u021bii \u0219i repara\u021bii la Sta\u021bia de Sortare, \u00een timp ce realitatea demonstreaz\u0103 c\u0103 sortarea nu exist\u0103, iar investi\u021biile sunt invizibile. Timi\u0219orenii pl\u0103tesc mai mult pentru servicii simulate \u0219i pentru perpetuarea unui sistem corupt.<\/p>\n<h6 class=\"wp-block-heading\"><strong>Investi\u021bii fantom\u0103 \u0219i tarife ilegale. ADID \u0219i RETIM, sub lupa scandalului<\/strong><\/h6>\n<p>Din informa\u021biile transmise c\u0103tre ADID, reiese clar c\u0103 major\u0103rile de tarife sunt abuzive \u0219i ilegale. Investi\u021biile \u0219i repara\u021biile ar trebui finan\u021bate din fonduri proprii, nu din banii cet\u0103\u021benilor. Nu exist\u0103 documenta\u021bie public\u0103 clar\u0103 care s\u0103 justifice noile tarife, iar serviciul de sortare \u0219i tratare este o fic\u021biune: de\u0219eurile sunt amestecate \u0219i duse direct la groap\u0103.<\/p>\n<p><a href=\"https:\/\/voceatimisului.ro\/retim-afacerea-gunoaielor-de-aur-cum-s-au-scurs-milioane-spre-germania-pe-mana-consiliului-local\/\" target=\"_blank\" rel=\"noreferrer noopener\">\u00cen plus, RETIM este controlat indirect de o firm\u0103 offshore din Cipru (Kevil Enterprises Limited), iar conflictul de interese este evident<\/a>: pre\u0219edintele Consiliului de Administra\u021bie al RETIM este \u0219i director general al grupului RER. Timi\u0219orenii sunt astfel victimele unei re\u021bele de interese obscure, tolerate de administra\u021bia local\u0103 \u0219i jude\u021bean\u0103.<\/p>\n<h5 class=\"wp-block-heading\"><strong>Un ora\u0219 \u00een\u0219elat sistematic<\/strong><\/h5>\n<p>Timi\u0219orenii sorteaz\u0103 de ani de zile, \u00eencuraja\u021bi de campanii pl\u0103tite din bani publici. \u00cen realitate, tot gunoiul ajunge amestecat la groap\u0103, iar mediul este sacrificat pentru profitul unei companii care mimeaz\u0103 legalitatea.<\/p>\n<p><strong>Continu\u0103m s\u0103 expunem minciunile \u0219i corup\u021bia ascunse sub masca \u201esalubriz\u0103rii moderne\u201d.<\/strong><\/p>\n<figure class=\"wp-block-embed is-type-video is-provider-youtube wp-block-embed-youtube wp-embed-aspect-16-9 \">\n<div class=\"wp-block-embed__wrapper\"><span class=\"flying-press-youtube\" data-src=\"https:\/\/www.youtube.com\/embed\/t_vuMXGEboo?feature=oembed&amp;autoplay=1\"><img decoding=\"async\" src=\"https:\/\/analyse.optim.biz\/wp-content\/uploads\/2026\/01\/38707fe672573a5ec8d9d68b00a436cf.jpg\" width=\"1280\" height=\"720\" alt=\"RETIM: Cum ne oblig\u0103 s\u0103 sort\u0103m gunoiul, dar \u00eel arunc\u0103 la gr\u0103mad\u0103\" loading=\"lazy\" title=\"38707fe672573a5ec8d9d68b00a436cf\"><\/span><\/div>\n<\/figure>\n<figure class=\"wp-block-gallery has-nested-images columns-default is-cropped wp-block-gallery-1 is-layout-flex wp-block-gallery-is-layout-flex\">\n<div><a href=\"https:\/\/analyse.optim.biz\/wp-content\/uploads\/2026\/01\/jaful-care-miroase-urat-in-timisoara17-768x1024-1.jpg\" class=\"td-modal-image\"><\/p>\n<figure class=\"wp-block-image size-large\"><img decoding=\"async\" width=\"768\" height=\"1024\" data-id=\"172015\" src=\"https:\/\/analyse.optim.biz\/wp-content\/uploads\/2026\/01\/jaful-care-miroase-urat-in-timisoara17-768x1024-1.jpg\" alt=\"RETIM: Cum ne oblig\u0103 s\u0103 sort\u0103m gunoiul, dar \u00eel arunc\u0103 la gr\u0103mad\u0103. Jaful care miroase ur\u00e2t \u00een Timi\u0219oara\" class=\"wp-image-172015\" loading=\"lazy\" title=\"jaful-care-miroase-urat-in-timisoara17-768x1024-1\"><\/figure>\n<p><\/a><\/div>\n<div><a href=\"https:\/\/analyse.optim.biz\/wp-content\/uploads\/2026\/01\/jaful-care-miroase-urat-in-timisoara16-768x1024-1.jpg\" class=\"td-modal-image\"><\/p>\n<figure class=\"wp-block-image size-large\"><img decoding=\"async\" width=\"768\" height=\"1024\" data-id=\"172014\" src=\"https:\/\/analyse.optim.biz\/wp-content\/uploads\/2026\/01\/jaful-care-miroase-urat-in-timisoara16-768x1024-1.jpg\" alt=\"RETIM: Cum ne oblig\u0103 s\u0103 sort\u0103m gunoiul, dar \u00eel arunc\u0103 la gr\u0103mad\u0103. Jaful care miroase ur\u00e2t \u00een Timi\u0219oara\" class=\"wp-image-172014\" loading=\"lazy\" title=\"jaful-care-miroase-urat-in-timisoara16-768x1024-1\"><\/figure>\n<p><\/a><\/div>\n<div><a href=\"https:\/\/analyse.optim.biz\/wp-content\/uploads\/2026\/01\/jaful-care-miroase-urat-in-timisoara15-768x1024-1.jpg\" class=\"td-modal-image\"><\/p>\n<figure class=\"wp-block-image size-large\"><img decoding=\"async\" loading=\"lazy\" width=\"768\" height=\"1024\" data-id=\"172013\" src=\"https:\/\/analyse.optim.biz\/wp-content\/uploads\/2026\/01\/jaful-care-miroase-urat-in-timisoara15-768x1024-1.jpg\" alt=\"RETIM: Cum ne oblig\u0103 s\u0103 sort\u0103m gunoiul, dar \u00eel arunc\u0103 la gr\u0103mad\u0103. Jaful care miroase ur\u00e2t \u00een Timi\u0219oara\" class=\"wp-image-172013\" title=\"jaful-care-miroase-urat-in-timisoara15-768x1024-1\"><\/figure>\n<p><\/a><\/div>\n<div><a href=\"https:\/\/analyse.optim.biz\/wp-content\/uploads\/2026\/01\/jaful-care-miroase-urat-in-timisoara14-768x1024-1.jpg\" class=\"td-modal-image\"><\/p>\n<figure class=\"wp-block-image size-large\"><img decoding=\"async\" loading=\"lazy\" width=\"768\" height=\"1024\" data-id=\"172012\" src=\"https:\/\/analyse.optim.biz\/wp-content\/uploads\/2026\/01\/jaful-care-miroase-urat-in-timisoara14-768x1024-1.jpg\" alt=\"RETIM: Cum ne oblig\u0103 s\u0103 sort\u0103m gunoiul, dar \u00eel arunc\u0103 la gr\u0103mad\u0103. Jaful care miroase ur\u00e2t \u00een Timi\u0219oara\" class=\"wp-image-172012\" title=\"jaful-care-miroase-urat-in-timisoara14-768x1024-1\"><\/figure>\n<p><\/a><\/div>\n<div><a href=\"https:\/\/analyse.optim.biz\/wp-content\/uploads\/2026\/01\/jaful-care-miroase-urat-in-timisoara13-768x1024-1.jpg\" class=\"td-modal-image\"><\/p>\n<figure class=\"wp-block-image size-large\"><img decoding=\"async\" loading=\"lazy\" width=\"768\" height=\"1024\" data-id=\"172011\" src=\"https:\/\/analyse.optim.biz\/wp-content\/uploads\/2026\/01\/jaful-care-miroase-urat-in-timisoara13-768x1024-1.jpg\" alt=\"RETIM: Cum ne oblig\u0103 s\u0103 sort\u0103m gunoiul, dar \u00eel arunc\u0103 la gr\u0103mad\u0103. Jaful care miroase ur\u00e2t \u00een Timi\u0219oara\" class=\"wp-image-172011\" title=\"jaful-care-miroase-urat-in-timisoara13-768x1024-1\"><\/figure>\n<p><\/a><\/div>\n<div><a href=\"https:\/\/analyse.optim.biz\/wp-content\/uploads\/2026\/01\/jaful-care-miroase-urat-in-timisoara12-768x1024-1.jpg\" class=\"td-modal-image\"><\/p>\n<figure class=\"wp-block-image size-large\"><img decoding=\"async\" loading=\"lazy\" width=\"768\" height=\"1024\" data-id=\"172010\" src=\"https:\/\/analyse.optim.biz\/wp-content\/uploads\/2026\/01\/jaful-care-miroase-urat-in-timisoara12-768x1024-1.jpg\" alt=\"RETIM: Cum ne oblig\u0103 s\u0103 sort\u0103m gunoiul, dar \u00eel arunc\u0103 la gr\u0103mad\u0103. Jaful care miroase ur\u00e2t \u00een Timi\u0219oara\" class=\"wp-image-172010\" title=\"jaful-care-miroase-urat-in-timisoara12-768x1024-1\"><\/figure>\n<p><\/a><\/div>\n<div><a href=\"https:\/\/analyse.optim.biz\/wp-content\/uploads\/2026\/01\/jaful-care-miroase-urat-in-timisoara11-768x1024-1.jpg\" class=\"td-modal-image\"><\/p>\n<figure class=\"wp-block-image size-large\"><img decoding=\"async\" loading=\"lazy\" width=\"768\" height=\"1024\" data-id=\"172009\" src=\"https:\/\/analyse.optim.biz\/wp-content\/uploads\/2026\/01\/jaful-care-miroase-urat-in-timisoara11-768x1024-1.jpg\" alt=\"RETIM: Cum ne oblig\u0103 s\u0103 sort\u0103m gunoiul, dar \u00eel arunc\u0103 la gr\u0103mad\u0103. Jaful care miroase ur\u00e2t \u00een Timi\u0219oara\" class=\"wp-image-172009\" title=\"jaful-care-miroase-urat-in-timisoara11-768x1024-1\"><\/figure>\n<p><\/a><\/div>\n<div><a href=\"https:\/\/analyse.optim.biz\/wp-content\/uploads\/2026\/01\/jaful-care-miroase-urat-in-timisoara10-768x1024-1.jpg\" class=\"td-modal-image\"><\/p>\n<figure class=\"wp-block-image size-large\"><img decoding=\"async\" loading=\"lazy\" width=\"768\" height=\"1024\" data-id=\"172008\" src=\"https:\/\/analyse.optim.biz\/wp-content\/uploads\/2026\/01\/jaful-care-miroase-urat-in-timisoara10-768x1024-1.jpg\" alt=\"RETIM: Cum ne oblig\u0103 s\u0103 sort\u0103m gunoiul, dar \u00eel arunc\u0103 la gr\u0103mad\u0103. Jaful care miroase ur\u00e2t \u00een Timi\u0219oara\" class=\"wp-image-172008\" title=\"jaful-care-miroase-urat-in-timisoara10-768x1024-1\"><\/figure>\n<p><\/a><\/div>\n<div><a href=\"https:\/\/analyse.optim.biz\/wp-content\/uploads\/2026\/01\/jaful-care-miroase-urat-in-timisoara08-768x1024-1.jpg\" class=\"td-modal-image\"><\/p>\n<figure class=\"wp-block-image size-large\"><img decoding=\"async\" loading=\"lazy\" width=\"768\" height=\"1024\" data-id=\"172006\" src=\"https:\/\/analyse.optim.biz\/wp-content\/uploads\/2026\/01\/jaful-care-miroase-urat-in-timisoara08-768x1024-1.jpg\" alt=\"RETIM: Cum ne oblig\u0103 s\u0103 sort\u0103m gunoiul, dar \u00eel arunc\u0103 la gr\u0103mad\u0103. Jaful care miroase ur\u00e2t \u00een Timi\u0219oara\" class=\"wp-image-172006\" title=\"jaful-care-miroase-urat-in-timisoara08-768x1024-1\"><\/figure>\n<p><\/a><\/div>\n<div><a href=\"https:\/\/analyse.optim.biz\/wp-content\/uploads\/2026\/01\/jaful-care-miroase-urat-in-timisoara09-768x1024-1.jpg\" class=\"td-modal-image\"><\/p>\n<figure class=\"wp-block-image size-large\"><img decoding=\"async\" loading=\"lazy\" width=\"768\" height=\"1024\" data-id=\"172007\" src=\"https:\/\/analyse.optim.biz\/wp-content\/uploads\/2026\/01\/jaful-care-miroase-urat-in-timisoara09-768x1024-1.jpg\" alt=\"RETIM: Cum ne oblig\u0103 s\u0103 sort\u0103m gunoiul, dar \u00eel arunc\u0103 la gr\u0103mad\u0103. Jaful care miroase ur\u00e2t \u00een Timi\u0219oara\" class=\"wp-image-172007\" title=\"jaful-care-miroase-urat-in-timisoara09-768x1024-1\"><\/figure>\n<p><\/a><\/div>\n<div><a href=\"https:\/\/analyse.optim.biz\/wp-content\/uploads\/2026\/01\/jaful-care-miroase-urat-in-timisoara07-768x1024-1.jpg\" class=\"td-modal-image\"><\/p>\n<figure class=\"wp-block-image size-large\"><img decoding=\"async\" loading=\"lazy\" width=\"768\" height=\"1024\" data-id=\"172005\" src=\"https:\/\/analyse.optim.biz\/wp-content\/uploads\/2026\/01\/jaful-care-miroase-urat-in-timisoara07-768x1024-1.jpg\" alt=\"RETIM: Cum ne oblig\u0103 s\u0103 sort\u0103m gunoiul, dar \u00eel arunc\u0103 la gr\u0103mad\u0103. Jaful care miroase ur\u00e2t \u00een Timi\u0219oara\" class=\"wp-image-172005\" title=\"jaful-care-miroase-urat-in-timisoara07-768x1024-1\"><\/figure>\n<p><\/a><\/div>\n<div><a href=\"https:\/\/analyse.optim.biz\/wp-content\/uploads\/2026\/01\/jaful-care-miroase-urat-in-timisoara06-1024x768-1.jpg\" class=\"td-modal-image\"><\/p>\n<figure class=\"wp-block-image size-large\"><img decoding=\"async\" loading=\"lazy\" width=\"1024\" height=\"768\" data-id=\"172004\" src=\"https:\/\/analyse.optim.biz\/wp-content\/uploads\/2026\/01\/jaful-care-miroase-urat-in-timisoara06-1024x768-1.jpg\" alt=\"RETIM: Cum ne oblig\u0103 s\u0103 sort\u0103m gunoiul, dar \u00eel arunc\u0103 la gr\u0103mad\u0103. Jaful care miroase ur\u00e2t \u00een Timi\u0219oara\" class=\"wp-image-172004\" title=\"jaful-care-miroase-urat-in-timisoara06-1024x768-1\"><\/figure>\n<p><\/a><\/div>\n<div><a href=\"https:\/\/analyse.optim.biz\/wp-content\/uploads\/2026\/01\/jaful-care-miroase-urat-in-timisoara05-768x1024-1.jpg\" class=\"td-modal-image\"><\/p>\n<figure class=\"wp-block-image size-large\"><img decoding=\"async\" loading=\"lazy\" width=\"768\" height=\"1024\" data-id=\"172003\" src=\"https:\/\/analyse.optim.biz\/wp-content\/uploads\/2026\/01\/jaful-care-miroase-urat-in-timisoara05-768x1024-1.jpg\" alt=\"RETIM: Cum ne oblig\u0103 s\u0103 sort\u0103m gunoiul, dar \u00eel arunc\u0103 la gr\u0103mad\u0103. Jaful care miroase ur\u00e2t \u00een Timi\u0219oara\" class=\"wp-image-172003\" title=\"jaful-care-miroase-urat-in-timisoara05-768x1024-1\"><\/figure>\n<p><\/a><\/div>\n<div><a href=\"https:\/\/analyse.optim.biz\/wp-content\/uploads\/2026\/01\/jaful-care-miroase-urat-in-timisoara04-1024x768-1.jpg\" class=\"td-modal-image\"><\/p>\n<figure class=\"wp-block-image size-large\"><img decoding=\"async\" loading=\"lazy\" width=\"1024\" height=\"768\" data-id=\"172002\" src=\"https:\/\/analyse.optim.biz\/wp-content\/uploads\/2026\/01\/jaful-care-miroase-urat-in-timisoara04-1024x768-1.jpg\" alt=\"RETIM: Cum ne oblig\u0103 s\u0103 sort\u0103m gunoiul, dar \u00eel arunc\u0103 la gr\u0103mad\u0103. Jaful care miroase ur\u00e2t \u00een Timi\u0219oara\" class=\"wp-image-172002\" title=\"jaful-care-miroase-urat-in-timisoara04-1024x768-1\"><\/figure>\n<p><\/a><\/div>\n<div><a href=\"https:\/\/analyse.optim.biz\/wp-content\/uploads\/2026\/01\/jaful-care-miroase-urat-in-timisoara03-1024x768-1.jpg\" class=\"td-modal-image\"><\/p>\n<figure class=\"wp-block-image size-large\"><img decoding=\"async\" loading=\"lazy\" width=\"1024\" height=\"768\" data-id=\"172001\" src=\"https:\/\/analyse.optim.biz\/wp-content\/uploads\/2026\/01\/jaful-care-miroase-urat-in-timisoara03-1024x768-1.jpg\" alt=\"RETIM: Cum ne oblig\u0103 s\u0103 sort\u0103m gunoiul, dar \u00eel arunc\u0103 la gr\u0103mad\u0103. Jaful care miroase ur\u00e2t \u00een Timi\u0219oara\" class=\"wp-image-172001\" title=\"jaful-care-miroase-urat-in-timisoara03-1024x768-1\"><\/figure>\n<p><\/a><\/div>\n<div><a href=\"https:\/\/analyse.optim.biz\/wp-content\/uploads\/2026\/01\/jaful-care-miroase-urat-in-timisoara02-768x1024-1.jpg\" class=\"td-modal-image\"><\/p>\n<figure class=\"wp-block-image size-large\"><img decoding=\"async\" loading=\"lazy\" width=\"768\" height=\"1024\" data-id=\"172000\" src=\"https:\/\/analyse.optim.biz\/wp-content\/uploads\/2026\/01\/jaful-care-miroase-urat-in-timisoara02-768x1024-1.jpg\" alt=\"RETIM: Cum ne oblig\u0103 s\u0103 sort\u0103m gunoiul, dar \u00eel arunc\u0103 la gr\u0103mad\u0103. Jaful care miroase ur\u00e2t \u00een Timi\u0219oara\" class=\"wp-image-172000\" title=\"jaful-care-miroase-urat-in-timisoara02-768x1024-1\"><\/figure>\n<p><\/a><\/div>\n<div><a href=\"https:\/\/analyse.optim.biz\/wp-content\/uploads\/2026\/01\/jaful-care-miroase-urat-in-timisoara01-768x1024-1.jpg\" class=\"td-modal-image\"><\/p>\n<figure class=\"wp-block-image size-large\"><img decoding=\"async\" loading=\"lazy\" width=\"768\" height=\"1024\" data-id=\"171999\" src=\"https:\/\/analyse.optim.biz\/wp-content\/uploads\/2026\/01\/jaful-care-miroase-urat-in-timisoara01-768x1024-1.jpg\" alt=\"RETIM: Cum ne oblig\u0103 s\u0103 sort\u0103m gunoiul, dar \u00eel arunc\u0103 la gr\u0103mad\u0103. Jaful care miroase ur\u00e2t \u00een Timi\u0219oara\" class=\"wp-image-171999\" title=\"jaful-care-miroase-urat-in-timisoara01-768x1024-1\"><\/figure>\n<p><\/a><\/div>\n<div><a href=\"https:\/\/analyse.optim.biz\/wp-content\/uploads\/2026\/01\/10-10-2024-autovehicul-supraincarcat-cu-deseuri-amestecate-rezidual-si-reciclabil-rasturnat-pe-sosea-la-iesirea-din-timisoara-in-drum-spre-groapa-de-depozitare-a-deseurilor-de-la-ghizela-1024x508-1.jpg\" class=\"td-modal-image\"><\/p>\n<figure class=\"wp-block-image size-large\"><img decoding=\"async\" loading=\"lazy\" width=\"1024\" height=\"508\" data-id=\"172024\" src=\"https:\/\/analyse.optim.biz\/wp-content\/uploads\/2026\/01\/10-10-2024-autovehicul-supraincarcat-cu-deseuri-amestecate-rezidual-si-reciclabil-rasturnat-pe-sosea-la-iesirea-din-timisoara-in-drum-spre-groapa-de-depozitare-a-deseurilor-de-la-ghizela-1024x508-1.jpg\" alt=\"RETIM: Cum ne oblig\u0103 s\u0103 sort\u0103m gunoiul, dar \u00eel arunc\u0103 la gr\u0103mad\u0103. Jaful care miroase ur\u00e2t \u00een Timi\u0219oara\" class=\"wp-image-172024\" title=\"10-10-2024-autovehicul-supraincarcat-cu-deseuri-amestecate-rezidual-si-reciclabil-rasturnat-pe-sosea-la-iesirea-din-timisoara-in-drum-spre-groapa-de-depozitare-a-deseurilor-de-la-ghizela-1024x508-1\"><\/figure>\n<p><\/a><\/div>\n<div><a href=\"https:\/\/analyse.optim.biz\/wp-content\/uploads\/2026\/01\/10-10-2024-autovehicul-supraincarcat-cu-deseuri-amestecate-rezidual-si-reciclabil-rasturnat-pe-sosea-la-iesirea-din-timisoara-in-drum-spre-groapa-de-depozitare-a-deseurilor-de-la-ghizela-8-1024x768-1.jpg\" class=\"td-modal-image\"><\/p>\n<figure class=\"wp-block-image size-large\"><img decoding=\"async\" loading=\"lazy\" width=\"1024\" height=\"768\" data-id=\"172023\" src=\"https:\/\/analyse.optim.biz\/wp-content\/uploads\/2026\/01\/10-10-2024-autovehicul-supraincarcat-cu-deseuri-amestecate-rezidual-si-reciclabil-rasturnat-pe-sosea-la-iesirea-din-timisoara-in-drum-spre-groapa-de-depozitare-a-deseurilor-de-la-ghizela-8-1024x768-1.jpg\" alt=\"RETIM: Cum ne oblig\u0103 s\u0103 sort\u0103m gunoiul, dar \u00eel arunc\u0103 la gr\u0103mad\u0103. Jaful care miroase ur\u00e2t \u00een Timi\u0219oara\" class=\"wp-image-172023\" title=\"10-10-2024-autovehicul-supraincarcat-cu-deseuri-amestecate-rezidual-si-reciclabil-rasturnat-pe-sosea-la-iesirea-din-timisoara-in-drum-spre-groapa-de-depozitare-a-deseurilor-de-la-ghizela-8-1024x768-1\"><\/figure>\n<p><\/a><\/div>\n<div><a href=\"https:\/\/analyse.optim.biz\/wp-content\/uploads\/2026\/01\/10-10-2024-autovehicul-supraincarcat-cu-deseuri-amestecate-rezidual-si-reciclabil-rasturnat-pe-sosea-la-iesirea-din-timisoara-in-drum-spre-groapa-de-depozitare-a-deseurilor-de-la-ghizela-7-1024x768-1.jpg\" class=\"td-modal-image\"><\/p>\n<figure class=\"wp-block-image size-large\"><img decoding=\"async\" loading=\"lazy\" width=\"1024\" height=\"768\" data-id=\"172022\" src=\"https:\/\/analyse.optim.biz\/wp-content\/uploads\/2026\/01\/10-10-2024-autovehicul-supraincarcat-cu-deseuri-amestecate-rezidual-si-reciclabil-rasturnat-pe-sosea-la-iesirea-din-timisoara-in-drum-spre-groapa-de-depozitare-a-deseurilor-de-la-ghizela-7-1024x768-1.jpg\" alt=\"RETIM: Cum ne oblig\u0103 s\u0103 sort\u0103m gunoiul, dar \u00eel arunc\u0103 la gr\u0103mad\u0103. Jaful care miroase ur\u00e2t \u00een Timi\u0219oara\" class=\"wp-image-172022\" title=\"10-10-2024-autovehicul-supraincarcat-cu-deseuri-amestecate-rezidual-si-reciclabil-rasturnat-pe-sosea-la-iesirea-din-timisoara-in-drum-spre-groapa-de-depozitare-a-deseurilor-de-la-ghizela-7-1024x768-1\"><\/figure>\n<p><\/a><\/div>\n<div><a href=\"https:\/\/analyse.optim.biz\/wp-content\/uploads\/2026\/01\/10-10-2024-autovehicul-supraincarcat-cu-deseuri-amestecate-rezidual-si-reciclabil-rasturnat-pe-sosea-la-iesirea-din-timisoara-in-drum-spre-groapa-de-depozitare-a-deseurilor-de-la-ghizela-6-1024x576-1.jpg\" class=\"td-modal-image\"><\/p>\n<figure class=\"wp-block-image size-large\"><img decoding=\"async\" loading=\"lazy\" width=\"1024\" height=\"576\" data-id=\"172021\" src=\"https:\/\/analyse.optim.biz\/wp-content\/uploads\/2026\/01\/10-10-2024-autovehicul-supraincarcat-cu-deseuri-amestecate-rezidual-si-reciclabil-rasturnat-pe-sosea-la-iesirea-din-timisoara-in-drum-spre-groapa-de-depozitare-a-deseurilor-de-la-ghizela-6-1024x576-1.jpg\" alt=\"RETIM: Cum ne oblig\u0103 s\u0103 sort\u0103m gunoiul, dar \u00eel arunc\u0103 la gr\u0103mad\u0103. Jaful care miroase ur\u00e2t \u00een Timi\u0219oara\" class=\"wp-image-172021\" title=\"10-10-2024-autovehicul-supraincarcat-cu-deseuri-amestecate-rezidual-si-reciclabil-rasturnat-pe-sosea-la-iesirea-din-timisoara-in-drum-spre-groapa-de-depozitare-a-deseurilor-de-la-ghizela-6-1024x576-1\"><\/figure>\n<p><\/a><\/div>\n<div><a href=\"https:\/\/analyse.optim.biz\/wp-content\/uploads\/2026\/01\/10-10-2024-autovehicul-supraincarcat-cu-deseuri-amestecate-rezidual-si-reciclabil-rasturnat-pe-sosea-la-iesirea-din-timisoara-in-drum-spre-groapa-de-depozitare-a-deseurilor-de-la-ghizela-5-576x1024-1.jpg\" class=\"td-modal-image\"><\/p>\n<figure class=\"wp-block-image size-large\"><img decoding=\"async\" loading=\"lazy\" width=\"576\" height=\"1024\" data-id=\"172020\" src=\"https:\/\/analyse.optim.biz\/wp-content\/uploads\/2026\/01\/10-10-2024-autovehicul-supraincarcat-cu-deseuri-amestecate-rezidual-si-reciclabil-rasturnat-pe-sosea-la-iesirea-din-timisoara-in-drum-spre-groapa-de-depozitare-a-deseurilor-de-la-ghizela-5-576x1024-1.jpg\" alt=\"RETIM: Cum ne oblig\u0103 s\u0103 sort\u0103m gunoiul, dar \u00eel arunc\u0103 la gr\u0103mad\u0103. Jaful care miroase ur\u00e2t \u00een Timi\u0219oara\" class=\"wp-image-172020\" title=\"10-10-2024-autovehicul-supraincarcat-cu-deseuri-amestecate-rezidual-si-reciclabil-rasturnat-pe-sosea-la-iesirea-din-timisoara-in-drum-spre-groapa-de-depozitare-a-deseurilor-de-la-ghizela-5-576x1024-1\"><\/figure>\n<p><\/a><\/div>\n<div><a href=\"https:\/\/analyse.optim.biz\/wp-content\/uploads\/2026\/01\/10-10-2024-autovehicul-supraincarcat-cu-deseuri-amestecate-rezidual-si-reciclabil-rasturnat-pe-sosea-la-iesirea-din-timisoara-in-drum-spre-groapa-de-depozitare-a-deseurilor-de-la-ghizela-4-768x1024-1.jpg\" class=\"td-modal-image\"><\/p>\n<figure class=\"wp-block-image size-large\"><img decoding=\"async\" loading=\"lazy\" width=\"768\" height=\"1024\" data-id=\"172019\" src=\"https:\/\/analyse.optim.biz\/wp-content\/uploads\/2026\/01\/10-10-2024-autovehicul-supraincarcat-cu-deseuri-amestecate-rezidual-si-reciclabil-rasturnat-pe-sosea-la-iesirea-din-timisoara-in-drum-spre-groapa-de-depozitare-a-deseurilor-de-la-ghizela-4-768x1024-1.jpg\" alt=\"RETIM: Cum ne oblig\u0103 s\u0103 sort\u0103m gunoiul, dar \u00eel arunc\u0103 la gr\u0103mad\u0103. Jaful care miroase ur\u00e2t \u00een Timi\u0219oara\" class=\"wp-image-172019\" title=\"10-10-2024-autovehicul-supraincarcat-cu-deseuri-amestecate-rezidual-si-reciclabil-rasturnat-pe-sosea-la-iesirea-din-timisoara-in-drum-spre-groapa-de-depozitare-a-deseurilor-de-la-ghizela-4-768x1024-1\"><\/figure>\n<p><\/a><\/div>\n<div><a href=\"https:\/\/analyse.optim.biz\/wp-content\/uploads\/2026\/01\/10-10-2024-autovehicul-supraincarcat-cu-deseuri-amestecate-rezidual-si-reciclabil-rasturnat-pe-sosea-la-iesirea-din-timisoara-in-drum-spre-groapa-de-depozitare-a-deseurilor-de-la-ghizela-3-1024x768-1.jpg\" class=\"td-modal-image\"><\/p>\n<figure class=\"wp-block-image size-large\"><img decoding=\"async\" loading=\"lazy\" width=\"1024\" height=\"768\" data-id=\"172018\" src=\"https:\/\/analyse.optim.biz\/wp-content\/uploads\/2026\/01\/10-10-2024-autovehicul-supraincarcat-cu-deseuri-amestecate-rezidual-si-reciclabil-rasturnat-pe-sosea-la-iesirea-din-timisoara-in-drum-spre-groapa-de-depozitare-a-deseurilor-de-la-ghizela-3-1024x768-1.jpg\" alt=\"RETIM: Cum ne oblig\u0103 s\u0103 sort\u0103m gunoiul, dar \u00eel arunc\u0103 la gr\u0103mad\u0103. Jaful care miroase ur\u00e2t \u00een Timi\u0219oara\" class=\"wp-image-172018\" title=\"10-10-2024-autovehicul-supraincarcat-cu-deseuri-amestecate-rezidual-si-reciclabil-rasturnat-pe-sosea-la-iesirea-din-timisoara-in-drum-spre-groapa-de-depozitare-a-deseurilor-de-la-ghizela-3-1024x768-1\"><\/figure>\n<p><\/a><\/div>\n<div><a href=\"https:\/\/analyse.optim.biz\/wp-content\/uploads\/2026\/01\/10-10-2024-autovehicul-supraincarcat-cu-deseuri-amestecate-rezidual-si-reciclabil-rasturnat-pe-sosea-la-iesirea-din-timisoara-in-drum-spre-groapa-de-depozitare-a-deseurilor-de-la-ghizela-1-1024x512-1.jpg\" class=\"td-modal-image\"><\/p>\n<figure class=\"wp-block-image size-large\"><img decoding=\"async\" loading=\"lazy\" width=\"1024\" height=\"512\" data-id=\"172017\" src=\"https:\/\/analyse.optim.biz\/wp-content\/uploads\/2026\/01\/10-10-2024-autovehicul-supraincarcat-cu-deseuri-amestecate-rezidual-si-reciclabil-rasturnat-pe-sosea-la-iesirea-din-timisoara-in-drum-spre-groapa-de-depozitare-a-deseurilor-de-la-ghizela-1-1024x512-1.jpg\" alt=\"RETIM: Cum ne oblig\u0103 s\u0103 sort\u0103m gunoiul, dar \u00eel arunc\u0103 la gr\u0103mad\u0103. Jaful care miroase ur\u00e2t \u00een Timi\u0219oara\" class=\"wp-image-172017\" title=\"10-10-2024-autovehicul-supraincarcat-cu-deseuri-amestecate-rezidual-si-reciclabil-rasturnat-pe-sosea-la-iesirea-din-timisoara-in-drum-spre-groapa-de-depozitare-a-deseurilor-de-la-ghizela-1-1024x512-1\"><\/figure>\n<p><\/a><\/div>\n<\/figure>\n<\/div>\n<\/div>\n<div class=\"td_block_wrap tdb_single_tags tdi_88 td-pb-border-top td_block_template_1\" data-td-block-uid=\"tdi_88\">\n<div class=\"tdb-block-inner td-fix-index\">\n<ul class=\"tdb-tags\">\n<li><span>Tags<\/span><\/li>\n<li><a href=\"https:\/\/voceatimisului.ro\/tag\/adid-timis\/\">ADID Timis<\/a><\/li>\n<li><a href=\"https:\/\/voceatimisului.ro\/tag\/consiliul-local-timisoara\/\">consiliul local timisoara<\/a><\/li>\n<li><a href=\"https:\/\/voceatimisului.ro\/tag\/dna-timisoara\/\">dna timisoara<\/a><\/li>\n<li><a href=\"https:\/\/voceatimisului.ro\/tag\/retim\/\">retim<\/a><\/li>\n<\/ul>\n<\/div>\n<\/div>\n<div class=\"td_block_wrap tdb_single_post_share tdi_89  td-pb-border-top td_block_template_1\" data-td-block-uid=\"tdi_89\">\n<div id=\"tdi_89\" class=\"td-post-sharing tdb-block td-ps-bg td-ps-notext td-post-sharing-style1 \">\n<div class=\"td-post-sharing-visible\"><a class=\"td-social-sharing-button td-social-sharing-button-js td-social-network td-social-facebook\" href=\"https:\/\/www.facebook.com\/sharer.php?u=https%3A%2F%2Fvoceatimisului.ro%2Fretim-cum-ne-obliga-sa-sortam-gunoiul-dar-il-arunca-la-gramada-jaful-care-miroase-urat-in-timisoara%2F\" title=\"Facebook\" rel=\"noopener\"><\/p>\n<div class=\"td-social-but-text\">Facebook<\/div>\n<p><\/a><a class=\"td-social-sharing-button td-social-sharing-button-js td-social-network td-social-twitter\" href=\"https:\/\/twitter.com\/intent\/tweet?text=RETIM%3A+Cum+ne+oblig%C4%83+s%C4%83+sort%C4%83m+gunoiul%2C+dar+%C3%AEl+arunc%C4%83+la+gr%C4%83mad%C4%83.+Jaful+care+miroase+ur%C3%A2t+%C3%AEn+Timi%C8%99oara&amp;url=https%3A%2F%2Fvoceatimisului.ro%2Fretim-cum-ne-obliga-sa-sortam-gunoiul-dar-il-arunca-la-gramada-jaful-care-miroase-urat-in-timisoara%2F&amp;via=Vocea+Timisului\" title=\"Twitter\" rel=\"noopener\"><\/p>\n<div class=\"td-social-but-text\">Twitter<\/div>\n<p><\/a><a class=\"td-social-sharing-button td-social-sharing-button-js td-social-network td-social-pinterest\" href=\"https:\/\/pinterest.com\/pin\/create\/button\/?url=https:\/\/voceatimisului.ro\/retim-cum-ne-obliga-sa-sortam-gunoiul-dar-il-arunca-la-gramada-jaful-care-miroase-urat-in-timisoara\/&amp;media=https:\/\/analyse.optim.biz\/wp-content\/uploads\/2026\/01\/10-10-2024-autovehicul-supraincarcat-cu-deseuri-amestecate-rezidual-si-reciclabil-rasturnat-pe-sosea-la-iesirea-din-timisoara-in-drum-spre-groapa-de-depozitare-a-deseurilor-de-la-ghizela-6.jpg&amp;description=RETIM%3A+Cum+ne+oblig%C4%83+s%C4%83+sort%C4%83m+gunoiul%2C+dar+%C3%AEl+arunc%C4%83+la+gr%C4%83mad%C4%83.+Jaful+care+miroase+ur%C3%A2t+%C3%AEn+Timi%C8%99oara\" title=\"Pinterest\" rel=\"noopener\"><\/p>\n<div class=\"td-social-but-text\">Pinterest<\/div>\n<p><\/a><a class=\"td-social-sharing-button td-social-sharing-button-js td-social-network td-social-whatsapp\" href=\"https:\/\/api.whatsapp.com\/send?text=RETIM%3A+Cum+ne+oblig%C4%83+s%C4%83+sort%C4%83m+gunoiul%2C+dar+%C3%AEl+arunc%C4%83+la+gr%C4%83mad%C4%83.+Jaful+care+miroase+ur%C3%A2t+%C3%AEn+Timi%C8%99oara%20%0A%0A%20https:\/\/voceatimisului.ro\/retim-cum-ne-obliga-sa-sortam-gunoiul-dar-il-arunca-la-gramada-jaful-care-miroase-urat-in-timisoara\/\" title=\"WhatsApp\" rel=\"noopener\"><\/p>\n<div class=\"td-social-but-text\">WhatsApp<\/div>\n<p><\/a><a class=\"td-social-sharing-button td-social-sharing-button-js td-social-network td-social-linkedin\" href=\"https:\/\/www.linkedin.com\/shareArticle?mini=true&amp;url=https:\/\/voceatimisului.ro\/retim-cum-ne-obliga-sa-sortam-gunoiul-dar-il-arunca-la-gramada-jaful-care-miroase-urat-in-timisoara\/&amp;title=RETIM%3A+Cum+ne+oblig%C4%83+s%C4%83+sort%C4%83m+gunoiul%2C+dar+%C3%AEl+arunc%C4%83+la+gr%C4%83mad%C4%83.+Jaful+care+miroase+ur%C3%A2t+%C3%AEn+Timi%C8%99oara\" title=\"Linkedin\" rel=\"noopener\"><\/p>\n<div class=\"td-social-but-text\">Linkedin<\/div>\n<p><\/a><a class=\"td-social-sharing-button td-social-sharing-button-js td-social-network td-social-copy_url\" href=\"https:\/\/voceatimisului.ro\/retim-cum-ne-obliga-sa-sortam-gunoiul-dar-il-arunca-la-gramada-jaful-care-miroase-urat-in-timisoara\/\" title=\"Copy URL\" rel=\"noopener\"><\/p>\n<div class=\"td-social-but-text\">Copy URL<\/div>\n<p><\/a><\/div>\n<\/div>\n<\/div>\n<div class=\"td_block_wrap tdb_single_next_prev tdi_90 td-animation-stack td-next-prev-img-on td-pb-border-top td_block_template_1\" data-td-block-uid=\"tdi_90\">\n<div class=\"tdb-block-inner td-fix-index\">\n<div class=\"tdb-next-post tdb-next-post-bg tdb-post-prev\"><span>Articolul precedent<\/span><\/p>\n<div class=\"td-module-container\">\n<div class=\"td-image-container\"><a class=\"td-image-wrap\" href=\"https:\/\/voceatimisului.ro\/inca-un-tramvai-nou-bozankaya-tras-pe-dreapta-in-depou-din-neglijenta-vatmanilor\/\"><img loading=\"lazy\" decoding=\"async\" class=\"td-next-prev-image td-fix-index td-lazy-img\" title=\"\u00cenc\u0103 un tramvai nou Bozankaya tras pe dreapta \u00een depou din neglijen\u021ba vatmanilor\" width=\"696\" height=\"928\" src=\"https:\/\/analyse.optim.biz\/wp-content\/uploads\/2026\/01\/bozankaya2-696x928-1.jpg\"><\/a><\/div>\n<div class=\"next-prev-title\"><a href=\"https:\/\/voceatimisului.ro\/inca-un-tramvai-nou-bozankaya-tras-pe-dreapta-in-depou-din-neglijenta-vatmanilor\/\">\u00cenc\u0103 un tramvai nou Bozankaya tras pe dreapta \u00een depou din neglijen\u021ba vatmanilor<\/a><\/div>\n<\/div>\n<\/div>\n<div class=\"tdb-next-post tdb-next-post-bg tdb-post-next\"><span>Articolul urm\u0103tor<\/span><\/p>\n<div class=\"td-module-container\">\n<div class=\"td-image-container\"><a class=\"td-image-wrap\" href=\"https:\/\/voceatimisului.ro\/banatul-redescoperit-pe-doua-roti-turul-obiectivelor-a-adus-ciclobanat-in-prim-plan\/\"><img loading=\"lazy\" decoding=\"async\" class=\"td-next-prev-image td-fix-index td-lazy-img\" title=\"Banatul redescoperit pe doua roti: Turul Obiectivelor a adus CicloBanat in prim-plan\" width=\"696\" height=\"392\" src=\"https:\/\/analyse.optim.biz\/wp-content\/uploads\/2026\/01\/turul-obiectivelor-a-adus-ciclobanat-in-prim-plan11-696x392-1.jpeg\"><\/a><\/div>\n<div class=\"next-prev-title\"><a href=\"https:\/\/voceatimisului.ro\/banatul-redescoperit-pe-doua-roti-turul-obiectivelor-a-adus-ciclobanat-in-prim-plan\/\">Banatul redescoperit pe doua roti: Turul Obiectivelor a adus CicloBanat in prim-plan<\/a><\/div>\n<\/div>\n<\/div>\n<\/div>\n<\/div>\n<\/div>\n<\/div>\n<\/div>\n<\/div>\n<div class=\"vc_row_inner tdi_100  vc_row vc_inner wpb_row td-pb-row\">\n<div class=\"vc_column_inner tdi_102  wpb_column vc_column_container tdc-inner-column td-pb-span4 td-is-sticky\">\n<div class=\"vc_column-inner\">\n<div class=\"wpb_wrapper\" data-sticky-enabled-on=\"W3RydWUsdHJ1ZSx0cnVlLHRydWVd\" data-sticky-offset=\"20\" data-sticky-is-width-auto=\"W2ZhbHNlLGZhbHNlLGZhbHNlLGZhbHNlXQ==\">\n<div class=\"td_block_wrap tdb_single_related tdi_103 td_with_ajax_pagination td-pb-border-top td_block_template_1 tdb-single-related-posts\" data-td-block-uid=\"tdi_103\">\n<div id=\"tdi_103\" class=\"td_block_inner tdb-block-inner td-fix-index\">\n<div class=\"tdb_module_related td_module_wrap td-animation-stack td-meta-info-hide\">\n<div class=\"td-module-container td-category-pos-image\">\n<div class=\"td-module-meta-info\">\n<h3 class=\"entry-title td-module-title\"><a href=\"https:\/\/voceatimisului.ro\/retim-si-polaris-acuzatii-directe-in-cj-timis-simonis-nu-ne-lasam-santajati-de-mafia-gunoaielor\/\" rel=\"bookmark\" title=\"RETIM \u0219i Polaris, acuza\u021bii directe \u00een CJ Timi\u0219. Simonis: nu ne l\u0103s\u0103m \u0219antaja\u021bi de \u201emafia gunoaielor\u201d\">RETIM \u0219i Polaris, acuza\u021bii directe \u00een CJ Timi\u0219. Simonis: nu ne l\u0103s\u0103m \u0219antaja\u021bi de \u201emafia gunoaielor\u201d<\/a><\/h3>\n<\/div>\n<\/div>\n<\/div>\n<div class=\"tdb_module_related td_module_wrap td-animation-stack td-meta-info-hide\">\n<div class=\"td-module-container td-category-pos-image\">\n<div class=\"td-module-meta-info\">\n<h3 class=\"entry-title td-module-title\"><a href=\"https:\/\/voceatimisului.ro\/retim-a-plecat-din-timisoara-sub-nasul-consiliului-local\/\" rel=\"bookmark\" title=\"RETIM a plecat din Timi\u0219oara sub nasul Consiliului Local\">RETIM a plecat din Timi\u0219oara sub nasul Consiliului Local<\/a><\/h3>\n<\/div>\n<\/div>\n<\/div>\n<div class=\"tdb_module_related td_module_wrap td-animation-stack td-meta-info-hide\">\n<div class=\"td-module-container td-category-pos-image\">\n<div class=\"td-module-meta-info\">\n<h3 class=\"entry-title td-module-title\"><a href=\"https:\/\/voceatimisului.ro\/retim-si-a-mutat-sediul-in-oradea-timisoara-pierde-taxe-administratia-fritz-tace\/\" rel=\"bookmark\" title=\"RETIM \u0219i-a mutat sediul \u00een Oradea. Timi\u0219oara pierde taxe, administra\u021bia Fritz tace\">RETIM \u0219i-a mutat sediul \u00een Oradea. Timi\u0219oara pierde taxe, administra\u021bia Fritz tace<\/a><\/h3>\n<\/div>\n<\/div>\n<\/div>\n<\/div>\n<\/div>\n<\/div>\n<\/div>\n<\/div>\n<div class=\"vc_column_inner tdi_105  wpb_column vc_column_container tdc-inner-column td-pb-span8\">\n<div class=\"vc_column-inner\">\n<div class=\"wpb_wrapper\">\n<div class=\"td_block_wrap tdb_single_comments tdi_106 tdb-comm-layout2 td-pb-border-top td_block_template_2\" data-td-block-uid=\"tdi_106\">\n<div class=\"tdb-block-inner td-fix-index\">\n<div class=\"comments\" id=\"comments\">\n<div class=\"td-comments-title-wrap td_block_template_2\">\n<h4 class=\"td-comments-title td-block-title\"><span>1 COMENTARIU<\/span><\/h4>\n<\/div>\n<div id=\"respond\" class=\"comment-respond\">\n<h3 id=\"reply-title\" class=\"comment-reply-title\">L\u0102SA\u021aI UN MESAJ <small><a rel=\"nofollow\" id=\"cancel-comment-reply-link\" href=\"https:\/\/voceatimisului.ro\/retim-cum-ne-obliga-sa-sortam-gunoiul-dar-il-arunca-la-gramada-jaful-care-miroase-urat-in-timisoara\/#respond\">Renun\u021ba\u021bi la r\u0103spuns<\/a><\/small><\/h3>\n<div class=\"comment-form-input-wrap td-form-comment\">\n<div class=\"td-warning-comment\">V\u0103 rug\u0103m s\u0103 introduce\u021bi comentariul dvs.!<\/div>\n<\/div>\n<div class=\"comment-form-input-wrap td-form-author\">\n<div class=\"td-warning-author\">Introduce\u021bi aici numele dvs.<\/div>\n<\/div>\n<div class=\"comment-form-input-wrap td-form-email\">\n<div class=\"td-warning-email-error\">A\u021bi introdus o adres\u0103 de e-mail incorect\u0103!<\/div>\n<div class=\"td-warning-email\">V\u0103 rug\u0103m s\u0103 introduce\u021bi adresa dvs. de e-mail aici<\/div>\n<\/div>\n<\/div>\n<\/div>\n<\/div>\n<\/div>\n<\/div>\n<\/div>\n<\/div>\n<\/div>\n<\/div>\n<\/div>\n<div class=\"vc_column tdi_108  wpb_column vc_column_container tdc-column td-pb-span4 td-is-sticky\">\n<div class=\"wpb_wrapper\" data-sticky-enabled-on=\"W3RydWUsdHJ1ZSx0cnVlLHRydWVd\" data-sticky-offset=\"20\" data-sticky-is-width-auto=\"W2ZhbHNlLGZhbHNlLGZhbHNlLGZhbHNlXQ==\">\n<div class=\"vc_row_inner tdi_110  vc_row vc_inner wpb_row td-pb-row\">\n<div class=\"vc_column_inner tdi_112  wpb_column vc_column_container tdc-inner-column td-pb-span12\">\n<div class=\"vc_column-inner\">\n<div class=\"wpb_wrapper\">\n<div class=\"td_block_wrap td_block_title tdi_113 td-pb-border-top td_block_template_11 td-fix-index\" data-td-block-uid=\"tdi_113\">\n<div class=\"td-block-title-wrap\">\n<h4 class=\"td-block-title\"><span class=\"td-pulldown-size\">ANUN\u021aURI \u0218I PUBLICITATE<\/span><\/h4>\n<\/div>\n<\/div>\n<\/div>\n<\/div>\n<\/div>\n<\/div>\n<div class=\"wpb_wrapper td_block_wrap vc_widget_sidebar tdi_115 \">\n<aside id=\"block-10\" class=\"td_block_template_1 widget block-10 widget_block widget_media_image\">\n<figure class=\"wp-block-image size-full\"><a href=\"https:\/\/adpghiroda.ro\/index.html\" target=\"_blank\" rel=\" noreferrer noopener\"><img decoding=\"async\" loading=\"eager\" width=\"960\" height=\"960\" src=\"https:\/\/analyse.optim.biz\/wp-content\/uploads\/2026\/01\/adp-ghiroda2-222.jpg\" class=\"wp-image-171492\" title=\"adp-ghiroda2-222\"><\/a><\/figure>\n<\/aside>\n<aside id=\"block-11\" class=\"td_block_template_1 widget block-11 widget_block widget_media_image\">\n<figure class=\"wp-block-image size-full\"><a href=\"https:\/\/adpghiroda.ro\/index.html\" target=\"_blank\" rel=\" noreferrer noopener\"><img decoding=\"async\" loading=\"lazy\" width=\"960\" height=\"960\" src=\"https:\/\/analyse.optim.biz\/wp-content\/uploads\/2026\/01\/adp-ghiroda1-222.jpg\" class=\"wp-image-171491\" title=\"adp-ghiroda1-222\"><\/a><\/figure>\n<\/aside>\n<aside id=\"block-17\" class=\"td_block_template_1 widget block-17 widget_block widget_media_image\">\n<figure class=\"wp-block-image size-large is-resized\"><a href=\"https:\/\/verde.events\/\" target=\"_blank\" rel=\" noreferrer noopener\"><img decoding=\"async\" loading=\"lazy\" width=\"1024\" height=\"683\" src=\"https:\/\/analyse.optim.biz\/wp-content\/uploads\/2026\/01\/verde-events-24-1024x683-1-207.jpg\" alt=\"Verde Events\" class=\"wp-image-174395\" title=\"verde-events-24-1024x683-1-207\"><\/a><figcaption class=\"wp-element-caption\"><strong><em>O experien\u021b\u0103 unic\u0103 pentru orice tip de eveniment<\/em><\/strong><\/figcaption><\/figure>\n<\/aside>\n<\/div>\n<div class=\"td_block_wrap td_flex_block_1 tdi_121 td-pb-border-top td_block_template_1 td_ajax_preloading_preload td_flex_block\" data-td-block-uid=\"tdi_121\">\n<div id=\"tdi_121\" class=\"td_block_inner td-mc1-wrap\">\n<div class=\"td_module_flex td_module_flex_1 td_module_wrap td-animation-stack td-meta-info-hide td-cpt-post\">\n<div class=\"td-module-container td-category-pos-image\">\n<div class=\"td-module-meta-info\">\n<h3 class=\"entry-title td-module-title\"><a href=\"https:\/\/voceatimisului.ro\/retim-a-pierdut-ghizela-groapa-veche-inchisa-definitiv-interesele-afectate-au-declansat-reactii-in-presa\/\" rel=\"bookmark\" title=\"Retim a pierdut Ghizela. Groapa veche, \u00eenchis\u0103 definitiv. Interesele afectate au declan\u0219at reac\u021bii \u00een pres\u0103\">Retim a pierdut Ghizela. Groapa veche, \u00eenchis\u0103 definitiv. Interesele afectate au declan\u0219at reac\u021bii \u00een pres\u0103<\/a><\/h3>\n<\/div>\n<\/div>\n<\/div>\n<div class=\"td_module_flex td_module_flex_1 td_module_wrap td-animation-stack td-meta-info-hide td-cpt-post\">\n<div class=\"td-module-container td-category-pos-image\">\n<div class=\"td-module-meta-info\">\n<h3 class=\"entry-title td-module-title\"><a href=\"https:\/\/voceatimisului.ro\/usr-plange-de-mila-retim-cjt-ii-trimite-in-instanta\/\" rel=\"bookmark\" title=\"USR pl\u00e2nge de mila RETIM, CJT \u00eei trimite \u00een instan\u021b\u0103\">USR pl\u00e2nge de mila RETIM, CJT \u00eei trimite \u00een instan\u021b\u0103<\/a><\/h3>\n<\/div>\n<\/div>\n<\/div>\n<div class=\"td_module_flex td_module_flex_1 td_module_wrap td-animation-stack td-meta-info-hide td-cpt-post\">\n<div class=\"td-module-container td-category-pos-image\">\n<div class=\"td-module-meta-info\">\n<h3 class=\"entry-title td-module-title\"><a href=\"https:\/\/voceatimisului.ro\/retim-lectie-de-ipocrizie-intimideaza-presa-ignora-sindicatul-si-ajunge-in-instanta-cu-cj-timis\/\" rel=\"bookmark\" title=\"RETIM, lec\u021bie de ipocrizie: intimideaz\u0103 presa, ignor\u0103 sindicatul \u0219i ajunge \u00een instan\u021b\u0103 cu CJ Timi\u0219\">RETIM, lec\u021bie de ipocrizie: intimideaz\u0103 presa, ignor\u0103 sindicatul \u0219i ajunge \u00een instan\u021b\u0103 cu CJ Timi\u0219<\/a><\/h3>\n<\/div>\n<\/div>\n<\/div>\n<div class=\"td_module_flex td_module_flex_1 td_module_wrap td-animation-stack td-meta-info-hide td-cpt-post\">\n<div class=\"td-module-container td-category-pos-image\">\n<div class=\"td-module-meta-info\">\n<h3 class=\"entry-title td-module-title\"><a href=\"https:\/\/voceatimisului.ro\/alfred-simonis-facem-stadionul-dan-paltinisanu-construim-institutul-oncologic-si-punem-ordine-la-ghizela\/\" rel=\"bookmark\" title=\"Alfred Simonis: \u201eFacem stadionul Dan P\u0103ltini\u0219anu, construim Institutul Oncologic \u0219i punem ordine la Ghizela\u201d\">Alfred Simonis: \u201eFacem stadionul Dan P\u0103ltini\u0219anu, construim Institutul Oncologic \u0219i punem ordine la Ghizela\u201d<\/a><\/h3>\n<\/div>\n<\/div>\n<\/div>\n<div class=\"td_module_flex td_module_flex_1 td_module_wrap td-animation-stack td-meta-info-hide td-cpt-post\">\n<div class=\"td-module-container td-category-pos-image\">\n<div class=\"td-module-meta-info\">\n<h3 class=\"entry-title td-module-title\"><a href=\"https:\/\/voceatimisului.ro\/ruben-latcau-portavocea-gunoiului-ataca-fara-probe-pe-singurul-om-care-a-avut-curajul-sa-puna-stop-haosului-de-la-ghizela\/\" rel=\"bookmark\" title=\"Ruben La\u021bc\u0103u, portavocea gunoiului. Atac\u0103 f\u0103r\u0103 probe pe singurul om care a avut curajul s\u0103 pun\u0103 stop haosului de la Ghizela\">Ruben La\u021bc\u0103u, portavocea gunoiului. Atac\u0103 f\u0103r\u0103 probe pe singurul om care a avut curajul s\u0103 pun\u0103 stop haosului de la Ghizela<\/a><\/h3>\n<\/div>\n<\/div>\n<\/div>\n<\/div>\n<\/div>\n<\/div>\n<\/div>\n<\/div>\n<\/div>\n<\/div>\n<\/div>\n<p><span class=\"td-page-meta\"><\/span><span class=\"td-page-meta\"><span class=\"td-page-meta\"><\/span><\/span><span class=\"td-page-meta\"><\/span><\/article>\n<p> Source URL: https:\/\/voceatimisului.ro\/retim-cum-ne-obliga-sa-sortam-gunoiul-dar-il-arunca-la-gramada-jaful-care-miroase-urat-in-timisoara\/<\/p>\n","protected":false},"excerpt":{"rendered":"<p>Investiga\u021bii\u0218tiri RETIM: Cum ne oblig\u0103 s\u0103 sort\u0103m gunoiul, dar \u00eel arunc\u0103 la gr\u0103mad\u0103. Jaful care miroase ur\u00e2t \u00een Timi\u0219oara Autor-Radu Constantin 27 aprilie 2025 1 12953 Facebook Twitter Pinterest WhatsApp Linkedin Copy URL Directorul care chema presa la poli\u021bie a plecat. Dan Pascu nu mai conduce RETIM Retim sfideaz\u0103 Timi\u0219oara, utilajele CJT r\u0103m\u00e2n sechestrate, legea [&hellip;]<\/p>\n","protected":false},"author":1,"featured_media":1335590,"comment_status":"open","ping_status":"","sticky":false,"template":"","format":"standard","meta":{"footnotes":""},"categories":[89],"tags":[199],"class_list":["post-1335583","post","type-post","status-publish","format-standard","has-post-thumbnail","hentry","category-romania","tag-voceatimisului-ro"],"_links":{"self":[{"href":"https:\/\/analyse.optim.biz\/index.php?rest_route=\/wp\/v2\/posts\/1335583","targetHints":{"allow":["GET"]}}],"collection":[{"href":"https:\/\/analyse.optim.biz\/index.php?rest_route=\/wp\/v2\/posts"}],"about":[{"href":"https:\/\/analyse.optim.biz\/index.php?rest_route=\/wp\/v2\/types\/post"}],"author":[{"embeddable":true,"href":"https:\/\/analyse.optim.biz\/index.php?rest_route=\/wp\/v2\/users\/1"}],"replies":[{"embeddable":true,"href":"https:\/\/analyse.optim.biz\/index.php?rest_route=%2Fwp%2Fv2%2Fcomments&post=1335583"}],"version-history":[{"count":0,"href":"https:\/\/analyse.optim.biz\/index.php?rest_route=\/wp\/v2\/posts\/1335583\/revisions"}],"wp:featuredmedia":[{"embeddable":true,"href":"https:\/\/analyse.optim.biz\/index.php?rest_route=\/wp\/v2\/media\/1335590"}],"wp:attachment":[{"href":"https:\/\/analyse.optim.biz\/index.php?rest_route=%2Fwp%2Fv2%2Fmedia&parent=1335583"}],"wp:term":[{"taxonomy":"category","embeddable":true,"href":"https:\/\/analyse.optim.biz\/index.php?rest_route=%2Fwp%2Fv2%2Fcategories&post=1335583"},{"taxonomy":"post_tag","embeddable":true,"href":"https:\/\/analyse.optim.biz\/index.php?rest_route=%2Fwp%2Fv2%2Ftags&post=1335583"}],"curies":[{"name":"wp","href":"https:\/\/api.w.org\/{rel}","templated":true}]}}