{"id":1335540,"date":"2025-06-12T04:51:54","date_gmt":"2025-06-12T01:51:54","guid":{"rendered":"https:\/\/analyse.optim.biz\/?p=1335540"},"modified":"2025-06-12T04:51:54","modified_gmt":"2025-06-12T01:51:54","slug":"zece-inspectori-isctr-timisoara-retinuti-de-dna-pentru-luare-de-mita-in-forma-continuata","status":"publish","type":"post","link":"https:\/\/analyse.optim.biz\/?p=1335540","title":{"rendered":"Zece inspectori ISCTR Timi\u0219oara, re\u021binu\u021bi de DNA pentru luare de mit\u0103 \u00een form\u0103 continuat\u0103"},"content":{"rendered":"<article id=\"template-id-172790\" class=\"post-172790 tdb_templates type-tdb_templates status-publish post\">\n<div id=\"tdi_52\" class=\"tdc-zone\">\n<div class=\"tdc_zone tdi_53  wpb_row td-pb-row\">\n<div id=\"tdi_54\" class=\"tdc-row stretch_row_1400 td-stretch-content\">\n<div class=\"vc_row tdi_55  wpb_row td-pb-row tdc-element-style\">\n<div class=\"vc_column tdi_57  wpb_column vc_column_container tdc-column td-pb-span8\">\n<div class=\"wpb_wrapper\">\n<div class=\"td_block_wrap tdb_single_categories tdi_58 td-pb-border-top td_block_template_1 \" data-td-block-uid=\"tdi_58\">\n<div class=\"tdb-category td-fix-index\"><a class=\"tdb-entry-category\" href=\"https:\/\/voceatimisului.ro\/category\/stiri-din-timisoara-si-timis\/\">\u0218tiri<\/a><a class=\"tdb-entry-category\" href=\"https:\/\/voceatimisului.ro\/category\/stiri-din-timisoara-si-timis\/social\/\">Social<\/a><\/div>\n<\/div>\n<div class=\"td_block_wrap tdb_title tdi_59 tdb-single-title td-pb-border-top td_block_template_1\" data-td-block-uid=\"tdi_59\">\n<div class=\"tdb-block-inner td-fix-index\">\n<h1 class=\"tdb-title-text\">Zece inspectori ISCTR Timi\u0219oara, re\u021binu\u021bi de DNA pentru luare de mit\u0103 \u00een form\u0103 continuat\u0103<\/h1>\n<\/div>\n<\/div>\n<div class=\"vc_row_inner tdi_62  vc_row vc_inner wpb_row td-pb-row\">\n<div class=\"vc_column_inner tdi_64  wpb_column vc_column_container tdc-inner-column td-pb-span6\">\n<div class=\"vc_column-inner\">\n<div class=\"wpb_wrapper\">\n<div class=\"td_block_wrap tdb_single_author tdi_65 td-pb-border-top td_block_template_1 tdb-post-meta\" data-td-block-uid=\"tdi_65\">\n<div class=\"tdb-block-inner td-fix-index\">\n<div class=\"tdb-author-name-wrap\"><span class=\"tdb-author-by\">Autor-<\/span><a class=\"tdb-author-name\" href=\"https:\/\/voceatimisului.ro\/author\/cataadmin\/\">Radu Constantin<\/a><\/div>\n<\/div>\n<\/div>\n<div class=\"td_block_wrap tdb_single_date tdi_66 td-pb-border-top td_block_template_1 tdb-post-meta\" data-td-block-uid=\"tdi_66\">\n<div class=\"tdb-block-inner td-fix-index\"><time class=\"entry-date updated td-module-date\" datetime=\"2025-06-12T07:51:54+03:00\">12 iunie 2025<\/time><\/div>\n<\/div>\n<div class=\"td_block_wrap tdb_single_comments_count tdi_67 td-pb-border-top td_block_template_1 tdb-post-meta\" data-td-block-uid=\"tdi_67\">\n<div class=\"tdb-block-inner td-fix-index\"><a href=\"https:\/\/voceatimisului.ro\/zece-inspectori-isctr-timisoara-retinuti-de-dna-pentru-luare-de-mita-in-forma-continuata\/#respond\"><span>0<\/span><\/a><\/div>\n<\/div>\n<div class=\"td_block_wrap tdb_single_post_views tdi_68 td-pb-border-top td_block_template_1 tdb-post-meta\" data-td-block-uid=\"tdi_68\">\n<div class=\"tdb-block-inner td-fix-index\"><span class=\"tdb-add-text\">1<\/span><span class=\"td-nr-views-172560\">908<\/span><\/div>\n<\/div>\n<\/div>\n<\/div>\n<\/div>\n<div class=\"vc_column_inner tdi_70  wpb_column vc_column_container tdc-inner-column td-pb-span6\">\n<div class=\"vc_column-inner\">\n<div class=\"wpb_wrapper\">\n<div class=\"td_block_wrap tdb_single_post_share tdi_71  td-pb-border-top td_block_template_1\" data-td-block-uid=\"tdi_71\">\n<div id=\"tdi_71\" class=\"td-post-sharing tdb-block td-ps-bg td-ps-notext td-post-sharing-style1 \">\n<div class=\"td-post-sharing-visible\"><a class=\"td-social-sharing-button td-social-sharing-button-js td-social-network td-social-facebook\" href=\"https:\/\/www.facebook.com\/sharer.php?u=https%3A%2F%2Fvoceatimisului.ro%2Fzece-inspectori-isctr-timisoara-retinuti-de-dna-pentru-luare-de-mita-in-forma-continuata%2F\" title=\"Facebook\" rel=\"noopener\"><\/p>\n<div class=\"td-social-but-text\">Facebook<\/div>\n<p><\/a><a class=\"td-social-sharing-button td-social-sharing-button-js td-social-network td-social-twitter\" href=\"https:\/\/twitter.com\/intent\/tweet?text=Zece+inspectori+ISCTR+Timi%C8%99oara%2C+re%C8%9Binu%C8%9Bi+de+DNA+pentru+luare+de+mit%C4%83+%C3%AEn+form%C4%83+continuat%C4%83&amp;url=https%3A%2F%2Fvoceatimisului.ro%2Fzece-inspectori-isctr-timisoara-retinuti-de-dna-pentru-luare-de-mita-in-forma-continuata%2F&amp;via=Vocea+Timisului\" title=\"Twitter\" rel=\"noopener\"><\/p>\n<div class=\"td-social-but-text\">Twitter<\/div>\n<p><\/a><a class=\"td-social-sharing-button td-social-sharing-button-js td-social-network td-social-pinterest\" href=\"https:\/\/pinterest.com\/pin\/create\/button\/?url=https:\/\/voceatimisului.ro\/zece-inspectori-isctr-timisoara-retinuti-de-dna-pentru-luare-de-mita-in-forma-continuata\/&amp;media=https:\/\/analyse.optim.biz\/wp-content\/uploads\/2026\/01\/isctr.jpg&amp;description=Zece+inspectori+ISCTR+Timi%C8%99oara%2C+re%C8%9Binu%C8%9Bi+de+DNA+pentru+luare+de+mit%C4%83+%C3%AEn+form%C4%83+continuat%C4%83\" title=\"Pinterest\" rel=\"noopener\"><\/p>\n<div class=\"td-social-but-text\">Pinterest<\/div>\n<p><\/a><a class=\"td-social-sharing-button td-social-sharing-button-js td-social-network td-social-whatsapp\" href=\"https:\/\/api.whatsapp.com\/send?text=Zece+inspectori+ISCTR+Timi%C8%99oara%2C+re%C8%9Binu%C8%9Bi+de+DNA+pentru+luare+de+mit%C4%83+%C3%AEn+form%C4%83+continuat%C4%83%20%0A%0A%20https:\/\/voceatimisului.ro\/zece-inspectori-isctr-timisoara-retinuti-de-dna-pentru-luare-de-mita-in-forma-continuata\/\" title=\"WhatsApp\" rel=\"noopener\"><\/p>\n<div class=\"td-social-but-text\">WhatsApp<\/div>\n<p><\/a><a class=\"td-social-sharing-button td-social-sharing-button-js td-social-network td-social-linkedin\" href=\"https:\/\/www.linkedin.com\/shareArticle?mini=true&amp;url=https:\/\/voceatimisului.ro\/zece-inspectori-isctr-timisoara-retinuti-de-dna-pentru-luare-de-mita-in-forma-continuata\/&amp;title=Zece+inspectori+ISCTR+Timi%C8%99oara%2C+re%C8%9Binu%C8%9Bi+de+DNA+pentru+luare+de+mit%C4%83+%C3%AEn+form%C4%83+continuat%C4%83\" title=\"Linkedin\" rel=\"noopener\"><\/p>\n<div class=\"td-social-but-text\">Linkedin<\/div>\n<p><\/a><a class=\"td-social-sharing-button td-social-sharing-button-js td-social-network td-social-copy_url\" href=\"https:\/\/voceatimisului.ro\/zece-inspectori-isctr-timisoara-retinuti-de-dna-pentru-luare-de-mita-in-forma-continuata\/\" title=\"Copy URL\" rel=\"noopener\"><\/p>\n<div class=\"td-social-but-text\">Copy URL<\/div>\n<p><\/a><\/div>\n<\/div>\n<\/div>\n<\/div>\n<\/div>\n<\/div>\n<\/div>\n<div class=\"td_block_wrap tdb_single_featured_image tdi_72 tdb-content-horiz-left td-pb-border-top td_block_template_1\" data-td-block-uid=\"tdi_72\">\n<div class=\"tdb-block-inner td-fix-index\">\n<figure><img loading=\"lazy\" decoding=\"async\" width=\"696\" height=\"392\" class=\"entry-thumb\" src=\"https:\/\/analyse.optim.biz\/wp-content\/uploads\/2026\/01\/isctr-696x392-1.jpg\" title=\"ISCTR\"><figcaption class=\"tdb-caption-text\">Zece inspectori ISCTR Timi\u0219oara, re\u021binu\u021bi de DNA pentru luare de mit\u0103 \u00een form\u0103 continuat\u0103<\/figcaption><\/figure>\n<\/div>\n<\/div>\n<div class=\"vc_row_inner tdi_74  vc_row vc_inner wpb_row td-pb-row\">\n<div class=\"vc_column_inner tdi_76  wpb_column vc_column_container tdc-inner-column td-pb-span4 td-is-sticky\">\n<div class=\"vc_column-inner\">\n<div class=\"wpb_wrapper\" data-sticky-enabled-on=\"W3RydWUsdHJ1ZSx0cnVlLHRydWVd\" data-sticky-offset=\"20\" data-sticky-is-width-auto=\"W2ZhbHNlLGZhbHNlLGZhbHNlLGZhbHNlXQ==\">\n<div class=\"td_block_wrap td_flex_block_1 tdi_77 td-pb-border-top td_block_template_1 td_ajax_preloading_preload td_flex_block\" data-td-block-uid=\"tdi_77\">\n<div id=\"tdi_77\" class=\"td_block_inner td-mc1-wrap\">\n<div class=\"td_module_flex td_module_flex_1 td_module_wrap td-animation-stack td-meta-info-hide td-cpt-post\">\n<div class=\"td-module-container td-category-pos-image\">\n<div class=\"td-module-meta-info\">\n<h3 class=\"entry-title td-module-title\"><a href=\"https:\/\/voceatimisului.ro\/medic-primar-din-faget-32-de-spagi-incasate-trimisa-la-arest-la-domiciliu-hotul-de-salam-ramane-dupa-gratii\/\" rel=\"bookmark\" title=\"Medic primar din F\u0103get, 32 de \u0219p\u0103gi \u00eencasate, trimis \u00een arest la domiciliu. Ho\u021bul de salam r\u0103m\u00e2ne dup\u0103 gratii\">Medic primar din F\u0103get, 32 de \u0219p\u0103gi \u00eencasate, trimis \u00een arest la domiciliu. Ho\u021bul de salam r\u0103m\u00e2ne dup\u0103 gratii<\/a><\/h3>\n<\/div>\n<\/div>\n<\/div>\n<div class=\"td_module_flex td_module_flex_1 td_module_wrap td-animation-stack td-meta-info-hide td-cpt-post\">\n<div class=\"td-module-container td-category-pos-image\">\n<div class=\"td-module-meta-info\">\n<h3 class=\"entry-title td-module-title\"><a href=\"https:\/\/voceatimisului.ro\/furt-din-banii-europeni-in-numele-educatiei-functionare-de-la-universitatea-politehnica-timisoara-trimise-in-judecata-de-dna\/\" rel=\"bookmark\" title=\"Furt din banii europeni, \u00een numele educa\u021biei: func\u021bionare de la Universitatea Politehnica Timi\u0219oara, trimise \u00een judecat\u0103 de DNA\">Furt din banii europeni, \u00een numele educa\u021biei: func\u021bionare de la Universitatea Politehnica Timi\u0219oara, trimise \u00een judecat\u0103 de DNA<\/a><\/h3>\n<\/div>\n<\/div>\n<\/div>\n<div class=\"td_module_flex td_module_flex_1 td_module_wrap td-animation-stack td-meta-info-hide td-cpt-post\">\n<div class=\"td-module-container td-category-pos-image\">\n<div class=\"td-module-meta-info\">\n<h3 class=\"entry-title td-module-title\"><a href=\"https:\/\/voceatimisului.ro\/retim-cum-ne-obliga-sa-sortam-gunoiul-dar-il-arunca-la-gramada-jaful-care-miroase-urat-in-timisoara\/\" rel=\"bookmark\" title=\"RETIM: Cum ne oblig\u0103 s\u0103 sort\u0103m gunoiul, dar \u00eel arunc\u0103 la gr\u0103mad\u0103. Jaful care miroase ur\u00e2t \u00een Timi\u0219oara\">RETIM: Cum ne oblig\u0103 s\u0103 sort\u0103m gunoiul, dar \u00eel arunc\u0103 la gr\u0103mad\u0103. Jaful care miroase ur\u00e2t \u00een Timi\u0219oara<\/a><\/h3>\n<\/div>\n<\/div>\n<\/div>\n<div class=\"td_module_flex td_module_flex_1 td_module_wrap td-animation-stack td-meta-info-hide td-cpt-post\">\n<div class=\"td-module-container td-category-pos-image\">\n<div class=\"td-module-meta-info\">\n<h3 class=\"entry-title td-module-title\"><a href=\"https:\/\/voceatimisului.ro\/efect-de-bumerang-primaria-giroc-se-pregateste-sa-plateasca-despagubiri-de-milioane-de-euro-in-cazul-unor-abuzuri-imobiliare-fara-precedent\/\" rel=\"bookmark\" title=\"Efect de bumerang! Prim\u0103ria Giroc se preg\u0103te\u0219te s\u0103 pl\u0103teasc\u0103 desp\u0103gubiri de milioane de euro, \u00een cazul unor abuzuri imobiliare, f\u0103r\u0103 precedent\">Efect de bumerang! Prim\u0103ria Giroc se preg\u0103te\u0219te s\u0103 pl\u0103teasc\u0103 desp\u0103gubiri de milioane de euro, \u00een cazul unor abuzuri imobiliare, f\u0103r\u0103 precedent<\/a><\/h3>\n<\/div>\n<\/div>\n<\/div>\n<\/div>\n<\/div>\n<div class=\"tdb-author-box td_block_wrap tdb_single_author_box tdi_82 tdb-content-vert-top td-pb-border-top td_block_template_1\" data-td-block-uid=\"tdi_82\">\n<div class=\"tdb-block-inner td-fix-index\">\n<div class=\"tdb-author-info\"><a href=\"https:\/\/voceatimisului.ro\/author\/cataadmin\/\" class=\"tdb-author-name\">Radu Constantin<\/a><a href=\"http:\/\/www.voceatimisului.ro\" rel=\"nofollow\" class=\"tdb-author-url\">http:\/\/www.voceatimisului.ro<\/a><\/p>\n<div class=\"tdb-author-descr\">\u00centreaga responsabilitate a comentariilor l\u0103sate de dumneavoastr\u0103 v\u0103 apar\u021bine!<br \/>\nClick <a href=\"https:\/\/voceatimisului.ro\/termeni-si-conditii\/\">aici<\/a>-citeste condi\u0163iile de utilizare ale site-ului www.voceatimisului.ro<\/div>\n<\/div>\n<\/div>\n<\/div>\n<\/div>\n<\/div>\n<\/div>\n<div class=\"vc_column_inner tdi_84  wpb_column vc_column_container tdc-inner-column td-pb-span8\">\n<div class=\"vc_column-inner\">\n<div class=\"wpb_wrapper\">\n<div class=\"td_block_wrap tdb_single_content tdi_85 td-pb-border-top td_block_template_1 td-post-content tagdiv-type\" data-td-block-uid=\"tdi_85\">\n<div class=\"tdb-block-inner td-fix-index\">\n<h5 class=\"wp-block-heading\">Direc\u021bia Na\u021bional\u0103 Anticorup\u021bie \u2013 Serviciul teritorial Timi\u0219oara a re\u021binut 10 inspectori din cadrul Inspectoratului de Stat pentru Controlul \u00een Transportul Rutier (ISCTR) \u2013 Inspectoratul Teritorial nr. 5, \u00eencep\u00e2nd cu 10 \u0219i 11 iunie 2025, sub acuza\u021bia de luare de mit\u0103 \u00een form\u0103 continuat\u0103.<\/h5>\n<p>Printre cei re\u021binu\u021bi se num\u0103r\u0103:<\/p>\n<ul class=\"wp-block-list\">\n<li><strong>S\u00eerbu Ilie-Lucian<\/strong>, inspector-\u0219ef teritorial \u2013 acuzat de luare de mit\u0103 (8 acte materiale) \u0219i participa\u021bie improprie la abuz \u00een serviciu;<\/li>\n<li><strong>Gherman Dan-Nicolae<\/strong>, coordonator jude\u021bean Timi\u0219 \u2013 acuzat de 10 acte de luare de mit\u0103, folosirea de informa\u021bii nedestinate publicit\u0103\u021bii \u0219i fals intelectual;<\/li>\n<li><strong>Rogobete Danel-Vasile<\/strong>, <strong>Mereu George-Marian<\/strong>, <strong>Rodean Emilian-Ioan<\/strong>, <strong>Gherman Octavian<\/strong>, <strong>David Gabriel-Constantin<\/strong>, <strong>Foga\u0219 Alin-Sebastian<\/strong>, <strong>Lupa Alin-Petri\u0219or<\/strong> \u0219i <strong>Dan Daniel-Maximilian<\/strong> \u2013 inspectori de trafic rutier, acuza\u021bi de zeci de fapte de luare de mit\u0103.<\/li>\n<\/ul>\n<p>Primii patru inculpa\u021bi au fost prezenta\u021bi Tribunalului Timi\u0219 cu propunere de arestare preventiv\u0103.<\/p>\n<p>Totodat\u0103, al\u021bi patru inspectori \u2013 Toma Vlad-Romeo, Mih\u0103escu Constantin, Stoian C\u0103t\u0103lin-Aris \u0219i Popa Ionu\u021b-Marius \u2013 sunt urm\u0103ri\u021bi penal pentru fapte similare.<\/p>\n<p><strong>Mita, sub form\u0103 de \u201eabonamente\u201d<\/strong><\/p>\n<p>Procurorii sus\u021bin c\u0103, \u00een perioada decembrie 2024 \u2013 mai 2025, inspectorii ISCTR Timi\u0219oara au primit mit\u0103 \u2013 inclusiv \u00een form\u0103 de abonamente lunare \u2013 de la transportatori \u0219i firme care exploateaz\u0103 agregate minerale. \u00cen schimb, ace\u0219tia ofereau \u201eprotec\u021bie\u201d fa\u021b\u0103 de sanc\u021biuni \u0219i anun\u021bau controalele \u00een avans.<\/p>\n<p>Sumele variau \u00een func\u021bie de num\u0103rul de vehicule \u0219i volumul activit\u0103\u021bii comerciale. S\u00eerbu Ilie-Lucian ar fi primit 5.000 euro \u00een aprilie-mai \u0219i al\u021bi 1.500 euro pe 10 iunie, moment \u00een care a fost prins \u00een flagrant.<\/p>\n<p>De asemenea, Gherman Dan-Nicolae ar fi divulgat informa\u021bii despre controale planificate \u0219i obiectivele acestora.<\/p>\n<p><strong>Control judiciar pentru 6 inculpa\u021bi<\/strong><\/p>\n<p>Pentru al\u021bi \u0219ase inculpa\u021bi, procurorii au dispus m\u0103sura controlului judiciar pentru 60 de zile, cu interdic\u021bii legate de comunicarea cu al\u021bi inculpa\u021bi \u0219i exercitarea func\u021biei.<\/p>\n<p>Pe 10 iunie, DNA a efectuat 30 de perchezi\u021bii \u00een jude\u021bele Timi\u0219 \u0219i Arad, beneficiind de sprijinul structurilor specializate ale Poli\u021biei \u0219i DIICOT.<\/p>\n<p>Ancheta vizeaz\u0103 \u0219i alte persoane, iar ac\u021biunile penale sunt desf\u0103\u0219urate cu respectarea principiului prezum\u021biei de nevinov\u0103\u021bie.<\/p>\n<\/div>\n<\/div>\n<div class=\"td_block_wrap tdb_single_tags tdi_88 td-pb-border-top td_block_template_1\" data-td-block-uid=\"tdi_88\">\n<div class=\"tdb-block-inner td-fix-index\">\n<ul class=\"tdb-tags\">\n<li><span>Tags<\/span><\/li>\n<li><a href=\"https:\/\/voceatimisului.ro\/tag\/dna-timisoara\/\">dna timisoara<\/a><\/li>\n<li><a href=\"https:\/\/voceatimisului.ro\/tag\/isctr-timisoara\/\">isctr timisoara<\/a><\/li>\n<li><a href=\"https:\/\/voceatimisului.ro\/tag\/luare-de-mita\/\">luare de mita<\/a><\/li>\n<\/ul>\n<\/div>\n<\/div>\n<div class=\"td_block_wrap tdb_single_post_share tdi_89  td-pb-border-top td_block_template_1\" data-td-block-uid=\"tdi_89\">\n<div id=\"tdi_89\" class=\"td-post-sharing tdb-block td-ps-bg td-ps-notext td-post-sharing-style1 \">\n<div class=\"td-post-sharing-visible\"><a class=\"td-social-sharing-button td-social-sharing-button-js td-social-network td-social-facebook\" href=\"https:\/\/www.facebook.com\/sharer.php?u=https%3A%2F%2Fvoceatimisului.ro%2Fzece-inspectori-isctr-timisoara-retinuti-de-dna-pentru-luare-de-mita-in-forma-continuata%2F\" title=\"Facebook\" rel=\"noopener\"><\/p>\n<div class=\"td-social-but-text\">Facebook<\/div>\n<p><\/a><a class=\"td-social-sharing-button td-social-sharing-button-js td-social-network td-social-twitter\" href=\"https:\/\/twitter.com\/intent\/tweet?text=Zece+inspectori+ISCTR+Timi%C8%99oara%2C+re%C8%9Binu%C8%9Bi+de+DNA+pentru+luare+de+mit%C4%83+%C3%AEn+form%C4%83+continuat%C4%83&amp;url=https%3A%2F%2Fvoceatimisului.ro%2Fzece-inspectori-isctr-timisoara-retinuti-de-dna-pentru-luare-de-mita-in-forma-continuata%2F&amp;via=Vocea+Timisului\" title=\"Twitter\" rel=\"noopener\"><\/p>\n<div class=\"td-social-but-text\">Twitter<\/div>\n<p><\/a><a class=\"td-social-sharing-button td-social-sharing-button-js td-social-network td-social-pinterest\" href=\"https:\/\/pinterest.com\/pin\/create\/button\/?url=https:\/\/voceatimisului.ro\/zece-inspectori-isctr-timisoara-retinuti-de-dna-pentru-luare-de-mita-in-forma-continuata\/&amp;media=https:\/\/analyse.optim.biz\/wp-content\/uploads\/2026\/01\/isctr.jpg&amp;description=Zece+inspectori+ISCTR+Timi%C8%99oara%2C+re%C8%9Binu%C8%9Bi+de+DNA+pentru+luare+de+mit%C4%83+%C3%AEn+form%C4%83+continuat%C4%83\" title=\"Pinterest\" rel=\"noopener\"><\/p>\n<div class=\"td-social-but-text\">Pinterest<\/div>\n<p><\/a><a class=\"td-social-sharing-button td-social-sharing-button-js td-social-network td-social-whatsapp\" href=\"https:\/\/api.whatsapp.com\/send?text=Zece+inspectori+ISCTR+Timi%C8%99oara%2C+re%C8%9Binu%C8%9Bi+de+DNA+pentru+luare+de+mit%C4%83+%C3%AEn+form%C4%83+continuat%C4%83%20%0A%0A%20https:\/\/voceatimisului.ro\/zece-inspectori-isctr-timisoara-retinuti-de-dna-pentru-luare-de-mita-in-forma-continuata\/\" title=\"WhatsApp\" rel=\"noopener\"><\/p>\n<div class=\"td-social-but-text\">WhatsApp<\/div>\n<p><\/a><a class=\"td-social-sharing-button td-social-sharing-button-js td-social-network td-social-linkedin\" href=\"https:\/\/www.linkedin.com\/shareArticle?mini=true&amp;url=https:\/\/voceatimisului.ro\/zece-inspectori-isctr-timisoara-retinuti-de-dna-pentru-luare-de-mita-in-forma-continuata\/&amp;title=Zece+inspectori+ISCTR+Timi%C8%99oara%2C+re%C8%9Binu%C8%9Bi+de+DNA+pentru+luare+de+mit%C4%83+%C3%AEn+form%C4%83+continuat%C4%83\" title=\"Linkedin\" rel=\"noopener\"><\/p>\n<div class=\"td-social-but-text\">Linkedin<\/div>\n<p><\/a><a class=\"td-social-sharing-button td-social-sharing-button-js td-social-network td-social-copy_url\" href=\"https:\/\/voceatimisului.ro\/zece-inspectori-isctr-timisoara-retinuti-de-dna-pentru-luare-de-mita-in-forma-continuata\/\" title=\"Copy URL\" rel=\"noopener\"><\/p>\n<div class=\"td-social-but-text\">Copy URL<\/div>\n<p><\/a><\/div>\n<\/div>\n<\/div>\n<div class=\"td_block_wrap tdb_single_next_prev tdi_90 td-animation-stack td-next-prev-img-on td-pb-border-top td_block_template_1\" data-td-block-uid=\"tdi_90\">\n<div class=\"tdb-block-inner td-fix-index\">\n<div class=\"tdb-next-post tdb-next-post-bg tdb-post-prev\"><span>Articolul precedent<\/span><\/p>\n<div class=\"td-module-container\">\n<div class=\"td-image-container\"><a class=\"td-image-wrap\" href=\"https:\/\/voceatimisului.ro\/in-memoriam-ionel-lucian-sipos-girocul-celebreaza-dansul-popular-la-a-v-a-editie-a-festivalului-care-i-poarta-numele\/\"><img loading=\"lazy\" decoding=\"async\" class=\"td-next-prev-image td-fix-index td-lazy-img\" title=\"\u00cen memoriam Ionel Lucian \u0218ipo\u0219: Girocul celebreaz\u0103 dansul popular la a V-a edi\u021bie a festivalului care-i poart\u0103 numele\" width=\"696\" height=\"1014\" src=\"https:\/\/analyse.optim.biz\/wp-content\/uploads\/2026\/01\/in-memoriam-ionel-lucian-sipos1-696x1014-1.jpg\"><\/a><\/div>\n<div class=\"next-prev-title\"><a href=\"https:\/\/voceatimisului.ro\/in-memoriam-ionel-lucian-sipos-girocul-celebreaza-dansul-popular-la-a-v-a-editie-a-festivalului-care-i-poarta-numele\/\">\u00cen memoriam Ionel Lucian \u0218ipo\u0219: Girocul celebreaz\u0103 dansul popular la a V-a edi\u021bie a festivalului care-i poart\u0103 numele<\/a><\/div>\n<\/div>\n<\/div>\n<div class=\"tdb-next-post tdb-next-post-bg tdb-post-next\"><span>Articolul urm\u0103tor<\/span><\/p>\n<div class=\"td-module-container\">\n<div class=\"td-image-container\"><a class=\"td-image-wrap\" href=\"https:\/\/voceatimisului.ro\/stpt-cheltuie-3-200-lei-pe-un-proiect-de-camere-video-dupa-ce-presa-a-expus-neregulile-din-str-garii\/\"><img loading=\"lazy\" decoding=\"async\" class=\"td-next-prev-image td-fix-index td-lazy-img\" title=\"STPT cheltuie 3.200 lei pe un proiect de camere video, dup\u0103 ce presa a expus neregulile din Str. G\u0103rii\" width=\"696\" height=\"392\" src=\"https:\/\/analyse.optim.biz\/wp-content\/uploads\/2026\/01\/stpt4-696x392-1-1.jpg\"><\/a><\/div>\n<div class=\"next-prev-title\"><a href=\"https:\/\/voceatimisului.ro\/stpt-cheltuie-3-200-lei-pe-un-proiect-de-camere-video-dupa-ce-presa-a-expus-neregulile-din-str-garii\/\">STPT cheltuie 3.200 lei pe un proiect de camere video, dup\u0103 ce presa a expus neregulile din Str. G\u0103rii<\/a><\/div>\n<\/div>\n<\/div>\n<\/div>\n<\/div>\n<\/div>\n<\/div>\n<\/div>\n<\/div>\n<div class=\"vc_row_inner tdi_100  vc_row vc_inner wpb_row td-pb-row\">\n<div class=\"vc_column_inner tdi_102  wpb_column vc_column_container tdc-inner-column td-pb-span4 td-is-sticky\">\n<div class=\"vc_column-inner\">\n<div class=\"wpb_wrapper\" data-sticky-enabled-on=\"W3RydWUsdHJ1ZSx0cnVlLHRydWVd\" data-sticky-offset=\"20\" data-sticky-is-width-auto=\"W2ZhbHNlLGZhbHNlLGZhbHNlLGZhbHNlXQ==\">\n<div class=\"td_block_wrap tdb_single_related tdi_103 td_with_ajax_pagination td-pb-border-top td_block_template_1 tdb-single-related-posts\" data-td-block-uid=\"tdi_103\">\n<div id=\"tdi_103\" class=\"td_block_inner tdb-block-inner td-fix-index\">\n<div class=\"tdb_module_related td_module_wrap td-animation-stack td-meta-info-hide\">\n<div class=\"td-module-container td-category-pos-image\">\n<div class=\"td-module-meta-info\">\n<h3 class=\"entry-title td-module-title\"><a href=\"https:\/\/voceatimisului.ro\/clasare-procurorii-parchetului-de-pe-langa-judecatoria-timisoara-i-au-scos-din-cap-cooperatistului-puiu-minda-infractiunea-de-compromitere-a-intereselor-justitiei-de-catre-jurnalistii-de-la-vocea-tim\/\" rel=\"bookmark\" title=\"Clasare! Procurorii Parchetului de pe l\u00e2ng\u0103 Judec\u0103toria Timi\u0219oara i-au scos din cap cooperatistului Puiu Minda infrac\u021biunea de compromitere a intereselor justi\u021biei de c\u0103tre jurnali\u0219tii de la Vocea Timi\u0219ului\">Clasare! Procurorii Parchetului de pe l\u00e2ng\u0103 Judec\u0103toria Timi\u0219oara i-au scos din cap cooperatistului Puiu Minda infrac\u021biunea de compromitere a intereselor justi\u021biei de c\u0103tre jurnali\u0219tii&#8230;<\/a><\/h3>\n<\/div>\n<\/div>\n<\/div>\n<div class=\"tdb_module_related td_module_wrap td-animation-stack td-meta-info-hide\">\n<div class=\"td-module-container td-category-pos-image\">\n<div class=\"td-module-meta-info\">\n<h3 class=\"entry-title td-module-title\"><a href=\"https:\/\/voceatimisului.ro\/pierderi-de-memorie-primaria-comunei-giroc-campioana-la-disparitia-documentelor-de-urbanism-in-folosul-cooperativei-imobiliare\/\" rel=\"bookmark\" title=\"Pierderi de memorie! Prim\u0103ria comunei Giroc, campioan\u0103 la dispari\u021bia documentelor de urbanism, \u00een folosul cooperativei imobiliare\">Pierderi de memorie! Prim\u0103ria comunei Giroc, campioan\u0103 la dispari\u021bia documentelor de urbanism, \u00een folosul cooperativei imobiliare<\/a><\/h3>\n<\/div>\n<\/div>\n<\/div>\n<div class=\"tdb_module_related td_module_wrap td-animation-stack td-meta-info-hide\">\n<div class=\"td-module-container td-category-pos-image\">\n<div class=\"td-module-meta-info\">\n<h3 class=\"entry-title td-module-title\"><a href=\"https:\/\/voceatimisului.ro\/inspectoratul-de-stat-in-constructii-timis-intentioneaza-sa-demareze-procedurile-administrative-pentru-anularea-unor-autorizatii-de-construire-la-alte-doua-imobile-colective-de-pe-raza-comunei-giroc\/\" rel=\"bookmark\" title=\"Inspectoratul de Stat \u00een Construc\u021bii Timi\u0219 inten\u021bioneaz\u0103 s\u0103 demareze procedurile administrative pentru anularea unor autoriza\u021bii de construire, la alte dou\u0103 imobile colective de pe raza comunei Giroc\">Inspectoratul de Stat \u00een Construc\u021bii Timi\u0219 inten\u021bioneaz\u0103 s\u0103 demareze procedurile administrative pentru anularea unor autoriza\u021bii de construire, la alte dou\u0103 imobile colective de pe&#8230;<\/a><\/h3>\n<\/div>\n<\/div>\n<\/div>\n<\/div>\n<\/div>\n<\/div>\n<\/div>\n<\/div>\n<div class=\"vc_column_inner tdi_105  wpb_column vc_column_container tdc-inner-column td-pb-span8\">\n<div class=\"vc_column-inner\">\n<div class=\"wpb_wrapper\">\n<div class=\"td_block_wrap tdb_single_comments tdi_106 tdb-comm-layout2 td-pb-border-top td_block_template_2\" data-td-block-uid=\"tdi_106\">\n<div class=\"tdb-block-inner td-fix-index\">\n<div class=\"comments\" id=\"comments\">\n<div id=\"respond\" class=\"comment-respond\">\n<h3 id=\"reply-title\" class=\"comment-reply-title\">L\u0102SA\u021aI UN MESAJ <small><a rel=\"nofollow\" id=\"cancel-comment-reply-link\" href=\"https:\/\/voceatimisului.ro\/zece-inspectori-isctr-timisoara-retinuti-de-dna-pentru-luare-de-mita-in-forma-continuata\/#respond\">Renun\u021ba\u021bi la r\u0103spuns<\/a><\/small><\/h3>\n<div class=\"comment-form-input-wrap td-form-comment\">\n<div class=\"td-warning-comment\">V\u0103 rug\u0103m s\u0103 introduce\u021bi comentariul dvs.!<\/div>\n<\/div>\n<div class=\"comment-form-input-wrap td-form-author\">\n<div class=\"td-warning-author\">Introduce\u021bi aici numele dvs.<\/div>\n<\/div>\n<div class=\"comment-form-input-wrap td-form-email\">\n<div class=\"td-warning-email-error\">A\u021bi introdus o adres\u0103 de e-mail incorect\u0103!<\/div>\n<div class=\"td-warning-email\">V\u0103 rug\u0103m s\u0103 introduce\u021bi adresa dvs. de e-mail aici<\/div>\n<\/div>\n<\/div>\n<\/div>\n<\/div>\n<\/div>\n<\/div>\n<\/div>\n<\/div>\n<\/div>\n<\/div>\n<\/div>\n<div class=\"vc_column tdi_108  wpb_column vc_column_container tdc-column td-pb-span4 td-is-sticky\">\n<div class=\"wpb_wrapper\" data-sticky-enabled-on=\"W3RydWUsdHJ1ZSx0cnVlLHRydWVd\" data-sticky-offset=\"20\" data-sticky-is-width-auto=\"W2ZhbHNlLGZhbHNlLGZhbHNlLGZhbHNlXQ==\">\n<div class=\"vc_row_inner tdi_110  vc_row vc_inner wpb_row td-pb-row\">\n<div class=\"vc_column_inner tdi_112  wpb_column vc_column_container tdc-inner-column td-pb-span12\">\n<div class=\"vc_column-inner\">\n<div class=\"wpb_wrapper\">\n<div class=\"td_block_wrap td_block_title tdi_113 td-pb-border-top td_block_template_11 td-fix-index\" data-td-block-uid=\"tdi_113\">\n<div class=\"td-block-title-wrap\">\n<h4 class=\"td-block-title\"><span class=\"td-pulldown-size\">ANUN\u021aURI \u0218I PUBLICITATE<\/span><\/h4>\n<\/div>\n<\/div>\n<\/div>\n<\/div>\n<\/div>\n<\/div>\n<div class=\"wpb_wrapper td_block_wrap vc_widget_sidebar tdi_115 \">\n<aside id=\"block-10\" class=\"td_block_template_1 widget block-10 widget_block widget_media_image\">\n<figure class=\"wp-block-image size-full\"><a href=\"https:\/\/adpghiroda.ro\/index.html\" target=\"_blank\" rel=\" noreferrer noopener\"><img decoding=\"async\" loading=\"lazy\" width=\"960\" height=\"960\" src=\"https:\/\/analyse.optim.biz\/wp-content\/uploads\/2026\/01\/adp-ghiroda2-221.jpg\" class=\"wp-image-171492\" title=\"adp-ghiroda2-221\"><\/a><\/figure>\n<\/aside>\n<aside id=\"block-11\" class=\"td_block_template_1 widget block-11 widget_block widget_media_image\">\n<figure class=\"wp-block-image size-full\"><a href=\"https:\/\/adpghiroda.ro\/index.html\" target=\"_blank\" rel=\" noreferrer noopener\"><img decoding=\"async\" loading=\"lazy\" width=\"960\" height=\"960\" src=\"https:\/\/analyse.optim.biz\/wp-content\/uploads\/2026\/01\/adp-ghiroda1-221.jpg\" class=\"wp-image-171491\" title=\"adp-ghiroda1-221\"><\/a><\/figure>\n<\/aside>\n<aside id=\"block-17\" class=\"td_block_template_1 widget block-17 widget_block widget_media_image\">\n<figure class=\"wp-block-image size-large is-resized\"><a href=\"https:\/\/verde.events\/\" target=\"_blank\" rel=\" noreferrer noopener\"><img decoding=\"async\" loading=\"lazy\" width=\"1024\" height=\"683\" src=\"https:\/\/analyse.optim.biz\/wp-content\/uploads\/2026\/01\/verde-events-24-1024x683-1-206.jpg\" alt=\"Verde Events\" class=\"wp-image-174395\" title=\"verde-events-24-1024x683-1-206\"><\/a><figcaption class=\"wp-element-caption\"><strong><em>O experien\u021b\u0103 unic\u0103 pentru orice tip de eveniment<\/em><\/strong><\/figcaption><\/figure>\n<\/aside>\n<\/div>\n<div class=\"td_block_wrap td_flex_block_1 tdi_121 td-pb-border-top td_block_template_1 td_ajax_preloading_preload td_flex_block\" data-td-block-uid=\"tdi_121\">\n<div id=\"tdi_121\" class=\"td_block_inner td-mc1-wrap\">\n<div class=\"td_module_flex td_module_flex_1 td_module_wrap td-animation-stack td-meta-info-hide td-cpt-post\">\n<div class=\"td-module-container td-category-pos-image\">\n<div class=\"td-module-meta-info\">\n<h3 class=\"entry-title td-module-title\"><a href=\"https:\/\/voceatimisului.ro\/dubla-masura-de-tupeu-primaria-giroc-a-transformat-o-jumatate-de-bloc-cu-cinci-etaje-peste-noapte-din-spatii-cu-alta-destinatie-in-apartamente-de-locuit-intr-o-zona-cu-unitati-industriale-si-spati\/\" rel=\"bookmark\" title=\"Dubl\u0103 m\u0103sur\u0103 de tupeu! Prim\u0103ria Giroc a transformat o jum\u0103tate de bloc cu cinci etaje, peste noapte, din spa\u021bii cu alt\u0103 destina\u021bie \u00een apartamente de locuit, \u00eentr-o zon\u0103 cu unit\u0103\u021bi industriale \u0219i spa\u021bii de depozitare\">Dubl\u0103 m\u0103sur\u0103 de tupeu! Prim\u0103ria Giroc a transformat o jum\u0103tate de bloc cu cinci etaje, peste noapte, din spa\u021bii cu alt\u0103 destina\u021bie \u00een apartamente&#8230;<\/a><\/h3>\n<\/div>\n<\/div>\n<\/div>\n<div class=\"td_module_flex td_module_flex_1 td_module_wrap td-animation-stack td-meta-info-hide td-cpt-post\">\n<div class=\"td-module-container td-category-pos-image\">\n<div class=\"td-module-meta-info\">\n<h3 class=\"entry-title td-module-title\"><a href=\"https:\/\/voceatimisului.ro\/prinde-orbu-scoate-i-ochii-dna-timisoara-a-pus-in-carca-defunctului-ionel-toma-toate-contractele-ilegale-pe-care-primaria-giroc-le-a-incheiat-cu-avocatul-sorinel-golban\/\" rel=\"bookmark\" title=\"Prinde orbu\u2019, scoate-i ochii! DNA Timi\u0219oara a pus \u00een c\u00e2rca defunctului Ionel Toma toate contractele ilegale pe care Prim\u0103ria Giroc le-a \u00eencheiat cu avocatul Sorinel Golban\">Prinde orbu\u2019, scoate-i ochii! DNA Timi\u0219oara a pus \u00een c\u00e2rca defunctului Ionel Toma toate contractele ilegale pe care Prim\u0103ria Giroc le-a \u00eencheiat cu avocatul&#8230;<\/a><\/h3>\n<\/div>\n<\/div>\n<\/div>\n<div class=\"td_module_flex td_module_flex_1 td_module_wrap td-animation-stack td-meta-info-hide td-cpt-post\">\n<div class=\"td-module-container td-category-pos-image\">\n<div class=\"td-module-meta-info\">\n<h3 class=\"entry-title td-module-title\"><a href=\"https:\/\/voceatimisului.ro\/istorie-periurbana-cooperativa-imobiliara-giroc-tot-sub-lupa-autoritatilor-statului-roman-de-mai-bine-de-doi-ani-de-zile\/\" rel=\"bookmark\" title=\"Istorie periurban\u0103! Cooperativa imobiliar\u0103 Giroc, tot sub lupa autorit\u0103\u021bilor statului rom\u00e2n, de mai bine de doi ani de zile\">Istorie periurban\u0103! Cooperativa imobiliar\u0103 Giroc, tot sub lupa autorit\u0103\u021bilor statului rom\u00e2n, de mai bine de doi ani de zile<\/a><\/h3>\n<\/div>\n<\/div>\n<\/div>\n<div class=\"td_module_flex td_module_flex_1 td_module_wrap td-animation-stack td-meta-info-hide td-cpt-post\">\n<div class=\"td-module-container td-category-pos-image\">\n<div class=\"td-module-meta-info\">\n<h3 class=\"entry-title td-module-title\"><a href=\"https:\/\/voceatimisului.ro\/directia-nationala-anticoruptie-a-solicitat-sentintele-judecatoresti-obtinute-de-administratia-lui-dominic-fritz-pe-filiera-vicepresedintei-curtii-de-apel-timisoara\/\" rel=\"bookmark\" title=\"Direc\u021bia Na\u021bional\u0103 Anticorup\u021bie a solicitat sentin\u021bele judec\u0103tore\u0219ti, ob\u021binute de administra\u021bia lui Dominic Fritz, pe filiera vicepre\u0219edintei Cur\u021bii de Apel Timi\u0219oara\">Direc\u021bia Na\u021bional\u0103 Anticorup\u021bie a solicitat sentin\u021bele judec\u0103tore\u0219ti, ob\u021binute de administra\u021bia lui Dominic Fritz, pe filiera vicepre\u0219edintei Cur\u021bii de Apel Timi\u0219oara<\/a><\/h3>\n<\/div>\n<\/div>\n<\/div>\n<div class=\"td_module_flex td_module_flex_1 td_module_wrap td-animation-stack td-meta-info-hide td-cpt-post\">\n<div class=\"td-module-container td-category-pos-image\">\n<div class=\"td-module-meta-info\">\n<h3 class=\"entry-title td-module-title\"><a href=\"https:\/\/voceatimisului.ro\/spalatul-pe-maini-primaria-giroc-isi-recupereaza-prejudiciul-de-350-000-euro-rezultat-din-contractele-ilegale-de-asistenta-juridica-nu-de-la-artizanii-care-i-le-au-servit-pe-tava-avocatului-sorinel\/\" rel=\"bookmark\" title=\"Sp\u0103latul pe m\u00e2ini! Prim\u0103ria Giroc \u00ee\u0219i recupereaz\u0103 prejudiciul de 350.000 euro, rezultat din contractele ilegale de asisten\u021b\u0103 juridic\u0103, nu de la artizanii care i le-au servit pe tav\u0103 avocatului Sorinel Golban, ci din buzunarul contribuabililor\">Sp\u0103latul pe m\u00e2ini! Prim\u0103ria Giroc \u00ee\u0219i recupereaz\u0103 prejudiciul de 350.000 euro, rezultat din contractele ilegale de asisten\u021b\u0103 juridic\u0103, nu de la artizanii care i&#8230;<\/a><\/h3>\n<\/div>\n<\/div>\n<\/div>\n<\/div>\n<\/div>\n<\/div>\n<\/div>\n<\/div>\n<\/div>\n<\/div>\n<\/div>\n<p><span class=\"td-page-meta\"><\/span><span class=\"td-page-meta\"><span class=\"td-page-meta\"><\/span><\/span><span class=\"td-page-meta\"><\/span><\/article>\n<p> Source URL: https:\/\/voceatimisului.ro\/zece-inspectori-isctr-timisoara-retinuti-de-dna-pentru-luare-de-mita-in-forma-continuata\/<\/p>\n","protected":false},"excerpt":{"rendered":"<p>\u0218tiriSocial Zece inspectori ISCTR Timi\u0219oara, re\u021binu\u021bi de DNA pentru luare de mit\u0103 \u00een form\u0103 continuat\u0103 Autor-Radu Constantin 12 iunie 2025 0 1908 Facebook Twitter Pinterest WhatsApp Linkedin Copy URL Zece inspectori ISCTR Timi\u0219oara, re\u021binu\u021bi de DNA pentru luare de mit\u0103 \u00een form\u0103 continuat\u0103 Medic primar din F\u0103get, 32 de \u0219p\u0103gi \u00eencasate, trimis \u00een arest la [&hellip;]<\/p>\n","protected":false},"author":1,"featured_media":1335542,"comment_status":"open","ping_status":"","sticky":false,"template":"","format":"standard","meta":{"footnotes":""},"categories":[89],"tags":[199],"class_list":["post-1335540","post","type-post","status-publish","format-standard","has-post-thumbnail","hentry","category-romania","tag-voceatimisului-ro"],"_links":{"self":[{"href":"https:\/\/analyse.optim.biz\/index.php?rest_route=\/wp\/v2\/posts\/1335540","targetHints":{"allow":["GET"]}}],"collection":[{"href":"https:\/\/analyse.optim.biz\/index.php?rest_route=\/wp\/v2\/posts"}],"about":[{"href":"https:\/\/analyse.optim.biz\/index.php?rest_route=\/wp\/v2\/types\/post"}],"author":[{"embeddable":true,"href":"https:\/\/analyse.optim.biz\/index.php?rest_route=\/wp\/v2\/users\/1"}],"replies":[{"embeddable":true,"href":"https:\/\/analyse.optim.biz\/index.php?rest_route=%2Fwp%2Fv2%2Fcomments&post=1335540"}],"version-history":[{"count":0,"href":"https:\/\/analyse.optim.biz\/index.php?rest_route=\/wp\/v2\/posts\/1335540\/revisions"}],"wp:featuredmedia":[{"embeddable":true,"href":"https:\/\/analyse.optim.biz\/index.php?rest_route=\/wp\/v2\/media\/1335542"}],"wp:attachment":[{"href":"https:\/\/analyse.optim.biz\/index.php?rest_route=%2Fwp%2Fv2%2Fmedia&parent=1335540"}],"wp:term":[{"taxonomy":"category","embeddable":true,"href":"https:\/\/analyse.optim.biz\/index.php?rest_route=%2Fwp%2Fv2%2Fcategories&post=1335540"},{"taxonomy":"post_tag","embeddable":true,"href":"https:\/\/analyse.optim.biz\/index.php?rest_route=%2Fwp%2Fv2%2Ftags&post=1335540"}],"curies":[{"name":"wp","href":"https:\/\/api.w.org\/{rel}","templated":true}]}}