{"id":1335524,"date":"2014-05-28T08:50:12","date_gmt":"2014-05-28T05:50:12","guid":{"rendered":"https:\/\/analyse.optim.biz\/?p=1335524"},"modified":"2014-05-28T08:50:12","modified_gmt":"2014-05-28T05:50:12","slug":"primaria-organizeaza-petrecere-de-1-iunie-in-parcul-copiilor","status":"publish","type":"post","link":"https:\/\/analyse.optim.biz\/?p=1335524","title":{"rendered":"Prim\u0103ria organizeaz\u0103 petrecere de 1 iunie \u00een Parcul Copiilor"},"content":{"rendered":"<article id=\"template-id-172790\" class=\"post-172790 tdb_templates type-tdb_templates status-publish post\">\n<div id=\"tdi_52\" class=\"tdc-zone\">\n<div class=\"tdc_zone tdi_53  wpb_row td-pb-row\">\n<div id=\"tdi_54\" class=\"tdc-row stretch_row_1400 td-stretch-content\">\n<div class=\"vc_row tdi_55  wpb_row td-pb-row tdc-element-style\">\n<div class=\"vc_column tdi_57  wpb_column vc_column_container tdc-column td-pb-span8\">\n<div class=\"wpb_wrapper\">\n<div class=\"td_block_wrap tdb_single_categories tdi_58 td-pb-border-top td_block_template_1 \" data-td-block-uid=\"tdi_58\">\n<div class=\"tdb-category td-fix-index\"><a class=\"tdb-entry-category\" href=\"https:\/\/voceatimisului.ro\/category\/stiri-din-timisoara-si-timis\/\">\u0218tiri<\/a><a class=\"tdb-entry-category\" href=\"https:\/\/voceatimisului.ro\/category\/stiri-din-timisoara-si-timis\/eveniment\/\">Eveniment<\/a><\/div>\n<\/div>\n<div class=\"td_block_wrap tdb_title tdi_59 tdb-single-title td-pb-border-top td_block_template_1\" data-td-block-uid=\"tdi_59\">\n<div class=\"tdb-block-inner td-fix-index\">\n<h1 class=\"tdb-title-text\">Prim\u0103ria organizeaz\u0103 petrecere de 1 iunie \u00een Parcul Copiilor<\/h1>\n<\/div>\n<\/div>\n<div class=\"vc_row_inner tdi_62  vc_row vc_inner wpb_row td-pb-row\">\n<div class=\"vc_column_inner tdi_64  wpb_column vc_column_container tdc-inner-column td-pb-span6\">\n<div class=\"vc_column-inner\">\n<div class=\"wpb_wrapper\">\n<div class=\"td_block_wrap tdb_single_author tdi_65 td-pb-border-top td_block_template_1 tdb-post-meta\" data-td-block-uid=\"tdi_65\">\n<div class=\"tdb-block-inner td-fix-index\">\n<div class=\"tdb-author-name-wrap\"><span class=\"tdb-author-by\">Autor-<\/span><a class=\"tdb-author-name\" href=\"https:\/\/voceatimisului.ro\/author\/redactia\/\">Redac\u021bia<\/a><\/div>\n<\/div>\n<\/div>\n<div class=\"td_block_wrap tdb_single_date tdi_66 td-pb-border-top td_block_template_1 tdb-post-meta\" data-td-block-uid=\"tdi_66\">\n<div class=\"tdb-block-inner td-fix-index\"><time class=\"entry-date updated td-module-date\" datetime=\"2014-05-28T11:50:12+03:00\">28 mai 2014<\/time><\/div>\n<\/div>\n<div class=\"td_block_wrap tdb_single_comments_count tdi_67 td-pb-border-top td_block_template_1 tdb-post-meta\" data-td-block-uid=\"tdi_67\">\n<div class=\"tdb-block-inner td-fix-index\"><a href=\"https:\/\/voceatimisului.ro\/primaria-organizeaza-petrecere-de-1-iunie-parcul-copiilor\/#respond\"><span>0<\/span><\/a><\/div>\n<\/div>\n<div class=\"td_block_wrap tdb_single_post_views tdi_68 td-pb-border-top td_block_template_1 tdb-post-meta\" data-td-block-uid=\"tdi_68\">\n<div class=\"tdb-block-inner td-fix-index\"><span class=\"tdb-add-text\">1<\/span><span class=\"td-nr-views-50754\">1138<\/span><\/div>\n<\/div>\n<\/div>\n<\/div>\n<\/div>\n<div class=\"vc_column_inner tdi_70  wpb_column vc_column_container tdc-inner-column td-pb-span6\">\n<div class=\"vc_column-inner\">\n<div class=\"wpb_wrapper\">\n<div class=\"td_block_wrap tdb_single_post_share tdi_71  td-pb-border-top td_block_template_1\" data-td-block-uid=\"tdi_71\">\n<div id=\"tdi_71\" class=\"td-post-sharing tdb-block td-ps-bg td-ps-notext td-post-sharing-style1 \">\n<div class=\"td-post-sharing-visible\"><a class=\"td-social-sharing-button td-social-sharing-button-js td-social-network td-social-facebook\" href=\"https:\/\/www.facebook.com\/sharer.php?u=https%3A%2F%2Fvoceatimisului.ro%2Fprimaria-organizeaza-petrecere-de-1-iunie-parcul-copiilor%2F\" title=\"Facebook\" rel=\"noopener\"><\/p>\n<div class=\"td-social-but-text\">Facebook<\/div>\n<p><\/a><a class=\"td-social-sharing-button td-social-sharing-button-js td-social-network td-social-twitter\" href=\"https:\/\/twitter.com\/intent\/tweet?text=Prim%C4%83ria+organizeaz%C4%83+petrecere+de+1+iunie+%C3%AEn+Parcul+Copiilor&amp;url=https%3A%2F%2Fvoceatimisului.ro%2Fprimaria-organizeaza-petrecere-de-1-iunie-parcul-copiilor%2F&amp;via=Vocea+Timisului\" title=\"Twitter\" rel=\"noopener\"><\/p>\n<div class=\"td-social-but-text\">Twitter<\/div>\n<p><\/a><a class=\"td-social-sharing-button td-social-sharing-button-js td-social-network td-social-pinterest\" href=\"https:\/\/pinterest.com\/pin\/create\/button\/?url=https:\/\/voceatimisului.ro\/primaria-organizeaza-petrecere-de-1-iunie-parcul-copiilor\/&amp;media=https:\/\/analyse.optim.biz\/wp-content\/uploads\/2026\/01\/parcul-copiilor-timisoara-14-1.jpg&amp;description=Prim%C4%83ria+organizeaz%C4%83+petrecere+de+1+iunie+%C3%AEn+Parcul+Copiilor\" title=\"Pinterest\" rel=\"noopener\"><\/p>\n<div class=\"td-social-but-text\">Pinterest<\/div>\n<p><\/a><a class=\"td-social-sharing-button td-social-sharing-button-js td-social-network td-social-whatsapp\" href=\"https:\/\/api.whatsapp.com\/send?text=Prim%C4%83ria+organizeaz%C4%83+petrecere+de+1+iunie+%C3%AEn+Parcul+Copiilor%20%0A%0A%20https:\/\/voceatimisului.ro\/primaria-organizeaza-petrecere-de-1-iunie-parcul-copiilor\/\" title=\"WhatsApp\" rel=\"noopener\"><\/p>\n<div class=\"td-social-but-text\">WhatsApp<\/div>\n<p><\/a><a class=\"td-social-sharing-button td-social-sharing-button-js td-social-network td-social-linkedin\" href=\"https:\/\/www.linkedin.com\/shareArticle?mini=true&amp;url=https:\/\/voceatimisului.ro\/primaria-organizeaza-petrecere-de-1-iunie-parcul-copiilor\/&amp;title=Prim%C4%83ria+organizeaz%C4%83+petrecere+de+1+iunie+%C3%AEn+Parcul+Copiilor\" title=\"Linkedin\" rel=\"noopener\"><\/p>\n<div class=\"td-social-but-text\">Linkedin<\/div>\n<p><\/a><a class=\"td-social-sharing-button td-social-sharing-button-js td-social-network td-social-copy_url\" href=\"https:\/\/voceatimisului.ro\/primaria-organizeaza-petrecere-de-1-iunie-parcul-copiilor\/\" title=\"Copy URL\" rel=\"noopener\"><\/p>\n<div class=\"td-social-but-text\">Copy URL<\/div>\n<p><\/a><\/div>\n<\/div>\n<\/div>\n<\/div>\n<\/div>\n<\/div>\n<\/div>\n<div class=\"td_block_wrap tdb_single_featured_image tdi_72 tdb-content-horiz-left td-pb-border-top td_block_template_1\" data-td-block-uid=\"tdi_72\">\n<div class=\"tdb-block-inner td-fix-index\">\n<figure><img loading=\"lazy\" decoding=\"async\" width=\"696\" height=\"522\" class=\"entry-thumb\" src=\"https:\/\/analyse.optim.biz\/wp-content\/uploads\/2026\/01\/parcul-copiilor-timisoara-14-696x522-2.jpg\" alt=\"parcul copiilor timisoara 14\" title=\"parcul copiilor timisoara 14\"><figcaption class=\"tdb-caption-text\">parcul copiilor timisoara 14<\/figcaption><\/figure>\n<\/div>\n<\/div>\n<div class=\"vc_row_inner tdi_74  vc_row vc_inner wpb_row td-pb-row\">\n<div class=\"vc_column_inner tdi_76  wpb_column vc_column_container tdc-inner-column td-pb-span4 td-is-sticky\">\n<div class=\"vc_column-inner\">\n<div class=\"wpb_wrapper\" data-sticky-enabled-on=\"W3RydWUsdHJ1ZSx0cnVlLHRydWVd\" data-sticky-offset=\"20\" data-sticky-is-width-auto=\"W2ZhbHNlLGZhbHNlLGZhbHNlLGZhbHNlXQ==\">\n<div class=\"td_block_wrap td_flex_block_1 tdi_77 td-pb-border-top td_block_template_1 td_ajax_preloading_preload td_flex_block\" data-td-block-uid=\"tdi_77\">\n<div id=\"tdi_77\" class=\"td_block_inner td-mc1-wrap\">\n<div class=\"td_module_flex td_module_flex_1 td_module_wrap td-animation-stack td-meta-info-hide td-cpt-post\">\n<div class=\"td-module-container td-category-pos-image\">\n<div class=\"td-module-meta-info\">\n<h3 class=\"entry-title td-module-title\"><a href=\"https:\/\/voceatimisului.ro\/eveniment-de-iarna-la-muzeul-satului-banatean-organizat-de-consiliul-judetean-timis\/\" rel=\"bookmark\" title=\"Eveniment de iarn\u0103 la Muzeul Satului B\u0103n\u0103\u021bean, organizat de Consiliul Jude\u021bean Timi\u0219\">Eveniment de iarn\u0103 la Muzeul Satului B\u0103n\u0103\u021bean, organizat de Consiliul Jude\u021bean Timi\u0219<\/a><\/h3>\n<\/div>\n<\/div>\n<\/div>\n<div class=\"td_module_flex td_module_flex_1 td_module_wrap td-animation-stack td-meta-info-hide td-cpt-post\">\n<div class=\"td-module-container td-category-pos-image\">\n<div class=\"td-module-meta-info\">\n<h3 class=\"entry-title td-module-title\"><a href=\"https:\/\/voceatimisului.ro\/la-verde-events-fiecare-moment-devine-o-amintire-de-neuitat\/\" rel=\"bookmark\" title=\"La Verde Events, fiecare moment devine o amintire de neuitat\">La Verde Events, fiecare moment devine o amintire de neuitat<\/a><\/h3>\n<\/div>\n<\/div>\n<\/div>\n<div class=\"td_module_flex td_module_flex_1 td_module_wrap td-animation-stack td-meta-info-hide td-cpt-post\">\n<div class=\"td-module-container td-category-pos-image\">\n<div class=\"td-module-meta-info\">\n<h3 class=\"entry-title td-module-title\"><a href=\"https:\/\/voceatimisului.ro\/fritz-face-poze-copacii-cad-noroc-ca-n-a-murit-nimeni-inca\/\" rel=\"bookmark\" title=\"Fritz face poze, copacii cad: noroc c\u0103 n-a murit nimeni. \u00cenc\u0103.\">Fritz face poze, copacii cad: noroc c\u0103 n-a murit nimeni. \u00cenc\u0103.<\/a><\/h3>\n<\/div>\n<\/div>\n<\/div>\n<div class=\"td_module_flex td_module_flex_1 td_module_wrap td-animation-stack td-meta-info-hide td-cpt-post\">\n<div class=\"td-module-container td-category-pos-image\">\n<div class=\"td-module-meta-info\">\n<h3 class=\"entry-title td-module-title\"><a href=\"https:\/\/voceatimisului.ro\/trei-zile-de-sarbatoare-in-sag-dedicate-copiilor-si-tinerilor-din-comuna\/\" rel=\"bookmark\" title=\"Trei zile de s\u0103rb\u0103toare \u00een \u0218ag, dedicate copiilor \u0219i tinerilor din comun\u0103\">Trei zile de s\u0103rb\u0103toare \u00een \u0218ag, dedicate copiilor \u0219i tinerilor din comun\u0103<\/a><\/h3>\n<\/div>\n<\/div>\n<\/div>\n<\/div>\n<\/div>\n<div class=\"tdb-author-box td_block_wrap tdb_single_author_box tdi_82 tdb-content-vert-top td-pb-border-top td_block_template_1\" data-td-block-uid=\"tdi_82\">\n<div class=\"tdb-block-inner td-fix-index\">\n<div class=\"tdb-author-info\"><a href=\"https:\/\/voceatimisului.ro\/author\/redactia\/\" class=\"tdb-author-name\">Redac\u021bia<\/a><\/p>\n<div class=\"tdb-author-descr\">\u00centreaga responsabilitate a comentariilor l\u0103sate de dumneavoastr\u0103 v\u0103 apar\u021bine!<br \/>\nClick <a href=\"https:\/\/voceatimisului.ro\/termeni-si-conditii\/\">aici<\/a>-citeste condi\u0163iile de utilizare ale site-ului www.voceatimisului.ro<\/div>\n<\/div>\n<\/div>\n<\/div>\n<\/div>\n<\/div>\n<\/div>\n<div class=\"vc_column_inner tdi_84  wpb_column vc_column_container tdc-inner-column td-pb-span8\">\n<div class=\"vc_column-inner\">\n<div class=\"wpb_wrapper\">\n<div class=\"td_block_wrap tdb_single_content tdi_85 td-pb-border-top td_block_template_1 td-post-content tagdiv-type\" data-td-block-uid=\"tdi_85\">\n<div class=\"tdb-block-inner td-fix-index\">\n<p><strong>S\u00e2mb\u0103t\u0103 \u015fi duminic\u0103<\/strong>, \u00eentre orele <strong>10.00 \u2013 19.00<\/strong>, vor avea loc multe ac\u0163iuni pentru cei mici: face painting, ateliere de pictur\u0103, modelaj, sculptur\u0103, pictur\u0103 pe ceramic\u0103, demonstra\u0163ii de yoga pentru copii, plimb\u0103ri gratuite pe <strong>Bega<\/strong> cu <strong>Corabia Pira\u0163ilor<\/strong>, discotec\u0103 \u00een aer liber, ateliere specifice situa\u0163iilor de urgen\u0163\u0103: acordarea primului ajutor, salv\u0103ri de la \u00een\u0103l\u0163ime\/ tirolian\u0103, prezentarea echipamentelor \u015fi a tehnicii din dotarea echipei de scafandri,<\/p>\n<p>Prim\u0103ria nu i-a uitat nici pe p\u0103rin\u0163i \u015fi bunici care, \u00een timpul petrecerii, pot vizita <strong>T\u00e2rgul Educa\u0163ional 2014<\/strong> unde g\u0103sesc cele mai interesante oferte de cre\u015fe, gr\u0103dini\u0163e, after-school, cluburi de muzic\u0103, \u00eenot, dans \u015fi locuri de joac\u0103 pentru copii.<\/p>\n<p><strong>S\u00e2mb\u0103t\u0103, 31 mai<\/strong><\/p>\n<p><strong>Zona Elicopter<\/strong>: 10.00 \u2013 20.00 Mini Disco<\/p>\n<p><strong>Platou Carusel:<\/strong><\/p>\n<p>10.00 Spectacol Muzical Kinderwelt Club<\/p>\n<p>10.30\u00a0 Spectacol Trupa Splash<\/p>\n<p>11.00 Spectacol muzic\u0103 u\u015foar\u0103 cu grupul Mini Flores \u2013 Palatul Copiilor din Timi\u015foara<\/p>\n<p>13.00 Zumba<\/p>\n<p>13.30 Dansuri germane \u2013 grupa preg\u0103titoare de la Colegiul Na\u0163ional B\u0103n\u0103\u0163ean Timi\u015foara<\/p>\n<p>14.00 Demonstra\u0163ii de dans \u2013 Clubul Dance Spirit<\/p>\n<p>16.00 Demostra\u0163ii de dans pentru copii prezentate de Clubul de Dans Sportiv Magnum VRD<\/p>\n<p>17.00 Spectacol de percu\u0163ie cu Ansamblul Splash \u2013 Liceul de Muzic\u0103 Ion Vidu<\/p>\n<p>18.00 Trupa de teatru Magic Oz<\/p>\n<p>19.00 Demonstra\u0163ii de dans \u2013 Clubul Dance Spirit<\/p>\n<p><strong>Duminic\u0103, 1 iunie<\/strong><\/p>\n<p><strong>Zona Elicopter:\u00a0<\/strong>10.00 \u2013 20.00 Mini Disco<\/p>\n<p><strong>Zona Tunel<\/strong>: 10.00 \u2013 20.00 Ateliere de ol\u0103rit<\/p>\n<p><strong>Platou Carusel:<\/strong><\/p>\n<p>09.00 Pitishow cu Eva Labadi, transmis \u00een direct la Radio Timi\u015foara<\/p>\n<p>10.00 Mini Fanfar\u0103 de la Liceul de Muzica Ion Vidu<\/p>\n<p>11.00\u00a0 Spectacolul Ariciul \u2013 Teatrul pentru copii \u015fi tineret \u201cMerlin\u201d<\/p>\n<p>12.00 Vitez Laszlo invitat din Ungaria prezint\u0103 \u00een premier\u0103 un spectacol de talie mondial\u0103<\/p>\n<p>13.00 Zumba pentru copii<\/p>\n<p>14.00 Demonstra\u0163ii de dans \u2013 Clubul Dance Spirit<\/p>\n<p>14.30 Balet pentru pitici \u2013 Club Eliana<\/p>\n<p>15.00 Noua poveste a Scufi\u0163ei Ro\u015fii \u2013 Teatrul pentru copii \u015fi tineret \u201cMerlin\u201d<\/p>\n<p>16.00 C\u00e2ntece \u015fi dansuri populare \u2013 Palatul Copiilor din Timi\u015foara<\/p>\n<p>16.00 Demonstra\u0163ii de dans \u2013 Clubul Dance Spirit<\/p>\n<p>17.00 Improviza\u0163ie cu m\u0103\u015fti Teatrul pentru copii \u015fi tineret \u201cMerlin\u201d<\/p>\n<p>18.00 Demostra\u0163ii de dans pentru copii prezentate de Magnum VRD<\/p>\n<p>19.00 Burattino \u2013 Teatrul pentru copii \u015fi tineret \u201cMerlin\u201d<\/p>\n<p>19.30 Party cu Mircea Chiu, Eva Labadi \u015fi Asocia\u0163ia Puppetmania<\/p>\n<p><strong>C\u0103su\u0163a de pe deal<\/strong><\/p>\n<p>Clubul Activitate Afar\u0103 a preg\u0103tit un program special pentru copii:<\/p>\n<p>12.00- 15.00 Activit\u0103\u0163i sportive \u015fi distractive:<\/p>\n<p>\u2013 Tir cu arcul (s\u0103ge\u0163i cu ventuz\u0103)<br \/>\n\u2013 Slackline\u00a0(mersul pe sfoar\u0103 sau echilibrare pe o bucat\u0103 de ching\u0103 \u00eentins\u0103 \u00eentre dou\u0103 puncte)<br \/>\n\u2013 Mini Golf<br \/>\n\u2013 Petanque(joc cu bile al c\u0103rui scop este de a arunca bilele de metal c\u00e2t mai aproape de o \u021bint\u0103)<\/p>\n<p>16.00 V\u00e2n\u0103toarea de comori:<\/p>\n<p>-copiii trebuie s\u0103 urmareasc\u0103 indiciile \u015fi s\u0103 descopere \u00eentr-un final locul unde este ascuns\u0103 o comoar\u0103;<br \/>\n-pe parcursul v\u00e2n\u0103toarei de comori, copiii vor trebui s\u0103 deslu\u015feasc\u0103 enigme, s\u0103 r\u0103spund\u0103 la ghicitori sau s\u0103 participe la diferite probe;<br \/>\n-activitatea este una dinamic\u0103 \u015fi distractiv\u0103<\/p>\n<p><strong>Parcul Rozelor<\/strong><\/p>\n<p><strong>Duminic\u0103, 1 iunie Casa de Cultur\u0103 a Municipiului Timi\u015foara a preg\u0103tit un program artistic dedicat Zilei Copilului:<\/strong><\/p>\n<p>18:30 \u2013 Liceul Teoretic \u201cNikolaus Lenau\u201d \u2013 dansuri moderne<\/p>\n<p>19:00 \u2013 Grupul Reflex \u2013 dans modern \u015fi muzic\u0103 u\u015foar\u0103<\/p>\n<p>19:30 \u2013 Spectacol de c\u00e2ntece \u015fi dansuri populare sus\u0163inut de forma\u0163iile de copii \u015fi tineret ale Ansamblului \u201eTimi\u015ful\u201d<\/p>\n<\/div>\n<\/div>\n<div class=\"td_block_wrap tdb_single_tags tdi_88 td-pb-border-top td_block_template_1\" data-td-block-uid=\"tdi_88\">\n<div class=\"tdb-block-inner td-fix-index\">\n<ul class=\"tdb-tags\">\n<li><span>Tags<\/span><\/li>\n<li><a href=\"https:\/\/voceatimisului.ro\/tag\/eveniment-2\/\">eveniment<\/a><\/li>\n<li><a href=\"https:\/\/voceatimisului.ro\/tag\/parcul-copiilor\/\">parcul copiilor<\/a><\/li>\n<li><a href=\"https:\/\/voceatimisului.ro\/tag\/petrecere\/\">petrecere<\/a><\/li>\n<li><a href=\"https:\/\/voceatimisului.ro\/tag\/primarie\/\">primarie<\/a><\/li>\n<li><a href=\"https:\/\/voceatimisului.ro\/tag\/ziua-copilului\/\">ziua copilului<\/a><\/li>\n<\/ul>\n<\/div>\n<\/div>\n<div class=\"td_block_wrap tdb_single_post_share tdi_89  td-pb-border-top td_block_template_1\" data-td-block-uid=\"tdi_89\">\n<div id=\"tdi_89\" class=\"td-post-sharing tdb-block td-ps-bg td-ps-notext td-post-sharing-style1 \">\n<div class=\"td-post-sharing-visible\"><a class=\"td-social-sharing-button td-social-sharing-button-js td-social-network td-social-facebook\" href=\"https:\/\/www.facebook.com\/sharer.php?u=https%3A%2F%2Fvoceatimisului.ro%2Fprimaria-organizeaza-petrecere-de-1-iunie-parcul-copiilor%2F\" title=\"Facebook\" rel=\"noopener\"><\/p>\n<div class=\"td-social-but-text\">Facebook<\/div>\n<p><\/a><a class=\"td-social-sharing-button td-social-sharing-button-js td-social-network td-social-twitter\" href=\"https:\/\/twitter.com\/intent\/tweet?text=Prim%C4%83ria+organizeaz%C4%83+petrecere+de+1+iunie+%C3%AEn+Parcul+Copiilor&amp;url=https%3A%2F%2Fvoceatimisului.ro%2Fprimaria-organizeaza-petrecere-de-1-iunie-parcul-copiilor%2F&amp;via=Vocea+Timisului\" title=\"Twitter\" rel=\"noopener\"><\/p>\n<div class=\"td-social-but-text\">Twitter<\/div>\n<p><\/a><a class=\"td-social-sharing-button td-social-sharing-button-js td-social-network td-social-pinterest\" href=\"https:\/\/pinterest.com\/pin\/create\/button\/?url=https:\/\/voceatimisului.ro\/primaria-organizeaza-petrecere-de-1-iunie-parcul-copiilor\/&amp;media=https:\/\/analyse.optim.biz\/wp-content\/uploads\/2026\/01\/parcul-copiilor-timisoara-14-1.jpg&amp;description=Prim%C4%83ria+organizeaz%C4%83+petrecere+de+1+iunie+%C3%AEn+Parcul+Copiilor\" title=\"Pinterest\" rel=\"noopener\"><\/p>\n<div class=\"td-social-but-text\">Pinterest<\/div>\n<p><\/a><a class=\"td-social-sharing-button td-social-sharing-button-js td-social-network td-social-whatsapp\" href=\"https:\/\/api.whatsapp.com\/send?text=Prim%C4%83ria+organizeaz%C4%83+petrecere+de+1+iunie+%C3%AEn+Parcul+Copiilor%20%0A%0A%20https:\/\/voceatimisului.ro\/primaria-organizeaza-petrecere-de-1-iunie-parcul-copiilor\/\" title=\"WhatsApp\" rel=\"noopener\"><\/p>\n<div class=\"td-social-but-text\">WhatsApp<\/div>\n<p><\/a><a class=\"td-social-sharing-button td-social-sharing-button-js td-social-network td-social-linkedin\" href=\"https:\/\/www.linkedin.com\/shareArticle?mini=true&amp;url=https:\/\/voceatimisului.ro\/primaria-organizeaza-petrecere-de-1-iunie-parcul-copiilor\/&amp;title=Prim%C4%83ria+organizeaz%C4%83+petrecere+de+1+iunie+%C3%AEn+Parcul+Copiilor\" title=\"Linkedin\" rel=\"noopener\"><\/p>\n<div class=\"td-social-but-text\">Linkedin<\/div>\n<p><\/a><a class=\"td-social-sharing-button td-social-sharing-button-js td-social-network td-social-copy_url\" href=\"https:\/\/voceatimisului.ro\/primaria-organizeaza-petrecere-de-1-iunie-parcul-copiilor\/\" title=\"Copy URL\" rel=\"noopener\"><\/p>\n<div class=\"td-social-but-text\">Copy URL<\/div>\n<p><\/a><\/div>\n<\/div>\n<\/div>\n<div class=\"td_block_wrap tdb_single_next_prev tdi_90 td-animation-stack td-next-prev-img-on td-pb-border-top td_block_template_1\" data-td-block-uid=\"tdi_90\">\n<div class=\"tdb-block-inner td-fix-index\">\n<div class=\"tdb-next-post tdb-next-post-bg tdb-post-prev\"><span>Articolul precedent<\/span><\/p>\n<div class=\"td-module-container\">\n<div class=\"td-image-container\"><a class=\"td-image-wrap\" href=\"https:\/\/voceatimisului.ro\/hotii-se-protejeaza-intre-ei-florin-popescu-baronul-puisor-scapa-de-arest-preventiv\/\"><img loading=\"lazy\" decoding=\"async\" class=\"td-next-prev-image td-fix-index td-lazy-img\" title=\"Ho\u021bii se protejeaz\u0103 \u00eentre ei. Florin Popescu, baronul \u201ePui\u0219or\u201d, scap\u0103 de arest preventiv\" width=\"696\" height=\"519\" src=\"https:\/\/analyse.optim.biz\/wp-content\/uploads\/2026\/01\/florin-popescu-foto-buna-jpg-696x519-1.webp\"><\/a><\/div>\n<div class=\"next-prev-title\"><a href=\"https:\/\/voceatimisului.ro\/hotii-se-protejeaza-intre-ei-florin-popescu-baronul-puisor-scapa-de-arest-preventiv\/\">Ho\u021bii se protejeaz\u0103 \u00eentre ei. Florin Popescu, baronul \u201ePui\u0219or\u201d, scap\u0103 de arest preventiv<\/a><\/div>\n<\/div>\n<\/div>\n<div class=\"tdb-next-post tdb-next-post-bg tdb-post-next\"><span>Articolul urm\u0103tor<\/span><\/p>\n<div class=\"td-module-container\">\n<div class=\"td-image-container\"><a class=\"td-image-wrap\" href=\"https:\/\/voceatimisului.ro\/pompierii-isu-detasati-serbia-au-fost-premiati-de-cjt-cu-tablouri-diplome-si-bani\/\"><img loading=\"lazy\" decoding=\"async\" class=\"td-next-prev-image td-fix-index td-lazy-img\" title=\"Pompierii ISU deta\u0219a\u021bi \u00een Serbia au fost premia\u021bi de CJT cu tablouri, diplome \u0219i bani\" width=\"696\" height=\"522\" src=\"https:\/\/analyse.optim.biz\/wp-content\/uploads\/2026\/01\/salvare-animale-2-696x522-1.jpg\"><\/a><\/div>\n<div class=\"next-prev-title\"><a href=\"https:\/\/voceatimisului.ro\/pompierii-isu-detasati-serbia-au-fost-premiati-de-cjt-cu-tablouri-diplome-si-bani\/\">Pompierii ISU deta\u0219a\u021bi \u00een Serbia au fost premia\u021bi de CJT cu tablouri, diplome \u0219i bani<\/a><\/div>\n<\/div>\n<\/div>\n<\/div>\n<\/div>\n<\/div>\n<\/div>\n<\/div>\n<\/div>\n<div class=\"vc_row_inner tdi_100  vc_row vc_inner wpb_row td-pb-row\">\n<div class=\"vc_column_inner tdi_102  wpb_column vc_column_container tdc-inner-column td-pb-span4 td-is-sticky\">\n<div class=\"vc_column-inner\">\n<div class=\"wpb_wrapper\" data-sticky-enabled-on=\"W3RydWUsdHJ1ZSx0cnVlLHRydWVd\" data-sticky-offset=\"20\" data-sticky-is-width-auto=\"W2ZhbHNlLGZhbHNlLGZhbHNlLGZhbHNlXQ==\">\n<div class=\"td_block_wrap tdb_single_related tdi_103 td_with_ajax_pagination td-pb-border-top td_block_template_1 tdb-single-related-posts\" data-td-block-uid=\"tdi_103\">\n<div id=\"tdi_103\" class=\"td_block_inner tdb-block-inner td-fix-index\">\n<div class=\"tdb_module_related td_module_wrap td-animation-stack td-meta-info-hide\">\n<div class=\"td-module-container td-category-pos-image\">\n<div class=\"td-module-meta-info\">\n<h3 class=\"entry-title td-module-title\"><a href=\"https:\/\/voceatimisului.ro\/investitii-enel-primarul-robu-anunta-ca-in-zona-de-sud-a-timisoarei-nu-mai-sunt-pene-de-curent\/\" rel=\"bookmark\" title=\"Investitii Enel. Primarul Robu anunta ca in zona de sud a Timisoarei nu mai sunt pene de curent\">Investitii Enel. Primarul Robu anunta ca in zona de sud a Timisoarei nu mai sunt pene de curent<\/a><\/h3>\n<\/div>\n<\/div>\n<\/div>\n<div class=\"tdb_module_related td_module_wrap td-animation-stack td-meta-info-hide\">\n<div class=\"td-module-container td-category-pos-image\">\n<div class=\"td-module-meta-info\">\n<h3 class=\"entry-title td-module-title\"><a href=\"https:\/\/voceatimisului.ro\/burse-de-7-500-000-de-lei-pentru-elevii-din-timisoara-cum-se-impart-banii-de-la-primarie\/\" rel=\"bookmark\" title=\"Burse de 7.500.000 de lei pentru elevii din Timisoara. Cum se impart banii de la primarie\">Burse de 7.500.000 de lei pentru elevii din Timisoara. Cum se impart banii de la primarie<\/a><\/h3>\n<\/div>\n<\/div>\n<\/div>\n<div class=\"tdb_module_related td_module_wrap td-animation-stack td-meta-info-hide\">\n<div class=\"td-module-container td-category-pos-image\">\n<div class=\"td-module-meta-info\">\n<h3 class=\"entry-title td-module-title\"><a href=\"https:\/\/voceatimisului.ro\/scaderi-de-salarii-in-primaria-timisoara-cine-sunt-angajatii-de-care-primarul-e-nemultumit\/\" rel=\"bookmark\" title=\"Scaderi de salarii in Primaria Timisoara. Cine sunt angajatii de care primarul e nemultumit\">Scaderi de salarii in Primaria Timisoara. Cine sunt angajatii de care primarul e nemultumit<\/a><\/h3>\n<\/div>\n<\/div>\n<\/div>\n<\/div>\n<\/div>\n<\/div>\n<\/div>\n<\/div>\n<div class=\"vc_column_inner tdi_105  wpb_column vc_column_container tdc-inner-column td-pb-span8\">\n<div class=\"vc_column-inner\">\n<div class=\"wpb_wrapper\">\n<div class=\"td_block_wrap tdb_single_comments tdi_106 tdb-comm-layout2 td-pb-border-top td_block_template_2\" data-td-block-uid=\"tdi_106\">\n<div class=\"tdb-block-inner td-fix-index\">\n<div class=\"comments\" id=\"comments\">\n<div id=\"respond\" class=\"comment-respond\">\n<h3 id=\"reply-title\" class=\"comment-reply-title\">L\u0102SA\u021aI UN MESAJ <small><a rel=\"nofollow\" id=\"cancel-comment-reply-link\" href=\"https:\/\/voceatimisului.ro\/primaria-organizeaza-petrecere-de-1-iunie-parcul-copiilor\/#respond\">Renun\u021ba\u021bi la r\u0103spuns<\/a><\/small><\/h3>\n<div class=\"comment-form-input-wrap td-form-comment\">\n<div class=\"td-warning-comment\">V\u0103 rug\u0103m s\u0103 introduce\u021bi comentariul dvs.!<\/div>\n<\/div>\n<div class=\"comment-form-input-wrap td-form-author\">\n<div class=\"td-warning-author\">Introduce\u021bi aici numele dvs.<\/div>\n<\/div>\n<div class=\"comment-form-input-wrap td-form-email\">\n<div class=\"td-warning-email-error\">A\u021bi introdus o adres\u0103 de e-mail incorect\u0103!<\/div>\n<div class=\"td-warning-email\">V\u0103 rug\u0103m s\u0103 introduce\u021bi adresa dvs. de e-mail aici<\/div>\n<\/div>\n<\/div>\n<\/div>\n<\/div>\n<\/div>\n<\/div>\n<\/div>\n<\/div>\n<\/div>\n<\/div>\n<\/div>\n<div class=\"vc_column tdi_108  wpb_column vc_column_container tdc-column td-pb-span4 td-is-sticky\">\n<div class=\"wpb_wrapper\" data-sticky-enabled-on=\"W3RydWUsdHJ1ZSx0cnVlLHRydWVd\" data-sticky-offset=\"20\" data-sticky-is-width-auto=\"W2ZhbHNlLGZhbHNlLGZhbHNlLGZhbHNlXQ==\">\n<div class=\"vc_row_inner tdi_110  vc_row vc_inner wpb_row td-pb-row\">\n<div class=\"vc_column_inner tdi_112  wpb_column vc_column_container tdc-inner-column td-pb-span12\">\n<div class=\"vc_column-inner\">\n<div class=\"wpb_wrapper\">\n<div class=\"td_block_wrap td_block_title tdi_113 td-pb-border-top td_block_template_11 td-fix-index\" data-td-block-uid=\"tdi_113\">\n<div class=\"td-block-title-wrap\">\n<h4 class=\"td-block-title\"><span class=\"td-pulldown-size\">ANUN\u021aURI \u0218I PUBLICITATE<\/span><\/h4>\n<\/div>\n<\/div>\n<\/div>\n<\/div>\n<\/div>\n<\/div>\n<div class=\"wpb_wrapper td_block_wrap vc_widget_sidebar tdi_115 \">\n<aside id=\"block-10\" class=\"td_block_template_1 widget block-10 widget_block widget_media_image\">\n<figure class=\"wp-block-image size-full\"><a href=\"https:\/\/adpghiroda.ro\/index.html\" target=\"_blank\" rel=\" noreferrer noopener\"><img decoding=\"async\" loading=\"lazy\" width=\"960\" height=\"960\" src=\"https:\/\/analyse.optim.biz\/wp-content\/uploads\/2026\/01\/adp-ghiroda2-220.jpg\" class=\"wp-image-171492\" title=\"adp-ghiroda2-220\"><\/a><\/figure>\n<\/aside>\n<aside id=\"block-11\" class=\"td_block_template_1 widget block-11 widget_block widget_media_image\">\n<figure class=\"wp-block-image size-full\"><a href=\"https:\/\/adpghiroda.ro\/index.html\" target=\"_blank\" rel=\" noreferrer noopener\"><img decoding=\"async\" loading=\"lazy\" width=\"960\" height=\"960\" src=\"https:\/\/analyse.optim.biz\/wp-content\/uploads\/2026\/01\/adp-ghiroda1-220.jpg\" class=\"wp-image-171491\" title=\"adp-ghiroda1-220\"><\/a><\/figure>\n<\/aside>\n<aside id=\"block-17\" class=\"td_block_template_1 widget block-17 widget_block widget_media_image\">\n<figure class=\"wp-block-image size-large is-resized\"><a href=\"https:\/\/verde.events\/\" target=\"_blank\" rel=\" noreferrer noopener\"><img decoding=\"async\" loading=\"lazy\" width=\"1024\" height=\"683\" src=\"https:\/\/analyse.optim.biz\/wp-content\/uploads\/2026\/01\/verde-events-24-1024x683-1-205.jpg\" alt=\"Verde Events\" class=\"wp-image-174395\" title=\"verde-events-24-1024x683-1-205\"><\/a><figcaption class=\"wp-element-caption\"><strong><em>O experien\u021b\u0103 unic\u0103 pentru orice tip de eveniment<\/em><\/strong><\/figcaption><\/figure>\n<\/aside>\n<\/div>\n<div class=\"td_block_wrap td_flex_block_1 tdi_121 td-pb-border-top td_block_template_1 td_ajax_preloading_preload td_flex_block\" data-td-block-uid=\"tdi_121\">\n<div id=\"tdi_121\" class=\"td_block_inner td-mc1-wrap\">\n<div class=\"td_module_flex td_module_flex_1 td_module_wrap td-animation-stack td-meta-info-hide td-cpt-post\">\n<div class=\"td-module-container td-category-pos-image\">\n<div class=\"td-module-meta-info\">\n<h3 class=\"entry-title td-module-title\"><a href=\"https:\/\/voceatimisului.ro\/timisoara-oficial-buget-psd-si-primarul-robu-au-lasat-dusmania-la-o-parte\/\" rel=\"bookmark\" title=\"Timisoara are oficial buget. PSD si primarul Robu au lasat dusmania la o parte\">Timisoara are oficial buget. PSD si primarul Robu au lasat dusmania la o parte<\/a><\/h3>\n<\/div>\n<\/div>\n<\/div>\n<div class=\"td_module_flex td_module_flex_1 td_module_wrap td-animation-stack td-meta-info-hide td-cpt-post\">\n<div class=\"td-module-container td-category-pos-image\">\n<div class=\"td-module-meta-info\">\n<h3 class=\"entry-title td-module-title\"><a href=\"https:\/\/voceatimisului.ro\/unde-vrea-psd-timis-sa-mute-primaria-timisoara-pentru-decongestionarea-traficului\/\" rel=\"bookmark\" title=\"Unde vrea PSD Timis sa mute Primaria Timisoara pentru decongestionarea traficului\">Unde vrea PSD Timis sa mute Primaria Timisoara pentru decongestionarea traficului<\/a><\/h3>\n<\/div>\n<\/div>\n<\/div>\n<div class=\"td_module_flex td_module_flex_1 td_module_wrap td-animation-stack td-meta-info-hide td-cpt-post\">\n<div class=\"td-module-container td-category-pos-image\">\n<div class=\"td-module-meta-info\">\n<h3 class=\"entry-title td-module-title\"><a href=\"https:\/\/voceatimisului.ro\/aquapark-zona-ovidiu-balea-din-timisoara-primul-pas-facut-de-primarie-inspre-realizarea-investitiei\/\" rel=\"bookmark\" title=\"Aquapark in zona Ovidiu Balea din Timisoara. Primul pas facut de primarie inspre realizarea investitiei\">Aquapark in zona Ovidiu Balea din Timisoara. Primul pas facut de primarie inspre realizarea investitiei<\/a><\/h3>\n<\/div>\n<\/div>\n<\/div>\n<div class=\"td_module_flex td_module_flex_1 td_module_wrap td-animation-stack td-meta-info-hide td-cpt-post\">\n<div class=\"td-module-container td-category-pos-image\">\n<div class=\"td-module-meta-info\">\n<h3 class=\"entry-title td-module-title\"><a href=\"https:\/\/voceatimisului.ro\/angajatii-stpt-cu-jalba-la-primarie-pentru-salarii-neplatite-promisiunea-lui-robu\/\" rel=\"bookmark\" title=\"Angajatii STPT, cu jalba la primarie pentru salarii neplatite. Promisiunea lui Robu\">Angajatii STPT, cu jalba la primarie pentru salarii neplatite. Promisiunea lui Robu<\/a><\/h3>\n<\/div>\n<\/div>\n<\/div>\n<div class=\"td_module_flex td_module_flex_1 td_module_wrap td-animation-stack td-meta-info-hide td-cpt-post\">\n<div class=\"td-module-container td-category-pos-image\">\n<div class=\"td-module-meta-info\">\n<h3 class=\"entry-title td-module-title\"><a href=\"https:\/\/voceatimisului.ro\/primaria-timisoara-program-special-de-zilele-revolutiei-suprizele-pregatite\/\" rel=\"bookmark\" title=\"Primaria Timisoara, program special de Zilele Revolutiei. Suprizele pregatite\">Primaria Timisoara, program special de Zilele Revolutiei. Suprizele pregatite<\/a><\/h3>\n<\/div>\n<\/div>\n<\/div>\n<\/div>\n<\/div>\n<\/div>\n<\/div>\n<\/div>\n<\/div>\n<\/div>\n<\/div>\n<p><span class=\"td-page-meta\"><\/span><span class=\"td-page-meta\"><span class=\"td-page-meta\"><\/span><\/span><span class=\"td-page-meta\"><\/span><\/article>\n<p> Source URL: https:\/\/voceatimisului.ro\/primaria-organizeaza-petrecere-de-1-iunie-parcul-copiilor\/<\/p>\n","protected":false},"excerpt":{"rendered":"<p>\u0218tiriEveniment Prim\u0103ria organizeaz\u0103 petrecere de 1 iunie \u00een Parcul Copiilor Autor-Redac\u021bia 28 mai 2014 0 11138 Facebook Twitter Pinterest WhatsApp Linkedin Copy URL parcul copiilor timisoara 14 Eveniment de iarn\u0103 la Muzeul Satului B\u0103n\u0103\u021bean, organizat de Consiliul Jude\u021bean Timi\u0219 La Verde Events, fiecare moment devine o amintire de neuitat Fritz face poze, copacii cad: noroc [&hellip;]<\/p>\n","protected":false},"author":1,"featured_media":1335527,"comment_status":"open","ping_status":"","sticky":false,"template":"","format":"standard","meta":{"footnotes":""},"categories":[89],"tags":[199],"class_list":["post-1335524","post","type-post","status-publish","format-standard","has-post-thumbnail","hentry","category-romania","tag-voceatimisului-ro"],"_links":{"self":[{"href":"https:\/\/analyse.optim.biz\/index.php?rest_route=\/wp\/v2\/posts\/1335524","targetHints":{"allow":["GET"]}}],"collection":[{"href":"https:\/\/analyse.optim.biz\/index.php?rest_route=\/wp\/v2\/posts"}],"about":[{"href":"https:\/\/analyse.optim.biz\/index.php?rest_route=\/wp\/v2\/types\/post"}],"author":[{"embeddable":true,"href":"https:\/\/analyse.optim.biz\/index.php?rest_route=\/wp\/v2\/users\/1"}],"replies":[{"embeddable":true,"href":"https:\/\/analyse.optim.biz\/index.php?rest_route=%2Fwp%2Fv2%2Fcomments&post=1335524"}],"version-history":[{"count":0,"href":"https:\/\/analyse.optim.biz\/index.php?rest_route=\/wp\/v2\/posts\/1335524\/revisions"}],"wp:featuredmedia":[{"embeddable":true,"href":"https:\/\/analyse.optim.biz\/index.php?rest_route=\/wp\/v2\/media\/1335527"}],"wp:attachment":[{"href":"https:\/\/analyse.optim.biz\/index.php?rest_route=%2Fwp%2Fv2%2Fmedia&parent=1335524"}],"wp:term":[{"taxonomy":"category","embeddable":true,"href":"https:\/\/analyse.optim.biz\/index.php?rest_route=%2Fwp%2Fv2%2Fcategories&post=1335524"},{"taxonomy":"post_tag","embeddable":true,"href":"https:\/\/analyse.optim.biz\/index.php?rest_route=%2Fwp%2Fv2%2Ftags&post=1335524"}],"curies":[{"name":"wp","href":"https:\/\/api.w.org\/{rel}","templated":true}]}}