{"id":1335379,"date":"2014-08-29T08:55:00","date_gmt":"2014-08-29T05:55:00","guid":{"rendered":"https:\/\/analyse.optim.biz\/?p=1335379"},"modified":"2014-08-29T08:55:00","modified_gmt":"2014-08-29T05:55:00","slug":"muzele-isi-fac-aparitia-in-parcul-copiilor-din-nou-vezi-cand-incep-muze-intergeneratii","status":"publish","type":"post","link":"https:\/\/analyse.optim.biz\/?p=1335379","title":{"rendered":"Muzele \u00ee\u0219i fac apari\u021bia \u00een Parcul Copiilor, din nou. Vezi c\u00e2nd \u00eencep \u201dMuze Intergenera\u021bii\u201d"},"content":{"rendered":"<article id=\"template-id-172790\" class=\"post-172790 tdb_templates type-tdb_templates status-publish post\">\n<div id=\"tdi_52\" class=\"tdc-zone\">\n<div class=\"tdc_zone tdi_53  wpb_row td-pb-row\">\n<div id=\"tdi_54\" class=\"tdc-row stretch_row_1400 td-stretch-content\">\n<div class=\"vc_row tdi_55  wpb_row td-pb-row tdc-element-style\">\n<div class=\"vc_column tdi_57  wpb_column vc_column_container tdc-column td-pb-span8\">\n<div class=\"wpb_wrapper\">\n<div class=\"td_block_wrap tdb_single_categories tdi_58 td-pb-border-top td_block_template_1 \" data-td-block-uid=\"tdi_58\">\n<div class=\"tdb-category td-fix-index\"><a class=\"tdb-entry-category\" href=\"https:\/\/voceatimisului.ro\/category\/stiri-din-timisoara-si-timis\/\">\u0218tiri<\/a><a class=\"tdb-entry-category\" href=\"https:\/\/voceatimisului.ro\/category\/stiri-din-timisoara-si-timis\/eveniment\/\">Eveniment<\/a><\/div>\n<\/div>\n<div class=\"td_block_wrap tdb_title tdi_59 tdb-single-title td-pb-border-top td_block_template_1\" data-td-block-uid=\"tdi_59\">\n<div class=\"tdb-block-inner td-fix-index\">\n<h1 class=\"tdb-title-text\">Muzele \u00ee\u0219i fac apari\u021bia \u00een Parcul Copiilor, din nou. Vezi c\u00e2nd \u00eencep \u201dMuze Intergenera\u021bii\u201d<\/h1>\n<\/div>\n<\/div>\n<div class=\"vc_row_inner tdi_62  vc_row vc_inner wpb_row td-pb-row\">\n<div class=\"vc_column_inner tdi_64  wpb_column vc_column_container tdc-inner-column td-pb-span6\">\n<div class=\"vc_column-inner\">\n<div class=\"wpb_wrapper\">\n<div class=\"td_block_wrap tdb_single_author tdi_65 td-pb-border-top td_block_template_1 tdb-post-meta\" data-td-block-uid=\"tdi_65\">\n<div class=\"tdb-block-inner td-fix-index\">\n<div class=\"tdb-author-name-wrap\"><span class=\"tdb-author-by\">Autor-<\/span><a class=\"tdb-author-name\" href=\"https:\/\/voceatimisului.ro\/author\/redactia\/\">Redac\u021bia<\/a><\/div>\n<\/div>\n<\/div>\n<div class=\"td_block_wrap tdb_single_date tdi_66 td-pb-border-top td_block_template_1 tdb-post-meta\" data-td-block-uid=\"tdi_66\">\n<div class=\"tdb-block-inner td-fix-index\"><time class=\"entry-date updated td-module-date\" datetime=\"2014-08-29T11:55:00+03:00\">29 august 2014<\/time><\/div>\n<\/div>\n<div class=\"td_block_wrap tdb_single_comments_count tdi_67 td-pb-border-top td_block_template_1 tdb-post-meta\" data-td-block-uid=\"tdi_67\">\n<div class=\"tdb-block-inner td-fix-index\"><a href=\"https:\/\/voceatimisului.ro\/muzele-isi-fac-aparitia-parcul-copiilor-din-nou-vezi-cand-incep-muze-intergeneratii\/#respond\"><span>0<\/span><\/a><\/div>\n<\/div>\n<div class=\"td_block_wrap tdb_single_post_views tdi_68 td-pb-border-top td_block_template_1 tdb-post-meta\" data-td-block-uid=\"tdi_68\">\n<div class=\"tdb-block-inner td-fix-index\"><span class=\"tdb-add-text\">1<\/span><span class=\"td-nr-views-57875\">1071<\/span><\/div>\n<\/div>\n<\/div>\n<\/div>\n<\/div>\n<div class=\"vc_column_inner tdi_70  wpb_column vc_column_container tdc-inner-column td-pb-span6\">\n<div class=\"vc_column-inner\">\n<div class=\"wpb_wrapper\">\n<div class=\"td_block_wrap tdb_single_post_share tdi_71  td-pb-border-top td_block_template_1\" data-td-block-uid=\"tdi_71\">\n<div id=\"tdi_71\" class=\"td-post-sharing tdb-block td-ps-bg td-ps-notext td-post-sharing-style1 \">\n<div class=\"td-post-sharing-visible\"><a class=\"td-social-sharing-button td-social-sharing-button-js td-social-network td-social-facebook\" href=\"https:\/\/www.facebook.com\/sharer.php?u=https%3A%2F%2Fvoceatimisului.ro%2Fmuzele-isi-fac-aparitia-parcul-copiilor-din-nou-vezi-cand-incep-muze-intergeneratii%2F\" title=\"Facebook\" rel=\"noopener\"><\/p>\n<div class=\"td-social-but-text\">Facebook<\/div>\n<p><\/a><a class=\"td-social-sharing-button td-social-sharing-button-js td-social-network td-social-twitter\" href=\"https:\/\/twitter.com\/intent\/tweet?text=Muzele+%C3%AE%C8%99i+fac+apari%C8%9Bia+%C3%AEn+Parcul+Copiilor%2C+din+nou.+Vezi+c%C3%A2nd+%C3%AEncep+%E2%80%9DMuze+Intergenera%C8%9Bii%E2%80%9D&amp;url=https%3A%2F%2Fvoceatimisului.ro%2Fmuzele-isi-fac-aparitia-parcul-copiilor-din-nou-vezi-cand-incep-muze-intergeneratii%2F&amp;via=Vocea+Timisului\" title=\"Twitter\" rel=\"noopener\"><\/p>\n<div class=\"td-social-but-text\">Twitter<\/div>\n<p><\/a><a class=\"td-social-sharing-button td-social-sharing-button-js td-social-network td-social-pinterest\" href=\"https:\/\/pinterest.com\/pin\/create\/button\/?url=https:\/\/voceatimisului.ro\/muzele-isi-fac-aparitia-parcul-copiilor-din-nou-vezi-cand-incep-muze-intergeneratii\/&amp;media=https:\/\/analyse.optim.biz\/wp-content\/uploads\/2026\/01\/muze-intergeneratii-jpg.webp&amp;description=Muzele+%C3%AE%C8%99i+fac+apari%C8%9Bia+%C3%AEn+Parcul+Copiilor%2C+din+nou.+Vezi+c%C3%A2nd+%C3%AEncep+%E2%80%9DMuze+Intergenera%C8%9Bii%E2%80%9D\" title=\"Pinterest\" rel=\"noopener\"><\/p>\n<div class=\"td-social-but-text\">Pinterest<\/div>\n<p><\/a><a class=\"td-social-sharing-button td-social-sharing-button-js td-social-network td-social-whatsapp\" href=\"https:\/\/api.whatsapp.com\/send?text=Muzele+%C3%AE%C8%99i+fac+apari%C8%9Bia+%C3%AEn+Parcul+Copiilor%2C+din+nou.+Vezi+c%C3%A2nd+%C3%AEncep+%E2%80%9DMuze+Intergenera%C8%9Bii%E2%80%9D%20%0A%0A%20https:\/\/voceatimisului.ro\/muzele-isi-fac-aparitia-parcul-copiilor-din-nou-vezi-cand-incep-muze-intergeneratii\/\" title=\"WhatsApp\" rel=\"noopener\"><\/p>\n<div class=\"td-social-but-text\">WhatsApp<\/div>\n<p><\/a><a class=\"td-social-sharing-button td-social-sharing-button-js td-social-network td-social-linkedin\" href=\"https:\/\/www.linkedin.com\/shareArticle?mini=true&amp;url=https:\/\/voceatimisului.ro\/muzele-isi-fac-aparitia-parcul-copiilor-din-nou-vezi-cand-incep-muze-intergeneratii\/&amp;title=Muzele+%C3%AE%C8%99i+fac+apari%C8%9Bia+%C3%AEn+Parcul+Copiilor%2C+din+nou.+Vezi+c%C3%A2nd+%C3%AEncep+%E2%80%9DMuze+Intergenera%C8%9Bii%E2%80%9D\" title=\"Linkedin\" rel=\"noopener\"><\/p>\n<div class=\"td-social-but-text\">Linkedin<\/div>\n<p><\/a><a class=\"td-social-sharing-button td-social-sharing-button-js td-social-network td-social-copy_url\" href=\"https:\/\/voceatimisului.ro\/muzele-isi-fac-aparitia-parcul-copiilor-din-nou-vezi-cand-incep-muze-intergeneratii\/\" title=\"Copy URL\" rel=\"noopener\"><\/p>\n<div class=\"td-social-but-text\">Copy URL<\/div>\n<p><\/a><\/div>\n<\/div>\n<\/div>\n<\/div>\n<\/div>\n<\/div>\n<\/div>\n<div class=\"td_block_wrap tdb_single_featured_image tdi_72 tdb-content-horiz-left td-pb-border-top td_block_template_1\" data-td-block-uid=\"tdi_72\">\n<div class=\"tdb-block-inner td-fix-index\">\n<figure><img loading=\"lazy\" decoding=\"async\" width=\"696\" height=\"975\" class=\"entry-thumb\" src=\"https:\/\/analyse.optim.biz\/wp-content\/uploads\/2026\/01\/muze-intergeneratii-696x975-1.jpg\" alt=\"muze intergeneratii jpg\" title=\"muze intergeneratii jpg\"><figcaption class=\"tdb-caption-text\">muze intergeneratii jpg<\/figcaption><\/figure>\n<\/div>\n<\/div>\n<div class=\"vc_row_inner tdi_74  vc_row vc_inner wpb_row td-pb-row\">\n<div class=\"vc_column_inner tdi_76  wpb_column vc_column_container tdc-inner-column td-pb-span4 td-is-sticky\">\n<div class=\"vc_column-inner\">\n<div class=\"wpb_wrapper\" data-sticky-enabled-on=\"W3RydWUsdHJ1ZSx0cnVlLHRydWVd\" data-sticky-offset=\"20\" data-sticky-is-width-auto=\"W2ZhbHNlLGZhbHNlLGZhbHNlLGZhbHNlXQ==\">\n<div class=\"td_block_wrap td_flex_block_1 tdi_77 td-pb-border-top td_block_template_1 td_ajax_preloading_preload td_flex_block\" data-td-block-uid=\"tdi_77\">\n<div id=\"tdi_77\" class=\"td_block_inner td-mc1-wrap\">\n<div class=\"td_module_flex td_module_flex_1 td_module_wrap td-animation-stack td-meta-info-hide td-cpt-post\">\n<div class=\"td-module-container td-category-pos-image\">\n<div class=\"td-module-meta-info\">\n<h3 class=\"entry-title td-module-title\"><a href=\"https:\/\/voceatimisului.ro\/fritz-face-poze-copacii-cad-noroc-ca-n-a-murit-nimeni-inca\/\" rel=\"bookmark\" title=\"Fritz face poze, copacii cad: noroc c\u0103 n-a murit nimeni. \u00cenc\u0103.\">Fritz face poze, copacii cad: noroc c\u0103 n-a murit nimeni. \u00cenc\u0103.<\/a><\/h3>\n<\/div>\n<\/div>\n<\/div>\n<div class=\"td_module_flex td_module_flex_1 td_module_wrap td-animation-stack td-meta-info-hide td-cpt-post\">\n<div class=\"td-module-container td-category-pos-image\">\n<div class=\"td-module-meta-info\">\n<h3 class=\"entry-title td-module-title\"><a href=\"https:\/\/voceatimisului.ro\/se-deschide-ludoteca-habarnam-club-de-joaca-si-lectura-pentru-copii-la-timisoara\/\" rel=\"bookmark\" title=\"Se deschide Ludoteca Habarnam \u2013 Club de joaca si lectura pentru copii, la Timisoara\">Se deschide Ludoteca Habarnam \u2013 Club de joaca si lectura pentru copii, la Timisoara<\/a><\/h3>\n<\/div>\n<\/div>\n<\/div>\n<div class=\"td_module_flex td_module_flex_1 td_module_wrap td-animation-stack td-meta-info-hide td-cpt-post\">\n<div class=\"td-module-container td-category-pos-image\">\n<div class=\"td-module-meta-info\">\n<h3 class=\"entry-title td-module-title\"><a href=\"https:\/\/voceatimisului.ro\/politistii-din-timis-fapte-bune-pentru-copii-protejam-oameni-ajutam-oameni\/\" rel=\"bookmark\" title=\"Politistii din Timis, fapte bune pentru copii: \u201dProtejam oameni, ajutam oameni!\u201d\">Politistii din Timis, fapte bune pentru copii: \u201dProtejam oameni, ajutam oameni!\u201d<\/a><\/h3>\n<\/div>\n<\/div>\n<\/div>\n<div class=\"td_module_flex td_module_flex_1 td_module_wrap td-animation-stack td-meta-info-hide td-cpt-post\">\n<div class=\"td-module-container td-category-pos-image\">\n<div class=\"td-module-meta-info\">\n<h3 class=\"entry-title td-module-title\"><a href=\"https:\/\/voceatimisului.ro\/copii-aduce-ti-parintii-la-spectacolele-tnt-cuplurile-bilete-11-gratis\/\" rel=\"bookmark\" title=\"Copii, aduce-ti parintii la spectacolele TNT! Cuplurile, bilete 1+1 gratis!\">Copii, aduce-ti parintii la spectacolele TNT! Cuplurile, bilete 1+1 gratis!<\/a><\/h3>\n<\/div>\n<\/div>\n<\/div>\n<\/div>\n<\/div>\n<div class=\"tdb-author-box td_block_wrap tdb_single_author_box tdi_82 tdb-content-vert-top td-pb-border-top td_block_template_1\" data-td-block-uid=\"tdi_82\">\n<div class=\"tdb-block-inner td-fix-index\">\n<div class=\"tdb-author-info\"><a href=\"https:\/\/voceatimisului.ro\/author\/redactia\/\" class=\"tdb-author-name\">Redac\u021bia<\/a><\/p>\n<div class=\"tdb-author-descr\">\u00centreaga responsabilitate a comentariilor l\u0103sate de dumneavoastr\u0103 v\u0103 apar\u021bine!<br \/>\nClick <a href=\"https:\/\/voceatimisului.ro\/termeni-si-conditii\/\">aici<\/a>-citeste condi\u0163iile de utilizare ale site-ului www.voceatimisului.ro<\/div>\n<\/div>\n<\/div>\n<\/div>\n<\/div>\n<\/div>\n<\/div>\n<div class=\"vc_column_inner tdi_84  wpb_column vc_column_container tdc-inner-column td-pb-span8\">\n<div class=\"vc_column-inner\">\n<div class=\"wpb_wrapper\">\n<div class=\"td_block_wrap tdb_single_content tdi_85 td-pb-border-top td_block_template_1 td-post-content tagdiv-type\" data-td-block-uid=\"tdi_85\">\n<div class=\"tdb-block-inner td-fix-index\">\n<p>La fel ca \u00een anii trecu\u021bi, la sf\u00e2r\u0219itul lunii august, muzele poposesc \u00een Parcul Copiilor \u0219i aduc cu ele multe activit\u0103\u021bi frumoase \u0219i creative.<strong> Muze Intergenera\u0163ii are loc pe 29, 30 \u0219i 31 august 2014,<\/strong> \u00een Parcul Copiilor \u201dion Creang\u0103\u201d din <a class=\"zem_slink\" title=\"Timi\u0219oara\" href=\"https:\/\/maps.google.com\/maps?ll=45.7597222222,21.23&amp;spn=0.1,0.1&amp;q=45.7597222222,21.23%20(Timi%C8%99oara)&amp;t=h\" target=\"_blank\" rel=\"geolocation noopener noreferrer\">Timi\u0219oara<\/a> \u00een organizarea Asocia\u0163iei Muze.<\/p>\n<p>Evenimentul, ajuns la edi\u021bia cu num\u0103rul 3, aduce multe activit\u0103\u0163i frumoase \u015fi creative: <strong>pictur\u0103, desen, modelaj, concursuri de sport \u015fi desen, sear\u0103 de lectur\u0103, expozi\u0163ii, muzic\u0103, teatru, film, dans, zumba \u0219i relaxare.<\/strong> Pe durata evenimentului va exista un <strong>punct de colectare de rechizite ce vor fi donate Organiza\u0163iei Salva\u0163i Copiii Timi\u015f.<\/strong><\/p>\n<\/div>\n<\/div>\n<div class=\"td_block_wrap tdb_single_tags tdi_88 td-pb-border-top td_block_template_1\" data-td-block-uid=\"tdi_88\">\n<div class=\"tdb-block-inner td-fix-index\">\n<ul class=\"tdb-tags\">\n<li><span>Tags<\/span><\/li>\n<li><a href=\"https:\/\/voceatimisului.ro\/tag\/bunici\/\">bunici<\/a><\/li>\n<li><a href=\"https:\/\/voceatimisului.ro\/tag\/copii\/\">copii<\/a><\/li>\n<li><a href=\"https:\/\/voceatimisului.ro\/tag\/parcul-copiilor\/\">parcul copiilor<\/a><\/li>\n<li><a href=\"https:\/\/voceatimisului.ro\/tag\/parinti\/\">parinti<\/a><\/li>\n<li><a href=\"https:\/\/voceatimisului.ro\/tag\/rechizite\/\">rechizite<\/a><\/li>\n<li><a href=\"https:\/\/voceatimisului.ro\/tag\/timisoara\/\">Timisoara<\/a><\/li>\n<\/ul>\n<\/div>\n<\/div>\n<div class=\"td_block_wrap tdb_single_post_share tdi_89  td-pb-border-top td_block_template_1\" data-td-block-uid=\"tdi_89\">\n<div id=\"tdi_89\" class=\"td-post-sharing tdb-block td-ps-bg td-ps-notext td-post-sharing-style1 \">\n<div class=\"td-post-sharing-visible\"><a class=\"td-social-sharing-button td-social-sharing-button-js td-social-network td-social-facebook\" href=\"https:\/\/www.facebook.com\/sharer.php?u=https%3A%2F%2Fvoceatimisului.ro%2Fmuzele-isi-fac-aparitia-parcul-copiilor-din-nou-vezi-cand-incep-muze-intergeneratii%2F\" title=\"Facebook\" rel=\"noopener\"><\/p>\n<div class=\"td-social-but-text\">Facebook<\/div>\n<p><\/a><a class=\"td-social-sharing-button td-social-sharing-button-js td-social-network td-social-twitter\" href=\"https:\/\/twitter.com\/intent\/tweet?text=Muzele+%C3%AE%C8%99i+fac+apari%C8%9Bia+%C3%AEn+Parcul+Copiilor%2C+din+nou.+Vezi+c%C3%A2nd+%C3%AEncep+%E2%80%9DMuze+Intergenera%C8%9Bii%E2%80%9D&amp;url=https%3A%2F%2Fvoceatimisului.ro%2Fmuzele-isi-fac-aparitia-parcul-copiilor-din-nou-vezi-cand-incep-muze-intergeneratii%2F&amp;via=Vocea+Timisului\" title=\"Twitter\" rel=\"noopener\"><\/p>\n<div class=\"td-social-but-text\">Twitter<\/div>\n<p><\/a><a class=\"td-social-sharing-button td-social-sharing-button-js td-social-network td-social-pinterest\" href=\"https:\/\/pinterest.com\/pin\/create\/button\/?url=https:\/\/voceatimisului.ro\/muzele-isi-fac-aparitia-parcul-copiilor-din-nou-vezi-cand-incep-muze-intergeneratii\/&amp;media=https:\/\/analyse.optim.biz\/wp-content\/uploads\/2026\/01\/muze-intergeneratii-jpg.webp&amp;description=Muzele+%C3%AE%C8%99i+fac+apari%C8%9Bia+%C3%AEn+Parcul+Copiilor%2C+din+nou.+Vezi+c%C3%A2nd+%C3%AEncep+%E2%80%9DMuze+Intergenera%C8%9Bii%E2%80%9D\" title=\"Pinterest\" rel=\"noopener\"><\/p>\n<div class=\"td-social-but-text\">Pinterest<\/div>\n<p><\/a><a class=\"td-social-sharing-button td-social-sharing-button-js td-social-network td-social-whatsapp\" href=\"https:\/\/api.whatsapp.com\/send?text=Muzele+%C3%AE%C8%99i+fac+apari%C8%9Bia+%C3%AEn+Parcul+Copiilor%2C+din+nou.+Vezi+c%C3%A2nd+%C3%AEncep+%E2%80%9DMuze+Intergenera%C8%9Bii%E2%80%9D%20%0A%0A%20https:\/\/voceatimisului.ro\/muzele-isi-fac-aparitia-parcul-copiilor-din-nou-vezi-cand-incep-muze-intergeneratii\/\" title=\"WhatsApp\" rel=\"noopener\"><\/p>\n<div class=\"td-social-but-text\">WhatsApp<\/div>\n<p><\/a><a class=\"td-social-sharing-button td-social-sharing-button-js td-social-network td-social-linkedin\" href=\"https:\/\/www.linkedin.com\/shareArticle?mini=true&amp;url=https:\/\/voceatimisului.ro\/muzele-isi-fac-aparitia-parcul-copiilor-din-nou-vezi-cand-incep-muze-intergeneratii\/&amp;title=Muzele+%C3%AE%C8%99i+fac+apari%C8%9Bia+%C3%AEn+Parcul+Copiilor%2C+din+nou.+Vezi+c%C3%A2nd+%C3%AEncep+%E2%80%9DMuze+Intergenera%C8%9Bii%E2%80%9D\" title=\"Linkedin\" rel=\"noopener\"><\/p>\n<div class=\"td-social-but-text\">Linkedin<\/div>\n<p><\/a><a class=\"td-social-sharing-button td-social-sharing-button-js td-social-network td-social-copy_url\" href=\"https:\/\/voceatimisului.ro\/muzele-isi-fac-aparitia-parcul-copiilor-din-nou-vezi-cand-incep-muze-intergeneratii\/\" title=\"Copy URL\" rel=\"noopener\"><\/p>\n<div class=\"td-social-but-text\">Copy URL<\/div>\n<p><\/a><\/div>\n<\/div>\n<\/div>\n<div class=\"td_block_wrap tdb_single_next_prev tdi_90 td-animation-stack td-next-prev-img-on td-pb-border-top td_block_template_1\" data-td-block-uid=\"tdi_90\">\n<div class=\"tdb-block-inner td-fix-index\">\n<div class=\"tdb-next-post tdb-next-post-bg tdb-post-prev\"><span>Articolul precedent<\/span><\/p>\n<div class=\"td-module-container\">\n<div class=\"td-image-container\"><a class=\"td-image-wrap\" href=\"https:\/\/voceatimisului.ro\/politia-rutiera-periat-din-nou-judetul-timis-urmarire-pe-ulitele-sanmartin-ului-sarbesc-fotovideo\/\"><img loading=\"lazy\" decoding=\"async\" class=\"td-next-prev-image td-fix-index td-lazy-img\" title=\"Poli\u021bia Rutier\u0103 a \u201dperiat\u201d din nou jude\u021bul Timi\u0219. Urm\u0103rire pe ULI\u021aELE S\u00e2nmartin-ului S\u00e2rbesc FOTO\/VIDEO\" width=\"696\" height=\"462\" src=\"https:\/\/analyse.optim.biz\/wp-content\/uploads\/2026\/01\/politia-rutiera26-jpg-696x462-1.webp\"><\/a><\/div>\n<div class=\"next-prev-title\"><a href=\"https:\/\/voceatimisului.ro\/politia-rutiera-periat-din-nou-judetul-timis-urmarire-pe-ulitele-sanmartin-ului-sarbesc-fotovideo\/\">Poli\u021bia Rutier\u0103 a \u201dperiat\u201d din nou jude\u021bul Timi\u0219. Urm\u0103rire pe ULI\u021aELE S\u00e2nmartin-ului S\u00e2rbesc FOTO\/VIDEO<\/a><\/div>\n<\/div>\n<\/div>\n<div class=\"tdb-next-post tdb-next-post-bg tdb-post-next\"><span>Articolul urm\u0103tor<\/span><\/p>\n<div class=\"td-module-container\">\n<div class=\"td-image-container\"><a class=\"td-image-wrap\" href=\"https:\/\/voceatimisului.ro\/un-barbat-din-pakistan-incercat-sa-iasa-din-tara-cu-buletinul-unui-roman-fost-prins-la-cenad\/\"><img loading=\"lazy\" decoding=\"async\" class=\"td-next-prev-image td-fix-index td-lazy-img\" title=\"Un b\u0103rbat din Pakistan a \u00eencercat s\u0103 ias\u0103 din \u021bar\u0103 cu buletinul unui rom\u00e2n. A fost prins la Cenad\" width=\"696\" height=\"522\" src=\"https:\/\/analyse.optim.biz\/wp-content\/uploads\/2026\/01\/ptf-vama-cenad-kisszombor-jpg-696x522-1.webp\"><\/a><\/div>\n<div class=\"next-prev-title\"><a href=\"https:\/\/voceatimisului.ro\/un-barbat-din-pakistan-incercat-sa-iasa-din-tara-cu-buletinul-unui-roman-fost-prins-la-cenad\/\">Un b\u0103rbat din Pakistan a \u00eencercat s\u0103 ias\u0103 din \u021bar\u0103 cu buletinul unui rom\u00e2n. A fost prins la Cenad<\/a><\/div>\n<\/div>\n<\/div>\n<\/div>\n<\/div>\n<\/div>\n<\/div>\n<\/div>\n<\/div>\n<div class=\"vc_row_inner tdi_100  vc_row vc_inner wpb_row td-pb-row\">\n<div class=\"vc_column_inner tdi_102  wpb_column vc_column_container tdc-inner-column td-pb-span4 td-is-sticky\">\n<div class=\"vc_column-inner\">\n<div class=\"wpb_wrapper\" data-sticky-enabled-on=\"W3RydWUsdHJ1ZSx0cnVlLHRydWVd\" data-sticky-offset=\"20\" data-sticky-is-width-auto=\"W2ZhbHNlLGZhbHNlLGZhbHNlLGZhbHNlXQ==\">\n<div class=\"td_block_wrap tdb_single_related tdi_103 td_with_ajax_pagination td-pb-border-top td_block_template_1 tdb-single-related-posts\" data-td-block-uid=\"tdi_103\">\n<div id=\"tdi_103\" class=\"td_block_inner tdb-block-inner td-fix-index\">\n<div class=\"tdb_module_related td_module_wrap td-animation-stack td-meta-info-hide\">\n<div class=\"td-module-container td-category-pos-image\">\n<div class=\"td-module-meta-info\">\n<h3 class=\"entry-title td-module-title\"><a href=\"https:\/\/voceatimisului.ro\/burse-de-7-500-000-de-lei-pentru-elevii-din-timisoara-cum-se-impart-banii-de-la-primarie\/\" rel=\"bookmark\" title=\"Burse de 7.500.000 de lei pentru elevii din Timisoara. Cum se impart banii de la primarie\">Burse de 7.500.000 de lei pentru elevii din Timisoara. Cum se impart banii de la primarie<\/a><\/h3>\n<\/div>\n<\/div>\n<\/div>\n<div class=\"tdb_module_related td_module_wrap td-animation-stack td-meta-info-hide\">\n<div class=\"td-module-container td-category-pos-image\">\n<div class=\"td-module-meta-info\">\n<h3 class=\"entry-title td-module-title\"><a href=\"https:\/\/voceatimisului.ro\/pasiuni-de-copii-au-furat-bunuri-de-500-de-lei-dintr-un-magazin-din-timisoara\/\" rel=\"bookmark\" title=\"Pasiuni de copii: au furat bunuri de 500 de lei dintr-un magazin din Timi\u015foara\">Pasiuni de copii: au furat bunuri de 500 de lei dintr-un magazin din Timi\u015foara<\/a><\/h3>\n<\/div>\n<\/div>\n<\/div>\n<div class=\"tdb_module_related td_module_wrap td-animation-stack td-meta-info-hide\">\n<div class=\"td-module-container td-category-pos-image\">\n<div class=\"td-module-meta-info\">\n<h3 class=\"entry-title td-module-title\"><a href=\"https:\/\/voceatimisului.ro\/foto-operatii-premiera-la-spitalul-de-copii-din-timisoara-micutii-vor-fi-operati-cu-un-robot\/\" rel=\"bookmark\" title=\"FOTO Operatii in premiera la Spitalul de Copii din Timisoara. Micutii vor fi operati cu un robot\">FOTO Operatii in premiera la Spitalul de Copii din Timisoara. Micutii vor fi operati cu un robot<\/a><\/h3>\n<\/div>\n<\/div>\n<\/div>\n<\/div>\n<\/div>\n<\/div>\n<\/div>\n<\/div>\n<div class=\"vc_column_inner tdi_105  wpb_column vc_column_container tdc-inner-column td-pb-span8\">\n<div class=\"vc_column-inner\">\n<div class=\"wpb_wrapper\">\n<div class=\"td_block_wrap tdb_single_comments tdi_106 tdb-comm-layout2 td-pb-border-top td_block_template_2\" data-td-block-uid=\"tdi_106\">\n<div class=\"tdb-block-inner td-fix-index\">\n<div class=\"comments\" id=\"comments\">\n<div id=\"respond\" class=\"comment-respond\">\n<h3 id=\"reply-title\" class=\"comment-reply-title\">L\u0102SA\u021aI UN MESAJ <small><a rel=\"nofollow\" id=\"cancel-comment-reply-link\" href=\"https:\/\/voceatimisului.ro\/muzele-isi-fac-aparitia-parcul-copiilor-din-nou-vezi-cand-incep-muze-intergeneratii\/#respond\">Renun\u021ba\u021bi la r\u0103spuns<\/a><\/small><\/h3>\n<div class=\"comment-form-input-wrap td-form-comment\">\n<div class=\"td-warning-comment\">V\u0103 rug\u0103m s\u0103 introduce\u021bi comentariul dvs.!<\/div>\n<\/div>\n<div class=\"comment-form-input-wrap td-form-author\">\n<div class=\"td-warning-author\">Introduce\u021bi aici numele dvs.<\/div>\n<\/div>\n<div class=\"comment-form-input-wrap td-form-email\">\n<div class=\"td-warning-email-error\">A\u021bi introdus o adres\u0103 de e-mail incorect\u0103!<\/div>\n<div class=\"td-warning-email\">V\u0103 rug\u0103m s\u0103 introduce\u021bi adresa dvs. de e-mail aici<\/div>\n<\/div>\n<\/div>\n<\/div>\n<\/div>\n<\/div>\n<\/div>\n<\/div>\n<\/div>\n<\/div>\n<\/div>\n<\/div>\n<div class=\"vc_column tdi_108  wpb_column vc_column_container tdc-column td-pb-span4 td-is-sticky\">\n<div class=\"wpb_wrapper\" data-sticky-enabled-on=\"W3RydWUsdHJ1ZSx0cnVlLHRydWVd\" data-sticky-offset=\"20\" data-sticky-is-width-auto=\"W2ZhbHNlLGZhbHNlLGZhbHNlLGZhbHNlXQ==\">\n<div class=\"vc_row_inner tdi_110  vc_row vc_inner wpb_row td-pb-row\">\n<div class=\"vc_column_inner tdi_112  wpb_column vc_column_container tdc-inner-column td-pb-span12\">\n<div class=\"vc_column-inner\">\n<div class=\"wpb_wrapper\">\n<div class=\"td_block_wrap td_block_title tdi_113 td-pb-border-top td_block_template_11 td-fix-index\" data-td-block-uid=\"tdi_113\">\n<div class=\"td-block-title-wrap\">\n<h4 class=\"td-block-title\"><span class=\"td-pulldown-size\">ANUN\u021aURI \u0218I PUBLICITATE<\/span><\/h4>\n<\/div>\n<\/div>\n<\/div>\n<\/div>\n<\/div>\n<\/div>\n<div class=\"wpb_wrapper td_block_wrap vc_widget_sidebar tdi_115 \">\n<aside id=\"block-10\" class=\"td_block_template_1 widget block-10 widget_block widget_media_image\">\n<figure class=\"wp-block-image size-full\"><a href=\"https:\/\/adpghiroda.ro\/index.html\" target=\"_blank\" rel=\" noreferrer noopener\"><img decoding=\"async\" loading=\"lazy\" width=\"960\" height=\"960\" src=\"https:\/\/analyse.optim.biz\/wp-content\/uploads\/2026\/01\/adp-ghiroda2-216.jpg\" class=\"wp-image-171492\" title=\"adp-ghiroda2-216\"><\/a><\/figure>\n<\/aside>\n<aside id=\"block-11\" class=\"td_block_template_1 widget block-11 widget_block widget_media_image\">\n<figure class=\"wp-block-image size-full\"><a href=\"https:\/\/adpghiroda.ro\/index.html\" target=\"_blank\" rel=\" noreferrer noopener\"><img decoding=\"async\" loading=\"lazy\" width=\"960\" height=\"960\" src=\"https:\/\/analyse.optim.biz\/wp-content\/uploads\/2026\/01\/adp-ghiroda1-216.jpg\" class=\"wp-image-171491\" title=\"adp-ghiroda1-216\"><\/a><\/figure>\n<\/aside>\n<aside id=\"block-17\" class=\"td_block_template_1 widget block-17 widget_block widget_media_image\">\n<figure class=\"wp-block-image size-large is-resized\"><a href=\"https:\/\/verde.events\/\" target=\"_blank\" rel=\" noreferrer noopener\"><img decoding=\"async\" loading=\"lazy\" width=\"1024\" height=\"683\" src=\"https:\/\/analyse.optim.biz\/wp-content\/uploads\/2026\/01\/verde-events-24-1024x683-1-201.jpg\" alt=\"Verde Events\" class=\"wp-image-174395\" title=\"verde-events-24-1024x683-1-201\"><\/a><figcaption class=\"wp-element-caption\"><strong><em>O experien\u021b\u0103 unic\u0103 pentru orice tip de eveniment<\/em><\/strong><\/figcaption><\/figure>\n<\/aside>\n<\/div>\n<div class=\"td_block_wrap td_flex_block_1 tdi_121 td-pb-border-top td_block_template_1 td_ajax_preloading_preload td_flex_block\" data-td-block-uid=\"tdi_121\">\n<div id=\"tdi_121\" class=\"td_block_inner td-mc1-wrap\">\n<div class=\"td_module_flex td_module_flex_1 td_module_wrap td-animation-stack td-meta-info-hide td-cpt-post\">\n<div class=\"td-module-container td-category-pos-image\">\n<div class=\"td-module-meta-info\">\n<h3 class=\"entry-title td-module-title\"><a href=\"https:\/\/voceatimisului.ro\/video-parintii-care-si-au-abuzat-fiica-cu-handicap-dusi-la-sectia-1-ce-reactie-au-avut\/\" rel=\"bookmark\" title=\"VIDEO P\u0103rin\u021bii care \u0219i-au abuzat fiica cu handicap, du\u0219i la Sec\u021bia 1. Ce reac\u021bie au avut\">VIDEO P\u0103rin\u021bii care \u0219i-au abuzat fiica cu handicap, du\u0219i la Sec\u021bia 1. Ce reac\u021bie au avut<\/a><\/h3>\n<\/div>\n<\/div>\n<\/div>\n<div class=\"td_module_flex td_module_flex_1 td_module_wrap td-animation-stack td-meta-info-hide td-cpt-post\">\n<div class=\"td-module-container td-category-pos-image\">\n<div class=\"td-module-meta-info\">\n<h3 class=\"entry-title td-module-title\"><a href=\"https:\/\/voceatimisului.ro\/dramatic-15-copii-din-pischia-au-inceput-scoala-fara-ghiozdane-cu-rechizite-cum-ii-poti-ajuta\/\" rel=\"bookmark\" title=\"DRAMATIC 15 copii din Pi\u015fchia au \u00eenceput \u015fcoala f\u0103r\u0103 ghiozdane cu rechizite. Cum \u00eei po\u0163i ajuta\">DRAMATIC 15 copii din Pi\u015fchia au \u00eenceput \u015fcoala f\u0103r\u0103 ghiozdane cu rechizite. Cum \u00eei po\u0163i ajuta<\/a><\/h3>\n<\/div>\n<\/div>\n<\/div>\n<div class=\"td_module_flex td_module_flex_1 td_module_wrap td-animation-stack td-meta-info-hide td-cpt-post\">\n<div class=\"td-module-container td-category-pos-image\">\n<div class=\"td-module-meta-info\">\n<h3 class=\"entry-title td-module-title\"><a href=\"https:\/\/voceatimisului.ro\/ne-aliniem-la-standarde-ue-copiii-din-romania-vor-fi-vaccinati-antipneumococic-premiera\/\" rel=\"bookmark\" title=\"Ne aliniem la standarde UE: copiii din Rom\u00e2nia vor fi vaccina\u0163i antipneumococic, \u00een premier\u0103\">Ne aliniem la standarde UE: copiii din Rom\u00e2nia vor fi vaccina\u0163i antipneumococic, \u00een premier\u0103<\/a><\/h3>\n<\/div>\n<\/div>\n<\/div>\n<div class=\"td_module_flex td_module_flex_1 td_module_wrap td-animation-stack td-meta-info-hide td-cpt-post\">\n<div class=\"td-module-container td-category-pos-image\">\n<div class=\"td-module-meta-info\">\n<h3 class=\"entry-title td-module-title\"><a href=\"https:\/\/voceatimisului.ro\/mai-putin-de-o-luna-pana-la-inceperea-scolii-la-ce-preturi-se-vand-rechizitele-timisoara\/\" rel=\"bookmark\" title=\"Mai pu\u0163in de o lun\u0103 p\u00e2n\u0103 la \u00eenceperea \u015fcolii. La ce pre\u0163uri se v\u00e2nd rechizitele \u00een Timi\u015foara\">Mai pu\u0163in de o lun\u0103 p\u00e2n\u0103 la \u00eenceperea \u015fcolii. La ce pre\u0163uri se v\u00e2nd rechizitele \u00een Timi\u015foara<\/a><\/h3>\n<\/div>\n<\/div>\n<\/div>\n<div class=\"td_module_flex td_module_flex_1 td_module_wrap td-animation-stack td-meta-info-hide td-cpt-post\">\n<div class=\"td-module-container td-category-pos-image\">\n<div class=\"td-module-meta-info\">\n<h3 class=\"entry-title td-module-title\"><a href=\"https:\/\/voceatimisului.ro\/mesajul-mitropolitului-bisericile-din-timis-se-strang-bani-pentru-premierea-olimpicilor-modalitatile-care-puteti-dona\/\" rel=\"bookmark\" title=\"Mesajul Mitropolitului: \u00een bisericile din Timi\u015f se str\u00e2ng bani pentru premierea olimpicilor. Modalit\u0103\u0163ile \u00een care pute\u0163i dona\">Mesajul Mitropolitului: \u00een bisericile din Timi\u015f se str\u00e2ng bani pentru premierea olimpicilor. Modalit\u0103\u0163ile \u00een care pute\u0163i dona<\/a><\/h3>\n<\/div>\n<\/div>\n<\/div>\n<\/div>\n<\/div>\n<\/div>\n<\/div>\n<\/div>\n<\/div>\n<\/div>\n<\/div>\n<p><span class=\"td-page-meta\"><\/span><span class=\"td-page-meta\"><span class=\"td-page-meta\"><\/span><\/span><span class=\"td-page-meta\"><\/span><\/article>\n<p> Source URL: https:\/\/voceatimisului.ro\/muzele-isi-fac-aparitia-parcul-copiilor-din-nou-vezi-cand-incep-muze-intergeneratii\/<\/p>\n","protected":false},"excerpt":{"rendered":"<p>\u0218tiriEveniment Muzele \u00ee\u0219i fac apari\u021bia \u00een Parcul Copiilor, din nou. Vezi c\u00e2nd \u00eencep \u201dMuze Intergenera\u021bii\u201d Autor-Redac\u021bia 29 august 2014 0 11071 Facebook Twitter Pinterest WhatsApp Linkedin Copy URL muze intergeneratii jpg Fritz face poze, copacii cad: noroc c\u0103 n-a murit nimeni. \u00cenc\u0103. Se deschide Ludoteca Habarnam \u2013 Club de joaca si lectura pentru copii, la [&hellip;]<\/p>\n","protected":false},"author":1,"featured_media":1335381,"comment_status":"open","ping_status":"","sticky":false,"template":"","format":"standard","meta":{"footnotes":""},"categories":[89],"tags":[199],"class_list":["post-1335379","post","type-post","status-publish","format-standard","has-post-thumbnail","hentry","category-romania","tag-voceatimisului-ro"],"_links":{"self":[{"href":"https:\/\/analyse.optim.biz\/index.php?rest_route=\/wp\/v2\/posts\/1335379","targetHints":{"allow":["GET"]}}],"collection":[{"href":"https:\/\/analyse.optim.biz\/index.php?rest_route=\/wp\/v2\/posts"}],"about":[{"href":"https:\/\/analyse.optim.biz\/index.php?rest_route=\/wp\/v2\/types\/post"}],"author":[{"embeddable":true,"href":"https:\/\/analyse.optim.biz\/index.php?rest_route=\/wp\/v2\/users\/1"}],"replies":[{"embeddable":true,"href":"https:\/\/analyse.optim.biz\/index.php?rest_route=%2Fwp%2Fv2%2Fcomments&post=1335379"}],"version-history":[{"count":0,"href":"https:\/\/analyse.optim.biz\/index.php?rest_route=\/wp\/v2\/posts\/1335379\/revisions"}],"wp:featuredmedia":[{"embeddable":true,"href":"https:\/\/analyse.optim.biz\/index.php?rest_route=\/wp\/v2\/media\/1335381"}],"wp:attachment":[{"href":"https:\/\/analyse.optim.biz\/index.php?rest_route=%2Fwp%2Fv2%2Fmedia&parent=1335379"}],"wp:term":[{"taxonomy":"category","embeddable":true,"href":"https:\/\/analyse.optim.biz\/index.php?rest_route=%2Fwp%2Fv2%2Fcategories&post=1335379"},{"taxonomy":"post_tag","embeddable":true,"href":"https:\/\/analyse.optim.biz\/index.php?rest_route=%2Fwp%2Fv2%2Ftags&post=1335379"}],"curies":[{"name":"wp","href":"https:\/\/api.w.org\/{rel}","templated":true}]}}