{"id":1335365,"date":"2014-09-10T08:36:52","date_gmt":"2014-09-10T05:36:52","guid":{"rendered":"https:\/\/analyse.optim.biz\/?p=1335365"},"modified":"2014-09-10T08:36:52","modified_gmt":"2014-09-10T05:36:52","slug":"parcul-copiilor-din-timisoara-isi-schimba-programul-de-vizitare","status":"publish","type":"post","link":"https:\/\/analyse.optim.biz\/?p=1335365","title":{"rendered":"Parcul Copiilor din Timi\u0219oara \u00ee\u0219i schimb\u0103 programul de vizitare"},"content":{"rendered":"<article id=\"template-id-172790\" class=\"post-172790 tdb_templates type-tdb_templates status-publish post\">\n<div id=\"tdi_52\" class=\"tdc-zone\">\n<div class=\"tdc_zone tdi_53  wpb_row td-pb-row\">\n<div id=\"tdi_54\" class=\"tdc-row stretch_row_1400 td-stretch-content\">\n<div class=\"vc_row tdi_55  wpb_row td-pb-row tdc-element-style\">\n<div class=\"vc_column tdi_57  wpb_column vc_column_container tdc-column td-pb-span8\">\n<div class=\"wpb_wrapper\">\n<div class=\"td_block_wrap tdb_single_categories tdi_58 td-pb-border-top td_block_template_1 \" data-td-block-uid=\"tdi_58\">\n<div class=\"tdb-category td-fix-index\"><a class=\"tdb-entry-category\" href=\"https:\/\/voceatimisului.ro\/category\/stiri-din-timisoara-si-timis\/\">\u0218tiri<\/a><a class=\"tdb-entry-category\" href=\"https:\/\/voceatimisului.ro\/category\/stiri-din-timisoara-si-timis\/social\/\">Social<\/a><\/div>\n<\/div>\n<div class=\"td_block_wrap tdb_title tdi_59 tdb-single-title td-pb-border-top td_block_template_1\" data-td-block-uid=\"tdi_59\">\n<div class=\"tdb-block-inner td-fix-index\">\n<h1 class=\"tdb-title-text\">Parcul Copiilor din Timi\u0219oara \u00ee\u0219i schimb\u0103 programul de vizitare<\/h1>\n<\/div>\n<\/div>\n<div class=\"vc_row_inner tdi_62  vc_row vc_inner wpb_row td-pb-row\">\n<div class=\"vc_column_inner tdi_64  wpb_column vc_column_container tdc-inner-column td-pb-span6\">\n<div class=\"vc_column-inner\">\n<div class=\"wpb_wrapper\">\n<div class=\"td_block_wrap tdb_single_author tdi_65 td-pb-border-top td_block_template_1 tdb-post-meta\" data-td-block-uid=\"tdi_65\">\n<div class=\"tdb-block-inner td-fix-index\">\n<div class=\"tdb-author-name-wrap\"><span class=\"tdb-author-by\">Autor-<\/span><a class=\"tdb-author-name\" href=\"https:\/\/voceatimisului.ro\/author\/redactia\/\">Redac\u021bia<\/a><\/div>\n<\/div>\n<\/div>\n<div class=\"td_block_wrap tdb_single_date tdi_66 td-pb-border-top td_block_template_1 tdb-post-meta\" data-td-block-uid=\"tdi_66\">\n<div class=\"tdb-block-inner td-fix-index\"><time class=\"entry-date updated td-module-date\" datetime=\"2014-09-10T11:36:52+03:00\">10 septembrie 2014<\/time><\/div>\n<\/div>\n<div class=\"td_block_wrap tdb_single_comments_count tdi_67 td-pb-border-top td_block_template_1 tdb-post-meta\" data-td-block-uid=\"tdi_67\">\n<div class=\"tdb-block-inner td-fix-index\"><a href=\"https:\/\/voceatimisului.ro\/parcul-copiilor-din-timisoara-isi-schimba-programul-de-vizitare\/#respond\"><span>0<\/span><\/a><\/div>\n<\/div>\n<div class=\"td_block_wrap tdb_single_post_views tdi_68 td-pb-border-top td_block_template_1 tdb-post-meta\" data-td-block-uid=\"tdi_68\">\n<div class=\"tdb-block-inner td-fix-index\"><span class=\"tdb-add-text\">1<\/span><span class=\"td-nr-views-58695\">1726<\/span><\/div>\n<\/div>\n<\/div>\n<\/div>\n<\/div>\n<div class=\"vc_column_inner tdi_70  wpb_column vc_column_container tdc-inner-column td-pb-span6\">\n<div class=\"vc_column-inner\">\n<div class=\"wpb_wrapper\">\n<div class=\"td_block_wrap tdb_single_post_share tdi_71  td-pb-border-top td_block_template_1\" data-td-block-uid=\"tdi_71\">\n<div id=\"tdi_71\" class=\"td-post-sharing tdb-block td-ps-bg td-ps-notext td-post-sharing-style1 \">\n<div class=\"td-post-sharing-visible\"><a class=\"td-social-sharing-button td-social-sharing-button-js td-social-network td-social-facebook\" href=\"https:\/\/www.facebook.com\/sharer.php?u=https%3A%2F%2Fvoceatimisului.ro%2Fparcul-copiilor-din-timisoara-isi-schimba-programul-de-vizitare%2F\" title=\"Facebook\" rel=\"noopener\"><\/p>\n<div class=\"td-social-but-text\">Facebook<\/div>\n<p><\/a><a class=\"td-social-sharing-button td-social-sharing-button-js td-social-network td-social-twitter\" href=\"https:\/\/twitter.com\/intent\/tweet?text=Parcul+Copiilor+din+Timi%C8%99oara+%C3%AE%C8%99i+schimb%C4%83+programul+de+vizitare&amp;url=https%3A%2F%2Fvoceatimisului.ro%2Fparcul-copiilor-din-timisoara-isi-schimba-programul-de-vizitare%2F&amp;via=Vocea+Timisului\" title=\"Twitter\" rel=\"noopener\"><\/p>\n<div class=\"td-social-but-text\">Twitter<\/div>\n<p><\/a><a class=\"td-social-sharing-button td-social-sharing-button-js td-social-network td-social-pinterest\" href=\"https:\/\/pinterest.com\/pin\/create\/button\/?url=https:\/\/voceatimisului.ro\/parcul-copiilor-din-timisoara-isi-schimba-programul-de-vizitare\/&amp;media=https:\/\/voceatimisului.ro\/wp-content\/uploads\/2014\/05\/DISTRAC%C5%A2IE-maxim%C4%83-%C3%AEn-Parcul-Copiilor-din-Timi%C5%9Foara11-jpg.webp&amp;description=Parcul+Copiilor+din+Timi%C8%99oara+%C3%AE%C8%99i+schimb%C4%83+programul+de+vizitare\" title=\"Pinterest\" rel=\"noopener\"><\/p>\n<div class=\"td-social-but-text\">Pinterest<\/div>\n<p><\/a><a class=\"td-social-sharing-button td-social-sharing-button-js td-social-network td-social-whatsapp\" href=\"https:\/\/api.whatsapp.com\/send?text=Parcul+Copiilor+din+Timi%C8%99oara+%C3%AE%C8%99i+schimb%C4%83+programul+de+vizitare%20%0A%0A%20https:\/\/voceatimisului.ro\/parcul-copiilor-din-timisoara-isi-schimba-programul-de-vizitare\/\" title=\"WhatsApp\" rel=\"noopener\"><\/p>\n<div class=\"td-social-but-text\">WhatsApp<\/div>\n<p><\/a><a class=\"td-social-sharing-button td-social-sharing-button-js td-social-network td-social-linkedin\" href=\"https:\/\/www.linkedin.com\/shareArticle?mini=true&amp;url=https:\/\/voceatimisului.ro\/parcul-copiilor-din-timisoara-isi-schimba-programul-de-vizitare\/&amp;title=Parcul+Copiilor+din+Timi%C8%99oara+%C3%AE%C8%99i+schimb%C4%83+programul+de+vizitare\" title=\"Linkedin\" rel=\"noopener\"><\/p>\n<div class=\"td-social-but-text\">Linkedin<\/div>\n<p><\/a><a class=\"td-social-sharing-button td-social-sharing-button-js td-social-network td-social-copy_url\" href=\"https:\/\/voceatimisului.ro\/parcul-copiilor-din-timisoara-isi-schimba-programul-de-vizitare\/\" title=\"Copy URL\" rel=\"noopener\"><\/p>\n<div class=\"td-social-but-text\">Copy URL<\/div>\n<p><\/a><\/div>\n<\/div>\n<\/div>\n<\/div>\n<\/div>\n<\/div>\n<\/div>\n<div class=\"td_block_wrap tdb_single_featured_image tdi_72 tdb-content-horiz-left td-pb-border-top td_block_template_1\" data-td-block-uid=\"tdi_72\">\n<div class=\"tdb-block-inner td-fix-index\">\n<figure><img loading=\"lazy\" decoding=\"async\" width=\"696\" height=\"462\" class=\"entry-thumb\" src=\"https:\/\/analyse.optim.biz\/wp-content\/uploads\/2026\/01\/distracc5a2ie-maximc483-c3aen-parcul-copiilor-din-timic59foara11-jpg-696x462-1.webp\" alt=\"DISTRAC\u0162IE maxim\u0103 \u00een Parcul Copiilor din Timi\u015foara11 jpg\" title=\"DISTRAC\u0162IE maxim\u0103 \u00een Parcul Copiilor din Timi\u015foara11 jpg\"><figcaption class=\"tdb-caption-text\">DISTRAC\u0162IE maxim\u0103 \u00een Parcul Copiilor din Timi\u015foara11 jpg<\/figcaption><\/figure>\n<\/div>\n<\/div>\n<div class=\"vc_row_inner tdi_74  vc_row vc_inner wpb_row td-pb-row\">\n<div class=\"vc_column_inner tdi_76  wpb_column vc_column_container tdc-inner-column td-pb-span4 td-is-sticky\">\n<div class=\"vc_column-inner\">\n<div class=\"wpb_wrapper\" data-sticky-enabled-on=\"W3RydWUsdHJ1ZSx0cnVlLHRydWVd\" data-sticky-offset=\"20\" data-sticky-is-width-auto=\"W2ZhbHNlLGZhbHNlLGZhbHNlLGZhbHNlXQ==\">\n<div class=\"td_block_wrap td_flex_block_1 tdi_77 td-pb-border-top td_block_template_1 td_ajax_preloading_preload td_flex_block\" data-td-block-uid=\"tdi_77\">\n<div id=\"tdi_77\" class=\"td_block_inner td-mc1-wrap\">\n<div class=\"td_module_flex td_module_flex_1 td_module_wrap td-animation-stack td-meta-info-hide td-cpt-post\">\n<div class=\"td-module-container td-category-pos-image\">\n<div class=\"td-module-meta-info\">\n<h3 class=\"entry-title td-module-title\"><a href=\"https:\/\/voceatimisului.ro\/fritz-face-poze-copacii-cad-noroc-ca-n-a-murit-nimeni-inca\/\" rel=\"bookmark\" title=\"Fritz face poze, copacii cad: noroc c\u0103 n-a murit nimeni. \u00cenc\u0103.\">Fritz face poze, copacii cad: noroc c\u0103 n-a murit nimeni. \u00cenc\u0103.<\/a><\/h3>\n<\/div>\n<\/div>\n<\/div>\n<div class=\"td_module_flex td_module_flex_1 td_module_wrap td-animation-stack td-meta-info-hide td-cpt-post\">\n<div class=\"td-module-container td-category-pos-image\">\n<div class=\"td-module-meta-info\">\n<h3 class=\"entry-title td-module-title\"><a href=\"https:\/\/voceatimisului.ro\/se-deschide-ludoteca-habarnam-club-de-joaca-si-lectura-pentru-copii-la-timisoara\/\" rel=\"bookmark\" title=\"Se deschide Ludoteca Habarnam \u2013 Club de joaca si lectura pentru copii, la Timisoara\">Se deschide Ludoteca Habarnam \u2013 Club de joaca si lectura pentru copii, la Timisoara<\/a><\/h3>\n<\/div>\n<\/div>\n<\/div>\n<div class=\"td_module_flex td_module_flex_1 td_module_wrap td-animation-stack td-meta-info-hide td-cpt-post\">\n<div class=\"td-module-container td-category-pos-image\">\n<div class=\"td-module-meta-info\">\n<h3 class=\"entry-title td-module-title\"><a href=\"https:\/\/voceatimisului.ro\/politistii-din-timis-fapte-bune-pentru-copii-protejam-oameni-ajutam-oameni\/\" rel=\"bookmark\" title=\"Politistii din Timis, fapte bune pentru copii: \u201dProtejam oameni, ajutam oameni!\u201d\">Politistii din Timis, fapte bune pentru copii: \u201dProtejam oameni, ajutam oameni!\u201d<\/a><\/h3>\n<\/div>\n<\/div>\n<\/div>\n<div class=\"td_module_flex td_module_flex_1 td_module_wrap td-animation-stack td-meta-info-hide td-cpt-post\">\n<div class=\"td-module-container td-category-pos-image\">\n<div class=\"td-module-meta-info\">\n<h3 class=\"entry-title td-module-title\"><a href=\"https:\/\/voceatimisului.ro\/editia-a-xiv-a-a-festivalului-plai-e-gata-de-start-afla-programul\/\" rel=\"bookmark\" title=\"Editia a XIV-a a Festivalului PLAI e gata de start. Afla programul!\">Editia a XIV-a a Festivalului PLAI e gata de start. Afla programul!<\/a><\/h3>\n<\/div>\n<\/div>\n<\/div>\n<\/div>\n<\/div>\n<div class=\"tdb-author-box td_block_wrap tdb_single_author_box tdi_82 tdb-content-vert-top td-pb-border-top td_block_template_1\" data-td-block-uid=\"tdi_82\">\n<div class=\"tdb-block-inner td-fix-index\">\n<div class=\"tdb-author-info\"><a href=\"https:\/\/voceatimisului.ro\/author\/redactia\/\" class=\"tdb-author-name\">Redac\u021bia<\/a><\/p>\n<div class=\"tdb-author-descr\">\u00centreaga responsabilitate a comentariilor l\u0103sate de dumneavoastr\u0103 v\u0103 apar\u021bine!<br \/>\nClick <a href=\"https:\/\/voceatimisului.ro\/termeni-si-conditii\/\">aici<\/a>-citeste condi\u0163iile de utilizare ale site-ului www.voceatimisului.ro<\/div>\n<\/div>\n<\/div>\n<\/div>\n<\/div>\n<\/div>\n<\/div>\n<div class=\"vc_column_inner tdi_84  wpb_column vc_column_container tdc-inner-column td-pb-span8\">\n<div class=\"vc_column-inner\">\n<div class=\"wpb_wrapper\">\n<div class=\"td_block_wrap tdb_single_content tdi_85 td-pb-border-top td_block_template_1 td-post-content tagdiv-type\" data-td-block-uid=\"tdi_85\">\n<div class=\"tdb-block-inner td-fix-index\">\n<p>Singurul Parc destinat copiilor din Timi\u0219oara, Parcul \u201dIon Creang\u0103\u201d, \u00ee\u0219i reduce num\u0103rul orelor \u00een care va fi deschis publicului, pe motiv c\u0103 num\u0103rul vizitatorilor<strong> va sc\u0103dea considerabil odat\u0103 cu \u00eenceperea noului an \u0219colar \u0219i cu r\u0103cirea vremii.<\/strong><\/p>\n<p>Noul orar, \u00een care <strong>Parcul Copiilor va fi deschis, va fi \u00eentre ora 9:00 \u0219i ora 21:00<\/strong>, dar trebuie s\u0103 \u021bine\u021bi cont de faptul c\u0103<strong> func\u0163ionarea unor echipamente de joac\u0103, cum sunt trenule\u0163ul sau circuit de canoe, va fi sistat\u0103.<\/strong> De asemenea, \u00eencep\u00e2nd cu data de 15 septembrie 2014,<strong> parcul va fi deschis \u015fi \u00een ziua de luni<\/strong> a fiec\u0103rei s\u0103pt\u0103m\u00e2ni.<\/p>\n<p>Din prim\u0103vara anului 2015,<strong> odat\u0103 cu re\u00eenc\u0103lzirea vremii, se va reveni la actualul program<\/strong> de func\u0163ionare, respectiv 9:00-24:00.<\/p>\n<p><em><strong>\u201dCu speran\u0163a c\u0103 \u015fi cet\u0103\u0163enii, \u00eempreun\u0103 cu copiii, vor sprijini func\u0163ionarea \u00een bune condi\u0163ii a parcului printr-un comportament adecvat, \u00eei asigur\u0103m pe to\u0163i ace\u015ftia de o deschidere total\u0103 \u015fi o colaborare permanent\u0103 pentru ca acest parc s\u0103 satisfac\u0103 a\u015ftept\u0103rile at\u00e2t ale celor mici, c\u00e2t \u015fi ale celor mari\u201d<\/strong><\/em>anun\u021b\u0103 responsabilii Parcului Copiilor din Timi\u0219oara.<\/p>\n<\/div>\n<\/div>\n<div class=\"td_block_wrap tdb_single_tags tdi_88 td-pb-border-top td_block_template_1\" data-td-block-uid=\"tdi_88\">\n<div class=\"tdb-block-inner td-fix-index\">\n<ul class=\"tdb-tags\">\n<li><span>Tags<\/span><\/li>\n<li><a href=\"https:\/\/voceatimisului.ro\/tag\/copii\/\">copii<\/a><\/li>\n<li><a href=\"https:\/\/voceatimisului.ro\/tag\/orar\/\">orar<\/a><\/li>\n<li><a href=\"https:\/\/voceatimisului.ro\/tag\/parcul-copiilor\/\">parcul copiilor<\/a><\/li>\n<li><a href=\"https:\/\/voceatimisului.ro\/tag\/parinti\/\">parinti<\/a><\/li>\n<li><a href=\"https:\/\/voceatimisului.ro\/tag\/program\/\">program<\/a><\/li>\n<li><a href=\"https:\/\/voceatimisului.ro\/tag\/timisoara\/\">Timisoara<\/a><\/li>\n<li><a href=\"https:\/\/voceatimisului.ro\/tag\/trenulet\/\">trenulet<\/a><\/li>\n<\/ul>\n<\/div>\n<\/div>\n<div class=\"td_block_wrap tdb_single_post_share tdi_89  td-pb-border-top td_block_template_1\" data-td-block-uid=\"tdi_89\">\n<div id=\"tdi_89\" class=\"td-post-sharing tdb-block td-ps-bg td-ps-notext td-post-sharing-style1 \">\n<div class=\"td-post-sharing-visible\"><a class=\"td-social-sharing-button td-social-sharing-button-js td-social-network td-social-facebook\" href=\"https:\/\/www.facebook.com\/sharer.php?u=https%3A%2F%2Fvoceatimisului.ro%2Fparcul-copiilor-din-timisoara-isi-schimba-programul-de-vizitare%2F\" title=\"Facebook\" rel=\"noopener\"><\/p>\n<div class=\"td-social-but-text\">Facebook<\/div>\n<p><\/a><a class=\"td-social-sharing-button td-social-sharing-button-js td-social-network td-social-twitter\" href=\"https:\/\/twitter.com\/intent\/tweet?text=Parcul+Copiilor+din+Timi%C8%99oara+%C3%AE%C8%99i+schimb%C4%83+programul+de+vizitare&amp;url=https%3A%2F%2Fvoceatimisului.ro%2Fparcul-copiilor-din-timisoara-isi-schimba-programul-de-vizitare%2F&amp;via=Vocea+Timisului\" title=\"Twitter\" rel=\"noopener\"><\/p>\n<div class=\"td-social-but-text\">Twitter<\/div>\n<p><\/a><a class=\"td-social-sharing-button td-social-sharing-button-js td-social-network td-social-pinterest\" href=\"https:\/\/pinterest.com\/pin\/create\/button\/?url=https:\/\/voceatimisului.ro\/parcul-copiilor-din-timisoara-isi-schimba-programul-de-vizitare\/&amp;media=https:\/\/voceatimisului.ro\/wp-content\/uploads\/2014\/05\/DISTRAC%C5%A2IE-maxim%C4%83-%C3%AEn-Parcul-Copiilor-din-Timi%C5%9Foara11-jpg.webp&amp;description=Parcul+Copiilor+din+Timi%C8%99oara+%C3%AE%C8%99i+schimb%C4%83+programul+de+vizitare\" title=\"Pinterest\" rel=\"noopener\"><\/p>\n<div class=\"td-social-but-text\">Pinterest<\/div>\n<p><\/a><a class=\"td-social-sharing-button td-social-sharing-button-js td-social-network td-social-whatsapp\" href=\"https:\/\/api.whatsapp.com\/send?text=Parcul+Copiilor+din+Timi%C8%99oara+%C3%AE%C8%99i+schimb%C4%83+programul+de+vizitare%20%0A%0A%20https:\/\/voceatimisului.ro\/parcul-copiilor-din-timisoara-isi-schimba-programul-de-vizitare\/\" title=\"WhatsApp\" rel=\"noopener\"><\/p>\n<div class=\"td-social-but-text\">WhatsApp<\/div>\n<p><\/a><a class=\"td-social-sharing-button td-social-sharing-button-js td-social-network td-social-linkedin\" href=\"https:\/\/www.linkedin.com\/shareArticle?mini=true&amp;url=https:\/\/voceatimisului.ro\/parcul-copiilor-din-timisoara-isi-schimba-programul-de-vizitare\/&amp;title=Parcul+Copiilor+din+Timi%C8%99oara+%C3%AE%C8%99i+schimb%C4%83+programul+de+vizitare\" title=\"Linkedin\" rel=\"noopener\"><\/p>\n<div class=\"td-social-but-text\">Linkedin<\/div>\n<p><\/a><a class=\"td-social-sharing-button td-social-sharing-button-js td-social-network td-social-copy_url\" href=\"https:\/\/voceatimisului.ro\/parcul-copiilor-din-timisoara-isi-schimba-programul-de-vizitare\/\" title=\"Copy URL\" rel=\"noopener\"><\/p>\n<div class=\"td-social-but-text\">Copy URL<\/div>\n<p><\/a><\/div>\n<\/div>\n<\/div>\n<div class=\"td_block_wrap tdb_single_next_prev tdi_90 td-animation-stack td-next-prev-img-on td-pb-border-top td_block_template_1\" data-td-block-uid=\"tdi_90\">\n<div class=\"tdb-block-inner td-fix-index\">\n<div class=\"tdb-next-post tdb-next-post-bg tdb-post-prev\"><span>Articolul precedent<\/span><\/p>\n<div class=\"td-module-container\">\n<div class=\"td-image-container\"><a class=\"td-image-wrap\" href=\"https:\/\/voceatimisului.ro\/poli-timisoara-eliminata-surprinzator-din-cupa-romaniei-soimii-s-au-calificat-desi-banatenii-au-condus-cu-2-0\/\"><img loading=\"lazy\" decoding=\"async\" class=\"td-next-prev-image td-fix-index td-lazy-img\" title=\"Poli Timi\u0219oara, eliminat\u0103 surprinz\u0103tor din Cupa Rom\u00e2niei. \u0218oimii s-au calificat, de\u0219i b\u0103n\u0103\u021benii au condus cu 2-0\" width=\"696\" height=\"522\" src=\"https:\/\/analyse.optim.biz\/wp-content\/uploads\/2026\/01\/cupa-romaniei-soimii-pancota-poli-timisoara-696x522-1.jpg\"><\/a><\/div>\n<div class=\"next-prev-title\"><a href=\"https:\/\/voceatimisului.ro\/poli-timisoara-eliminata-surprinzator-din-cupa-romaniei-soimii-s-au-calificat-desi-banatenii-au-condus-cu-2-0\/\">Poli Timi\u0219oara, eliminat\u0103 surprinz\u0103tor din Cupa Rom\u00e2niei. \u0218oimii s-au calificat, de\u0219i b\u0103n\u0103\u021benii au condus cu 2-0<\/a><\/div>\n<\/div>\n<\/div>\n<div class=\"tdb-next-post tdb-next-post-bg tdb-post-next\"><span>Articolul urm\u0103tor<\/span><\/p>\n<div class=\"td-module-container\">\n<div class=\"td-image-container\"><a class=\"td-image-wrap\" href=\"https:\/\/voceatimisului.ro\/timisorenii-din-nou-pe-podium-la-nationalul-de-autoslalom-ce-rezultate-au-obtinut-pe-primul-circuit-auto-profesionist-din-romania-foto\/\"><img loading=\"lazy\" decoding=\"async\" class=\"td-next-prev-image td-fix-index td-lazy-img\" title=\"Timi\u0219orenii, din nou pe podium la Na\u021bionalul de Autoslalom. Ce rezultate au ob\u021binut pe primul circuit auto profesionist din Rom\u00e2nia FOTO\" width=\"696\" height=\"464\" src=\"https:\/\/analyse.optim.biz\/wp-content\/uploads\/2026\/01\/krepelka-autoslalom-4-jpg-696x464-1.webp\"><\/a><\/div>\n<div class=\"next-prev-title\"><a href=\"https:\/\/voceatimisului.ro\/timisorenii-din-nou-pe-podium-la-nationalul-de-autoslalom-ce-rezultate-au-obtinut-pe-primul-circuit-auto-profesionist-din-romania-foto\/\">Timi\u0219orenii, din nou pe podium la Na\u021bionalul de Autoslalom. Ce rezultate au ob\u021binut pe primul circuit auto profesionist din Rom\u00e2nia FOTO<\/a><\/div>\n<\/div>\n<\/div>\n<\/div>\n<\/div>\n<\/div>\n<\/div>\n<\/div>\n<\/div>\n<div class=\"vc_row_inner tdi_100  vc_row vc_inner wpb_row td-pb-row\">\n<div class=\"vc_column_inner tdi_102  wpb_column vc_column_container tdc-inner-column td-pb-span4 td-is-sticky\">\n<div class=\"vc_column-inner\">\n<div class=\"wpb_wrapper\" data-sticky-enabled-on=\"W3RydWUsdHJ1ZSx0cnVlLHRydWVd\" data-sticky-offset=\"20\" data-sticky-is-width-auto=\"W2ZhbHNlLGZhbHNlLGZhbHNlLGZhbHNlXQ==\">\n<div class=\"td_block_wrap tdb_single_related tdi_103 td_with_ajax_pagination td-pb-border-top td_block_template_1 tdb-single-related-posts\" data-td-block-uid=\"tdi_103\">\n<div id=\"tdi_103\" class=\"td_block_inner tdb-block-inner td-fix-index\">\n<div class=\"tdb_module_related td_module_wrap td-animation-stack td-meta-info-hide\">\n<div class=\"td-module-container td-category-pos-image\">\n<div class=\"td-module-meta-info\">\n<h3 class=\"entry-title td-module-title\"><a href=\"https:\/\/voceatimisului.ro\/copii-de-15-ani-prinsi-dupa-ce-au-furat-dintr-un-magazin-din-prostie\/\" rel=\"bookmark\" title=\"Copii de 15 ani, prinsi dupa ce au furat dintr-un magazin \u201ddin prostie\u201d\">Copii de 15 ani, prinsi dupa ce au furat dintr-un magazin \u201ddin prostie\u201d<\/a><\/h3>\n<\/div>\n<\/div>\n<\/div>\n<div class=\"tdb_module_related td_module_wrap td-animation-stack td-meta-info-hide\">\n<div class=\"td-module-container td-category-pos-image\">\n<div class=\"td-module-meta-info\">\n<h3 class=\"entry-title td-module-title\"><a href=\"https:\/\/voceatimisului.ro\/se-apropie-timfloralis-festivalul-florilor-2019-la-timisoara-vezi-programul-complet\/\" rel=\"bookmark\" title=\"Se apropie Timfloralis \u2013 Festivalul Florilor 2019, la Timisoara. Vezi programul complet!\">Se apropie Timfloralis \u2013 Festivalul Florilor 2019, la Timisoara. Vezi programul complet!<\/a><\/h3>\n<\/div>\n<\/div>\n<\/div>\n<div class=\"tdb_module_related td_module_wrap td-animation-stack td-meta-info-hide\">\n<div class=\"td-module-container td-category-pos-image\">\n<div class=\"td-module-meta-info\">\n<h3 class=\"entry-title td-module-title\"><a href=\"https:\/\/voceatimisului.ro\/programul-euro-200-se-deruleaza-si-in-2019-in-alta-perioada\/\" rel=\"bookmark\" title=\"Programul \u201eEuro 200\u201d se deruleaza si in 2019, in alta perioada\">Programul \u201eEuro 200\u201d se deruleaza si in 2019, in alta perioada<\/a><\/h3>\n<\/div>\n<\/div>\n<\/div>\n<\/div>\n<\/div>\n<\/div>\n<\/div>\n<\/div>\n<div class=\"vc_column_inner tdi_105  wpb_column vc_column_container tdc-inner-column td-pb-span8\">\n<div class=\"vc_column-inner\">\n<div class=\"wpb_wrapper\">\n<div class=\"td_block_wrap tdb_single_comments tdi_106 tdb-comm-layout2 td-pb-border-top td_block_template_2\" data-td-block-uid=\"tdi_106\">\n<div class=\"tdb-block-inner td-fix-index\">\n<div class=\"comments\" id=\"comments\">\n<div id=\"respond\" class=\"comment-respond\">\n<h3 id=\"reply-title\" class=\"comment-reply-title\">L\u0102SA\u021aI UN MESAJ <small><a rel=\"nofollow\" id=\"cancel-comment-reply-link\" href=\"https:\/\/voceatimisului.ro\/parcul-copiilor-din-timisoara-isi-schimba-programul-de-vizitare\/#respond\">Renun\u021ba\u021bi la r\u0103spuns<\/a><\/small><\/h3>\n<div class=\"comment-form-input-wrap td-form-comment\">\n<div class=\"td-warning-comment\">V\u0103 rug\u0103m s\u0103 introduce\u021bi comentariul dvs.!<\/div>\n<\/div>\n<div class=\"comment-form-input-wrap td-form-author\">\n<div class=\"td-warning-author\">Introduce\u021bi aici numele dvs.<\/div>\n<\/div>\n<div class=\"comment-form-input-wrap td-form-email\">\n<div class=\"td-warning-email-error\">A\u021bi introdus o adres\u0103 de e-mail incorect\u0103!<\/div>\n<div class=\"td-warning-email\">V\u0103 rug\u0103m s\u0103 introduce\u021bi adresa dvs. de e-mail aici<\/div>\n<\/div>\n<\/div>\n<\/div>\n<\/div>\n<\/div>\n<\/div>\n<\/div>\n<\/div>\n<\/div>\n<\/div>\n<\/div>\n<div class=\"vc_column tdi_108  wpb_column vc_column_container tdc-column td-pb-span4 td-is-sticky\">\n<div class=\"wpb_wrapper\" data-sticky-enabled-on=\"W3RydWUsdHJ1ZSx0cnVlLHRydWVd\" data-sticky-offset=\"20\" data-sticky-is-width-auto=\"W2ZhbHNlLGZhbHNlLGZhbHNlLGZhbHNlXQ==\">\n<div class=\"vc_row_inner tdi_110  vc_row vc_inner wpb_row td-pb-row\">\n<div class=\"vc_column_inner tdi_112  wpb_column vc_column_container tdc-inner-column td-pb-span12\">\n<div class=\"vc_column-inner\">\n<div class=\"wpb_wrapper\">\n<div class=\"td_block_wrap td_block_title tdi_113 td-pb-border-top td_block_template_11 td-fix-index\" data-td-block-uid=\"tdi_113\">\n<div class=\"td-block-title-wrap\">\n<h4 class=\"td-block-title\"><span class=\"td-pulldown-size\">ANUN\u021aURI \u0218I PUBLICITATE<\/span><\/h4>\n<\/div>\n<\/div>\n<\/div>\n<\/div>\n<\/div>\n<\/div>\n<div class=\"wpb_wrapper td_block_wrap vc_widget_sidebar tdi_115 \">\n<aside id=\"block-10\" class=\"td_block_template_1 widget block-10 widget_block widget_media_image\">\n<figure class=\"wp-block-image size-full\"><a href=\"https:\/\/adpghiroda.ro\/index.html\" target=\"_blank\" rel=\" noreferrer noopener\"><img decoding=\"async\" loading=\"lazy\" width=\"960\" height=\"960\" src=\"https:\/\/analyse.optim.biz\/wp-content\/uploads\/2026\/01\/adp-ghiroda2-215.jpg\" class=\"wp-image-171492\" title=\"adp-ghiroda2-215\"><\/a><\/figure>\n<\/aside>\n<aside id=\"block-11\" class=\"td_block_template_1 widget block-11 widget_block widget_media_image\">\n<figure class=\"wp-block-image size-full\"><a href=\"https:\/\/adpghiroda.ro\/index.html\" target=\"_blank\" rel=\" noreferrer noopener\"><img decoding=\"async\" loading=\"lazy\" width=\"960\" height=\"960\" src=\"https:\/\/analyse.optim.biz\/wp-content\/uploads\/2026\/01\/adp-ghiroda1-215.jpg\" class=\"wp-image-171491\" title=\"adp-ghiroda1-215\"><\/a><\/figure>\n<\/aside>\n<aside id=\"block-17\" class=\"td_block_template_1 widget block-17 widget_block widget_media_image\">\n<figure class=\"wp-block-image size-large is-resized\"><a href=\"https:\/\/verde.events\/\" target=\"_blank\" rel=\" noreferrer noopener\"><img decoding=\"async\" loading=\"lazy\" width=\"1024\" height=\"683\" src=\"https:\/\/analyse.optim.biz\/wp-content\/uploads\/2026\/01\/verde-events-24-1024x683-1-200.jpg\" alt=\"Verde Events\" class=\"wp-image-174395\" title=\"verde-events-24-1024x683-1-200\"><\/a><figcaption class=\"wp-element-caption\"><strong><em>O experien\u021b\u0103 unic\u0103 pentru orice tip de eveniment<\/em><\/strong><\/figcaption><\/figure>\n<\/aside>\n<\/div>\n<div class=\"td_block_wrap td_flex_block_1 tdi_121 td-pb-border-top td_block_template_1 td_ajax_preloading_preload td_flex_block\" data-td-block-uid=\"tdi_121\">\n<div id=\"tdi_121\" class=\"td_block_inner td-mc1-wrap\">\n<div class=\"td_module_flex td_module_flex_1 td_module_wrap td-animation-stack td-meta-info-hide td-cpt-post\">\n<div class=\"td-module-container td-category-pos-image\">\n<div class=\"td-module-meta-info\">\n<h3 class=\"entry-title td-module-title\"><a href=\"https:\/\/voceatimisului.ro\/targul-de-pasti-din-timisoara-se-deschide-maine-vezi-programul\/\" rel=\"bookmark\" title=\"Targul de Pasti din Timisoara se deschide maine. Vezi PROGRAMUL!\">Targul de Pasti din Timisoara se deschide maine. Vezi PROGRAMUL!<\/a><\/h3>\n<\/div>\n<\/div>\n<\/div>\n<div class=\"td_module_flex td_module_flex_1 td_module_wrap td-animation-stack td-meta-info-hide td-cpt-post\">\n<div class=\"td-module-container td-category-pos-image\">\n<div class=\"td-module-meta-info\">\n<h3 class=\"entry-title td-module-title\"><a href=\"https:\/\/voceatimisului.ro\/deratizarea-si-dezinsectia-reduc-programul-casieriilor-aquatim-din-timisoara\/\" rel=\"bookmark\" title=\"Deratizarea si dezinsectia reduc programul casieriilor Aquatim din Timisoara\">Deratizarea si dezinsectia reduc programul casieriilor Aquatim din Timisoara<\/a><\/h3>\n<\/div>\n<\/div>\n<\/div>\n<div class=\"td_module_flex td_module_flex_1 td_module_wrap td-animation-stack td-meta-info-hide td-cpt-post\">\n<div class=\"td-module-container td-category-pos-image\">\n<div class=\"td-module-meta-info\">\n<h3 class=\"entry-title td-module-title\"><a href=\"https:\/\/voceatimisului.ro\/ministerul-sanatatii-deruleaza-cel-mai-amplu-program-de-screening-pentru-tuberculoza\/\" rel=\"bookmark\" title=\"Ministerul Sanatatii deruleaza cel mai amplu program de screening pentru tuberculoza\">Ministerul Sanatatii deruleaza cel mai amplu program de screening pentru tuberculoza<\/a><\/h3>\n<\/div>\n<\/div>\n<\/div>\n<div class=\"td_module_flex td_module_flex_1 td_module_wrap td-animation-stack td-meta-info-hide td-cpt-post\">\n<div class=\"td-module-container td-category-pos-image\">\n<div class=\"td-module-meta-info\">\n<h3 class=\"entry-title td-module-title\"><a href=\"https:\/\/voceatimisului.ro\/povestea-de-iarna-de-la-teatrul-national-implineste-un-deceniu-vezi-programul-spectacolelor-lunii-ianuarie\/\" rel=\"bookmark\" title=\"\u201dPovestea de iarna\u201d de la Teatrul National implineste un deceniu. Vezi programul spectacolelor lunii ianuarie\">\u201dPovestea de iarna\u201d de la Teatrul National implineste un deceniu. Vezi programul spectacolelor lunii ianuarie<\/a><\/h3>\n<\/div>\n<\/div>\n<\/div>\n<div class=\"td_module_flex td_module_flex_1 td_module_wrap td-animation-stack td-meta-info-hide td-cpt-post\">\n<div class=\"td-module-container td-category-pos-image\">\n<div class=\"td-module-meta-info\">\n<h3 class=\"entry-title td-module-title\"><a href=\"https:\/\/voceatimisului.ro\/asociatia-timisoara-capitala-culturala-europeana-demareaza-programul-dante-2021\/\" rel=\"bookmark\" title=\"Asociatia Timisoara Capitala Culturala Europeana demareaza programul \u201eDante 2021\u201d\">Asociatia Timisoara Capitala Culturala Europeana demareaza programul \u201eDante 2021\u201d<\/a><\/h3>\n<\/div>\n<\/div>\n<\/div>\n<\/div>\n<\/div>\n<\/div>\n<\/div>\n<\/div>\n<\/div>\n<\/div>\n<\/div>\n<p><span class=\"td-page-meta\"><\/span><span class=\"td-page-meta\"><span class=\"td-page-meta\"><\/span><\/span><span class=\"td-page-meta\"><\/span><\/article>\n<p> Source URL: https:\/\/voceatimisului.ro\/parcul-copiilor-din-timisoara-isi-schimba-programul-de-vizitare\/<\/p>\n","protected":false},"excerpt":{"rendered":"<p>\u0218tiriSocial Parcul Copiilor din Timi\u0219oara \u00ee\u0219i schimb\u0103 programul de vizitare Autor-Redac\u021bia 10 septembrie 2014 0 11726 Facebook Twitter Pinterest WhatsApp Linkedin Copy URL DISTRAC\u0162IE maxim\u0103 \u00een Parcul Copiilor din Timi\u015foara11 jpg Fritz face poze, copacii cad: noroc c\u0103 n-a murit nimeni. \u00cenc\u0103. Se deschide Ludoteca Habarnam \u2013 Club de joaca si lectura pentru copii, la [&hellip;]<\/p>\n","protected":false},"author":1,"featured_media":1335369,"comment_status":"open","ping_status":"","sticky":false,"template":"","format":"standard","meta":{"footnotes":""},"categories":[89],"tags":[199],"class_list":["post-1335365","post","type-post","status-publish","format-standard","has-post-thumbnail","hentry","category-romania","tag-voceatimisului-ro"],"_links":{"self":[{"href":"https:\/\/analyse.optim.biz\/index.php?rest_route=\/wp\/v2\/posts\/1335365","targetHints":{"allow":["GET"]}}],"collection":[{"href":"https:\/\/analyse.optim.biz\/index.php?rest_route=\/wp\/v2\/posts"}],"about":[{"href":"https:\/\/analyse.optim.biz\/index.php?rest_route=\/wp\/v2\/types\/post"}],"author":[{"embeddable":true,"href":"https:\/\/analyse.optim.biz\/index.php?rest_route=\/wp\/v2\/users\/1"}],"replies":[{"embeddable":true,"href":"https:\/\/analyse.optim.biz\/index.php?rest_route=%2Fwp%2Fv2%2Fcomments&post=1335365"}],"version-history":[{"count":0,"href":"https:\/\/analyse.optim.biz\/index.php?rest_route=\/wp\/v2\/posts\/1335365\/revisions"}],"wp:featuredmedia":[{"embeddable":true,"href":"https:\/\/analyse.optim.biz\/index.php?rest_route=\/wp\/v2\/media\/1335369"}],"wp:attachment":[{"href":"https:\/\/analyse.optim.biz\/index.php?rest_route=%2Fwp%2Fv2%2Fmedia&parent=1335365"}],"wp:term":[{"taxonomy":"category","embeddable":true,"href":"https:\/\/analyse.optim.biz\/index.php?rest_route=%2Fwp%2Fv2%2Fcategories&post=1335365"},{"taxonomy":"post_tag","embeddable":true,"href":"https:\/\/analyse.optim.biz\/index.php?rest_route=%2Fwp%2Fv2%2Ftags&post=1335365"}],"curies":[{"name":"wp","href":"https:\/\/api.w.org\/{rel}","templated":true}]}}