{"id":1335128,"date":"2025-06-12T07:26:37","date_gmt":"2025-06-12T04:26:37","guid":{"rendered":"https:\/\/analyse.optim.biz\/?p=1335128"},"modified":"2025-06-12T07:26:37","modified_gmt":"2025-06-12T04:26:37","slug":"fritz-face-poze-copacii-cad-noroc-ca-n-a-murit-nimeni-inca","status":"publish","type":"post","link":"https:\/\/analyse.optim.biz\/?p=1335128","title":{"rendered":"Fritz face poze, copacii cad: noroc c\u0103 n-a murit nimeni. \u00cenc\u0103."},"content":{"rendered":"<article id=\"template-id-172790\" class=\"post-172790 tdb_templates type-tdb_templates status-publish post\">\n<div id=\"tdi_52\" class=\"tdc-zone\">\n<div class=\"tdc_zone tdi_53  wpb_row td-pb-row\">\n<div id=\"tdi_54\" class=\"tdc-row stretch_row_1400 td-stretch-content\">\n<div class=\"vc_row tdi_55  wpb_row td-pb-row tdc-element-style\">\n<div class=\"vc_column tdi_57  wpb_column vc_column_container tdc-column td-pb-span8\">\n<div class=\"wpb_wrapper\">\n<div class=\"td_block_wrap tdb_single_categories tdi_58 td-pb-border-top td_block_template_1 \" data-td-block-uid=\"tdi_58\">\n<div class=\"tdb-category td-fix-index\"><a class=\"tdb-entry-category\" href=\"https:\/\/voceatimisului.ro\/category\/stiri-din-timisoara-si-timis\/\">\u0218tiri<\/a><a class=\"tdb-entry-category\" href=\"https:\/\/voceatimisului.ro\/category\/vocea-strazii\/\">Vocea Str\u0103zii<\/a><\/div>\n<\/div>\n<div class=\"td_block_wrap tdb_title tdi_59 tdb-single-title td-pb-border-top td_block_template_1\" data-td-block-uid=\"tdi_59\">\n<div class=\"tdb-block-inner td-fix-index\">\n<h1 class=\"tdb-title-text\">Fritz face poze, copacii cad: noroc c\u0103 n-a murit nimeni. \u00cenc\u0103.<\/h1>\n<\/div>\n<\/div>\n<div class=\"vc_row_inner tdi_62  vc_row vc_inner wpb_row td-pb-row\">\n<div class=\"vc_column_inner tdi_64  wpb_column vc_column_container tdc-inner-column td-pb-span6\">\n<div class=\"vc_column-inner\">\n<div class=\"wpb_wrapper\">\n<div class=\"td_block_wrap tdb_single_author tdi_65 td-pb-border-top td_block_template_1 tdb-post-meta\" data-td-block-uid=\"tdi_65\">\n<div class=\"tdb-block-inner td-fix-index\">\n<div class=\"tdb-author-name-wrap\"><span class=\"tdb-author-by\">Autor-<\/span><a class=\"tdb-author-name\" href=\"https:\/\/voceatimisului.ro\/author\/marta-stirbey\/\">Marta Stirbey<\/a><\/div>\n<\/div>\n<\/div>\n<div class=\"td_block_wrap tdb_single_date tdi_66 td-pb-border-top td_block_template_1 tdb-post-meta\" data-td-block-uid=\"tdi_66\">\n<div class=\"tdb-block-inner td-fix-index\"><time class=\"entry-date updated td-module-date\" datetime=\"2025-06-12T10:26:37+03:00\">12 iunie 2025<\/time><\/div>\n<\/div>\n<div class=\"td_block_wrap tdb_single_comments_count tdi_67 td-pb-border-top td_block_template_1 tdb-post-meta\" data-td-block-uid=\"tdi_67\">\n<div class=\"tdb-block-inner td-fix-index\"><a href=\"https:\/\/voceatimisului.ro\/fritz-face-poze-copacii-cad-noroc-ca-n-a-murit-nimeni-inca\/#respond\"><span>0<\/span><\/a><\/div>\n<\/div>\n<div class=\"td_block_wrap tdb_single_post_views tdi_68 td-pb-border-top td_block_template_1 tdb-post-meta\" data-td-block-uid=\"tdi_68\">\n<div class=\"tdb-block-inner td-fix-index\"><span class=\"tdb-add-text\">1<\/span><span class=\"td-nr-views-172580\">2179<\/span><\/div>\n<\/div>\n<\/div>\n<\/div>\n<\/div>\n<div class=\"vc_column_inner tdi_70  wpb_column vc_column_container tdc-inner-column td-pb-span6\">\n<div class=\"vc_column-inner\">\n<div class=\"wpb_wrapper\">\n<div class=\"td_block_wrap tdb_single_post_share tdi_71  td-pb-border-top td_block_template_1\" data-td-block-uid=\"tdi_71\">\n<div id=\"tdi_71\" class=\"td-post-sharing tdb-block td-ps-bg td-ps-notext td-post-sharing-style1 \">\n<div class=\"td-post-sharing-visible\"><a class=\"td-social-sharing-button td-social-sharing-button-js td-social-network td-social-facebook\" href=\"https:\/\/www.facebook.com\/sharer.php?u=https%3A%2F%2Fvoceatimisului.ro%2Ffritz-face-poze-copacii-cad-noroc-ca-n-a-murit-nimeni-inca%2F\" title=\"Facebook\" rel=\"noopener\"><\/p>\n<div class=\"td-social-but-text\">Facebook<\/div>\n<p><\/a><a class=\"td-social-sharing-button td-social-sharing-button-js td-social-network td-social-twitter\" href=\"https:\/\/twitter.com\/intent\/tweet?text=Fritz+face+poze%2C+copacii+cad%3A+noroc+c%C4%83+n-a+murit+nimeni.+%C3%8Enc%C4%83.&amp;url=https%3A%2F%2Fvoceatimisului.ro%2Ffritz-face-poze-copacii-cad-noroc-ca-n-a-murit-nimeni-inca%2F&amp;via=Vocea+Timisului\" title=\"Twitter\" rel=\"noopener\"><\/p>\n<div class=\"td-social-but-text\">Twitter<\/div>\n<p><\/a><a class=\"td-social-sharing-button td-social-sharing-button-js td-social-network td-social-pinterest\" href=\"https:\/\/pinterest.com\/pin\/create\/button\/?url=https:\/\/voceatimisului.ro\/fritz-face-poze-copacii-cad-noroc-ca-n-a-murit-nimeni-inca\/&amp;media=https:\/\/voceatimisului.ro\/wp-content\/uploads\/2025\/06\/Fritz-face-poze-copacii-cad-scaled.jpg&amp;description=Fritz+face+poze%2C+copacii+cad%3A+noroc+c%C4%83+n-a+murit+nimeni.+%C3%8Enc%C4%83.\" title=\"Pinterest\" rel=\"noopener\"><\/p>\n<div class=\"td-social-but-text\">Pinterest<\/div>\n<p><\/a><a class=\"td-social-sharing-button td-social-sharing-button-js td-social-network td-social-whatsapp\" href=\"https:\/\/api.whatsapp.com\/send?text=Fritz+face+poze%2C+copacii+cad%3A+noroc+c%C4%83+n-a+murit+nimeni.+%C3%8Enc%C4%83.%20%0A%0A%20https:\/\/voceatimisului.ro\/fritz-face-poze-copacii-cad-noroc-ca-n-a-murit-nimeni-inca\/\" title=\"WhatsApp\" rel=\"noopener\"><\/p>\n<div class=\"td-social-but-text\">WhatsApp<\/div>\n<p><\/a><a class=\"td-social-sharing-button td-social-sharing-button-js td-social-network td-social-linkedin\" href=\"https:\/\/www.linkedin.com\/shareArticle?mini=true&amp;url=https:\/\/voceatimisului.ro\/fritz-face-poze-copacii-cad-noroc-ca-n-a-murit-nimeni-inca\/&amp;title=Fritz+face+poze%2C+copacii+cad%3A+noroc+c%C4%83+n-a+murit+nimeni.+%C3%8Enc%C4%83.\" title=\"Linkedin\" rel=\"noopener\"><\/p>\n<div class=\"td-social-but-text\">Linkedin<\/div>\n<p><\/a><a class=\"td-social-sharing-button td-social-sharing-button-js td-social-network td-social-copy_url\" href=\"https:\/\/voceatimisului.ro\/fritz-face-poze-copacii-cad-noroc-ca-n-a-murit-nimeni-inca\/\" title=\"Copy URL\" rel=\"noopener\"><\/p>\n<div class=\"td-social-but-text\">Copy URL<\/div>\n<p><\/a><\/div>\n<\/div>\n<\/div>\n<\/div>\n<\/div>\n<\/div>\n<\/div>\n<div class=\"td_block_wrap tdb_single_featured_image tdi_72 tdb-content-horiz-left td-pb-border-top td_block_template_1\" data-td-block-uid=\"tdi_72\">\n<div class=\"tdb-block-inner td-fix-index\">\n<figure><img loading=\"lazy\" decoding=\"async\" width=\"696\" height=\"335\" class=\"entry-thumb\" src=\"https:\/\/analyse.optim.biz\/wp-content\/uploads\/2026\/01\/fritz-face-poze-copacii-cad-696x335-1.jpg\" title=\"Fritz face poze, copacii cad\"><figcaption class=\"tdb-caption-text\">Fritz face poze, copacii cad: noroc c\u0103 n-a murit nimeni. \u00cenc\u0103.<\/figcaption><\/figure>\n<\/div>\n<\/div>\n<div class=\"vc_row_inner tdi_74  vc_row vc_inner wpb_row td-pb-row\">\n<div class=\"vc_column_inner tdi_76  wpb_column vc_column_container tdc-inner-column td-pb-span4 td-is-sticky\">\n<div class=\"vc_column-inner\">\n<div class=\"wpb_wrapper\" data-sticky-enabled-on=\"W3RydWUsdHJ1ZSx0cnVlLHRydWVd\" data-sticky-offset=\"20\" data-sticky-is-width-auto=\"W2ZhbHNlLGZhbHNlLGZhbHNlLGZhbHNlXQ==\">\n<div class=\"td_block_wrap td_flex_block_1 tdi_77 td-pb-border-top td_block_template_1 td_ajax_preloading_preload td_flex_block\" data-td-block-uid=\"tdi_77\">\n<div id=\"tdi_77\" class=\"td_block_inner td-mc1-wrap\">\n<div class=\"td_module_flex td_module_flex_1 td_module_wrap td-animation-stack td-meta-info-hide td-cpt-post\">\n<div class=\"td-module-container td-category-pos-image\">\n<div class=\"td-module-meta-info\">\n<h3 class=\"entry-title td-module-title\"><a href=\"https:\/\/voceatimisului.ro\/reforma-lui-fritz-pe-banii-timisorenilor-timisoara-plateste-milioane-si-se-uita-la-autobuze-care-ard\/\" rel=\"bookmark\" title=\"Reforma lui Fritz, pe banii timi\u0219orenilor. Timi\u0219oara pl\u0103te\u0219te milioane \u0219i se uit\u0103 la autobuze care ard\">Reforma lui Fritz, pe banii timi\u0219orenilor. Timi\u0219oara pl\u0103te\u0219te milioane \u0219i se uit\u0103 la autobuze care ard<\/a><\/h3>\n<\/div>\n<\/div>\n<\/div>\n<div class=\"td_module_flex td_module_flex_1 td_module_wrap td-animation-stack td-meta-info-hide td-cpt-post\">\n<div class=\"td-module-container td-category-pos-image\">\n<div class=\"td-module-meta-info\">\n<h3 class=\"entry-title td-module-title\"><a href=\"https:\/\/voceatimisului.ro\/administratia-usr-si-epurarea-incomozilor-i-as-aduna-pe-toti-intr-o-incapere-si-le-as-da-foc\/\" rel=\"bookmark\" title=\"Administra\u021bia USR \u0219i epurarea incomozilor. \u201eI-a\u0219 aduna pe to\u021bi \u00eentr-o \u00eenc\u0103pere \u0219i le-a\u0219 da foc.\u201d\">Administra\u021bia USR \u0219i epurarea incomozilor. \u201eI-a\u0219 aduna pe to\u021bi \u00eentr-o \u00eenc\u0103pere \u0219i le-a\u0219 da foc.\u201d<\/a><\/h3>\n<\/div>\n<\/div>\n<\/div>\n<div class=\"td_module_flex td_module_flex_1 td_module_wrap td-animation-stack td-meta-info-hide td-cpt-post\">\n<div class=\"td-module-container td-category-pos-image\">\n<div class=\"td-module-meta-info\">\n<h3 class=\"entry-title td-module-title\"><a href=\"https:\/\/voceatimisului.ro\/tramvaiul-nu-vine-dar-propaganda-circula-perfect\/\" rel=\"bookmark\" title=\"Tramvaiul nu vine, dar propaganda circul\u0103 perfect\">Tramvaiul nu vine, dar propaganda circul\u0103 perfect<\/a><\/h3>\n<\/div>\n<\/div>\n<\/div>\n<div class=\"td_module_flex td_module_flex_1 td_module_wrap td-animation-stack td-meta-info-hide td-cpt-post\">\n<div class=\"td-module-container td-category-pos-image\">\n<div class=\"td-module-meta-info\">\n<h3 class=\"entry-title td-module-title\"><a href=\"https:\/\/voceatimisului.ro\/transportul-public-din-timisoara-se-prabuseste-in-fiecare-zi-in-trafic-dar-in-birourile-primariei-totul-arata-perfect-si-european\/\" rel=\"bookmark\" title=\"Transportul public din Timi\u0219oara se pr\u0103bu\u0219e\u0219te \u00een fiecare zi \u00een trafic, dar \u00een birourile Prim\u0103riei totul arat\u0103 perfect \u0219i \u201ceuropean\u201d\">Transportul public din Timi\u0219oara se pr\u0103bu\u0219e\u0219te \u00een fiecare zi \u00een trafic, dar \u00een birourile Prim\u0103riei totul arat\u0103 perfect \u0219i \u201ceuropean\u201d<\/a><\/h3>\n<\/div>\n<\/div>\n<\/div>\n<\/div>\n<\/div>\n<div class=\"tdb-author-box td_block_wrap tdb_single_author_box tdi_82 tdb-content-vert-top td-pb-border-top td_block_template_1\" data-td-block-uid=\"tdi_82\">\n<div class=\"tdb-block-inner td-fix-index\">\n<div class=\"tdb-author-info\"><a href=\"https:\/\/voceatimisului.ro\/author\/marta-stirbey\/\" class=\"tdb-author-name\">Marta Stirbey<\/a><\/p>\n<div class=\"tdb-author-descr\">\u00centreaga responsabilitate a comentariilor l\u0103sate de dumneavoastr\u0103 v\u0103 apar\u021bine!<br \/>\nClick <a href=\"https:\/\/voceatimisului.ro\/termeni-si-conditii\/\">aici<\/a>-citeste condi\u0163iile de utilizare ale site-ului www.voceatimisului.ro<\/div>\n<\/div>\n<\/div>\n<\/div>\n<\/div>\n<\/div>\n<\/div>\n<div class=\"vc_column_inner tdi_84  wpb_column vc_column_container tdc-inner-column td-pb-span8\">\n<div class=\"vc_column-inner\">\n<div class=\"wpb_wrapper\">\n<div class=\"td_block_wrap tdb_single_content tdi_85 td-pb-border-top td_block_template_1 td-post-content tagdiv-type\" data-td-block-uid=\"tdi_85\">\n<div class=\"tdb-block-inner td-fix-index\">\n<h5 class=\"wp-block-heading\">Pe 1 iunie, Dominic Fritz posta z\u00e2mbitor: <em>\u201eLa mul\u021bi ani, dragi copii!\u201d<\/em> \u0219i se poza \u00een Parcul Copiilor din Timi\u0219oara, m\u00e2ndru de evenimentul festiv organizat de prim\u0103rie. Fast, baloane, imagine.<\/h5>\n<p>Ieri, 11 iunie, \u00een acela\u0219i parc, o creang\u0103 zdrav\u0103n\u0103 a c\u0103zut la doar c\u00e2\u021biva metri de locul de joac\u0103. De ce? A b\u0103tut un pic v\u00e2ntul. Nu o furtun\u0103, nu o vijelie. Un v\u00e2nt obi\u0219nuit. Dac\u0103 era un copil acolo? Un p\u0103rinte? Un bebelu\u0219 \u00een c\u0103rucior?<\/p>\n<p>Norocul a fost de partea noastr\u0103. Dar administra\u021bia Fritz nu pare s\u0103 conteze pe preven\u021bie. Conteaz\u0103 pe noroc.<\/p>\n<p>Parcul Copiilor e plin de arbori b\u0103tr\u00e2ni, unii bolnavi, ne\u00eengriji\u021bi. Nu se face toaletare, nu se verific\u0103 siguran\u021ba lor, nu exist\u0103 o minim\u0103 interven\u021bie pentru protec\u021bia celor mici. E o bomb\u0103 cu ceas. \u0218i dac\u0103 vine o furtun\u0103 adev\u0103rat\u0103, nu o adiere? Jum\u0103tate din pomi s-ar rupe. \u0218i ce face Prim\u0103ria? Posteaz\u0103 z\u00e2mbete.<\/p>\n<p>Dominic Fritz e primar doar \u00een post\u0103ri. Acolo e campion. \u00cen realitate, ora\u0219ul se degradeaz\u0103. Nu doar infrastructura, ci \u0219i siguran\u021ba de baz\u0103. \u00cen loc s\u0103 verifice dac\u0103 parcurile sunt un loc sigur pentru copii, se ocup\u0103 de imagine. \u00centre dou\u0103 poze cu baloane, realitatea e ignorat\u0103. Iar realitatea love\u0219te. La propriu.<\/p>\n<p>Norocul nu e strategie administrativ\u0103. E doar o \u00eent\u00e2mplare. Ieri a c\u0103zut o creang\u0103. M\u00e2ine poate c\u0103dea un copac. Peste o s\u0103pt\u0103m\u00e2n\u0103, poate un copil.<\/p>\n<p>Cine r\u0103spunde? Cine e tras la r\u0103spundere pentru lipsa de ac\u021biune? Sau, \u00een Timi\u0219oara lui Fritz, trebuie s\u0103 moar\u0103 cineva ca s\u0103 mi\u0219te cineva?<\/p>\n<figure class=\"wp-block-embed is-type-video is-provider-youtube wp-block-embed-youtube wp-embed-aspect-16-9 wp-has-aspect-ratio\">\n<div class=\"wp-block-embed__wrapper\">\n<iframe loading=\"lazy\" title=\"Fritz face poze, copacii cad: noroc c\u0103 n-a murit nimeni. \u00cenc\u0103.\" width=\"696\" height=\"392\" src=\"https:\/\/www.youtube.com\/embed\/WYYmtIMUL4s?feature=oembed&amp;enablejsapi=1&amp;origin=https:\/\/voceatimisului.ro\" frameborder allow=\"accelerometer; autoplay; clipboard-write; encrypted-media; gyroscope; picture-in-picture; web-share\" referrerpolicy=\"strict-origin-when-cross-origin\" allowfullscreen><\/iframe>\n<\/div>\n<\/figure>\n<figure class=\"wp-block-gallery has-nested-images columns-default is-cropped wp-block-gallery-1 is-layout-flex wp-block-gallery-is-layout-flex\">\n<div><a href=\"https:\/\/analyse.optim.biz\/wp-content\/uploads\/2026\/01\/fritz-face-poze-copacii-cad5-768x1024-1.jpg\" class=\"td-modal-image\"><\/p>\n<figure class=\"wp-block-image size-large\"><img loading=\"lazy\" decoding=\"async\" width=\"768\" height=\"1024\" data-id=\"172586\" src=\"https:\/\/analyse.optim.biz\/wp-content\/uploads\/2026\/01\/fritz-face-poze-copacii-cad5-768x1024-1.jpg\" alt=\"Fritz face poze, copacii cad: noroc c\u0103 n-a murit nimeni. \u00cenc\u0103.\" class=\"wp-image-172586\" title=\"fritz-face-poze-copacii-cad5-768x1024-1\"><\/figure>\n<p><\/a><\/div>\n<div><a href=\"https:\/\/analyse.optim.biz\/wp-content\/uploads\/2026\/01\/fritz-face-poze-copacii-cad4-1024x768-1.jpg\" class=\"td-modal-image\"><\/p>\n<figure class=\"wp-block-image size-large\"><img loading=\"lazy\" decoding=\"async\" width=\"1024\" height=\"768\" data-id=\"172585\" src=\"https:\/\/analyse.optim.biz\/wp-content\/uploads\/2026\/01\/fritz-face-poze-copacii-cad4-1024x768-1.jpg\" alt=\"Fritz face poze, copacii cad: noroc c\u0103 n-a murit nimeni. \u00cenc\u0103.\" class=\"wp-image-172585\" title=\"fritz-face-poze-copacii-cad4-1024x768-1\"><\/figure>\n<p><\/a><\/div>\n<div><a href=\"https:\/\/analyse.optim.biz\/wp-content\/uploads\/2026\/01\/fritz-face-poze-copacii-cad3-1024x768-1.jpg\" class=\"td-modal-image\"><\/p>\n<figure class=\"wp-block-image size-large\"><img decoding=\"async\" loading=\"lazy\" width=\"1024\" height=\"768\" data-id=\"172584\" src=\"https:\/\/analyse.optim.biz\/wp-content\/uploads\/2026\/01\/fritz-face-poze-copacii-cad3-1024x768-1.jpg\" alt=\"Fritz face poze, copacii cad: noroc c\u0103 n-a murit nimeni. \u00cenc\u0103.\" class=\"wp-image-172584\" title=\"fritz-face-poze-copacii-cad3-1024x768-1\"><\/figure>\n<p><\/a><\/div>\n<figure class=\"wp-block-image size-large\"><img decoding=\"async\" loading=\"lazy\" width=\"768\" height=\"1024\" data-id=\"172583\" src=\"https:\/\/analyse.optim.biz\/wp-content\/uploads\/2026\/01\/fritz-face-poze-copacii-cad6-768x1024-1.jpg\" alt=\"Fritz face poze, copacii cad: noroc c\u0103 n-a murit nimeni. \u00cenc\u0103.\" class=\"wp-image-172583\" title=\"fritz-face-poze-copacii-cad6-768x1024-1\"><\/figure>\n<\/figure>\n<\/div>\n<\/div>\n<div class=\"td_block_wrap tdb_single_tags tdi_88 td-pb-border-top td_block_template_1\" data-td-block-uid=\"tdi_88\">\n<div class=\"tdb-block-inner td-fix-index\">\n<ul class=\"tdb-tags\">\n<li><span>Tags<\/span><\/li>\n<li><a href=\"https:\/\/voceatimisului.ro\/tag\/1-iunie\/\">1 iunie<\/a><\/li>\n<li><a href=\"https:\/\/voceatimisului.ro\/tag\/administratia-fritz\/\">administratia fritz<\/a><\/li>\n<li><a href=\"https:\/\/voceatimisului.ro\/tag\/dominic-fritz\/\">Dominic Fritz<\/a><\/li>\n<li><a href=\"https:\/\/voceatimisului.ro\/tag\/parcul-copiilor\/\">parcul copiilor<\/a><\/li>\n<li><a href=\"https:\/\/voceatimisului.ro\/tag\/ziua-copilului\/\">ziua copilului<\/a><\/li>\n<\/ul>\n<\/div>\n<\/div>\n<div class=\"td_block_wrap tdb_single_post_share tdi_89  td-pb-border-top td_block_template_1\" data-td-block-uid=\"tdi_89\">\n<div id=\"tdi_89\" class=\"td-post-sharing tdb-block td-ps-bg td-ps-notext td-post-sharing-style1 \">\n<div class=\"td-post-sharing-visible\"><a class=\"td-social-sharing-button td-social-sharing-button-js td-social-network td-social-facebook\" href=\"https:\/\/www.facebook.com\/sharer.php?u=https%3A%2F%2Fvoceatimisului.ro%2Ffritz-face-poze-copacii-cad-noroc-ca-n-a-murit-nimeni-inca%2F\" title=\"Facebook\" rel=\"noopener\"><\/p>\n<div class=\"td-social-but-text\">Facebook<\/div>\n<p><\/a><a class=\"td-social-sharing-button td-social-sharing-button-js td-social-network td-social-twitter\" href=\"https:\/\/twitter.com\/intent\/tweet?text=Fritz+face+poze%2C+copacii+cad%3A+noroc+c%C4%83+n-a+murit+nimeni.+%C3%8Enc%C4%83.&amp;url=https%3A%2F%2Fvoceatimisului.ro%2Ffritz-face-poze-copacii-cad-noroc-ca-n-a-murit-nimeni-inca%2F&amp;via=Vocea+Timisului\" title=\"Twitter\" rel=\"noopener\"><\/p>\n<div class=\"td-social-but-text\">Twitter<\/div>\n<p><\/a><a class=\"td-social-sharing-button td-social-sharing-button-js td-social-network td-social-pinterest\" href=\"https:\/\/pinterest.com\/pin\/create\/button\/?url=https:\/\/voceatimisului.ro\/fritz-face-poze-copacii-cad-noroc-ca-n-a-murit-nimeni-inca\/&amp;media=https:\/\/voceatimisului.ro\/wp-content\/uploads\/2025\/06\/Fritz-face-poze-copacii-cad-scaled.jpg&amp;description=Fritz+face+poze%2C+copacii+cad%3A+noroc+c%C4%83+n-a+murit+nimeni.+%C3%8Enc%C4%83.\" title=\"Pinterest\" rel=\"noopener\"><\/p>\n<div class=\"td-social-but-text\">Pinterest<\/div>\n<p><\/a><a class=\"td-social-sharing-button td-social-sharing-button-js td-social-network td-social-whatsapp\" href=\"https:\/\/api.whatsapp.com\/send?text=Fritz+face+poze%2C+copacii+cad%3A+noroc+c%C4%83+n-a+murit+nimeni.+%C3%8Enc%C4%83.%20%0A%0A%20https:\/\/voceatimisului.ro\/fritz-face-poze-copacii-cad-noroc-ca-n-a-murit-nimeni-inca\/\" title=\"WhatsApp\" rel=\"noopener\"><\/p>\n<div class=\"td-social-but-text\">WhatsApp<\/div>\n<p><\/a><a class=\"td-social-sharing-button td-social-sharing-button-js td-social-network td-social-linkedin\" href=\"https:\/\/www.linkedin.com\/shareArticle?mini=true&amp;url=https:\/\/voceatimisului.ro\/fritz-face-poze-copacii-cad-noroc-ca-n-a-murit-nimeni-inca\/&amp;title=Fritz+face+poze%2C+copacii+cad%3A+noroc+c%C4%83+n-a+murit+nimeni.+%C3%8Enc%C4%83.\" title=\"Linkedin\" rel=\"noopener\"><\/p>\n<div class=\"td-social-but-text\">Linkedin<\/div>\n<p><\/a><a class=\"td-social-sharing-button td-social-sharing-button-js td-social-network td-social-copy_url\" href=\"https:\/\/voceatimisului.ro\/fritz-face-poze-copacii-cad-noroc-ca-n-a-murit-nimeni-inca\/\" title=\"Copy URL\" rel=\"noopener\"><\/p>\n<div class=\"td-social-but-text\">Copy URL<\/div>\n<p><\/a><\/div>\n<\/div>\n<\/div>\n<div class=\"td_block_wrap tdb_single_next_prev tdi_90 td-animation-stack td-next-prev-img-on td-pb-border-top td_block_template_1\" data-td-block-uid=\"tdi_90\">\n<div class=\"tdb-block-inner td-fix-index\">\n<div class=\"tdb-next-post tdb-next-post-bg tdb-post-prev\"><span>Articolul precedent<\/span><\/p>\n<div class=\"td-module-container\">\n<div class=\"td-image-container\"><a class=\"td-image-wrap\" href=\"https:\/\/voceatimisului.ro\/stpt-cheltuie-3-200-lei-pe-un-proiect-de-camere-video-dupa-ce-presa-a-expus-neregulile-din-str-garii\/\"><img loading=\"lazy\" decoding=\"async\" class=\"td-next-prev-image td-fix-index td-lazy-img\" title=\"STPT cheltuie 3.200 lei pe un proiect de camere video, dup\u0103 ce presa a expus neregulile din Str. G\u0103rii\" width=\"696\" height=\"392\" src=\"https:\/\/analyse.optim.biz\/wp-content\/uploads\/2026\/01\/stpt4-696x392-1.jpg\"><\/a><\/div>\n<div class=\"next-prev-title\"><a href=\"https:\/\/voceatimisului.ro\/stpt-cheltuie-3-200-lei-pe-un-proiect-de-camere-video-dupa-ce-presa-a-expus-neregulile-din-str-garii\/\">STPT cheltuie 3.200 lei pe un proiect de camere video, dup\u0103 ce presa a expus neregulile din Str. G\u0103rii<\/a><\/div>\n<\/div>\n<\/div>\n<div class=\"tdb-next-post tdb-next-post-bg tdb-post-next\"><span>Articolul urm\u0103tor<\/span><\/p>\n<div class=\"td-module-container\">\n<div class=\"td-image-container\"><a class=\"td-image-wrap\" href=\"https:\/\/voceatimisului.ro\/sanzienele-coboara-in-oras-traditie-si-spectacol-contemporan-la-bastionul-theresia\/\"><img loading=\"lazy\" decoding=\"async\" class=\"td-next-prev-image td-fix-index td-lazy-img\" title=\"S\u00e2nzienele coboar\u0103 \u00een ora\u0219: tradi\u021bie \u0219i spectacol contemporan la Bastionul Theresia\" width=\"696\" height=\"870\" src=\"https:\/\/analyse.optim.biz\/wp-content\/uploads\/2026\/01\/sanzienele-696x870-1.jpg\"><\/a><\/div>\n<div class=\"next-prev-title\"><a href=\"https:\/\/voceatimisului.ro\/sanzienele-coboara-in-oras-traditie-si-spectacol-contemporan-la-bastionul-theresia\/\">S\u00e2nzienele coboar\u0103 \u00een ora\u0219: tradi\u021bie \u0219i spectacol contemporan la Bastionul Theresia<\/a><\/div>\n<\/div>\n<\/div>\n<\/div>\n<\/div>\n<\/div>\n<\/div>\n<\/div>\n<\/div>\n<div class=\"vc_row_inner tdi_100  vc_row vc_inner wpb_row td-pb-row\">\n<div class=\"vc_column_inner tdi_102  wpb_column vc_column_container tdc-inner-column td-pb-span4 td-is-sticky\">\n<div class=\"vc_column-inner\">\n<div class=\"wpb_wrapper\" data-sticky-enabled-on=\"W3RydWUsdHJ1ZSx0cnVlLHRydWVd\" data-sticky-offset=\"20\" data-sticky-is-width-auto=\"W2ZhbHNlLGZhbHNlLGZhbHNlLGZhbHNlXQ==\">\n<div class=\"td_block_wrap tdb_single_related tdi_103 td_with_ajax_pagination td-pb-border-top td_block_template_1 tdb-single-related-posts\" data-td-block-uid=\"tdi_103\">\n<div id=\"tdi_103\" class=\"td_block_inner tdb-block-inner td-fix-index\">\n<div class=\"tdb_module_related td_module_wrap td-animation-stack td-meta-info-hide\">\n<div class=\"td-module-container td-category-pos-image\">\n<div class=\"td-module-meta-info\">\n<h3 class=\"entry-title td-module-title\"><a href=\"https:\/\/voceatimisului.ro\/retim-a-plecat-din-timisoara-sub-nasul-consiliului-local\/\" rel=\"bookmark\" title=\"RETIM a plecat din Timi\u0219oara sub nasul Consiliului Local\">RETIM a plecat din Timi\u0219oara sub nasul Consiliului Local<\/a><\/h3>\n<\/div>\n<\/div>\n<\/div>\n<div class=\"tdb_module_related td_module_wrap td-animation-stack td-meta-info-hide\">\n<div class=\"td-module-container td-category-pos-image\">\n<div class=\"td-module-meta-info\">\n<h3 class=\"entry-title td-module-title\"><a href=\"https:\/\/voceatimisului.ro\/cum-a-ajuns-firma-lui-gabriel-almajan-sa-primeasca-doua-autorizatii-pe-acelasi-teren-fara-pud\/\" rel=\"bookmark\" title=\"Cum a ajuns firma lui Gabriel Alm\u0103jan s\u0103 primeasc\u0103 dou\u0103 autoriza\u021bii pe acela\u0219i teren, f\u0103r\u0103 PUD\">Cum a ajuns firma lui Gabriel Alm\u0103jan s\u0103 primeasc\u0103 dou\u0103 autoriza\u021bii pe acela\u0219i teren, f\u0103r\u0103 PUD<\/a><\/h3>\n<\/div>\n<\/div>\n<\/div>\n<div class=\"tdb_module_related td_module_wrap td-animation-stack td-meta-info-hide\">\n<div class=\"td-module-container td-category-pos-image\">\n<div class=\"td-module-meta-info\">\n<h3 class=\"entry-title td-module-title\"><a href=\"https:\/\/voceatimisului.ro\/retim-si-a-mutat-sediul-in-oradea-timisoara-pierde-taxe-administratia-fritz-tace\/\" rel=\"bookmark\" title=\"RETIM \u0219i-a mutat sediul \u00een Oradea. Timi\u0219oara pierde taxe, administra\u021bia Fritz tace\">RETIM \u0219i-a mutat sediul \u00een Oradea. Timi\u0219oara pierde taxe, administra\u021bia Fritz tace<\/a><\/h3>\n<\/div>\n<\/div>\n<\/div>\n<\/div>\n<\/div>\n<\/div>\n<\/div>\n<\/div>\n<div class=\"vc_column_inner tdi_105  wpb_column vc_column_container tdc-inner-column td-pb-span8\">\n<div class=\"vc_column-inner\">\n<div class=\"wpb_wrapper\">\n<div class=\"td_block_wrap tdb_single_comments tdi_106 tdb-comm-layout2 td-pb-border-top td_block_template_2\" data-td-block-uid=\"tdi_106\">\n<div class=\"tdb-block-inner td-fix-index\">\n<div class=\"comments\" id=\"comments\">\n<div id=\"respond\" class=\"comment-respond\">\n<h3 id=\"reply-title\" class=\"comment-reply-title\">L\u0102SA\u021aI UN MESAJ <small><a rel=\"nofollow\" id=\"cancel-comment-reply-link\" href=\"https:\/\/voceatimisului.ro\/fritz-face-poze-copacii-cad-noroc-ca-n-a-murit-nimeni-inca\/#respond\">Renun\u021ba\u021bi la r\u0103spuns<\/a><\/small><\/h3>\n<div class=\"comment-form-input-wrap td-form-comment\">\n<div class=\"td-warning-comment\">V\u0103 rug\u0103m s\u0103 introduce\u021bi comentariul dvs.!<\/div>\n<\/div>\n<div class=\"comment-form-input-wrap td-form-author\">\n<div class=\"td-warning-author\">Introduce\u021bi aici numele dvs.<\/div>\n<\/div>\n<div class=\"comment-form-input-wrap td-form-email\">\n<div class=\"td-warning-email-error\">A\u021bi introdus o adres\u0103 de e-mail incorect\u0103!<\/div>\n<div class=\"td-warning-email\">V\u0103 rug\u0103m s\u0103 introduce\u021bi adresa dvs. de e-mail aici<\/div>\n<\/div>\n<\/div>\n<\/div>\n<\/div>\n<\/div>\n<\/div>\n<\/div>\n<\/div>\n<\/div>\n<\/div>\n<\/div>\n<div class=\"vc_column tdi_108  wpb_column vc_column_container tdc-column td-pb-span4 td-is-sticky\">\n<div class=\"wpb_wrapper\" data-sticky-enabled-on=\"W3RydWUsdHJ1ZSx0cnVlLHRydWVd\" data-sticky-offset=\"20\" data-sticky-is-width-auto=\"W2ZhbHNlLGZhbHNlLGZhbHNlLGZhbHNlXQ==\">\n<div class=\"vc_row_inner tdi_110  vc_row vc_inner wpb_row td-pb-row\">\n<div class=\"vc_column_inner tdi_112  wpb_column vc_column_container tdc-inner-column td-pb-span12\">\n<div class=\"vc_column-inner\">\n<div class=\"wpb_wrapper\">\n<div class=\"td_block_wrap td_block_title tdi_113 td-pb-border-top td_block_template_11 td-fix-index\" data-td-block-uid=\"tdi_113\">\n<div class=\"td-block-title-wrap\">\n<h4 class=\"td-block-title\"><span class=\"td-pulldown-size\">ANUN\u021aURI \u0218I PUBLICITATE<\/span><\/h4>\n<\/div>\n<\/div>\n<\/div>\n<\/div>\n<\/div>\n<\/div>\n<div class=\"wpb_wrapper td_block_wrap vc_widget_sidebar tdi_115 \">\n<aside id=\"block-10\" class=\"td_block_template_1 widget block-10 widget_block widget_media_image\">\n<figure class=\"wp-block-image size-full\"><a href=\"https:\/\/adpghiroda.ro\/index.html\" target=\"_blank\" rel=\" noreferrer noopener\"><img decoding=\"async\" loading=\"lazy\" width=\"960\" height=\"960\" src=\"https:\/\/analyse.optim.biz\/wp-content\/uploads\/2026\/01\/adp-ghiroda2-209.jpg\" class=\"wp-image-171492\" title=\"adp-ghiroda2-209\"><\/a><\/figure>\n<\/aside>\n<aside id=\"block-11\" class=\"td_block_template_1 widget block-11 widget_block widget_media_image\">\n<figure class=\"wp-block-image size-full\"><a href=\"https:\/\/adpghiroda.ro\/index.html\" target=\"_blank\" rel=\" noreferrer noopener\"><img decoding=\"async\" loading=\"lazy\" width=\"960\" height=\"960\" src=\"https:\/\/analyse.optim.biz\/wp-content\/uploads\/2026\/01\/adp-ghiroda1-209.jpg\" class=\"wp-image-171491\" title=\"adp-ghiroda1-209\"><\/a><\/figure>\n<\/aside>\n<aside id=\"block-17\" class=\"td_block_template_1 widget block-17 widget_block widget_media_image\">\n<figure class=\"wp-block-image size-large is-resized\"><a href=\"https:\/\/verde.events\/\" target=\"_blank\" rel=\" noreferrer noopener\"><img decoding=\"async\" loading=\"lazy\" width=\"1024\" height=\"683\" src=\"https:\/\/analyse.optim.biz\/wp-content\/uploads\/2026\/01\/verde-events-24-1024x683-1-194.jpg\" alt=\"Verde Events\" class=\"wp-image-174395\" title=\"verde-events-24-1024x683-1-194\"><\/a><figcaption class=\"wp-element-caption\"><strong><em>O experien\u021b\u0103 unic\u0103 pentru orice tip de eveniment<\/em><\/strong><\/figcaption><\/figure>\n<\/aside>\n<\/div>\n<div class=\"td_block_wrap td_flex_block_1 tdi_121 td-pb-border-top td_block_template_1 td_ajax_preloading_preload td_flex_block\" data-td-block-uid=\"tdi_121\">\n<div id=\"tdi_121\" class=\"td_block_inner td-mc1-wrap\">\n<div class=\"td_module_flex td_module_flex_1 td_module_wrap td-animation-stack td-meta-info-hide td-cpt-post\">\n<div class=\"td-module-container td-category-pos-image\">\n<div class=\"td-module-meta-info\">\n<h3 class=\"entry-title td-module-title\"><a href=\"https:\/\/voceatimisului.ro\/fritz-ignora-legea-ministerul-muncii-confirma-incetarea-functiei-lui-pokker-in-ziua-pensionarii\/\" rel=\"bookmark\" title=\"Fritz ignor\u0103 legea. Ministerul Muncii confirm\u0103 \u00eencetarea func\u021biei lui Pokker \u00een ziua pension\u0103rii\">Fritz ignor\u0103 legea. Ministerul Muncii confirm\u0103 \u00eencetarea func\u021biei lui Pokker \u00een ziua pension\u0103rii<\/a><\/h3>\n<\/div>\n<\/div>\n<\/div>\n<div class=\"td_module_flex td_module_flex_1 td_module_wrap td-animation-stack td-meta-info-hide td-cpt-post\">\n<div class=\"td-module-container td-category-pos-image\">\n<div class=\"td-module-meta-info\">\n<h3 class=\"entry-title td-module-title\"><a href=\"https:\/\/voceatimisului.ro\/licitatia-de-e-ticketing-a-primariei-timisoara-trimisa-la-rescris-de-cnsc-documentatie-profund-viciata-si-semne-de-intrebare-privind-expertiza-din-spatele-proiectului\/\" rel=\"bookmark\" title=\"Licita\u021bia de e-ticketing a Prim\u0103riei Timi\u0219oara, trimis\u0103 la rescris de CNSC. Documenta\u021bie \u201eprofund viciat\u0103\u201d \u0219i semne de \u00eentrebare privind expertiza din spatele proiectului\">Licita\u021bia de e-ticketing a Prim\u0103riei Timi\u0219oara, trimis\u0103 la rescris de CNSC. Documenta\u021bie \u201eprofund viciat\u0103\u201d \u0219i semne de \u00eentrebare privind expertiza din spatele proiectului<\/a><\/h3>\n<\/div>\n<\/div>\n<\/div>\n<div class=\"td_module_flex td_module_flex_1 td_module_wrap td-animation-stack td-meta-info-hide td-cpt-post\">\n<div class=\"td-module-container td-category-pos-image\">\n<div class=\"td-module-meta-info\">\n<h3 class=\"entry-title td-module-title\"><a href=\"https:\/\/voceatimisului.ro\/dominic-fritz-si-pensionarii-de-lux-ai-legalitatii\/\" rel=\"bookmark\" title=\"Dominic Fritz \u0219i pensionarii de lux ai legalit\u0103\u021bii\">Dominic Fritz \u0219i pensionarii de lux ai legalit\u0103\u021bii<\/a><\/h3>\n<\/div>\n<\/div>\n<\/div>\n<div class=\"td_module_flex td_module_flex_1 td_module_wrap td-animation-stack td-meta-info-hide td-cpt-post\">\n<div class=\"td-module-container td-category-pos-image\">\n<div class=\"td-module-meta-info\">\n<h3 class=\"entry-title td-module-title\"><a href=\"https:\/\/voceatimisului.ro\/demolari-fara-drept-si-functionari-executati-administratia-fritz-tot-mai-aproape-de-comunismul-birocratic\/\" rel=\"bookmark\" title=\"Demol\u0103ri f\u0103r\u0103 drept \u0219i func\u021bionari executa\u021bi: administra\u021bia Fritz, tot mai aproape de comunismul birocratic\">Demol\u0103ri f\u0103r\u0103 drept \u0219i func\u021bionari executa\u021bi: administra\u021bia Fritz, tot mai aproape de comunismul birocratic<\/a><\/h3>\n<\/div>\n<\/div>\n<\/div>\n<div class=\"td_module_flex td_module_flex_1 td_module_wrap td-animation-stack td-meta-info-hide td-cpt-post\">\n<div class=\"td-module-container td-category-pos-image\">\n<div class=\"td-module-meta-info\">\n<h3 class=\"entry-title td-module-title\"><a href=\"https:\/\/voceatimisului.ro\/buldozerul-administratiei-fritz-loveste-din-nou-viceprimarul-romocean-i-a-executat-administrativ-pe-cei-doi-functionari-care-au-refuzat-sa-mai-participe-la-demolarile-abuzive\/\" rel=\"bookmark\" title=\"Buldozerul administra\u021biei Fritz love\u0219te din nou. Viceprimarul Romocean i-a executat administrativ pe cei doi func\u021bionari care au refuzat s\u0103 mai participe la demol\u0103rile abuzive\">Buldozerul administra\u021biei Fritz love\u0219te din nou. Viceprimarul Romocean i-a executat administrativ pe cei doi func\u021bionari care au refuzat s\u0103 mai participe la demol\u0103rile abuzive<\/a><\/h3>\n<\/div>\n<\/div>\n<\/div>\n<\/div>\n<\/div>\n<\/div>\n<\/div>\n<\/div>\n<\/div>\n<\/div>\n<\/div>\n<p><span class=\"td-page-meta\"><\/span><span class=\"td-page-meta\"><span class=\"td-page-meta\"><\/span><\/span><span class=\"td-page-meta\"><\/span><\/article>\n<p> Source URL: https:\/\/voceatimisului.ro\/fritz-face-poze-copacii-cad-noroc-ca-n-a-murit-nimeni-inca\/<\/p>\n","protected":false},"excerpt":{"rendered":"<p>\u0218tiriVocea Str\u0103zii Fritz face poze, copacii cad: noroc c\u0103 n-a murit nimeni. \u00cenc\u0103. Autor-Marta Stirbey 12 iunie 2025 0 12179 Facebook Twitter Pinterest WhatsApp Linkedin Copy URL Fritz face poze, copacii cad: noroc c\u0103 n-a murit nimeni. \u00cenc\u0103. Reforma lui Fritz, pe banii timi\u0219orenilor. Timi\u0219oara pl\u0103te\u0219te milioane \u0219i se uit\u0103 la autobuze care ard Administra\u021bia [&hellip;]<\/p>\n","protected":false},"author":1,"featured_media":1335135,"comment_status":"open","ping_status":"","sticky":false,"template":"","format":"standard","meta":{"footnotes":""},"categories":[89],"tags":[199],"class_list":["post-1335128","post","type-post","status-publish","format-standard","has-post-thumbnail","hentry","category-romania","tag-voceatimisului-ro"],"_links":{"self":[{"href":"https:\/\/analyse.optim.biz\/index.php?rest_route=\/wp\/v2\/posts\/1335128","targetHints":{"allow":["GET"]}}],"collection":[{"href":"https:\/\/analyse.optim.biz\/index.php?rest_route=\/wp\/v2\/posts"}],"about":[{"href":"https:\/\/analyse.optim.biz\/index.php?rest_route=\/wp\/v2\/types\/post"}],"author":[{"embeddable":true,"href":"https:\/\/analyse.optim.biz\/index.php?rest_route=\/wp\/v2\/users\/1"}],"replies":[{"embeddable":true,"href":"https:\/\/analyse.optim.biz\/index.php?rest_route=%2Fwp%2Fv2%2Fcomments&post=1335128"}],"version-history":[{"count":0,"href":"https:\/\/analyse.optim.biz\/index.php?rest_route=\/wp\/v2\/posts\/1335128\/revisions"}],"wp:featuredmedia":[{"embeddable":true,"href":"https:\/\/analyse.optim.biz\/index.php?rest_route=\/wp\/v2\/media\/1335135"}],"wp:attachment":[{"href":"https:\/\/analyse.optim.biz\/index.php?rest_route=%2Fwp%2Fv2%2Fmedia&parent=1335128"}],"wp:term":[{"taxonomy":"category","embeddable":true,"href":"https:\/\/analyse.optim.biz\/index.php?rest_route=%2Fwp%2Fv2%2Fcategories&post=1335128"},{"taxonomy":"post_tag","embeddable":true,"href":"https:\/\/analyse.optim.biz\/index.php?rest_route=%2Fwp%2Fv2%2Ftags&post=1335128"}],"curies":[{"name":"wp","href":"https:\/\/api.w.org\/{rel}","templated":true}]}}