{"id":1333881,"date":"2014-10-16T08:16:35","date_gmt":"2014-10-16T05:16:35","guid":{"rendered":"https:\/\/analyse.optim.biz\/?p=1333881"},"modified":"2014-10-16T08:16:35","modified_gmt":"2014-10-16T05:16:35","slug":"timisorenii-raul-szene-si-sorin-botez-reprezentantii-romaniei-la-fia-masters-2014-eschdorf-luxemburg","status":"publish","type":"post","link":"https:\/\/analyse.optim.biz\/?p=1333881","title":{"rendered":"Timi\u0219orenii Raul Szene \u0219i Sorin Botez, reprezentan\u021bii Rom\u00e2niei la FIA MASTERS 2014 &#8211; Eschdorf Luxemburg"},"content":{"rendered":"<article id=\"template-id-172790\" class=\"post-172790 tdb_templates type-tdb_templates status-publish post\">\n<div id=\"tdi_52\" class=\"tdc-zone\">\n<div class=\"tdc_zone tdi_53  wpb_row td-pb-row\">\n<div id=\"tdi_54\" class=\"tdc-row stretch_row_1400 td-stretch-content\">\n<div class=\"vc_row tdi_55  wpb_row td-pb-row tdc-element-style\">\n<div class=\"vc_column tdi_57  wpb_column vc_column_container tdc-column td-pb-span8\">\n<div class=\"wpb_wrapper\">\n<div class=\"td_block_wrap tdb_single_categories tdi_58 td-pb-border-top td_block_template_1 \" data-td-block-uid=\"tdi_58\">\n<div class=\"tdb-category td-fix-index\"><a class=\"tdb-entry-category\" href=\"https:\/\/voceatimisului.ro\/category\/stiri-din-timisoara-si-timis\/\">\u0218tiri<\/a><a class=\"tdb-entry-category\" href=\"https:\/\/voceatimisului.ro\/category\/stiri-din-timisoara-si-timis\/sport\/\">Sport<\/a><\/div>\n<\/div>\n<div class=\"td_block_wrap tdb_title tdi_59 tdb-single-title td-pb-border-top td_block_template_1\" data-td-block-uid=\"tdi_59\">\n<div class=\"tdb-block-inner td-fix-index\">\n<h1 class=\"tdb-title-text\">Timi\u0219orenii Raul Szene \u0219i Sorin Botez, reprezentan\u021bii Rom\u00e2niei la FIA MASTERS 2014 \u2013 Eschdorf Luxemburg<\/h1>\n<\/div>\n<\/div>\n<div class=\"vc_row_inner tdi_62  vc_row vc_inner wpb_row td-pb-row\">\n<div class=\"vc_column_inner tdi_64  wpb_column vc_column_container tdc-inner-column td-pb-span6\">\n<div class=\"vc_column-inner\">\n<div class=\"wpb_wrapper\">\n<div class=\"td_block_wrap tdb_single_author tdi_65 td-pb-border-top td_block_template_1 tdb-post-meta\" data-td-block-uid=\"tdi_65\">\n<div class=\"tdb-block-inner td-fix-index\">\n<div class=\"tdb-author-name-wrap\"><span class=\"tdb-author-by\">Autor-<\/span><a class=\"tdb-author-name\" href=\"https:\/\/voceatimisului.ro\/author\/redactia\/\">Redac\u021bia<\/a><\/div>\n<\/div>\n<\/div>\n<div class=\"td_block_wrap tdb_single_date tdi_66 td-pb-border-top td_block_template_1 tdb-post-meta\" data-td-block-uid=\"tdi_66\">\n<div class=\"tdb-block-inner td-fix-index\"><time class=\"entry-date updated td-module-date\" datetime=\"2014-10-16T11:16:35+03:00\">16 octombrie 2014<\/time><\/div>\n<\/div>\n<div class=\"td_block_wrap tdb_single_comments_count tdi_67 td-pb-border-top td_block_template_1 tdb-post-meta\" data-td-block-uid=\"tdi_67\">\n<div class=\"tdb-block-inner td-fix-index\"><a href=\"https:\/\/voceatimisului.ro\/timisorenii-raul-szene-si-sorin-botez-reprezentantii-romaniei-la-fia-masters-2014-eschdorf-luxemburg\/#respond\"><span>0<\/span><\/a><\/div>\n<\/div>\n<div class=\"td_block_wrap tdb_single_post_views tdi_68 td-pb-border-top td_block_template_1 tdb-post-meta\" data-td-block-uid=\"tdi_68\">\n<div class=\"tdb-block-inner td-fix-index\"><span class=\"tdb-add-text\">1<\/span><span class=\"td-nr-views-60752\">1319<\/span><\/div>\n<\/div>\n<\/div>\n<\/div>\n<\/div>\n<div class=\"vc_column_inner tdi_70  wpb_column vc_column_container tdc-inner-column td-pb-span6\">\n<div class=\"vc_column-inner\">\n<div class=\"wpb_wrapper\">\n<div class=\"td_block_wrap tdb_single_post_share tdi_71  td-pb-border-top td_block_template_1\" data-td-block-uid=\"tdi_71\">\n<div id=\"tdi_71\" class=\"td-post-sharing tdb-block td-ps-bg td-ps-notext td-post-sharing-style1 \">\n<div class=\"td-post-sharing-visible\"><a class=\"td-social-sharing-button td-social-sharing-button-js td-social-network td-social-facebook\" href=\"https:\/\/www.facebook.com\/sharer.php?u=https%3A%2F%2Fvoceatimisului.ro%2Ftimisorenii-raul-szene-si-sorin-botez-reprezentantii-romaniei-la-fia-masters-2014-eschdorf-luxemburg%2F\" title=\"Facebook\" rel=\"noopener\"><\/p>\n<div class=\"td-social-but-text\">Facebook<\/div>\n<p><\/a><a class=\"td-social-sharing-button td-social-sharing-button-js td-social-network td-social-twitter\" href=\"https:\/\/twitter.com\/intent\/tweet?text=Timi%C8%99orenii+Raul+Szene+%C8%99i+Sorin+Botez%2C+reprezentan%C8%9Bii+Rom%C3%A2niei+la+FIA+MASTERS+2014+%E2%80%93+Eschdorf+Luxemburg&amp;url=https%3A%2F%2Fvoceatimisului.ro%2Ftimisorenii-raul-szene-si-sorin-botez-reprezentantii-romaniei-la-fia-masters-2014-eschdorf-luxemburg%2F&amp;via=Vocea+Timisului\" title=\"Twitter\" rel=\"noopener\"><\/p>\n<div class=\"td-social-but-text\">Twitter<\/div>\n<p><\/a><a class=\"td-social-sharing-button td-social-sharing-button-js td-social-network td-social-pinterest\" href=\"https:\/\/pinterest.com\/pin\/create\/button\/?url=https:\/\/voceatimisului.ro\/timisorenii-raul-szene-si-sorin-botez-reprezentantii-romaniei-la-fia-masters-2014-eschdorf-luxemburg\/&amp;media=https:\/\/analyse.optim.biz\/wp-content\/uploads\/2026\/01\/593.jpg&amp;description=Timi%C8%99orenii+Raul+Szene+%C8%99i+Sorin+Botez%2C+reprezentan%C8%9Bii+Rom%C3%A2niei+la+FIA+MASTERS+2014+%E2%80%93+Eschdorf+Luxemburg\" title=\"Pinterest\" rel=\"noopener\"><\/p>\n<div class=\"td-social-but-text\">Pinterest<\/div>\n<p><\/a><a class=\"td-social-sharing-button td-social-sharing-button-js td-social-network td-social-whatsapp\" href=\"https:\/\/api.whatsapp.com\/send?text=Timi%C8%99orenii+Raul+Szene+%C8%99i+Sorin+Botez%2C+reprezentan%C8%9Bii+Rom%C3%A2niei+la+FIA+MASTERS+2014+%E2%80%93+Eschdorf+Luxemburg%20%0A%0A%20https:\/\/voceatimisului.ro\/timisorenii-raul-szene-si-sorin-botez-reprezentantii-romaniei-la-fia-masters-2014-eschdorf-luxemburg\/\" title=\"WhatsApp\" rel=\"noopener\"><\/p>\n<div class=\"td-social-but-text\">WhatsApp<\/div>\n<p><\/a><a class=\"td-social-sharing-button td-social-sharing-button-js td-social-network td-social-linkedin\" href=\"https:\/\/www.linkedin.com\/shareArticle?mini=true&amp;url=https:\/\/voceatimisului.ro\/timisorenii-raul-szene-si-sorin-botez-reprezentantii-romaniei-la-fia-masters-2014-eschdorf-luxemburg\/&amp;title=Timi%C8%99orenii+Raul+Szene+%C8%99i+Sorin+Botez%2C+reprezentan%C8%9Bii+Rom%C3%A2niei+la+FIA+MASTERS+2014+%E2%80%93+Eschdorf+Luxemburg\" title=\"Linkedin\" rel=\"noopener\"><\/p>\n<div class=\"td-social-but-text\">Linkedin<\/div>\n<p><\/a><a class=\"td-social-sharing-button td-social-sharing-button-js td-social-network td-social-copy_url\" href=\"https:\/\/voceatimisului.ro\/timisorenii-raul-szene-si-sorin-botez-reprezentantii-romaniei-la-fia-masters-2014-eschdorf-luxemburg\/\" title=\"Copy URL\" rel=\"noopener\"><\/p>\n<div class=\"td-social-but-text\">Copy URL<\/div>\n<p><\/a><\/div>\n<\/div>\n<\/div>\n<\/div>\n<\/div>\n<\/div>\n<\/div>\n<div class=\"td_block_wrap tdb_single_featured_image tdi_72 tdb-content-horiz-left td-pb-border-top td_block_template_1\" data-td-block-uid=\"tdi_72\">\n<div class=\"tdb-block-inner td-fix-index\">\n<figure><img loading=\"lazy\" decoding=\"async\" width=\"696\" height=\"461\" class=\"entry-thumb\" src=\"https:\/\/analyse.optim.biz\/wp-content\/uploads\/2026\/01\/593-696x461-1.jpg\" alt=\"593\" title=\"593\"><figcaption class=\"tdb-caption-text\">593<\/figcaption><\/figure>\n<\/div>\n<\/div>\n<div class=\"vc_row_inner tdi_74  vc_row vc_inner wpb_row td-pb-row\">\n<div class=\"vc_column_inner tdi_76  wpb_column vc_column_container tdc-inner-column td-pb-span4 td-is-sticky\">\n<div class=\"vc_column-inner\">\n<div class=\"wpb_wrapper\" data-sticky-enabled-on=\"W3RydWUsdHJ1ZSx0cnVlLHRydWVd\" data-sticky-offset=\"20\" data-sticky-is-width-auto=\"W2ZhbHNlLGZhbHNlLGZhbHNlLGZhbHNlXQ==\">\n<div class=\"td_block_wrap td_flex_block_1 tdi_77 td-pb-border-top td_block_template_1 td_ajax_preloading_preload td_flex_block\" data-td-block-uid=\"tdi_77\">\n<div id=\"tdi_77\" class=\"td_block_inner td-mc1-wrap\">\n<div class=\"td_module_flex td_module_flex_1 td_module_wrap td-animation-stack td-meta-info-hide td-cpt-post\">\n<div class=\"td-module-container td-category-pos-image\">\n<div class=\"td-module-meta-info\">\n<h3 class=\"entry-title td-module-title\"><a href=\"https:\/\/voceatimisului.ro\/timisoara-lumina-unirii-un-spectacol-pe-parcursul-a-trei-seri-despre-istoria-orasului\/\" rel=\"bookmark\" title=\"Timisoara: LUMINA UNIRII \u2013 un spectacol pe parcursul a trei seri, despre istoria orasului\">Timisoara: LUMINA UNIRII \u2013 un spectacol pe parcursul a trei seri, despre istoria orasului<\/a><\/h3>\n<\/div>\n<\/div>\n<\/div>\n<div class=\"td_module_flex td_module_flex_1 td_module_wrap td-animation-stack td-meta-info-hide td-cpt-post\">\n<div class=\"td-module-container td-category-pos-image\">\n<div class=\"td-module-meta-info\">\n<h3 class=\"entry-title td-module-title\"><a href=\"https:\/\/voceatimisului.ro\/trei-capitale-europene-ale-culturii-se-reunesc-in-cadrul-vinvest-2019\/\" rel=\"bookmark\" title=\"Trei Capitale Europene ale Culturii se reunesc in cadrul VINVEST 2019\">Trei Capitale Europene ale Culturii se reunesc in cadrul VINVEST 2019<\/a><\/h3>\n<\/div>\n<\/div>\n<\/div>\n<div class=\"td_module_flex td_module_flex_1 td_module_wrap td-animation-stack td-meta-info-hide td-cpt-post\">\n<div class=\"td-module-container td-category-pos-image\">\n<div class=\"td-module-meta-info\">\n<h3 class=\"entry-title td-module-title\"><a href=\"https:\/\/voceatimisului.ro\/asociatia-timisoara-capitala-culturala-europeana-demareaza-programul-dante-2021\/\" rel=\"bookmark\" title=\"Asociatia Timisoara Capitala Culturala Europeana demareaza programul \u201eDante 2021\u201d\">Asociatia Timisoara Capitala Culturala Europeana demareaza programul \u201eDante 2021\u201d<\/a><\/h3>\n<\/div>\n<\/div>\n<\/div>\n<div class=\"td_module_flex td_module_flex_1 td_module_wrap td-animation-stack td-meta-info-hide td-cpt-post\">\n<div class=\"td-module-container td-category-pos-image\">\n<div class=\"td-module-meta-info\">\n<h3 class=\"entry-title td-module-title\"><a href=\"https:\/\/voceatimisului.ro\/implementarea-programului-de-capitala-culturala-europeana-se-face-cu-circ-la-timisoara\/\" rel=\"bookmark\" title=\"Implementarea programului de Capital\u0103 Cultural\u0103 European\u0103 se face cu circ la Timi\u0219oara\">Implementarea programului de Capital\u0103 Cultural\u0103 European\u0103 se face cu circ la Timi\u0219oara<\/a><\/h3>\n<\/div>\n<\/div>\n<\/div>\n<\/div>\n<\/div>\n<div class=\"tdb-author-box td_block_wrap tdb_single_author_box tdi_82 tdb-content-vert-top td-pb-border-top td_block_template_1\" data-td-block-uid=\"tdi_82\">\n<div class=\"tdb-block-inner td-fix-index\">\n<div class=\"tdb-author-info\"><a href=\"https:\/\/voceatimisului.ro\/author\/redactia\/\" class=\"tdb-author-name\">Redac\u021bia<\/a><\/p>\n<div class=\"tdb-author-descr\">\u00centreaga responsabilitate a comentariilor l\u0103sate de dumneavoastr\u0103 v\u0103 apar\u021bine!<br \/>\nClick <a href=\"https:\/\/voceatimisului.ro\/termeni-si-conditii\/\">aici<\/a>-citeste condi\u0163iile de utilizare ale site-ului www.voceatimisului.ro<\/div>\n<\/div>\n<\/div>\n<\/div>\n<\/div>\n<\/div>\n<\/div>\n<div class=\"vc_column_inner tdi_84  wpb_column vc_column_container tdc-inner-column td-pb-span8\">\n<div class=\"vc_column-inner\">\n<div class=\"wpb_wrapper\">\n<div class=\"td_block_wrap tdb_single_content tdi_85 td-pb-border-top td_block_template_1 td-post-content tagdiv-type\" data-td-block-uid=\"tdi_85\">\n<div class=\"tdb-block-inner td-fix-index\">\n<p>Finalul s\u0103pt\u0103m\u00e2nii trecute, atunci c\u00e2nd a avut loc evenimentul automobilistic a fost un weekend plin de entuziasm, emo\u0163ii, evenimente mai mult sau mai pu\u0163in pl\u0103cute spun cei doi pilo\u021bi. <em><strong>\u201dNe bucur\u0103 foarte mult faptul c\u0103 am fost prezen\u0163i la aceast\u0103 etap\u0103 \u015fi c\u0103 am dus steagul Rom\u00e2niei la Luxemburg. A fost o atmosfer\u0103 foarte prietenoas\u0103, organizatorii au fost extraordinari \u015fi ne-am f\u0103cut prieteni din multe alte \u0163\u0103ri. A fost o experien\u0163\u0103 unic\u0103! Pentru c\u0103 suntem m\u00e2ndri c\u0103 suntem timi\u015foreni, am dus blazonul ora\u015fului Timi\u015foara la Luxemburg pentru promovarea imaginii ora\u015fului \u015fi pentru c\u0103 ne dorim foarte mult ca \u00een anul 2021, Timi\u015foara s\u0103 fie numit\u0103 capital\u0103 european\u0103 a culturii, consider\u00e2nd c\u0103 acesta este un prim pas \u00een realizarea acestui lucru. Administra\u0163ia local\u0103, prin consilierul local Grigore Grigoroiu, \u015fi-a ar\u0103tat suportul \u015fi am \u00eenceput chiar discu\u0163iile pentru organizarea unei etape de raliuri la nivel european, \u00een Timi\u015foara, \u00een viitorul apropiat\u201d<\/strong><\/em> a declarat <strong>Raul Szene.<\/strong><\/p>\n<p>Colegul s\u0103u de club,<strong> Sorin Botez,<\/strong> l-a completat:<em><strong> \u201dLa sf\u00e2r\u015fit de sezon competi\u0163ional dorim s\u0103 mul\u0163umim celor f\u0103r\u0103 de care prezen\u0163a noastr\u0103 pe coast\u0103 anul acesta nu ar fi fost posibil\u0103 \u015fi anume Kremsmueller Rom\u00e2nia, partener principal, Kremsmueller Group, DaSierra Consult, ACS BSSR Automotosport, Automobil Club Roman, echipei tehnice BSSR Garage dar \u015fi tuturor celor care au fost l\u00e2ng\u0103 noi \u015fi ne-au sus\u0163inut moral, prin prezenta la etape, av\u00e2ndu-I ca invita\u0163i sau pur \u015fi simplu \u00een fata calculatorului urm\u0103rind rezultatele etapelor!\u201d.<\/strong><\/em><\/p>\n<div id=\"gallery-1\" class=\"gallery galleryid-60752 gallery-columns-3 gallery-size-thumbnail\">\n<figure class=\"gallery-item\">\n<div class=\"gallery-icon landscape\"><a href=\"https:\/\/voceatimisului.ro\/timisorenii-raul-szene-si-sorin-botez-reprezentantii-romaniei-la-fia-masters-2014-eschdorf-luxemburg\/attachment\/455\/\"><img loading=\"lazy\" decoding=\"async\" width=\"150\" height=\"150\" src=\"https:\/\/analyse.optim.biz\/wp-content\/uploads\/2026\/01\/455-150x150-1.jpg\" class=\"attachment-thumbnail size-thumbnail\" alt=\"455\" aria-describedby=\"gallery-1-60753\" title=\"455-150x150-1\"><\/a><\/div><figcaption class=\"wp-caption-text gallery-caption\" id=\"gallery-1-60753\">\n\t\t\t\t455<br \/>\n\t\t\t\t<\/figcaption><\/figure>\n<figure class=\"gallery-item\">\n<div class=\"gallery-icon landscape\"><a href=\"https:\/\/voceatimisului.ro\/timisorenii-raul-szene-si-sorin-botez-reprezentantii-romaniei-la-fia-masters-2014-eschdorf-luxemburg\/attachment\/456\/\"><img loading=\"lazy\" decoding=\"async\" width=\"150\" height=\"150\" src=\"https:\/\/analyse.optim.biz\/wp-content\/uploads\/2026\/01\/456-150x150-1.jpg\" class=\"attachment-thumbnail size-thumbnail\" alt=\"456\" aria-describedby=\"gallery-1-60754\" title=\"456-150x150-1\"><\/a><\/div><figcaption class=\"wp-caption-text gallery-caption\" id=\"gallery-1-60754\">\n\t\t\t\t456<br \/>\n\t\t\t\t<\/figcaption><\/figure>\n<figure class=\"gallery-item\">\n<div class=\"gallery-icon portrait\"><a href=\"https:\/\/voceatimisului.ro\/timisorenii-raul-szene-si-sorin-botez-reprezentantii-romaniei-la-fia-masters-2014-eschdorf-luxemburg\/attachment\/588\/\"><img loading=\"lazy\" decoding=\"async\" width=\"150\" height=\"150\" src=\"https:\/\/analyse.optim.biz\/wp-content\/uploads\/2026\/01\/588-150x150-1.jpg\" class=\"attachment-thumbnail size-thumbnail\" alt=\"588\" aria-describedby=\"gallery-1-60755\" title=\"588-150x150-1\"><\/a><\/div><figcaption class=\"wp-caption-text gallery-caption\" id=\"gallery-1-60755\">\n\t\t\t\t588<br \/>\n\t\t\t\t<\/figcaption><\/figure>\n<figure class=\"gallery-item\">\n<div class=\"gallery-icon landscape\"><a href=\"https:\/\/voceatimisului.ro\/timisorenii-raul-szene-si-sorin-botez-reprezentantii-romaniei-la-fia-masters-2014-eschdorf-luxemburg\/attachment\/593\/\"><img decoding=\"async\" loading=\"lazy\" width=\"150\" height=\"150\" src=\"https:\/\/analyse.optim.biz\/wp-content\/uploads\/2026\/01\/593-150x150-1.jpg\" class=\"attachment-thumbnail size-thumbnail\" alt=\"593\" aria-describedby=\"gallery-1-60756\" title=\"593-150x150-1\"><\/a><\/div><figcaption class=\"wp-caption-text gallery-caption\" id=\"gallery-1-60756\">\n\t\t\t\t593<br \/>\n\t\t\t\t<\/figcaption><\/figure>\n<\/div>\n<p>Av\u00e2nd \u00een vedere demersul lor, de a promova Timi\u0219oara \u00een perspectiva c\u00e2\u0219tig\u0103rii titlului de Capital\u0103 Cultural\u0103 European\u0103 \u00een 2021, ne permite s\u0103 le ur\u0103m celor doi, dar \u0219i altor pilo\u021bi care vor face acest gest,<strong> mult succes!<\/strong><\/p>\n<\/div>\n<\/div>\n<div class=\"td_block_wrap tdb_single_tags tdi_88 td-pb-border-top td_block_template_1\" data-td-block-uid=\"tdi_88\">\n<div class=\"tdb-block-inner td-fix-index\">\n<ul class=\"tdb-tags\">\n<li><span>Tags<\/span><\/li>\n<li><a href=\"https:\/\/voceatimisului.ro\/tag\/2021\/\">2021<\/a><\/li>\n<li><a href=\"https:\/\/voceatimisului.ro\/tag\/acs-bssr-automotosport\/\">ACS BSSR Automotosport<\/a><\/li>\n<li><a href=\"https:\/\/voceatimisului.ro\/tag\/capitala-culturala-europeana\/\">Capitala culturala europeana<\/a><\/li>\n<li><a href=\"https:\/\/voceatimisului.ro\/tag\/competitie\/\">competitie<\/a><\/li>\n<li><a href=\"https:\/\/voceatimisului.ro\/tag\/luxemburg\/\">luxemburg<\/a><\/li>\n<li><a href=\"https:\/\/voceatimisului.ro\/tag\/rally\/\">rally<\/a><\/li>\n<li><a href=\"https:\/\/voceatimisului.ro\/tag\/raul-szene\/\">Raul Szene<\/a><\/li>\n<li><a href=\"https:\/\/voceatimisului.ro\/tag\/sorin-botez\/\">sorin botez<\/a><\/li>\n<li><a href=\"https:\/\/voceatimisului.ro\/tag\/timisoara\/\">Timisoara<\/a><\/li>\n<\/ul>\n<\/div>\n<\/div>\n<div class=\"td_block_wrap tdb_single_post_share tdi_89  td-pb-border-top td_block_template_1\" data-td-block-uid=\"tdi_89\">\n<div id=\"tdi_89\" class=\"td-post-sharing tdb-block td-ps-bg td-ps-notext td-post-sharing-style1 \">\n<div class=\"td-post-sharing-visible\"><a class=\"td-social-sharing-button td-social-sharing-button-js td-social-network td-social-facebook\" href=\"https:\/\/www.facebook.com\/sharer.php?u=https%3A%2F%2Fvoceatimisului.ro%2Ftimisorenii-raul-szene-si-sorin-botez-reprezentantii-romaniei-la-fia-masters-2014-eschdorf-luxemburg%2F\" title=\"Facebook\" rel=\"noopener\"><\/p>\n<div class=\"td-social-but-text\">Facebook<\/div>\n<p><\/a><a class=\"td-social-sharing-button td-social-sharing-button-js td-social-network td-social-twitter\" href=\"https:\/\/twitter.com\/intent\/tweet?text=Timi%C8%99orenii+Raul+Szene+%C8%99i+Sorin+Botez%2C+reprezentan%C8%9Bii+Rom%C3%A2niei+la+FIA+MASTERS+2014+%E2%80%93+Eschdorf+Luxemburg&amp;url=https%3A%2F%2Fvoceatimisului.ro%2Ftimisorenii-raul-szene-si-sorin-botez-reprezentantii-romaniei-la-fia-masters-2014-eschdorf-luxemburg%2F&amp;via=Vocea+Timisului\" title=\"Twitter\" rel=\"noopener\"><\/p>\n<div class=\"td-social-but-text\">Twitter<\/div>\n<p><\/a><a class=\"td-social-sharing-button td-social-sharing-button-js td-social-network td-social-pinterest\" href=\"https:\/\/pinterest.com\/pin\/create\/button\/?url=https:\/\/voceatimisului.ro\/timisorenii-raul-szene-si-sorin-botez-reprezentantii-romaniei-la-fia-masters-2014-eschdorf-luxemburg\/&amp;media=https:\/\/analyse.optim.biz\/wp-content\/uploads\/2026\/01\/593.jpg&amp;description=Timi%C8%99orenii+Raul+Szene+%C8%99i+Sorin+Botez%2C+reprezentan%C8%9Bii+Rom%C3%A2niei+la+FIA+MASTERS+2014+%E2%80%93+Eschdorf+Luxemburg\" title=\"Pinterest\" rel=\"noopener\"><\/p>\n<div class=\"td-social-but-text\">Pinterest<\/div>\n<p><\/a><a class=\"td-social-sharing-button td-social-sharing-button-js td-social-network td-social-whatsapp\" href=\"https:\/\/api.whatsapp.com\/send?text=Timi%C8%99orenii+Raul+Szene+%C8%99i+Sorin+Botez%2C+reprezentan%C8%9Bii+Rom%C3%A2niei+la+FIA+MASTERS+2014+%E2%80%93+Eschdorf+Luxemburg%20%0A%0A%20https:\/\/voceatimisului.ro\/timisorenii-raul-szene-si-sorin-botez-reprezentantii-romaniei-la-fia-masters-2014-eschdorf-luxemburg\/\" title=\"WhatsApp\" rel=\"noopener\"><\/p>\n<div class=\"td-social-but-text\">WhatsApp<\/div>\n<p><\/a><a class=\"td-social-sharing-button td-social-sharing-button-js td-social-network td-social-linkedin\" href=\"https:\/\/www.linkedin.com\/shareArticle?mini=true&amp;url=https:\/\/voceatimisului.ro\/timisorenii-raul-szene-si-sorin-botez-reprezentantii-romaniei-la-fia-masters-2014-eschdorf-luxemburg\/&amp;title=Timi%C8%99orenii+Raul+Szene+%C8%99i+Sorin+Botez%2C+reprezentan%C8%9Bii+Rom%C3%A2niei+la+FIA+MASTERS+2014+%E2%80%93+Eschdorf+Luxemburg\" title=\"Linkedin\" rel=\"noopener\"><\/p>\n<div class=\"td-social-but-text\">Linkedin<\/div>\n<p><\/a><a class=\"td-social-sharing-button td-social-sharing-button-js td-social-network td-social-copy_url\" href=\"https:\/\/voceatimisului.ro\/timisorenii-raul-szene-si-sorin-botez-reprezentantii-romaniei-la-fia-masters-2014-eschdorf-luxemburg\/\" title=\"Copy URL\" rel=\"noopener\"><\/p>\n<div class=\"td-social-but-text\">Copy URL<\/div>\n<p><\/a><\/div>\n<\/div>\n<\/div>\n<div class=\"td_block_wrap tdb_single_next_prev tdi_90 td-animation-stack td-next-prev-img-on td-pb-border-top td_block_template_1\" data-td-block-uid=\"tdi_90\">\n<div class=\"tdb-block-inner td-fix-index\">\n<div class=\"tdb-next-post tdb-next-post-bg tdb-post-prev\"><span>Articolul precedent<\/span><\/p>\n<div class=\"td-module-container\">\n<div class=\"td-image-container\"><a class=\"td-image-wrap\" href=\"https:\/\/voceatimisului.ro\/au-pus-lupul-paznic-la-oi-agent-de-paza-retinut-timp-ce-fura-piese-auto-din-fabrica-pe-care-trebuia-sa-o-pazeasca-la-timisoara\/\"><img loading=\"lazy\" decoding=\"async\" class=\"td-next-prev-image td-fix-index td-lazy-img\" title=\"Au pus lupul, paznic la oi! Agent de paz\u0103, re\u0163inut \u00een timp ce fura piese auto din fabrica pe care trebuia s\u0103 o p\u0103zeasc\u0103, la Timi\u0219oara\" width=\"696\" height=\"522\" src=\"https:\/\/analyse.optim.biz\/wp-content\/uploads\/2026\/01\/politia-de-frontiera-timis2-jpg-696x522-1.webp\"><\/a><\/div>\n<div class=\"next-prev-title\"><a href=\"https:\/\/voceatimisului.ro\/au-pus-lupul-paznic-la-oi-agent-de-paza-retinut-timp-ce-fura-piese-auto-din-fabrica-pe-care-trebuia-sa-o-pazeasca-la-timisoara\/\">Au pus lupul, paznic la oi! Agent de paz\u0103, re\u0163inut \u00een timp ce fura piese auto din fabrica pe care trebuia s\u0103 o p\u0103zeasc\u0103, la Timi\u0219oara<\/a><\/div>\n<\/div>\n<\/div>\n<div class=\"tdb-next-post tdb-next-post-bg tdb-post-next\"><span>Articolul urm\u0103tor<\/span><\/p>\n<div class=\"td-module-container\">\n<div class=\"td-image-container\"><a class=\"td-image-wrap\" href=\"https:\/\/voceatimisului.ro\/bataie-intre-boschetari-o-femeie-si-batut-barbatul-pentru-ca-n-adunat-destul-din-cersit\/\"><img loading=\"lazy\" decoding=\"async\" class=\"td-next-prev-image td-fix-index td-lazy-img\" title=\"B\u0102TAIE \u00eentre BOSCHETARI. O femeie \u0219i-a b\u0103tut b\u0103rbatul pentru c\u0103 n-a adunat destul din cer\u0219it!\" width=\"696\" height=\"522\" src=\"https:\/\/analyse.optim.biz\/wp-content\/uploads\/2026\/01\/mizerie2-696x522-1.jpg\"><\/a><\/div>\n<div class=\"next-prev-title\"><a href=\"https:\/\/voceatimisului.ro\/bataie-intre-boschetari-o-femeie-si-batut-barbatul-pentru-ca-n-adunat-destul-din-cersit\/\">B\u0102TAIE \u00eentre BOSCHETARI. O femeie \u0219i-a b\u0103tut b\u0103rbatul pentru c\u0103 n-a adunat destul din cer\u0219it!<\/a><\/div>\n<\/div>\n<\/div>\n<\/div>\n<\/div>\n<\/div>\n<\/div>\n<\/div>\n<\/div>\n<div class=\"vc_row_inner tdi_100  vc_row vc_inner wpb_row td-pb-row\">\n<div class=\"vc_column_inner tdi_102  wpb_column vc_column_container tdc-inner-column td-pb-span4 td-is-sticky\">\n<div class=\"vc_column-inner\">\n<div class=\"wpb_wrapper\" data-sticky-enabled-on=\"W3RydWUsdHJ1ZSx0cnVlLHRydWVd\" data-sticky-offset=\"20\" data-sticky-is-width-auto=\"W2ZhbHNlLGZhbHNlLGZhbHNlLGZhbHNlXQ==\">\n<div class=\"td_block_wrap tdb_single_related tdi_103 td_with_ajax_pagination td-pb-border-top td_block_template_1 tdb-single-related-posts\" data-td-block-uid=\"tdi_103\">\n<div id=\"tdi_103\" class=\"td_block_inner tdb-block-inner td-fix-index\">\n<div class=\"tdb_module_related td_module_wrap td-animation-stack td-meta-info-hide\">\n<div class=\"td-module-container td-category-pos-image\">\n<div class=\"td-module-meta-info\">\n<h3 class=\"entry-title td-module-title\"><a href=\"https:\/\/voceatimisului.ro\/record-de-capitala-culturala-europeana-timisoara-mai-multi-vizitatori-decat-sibiul\/\" rel=\"bookmark\" title=\"Record de Capital\u0103 Cultural\u0103 European\u0103: Timi\u015foara are mai mul\u0163i vizitatori dec\u00e2t Sibiul\">Record de Capital\u0103 Cultural\u0103 European\u0103: Timi\u015foara are mai mul\u0163i vizitatori dec\u00e2t Sibiul<\/a><\/h3>\n<\/div>\n<\/div>\n<\/div>\n<div class=\"tdb_module_related td_module_wrap td-animation-stack td-meta-info-hide\">\n<div class=\"td-module-container td-category-pos-image\">\n<div class=\"td-module-meta-info\">\n<h3 class=\"entry-title td-module-title\"><a href=\"https:\/\/voceatimisului.ro\/primarul-din-dudestii-noi-intra-cursa-pentru-sefia-pnl-timis-de-ce-gorghiu-nu-sustine-un-candidat-anume\/\" rel=\"bookmark\" title=\"Primarul din Dude\u0219tii Noi intr\u0103 \u00een cursa pentru \u0219efia PNL Timi\u0219. De ce Gorghiu nu sus\u021bine un candidat anume\">Primarul din Dude\u0219tii Noi intr\u0103 \u00een cursa pentru \u0219efia PNL Timi\u0219. De ce Gorghiu nu sus\u021bine un candidat anume<\/a><\/h3>\n<\/div>\n<\/div>\n<\/div>\n<div class=\"tdb_module_related td_module_wrap td-animation-stack td-meta-info-hide\">\n<div class=\"td-module-container td-category-pos-image\">\n<div class=\"td-module-meta-info\">\n<h3 class=\"entry-title td-module-title\"><a href=\"https:\/\/voceatimisului.ro\/timisoara-si-a-depus-oficial-candidatura-pentru-titlul-de-capitala-europeana-a-culturii-in-2021\/\" rel=\"bookmark\" title=\"Timi\u0219oara \u0219i-a depus OFICIAL candidatura pentru titlul de Capital\u0103 European\u0103 a Culturii \u00een 2021\">Timi\u0219oara \u0219i-a depus OFICIAL candidatura pentru titlul de Capital\u0103 European\u0103 a Culturii \u00een 2021<\/a><\/h3>\n<\/div>\n<\/div>\n<\/div>\n<\/div>\n<\/div>\n<\/div>\n<\/div>\n<\/div>\n<div class=\"vc_column_inner tdi_105  wpb_column vc_column_container tdc-inner-column td-pb-span8\">\n<div class=\"vc_column-inner\">\n<div class=\"wpb_wrapper\">\n<div class=\"td_block_wrap tdb_single_comments tdi_106 tdb-comm-layout2 td-pb-border-top td_block_template_2\" data-td-block-uid=\"tdi_106\">\n<div class=\"tdb-block-inner td-fix-index\">\n<div class=\"comments\" id=\"comments\">\n<div id=\"respond\" class=\"comment-respond\">\n<h3 id=\"reply-title\" class=\"comment-reply-title\">L\u0102SA\u021aI UN MESAJ <small><a rel=\"nofollow\" id=\"cancel-comment-reply-link\" href=\"https:\/\/voceatimisului.ro\/timisorenii-raul-szene-si-sorin-botez-reprezentantii-romaniei-la-fia-masters-2014-eschdorf-luxemburg\/#respond\">Renun\u021ba\u021bi la r\u0103spuns<\/a><\/small><\/h3>\n<div class=\"comment-form-input-wrap td-form-comment\">\n<div class=\"td-warning-comment\">V\u0103 rug\u0103m s\u0103 introduce\u021bi comentariul dvs.!<\/div>\n<\/div>\n<div class=\"comment-form-input-wrap td-form-author\">\n<div class=\"td-warning-author\">Introduce\u021bi aici numele dvs.<\/div>\n<\/div>\n<div class=\"comment-form-input-wrap td-form-email\">\n<div class=\"td-warning-email-error\">A\u021bi introdus o adres\u0103 de e-mail incorect\u0103!<\/div>\n<div class=\"td-warning-email\">V\u0103 rug\u0103m s\u0103 introduce\u021bi adresa dvs. de e-mail aici<\/div>\n<\/div>\n<\/div>\n<\/div>\n<\/div>\n<\/div>\n<\/div>\n<\/div>\n<\/div>\n<\/div>\n<\/div>\n<\/div>\n<div class=\"vc_column tdi_108  wpb_column vc_column_container tdc-column td-pb-span4 td-is-sticky\">\n<div class=\"wpb_wrapper\" data-sticky-enabled-on=\"W3RydWUsdHJ1ZSx0cnVlLHRydWVd\" data-sticky-offset=\"20\" data-sticky-is-width-auto=\"W2ZhbHNlLGZhbHNlLGZhbHNlLGZhbHNlXQ==\">\n<div class=\"vc_row_inner tdi_110  vc_row vc_inner wpb_row td-pb-row\">\n<div class=\"vc_column_inner tdi_112  wpb_column vc_column_container tdc-inner-column td-pb-span12\">\n<div class=\"vc_column-inner\">\n<div class=\"wpb_wrapper\">\n<div class=\"td_block_wrap td_block_title tdi_113 td-pb-border-top td_block_template_11 td-fix-index\" data-td-block-uid=\"tdi_113\">\n<div class=\"td-block-title-wrap\">\n<h4 class=\"td-block-title\"><span class=\"td-pulldown-size\">ANUN\u021aURI \u0218I PUBLICITATE<\/span><\/h4>\n<\/div>\n<\/div>\n<\/div>\n<\/div>\n<\/div>\n<\/div>\n<div class=\"wpb_wrapper td_block_wrap vc_widget_sidebar tdi_115 \">\n<aside id=\"block-10\" class=\"td_block_template_1 widget block-10 widget_block widget_media_image\">\n<figure class=\"wp-block-image size-full\"><a href=\"https:\/\/adpghiroda.ro\/index.html\" target=\"_blank\" rel=\" noreferrer noopener\"><img decoding=\"async\" loading=\"lazy\" width=\"960\" height=\"960\" src=\"https:\/\/analyse.optim.biz\/wp-content\/uploads\/2026\/01\/adp-ghiroda2-207.jpg\" class=\"wp-image-171492\" title=\"adp-ghiroda2-207\"><\/a><\/figure>\n<\/aside>\n<aside id=\"block-11\" class=\"td_block_template_1 widget block-11 widget_block widget_media_image\">\n<figure class=\"wp-block-image size-full\"><a href=\"https:\/\/adpghiroda.ro\/index.html\" target=\"_blank\" rel=\" noreferrer noopener\"><img decoding=\"async\" loading=\"lazy\" width=\"960\" height=\"960\" src=\"https:\/\/analyse.optim.biz\/wp-content\/uploads\/2026\/01\/adp-ghiroda1-207.jpg\" class=\"wp-image-171491\" title=\"adp-ghiroda1-207\"><\/a><\/figure>\n<\/aside>\n<aside id=\"block-17\" class=\"td_block_template_1 widget block-17 widget_block widget_media_image\">\n<figure class=\"wp-block-image size-large is-resized\"><a href=\"https:\/\/verde.events\/\" target=\"_blank\" rel=\" noreferrer noopener\"><img decoding=\"async\" loading=\"lazy\" width=\"1024\" height=\"683\" src=\"https:\/\/analyse.optim.biz\/wp-content\/uploads\/2026\/01\/verde-events-24-1024x683-1-192.jpg\" alt=\"Verde Events\" class=\"wp-image-174395\" title=\"verde-events-24-1024x683-1-192\"><\/a><figcaption class=\"wp-element-caption\"><strong><em>O experien\u021b\u0103 unic\u0103 pentru orice tip de eveniment<\/em><\/strong><\/figcaption><\/figure>\n<\/aside>\n<\/div>\n<div class=\"td_block_wrap td_flex_block_1 tdi_121 td-pb-border-top td_block_template_1 td_ajax_preloading_preload td_flex_block\" data-td-block-uid=\"tdi_121\">\n<div id=\"tdi_121\" class=\"td_block_inner td-mc1-wrap\">\n<div class=\"td_module_flex td_module_flex_1 td_module_wrap td-animation-stack td-meta-info-hide td-cpt-post\">\n<div class=\"td-module-container td-category-pos-image\">\n<div class=\"td-module-meta-info\">\n<h3 class=\"entry-title td-module-title\"><a href=\"https:\/\/voceatimisului.ro\/sorin-grindeanu-ingrijorat-de-starea-timisoarei-in-lupta-pentru-capitala-culturala-europeana\/\" rel=\"bookmark\" title=\"Sorin Grindeanu, \u00eengrijorat de starea Timi\u0219oarei \u00een lupta pentru Capitala Cultural\u0103 European\u0103\">Sorin Grindeanu, \u00eengrijorat de starea Timi\u0219oarei \u00een lupta pentru Capitala Cultural\u0103 European\u0103<\/a><\/h3>\n<\/div>\n<\/div>\n<\/div>\n<div class=\"td_module_flex td_module_flex_1 td_module_wrap td-animation-stack td-meta-info-hide td-cpt-post\">\n<div class=\"td-module-container td-category-pos-image\">\n<div class=\"td-module-meta-info\">\n<h3 class=\"entry-title td-module-title\"><a href=\"https:\/\/voceatimisului.ro\/timisorenii-asteptati-sa-si-aleaga-culoarea-si-acronimul-candidaturii-orasului-la-titlul-de-capitala-europeana-a-culturii\/\" rel=\"bookmark\" title=\"Timi\u0219orenii, a\u0219tepta\u021bi s\u0103-\u0219i aleag\u0103 culoarea \u015fi acronimul candidaturii ora\u015fului la titlul de Capital\u0103 European\u0103 a Culturii!\">Timi\u0219orenii, a\u0219tepta\u021bi s\u0103-\u0219i aleag\u0103 culoarea \u015fi acronimul candidaturii ora\u015fului la titlul de Capital\u0103 European\u0103 a Culturii!<\/a><\/h3>\n<\/div>\n<\/div>\n<\/div>\n<div class=\"td_module_flex td_module_flex_1 td_module_wrap td-animation-stack td-meta-info-hide td-cpt-post\">\n<div class=\"td-module-container td-category-pos-image\">\n<div class=\"td-module-meta-info\">\n<h3 class=\"entry-title td-module-title\"><a href=\"https:\/\/voceatimisului.ro\/prezentare-romania-va-avea-primul-presedinte-liberal-din-istorie-cine-este-neamtul-klaus-iohannis\/\" rel=\"bookmark\" title=\"PREZENTARE: Rom\u00e2nia va avea primul PRE\u0218EDINTE LIBERAL din ISTORIE. Cine este \u201dNeam\u021bul\u201d Klaus Iohannis\">PREZENTARE: Rom\u00e2nia va avea primul PRE\u0218EDINTE LIBERAL din ISTORIE. Cine este \u201dNeam\u021bul\u201d Klaus Iohannis<\/a><\/h3>\n<\/div>\n<\/div>\n<\/div>\n<div class=\"td_module_flex td_module_flex_1 td_module_wrap td-animation-stack td-meta-info-hide td-cpt-post\">\n<div class=\"td-module-container td-category-pos-image\">\n<div class=\"td-module-meta-info\">\n<h3 class=\"entry-title td-module-title\"><a href=\"https:\/\/voceatimisului.ro\/patrick-pascota-castiga-treia-etapa-de-motocros-de-la-ianova-patra-generatie-pascota-isi-intra-rol\/\" rel=\"bookmark\" title=\"Patrick Pascot\u0103 c\u00e2\u0219tig\u0103 a treia etap\u0103 de motocros de la Ianova. A patra genera\u021bie PASCOT\u0102, \u00ee\u0219i intr\u0103 \u00een rol\">Patrick Pascot\u0103 c\u00e2\u0219tig\u0103 a treia etap\u0103 de motocros de la Ianova. A patra genera\u021bie PASCOT\u0102, \u00ee\u0219i intr\u0103 \u00een rol<\/a><\/h3>\n<\/div>\n<\/div>\n<\/div>\n<div class=\"td_module_flex td_module_flex_1 td_module_wrap td-animation-stack td-meta-info-hide td-cpt-post\">\n<div class=\"td-module-container td-category-pos-image\">\n<div class=\"td-module-meta-info\">\n<h3 class=\"entry-title td-module-title\"><a href=\"https:\/\/voceatimisului.ro\/pompierii-timiseni-participa-la-finala-competitiei-nationale-de-descarcerare-si-prim-ajutor-calificat\/\" rel=\"bookmark\" title=\"Pompierii timi\u0219eni particip\u0103 la finala Competi\u021biei na\u021bionale de descarcerare \u0219i prim-ajutor calificat\">Pompierii timi\u0219eni particip\u0103 la finala Competi\u021biei na\u021bionale de descarcerare \u0219i prim-ajutor calificat<\/a><\/h3>\n<\/div>\n<\/div>\n<\/div>\n<\/div>\n<\/div>\n<\/div>\n<\/div>\n<\/div>\n<\/div>\n<\/div>\n<\/div>\n<p><span class=\"td-page-meta\"><\/span><span class=\"td-page-meta\"><span class=\"td-page-meta\"><\/span><\/span><span class=\"td-page-meta\"><\/span><\/article>\n<p> Source URL: https:\/\/voceatimisului.ro\/timisorenii-raul-szene-si-sorin-botez-reprezentantii-romaniei-la-fia-masters-2014-eschdorf-luxemburg\/<\/p>\n","protected":false},"excerpt":{"rendered":"<p>\u0218tiriSport Timi\u0219orenii Raul Szene \u0219i Sorin Botez, reprezentan\u021bii Rom\u00e2niei la FIA MASTERS 2014 \u2013 Eschdorf Luxemburg Autor-Redac\u021bia 16 octombrie 2014 0 11319 Facebook Twitter Pinterest WhatsApp Linkedin Copy URL 593 Timisoara: LUMINA UNIRII \u2013 un spectacol pe parcursul a trei seri, despre istoria orasului Trei Capitale Europene ale Culturii se reunesc in cadrul VINVEST 2019 [&hellip;]<\/p>\n","protected":false},"author":1,"featured_media":1333882,"comment_status":"open","ping_status":"","sticky":false,"template":"","format":"standard","meta":{"footnotes":""},"categories":[89],"tags":[199],"class_list":["post-1333881","post","type-post","status-publish","format-standard","has-post-thumbnail","hentry","category-romania","tag-voceatimisului-ro"],"_links":{"self":[{"href":"https:\/\/analyse.optim.biz\/index.php?rest_route=\/wp\/v2\/posts\/1333881","targetHints":{"allow":["GET"]}}],"collection":[{"href":"https:\/\/analyse.optim.biz\/index.php?rest_route=\/wp\/v2\/posts"}],"about":[{"href":"https:\/\/analyse.optim.biz\/index.php?rest_route=\/wp\/v2\/types\/post"}],"author":[{"embeddable":true,"href":"https:\/\/analyse.optim.biz\/index.php?rest_route=\/wp\/v2\/users\/1"}],"replies":[{"embeddable":true,"href":"https:\/\/analyse.optim.biz\/index.php?rest_route=%2Fwp%2Fv2%2Fcomments&post=1333881"}],"version-history":[{"count":0,"href":"https:\/\/analyse.optim.biz\/index.php?rest_route=\/wp\/v2\/posts\/1333881\/revisions"}],"wp:featuredmedia":[{"embeddable":true,"href":"https:\/\/analyse.optim.biz\/index.php?rest_route=\/wp\/v2\/media\/1333882"}],"wp:attachment":[{"href":"https:\/\/analyse.optim.biz\/index.php?rest_route=%2Fwp%2Fv2%2Fmedia&parent=1333881"}],"wp:term":[{"taxonomy":"category","embeddable":true,"href":"https:\/\/analyse.optim.biz\/index.php?rest_route=%2Fwp%2Fv2%2Fcategories&post=1333881"},{"taxonomy":"post_tag","embeddable":true,"href":"https:\/\/analyse.optim.biz\/index.php?rest_route=%2Fwp%2Fv2%2Ftags&post=1333881"}],"curies":[{"name":"wp","href":"https:\/\/api.w.org\/{rel}","templated":true}]}}