{"id":1332048,"date":"2022-12-05T16:13:35","date_gmt":"2022-12-05T13:13:35","guid":{"rendered":"https:\/\/analyse.optim.biz\/?p=1332048"},"modified":"2022-12-05T16:13:35","modified_gmt":"2022-12-05T13:13:35","slug":"agentia-nationala-de-integritate-somare-spitalul-judetean-timisoara","status":"publish","type":"post","link":"https:\/\/analyse.optim.biz\/?p=1332048","title":{"rendered":"Agen\u021bia Na\u021bional\u0103 de Integritate &#8211; Somare Spitalul Jude\u021bean Timi\u0219oara"},"content":{"rendered":"<article id=\"template-id-172790\" class=\"post-172790 tdb_templates type-tdb_templates status-publish post\">\n<div id=\"tdi_52\" class=\"tdc-zone\">\n<div class=\"tdc_zone tdi_53  wpb_row td-pb-row\">\n<div id=\"tdi_54\" class=\"tdc-row stretch_row_1400 td-stretch-content\">\n<div class=\"vc_row tdi_55  wpb_row td-pb-row tdc-element-style\">\n<div class=\"vc_column tdi_57  wpb_column vc_column_container tdc-column td-pb-span8\">\n<div class=\"wpb_wrapper\">\n<div class=\"td_block_wrap tdb_single_categories tdi_58 td-pb-border-top td_block_template_1 \" data-td-block-uid=\"tdi_58\">\n<div class=\"tdb-category td-fix-index\"><a class=\"tdb-entry-category\" href=\"https:\/\/voceatimisului.ro\/category\/stiri-din-timisoara-si-timis\/\">\u0218tiri<\/a><a class=\"tdb-entry-category\" href=\"https:\/\/voceatimisului.ro\/category\/investigatii-stiri\/\">Investiga\u021bii<\/a><\/div>\n<\/div>\n<div class=\"td_block_wrap tdb_title tdi_59 tdb-single-title td-pb-border-top td_block_template_1\" data-td-block-uid=\"tdi_59\">\n<div class=\"tdb-block-inner td-fix-index\">\n<h1 class=\"tdb-title-text\"><strong>Tardivitate institu\u021bional\u0103! Agen\u021bia Na\u021bional\u0103 de Integritate someaz\u0103 Spitalul Jude\u021bean Timi\u0219oara s\u0103-l trag\u0103 pe dreapta pe prof. dr. Laz\u0103r Fulger<\/strong><\/h1>\n<\/div>\n<\/div>\n<div class=\"vc_row_inner tdi_62  vc_row vc_inner wpb_row td-pb-row\">\n<div class=\"vc_column_inner tdi_64  wpb_column vc_column_container tdc-inner-column td-pb-span6\">\n<div class=\"vc_column-inner\">\n<div class=\"wpb_wrapper\">\n<div class=\"td_block_wrap tdb_single_author tdi_65 td-pb-border-top td_block_template_1 tdb-post-meta\" data-td-block-uid=\"tdi_65\">\n<div class=\"tdb-block-inner td-fix-index\">\n<div class=\"tdb-author-name-wrap\"><span class=\"tdb-author-by\">Autor-<\/span><a class=\"tdb-author-name\" href=\"https:\/\/voceatimisului.ro\/author\/redactia\/\">Redac\u021bia<\/a><\/div>\n<\/div>\n<\/div>\n<div class=\"td_block_wrap tdb_single_date tdi_66 td-pb-border-top td_block_template_1 tdb-post-meta\" data-td-block-uid=\"tdi_66\">\n<div class=\"tdb-block-inner td-fix-index\"><time class=\"entry-date updated td-module-date\" datetime=\"2022-12-05T18:13:35+02:00\">5 decembrie 2022<\/time><\/div>\n<\/div>\n<div class=\"td_block_wrap tdb_single_comments_count tdi_67 td-pb-border-top td_block_template_1 tdb-post-meta\" data-td-block-uid=\"tdi_67\">\n<div class=\"tdb-block-inner td-fix-index\"><a href=\"https:\/\/voceatimisului.ro\/tardivitate-institutionala-agentia-nationala-de-integritate-someaza-spitalul-judetean-timisoara-sa-l-traga-pe-dreapta-pe-prof-dr-lazar-fulger\/#comments\"><span>2<\/span><\/a><\/div>\n<\/div>\n<div class=\"td_block_wrap tdb_single_post_views tdi_68 td-pb-border-top td_block_template_1 tdb-post-meta\" data-td-block-uid=\"tdi_68\">\n<div class=\"tdb-block-inner td-fix-index\"><span class=\"tdb-add-text\">1<\/span><span class=\"td-nr-views-154538\">4836<\/span><\/div>\n<\/div>\n<\/div>\n<\/div>\n<\/div>\n<div class=\"vc_column_inner tdi_70  wpb_column vc_column_container tdc-inner-column td-pb-span6\">\n<div class=\"vc_column-inner\">\n<div class=\"wpb_wrapper\">\n<div class=\"td_block_wrap tdb_single_post_share tdi_71  td-pb-border-top td_block_template_1\" data-td-block-uid=\"tdi_71\">\n<div id=\"tdi_71\" class=\"td-post-sharing tdb-block td-ps-bg td-ps-notext td-post-sharing-style1 \">\n<div class=\"td-post-sharing-visible\"><a class=\"td-social-sharing-button td-social-sharing-button-js td-social-network td-social-facebook\" href=\"https:\/\/www.facebook.com\/sharer.php?u=https%3A%2F%2Fvoceatimisului.ro%2Ftardivitate-institutionala-agentia-nationala-de-integritate-someaza-spitalul-judetean-timisoara-sa-l-traga-pe-dreapta-pe-prof-dr-lazar-fulger%2F\" title=\"Facebook\" rel=\"noopener\"><\/p>\n<div class=\"td-social-but-text\">Facebook<\/div>\n<p><\/a><a class=\"td-social-sharing-button td-social-sharing-button-js td-social-network td-social-twitter\" href=\"https:\/\/twitter.com\/intent\/tweet?text=%3Cstrong%3ETardivitate+institu%C8%9Bional%C4%83%21+Agen%C8%9Bia+Na%C8%9Bional%C4%83+de+Integritate+someaz%C4%83+Spitalul+Jude%C8%9Bean+Timi%C8%99oara+s%C4%83-l+trag%C4%83+pe+dreapta+pe+prof.+dr.+Laz%C4%83r+Fulger%3C%2Fstrong%3E&amp;url=https%3A%2F%2Fvoceatimisului.ro%2Ftardivitate-institutionala-agentia-nationala-de-integritate-someaza-spitalul-judetean-timisoara-sa-l-traga-pe-dreapta-pe-prof-dr-lazar-fulger%2F&amp;via=Vocea+Timisului\" title=\"Twitter\" rel=\"noopener\"><\/p>\n<div class=\"td-social-but-text\">Twitter<\/div>\n<p><\/a><a class=\"td-social-sharing-button td-social-sharing-button-js td-social-network td-social-pinterest\" href=\"https:\/\/pinterest.com\/pin\/create\/button\/?url=https:\/\/voceatimisului.ro\/tardivitate-institutionala-agentia-nationala-de-integritate-someaza-spitalul-judetean-timisoara-sa-l-traga-pe-dreapta-pe-prof-dr-lazar-fulger\/&amp;media=https:\/\/analyse.optim.biz\/wp-content\/uploads\/2026\/01\/lazar-fulger-2-jpg.webp&amp;description=%3Cstrong%3ETardivitate+institu%C8%9Bional%C4%83%21+Agen%C8%9Bia+Na%C8%9Bional%C4%83+de+Integritate+someaz%C4%83+Spitalul+Jude%C8%9Bean+Timi%C8%99oara+s%C4%83-l+trag%C4%83+pe+dreapta+pe+prof.+dr.+Laz%C4%83r+Fulger%3C%2Fstrong%3E\" title=\"Pinterest\" rel=\"noopener\"><\/p>\n<div class=\"td-social-but-text\">Pinterest<\/div>\n<p><\/a><a class=\"td-social-sharing-button td-social-sharing-button-js td-social-network td-social-whatsapp\" href=\"https:\/\/api.whatsapp.com\/send?text=%3Cstrong%3ETardivitate+institu%C8%9Bional%C4%83%21+Agen%C8%9Bia+Na%C8%9Bional%C4%83+de+Integritate+someaz%C4%83+Spitalul+Jude%C8%9Bean+Timi%C8%99oara+s%C4%83-l+trag%C4%83+pe+dreapta+pe+prof.+dr.+Laz%C4%83r+Fulger%3C%2Fstrong%3E%20%0A%0A%20https:\/\/voceatimisului.ro\/tardivitate-institutionala-agentia-nationala-de-integritate-someaza-spitalul-judetean-timisoara-sa-l-traga-pe-dreapta-pe-prof-dr-lazar-fulger\/\" title=\"WhatsApp\" rel=\"noopener\"><\/p>\n<div class=\"td-social-but-text\">WhatsApp<\/div>\n<p><\/a><a class=\"td-social-sharing-button td-social-sharing-button-js td-social-network td-social-linkedin\" href=\"https:\/\/www.linkedin.com\/shareArticle?mini=true&amp;url=https:\/\/voceatimisului.ro\/tardivitate-institutionala-agentia-nationala-de-integritate-someaza-spitalul-judetean-timisoara-sa-l-traga-pe-dreapta-pe-prof-dr-lazar-fulger\/&amp;title=%3Cstrong%3ETardivitate+institu%C8%9Bional%C4%83%21+Agen%C8%9Bia+Na%C8%9Bional%C4%83+de+Integritate+someaz%C4%83+Spitalul+Jude%C8%9Bean+Timi%C8%99oara+s%C4%83-l+trag%C4%83+pe+dreapta+pe+prof.+dr.+Laz%C4%83r+Fulger%3C%2Fstrong%3E\" title=\"Linkedin\" rel=\"noopener\"><\/p>\n<div class=\"td-social-but-text\">Linkedin<\/div>\n<p><\/a><a class=\"td-social-sharing-button td-social-sharing-button-js td-social-network td-social-copy_url\" href=\"https:\/\/voceatimisului.ro\/tardivitate-institutionala-agentia-nationala-de-integritate-someaza-spitalul-judetean-timisoara-sa-l-traga-pe-dreapta-pe-prof-dr-lazar-fulger\/\" title=\"Copy URL\" rel=\"noopener\"><\/p>\n<div class=\"td-social-but-text\">Copy URL<\/div>\n<p><\/a><\/div>\n<\/div>\n<\/div>\n<\/div>\n<\/div>\n<\/div>\n<\/div>\n<div class=\"td_block_wrap tdb_single_featured_image tdi_72 tdb-content-horiz-left td-pb-border-top td_block_template_1\" data-td-block-uid=\"tdi_72\">\n<div class=\"tdb-block-inner td-fix-index\">\n<figure><img loading=\"lazy\" decoding=\"async\" width=\"696\" height=\"463\" class=\"entry-thumb\" src=\"https:\/\/analyse.optim.biz\/wp-content\/uploads\/2026\/01\/lazar-fulger-2-jpg-696x463-1.webp\" alt=\"lazar fulger 2 jpg\" title=\"lazar fulger 2 jpg\"><figcaption class=\"tdb-caption-text\">lazar fulger 2 jpg<\/figcaption><\/figure>\n<\/div>\n<\/div>\n<div class=\"vc_row_inner tdi_74  vc_row vc_inner wpb_row td-pb-row\">\n<div class=\"vc_column_inner tdi_76  wpb_column vc_column_container tdc-inner-column td-pb-span4 td-is-sticky\">\n<div class=\"vc_column-inner\">\n<div class=\"wpb_wrapper\" data-sticky-enabled-on=\"W3RydWUsdHJ1ZSx0cnVlLHRydWVd\" data-sticky-offset=\"20\" data-sticky-is-width-auto=\"W2ZhbHNlLGZhbHNlLGZhbHNlLGZhbHNlXQ==\">\n<div class=\"td_block_wrap td_flex_block_1 tdi_77 td-pb-border-top td_block_template_1 td_ajax_preloading_preload td_flex_block\" data-td-block-uid=\"tdi_77\">\n<div id=\"tdi_77\" class=\"td_block_inner td-mc1-wrap\">\n<div class=\"td_module_flex td_module_flex_1 td_module_wrap td-animation-stack td-meta-info-hide td-cpt-post\">\n<div class=\"td-module-container td-category-pos-image\">\n<div class=\"td-module-meta-info\">\n<h3 class=\"entry-title td-module-title\"><a href=\"https:\/\/voceatimisului.ro\/investitie-majora-in-sanatate-sectia-ati-de-la-spitalul-judetean-timisoara-se-extinde-cu-fonduri-europene\/\" rel=\"bookmark\" title=\"Investi\u021bie major\u0103 \u00een s\u0103n\u0103tate: Sec\u021bia ATI de la Spitalul Jude\u021bean Timi\u0219oara se extinde cu fonduri europene\">Investi\u021bie major\u0103 \u00een s\u0103n\u0103tate: Sec\u021bia ATI de la Spitalul Jude\u021bean Timi\u0219oara se extinde cu fonduri europene<\/a><\/h3>\n<\/div>\n<\/div>\n<\/div>\n<div class=\"td_module_flex td_module_flex_1 td_module_wrap td-animation-stack td-meta-info-hide td-cpt-post\">\n<div class=\"td-module-container td-category-pos-image\">\n<div class=\"td-module-meta-info\">\n<h3 class=\"entry-title td-module-title\"><a href=\"https:\/\/voceatimisului.ro\/ipocrizie-cu-repetitie-dominic-fritz-vrea-sa-reformeze-ani-dupa-ce-a-fost-prins-in-conflict-de-interese\/\" rel=\"bookmark\" title=\"Ipocrizie cu repeti\u021bie: Dominic Fritz vrea s\u0103 reformeze ANI, dup\u0103 ce a fost prins \u00een conflict de interese\">Ipocrizie cu repeti\u021bie: Dominic Fritz vrea s\u0103 reformeze ANI, dup\u0103 ce a fost prins \u00een conflict de interese<\/a><\/h3>\n<\/div>\n<\/div>\n<\/div>\n<div class=\"td_module_flex td_module_flex_1 td_module_wrap td-animation-stack td-meta-info-hide td-cpt-post\">\n<div class=\"td-module-container td-category-pos-image\">\n<div class=\"td-module-meta-info\">\n<h3 class=\"entry-title td-module-title\"><a href=\"https:\/\/voceatimisului.ro\/cand-fritz-ne-vorbeste-de-dreptate-dar-isi-angajeaza-toti-prietenii\/\" rel=\"bookmark\" title=\"C\u00e2nd Fritz ne vorbe\u0219te de dreptate, dar \u00ee\u0219i angajeaz\u0103 to\u021bi prietenii\">C\u00e2nd Fritz ne vorbe\u0219te de dreptate, dar \u00ee\u0219i angajeaz\u0103 to\u021bi prietenii<\/a><\/h3>\n<\/div>\n<\/div>\n<\/div>\n<div class=\"td_module_flex td_module_flex_1 td_module_wrap td-animation-stack td-meta-info-hide td-cpt-post\">\n<div class=\"td-module-container td-category-pos-image\">\n<div class=\"td-module-meta-info\">\n<h3 class=\"entry-title td-module-title\"><a href=\"https:\/\/voceatimisului.ro\/prof-univ-dr-mihai-ionac-a-plecat-definitiv-din-spitalul-judetean-timisoara\/\" rel=\"bookmark\" title=\"Prof. Univ. Dr. Mihai Ionac a plecat definitiv din Spitalul Jude\u021bean Timi\u0219oara\u00a0\">Prof. Univ. Dr. Mihai Ionac a plecat definitiv din Spitalul Jude\u021bean Timi\u0219oara\u00a0<\/a><\/h3>\n<\/div>\n<\/div>\n<\/div>\n<\/div>\n<\/div>\n<div class=\"tdb-author-box td_block_wrap tdb_single_author_box tdi_82 tdb-content-vert-top td-pb-border-top td_block_template_1\" data-td-block-uid=\"tdi_82\">\n<div class=\"tdb-block-inner td-fix-index\">\n<div class=\"tdb-author-info\"><a href=\"https:\/\/voceatimisului.ro\/author\/redactia\/\" class=\"tdb-author-name\">Redac\u021bia<\/a><\/p>\n<div class=\"tdb-author-descr\">\u00centreaga responsabilitate a comentariilor l\u0103sate de dumneavoastr\u0103 v\u0103 apar\u021bine!<br \/>\nClick <a href=\"https:\/\/voceatimisului.ro\/termeni-si-conditii\/\">aici<\/a>-citeste condi\u0163iile de utilizare ale site-ului www.voceatimisului.ro<\/div>\n<\/div>\n<\/div>\n<\/div>\n<\/div>\n<\/div>\n<\/div>\n<div class=\"vc_column_inner tdi_84  wpb_column vc_column_container tdc-inner-column td-pb-span8\">\n<div class=\"vc_column-inner\">\n<div class=\"wpb_wrapper\">\n<div class=\"td_block_wrap tdb_single_content tdi_85 td-pb-border-top td_block_template_1 td-post-content tagdiv-type\" data-td-block-uid=\"tdi_85\">\n<div class=\"tdb-block-inner td-fix-index\">\n<h5 class=\"wp-block-heading\" id=\"h-pana-una-alta-azi-indiferent-pe-ce-parte-e-intoarsa-decizia-inspectorilor-de-la-agen\u021bia-na\u021bionala-de-integritate-solu\u021bia-institu\u021biei-in-cazul-prof-dr-lazar-fulger-nu-reprezinta-altceva-decat-un-soi-de-repara\u021bie-morala-pentru-statul-de-drept-asta-pentru-ca-in-acest-moment-de\u0219i-gasit-definitiv-in-stare-de-incompatibilitate-celebrul-chirurg-timi\u0219orean-aflat-la-varsta-de-aproape-73-de-ani-nu-mai-de\u021bine-nicio-func\u021bie-publica-nici-\u0219efia-de-disciplina-la-universitatea-de-medicina-\u0219i-farmacie-victor-babe\u0219-timi\u0219oara-\u0219i-nici-conducerea-\u0219efiei-de-sec\u021bie-din-cadrul-spitalul-clinic-jude\u021bean-de-urgen\u021ba-pius-brinzeu-timi\u0219oara\">P\u00e2n\u0103 una alta, azi, indiferent pe ce parte e \u00eentoars\u0103 decizia inspectorilor de la Agen\u021bia Na\u021bional\u0103 de Integritate, solu\u021bia institu\u021biei, \u00een cazul prof. dr. Laz\u0103r Fulger, nu reprezint\u0103 altceva dec\u00e2t un soi de repara\u021bie moral\u0103 pentru statul de drept. Asta pentru c\u0103, \u00een acest moment, de\u0219i g\u0103sit definitiv \u00een stare de incompatibilitate, celebrul chirurg timi\u0219orean, aflat la v\u00e2rsta de aproape 73 de ani, nu mai de\u021bine nicio func\u021bie public\u0103, nici \u0219efia de disciplin\u0103 la Universitatea de Medicin\u0103 \u0219i Farmacie \u201dVictor Babe\u0219\u201d Timi\u0219oara \u0219i nici conducerea \u0219efiei de sec\u021bie din cadrul Spitalul Clinic Jude\u021bean de Urgen\u021b\u0103 \u201dPius Br\u00eenzeu\u201d Timi\u0219oara.<\/h5>\n<p>Nici nu mai conteaz\u0103 c\u0103, \u00een momentul de fa\u021b\u0103, prof. dr. Laz\u0103r Fulger viziteaz\u0103 SCJUT, <em>doar c\u00e2nd \u00eei este solicitat\u0103 expertiza profesional\u0103<\/em>, \u00een baza unui contract anual care, probabil, \u00eei va fi prelungit pentru \u00eenc\u0103 doi ani, p\u00e2n\u0103 la \u00eemplinirea v\u00e2rstei de 75 de ani. A\u0219a c\u0103 decizia celor de la ANI, comunicat\u0103 unit\u0103\u021bii sanitare, conform c\u0103reia reputatul chirurg este dec\u0103zut din func\u021bii publice pe perioada 18 noiembrie 2022 \u2013 18 noiembrie 2025, a venit cu \u00eent\u00e2rziere. <\/p>\n<p>Mai mult ca sigur, interdic\u021bia de a mai ocupa func\u021bii publice pe urm\u0103torii 3 ani de zile, nu-l afecteaz\u0103 pe prof. dr. Laz\u0103r Fulger nici m\u0103car din postura de pre\u0219edinte \u00een func\u021bie al Colegiului Medicilor Timi\u0219, tocmai pentru c\u0103 vorbim despre un management \u00een cadrul unei asocia\u021bii profesionale.<\/p>\n<p>A\u0219a c\u0103, \u00een clipa de fa\u021b\u0103, evident, nimeni nu are nicio preten\u021bie \u0219i nici nu se a\u0219teapt\u0103 ca eminentul chirurg timi\u0219orean s\u0103 fac\u0103 vreun pas \u00eenapoi, nici m\u0103car de dragul reputa\u021biei \u0219i imaginii publice a Colegiului Medicilor Timi\u0219. Nu de alta, dar prof. dr. Laz\u0103r Fulger nu a f\u0103cut acest lucru nici pe data de 2 iunie 2020 c\u00e2nd Agen\u021bia Na\u021bional\u0103 de Integritate a anun\u021bat, \u00eentr-un comunicat, c\u0103 <a href=\"https:\/\/voceatimisului.ro\/greu-de-ucis-prof-dr-lazar-fulger-nu-se-lasa-evacuat-cu-afacerile-din-spitalul-judetean-timisoara\/\" target=\"_blank\" rel=\"noreferrer noopener\">\u201c<strong><em>Laz\u0103r Fulger, \u0219ef de sec\u021bie \u00een cadrul Spitalului Clinic Jude\u021bean de Urgen\u021b\u0103 Pius Br\u00e2nzeu, din Timi\u0219oara, a fost \u00een conflict de interese administrativ<\/em><\/strong>\u201d.<\/a> Ba din contra, a atacat decizia ANI, ca s\u0103 trag\u0103 de timp, raportul de evaluare r\u0103m\u00e2nd definitiv abia pe data de 18 noiembrie 2022.<\/p>\n<p>Adev\u0103rul e c\u0103 prof. dr. Laz\u0103r Fulger n-a b\u0103tut \u00een retragere nici \u00eenainte, prin 2019, c\u00e2nd era pe cai mari \u00een <em>triunghiul de aur<\/em> de la SCJUT \u2013 UMF \u2013 Colegiul Medicilor \u0219i c\u00e2nd Direc\u021bia de Risc Fiscal din ANAF l-a acuzat c\u0103, \u00een 2015, a cheltuit cu 422.000 de lei mai mult dec\u00e2t a c\u00e2\u0219tigat oficial \u0219i pe acte. <\/p>\n<p>Atunci, pus \u00een fa\u021ba probelor la capitolul \u201d<strong><em>venituri suplimentare din surse neidentificate<\/em><\/strong>\u201d, renumitul chirurgul timi\u0219orean a justificat c\u0103 o mare parte din banii pe care i-a cheltuit, recte 100.000 euro, reprezentau\u2026 \u201c<strong><em>pensiile mamei sale \u0219i un \u00eemprumut<\/em><\/strong>\u201d. \u0218i pentru c\u0103 inspectorii ANAF l-au pus s\u0103 pl\u0103teasc\u0103 peste 90.000 RON, reprezent\u00e2nd impozite \u0219i penalit\u0103\u021bi, medicul s-a judecat \u0219i cu Fiscul, a\u0219a cum a f\u0103cut-o \u0219i cu cei de la ANI!<\/p>\n<p>La \u00eenceputul anului 2020, doctorul a depus la instan\u021b\u0103 o cerere prin care a cerut magistra\u021bilor s\u0103 constate c\u0103 poate justifica 269.000 de lei din cei 422.000 lei. \u00cen primul r\u00e2nd, ar fi vorba de 76.000 de lei: \u201d<strong><em>P\u00e2n\u0103 \u00een 2014, c\u00e2nd a murit, am avut grij\u0103 de mama mea care avea o pensie destul de mare \u0219i pe care o \u00eencasam eu<\/em><\/strong>\u201d. <\/p>\n<p>\u00cen al doilea r\u00e2nd, medicul sus\u021bine c\u0103 \u00een privin\u021ba unor opera\u021biuni \u00een numerar, \u00een cuantum de 193.000 lei, suma a reprezentat un \u00eemprumut acordat unei persoane fizice, \u00een vederea edific\u0103rii unui imobil: \u201d<strong><em>Pe mine m-au g\u0103sit, cu 46 de ani de munc\u0103 \u00een spate \u0219i o cas\u0103 din 1984? Sunt tineri, f\u0103r\u0103 o zi de serviciu, cu ma\u0219ini scumpe \u0219i nu \u00eei caut\u0103<\/em><\/strong>\u201d.<\/p>\n<p>Cert e c\u0103, la vremea respectiv\u0103, c\u00e2nd ANAF \u00eei c\u0103uta prin buzunare, pe prof. dr. Laz\u0103r Fulger, a\u0219a cum rezult\u0103 din date publice, avea \u00een conturi sumele de 179.200 dolari \u0219i 665.360 euro. \u00cen prim\u0103 faz\u0103, \u00een procesul cu cei de la ANAF, la Tribunalul Timi\u0219, medicul a avut oarecum c\u00e2\u0219tig de cauz\u0103, instan\u021ba dispun\u00e2nd \u201e<em><b>\u2026anularea <\/b><\/em><strong><em>par\u021bial\u0103 a Deciziei nr. 352\/28.08.2019 \u015fi anularea par\u0163ial\u0103 a Deciziei de impunere nr. A_VEF 3319\/19.04.2019, cu privire la impozitul pe venit calculat aferent bazei de impozitare \u00een valoare de 193.000 de lei\u2026<\/em><\/strong><em>\u201d<\/em>. Numai c\u0103, dup\u0103 c\u00e2teva luni mai t\u00e2rziu, \u00een februarie 2021, Curtea de Apel Timi\u0219oara a dat dreptate inspectorilor de la ANAF. A\u0219a c\u0103 prof. dr. Laz\u0103r Fulger, la fel ca \u0219i \u00een cazul contesta\u021biei cu ANI, a tras de timp \u0219i a \u0219i pierdut!<\/p>\n<p>Acum, revenind la solicitarea celor de la ANI, \u00eenaintat\u0103 Spitalului Jude\u021bean Timi\u0219oara, e de precizat c\u0103 interdic\u021bia de a mai ocupa func\u021bii publice, timp de 3 ani de zile, dictate \u00een cazul reputatului chirurg are la baz\u0103 faptul c\u0103, \u00een perioada exercit\u0103rii func\u021biei de \u0219ef de sec\u021bie, prof. dr. Laz\u0103r Fulger a de\u021binut p\u0103r\u021bi sociale la dou\u0103 societ\u0103\u021bi comerciale care au stabilit rela\u021bii cu caracter patrimonial\u2026cu angajatorul. Mai exact, Legea 95\/2006 privind reforma \u00een domeniul s\u0103n\u0103t\u0103\u021bii prevede c\u0103 \u0219efii de sec\u021bie, care de\u021bin p\u0103r\u021bi sociale sau ac\u021biuni la firme care au rela\u021bii comerciale cu spitalul \u00een care sunt angaja\u021bi, se afl\u0103 \u00een conflict de interese.<\/p>\n<p>Practic, dr. Laz\u0103r a fost ac\u021bionar la o dou\u0103 firme care de\u021bineau magazine \u00een holul Spitalului Jude\u021bean Timi\u0219oara. <strong>\u0218i nu numai c\u0103 era precupe\u021b la locul de munc\u0103, dar mai \u0219i pl\u0103tea o chirie de 120 de ori mai mic\u0103 dec\u00e2t concuren\u021ba<\/strong>! A\u0219a cum rezult\u0103 din documente, buticurile chirurgului aveau o suprafa\u021b\u0103 cumulat\u0103 de 193 de metri p\u0103tra\u021bi, iar chiria era de 6 lei pe metru p\u0103trat, \u00een timp ce alte firme achitau \u00eentre 261 \u0219i 721 de lei\/ mp. <\/p>\n<p>\u00cen momentul \u00een care mass-media a \u00eenceput s\u0103 fac\u0103 v\u00e2lv\u0103 pe subiect \u0219i la presiunea Camerei de Conturi Timi\u0219, SCJUT a dat \u00een judecat\u0103 firma medicului \u0219i, \u00een aprilie 2019, a ob\u021binut o sentin\u021b\u0103 definitiv\u0103 prin care s-a constatat \u00eencetarea contractului de \u00eenchiriere \u0219i evacuarea firmei din spa\u021biul pe care-l ocupa.<\/p>\n<p>\u00cen momentul de fa\u021b\u0103,<strong> reputatul chirurg timi\u0219orean se afl\u0103, din nou, \u00eentr-o alt\u0103 campanie judiciar\u0103. De aceast\u0103 dat\u0103, de recuperare a unor sume de bani pe care medicul pretinde c\u0103 le-ar fi acordat, <em>din gre\u0219eal\u0103<\/em>, unui fost partener de afaceri. Partener cu care, \u00een familie, acum circa 3 ani de zile, a dezvoltat o serie de ansambluri imobiliare colective pe raza comunei Giroc. \u0218i nu numai!<\/strong><\/p>\n<div><a href=\"https:\/\/analyse.optim.biz\/wp-content\/uploads\/2026\/01\/prof-dr-lazar-fulger-1-715x1024-1.jpg\" class=\"td-modal-image\"><\/p>\n<figure class=\"wp-block-image size-large\"><img loading=\"lazy\" decoding=\"async\" width=\"715\" height=\"1024\" src=\"https:\/\/analyse.optim.biz\/wp-content\/uploads\/2026\/01\/prof-dr-lazar-fulger-1-715x1024-1.jpg\" alt=\"&lt;strong&gt;Tardivitate institu\u021bional\u0103! Agen\u021bia Na\u021bional\u0103 de Integritate someaz\u0103 Spitalul Jude\u021bean Timi\u0219oara s\u0103-l trag\u0103 pe dreapta pe prof. dr. Laz\u0103r Fulger&lt;\/strong&gt;\" class=\"wp-image-154546\" title=\"prof-dr-lazar-fulger-1-715x1024-1\"><\/figure>\n<p><\/a><\/div>\n<\/div>\n<\/div>\n<div class=\"td_block_wrap tdb_single_tags tdi_88 td-pb-border-top td_block_template_1\" data-td-block-uid=\"tdi_88\">\n<div class=\"tdb-block-inner td-fix-index\">\n<ul class=\"tdb-tags\">\n<li><span>Tags<\/span><\/li>\n<li><a href=\"https:\/\/voceatimisului.ro\/tag\/agentia-nationala-de-integritate\/\">agentia nationala de integritate<\/a><\/li>\n<li><a href=\"https:\/\/voceatimisului.ro\/tag\/lazar-fulger\/\">Laz\u0103r Fulger<\/a><\/li>\n<li><a href=\"https:\/\/voceatimisului.ro\/tag\/spitalul-judetean-timisoara\/\">spitalul judetean timisoara<\/a><\/li>\n<\/ul>\n<\/div>\n<\/div>\n<div class=\"td_block_wrap tdb_single_post_share tdi_89  td-pb-border-top td_block_template_1\" data-td-block-uid=\"tdi_89\">\n<div id=\"tdi_89\" class=\"td-post-sharing tdb-block td-ps-bg td-ps-notext td-post-sharing-style1 \">\n<div class=\"td-post-sharing-visible\"><a class=\"td-social-sharing-button td-social-sharing-button-js td-social-network td-social-facebook\" href=\"https:\/\/www.facebook.com\/sharer.php?u=https%3A%2F%2Fvoceatimisului.ro%2Ftardivitate-institutionala-agentia-nationala-de-integritate-someaza-spitalul-judetean-timisoara-sa-l-traga-pe-dreapta-pe-prof-dr-lazar-fulger%2F\" title=\"Facebook\" rel=\"noopener\"><\/p>\n<div class=\"td-social-but-text\">Facebook<\/div>\n<p><\/a><a class=\"td-social-sharing-button td-social-sharing-button-js td-social-network td-social-twitter\" href=\"https:\/\/twitter.com\/intent\/tweet?text=%3Cstrong%3ETardivitate+institu%C8%9Bional%C4%83%21+Agen%C8%9Bia+Na%C8%9Bional%C4%83+de+Integritate+someaz%C4%83+Spitalul+Jude%C8%9Bean+Timi%C8%99oara+s%C4%83-l+trag%C4%83+pe+dreapta+pe+prof.+dr.+Laz%C4%83r+Fulger%3C%2Fstrong%3E&amp;url=https%3A%2F%2Fvoceatimisului.ro%2Ftardivitate-institutionala-agentia-nationala-de-integritate-someaza-spitalul-judetean-timisoara-sa-l-traga-pe-dreapta-pe-prof-dr-lazar-fulger%2F&amp;via=Vocea+Timisului\" title=\"Twitter\" rel=\"noopener\"><\/p>\n<div class=\"td-social-but-text\">Twitter<\/div>\n<p><\/a><a class=\"td-social-sharing-button td-social-sharing-button-js td-social-network td-social-pinterest\" href=\"https:\/\/pinterest.com\/pin\/create\/button\/?url=https:\/\/voceatimisului.ro\/tardivitate-institutionala-agentia-nationala-de-integritate-someaza-spitalul-judetean-timisoara-sa-l-traga-pe-dreapta-pe-prof-dr-lazar-fulger\/&amp;media=https:\/\/analyse.optim.biz\/wp-content\/uploads\/2026\/01\/lazar-fulger-2-jpg.webp&amp;description=%3Cstrong%3ETardivitate+institu%C8%9Bional%C4%83%21+Agen%C8%9Bia+Na%C8%9Bional%C4%83+de+Integritate+someaz%C4%83+Spitalul+Jude%C8%9Bean+Timi%C8%99oara+s%C4%83-l+trag%C4%83+pe+dreapta+pe+prof.+dr.+Laz%C4%83r+Fulger%3C%2Fstrong%3E\" title=\"Pinterest\" rel=\"noopener\"><\/p>\n<div class=\"td-social-but-text\">Pinterest<\/div>\n<p><\/a><a class=\"td-social-sharing-button td-social-sharing-button-js td-social-network td-social-whatsapp\" href=\"https:\/\/api.whatsapp.com\/send?text=%3Cstrong%3ETardivitate+institu%C8%9Bional%C4%83%21+Agen%C8%9Bia+Na%C8%9Bional%C4%83+de+Integritate+someaz%C4%83+Spitalul+Jude%C8%9Bean+Timi%C8%99oara+s%C4%83-l+trag%C4%83+pe+dreapta+pe+prof.+dr.+Laz%C4%83r+Fulger%3C%2Fstrong%3E%20%0A%0A%20https:\/\/voceatimisului.ro\/tardivitate-institutionala-agentia-nationala-de-integritate-someaza-spitalul-judetean-timisoara-sa-l-traga-pe-dreapta-pe-prof-dr-lazar-fulger\/\" title=\"WhatsApp\" rel=\"noopener\"><\/p>\n<div class=\"td-social-but-text\">WhatsApp<\/div>\n<p><\/a><a class=\"td-social-sharing-button td-social-sharing-button-js td-social-network td-social-linkedin\" href=\"https:\/\/www.linkedin.com\/shareArticle?mini=true&amp;url=https:\/\/voceatimisului.ro\/tardivitate-institutionala-agentia-nationala-de-integritate-someaza-spitalul-judetean-timisoara-sa-l-traga-pe-dreapta-pe-prof-dr-lazar-fulger\/&amp;title=%3Cstrong%3ETardivitate+institu%C8%9Bional%C4%83%21+Agen%C8%9Bia+Na%C8%9Bional%C4%83+de+Integritate+someaz%C4%83+Spitalul+Jude%C8%9Bean+Timi%C8%99oara+s%C4%83-l+trag%C4%83+pe+dreapta+pe+prof.+dr.+Laz%C4%83r+Fulger%3C%2Fstrong%3E\" title=\"Linkedin\" rel=\"noopener\"><\/p>\n<div class=\"td-social-but-text\">Linkedin<\/div>\n<p><\/a><a class=\"td-social-sharing-button td-social-sharing-button-js td-social-network td-social-copy_url\" href=\"https:\/\/voceatimisului.ro\/tardivitate-institutionala-agentia-nationala-de-integritate-someaza-spitalul-judetean-timisoara-sa-l-traga-pe-dreapta-pe-prof-dr-lazar-fulger\/\" title=\"Copy URL\" rel=\"noopener\"><\/p>\n<div class=\"td-social-but-text\">Copy URL<\/div>\n<p><\/a><\/div>\n<\/div>\n<\/div>\n<div class=\"td_block_wrap tdb_single_next_prev tdi_90 td-animation-stack td-next-prev-img-on td-pb-border-top td_block_template_1\" data-td-block-uid=\"tdi_90\">\n<div class=\"tdb-block-inner td-fix-index\">\n<div class=\"tdb-next-post tdb-next-post-bg tdb-post-prev\"><span>Articolul precedent<\/span><\/p>\n<div class=\"td-module-container\">\n<div class=\"td-image-container\"><a class=\"td-image-wrap\" href=\"https:\/\/voceatimisului.ro\/pe-calendar-anaf-si-ipj-timis-se-roaga-de-primaria-giroc-sa-puna-la-dispozitie-documentele-tehnice-care-au-stat-la-baza-imobilelor-construite-de-cooperatistii-lui-puiu-minda\/\"><img loading=\"lazy\" decoding=\"async\" class=\"td-next-prev-image td-fix-index td-lazy-img\" title=\"&lt;strong&gt;Pe calendar! ANAF \u0219i IPJ Timi\u0219 se roag\u0103 de Prim\u0103ria Giroc s\u0103 pun\u0103 la dispozi\u021bie documentele tehnice care au stat la baza imobilelor construite de cooperati\u0219tii lui Puiu Minda&lt;\/strong&gt;\" width=\"696\" height=\"634\" src=\"https:\/\/analyse.optim.biz\/wp-content\/uploads\/2026\/01\/cristina-babescu-minda-mimo-carmina-matea-jpg-696x634-1-1.webp\"><\/a><\/div>\n<div class=\"next-prev-title\"><a href=\"https:\/\/voceatimisului.ro\/pe-calendar-anaf-si-ipj-timis-se-roaga-de-primaria-giroc-sa-puna-la-dispozitie-documentele-tehnice-care-au-stat-la-baza-imobilelor-construite-de-cooperatistii-lui-puiu-minda\/\"><strong>Pe calendar! ANAF \u0219i IPJ Timi\u0219 se roag\u0103 de Prim\u0103ria Giroc s\u0103 pun\u0103 la dispozi\u021bie documentele tehnice care au stat la baza imobilelor construite de cooperati\u0219tii lui Puiu Minda<\/strong><\/a><\/div>\n<\/div>\n<\/div>\n<div class=\"tdb-next-post tdb-next-post-bg tdb-post-next\"><span>Articolul urm\u0103tor<\/span><\/p>\n<div class=\"td-module-container\">\n<div class=\"td-image-container\"><a class=\"td-image-wrap\" href=\"https:\/\/voceatimisului.ro\/joc-de-rol-primaria-giroc-refuza-sa-sesizeze-agentia-nationala-de-integritate-desi-arhitecta-sefa-cristina-babescu-se-joaca-de-a-urbanismul-la-doua-capete\/\"><img loading=\"lazy\" decoding=\"async\" class=\"td-next-prev-image td-fix-index td-lazy-img\" title=\"&lt;strong&gt;Joc de rol! Prim\u0103ria Giroc refuz\u0103 s\u0103 sesizeze Agen\u021bia Na\u021bional\u0103 de Integritate de\u0219i arhitecta-\u0219ef\u0103 Cristina Babescu se joac\u0103 de-a urbanismul la dou\u0103 capete&lt;\/strong&gt;\" width=\"696\" height=\"882\" src=\"https:\/\/analyse.optim.biz\/wp-content\/uploads\/2026\/01\/cristina-babescu4-jpg-696x882-1.webp\"><\/a><\/div>\n<div class=\"next-prev-title\"><a href=\"https:\/\/voceatimisului.ro\/joc-de-rol-primaria-giroc-refuza-sa-sesizeze-agentia-nationala-de-integritate-desi-arhitecta-sefa-cristina-babescu-se-joaca-de-a-urbanismul-la-doua-capete\/\"><strong>Joc de rol! Prim\u0103ria Giroc refuz\u0103 s\u0103 sesizeze Agen\u021bia Na\u021bional\u0103 de Integritate de\u0219i arhitecta-\u0219ef\u0103 Cristina Babescu se joac\u0103 de-a urbanismul la dou\u0103 capete<\/strong><\/a><\/div>\n<\/div>\n<\/div>\n<\/div>\n<\/div>\n<\/div>\n<\/div>\n<\/div>\n<\/div>\n<div class=\"vc_row_inner tdi_100  vc_row vc_inner wpb_row td-pb-row\">\n<div class=\"vc_column_inner tdi_102  wpb_column vc_column_container tdc-inner-column td-pb-span4 td-is-sticky\">\n<div class=\"vc_column-inner\">\n<div class=\"wpb_wrapper\" data-sticky-enabled-on=\"W3RydWUsdHJ1ZSx0cnVlLHRydWVd\" data-sticky-offset=\"20\" data-sticky-is-width-auto=\"W2ZhbHNlLGZhbHNlLGZhbHNlLGZhbHNlXQ==\">\n<div class=\"td_block_wrap tdb_single_related tdi_103 td_with_ajax_pagination td-pb-border-top td_block_template_1 tdb-single-related-posts\" data-td-block-uid=\"tdi_103\">\n<div id=\"tdi_103\" class=\"td_block_inner tdb-block-inner td-fix-index\">\n<div class=\"tdb_module_related td_module_wrap td-animation-stack td-meta-info-hide\">\n<div class=\"td-module-container td-category-pos-image\">\n<div class=\"td-module-meta-info\">\n<h3 class=\"entry-title td-module-title\"><a href=\"https:\/\/voceatimisului.ro\/interzis-minorilor-arhitect-cristina-babescu-primaria-giroc-eu-sunt-dracu-gol-cu-20-de-clase-peste-cretinul-ala-de-goia-si-leprosii-aia-de-la-vocea-timisului\/\" rel=\"bookmark\" title=\"Interzis minorilor! Arhitect Cristina Babescu \u2013 Prim\u0103ria Giroc: \u201cEu sunt dracu gol, cu 20 de clase peste cretinul \u0103la de Goia \u0219i lepro\u0219ii \u0103ia de la Vocea Timi\u0219ului\u201d\">Interzis minorilor! Arhitect Cristina Babescu \u2013 Prim\u0103ria Giroc: \u201cEu sunt dracu gol, cu 20 de clase peste cretinul \u0103la de Goia \u0219i lepro\u0219ii \u0103ia&#8230;<\/a><\/h3>\n<\/div>\n<\/div>\n<\/div>\n<div class=\"tdb_module_related td_module_wrap td-animation-stack td-meta-info-hide\">\n<div class=\"td-module-container td-category-pos-image\">\n<div class=\"td-module-meta-info\">\n<h3 class=\"entry-title td-module-title\"><a href=\"https:\/\/voceatimisului.ro\/pierderi-de-memorie-primaria-comunei-giroc-campioana-la-disparitia-documentelor-de-urbanism-in-folosul-cooperativei-imobiliare\/\" rel=\"bookmark\" title=\"Pierderi de memorie! Prim\u0103ria comunei Giroc, campioan\u0103 la dispari\u021bia documentelor de urbanism, \u00een folosul cooperativei imobiliare\">Pierderi de memorie! Prim\u0103ria comunei Giroc, campioan\u0103 la dispari\u021bia documentelor de urbanism, \u00een folosul cooperativei imobiliare<\/a><\/h3>\n<\/div>\n<\/div>\n<\/div>\n<div class=\"tdb_module_related td_module_wrap td-animation-stack td-meta-info-hide\">\n<div class=\"td-module-container td-category-pos-image\">\n<div class=\"td-module-meta-info\">\n<h3 class=\"entry-title td-module-title\"><a href=\"https:\/\/voceatimisului.ro\/dubla-masura-de-tupeu-primaria-giroc-a-transformat-o-jumatate-de-bloc-cu-cinci-etaje-peste-noapte-din-spatii-cu-alta-destinatie-in-apartamente-de-locuit-intr-o-zona-cu-unitati-industriale-si-spati\/\" rel=\"bookmark\" title=\"Dubl\u0103 m\u0103sur\u0103 de tupeu! Prim\u0103ria Giroc a transformat o jum\u0103tate de bloc cu cinci etaje, peste noapte, din spa\u021bii cu alt\u0103 destina\u021bie \u00een apartamente de locuit, \u00eentr-o zon\u0103 cu unit\u0103\u021bi industriale \u0219i spa\u021bii de depozitare\">Dubl\u0103 m\u0103sur\u0103 de tupeu! Prim\u0103ria Giroc a transformat o jum\u0103tate de bloc cu cinci etaje, peste noapte, din spa\u021bii cu alt\u0103 destina\u021bie \u00een apartamente&#8230;<\/a><\/h3>\n<\/div>\n<\/div>\n<\/div>\n<\/div>\n<\/div>\n<\/div>\n<\/div>\n<\/div>\n<div class=\"vc_column_inner tdi_105  wpb_column vc_column_container tdc-inner-column td-pb-span8\">\n<div class=\"vc_column-inner\">\n<div class=\"wpb_wrapper\">\n<div class=\"td_block_wrap tdb_single_comments tdi_106 tdb-comm-layout2 td-pb-border-top td_block_template_2\" data-td-block-uid=\"tdi_106\">\n<div class=\"tdb-block-inner td-fix-index\">\n<div class=\"comments\" id=\"comments\">\n<div class=\"td-comments-title-wrap td_block_template_2\">\n<h4 class=\"td-comments-title td-block-title\"><span>2 COMENTARII<\/span><\/h4>\n<\/div>\n<ol class=\"comment-list\">\n<li class=\"comment \" id=\"comment-26568\">\n<article>\n<footer><cite>Gicu<\/cite><a class=\"comment-link\" href=\"https:\/\/voceatimisului.ro\/tardivitate-institutionala-agentia-nationala-de-integritate-someaza-spitalul-judetean-timisoara-sa-l-traga-pe-dreapta-pe-prof-dr-lazar-fulger\/#comment-26568\"><time><br \/>\n\t\t\t\t\t\t    23 aprilie 2023\t\t\t\t\t\t    La\t\t\t\t\t\t    8:21 AM<\/time><\/a><\/footer>\n<div class=\"comment-content\">\n<p>I am dat pt operatie pt soacra mea 900 de lei pt colecist si am aflat ca de fapt au operat o altcineva ca dr Lazar nu mai opera de 2 ani de zile !? Ne miram de unde au unii doctorii atatia bani ? Inseamna ca suntem prosti!<\/p>\n<\/div>\n<div class=\"comment-meta\" id=\"comment-26568\"><a rel=\"nofollow\" class=\"comment-reply-link\" href=\"https:\/\/voceatimisului.ro\/tardivitate-institutionala-agentia-nationala-de-integritate-someaza-spitalul-judetean-timisoara-sa-l-traga-pe-dreapta-pe-prof-dr-lazar-fulger\/#comment-26568\" data-commentid=\"26568\" data-postid=\"154538\" data-belowelement=\"comment-26568\" data-respondelement=\"respond\" data-replyto=\"R\u0103spunde-i lui Gicu\" aria-label=\"R\u0103spunde-i lui Gicu\">R\u0103spunde\u021bi<\/a><\/div>\n<\/article>\n<\/li>\n<li class=\"comment \" id=\"comment-26067\">\n<article>\n<footer><cite>Popescu Amalia<\/cite><a class=\"comment-link\" href=\"https:\/\/voceatimisului.ro\/tardivitate-institutionala-agentia-nationala-de-integritate-someaza-spitalul-judetean-timisoara-sa-l-traga-pe-dreapta-pe-prof-dr-lazar-fulger\/#comment-26067\"><time><br \/>\n\t\t\t\t\t\t    12 decembrie 2022\t\t\t\t\t\t    La\t\t\t\t\t\t    2:22 PM<\/time><\/a><\/footer>\n<div class=\"comment-content\">\n<p>Mi-e greata. \u00cen opera\u021bie intrau reziden\u021bii, Fulger doar\u2026\u2026Din ce bani a construit \u00een Giroc? Chiar nu mai au medicii tineri loc de  fosilele astea \u0219i de copii  lor care au locurile asigurate \u00eenainte de a se na\u0219te!<\/p>\n<\/div>\n<div class=\"comment-meta\" id=\"comment-26067\"><a rel=\"nofollow\" class=\"comment-reply-link\" href=\"https:\/\/voceatimisului.ro\/tardivitate-institutionala-agentia-nationala-de-integritate-someaza-spitalul-judetean-timisoara-sa-l-traga-pe-dreapta-pe-prof-dr-lazar-fulger\/#comment-26067\" data-commentid=\"26067\" data-postid=\"154538\" data-belowelement=\"comment-26067\" data-respondelement=\"respond\" data-replyto=\"R\u0103spunde-i lui Popescu Amalia\" aria-label=\"R\u0103spunde-i lui Popescu Amalia\">R\u0103spunde\u021bi<\/a><\/div>\n<\/article>\n<\/li>\n<\/ol>\n<div id=\"respond\" class=\"comment-respond\">\n<h3 id=\"reply-title\" class=\"comment-reply-title\">L\u0102SA\u021aI UN MESAJ <small><a rel=\"nofollow\" id=\"cancel-comment-reply-link\" href=\"https:\/\/voceatimisului.ro\/tardivitate-institutionala-agentia-nationala-de-integritate-someaza-spitalul-judetean-timisoara-sa-l-traga-pe-dreapta-pe-prof-dr-lazar-fulger\/#respond\">Renun\u021ba\u021bi la r\u0103spuns<\/a><\/small><\/h3>\n<div class=\"comment-form-input-wrap td-form-comment\">\n<div class=\"td-warning-comment\">V\u0103 rug\u0103m s\u0103 introduce\u021bi comentariul dvs.!<\/div>\n<\/div>\n<div class=\"comment-form-input-wrap td-form-author\">\n<div class=\"td-warning-author\">Introduce\u021bi aici numele dvs.<\/div>\n<\/div>\n<div class=\"comment-form-input-wrap td-form-email\">\n<div class=\"td-warning-email-error\">A\u021bi introdus o adres\u0103 de e-mail incorect\u0103!<\/div>\n<div class=\"td-warning-email\">V\u0103 rug\u0103m s\u0103 introduce\u021bi adresa dvs. de e-mail aici<\/div>\n<\/div>\n<\/div>\n<\/div>\n<\/div>\n<\/div>\n<\/div>\n<\/div>\n<\/div>\n<\/div>\n<\/div>\n<\/div>\n<div class=\"vc_column tdi_108  wpb_column vc_column_container tdc-column td-pb-span4 td-is-sticky\">\n<div class=\"wpb_wrapper\" data-sticky-enabled-on=\"W3RydWUsdHJ1ZSx0cnVlLHRydWVd\" data-sticky-offset=\"20\" data-sticky-is-width-auto=\"W2ZhbHNlLGZhbHNlLGZhbHNlLGZhbHNlXQ==\">\n<div class=\"vc_row_inner tdi_110  vc_row vc_inner wpb_row td-pb-row\">\n<div class=\"vc_column_inner tdi_112  wpb_column vc_column_container tdc-inner-column td-pb-span12\">\n<div class=\"vc_column-inner\">\n<div class=\"wpb_wrapper\">\n<div class=\"td_block_wrap td_block_title tdi_113 td-pb-border-top td_block_template_11 td-fix-index\" data-td-block-uid=\"tdi_113\">\n<div class=\"td-block-title-wrap\">\n<h4 class=\"td-block-title\"><span class=\"td-pulldown-size\">ANUN\u021aURI \u0218I PUBLICITATE<\/span><\/h4>\n<\/div>\n<\/div>\n<\/div>\n<\/div>\n<\/div>\n<\/div>\n<div class=\"wpb_wrapper td_block_wrap vc_widget_sidebar tdi_115 \">\n<aside id=\"block-10\" class=\"td_block_template_1 widget block-10 widget_block widget_media_image\">\n<figure class=\"wp-block-image size-full\"><a href=\"https:\/\/adpghiroda.ro\/index.html\" target=\"_blank\" rel=\" noreferrer noopener\"><img decoding=\"async\" loading=\"lazy\" width=\"960\" height=\"960\" src=\"https:\/\/analyse.optim.biz\/wp-content\/uploads\/2026\/01\/adp-ghiroda2-191.jpg\" class=\"wp-image-171492\" title=\"adp-ghiroda2-191\"><\/a><\/figure>\n<\/aside>\n<aside id=\"block-11\" class=\"td_block_template_1 widget block-11 widget_block widget_media_image\">\n<figure class=\"wp-block-image size-full\"><a href=\"https:\/\/adpghiroda.ro\/index.html\" target=\"_blank\" rel=\" noreferrer noopener\"><img decoding=\"async\" loading=\"lazy\" width=\"960\" height=\"960\" src=\"https:\/\/analyse.optim.biz\/wp-content\/uploads\/2026\/01\/adp-ghiroda1-191.jpg\" class=\"wp-image-171491\" title=\"adp-ghiroda1-191\"><\/a><\/figure>\n<\/aside>\n<aside id=\"block-17\" class=\"td_block_template_1 widget block-17 widget_block widget_media_image\">\n<figure class=\"wp-block-image size-large is-resized\"><a href=\"https:\/\/verde.events\/\" target=\"_blank\" rel=\" noreferrer noopener\"><img decoding=\"async\" loading=\"lazy\" width=\"1024\" height=\"683\" src=\"https:\/\/analyse.optim.biz\/wp-content\/uploads\/2026\/01\/verde-events-24-1024x683-1-176.jpg\" alt=\"Verde Events\" class=\"wp-image-174395\" title=\"verde-events-24-1024x683-1-176\"><\/a><figcaption class=\"wp-element-caption\"><strong><em>O experien\u021b\u0103 unic\u0103 pentru orice tip de eveniment<\/em><\/strong><\/figcaption><\/figure>\n<\/aside>\n<\/div>\n<div class=\"td_block_wrap td_flex_block_1 tdi_121 td-pb-border-top td_block_template_1 td_ajax_preloading_preload td_flex_block\" data-td-block-uid=\"tdi_121\">\n<div id=\"tdi_121\" class=\"td_block_inner td-mc1-wrap\">\n<div class=\"td_module_flex td_module_flex_1 td_module_wrap td-animation-stack td-meta-info-hide td-cpt-post\">\n<div class=\"td-module-container td-category-pos-image\">\n<div class=\"td-module-meta-info\">\n<h3 class=\"entry-title td-module-title\"><a href=\"https:\/\/voceatimisului.ro\/achizitii-nesanatoase-spitalul-judetean-timisoara-a-fortat-legea-pentru-a-prelungi-cu-un-an-contractul-de-hrana-pentru-pacienti-in-favoarea-unei-firme-abonate-la-bucataria-statului-cu-contracte-de\/\" rel=\"bookmark\" title=\"Achizi\u021bii (ne)s\u0103n\u0103toase! Spitalul Jude\u021bean Timi\u0219oara a for\u021bat legea pentru a prelungi cu un an contractul de hran\u0103 pentru pacien\u021bi, \u00een favoarea unei firme abonate la buc\u0103t\u0103ria statului cu contracte de milioane de euro\">Achizi\u021bii (ne)s\u0103n\u0103toase! Spitalul Jude\u021bean Timi\u0219oara a for\u021bat legea pentru a prelungi cu un an contractul de hran\u0103 pentru pacien\u021bi, \u00een favoarea unei firme abonate&#8230;<\/a><\/h3>\n<\/div>\n<\/div>\n<\/div>\n<div class=\"td_module_flex td_module_flex_1 td_module_wrap td-animation-stack td-meta-info-hide td-cpt-post\">\n<div class=\"td-module-container td-category-pos-image\">\n<div class=\"td-module-meta-info\">\n<h3 class=\"entry-title td-module-title\"><a href=\"https:\/\/voceatimisului.ro\/somn-de-voie-medicul-florica-birsasteanu-a-demisionat-din-fruntea-sectiei-de-radiologie-dupa-ce-umft-si-spitalul-judetean-timisoara-s-au-prins-la-trei-luni-de-la-numire-ca-l-au-inscaunat-si-miruit\/\" rel=\"bookmark\" title=\"Somn de voie! Medicul Floric\u0103 B\u00eers\u0103\u0219teanu a demisionat din fruntea Sec\u021biei de Radiologie dup\u0103 ce UMFT \u0219i Spitalul Jude\u021bean Timi\u0219oara s-au prins, la trei luni de la numire, c\u0103 l-au \u00eensc\u0103unat \u0219i miruit ilegal\">Somn de voie! Medicul Floric\u0103 B\u00eers\u0103\u0219teanu a demisionat din fruntea Sec\u021biei de Radiologie dup\u0103 ce UMFT \u0219i Spitalul Jude\u021bean Timi\u0219oara s-au prins, la trei&#8230;<\/a><\/h3>\n<\/div>\n<\/div>\n<\/div>\n<div class=\"td_module_flex td_module_flex_1 td_module_wrap td-animation-stack td-meta-info-hide td-cpt-post\">\n<div class=\"td-module-container td-category-pos-image\">\n<div class=\"td-module-meta-info\">\n<h3 class=\"entry-title td-module-title\"><a href=\"https:\/\/voceatimisului.ro\/prof-dr-dorel-sandesc-titularizat-ca-manager-al-spitalului-judetean-timisoara\/\" rel=\"bookmark\" title=\"Prof. dr. Dorel S\u0103ndesc, titularizat ca manager al Spitalului Jude\u021bean Timi\u0219oara\">Prof. dr. Dorel S\u0103ndesc, titularizat ca manager al Spitalului Jude\u021bean Timi\u0219oara<\/a><\/h3>\n<\/div>\n<\/div>\n<\/div>\n<div class=\"td_module_flex td_module_flex_1 td_module_wrap td-animation-stack td-meta-info-hide td-cpt-post\">\n<div class=\"td-module-container td-category-pos-image\">\n<div class=\"td-module-meta-info\">\n<h3 class=\"entry-title td-module-title\"><a href=\"https:\/\/voceatimisului.ro\/evaluare-impersonala-spitalul-judetean-timisoara-a-notat-cu-foarte-bine-si-excelent-aproape-100-de-medici-care-au-externat-cate-un-pacient-pe-an-si-cel-mult-doi-pe-luna\/\" rel=\"bookmark\" title=\"Evaluare (im)personal\u0103! Spitalul Jude\u021bean Timi\u0219oara a notat cu foarte bine \u0219i excelent aproape 100 de medici care au externat c\u00e2te un pacient pe an \u0219i cel mult doi pe lun\u0103\">Evaluare (im)personal\u0103! Spitalul Jude\u021bean Timi\u0219oara a notat cu foarte bine \u0219i excelent aproape 100 de medici care au externat c\u00e2te un pacient pe an&#8230;<\/a><\/h3>\n<\/div>\n<\/div>\n<\/div>\n<div class=\"td_module_flex td_module_flex_1 td_module_wrap td-animation-stack td-meta-info-hide td-cpt-post\">\n<div class=\"td-module-container td-category-pos-image\">\n<div class=\"td-module-meta-info\">\n<h3 class=\"entry-title td-module-title\"><a href=\"https:\/\/voceatimisului.ro\/fantomele-lui-sandesc-doi-din-zece-medici-ai-spitalului-judetean-timisoara-nu-isi-justifica-salariile-fiind-pasuiti-dupa-principiile-asistatilor-sociali\/\" rel=\"bookmark\" title=\"Fantomele lui S\u0103ndesc! Doi din zece medici ai Spitalului Jude\u021bean Timi\u0219oara nu \u00ee\u0219i justific\u0103 salariile, fiind p\u0103sui\u021bi dup\u0103 principiile asista\u021bilor sociali\">Fantomele lui S\u0103ndesc! Doi din zece medici ai Spitalului Jude\u021bean Timi\u0219oara nu \u00ee\u0219i justific\u0103 salariile, fiind p\u0103sui\u021bi dup\u0103 principiile asista\u021bilor sociali<\/a><\/h3>\n<\/div>\n<\/div>\n<\/div>\n<\/div>\n<\/div>\n<\/div>\n<\/div>\n<\/div>\n<\/div>\n<\/div>\n<\/div>\n<p><span class=\"td-page-meta\"><\/span><span class=\"td-page-meta\"><span class=\"td-page-meta\"><\/span><\/span><span class=\"td-page-meta\"><\/span><\/article>\n<p> Source URL: https:\/\/voceatimisului.ro\/tardivitate-institutionala-agentia-nationala-de-integritate-someaza-spitalul-judetean-timisoara-sa-l-traga-pe-dreapta-pe-prof-dr-lazar-fulger\/<\/p>\n","protected":false},"excerpt":{"rendered":"<p>\u0218tiriInvestiga\u021bii Tardivitate institu\u021bional\u0103! Agen\u021bia Na\u021bional\u0103 de Integritate someaz\u0103 Spitalul Jude\u021bean Timi\u0219oara s\u0103-l trag\u0103 pe dreapta pe prof. dr. Laz\u0103r Fulger Autor-Redac\u021bia 5 decembrie 2022 2 14836 Facebook Twitter Pinterest WhatsApp Linkedin Copy URL lazar fulger 2 jpg Investi\u021bie major\u0103 \u00een s\u0103n\u0103tate: Sec\u021bia ATI de la Spitalul Jude\u021bean Timi\u0219oara se extinde cu fonduri europene Ipocrizie cu [&hellip;]<\/p>\n","protected":false},"author":1,"featured_media":1332049,"comment_status":"open","ping_status":"","sticky":false,"template":"","format":"standard","meta":{"footnotes":""},"categories":[89],"tags":[199],"class_list":["post-1332048","post","type-post","status-publish","format-standard","has-post-thumbnail","hentry","category-romania","tag-voceatimisului-ro"],"_links":{"self":[{"href":"https:\/\/analyse.optim.biz\/index.php?rest_route=\/wp\/v2\/posts\/1332048","targetHints":{"allow":["GET"]}}],"collection":[{"href":"https:\/\/analyse.optim.biz\/index.php?rest_route=\/wp\/v2\/posts"}],"about":[{"href":"https:\/\/analyse.optim.biz\/index.php?rest_route=\/wp\/v2\/types\/post"}],"author":[{"embeddable":true,"href":"https:\/\/analyse.optim.biz\/index.php?rest_route=\/wp\/v2\/users\/1"}],"replies":[{"embeddable":true,"href":"https:\/\/analyse.optim.biz\/index.php?rest_route=%2Fwp%2Fv2%2Fcomments&post=1332048"}],"version-history":[{"count":0,"href":"https:\/\/analyse.optim.biz\/index.php?rest_route=\/wp\/v2\/posts\/1332048\/revisions"}],"wp:featuredmedia":[{"embeddable":true,"href":"https:\/\/analyse.optim.biz\/index.php?rest_route=\/wp\/v2\/media\/1332049"}],"wp:attachment":[{"href":"https:\/\/analyse.optim.biz\/index.php?rest_route=%2Fwp%2Fv2%2Fmedia&parent=1332048"}],"wp:term":[{"taxonomy":"category","embeddable":true,"href":"https:\/\/analyse.optim.biz\/index.php?rest_route=%2Fwp%2Fv2%2Fcategories&post=1332048"},{"taxonomy":"post_tag","embeddable":true,"href":"https:\/\/analyse.optim.biz\/index.php?rest_route=%2Fwp%2Fv2%2Ftags&post=1332048"}],"curies":[{"name":"wp","href":"https:\/\/api.w.org\/{rel}","templated":true}]}}