{"id":1332026,"date":"2023-02-01T14:28:29","date_gmt":"2023-02-01T11:28:29","guid":{"rendered":"https:\/\/analyse.optim.biz\/?p=1332026"},"modified":"2023-02-01T14:28:29","modified_gmt":"2023-02-01T11:28:29","slug":"ministrul-sanatatii-a-decis-schimbarea-managerului","status":"publish","type":"post","link":"https:\/\/analyse.optim.biz\/?p=1332026","title":{"rendered":"Ministrul S\u0103n\u0103t\u0103\u021bii a decis schimbarea managerului"},"content":{"rendered":"<article id=\"template-id-172790\" class=\"post-172790 tdb_templates type-tdb_templates status-publish post\">\n<div id=\"tdi_52\" class=\"tdc-zone\">\n<div class=\"tdc_zone tdi_53  wpb_row td-pb-row\">\n<div id=\"tdi_54\" class=\"tdc-row stretch_row_1400 td-stretch-content\">\n<div class=\"vc_row tdi_55  wpb_row td-pb-row tdc-element-style\">\n<div class=\"vc_column tdi_57  wpb_column vc_column_container tdc-column td-pb-span8\">\n<div class=\"wpb_wrapper\">\n<div class=\"td_block_wrap tdb_single_categories tdi_58 td-pb-border-top td_block_template_1 \" data-td-block-uid=\"tdi_58\">\n<div class=\"tdb-category td-fix-index\"><a class=\"tdb-entry-category\" href=\"https:\/\/voceatimisului.ro\/category\/stiri-din-timisoara-si-timis\/\">\u0218tiri<\/a><a class=\"tdb-entry-category\" href=\"https:\/\/voceatimisului.ro\/category\/stiri-din-timisoara-si-timis\/sanatate\/\">S\u0103n\u0103tate<\/a><\/div>\n<\/div>\n<div class=\"td_block_wrap tdb_title tdi_59 tdb-single-title td-pb-border-top td_block_template_1\" data-td-block-uid=\"tdi_59\">\n<div class=\"tdb-block-inner td-fix-index\">\n<h1 class=\"tdb-title-text\"><strong>Ministrul S\u0103n\u0103t\u0103\u021bii a decis schimbarea managerului de la Spitalul Jude\u021bean Timi\u0219oara<\/strong><\/h1>\n<\/div>\n<\/div>\n<div class=\"vc_row_inner tdi_62  vc_row vc_inner wpb_row td-pb-row\">\n<div class=\"vc_column_inner tdi_64  wpb_column vc_column_container tdc-inner-column td-pb-span6\">\n<div class=\"vc_column-inner\">\n<div class=\"wpb_wrapper\">\n<div class=\"td_block_wrap tdb_single_author tdi_65 td-pb-border-top td_block_template_1 tdb-post-meta\" data-td-block-uid=\"tdi_65\">\n<div class=\"tdb-block-inner td-fix-index\">\n<div class=\"tdb-author-name-wrap\"><span class=\"tdb-author-by\">Autor-<\/span><a class=\"tdb-author-name\" href=\"https:\/\/voceatimisului.ro\/author\/marta-stirbey\/\">Marta Stirbey<\/a><\/div>\n<\/div>\n<\/div>\n<div class=\"td_block_wrap tdb_single_date tdi_66 td-pb-border-top td_block_template_1 tdb-post-meta\" data-td-block-uid=\"tdi_66\">\n<div class=\"tdb-block-inner td-fix-index\"><time class=\"entry-date updated td-module-date\" datetime=\"2023-02-01T16:28:29+02:00\">1 februarie 2023<\/time><\/div>\n<\/div>\n<div class=\"td_block_wrap tdb_single_comments_count tdi_67 td-pb-border-top td_block_template_1 tdb-post-meta\" data-td-block-uid=\"tdi_67\">\n<div class=\"tdb-block-inner td-fix-index\"><a href=\"https:\/\/voceatimisului.ro\/ministrul-sanatatii-a-decis-schimbarea-managerului-de-la-spitalul-judetean-timisoara\/#comments\"><span>3<\/span><\/a><\/div>\n<\/div>\n<div class=\"td_block_wrap tdb_single_post_views tdi_68 td-pb-border-top td_block_template_1 tdb-post-meta\" data-td-block-uid=\"tdi_68\">\n<div class=\"tdb-block-inner td-fix-index\"><span class=\"tdb-add-text\">1<\/span><span class=\"td-nr-views-154926\">2914<\/span><\/div>\n<\/div>\n<\/div>\n<\/div>\n<\/div>\n<div class=\"vc_column_inner tdi_70  wpb_column vc_column_container tdc-inner-column td-pb-span6\">\n<div class=\"vc_column-inner\">\n<div class=\"wpb_wrapper\">\n<div class=\"td_block_wrap tdb_single_post_share tdi_71  td-pb-border-top td_block_template_1\" data-td-block-uid=\"tdi_71\">\n<div id=\"tdi_71\" class=\"td-post-sharing tdb-block td-ps-bg td-ps-notext td-post-sharing-style1 \">\n<div class=\"td-post-sharing-visible\"><a class=\"td-social-sharing-button td-social-sharing-button-js td-social-network td-social-facebook\" href=\"https:\/\/www.facebook.com\/sharer.php?u=https%3A%2F%2Fvoceatimisului.ro%2Fministrul-sanatatii-a-decis-schimbarea-managerului-de-la-spitalul-judetean-timisoara%2F\" title=\"Facebook\" rel=\"noopener\"><\/p>\n<div class=\"td-social-but-text\">Facebook<\/div>\n<p><\/a><a class=\"td-social-sharing-button td-social-sharing-button-js td-social-network td-social-twitter\" href=\"https:\/\/twitter.com\/intent\/tweet?text=%3Cstrong%3EMinistrul+S%C4%83n%C4%83t%C4%83%C8%9Bii+a+decis+schimbarea+managerului+de+la+Spitalul+Jude%C8%9Bean+Timi%C8%99oara%3C%2Fstrong%3E&amp;url=https%3A%2F%2Fvoceatimisului.ro%2Fministrul-sanatatii-a-decis-schimbarea-managerului-de-la-spitalul-judetean-timisoara%2F&amp;via=Vocea+Timisului\" title=\"Twitter\" rel=\"noopener\"><\/p>\n<div class=\"td-social-but-text\">Twitter<\/div>\n<p><\/a><a class=\"td-social-sharing-button td-social-sharing-button-js td-social-network td-social-pinterest\" href=\"https:\/\/pinterest.com\/pin\/create\/button\/?url=https:\/\/voceatimisului.ro\/ministrul-sanatatii-a-decis-schimbarea-managerului-de-la-spitalul-judetean-timisoara\/&amp;media=https:\/\/analyse.optim.biz\/wp-content\/uploads\/2026\/01\/sorin-barac-dorel-sandesc-jpg.webp&amp;description=%3Cstrong%3EMinistrul+S%C4%83n%C4%83t%C4%83%C8%9Bii+a+decis+schimbarea+managerului+de+la+Spitalul+Jude%C8%9Bean+Timi%C8%99oara%3C%2Fstrong%3E\" title=\"Pinterest\" rel=\"noopener\"><\/p>\n<div class=\"td-social-but-text\">Pinterest<\/div>\n<p><\/a><a class=\"td-social-sharing-button td-social-sharing-button-js td-social-network td-social-whatsapp\" href=\"https:\/\/api.whatsapp.com\/send?text=%3Cstrong%3EMinistrul+S%C4%83n%C4%83t%C4%83%C8%9Bii+a+decis+schimbarea+managerului+de+la+Spitalul+Jude%C8%9Bean+Timi%C8%99oara%3C%2Fstrong%3E%20%0A%0A%20https:\/\/voceatimisului.ro\/ministrul-sanatatii-a-decis-schimbarea-managerului-de-la-spitalul-judetean-timisoara\/\" title=\"WhatsApp\" rel=\"noopener\"><\/p>\n<div class=\"td-social-but-text\">WhatsApp<\/div>\n<p><\/a><a class=\"td-social-sharing-button td-social-sharing-button-js td-social-network td-social-linkedin\" href=\"https:\/\/www.linkedin.com\/shareArticle?mini=true&amp;url=https:\/\/voceatimisului.ro\/ministrul-sanatatii-a-decis-schimbarea-managerului-de-la-spitalul-judetean-timisoara\/&amp;title=%3Cstrong%3EMinistrul+S%C4%83n%C4%83t%C4%83%C8%9Bii+a+decis+schimbarea+managerului+de+la+Spitalul+Jude%C8%9Bean+Timi%C8%99oara%3C%2Fstrong%3E\" title=\"Linkedin\" rel=\"noopener\"><\/p>\n<div class=\"td-social-but-text\">Linkedin<\/div>\n<p><\/a><a class=\"td-social-sharing-button td-social-sharing-button-js td-social-network td-social-copy_url\" href=\"https:\/\/voceatimisului.ro\/ministrul-sanatatii-a-decis-schimbarea-managerului-de-la-spitalul-judetean-timisoara\/\" title=\"Copy URL\" rel=\"noopener\"><\/p>\n<div class=\"td-social-but-text\">Copy URL<\/div>\n<p><\/a><\/div>\n<\/div>\n<\/div>\n<\/div>\n<\/div>\n<\/div>\n<\/div>\n<div class=\"td_block_wrap tdb_single_featured_image tdi_72 tdb-content-horiz-left td-pb-border-top td_block_template_1\" data-td-block-uid=\"tdi_72\">\n<div class=\"tdb-block-inner td-fix-index\">\n<figure><img loading=\"lazy\" decoding=\"async\" width=\"696\" height=\"696\" class=\"entry-thumb\" src=\"https:\/\/analyse.optim.biz\/wp-content\/uploads\/2026\/01\/sorin-barac-dorel-sandesc-jpg-696x696-1.webp\" alt=\"Sorin Barac Dorel Sandesc jpg\" title=\"Sorin Barac Dorel Sandesc jpg\"><figcaption class=\"tdb-caption-text\">Sorin Barac Dorel Sandesc jpg<\/figcaption><\/figure>\n<\/div>\n<\/div>\n<div class=\"vc_row_inner tdi_74  vc_row vc_inner wpb_row td-pb-row\">\n<div class=\"vc_column_inner tdi_76  wpb_column vc_column_container tdc-inner-column td-pb-span4 td-is-sticky\">\n<div class=\"vc_column-inner\">\n<div class=\"wpb_wrapper\" data-sticky-enabled-on=\"W3RydWUsdHJ1ZSx0cnVlLHRydWVd\" data-sticky-offset=\"20\" data-sticky-is-width-auto=\"W2ZhbHNlLGZhbHNlLGZhbHNlLGZhbHNlXQ==\">\n<div class=\"td_block_wrap td_flex_block_1 tdi_77 td-pb-border-top td_block_template_1 td_ajax_preloading_preload td_flex_block\" data-td-block-uid=\"tdi_77\">\n<div id=\"tdi_77\" class=\"td_block_inner td-mc1-wrap\">\n<div class=\"td_module_flex td_module_flex_1 td_module_wrap td-animation-stack td-meta-info-hide td-cpt-post\">\n<div class=\"td-module-container td-category-pos-image\">\n<div class=\"td-module-meta-info\">\n<h3 class=\"entry-title td-module-title\"><a href=\"https:\/\/voceatimisului.ro\/investitie-majora-in-sanatate-sectia-ati-de-la-spitalul-judetean-timisoara-se-extinde-cu-fonduri-europene\/\" rel=\"bookmark\" title=\"Investi\u021bie major\u0103 \u00een s\u0103n\u0103tate: Sec\u021bia ATI de la Spitalul Jude\u021bean Timi\u0219oara se extinde cu fonduri europene\">Investi\u021bie major\u0103 \u00een s\u0103n\u0103tate: Sec\u021bia ATI de la Spitalul Jude\u021bean Timi\u0219oara se extinde cu fonduri europene<\/a><\/h3>\n<\/div>\n<\/div>\n<\/div>\n<div class=\"td_module_flex td_module_flex_1 td_module_wrap td-animation-stack td-meta-info-hide td-cpt-post\">\n<div class=\"td-module-container td-category-pos-image\">\n<div class=\"td-module-meta-info\">\n<h3 class=\"entry-title td-module-title\"><a href=\"https:\/\/voceatimisului.ro\/incompetenta-lui-fritz-lasa-timisoara-fara-spitalul-municipal\/\" rel=\"bookmark\" title=\"Incompeten\u021ba lui Fritz las\u0103 Timi\u0219oara f\u0103r\u0103 Spitalul Municipal\">Incompeten\u021ba lui Fritz las\u0103 Timi\u0219oara f\u0103r\u0103 Spitalul Municipal<\/a><\/h3>\n<\/div>\n<\/div>\n<\/div>\n<div class=\"td_module_flex td_module_flex_1 td_module_wrap td-animation-stack td-meta-info-hide td-cpt-post\">\n<div class=\"td-module-container td-category-pos-image\">\n<div class=\"td-module-meta-info\">\n<h3 class=\"entry-title td-module-title\"><a href=\"https:\/\/voceatimisului.ro\/trei-oferte-pentru-centrul-medical-de-recuperare-de-la-lovrin-investitie-de-peste-8-milioane-de-euro-cu-sprijin-european\/\" rel=\"bookmark\" title=\"Trei oferte pentru centrul medical de recuperare de la Lovrin. Investi\u021bie de peste 8 milioane de euro, cu sprijin european\">Trei oferte pentru centrul medical de recuperare de la Lovrin. Investi\u021bie de peste 8 milioane de euro, cu sprijin european<\/a><\/h3>\n<\/div>\n<\/div>\n<\/div>\n<div class=\"td_module_flex td_module_flex_1 td_module_wrap td-animation-stack td-meta-info-hide td-cpt-post\">\n<div class=\"td-module-container td-category-pos-image\">\n<div class=\"td-module-meta-info\">\n<h3 class=\"entry-title td-module-title\"><a href=\"https:\/\/voceatimisului.ro\/efectul-sandesc-ministerul-sanatatii-repune-pe-linia-de-plutire-spitalele-publice-si-obliga-managerii-sa-i-initieze-in-tainele-muncii-de-la-stat-pe-medicii-cu-program-de-lucru-preferential-si-fara-pa\/\" rel=\"bookmark\" title=\"Efectul S\u0103ndesc! Ministerul S\u0103n\u0103t\u0103\u021bii repune pe linia de plutire spitalele publice \u0219i oblig\u0103 managerii s\u0103-i ini\u021bieze \u00een tainele muncii de la stat pe medicii cu program de lucru preferen\u021bial \u0219i f\u0103r\u0103 pacien\u021bi\">Efectul S\u0103ndesc! Ministerul S\u0103n\u0103t\u0103\u021bii repune pe linia de plutire spitalele publice \u0219i oblig\u0103 managerii s\u0103-i ini\u021bieze \u00een tainele muncii de la stat pe medicii&#8230;<\/a><\/h3>\n<\/div>\n<\/div>\n<\/div>\n<\/div>\n<\/div>\n<div class=\"tdb-author-box td_block_wrap tdb_single_author_box tdi_82 tdb-content-vert-top td-pb-border-top td_block_template_1\" data-td-block-uid=\"tdi_82\">\n<div class=\"tdb-block-inner td-fix-index\">\n<div class=\"tdb-author-info\"><a href=\"https:\/\/voceatimisului.ro\/author\/marta-stirbey\/\" class=\"tdb-author-name\">Marta Stirbey<\/a><\/p>\n<div class=\"tdb-author-descr\">\u00centreaga responsabilitate a comentariilor l\u0103sate de dumneavoastr\u0103 v\u0103 apar\u021bine!<br \/>\nClick <a href=\"https:\/\/voceatimisului.ro\/termeni-si-conditii\/\">aici<\/a>-citeste condi\u0163iile de utilizare ale site-ului www.voceatimisului.ro<\/div>\n<\/div>\n<\/div>\n<\/div>\n<\/div>\n<\/div>\n<\/div>\n<div class=\"vc_column_inner tdi_84  wpb_column vc_column_container tdc-inner-column td-pb-span8\">\n<div class=\"vc_column-inner\">\n<div class=\"wpb_wrapper\">\n<div class=\"td_block_wrap tdb_single_content tdi_85 td-pb-border-top td_block_template_1 td-post-content tagdiv-type\" data-td-block-uid=\"tdi_85\">\n<div class=\"tdb-block-inner td-fix-index\">\n<h5 class=\"wp-block-heading\" id=\"h-in-urma-cu-cateva-minute-ministrul-sanata\u021bii-alexandru-rafila-a-semnat-schimbarea-din-func\u021bia-de-manager-al-spitalului-clinic-jude\u021bean-de-urgen\u021ba-pius-brinzeu-timi\u0219oara-a-medicului-sorin-barac-\u0219i-inlocuirea-acestuia-cu-prof-univ-dr-dorel-sandesc\">\u00cen urm\u0103 cu c\u00e2teva minute, ministrul s\u0103n\u0103t\u0103\u021bii Alexandru Rafila a semnat schimbarea din func\u021bia de manager al Spitalului Clinic Jude\u021bean de Urgen\u021b\u0103 \u201dPius Br\u00eenzeu\u201d Timi\u0219oara a medicului Sorin Barac \u0219i \u00eenlocuirea acestuia cu prof. univ. dr. Dorel S\u0103ndesc. <\/h5>\n<p>De precizat c\u0103 decizia ministerial\u0103, care intr\u0103 \u00een vigoare cu data de 6 februarie a.c., se datoreaz\u0103 faptului c\u0103 actualul director al unit\u0103\u021bii medicale a hot\u0103r\u00e2t s\u0103 demisioneze, \u00eenainte de finalizarea mandatului, invoc\u00e2nd motive de natur\u0103 personal\u0103. <\/p>\n<p>Interesant e c\u0103, \u00een plin proces de acreditare al SCJUT, c\u00e2nd cea mai mare unitate sanitar\u0103 din vestul Rom\u00e2niei risc\u0103 s\u0103 fie retrogradat\u0103 din pricina mai multor sincope, cunoscutul medic anestezist Dorel S\u0103ndesc coboar\u0103-n ring \u0219i \u00ee\u0219i asum\u0103 riscul de a deconta un asemena e\u0219ec.<\/p>\n<p>R\u0103m\u00e2ne de v\u0103zut dac\u0103, de data aceasta, pre\u0219edintele PSD Timi\u0219, deputatul Alfred Simonis, a avut sau nu m\u00e2na bun\u0103 c\u00e2nd a for\u021bat schimbarea de management de la Spitalul Jude\u021bean Timi\u0219oara \u0219i a pariat pe experien\u021ba \u0219i notorietatea public\u0103 a reputatului prof. Dorel Sandesc.<\/p>\n<p><strong>Update:<\/strong><\/p>\n<p>Mi\u0219carea PSD Timi\u0219, cu prof. Dorel S\u0103ndesc \u00een fruntea celei mai mari unit\u0103\u021bi sanitare din vestul Rom\u00e2niei, nu este deloc una \u00eent\u00e2mpl\u0103toare. Mai mult dec\u00e2t orice, mutarea trebuie citit\u0103 \u00een cheie politic\u0103 \u0219i asta pentru c\u0103, \u00eencep\u00e2nd de luna aceasta, reputatul medic anestezist va fi m\u0103surat \u00een viitoarele studii sociologice. Ceea ce \u00eenseamn\u0103, dincolo de orice dubiu, c\u0103 azi, odat\u0103 cu numirea \u00een func\u021bia de manager al SCJUT, medicul Dorel S\u0103ndesc este \u00een pole position pentru candidatura la func\u021bia de primar al municipiului Timi\u0219oara din partea PSD. <\/p>\n<p>\u0218i a\u0219a, dup\u0103 manual, liderii social-democra\u021bi b\u0103n\u0103\u021beni scap\u0103 de candidaturile locale, de care oricum fugeau ca necuratul de t\u0103m\u00e2ie, \u0219i m\u0103resc \u0219i miza \u00een negocierile cu PNL, demonstr\u00e2nd c\u0103, cel pu\u021bin la Prim\u0103ria Timi\u0219oara, au o variant\u0103 viabil\u0103 \u0219i fiabil\u0103, greu de refuzat sau de respins chiar \u0219i de c\u0103tre liberali. Una peste alta, varianta cu Dorel S\u0103ndesc la Prim\u0103ria Timi\u0219oara din partea PSD nu este una rea dar, indiferent cum o prive\u0219ti, nu face dec\u00e2t sa-i asigure lui Dominic Fritz un al doilea mandat \u00een fruntea administra\u021biei de pe Bega.<\/p>\n<\/div>\n<\/div>\n<div class=\"td_block_wrap tdb_single_tags tdi_88 td-pb-border-top td_block_template_1\" data-td-block-uid=\"tdi_88\">\n<div class=\"tdb-block-inner td-fix-index\">\n<ul class=\"tdb-tags\">\n<li><span>Tags<\/span><\/li>\n<li><a href=\"https:\/\/voceatimisului.ro\/tag\/alexandru-rafila\/\">alexandru rafila<\/a><\/li>\n<li><a href=\"https:\/\/voceatimisului.ro\/tag\/dorel-sandesc\/\">Dorel S\u0103ndesc<\/a><\/li>\n<li><a href=\"https:\/\/voceatimisului.ro\/tag\/sorin-barac\/\">sorin barac<\/a><\/li>\n<li><a href=\"https:\/\/voceatimisului.ro\/tag\/spitalul-judetean-timisoara\/\">spitalul judetean timisoara<\/a><\/li>\n<\/ul>\n<\/div>\n<\/div>\n<div class=\"td_block_wrap tdb_single_post_share tdi_89  td-pb-border-top td_block_template_1\" data-td-block-uid=\"tdi_89\">\n<div id=\"tdi_89\" class=\"td-post-sharing tdb-block td-ps-bg td-ps-notext td-post-sharing-style1 \">\n<div class=\"td-post-sharing-visible\"><a class=\"td-social-sharing-button td-social-sharing-button-js td-social-network td-social-facebook\" href=\"https:\/\/www.facebook.com\/sharer.php?u=https%3A%2F%2Fvoceatimisului.ro%2Fministrul-sanatatii-a-decis-schimbarea-managerului-de-la-spitalul-judetean-timisoara%2F\" title=\"Facebook\" rel=\"noopener\"><\/p>\n<div class=\"td-social-but-text\">Facebook<\/div>\n<p><\/a><a class=\"td-social-sharing-button td-social-sharing-button-js td-social-network td-social-twitter\" href=\"https:\/\/twitter.com\/intent\/tweet?text=%3Cstrong%3EMinistrul+S%C4%83n%C4%83t%C4%83%C8%9Bii+a+decis+schimbarea+managerului+de+la+Spitalul+Jude%C8%9Bean+Timi%C8%99oara%3C%2Fstrong%3E&amp;url=https%3A%2F%2Fvoceatimisului.ro%2Fministrul-sanatatii-a-decis-schimbarea-managerului-de-la-spitalul-judetean-timisoara%2F&amp;via=Vocea+Timisului\" title=\"Twitter\" rel=\"noopener\"><\/p>\n<div class=\"td-social-but-text\">Twitter<\/div>\n<p><\/a><a class=\"td-social-sharing-button td-social-sharing-button-js td-social-network td-social-pinterest\" href=\"https:\/\/pinterest.com\/pin\/create\/button\/?url=https:\/\/voceatimisului.ro\/ministrul-sanatatii-a-decis-schimbarea-managerului-de-la-spitalul-judetean-timisoara\/&amp;media=https:\/\/analyse.optim.biz\/wp-content\/uploads\/2026\/01\/sorin-barac-dorel-sandesc-jpg.webp&amp;description=%3Cstrong%3EMinistrul+S%C4%83n%C4%83t%C4%83%C8%9Bii+a+decis+schimbarea+managerului+de+la+Spitalul+Jude%C8%9Bean+Timi%C8%99oara%3C%2Fstrong%3E\" title=\"Pinterest\" rel=\"noopener\"><\/p>\n<div class=\"td-social-but-text\">Pinterest<\/div>\n<p><\/a><a class=\"td-social-sharing-button td-social-sharing-button-js td-social-network td-social-whatsapp\" href=\"https:\/\/api.whatsapp.com\/send?text=%3Cstrong%3EMinistrul+S%C4%83n%C4%83t%C4%83%C8%9Bii+a+decis+schimbarea+managerului+de+la+Spitalul+Jude%C8%9Bean+Timi%C8%99oara%3C%2Fstrong%3E%20%0A%0A%20https:\/\/voceatimisului.ro\/ministrul-sanatatii-a-decis-schimbarea-managerului-de-la-spitalul-judetean-timisoara\/\" title=\"WhatsApp\" rel=\"noopener\"><\/p>\n<div class=\"td-social-but-text\">WhatsApp<\/div>\n<p><\/a><a class=\"td-social-sharing-button td-social-sharing-button-js td-social-network td-social-linkedin\" href=\"https:\/\/www.linkedin.com\/shareArticle?mini=true&amp;url=https:\/\/voceatimisului.ro\/ministrul-sanatatii-a-decis-schimbarea-managerului-de-la-spitalul-judetean-timisoara\/&amp;title=%3Cstrong%3EMinistrul+S%C4%83n%C4%83t%C4%83%C8%9Bii+a+decis+schimbarea+managerului+de+la+Spitalul+Jude%C8%9Bean+Timi%C8%99oara%3C%2Fstrong%3E\" title=\"Linkedin\" rel=\"noopener\"><\/p>\n<div class=\"td-social-but-text\">Linkedin<\/div>\n<p><\/a><a class=\"td-social-sharing-button td-social-sharing-button-js td-social-network td-social-copy_url\" href=\"https:\/\/voceatimisului.ro\/ministrul-sanatatii-a-decis-schimbarea-managerului-de-la-spitalul-judetean-timisoara\/\" title=\"Copy URL\" rel=\"noopener\"><\/p>\n<div class=\"td-social-but-text\">Copy URL<\/div>\n<p><\/a><\/div>\n<\/div>\n<\/div>\n<div class=\"td_block_wrap tdb_single_next_prev tdi_90 td-animation-stack td-next-prev-img-on td-pb-border-top td_block_template_1\" data-td-block-uid=\"tdi_90\">\n<div class=\"tdb-block-inner td-fix-index\">\n<div class=\"tdb-next-post tdb-next-post-bg tdb-post-prev\"><span>Articolul precedent<\/span><\/p>\n<div class=\"td-module-container\">\n<div class=\"td-image-container\"><a class=\"td-image-wrap\" href=\"https:\/\/voceatimisului.ro\/cunoscut-medic-ati-de-la-spitalul-de-copii-louis-turcanu-surprins-de-politistii-sectiei-4-timisoara-cu-slitul-desfacut-intr-o-masina-in-compania-unui-baiat-de-16-ani\/\"><img loading=\"lazy\" decoding=\"async\" class=\"td-next-prev-image td-fix-index td-lazy-img\" title=\"Cunoscut medic ATI de la Spitalul de Copii \u201dLouis \u021aurcanu\u201d, surprins de poli\u021bi\u0219tii Sec\u021biei 4 Timi\u0219oara, cu \u0219li\u021bul desf\u0103cut, \u00eentr-o ma\u0219in\u0103 \u00een compania unui b\u0103iat de 16 ani\" width=\"696\" height=\"696\" src=\"https:\/\/analyse.optim.biz\/wp-content\/uploads\/2026\/01\/medic-ati-de-la-spitalul-de-copii-louis-turcanu-jpg-696x696-1.webp\"><\/a><\/div>\n<div class=\"next-prev-title\"><a href=\"https:\/\/voceatimisului.ro\/cunoscut-medic-ati-de-la-spitalul-de-copii-louis-turcanu-surprins-de-politistii-sectiei-4-timisoara-cu-slitul-desfacut-intr-o-masina-in-compania-unui-baiat-de-16-ani\/\">Cunoscut medic ATI de la Spitalul de Copii \u201dLouis \u021aurcanu\u201d, surprins de poli\u021bi\u0219tii Sec\u021biei 4 Timi\u0219oara, cu \u0219li\u021bul desf\u0103cut, \u00eentr-o ma\u0219in\u0103 \u00een compania unui b\u0103iat de 16 ani<\/a><\/div>\n<\/div>\n<\/div>\n<div class=\"tdb-next-post tdb-next-post-bg tdb-post-next\"><span>Articolul urm\u0103tor<\/span><\/p>\n<div class=\"td-module-container\">\n<div class=\"td-image-container\"><a class=\"td-image-wrap\" href=\"https:\/\/voceatimisului.ro\/ca-n-politia-romana-sub-nasul-agentului-raoul-iacob-de-la-biroul-de-investigatii-criminale-timisoara-studenta-eminenta-denisa-tirziu-l-a-iubit-pe-un-cetatean-elevetian-pana-la-concurenta-sumei-de-3\/\"><img loading=\"lazy\" decoding=\"async\" class=\"td-next-prev-image td-fix-index td-lazy-img\" title=\"Ca-n Poli\u021bia Rom\u00e2n\u0103! Sub nasul agentului Raoul Iacob de la Biroul de Investiga\u021bii Criminale Timi\u0219oara, studenta eminent\u0103 Denisa T\u00eerziu l-a iubit pe un cet\u0103\u021bean elve\u021bian, p\u00e2n\u0103 la concuren\u021ba sumei de 323.059 euro\" width=\"696\" height=\"696\" src=\"https:\/\/analyse.optim.biz\/wp-content\/uploads\/2026\/01\/denisa-tirziu-jpg-696x696-1.webp\"><\/a><\/div>\n<div class=\"next-prev-title\"><a href=\"https:\/\/voceatimisului.ro\/ca-n-politia-romana-sub-nasul-agentului-raoul-iacob-de-la-biroul-de-investigatii-criminale-timisoara-studenta-eminenta-denisa-tirziu-l-a-iubit-pe-un-cetatean-elevetian-pana-la-concurenta-sumei-de-3\/\">Ca-n Poli\u021bia Rom\u00e2n\u0103! Sub nasul agentului Raoul Iacob de la Biroul de Investiga\u021bii Criminale Timi\u0219oara, studenta eminent\u0103 Denisa T\u00eerziu l-a iubit pe un cet\u0103\u021bean elve\u021bian, p\u00e2n\u0103 la concuren\u021ba sumei de 323.059 euro<\/a><\/div>\n<\/div>\n<\/div>\n<\/div>\n<\/div>\n<\/div>\n<\/div>\n<\/div>\n<\/div>\n<div class=\"vc_row_inner tdi_100  vc_row vc_inner wpb_row td-pb-row\">\n<div class=\"vc_column_inner tdi_102  wpb_column vc_column_container tdc-inner-column td-pb-span4 td-is-sticky\">\n<div class=\"vc_column-inner\">\n<div class=\"wpb_wrapper\" data-sticky-enabled-on=\"W3RydWUsdHJ1ZSx0cnVlLHRydWVd\" data-sticky-offset=\"20\" data-sticky-is-width-auto=\"W2ZhbHNlLGZhbHNlLGZhbHNlLGZhbHNlXQ==\">\n<div class=\"td_block_wrap tdb_single_related tdi_103 td_with_ajax_pagination td-pb-border-top td_block_template_1 tdb-single-related-posts\" data-td-block-uid=\"tdi_103\">\n<div id=\"tdi_103\" class=\"td_block_inner tdb-block-inner td-fix-index\">\n<div class=\"tdb_module_related td_module_wrap td-animation-stack td-meta-info-hide\">\n<div class=\"td-module-container td-category-pos-image\">\n<div class=\"td-module-meta-info\">\n<h3 class=\"entry-title td-module-title\"><a href=\"https:\/\/voceatimisului.ro\/ca-la-piata-in-lipsa-materialelor-sanitare-sectiile-spitalului-judetean-timisoara-se-imprumuta-intre-ele-pe-caiet-ca-sa-rezolve-urgentele-medicale-si-sa-salveze-vietile-pacientilor\/\" rel=\"bookmark\" title=\"Ca la pia\u021b\u0103! \u00cen lipsa materialelor sanitare, sec\u021biile Spitalului Jude\u021bean Timi\u0219oara se \u00eemprumut\u0103 \u00eentre ele, pe caiet, ca s\u0103 rezolve urgen\u021bele medicale \u0219i s\u0103 salveze vie\u021bile pacien\u021bilor\">Ca la pia\u021b\u0103! \u00cen lipsa materialelor sanitare, sec\u021biile Spitalului Jude\u021bean Timi\u0219oara se \u00eemprumut\u0103 \u00eentre ele, pe caiet, ca s\u0103 rezolve urgen\u021bele medicale \u0219i s\u0103&#8230;<\/a><\/h3>\n<\/div>\n<\/div>\n<\/div>\n<div class=\"tdb_module_related td_module_wrap td-animation-stack td-meta-info-hide\">\n<div class=\"td-module-container td-category-pos-image\">\n<div class=\"td-module-meta-info\">\n<h3 class=\"entry-title td-module-title\"><a href=\"https:\/\/voceatimisului.ro\/de-vis-medicii-din-spitalele-de-stat-ale-ministrului-rafila-fac-cheta-interna-ca-sa-cumpere-prezervative-chiurete-baterii-si-hartie-de-ecograf-necesare-consulturilor-pentru-pacienti\/\" rel=\"bookmark\" title=\"De vis! Medicii din spitalele de stat ale ministrului Rafila fac chet\u0103 intern\u0103 ca s\u0103 cumpere prezervative, chiurete, baterii \u0219i h\u00e2rtie de ecograf, necesare consulturilor pentru pacien\u021bi\">De vis! Medicii din spitalele de stat ale ministrului Rafila fac chet\u0103 intern\u0103 ca s\u0103 cumpere prezervative, chiurete, baterii \u0219i h\u00e2rtie de ecograf, necesare&#8230;<\/a><\/h3>\n<\/div>\n<\/div>\n<\/div>\n<div class=\"tdb_module_related td_module_wrap td-animation-stack td-meta-info-hide\">\n<div class=\"td-module-container td-category-pos-image\">\n<div class=\"td-module-meta-info\">\n<h3 class=\"entry-title td-module-title\"><a href=\"https:\/\/voceatimisului.ro\/ultima-moda-la-spitalul-judetean-timisoara-pacientii-ministrului-sanatatii-alexandru-rafila-sunt-trimisi-la-tomberon-direct-din-unitatea-de-primiri-urgente\/\" rel=\"bookmark\" title=\"Ultima mod\u0103! La Spitalul Jude\u021bean Timi\u0219oara, pacien\u021bii ministrului s\u0103n\u0103t\u0103\u021bii Alexandru Rafila sunt trimi\u0219i\u2026 la tomberon, direct din Unitatea de Primiri Urgen\u021be\">Ultima mod\u0103! La Spitalul Jude\u021bean Timi\u0219oara, pacien\u021bii ministrului s\u0103n\u0103t\u0103\u021bii Alexandru Rafila sunt trimi\u0219i\u2026 la tomberon, direct din Unitatea de Primiri Urgen\u021be<\/a><\/h3>\n<\/div>\n<\/div>\n<\/div>\n<\/div>\n<\/div>\n<\/div>\n<\/div>\n<\/div>\n<div class=\"vc_column_inner tdi_105  wpb_column vc_column_container tdc-inner-column td-pb-span8\">\n<div class=\"vc_column-inner\">\n<div class=\"wpb_wrapper\">\n<div class=\"td_block_wrap tdb_single_comments tdi_106 tdb-comm-layout2 td-pb-border-top td_block_template_2\" data-td-block-uid=\"tdi_106\">\n<div class=\"tdb-block-inner td-fix-index\">\n<div class=\"comments\" id=\"comments\">\n<div class=\"td-comments-title-wrap td_block_template_2\">\n<h4 class=\"td-comments-title td-block-title\"><span>3 COMENTARII<\/span><\/h4>\n<\/div>\n<ol class=\"comment-list\">\n<li class=\"comment \" id=\"comment-26234\">\n<article>\n<footer><cite>Ion<\/cite><a class=\"comment-link\" href=\"https:\/\/voceatimisului.ro\/ministrul-sanatatii-a-decis-schimbarea-managerului-de-la-spitalul-judetean-timisoara\/#comment-26234\"><time><br \/>\n\t\t\t\t\t\t    3 februarie 2023\t\t\t\t\t\t    La\t\t\t\t\t\t    11:15 AM<\/time><\/a><\/footer>\n<div class=\"comment-content\">\n<p>Tot se insista ca viitorul primar sa fie musai un medic?Pai de-aia le-a facut PSD salarii de 5000-10.000 de euro pe luna?Si apoi sa se planga ca e lipsa de medici si sa le mareasca iar salariile?Cand te gandesti ca unii isi risca zilnic viata pt 4.000 de lei pe luna!<\/p>\n<\/div>\n<div class=\"comment-meta\" id=\"comment-26234\"><a rel=\"nofollow\" class=\"comment-reply-link\" href=\"https:\/\/voceatimisului.ro\/ministrul-sanatatii-a-decis-schimbarea-managerului-de-la-spitalul-judetean-timisoara\/#comment-26234\" data-commentid=\"26234\" data-postid=\"154926\" data-belowelement=\"comment-26234\" data-respondelement=\"respond\" data-replyto=\"R\u0103spunde-i lui Ion\" aria-label=\"R\u0103spunde-i lui Ion\">R\u0103spunde\u021bi<\/a><\/div>\n<\/article>\n<\/li>\n<li class=\"comment \" id=\"comment-26229\">\n<article>\n<footer><cite>Helmuth<\/cite><a class=\"comment-link\" href=\"https:\/\/voceatimisului.ro\/ministrul-sanatatii-a-decis-schimbarea-managerului-de-la-spitalul-judetean-timisoara\/#comment-26229\"><time><br \/>\n\t\t\t\t\t\t    2 februarie 2023\t\t\t\t\t\t    La\t\t\t\t\t\t    9:23 AM<\/time><\/a><\/footer>\n<div class=\"comment-content\">\n<p>Referatele de necesitate \u0219i \u00eent\u00e2lnirile cu furnizorii de materiale sanitare \u0219i echipamente medicale, interesul primordial al noului manager, va avea o agenda \u00eenc\u0103rcat\u0103, c\u00e2t \u0219i oportunit\u0103\u021bi interesante pentru partea a 2 a vie\u021bii spre pensionare!, A\u0219tept\u0103m cu interes declaratiile din presa ce urmeaz\u0103 sa apar\u0103 din gura \u201d spoveditului\u201d \u201edoar \u00eel consacra preludiul\u201d c\u00e2t \u0219i lec\u021biile de moralitate \u00een materia ATI, poate sicanele or tr\u0103d\u0103rile acestuia! Cine \u0219tie\u2026 ?!<\/p>\n<\/div>\n<div class=\"comment-meta\" id=\"comment-26229\"><a rel=\"nofollow\" class=\"comment-reply-link\" href=\"https:\/\/voceatimisului.ro\/ministrul-sanatatii-a-decis-schimbarea-managerului-de-la-spitalul-judetean-timisoara\/#comment-26229\" data-commentid=\"26229\" data-postid=\"154926\" data-belowelement=\"comment-26229\" data-respondelement=\"respond\" data-replyto=\"R\u0103spunde-i lui Helmuth\" aria-label=\"R\u0103spunde-i lui Helmuth\">R\u0103spunde\u021bi<\/a><\/div>\n<\/article>\n<\/li>\n<li class=\"comment \" id=\"comment-26227\">\n<article>\n<footer><cite>Bafta<\/cite><a class=\"comment-link\" href=\"https:\/\/voceatimisului.ro\/ministrul-sanatatii-a-decis-schimbarea-managerului-de-la-spitalul-judetean-timisoara\/#comment-26227\"><time><br \/>\n\t\t\t\t\t\t    1 februarie 2023\t\t\t\t\t\t    La\t\t\t\t\t\t    11:09 PM<\/time><\/a><\/footer>\n<div class=\"comment-content\">\n<p>Articol scris cu deosebita reverenta<\/p>\n<\/div>\n<div class=\"comment-meta\" id=\"comment-26227\"><a rel=\"nofollow\" class=\"comment-reply-link\" href=\"https:\/\/voceatimisului.ro\/ministrul-sanatatii-a-decis-schimbarea-managerului-de-la-spitalul-judetean-timisoara\/#comment-26227\" data-commentid=\"26227\" data-postid=\"154926\" data-belowelement=\"comment-26227\" data-respondelement=\"respond\" data-replyto=\"R\u0103spunde-i lui Bafta\" aria-label=\"R\u0103spunde-i lui Bafta\">R\u0103spunde\u021bi<\/a><\/div>\n<\/article>\n<\/li>\n<\/ol>\n<div id=\"respond\" class=\"comment-respond\">\n<h3 id=\"reply-title\" class=\"comment-reply-title\">L\u0102SA\u021aI UN MESAJ <small><a rel=\"nofollow\" id=\"cancel-comment-reply-link\" href=\"https:\/\/voceatimisului.ro\/ministrul-sanatatii-a-decis-schimbarea-managerului-de-la-spitalul-judetean-timisoara\/#respond\">Renun\u021ba\u021bi la r\u0103spuns<\/a><\/small><\/h3>\n<div class=\"comment-form-input-wrap td-form-comment\">\n<div class=\"td-warning-comment\">V\u0103 rug\u0103m s\u0103 introduce\u021bi comentariul dvs.!<\/div>\n<\/div>\n<div class=\"comment-form-input-wrap td-form-author\">\n<div class=\"td-warning-author\">Introduce\u021bi aici numele dvs.<\/div>\n<\/div>\n<div class=\"comment-form-input-wrap td-form-email\">\n<div class=\"td-warning-email-error\">A\u021bi introdus o adres\u0103 de e-mail incorect\u0103!<\/div>\n<div class=\"td-warning-email\">V\u0103 rug\u0103m s\u0103 introduce\u021bi adresa dvs. de e-mail aici<\/div>\n<\/div>\n<\/div>\n<\/div>\n<\/div>\n<\/div>\n<\/div>\n<\/div>\n<\/div>\n<\/div>\n<\/div>\n<\/div>\n<div class=\"vc_column tdi_108  wpb_column vc_column_container tdc-column td-pb-span4 td-is-sticky\">\n<div class=\"wpb_wrapper\" data-sticky-enabled-on=\"W3RydWUsdHJ1ZSx0cnVlLHRydWVd\" data-sticky-offset=\"20\" data-sticky-is-width-auto=\"W2ZhbHNlLGZhbHNlLGZhbHNlLGZhbHNlXQ==\">\n<div class=\"vc_row_inner tdi_110  vc_row vc_inner wpb_row td-pb-row\">\n<div class=\"vc_column_inner tdi_112  wpb_column vc_column_container tdc-inner-column td-pb-span12\">\n<div class=\"vc_column-inner\">\n<div class=\"wpb_wrapper\">\n<div class=\"td_block_wrap td_block_title tdi_113 td-pb-border-top td_block_template_11 td-fix-index\" data-td-block-uid=\"tdi_113\">\n<div class=\"td-block-title-wrap\">\n<h4 class=\"td-block-title\"><span class=\"td-pulldown-size\">ANUN\u021aURI \u0218I PUBLICITATE<\/span><\/h4>\n<\/div>\n<\/div>\n<\/div>\n<\/div>\n<\/div>\n<\/div>\n<div class=\"wpb_wrapper td_block_wrap vc_widget_sidebar tdi_115 \">\n<aside id=\"block-10\" class=\"td_block_template_1 widget block-10 widget_block widget_media_image\">\n<figure class=\"wp-block-image size-full\"><a href=\"https:\/\/adpghiroda.ro\/index.html\" target=\"_blank\" rel=\" noreferrer noopener\"><img decoding=\"async\" loading=\"lazy\" width=\"960\" height=\"960\" src=\"https:\/\/analyse.optim.biz\/wp-content\/uploads\/2026\/01\/adp-ghiroda2-190.jpg\" class=\"wp-image-171492\" title=\"adp-ghiroda2-190\"><\/a><\/figure>\n<\/aside>\n<aside id=\"block-11\" class=\"td_block_template_1 widget block-11 widget_block widget_media_image\">\n<figure class=\"wp-block-image size-full\"><a href=\"https:\/\/adpghiroda.ro\/index.html\" target=\"_blank\" rel=\" noreferrer noopener\"><img decoding=\"async\" loading=\"lazy\" width=\"960\" height=\"960\" src=\"https:\/\/analyse.optim.biz\/wp-content\/uploads\/2026\/01\/adp-ghiroda1-190.jpg\" class=\"wp-image-171491\" title=\"adp-ghiroda1-190\"><\/a><\/figure>\n<\/aside>\n<aside id=\"block-17\" class=\"td_block_template_1 widget block-17 widget_block widget_media_image\">\n<figure class=\"wp-block-image size-large is-resized\"><a href=\"https:\/\/verde.events\/\" target=\"_blank\" rel=\" noreferrer noopener\"><img decoding=\"async\" loading=\"lazy\" width=\"1024\" height=\"683\" src=\"https:\/\/analyse.optim.biz\/wp-content\/uploads\/2026\/01\/verde-events-24-1024x683-1-175.jpg\" alt=\"Verde Events\" class=\"wp-image-174395\" title=\"verde-events-24-1024x683-1-175\"><\/a><figcaption class=\"wp-element-caption\"><strong><em>O experien\u021b\u0103 unic\u0103 pentru orice tip de eveniment<\/em><\/strong><\/figcaption><\/figure>\n<\/aside>\n<\/div>\n<div class=\"td_block_wrap td_flex_block_1 tdi_121 td-pb-border-top td_block_template_1 td_ajax_preloading_preload td_flex_block\" data-td-block-uid=\"tdi_121\">\n<div id=\"tdi_121\" class=\"td_block_inner td-mc1-wrap\">\n<div class=\"td_module_flex td_module_flex_1 td_module_wrap td-animation-stack td-meta-info-hide td-cpt-post\">\n<div class=\"td-module-container td-category-pos-image\">\n<div class=\"td-module-meta-info\">\n<h3 class=\"entry-title td-module-title\"><a href=\"https:\/\/voceatimisului.ro\/liga-sanitara-umf-timisoara-deschide-portile-raiului-pentru-sectiile-clinicile-private-cu-cheia-sfantului-rafila-de-la-ministerul-sanatatii\/\" rel=\"bookmark\" title=\"Liga sanitar\u0103! UMF Timi\u0219oara deschide por\u021bile raiului pentru sec\u021biile clinicile private, cu cheia Sf\u00e2ntului Rafila de la Ministerul S\u0103n\u0103t\u0103\u021bii\">Liga sanitar\u0103! UMF Timi\u0219oara deschide por\u021bile raiului pentru sec\u021biile clinicile private, cu cheia Sf\u00e2ntului Rafila de la Ministerul S\u0103n\u0103t\u0103\u021bii<\/a><\/h3>\n<\/div>\n<\/div>\n<\/div>\n<div class=\"td_module_flex td_module_flex_1 td_module_wrap td-animation-stack td-meta-info-hide td-cpt-post\">\n<div class=\"td-module-container td-category-pos-image\">\n<div class=\"td-module-meta-info\">\n<h3 class=\"entry-title td-module-title\"><a href=\"https:\/\/voceatimisului.ro\/achizitii-nesanatoase-spitalul-judetean-timisoara-a-fortat-legea-pentru-a-prelungi-cu-un-an-contractul-de-hrana-pentru-pacienti-in-favoarea-unei-firme-abonate-la-bucataria-statului-cu-contracte-de\/\" rel=\"bookmark\" title=\"Achizi\u021bii (ne)s\u0103n\u0103toase! Spitalul Jude\u021bean Timi\u0219oara a for\u021bat legea pentru a prelungi cu un an contractul de hran\u0103 pentru pacien\u021bi, \u00een favoarea unei firme abonate la buc\u0103t\u0103ria statului cu contracte de milioane de euro\">Achizi\u021bii (ne)s\u0103n\u0103toase! Spitalul Jude\u021bean Timi\u0219oara a for\u021bat legea pentru a prelungi cu un an contractul de hran\u0103 pentru pacien\u021bi, \u00een favoarea unei firme abonate&#8230;<\/a><\/h3>\n<\/div>\n<\/div>\n<\/div>\n<div class=\"td_module_flex td_module_flex_1 td_module_wrap td-animation-stack td-meta-info-hide td-cpt-post\">\n<div class=\"td-module-container td-category-pos-image\">\n<div class=\"td-module-meta-info\">\n<h3 class=\"entry-title td-module-title\"><a href=\"https:\/\/voceatimisului.ro\/somn-de-voie-medicul-florica-birsasteanu-a-demisionat-din-fruntea-sectiei-de-radiologie-dupa-ce-umft-si-spitalul-judetean-timisoara-s-au-prins-la-trei-luni-de-la-numire-ca-l-au-inscaunat-si-miruit\/\" rel=\"bookmark\" title=\"Somn de voie! Medicul Floric\u0103 B\u00eers\u0103\u0219teanu a demisionat din fruntea Sec\u021biei de Radiologie dup\u0103 ce UMFT \u0219i Spitalul Jude\u021bean Timi\u0219oara s-au prins, la trei luni de la numire, c\u0103 l-au \u00eensc\u0103unat \u0219i miruit ilegal\">Somn de voie! Medicul Floric\u0103 B\u00eers\u0103\u0219teanu a demisionat din fruntea Sec\u021biei de Radiologie dup\u0103 ce UMFT \u0219i Spitalul Jude\u021bean Timi\u0219oara s-au prins, la trei&#8230;<\/a><\/h3>\n<\/div>\n<\/div>\n<\/div>\n<div class=\"td_module_flex td_module_flex_1 td_module_wrap td-animation-stack td-meta-info-hide td-cpt-post\">\n<div class=\"td-module-container td-category-pos-image\">\n<div class=\"td-module-meta-info\">\n<h3 class=\"entry-title td-module-title\"><a href=\"https:\/\/voceatimisului.ro\/prof-dr-dorel-sandesc-titularizat-ca-manager-al-spitalului-judetean-timisoara\/\" rel=\"bookmark\" title=\"Prof. dr. Dorel S\u0103ndesc, titularizat ca manager al Spitalului Jude\u021bean Timi\u0219oara\">Prof. dr. Dorel S\u0103ndesc, titularizat ca manager al Spitalului Jude\u021bean Timi\u0219oara<\/a><\/h3>\n<\/div>\n<\/div>\n<\/div>\n<div class=\"td_module_flex td_module_flex_1 td_module_wrap td-animation-stack td-meta-info-hide td-cpt-post\">\n<div class=\"td-module-container td-category-pos-image\">\n<div class=\"td-module-meta-info\">\n<h3 class=\"entry-title td-module-title\"><a href=\"https:\/\/voceatimisului.ro\/evaluare-impersonala-spitalul-judetean-timisoara-a-notat-cu-foarte-bine-si-excelent-aproape-100-de-medici-care-au-externat-cate-un-pacient-pe-an-si-cel-mult-doi-pe-luna\/\" rel=\"bookmark\" title=\"Evaluare (im)personal\u0103! Spitalul Jude\u021bean Timi\u0219oara a notat cu foarte bine \u0219i excelent aproape 100 de medici care au externat c\u00e2te un pacient pe an \u0219i cel mult doi pe lun\u0103\">Evaluare (im)personal\u0103! Spitalul Jude\u021bean Timi\u0219oara a notat cu foarte bine \u0219i excelent aproape 100 de medici care au externat c\u00e2te un pacient pe an&#8230;<\/a><\/h3>\n<\/div>\n<\/div>\n<\/div>\n<\/div>\n<\/div>\n<\/div>\n<\/div>\n<\/div>\n<\/div>\n<\/div>\n<\/div>\n<p><span class=\"td-page-meta\"><\/span><span class=\"td-page-meta\"><span class=\"td-page-meta\"><\/span><\/span><span class=\"td-page-meta\"><\/span><\/article>\n<p> Source URL: https:\/\/voceatimisului.ro\/ministrul-sanatatii-a-decis-schimbarea-managerului-de-la-spitalul-judetean-timisoara\/<\/p>\n","protected":false},"excerpt":{"rendered":"<p>\u0218tiriS\u0103n\u0103tate Ministrul S\u0103n\u0103t\u0103\u021bii a decis schimbarea managerului de la Spitalul Jude\u021bean Timi\u0219oara Autor-Marta Stirbey 1 februarie 2023 3 12914 Facebook Twitter Pinterest WhatsApp Linkedin Copy URL Sorin Barac Dorel Sandesc jpg Investi\u021bie major\u0103 \u00een s\u0103n\u0103tate: Sec\u021bia ATI de la Spitalul Jude\u021bean Timi\u0219oara se extinde cu fonduri europene Incompeten\u021ba lui Fritz las\u0103 Timi\u0219oara f\u0103r\u0103 Spitalul Municipal [&hellip;]<\/p>\n","protected":false},"author":1,"featured_media":1332029,"comment_status":"open","ping_status":"","sticky":false,"template":"","format":"standard","meta":{"footnotes":""},"categories":[89],"tags":[199],"class_list":["post-1332026","post","type-post","status-publish","format-standard","has-post-thumbnail","hentry","category-romania","tag-voceatimisului-ro"],"_links":{"self":[{"href":"https:\/\/analyse.optim.biz\/index.php?rest_route=\/wp\/v2\/posts\/1332026","targetHints":{"allow":["GET"]}}],"collection":[{"href":"https:\/\/analyse.optim.biz\/index.php?rest_route=\/wp\/v2\/posts"}],"about":[{"href":"https:\/\/analyse.optim.biz\/index.php?rest_route=\/wp\/v2\/types\/post"}],"author":[{"embeddable":true,"href":"https:\/\/analyse.optim.biz\/index.php?rest_route=\/wp\/v2\/users\/1"}],"replies":[{"embeddable":true,"href":"https:\/\/analyse.optim.biz\/index.php?rest_route=%2Fwp%2Fv2%2Fcomments&post=1332026"}],"version-history":[{"count":0,"href":"https:\/\/analyse.optim.biz\/index.php?rest_route=\/wp\/v2\/posts\/1332026\/revisions"}],"wp:featuredmedia":[{"embeddable":true,"href":"https:\/\/analyse.optim.biz\/index.php?rest_route=\/wp\/v2\/media\/1332029"}],"wp:attachment":[{"href":"https:\/\/analyse.optim.biz\/index.php?rest_route=%2Fwp%2Fv2%2Fmedia&parent=1332026"}],"wp:term":[{"taxonomy":"category","embeddable":true,"href":"https:\/\/analyse.optim.biz\/index.php?rest_route=%2Fwp%2Fv2%2Fcategories&post=1332026"},{"taxonomy":"post_tag","embeddable":true,"href":"https:\/\/analyse.optim.biz\/index.php?rest_route=%2Fwp%2Fv2%2Ftags&post=1332026"}],"curies":[{"name":"wp","href":"https:\/\/api.w.org\/{rel}","templated":true}]}}