{"id":1331997,"date":"2023-03-09T04:39:03","date_gmt":"2023-03-09T01:39:03","guid":{"rendered":"https:\/\/analyse.optim.biz\/?p=1331997"},"modified":"2023-03-09T04:39:03","modified_gmt":"2023-03-09T01:39:03","slug":"realitatea-crunta-din-spitalul-judetean-timisoara","status":"publish","type":"post","link":"https:\/\/analyse.optim.biz\/?p=1331997","title":{"rendered":"Realitatea crunt\u0103 din Spitalul Jude\u021bean Timi\u0219oara"},"content":{"rendered":"<article id=\"template-id-172790\" class=\"post-172790 tdb_templates type-tdb_templates status-publish post\">\n<div id=\"tdi_52\" class=\"tdc-zone\">\n<div class=\"tdc_zone tdi_53  wpb_row td-pb-row\">\n<div id=\"tdi_54\" class=\"tdc-row stretch_row_1400 td-stretch-content\">\n<div class=\"vc_row tdi_55  wpb_row td-pb-row tdc-element-style\">\n<div class=\"vc_column tdi_57  wpb_column vc_column_container tdc-column td-pb-span8\">\n<div class=\"wpb_wrapper\">\n<div class=\"td_block_wrap tdb_single_categories tdi_58 td-pb-border-top td_block_template_1 \" data-td-block-uid=\"tdi_58\">\n<div class=\"tdb-category td-fix-index\"><a class=\"tdb-entry-category\" href=\"https:\/\/voceatimisului.ro\/category\/stiri-din-timisoara-si-timis\/\">\u0218tiri<\/a><a class=\"tdb-entry-category\" href=\"https:\/\/voceatimisului.ro\/category\/stiri-din-timisoara-si-timis\/sanatate\/\">S\u0103n\u0103tate<\/a><\/div>\n<\/div>\n<div class=\"td_block_wrap tdb_title tdi_59 tdb-single-title td-pb-border-top td_block_template_1\" data-td-block-uid=\"tdi_59\">\n<div class=\"tdb-block-inner td-fix-index\">\n<h1 class=\"tdb-title-text\"><strong>Revolta maselor! Un control inopinat, care dezv\u0103luie realitatea crunt\u0103 din Spitalul Jude\u021bean Timi\u0219oara, a st\u00e2rnit reac\u021bii furibunde din partea \u0219efilor de sec\u021bii clinice<\/strong><\/h1>\n<\/div>\n<\/div>\n<div class=\"vc_row_inner tdi_62  vc_row vc_inner wpb_row td-pb-row\">\n<div class=\"vc_column_inner tdi_64  wpb_column vc_column_container tdc-inner-column td-pb-span6\">\n<div class=\"vc_column-inner\">\n<div class=\"wpb_wrapper\">\n<div class=\"td_block_wrap tdb_single_author tdi_65 td-pb-border-top td_block_template_1 tdb-post-meta\" data-td-block-uid=\"tdi_65\">\n<div class=\"tdb-block-inner td-fix-index\">\n<div class=\"tdb-author-name-wrap\"><span class=\"tdb-author-by\">Autor-<\/span><a class=\"tdb-author-name\" href=\"https:\/\/voceatimisului.ro\/author\/marta-stirbey\/\">Marta Stirbey<\/a><\/div>\n<\/div>\n<\/div>\n<div class=\"td_block_wrap tdb_single_date tdi_66 td-pb-border-top td_block_template_1 tdb-post-meta\" data-td-block-uid=\"tdi_66\">\n<div class=\"tdb-block-inner td-fix-index\"><time class=\"entry-date updated td-module-date\" datetime=\"2023-03-09T06:39:03+02:00\">9 martie 2023<\/time><\/div>\n<\/div>\n<div class=\"td_block_wrap tdb_single_comments_count tdi_67 td-pb-border-top td_block_template_1 tdb-post-meta\" data-td-block-uid=\"tdi_67\">\n<div class=\"tdb-block-inner td-fix-index\"><a href=\"https:\/\/voceatimisului.ro\/revolta-maselor-un-control-inopinat-care-dezvaluie-realitatea-crunta-din-spitalul-judetean-timisoara-a-starnit-reactii-furibunde-din-partea-sefilor-de-sectii-clinice\/#comments\"><span>5<\/span><\/a><\/div>\n<\/div>\n<div class=\"td_block_wrap tdb_single_post_views tdi_68 td-pb-border-top td_block_template_1 tdb-post-meta\" data-td-block-uid=\"tdi_68\">\n<div class=\"tdb-block-inner td-fix-index\"><span class=\"tdb-add-text\">1<\/span><span class=\"td-nr-views-155478\">9164<\/span><\/div>\n<\/div>\n<\/div>\n<\/div>\n<\/div>\n<div class=\"vc_column_inner tdi_70  wpb_column vc_column_container tdc-inner-column td-pb-span6\">\n<div class=\"vc_column-inner\">\n<div class=\"wpb_wrapper\">\n<div class=\"td_block_wrap tdb_single_post_share tdi_71  td-pb-border-top td_block_template_1\" data-td-block-uid=\"tdi_71\">\n<div id=\"tdi_71\" class=\"td-post-sharing tdb-block td-ps-bg td-ps-notext td-post-sharing-style1 \">\n<div class=\"td-post-sharing-visible\"><a class=\"td-social-sharing-button td-social-sharing-button-js td-social-network td-social-facebook\" href=\"https:\/\/www.facebook.com\/sharer.php?u=https%3A%2F%2Fvoceatimisului.ro%2Frevolta-maselor-un-control-inopinat-care-dezvaluie-realitatea-crunta-din-spitalul-judetean-timisoara-a-starnit-reactii-furibunde-din-partea-sefilor-de-sectii-clinice%2F\" title=\"Facebook\" rel=\"noopener\"><\/p>\n<div class=\"td-social-but-text\">Facebook<\/div>\n<p><\/a><a class=\"td-social-sharing-button td-social-sharing-button-js td-social-network td-social-twitter\" href=\"https:\/\/twitter.com\/intent\/tweet?text=%3Cstrong%3ERevolta+maselor%21+Un+control+inopinat%2C+care+dezv%C4%83luie+realitatea+crunt%C4%83+din+Spitalul+Jude%C8%9Bean+Timi%C8%99oara%2C+a+st%C3%A2rnit+reac%C8%9Bii+furibunde+din+partea+%C8%99efilor+de+sec%C8%9Bii+clinice%3C%2Fstrong%3E&amp;url=https%3A%2F%2Fvoceatimisului.ro%2Frevolta-maselor-un-control-inopinat-care-dezvaluie-realitatea-crunta-din-spitalul-judetean-timisoara-a-starnit-reactii-furibunde-din-partea-sefilor-de-sectii-clinice%2F&amp;via=Vocea+Timisului\" title=\"Twitter\" rel=\"noopener\"><\/p>\n<div class=\"td-social-but-text\">Twitter<\/div>\n<p><\/a><a class=\"td-social-sharing-button td-social-sharing-button-js td-social-network td-social-pinterest\" href=\"https:\/\/pinterest.com\/pin\/create\/button\/?url=https:\/\/voceatimisului.ro\/revolta-maselor-un-control-inopinat-care-dezvaluie-realitatea-crunta-din-spitalul-judetean-timisoara-a-starnit-reactii-furibunde-din-partea-sefilor-de-sectii-clinice\/&amp;media=https:\/\/voceatimisului.ro\/wp-content\/uploads\/2023\/03\/Dodo-Sandesc-Jenel-Patrascu-jpg.webp&amp;description=%3Cstrong%3ERevolta+maselor%21+Un+control+inopinat%2C+care+dezv%C4%83luie+realitatea+crunt%C4%83+din+Spitalul+Jude%C8%9Bean+Timi%C8%99oara%2C+a+st%C3%A2rnit+reac%C8%9Bii+furibunde+din+partea+%C8%99efilor+de+sec%C8%9Bii+clinice%3C%2Fstrong%3E\" title=\"Pinterest\" rel=\"noopener\"><\/p>\n<div class=\"td-social-but-text\">Pinterest<\/div>\n<p><\/a><a class=\"td-social-sharing-button td-social-sharing-button-js td-social-network td-social-whatsapp\" href=\"https:\/\/api.whatsapp.com\/send?text=%3Cstrong%3ERevolta+maselor%21+Un+control+inopinat%2C+care+dezv%C4%83luie+realitatea+crunt%C4%83+din+Spitalul+Jude%C8%9Bean+Timi%C8%99oara%2C+a+st%C3%A2rnit+reac%C8%9Bii+furibunde+din+partea+%C8%99efilor+de+sec%C8%9Bii+clinice%3C%2Fstrong%3E%20%0A%0A%20https:\/\/voceatimisului.ro\/revolta-maselor-un-control-inopinat-care-dezvaluie-realitatea-crunta-din-spitalul-judetean-timisoara-a-starnit-reactii-furibunde-din-partea-sefilor-de-sectii-clinice\/\" title=\"WhatsApp\" rel=\"noopener\"><\/p>\n<div class=\"td-social-but-text\">WhatsApp<\/div>\n<p><\/a><a class=\"td-social-sharing-button td-social-sharing-button-js td-social-network td-social-linkedin\" href=\"https:\/\/www.linkedin.com\/shareArticle?mini=true&amp;url=https:\/\/voceatimisului.ro\/revolta-maselor-un-control-inopinat-care-dezvaluie-realitatea-crunta-din-spitalul-judetean-timisoara-a-starnit-reactii-furibunde-din-partea-sefilor-de-sectii-clinice\/&amp;title=%3Cstrong%3ERevolta+maselor%21+Un+control+inopinat%2C+care+dezv%C4%83luie+realitatea+crunt%C4%83+din+Spitalul+Jude%C8%9Bean+Timi%C8%99oara%2C+a+st%C3%A2rnit+reac%C8%9Bii+furibunde+din+partea+%C8%99efilor+de+sec%C8%9Bii+clinice%3C%2Fstrong%3E\" title=\"Linkedin\" rel=\"noopener\"><\/p>\n<div class=\"td-social-but-text\">Linkedin<\/div>\n<p><\/a><a class=\"td-social-sharing-button td-social-sharing-button-js td-social-network td-social-copy_url\" href=\"https:\/\/voceatimisului.ro\/revolta-maselor-un-control-inopinat-care-dezvaluie-realitatea-crunta-din-spitalul-judetean-timisoara-a-starnit-reactii-furibunde-din-partea-sefilor-de-sectii-clinice\/\" title=\"Copy URL\" rel=\"noopener\"><\/p>\n<div class=\"td-social-but-text\">Copy URL<\/div>\n<p><\/a><\/div>\n<\/div>\n<\/div>\n<\/div>\n<\/div>\n<\/div>\n<\/div>\n<div class=\"td_block_wrap tdb_single_featured_image tdi_72 tdb-content-horiz-left td-pb-border-top td_block_template_1\" data-td-block-uid=\"tdi_72\">\n<div class=\"tdb-block-inner td-fix-index\">\n<figure><img loading=\"lazy\" decoding=\"async\" width=\"696\" height=\"397\" class=\"entry-thumb\" src=\"https:\/\/analyse.optim.biz\/wp-content\/uploads\/2026\/01\/dodo-sandesc-jenel-patrascu-jpg-696x397-1.webp\" alt=\"Dodo Sandesc Jenel Patrascu jpg\" title=\"Dodo Sandesc Jenel Patrascu jpg\"><figcaption class=\"tdb-caption-text\">Dodo Sandesc Jenel Patrascu jpg<\/figcaption><\/figure>\n<\/div>\n<\/div>\n<div class=\"vc_row_inner tdi_74  vc_row vc_inner wpb_row td-pb-row\">\n<div class=\"vc_column_inner tdi_76  wpb_column vc_column_container tdc-inner-column td-pb-span4 td-is-sticky\">\n<div class=\"vc_column-inner\">\n<div class=\"wpb_wrapper\" data-sticky-enabled-on=\"W3RydWUsdHJ1ZSx0cnVlLHRydWVd\" data-sticky-offset=\"20\" data-sticky-is-width-auto=\"W2ZhbHNlLGZhbHNlLGZhbHNlLGZhbHNlXQ==\">\n<div class=\"td_block_wrap td_flex_block_1 tdi_77 td-pb-border-top td_block_template_1 td_ajax_preloading_preload td_flex_block\" data-td-block-uid=\"tdi_77\">\n<div id=\"tdi_77\" class=\"td_block_inner td-mc1-wrap\">\n<div class=\"td_module_flex td_module_flex_1 td_module_wrap td-animation-stack td-meta-info-hide td-cpt-post\">\n<div class=\"td-module-container td-category-pos-image\">\n<div class=\"td-module-meta-info\">\n<h3 class=\"entry-title td-module-title\"><a href=\"https:\/\/voceatimisului.ro\/institutul-oncologic-timisoara-incepe-constructia-dupa-demolarea-cladirii-abandonate\/\" rel=\"bookmark\" title=\"Institutul Oncologic Timi\u0219oara: \u00eencepe construc\u021bia, dup\u0103 demolarea cl\u0103dirii abandonate\">Institutul Oncologic Timi\u0219oara: \u00eencepe construc\u021bia, dup\u0103 demolarea cl\u0103dirii abandonate<\/a><\/h3>\n<\/div>\n<\/div>\n<\/div>\n<div class=\"td_module_flex td_module_flex_1 td_module_wrap td-animation-stack td-meta-info-hide td-cpt-post\">\n<div class=\"td-module-container td-category-pos-image\">\n<div class=\"td-module-meta-info\">\n<h3 class=\"entry-title td-module-title\"><a href=\"https:\/\/voceatimisului.ro\/investitie-majora-in-sanatate-sectia-ati-de-la-spitalul-judetean-timisoara-se-extinde-cu-fonduri-europene\/\" rel=\"bookmark\" title=\"Investi\u021bie major\u0103 \u00een s\u0103n\u0103tate: Sec\u021bia ATI de la Spitalul Jude\u021bean Timi\u0219oara se extinde cu fonduri europene\">Investi\u021bie major\u0103 \u00een s\u0103n\u0103tate: Sec\u021bia ATI de la Spitalul Jude\u021bean Timi\u0219oara se extinde cu fonduri europene<\/a><\/h3>\n<\/div>\n<\/div>\n<\/div>\n<div class=\"td_module_flex td_module_flex_1 td_module_wrap td-animation-stack td-meta-info-hide td-cpt-post\">\n<div class=\"td-module-container td-category-pos-image\">\n<div class=\"td-module-meta-info\">\n<h3 class=\"entry-title td-module-title\"><a href=\"https:\/\/voceatimisului.ro\/achizitii-nesanatoase-spitalul-judetean-timisoara-a-fortat-legea-pentru-a-prelungi-cu-un-an-contractul-de-hrana-pentru-pacienti-in-favoarea-unei-firme-abonate-la-bucataria-statului-cu-contracte-de\/\" rel=\"bookmark\" title=\"Achizi\u021bii (ne)s\u0103n\u0103toase! Spitalul Jude\u021bean Timi\u0219oara a for\u021bat legea pentru a prelungi cu un an contractul de hran\u0103 pentru pacien\u021bi, \u00een favoarea unei firme abonate la buc\u0103t\u0103ria statului cu contracte de milioane de euro\">Achizi\u021bii (ne)s\u0103n\u0103toase! Spitalul Jude\u021bean Timi\u0219oara a for\u021bat legea pentru a prelungi cu un an contractul de hran\u0103 pentru pacien\u021bi, \u00een favoarea unei firme abonate&#8230;<\/a><\/h3>\n<\/div>\n<\/div>\n<\/div>\n<div class=\"td_module_flex td_module_flex_1 td_module_wrap td-animation-stack td-meta-info-hide td-cpt-post\">\n<div class=\"td-module-container td-category-pos-image\">\n<div class=\"td-module-meta-info\">\n<h3 class=\"entry-title td-module-title\"><a href=\"https:\/\/voceatimisului.ro\/somn-de-voie-medicul-florica-birsasteanu-a-demisionat-din-fruntea-sectiei-de-radiologie-dupa-ce-umft-si-spitalul-judetean-timisoara-s-au-prins-la-trei-luni-de-la-numire-ca-l-au-inscaunat-si-miruit\/\" rel=\"bookmark\" title=\"Somn de voie! Medicul Floric\u0103 B\u00eers\u0103\u0219teanu a demisionat din fruntea Sec\u021biei de Radiologie dup\u0103 ce UMFT \u0219i Spitalul Jude\u021bean Timi\u0219oara s-au prins, la trei luni de la numire, c\u0103 l-au \u00eensc\u0103unat \u0219i miruit ilegal\">Somn de voie! Medicul Floric\u0103 B\u00eers\u0103\u0219teanu a demisionat din fruntea Sec\u021biei de Radiologie dup\u0103 ce UMFT \u0219i Spitalul Jude\u021bean Timi\u0219oara s-au prins, la trei&#8230;<\/a><\/h3>\n<\/div>\n<\/div>\n<\/div>\n<\/div>\n<\/div>\n<div class=\"tdb-author-box td_block_wrap tdb_single_author_box tdi_82 tdb-content-vert-top td-pb-border-top td_block_template_1\" data-td-block-uid=\"tdi_82\">\n<div class=\"tdb-block-inner td-fix-index\">\n<div class=\"tdb-author-info\"><a href=\"https:\/\/voceatimisului.ro\/author\/marta-stirbey\/\" class=\"tdb-author-name\">Marta Stirbey<\/a><\/p>\n<div class=\"tdb-author-descr\">\u00centreaga responsabilitate a comentariilor l\u0103sate de dumneavoastr\u0103 v\u0103 apar\u021bine!<br \/>\nClick <a href=\"https:\/\/voceatimisului.ro\/termeni-si-conditii\/\">aici<\/a>-citeste condi\u0163iile de utilizare ale site-ului www.voceatimisului.ro<\/div>\n<\/div>\n<\/div>\n<\/div>\n<\/div>\n<\/div>\n<\/div>\n<div class=\"vc_column_inner tdi_84  wpb_column vc_column_container tdc-inner-column td-pb-span8\">\n<div class=\"vc_column-inner\">\n<div class=\"wpb_wrapper\">\n<div class=\"td_block_wrap tdb_single_content tdi_85 td-pb-border-top td_block_template_1 td-post-content tagdiv-type\" data-td-block-uid=\"tdi_85\">\n<div class=\"tdb-block-inner td-fix-index\">\n<h5 class=\"wp-block-heading\" id=\"h-inainte-de-toate-ca-sa-nu-existe-exerci\u021bii-sau-derapaje-de-imagina\u021bie-revolta-maselor-care-a-avut-loc-luni-seara-in-cea-mai-mare-unitate-sanitara-din-vestul-romaniei-nu-are-nicio-legatura-cu-titlul-celebrului-volum-al-lui-jose-ortega-y-gasset-semnat-in-acel-moment-critic-al-interbelicului-cand-democra\u021bia-in-sensul-ei-tradi\u021bional-incepea-sa-apuna-\u0219i-din-fericire-nici-nu-ar-fi-avut-cum-sa-existe-vreo-conexiune-intre-cele-doua-lumi-paralele-nici-macar-la-nivel-de-celula-atat-timp-cat-republica-ideala-a-filosofului-spaniol-graviteaza-in-jurul-ideii-de-dictatura-a-majorita\u021bii-iar-managementul-sec\u021biilor-clinice-din-spitale-de-stat-are-la-baza-exclusiv-un-autoritarism-al-minorita\u021bii\">\u00cenainte de toate, ca s\u0103 nu existe exerci\u021bii sau derapaje de imagina\u021bie, revolta maselor, care a avut loc luni sear\u0103, \u00een cea mai mare unitate sanitar\u0103 din vestul Rom\u00e2niei, nu are nicio leg\u0103tur\u0103 cu titlul celebrului volum al lui Jose Ortega Y Gasset, semnat \u00een acel moment critic al interbelicului c\u00e2nd democra\u021bia, \u00een sensul ei tradi\u021bional, \u00eencepea s\u0103 apun\u0103! \u0218i, din fericire, nici nu ar fi avut cum s\u0103 existe vreo conexiune \u00eentre cele dou\u0103 lumi paralele, nici m\u0103car la nivel de celul\u0103, at\u00e2t timp c\u00e2t republica ideal\u0103 a filosofului spaniol graviteaz\u0103 \u00een jurul ideii de dictatur\u0103 a majorit\u0103\u021bii, iar managementul sec\u021biilor clinice din spitale de stat are la baz\u0103, exclusiv, un autoritarism al minorit\u0103\u021bii.<\/h5>\n<p>Una peste alta, \u00een urm\u0103 cu doar c\u00e2teva zile, monocra\u021bia \u0219i caporalismul din sistemul public de s\u0103n\u0103tate, a\u0219a cum rezult\u0103 din probe certe, care se reg\u0103sesc pe grupurile interne de WhatsApp ale Spitalului Clinic Jude\u021bean de Urgen\u021b\u0103 \u201dPius Br\u00eenzeu\u201d Timi\u0219oara, a r\u0103bufnit \u0219i a semnalizat. Din nou, a dat pe dinafar\u0103, at\u00e2t la propriu, c\u00e2t \u0219i la figurat! <\/p>\n<p>M\u0103rul discordiei: <strong>concluziile unei verific\u0103ri interne \u0219i neanun\u021bate, pe toate sec\u021biile clinice din cadrul unit\u0103\u021bii sanitare<\/strong>. \u0218i, cum era de a\u0219teptat, av\u00e2nd \u00een vedere \u0219i o serie \u00eentreag\u0103 de semnale publice negative, impresiile <em>corpului de control<\/em>, ca urmare a contravizitei pe etajele unit\u0103\u021bii sanitare, au fost unele pe m\u0103sura stabilimentului \u2013 jale cu J mare!<\/p>\n<p>Acum, ca lucrurile s\u0103 fie clare de la bun \u00eenceput, ancheta intern\u0103 a SCJUT a avut loc pe data de 6 martie a.c., pe sear\u0103. Nu pe zi \u0219i nici pe noapte! E foart\u0103 important\u0103 men\u021biunea, tocmai pentru c\u0103, verific\u0103rile de acum c\u00e2teva zile, au avut un singur scop: <strong>fumatul \u00een spital<\/strong>! Cert e c\u0103, dac\u0103 ancheta intern\u0103 s-ar fi f\u0103cut diminea\u021ba, la vreo maxim dou\u0103 ceasuri de la \u00eenceperea programului de lucru, cu siguran\u021b\u0103, suprizele ar fi fost \u0219i mai mari. <\/p>\n<p>\u00cen aceast\u0103 situa\u021bie, mai mult ca sigur, concluziile <em>corpului de control<\/em> nu ar fi v\u0103zut niciodat\u0103 lumina zilei c\u0103ci <strong>absenteismul \u00een mas\u0103, clonarea \u0219i teleportarea, \u00een favoarea muncii la privat \u0219i a altor activit\u0103\u021bi extraprofesionale, \u00een timpul serviciului de la stat, sunt la mod\u0103 la SCJUT<\/strong>, a\u0219a cum o s\u0103 v\u0103 l\u0103muri\u021bi \u00een s\u0103pt\u0103m\u00e2nile urm\u0103toare.<\/p>\n<p>Nici dac\u0103 verific\u0103rile ar fi avut loc noaptea, cea mai mare unitate sanitar\u0103 din vestul Rom\u00e2niei n-ar fi stat mai bine, la capitolul concluzii scrise! <strong>Nu de alta dar \u0219i aici, unii sunt cu g\u0103rzile doar pe h\u00e2rtie \u0219i dorm acas\u0103 la c\u0103lduric\u0103, \u00een timp ce \u00eencaseaz\u0103 \u0219i b\u0103nu\u021bii, iar al\u021bii sunt pe metereze \u0219i dau piept cu pacien\u021bii, legaliz\u00e2nd documente medicale cu codul \u0219i \u0219tampila titularului de gard\u0103<\/strong>! <\/p>\n<p>A\u0219adar, dincolo de problemele legate de tabacismul medical, dac\u0103 tot se vrea reform\u0103, Spitalul Jude\u021bean Timi\u0219oara mai are de reglat dou\u0103 mari probleme, care treneaz\u0103 de ani de zile, \u00een favoarea privatului: <em>examenele de imagistic\u0103 medical\u0103 \u0219i, evident, respectarea programului de lucru<\/em>! Nu de alta, dar niciun medic nu poate fi, \u00een acela\u0219i timp, pontat \u00een dou\u0103 locuri diferite! A\u0219a cum niciunul nu poate fi \u00een concediu medical la stat \u0219i extrem de activ la privat!<\/p>\n<p><strong>Concluzii scrise<\/strong><\/p>\n<p>\u0218i p\u00e2n\u0103 c\u00e2nd SCJUT va demonstra c\u0103, \u00eentr-adev\u0103r, dore\u0219te reform\u0103 \u00een interesul pacientului, nu doar gargar\u0103 medical\u0103, r\u0103m\u00e2nem la concluziile anti-fumat, a\u0219a cum rezult\u0103 acestea din comunicarea managementului unit\u0103\u021bii sanitare c\u0103tre \u0219efii de sec\u021bii clinice: <strong>\u201d<em>Asear\u0103 am f\u0103cut o vizit\u0103 inopinat\u0103 \u00een cl\u0103direa central\u0103, Ortopedie \u0219i Casa Austria. Tema a fost fumatul \u00een spital. Pe l\u00e2ng\u0103 faptul c\u0103 au fost g\u0103site persoane care fumeaz\u0103 \u0219i locuri \u00een care este plin de scrumiere pline \u0219i pachete de \u021big\u0103ri (<u>oficii alimentare, camere de gard\u0103 medici \u0219i sc\u0103ri de evacuare<\/u>), \u00een marea majoritate a sec\u021biilor \u00een care am fost, NIMENI nu ne-a \u00eentrebat ce c\u0103ut\u0103m sau mai r\u0103u nimeni nu ne-a pus s\u0103 ne echip\u0103m\u2026 puteam s\u0103 lu\u0103m orice, inclusiv s\u0103 fur\u0103m pacien\u021bii din saloane\u2026<\/em>\u201d<\/strong><\/p>\n<p>Povestea merge mai departe, nu de alta, dar ceea ce a fost consfin\u021bit de c\u0103tre SCJUT, \u00een form\u0103 scris\u0103, nu face dec\u00e2t s\u0103 confirme ceea ce, oricum, to\u021bi pacien\u021bii celui mai mare spital din vestul Rom\u00e2niei au tr\u0103it-o pe propria lor piele: <strong>\u201d<em><u>Nu este posibil s\u0103 c\u0103ut\u0103m personalul medical pe sec\u021bie \u0219i\u2026 to\u021bi s\u0103 fie \u00een oficiu<\/u>. Sper c\u0103, \u00eencep\u00e2nd de azi, s\u0103 con\u0219tientiz\u0103m c\u0103 nu este ok aceast\u0103 atitudine \u0219i, la urm\u0103toarea vizit\u0103 inopinat\u0103, care poate fi f\u0103cut\u0103 chiar noaptea, s\u0103 nu v\u0103 mai scriu aspecte negative<\/em>\u201d.<\/strong><\/p>\n<p>Cu alte cuvinte, dac\u0103 e s\u0103 \u021binem cont de cele dou\u0103 concluzii scurte, transmise \u00een grupul intern al \u0219efilor de sec\u021bie clinic\u0103 din SCJUT, se desprind dou\u0103 lucruri: c\u0103 spitalul e sat f\u0103r\u0103 c\u00e2ini (intr\u0103 cine vrea \u0219i se plimb\u0103 cum vrea, f\u0103r\u0103 ca nimeni s\u0103 aib\u0103 vreo grij\u0103) \u0219i, mai mult dec\u00e2t orice, c\u0103 personalul medical, aflat \u00een tur\u0103, \u00een loc s\u0103 stea la capul pacientului, zace la taclale, la odihn\u0103 \u0219i la fumat prin cabinete!<\/p>\n<p>Tot conform probelor de pe WhatsApp, ata\u0219ate la finalul textului, ultimul cuv\u00e2nt, vizavi de concluziile scurte ale corpului de control intern, i-a apar\u021binut managerului institu\u021biei, prof. dr. Dorel S\u0103ndescu: <strong>\u201d<em><u>Constat\u0103rile sunt crunte, am v\u0103zut fotografiile\u2026 e grav, cred c\u0103 se vor aplica sanc\u021biuni \u0219i nu pot s\u0103 le contrazic \u00een fa\u021ba realit\u0103\u021bii. La fel de serioase sunt \u0219i problemele de atitudine \u0219i \u00eendeplinirea sarcinilor de serviciu. Vreau s\u0103 ne respect\u0103m, s\u0103 ne sim\u021bim bine \u00eempreun\u0103 dar pentru asta este o condi\u021bie necesar\u0103 \u0219i obligatorie \u2013 \u00eent\u00e2i s\u0103 ne facem treaba cu responsabilitate \u0219i cu bun-sim\u021b<\/u><\/em>\u201d.<\/strong><\/p>\n<p>Adev\u0103rul e c\u0103, din acest punct, a \u00eenceput \u0219i haos-ul. \u0218i tonul, chiar dac\u0103 ceilal\u021bi l-au dat \u00een discu\u021bii private \u0219i \u00een afara grupului intern al SCJUT, a pornit de la prof. dr. Jenel P\u0103tra\u0219cu, \u0219ef Sec\u021bie Ortopedie 2 care, \u00een afar\u0103 de cinisme \u0219i ironii, a dat cu barda cu mult\u0103 sete \u0219i \u00een toate direc\u021biile: <strong>\u201d<em>M\u0103 bucur c\u0103 ac\u021biunile impubere care s-au desf\u0103\u0219urat \u00een cl\u0103diri \u00een care nu s-a mai investit din 2013. E foarte bine s\u0103 g\u0103sim vinova\u021bi, fiind trotineti\u0219ti! E &lt;crunt&gt; s\u0103 avem &lt;constat\u0103ri&gt; c\u00e2nd ar trebui s\u0103 avem rezolv\u0103ri! Dar c\u00e2nd nu po\u021bi, c\u00e2nd nu-\u021bi iube\u0219ti so\u021bia, \u00eei cau\u021bi amant imaginar ca s\u0103-i sco\u021bi ochii. Nu mai vorbesc de ecuson. Infractorii\u2026<\/em>\u201d.<\/strong><\/p>\n<p>E c\u00e2t se poate de limpede c\u0103 termenul de <em>impubere<\/em> e cu trimitere direct\u0103 la v\u00e2rsta managerului medical al SCJUT, t\u00e2n\u0103ra dr. Corina Dumbuleu, a\u0219a cum citatele ortopedului Jenel P\u0103tra\u0219cu, referitoare la <em>crunt \u0219i constat\u0103ri<\/em>, sunt s\u0103ge\u021bi trimise \u00een direc\u021bia anestezistului Dodo S\u0103ndesc.<\/p>\n<p>\u0218i alocu\u021biunea distinsului \u0219ef Sec\u021bie Ortopedie continu\u0103: <strong>\u201d<em>A\u0219tept vizita onorat a domni\u0219oarei director medical la raportul misogin de gard\u0103. <u>S\u0103 ne explice cum se face medicina, c\u00e2nd nu \u0219ti a scrie diagnosticul sau nu ai cu ce opera<\/u>. Pe bune? C\u0103 fumez, nu primesc tije sau proteze? Eu sunt suficient de modest, s\u0103 nu port ecuson. <u>C\u0103 nu m\u0103 \u0219tie domni\u0219oara? C\u0103 nu a auzit nimeni de ea, cine e? Apropos, cine e<\/u>? V\u0103 a\u0219tept \u00een sala de opera\u021bie c\u00e2nd trebuie spus pacientului \u2013 noi nu fum\u0103m, avem ecuson, dar nu avem materiale, dar uite ce frumos ne purt\u0103m! De 5 stele. <u>Speram s\u0103 v\u0103 treziti. No chance<\/u>! M\u0103car Craina a vopsit un pic la Ortopedie, pe sec\u021bie. Blocul oprator ar trebui \u00eenchis, dar cui \u00eei pas\u0103? Dar lumea fumeaz\u0103 \u0219i nu are ecuson. Pfff\u2026<\/em>\u201d.<\/strong><\/p>\n<p><strong>G\u0103leata cu surpize<\/strong><\/p>\n<p>Oricum, a\u0219a cum rezult\u0103 din conversa\u021biile de pe grupul intern de WhatsApp al \u0219efilor de sec\u021bii clinice din SCJUT, dar \u0219i din alte probe conexe, discu\u021biile pe paliere au degenerate. Cert e c\u0103, din nou, prof. dr. Jenel P\u0103tra\u0219cu a m\u0103rit miza jocului, ata\u0219\u00e2nd discu\u021biilor \u0219i c\u00e2teva fotografii, absolut sugestive, dincolo de ironii \u0219i vorbe cu t\u00e2lc:<strong> \u201d<em><u>\u0218tie domni\u0219oara doctor c\u0103 odat\u0103 pe s\u0103pt\u0103m\u00e2n\u0103 fecalele sunt \u00een subsol. Ale pacien\u021bilor pe care vrea s\u0103-i &lt;fure&gt;<\/u>! Poza e de ieri. Aici v\u0103 a\u0219tept\u00a0 la o vizit\u0103 inopinat\u0103, apoi la premierele na\u021bionale din sala de opera\u021bii! Aia cu porumbei \u00een geam! Nici nu m\u0103 a\u0219teptam s\u0103 ave\u021bi vreo reac\u021bie. Doar c\u00e2nd ave\u021bi nevoie sau ajunge\u021bi la oase rupte. \u0218i veni\u021bi la neecusona\u021bii fum\u0103tori! Pfff\u2026<\/em>\u201d.<\/strong><\/p>\n<p>Adev\u0103rul e c\u0103 dup\u0103 acest expozeu de zile mari, \u00een care <em>fecalele<\/em> zburau \u00een toate direc\u021biile, ceva s-a \u00eent\u00e2mplat c\u0103ci, conform probelor, din negru mat, totul a devenit\u2026 de un alb imaculat. Absolut, orbitor! \u0218i, odat\u0103 cu nuan\u021bele deschise, s-a schimbat \u0219i discursul prof. dr. Jenel P\u0103tra\u0219cu care, dintr-un nihilist convins, s-a transformat \u00eentr-un adev\u0103rat patriot \u0219i frenetic sus\u021bin\u0103tor al managementului SCJUT: <strong>\u201d<em>Am vorbit \u0219i, \u00een sf\u00e2r\u0219it, am \u00een\u021beles c\u0103 este cineva care chiar vrea s\u0103 fac\u0103 tot ce e necesar, s\u0103 fim \u00een r\u00e2nd cu lumea, a\u0219a cum sec\u021bia ATI este \u00een \u021bar\u0103 \u0219i \u00een str\u0103in\u0103tate. <u>Mul\u021bumesc mult, Dodo, pentru toate luptele \u0219i sacrificiile tale. Nu e u\u0219or, \u00een condi\u021biile de azi, s\u0103 realizezi at\u00e2tea proiecte. Felicit\u0103ri \u0219i apreciem! Restul trebuie s\u0103 fie normalitate! Ne dorim s\u0103 intr\u0103m \u00een Europa cu fruntea sus<\/u><\/em>\u201d.<\/strong><\/p>\n<p>A\u0219adar, dup\u0103 cum rezult\u0103 din probe, r\u0103zmeri\u021ba din SCJUT \u0219i discursul revolu\u021bionar al \u0219efului de pe Sec\u021bia Ortopedie 2, \u00eempotriva campaniei antifumat \u0219i a concluziilor scrise, demarat\u0103 \u0219i etalat\u0103 de managementul celei mai mare unit\u0103\u021bi sanitare din vestul Rom\u00e2niei, a durat doar c\u00e2teva minute. <\/p>\n<p>\u0218i, din nou, p\u00e2n\u0103 la urm\u0103toarele descinderi inopinate ale corpului de control medical, totul e lapte \u0219i miere \u00een parohia prof. dr. Dorel S\u0103ndesc: submarinele pacien\u021bilor nu mai plutesc, \u00een voie, prin subsolurile de la Ortopedie, magaziile sunt pline de medicamente \u0219i materiale sanitare, s\u0103lile de opera\u021bii sunt ca-n Europa \u0219i nu mai trebuiesc \u00eenchise, nu e nicio problem\u0103 ca medicii s\u0103 stea printre pacien\u021bi, nu prin cabinete. \u0218i, mai mult dec\u00e2t orice, toat\u0103 lumea se las\u0103 de fumat prin SCJUT, \u00een frunte cu prof. dr. Jenel P\u0103tra\u0219cu!<\/p>\n<p>Adev\u0103rul e c\u0103 prof.dr. Dorel S\u0103ndesc, folosind acelea\u0219i tehnici ascu\u021bite de comunicare \u0219i persuasiune, pe care le-a uzitat \u00een cazul omologului s\u0103u Jenel P\u0103tra\u0219cu, mai are o \u0219ans\u0103 s\u0103-\u0219i exerseze veleit\u0103\u021bile de mare dreg\u0103tor \u0219i la Casa Austria. Chiar acolo unde, \u00een scris, un alt distins cadru medical a fost acuzat de c\u0103tre colegii s\u0103i, negru pe alb, c\u0103-\u0219i uit\u0103 resturile de m\u00e2ncare\u2026 de prin colon, \u00een du\u0219urile de pe Sec\u021bia de Politraumatologie. De i-a dus la disperare \u0219i \u00een pragul icterului mecanic pe to\u021bi absolven\u021bii de UMF Timi\u0219oara!<\/p>\n<p>Dac\u0103 o rezolv\u0103 \u0219i pe asta \u0219i aduce pacea la Politraum\u0103, sub acela\u0219i refren de respect reciproc \u0219i responsabilitate, abia atunci, managerul Spitalului Jude\u021bean Timi\u0219oara merit\u0103 suma tuturor respectelor si urarea c\u0103lduroas\u0103: Bravo, Dodo! A\u0219a, da!<\/p>\n<figure class=\"wp-block-gallery has-nested-images columns-default is-cropped wp-block-gallery-1 is-layout-flex wp-block-gallery-is-layout-flex\">\n<figure class=\"wp-block-image size-large\"><img loading=\"lazy\" decoding=\"async\" width=\"473\" height=\"1024\" data-id=\"155485\" src=\"https:\/\/analyse.optim.biz\/wp-content\/uploads\/2026\/01\/spitalul-judetean-timisoara4.jpg\" alt=\"&lt;strong&gt;Revolta maselor! Un control inopinat, care dezv\u0103luie realitatea crunt\u0103 din Spitalul Jude\u021bean Timi\u0219oara, a st\u00e2rnit reac\u021bii furibunde din partea \u0219efilor de sec\u021bii clinice&lt;\/strong&gt;\" class=\"wp-image-155485\" title=\"spitalul-judetean-timisoara4\"><\/figure>\n<figure class=\"wp-block-image size-large\"><img loading=\"lazy\" decoding=\"async\" width=\"473\" height=\"1024\" data-id=\"155484\" src=\"https:\/\/analyse.optim.biz\/wp-content\/uploads\/2026\/01\/spitalul-judetean-timisoara1.jpg\" alt=\"&lt;strong&gt;Revolta maselor! Un control inopinat, care dezv\u0103luie realitatea crunt\u0103 din Spitalul Jude\u021bean Timi\u0219oara, a st\u00e2rnit reac\u021bii furibunde din partea \u0219efilor de sec\u021bii clinice&lt;\/strong&gt;\" class=\"wp-image-155484\" title=\"spitalul-judetean-timisoara1\"><\/figure>\n<figure class=\"wp-block-image size-large\"><img loading=\"lazy\" decoding=\"async\" width=\"473\" height=\"1024\" data-id=\"155483\" src=\"https:\/\/analyse.optim.biz\/wp-content\/uploads\/2026\/01\/spitalul-judetean-timisoara3.jpg\" alt=\"&lt;strong&gt;Revolta maselor! Un control inopinat, care dezv\u0103luie realitatea crunt\u0103 din Spitalul Jude\u021bean Timi\u0219oara, a st\u00e2rnit reac\u021bii furibunde din partea \u0219efilor de sec\u021bii clinice&lt;\/strong&gt;\" class=\"wp-image-155483\" title=\"spitalul-judetean-timisoara3\"><\/figure>\n<figure class=\"wp-block-image size-large\"><img decoding=\"async\" loading=\"lazy\" width=\"473\" height=\"1024\" data-id=\"155482\" src=\"https:\/\/analyse.optim.biz\/wp-content\/uploads\/2026\/01\/spitalul-judetean-timisoara2.jpg\" alt=\"&lt;strong&gt;Revolta maselor! Un control inopinat, care dezv\u0103luie realitatea crunt\u0103 din Spitalul Jude\u021bean Timi\u0219oara, a st\u00e2rnit reac\u021bii furibunde din partea \u0219efilor de sec\u021bii clinice&lt;\/strong&gt;\" class=\"wp-image-155482\" title=\"spitalul-judetean-timisoara2\"><\/figure>\n<figure class=\"wp-block-image size-large\"><img decoding=\"async\" loading=\"lazy\" width=\"473\" height=\"1024\" data-id=\"155481\" src=\"https:\/\/analyse.optim.biz\/wp-content\/uploads\/2026\/01\/spitalul-judetean-timisoara5.jpg\" alt=\"&lt;strong&gt;Revolta maselor! Un control inopinat, care dezv\u0103luie realitatea crunt\u0103 din Spitalul Jude\u021bean Timi\u0219oara, a st\u00e2rnit reac\u021bii furibunde din partea \u0219efilor de sec\u021bii clinice&lt;\/strong&gt;\" class=\"wp-image-155481\" title=\"spitalul-judetean-timisoara5\"><\/figure>\n<\/figure>\n<\/div>\n<\/div>\n<div class=\"td_block_wrap tdb_single_tags tdi_88 td-pb-border-top td_block_template_1\" data-td-block-uid=\"tdi_88\">\n<div class=\"tdb-block-inner td-fix-index\">\n<ul class=\"tdb-tags\">\n<li><span>Tags<\/span><\/li>\n<li><a href=\"https:\/\/voceatimisului.ro\/tag\/dodo-sandesc\/\">Dodo S\u0103ndesc<\/a><\/li>\n<li><a href=\"https:\/\/voceatimisului.ro\/tag\/jenel-patrascu\/\">jenel patrascu<\/a><\/li>\n<li><a href=\"https:\/\/voceatimisului.ro\/tag\/spitalul-judetean-timisoara\/\">spitalul judetean timisoara<\/a><\/li>\n<\/ul>\n<\/div>\n<\/div>\n<div class=\"td_block_wrap tdb_single_post_share tdi_89  td-pb-border-top td_block_template_1\" data-td-block-uid=\"tdi_89\">\n<div id=\"tdi_89\" class=\"td-post-sharing tdb-block td-ps-bg td-ps-notext td-post-sharing-style1 \">\n<div class=\"td-post-sharing-visible\"><a class=\"td-social-sharing-button td-social-sharing-button-js td-social-network td-social-facebook\" href=\"https:\/\/www.facebook.com\/sharer.php?u=https%3A%2F%2Fvoceatimisului.ro%2Frevolta-maselor-un-control-inopinat-care-dezvaluie-realitatea-crunta-din-spitalul-judetean-timisoara-a-starnit-reactii-furibunde-din-partea-sefilor-de-sectii-clinice%2F\" title=\"Facebook\" rel=\"noopener\"><\/p>\n<div class=\"td-social-but-text\">Facebook<\/div>\n<p><\/a><a class=\"td-social-sharing-button td-social-sharing-button-js td-social-network td-social-twitter\" href=\"https:\/\/twitter.com\/intent\/tweet?text=%3Cstrong%3ERevolta+maselor%21+Un+control+inopinat%2C+care+dezv%C4%83luie+realitatea+crunt%C4%83+din+Spitalul+Jude%C8%9Bean+Timi%C8%99oara%2C+a+st%C3%A2rnit+reac%C8%9Bii+furibunde+din+partea+%C8%99efilor+de+sec%C8%9Bii+clinice%3C%2Fstrong%3E&amp;url=https%3A%2F%2Fvoceatimisului.ro%2Frevolta-maselor-un-control-inopinat-care-dezvaluie-realitatea-crunta-din-spitalul-judetean-timisoara-a-starnit-reactii-furibunde-din-partea-sefilor-de-sectii-clinice%2F&amp;via=Vocea+Timisului\" title=\"Twitter\" rel=\"noopener\"><\/p>\n<div class=\"td-social-but-text\">Twitter<\/div>\n<p><\/a><a class=\"td-social-sharing-button td-social-sharing-button-js td-social-network td-social-pinterest\" href=\"https:\/\/pinterest.com\/pin\/create\/button\/?url=https:\/\/voceatimisului.ro\/revolta-maselor-un-control-inopinat-care-dezvaluie-realitatea-crunta-din-spitalul-judetean-timisoara-a-starnit-reactii-furibunde-din-partea-sefilor-de-sectii-clinice\/&amp;media=https:\/\/voceatimisului.ro\/wp-content\/uploads\/2023\/03\/Dodo-Sandesc-Jenel-Patrascu-jpg.webp&amp;description=%3Cstrong%3ERevolta+maselor%21+Un+control+inopinat%2C+care+dezv%C4%83luie+realitatea+crunt%C4%83+din+Spitalul+Jude%C8%9Bean+Timi%C8%99oara%2C+a+st%C3%A2rnit+reac%C8%9Bii+furibunde+din+partea+%C8%99efilor+de+sec%C8%9Bii+clinice%3C%2Fstrong%3E\" title=\"Pinterest\" rel=\"noopener\"><\/p>\n<div class=\"td-social-but-text\">Pinterest<\/div>\n<p><\/a><a class=\"td-social-sharing-button td-social-sharing-button-js td-social-network td-social-whatsapp\" href=\"https:\/\/api.whatsapp.com\/send?text=%3Cstrong%3ERevolta+maselor%21+Un+control+inopinat%2C+care+dezv%C4%83luie+realitatea+crunt%C4%83+din+Spitalul+Jude%C8%9Bean+Timi%C8%99oara%2C+a+st%C3%A2rnit+reac%C8%9Bii+furibunde+din+partea+%C8%99efilor+de+sec%C8%9Bii+clinice%3C%2Fstrong%3E%20%0A%0A%20https:\/\/voceatimisului.ro\/revolta-maselor-un-control-inopinat-care-dezvaluie-realitatea-crunta-din-spitalul-judetean-timisoara-a-starnit-reactii-furibunde-din-partea-sefilor-de-sectii-clinice\/\" title=\"WhatsApp\" rel=\"noopener\"><\/p>\n<div class=\"td-social-but-text\">WhatsApp<\/div>\n<p><\/a><a class=\"td-social-sharing-button td-social-sharing-button-js td-social-network td-social-linkedin\" href=\"https:\/\/www.linkedin.com\/shareArticle?mini=true&amp;url=https:\/\/voceatimisului.ro\/revolta-maselor-un-control-inopinat-care-dezvaluie-realitatea-crunta-din-spitalul-judetean-timisoara-a-starnit-reactii-furibunde-din-partea-sefilor-de-sectii-clinice\/&amp;title=%3Cstrong%3ERevolta+maselor%21+Un+control+inopinat%2C+care+dezv%C4%83luie+realitatea+crunt%C4%83+din+Spitalul+Jude%C8%9Bean+Timi%C8%99oara%2C+a+st%C3%A2rnit+reac%C8%9Bii+furibunde+din+partea+%C8%99efilor+de+sec%C8%9Bii+clinice%3C%2Fstrong%3E\" title=\"Linkedin\" rel=\"noopener\"><\/p>\n<div class=\"td-social-but-text\">Linkedin<\/div>\n<p><\/a><a class=\"td-social-sharing-button td-social-sharing-button-js td-social-network td-social-copy_url\" href=\"https:\/\/voceatimisului.ro\/revolta-maselor-un-control-inopinat-care-dezvaluie-realitatea-crunta-din-spitalul-judetean-timisoara-a-starnit-reactii-furibunde-din-partea-sefilor-de-sectii-clinice\/\" title=\"Copy URL\" rel=\"noopener\"><\/p>\n<div class=\"td-social-but-text\">Copy URL<\/div>\n<p><\/a><\/div>\n<\/div>\n<\/div>\n<div class=\"td_block_wrap tdb_single_next_prev tdi_90 td-animation-stack td-next-prev-img-on td-pb-border-top td_block_template_1\" data-td-block-uid=\"tdi_90\">\n<div class=\"tdb-block-inner td-fix-index\">\n<div class=\"tdb-next-post tdb-next-post-bg tdb-post-prev\"><span>Articolul precedent<\/span><\/p>\n<div class=\"td-module-container\">\n<div class=\"td-image-container\"><a class=\"td-image-wrap\" href=\"https:\/\/voceatimisului.ro\/agentia-nationala-de-integritate-a-luat-o-la-puricat-pe-arhitecta-sefa-cristina-babescu-proiectant-privat-si-supervizor-administrativ-al-unui-bloc-in-extravilan-care-a-fost-inregistrat-ca-anexa-agri\/\"><img loading=\"lazy\" decoding=\"async\" class=\"td-next-prev-image td-fix-index td-lazy-img\" title=\"Agen\u021bia Na\u021bional\u0103 de Integritate a luat-o la puricat pe arhitecta-\u0219ef\u0103 Cristina Babescu, proiectant privat \u0219i supervizor administrativ al unui bloc \u00een extravilan, care a fost \u00eenregistrat ca anex\u0103 agricol\u0103, \u00een actele Prim\u0103riei Giroc\" width=\"696\" height=\"696\" src=\"https:\/\/analyse.optim.biz\/wp-content\/uploads\/2026\/01\/anexa-agricola-la-giroc-jpg-696x696-1.webp\"><\/a><\/div>\n<div class=\"next-prev-title\"><a href=\"https:\/\/voceatimisului.ro\/agentia-nationala-de-integritate-a-luat-o-la-puricat-pe-arhitecta-sefa-cristina-babescu-proiectant-privat-si-supervizor-administrativ-al-unui-bloc-in-extravilan-care-a-fost-inregistrat-ca-anexa-agri\/\">Agen\u021bia Na\u021bional\u0103 de Integritate a luat-o la puricat pe arhitecta-\u0219ef\u0103 Cristina Babescu, proiectant privat \u0219i supervizor administrativ al unui bloc \u00een extravilan, care a fost \u00eenregistrat ca anex\u0103 agricol\u0103, \u00een actele Prim\u0103riei Giroc<\/a><\/div>\n<\/div>\n<\/div>\n<div class=\"tdb-next-post tdb-next-post-bg tdb-post-next\"><span>Articolul urm\u0103tor<\/span><\/p>\n<div class=\"td-module-container\">\n<div class=\"td-image-container\"><a class=\"td-image-wrap\" href=\"https:\/\/voceatimisului.ro\/jumatati-de-adevar-in-cazul-urmaritului-penal-nicolae-robu-administratia-lui-dominic-fritz-a-scapat-de-procurorii-dna-doar-pentru-ca-a-fost-corectata-la-timp-de-catre-inspectoratul-de-stat-in-con\/\"><img loading=\"lazy\" decoding=\"async\" class=\"td-next-prev-image td-fix-index td-lazy-img\" title=\"&lt;strong&gt;Jum\u0103t\u0103\u021bi de adev\u0103r! \u00cen cazul urm\u0103ritului penal Nicolae Robu, administra\u021bia lui Dominic Fritz a sc\u0103pat de procurorii DNA, doar pentru c\u0103 a fost corectat\u0103, la timp, de c\u0103tre Inspectoratul de Stat \u00een Construc\u021bii Timi\u0219&lt;\/strong&gt;\" width=\"696\" height=\"464\" src=\"https:\/\/analyse.optim.biz\/wp-content\/uploads\/2026\/01\/robu-si-fritz-jpeg-696x464-1.webp\"><\/a><\/div>\n<div class=\"next-prev-title\"><a href=\"https:\/\/voceatimisului.ro\/jumatati-de-adevar-in-cazul-urmaritului-penal-nicolae-robu-administratia-lui-dominic-fritz-a-scapat-de-procurorii-dna-doar-pentru-ca-a-fost-corectata-la-timp-de-catre-inspectoratul-de-stat-in-con\/\"><strong>Jum\u0103t\u0103\u021bi de adev\u0103r! \u00cen cazul urm\u0103ritului penal Nicolae Robu, administra\u021bia lui Dominic Fritz a sc\u0103pat de procurorii DNA, doar pentru c\u0103 a fost corectat\u0103, la timp, de c\u0103tre Inspectoratul de Stat \u00een Construc\u021bii Timi\u0219<\/strong><\/a><\/div>\n<\/div>\n<\/div>\n<\/div>\n<\/div>\n<\/div>\n<\/div>\n<\/div>\n<\/div>\n<div class=\"vc_row_inner tdi_100  vc_row vc_inner wpb_row td-pb-row\">\n<div class=\"vc_column_inner tdi_102  wpb_column vc_column_container tdc-inner-column td-pb-span4 td-is-sticky\">\n<div class=\"vc_column-inner\">\n<div class=\"wpb_wrapper\" data-sticky-enabled-on=\"W3RydWUsdHJ1ZSx0cnVlLHRydWVd\" data-sticky-offset=\"20\" data-sticky-is-width-auto=\"W2ZhbHNlLGZhbHNlLGZhbHNlLGZhbHNlXQ==\">\n<div class=\"td_block_wrap tdb_single_related tdi_103 td_with_ajax_pagination td-pb-border-top td_block_template_1 tdb-single-related-posts\" data-td-block-uid=\"tdi_103\">\n<div id=\"tdi_103\" class=\"td_block_inner tdb-block-inner td-fix-index\">\n<div class=\"tdb_module_related td_module_wrap td-animation-stack td-meta-info-hide\">\n<div class=\"td-module-container td-category-pos-image\">\n<div class=\"td-module-meta-info\">\n<h3 class=\"entry-title td-module-title\"><a href=\"https:\/\/voceatimisului.ro\/evaluare-impersonala-spitalul-judetean-timisoara-a-notat-cu-foarte-bine-si-excelent-aproape-100-de-medici-care-au-externat-cate-un-pacient-pe-an-si-cel-mult-doi-pe-luna\/\" rel=\"bookmark\" title=\"Evaluare (im)personal\u0103! Spitalul Jude\u021bean Timi\u0219oara a notat cu foarte bine \u0219i excelent aproape 100 de medici care au externat c\u00e2te un pacient pe an \u0219i cel mult doi pe lun\u0103\">Evaluare (im)personal\u0103! Spitalul Jude\u021bean Timi\u0219oara a notat cu foarte bine \u0219i excelent aproape 100 de medici care au externat c\u00e2te un pacient pe an&#8230;<\/a><\/h3>\n<\/div>\n<\/div>\n<\/div>\n<div class=\"tdb_module_related td_module_wrap td-animation-stack td-meta-info-hide\">\n<div class=\"td-module-container td-category-pos-image\">\n<div class=\"td-module-meta-info\">\n<h3 class=\"entry-title td-module-title\"><a href=\"https:\/\/voceatimisului.ro\/fantomele-lui-sandesc-doi-din-zece-medici-ai-spitalului-judetean-timisoara-nu-isi-justifica-salariile-fiind-pasuiti-dupa-principiile-asistatilor-sociali\/\" rel=\"bookmark\" title=\"Fantomele lui S\u0103ndesc! Doi din zece medici ai Spitalului Jude\u021bean Timi\u0219oara nu \u00ee\u0219i justific\u0103 salariile, fiind p\u0103sui\u021bi dup\u0103 principiile asista\u021bilor sociali\">Fantomele lui S\u0103ndesc! Doi din zece medici ai Spitalului Jude\u021bean Timi\u0219oara nu \u00ee\u0219i justific\u0103 salariile, fiind p\u0103sui\u021bi dup\u0103 principiile asista\u021bilor sociali<\/a><\/h3>\n<\/div>\n<\/div>\n<\/div>\n<div class=\"tdb_module_related td_module_wrap td-animation-stack td-meta-info-hide\">\n<div class=\"td-module-container td-category-pos-image\">\n<div class=\"td-module-meta-info\">\n<h3 class=\"entry-title td-module-title\"><a href=\"https:\/\/voceatimisului.ro\/ministrul-sanatatii-a-decis-schimbarea-managerului-de-la-spitalul-judetean-timisoara\/\" rel=\"bookmark\" title=\"Ministrul S\u0103n\u0103t\u0103\u021bii a decis schimbarea managerului de la Spitalul Jude\u021bean Timi\u0219oara\">Ministrul S\u0103n\u0103t\u0103\u021bii a decis schimbarea managerului de la Spitalul Jude\u021bean Timi\u0219oara<\/a><\/h3>\n<\/div>\n<\/div>\n<\/div>\n<\/div>\n<\/div>\n<\/div>\n<\/div>\n<\/div>\n<div class=\"vc_column_inner tdi_105  wpb_column vc_column_container tdc-inner-column td-pb-span8\">\n<div class=\"vc_column-inner\">\n<div class=\"wpb_wrapper\">\n<div class=\"td_block_wrap tdb_single_comments tdi_106 tdb-comm-layout2 td-pb-border-top td_block_template_2\" data-td-block-uid=\"tdi_106\">\n<div class=\"tdb-block-inner td-fix-index\">\n<div class=\"comments\" id=\"comments\">\n<div class=\"td-comments-title-wrap td_block_template_2\">\n<h4 class=\"td-comments-title td-block-title\"><span>5 COMENTARII<\/span><\/h4>\n<\/div>\n<ol class=\"comment-list\">\n<li class=\"comment \" id=\"comment-26702\">\n<article>\n<footer><cite>NAICUM<\/cite><a class=\"comment-link\" href=\"https:\/\/voceatimisului.ro\/revolta-maselor-un-control-inopinat-care-dezvaluie-realitatea-crunta-din-spitalul-judetean-timisoara-a-starnit-reactii-furibunde-din-partea-sefilor-de-sectii-clinice\/#comment-26702\"><time><br \/>\n\t\t\t\t\t\t    30 mai 2023\t\t\t\t\t\t    La\t\t\t\t\t\t    11:58 PM<\/time><\/a><\/footer>\n<div class=\"comment-content\">\n<p>Unora nu le ajunge ce le pune destinul in traista\u2026 vor toate traistele. Sef de sectie, prof universitar, o tura prin minister, azi .. managerica \u2026 maine la primarica. Ia taica cu toate mainile si infuleca pana-ti plesnesc nasturii de pe camasa (halatul medical tot timpul are o marime mai mare, nu?) ca nu degeaba ai fost troznit cu cancer, apoi accident auto cu jaguarelu\u2019 dupa ce ti-ai luat statutul de cetatean de onoare intr-un orasel din Hunedoara (din acelasi partid, schimb la schimb cu promovarea unei doctorite la coordonarea unor programe), iar dosarul de ucidere din culpa \u2026hocuspocus \u2013 puf sub pres. Cam plin dulapul de schelete, si tot nu se invata minte. Degeaba e cv-ul bogat si frumos, daca se stie cum s-a \u201emuncit\u201d la el\u2026<\/p>\n<\/div>\n<div class=\"comment-meta\" id=\"comment-26702\"><a rel=\"nofollow\" class=\"comment-reply-link\" href=\"https:\/\/voceatimisului.ro\/revolta-maselor-un-control-inopinat-care-dezvaluie-realitatea-crunta-din-spitalul-judetean-timisoara-a-starnit-reactii-furibunde-din-partea-sefilor-de-sectii-clinice\/#comment-26702\" data-commentid=\"26702\" data-postid=\"155478\" data-belowelement=\"comment-26702\" data-respondelement=\"respond\" data-replyto=\"R\u0103spunde-i lui NAICUM\" aria-label=\"R\u0103spunde-i lui NAICUM\">R\u0103spunde\u021bi<\/a><\/div>\n<\/article>\n<\/li>\n<li class=\"comment \" id=\"comment-26399\">\n<article>\n<footer><cite>Un_timisorean_diasporian<\/cite><a class=\"comment-link\" href=\"https:\/\/voceatimisului.ro\/revolta-maselor-un-control-inopinat-care-dezvaluie-realitatea-crunta-din-spitalul-judetean-timisoara-a-starnit-reactii-furibunde-din-partea-sefilor-de-sectii-clinice\/#comment-26399\"><time><br \/>\n\t\t\t\t\t\t    15 martie 2023\t\t\t\t\t\t    La\t\t\t\t\t\t    3:23 PM<\/time><\/a><\/footer>\n<div class=\"comment-content\">\n<p>Aceeasi oameni deja de decenii bune, nu se schimba nimic, fosile, securisti, copii de securisti, omniprezenti, cu pretentii de  intelectuali, pretinse somitati ale medicinei timisorene\u2026\u2026greata, greata , greata\u2026.cand vad asa ceva, ma linistesc la gandul ca am plecat din mocirla sistemului de acasa\u2026\u2026desi, doare\u2026..iubesc Timisoara !!!!<\/p>\n<\/div>\n<div class=\"comment-meta\" id=\"comment-26399\"><a rel=\"nofollow\" class=\"comment-reply-link\" href=\"https:\/\/voceatimisului.ro\/revolta-maselor-un-control-inopinat-care-dezvaluie-realitatea-crunta-din-spitalul-judetean-timisoara-a-starnit-reactii-furibunde-din-partea-sefilor-de-sectii-clinice\/#comment-26399\" data-commentid=\"26399\" data-postid=\"155478\" data-belowelement=\"comment-26399\" data-respondelement=\"respond\" data-replyto=\"R\u0103spunde-i lui Un_timisorean_diasporian\" aria-label=\"R\u0103spunde-i lui Un_timisorean_diasporian\">R\u0103spunde\u021bi<\/a><\/div>\n<\/article>\n<\/li>\n<li class=\"comment \" id=\"comment-26393\">\n<article>\n<footer><cite>Helmuth<\/cite><a class=\"comment-link\" href=\"https:\/\/voceatimisului.ro\/revolta-maselor-un-control-inopinat-care-dezvaluie-realitatea-crunta-din-spitalul-judetean-timisoara-a-starnit-reactii-furibunde-din-partea-sefilor-de-sectii-clinice\/#comment-26393\"><time><br \/>\n\t\t\t\t\t\t    13 martie 2023\t\t\t\t\t\t    La\t\t\t\t\t\t    9:52 AM<\/time><\/a><\/footer>\n<div class=\"comment-content\">\n<p>In acela\u0219i contextul s ar impune un control si la averea Penalului Sandesc at\u00e2t in verificarea conturilor aflat pe numele soacrei c\u00e2t \u0219i cele din strainatate aflat pe numele si \u00eempreun\u0103 cu fostul consul al Italiei din Timi\u0219oara, poate asa vom scapa de hotii perversi imbracati in halate albe, totodat\u0103 acest individ cu zambet Machiavelic ar trebui retras din sfera actului medical f\u0103r\u0103 drept la pensie, verificati deturnarile de fonduri de la ministerul sanatatii in accesarea programelor medicale la nivel de terapie, \u0219i intermedierile securistului ambulant Celac Sergiu care plimba banii in strainatate prin off shorurile tarilor f\u0103r\u0103 taxe si raportari. Succes<\/p>\n<\/div>\n<div class=\"comment-meta\" id=\"comment-26393\"><a rel=\"nofollow\" class=\"comment-reply-link\" href=\"https:\/\/voceatimisului.ro\/revolta-maselor-un-control-inopinat-care-dezvaluie-realitatea-crunta-din-spitalul-judetean-timisoara-a-starnit-reactii-furibunde-din-partea-sefilor-de-sectii-clinice\/#comment-26393\" data-commentid=\"26393\" data-postid=\"155478\" data-belowelement=\"comment-26393\" data-respondelement=\"respond\" data-replyto=\"R\u0103spunde-i lui Helmuth\" aria-label=\"R\u0103spunde-i lui Helmuth\">R\u0103spunde\u021bi<\/a><\/div>\n<\/article>\n<ul class=\"children\">\n<li class=\"comment \" id=\"comment-26394\">\n<article>\n<footer><cite>Vlad Marcu<\/cite><a class=\"comment-link\" href=\"https:\/\/voceatimisului.ro\/revolta-maselor-un-control-inopinat-care-dezvaluie-realitatea-crunta-din-spitalul-judetean-timisoara-a-starnit-reactii-furibunde-din-partea-sefilor-de-sectii-clinice\/#comment-26394\"><time><br \/>\n\t\t\t\t\t\t    13 martie 2023\t\t\t\t\t\t    La\t\t\t\t\t\t    10:24 AM<\/time><\/a><\/footer>\n<div class=\"comment-content\">\n<p>Dac\u0103 aveti date in plus, va rog sa ne scrie\u021bi in privat la: <a href=\"mailto:voceatimisului@gmail.com\" rel=\"ugc\">voceatimisului@gmail.com<\/a><\/p>\n<\/div>\n<div class=\"comment-meta\" id=\"comment-26394\"><a rel=\"nofollow\" class=\"comment-reply-link\" href=\"https:\/\/voceatimisului.ro\/revolta-maselor-un-control-inopinat-care-dezvaluie-realitatea-crunta-din-spitalul-judetean-timisoara-a-starnit-reactii-furibunde-din-partea-sefilor-de-sectii-clinice\/#comment-26394\" data-commentid=\"26394\" data-postid=\"155478\" data-belowelement=\"comment-26394\" data-respondelement=\"respond\" data-replyto=\"R\u0103spunde-i lui Vlad Marcu\" aria-label=\"R\u0103spunde-i lui Vlad Marcu\">R\u0103spunde\u021bi<\/a><\/div>\n<\/article>\n<\/li>\n<li class=\"comment \" id=\"comment-26415\">\n<article>\n<footer><cite>Pt Helmuth<\/cite><a class=\"comment-link\" href=\"https:\/\/voceatimisului.ro\/revolta-maselor-un-control-inopinat-care-dezvaluie-realitatea-crunta-din-spitalul-judetean-timisoara-a-starnit-reactii-furibunde-din-partea-sefilor-de-sectii-clinice\/#comment-26415\"><time><br \/>\n\t\t\t\t\t\t    18 martie 2023\t\t\t\t\t\t    La\t\t\t\t\t\t    3:07 AM<\/time><\/a><\/footer>\n<div class=\"comment-content\">\n<p>Esti neam cu fostul manager, numai intreb?!<br \/>\nAi prezentat niste aberatii, care nu vor avea argument! Ia ti pastila si, sper, sa nu depinzi vreodata de Terapia Intensiv\u0103 din Rom\u00e2nia, acolo unde prof dr Dorel Sandesc, \u00eempreun\u0103 cu toata Societatea Rom\u00e2n\u0103 de Anestezie \u0219i Terapie Intensiv\u0103, au f\u0103cut ceva, ceva de care sper sa nu ai niciodat\u0103 nevoie, nici tu, nici altii.<br \/>\nLa cum ai prezentat mesajul nu esti nici macar cat ar fi trebuit sa fii dup\u0103 licen\u021ba UMFT imediat, iar sa te compar cu un prof de talia lui, ar \u00eensemna s\u0103 am o nesim\u021bire ca a ta!<\/p>\n<\/div>\n<div class=\"comment-meta\" id=\"comment-26415\"><a rel=\"nofollow\" class=\"comment-reply-link\" href=\"https:\/\/voceatimisului.ro\/revolta-maselor-un-control-inopinat-care-dezvaluie-realitatea-crunta-din-spitalul-judetean-timisoara-a-starnit-reactii-furibunde-din-partea-sefilor-de-sectii-clinice\/#comment-26415\" data-commentid=\"26415\" data-postid=\"155478\" data-belowelement=\"comment-26415\" data-respondelement=\"respond\" data-replyto=\"R\u0103spunde-i lui Pt Helmuth\" aria-label=\"R\u0103spunde-i lui Pt Helmuth\">R\u0103spunde\u021bi<\/a><\/div>\n<\/article>\n<\/li>\n<\/ul>\n<\/li>\n<\/ol>\n<div id=\"respond\" class=\"comment-respond\">\n<h3 id=\"reply-title\" class=\"comment-reply-title\">L\u0102SA\u021aI UN MESAJ <small><a rel=\"nofollow\" id=\"cancel-comment-reply-link\" href=\"https:\/\/voceatimisului.ro\/revolta-maselor-un-control-inopinat-care-dezvaluie-realitatea-crunta-din-spitalul-judetean-timisoara-a-starnit-reactii-furibunde-din-partea-sefilor-de-sectii-clinice\/#respond\">Renun\u021ba\u021bi la r\u0103spuns<\/a><\/small><\/h3>\n<div class=\"comment-form-input-wrap td-form-comment\">\n<div class=\"td-warning-comment\">V\u0103 rug\u0103m s\u0103 introduce\u021bi comentariul dvs.!<\/div>\n<\/div>\n<div class=\"comment-form-input-wrap td-form-author\">\n<div class=\"td-warning-author\">Introduce\u021bi aici numele dvs.<\/div>\n<\/div>\n<div class=\"comment-form-input-wrap td-form-email\">\n<div class=\"td-warning-email-error\">A\u021bi introdus o adres\u0103 de e-mail incorect\u0103!<\/div>\n<div class=\"td-warning-email\">V\u0103 rug\u0103m s\u0103 introduce\u021bi adresa dvs. de e-mail aici<\/div>\n<\/div>\n<\/div>\n<\/div>\n<\/div>\n<\/div>\n<\/div>\n<\/div>\n<\/div>\n<\/div>\n<\/div>\n<\/div>\n<div class=\"vc_column tdi_108  wpb_column vc_column_container tdc-column td-pb-span4 td-is-sticky\">\n<div class=\"wpb_wrapper\" data-sticky-enabled-on=\"W3RydWUsdHJ1ZSx0cnVlLHRydWVd\" data-sticky-offset=\"20\" data-sticky-is-width-auto=\"W2ZhbHNlLGZhbHNlLGZhbHNlLGZhbHNlXQ==\">\n<div class=\"vc_row_inner tdi_110  vc_row vc_inner wpb_row td-pb-row\">\n<div class=\"vc_column_inner tdi_112  wpb_column vc_column_container tdc-inner-column td-pb-span12\">\n<div class=\"vc_column-inner\">\n<div class=\"wpb_wrapper\">\n<div class=\"td_block_wrap td_block_title tdi_113 td-pb-border-top td_block_template_11 td-fix-index\" data-td-block-uid=\"tdi_113\">\n<div class=\"td-block-title-wrap\">\n<h4 class=\"td-block-title\"><span class=\"td-pulldown-size\">ANUN\u021aURI \u0218I PUBLICITATE<\/span><\/h4>\n<\/div>\n<\/div>\n<\/div>\n<\/div>\n<\/div>\n<\/div>\n<div class=\"wpb_wrapper td_block_wrap vc_widget_sidebar tdi_115 \">\n<aside id=\"block-10\" class=\"td_block_template_1 widget block-10 widget_block widget_media_image\">\n<figure class=\"wp-block-image size-full\"><a href=\"https:\/\/adpghiroda.ro\/index.html\" target=\"_blank\" rel=\" noreferrer noopener\"><img decoding=\"async\" loading=\"lazy\" width=\"960\" height=\"960\" src=\"https:\/\/analyse.optim.biz\/wp-content\/uploads\/2026\/01\/adp-ghiroda2-189.jpg\" class=\"wp-image-171492\" title=\"adp-ghiroda2-189\"><\/a><\/figure>\n<\/aside>\n<aside id=\"block-11\" class=\"td_block_template_1 widget block-11 widget_block widget_media_image\">\n<figure class=\"wp-block-image size-full\"><a href=\"https:\/\/adpghiroda.ro\/index.html\" target=\"_blank\" rel=\" noreferrer noopener\"><img decoding=\"async\" loading=\"lazy\" width=\"960\" height=\"960\" src=\"https:\/\/analyse.optim.biz\/wp-content\/uploads\/2026\/01\/adp-ghiroda1-189.jpg\" class=\"wp-image-171491\" title=\"adp-ghiroda1-189\"><\/a><\/figure>\n<\/aside>\n<aside id=\"block-17\" class=\"td_block_template_1 widget block-17 widget_block widget_media_image\">\n<figure class=\"wp-block-image size-large is-resized\"><a href=\"https:\/\/verde.events\/\" target=\"_blank\" rel=\" noreferrer noopener\"><img decoding=\"async\" loading=\"lazy\" width=\"1024\" height=\"683\" src=\"https:\/\/analyse.optim.biz\/wp-content\/uploads\/2026\/01\/verde-events-24-1024x683-1-174.jpg\" alt=\"Verde Events\" class=\"wp-image-174395\" title=\"verde-events-24-1024x683-1-174\"><\/a><figcaption class=\"wp-element-caption\"><strong><em>O experien\u021b\u0103 unic\u0103 pentru orice tip de eveniment<\/em><\/strong><\/figcaption><\/figure>\n<\/aside>\n<\/div>\n<div class=\"td_block_wrap td_flex_block_1 tdi_121 td-pb-border-top td_block_template_1 td_ajax_preloading_preload td_flex_block\" data-td-block-uid=\"tdi_121\">\n<div id=\"tdi_121\" class=\"td_block_inner td-mc1-wrap\">\n<div class=\"td_module_flex td_module_flex_1 td_module_wrap td-animation-stack td-meta-info-hide td-cpt-post\">\n<div class=\"td-module-container td-category-pos-image\">\n<div class=\"td-module-meta-info\">\n<h3 class=\"entry-title td-module-title\"><a href=\"https:\/\/voceatimisului.ro\/tardivitate-institutionala-agentia-nationala-de-integritate-someaza-spitalul-judetean-timisoara-sa-l-traga-pe-dreapta-pe-prof-dr-lazar-fulger\/\" rel=\"bookmark\" title=\"Tardivitate institu\u021bional\u0103! Agen\u021bia Na\u021bional\u0103 de Integritate someaz\u0103 Spitalul Jude\u021bean Timi\u0219oara s\u0103-l trag\u0103 pe dreapta pe prof. dr. Laz\u0103r Fulger\">Tardivitate institu\u021bional\u0103! Agen\u021bia Na\u021bional\u0103 de Integritate someaz\u0103 Spitalul Jude\u021bean Timi\u0219oara s\u0103-l trag\u0103 pe dreapta pe prof. dr. Laz\u0103r Fulger<\/a><\/h3>\n<\/div>\n<\/div>\n<\/div>\n<div class=\"td_module_flex td_module_flex_1 td_module_wrap td-animation-stack td-meta-info-hide td-cpt-post\">\n<div class=\"td-module-container td-category-pos-image\">\n<div class=\"td-module-meta-info\">\n<h3 class=\"entry-title td-module-title\"><a href=\"https:\/\/voceatimisului.ro\/demagog-penelistul-raul-patrascu-se-lauda-la-final-de-mandat-cu-proiectele-fostului-manager-si-nu-spune-nimic-despre-pacientii-ramasi-fara-oxigen-de-la-casa-austria\/\" rel=\"bookmark\" title=\"Demagog! Penelistul Raul P\u0103tra\u0219cu se laud\u0103, la final de mandat, cu proiectele fostului manager \u0219i nu spune nimic despre pacien\u021bii r\u0103ma\u0219i f\u0103r\u0103 oxigen de la Casa Austria\">Demagog! Penelistul Raul P\u0103tra\u0219cu se laud\u0103, la final de mandat, cu proiectele fostului manager \u0219i nu spune nimic despre pacien\u021bii r\u0103ma\u0219i f\u0103r\u0103 oxigen de&#8230;<\/a><\/h3>\n<\/div>\n<\/div>\n<\/div>\n<div class=\"td_module_flex td_module_flex_1 td_module_wrap td-animation-stack td-meta-info-hide td-cpt-post\">\n<div class=\"td-module-container td-category-pos-image\">\n<div class=\"td-module-meta-info\">\n<h3 class=\"entry-title td-module-title\"><a href=\"https:\/\/voceatimisului.ro\/noul-director-al-spitalului-judetean-timisoara-este-medicul-sorin-barac\/\" rel=\"bookmark\" title=\"Noul director al Spitalului Jude\u021bean Timi\u0219oara este medicul Sorin Barac\">Noul director al Spitalului Jude\u021bean Timi\u0219oara este medicul Sorin Barac<\/a><\/h3>\n<\/div>\n<\/div>\n<\/div>\n<div class=\"td_module_flex td_module_flex_1 td_module_wrap td-animation-stack td-meta-info-hide td-cpt-post\">\n<div class=\"td-module-container td-category-pos-image\">\n<div class=\"td-module-meta-info\">\n<h3 class=\"entry-title td-module-title\"><a href=\"https:\/\/voceatimisului.ro\/sincronizare-raul-patrascu-a-fost-lovit-de-inspiratie-stiintifica-fix-dupa-ce-a-fost-numit-manager-la-spitalul-judetean-timisoara\/\" rel=\"bookmark\" title=\"Sincronizare! Raul P\u0103tra\u0219cu a fost lovit de inspira\u021bie \u0219tiin\u021bific\u0103 fix dup\u0103 ce a fost numit manager la Spitalul Jude\u021bean Timi\u0219oara\">Sincronizare! Raul P\u0103tra\u0219cu a fost lovit de inspira\u021bie \u0219tiin\u021bific\u0103 fix dup\u0103 ce a fost numit manager la Spitalul Jude\u021bean Timi\u0219oara<\/a><\/h3>\n<\/div>\n<\/div>\n<\/div>\n<div class=\"td_module_flex td_module_flex_1 td_module_wrap td-animation-stack td-meta-info-hide td-cpt-post\">\n<div class=\"td-module-container td-category-pos-image\">\n<div class=\"td-module-meta-info\">\n<h3 class=\"entry-title td-module-title\"><a href=\"https:\/\/voceatimisului.ro\/in-timp-ce-managerul-raul-patrascu-se-lauda-ca-este-etalon-de-transparenta-si-bune-practici-schema-de-personal-a-spitalului-judetean-timisoara-se-umfla-pe-usa-din-dos\/\" rel=\"bookmark\" title=\"\u00cen timp ce managerul Raul P\u0103tra\u0219cu se laud\u0103 c\u0103 este etalon de transparen\u021b\u0103 \u0219i bune practici, schema de personal a Spitalului Jude\u021bean Timi\u0219oara se umfl\u0103 pe u\u0219a din dos\">\u00cen timp ce managerul Raul P\u0103tra\u0219cu se laud\u0103 c\u0103 este etalon de transparen\u021b\u0103 \u0219i bune practici, schema de personal a Spitalului Jude\u021bean Timi\u0219oara se&#8230;<\/a><\/h3>\n<\/div>\n<\/div>\n<\/div>\n<\/div>\n<\/div>\n<\/div>\n<\/div>\n<\/div>\n<\/div>\n<\/div>\n<\/div>\n<p><span class=\"td-page-meta\"><\/span><span class=\"td-page-meta\"><span class=\"td-page-meta\"><\/span><\/span><span class=\"td-page-meta\"><\/span><\/article>\n<p> Source URL: https:\/\/voceatimisului.ro\/revolta-maselor-un-control-inopinat-care-dezvaluie-realitatea-crunta-din-spitalul-judetean-timisoara-a-starnit-reactii-furibunde-din-partea-sefilor-de-sectii-clinice\/<\/p>\n","protected":false},"excerpt":{"rendered":"<p>\u0218tiriS\u0103n\u0103tate Revolta maselor! Un control inopinat, care dezv\u0103luie realitatea crunt\u0103 din Spitalul Jude\u021bean Timi\u0219oara, a st\u00e2rnit reac\u021bii furibunde din partea \u0219efilor de sec\u021bii clinice Autor-Marta Stirbey 9 martie 2023 5 19164 Facebook Twitter Pinterest WhatsApp Linkedin Copy URL Dodo Sandesc Jenel Patrascu jpg Institutul Oncologic Timi\u0219oara: \u00eencepe construc\u021bia, dup\u0103 demolarea cl\u0103dirii abandonate Investi\u021bie major\u0103 \u00een [&hellip;]<\/p>\n","protected":false},"author":1,"featured_media":1331998,"comment_status":"open","ping_status":"","sticky":false,"template":"","format":"standard","meta":{"footnotes":""},"categories":[89],"tags":[199],"class_list":["post-1331997","post","type-post","status-publish","format-standard","has-post-thumbnail","hentry","category-romania","tag-voceatimisului-ro"],"_links":{"self":[{"href":"https:\/\/analyse.optim.biz\/index.php?rest_route=\/wp\/v2\/posts\/1331997","targetHints":{"allow":["GET"]}}],"collection":[{"href":"https:\/\/analyse.optim.biz\/index.php?rest_route=\/wp\/v2\/posts"}],"about":[{"href":"https:\/\/analyse.optim.biz\/index.php?rest_route=\/wp\/v2\/types\/post"}],"author":[{"embeddable":true,"href":"https:\/\/analyse.optim.biz\/index.php?rest_route=\/wp\/v2\/users\/1"}],"replies":[{"embeddable":true,"href":"https:\/\/analyse.optim.biz\/index.php?rest_route=%2Fwp%2Fv2%2Fcomments&post=1331997"}],"version-history":[{"count":0,"href":"https:\/\/analyse.optim.biz\/index.php?rest_route=\/wp\/v2\/posts\/1331997\/revisions"}],"wp:featuredmedia":[{"embeddable":true,"href":"https:\/\/analyse.optim.biz\/index.php?rest_route=\/wp\/v2\/media\/1331998"}],"wp:attachment":[{"href":"https:\/\/analyse.optim.biz\/index.php?rest_route=%2Fwp%2Fv2%2Fmedia&parent=1331997"}],"wp:term":[{"taxonomy":"category","embeddable":true,"href":"https:\/\/analyse.optim.biz\/index.php?rest_route=%2Fwp%2Fv2%2Fcategories&post=1331997"},{"taxonomy":"post_tag","embeddable":true,"href":"https:\/\/analyse.optim.biz\/index.php?rest_route=%2Fwp%2Fv2%2Ftags&post=1331997"}],"curies":[{"name":"wp","href":"https:\/\/api.w.org\/{rel}","templated":true}]}}