{"id":1331970,"date":"2023-05-25T17:56:31","date_gmt":"2023-05-25T14:56:31","guid":{"rendered":"https:\/\/analyse.optim.biz\/?p=1331970"},"modified":"2023-05-25T17:56:31","modified_gmt":"2023-05-25T14:56:31","slug":"fantomele-lui-sandesc-doi-din-zece-medici-ai-spitalului","status":"publish","type":"post","link":"https:\/\/analyse.optim.biz\/?p=1331970","title":{"rendered":"Fantomele lui S\u0103ndesc! Doi din zece medici ai Spitalului"},"content":{"rendered":"<article id=\"template-id-172790\" class=\"post-172790 tdb_templates type-tdb_templates status-publish post\">\n<div id=\"tdi_52\" class=\"tdc-zone\">\n<div class=\"tdc_zone tdi_53  wpb_row td-pb-row\">\n<div id=\"tdi_54\" class=\"tdc-row stretch_row_1400 td-stretch-content\">\n<div class=\"vc_row tdi_55  wpb_row td-pb-row tdc-element-style\">\n<div class=\"vc_column tdi_57  wpb_column vc_column_container tdc-column td-pb-span8\">\n<div class=\"wpb_wrapper\">\n<div class=\"td_block_wrap tdb_single_categories tdi_58 td-pb-border-top td_block_template_1 \" data-td-block-uid=\"tdi_58\">\n<div class=\"tdb-category td-fix-index\"><a class=\"tdb-entry-category\" href=\"https:\/\/voceatimisului.ro\/category\/stiri-din-timisoara-si-timis\/\">\u0218tiri<\/a><a class=\"tdb-entry-category\" href=\"https:\/\/voceatimisului.ro\/category\/stiri-din-timisoara-si-timis\/sanatate\/\">S\u0103n\u0103tate<\/a><\/div>\n<\/div>\n<div class=\"td_block_wrap tdb_title tdi_59 tdb-single-title td-pb-border-top td_block_template_1\" data-td-block-uid=\"tdi_59\">\n<div class=\"tdb-block-inner td-fix-index\">\n<h1 class=\"tdb-title-text\">Fantomele lui S\u0103ndesc! Doi din zece medici ai Spitalului Jude\u021bean Timi\u0219oara nu \u00ee\u0219i justific\u0103 salariile, fiind p\u0103sui\u021bi dup\u0103 principiile asista\u021bilor sociali<\/h1>\n<\/div>\n<\/div>\n<div class=\"vc_row_inner tdi_62  vc_row vc_inner wpb_row td-pb-row\">\n<div class=\"vc_column_inner tdi_64  wpb_column vc_column_container tdc-inner-column td-pb-span6\">\n<div class=\"vc_column-inner\">\n<div class=\"wpb_wrapper\">\n<div class=\"td_block_wrap tdb_single_author tdi_65 td-pb-border-top td_block_template_1 tdb-post-meta\" data-td-block-uid=\"tdi_65\">\n<div class=\"tdb-block-inner td-fix-index\">\n<div class=\"tdb-author-name-wrap\"><span class=\"tdb-author-by\">Autor-<\/span><a class=\"tdb-author-name\" href=\"https:\/\/voceatimisului.ro\/author\/tibi\/\">Tiberiu Kiss<\/a><\/div>\n<\/div>\n<\/div>\n<div class=\"td_block_wrap tdb_single_date tdi_66 td-pb-border-top td_block_template_1 tdb-post-meta\" data-td-block-uid=\"tdi_66\">\n<div class=\"tdb-block-inner td-fix-index\"><time class=\"entry-date updated td-module-date\" datetime=\"2023-05-25T20:56:31+03:00\">25 mai 2023<\/time><\/div>\n<\/div>\n<div class=\"td_block_wrap tdb_single_comments_count tdi_67 td-pb-border-top td_block_template_1 tdb-post-meta\" data-td-block-uid=\"tdi_67\">\n<div class=\"tdb-block-inner td-fix-index\"><a href=\"https:\/\/voceatimisului.ro\/fantomele-lui-sandesc-doi-din-zece-medici-ai-spitalului-judetean-timisoara-nu-isi-justifica-salariile-fiind-pasuiti-dupa-principiile-asistatilor-sociali\/#respond\"><span>0<\/span><\/a><\/div>\n<\/div>\n<div class=\"td_block_wrap tdb_single_post_views tdi_68 td-pb-border-top td_block_template_1 tdb-post-meta\" data-td-block-uid=\"tdi_68\">\n<div class=\"tdb-block-inner td-fix-index\"><span class=\"tdb-add-text\">1<\/span><span class=\"td-nr-views-155878\">16304<\/span><\/div>\n<\/div>\n<\/div>\n<\/div>\n<\/div>\n<div class=\"vc_column_inner tdi_70  wpb_column vc_column_container tdc-inner-column td-pb-span6\">\n<div class=\"vc_column-inner\">\n<div class=\"wpb_wrapper\">\n<div class=\"td_block_wrap tdb_single_post_share tdi_71  td-pb-border-top td_block_template_1\" data-td-block-uid=\"tdi_71\">\n<div id=\"tdi_71\" class=\"td-post-sharing tdb-block td-ps-bg td-ps-notext td-post-sharing-style1 \">\n<div class=\"td-post-sharing-visible\"><a class=\"td-social-sharing-button td-social-sharing-button-js td-social-network td-social-facebook\" href=\"https:\/\/www.facebook.com\/sharer.php?u=https%3A%2F%2Fvoceatimisului.ro%2Ffantomele-lui-sandesc-doi-din-zece-medici-ai-spitalului-judetean-timisoara-nu-isi-justifica-salariile-fiind-pasuiti-dupa-principiile-asistatilor-sociali%2F\" title=\"Facebook\" rel=\"noopener\"><\/p>\n<div class=\"td-social-but-text\">Facebook<\/div>\n<p><\/a><a class=\"td-social-sharing-button td-social-sharing-button-js td-social-network td-social-twitter\" href=\"https:\/\/twitter.com\/intent\/tweet?text=Fantomele+lui+S%C4%83ndesc%21+Doi+din+zece+medici+ai+Spitalului+Jude%C8%9Bean+Timi%C8%99oara+nu+%C3%AE%C8%99i+justific%C4%83+salariile%2C+fiind+p%C4%83sui%C8%9Bi+dup%C4%83+principiile+asista%C8%9Bilor+sociali&amp;url=https%3A%2F%2Fvoceatimisului.ro%2Ffantomele-lui-sandesc-doi-din-zece-medici-ai-spitalului-judetean-timisoara-nu-isi-justifica-salariile-fiind-pasuiti-dupa-principiile-asistatilor-sociali%2F&amp;via=Vocea+Timisului\" title=\"Twitter\" rel=\"noopener\"><\/p>\n<div class=\"td-social-but-text\">Twitter<\/div>\n<p><\/a><a class=\"td-social-sharing-button td-social-sharing-button-js td-social-network td-social-pinterest\" href=\"https:\/\/pinterest.com\/pin\/create\/button\/?url=https:\/\/voceatimisului.ro\/fantomele-lui-sandesc-doi-din-zece-medici-ai-spitalului-judetean-timisoara-nu-isi-justifica-salariile-fiind-pasuiti-dupa-principiile-asistatilor-sociali\/&amp;media=https:\/\/voceatimisului.ro\/wp-content\/uploads\/2023\/05\/Spitalul-Clinic-Judetean-de-Urgenta-Pius-Brinzeu-jpg.webp&amp;description=Fantomele+lui+S%C4%83ndesc%21+Doi+din+zece+medici+ai+Spitalului+Jude%C8%9Bean+Timi%C8%99oara+nu+%C3%AE%C8%99i+justific%C4%83+salariile%2C+fiind+p%C4%83sui%C8%9Bi+dup%C4%83+principiile+asista%C8%9Bilor+sociali\" title=\"Pinterest\" rel=\"noopener\"><\/p>\n<div class=\"td-social-but-text\">Pinterest<\/div>\n<p><\/a><a class=\"td-social-sharing-button td-social-sharing-button-js td-social-network td-social-whatsapp\" href=\"https:\/\/api.whatsapp.com\/send?text=Fantomele+lui+S%C4%83ndesc%21+Doi+din+zece+medici+ai+Spitalului+Jude%C8%9Bean+Timi%C8%99oara+nu+%C3%AE%C8%99i+justific%C4%83+salariile%2C+fiind+p%C4%83sui%C8%9Bi+dup%C4%83+principiile+asista%C8%9Bilor+sociali%20%0A%0A%20https:\/\/voceatimisului.ro\/fantomele-lui-sandesc-doi-din-zece-medici-ai-spitalului-judetean-timisoara-nu-isi-justifica-salariile-fiind-pasuiti-dupa-principiile-asistatilor-sociali\/\" title=\"WhatsApp\" rel=\"noopener\"><\/p>\n<div class=\"td-social-but-text\">WhatsApp<\/div>\n<p><\/a><a class=\"td-social-sharing-button td-social-sharing-button-js td-social-network td-social-linkedin\" href=\"https:\/\/www.linkedin.com\/shareArticle?mini=true&amp;url=https:\/\/voceatimisului.ro\/fantomele-lui-sandesc-doi-din-zece-medici-ai-spitalului-judetean-timisoara-nu-isi-justifica-salariile-fiind-pasuiti-dupa-principiile-asistatilor-sociali\/&amp;title=Fantomele+lui+S%C4%83ndesc%21+Doi+din+zece+medici+ai+Spitalului+Jude%C8%9Bean+Timi%C8%99oara+nu+%C3%AE%C8%99i+justific%C4%83+salariile%2C+fiind+p%C4%83sui%C8%9Bi+dup%C4%83+principiile+asista%C8%9Bilor+sociali\" title=\"Linkedin\" rel=\"noopener\"><\/p>\n<div class=\"td-social-but-text\">Linkedin<\/div>\n<p><\/a><a class=\"td-social-sharing-button td-social-sharing-button-js td-social-network td-social-copy_url\" href=\"https:\/\/voceatimisului.ro\/fantomele-lui-sandesc-doi-din-zece-medici-ai-spitalului-judetean-timisoara-nu-isi-justifica-salariile-fiind-pasuiti-dupa-principiile-asistatilor-sociali\/\" title=\"Copy URL\" rel=\"noopener\"><\/p>\n<div class=\"td-social-but-text\">Copy URL<\/div>\n<p><\/a><\/div>\n<\/div>\n<\/div>\n<\/div>\n<\/div>\n<\/div>\n<\/div>\n<div class=\"td_block_wrap tdb_single_featured_image tdi_72 tdb-content-horiz-left td-pb-border-top td_block_template_1\" data-td-block-uid=\"tdi_72\">\n<div class=\"tdb-block-inner td-fix-index\">\n<figure><img loading=\"lazy\" decoding=\"async\" width=\"696\" height=\"380\" class=\"entry-thumb\" src=\"https:\/\/analyse.optim.biz\/wp-content\/uploads\/2026\/01\/spitalul-clinic-judetean-de-urgenta-pius-brinzeu-jpg-696x381-1.webp\" alt=\"Spitalul Clinic Judetean de Urgenta Pius Brinzeu jpg\" title=\"Spitalul Clinic Judetean de Urgenta Pius Brinzeu jpg\"><figcaption class=\"tdb-caption-text\">Spitalul Clinic Judetean de Urgenta Pius Brinzeu jpg<\/figcaption><\/figure>\n<\/div>\n<\/div>\n<div class=\"vc_row_inner tdi_74  vc_row vc_inner wpb_row td-pb-row\">\n<div class=\"vc_column_inner tdi_76  wpb_column vc_column_container tdc-inner-column td-pb-span4 td-is-sticky\">\n<div class=\"vc_column-inner\">\n<div class=\"wpb_wrapper\" data-sticky-enabled-on=\"W3RydWUsdHJ1ZSx0cnVlLHRydWVd\" data-sticky-offset=\"20\" data-sticky-is-width-auto=\"W2ZhbHNlLGZhbHNlLGZhbHNlLGZhbHNlXQ==\">\n<div class=\"td_block_wrap td_flex_block_1 tdi_77 td-pb-border-top td_block_template_1 td_ajax_preloading_preload td_flex_block\" data-td-block-uid=\"tdi_77\">\n<div id=\"tdi_77\" class=\"td_block_inner td-mc1-wrap\">\n<div class=\"td_module_flex td_module_flex_1 td_module_wrap td-animation-stack td-meta-info-hide td-cpt-post\">\n<div class=\"td-module-container td-category-pos-image\">\n<div class=\"td-module-meta-info\">\n<h3 class=\"entry-title td-module-title\"><a href=\"https:\/\/voceatimisului.ro\/investitie-majora-in-sanatate-sectia-ati-de-la-spitalul-judetean-timisoara-se-extinde-cu-fonduri-europene\/\" rel=\"bookmark\" title=\"Investi\u021bie major\u0103 \u00een s\u0103n\u0103tate: Sec\u021bia ATI de la Spitalul Jude\u021bean Timi\u0219oara se extinde cu fonduri europene\">Investi\u021bie major\u0103 \u00een s\u0103n\u0103tate: Sec\u021bia ATI de la Spitalul Jude\u021bean Timi\u0219oara se extinde cu fonduri europene<\/a><\/h3>\n<\/div>\n<\/div>\n<\/div>\n<div class=\"td_module_flex td_module_flex_1 td_module_wrap td-animation-stack td-meta-info-hide td-cpt-post\">\n<div class=\"td-module-container td-category-pos-image\">\n<div class=\"td-module-meta-info\">\n<h3 class=\"entry-title td-module-title\"><a href=\"https:\/\/voceatimisului.ro\/trei-oferte-pentru-centrul-medical-de-recuperare-de-la-lovrin-investitie-de-peste-8-milioane-de-euro-cu-sprijin-european\/\" rel=\"bookmark\" title=\"Trei oferte pentru centrul medical de recuperare de la Lovrin. Investi\u021bie de peste 8 milioane de euro, cu sprijin european\">Trei oferte pentru centrul medical de recuperare de la Lovrin. Investi\u021bie de peste 8 milioane de euro, cu sprijin european<\/a><\/h3>\n<\/div>\n<\/div>\n<\/div>\n<div class=\"td_module_flex td_module_flex_1 td_module_wrap td-animation-stack td-meta-info-hide td-cpt-post\">\n<div class=\"td-module-container td-category-pos-image\">\n<div class=\"td-module-meta-info\">\n<h3 class=\"entry-title td-module-title\"><a href=\"https:\/\/voceatimisului.ro\/efectul-sandesc-ministerul-sanatatii-repune-pe-linia-de-plutire-spitalele-publice-si-obliga-managerii-sa-i-initieze-in-tainele-muncii-de-la-stat-pe-medicii-cu-program-de-lucru-preferential-si-fara-pa\/\" rel=\"bookmark\" title=\"Efectul S\u0103ndesc! Ministerul S\u0103n\u0103t\u0103\u021bii repune pe linia de plutire spitalele publice \u0219i oblig\u0103 managerii s\u0103-i ini\u021bieze \u00een tainele muncii de la stat pe medicii cu program de lucru preferen\u021bial \u0219i f\u0103r\u0103 pacien\u021bi\">Efectul S\u0103ndesc! Ministerul S\u0103n\u0103t\u0103\u021bii repune pe linia de plutire spitalele publice \u0219i oblig\u0103 managerii s\u0103-i ini\u021bieze \u00een tainele muncii de la stat pe medicii&#8230;<\/a><\/h3>\n<\/div>\n<\/div>\n<\/div>\n<div class=\"td_module_flex td_module_flex_1 td_module_wrap td-animation-stack td-meta-info-hide td-cpt-post\">\n<div class=\"td-module-container td-category-pos-image\">\n<div class=\"td-module-meta-info\">\n<h3 class=\"entry-title td-module-title\"><a href=\"https:\/\/voceatimisului.ro\/ca-n-romania-spitalul-judetean-timisoara-va-distruge-peste-25-milioane-de-masti-de-protectie-care-i-au-fost-bagate-pe-gat-de-smecherii-din-sanatate-daca-nu-va-gasi-cerere-in-piata-inainte-de-term\/\" rel=\"bookmark\" title=\"Ca-n Rom\u00e2nia! Spitalul Jude\u021bean Timi\u0219oara va distruge peste 2,5 milioane de m\u0103\u0219ti de protec\u021bie, care i-au fost b\u0103gate pe g\u00e2t de smecherii din S\u0103n\u0103tate, dac\u0103 nu va g\u0103si cerere \u00een pia\u021b\u0103, \u00eenainte de termenul de expirare\">Ca-n Rom\u00e2nia! Spitalul Jude\u021bean Timi\u0219oara va distruge peste 2,5 milioane de m\u0103\u0219ti de protec\u021bie, care i-au fost b\u0103gate pe g\u00e2t de smecherii din S\u0103n\u0103tate,&#8230;<\/a><\/h3>\n<\/div>\n<\/div>\n<\/div>\n<\/div>\n<\/div>\n<div class=\"tdb-author-box td_block_wrap tdb_single_author_box tdi_82 tdb-content-vert-top td-pb-border-top td_block_template_1\" data-td-block-uid=\"tdi_82\">\n<div class=\"tdb-block-inner td-fix-index\">\n<div class=\"tdb-author-info\"><a href=\"https:\/\/voceatimisului.ro\/author\/tibi\/\" class=\"tdb-author-name\">Tiberiu Kiss<\/a><\/p>\n<div class=\"tdb-author-descr\">\u00centreaga responsabilitate a comentariilor l\u0103sate de dumneavoastr\u0103 v\u0103 apar\u021bine!<br \/>\nClick <a href=\"https:\/\/voceatimisului.ro\/termeni-si-conditii\/\">aici<\/a>-citeste condi\u0163iile de utilizare ale site-ului www.voceatimisului.ro<\/div>\n<\/div>\n<\/div>\n<\/div>\n<\/div>\n<\/div>\n<\/div>\n<div class=\"vc_column_inner tdi_84  wpb_column vc_column_container tdc-inner-column td-pb-span8\">\n<div class=\"vc_column-inner\">\n<div class=\"wpb_wrapper\">\n<div class=\"td_block_wrap tdb_single_content tdi_85 td-pb-border-top td_block_template_1 td-post-content tagdiv-type\" data-td-block-uid=\"tdi_85\">\n<div class=\"tdb-block-inner td-fix-index\">\n<h5 class=\"wp-block-heading\" id=\"h-\u0219i-nici-n-ar-prea-avea-cum-atata-timp-cat-aproape-doua-duzini-dintre-doctori-angaja\u021bi-cu-carte-de-munca-la-cea-mai-mare-unitate-sanitara-din-vestul-romaniei-au-atins-cel-mult-un-pacient-pe-an-alte-7-cadre-medicale-\u0219i-au-exersat-talentul-pe-cate-2-bolnavi-la-12-luni-al\u021bi-6-medici-au-vazut-cate-3-oameni-pe-an-2-cate-4-3-cate-5-1-cu-6-3-cu-7-\u0219i-tot-ata\u021bi-medici-curan\u021bi-cu-8-pacien\u021bi-externa\u021bi-pe-an-2-cu-9-4-cu-10-2-cu-11-\u0219i-un-singur-medic-cu-12-bolnavi-externa\u021bi-pe-an-nu-pe-luna-ca-sa-fie-clar-evident-in-tot-acest-timp-fie-ca-au-prestat-munci-in-folosul-angajatorului-fie-ca-nu-la-30-de-zile-au-curs-salariile-sporurile-\u0219i-celelalte-beneficii-pentru-to\u021bi-la-fel-cum-altfel-decat-fara-discriminare-\u0219i-fara-munca-normata\">\u0218i nici n-ar prea avea cum, at\u00e2ta timp c\u00e2t aproape dou\u0103 duzini dintre doctori, angaja\u021bi cu carte de munc\u0103 la cea mai mare unitate sanitar\u0103 din vestul Rom\u00e2niei, au atins cel mult un pacient\u2026 pe an! Alte 7 cadre medicale \u0219i-au exersat talentul pe c\u00e2te 2 bolnavi la 12 luni, al\u021bi 6 medici au v\u0103zut c\u00e2te 3 oameni pe an, 2 c\u00e2te 4, 3 c\u00e2te 5, 1 cu 6, 3 cu 7 \u0219i tot at\u00e2\u021bi medici curan\u021bi cu 8 pacien\u021bi externa\u021bi pe an, 2 cu 9, 4 cu 10, 2 cu 11 \u0219i un singur medic cu 12 bolnavi externa\u021bi. Pe an, nu pe lun\u0103, ca s\u0103 fie clar! Evident, \u00een tot acest timp, fie c\u0103 au prestat munci \u00een folosul angajatorului fie c\u0103 nu, la 30 de zile, au curs salariile, sporurile \u0219i celelalte beneficii. Pentru to\u021bi la fel, cum altfel dec\u00e2t, f\u0103r\u0103 discriminare \u0219i f\u0103r\u0103 munc\u0103 normat\u0103!<\/h5>\n<p>F\u0103r\u0103 niciun dubiu, cazul Spitalului Clinic Jude\u021bean de Urgen\u021b\u0103 \u201dPius Br\u00eenzeu\u201d Timi\u0219oara nu este unul singular. Din contr\u0103, tot sistemul rom\u00e2nesc de s\u0103n\u0103tate e \u00een aceea\u0219i situa\u021bie delirant\u0103! <strong>Adic\u0103 una \u00een care medici care freac\u0103 menta cu gra\u021bie, p\u00e2n\u0103 produc mentosane, sunt remunera\u021bi la fel ca cei care-\u0219i rup spatele la capul bolnavului, zi de zi<\/strong>! A\u0219a c\u0103 n-ar trebui s\u0103 mai mire pe niciun manager de spital c\u0103 sindromul de burnout, care vine la pachet cu o serie de alte boli profesionale, se aplic\u0103, dup\u0103 reguli stricte, doar unei anumite categorii de doctori: <em><u>fraierilor de serviciu<\/u><\/em>! \u0218i, din fericire pentru SCJUT, a\u0219a cum rezult\u0103 din statistici medicale de dat\u0103 recent\u0103, azi, institu\u021bia sanitar\u0103 func\u021bioneaz\u0103 doar datorit\u0103 categoriei socio-profesionale de mai sus! F\u0103r\u0103 niciun dubiu!<\/p>\n<p><strong>C\u0103 Spitalul Clinic Jude\u021bean de Urgent\u0103 \u201cPius Br\u00eenzeu\u201d, \u00een primul r\u00e2nd, ar trebui s\u0103-i ridice statuie prof. dr. Alin Cump\u0103na\u0219, \u0219eful Sec\u021biei de Urologie, nici nu mai intr\u0103 \u00een discu\u021bie<\/strong>. Se vede clar din documente c\u0103, \u00een ultimii 3 ani, num\u0103rul 1, ca cifr\u0103 de pacien\u021bi externa\u021bi, a fost mereu unul \u0219i acela\u0219i \u2013 Alin Cump\u0103na\u0219! Oricum, la cum arat\u0103 numerologia \u00een dreptul reputatului medic urolog timi\u0219orean (<em>circa 1000 de pacien\u021bi externa\u021bi\/an<\/em>), acesta ar putea lucra foarte bine doar jum\u0103tate de an la stat \u0219i restul s\u0103 \u00eel foloseasc\u0103 pentru odihn\u0103 \u0219i familie! <strong>Nu de alta, dar \u00eentre prof. Cump\u0103na\u0219 \u0219i urm\u0103torul clasat, \u00een analiza f\u0103cut\u0103 de SCJUT, e o distan\u021b\u0103 de circa 500 de pacien\u021bi\u2026 lumin\u0103<\/strong>!<\/p>\n<p>\u0218i la fel ar trebui s\u0103 procedeze SCJUT, m\u0103car cu o poz\u0103 la gazeta de perete, \u0219i cu medicii Andreea Ra\u021b\u0103, Marius Craina, Mircea Munteanu, Mihaela Simu, Ciprian Du\u021b\u0103, Cosmin Daminescu, Viviana Ivan, Dan Ro\u0219u, Georgel \u021a\u0103ranu, Bogdan Timar, Amadeus Dobrescu, Isaic Alexandru, Cristian Tar\u021ba, Olivera Iordache, Adriana G\u0103in\u0103, Dan Brebu, Simona Popescu, Sorin Barac, Mircea Selaru, Alexandra Sima \u0219i, nu \u00een ultimul r\u00e2nd, Horia Ple\u0219. Tocmai pentru c\u0103 statisticile \u0219i calcule de rentabilitate, adic\u0103 presta\u021biile medicale versus salariul lunar, sunt extrem de clare \u0219i pertinente \u2013 to\u021bi cei enumera\u021bi mai sus, la fel ca \u0219i prof. Alin Cum\u0103p\u0103na\u0219, \u021bin cel mai mare spital din vestul Rom\u00e2niei pe linia de plutire \u0219i cu plata utilit\u0103\u021bilor \u0219i furnizorilor la zi!<\/p>\n<p>Evident c\u0103 pe l\u00e2ng\u0103 to\u021bi ace\u0219ti doctori, chiar dac\u0103 exist\u0103 diferen\u021be \u00eentre plutoane, e loc de laud\u0103, f\u0103r\u0103 niciun dubiu, \u0219i pentru coloana vertebral\u0103 a Spitalului Clinic Jude\u021bean de Urgen\u021b\u0103 Timi\u0219oara, format\u0103 din zeci de medici speciali\u0219ti \u0219i primari, mul\u021bi dintre ei afla\u021bi la \u00eenceput de carier\u0103: Bogdan Sec\u0103\u0219an, Andrei P\u0103unescu, M\u0103d\u0103lina Timircan, Corina Pienar, Cristina \u0218erbescu, Iulia Grosu, C\u0103t\u0103lin Dumitru, George Nodi\u021bi, Ioana Bortea, Ioni\u021b\u0103 Nicoleta etc. To\u021bi, cu zeci de pacien\u021bi exerna\u021bi pe lun\u0103! Ceea ce \u00eenseamn\u0103 c\u0103, \u00een r\u00e2ndul premian\u021bilor, indiferent de pluton, nu este vorba despre vreo coinciden\u021b\u0103 stranie, ci despre mult\u0103 munc\u0103 \u0219i seriozitate. \u0218i, nu \u00een ultimul r\u00e2nd, respectarea programului de lucru de la stat. Nu de la privat!<\/p>\n<p><strong>Reversul monedei<\/strong><\/p>\n<p>Acum, ca s\u0103 priceap\u0103 toat\u0103 lumea, pentru orice unitate spitaliceasc\u0103 din Rom\u00e2nia, a\u0219a cum e \u0219i SCJUT, num\u0103rul pacien\u021bilor externa\u021bi\u2026 \u00eenseamn\u0103 bani! Mul\u021bi bani! Dar ca s\u0103-i atragi de la Casa Na\u021bional\u0103 de Asigur\u0103ri de S\u0103n\u0103tate, prin deconturi medicale, angaja\u021bii institu\u021biilor sanitare trebuie s\u0103 \u0219i munceasc\u0103, dac\u0103 tot \u00ee\u0219i iau lefurile la zi. Mai exact s\u0103 consulte, s\u0103 trateze \u0219i s\u0103 externeze pacien\u021bi! Ceea ce, \u00een limbaj specific, are denumirea de servicii de s\u0103n\u0103tate care, ulterior, sunt decontate spitalului de c\u0103tre stat, prin CJAS Timi\u0219, a\u0219a cum e \u0219i \u00een cazul SCJUT! \u0218i, a\u0219a cum rezult\u0103 din documente, cea mai mare unitate sanitar\u0103 din vestul Rom\u00e2niei are \u00een jur de circa 400 de medici curan\u021bi. Tot din sinteza institu\u021bional\u0103 rezult\u0103 c\u0103 2 din 10 doctori angaja\u021bi nu-\u0219i justific\u0103 salariul! Mai exact, nu au activitate, nu au pacien\u021bi \u0219i nu deconteaz\u0103 servicii medicale \u00een beneficiul angajatorului!<\/p>\n<p>Cert e c\u0103 cei care trag clapa SCJUT nu sunt pu\u021bini \u2013 circa 80 de medici, dac\u0103 e s\u0103 ne lu\u0103m dup\u0103 sinteza \u0219i cifrele din analiza unit\u0103\u021bii sanitare. \u0218i cutuma spune c\u0103, \u00een sistemul sanitar, un angajat devine rentabil dac\u0103 are minim 8-10 extern\u0103ri pe lun\u0103, \u00een func\u021bie de procedur\u0103 \u0219i complexitate. Nu pe an! Acum, e foarte simplu de f\u0103cut un calcul matematic: de \u00eenmul\u021bit un num\u0103r de 80 de non-prestatori cu un salariu lunar mediu de 10.000 RON, dup\u0103 care, din nou, sporit cu 12 luni, at\u00e2tea c\u00e2te sunt \u00eentr-un an calendaristic. Dimensiunea dezastrului este evident\u0103! Aproape 2 milioane de euro pe an pierde Spitalul Jude\u021bean Timi\u0219oara prin plata unor salarii, nedublate de un cuantum fix de pacien\u021bi externa\u021bi care s\u0103 acopere m\u0103car nivelul veniturilor celor circa 80 de\u2026 produc\u0103tori de mentosane! Asta doar la stat, c\u0103 la privat sunt\u2026 medici curan\u021bi! \u0218i, acolo, nu ard oxigenul degeaba!<\/p>\n<p>C\u0103 lucrurile acestea se \u00eent\u00e2mpl\u0103 la nivelul fiec\u0103rei unit\u0103\u021bi sanitare, asta e cert! \u0218i cel mai bine se vede dezastrul, \u00een care se scald\u0103 spitalele din Timi\u0219oara, dintr-o alt\u0103 analiz\u0103. Una care nu face dec\u00e2t s\u0103 confirme c\u0103 angaja\u021bii neproductivi, indiferent c\u00e2t ar trage al\u021bii la c\u0103ru\u021b\u0103, duc institu\u021biile sanitare \u00een pragul falimentului. \u0218i, pentru prima dat\u0103 \u00een ultimii 30 de ani, \u00een primul trimestru al anului 2023, unit\u0103\u021bile sanitare din jude\u021bul Timi\u0219 nu au cheltuit din bugetul CJAS suma de peste 31 milioane RON. Adic\u0103, peste 6 milioane de euro, de\u0219i bugeta\u021bi c\u0103tre institu\u021biile medicale, au r\u0103mas necheltui\u021bi pentru c\u0103, a\u0219a cum rezult\u0103 din documente, \u00een spitale\u2026nu s-a muncit \u0219i nu s-a decontat! Sau s-a muncit prost! Asta, \u00een unit\u0103\u021bile sanitare de stat, nu la cele private, c\u0103 acolo totul merge strun\u0103\u2026 cu aceia\u0219i angaja\u021bi ca la stat, evident!<\/p>\n<p>\u0218i, \u00een top, cu bani rata\u021bi pe primul trimestru 2023, este Spitalul Jude\u021bean Timi\u0219oara cu suma de peste 10,7 milioane RON, urmat \u00eendeaproape de Spitalul Municipal \u201dClinicile Noi\u201d cu un deficit de absorb\u021bie de 9,8 milioane RON, Spitalul de Copii \u0219i Institutul de Boli Cardiovasculare cu aceia\u0219i \u0219ans\u0103 unic\u0103 ratat\u0103 \u2013 6,4 milioane RON. <strong>Singura unitate sanitar\u0103 care a fost pe faz\u0103 \u0219i a m\u00e2ncat tot din farfuria Casei Jude\u021bene de Asigur\u0103ri de S\u0103n\u0103tate Timi\u0219, cheltuind pentru pacien\u021bi to\u021bi cei 8 milioane de RON aloca\u021bi, a fost Spitalul de Boli Infec\u021bioase \u201dVictor Babe\u0219\u201d Timi\u0219oara<\/strong>. Cifrele sunt extrem de importante, \u00een special pentru pacien\u021bii care calc\u0103 pragul unit\u0103\u021bilor sanitare de stat \u0219i se izbesc de celebra plac\u0103: nu avem, nu func\u021bioneaz\u0103, s-au terminat fondurile!<\/p>\n<p><strong>Reset din temelie<\/strong><\/p>\n<p>F\u0103r\u0103 nicio exagerare, cel pu\u021bin \u00een cazul Spitalului Jude\u021bean Timi\u0219oara, dac\u0103 personalul medical, care are probleme de adaptare la sistem \u0219i nu poate mai mult de 2-3 pacien\u021bi pe lun\u0103 \u2013 c\u0103 de cei care duc maxim un bolnav pe an, nici n-are sens s\u0103 mai discut\u0103m \u2013 ar fi concedia\u021bi, mai mult ca sigur, nimeni nu le va sim\u021bi lipsa! Oricum, func\u021bioneaz\u0103 ca asista\u021bii sociali! Doar c\u0103 \u00een situa\u021bii de genul acesta, din pricina legisla\u021biei (ne)muncii, dincolo de latura social\u0103 a textului normativ, este extrem de complicat ca o unitate sanitar\u0103 de stat s\u0103 pun\u0103 pe liber angaja\u021bi care au ocupat posturile prin concurs! \u00cen s\u0103n\u0103tate, dac\u0103 ai intrat pe re\u021bea, e pe via\u021b\u0103! <a href=\"https:\/\/voceatimisului.ro\/revolta-maselor-un-control-inopinat-care-dezvaluie-realitatea-crunta-din-spitalul-judetean-timisoara-a-starnit-reactii-furibunde-din-partea-sefilor-de-sectii-clinice\/\" target=\"_blank\" rel=\"noreferrer noopener\">A\u0219a c\u0103 orice manager, care ar vrea s\u0103 fac\u0103 o mi\u0219care de genul, pe l\u00e2ng\u0103 c\u0103-\u0219i pune toate pilele \u00een cap, \u00ee\u0219i atrage numai du\u0219m\u0103nii.<\/a><\/p>\n<p>Unde mai pui c\u0103 o serie \u00eentreag\u0103 de sec\u021bii clinice, \u0219i asta nu numai la SCJUT, func\u021bioneaz\u0103 bine doar pe h\u00e2rtie \u0219i \u00een indicii raporta\u021bi de c\u0103tre mai marii stabilimentelor! Una e pe celuloz\u0103 \u0219i alta e \u00een realitate! C\u0103 orice organ al statului, cu atribu\u021bii de control, dac\u0103 d\u0103 buzna pe oricare sec\u021bie spitaliceasc\u0103 \u0219i \u00eencepe s\u0103 numere bolnavii din paturi, \u00eei d\u0103 mult cu minus fa\u021b\u0103 traficul raport\u0103rilor zilnice! Mai conteaz\u0103 c\u0103 unii \u0219i-au f\u0103cut un obicei, de ani de zile, de a transfera CNP-urile bolnavilor, care trec prin ambulatoriile de specialitate pe la vreun control, direct pe sec\u021bii, ca intern\u0103ri de lung\u0103 durat\u0103, evident, f\u0103r\u0103 \u0219tiin\u021ba pacientului? Sau c\u0103 mai \u0219i deconteaz\u0103 materiale sanitare pe to\u021bi ace\u0219ti pacien\u021bi fictivi, racola\u021bi pe CNP-urile din ambulatoriile de specialitate? Deloc!<\/p>\n<p>A\u0219a c\u0103 marota cu subfinan\u021barea sistemului public de s\u0103n\u0103tate, nu e dec\u00e2t o poveste frumoas\u0103, av\u00e2nd \u00een vedere situa\u021bia complicat\u0103 \u00een care se afl\u0103 \u00eentreg sistemul medical rom\u00e2nesc! P\u0103i cum s\u0103 spui c\u0103 nu ai bani, c\u00e2nd \u00eei ai, dar, de fapt, nu \u0219tii s\u0103-i aduci \u00een ograda proprie? Bine, ai putea s\u0103-i iei de pe masa CNAS, dar trebuie s\u0103 ai \u0219i cu cine. Adic\u0103 medici care s\u0103 munceasc\u0103, nu care s\u0103 se comporte ca ni\u0219te asista\u021bi sociali dar pe care nici nu po\u021bi s\u0103-i dai afar\u0103, c\u0103 e complicat. Partea \u0219i mai mi\u0219to e c\u0103, cu unii de genul acesta \u00een c\u00e2rc\u0103, care nu produc nimic ci doar consum\u0103 resurse, nici nu po\u021bi angaja al\u021bii c\u0103, evident, organigrama e plin\u0103. Dac\u0103 vrei s\u0103 schimbi tactica, s\u0103 m\u0103re\u0219ti num\u0103r de paturi, care vine la pachet cu personal angajat, trebuie s\u0103 ai \u0219i posturile bugetate. Dar n-ai bani!<\/p>\n<p>\u0218i, p\u00e2n\u0103 la urm\u0103, to\u021bi se prind c\u0103 h\u00e2rtia suport\u0103 orice \u0219i c\u0103 sistemul sanitar rom\u00e2nesc e cea mai bun\u0103 vac\u0103 de muls! E de r\u00e2s, dar asta o \u0219tiu cel mai bine to\u021bi cei care lucreaz\u0103 \u00een privat! C\u0103 transferul de pacien\u021bi \u0219i materie prim\u0103 se face doar \u00eentr-o singur\u0103 direc\u021bie. De la stat c\u0103tre privat. Niciodat\u0103 invers!<\/p>\n<\/div>\n<\/div>\n<div class=\"td_block_wrap tdb_single_tags tdi_88 td-pb-border-top td_block_template_1\" data-td-block-uid=\"tdi_88\">\n<div class=\"tdb-block-inner td-fix-index\">\n<ul class=\"tdb-tags\">\n<li><span>Tags<\/span><\/li>\n<li><a href=\"https:\/\/voceatimisului.ro\/tag\/casa-nationala-de-asigurari-de-sanatate\/\">casa nationala de asigurari de sanatate<\/a><\/li>\n<li><a href=\"https:\/\/voceatimisului.ro\/tag\/dorel-sandesc\/\">Dorel S\u0103ndesc<\/a><\/li>\n<li><a href=\"https:\/\/voceatimisului.ro\/tag\/medici\/\">medici<\/a><\/li>\n<li><a href=\"https:\/\/voceatimisului.ro\/tag\/spitalul-judetean-timisoara\/\">spitalul judetean timisoara<\/a><\/li>\n<\/ul>\n<\/div>\n<\/div>\n<div class=\"td_block_wrap tdb_single_post_share tdi_89  td-pb-border-top td_block_template_1\" data-td-block-uid=\"tdi_89\">\n<div id=\"tdi_89\" class=\"td-post-sharing tdb-block td-ps-bg td-ps-notext td-post-sharing-style1 \">\n<div class=\"td-post-sharing-visible\"><a class=\"td-social-sharing-button td-social-sharing-button-js td-social-network td-social-facebook\" href=\"https:\/\/www.facebook.com\/sharer.php?u=https%3A%2F%2Fvoceatimisului.ro%2Ffantomele-lui-sandesc-doi-din-zece-medici-ai-spitalului-judetean-timisoara-nu-isi-justifica-salariile-fiind-pasuiti-dupa-principiile-asistatilor-sociali%2F\" title=\"Facebook\" rel=\"noopener\"><\/p>\n<div class=\"td-social-but-text\">Facebook<\/div>\n<p><\/a><a class=\"td-social-sharing-button td-social-sharing-button-js td-social-network td-social-twitter\" href=\"https:\/\/twitter.com\/intent\/tweet?text=Fantomele+lui+S%C4%83ndesc%21+Doi+din+zece+medici+ai+Spitalului+Jude%C8%9Bean+Timi%C8%99oara+nu+%C3%AE%C8%99i+justific%C4%83+salariile%2C+fiind+p%C4%83sui%C8%9Bi+dup%C4%83+principiile+asista%C8%9Bilor+sociali&amp;url=https%3A%2F%2Fvoceatimisului.ro%2Ffantomele-lui-sandesc-doi-din-zece-medici-ai-spitalului-judetean-timisoara-nu-isi-justifica-salariile-fiind-pasuiti-dupa-principiile-asistatilor-sociali%2F&amp;via=Vocea+Timisului\" title=\"Twitter\" rel=\"noopener\"><\/p>\n<div class=\"td-social-but-text\">Twitter<\/div>\n<p><\/a><a class=\"td-social-sharing-button td-social-sharing-button-js td-social-network td-social-pinterest\" href=\"https:\/\/pinterest.com\/pin\/create\/button\/?url=https:\/\/voceatimisului.ro\/fantomele-lui-sandesc-doi-din-zece-medici-ai-spitalului-judetean-timisoara-nu-isi-justifica-salariile-fiind-pasuiti-dupa-principiile-asistatilor-sociali\/&amp;media=https:\/\/voceatimisului.ro\/wp-content\/uploads\/2023\/05\/Spitalul-Clinic-Judetean-de-Urgenta-Pius-Brinzeu-jpg.webp&amp;description=Fantomele+lui+S%C4%83ndesc%21+Doi+din+zece+medici+ai+Spitalului+Jude%C8%9Bean+Timi%C8%99oara+nu+%C3%AE%C8%99i+justific%C4%83+salariile%2C+fiind+p%C4%83sui%C8%9Bi+dup%C4%83+principiile+asista%C8%9Bilor+sociali\" title=\"Pinterest\" rel=\"noopener\"><\/p>\n<div class=\"td-social-but-text\">Pinterest<\/div>\n<p><\/a><a class=\"td-social-sharing-button td-social-sharing-button-js td-social-network td-social-whatsapp\" href=\"https:\/\/api.whatsapp.com\/send?text=Fantomele+lui+S%C4%83ndesc%21+Doi+din+zece+medici+ai+Spitalului+Jude%C8%9Bean+Timi%C8%99oara+nu+%C3%AE%C8%99i+justific%C4%83+salariile%2C+fiind+p%C4%83sui%C8%9Bi+dup%C4%83+principiile+asista%C8%9Bilor+sociali%20%0A%0A%20https:\/\/voceatimisului.ro\/fantomele-lui-sandesc-doi-din-zece-medici-ai-spitalului-judetean-timisoara-nu-isi-justifica-salariile-fiind-pasuiti-dupa-principiile-asistatilor-sociali\/\" title=\"WhatsApp\" rel=\"noopener\"><\/p>\n<div class=\"td-social-but-text\">WhatsApp<\/div>\n<p><\/a><a class=\"td-social-sharing-button td-social-sharing-button-js td-social-network td-social-linkedin\" href=\"https:\/\/www.linkedin.com\/shareArticle?mini=true&amp;url=https:\/\/voceatimisului.ro\/fantomele-lui-sandesc-doi-din-zece-medici-ai-spitalului-judetean-timisoara-nu-isi-justifica-salariile-fiind-pasuiti-dupa-principiile-asistatilor-sociali\/&amp;title=Fantomele+lui+S%C4%83ndesc%21+Doi+din+zece+medici+ai+Spitalului+Jude%C8%9Bean+Timi%C8%99oara+nu+%C3%AE%C8%99i+justific%C4%83+salariile%2C+fiind+p%C4%83sui%C8%9Bi+dup%C4%83+principiile+asista%C8%9Bilor+sociali\" title=\"Linkedin\" rel=\"noopener\"><\/p>\n<div class=\"td-social-but-text\">Linkedin<\/div>\n<p><\/a><a class=\"td-social-sharing-button td-social-sharing-button-js td-social-network td-social-copy_url\" href=\"https:\/\/voceatimisului.ro\/fantomele-lui-sandesc-doi-din-zece-medici-ai-spitalului-judetean-timisoara-nu-isi-justifica-salariile-fiind-pasuiti-dupa-principiile-asistatilor-sociali\/\" title=\"Copy URL\" rel=\"noopener\"><\/p>\n<div class=\"td-social-but-text\">Copy URL<\/div>\n<p><\/a><\/div>\n<\/div>\n<\/div>\n<div class=\"td_block_wrap tdb_single_next_prev tdi_90 td-animation-stack td-next-prev-img-on td-pb-border-top td_block_template_1\" data-td-block-uid=\"tdi_90\">\n<div class=\"tdb-block-inner td-fix-index\">\n<div class=\"tdb-next-post tdb-next-post-bg tdb-post-prev\"><span>Articolul precedent<\/span><\/p>\n<div class=\"td-module-container\">\n<div class=\"td-image-container\"><a class=\"td-image-wrap\" href=\"https:\/\/voceatimisului.ro\/mica-publicitate-o-grupare-de-crima-organizata-transfrontaliera-cauta-solutii-chiar-si-chimice-ca-sa-spele-peste-100-milioane-de-euro-la-propriu-intr-o-anexa-din-timisoara\/\"><img loading=\"lazy\" decoding=\"async\" class=\"td-next-prev-image td-fix-index td-lazy-img\" title=\"Mica publicitate! O grupare de crim\u0103 organizat\u0103 transfrontalier\u0103 caut\u0103 solu\u021bii, chiar \u0219i chimice, ca s\u0103 spele peste 100 milioane de euro, la propriu, \u00eentr-o anex\u0103 din Timi\u0219oara\" width=\"696\" height=\"696\" src=\"https:\/\/analyse.optim.biz\/wp-content\/uploads\/2026\/01\/100-milioane-de-euro-jpg-696x696-1.webp\"><\/a><\/div>\n<div class=\"next-prev-title\"><a href=\"https:\/\/voceatimisului.ro\/mica-publicitate-o-grupare-de-crima-organizata-transfrontaliera-cauta-solutii-chiar-si-chimice-ca-sa-spele-peste-100-milioane-de-euro-la-propriu-intr-o-anexa-din-timisoara\/\">Mica publicitate! O grupare de crim\u0103 organizat\u0103 transfrontalier\u0103 caut\u0103 solu\u021bii, chiar \u0219i chimice, ca s\u0103 spele peste 100 milioane de euro, la propriu, \u00eentr-o anex\u0103 din Timi\u0219oara<\/a><\/div>\n<\/div>\n<\/div>\n<div class=\"tdb-next-post tdb-next-post-bg tdb-post-next\"><span>Articolul urm\u0103tor<\/span><\/p>\n<div class=\"td-module-container\">\n<div class=\"td-image-container\"><a class=\"td-image-wrap\" href=\"https:\/\/voceatimisului.ro\/liniste-si-pace-in-ultimii-doi-ani-in-parohia-prefectului-psd-mihai-ritivoiu-traficul-de-migranti-a-crescut-cu-700-la-pachet-cu-profiturile-uriase-pentru-firmele-de-recrutari-de-forta-de-munca\/\"><img loading=\"lazy\" decoding=\"async\" class=\"td-next-prev-image td-fix-index td-lazy-img\" title=\"Lini\u0219te \u0219i pace! \u00cen ultimii doi ani, \u00een parohia prefectului PSD Mihai Ritivoiu, traficul de migran\u021bi a crescut cu 700%, la pachet cu profiturile uria\u0219e pentru firmele de recrut\u0103ri de for\u021b\u0103 de munc\u0103\" width=\"696\" height=\"514\" src=\"https:\/\/analyse.optim.biz\/wp-content\/uploads\/2026\/01\/mihai-ritivoiu-traficul-de-migranti-jpg-696x514-1.webp\"><\/a><\/div>\n<div class=\"next-prev-title\"><a href=\"https:\/\/voceatimisului.ro\/liniste-si-pace-in-ultimii-doi-ani-in-parohia-prefectului-psd-mihai-ritivoiu-traficul-de-migranti-a-crescut-cu-700-la-pachet-cu-profiturile-uriase-pentru-firmele-de-recrutari-de-forta-de-munca\/\">Lini\u0219te \u0219i pace! \u00cen ultimii doi ani, \u00een parohia prefectului PSD Mihai Ritivoiu, traficul de migran\u021bi a crescut cu 700%, la pachet cu profiturile uria\u0219e pentru firmele de recrut\u0103ri de for\u021b\u0103 de munc\u0103<\/a><\/div>\n<\/div>\n<\/div>\n<\/div>\n<\/div>\n<\/div>\n<\/div>\n<\/div>\n<\/div>\n<div class=\"vc_row_inner tdi_100  vc_row vc_inner wpb_row td-pb-row\">\n<div class=\"vc_column_inner tdi_102  wpb_column vc_column_container tdc-inner-column td-pb-span4 td-is-sticky\">\n<div class=\"vc_column-inner\">\n<div class=\"wpb_wrapper\" data-sticky-enabled-on=\"W3RydWUsdHJ1ZSx0cnVlLHRydWVd\" data-sticky-offset=\"20\" data-sticky-is-width-auto=\"W2ZhbHNlLGZhbHNlLGZhbHNlLGZhbHNlXQ==\">\n<div class=\"td_block_wrap tdb_single_related tdi_103 td_with_ajax_pagination td-pb-border-top td_block_template_1 tdb-single-related-posts\" data-td-block-uid=\"tdi_103\">\n<div id=\"tdi_103\" class=\"td_block_inner tdb-block-inner td-fix-index\">\n<div class=\"tdb_module_related td_module_wrap td-animation-stack td-meta-info-hide\">\n<div class=\"td-module-container td-category-pos-image\">\n<div class=\"td-module-meta-info\">\n<h3 class=\"entry-title td-module-title\"><a href=\"https:\/\/voceatimisului.ro\/de-vis-medicii-din-spitalele-de-stat-ale-ministrului-rafila-fac-cheta-interna-ca-sa-cumpere-prezervative-chiurete-baterii-si-hartie-de-ecograf-necesare-consulturilor-pentru-pacienti\/\" rel=\"bookmark\" title=\"De vis! Medicii din spitalele de stat ale ministrului Rafila fac chet\u0103 intern\u0103 ca s\u0103 cumpere prezervative, chiurete, baterii \u0219i h\u00e2rtie de ecograf, necesare consulturilor pentru pacien\u021bi\">De vis! Medicii din spitalele de stat ale ministrului Rafila fac chet\u0103 intern\u0103 ca s\u0103 cumpere prezervative, chiurete, baterii \u0219i h\u00e2rtie de ecograf, necesare&#8230;<\/a><\/h3>\n<\/div>\n<\/div>\n<\/div>\n<div class=\"tdb_module_related td_module_wrap td-animation-stack td-meta-info-hide\">\n<div class=\"td-module-container td-category-pos-image\">\n<div class=\"td-module-meta-info\">\n<h3 class=\"entry-title td-module-title\"><a href=\"https:\/\/voceatimisului.ro\/ultima-moda-la-spitalul-judetean-timisoara-pacientii-ministrului-sanatatii-alexandru-rafila-sunt-trimisi-la-tomberon-direct-din-unitatea-de-primiri-urgente\/\" rel=\"bookmark\" title=\"Ultima mod\u0103! La Spitalul Jude\u021bean Timi\u0219oara, pacien\u021bii ministrului s\u0103n\u0103t\u0103\u021bii Alexandru Rafila sunt trimi\u0219i\u2026 la tomberon, direct din Unitatea de Primiri Urgen\u021be\">Ultima mod\u0103! La Spitalul Jude\u021bean Timi\u0219oara, pacien\u021bii ministrului s\u0103n\u0103t\u0103\u021bii Alexandru Rafila sunt trimi\u0219i\u2026 la tomberon, direct din Unitatea de Primiri Urgen\u021be<\/a><\/h3>\n<\/div>\n<\/div>\n<\/div>\n<div class=\"tdb_module_related td_module_wrap td-animation-stack td-meta-info-hide\">\n<div class=\"td-module-container td-category-pos-image\">\n<div class=\"td-module-meta-info\">\n<h3 class=\"entry-title td-module-title\"><a href=\"https:\/\/voceatimisului.ro\/achizitii-nesanatoase-spitalul-judetean-timisoara-a-fortat-legea-pentru-a-prelungi-cu-un-an-contractul-de-hrana-pentru-pacienti-in-favoarea-unei-firme-abonate-la-bucataria-statului-cu-contracte-de\/\" rel=\"bookmark\" title=\"Achizi\u021bii (ne)s\u0103n\u0103toase! Spitalul Jude\u021bean Timi\u0219oara a for\u021bat legea pentru a prelungi cu un an contractul de hran\u0103 pentru pacien\u021bi, \u00een favoarea unei firme abonate la buc\u0103t\u0103ria statului cu contracte de milioane de euro\">Achizi\u021bii (ne)s\u0103n\u0103toase! Spitalul Jude\u021bean Timi\u0219oara a for\u021bat legea pentru a prelungi cu un an contractul de hran\u0103 pentru pacien\u021bi, \u00een favoarea unei firme abonate&#8230;<\/a><\/h3>\n<\/div>\n<\/div>\n<\/div>\n<\/div>\n<\/div>\n<\/div>\n<\/div>\n<\/div>\n<div class=\"vc_column_inner tdi_105  wpb_column vc_column_container tdc-inner-column td-pb-span8\">\n<div class=\"vc_column-inner\">\n<div class=\"wpb_wrapper\">\n<div class=\"td_block_wrap tdb_single_comments tdi_106 tdb-comm-layout2 td-pb-border-top td_block_template_2\" data-td-block-uid=\"tdi_106\">\n<div class=\"tdb-block-inner td-fix-index\">\n<div class=\"comments\" id=\"comments\">\n<div id=\"respond\" class=\"comment-respond\">\n<h3 id=\"reply-title\" class=\"comment-reply-title\">L\u0102SA\u021aI UN MESAJ <small><a rel=\"nofollow\" id=\"cancel-comment-reply-link\" href=\"https:\/\/voceatimisului.ro\/fantomele-lui-sandesc-doi-din-zece-medici-ai-spitalului-judetean-timisoara-nu-isi-justifica-salariile-fiind-pasuiti-dupa-principiile-asistatilor-sociali\/#respond\">Renun\u021ba\u021bi la r\u0103spuns<\/a><\/small><\/h3>\n<div class=\"comment-form-input-wrap td-form-comment\">\n<div class=\"td-warning-comment\">V\u0103 rug\u0103m s\u0103 introduce\u021bi comentariul dvs.!<\/div>\n<\/div>\n<div class=\"comment-form-input-wrap td-form-author\">\n<div class=\"td-warning-author\">Introduce\u021bi aici numele dvs.<\/div>\n<\/div>\n<div class=\"comment-form-input-wrap td-form-email\">\n<div class=\"td-warning-email-error\">A\u021bi introdus o adres\u0103 de e-mail incorect\u0103!<\/div>\n<div class=\"td-warning-email\">V\u0103 rug\u0103m s\u0103 introduce\u021bi adresa dvs. de e-mail aici<\/div>\n<\/div>\n<\/div>\n<\/div>\n<\/div>\n<\/div>\n<\/div>\n<\/div>\n<\/div>\n<\/div>\n<\/div>\n<\/div>\n<div class=\"vc_column tdi_108  wpb_column vc_column_container tdc-column td-pb-span4 td-is-sticky\">\n<div class=\"wpb_wrapper\" data-sticky-enabled-on=\"W3RydWUsdHJ1ZSx0cnVlLHRydWVd\" data-sticky-offset=\"20\" data-sticky-is-width-auto=\"W2ZhbHNlLGZhbHNlLGZhbHNlLGZhbHNlXQ==\">\n<div class=\"vc_row_inner tdi_110  vc_row vc_inner wpb_row td-pb-row\">\n<div class=\"vc_column_inner tdi_112  wpb_column vc_column_container tdc-inner-column td-pb-span12\">\n<div class=\"vc_column-inner\">\n<div class=\"wpb_wrapper\">\n<div class=\"td_block_wrap td_block_title tdi_113 td-pb-border-top td_block_template_11 td-fix-index\" data-td-block-uid=\"tdi_113\">\n<div class=\"td-block-title-wrap\">\n<h4 class=\"td-block-title\"><span class=\"td-pulldown-size\">ANUN\u021aURI \u0218I PUBLICITATE<\/span><\/h4>\n<\/div>\n<\/div>\n<\/div>\n<\/div>\n<\/div>\n<\/div>\n<div class=\"wpb_wrapper td_block_wrap vc_widget_sidebar tdi_115 \">\n<aside id=\"block-10\" class=\"td_block_template_1 widget block-10 widget_block widget_media_image\">\n<figure class=\"wp-block-image size-full\"><a href=\"https:\/\/adpghiroda.ro\/index.html\" target=\"_blank\" rel=\" noreferrer noopener\"><img decoding=\"async\" loading=\"lazy\" width=\"960\" height=\"960\" src=\"https:\/\/analyse.optim.biz\/wp-content\/uploads\/2026\/01\/adp-ghiroda2-188.jpg\" class=\"wp-image-171492\" title=\"adp-ghiroda2-188\"><\/a><\/figure>\n<\/aside>\n<aside id=\"block-11\" class=\"td_block_template_1 widget block-11 widget_block widget_media_image\">\n<figure class=\"wp-block-image size-full\"><a href=\"https:\/\/adpghiroda.ro\/index.html\" target=\"_blank\" rel=\" noreferrer noopener\"><img decoding=\"async\" loading=\"lazy\" width=\"960\" height=\"960\" src=\"https:\/\/analyse.optim.biz\/wp-content\/uploads\/2026\/01\/adp-ghiroda1-188.jpg\" class=\"wp-image-171491\" title=\"adp-ghiroda1-188\"><\/a><\/figure>\n<\/aside>\n<aside id=\"block-17\" class=\"td_block_template_1 widget block-17 widget_block widget_media_image\">\n<figure class=\"wp-block-image size-large is-resized\"><a href=\"https:\/\/verde.events\/\" target=\"_blank\" rel=\" noreferrer noopener\"><img decoding=\"async\" loading=\"lazy\" width=\"1024\" height=\"683\" src=\"https:\/\/analyse.optim.biz\/wp-content\/uploads\/2026\/01\/verde-events-24-1024x683-1-173.jpg\" alt=\"Verde Events\" class=\"wp-image-174395\" title=\"verde-events-24-1024x683-1-173\"><\/a><figcaption class=\"wp-element-caption\"><strong><em>O experien\u021b\u0103 unic\u0103 pentru orice tip de eveniment<\/em><\/strong><\/figcaption><\/figure>\n<\/aside>\n<\/div>\n<div class=\"td_block_wrap td_flex_block_1 tdi_121 td-pb-border-top td_block_template_1 td_ajax_preloading_preload td_flex_block\" data-td-block-uid=\"tdi_121\">\n<div id=\"tdi_121\" class=\"td_block_inner td-mc1-wrap\">\n<div class=\"td_module_flex td_module_flex_1 td_module_wrap td-animation-stack td-meta-info-hide td-cpt-post\">\n<div class=\"td-module-container td-category-pos-image\">\n<div class=\"td-module-meta-info\">\n<h3 class=\"entry-title td-module-title\"><a href=\"https:\/\/voceatimisului.ro\/somn-de-voie-medicul-florica-birsasteanu-a-demisionat-din-fruntea-sectiei-de-radiologie-dupa-ce-umft-si-spitalul-judetean-timisoara-s-au-prins-la-trei-luni-de-la-numire-ca-l-au-inscaunat-si-miruit\/\" rel=\"bookmark\" title=\"Somn de voie! Medicul Floric\u0103 B\u00eers\u0103\u0219teanu a demisionat din fruntea Sec\u021biei de Radiologie dup\u0103 ce UMFT \u0219i Spitalul Jude\u021bean Timi\u0219oara s-au prins, la trei luni de la numire, c\u0103 l-au \u00eensc\u0103unat \u0219i miruit ilegal\">Somn de voie! Medicul Floric\u0103 B\u00eers\u0103\u0219teanu a demisionat din fruntea Sec\u021biei de Radiologie dup\u0103 ce UMFT \u0219i Spitalul Jude\u021bean Timi\u0219oara s-au prins, la trei&#8230;<\/a><\/h3>\n<\/div>\n<\/div>\n<\/div>\n<div class=\"td_module_flex td_module_flex_1 td_module_wrap td-animation-stack td-meta-info-hide td-cpt-post\">\n<div class=\"td-module-container td-category-pos-image\">\n<div class=\"td-module-meta-info\">\n<h3 class=\"entry-title td-module-title\"><a href=\"https:\/\/voceatimisului.ro\/prof-dr-dorel-sandesc-titularizat-ca-manager-al-spitalului-judetean-timisoara\/\" rel=\"bookmark\" title=\"Prof. dr. Dorel S\u0103ndesc, titularizat ca manager al Spitalului Jude\u021bean Timi\u0219oara\">Prof. dr. Dorel S\u0103ndesc, titularizat ca manager al Spitalului Jude\u021bean Timi\u0219oara<\/a><\/h3>\n<\/div>\n<\/div>\n<\/div>\n<div class=\"td_module_flex td_module_flex_1 td_module_wrap td-animation-stack td-meta-info-hide td-cpt-post\">\n<div class=\"td-module-container td-category-pos-image\">\n<div class=\"td-module-meta-info\">\n<h3 class=\"entry-title td-module-title\"><a href=\"https:\/\/voceatimisului.ro\/evaluare-impersonala-spitalul-judetean-timisoara-a-notat-cu-foarte-bine-si-excelent-aproape-100-de-medici-care-au-externat-cate-un-pacient-pe-an-si-cel-mult-doi-pe-luna\/\" rel=\"bookmark\" title=\"Evaluare (im)personal\u0103! Spitalul Jude\u021bean Timi\u0219oara a notat cu foarte bine \u0219i excelent aproape 100 de medici care au externat c\u00e2te un pacient pe an \u0219i cel mult doi pe lun\u0103\">Evaluare (im)personal\u0103! Spitalul Jude\u021bean Timi\u0219oara a notat cu foarte bine \u0219i excelent aproape 100 de medici care au externat c\u00e2te un pacient pe an&#8230;<\/a><\/h3>\n<\/div>\n<\/div>\n<\/div>\n<div class=\"td_module_flex td_module_flex_1 td_module_wrap td-animation-stack td-meta-info-hide td-cpt-post\">\n<div class=\"td-module-container td-category-pos-image\">\n<div class=\"td-module-meta-info\">\n<h3 class=\"entry-title td-module-title\"><a href=\"https:\/\/voceatimisului.ro\/revolta-maselor-un-control-inopinat-care-dezvaluie-realitatea-crunta-din-spitalul-judetean-timisoara-a-starnit-reactii-furibunde-din-partea-sefilor-de-sectii-clinice\/\" rel=\"bookmark\" title=\"Revolta maselor! Un control inopinat, care dezv\u0103luie realitatea crunt\u0103 din Spitalul Jude\u021bean Timi\u0219oara, a st\u00e2rnit reac\u021bii furibunde din partea \u0219efilor de sec\u021bii clinice\">Revolta maselor! Un control inopinat, care dezv\u0103luie realitatea crunt\u0103 din Spitalul Jude\u021bean Timi\u0219oara, a st\u00e2rnit reac\u021bii furibunde din partea \u0219efilor de sec\u021bii clinice<\/a><\/h3>\n<\/div>\n<\/div>\n<\/div>\n<div class=\"td_module_flex td_module_flex_1 td_module_wrap td-animation-stack td-meta-info-hide td-cpt-post\">\n<div class=\"td-module-container td-category-pos-image\">\n<div class=\"td-module-meta-info\">\n<h3 class=\"entry-title td-module-title\"><a href=\"https:\/\/voceatimisului.ro\/ministrul-sanatatii-a-decis-schimbarea-managerului-de-la-spitalul-judetean-timisoara\/\" rel=\"bookmark\" title=\"Ministrul S\u0103n\u0103t\u0103\u021bii a decis schimbarea managerului de la Spitalul Jude\u021bean Timi\u0219oara\">Ministrul S\u0103n\u0103t\u0103\u021bii a decis schimbarea managerului de la Spitalul Jude\u021bean Timi\u0219oara<\/a><\/h3>\n<\/div>\n<\/div>\n<\/div>\n<\/div>\n<\/div>\n<\/div>\n<\/div>\n<\/div>\n<\/div>\n<\/div>\n<\/div>\n<p><span class=\"td-page-meta\"><\/span><span class=\"td-page-meta\"><span class=\"td-page-meta\"><\/span><\/span><span class=\"td-page-meta\"><\/span><\/article>\n<p> Source URL: https:\/\/voceatimisului.ro\/fantomele-lui-sandesc-doi-din-zece-medici-ai-spitalului-judetean-timisoara-nu-isi-justifica-salariile-fiind-pasuiti-dupa-principiile-asistatilor-sociali\/<\/p>\n","protected":false},"excerpt":{"rendered":"<p>\u0218tiriS\u0103n\u0103tate Fantomele lui S\u0103ndesc! Doi din zece medici ai Spitalului Jude\u021bean Timi\u0219oara nu \u00ee\u0219i justific\u0103 salariile, fiind p\u0103sui\u021bi dup\u0103 principiile asista\u021bilor sociali Autor-Tiberiu Kiss 25 mai 2023 0 116304 Facebook Twitter Pinterest WhatsApp Linkedin Copy URL Spitalul Clinic Judetean de Urgenta Pius Brinzeu jpg Investi\u021bie major\u0103 \u00een s\u0103n\u0103tate: Sec\u021bia ATI de la Spitalul Jude\u021bean Timi\u0219oara [&hellip;]<\/p>\n","protected":false},"author":1,"featured_media":1331973,"comment_status":"open","ping_status":"","sticky":false,"template":"","format":"standard","meta":{"footnotes":""},"categories":[89],"tags":[199],"class_list":["post-1331970","post","type-post","status-publish","format-standard","has-post-thumbnail","hentry","category-romania","tag-voceatimisului-ro"],"_links":{"self":[{"href":"https:\/\/analyse.optim.biz\/index.php?rest_route=\/wp\/v2\/posts\/1331970","targetHints":{"allow":["GET"]}}],"collection":[{"href":"https:\/\/analyse.optim.biz\/index.php?rest_route=\/wp\/v2\/posts"}],"about":[{"href":"https:\/\/analyse.optim.biz\/index.php?rest_route=\/wp\/v2\/types\/post"}],"author":[{"embeddable":true,"href":"https:\/\/analyse.optim.biz\/index.php?rest_route=\/wp\/v2\/users\/1"}],"replies":[{"embeddable":true,"href":"https:\/\/analyse.optim.biz\/index.php?rest_route=%2Fwp%2Fv2%2Fcomments&post=1331970"}],"version-history":[{"count":0,"href":"https:\/\/analyse.optim.biz\/index.php?rest_route=\/wp\/v2\/posts\/1331970\/revisions"}],"wp:featuredmedia":[{"embeddable":true,"href":"https:\/\/analyse.optim.biz\/index.php?rest_route=\/wp\/v2\/media\/1331973"}],"wp:attachment":[{"href":"https:\/\/analyse.optim.biz\/index.php?rest_route=%2Fwp%2Fv2%2Fmedia&parent=1331970"}],"wp:term":[{"taxonomy":"category","embeddable":true,"href":"https:\/\/analyse.optim.biz\/index.php?rest_route=%2Fwp%2Fv2%2Fcategories&post=1331970"},{"taxonomy":"post_tag","embeddable":true,"href":"https:\/\/analyse.optim.biz\/index.php?rest_route=%2Fwp%2Fv2%2Ftags&post=1331970"}],"curies":[{"name":"wp","href":"https:\/\/api.w.org\/{rel}","templated":true}]}}