{"id":1331923,"date":"2023-06-16T04:57:42","date_gmt":"2023-06-16T01:57:42","guid":{"rendered":"https:\/\/analyse.optim.biz\/?p=1331923"},"modified":"2023-06-16T04:57:42","modified_gmt":"2023-06-16T01:57:42","slug":"medicul-florica-birsasteanu-a-demisionat","status":"publish","type":"post","link":"https:\/\/analyse.optim.biz\/?p=1331923","title":{"rendered":"Medicul Floric\u0103 B\u00eers\u0103\u0219teanu a demisionat"},"content":{"rendered":"<article id=\"template-id-172790\" class=\"post-172790 tdb_templates type-tdb_templates status-publish post\">\n<div id=\"tdi_52\" class=\"tdc-zone\">\n<div class=\"tdc_zone tdi_53  wpb_row td-pb-row\">\n<div id=\"tdi_54\" class=\"tdc-row stretch_row_1400 td-stretch-content\">\n<div class=\"vc_row tdi_55  wpb_row td-pb-row tdc-element-style\">\n<div class=\"vc_column tdi_57  wpb_column vc_column_container tdc-column td-pb-span8\">\n<div class=\"wpb_wrapper\">\n<div class=\"td_block_wrap tdb_single_categories tdi_58 td-pb-border-top td_block_template_1 \" data-td-block-uid=\"tdi_58\">\n<div class=\"tdb-category td-fix-index\"><a class=\"tdb-entry-category\" href=\"https:\/\/voceatimisului.ro\/category\/stiri-din-timisoara-si-timis\/\">\u0218tiri<\/a><a class=\"tdb-entry-category\" href=\"https:\/\/voceatimisului.ro\/category\/stiri-din-timisoara-si-timis\/sanatate\/\">S\u0103n\u0103tate<\/a><\/div>\n<\/div>\n<div class=\"td_block_wrap tdb_title tdi_59 tdb-single-title td-pb-border-top td_block_template_1\" data-td-block-uid=\"tdi_59\">\n<div class=\"tdb-block-inner td-fix-index\">\n<h1 class=\"tdb-title-text\">Somn de voie! Medicul Floric\u0103 B\u00eers\u0103\u0219teanu a demisionat din fruntea Sec\u021biei de Radiologie dup\u0103 ce UMFT \u0219i Spitalul Jude\u021bean Timi\u0219oara s-au prins, la trei luni de la numire, c\u0103 l-au \u00eensc\u0103unat \u0219i miruit ilegal<\/h1>\n<\/div>\n<\/div>\n<div class=\"vc_row_inner tdi_62  vc_row vc_inner wpb_row td-pb-row\">\n<div class=\"vc_column_inner tdi_64  wpb_column vc_column_container tdc-inner-column td-pb-span6\">\n<div class=\"vc_column-inner\">\n<div class=\"wpb_wrapper\">\n<div class=\"td_block_wrap tdb_single_author tdi_65 td-pb-border-top td_block_template_1 tdb-post-meta\" data-td-block-uid=\"tdi_65\">\n<div class=\"tdb-block-inner td-fix-index\">\n<div class=\"tdb-author-name-wrap\"><span class=\"tdb-author-by\">Autor-<\/span><a class=\"tdb-author-name\" href=\"https:\/\/voceatimisului.ro\/author\/tibi\/\">Tiberiu Kiss<\/a><\/div>\n<\/div>\n<\/div>\n<div class=\"td_block_wrap tdb_single_date tdi_66 td-pb-border-top td_block_template_1 tdb-post-meta\" data-td-block-uid=\"tdi_66\">\n<div class=\"tdb-block-inner td-fix-index\"><time class=\"entry-date updated td-module-date\" datetime=\"2023-06-16T07:57:42+03:00\">16 iunie 2023<\/time><\/div>\n<\/div>\n<div class=\"td_block_wrap tdb_single_comments_count tdi_67 td-pb-border-top td_block_template_1 tdb-post-meta\" data-td-block-uid=\"tdi_67\">\n<div class=\"tdb-block-inner td-fix-index\"><a href=\"https:\/\/voceatimisului.ro\/somn-de-voie-medicul-florica-birsasteanu-a-demisionat-din-fruntea-sectiei-de-radiologie-dupa-ce-umft-si-spitalul-judetean-timisoara-s-au-prins-la-trei-luni-de-la-numire-ca-l-au-inscaunat-si-miruit\/#comments\"><span>2<\/span><\/a><\/div>\n<\/div>\n<div class=\"td_block_wrap tdb_single_post_views tdi_68 td-pb-border-top td_block_template_1 tdb-post-meta\" data-td-block-uid=\"tdi_68\">\n<div class=\"tdb-block-inner td-fix-index\"><span class=\"tdb-add-text\">1<\/span><span class=\"td-nr-views-155981\">4391<\/span><\/div>\n<\/div>\n<\/div>\n<\/div>\n<\/div>\n<div class=\"vc_column_inner tdi_70  wpb_column vc_column_container tdc-inner-column td-pb-span6\">\n<div class=\"vc_column-inner\">\n<div class=\"wpb_wrapper\">\n<div class=\"td_block_wrap tdb_single_post_share tdi_71  td-pb-border-top td_block_template_1\" data-td-block-uid=\"tdi_71\">\n<div id=\"tdi_71\" class=\"td-post-sharing tdb-block td-ps-bg td-ps-notext td-post-sharing-style1 \">\n<div class=\"td-post-sharing-visible\"><a class=\"td-social-sharing-button td-social-sharing-button-js td-social-network td-social-facebook\" href=\"https:\/\/www.facebook.com\/sharer.php?u=https%3A%2F%2Fvoceatimisului.ro%2Fsomn-de-voie-medicul-florica-birsasteanu-a-demisionat-din-fruntea-sectiei-de-radiologie-dupa-ce-umft-si-spitalul-judetean-timisoara-s-au-prins-la-trei-luni-de-la-numire-ca-l-au-inscaunat-si-miruit%2F\" title=\"Facebook\" rel=\"noopener\"><\/p>\n<div class=\"td-social-but-text\">Facebook<\/div>\n<p><\/a><a class=\"td-social-sharing-button td-social-sharing-button-js td-social-network td-social-twitter\" href=\"https:\/\/twitter.com\/intent\/tweet?text=Somn+de+voie%21+Medicul+Floric%C4%83+B%C3%AErs%C4%83%C8%99teanu+a+demisionat+din+fruntea+Sec%C8%9Biei+de+Radiologie+dup%C4%83+ce+UMFT+%C8%99i+Spitalul+Jude%C8%9Bean+Timi%C8%99oara+s-au+prins%2C+la+trei+luni+de+la+numire%2C+c%C4%83+l-au+%C3%AEnsc%C4%83unat+%C8%99i+miruit+ilegal&amp;url=https%3A%2F%2Fvoceatimisului.ro%2Fsomn-de-voie-medicul-florica-birsasteanu-a-demisionat-din-fruntea-sectiei-de-radiologie-dupa-ce-umft-si-spitalul-judetean-timisoara-s-au-prins-la-trei-luni-de-la-numire-ca-l-au-inscaunat-si-miruit%2F&amp;via=Vocea+Timisului\" title=\"Twitter\" rel=\"noopener\"><\/p>\n<div class=\"td-social-but-text\">Twitter<\/div>\n<p><\/a><a class=\"td-social-sharing-button td-social-sharing-button-js td-social-network td-social-pinterest\" href=\"https:\/\/pinterest.com\/pin\/create\/button\/?url=https:\/\/voceatimisului.ro\/somn-de-voie-medicul-florica-birsasteanu-a-demisionat-din-fruntea-sectiei-de-radiologie-dupa-ce-umft-si-spitalul-judetean-timisoara-s-au-prins-la-trei-luni-de-la-numire-ca-l-au-inscaunat-si-miruit\/&amp;media=https:\/\/analyse.optim.biz\/wp-content\/uploads\/2026\/01\/florica-birsasteanu-jpg.webp&amp;description=Somn+de+voie%21+Medicul+Floric%C4%83+B%C3%AErs%C4%83%C8%99teanu+a+demisionat+din+fruntea+Sec%C8%9Biei+de+Radiologie+dup%C4%83+ce+UMFT+%C8%99i+Spitalul+Jude%C8%9Bean+Timi%C8%99oara+s-au+prins%2C+la+trei+luni+de+la+numire%2C+c%C4%83+l-au+%C3%AEnsc%C4%83unat+%C8%99i+miruit+ilegal\" title=\"Pinterest\" rel=\"noopener\"><\/p>\n<div class=\"td-social-but-text\">Pinterest<\/div>\n<p><\/a><a class=\"td-social-sharing-button td-social-sharing-button-js td-social-network td-social-whatsapp\" href=\"https:\/\/api.whatsapp.com\/send?text=Somn+de+voie%21+Medicul+Floric%C4%83+B%C3%AErs%C4%83%C8%99teanu+a+demisionat+din+fruntea+Sec%C8%9Biei+de+Radiologie+dup%C4%83+ce+UMFT+%C8%99i+Spitalul+Jude%C8%9Bean+Timi%C8%99oara+s-au+prins%2C+la+trei+luni+de+la+numire%2C+c%C4%83+l-au+%C3%AEnsc%C4%83unat+%C8%99i+miruit+ilegal%20%0A%0A%20https:\/\/voceatimisului.ro\/somn-de-voie-medicul-florica-birsasteanu-a-demisionat-din-fruntea-sectiei-de-radiologie-dupa-ce-umft-si-spitalul-judetean-timisoara-s-au-prins-la-trei-luni-de-la-numire-ca-l-au-inscaunat-si-miruit\/\" title=\"WhatsApp\" rel=\"noopener\"><\/p>\n<div class=\"td-social-but-text\">WhatsApp<\/div>\n<p><\/a><a class=\"td-social-sharing-button td-social-sharing-button-js td-social-network td-social-linkedin\" href=\"https:\/\/www.linkedin.com\/shareArticle?mini=true&amp;url=https:\/\/voceatimisului.ro\/somn-de-voie-medicul-florica-birsasteanu-a-demisionat-din-fruntea-sectiei-de-radiologie-dupa-ce-umft-si-spitalul-judetean-timisoara-s-au-prins-la-trei-luni-de-la-numire-ca-l-au-inscaunat-si-miruit\/&amp;title=Somn+de+voie%21+Medicul+Floric%C4%83+B%C3%AErs%C4%83%C8%99teanu+a+demisionat+din+fruntea+Sec%C8%9Biei+de+Radiologie+dup%C4%83+ce+UMFT+%C8%99i+Spitalul+Jude%C8%9Bean+Timi%C8%99oara+s-au+prins%2C+la+trei+luni+de+la+numire%2C+c%C4%83+l-au+%C3%AEnsc%C4%83unat+%C8%99i+miruit+ilegal\" title=\"Linkedin\" rel=\"noopener\"><\/p>\n<div class=\"td-social-but-text\">Linkedin<\/div>\n<p><\/a><a class=\"td-social-sharing-button td-social-sharing-button-js td-social-network td-social-copy_url\" href=\"https:\/\/voceatimisului.ro\/somn-de-voie-medicul-florica-birsasteanu-a-demisionat-din-fruntea-sectiei-de-radiologie-dupa-ce-umft-si-spitalul-judetean-timisoara-s-au-prins-la-trei-luni-de-la-numire-ca-l-au-inscaunat-si-miruit\/\" title=\"Copy URL\" rel=\"noopener\"><\/p>\n<div class=\"td-social-but-text\">Copy URL<\/div>\n<p><\/a><\/div>\n<\/div>\n<\/div>\n<\/div>\n<\/div>\n<\/div>\n<\/div>\n<div class=\"td_block_wrap tdb_single_featured_image tdi_72 tdb-content-horiz-left td-pb-border-top td_block_template_1\" data-td-block-uid=\"tdi_72\">\n<div class=\"tdb-block-inner td-fix-index\">\n<figure><img loading=\"lazy\" decoding=\"async\" width=\"696\" height=\"878\" class=\"entry-thumb\" src=\"https:\/\/analyse.optim.biz\/wp-content\/uploads\/2026\/01\/florica-birsasteanu-jpg-696x878-1.webp\" alt=\"Florica Birsasteanu jpg\" title=\"Florica Birsasteanu jpg\"><figcaption class=\"tdb-caption-text\">Florica Birsasteanu jpg<\/figcaption><\/figure>\n<\/div>\n<\/div>\n<div class=\"vc_row_inner tdi_74  vc_row vc_inner wpb_row td-pb-row\">\n<div class=\"vc_column_inner tdi_76  wpb_column vc_column_container tdc-inner-column td-pb-span4 td-is-sticky\">\n<div class=\"vc_column-inner\">\n<div class=\"wpb_wrapper\" data-sticky-enabled-on=\"W3RydWUsdHJ1ZSx0cnVlLHRydWVd\" data-sticky-offset=\"20\" data-sticky-is-width-auto=\"W2ZhbHNlLGZhbHNlLGZhbHNlLGZhbHNlXQ==\">\n<div class=\"td_block_wrap td_flex_block_1 tdi_77 td-pb-border-top td_block_template_1 td_ajax_preloading_preload td_flex_block\" data-td-block-uid=\"tdi_77\">\n<div id=\"tdi_77\" class=\"td_block_inner td-mc1-wrap\">\n<div class=\"td_module_flex td_module_flex_1 td_module_wrap td-animation-stack td-meta-info-hide td-cpt-post\">\n<div class=\"td-module-container td-category-pos-image\">\n<div class=\"td-module-meta-info\">\n<h3 class=\"entry-title td-module-title\"><a href=\"https:\/\/voceatimisului.ro\/investitie-majora-in-sanatate-sectia-ati-de-la-spitalul-judetean-timisoara-se-extinde-cu-fonduri-europene\/\" rel=\"bookmark\" title=\"Investi\u021bie major\u0103 \u00een s\u0103n\u0103tate: Sec\u021bia ATI de la Spitalul Jude\u021bean Timi\u0219oara se extinde cu fonduri europene\">Investi\u021bie major\u0103 \u00een s\u0103n\u0103tate: Sec\u021bia ATI de la Spitalul Jude\u021bean Timi\u0219oara se extinde cu fonduri europene<\/a><\/h3>\n<\/div>\n<\/div>\n<\/div>\n<div class=\"td_module_flex td_module_flex_1 td_module_wrap td-animation-stack td-meta-info-hide td-cpt-post\">\n<div class=\"td-module-container td-category-pos-image\">\n<div class=\"td-module-meta-info\">\n<h3 class=\"entry-title td-module-title\"><a href=\"https:\/\/voceatimisului.ro\/ipocrizie-cu-repetitie-dominic-fritz-vrea-sa-reformeze-ani-dupa-ce-a-fost-prins-in-conflict-de-interese\/\" rel=\"bookmark\" title=\"Ipocrizie cu repeti\u021bie: Dominic Fritz vrea s\u0103 reformeze ANI, dup\u0103 ce a fost prins \u00een conflict de interese\">Ipocrizie cu repeti\u021bie: Dominic Fritz vrea s\u0103 reformeze ANI, dup\u0103 ce a fost prins \u00een conflict de interese<\/a><\/h3>\n<\/div>\n<\/div>\n<\/div>\n<div class=\"td_module_flex td_module_flex_1 td_module_wrap td-animation-stack td-meta-info-hide td-cpt-post\">\n<div class=\"td-module-container td-category-pos-image\">\n<div class=\"td-module-meta-info\">\n<h3 class=\"entry-title td-module-title\"><a href=\"https:\/\/voceatimisului.ro\/cand-fritz-ne-vorbeste-de-dreptate-dar-isi-angajeaza-toti-prietenii\/\" rel=\"bookmark\" title=\"C\u00e2nd Fritz ne vorbe\u0219te de dreptate, dar \u00ee\u0219i angajeaz\u0103 to\u021bi prietenii\">C\u00e2nd Fritz ne vorbe\u0219te de dreptate, dar \u00ee\u0219i angajeaz\u0103 to\u021bi prietenii<\/a><\/h3>\n<\/div>\n<\/div>\n<\/div>\n<div class=\"td_module_flex td_module_flex_1 td_module_wrap td-animation-stack td-meta-info-hide td-cpt-post\">\n<div class=\"td-module-container td-category-pos-image\">\n<div class=\"td-module-meta-info\">\n<h3 class=\"entry-title td-module-title\"><a href=\"https:\/\/voceatimisului.ro\/prof-univ-dr-mihai-ionac-a-plecat-definitiv-din-spitalul-judetean-timisoara\/\" rel=\"bookmark\" title=\"Prof. Univ. Dr. Mihai Ionac a plecat definitiv din Spitalul Jude\u021bean Timi\u0219oara\u00a0\">Prof. Univ. Dr. Mihai Ionac a plecat definitiv din Spitalul Jude\u021bean Timi\u0219oara\u00a0<\/a><\/h3>\n<\/div>\n<\/div>\n<\/div>\n<\/div>\n<\/div>\n<div class=\"tdb-author-box td_block_wrap tdb_single_author_box tdi_82 tdb-content-vert-top td-pb-border-top td_block_template_1\" data-td-block-uid=\"tdi_82\">\n<div class=\"tdb-block-inner td-fix-index\">\n<div class=\"tdb-author-info\"><a href=\"https:\/\/voceatimisului.ro\/author\/tibi\/\" class=\"tdb-author-name\">Tiberiu Kiss<\/a><\/p>\n<div class=\"tdb-author-descr\">\u00centreaga responsabilitate a comentariilor l\u0103sate de dumneavoastr\u0103 v\u0103 apar\u021bine!<br \/>\nClick <a href=\"https:\/\/voceatimisului.ro\/termeni-si-conditii\/\">aici<\/a>-citeste condi\u0163iile de utilizare ale site-ului www.voceatimisului.ro<\/div>\n<\/div>\n<\/div>\n<\/div>\n<\/div>\n<\/div>\n<\/div>\n<div class=\"vc_column_inner tdi_84  wpb_column vc_column_container tdc-inner-column td-pb-span8\">\n<div class=\"vc_column-inner\">\n<div class=\"wpb_wrapper\">\n<div class=\"td_block_wrap tdb_single_content tdi_85 td-pb-border-top td_block_template_1 td-post-content tagdiv-type\" data-td-block-uid=\"tdi_85\">\n<div class=\"tdb-block-inner td-fix-index\">\n<h5 class=\"wp-block-heading\" id=\"h-ca-n-filmele-cu-buget-redus-\u0219i-cu-actori-de-ocazie-exact-a\u0219a-s-a-derulat-odiseea-re-numirii-prof-dr-florica-birsa\u0219teanu-de-la-psd-in-fruntea-sec\u021biei-clinice-de-radiologie-\u0219i-imagistica-medicala-din-cadrul-celei-mai-mari-unita\u021bi-sanitare-din-vestul-romaniei-practic-totul-s-a-facut-pe-repede-inainte-prin-incalcarea-flagranta-a-legii-fara-ca-nimeni-sa-verifice-documente-\u0219i-decizii-judecatore\u0219ti-publice-totul-a-mers-mana-n-mana-ca-intr-o-adevarata-cooperativa-pe-principii-fra\u021be\u0219ti-\u0219i-la-mica-in\u021belegere-intre-universitatea-de-medicina-\u0219i-farmacie-\u0219i-spitalul-jude\u021bean-timi\u0219oara\">Ca-n filmele cu buget redus \u0219i cu actori de ocazie! Exact a\u0219a s-a derulat odiseea (re)numirii prof. dr. Floric\u0103 B\u00eers\u0103\u0219teanu de la PSD \u00een fruntea Sec\u021biei Clinice de Radiologie \u0219i Imagistic\u0103 Medical\u0103 din cadrul celei mai mari unit\u0103\u021bi sanitare din vestul Rom\u00e2niei. Practic, totul s-a f\u0103cut pe repede \u00eenainte, prin \u00eenc\u0103lcarea flagrant\u0103 a legii, f\u0103r\u0103 ca nimeni s\u0103 verifice documente \u0219i decizii judec\u0103tore\u0219ti PUBLICE. Totul a mers, m\u00e2n\u0103-n m\u00e2n\u0103, ca \u00eentr-o adev\u0103rat\u0103 cooperativ\u0103, pe principii fr\u0103\u021be\u0219ti \u0219i la mica \u00een\u021belegere, \u00eentre Universitatea de Medicin\u0103 \u0219i Farmacie \u0219i Spitalul Jude\u021bean Timi\u0219oara.<\/h5>\n<p>Bine, varianta c\u0103, \u00eenainte de numire, niciuna dintre cele dou\u0103 entit\u0103\u021bi publice n-a sesizat c\u0103, \u00een cazul titulariz\u0103rii medicului Floric\u0103 B\u00eers\u0103\u0219teanu \u00een fruntea RMN-urilor, legea a fost siluit\u0103, e o poveste de adormit copiii. Cu at\u00e2t mai mult cu c\u00e2t, pe tema incompatibilit\u0103\u021bii celebrului doctor timi\u0219orean, au curs r\u00e2uri de articole de pres\u0103, \u00een dou\u0103 r\u00e2nduri mari \u0219i late: <strong><u>\u00een iulie 2016<\/u>, c\u00e2nd Agen\u021bia Na\u021bional\u0103 de Integritate l-a g\u0103sit incompatibil \u0219i cinci ani mai t\u00e2rziu, <u>februarie 2021<\/u>, c\u00e2nd procesul radiologului, care contestase \u00een instan\u021b\u0103 decizia, s-a \u00eencheiat printr-o decizie definitiv\u0103 \u0219i irevocabil\u0103 a \u00cenaltei Cur\u021bi de Casa\u021bie \u0219i Justi\u021bie din Rom\u00e2nia<\/strong>.<\/p>\n<p>Pe scurt, <a href=\"https:\/\/www.integritate.eu\/Comunicate.aspx?Action=1&amp;NewsId=2237&amp;M=NewsV2&amp;PID=20\" target=\"_blank\" rel=\"noreferrer noopener\">raportul ANI, datat pe\u00a06 iulie 2016<\/a>,\u00a0a scos la iveal\u0103 faptul c\u0103 medicul, la data faptelor consilier local \u00een cadrul Consiliului Local al Municipiului Timisoara si director medical\/manager interimar al Spitalului Clinic Jude\u021bean de Urgen\u021b\u0103 \u201dPius Br\u00eenzeu\u201d Timi\u0219oara, s-a aflat \u00een stare de incompatibilitate,\u00a0\u00eentruc\u00e2t a de\u021binut simultan mai multe func\u021bii \u0219i calit\u0103\u021bi, contrar prevederilor legale \u2013 <strong>director medical interimar al SCJUT, administrator la S.C. Centrul de Radioimagistica Dr. B\u00eers\u0103\u0219teanu S.R.L \u0219i prestator de servicii imagistice private la Spitalul Clinic de Boli Infectioase si Pneumoftiziologie Dr. V. Babe\u0219<\/strong>, institu\u021bie aflat\u0103 \u00een subordinea Primariei Municipiului Timisoara, acolo unde profesorul universitar \u00ee\u0219i etala veleit\u0103\u021bile de consilier local!<\/p>\n<p>Practic, din postura de ales local, Floric\u0103 B\u00eers\u0103\u0219teanu a \u00eenc\u0103lcat \u0219i regimul juridic privind conflictul de interese \u00een materie administrativ\u0103, \u00eentruc\u00e2t, \u00een calitate de consilier local, acesta a participat la deliberarea \u0219i adoptarea Hot\u0103r\u00e2rii Consiliului Local al Municipiului Timi\u0219oara nr. 298 din 30 mai 2013,\u00a0\u00een urma c\u0103reia au fost \u00eencheiate contractul de \u00eenchiriere \u0219i Actul adi\u021bional \u00eentre Spitalul Clinic de Boli Infec\u021bioase \u0219i Pneumologie Dr. Victor Babe\u0219 \u0219i Centrul de Radio-imagistic\u0103 Dr. B\u00eers\u0103\u0219teanu SRL, societate \u00een cadrul c\u0103reia medicul de\u021binea calitatea de administrator, la data deciziei administra\u021biei locale. Centrare \u0219i lovitur\u0103 cu capul, ambele din direc\u021bia cadrului didactic al UMF Timi\u0219oara!<\/p>\n<p><strong>P\u00e2n\u0103-n p\u00e2nzele albe!<\/strong><\/p>\n<p>Acum, potrivit legii, persoana fa\u021b\u0103 de care s-a constatat existen\u021ba conflictului de interese ori starea de incompatibilitate este dec\u0103zut\u0103 din dreptul de a mai exercita o func\u021bie sau o demnitate public\u0103 pe o perioada de\u00a03 ani\u00a0de la data eliber\u0103rii, destituirii din func\u021bia ori demnitatea public\u0103 respectiv\u0103 sau a \u00eencet\u0103rii de drept a mandatului. Mai mult, dac\u0103 persoana a ocupat o func\u021bie eligibil\u0103, nu mai poate ocupa aceea\u0219i func\u021bie pe o perioada de 3 ani de la \u00eencetarea mandatului. Cert e c\u0103, la vremea respectiv\u0103, nemul\u021bumit de decizia inspectorilor ANI \u0219i consider\u00e2ndu-se nevinovat, prof. dr. Floric\u0103 B\u00eers\u0103\u0219teanu a atacat decizia \u00een instan\u021b\u0103. \u0218i, ca un pesedist adev\u0103rat, s-a dus p\u00e2n\u0103 la cap\u0103t! A\u0219a c\u0103, timp de cinci ani de zile, din procese \u00een procese, pe data de 25 februarie 2021, prin Decizia nr. 1140, \u00cenalta Curte de Casa\u021bie \u0219i Justi\u021bie a \u00eenchis balul \u0219i spitalul: a confirmat raportul Agen\u021biei Na\u021bionale de Integritate \u0219i l-a trimis pe medicul timi\u0219orean, \u00eenapoi \u00een banc\u0103!<\/p>\n<p>Cu precizarea c\u0103, potrivit sentin\u021bei, interdic\u021bia ANI, definitiv\u0103 \u0219i irevocabil\u0103 prin decizia judec\u0103torilor de la \u00ceCCJ, opereaz\u0103 din momentul r\u0103m\u00e2nerii definitive a raportului de evaluare, respectiv a deciziei finale a instan\u021biei civile. <strong>Deci, interdic\u021bia de 3 ani de zile, potrivit legii \u0219i hot\u0103r\u00e2rii magistra\u021bilor, \u00een cazul prof. dr. Floric\u0103 B\u00eers\u0103\u0219teanu, este valabil\u0103 pe perioada 25 februarie 2021 \u2013 25 februarie 2024<\/strong>! \u0218i scrie asta, chiar \u0219i pe site-ul celor de la ANI, dar \u0219i \u00een coresponden\u021ba care, a\u0219a cum rezult\u0103 din probe, a fost comunicat\u0103 c\u0103tre Spitalul Jude\u021bean Timi\u0219oara! Dar n-a contant c\u0103ci, pe data de 22 februarie 2023, \u00een plin\u0103 interdic\u021bie, UMF Timi\u0219oara a demonstrat, negru pe alb, c\u0103 orice fr\u0103\u021bie e mai tare dec\u00e2t legea!<\/p>\n<p>\u0218i, \u00een Senatul UMF, cu mic cu mare, to\u021bi universitarii s-au \u0219ters \u00een dos cu decizia judec\u0103torilor de la \u00ceCCJ! <strong>A\u0219a c\u0103, prin adoptarea Hot\u0103r\u00e2rii nr. 23\/4840 din 22 februarie 2023, cu un an \u00eenainte de expirarea penaliz\u0103rii \u0219i cu dou\u0103 m\u00e2ini pe sus,<\/strong><strong>au votat \u00een unanimitate propunerea ca prof. univ. dr. Floric\u0103 B\u00eers\u0103\u0219teanu s\u0103 fie uns \u0219i miruit ca \u0219ef suprem pe Clinica de Radiologie \u0219i Imagistic\u0103 Medical\u0103 din cadrul Spitalului Jude\u021bean Timi\u0219oara<\/strong>. Asta pentru c\u0103 mai nou, decizia final\u0103 de \u00eensc\u0103unare st\u0103 \u00een m\u00e2na managerului de spital, ce-i drept, la propunerea universit\u0103\u021bilor de medicin\u0103 \u0219i farmacie! Deci, \u00een cazul de fa\u021b\u0103, chiar dac\u0103 pare o formalitate, ultimul cuv\u00e2nt, \u00een cazul radiologului, l-a avut de spus colegul s\u0103u de UMF Timi\u0219oara, prof. univ. dr. Dorel S\u0103ndesc.<\/p>\n<p>Evident, f\u0103r\u0103 niciun impas, totul a mers ca pe roate! <strong>\u0218i, pe data de 7 martie 2023, conform contractului de administrare nr. 513, \u00eencheiat cu SCJUT, prof. dr. Floric\u0103 B\u00eers\u0103\u0219teanu s-a intabulat ca \u0219ef al Sec\u021biei Clinice de Radiologie \u0219i Imagistic\u0103 din cadrul celei mai mari unit\u0103\u021bi sanitare din vestul Rom\u00e2niei<\/strong>! Asta, \u00een ciuda deciziei inspectorilor de la ANI \u0219i a sentin\u021bei definitive \u0219i irevocabile a magistra\u021bilor de la ICCJ, care au men\u021binut pedeapsa p\u00e2n\u0103 pe 25 februarie 2024. Adic\u0103, p\u00e2n\u0103 anul viitor! Oricum, dac\u0103 \u00een urm\u0103 cu c\u00e2teva zile, n-ar fi ap\u0103rut pe fundalul sonor de la UMFT \u0219i SCJUT vestea c\u0103 a fost f\u0103cut\u0103 o alt\u0103 sesizare la ANI, tot \u00eempotriva prof. dr. Floric\u0103 B\u00eers\u0103\u0219teanu \u0219i exact pe acelea\u0219i chestiuni de incompatibilitate (\u0219ef sec\u021bie \u2013 administrator firm\u0103 privat\u0103), radiologul ar fi rezistat cu stoicism tuturor intemperiilor.<\/p>\n<p><strong>Schem\u0103 de lucru<\/strong><\/p>\n<p>Cert e c\u0103, dup\u0103 3 luni de mandat \u00een fruntea Sec\u021biei de Radiologie \u0219i Imagistic\u0103 Medical\u0103 din cadrul SCJUT, toate \u00een afara legii, pe data de 13 iunie a.c., s-a \u00eent\u00e2mplat inevitabilul: doctorul B\u00eers\u0103\u0219teanu a demisionat din func\u021bia de conducere! \u0218i, a\u0219a cum rezult\u0103 din documente, f\u0103r\u0103 niciun fel de motivare\/justificare, \u00eentr-un mod absolut sec, demn de orice social-democrat care se respect\u0103, cadrul didactic al UMFT a adus la cuno\u0219tin\u021ba managementului SCJUT: \u201c<strong>\u2026v\u0103 anun\u021b s\u0103 lua\u021bi not\u0103 de demisia mea, \u00eencep\u00e2nd cu data de azi<\/strong>\u201d! \u0218i cam asta a fost, pe scurt, toat\u0103 aventura la c\u00e2rma Radiologiei din SCJUT a prof. dr. Floric\u0103 B\u00eers\u0103\u0219teanu, \u00een plin\u0103 interdic\u021bie a celor de la ANI.<\/p>\n<p>De fapt, ca s\u0103 fim corec\u021bi, aproape toat\u0103! C\u0103ci, din data de 13 iunie a.c, din clipa \u00een care medicul \u0219i-a depus demisia de onoare pe masa colegului s\u0103u Dorel S\u0103ndesc, lucrurile au \u00eenceput s\u0103 se complice, \u00eentr-un mod absolut halucinant \u0219i au fost desc\u00e2lcite, oarecum, abia alalt\u0103ieri diminea\u021b\u0103. <strong>Nu de alta dar, \u00een ciuda faptului c\u0103 SCJUT, prin comitetul director, a numit-o la conducerea Sec\u021biei Clinice de Radiologie \u0219i Imagistic\u0103 Medical\u0103 pe dr. Aida Iancu, aceasta a declinat oferta<\/strong>! Nu verbal, ci \u00een scris, chiar a doua zi, pe data de 14 iunie a.c., a\u0219a cum rezult\u0103 din documente! \u0218i, f\u0103r\u0103 doar \u0219i poate, medicul a avut toate motivele din lume ca s\u0103-\u0219i permit\u0103 aceast\u0103\u2026 arogan\u021b\u0103! Una asupra c\u0103reia a revenit abia ieri c\u00e2nd a acceptat contractul de management al clinicii, dar cu anumite condi\u021bii.<\/p>\n<p>C\u00e2t despre condi\u021biile (im)puse de dr. Aida Iancu, chiar \u00een biroul managerului SCJUT \u2013 Dorel S\u0103ndesc, mai ales acum c\u0103 \u0219i discursurile sanitare de tip UMFT s-au \u00eendulcit cu 180 de grade, toate au fost de absolut bun-sim\u021b: <strong>independen\u021b\u0103, putere de decizie \u0219i interesul pacientului s\u0103 fie pe primul loc<\/strong>! E clar c\u0103, rotat\u0103 \u0219i ejectat\u0103 deja de dou\u0103 ori la\/de la c\u00e2rma Sec\u021biei de Radiologie, asta dup\u0103 ce s-au aliniat astrele \u2013 odat\u0103 cu Sorin Mo\u021boi \u0219i dup\u0103 cu Floric\u0103 B\u00eers\u0103\u0219teanu \u2013 non-UMFT-ista Aida Iancu sufl\u0103 \u0219i-n iaurt \u0219i fuge ca necuratul de t\u0103m\u00e2ie de titulatura de\u2026 manta de vreme rea. Evident, ca s\u0103 nu-\u0219i ia \u021beap\u0103 \u0219i a treia oar\u0103. De unde altundeva, dac\u0103 nu de la colegii din UMF Timi\u0219oara\u2026<\/p>\n<\/div>\n<\/div>\n<div class=\"td_block_wrap tdb_single_tags tdi_88 td-pb-border-top td_block_template_1\" data-td-block-uid=\"tdi_88\">\n<div class=\"tdb-block-inner td-fix-index\">\n<ul class=\"tdb-tags\">\n<li><span>Tags<\/span><\/li>\n<li><a href=\"https:\/\/voceatimisului.ro\/tag\/agentia-nationala-de-integritate\/\">agentia nationala de integritate<\/a><\/li>\n<li><a href=\"https:\/\/voceatimisului.ro\/tag\/florin-birsasteanu\/\">florin birsasteanu<\/a><\/li>\n<li><a href=\"https:\/\/voceatimisului.ro\/tag\/spitalul-judetean-timisoara\/\">spitalul judetean timisoara<\/a><\/li>\n<li><a href=\"https:\/\/voceatimisului.ro\/tag\/umf-timisoara\/\">umf timisoara<\/a><\/li>\n<\/ul>\n<\/div>\n<\/div>\n<div class=\"td_block_wrap tdb_single_post_share tdi_89  td-pb-border-top td_block_template_1\" data-td-block-uid=\"tdi_89\">\n<div id=\"tdi_89\" class=\"td-post-sharing tdb-block td-ps-bg td-ps-notext td-post-sharing-style1 \">\n<div class=\"td-post-sharing-visible\"><a class=\"td-social-sharing-button td-social-sharing-button-js td-social-network td-social-facebook\" href=\"https:\/\/www.facebook.com\/sharer.php?u=https%3A%2F%2Fvoceatimisului.ro%2Fsomn-de-voie-medicul-florica-birsasteanu-a-demisionat-din-fruntea-sectiei-de-radiologie-dupa-ce-umft-si-spitalul-judetean-timisoara-s-au-prins-la-trei-luni-de-la-numire-ca-l-au-inscaunat-si-miruit%2F\" title=\"Facebook\" rel=\"noopener\"><\/p>\n<div class=\"td-social-but-text\">Facebook<\/div>\n<p><\/a><a class=\"td-social-sharing-button td-social-sharing-button-js td-social-network td-social-twitter\" href=\"https:\/\/twitter.com\/intent\/tweet?text=Somn+de+voie%21+Medicul+Floric%C4%83+B%C3%AErs%C4%83%C8%99teanu+a+demisionat+din+fruntea+Sec%C8%9Biei+de+Radiologie+dup%C4%83+ce+UMFT+%C8%99i+Spitalul+Jude%C8%9Bean+Timi%C8%99oara+s-au+prins%2C+la+trei+luni+de+la+numire%2C+c%C4%83+l-au+%C3%AEnsc%C4%83unat+%C8%99i+miruit+ilegal&amp;url=https%3A%2F%2Fvoceatimisului.ro%2Fsomn-de-voie-medicul-florica-birsasteanu-a-demisionat-din-fruntea-sectiei-de-radiologie-dupa-ce-umft-si-spitalul-judetean-timisoara-s-au-prins-la-trei-luni-de-la-numire-ca-l-au-inscaunat-si-miruit%2F&amp;via=Vocea+Timisului\" title=\"Twitter\" rel=\"noopener\"><\/p>\n<div class=\"td-social-but-text\">Twitter<\/div>\n<p><\/a><a class=\"td-social-sharing-button td-social-sharing-button-js td-social-network td-social-pinterest\" href=\"https:\/\/pinterest.com\/pin\/create\/button\/?url=https:\/\/voceatimisului.ro\/somn-de-voie-medicul-florica-birsasteanu-a-demisionat-din-fruntea-sectiei-de-radiologie-dupa-ce-umft-si-spitalul-judetean-timisoara-s-au-prins-la-trei-luni-de-la-numire-ca-l-au-inscaunat-si-miruit\/&amp;media=https:\/\/analyse.optim.biz\/wp-content\/uploads\/2026\/01\/florica-birsasteanu-jpg.webp&amp;description=Somn+de+voie%21+Medicul+Floric%C4%83+B%C3%AErs%C4%83%C8%99teanu+a+demisionat+din+fruntea+Sec%C8%9Biei+de+Radiologie+dup%C4%83+ce+UMFT+%C8%99i+Spitalul+Jude%C8%9Bean+Timi%C8%99oara+s-au+prins%2C+la+trei+luni+de+la+numire%2C+c%C4%83+l-au+%C3%AEnsc%C4%83unat+%C8%99i+miruit+ilegal\" title=\"Pinterest\" rel=\"noopener\"><\/p>\n<div class=\"td-social-but-text\">Pinterest<\/div>\n<p><\/a><a class=\"td-social-sharing-button td-social-sharing-button-js td-social-network td-social-whatsapp\" href=\"https:\/\/api.whatsapp.com\/send?text=Somn+de+voie%21+Medicul+Floric%C4%83+B%C3%AErs%C4%83%C8%99teanu+a+demisionat+din+fruntea+Sec%C8%9Biei+de+Radiologie+dup%C4%83+ce+UMFT+%C8%99i+Spitalul+Jude%C8%9Bean+Timi%C8%99oara+s-au+prins%2C+la+trei+luni+de+la+numire%2C+c%C4%83+l-au+%C3%AEnsc%C4%83unat+%C8%99i+miruit+ilegal%20%0A%0A%20https:\/\/voceatimisului.ro\/somn-de-voie-medicul-florica-birsasteanu-a-demisionat-din-fruntea-sectiei-de-radiologie-dupa-ce-umft-si-spitalul-judetean-timisoara-s-au-prins-la-trei-luni-de-la-numire-ca-l-au-inscaunat-si-miruit\/\" title=\"WhatsApp\" rel=\"noopener\"><\/p>\n<div class=\"td-social-but-text\">WhatsApp<\/div>\n<p><\/a><a class=\"td-social-sharing-button td-social-sharing-button-js td-social-network td-social-linkedin\" href=\"https:\/\/www.linkedin.com\/shareArticle?mini=true&amp;url=https:\/\/voceatimisului.ro\/somn-de-voie-medicul-florica-birsasteanu-a-demisionat-din-fruntea-sectiei-de-radiologie-dupa-ce-umft-si-spitalul-judetean-timisoara-s-au-prins-la-trei-luni-de-la-numire-ca-l-au-inscaunat-si-miruit\/&amp;title=Somn+de+voie%21+Medicul+Floric%C4%83+B%C3%AErs%C4%83%C8%99teanu+a+demisionat+din+fruntea+Sec%C8%9Biei+de+Radiologie+dup%C4%83+ce+UMFT+%C8%99i+Spitalul+Jude%C8%9Bean+Timi%C8%99oara+s-au+prins%2C+la+trei+luni+de+la+numire%2C+c%C4%83+l-au+%C3%AEnsc%C4%83unat+%C8%99i+miruit+ilegal\" title=\"Linkedin\" rel=\"noopener\"><\/p>\n<div class=\"td-social-but-text\">Linkedin<\/div>\n<p><\/a><a class=\"td-social-sharing-button td-social-sharing-button-js td-social-network td-social-copy_url\" href=\"https:\/\/voceatimisului.ro\/somn-de-voie-medicul-florica-birsasteanu-a-demisionat-din-fruntea-sectiei-de-radiologie-dupa-ce-umft-si-spitalul-judetean-timisoara-s-au-prins-la-trei-luni-de-la-numire-ca-l-au-inscaunat-si-miruit\/\" title=\"Copy URL\" rel=\"noopener\"><\/p>\n<div class=\"td-social-but-text\">Copy URL<\/div>\n<p><\/a><\/div>\n<\/div>\n<\/div>\n<div class=\"td_block_wrap tdb_single_next_prev tdi_90 td-animation-stack td-next-prev-img-on td-pb-border-top td_block_template_1\" data-td-block-uid=\"tdi_90\">\n<div class=\"tdb-block-inner td-fix-index\">\n<div class=\"tdb-next-post tdb-next-post-bg tdb-post-prev\"><span>Articolul precedent<\/span><\/p>\n<div class=\"td-module-container\">\n<div class=\"td-image-container\"><a class=\"td-image-wrap\" href=\"https:\/\/voceatimisului.ro\/bani-degeaba-profesionistii-din-sanatate-de-la-clinicile-noi-simuleaza-munca-an-de-an-in-beneficiul-clinicilor-private-mai-rau-ca-la-spitalul-judetean-timisoara\/\"><img loading=\"lazy\" decoding=\"async\" class=\"td-next-prev-image td-fix-index td-lazy-img\" title=\"Bani degeaba! Profesioni\u0219tii din s\u0103n\u0103tate de la Clinicile Noi simuleaz\u0103 munca, an de an, \u00een beneficiul clinicilor private, mai r\u0103u ca la Spitalul Jude\u021bean Timi\u0219oara\" width=\"696\" height=\"697\" src=\"https:\/\/analyse.optim.biz\/wp-content\/uploads\/2026\/01\/daniel-malita-jpg-696x697-1.webp\"><\/a><\/div>\n<div class=\"next-prev-title\"><a href=\"https:\/\/voceatimisului.ro\/bani-degeaba-profesionistii-din-sanatate-de-la-clinicile-noi-simuleaza-munca-an-de-an-in-beneficiul-clinicilor-private-mai-rau-ca-la-spitalul-judetean-timisoara\/\">Bani degeaba! Profesioni\u0219tii din s\u0103n\u0103tate de la Clinicile Noi simuleaz\u0103 munca, an de an, \u00een beneficiul clinicilor private, mai r\u0103u ca la Spitalul Jude\u021bean Timi\u0219oara<\/a><\/div>\n<\/div>\n<\/div>\n<div class=\"tdb-next-post tdb-next-post-bg tdb-post-next\"><span>Articolul urm\u0103tor<\/span><\/p>\n<div class=\"td-module-container\">\n<div class=\"td-image-container\"><a class=\"td-image-wrap\" href=\"https:\/\/voceatimisului.ro\/prinde-orbu-scoate-i-ochii-dna-timisoara-a-pus-in-carca-defunctului-ionel-toma-toate-contractele-ilegale-pe-care-primaria-giroc-le-a-incheiat-cu-avocatul-sorinel-golban\/\"><img loading=\"lazy\" decoding=\"async\" class=\"td-next-prev-image td-fix-index td-lazy-img\" title=\"Prinde orbu\u2019, scoate-i ochii! DNA Timi\u0219oara a pus \u00een c\u00e2rca defunctului Ionel Toma toate contractele ilegale pe care Prim\u0103ria Giroc le-a \u00eencheiat cu avocatul Sorinel Golban\" width=\"696\" height=\"536\" src=\"https:\/\/analyse.optim.biz\/wp-content\/uploads\/2026\/01\/ionel-toma-jpg-696x536-1-1.webp\"><\/a><\/div>\n<div class=\"next-prev-title\"><a href=\"https:\/\/voceatimisului.ro\/prinde-orbu-scoate-i-ochii-dna-timisoara-a-pus-in-carca-defunctului-ionel-toma-toate-contractele-ilegale-pe-care-primaria-giroc-le-a-incheiat-cu-avocatul-sorinel-golban\/\">Prinde orbu\u2019, scoate-i ochii! DNA Timi\u0219oara a pus \u00een c\u00e2rca defunctului Ionel Toma toate contractele ilegale pe care Prim\u0103ria Giroc le-a \u00eencheiat cu avocatul Sorinel Golban<\/a><\/div>\n<\/div>\n<\/div>\n<\/div>\n<\/div>\n<\/div>\n<\/div>\n<\/div>\n<\/div>\n<div class=\"vc_row_inner tdi_100  vc_row vc_inner wpb_row td-pb-row\">\n<div class=\"vc_column_inner tdi_102  wpb_column vc_column_container tdc-inner-column td-pb-span4 td-is-sticky\">\n<div class=\"vc_column-inner\">\n<div class=\"wpb_wrapper\" data-sticky-enabled-on=\"W3RydWUsdHJ1ZSx0cnVlLHRydWVd\" data-sticky-offset=\"20\" data-sticky-is-width-auto=\"W2ZhbHNlLGZhbHNlLGZhbHNlLGZhbHNlXQ==\">\n<div class=\"td_block_wrap tdb_single_related tdi_103 td_with_ajax_pagination td-pb-border-top td_block_template_1 tdb-single-related-posts\" data-td-block-uid=\"tdi_103\">\n<div id=\"tdi_103\" class=\"td_block_inner tdb-block-inner td-fix-index\">\n<div class=\"tdb_module_related td_module_wrap td-animation-stack td-meta-info-hide\">\n<div class=\"td-module-container td-category-pos-image\">\n<div class=\"td-module-meta-info\">\n<h3 class=\"entry-title td-module-title\"><a href=\"https:\/\/voceatimisului.ro\/interzis-minorilor-arhitect-cristina-babescu-primaria-giroc-eu-sunt-dracu-gol-cu-20-de-clase-peste-cretinul-ala-de-goia-si-leprosii-aia-de-la-vocea-timisului\/\" rel=\"bookmark\" title=\"Interzis minorilor! Arhitect Cristina Babescu \u2013 Prim\u0103ria Giroc: \u201cEu sunt dracu gol, cu 20 de clase peste cretinul \u0103la de Goia \u0219i lepro\u0219ii \u0103ia de la Vocea Timi\u0219ului\u201d\">Interzis minorilor! Arhitect Cristina Babescu \u2013 Prim\u0103ria Giroc: \u201cEu sunt dracu gol, cu 20 de clase peste cretinul \u0103la de Goia \u0219i lepro\u0219ii \u0103ia&#8230;<\/a><\/h3>\n<\/div>\n<\/div>\n<\/div>\n<div class=\"tdb_module_related td_module_wrap td-animation-stack td-meta-info-hide\">\n<div class=\"td-module-container td-category-pos-image\">\n<div class=\"td-module-meta-info\">\n<h3 class=\"entry-title td-module-title\"><a href=\"https:\/\/voceatimisului.ro\/macel-didactic-la-umf-timisoara-a-inceput-in-forta-preluarea-puterii-si-acapararea-sinecurilor-academice-departe-de-modelul-revolutiilor-de-catifea\/\" rel=\"bookmark\" title=\"M\u0103cel didactic! La UMF Timi\u0219oara a \u00eenceput, \u00een for\u021b\u0103, preluarea puterii \u0219i acapararea sinecurilor academice, departe de modelul revolu\u021biilor de catifea\">M\u0103cel didactic! La UMF Timi\u0219oara a \u00eenceput, \u00een for\u021b\u0103, preluarea puterii \u0219i acapararea sinecurilor academice, departe de modelul revolu\u021biilor de catifea<\/a><\/h3>\n<\/div>\n<\/div>\n<\/div>\n<div class=\"tdb_module_related td_module_wrap td-animation-stack td-meta-info-hide\">\n<div class=\"td-module-container td-category-pos-image\">\n<div class=\"td-module-meta-info\">\n<h3 class=\"entry-title td-module-title\"><a href=\"https:\/\/voceatimisului.ro\/pierderi-de-memorie-primaria-comunei-giroc-campioana-la-disparitia-documentelor-de-urbanism-in-folosul-cooperativei-imobiliare\/\" rel=\"bookmark\" title=\"Pierderi de memorie! Prim\u0103ria comunei Giroc, campioan\u0103 la dispari\u021bia documentelor de urbanism, \u00een folosul cooperativei imobiliare\">Pierderi de memorie! Prim\u0103ria comunei Giroc, campioan\u0103 la dispari\u021bia documentelor de urbanism, \u00een folosul cooperativei imobiliare<\/a><\/h3>\n<\/div>\n<\/div>\n<\/div>\n<\/div>\n<\/div>\n<\/div>\n<\/div>\n<\/div>\n<div class=\"vc_column_inner tdi_105  wpb_column vc_column_container tdc-inner-column td-pb-span8\">\n<div class=\"vc_column-inner\">\n<div class=\"wpb_wrapper\">\n<div class=\"td_block_wrap tdb_single_comments tdi_106 tdb-comm-layout2 td-pb-border-top td_block_template_2\" data-td-block-uid=\"tdi_106\">\n<div class=\"tdb-block-inner td-fix-index\">\n<div class=\"comments\" id=\"comments\">\n<div class=\"td-comments-title-wrap td_block_template_2\">\n<h4 class=\"td-comments-title td-block-title\"><span>2 COMENTARII<\/span><\/h4>\n<\/div>\n<ol class=\"comment-list\">\n<li class=\"comment \" id=\"comment-26834\">\n<article>\n<footer><cite>mos craciun<\/cite><a class=\"comment-link\" href=\"https:\/\/voceatimisului.ro\/somn-de-voie-medicul-florica-birsasteanu-a-demisionat-din-fruntea-sectiei-de-radiologie-dupa-ce-umft-si-spitalul-judetean-timisoara-s-au-prins-la-trei-luni-de-la-numire-ca-l-au-inscaunat-si-miruit\/#comment-26834\"><time><br \/>\n\t\t\t\t\t\t    12 iulie 2023\t\t\t\t\t\t    La\t\t\t\t\t\t    9:15 PM<\/time><\/a><\/footer>\n<div class=\"comment-content\">\n<p>unde mai este Raul Patrascu fostul mAnaGEr?<\/p>\n<\/div>\n<div class=\"comment-meta\" id=\"comment-26834\"><a rel=\"nofollow\" class=\"comment-reply-link\" href=\"https:\/\/voceatimisului.ro\/somn-de-voie-medicul-florica-birsasteanu-a-demisionat-din-fruntea-sectiei-de-radiologie-dupa-ce-umft-si-spitalul-judetean-timisoara-s-au-prins-la-trei-luni-de-la-numire-ca-l-au-inscaunat-si-miruit\/#comment-26834\" data-commentid=\"26834\" data-postid=\"155981\" data-belowelement=\"comment-26834\" data-respondelement=\"respond\" data-replyto=\"R\u0103spunde-i lui mos craciun\" aria-label=\"R\u0103spunde-i lui mos craciun\">R\u0103spunde\u021bi<\/a><\/div>\n<\/article>\n<\/li>\n<li class=\"comment \" id=\"comment-26758\">\n<article>\n<footer><cite>scufita rosie<\/cite><a class=\"comment-link\" href=\"https:\/\/voceatimisului.ro\/somn-de-voie-medicul-florica-birsasteanu-a-demisionat-din-fruntea-sectiei-de-radiologie-dupa-ce-umft-si-spitalul-judetean-timisoara-s-au-prins-la-trei-luni-de-la-numire-ca-l-au-inscaunat-si-miruit\/#comment-26758\"><time><br \/>\n\t\t\t\t\t\t    16 iunie 2023\t\t\t\t\t\t    La\t\t\t\t\t\t    8:29 AM<\/time><\/a><\/footer>\n<div class=\"comment-content\">\n<p>Ca UMF  a comis o ilegalitate maxima incalcand o sentinta si implicit legea la cel mai grosolan mod, este cat se poate clar si nu poate nega sau ascunde dupa aparente ca prosti nu sunt, sunt doar hoti. Asta pentru ca Sandesc este si mager la SCJUT, prorector la UMF si\u2026\u2026.membru in senatul universitatii unde este coleg chiar cu\u2026\u2026Floricaaaaa Barsasteanuuuu. Apropo mai poate detine Florica Barsasteanu, in conditiile date, calitatea de membru in senatul UMFTM-for de control al universitatii?<\/p>\n<\/div>\n<div class=\"comment-meta\" id=\"comment-26758\"><a rel=\"nofollow\" class=\"comment-reply-link\" href=\"https:\/\/voceatimisului.ro\/somn-de-voie-medicul-florica-birsasteanu-a-demisionat-din-fruntea-sectiei-de-radiologie-dupa-ce-umft-si-spitalul-judetean-timisoara-s-au-prins-la-trei-luni-de-la-numire-ca-l-au-inscaunat-si-miruit\/#comment-26758\" data-commentid=\"26758\" data-postid=\"155981\" data-belowelement=\"comment-26758\" data-respondelement=\"respond\" data-replyto=\"R\u0103spunde-i lui scufita rosie\" aria-label=\"R\u0103spunde-i lui scufita rosie\">R\u0103spunde\u021bi<\/a><\/div>\n<\/article>\n<\/li>\n<\/ol>\n<div id=\"respond\" class=\"comment-respond\">\n<h3 id=\"reply-title\" class=\"comment-reply-title\">L\u0102SA\u021aI UN MESAJ <small><a rel=\"nofollow\" id=\"cancel-comment-reply-link\" href=\"https:\/\/voceatimisului.ro\/somn-de-voie-medicul-florica-birsasteanu-a-demisionat-din-fruntea-sectiei-de-radiologie-dupa-ce-umft-si-spitalul-judetean-timisoara-s-au-prins-la-trei-luni-de-la-numire-ca-l-au-inscaunat-si-miruit\/#respond\">Renun\u021ba\u021bi la r\u0103spuns<\/a><\/small><\/h3>\n<div class=\"comment-form-input-wrap td-form-comment\">\n<div class=\"td-warning-comment\">V\u0103 rug\u0103m s\u0103 introduce\u021bi comentariul dvs.!<\/div>\n<\/div>\n<div class=\"comment-form-input-wrap td-form-author\">\n<div class=\"td-warning-author\">Introduce\u021bi aici numele dvs.<\/div>\n<\/div>\n<div class=\"comment-form-input-wrap td-form-email\">\n<div class=\"td-warning-email-error\">A\u021bi introdus o adres\u0103 de e-mail incorect\u0103!<\/div>\n<div class=\"td-warning-email\">V\u0103 rug\u0103m s\u0103 introduce\u021bi adresa dvs. de e-mail aici<\/div>\n<\/div>\n<\/div>\n<\/div>\n<\/div>\n<\/div>\n<\/div>\n<\/div>\n<\/div>\n<\/div>\n<\/div>\n<\/div>\n<div class=\"vc_column tdi_108  wpb_column vc_column_container tdc-column td-pb-span4 td-is-sticky\">\n<div class=\"wpb_wrapper\" data-sticky-enabled-on=\"W3RydWUsdHJ1ZSx0cnVlLHRydWVd\" data-sticky-offset=\"20\" data-sticky-is-width-auto=\"W2ZhbHNlLGZhbHNlLGZhbHNlLGZhbHNlXQ==\">\n<div class=\"vc_row_inner tdi_110  vc_row vc_inner wpb_row td-pb-row\">\n<div class=\"vc_column_inner tdi_112  wpb_column vc_column_container tdc-inner-column td-pb-span12\">\n<div class=\"vc_column-inner\">\n<div class=\"wpb_wrapper\">\n<div class=\"td_block_wrap td_block_title tdi_113 td-pb-border-top td_block_template_11 td-fix-index\" data-td-block-uid=\"tdi_113\">\n<div class=\"td-block-title-wrap\">\n<h4 class=\"td-block-title\"><span class=\"td-pulldown-size\">ANUN\u021aURI \u0218I PUBLICITATE<\/span><\/h4>\n<\/div>\n<\/div>\n<\/div>\n<\/div>\n<\/div>\n<\/div>\n<div class=\"wpb_wrapper td_block_wrap vc_widget_sidebar tdi_115 \">\n<aside id=\"block-10\" class=\"td_block_template_1 widget block-10 widget_block widget_media_image\">\n<figure class=\"wp-block-image size-full\"><a href=\"https:\/\/adpghiroda.ro\/index.html\" target=\"_blank\" rel=\" noreferrer noopener\"><img decoding=\"async\" loading=\"lazy\" width=\"960\" height=\"960\" src=\"https:\/\/analyse.optim.biz\/wp-content\/uploads\/2026\/01\/adp-ghiroda2-186.jpg\" class=\"wp-image-171492\" title=\"adp-ghiroda2-186\"><\/a><\/figure>\n<\/aside>\n<aside id=\"block-11\" class=\"td_block_template_1 widget block-11 widget_block widget_media_image\">\n<figure class=\"wp-block-image size-full\"><a href=\"https:\/\/adpghiroda.ro\/index.html\" target=\"_blank\" rel=\" noreferrer noopener\"><img decoding=\"async\" loading=\"lazy\" width=\"960\" height=\"960\" src=\"https:\/\/analyse.optim.biz\/wp-content\/uploads\/2026\/01\/adp-ghiroda1-186.jpg\" class=\"wp-image-171491\" title=\"adp-ghiroda1-186\"><\/a><\/figure>\n<\/aside>\n<aside id=\"block-17\" class=\"td_block_template_1 widget block-17 widget_block widget_media_image\">\n<figure class=\"wp-block-image size-large is-resized\"><a href=\"https:\/\/verde.events\/\" target=\"_blank\" rel=\" noreferrer noopener\"><img decoding=\"async\" loading=\"lazy\" width=\"1024\" height=\"683\" src=\"https:\/\/analyse.optim.biz\/wp-content\/uploads\/2026\/01\/verde-events-24-1024x683-1-171.jpg\" alt=\"Verde Events\" class=\"wp-image-174395\" title=\"verde-events-24-1024x683-1-171\"><\/a><figcaption class=\"wp-element-caption\"><strong><em>O experien\u021b\u0103 unic\u0103 pentru orice tip de eveniment<\/em><\/strong><\/figcaption><\/figure>\n<\/aside>\n<\/div>\n<div class=\"td_block_wrap td_flex_block_1 tdi_121 td-pb-border-top td_block_template_1 td_ajax_preloading_preload td_flex_block\" data-td-block-uid=\"tdi_121\">\n<div id=\"tdi_121\" class=\"td_block_inner td-mc1-wrap\">\n<div class=\"td_module_flex td_module_flex_1 td_module_wrap td-animation-stack td-meta-info-hide td-cpt-post\">\n<div class=\"td-module-container td-category-pos-image\">\n<div class=\"td-module-meta-info\">\n<h3 class=\"entry-title td-module-title\"><a href=\"https:\/\/voceatimisului.ro\/liga-sanitara-umf-timisoara-deschide-portile-raiului-pentru-sectiile-clinicile-private-cu-cheia-sfantului-rafila-de-la-ministerul-sanatatii\/\" rel=\"bookmark\" title=\"Liga sanitar\u0103! UMF Timi\u0219oara deschide por\u021bile raiului pentru sec\u021biile clinicile private, cu cheia Sf\u00e2ntului Rafila de la Ministerul S\u0103n\u0103t\u0103\u021bii\">Liga sanitar\u0103! UMF Timi\u0219oara deschide por\u021bile raiului pentru sec\u021biile clinicile private, cu cheia Sf\u00e2ntului Rafila de la Ministerul S\u0103n\u0103t\u0103\u021bii<\/a><\/h3>\n<\/div>\n<\/div>\n<\/div>\n<div class=\"td_module_flex td_module_flex_1 td_module_wrap td-animation-stack td-meta-info-hide td-cpt-post\">\n<div class=\"td-module-container td-category-pos-image\">\n<div class=\"td-module-meta-info\">\n<h3 class=\"entry-title td-module-title\"><a href=\"https:\/\/voceatimisului.ro\/dubla-masura-de-tupeu-primaria-giroc-a-transformat-o-jumatate-de-bloc-cu-cinci-etaje-peste-noapte-din-spatii-cu-alta-destinatie-in-apartamente-de-locuit-intr-o-zona-cu-unitati-industriale-si-spati\/\" rel=\"bookmark\" title=\"Dubl\u0103 m\u0103sur\u0103 de tupeu! Prim\u0103ria Giroc a transformat o jum\u0103tate de bloc cu cinci etaje, peste noapte, din spa\u021bii cu alt\u0103 destina\u021bie \u00een apartamente de locuit, \u00eentr-o zon\u0103 cu unit\u0103\u021bi industriale \u0219i spa\u021bii de depozitare\">Dubl\u0103 m\u0103sur\u0103 de tupeu! Prim\u0103ria Giroc a transformat o jum\u0103tate de bloc cu cinci etaje, peste noapte, din spa\u021bii cu alt\u0103 destina\u021bie \u00een apartamente&#8230;<\/a><\/h3>\n<\/div>\n<\/div>\n<\/div>\n<div class=\"td_module_flex td_module_flex_1 td_module_wrap td-animation-stack td-meta-info-hide td-cpt-post\">\n<div class=\"td-module-container td-category-pos-image\">\n<div class=\"td-module-meta-info\">\n<h3 class=\"entry-title td-module-title\"><a href=\"https:\/\/voceatimisului.ro\/achizitii-nesanatoase-spitalul-judetean-timisoara-a-fortat-legea-pentru-a-prelungi-cu-un-an-contractul-de-hrana-pentru-pacienti-in-favoarea-unei-firme-abonate-la-bucataria-statului-cu-contracte-de\/\" rel=\"bookmark\" title=\"Achizi\u021bii (ne)s\u0103n\u0103toase! Spitalul Jude\u021bean Timi\u0219oara a for\u021bat legea pentru a prelungi cu un an contractul de hran\u0103 pentru pacien\u021bi, \u00een favoarea unei firme abonate la buc\u0103t\u0103ria statului cu contracte de milioane de euro\">Achizi\u021bii (ne)s\u0103n\u0103toase! Spitalul Jude\u021bean Timi\u0219oara a for\u021bat legea pentru a prelungi cu un an contractul de hran\u0103 pentru pacien\u021bi, \u00een favoarea unei firme abonate&#8230;<\/a><\/h3>\n<\/div>\n<\/div>\n<\/div>\n<div class=\"td_module_flex td_module_flex_1 td_module_wrap td-animation-stack td-meta-info-hide td-cpt-post\">\n<div class=\"td-module-container td-category-pos-image\">\n<div class=\"td-module-meta-info\">\n<h3 class=\"entry-title td-module-title\"><a href=\"https:\/\/voceatimisului.ro\/prof-dr-dorel-sandesc-titularizat-ca-manager-al-spitalului-judetean-timisoara\/\" rel=\"bookmark\" title=\"Prof. dr. Dorel S\u0103ndesc, titularizat ca manager al Spitalului Jude\u021bean Timi\u0219oara\">Prof. dr. Dorel S\u0103ndesc, titularizat ca manager al Spitalului Jude\u021bean Timi\u0219oara<\/a><\/h3>\n<\/div>\n<\/div>\n<\/div>\n<div class=\"td_module_flex td_module_flex_1 td_module_wrap td-animation-stack td-meta-info-hide td-cpt-post\">\n<div class=\"td-module-container td-category-pos-image\">\n<div class=\"td-module-meta-info\">\n<h3 class=\"entry-title td-module-title\"><a href=\"https:\/\/voceatimisului.ro\/evaluare-impersonala-spitalul-judetean-timisoara-a-notat-cu-foarte-bine-si-excelent-aproape-100-de-medici-care-au-externat-cate-un-pacient-pe-an-si-cel-mult-doi-pe-luna\/\" rel=\"bookmark\" title=\"Evaluare (im)personal\u0103! Spitalul Jude\u021bean Timi\u0219oara a notat cu foarte bine \u0219i excelent aproape 100 de medici care au externat c\u00e2te un pacient pe an \u0219i cel mult doi pe lun\u0103\">Evaluare (im)personal\u0103! Spitalul Jude\u021bean Timi\u0219oara a notat cu foarte bine \u0219i excelent aproape 100 de medici care au externat c\u00e2te un pacient pe an&#8230;<\/a><\/h3>\n<\/div>\n<\/div>\n<\/div>\n<\/div>\n<\/div>\n<\/div>\n<\/div>\n<\/div>\n<\/div>\n<\/div>\n<\/div>\n<p><span class=\"td-page-meta\"><\/span><span class=\"td-page-meta\"><span class=\"td-page-meta\"><\/span><\/span><span class=\"td-page-meta\"><\/span><\/article>\n<p> Source URL: https:\/\/voceatimisului.ro\/somn-de-voie-medicul-florica-birsasteanu-a-demisionat-din-fruntea-sectiei-de-radiologie-dupa-ce-umft-si-spitalul-judetean-timisoara-s-au-prins-la-trei-luni-de-la-numire-ca-l-au-inscaunat-si-miruit\/<\/p>\n","protected":false},"excerpt":{"rendered":"<p>\u0218tiriS\u0103n\u0103tate Somn de voie! Medicul Floric\u0103 B\u00eers\u0103\u0219teanu a demisionat din fruntea Sec\u021biei de Radiologie dup\u0103 ce UMFT \u0219i Spitalul Jude\u021bean Timi\u0219oara s-au prins, la trei luni de la numire, c\u0103 l-au \u00eensc\u0103unat \u0219i miruit ilegal Autor-Tiberiu Kiss 16 iunie 2023 2 14391 Facebook Twitter Pinterest WhatsApp Linkedin Copy URL Florica Birsasteanu jpg Investi\u021bie major\u0103 \u00een [&hellip;]<\/p>\n","protected":false},"author":1,"featured_media":1331926,"comment_status":"open","ping_status":"","sticky":false,"template":"","format":"standard","meta":{"footnotes":""},"categories":[89],"tags":[199],"class_list":["post-1331923","post","type-post","status-publish","format-standard","has-post-thumbnail","hentry","category-romania","tag-voceatimisului-ro"],"_links":{"self":[{"href":"https:\/\/analyse.optim.biz\/index.php?rest_route=\/wp\/v2\/posts\/1331923","targetHints":{"allow":["GET"]}}],"collection":[{"href":"https:\/\/analyse.optim.biz\/index.php?rest_route=\/wp\/v2\/posts"}],"about":[{"href":"https:\/\/analyse.optim.biz\/index.php?rest_route=\/wp\/v2\/types\/post"}],"author":[{"embeddable":true,"href":"https:\/\/analyse.optim.biz\/index.php?rest_route=\/wp\/v2\/users\/1"}],"replies":[{"embeddable":true,"href":"https:\/\/analyse.optim.biz\/index.php?rest_route=%2Fwp%2Fv2%2Fcomments&post=1331923"}],"version-history":[{"count":0,"href":"https:\/\/analyse.optim.biz\/index.php?rest_route=\/wp\/v2\/posts\/1331923\/revisions"}],"wp:featuredmedia":[{"embeddable":true,"href":"https:\/\/analyse.optim.biz\/index.php?rest_route=\/wp\/v2\/media\/1331926"}],"wp:attachment":[{"href":"https:\/\/analyse.optim.biz\/index.php?rest_route=%2Fwp%2Fv2%2Fmedia&parent=1331923"}],"wp:term":[{"taxonomy":"category","embeddable":true,"href":"https:\/\/analyse.optim.biz\/index.php?rest_route=%2Fwp%2Fv2%2Fcategories&post=1331923"},{"taxonomy":"post_tag","embeddable":true,"href":"https:\/\/analyse.optim.biz\/index.php?rest_route=%2Fwp%2Fv2%2Ftags&post=1331923"}],"curies":[{"name":"wp","href":"https:\/\/api.w.org\/{rel}","templated":true}]}}