{"id":1331890,"date":"2023-07-04T06:00:43","date_gmt":"2023-07-04T03:00:43","guid":{"rendered":"https:\/\/analyse.optim.biz\/?p=1331890"},"modified":"2023-07-04T06:00:43","modified_gmt":"2023-07-04T03:00:43","slug":"spitalul-judetean-timisoara-a-fortat-legea","status":"publish","type":"post","link":"https:\/\/analyse.optim.biz\/?p=1331890","title":{"rendered":"Spitalul Jude\u021bean Timi\u0219oara a for\u021bat legea"},"content":{"rendered":"<article id=\"template-id-172790\" class=\"post-172790 tdb_templates type-tdb_templates status-publish post\">\n<div id=\"tdi_52\" class=\"tdc-zone\">\n<div class=\"tdc_zone tdi_53  wpb_row td-pb-row\">\n<div id=\"tdi_54\" class=\"tdc-row stretch_row_1400 td-stretch-content\">\n<div class=\"vc_row tdi_55  wpb_row td-pb-row tdc-element-style\">\n<div class=\"vc_column tdi_57  wpb_column vc_column_container tdc-column td-pb-span8\">\n<div class=\"wpb_wrapper\">\n<div class=\"td_block_wrap tdb_single_categories tdi_58 td-pb-border-top td_block_template_1 \" data-td-block-uid=\"tdi_58\">\n<div class=\"tdb-category td-fix-index\"><a class=\"tdb-entry-category\" href=\"https:\/\/voceatimisului.ro\/category\/stiri-din-timisoara-si-timis\/\">\u0218tiri<\/a><\/div>\n<\/div>\n<div class=\"td_block_wrap tdb_title tdi_59 tdb-single-title td-pb-border-top td_block_template_1\" data-td-block-uid=\"tdi_59\">\n<div class=\"tdb-block-inner td-fix-index\">\n<h1 class=\"tdb-title-text\">Achizi\u021bii (ne)s\u0103n\u0103toase! Spitalul Jude\u021bean Timi\u0219oara a for\u021bat legea pentru a prelungi cu un an contractul de hran\u0103 pentru pacien\u021bi, \u00een favoarea unei firme abonate la buc\u0103t\u0103ria statului cu contracte de milioane de euro<\/h1>\n<\/div>\n<\/div>\n<div class=\"vc_row_inner tdi_62  vc_row vc_inner wpb_row td-pb-row\">\n<div class=\"vc_column_inner tdi_64  wpb_column vc_column_container tdc-inner-column td-pb-span6\">\n<div class=\"vc_column-inner\">\n<div class=\"wpb_wrapper\">\n<div class=\"td_block_wrap tdb_single_author tdi_65 td-pb-border-top td_block_template_1 tdb-post-meta\" data-td-block-uid=\"tdi_65\">\n<div class=\"tdb-block-inner td-fix-index\">\n<div class=\"tdb-author-name-wrap\"><span class=\"tdb-author-by\">Autor-<\/span><a class=\"tdb-author-name\" href=\"https:\/\/voceatimisului.ro\/author\/tibi\/\">Tiberiu Kiss<\/a><\/div>\n<\/div>\n<\/div>\n<div class=\"td_block_wrap tdb_single_date tdi_66 td-pb-border-top td_block_template_1 tdb-post-meta\" data-td-block-uid=\"tdi_66\">\n<div class=\"tdb-block-inner td-fix-index\"><time class=\"entry-date updated td-module-date\" datetime=\"2023-07-04T09:00:43+03:00\">4 iulie 2023<\/time><\/div>\n<\/div>\n<div class=\"td_block_wrap tdb_single_comments_count tdi_67 td-pb-border-top td_block_template_1 tdb-post-meta\" data-td-block-uid=\"tdi_67\">\n<div class=\"tdb-block-inner td-fix-index\"><a href=\"https:\/\/voceatimisului.ro\/achizitii-nesanatoase-spitalul-judetean-timisoara-a-fortat-legea-pentru-a-prelungi-cu-un-an-contractul-de-hrana-pentru-pacienti-in-favoarea-unei-firme-abonate-la-bucataria-statului-cu-contracte-de\/#respond\"><span>0<\/span><\/a><\/div>\n<\/div>\n<div class=\"td_block_wrap tdb_single_post_views tdi_68 td-pb-border-top td_block_template_1 tdb-post-meta\" data-td-block-uid=\"tdi_68\">\n<div class=\"tdb-block-inner td-fix-index\"><span class=\"tdb-add-text\">1<\/span><span class=\"td-nr-views-156292\">11167<\/span><\/div>\n<\/div>\n<\/div>\n<\/div>\n<\/div>\n<div class=\"vc_column_inner tdi_70  wpb_column vc_column_container tdc-inner-column td-pb-span6\">\n<div class=\"vc_column-inner\">\n<div class=\"wpb_wrapper\">\n<div class=\"td_block_wrap tdb_single_post_share tdi_71  td-pb-border-top td_block_template_1\" data-td-block-uid=\"tdi_71\">\n<div id=\"tdi_71\" class=\"td-post-sharing tdb-block td-ps-bg td-ps-notext td-post-sharing-style1 \">\n<div class=\"td-post-sharing-visible\"><a class=\"td-social-sharing-button td-social-sharing-button-js td-social-network td-social-facebook\" href=\"https:\/\/www.facebook.com\/sharer.php?u=https%3A%2F%2Fvoceatimisului.ro%2Fachizitii-nesanatoase-spitalul-judetean-timisoara-a-fortat-legea-pentru-a-prelungi-cu-un-an-contractul-de-hrana-pentru-pacienti-in-favoarea-unei-firme-abonate-la-bucataria-statului-cu-contracte-de%2F\" title=\"Facebook\" rel=\"noopener\"><\/p>\n<div class=\"td-social-but-text\">Facebook<\/div>\n<p><\/a><a class=\"td-social-sharing-button td-social-sharing-button-js td-social-network td-social-twitter\" href=\"https:\/\/twitter.com\/intent\/tweet?text=Achizi%C8%9Bii+%28ne%29s%C4%83n%C4%83toase%21+Spitalul+Jude%C8%9Bean+Timi%C8%99oara+a+for%C8%9Bat+legea+pentru+a+prelungi+cu+un+an+contractul+de+hran%C4%83+pentru+pacien%C8%9Bi%2C+%C3%AEn+favoarea+unei+firme+abonate+la+buc%C4%83t%C4%83ria+statului+cu+contracte+de+milioane+de+euro&amp;url=https%3A%2F%2Fvoceatimisului.ro%2Fachizitii-nesanatoase-spitalul-judetean-timisoara-a-fortat-legea-pentru-a-prelungi-cu-un-an-contractul-de-hrana-pentru-pacienti-in-favoarea-unei-firme-abonate-la-bucataria-statului-cu-contracte-de%2F&amp;via=Vocea+Timisului\" title=\"Twitter\" rel=\"noopener\"><\/p>\n<div class=\"td-social-but-text\">Twitter<\/div>\n<p><\/a><a class=\"td-social-sharing-button td-social-sharing-button-js td-social-network td-social-pinterest\" href=\"https:\/\/pinterest.com\/pin\/create\/button\/?url=https:\/\/voceatimisului.ro\/achizitii-nesanatoase-spitalul-judetean-timisoara-a-fortat-legea-pentru-a-prelungi-cu-un-an-contractul-de-hrana-pentru-pacienti-in-favoarea-unei-firme-abonate-la-bucataria-statului-cu-contracte-de\/&amp;media=https:\/\/analyse.optim.biz\/wp-content\/uploads\/2026\/01\/sc-titan-edilitara-srl-din-braila-jpg.webp&amp;description=Achizi%C8%9Bii+%28ne%29s%C4%83n%C4%83toase%21+Spitalul+Jude%C8%9Bean+Timi%C8%99oara+a+for%C8%9Bat+legea+pentru+a+prelungi+cu+un+an+contractul+de+hran%C4%83+pentru+pacien%C8%9Bi%2C+%C3%AEn+favoarea+unei+firme+abonate+la+buc%C4%83t%C4%83ria+statului+cu+contracte+de+milioane+de+euro\" title=\"Pinterest\" rel=\"noopener\"><\/p>\n<div class=\"td-social-but-text\">Pinterest<\/div>\n<p><\/a><a class=\"td-social-sharing-button td-social-sharing-button-js td-social-network td-social-whatsapp\" href=\"https:\/\/api.whatsapp.com\/send?text=Achizi%C8%9Bii+%28ne%29s%C4%83n%C4%83toase%21+Spitalul+Jude%C8%9Bean+Timi%C8%99oara+a+for%C8%9Bat+legea+pentru+a+prelungi+cu+un+an+contractul+de+hran%C4%83+pentru+pacien%C8%9Bi%2C+%C3%AEn+favoarea+unei+firme+abonate+la+buc%C4%83t%C4%83ria+statului+cu+contracte+de+milioane+de+euro%20%0A%0A%20https:\/\/voceatimisului.ro\/achizitii-nesanatoase-spitalul-judetean-timisoara-a-fortat-legea-pentru-a-prelungi-cu-un-an-contractul-de-hrana-pentru-pacienti-in-favoarea-unei-firme-abonate-la-bucataria-statului-cu-contracte-de\/\" title=\"WhatsApp\" rel=\"noopener\"><\/p>\n<div class=\"td-social-but-text\">WhatsApp<\/div>\n<p><\/a><a class=\"td-social-sharing-button td-social-sharing-button-js td-social-network td-social-linkedin\" href=\"https:\/\/www.linkedin.com\/shareArticle?mini=true&amp;url=https:\/\/voceatimisului.ro\/achizitii-nesanatoase-spitalul-judetean-timisoara-a-fortat-legea-pentru-a-prelungi-cu-un-an-contractul-de-hrana-pentru-pacienti-in-favoarea-unei-firme-abonate-la-bucataria-statului-cu-contracte-de\/&amp;title=Achizi%C8%9Bii+%28ne%29s%C4%83n%C4%83toase%21+Spitalul+Jude%C8%9Bean+Timi%C8%99oara+a+for%C8%9Bat+legea+pentru+a+prelungi+cu+un+an+contractul+de+hran%C4%83+pentru+pacien%C8%9Bi%2C+%C3%AEn+favoarea+unei+firme+abonate+la+buc%C4%83t%C4%83ria+statului+cu+contracte+de+milioane+de+euro\" title=\"Linkedin\" rel=\"noopener\"><\/p>\n<div class=\"td-social-but-text\">Linkedin<\/div>\n<p><\/a><a class=\"td-social-sharing-button td-social-sharing-button-js td-social-network td-social-copy_url\" href=\"https:\/\/voceatimisului.ro\/achizitii-nesanatoase-spitalul-judetean-timisoara-a-fortat-legea-pentru-a-prelungi-cu-un-an-contractul-de-hrana-pentru-pacienti-in-favoarea-unei-firme-abonate-la-bucataria-statului-cu-contracte-de\/\" title=\"Copy URL\" rel=\"noopener\"><\/p>\n<div class=\"td-social-but-text\">Copy URL<\/div>\n<p><\/a><\/div>\n<\/div>\n<\/div>\n<\/div>\n<\/div>\n<\/div>\n<\/div>\n<div class=\"td_block_wrap tdb_single_featured_image tdi_72 tdb-content-horiz-left td-pb-border-top td_block_template_1\" data-td-block-uid=\"tdi_72\">\n<div class=\"tdb-block-inner td-fix-index\">\n<figure><img loading=\"lazy\" decoding=\"async\" width=\"696\" height=\"671\" class=\"entry-thumb\" src=\"https:\/\/analyse.optim.biz\/wp-content\/uploads\/2026\/01\/sc-titan-edilitara-srl-din-braila-jpg-696x671-1.webp\" alt=\"SC Titan Edilitara SRL din Braila jpg\" title=\"SC Titan Edilitara SRL din Braila jpg\"><figcaption class=\"tdb-caption-text\">SC Titan Edilitara SRL din Braila jpg<\/figcaption><\/figure>\n<\/div>\n<\/div>\n<div class=\"vc_row_inner tdi_74  vc_row vc_inner wpb_row td-pb-row\">\n<div class=\"vc_column_inner tdi_76  wpb_column vc_column_container tdc-inner-column td-pb-span4 td-is-sticky\">\n<div class=\"vc_column-inner\">\n<div class=\"wpb_wrapper\" data-sticky-enabled-on=\"W3RydWUsdHJ1ZSx0cnVlLHRydWVd\" data-sticky-offset=\"20\" data-sticky-is-width-auto=\"W2ZhbHNlLGZhbHNlLGZhbHNlLGZhbHNlXQ==\">\n<div class=\"td_block_wrap td_flex_block_1 tdi_77 td-pb-border-top td_block_template_1 td_ajax_preloading_preload td_flex_block\" data-td-block-uid=\"tdi_77\">\n<div id=\"tdi_77\" class=\"td_block_inner td-mc1-wrap\">\n<div class=\"td_module_flex td_module_flex_1 td_module_wrap td-animation-stack td-meta-info-hide td-cpt-post\">\n<div class=\"td-module-container td-category-pos-image\">\n<div class=\"td-module-meta-info\">\n<h3 class=\"entry-title td-module-title\"><a href=\"https:\/\/voceatimisului.ro\/investitie-majora-in-sanatate-sectia-ati-de-la-spitalul-judetean-timisoara-se-extinde-cu-fonduri-europene\/\" rel=\"bookmark\" title=\"Investi\u021bie major\u0103 \u00een s\u0103n\u0103tate: Sec\u021bia ATI de la Spitalul Jude\u021bean Timi\u0219oara se extinde cu fonduri europene\">Investi\u021bie major\u0103 \u00een s\u0103n\u0103tate: Sec\u021bia ATI de la Spitalul Jude\u021bean Timi\u0219oara se extinde cu fonduri europene<\/a><\/h3>\n<\/div>\n<\/div>\n<\/div>\n<div class=\"td_module_flex td_module_flex_1 td_module_wrap td-animation-stack td-meta-info-hide td-cpt-post\">\n<div class=\"td-module-container td-category-pos-image\">\n<div class=\"td-module-meta-info\">\n<h3 class=\"entry-title td-module-title\"><a href=\"https:\/\/voceatimisului.ro\/somn-de-voie-medicul-florica-birsasteanu-a-demisionat-din-fruntea-sectiei-de-radiologie-dupa-ce-umft-si-spitalul-judetean-timisoara-s-au-prins-la-trei-luni-de-la-numire-ca-l-au-inscaunat-si-miruit\/\" rel=\"bookmark\" title=\"Somn de voie! Medicul Floric\u0103 B\u00eers\u0103\u0219teanu a demisionat din fruntea Sec\u021biei de Radiologie dup\u0103 ce UMFT \u0219i Spitalul Jude\u021bean Timi\u0219oara s-au prins, la trei luni de la numire, c\u0103 l-au \u00eensc\u0103unat \u0219i miruit ilegal\">Somn de voie! Medicul Floric\u0103 B\u00eers\u0103\u0219teanu a demisionat din fruntea Sec\u021biei de Radiologie dup\u0103 ce UMFT \u0219i Spitalul Jude\u021bean Timi\u0219oara s-au prins, la trei&#8230;<\/a><\/h3>\n<\/div>\n<\/div>\n<\/div>\n<div class=\"td_module_flex td_module_flex_1 td_module_wrap td-animation-stack td-meta-info-hide td-cpt-post\">\n<div class=\"td-module-container td-category-pos-image\">\n<div class=\"td-module-meta-info\">\n<h3 class=\"entry-title td-module-title\"><a href=\"https:\/\/voceatimisului.ro\/prof-dr-dorel-sandesc-titularizat-ca-manager-al-spitalului-judetean-timisoara\/\" rel=\"bookmark\" title=\"Prof. dr. Dorel S\u0103ndesc, titularizat ca manager al Spitalului Jude\u021bean Timi\u0219oara\">Prof. dr. Dorel S\u0103ndesc, titularizat ca manager al Spitalului Jude\u021bean Timi\u0219oara<\/a><\/h3>\n<\/div>\n<\/div>\n<\/div>\n<div class=\"td_module_flex td_module_flex_1 td_module_wrap td-animation-stack td-meta-info-hide td-cpt-post\">\n<div class=\"td-module-container td-category-pos-image\">\n<div class=\"td-module-meta-info\">\n<h3 class=\"entry-title td-module-title\"><a href=\"https:\/\/voceatimisului.ro\/evaluare-impersonala-spitalul-judetean-timisoara-a-notat-cu-foarte-bine-si-excelent-aproape-100-de-medici-care-au-externat-cate-un-pacient-pe-an-si-cel-mult-doi-pe-luna\/\" rel=\"bookmark\" title=\"Evaluare (im)personal\u0103! Spitalul Jude\u021bean Timi\u0219oara a notat cu foarte bine \u0219i excelent aproape 100 de medici care au externat c\u00e2te un pacient pe an \u0219i cel mult doi pe lun\u0103\">Evaluare (im)personal\u0103! Spitalul Jude\u021bean Timi\u0219oara a notat cu foarte bine \u0219i excelent aproape 100 de medici care au externat c\u00e2te un pacient pe an&#8230;<\/a><\/h3>\n<\/div>\n<\/div>\n<\/div>\n<\/div>\n<\/div>\n<div class=\"tdb-author-box td_block_wrap tdb_single_author_box tdi_82 tdb-content-vert-top td-pb-border-top td_block_template_1\" data-td-block-uid=\"tdi_82\">\n<div class=\"tdb-block-inner td-fix-index\">\n<div class=\"tdb-author-info\"><a href=\"https:\/\/voceatimisului.ro\/author\/tibi\/\" class=\"tdb-author-name\">Tiberiu Kiss<\/a><\/p>\n<div class=\"tdb-author-descr\">\u00centreaga responsabilitate a comentariilor l\u0103sate de dumneavoastr\u0103 v\u0103 apar\u021bine!<br \/>\nClick <a href=\"https:\/\/voceatimisului.ro\/termeni-si-conditii\/\">aici<\/a>-citeste condi\u0163iile de utilizare ale site-ului www.voceatimisului.ro<\/div>\n<\/div>\n<\/div>\n<\/div>\n<\/div>\n<\/div>\n<\/div>\n<div class=\"vc_column_inner tdi_84  wpb_column vc_column_container tdc-inner-column td-pb-span8\">\n<div class=\"vc_column-inner\">\n<div class=\"wpb_wrapper\">\n<div class=\"td_block_wrap tdb_single_content tdi_85 td-pb-border-top td_block_template_1 td-post-content tagdiv-type\" data-td-block-uid=\"tdi_85\">\n<div class=\"tdb-block-inner td-fix-index\">\n<h5 class=\"wp-block-heading\" id=\"h-in-primul-rand-cifrele-sunt-cat-se-poate-de-clare-o-cheltuiala-suplimentara-de-peste-170-000-euro-la-care-se-adauga-cate-20-000-euro-pe-luna-bani-care-nu-au-niciun-corespondent-in-realitate-plus-alte-3-2-milioane-ron-alocate-printr-o-procedura-neconcuren\u021biala-la-fel-de-certe-sunt-\u0219i-probele-fie-ca-sunt-in-format-letric-sau-audio-video-joc-de-rol-timorare-negocieri-\u0219i-oferte-pe-sub-masa-ambele-paliere-dincolo-de-scenariul-\u0219i-regia-sanitara-duc-spre-doua-concluzii-mari-\u0219i-late-mai-exact-ca-buzunarul-statului-roman-este-unul-fara-fund-azi-cand-vine-vorba-despre-interese-politice-de-grup-in-cazul-de-fa\u021ba-ale-psd-\u0219i-mai-presus-de-orice-ca-romania-este-patria-oamenilor-corec\u021bi-cinsti\u021bi-\u0219i-nu-in-ultimul-rand-apolitici\">\u00cen primul r\u00e2nd, cifrele sunt c\u00e2t se poate de clare \u2013 o cheltuial\u0103 suplimentar\u0103 de peste 170.000 euro, la care se adaug\u0103 c\u00e2te 20.000 euro pe lun\u0103, bani care nu au niciun corespondent \u00een realitate. Plus, alte 3,2 milioane RON, alocate printr-o procedur\u0103 neconcuren\u021bial\u0103! La fel de certe sunt \u0219i probele, fie c\u0103 sunt \u00een format letric sau audio-video \u2013 joc de rol, timorare, negocieri \u0219i oferte pe sub mas\u0103! Ambele paliere, dincolo de scenariul \u0219i regia sanitar\u0103, duc spre dou\u0103 concluzii mari \u0219i late. Mai exact, c\u0103 buzunarul statului rom\u00e2n este unul f\u0103r\u0103 fund, azi, c\u00e2nd vine vorba despre interese politice de grup, \u00een cazul de fa\u021b\u0103 ale PSD! \u0218i, mai presus de orice, c\u0103 Rom\u00e2nia este patria oamenilor corec\u021bi, cinsti\u021bi \u0219i, nu \u00een ultimul r\u00e2nd, apolitici.<\/h5>\n<p>Cum povestea e complex\u0103 \u0219i cu extrem de multe ramifica\u021bii, intr\u0103m direct \u00een subiect. La data de 17 martie 2022, Spitalul Clinic Jude\u021bean de Urgen\u021b\u0103 \u201dPius Br\u00eenzeu\u201d Timi\u0219oara a dat und\u0103 verde pentru procedura de achizi\u021bie public\u0103 av\u00e2nd ca obiect\u00a0Acord \u2013 cadru \u2013 Servicii de preparare \u0219i livrare \u2013 asigurare a hranei.\u00a0La start s-au aliniat urm\u0103torii operatori economici: <strong>SC Titan Edilitara SRL din Br\u0103ila (societatea care a asigurat prestarea serviciilor \u00een baza contractului anterior cu SCJUT), SC Mark US Unltd SRL din Arad \u0219i SC Ansamble Catering &amp; Services SRL din Bucure\u0219ti<\/strong>. Conform documentelor, licita\u021bia s-a finalizat pe data de 27 iulie 2022, c\u00e2\u0219tig\u0103toare fiind desemnat\u0103 SC Mark US Unltd SRL din Arad, la un pre\u021b de 5,11 lei\/por\u021bie\/zi.<\/p>\n<p><strong>A\u0219a cum rezult\u0103 din probe, \u00een lupta pentru asigurarea celor 39.000 ra\u021bii lunare de hran\u0103 pentru cea mai mare unitate sanitar\u0103 din vestul Rom\u00e2niei, SC Titan Edilitara SRL din Br\u0103ila e ie\u0219i pe locul doi cu un pre\u021b de 5,65 lei\/por\u021bie\/zi<\/strong>. Cu precizarea c\u0103 cealalt\u0103 societate comercial\u0103, SC Ansamble Catering &amp; Services SRL, s-a pierdut pe parcursul licita\u021biei, \u00eenc\u0103 din faza de clarific\u0103ri, c\u00e2nd a fost descalificat\u0103 din pricina unor b\u00e2lbe, cel pu\u021bin bizare! De precizat c\u0103 valoarea ofertelor depuse de cei doi competitor, r\u0103ma\u0219i \u00een curs\u0103 la SCJUT, nu include \u0219i norma de hran\u0103 care, conform legii, pentru pacien\u021bii spitaliza\u021bi ( copii \u0219i adul\u021bi), l\u0103uze \u0219i \u00eenso\u021bitori este de 22 lei\/zi iar pentru bolnavii spitaliza\u021bi cu TBC, HIV\/SIDA, hepatit\u0103, neoplazii, diabet, pacien\u021bii cu arsuri \u0219i cei interna\u021bi \u00een leprozerii suma e de 33 lei\/zi.<\/p>\n<p>Acum, pentru a \u00een\u021belege \u0219i mai bine subiectul, mai sunt necesare mici clarific\u0103ri. A\u0219a cum rezult\u0103 din date publice, \u00een multe dintre cazuri, la licita\u021bii privind servicii de catering, \u00een special pentru unit\u0103\u021bi sanitare sau militare, acolo unde nu exista \u0219i un al treilea juc\u0103tor, SC Titan Edilitara SRL a avut competitor pe SC Ansamble Catering &amp; Services SRL. <strong>O entitate cel pu\u021bin interesant\u0103 care, numai \u00een ultima lun\u0103, dup\u0103 ce a c\u00e2\u0219tigat licita\u021biile publice la spitalele jude\u021bene din Sibiu \u0219i Craiova, a denun\u021bat unilateral contractele de preparare\/furnizare hran\u0103 pentru bolnavi, de pe o zi pe alta<\/strong>. \u0218i, dup\u0103 ce s-a retras din joc, \u00een isteria creat\u0103, societatea a f\u0103cut propuneri de preluare a contractului c\u0103tre managementul unit\u0103\u021bilor sanitare. Cel pu\u021bin p\u00e2n\u0103 acum, la SCJU Craiova, SC Titan Edilitara SRL a intrat \u00een schema, \u00een locul SC Ansamble Catering &amp; Services SRL!<\/p>\n<p>E important de men\u021bionat \u0219i c\u0103 firma bucure\u0219tean\u0103, care a l\u0103sat cu ochii \u00een soare spitalele jude\u021bene din Sibiu \u0219i Craiova, \u00een ultimii zece ani, a avut o cifr\u0103 de afaceri mereu \u00een cre\u0219tere, cuprins\u0103 \u00eentre 5 \u0219i 38 milioane de lei pe an, dar niciodat\u0103 nu a avut profit, ci doar pierderi colosale. \u0218i datorii de milioane c\u0103tre ANAF! <strong>Pe deplin de \u00een\u021beles, at\u00e2ta timp c\u00e2t administratorul societ\u0103\u021bii, adic\u0103 responsabilul legal \u0219i civil al firmei, este africanul Bonnot Francois Louis Maurice din Coasta de Filde\u0219, cu un domiciliu fictiv \u00een Maroc<\/strong>. Asta o confirm\u0103 Tribunalul de Prim\u0103 Instan\u021b\u0103 din Casablanca, prin semn\u0103tura executorului judec\u0103toresc Abdelwahed Mezzani!<\/p>\n<p><strong>Tot \u00eenainte!<\/strong><\/p>\n<p>\u0218i revenim la licita\u021bia pentru hrana bolnavilor de la Spitalul Jude\u021bean Timi\u0219oara, procedur\u0103 care s-a finalizat pe data de 27 iulie 2022 \u0219i care a stabilit c\u00e2\u0219tig\u0103torul \u00een direc\u021bia SC Mark US Unltd SRL din Arad. <strong>Doar l-a stabilit, l-a ar\u0103tat cu degetul \u0219i cam at\u00e2t! C\u0103-n rest, SCJUT a mers mai departe cu SC Titan Edilitara SRL<\/strong>! Nu de alta dar, \u00een timpul derul\u0103rii procedurii de licita\u021bie, pe data de 30 iunie 2022, entitatea sanitar\u0103 a postat \u00een Sistemul Electronic de Achizi\u021bii Publice (SEAP), nu un anun\u021b de selec\u021bie de oferte, ci unul de atribuire (nr.\u00a0CAN1082147), conform c\u0103ruia a derulat o negociere direct\u0103, f\u0103r\u0103 publicare a unui anun\u021b de participare, cu societatea br\u0103ilean\u0103. <strong>A\u0219a s-a n\u0103scut contractul cu nr. 1752 dintre SCJUT \u0219i SC Titan Edilitara SRL, \u00een valoare de\u00a01.614.600 lei, la un pre\u021b unitar de\u00a06,9 lei\/por\u021bie,\u00a0raportat la 39.000 por\u021bii\/lun\u0103,\u00a0cu valabilitate p\u00e2n\u0103 la 31 decembrie 2022 sau\u2026 p\u00e2n\u0103 la atribuirea contractului \u00een urma licita\u021biei<\/strong>.<\/p>\n<p>Evident, singurul ofertant, invitat s\u0103 participe la negocieri, a fost\u00a0SC Titan Edilitara SRL, de\u0219i prevederile legale (HG 395\/2016) impun convocarea mai multor operatori economici: <strong>\u201d\u2026 ini\u021bierea procedurii se realizeaz\u0103 prin transmiterea unei invita\u021bii la negocieri, \u00eenso\u021bit\u0103 de documenta\u021bia de atribuire, c\u0103tre unul sau, ori de c\u00e2te ori este posibil, c\u0103tre mai mul\u021bi agen\u021bi economici<\/strong>\u201d. \u0218i ar fi fost posibil, f\u0103r\u0103 niciun dubiu, doar c\u0103 unitatea sanitar\u0103 nu a dorit s\u0103 mai cheme pe nimeni la masa boga\u021bilor! De\u0219i, \u00eenc\u0103 \u00eenainte de demararea negocierilor, SCJUT a fost notificat\u0103, \u00een scris, a\u0219a cum rezult\u0103 din documente, despre inten\u021bia de participare \u0219i a altor agen\u021bi economici, \u00een cazul unei asemenea decizii manageriale! A\u0219a se explic\u0103 de ce derularea procedurii nu a fost f\u0103cut\u0103 public\u0103, dec\u00e2t dup\u0103 atribuire.<\/p>\n<p>Pe l\u00e2ng\u0103 toate astea, cum era de a\u0219teptat, imediat dup\u0103 anun\u021bul final al licita\u021biei Acord \u2013 cadru \u2013 Servicii de preparare \u0219i livrare \u2013 asigurare a hranei, care la data de 27 iulie 2022 a scos din c\u0103r\u021bi SC Titan Edilitara SRL \u00een favoarea SC Mark US Unltd SRL, pierz\u0103torul a contestat rezultatul competi\u021biei. <strong>\u00cen prim\u0103 faz\u0103, la Consiliul Na\u021bional de Solu\u021bionare a Contesta\u021biilor \u0219i, c\u00e2nd a pierdut, pe 12 decembrie 2022, a atacat decizia CNSC la Curtea de Apel Timi\u0219oara care, prin Decizia civil\u0103 nr. 60 din 18 ianuarie 2023, i-a men\u021binut pe cei de la SC Mark US Unltd SRL la masa bolnavilor de la SCJUT<\/strong>! Doar c\u0103, \u00eentre timp, la data de 27 decembrie 2022, cea mai mare unitate sanitar\u0103 din vestul Rom\u00e2niei a mai \u00eentins o m\u00e2n\u0103 de ajutor \u00een favoarea SC Titan Edilitara SRL \u2013 un alt contract pe 6 luni, \u00een acelea\u0219i condi\u021bii, la acela\u0219i pre\u021b, cu o valabilitate p\u00e2n\u0103 la 30 iunie 2023! \u0218i, iar\u0103\u0219i, SCJUT nu a invitat pe nimeni la masa boga\u021bilor, de\u0219i, la fel ca data trecut\u0103, a fost notificat\u0103 expres vizavi de inten\u021bia de participare la procedur\u0103 de c\u0103tre alte entit\u0103\u021bi comerciale!<\/p>\n<p>Cert e c\u0103 nu a fost ultimul colac de salvare pe care SCJUT l-a aruncat \u00een direc\u021bia SC Titan Edilitara SRL, c\u0103ci au mai urmat contesta\u021bii pe la CNSC \u0219i alte procese \u00een instan\u021b\u0103. <strong>\u00cen prim\u0103 faz\u0103, c\u00e2nd nu a mai avut \u00eencotro, pe data de 18 aprilie 2023, SCJUT a \u00eencheiat rela\u021biile contractuale cu firma br\u0103ilean\u0103 \u0219i a introdus por\u021bile de m\u00e2ncare, \u00een valoare de 5,11 RON, de la SC Mark US Unltd SRL<\/strong>. Nu de 6,9 lei! Ulterior, pe data de 11 mai 2023, Spitalul Jude\u021bean Timi\u0219oara a interpretat\u2026 pompieristic Decizia civil\u0103 nr. 517 a Cur\u021bii de Apel Timi\u0219oara, drept pentru care societatea ar\u0103dean\u0103 a formulat o cere de l\u0103murire a dispozitivului sentin\u021bei, document care a fost \u00eenaintat \u0219i spre \u0219tiin\u021ba speciali\u0219tilor \u00een drept de la SCJUT. <strong>N-a contat c\u0103ci, din nou, pe data de 23 mai 2023, <u>unitatea sanitar\u0103 a notificat SC Mark US Unltd SRL despre \u00eencetarea de \u00eendat\u0103 a contractului<\/u> \u0219i a reintrodus \u00een schem\u0103, la capul bolnavului, SC Titan Edilitara SRL din Br\u0103ila<\/strong>.<\/p>\n<p>Tot pe furi\u0219, tot pe u\u0219a din dos, tot negociere direct\u0103 cu un singur participant. \u0218i tot \u00een ciuda notific\u0103rilor trimise c\u0103tre unitatea sanitar\u0103 de a fi invitat\u0103 \u201d<strong>la orice eventuale proceduri de achizi\u021bie public\u0103 (negocieri f\u0103r\u0103 publicarea unui anunt de participare)\u2026<\/strong>\u201d, pe care entitatea sanitar\u0103 ar\u00a0inten\u021biona s\u0103 le deruleze, \u00een vederea achizi\u021bion\u0103rii serviciilor de\u00a0livrare \u0219i preparare a hranei. A fost, iar\u0103\u0219i, cu SEC\u2026 ca la poker! \u00cen fine, prin \u00eencheierea civil\u0103\u00a0din data de\u00a014 iunie 2023,\u00a0<strong>Curtea de Apel Timi\u0219oara a respins cererea de l\u0103murire consider\u00e2nd c\u0103 dispozitivul Deciziei\u00a0nr. 517 din 11 mai 2023, interpretat\u0103 dup\u0103 stele de SCJUT,\u00a0este suficient de clar \u0219i precizeaz\u0103 c\u0103 instan\u021ba\u00a0NU a dispus anularea\u00a0contractului cu SC Mark US Unltd SRL<\/strong>. Cu at\u00e2t mai pu\u021bin, \u00eencheierea unei alte \u00een\u021belegeri cu SC Titan Edilitara SRL!<\/p>\n<p><strong>Lacrimi \u0219i durere<\/strong><\/p>\n<p>\u0218i, abia c\u00e2nd parodia s-a \u00eencheiat definitv \u0219i irevocabil, la dou\u0103 s\u0103pt\u0103m\u00e2ni de la comunicarea Cur\u021bii de Apel Timi\u0219oara, pe data de 27 iunie 2023, cea mai mare unitate sanitar\u0103 din vestul Rom\u00e2niei a notificat SC Mark US Unltd SRL de reluarea prest\u0103rii serviciilor, nu de \u00eendat\u0103 ca \u0219i \u00een cazul celor de la SC Titan Edilitara SRL, ci cu data de\u00a030 iunie a.c. Adic\u0103, chiar la expirarea ultimei zile din \u00een\u021belegerea pe care SCJUT o avea cu firma br\u0103ilean\u0103, conform documentelor parafate, prin negociere direct\u0103 \u0219i f\u0103r\u0103 publicare, pe 27 decembrie 2022! <strong>Matematic, toat\u0103 aceast\u0103 hor\u0103 a unirii, av\u00e2nd \u00een vedere diferen\u021bele de pre\u021b dintre 5,11 lei \u0219i 6,9 lei pe por\u021bia de m\u00e2ncare, la un num\u0103r de 39.000 meniuri pe lun\u0103 arat\u0103 c\u0103, la fiecare 30 de zile, SCJUT a scos din buzunar, \u00een plus, peste 14.000 euro<\/strong>. \u0218i pe toat\u0103 perioad\u0103, p\u00e2n\u0103 c\u00e2nd rezultatul licita\u021biei \u0219i-a reintrat \u00een drepturi, a pierdut peste 170.000 euro prin negocierea direct\u0103 \u0219i nepublic\u0103\u2026 cu un singur furnizor de hran\u0103! Unul care, la licita\u021bie, nu venise cu un pre\u021b de 6,9 lei pe por\u021bie ci\u2026 5.65 lei!<\/p>\n<p>Asta nu e tot c\u0103ci, a\u0219a cu rezult\u0103 dintr-un raport preliminar al Camerei de Conturi Timi\u0219, <strong>Spitalul Jude\u021bean Timi\u0219oara este campion la\u2026generarea unor cheltuieli cu hrana care nu au corespondent \u00een realitate! <\/strong>Practic, mai multe meniuri comandate \u0219i pl\u0103tite, dec\u00e2t num\u0103rul pacien\u021bilor efectivi din cadrul fiec\u0103rei sec\u021bii clinice! \u0218i e negru pe alb! Concluzia auditorilor, dup\u0103 un control exhaustiv, e simpl\u0103 \u0219i, \u00een acela\u0219i timp, n\u0103ucitoare \u2013 <strong><u>101.489 RON diferen\u021ba lunii octombrie 2022, stabilit\u0103 \u00eentre num\u0103rul de meniuri comandate de sec\u021bii cu num\u0103rul de pacien\u021bi efectivi din statistica spitalului<\/u><\/strong>. Da, doar \u00eentr-o singur\u0103 lun\u0103, care a fost analizat\u0103 \u00een detaliu, recte octombrie 2022 \u2013 c\u0103 s-a stabilit \u0219i c\u0103 nu e o sc\u0103pare ci o cutum\u0103, asta e o alt\u0103 discu\u021bie viitoare \u2013 SCJUT a comandat \u0219i a pl\u0103tit peste 20.000 de euro pe o m\u00e2ncare care nu are nicio leg\u0103tur\u0103 cu num\u0103rul pacien\u021bilor interna\u021bi \u0219i nici a medicilor de gard\u0103! La care se adaug\u0103, prin cele dou\u0103 prelungiri succesive de contract, pe c\u00e2te 6 luni, alte 3.229.200 RON!<\/p>\n<p>Bun, acum, de vreo trei zile, firma ar\u0103dean\u0103 SC Mark US Unltd SRL a reintrat, pe u\u0219a din fa\u021b\u0103, \u00een Spitalul Jude\u021bean Timi\u0219oara. \u0218i, mai mult ca sigur, nu va rezista foarte mult, la cum se mi\u0219c\u0103 lucrurile. De fapt, ele se misc\u0103 exact ca acum 6 ani c\u00e2nd, pe 2016, pe mandatul de manager al SCJUT al prof. dr. Marius Craina, s-a mai \u00eencercat odat\u0103 scoaterea din joc a SC Titan Edilitara SRL, dup\u0103 o \u00een\u021belegere de zece ani, chiar la expirarea contractului atribuit prin \u00eencredin\u021bare direct\u0103 firmei br\u0103ilene de c\u0103tre un alt fost director al unit\u0103\u021bii sanitare, nu mai pu\u021bin<a href=\"https:\/\/voceatimisului.ro\/salvat-pe-penal-de-procurorul-papici-doctorul-mihai-ionac-a-fost-depistat-de-ani-in-conflict-de-interese-pe-administrativ\/\" target=\"_blank\" rel=\"noreferrer noopener\"> celebrul prof. dr. Mihai Ionac<\/a>. <\/p>\n<p><strong>Pe vremea ginecologului Marius Craina succesul cu SC Dio Eden SRL, care c\u00e2\u0219tigase un catering pentru bolnavi pe doi ani de zile, a durat fix o s\u0103pt\u0103m\u00e2n\u0103 dup\u0103 care, printr-o decizie controversat\u0103, <\/strong><a href=\"https:\/\/voceatimisului.ro\/halucinant-directia-sanitar-veterinara-timis-o-da-din-colt-colt-dupa-ce-aruncat-spitalul-judetean-timisoara-haos-incercarea-disperata-de-impune-un-alt-furnizor-de-hrana-pentru-bolnavi\/\" target=\"_blank\" rel=\"noreferrer noopener\"><strong>Direc\u021bia Sanitar Veterinar\u0103 Timi\u0219 a revocat autoriza\u021bia de func\u021bionare sanitar-veterinar\u0103 pentru firma timi\u0219orean\u0103, de\u0219i o emisese cu o lun\u0103 \u00eenainte<\/strong>!<\/a><\/p>\n<p>Cum contractul nu a revenit, nici atunci, la SC Titan Edilitara SRL, ci atribuit direct celui de-al treilea clasat, recte SC Mark US Unltd SRL, a\u0219a cum rezult\u0103 din probele audio-video ata\u0219ate la finalul materialului, patronul firmei, Florentin Alexa, s-a trezit cu o propunere indecent\u0103<strong>. <\/strong><a href=\"https:\/\/voceatimisului.ro\/exclusiv-numele-fostului-vicepremier-gheorghe-seculici-traficat-vederea-castigarii-licitatiei-publice-privind-contractul-pentru-hrana-bolnavilor-de-la-spitalul-judetean-timisoara\/\" target=\"_blank\" rel=\"noreferrer noopener\"><strong>Una menit\u0103 ca s\u0103 dispar\u0103 din peisajul timi\u0219orean \u0219i una \u00een care numele fostului vicepremier al Rom\u00e2niei, Gheorghe Seculici, socrul europarlamentarului Gheorghe Falc\u0103 din Arad, era folosit cu toate corzile vocale de c\u0103tre \u0218tefan Fusea, patronul SC Titan Edilitara SRL<\/strong>!<\/a> Acum, la fel ca \u0219i atunci, lucrurile cap\u0103t\u0103 aceea\u0219i dinamic\u0103! Pe nepus\u0103 mas\u0103, la fel ca si \u00een cazul SC Dio Eden SRL, apar reclama\u021bii ale pacien\u021bilor vizavi de\u2026 meniurile slabe \u0219i proaste din SCJUT!<\/p>\n<p>Cel pu\u021bin una, semnat\u0103 prof. dr. Dina Floriana, bate filmul! Nu de alta, dar personajul, chiar dac\u0103-\u0219i arog\u0103 titluri academice, n-are nicio leg\u0103tur\u0103 cu medicina, ci e o simpl\u0103 pensionar\u0103 de 73 de ani din R\u00e2mnicu V\u00e2lcea, mare iubitoare de pisici, \u00eent\u00e2mpl\u0103tor sau nu, internat\u0103 de vreo 3 zile, \u00een SCJUT: \u201d<strong>\u2026 v\u0103 aduc la cuno\u0219tin\u021b\u0103 c\u0103 suntem extrem de nemul\u021bumi\u021bi de meniul dvs oferit bolnavilor din Spitalul Jude\u021bean de Urgen\u021b\u0103 Pius Br\u00e2nzeu. De dou\u0103 zile ne oferi\u021bi acela\u0219i meniu f\u0103r\u0103 gust. Carnea este veche, nu se poate m\u00e2nca. V-a\u0219 ruga s\u0103 ave\u021bi bun\u0103voin\u021ba de a corija neajunsurile semnalate, f\u0103r\u0103 a ne obliga la alte demersuri<\/strong>\u201d. Acum, dincolo de absurdul \u00eentregii situa\u021bii, mai e un singur lucru de spus \u2013 c\u0103 tr\u0103im \u00een Rom\u00e2nia \u0219i asta ne ocup\u0103 tot timpul!<\/p>\n<figure class=\"wp-block-embed is-type-video is-provider-youtube wp-block-embed-youtube wp-embed-aspect-16-9 wp-has-aspect-ratio\">\n<div class=\"wp-block-embed__wrapper\">\n<iframe loading=\"lazy\" title=\"Spitalul Jude\u021bean Timi\u0219oara a for\u021bat legea pentru a prelungi cu un an contractul de hran\u0103 pentru pac\" width=\"696\" height=\"392\" src=\"https:\/\/www.youtube.com\/embed\/toFX0cZZfbI?feature=oembed\" frameborder allow=\"accelerometer; autoplay; clipboard-write; encrypted-media; gyroscope; picture-in-picture; web-share\" allowfullscreen><\/iframe>\n<\/div>\n<\/figure>\n<figure class=\"wp-block-gallery has-nested-images columns-default is-cropped wp-block-gallery-1 is-layout-flex wp-block-gallery-is-layout-flex\">\n<figure class=\"wp-block-image size-large\"><a href=\"https:\/\/voceatimisului.ro\/wp-content\/uploads\/2023\/07\/Spitalul-Judetean-Timisoara-3.jpg\"><img loading=\"lazy\" decoding=\"async\" width=\"708\" height=\"1024\" data-id=\"156304\" src=\"https:\/\/analyse.optim.biz\/wp-content\/uploads\/2026\/01\/spitalul-judetean-timisoara-3-708x1024-1.jpg\" alt=\"Achizi\u021bii (ne)s\u0103n\u0103toase! Spitalul Jude\u021bean Timi\u0219oara a for\u021bat legea pentru a prelungi cu un an contractul de hran\u0103 pentru pacien\u021bi, \u00een favoarea unei firme abonate la buc\u0103t\u0103ria statului cu contracte de milioane de euro\" class=\"wp-image-156304\" title=\"spitalul-judetean-timisoara-3-708x1024-1\"><\/a><\/figure>\n<figure class=\"wp-block-image size-large\"><a href=\"https:\/\/voceatimisului.ro\/wp-content\/uploads\/2023\/07\/Spitalul-Judetean-Timisoara-9.jpg\"><img loading=\"lazy\" decoding=\"async\" width=\"579\" height=\"1024\" data-id=\"156303\" src=\"https:\/\/analyse.optim.biz\/wp-content\/uploads\/2026\/01\/spitalul-judetean-timisoara-9-579x1024-1.jpg\" alt=\"Achizi\u021bii (ne)s\u0103n\u0103toase! Spitalul Jude\u021bean Timi\u0219oara a for\u021bat legea pentru a prelungi cu un an contractul de hran\u0103 pentru pacien\u021bi, \u00een favoarea unei firme abonate la buc\u0103t\u0103ria statului cu contracte de milioane de euro\" class=\"wp-image-156303\" title=\"spitalul-judetean-timisoara-9-579x1024-1\"><\/a><\/figure>\n<figure class=\"wp-block-image size-large\"><a href=\"https:\/\/voceatimisului.ro\/wp-content\/uploads\/2023\/07\/Spitalul-Judetean-Timisoara-8.jpg\"><img decoding=\"async\" loading=\"lazy\" width=\"549\" height=\"1024\" data-id=\"156302\" src=\"https:\/\/analyse.optim.biz\/wp-content\/uploads\/2026\/01\/spitalul-judetean-timisoara-8-549x1024-1.jpg\" alt=\"Achizi\u021bii (ne)s\u0103n\u0103toase! Spitalul Jude\u021bean Timi\u0219oara a for\u021bat legea pentru a prelungi cu un an contractul de hran\u0103 pentru pacien\u021bi, \u00een favoarea unei firme abonate la buc\u0103t\u0103ria statului cu contracte de milioane de euro\" class=\"wp-image-156302\" title=\"spitalul-judetean-timisoara-8-549x1024-1\"><\/a><\/figure>\n<figure class=\"wp-block-image size-large\"><a href=\"https:\/\/voceatimisului.ro\/wp-content\/uploads\/2023\/07\/Spitalul-Judetean-Timisoara-7.jpg\"><img decoding=\"async\" loading=\"lazy\" width=\"908\" height=\"1024\" data-id=\"156301\" src=\"https:\/\/analyse.optim.biz\/wp-content\/uploads\/2026\/01\/spitalul-judetean-timisoara-7-908x1024-1.jpg\" alt=\"Achizi\u021bii (ne)s\u0103n\u0103toase! Spitalul Jude\u021bean Timi\u0219oara a for\u021bat legea pentru a prelungi cu un an contractul de hran\u0103 pentru pacien\u021bi, \u00een favoarea unei firme abonate la buc\u0103t\u0103ria statului cu contracte de milioane de euro\" class=\"wp-image-156301\" title=\"spitalul-judetean-timisoara-7-908x1024-1\"><\/a><\/figure>\n<figure class=\"wp-block-image size-large\"><a href=\"https:\/\/voceatimisului.ro\/wp-content\/uploads\/2023\/07\/Spitalul-Judetean-Timisoara-6.jpg\"><img decoding=\"async\" loading=\"lazy\" width=\"614\" height=\"1024\" data-id=\"156300\" src=\"https:\/\/analyse.optim.biz\/wp-content\/uploads\/2026\/01\/spitalul-judetean-timisoara-6-614x1024-1.jpg\" alt=\"Achizi\u021bii (ne)s\u0103n\u0103toase! Spitalul Jude\u021bean Timi\u0219oara a for\u021bat legea pentru a prelungi cu un an contractul de hran\u0103 pentru pacien\u021bi, \u00een favoarea unei firme abonate la buc\u0103t\u0103ria statului cu contracte de milioane de euro\" class=\"wp-image-156300\" title=\"spitalul-judetean-timisoara-6-614x1024-1\"><\/a><\/figure>\n<figure class=\"wp-block-image size-large\"><a href=\"https:\/\/voceatimisului.ro\/wp-content\/uploads\/2023\/07\/Spitalul-Judetean-Timisoara-5.jpg\"><img decoding=\"async\" loading=\"lazy\" width=\"568\" height=\"1024\" data-id=\"156299\" src=\"https:\/\/analyse.optim.biz\/wp-content\/uploads\/2026\/01\/spitalul-judetean-timisoara-5-568x1024-1.jpg\" alt=\"Achizi\u021bii (ne)s\u0103n\u0103toase! Spitalul Jude\u021bean Timi\u0219oara a for\u021bat legea pentru a prelungi cu un an contractul de hran\u0103 pentru pacien\u021bi, \u00een favoarea unei firme abonate la buc\u0103t\u0103ria statului cu contracte de milioane de euro\" class=\"wp-image-156299\" title=\"spitalul-judetean-timisoara-5-568x1024-1\"><\/a><\/figure>\n<figure class=\"wp-block-image size-large\"><a href=\"https:\/\/voceatimisului.ro\/wp-content\/uploads\/2023\/07\/Spitalul-Judetean-Timisoara-4.jpg\"><img decoding=\"async\" loading=\"lazy\" width=\"497\" height=\"1024\" data-id=\"156298\" src=\"https:\/\/analyse.optim.biz\/wp-content\/uploads\/2026\/01\/spitalul-judetean-timisoara-4-497x1024-1.jpg\" alt=\"Achizi\u021bii (ne)s\u0103n\u0103toase! Spitalul Jude\u021bean Timi\u0219oara a for\u021bat legea pentru a prelungi cu un an contractul de hran\u0103 pentru pacien\u021bi, \u00een favoarea unei firme abonate la buc\u0103t\u0103ria statului cu contracte de milioane de euro\" class=\"wp-image-156298\" title=\"spitalul-judetean-timisoara-4-497x1024-1\"><\/a><\/figure>\n<figure class=\"wp-block-image size-large\"><a href=\"https:\/\/voceatimisului.ro\/wp-content\/uploads\/2023\/07\/Florentin-Alexa1.jpg\"><img decoding=\"async\" loading=\"lazy\" width=\"1024\" height=\"1024\" data-id=\"156295\" src=\"https:\/\/analyse.optim.biz\/wp-content\/uploads\/2026\/01\/florentin-alexa1-1024x1024-1.jpg\" alt=\"Achizi\u021bii (ne)s\u0103n\u0103toase! Spitalul Jude\u021bean Timi\u0219oara a for\u021bat legea pentru a prelungi cu un an contractul de hran\u0103 pentru pacien\u021bi, \u00een favoarea unei firme abonate la buc\u0103t\u0103ria statului cu contracte de milioane de euro\" class=\"wp-image-156295\" title=\"florentin-alexa1-1024x1024-1\"><\/a><\/figure>\n<figure class=\"wp-block-image size-large\"><a href=\"https:\/\/analyse.optim.biz\/wp-content\/uploads\/2026\/01\/stefan-fusea1.jpg\"><img decoding=\"async\" loading=\"lazy\" width=\"515\" height=\"491\" data-id=\"156305\" src=\"https:\/\/analyse.optim.biz\/wp-content\/uploads\/2026\/01\/stefan-fusea1.jpg\" alt=\"Achizi\u021bii (ne)s\u0103n\u0103toase! Spitalul Jude\u021bean Timi\u0219oara a for\u021bat legea pentru a prelungi cu un an contractul de hran\u0103 pentru pacien\u021bi, \u00een favoarea unei firme abonate la buc\u0103t\u0103ria statului cu contracte de milioane de euro\" class=\"wp-image-156305\" title=\"stefan-fusea1\"><\/a><\/figure>\n<figure class=\"wp-block-image size-large\"><a href=\"https:\/\/voceatimisului.ro\/wp-content\/uploads\/2023\/07\/Spitalul-Judetean-Timisoara-1.jpg\"><img decoding=\"async\" loading=\"lazy\" width=\"573\" height=\"1024\" data-id=\"156317\" src=\"https:\/\/analyse.optim.biz\/wp-content\/uploads\/2026\/01\/spitalul-judetean-timisoara-1-573x1024-1.jpg\" alt=\"Achizi\u021bii (ne)s\u0103n\u0103toase! Spitalul Jude\u021bean Timi\u0219oara a for\u021bat legea pentru a prelungi cu un an contractul de hran\u0103 pentru pacien\u021bi, \u00een favoarea unei firme abonate la buc\u0103t\u0103ria statului cu contracte de milioane de euro\" class=\"wp-image-156317\" title=\"spitalul-judetean-timisoara-1-573x1024-1\"><\/a><\/figure>\n<figure class=\"wp-block-image size-large\"><a href=\"https:\/\/analyse.optim.biz\/wp-content\/uploads\/2026\/01\/spitalul-judetean-timisoara-2.jpg\"><img decoding=\"async\" loading=\"lazy\" width=\"340\" height=\"702\" data-id=\"156316\" src=\"https:\/\/analyse.optim.biz\/wp-content\/uploads\/2026\/01\/spitalul-judetean-timisoara-2.jpg\" alt=\"Achizi\u021bii (ne)s\u0103n\u0103toase! Spitalul Jude\u021bean Timi\u0219oara a for\u021bat legea pentru a prelungi cu un an contractul de hran\u0103 pentru pacien\u021bi, \u00een favoarea unei firme abonate la buc\u0103t\u0103ria statului cu contracte de milioane de euro\" class=\"wp-image-156316\" title=\"spitalul-judetean-timisoara-2\"><\/a><\/figure>\n<\/figure>\n<\/div>\n<\/div>\n<div class=\"td_block_wrap tdb_single_tags tdi_88 td-pb-border-top td_block_template_1\" data-td-block-uid=\"tdi_88\">\n<div class=\"tdb-block-inner td-fix-index\">\n<ul class=\"tdb-tags\">\n<li><span>Tags<\/span><\/li>\n<li><a href=\"https:\/\/voceatimisului.ro\/tag\/sc-titan-edilitara-srl\/\">SC Titan Edilitara SRL<\/a><\/li>\n<li><a href=\"https:\/\/voceatimisului.ro\/tag\/spitalul-judetean-timisoara\/\">spitalul judetean timisoara<\/a><\/li>\n<li><a href=\"https:\/\/voceatimisului.ro\/tag\/stefan-fusea\/\">\u0218tefan Fusea<\/a><\/li>\n<\/ul>\n<\/div>\n<\/div>\n<div class=\"td_block_wrap tdb_single_post_share tdi_89  td-pb-border-top td_block_template_1\" data-td-block-uid=\"tdi_89\">\n<div id=\"tdi_89\" class=\"td-post-sharing tdb-block td-ps-bg td-ps-notext td-post-sharing-style1 \">\n<div class=\"td-post-sharing-visible\"><a class=\"td-social-sharing-button td-social-sharing-button-js td-social-network td-social-facebook\" href=\"https:\/\/www.facebook.com\/sharer.php?u=https%3A%2F%2Fvoceatimisului.ro%2Fachizitii-nesanatoase-spitalul-judetean-timisoara-a-fortat-legea-pentru-a-prelungi-cu-un-an-contractul-de-hrana-pentru-pacienti-in-favoarea-unei-firme-abonate-la-bucataria-statului-cu-contracte-de%2F\" title=\"Facebook\" rel=\"noopener\"><\/p>\n<div class=\"td-social-but-text\">Facebook<\/div>\n<p><\/a><a class=\"td-social-sharing-button td-social-sharing-button-js td-social-network td-social-twitter\" href=\"https:\/\/twitter.com\/intent\/tweet?text=Achizi%C8%9Bii+%28ne%29s%C4%83n%C4%83toase%21+Spitalul+Jude%C8%9Bean+Timi%C8%99oara+a+for%C8%9Bat+legea+pentru+a+prelungi+cu+un+an+contractul+de+hran%C4%83+pentru+pacien%C8%9Bi%2C+%C3%AEn+favoarea+unei+firme+abonate+la+buc%C4%83t%C4%83ria+statului+cu+contracte+de+milioane+de+euro&amp;url=https%3A%2F%2Fvoceatimisului.ro%2Fachizitii-nesanatoase-spitalul-judetean-timisoara-a-fortat-legea-pentru-a-prelungi-cu-un-an-contractul-de-hrana-pentru-pacienti-in-favoarea-unei-firme-abonate-la-bucataria-statului-cu-contracte-de%2F&amp;via=Vocea+Timisului\" title=\"Twitter\" rel=\"noopener\"><\/p>\n<div class=\"td-social-but-text\">Twitter<\/div>\n<p><\/a><a class=\"td-social-sharing-button td-social-sharing-button-js td-social-network td-social-pinterest\" href=\"https:\/\/pinterest.com\/pin\/create\/button\/?url=https:\/\/voceatimisului.ro\/achizitii-nesanatoase-spitalul-judetean-timisoara-a-fortat-legea-pentru-a-prelungi-cu-un-an-contractul-de-hrana-pentru-pacienti-in-favoarea-unei-firme-abonate-la-bucataria-statului-cu-contracte-de\/&amp;media=https:\/\/analyse.optim.biz\/wp-content\/uploads\/2026\/01\/sc-titan-edilitara-srl-din-braila-jpg.webp&amp;description=Achizi%C8%9Bii+%28ne%29s%C4%83n%C4%83toase%21+Spitalul+Jude%C8%9Bean+Timi%C8%99oara+a+for%C8%9Bat+legea+pentru+a+prelungi+cu+un+an+contractul+de+hran%C4%83+pentru+pacien%C8%9Bi%2C+%C3%AEn+favoarea+unei+firme+abonate+la+buc%C4%83t%C4%83ria+statului+cu+contracte+de+milioane+de+euro\" title=\"Pinterest\" rel=\"noopener\"><\/p>\n<div class=\"td-social-but-text\">Pinterest<\/div>\n<p><\/a><a class=\"td-social-sharing-button td-social-sharing-button-js td-social-network td-social-whatsapp\" href=\"https:\/\/api.whatsapp.com\/send?text=Achizi%C8%9Bii+%28ne%29s%C4%83n%C4%83toase%21+Spitalul+Jude%C8%9Bean+Timi%C8%99oara+a+for%C8%9Bat+legea+pentru+a+prelungi+cu+un+an+contractul+de+hran%C4%83+pentru+pacien%C8%9Bi%2C+%C3%AEn+favoarea+unei+firme+abonate+la+buc%C4%83t%C4%83ria+statului+cu+contracte+de+milioane+de+euro%20%0A%0A%20https:\/\/voceatimisului.ro\/achizitii-nesanatoase-spitalul-judetean-timisoara-a-fortat-legea-pentru-a-prelungi-cu-un-an-contractul-de-hrana-pentru-pacienti-in-favoarea-unei-firme-abonate-la-bucataria-statului-cu-contracte-de\/\" title=\"WhatsApp\" rel=\"noopener\"><\/p>\n<div class=\"td-social-but-text\">WhatsApp<\/div>\n<p><\/a><a class=\"td-social-sharing-button td-social-sharing-button-js td-social-network td-social-linkedin\" href=\"https:\/\/www.linkedin.com\/shareArticle?mini=true&amp;url=https:\/\/voceatimisului.ro\/achizitii-nesanatoase-spitalul-judetean-timisoara-a-fortat-legea-pentru-a-prelungi-cu-un-an-contractul-de-hrana-pentru-pacienti-in-favoarea-unei-firme-abonate-la-bucataria-statului-cu-contracte-de\/&amp;title=Achizi%C8%9Bii+%28ne%29s%C4%83n%C4%83toase%21+Spitalul+Jude%C8%9Bean+Timi%C8%99oara+a+for%C8%9Bat+legea+pentru+a+prelungi+cu+un+an+contractul+de+hran%C4%83+pentru+pacien%C8%9Bi%2C+%C3%AEn+favoarea+unei+firme+abonate+la+buc%C4%83t%C4%83ria+statului+cu+contracte+de+milioane+de+euro\" title=\"Linkedin\" rel=\"noopener\"><\/p>\n<div class=\"td-social-but-text\">Linkedin<\/div>\n<p><\/a><a class=\"td-social-sharing-button td-social-sharing-button-js td-social-network td-social-copy_url\" href=\"https:\/\/voceatimisului.ro\/achizitii-nesanatoase-spitalul-judetean-timisoara-a-fortat-legea-pentru-a-prelungi-cu-un-an-contractul-de-hrana-pentru-pacienti-in-favoarea-unei-firme-abonate-la-bucataria-statului-cu-contracte-de\/\" title=\"Copy URL\" rel=\"noopener\"><\/p>\n<div class=\"td-social-but-text\">Copy URL<\/div>\n<p><\/a><\/div>\n<\/div>\n<\/div>\n<div class=\"td_block_wrap tdb_single_next_prev tdi_90 td-animation-stack td-next-prev-img-on td-pb-border-top td_block_template_1\" data-td-block-uid=\"tdi_90\">\n<div class=\"tdb-block-inner td-fix-index\">\n<div class=\"tdb-next-post tdb-next-post-bg tdb-post-prev\"><span>Articolul precedent<\/span><\/p>\n<div class=\"td-module-container\">\n<div class=\"td-image-container\"><a class=\"td-image-wrap\" href=\"https:\/\/voceatimisului.ro\/prinde-orbu-scoate-i-ochii-dna-timisoara-a-pus-in-carca-defunctului-ionel-toma-toate-contractele-ilegale-pe-care-primaria-giroc-le-a-incheiat-cu-avocatul-sorinel-golban\/\"><img loading=\"lazy\" decoding=\"async\" class=\"td-next-prev-image td-fix-index td-lazy-img\" title=\"Prinde orbu\u2019, scoate-i ochii! DNA Timi\u0219oara a pus \u00een c\u00e2rca defunctului Ionel Toma toate contractele ilegale pe care Prim\u0103ria Giroc le-a \u00eencheiat cu avocatul Sorinel Golban\" width=\"696\" height=\"536\" src=\"https:\/\/analyse.optim.biz\/wp-content\/uploads\/2026\/01\/ionel-toma-jpg-696x536-1.webp\"><\/a><\/div>\n<div class=\"next-prev-title\"><a href=\"https:\/\/voceatimisului.ro\/prinde-orbu-scoate-i-ochii-dna-timisoara-a-pus-in-carca-defunctului-ionel-toma-toate-contractele-ilegale-pe-care-primaria-giroc-le-a-incheiat-cu-avocatul-sorinel-golban\/\">Prinde orbu\u2019, scoate-i ochii! DNA Timi\u0219oara a pus \u00een c\u00e2rca defunctului Ionel Toma toate contractele ilegale pe care Prim\u0103ria Giroc le-a \u00eencheiat cu avocatul Sorinel Golban<\/a><\/div>\n<\/div>\n<\/div>\n<div class=\"tdb-next-post tdb-next-post-bg tdb-post-next\"><span>Articolul urm\u0103tor<\/span><\/p>\n<div class=\"td-module-container\">\n<div class=\"td-image-container\"><a class=\"td-image-wrap\" href=\"https:\/\/voceatimisului.ro\/ploua-cu-bani-mitropolia-banatului-servita-la-fileu-de-administratia-fritz-se-pregateste-sa-plateasca-peste-3-milioane-de-euro-unui-privat-in-contul-imobilului-in-care-a-functionat-inspectoratul-s\/\"><img loading=\"lazy\" decoding=\"async\" class=\"td-next-prev-image td-fix-index td-lazy-img\" title=\"Plou\u0103 cu bani! Mitropolia Banatului, servit\u0103 la fileu de administra\u021bia Fritz, se preg\u0103te\u0219te s\u0103 pl\u0103teasc\u0103 peste 3 milioane de euro unui privat, \u00een contul imobilului \u00een care a func\u021bionat Inspectoratul \u0218colar Timi\u0219\" width=\"696\" height=\"392\" src=\"https:\/\/analyse.optim.biz\/wp-content\/uploads\/2026\/01\/dominic-fritz-jpg-696x392-1.webp\"><\/a><\/div>\n<div class=\"next-prev-title\"><a href=\"https:\/\/voceatimisului.ro\/ploua-cu-bani-mitropolia-banatului-servita-la-fileu-de-administratia-fritz-se-pregateste-sa-plateasca-peste-3-milioane-de-euro-unui-privat-in-contul-imobilului-in-care-a-functionat-inspectoratul-s\/\">Plou\u0103 cu bani! Mitropolia Banatului, servit\u0103 la fileu de administra\u021bia Fritz, se preg\u0103te\u0219te s\u0103 pl\u0103teasc\u0103 peste 3 milioane de euro unui privat, \u00een contul imobilului \u00een care a func\u021bionat Inspectoratul \u0218colar Timi\u0219<\/a><\/div>\n<\/div>\n<\/div>\n<\/div>\n<\/div>\n<\/div>\n<\/div>\n<\/div>\n<\/div>\n<div class=\"vc_row_inner tdi_100  vc_row vc_inner wpb_row td-pb-row\">\n<div class=\"vc_column_inner tdi_102  wpb_column vc_column_container tdc-inner-column td-pb-span4 td-is-sticky\">\n<div class=\"vc_column-inner\">\n<div class=\"wpb_wrapper\" data-sticky-enabled-on=\"W3RydWUsdHJ1ZSx0cnVlLHRydWVd\" data-sticky-offset=\"20\" data-sticky-is-width-auto=\"W2ZhbHNlLGZhbHNlLGZhbHNlLGZhbHNlXQ==\">\n<div class=\"td_block_wrap tdb_single_related tdi_103 td_with_ajax_pagination td-pb-border-top td_block_template_1 tdb-single-related-posts\" data-td-block-uid=\"tdi_103\">\n<div id=\"tdi_103\" class=\"td_block_inner tdb-block-inner td-fix-index\">\n<div class=\"tdb_module_related td_module_wrap td-animation-stack td-meta-info-hide\">\n<div class=\"td-module-container td-category-pos-image\">\n<div class=\"td-module-meta-info\">\n<h3 class=\"entry-title td-module-title\"><a href=\"https:\/\/voceatimisului.ro\/revolta-maselor-un-control-inopinat-care-dezvaluie-realitatea-crunta-din-spitalul-judetean-timisoara-a-starnit-reactii-furibunde-din-partea-sefilor-de-sectii-clinice\/\" rel=\"bookmark\" title=\"Revolta maselor! Un control inopinat, care dezv\u0103luie realitatea crunt\u0103 din Spitalul Jude\u021bean Timi\u0219oara, a st\u00e2rnit reac\u021bii furibunde din partea \u0219efilor de sec\u021bii clinice\">Revolta maselor! Un control inopinat, care dezv\u0103luie realitatea crunt\u0103 din Spitalul Jude\u021bean Timi\u0219oara, a st\u00e2rnit reac\u021bii furibunde din partea \u0219efilor de sec\u021bii clinice<\/a><\/h3>\n<\/div>\n<\/div>\n<\/div>\n<div class=\"tdb_module_related td_module_wrap td-animation-stack td-meta-info-hide\">\n<div class=\"td-module-container td-category-pos-image\">\n<div class=\"td-module-meta-info\">\n<h3 class=\"entry-title td-module-title\"><a href=\"https:\/\/voceatimisului.ro\/ministrul-sanatatii-a-decis-schimbarea-managerului-de-la-spitalul-judetean-timisoara\/\" rel=\"bookmark\" title=\"Ministrul S\u0103n\u0103t\u0103\u021bii a decis schimbarea managerului de la Spitalul Jude\u021bean Timi\u0219oara\">Ministrul S\u0103n\u0103t\u0103\u021bii a decis schimbarea managerului de la Spitalul Jude\u021bean Timi\u0219oara<\/a><\/h3>\n<\/div>\n<\/div>\n<\/div>\n<div class=\"tdb_module_related td_module_wrap td-animation-stack td-meta-info-hide\">\n<div class=\"td-module-container td-category-pos-image\">\n<div class=\"td-module-meta-info\">\n<h3 class=\"entry-title td-module-title\"><a href=\"https:\/\/voceatimisului.ro\/tardivitate-institutionala-agentia-nationala-de-integritate-someaza-spitalul-judetean-timisoara-sa-l-traga-pe-dreapta-pe-prof-dr-lazar-fulger\/\" rel=\"bookmark\" title=\"Tardivitate institu\u021bional\u0103! Agen\u021bia Na\u021bional\u0103 de Integritate someaz\u0103 Spitalul Jude\u021bean Timi\u0219oara s\u0103-l trag\u0103 pe dreapta pe prof. dr. Laz\u0103r Fulger\">Tardivitate institu\u021bional\u0103! Agen\u021bia Na\u021bional\u0103 de Integritate someaz\u0103 Spitalul Jude\u021bean Timi\u0219oara s\u0103-l trag\u0103 pe dreapta pe prof. dr. Laz\u0103r Fulger<\/a><\/h3>\n<\/div>\n<\/div>\n<\/div>\n<\/div>\n<\/div>\n<\/div>\n<\/div>\n<\/div>\n<div class=\"vc_column_inner tdi_105  wpb_column vc_column_container tdc-inner-column td-pb-span8\">\n<div class=\"vc_column-inner\">\n<div class=\"wpb_wrapper\">\n<div class=\"td_block_wrap tdb_single_comments tdi_106 tdb-comm-layout2 td-pb-border-top td_block_template_2\" data-td-block-uid=\"tdi_106\">\n<div class=\"tdb-block-inner td-fix-index\">\n<div class=\"comments\" id=\"comments\">\n<div id=\"respond\" class=\"comment-respond\">\n<h3 id=\"reply-title\" class=\"comment-reply-title\">L\u0102SA\u021aI UN MESAJ <small><a rel=\"nofollow\" id=\"cancel-comment-reply-link\" href=\"https:\/\/voceatimisului.ro\/achizitii-nesanatoase-spitalul-judetean-timisoara-a-fortat-legea-pentru-a-prelungi-cu-un-an-contractul-de-hrana-pentru-pacienti-in-favoarea-unei-firme-abonate-la-bucataria-statului-cu-contracte-de\/#respond\">Renun\u021ba\u021bi la r\u0103spuns<\/a><\/small><\/h3>\n<div class=\"comment-form-input-wrap td-form-comment\">\n<div class=\"td-warning-comment\">V\u0103 rug\u0103m s\u0103 introduce\u021bi comentariul dvs.!<\/div>\n<\/div>\n<div class=\"comment-form-input-wrap td-form-author\">\n<div class=\"td-warning-author\">Introduce\u021bi aici numele dvs.<\/div>\n<\/div>\n<div class=\"comment-form-input-wrap td-form-email\">\n<div class=\"td-warning-email-error\">A\u021bi introdus o adres\u0103 de e-mail incorect\u0103!<\/div>\n<div class=\"td-warning-email\">V\u0103 rug\u0103m s\u0103 introduce\u021bi adresa dvs. de e-mail aici<\/div>\n<\/div>\n<\/div>\n<\/div>\n<\/div>\n<\/div>\n<\/div>\n<\/div>\n<\/div>\n<\/div>\n<\/div>\n<\/div>\n<div class=\"vc_column tdi_108  wpb_column vc_column_container tdc-column td-pb-span4 td-is-sticky\">\n<div class=\"wpb_wrapper\" data-sticky-enabled-on=\"W3RydWUsdHJ1ZSx0cnVlLHRydWVd\" data-sticky-offset=\"20\" data-sticky-is-width-auto=\"W2ZhbHNlLGZhbHNlLGZhbHNlLGZhbHNlXQ==\">\n<div class=\"vc_row_inner tdi_110  vc_row vc_inner wpb_row td-pb-row\">\n<div class=\"vc_column_inner tdi_112  wpb_column vc_column_container tdc-inner-column td-pb-span12\">\n<div class=\"vc_column-inner\">\n<div class=\"wpb_wrapper\">\n<div class=\"td_block_wrap td_block_title tdi_113 td-pb-border-top td_block_template_11 td-fix-index\" data-td-block-uid=\"tdi_113\">\n<div class=\"td-block-title-wrap\">\n<h4 class=\"td-block-title\"><span class=\"td-pulldown-size\">ANUN\u021aURI \u0218I PUBLICITATE<\/span><\/h4>\n<\/div>\n<\/div>\n<\/div>\n<\/div>\n<\/div>\n<\/div>\n<div class=\"wpb_wrapper td_block_wrap vc_widget_sidebar tdi_115 \">\n<aside id=\"block-10\" class=\"td_block_template_1 widget block-10 widget_block widget_media_image\">\n<figure class=\"wp-block-image size-full\"><a href=\"https:\/\/adpghiroda.ro\/index.html\" target=\"_blank\" rel=\" noreferrer noopener\"><img decoding=\"async\" loading=\"lazy\" width=\"960\" height=\"960\" src=\"https:\/\/analyse.optim.biz\/wp-content\/uploads\/2026\/01\/adp-ghiroda2-185.jpg\" class=\"wp-image-171492\" title=\"adp-ghiroda2-185\"><\/a><\/figure>\n<\/aside>\n<aside id=\"block-11\" class=\"td_block_template_1 widget block-11 widget_block widget_media_image\">\n<figure class=\"wp-block-image size-full\"><a href=\"https:\/\/adpghiroda.ro\/index.html\" target=\"_blank\" rel=\" noreferrer noopener\"><img decoding=\"async\" loading=\"lazy\" width=\"960\" height=\"960\" src=\"https:\/\/analyse.optim.biz\/wp-content\/uploads\/2026\/01\/adp-ghiroda1-185.jpg\" class=\"wp-image-171491\" title=\"adp-ghiroda1-185\"><\/a><\/figure>\n<\/aside>\n<aside id=\"block-17\" class=\"td_block_template_1 widget block-17 widget_block widget_media_image\">\n<figure class=\"wp-block-image size-large is-resized\"><a href=\"https:\/\/verde.events\/\" target=\"_blank\" rel=\" noreferrer noopener\"><img decoding=\"async\" loading=\"lazy\" width=\"1024\" height=\"683\" src=\"https:\/\/analyse.optim.biz\/wp-content\/uploads\/2026\/01\/verde-events-24-1024x683-1-170.jpg\" alt=\"Verde Events\" class=\"wp-image-174395\" title=\"verde-events-24-1024x683-1-170\"><\/a><figcaption class=\"wp-element-caption\"><strong><em>O experien\u021b\u0103 unic\u0103 pentru orice tip de eveniment<\/em><\/strong><\/figcaption><\/figure>\n<\/aside>\n<\/div>\n<div class=\"td_block_wrap td_flex_block_1 tdi_121 td-pb-border-top td_block_template_1 td_ajax_preloading_preload td_flex_block\" data-td-block-uid=\"tdi_121\">\n<div id=\"tdi_121\" class=\"td_block_inner td-mc1-wrap\">\n<div class=\"td_module_flex td_module_flex_1 td_module_wrap td-animation-stack td-meta-info-hide td-cpt-post\">\n<div class=\"td-module-container td-category-pos-image\">\n<div class=\"td-module-meta-info\">\n<h3 class=\"entry-title td-module-title\"><a href=\"https:\/\/voceatimisului.ro\/demagog-penelistul-raul-patrascu-se-lauda-la-final-de-mandat-cu-proiectele-fostului-manager-si-nu-spune-nimic-despre-pacientii-ramasi-fara-oxigen-de-la-casa-austria\/\" rel=\"bookmark\" title=\"Demagog! Penelistul Raul P\u0103tra\u0219cu se laud\u0103, la final de mandat, cu proiectele fostului manager \u0219i nu spune nimic despre pacien\u021bii r\u0103ma\u0219i f\u0103r\u0103 oxigen de la Casa Austria\">Demagog! Penelistul Raul P\u0103tra\u0219cu se laud\u0103, la final de mandat, cu proiectele fostului manager \u0219i nu spune nimic despre pacien\u021bii r\u0103ma\u0219i f\u0103r\u0103 oxigen de&#8230;<\/a><\/h3>\n<\/div>\n<\/div>\n<\/div>\n<div class=\"td_module_flex td_module_flex_1 td_module_wrap td-animation-stack td-meta-info-hide td-cpt-post\">\n<div class=\"td-module-container td-category-pos-image\">\n<div class=\"td-module-meta-info\">\n<h3 class=\"entry-title td-module-title\"><a href=\"https:\/\/voceatimisului.ro\/noul-director-al-spitalului-judetean-timisoara-este-medicul-sorin-barac\/\" rel=\"bookmark\" title=\"Noul director al Spitalului Jude\u021bean Timi\u0219oara este medicul Sorin Barac\">Noul director al Spitalului Jude\u021bean Timi\u0219oara este medicul Sorin Barac<\/a><\/h3>\n<\/div>\n<\/div>\n<\/div>\n<div class=\"td_module_flex td_module_flex_1 td_module_wrap td-animation-stack td-meta-info-hide td-cpt-post\">\n<div class=\"td-module-container td-category-pos-image\">\n<div class=\"td-module-meta-info\">\n<h3 class=\"entry-title td-module-title\"><a href=\"https:\/\/voceatimisului.ro\/sincronizare-raul-patrascu-a-fost-lovit-de-inspiratie-stiintifica-fix-dupa-ce-a-fost-numit-manager-la-spitalul-judetean-timisoara\/\" rel=\"bookmark\" title=\"Sincronizare! Raul P\u0103tra\u0219cu a fost lovit de inspira\u021bie \u0219tiin\u021bific\u0103 fix dup\u0103 ce a fost numit manager la Spitalul Jude\u021bean Timi\u0219oara\">Sincronizare! Raul P\u0103tra\u0219cu a fost lovit de inspira\u021bie \u0219tiin\u021bific\u0103 fix dup\u0103 ce a fost numit manager la Spitalul Jude\u021bean Timi\u0219oara<\/a><\/h3>\n<\/div>\n<\/div>\n<\/div>\n<div class=\"td_module_flex td_module_flex_1 td_module_wrap td-animation-stack td-meta-info-hide td-cpt-post\">\n<div class=\"td-module-container td-category-pos-image\">\n<div class=\"td-module-meta-info\">\n<h3 class=\"entry-title td-module-title\"><a href=\"https:\/\/voceatimisului.ro\/in-timp-ce-managerul-raul-patrascu-se-lauda-ca-este-etalon-de-transparenta-si-bune-practici-schema-de-personal-a-spitalului-judetean-timisoara-se-umfla-pe-usa-din-dos\/\" rel=\"bookmark\" title=\"\u00cen timp ce managerul Raul P\u0103tra\u0219cu se laud\u0103 c\u0103 este etalon de transparen\u021b\u0103 \u0219i bune practici, schema de personal a Spitalului Jude\u021bean Timi\u0219oara se umfl\u0103 pe u\u0219a din dos\">\u00cen timp ce managerul Raul P\u0103tra\u0219cu se laud\u0103 c\u0103 este etalon de transparen\u021b\u0103 \u0219i bune practici, schema de personal a Spitalului Jude\u021bean Timi\u0219oara se&#8230;<\/a><\/h3>\n<\/div>\n<\/div>\n<\/div>\n<div class=\"td_module_flex td_module_flex_1 td_module_wrap td-animation-stack td-meta-info-hide td-cpt-post\">\n<div class=\"td-module-container td-category-pos-image\">\n<div class=\"td-module-meta-info\">\n<h3 class=\"entry-title td-module-title\"><a href=\"https:\/\/voceatimisului.ro\/salvat-pe-penal-de-procurorul-papici-doctorul-mihai-ionac-a-fost-depistat-de-ani-in-conflict-de-interese-pe-administrativ\/\" rel=\"bookmark\" title=\"Salvat \u201epe penal\u201d de procurorul Papici, doctorul Mihai Ionac a fost depistat de ANI in conflict de interese \u201epe administrativ\u201d\">Salvat \u201epe penal\u201d de procurorul Papici, doctorul Mihai Ionac a fost depistat de ANI in conflict de interese \u201epe administrativ\u201d<\/a><\/h3>\n<\/div>\n<\/div>\n<\/div>\n<\/div>\n<\/div>\n<\/div>\n<\/div>\n<\/div>\n<\/div>\n<\/div>\n<\/div>\n<p><span class=\"td-page-meta\"><\/span><span class=\"td-page-meta\"><span class=\"td-page-meta\"><\/span><\/span><span class=\"td-page-meta\"><\/span><\/article>\n<p> Source URL: https:\/\/voceatimisului.ro\/achizitii-nesanatoase-spitalul-judetean-timisoara-a-fortat-legea-pentru-a-prelungi-cu-un-an-contractul-de-hrana-pentru-pacienti-in-favoarea-unei-firme-abonate-la-bucataria-statului-cu-contracte-de\/<\/p>\n","protected":false},"excerpt":{"rendered":"<p>\u0218tiri Achizi\u021bii (ne)s\u0103n\u0103toase! Spitalul Jude\u021bean Timi\u0219oara a for\u021bat legea pentru a prelungi cu un an contractul de hran\u0103 pentru pacien\u021bi, \u00een favoarea unei firme abonate la buc\u0103t\u0103ria statului cu contracte de milioane de euro Autor-Tiberiu Kiss 4 iulie 2023 0 111167 Facebook Twitter Pinterest WhatsApp Linkedin Copy URL SC Titan Edilitara SRL din Braila jpg [&hellip;]<\/p>\n","protected":false},"author":1,"featured_media":1331892,"comment_status":"open","ping_status":"","sticky":false,"template":"","format":"standard","meta":{"footnotes":""},"categories":[89],"tags":[199],"class_list":["post-1331890","post","type-post","status-publish","format-standard","has-post-thumbnail","hentry","category-romania","tag-voceatimisului-ro"],"_links":{"self":[{"href":"https:\/\/analyse.optim.biz\/index.php?rest_route=\/wp\/v2\/posts\/1331890","targetHints":{"allow":["GET"]}}],"collection":[{"href":"https:\/\/analyse.optim.biz\/index.php?rest_route=\/wp\/v2\/posts"}],"about":[{"href":"https:\/\/analyse.optim.biz\/index.php?rest_route=\/wp\/v2\/types\/post"}],"author":[{"embeddable":true,"href":"https:\/\/analyse.optim.biz\/index.php?rest_route=\/wp\/v2\/users\/1"}],"replies":[{"embeddable":true,"href":"https:\/\/analyse.optim.biz\/index.php?rest_route=%2Fwp%2Fv2%2Fcomments&post=1331890"}],"version-history":[{"count":0,"href":"https:\/\/analyse.optim.biz\/index.php?rest_route=\/wp\/v2\/posts\/1331890\/revisions"}],"wp:featuredmedia":[{"embeddable":true,"href":"https:\/\/analyse.optim.biz\/index.php?rest_route=\/wp\/v2\/media\/1331892"}],"wp:attachment":[{"href":"https:\/\/analyse.optim.biz\/index.php?rest_route=%2Fwp%2Fv2%2Fmedia&parent=1331890"}],"wp:term":[{"taxonomy":"category","embeddable":true,"href":"https:\/\/analyse.optim.biz\/index.php?rest_route=%2Fwp%2Fv2%2Fcategories&post=1331890"},{"taxonomy":"post_tag","embeddable":true,"href":"https:\/\/analyse.optim.biz\/index.php?rest_route=%2Fwp%2Fv2%2Ftags&post=1331890"}],"curies":[{"name":"wp","href":"https:\/\/api.w.org\/{rel}","templated":true}]}}