{"id":133185,"date":"2017-09-29T17:08:55","date_gmt":"2017-09-29T14:08:55","guid":{"rendered":"https:\/\/analyse.optim.biz\/?p=133185"},"modified":"2017-09-29T17:08:55","modified_gmt":"2017-09-29T14:08:55","slug":"legile-justitiei-vor-fi-trimise-parlamentului","status":"publish","type":"post","link":"https:\/\/analyse.optim.biz\/?p=133185","title":{"rendered":"Legile justi\u021biei vor fi trimise Parlamentului"},"content":{"rendered":"<div class=\"entry data-app-meta data-app-meta-article\" data-embed-base-url-canonical=\"https:\/\/www.digi24.ro\/embed\/stiri\/actualitate\/politica\/legile-justitiei-vor-fi-trimise-parlamentului-801805\">\n<p data-index=\"1\"><strong>Controversatele legi ale justi\u0163iei propuse de ministrul Tudorel Toader ar putea fi trimise \u00een Parlament pentru a fi votate chiar de s\u0103pt\u0103m\u00e2na viitoare. Informa\u021bia a fost confirmat\u0103 reporterului Digi24 de mai mul\u021bi social-democra\u021bi care particip\u0103 la Comitetul Na\u021bional Executiv al PSD de la Sucevi\u021ba. Sursele au spus c\u0103 din discu\u021biile avute \u00eentre liderii PSD reiese c\u0103 pachetul trebuie s\u0103 ajung\u0103 \u00een Parlament foarte repede, s\u0103pt\u0103m\u00e2na viitoare sau cel t\u00e2rziu peste dou\u0103 s\u0103pt\u0103m\u00e2ni.<\/strong><\/p>\n<p data-index=\"2\">R\u0103m\u00e2ne de v\u0103zut dac\u0103 textele vor fi \u0219i modificate, mai ales dup\u0103 ce ambasadorul Statelor Unite a transmis c\u0103 Executivul american este \u00eengrijorat \u00een aceast\u0103 privin\u0163\u0103, iar Consiliul Magistraturii a votat \u00eempotriva proiectului. \u0218i pre\u0219edintele Klaus Iohannis a declarat vineri c\u0103 legile ar trebui renegociate \u00een cadrul sistemului juridic, \u00een condi\u021biile \u00een care a m\u0103rturisit c\u0103 unii lideri europeni \u0219i-au exprimat \u00eengrijor\u0103ri \u00een privin\u021ba \u201eevolu\u021biilor care ar putea contraveni statului de drept din Rom\u00e2nia\u201d.<\/p>\n<p data-index=\"3\">\u00cen schimb, liderul Senatului, C\u0103lin Popescu T\u0103riceanu, a scris pe Facebook c\u0103 el sus\u021bine pachetul de legi \u00een forma propus\u0103 de Tudorel Toader.<\/p>\n<\/div>\n<p> Source URL: https:\/\/www.digi24.ro\/stiri\/actualitate\/politica\/legile-justitiei-vor-fi-trimise-parlamentului-801805<\/p>\n","protected":false},"excerpt":{"rendered":"<p>Controversatele legi ale justi\u0163iei propuse de ministrul Tudorel Toader ar putea fi trimise \u00een Parlament pentru a fi votate chiar de s\u0103pt\u0103m\u00e2na viitoare. Informa\u021bia a fost confirmat\u0103 reporterului Digi24 de mai mul\u021bi social-democra\u021bi care particip\u0103 la Comitetul Na\u021bional Executiv al PSD de la Sucevi\u021ba. Sursele au spus c\u0103 din discu\u021biile avute \u00eentre liderii PSD reiese [&hellip;]<\/p>\n","protected":false},"author":1,"featured_media":133186,"comment_status":"open","ping_status":"","sticky":false,"template":"","format":"standard","meta":{"footnotes":""},"categories":[2],"tags":[11],"class_list":["post-133185","post","type-post","status-publish","format-standard","has-post-thumbnail","hentry","category-politics","tag-digi24"],"_links":{"self":[{"href":"https:\/\/analyse.optim.biz\/index.php?rest_route=\/wp\/v2\/posts\/133185","targetHints":{"allow":["GET"]}}],"collection":[{"href":"https:\/\/analyse.optim.biz\/index.php?rest_route=\/wp\/v2\/posts"}],"about":[{"href":"https:\/\/analyse.optim.biz\/index.php?rest_route=\/wp\/v2\/types\/post"}],"author":[{"embeddable":true,"href":"https:\/\/analyse.optim.biz\/index.php?rest_route=\/wp\/v2\/users\/1"}],"replies":[{"embeddable":true,"href":"https:\/\/analyse.optim.biz\/index.php?rest_route=%2Fwp%2Fv2%2Fcomments&post=133185"}],"version-history":[{"count":0,"href":"https:\/\/analyse.optim.biz\/index.php?rest_route=\/wp\/v2\/posts\/133185\/revisions"}],"wp:featuredmedia":[{"embeddable":true,"href":"https:\/\/analyse.optim.biz\/index.php?rest_route=\/wp\/v2\/media\/133186"}],"wp:attachment":[{"href":"https:\/\/analyse.optim.biz\/index.php?rest_route=%2Fwp%2Fv2%2Fmedia&parent=133185"}],"wp:term":[{"taxonomy":"category","embeddable":true,"href":"https:\/\/analyse.optim.biz\/index.php?rest_route=%2Fwp%2Fv2%2Fcategories&post=133185"},{"taxonomy":"post_tag","embeddable":true,"href":"https:\/\/analyse.optim.biz\/index.php?rest_route=%2Fwp%2Fv2%2Ftags&post=133185"}],"curies":[{"name":"wp","href":"https:\/\/api.w.org\/{rel}","templated":true}]}}