{"id":133171,"date":"2017-09-29T18:59:11","date_gmt":"2017-09-29T15:59:11","guid":{"rendered":"https:\/\/analyse.optim.biz\/?p=133171"},"modified":"2017-09-29T18:59:11","modified_gmt":"2017-09-29T15:59:11","slug":"taxa-care-l-a-uimit-pe-liviu-dragnea-stiati-ca-in-romania-exista-taxa-pe-hora","status":"publish","type":"post","link":"https:\/\/analyse.optim.biz\/?p=133171","title":{"rendered":"Taxa care l-a uimit pe Liviu Dragnea. \u201e\u015etia\u0163i c\u0103 \u00een Rom\u00e2nia exist\u0103 tax\u0103 pe hor\u0103?&#8221;"},"content":{"rendered":"<div class=\"entry data-app-meta data-app-meta-article\" data-embed-base-url-canonical=\"https:\/\/www.digi24.ro\/embed\/stiri\/actualitate\/politica\/taxa-care-l-a-uimit-pe-liviu-dragnea-stiati-ca-in-romania-exista-taxa-pe-hora-801892\">\n<p data-index=\"1\"><strong>Liderii PSD au vorbit azi la \u015fedin\u0163a de la Sucevi\u0163a despre reducerea num\u0103rului de taxe nefiscale. \u201e\u015etia\u0163i c\u0103 \u00een Rom\u00e2nia exist\u0103 tax\u0103 pe hor\u0103? Este 1000 de lei\u201d, a spus Liviu Dragnea, \u00eentr-o declara\u0163ie de pres\u0103.<\/strong><\/p>\n<p data-index=\"2\">\u201eAm vorbit despre reducerea num\u0103rului de taxe nefiscale. Este aproape finalizat conceptul, se lucreaz\u0103 la el. Am cerut un exemplu de tax\u0103 nefiscal\u0103, vreau s\u0103 v\u0103 \u00eentreb dac\u0103 a\u0163i auzit c\u0103 \u00een Rom\u00e2nia exist\u0103 tax\u0103 pe hor\u0103. 1000 de lei. Nu auzisem, dar exist\u0103. Adic\u0103, dac\u0103 cineva organizeaz\u0103 un eveniment \u015fi face o hor\u0103 trebuie s\u0103 pl\u0103teasc\u0103 1000 de lei. Nu \u015ftiu dac\u0103 e r\u0103u sau bine, dar cred c\u0103 putem renun\u0163a la astfel de taxe. Costurile de administrare sunt mai mari dec\u00e2t taxa \u00een sine\u201d, a declarat Liviu Dragnea.<\/p>\n<p data-index=\"3\">La \u015fedin\u0163a de la Sucevi\u0163a &#8211; convocat\u0103 cu c\u00e2teva s\u0103pt\u0103m\u00e2ni \u00een urm\u0103 &#8211; particip\u0103 \u015fi premierul Mihai Tudose \u015fi o parte a mini\u015ftrilor Cabinetului s\u0103u, fiind f\u0103cut\u0103 o analiz\u0103 a activit\u0103\u0163ii Guvernului, au anun\u0163at lideri ai partidului.<\/p>\n<\/div>\n<p> Source URL: https:\/\/www.digi24.ro\/stiri\/actualitate\/politica\/taxa-care-l-a-uimit-pe-liviu-dragnea-stiati-ca-in-romania-exista-taxa-pe-hora-801892<\/p>\n","protected":false},"excerpt":{"rendered":"<p>Liderii PSD au vorbit azi la \u015fedin\u0163a de la Sucevi\u0163a despre reducerea num\u0103rului de taxe nefiscale. \u201e\u015etia\u0163i c\u0103 \u00een Rom\u00e2nia exist\u0103 tax\u0103 pe hor\u0103? Este 1000 de lei\u201d, a spus Liviu Dragnea, \u00eentr-o declara\u0163ie de pres\u0103. \u201eAm vorbit despre reducerea num\u0103rului de taxe nefiscale. Este aproape finalizat conceptul, se lucreaz\u0103 la el. Am cerut un [&hellip;]<\/p>\n","protected":false},"author":1,"featured_media":133172,"comment_status":"open","ping_status":"","sticky":false,"template":"","format":"standard","meta":{"footnotes":""},"categories":[2],"tags":[11],"class_list":["post-133171","post","type-post","status-publish","format-standard","has-post-thumbnail","hentry","category-politics","tag-digi24"],"_links":{"self":[{"href":"https:\/\/analyse.optim.biz\/index.php?rest_route=\/wp\/v2\/posts\/133171","targetHints":{"allow":["GET"]}}],"collection":[{"href":"https:\/\/analyse.optim.biz\/index.php?rest_route=\/wp\/v2\/posts"}],"about":[{"href":"https:\/\/analyse.optim.biz\/index.php?rest_route=\/wp\/v2\/types\/post"}],"author":[{"embeddable":true,"href":"https:\/\/analyse.optim.biz\/index.php?rest_route=\/wp\/v2\/users\/1"}],"replies":[{"embeddable":true,"href":"https:\/\/analyse.optim.biz\/index.php?rest_route=%2Fwp%2Fv2%2Fcomments&post=133171"}],"version-history":[{"count":0,"href":"https:\/\/analyse.optim.biz\/index.php?rest_route=\/wp\/v2\/posts\/133171\/revisions"}],"wp:featuredmedia":[{"embeddable":true,"href":"https:\/\/analyse.optim.biz\/index.php?rest_route=\/wp\/v2\/media\/133172"}],"wp:attachment":[{"href":"https:\/\/analyse.optim.biz\/index.php?rest_route=%2Fwp%2Fv2%2Fmedia&parent=133171"}],"wp:term":[{"taxonomy":"category","embeddable":true,"href":"https:\/\/analyse.optim.biz\/index.php?rest_route=%2Fwp%2Fv2%2Fcategories&post=133171"},{"taxonomy":"post_tag","embeddable":true,"href":"https:\/\/analyse.optim.biz\/index.php?rest_route=%2Fwp%2Fv2%2Ftags&post=133171"}],"curies":[{"name":"wp","href":"https:\/\/api.w.org\/{rel}","templated":true}]}}