{"id":133160,"date":"2017-09-29T19:30:20","date_gmt":"2017-09-29T16:30:20","guid":{"rendered":"https:\/\/analyse.optim.biz\/?p=133160"},"modified":"2017-09-29T19:30:20","modified_gmt":"2017-09-29T16:30:20","slug":"l-dragnea-nu-cred-ca-pozitia-lui-iohannnis-ca-legile-justitiei-trebuie-ingropate-este-corecta","status":"publish","type":"post","link":"https:\/\/analyse.optim.biz\/?p=133160","title":{"rendered":"L. Dragnea: Nu cred c\u0103 pozi\u0163ia lui Iohannnis c\u0103 legile justi\u0163iei trebuie \u00eengropate este corect\u0103"},"content":{"rendered":"<div class=\"entry data-app-meta data-app-meta-article\" data-embed-base-url-canonical=\"https:\/\/www.digi24.ro\/embed\/stiri\/actualitate\/justitie\/l-dragnea-nu-cred-ca-pozitia-lui-iohannnis-ca-legile-justitiei-trebuie-ingropate-este-corecta-801903\">\n<p data-index=\"1\"><strong><span lang=\"ro-RO\">Avizul CSM pe Legile justi\u0163iei este unul important, dar consultativ. Astfel c\u0103 ale\u015fii au dreptul s\u0103 dezbat\u0103 pachetul de legi, spune liderul PSD Liviu Dragnea. Drept pentru care coali\u0163ia de guvernare va decide s\u0103pt\u0103m\u00e2na viitoare c\u00e2nd trimite modific\u0103rile la legiel Justi\u0163iei \u00een Parlament. C\u00e2t despre <a href=\"https:\/\/www.digi24.ro\/stiri\/actualitate\/justitie\/iohannis-legile-justitiei-ar-trebui-rediscutate-dupa-avizul-negativ-al-csm-801774\" data-skip-linkfix=\"1\">reac\u0163ia pre\u015fedintelui Klaus Iohannis<\/a>, Liviu Dragnea spune c\u0103 gre\u015fe\u015fte atunci c\u00e2nd spune c\u0103 ar trebui f\u0103cute schimb\u0103ri la proiectul legislativ.<\/span><\/strong><\/p>\n<p data-index=\"2\">\u201eNu cred c\u0103 pozi\u0163ia pre\u015fedintelui Iohannnis este pozi\u0163ia corect\u0103, c\u0103 legile justi\u0163iei trebuie s\u0103 fie \u00eengropate, trebuie s\u0103 dispar\u0103 pentru c\u0103 CSM, adic\u0103 procurorii \u015fi trei judec\u0103tori, au spus a\u015fa, \u00een condi\u0163iile \u00een care cea mai mare parte a magistra\u0163ilor sus\u0163ine c\u0103 trebuie s\u0103 existe modific\u0103ri ale legisla\u0163iei\u201d, a declarat Liviu Dragnea, referindu-se la pozi\u0163ii exprimate de asocia\u0163ii ale magista\u0163ilor, care au sus\u0163inut modificarea legisla\u0163iei actuale din domeniul judiciar.<\/p>\n<p data-index=\"3\">\u201dAm citit azi mai multe puncte de vedere foarte bine articulate. N-am v\u0103zut \u00een aceast\u0103 zon\u0103 o respingere total\u0103 a acestor proiecte de lege. Dac\u0103 tot discut\u0103m de majorit\u0103\u0163i, dac\u0103 \u00een CSM ar fi fost prezent si ministrul Justi\u0163iei, poate era un aviz favorabil\u201d, a apreciat liderul PSD.<\/p>\n<p data-index=\"4\"><span lang=\"ro-RO\">Reporter. Pre\u015fedintele spune c\u0103 au fost \u015fi lideri europeni care \u015fi-au ar\u0103tat \u00eengrijorarea fa\u0163\u0103 de acest pachet de legi, ce le trasnmite\u0163ti?<\/span><\/p>\n<p data-index=\"5\">Liviu Dragnea: Transmit cu mare respect s\u0103 se informeze mai bine.<\/p>\n<p data-index=\"6\">\u201eUn astfel de r\u0103spuns (din partea CSM &#8211; n.r.) trebuie s\u0103 dea mult de g\u00e2ndit ini\u021biatorilor, aici nu e vorba de r\u0103spunsul unor persoane din CSM, s-au f\u0103cut \u00eent\u00e2lniri cu aproape to\u021bi magistra\u021bii \u0219i e, deci, rezultatul unui proces care a preocupat \u0219i a mi\u0219cat \u00eentregul sistemului de justi\u021bie. Or, r\u0103spunsuri simpliste de tipul c\u0103 se opun reformei nu cred c\u0103 sunt adecvate \u00een aceast\u0103 situa\u021bie, trebuie mers \u00eenapoi la text, trebuie renegociat, trebuie v\u0103zut cum se poate construi reformarea sistemului, astfel \u00eenc\u00e2t s\u0103 se fac\u0103 \u00eempreun\u0103 cu sistemul\u201d, a declarat \u0219eful statului.\u00a0<\/p>\n<p data-index=\"7\">\u00centrebat dac\u0103 prin acest r\u0103spuns vrea s\u0103 spun\u0103 c\u0103 legile justi\u021biei ar trebui retrase, pre\u0219edintele a spus c\u0103 \u00een opinia sa, \u201ee nevoie de o nou\u0103 negociere a con\u021binutului cu sistemul de justi\u021bie\u201d, pentru c\u0103 oamenii de acolo sunt foarte bine califica\u021bi, sunt magistra\u021bi care cunosc sistemul, legile. Cred c\u0103 ar fi \u00een\u021belept s\u0103 se revin\u0103 la faza de discu\u021bie cu sistemul\u201d, a repetat pre\u0219edintele.\u00a0<\/p>\n<p data-index=\"8\">Pre\u0219edintele a recunoscut c\u0103 \u00een discu\u021biile informale pe care le-a avut cu liderii europeni, unii au men\u021bionat \u201e\u00eengrijor\u0103ri \u00een leg\u0103tur\u0103 cu anumite evolu\u021bii care poate ar contraveni ideii de stat de drept\u201d \u00een Rom\u00e2nia, dar a refuzat s\u0103 spun\u0103 din partea c\u0103ror \u021b\u0103ri vin aceste \u00eengrijor\u0103ri. \u201eConstat un interes crescut fa\u021b\u0103 de Rom\u00e2nia \u0219i \u00een esen\u021b\u0103 pot s\u0103 spun c\u0103 m\u0103 bucur\u0103 acest lucru. Dac\u0103 \u00eei preocup\u0103 Rom\u00e2nia \u0219i rom\u00e2nii, e un lucru bun pentru noi. M\u0103car a\u0219a am un feedback, c\u0103 se \u0219tie despre noi\u201d, a declarat pre\u0219edintele.\u00a0<\/p>\n<p data-index=\"9\">\u00centrebat ce efect au astfel de \u00eengrijior\u0103ri, \u0219eful statului a explicat c\u0103 orice cunoa\u0219tere mai profund\u0103 a realit\u0103\u021bilor rom\u00e2ne\u0219ti p\u00e2n\u0103 la urm\u0103 vor duce &#8211; sper\u0103 el &#8211; la \u00eenl\u0103turarea unor\u00a0 temeri nefondate. \u201e\u00centreaga tematic\u0103 Schengen se bazeaz\u0103 pe ni\u0219te temeri care pot fi relativ u\u0219or demontate, dac\u0103 cuno\u0219ti situa\u021bia din Rom\u00e2nia. Avem ni\u0219te grani\u021be mult mai sigure dec\u00e2t majoritatea \u021b\u0103rilor europene \u0219i aceste lucruri e bine s\u0103 se cunoasc\u0103\u201d, a punctat pre\u0219edintele.\u00a0<\/p>\n<p data-index=\"10\">\u00cen context, Klaus Iohannis a declarat c\u0103 a\u0219teapt\u0103 \u201ecu mare interes\u201d raportul Comisiei Europene referitor la starea justi\u021biei din Rom\u00e2nia.<\/p>\n<p data-index=\"11\">FOTO: INQUAM PHOTOS &#8211; Octav Ganea<\/p>\n<\/div>\n<p> Source URL: https:\/\/www.digi24.ro\/stiri\/actualitate\/justitie\/l-dragnea-nu-cred-ca-pozitia-lui-iohannnis-ca-legile-justitiei-trebuie-ingropate-este-corecta-801903<\/p>\n","protected":false},"excerpt":{"rendered":"<p>Avizul CSM pe Legile justi\u0163iei este unul important, dar consultativ. Astfel c\u0103 ale\u015fii au dreptul s\u0103 dezbat\u0103 pachetul de legi, spune liderul PSD Liviu Dragnea. Drept pentru care coali\u0163ia de guvernare va decide s\u0103pt\u0103m\u00e2na viitoare c\u00e2nd trimite modific\u0103rile la legiel Justi\u0163iei \u00een Parlament. C\u00e2t despre reac\u0163ia pre\u015fedintelui Klaus Iohannis, Liviu Dragnea spune c\u0103 gre\u015fe\u015fte atunci [&hellip;]<\/p>\n","protected":false},"author":1,"featured_media":133161,"comment_status":"open","ping_status":"","sticky":false,"template":"","format":"standard","meta":{"footnotes":""},"categories":[2],"tags":[11],"class_list":["post-133160","post","type-post","status-publish","format-standard","has-post-thumbnail","hentry","category-politics","tag-digi24"],"_links":{"self":[{"href":"https:\/\/analyse.optim.biz\/index.php?rest_route=\/wp\/v2\/posts\/133160","targetHints":{"allow":["GET"]}}],"collection":[{"href":"https:\/\/analyse.optim.biz\/index.php?rest_route=\/wp\/v2\/posts"}],"about":[{"href":"https:\/\/analyse.optim.biz\/index.php?rest_route=\/wp\/v2\/types\/post"}],"author":[{"embeddable":true,"href":"https:\/\/analyse.optim.biz\/index.php?rest_route=\/wp\/v2\/users\/1"}],"replies":[{"embeddable":true,"href":"https:\/\/analyse.optim.biz\/index.php?rest_route=%2Fwp%2Fv2%2Fcomments&post=133160"}],"version-history":[{"count":0,"href":"https:\/\/analyse.optim.biz\/index.php?rest_route=\/wp\/v2\/posts\/133160\/revisions"}],"wp:featuredmedia":[{"embeddable":true,"href":"https:\/\/analyse.optim.biz\/index.php?rest_route=\/wp\/v2\/media\/133161"}],"wp:attachment":[{"href":"https:\/\/analyse.optim.biz\/index.php?rest_route=%2Fwp%2Fv2%2Fmedia&parent=133160"}],"wp:term":[{"taxonomy":"category","embeddable":true,"href":"https:\/\/analyse.optim.biz\/index.php?rest_route=%2Fwp%2Fv2%2Fcategories&post=133160"},{"taxonomy":"post_tag","embeddable":true,"href":"https:\/\/analyse.optim.biz\/index.php?rest_route=%2Fwp%2Fv2%2Ftags&post=133160"}],"curies":[{"name":"wp","href":"https:\/\/api.w.org\/{rel}","templated":true}]}}