{"id":1329570,"date":"2023-03-15T16:52:30","date_gmt":"2023-03-15T13:52:30","guid":{"rendered":"https:\/\/analyse.optim.biz\/?p=1329570"},"modified":"2023-03-15T16:52:30","modified_gmt":"2023-03-15T13:52:30","slug":"sobolanii-din-parcul-civic-au-ros-stalpii-de-otel","status":"publish","type":"post","link":"https:\/\/analyse.optim.biz\/?p=1329570","title":{"rendered":"\u0218obolanii din Parcul Civic au ros st\u00e2lpii de o\u021bel"},"content":{"rendered":"<article id=\"template-id-172790\" class=\"post-172790 tdb_templates type-tdb_templates status-publish post\">\n<div id=\"tdi_52\" class=\"tdc-zone\">\n<div class=\"tdc_zone tdi_53  wpb_row td-pb-row\">\n<div id=\"tdi_54\" class=\"tdc-row stretch_row_1400 td-stretch-content\">\n<div class=\"vc_row tdi_55  wpb_row td-pb-row tdc-element-style\">\n<div class=\"vc_column tdi_57  wpb_column vc_column_container tdc-column td-pb-span8\">\n<div class=\"wpb_wrapper\">\n<div class=\"td_block_wrap tdb_single_categories tdi_58 td-pb-border-top td_block_template_1 \" data-td-block-uid=\"tdi_58\">\n<div class=\"tdb-category td-fix-index\"><a class=\"tdb-entry-category\" href=\"https:\/\/voceatimisului.ro\/category\/stiri-din-timisoara-si-timis\/\">\u0218tiri<\/a><a class=\"tdb-entry-category\" href=\"https:\/\/voceatimisului.ro\/category\/vocea-strazii\/\">Vocea Str\u0103zii<\/a><\/div>\n<\/div>\n<div class=\"td_block_wrap tdb_title tdi_59 tdb-single-title td-pb-border-top td_block_template_1\" data-td-block-uid=\"tdi_59\">\n<div class=\"tdb-block-inner td-fix-index\">\n<h1 class=\"tdb-title-text\"><strong>Iron man! \u0218obolanii din Parcul Civic au ros st\u00e2lpii de o\u021bel de la felinarele plantate sub nasul \u0219i pe semn\u0103tura administra\u021biei Dominic Fritz<\/strong><\/h1>\n<\/div>\n<\/div>\n<div class=\"vc_row_inner tdi_62  vc_row vc_inner wpb_row td-pb-row\">\n<div class=\"vc_column_inner tdi_64  wpb_column vc_column_container tdc-inner-column td-pb-span6\">\n<div class=\"vc_column-inner\">\n<div class=\"wpb_wrapper\">\n<div class=\"td_block_wrap tdb_single_author tdi_65 td-pb-border-top td_block_template_1 tdb-post-meta\" data-td-block-uid=\"tdi_65\">\n<div class=\"tdb-block-inner td-fix-index\">\n<div class=\"tdb-author-name-wrap\"><span class=\"tdb-author-by\">Autor-<\/span><a class=\"tdb-author-name\" href=\"https:\/\/voceatimisului.ro\/author\/tibi\/\">Tiberiu Kiss<\/a><\/div>\n<\/div>\n<\/div>\n<div class=\"td_block_wrap tdb_single_date tdi_66 td-pb-border-top td_block_template_1 tdb-post-meta\" data-td-block-uid=\"tdi_66\">\n<div class=\"tdb-block-inner td-fix-index\"><time class=\"entry-date updated td-module-date\" datetime=\"2023-03-15T18:52:30+02:00\">15 martie 2023<\/time><\/div>\n<\/div>\n<div class=\"td_block_wrap tdb_single_comments_count tdi_67 td-pb-border-top td_block_template_1 tdb-post-meta\" data-td-block-uid=\"tdi_67\">\n<div class=\"tdb-block-inner td-fix-index\"><a href=\"https:\/\/voceatimisului.ro\/iron-man-sobolanii-din-parcul-civic-au-ros-stalpii-de-otel-de-la-felinarele-plantate-sub-nasul-si-pe-semnatura-administratiei-dominic-fritz\/#comments\"><span>8<\/span><\/a><\/div>\n<\/div>\n<div class=\"td_block_wrap tdb_single_post_views tdi_68 td-pb-border-top td_block_template_1 tdb-post-meta\" data-td-block-uid=\"tdi_68\">\n<div class=\"tdb-block-inner td-fix-index\"><span class=\"tdb-add-text\">1<\/span><span class=\"td-nr-views-155524\">439<\/span><\/div>\n<\/div>\n<\/div>\n<\/div>\n<\/div>\n<div class=\"vc_column_inner tdi_70  wpb_column vc_column_container tdc-inner-column td-pb-span6\">\n<div class=\"vc_column-inner\">\n<div class=\"wpb_wrapper\">\n<div class=\"td_block_wrap tdb_single_post_share tdi_71  td-pb-border-top td_block_template_1\" data-td-block-uid=\"tdi_71\">\n<div id=\"tdi_71\" class=\"td-post-sharing tdb-block td-ps-bg td-ps-notext td-post-sharing-style1 \">\n<div class=\"td-post-sharing-visible\"><a class=\"td-social-sharing-button td-social-sharing-button-js td-social-network td-social-facebook\" href=\"https:\/\/www.facebook.com\/sharer.php?u=https%3A%2F%2Fvoceatimisului.ro%2Firon-man-sobolanii-din-parcul-civic-au-ros-stalpii-de-otel-de-la-felinarele-plantate-sub-nasul-si-pe-semnatura-administratiei-dominic-fritz%2F\" title=\"Facebook\" rel=\"noopener\"><\/p>\n<div class=\"td-social-but-text\">Facebook<\/div>\n<p><\/a><a class=\"td-social-sharing-button td-social-sharing-button-js td-social-network td-social-twitter\" href=\"https:\/\/twitter.com\/intent\/tweet?text=%3Cstrong%3EIron+man%21+%C8%98obolanii+din+Parcul+Civic+au+ros+st%C3%A2lpii+de+o%C8%9Bel+de+la+felinarele+plantate+sub+nasul+%C8%99i+pe+semn%C4%83tura+administra%C8%9Biei+Dominic+Fritz%3C%2Fstrong%3E&amp;url=https%3A%2F%2Fvoceatimisului.ro%2Firon-man-sobolanii-din-parcul-civic-au-ros-stalpii-de-otel-de-la-felinarele-plantate-sub-nasul-si-pe-semnatura-administratiei-dominic-fritz%2F&amp;via=Vocea+Timisului\" title=\"Twitter\" rel=\"noopener\"><\/p>\n<div class=\"td-social-but-text\">Twitter<\/div>\n<p><\/a><a class=\"td-social-sharing-button td-social-sharing-button-js td-social-network td-social-pinterest\" href=\"https:\/\/pinterest.com\/pin\/create\/button\/?url=https:\/\/voceatimisului.ro\/iron-man-sobolanii-din-parcul-civic-au-ros-stalpii-de-otel-de-la-felinarele-plantate-sub-nasul-si-pe-semnatura-administratiei-dominic-fritz\/&amp;media=https:\/\/analyse.optim.biz\/wp-content\/uploads\/2026\/01\/sobolanii-din-parcul-civic-jpg.webp&amp;description=%3Cstrong%3EIron+man%21+%C8%98obolanii+din+Parcul+Civic+au+ros+st%C3%A2lpii+de+o%C8%9Bel+de+la+felinarele+plantate+sub+nasul+%C8%99i+pe+semn%C4%83tura+administra%C8%9Biei+Dominic+Fritz%3C%2Fstrong%3E\" title=\"Pinterest\" rel=\"noopener\"><\/p>\n<div class=\"td-social-but-text\">Pinterest<\/div>\n<p><\/a><a class=\"td-social-sharing-button td-social-sharing-button-js td-social-network td-social-whatsapp\" href=\"https:\/\/api.whatsapp.com\/send?text=%3Cstrong%3EIron+man%21+%C8%98obolanii+din+Parcul+Civic+au+ros+st%C3%A2lpii+de+o%C8%9Bel+de+la+felinarele+plantate+sub+nasul+%C8%99i+pe+semn%C4%83tura+administra%C8%9Biei+Dominic+Fritz%3C%2Fstrong%3E%20%0A%0A%20https:\/\/voceatimisului.ro\/iron-man-sobolanii-din-parcul-civic-au-ros-stalpii-de-otel-de-la-felinarele-plantate-sub-nasul-si-pe-semnatura-administratiei-dominic-fritz\/\" title=\"WhatsApp\" rel=\"noopener\"><\/p>\n<div class=\"td-social-but-text\">WhatsApp<\/div>\n<p><\/a><a class=\"td-social-sharing-button td-social-sharing-button-js td-social-network td-social-linkedin\" href=\"https:\/\/www.linkedin.com\/shareArticle?mini=true&amp;url=https:\/\/voceatimisului.ro\/iron-man-sobolanii-din-parcul-civic-au-ros-stalpii-de-otel-de-la-felinarele-plantate-sub-nasul-si-pe-semnatura-administratiei-dominic-fritz\/&amp;title=%3Cstrong%3EIron+man%21+%C8%98obolanii+din+Parcul+Civic+au+ros+st%C3%A2lpii+de+o%C8%9Bel+de+la+felinarele+plantate+sub+nasul+%C8%99i+pe+semn%C4%83tura+administra%C8%9Biei+Dominic+Fritz%3C%2Fstrong%3E\" title=\"Linkedin\" rel=\"noopener\"><\/p>\n<div class=\"td-social-but-text\">Linkedin<\/div>\n<p><\/a><a class=\"td-social-sharing-button td-social-sharing-button-js td-social-network td-social-copy_url\" href=\"https:\/\/voceatimisului.ro\/iron-man-sobolanii-din-parcul-civic-au-ros-stalpii-de-otel-de-la-felinarele-plantate-sub-nasul-si-pe-semnatura-administratiei-dominic-fritz\/\" title=\"Copy URL\" rel=\"noopener\"><\/p>\n<div class=\"td-social-but-text\">Copy URL<\/div>\n<p><\/a><\/div>\n<\/div>\n<\/div>\n<\/div>\n<\/div>\n<\/div>\n<\/div>\n<div class=\"td_block_wrap tdb_single_featured_image tdi_72 tdb-content-horiz-left td-pb-border-top td_block_template_1\" data-td-block-uid=\"tdi_72\">\n<div class=\"tdb-block-inner td-fix-index\">\n<figure><img loading=\"lazy\" decoding=\"async\" width=\"696\" height=\"614\" class=\"entry-thumb\" src=\"https:\/\/analyse.optim.biz\/wp-content\/uploads\/2026\/01\/sobolanii-din-parcul-civic-jpg-696x614-1-1.webp\" alt=\"Sobolanii din Parcul Civic jpg\" title=\"Sobolanii din Parcul Civic jpg\"><figcaption class=\"tdb-caption-text\">Sobolanii din Parcul Civic jpg<\/figcaption><\/figure>\n<\/div>\n<\/div>\n<div class=\"vc_row_inner tdi_74  vc_row vc_inner wpb_row td-pb-row\">\n<div class=\"vc_column_inner tdi_76  wpb_column vc_column_container tdc-inner-column td-pb-span4 td-is-sticky\">\n<div class=\"vc_column-inner\">\n<div class=\"wpb_wrapper\" data-sticky-enabled-on=\"W3RydWUsdHJ1ZSx0cnVlLHRydWVd\" data-sticky-offset=\"20\" data-sticky-is-width-auto=\"W2ZhbHNlLGZhbHNlLGZhbHNlLGZhbHNlXQ==\">\n<div class=\"td_block_wrap td_flex_block_1 tdi_77 td-pb-border-top td_block_template_1 td_ajax_preloading_preload td_flex_block\" data-td-block-uid=\"tdi_77\">\n<div id=\"tdi_77\" class=\"td_block_inner td-mc1-wrap\">\n<div class=\"td_module_flex td_module_flex_1 td_module_wrap td-animation-stack td-meta-info-hide td-cpt-post\">\n<div class=\"td-module-container td-category-pos-image\">\n<div class=\"td-module-meta-info\">\n<h3 class=\"entry-title td-module-title\"><a href=\"https:\/\/voceatimisului.ro\/reforma-lui-fritz-pe-banii-timisorenilor-timisoara-plateste-milioane-si-se-uita-la-autobuze-care-ard\/\" rel=\"bookmark\" title=\"Reforma lui Fritz, pe banii timi\u0219orenilor. Timi\u0219oara pl\u0103te\u0219te milioane \u0219i se uit\u0103 la autobuze care ard\">Reforma lui Fritz, pe banii timi\u0219orenilor. Timi\u0219oara pl\u0103te\u0219te milioane \u0219i se uit\u0103 la autobuze care ard<\/a><\/h3>\n<\/div>\n<\/div>\n<\/div>\n<div class=\"td_module_flex td_module_flex_1 td_module_wrap td-animation-stack td-meta-info-hide td-cpt-post\">\n<div class=\"td-module-container td-category-pos-image\">\n<div class=\"td-module-meta-info\">\n<h3 class=\"entry-title td-module-title\"><a href=\"https:\/\/voceatimisului.ro\/administratia-usr-si-epurarea-incomozilor-i-as-aduna-pe-toti-intr-o-incapere-si-le-as-da-foc\/\" rel=\"bookmark\" title=\"Administra\u021bia USR \u0219i epurarea incomozilor. \u201eI-a\u0219 aduna pe to\u021bi \u00eentr-o \u00eenc\u0103pere \u0219i le-a\u0219 da foc.\u201d\">Administra\u021bia USR \u0219i epurarea incomozilor. \u201eI-a\u0219 aduna pe to\u021bi \u00eentr-o \u00eenc\u0103pere \u0219i le-a\u0219 da foc.\u201d<\/a><\/h3>\n<\/div>\n<\/div>\n<\/div>\n<div class=\"td_module_flex td_module_flex_1 td_module_wrap td-animation-stack td-meta-info-hide td-cpt-post\">\n<div class=\"td-module-container td-category-pos-image\">\n<div class=\"td-module-meta-info\">\n<h3 class=\"entry-title td-module-title\"><a href=\"https:\/\/voceatimisului.ro\/tramvaiul-nu-vine-dar-propaganda-circula-perfect\/\" rel=\"bookmark\" title=\"Tramvaiul nu vine, dar propaganda circul\u0103 perfect\">Tramvaiul nu vine, dar propaganda circul\u0103 perfect<\/a><\/h3>\n<\/div>\n<\/div>\n<\/div>\n<div class=\"td_module_flex td_module_flex_1 td_module_wrap td-animation-stack td-meta-info-hide td-cpt-post\">\n<div class=\"td-module-container td-category-pos-image\">\n<div class=\"td-module-meta-info\">\n<h3 class=\"entry-title td-module-title\"><a href=\"https:\/\/voceatimisului.ro\/transportul-public-din-timisoara-se-prabuseste-in-fiecare-zi-in-trafic-dar-in-birourile-primariei-totul-arata-perfect-si-european\/\" rel=\"bookmark\" title=\"Transportul public din Timi\u0219oara se pr\u0103bu\u0219e\u0219te \u00een fiecare zi \u00een trafic, dar \u00een birourile Prim\u0103riei totul arat\u0103 perfect \u0219i \u201ceuropean\u201d\">Transportul public din Timi\u0219oara se pr\u0103bu\u0219e\u0219te \u00een fiecare zi \u00een trafic, dar \u00een birourile Prim\u0103riei totul arat\u0103 perfect \u0219i \u201ceuropean\u201d<\/a><\/h3>\n<\/div>\n<\/div>\n<\/div>\n<\/div>\n<\/div>\n<div class=\"tdb-author-box td_block_wrap tdb_single_author_box tdi_82 tdb-content-vert-top td-pb-border-top td_block_template_1\" data-td-block-uid=\"tdi_82\">\n<div class=\"tdb-block-inner td-fix-index\">\n<div class=\"tdb-author-info\"><a href=\"https:\/\/voceatimisului.ro\/author\/tibi\/\" class=\"tdb-author-name\">Tiberiu Kiss<\/a><\/p>\n<div class=\"tdb-author-descr\">\u00centreaga responsabilitate a comentariilor l\u0103sate de dumneavoastr\u0103 v\u0103 apar\u021bine!<br \/>\nClick <a href=\"https:\/\/voceatimisului.ro\/termeni-si-conditii\/\">aici<\/a>-citeste condi\u0163iile de utilizare ale site-ului www.voceatimisului.ro<\/div>\n<\/div>\n<\/div>\n<\/div>\n<\/div>\n<\/div>\n<\/div>\n<div class=\"vc_column_inner tdi_84  wpb_column vc_column_container tdc-inner-column td-pb-span8\">\n<div class=\"vc_column-inner\">\n<div class=\"wpb_wrapper\">\n<div class=\"td_block_wrap tdb_single_content tdi_85 td-pb-border-top td_block_template_1 td-post-content tagdiv-type\" data-td-block-uid=\"tdi_85\">\n<div class=\"tdb-block-inner td-fix-index\">\n<h5 class=\"wp-block-heading\" id=\"h-la-inceputul-anului-2019-in-mandatul-lui-nicolae-robu-primaria-timi\u0219oara-a-lansat-licita\u021bia-pentru-modernizarea-parcului-civic-suma-maxima-oferita-a-fost-de-aproximativ-7-2-milioane-de-lei-conform-caietului-de-sarcini-suprafa\u021ba-propusa-pentru-amenajare-a-fost-de-67-676-metri-patra\u021bi-din-care-aproape-22-000-de-mp-de-alei-totodata-dincolo-de-lucrarile-de-peisagistica-au-fost-solicitate-pentru-a-fi-montate-115-banci-de-lemn-plus-alte-cinci-de-piatra-\u0219i-doua-circulare-82-de-stalpi-de-iluminat-cu-doua-corpuri-patru-pergola-\u0219i-nu-in-cele-din-urma-doua-rastele-de-biciclete\">La \u00eenceputul anului 2019, \u00een mandatul lui Nicolae Robu, Prim\u0103ria Timi\u0219oara a lansat licita\u021bia pentru modernizarea Parcului Civic. Suma maxim\u0103 oferit\u0103 a fost de aproximativ 7,2 milioane de lei. Conform caietului de sarcini, suprafa\u021ba propus\u0103 pentru amenajare a fost de 67.676 metri p\u0103tra\u021bi, din care aproape 22.000 de mp de alei. Totodat\u0103, dincolo de lucr\u0103rile de peisagistic\u0103, au fost solicitate pentru a fi montate 115 b\u0103nci de lemn, plus alte cinci de piatr\u0103 \u0219i dou\u0103 circulare, 82 de st\u00e2lpi de iluminat cu dou\u0103 corpuri, patru pergola \u0219i, nu \u00een cele din urm\u0103, dou\u0103 rastele de biciclete.<\/h5>\n<h6 class=\"wp-block-heading\">Oferta municipalit\u0103\u021bii, care punea la b\u0103taie circa 1,5 milioane de euro, a fost considerat\u0103 interesant\u0103 de trei entit\u0103\u021bi comeriale: T.T &amp; Solaria Grup, Elf Road SRL (lider) \u0219i D&amp;C Garden Design SRL cu subcontractantul OTC Electrical \u0219i Lovrintim SRL (lider) cu Rogera Prest Com SRL. <\/h6>\n<p>Dup\u0103 lansarea licita\u021biei publice, care a a desemnat \u0219i c\u00e2\u0219tig\u0103torul \u00een persoana celor de la Elf Road SRL, ca-n Rom\u00e2nia, a urmat \u0219i contestarea procedurii de c\u0103tre una dintre firmele concurente. A\u0219a se face c\u0103, la aproape un an de la lansarea achizi\u021biei publice pentru lucr\u0103rile de reabilitare la Parcul Civic, instan\u021ba de judecat\u0103 a decis s\u0103 p\u0103streze varianta aleas\u0103 de Prim\u0103ria Timi\u0219oara.<\/p>\n<p>Dup\u0103 care, administra\u021bia local\u0103 a trecut la finalizarea procedurilor de pe SEAP \u0219i, ulterior, la semnarea contractului cu SC Elf Road SRL, pe care a decis s\u0103 o finan\u021beze din bugetul local cu suma de 5,6 milioane RON, ca urmare a rezultatului final din ziua licita\u021biei. <\/p>\n<p>\u0218i, a\u0219a cum rezult\u0103 din date publice, ini\u021bial, durata \u0219antierului a fost estimat\u0103 la \u0219ase luni. Doar c\u0103, \u00eentre timp, societatea a intrat \u00een insolven\u021b\u0103 \u0219i, colac peste pup\u0103z\u0103, a mai venit \u0219i pandemia de Covid-19 \u0219i schimbarea conducerii PMT, evenimente care au \u00eent\u00e2rziat \u0219i mai mult lucr\u0103rile.<\/p>\n<p>Cert e c\u0103, \u00een august 2021, noua administra\u021bie local\u0103, condus\u0103 de Dominic Fritz, a crescut valoarea contractului, pentru renov\u0103rile din Parcul Civic, cu \u00eenc\u0103 500.000 RON. Nu din cauza societ\u0103\u021bii comerciale, c\u0103 firma n-a cerut niciun leu \u00een plus, ci a PMT care a constatat, nu o dat\u0103, ci de 8 ori \u00een timp, c\u0103 e nevoie de lucr\u0103ri suplimentare. <\/p>\n<p>Drept pentru care, tot de at\u00e2tea ori, entitatea public\u0103 a modificat proiectul tehnic \u0219i a generat fix acela\u0219i num\u0103r de ordine de sistare a \u0219antierului c\u00e2t \u0219i dispozi\u021bii de re\u00eencepere a lucr\u0103rilor! Haos generalizat, acoperit de zgomotul unor declara\u021bii publice, de la v\u00e2rful administra\u021biei locale, care are aruncau toat\u0103 vina, pentru \u00eent\u00e2rzierile la lucr\u0103rile din centrul Timi\u0219oarei, strict pe spatele constructorului!<\/p>\n<p>Oricum, problema nu e asta \u0219i detaliul ne-a fost semnalat de un cet\u0103\u021bean care a constatat \u0219i, mai apoi, a observat cum felinarele pe picior, plantate pe aleile proasp\u0103t renovate ale Parcului Civic, sunt devastate de sobolanii care circul\u0103 \u00een voie \u0219i nestingheri\u021bi de nimeni! A\u0219a au ajuns \u0219i reporterii voceatimisului.ro la caietul de sarcini privind achizi\u021bia contractului de execu\u021bie lucr\u0103ri pentru obiectul de investi\u021bie<strong> \u201d<em>Modernizarea Parcului Cet\u0103\u021bii (Civic)<\/em>\u201d,<\/strong> \u00eentocmit de SC Green City Andliv SRL \u0219i \u00eensu\u0219it de Prim\u0103ria Timi\u0219oara, la data de 13 noiembrie 2018. Practic, documentul care a stat la baza licita\u021biei publice, \u00een valoare de 5,6 milioane de RON, c\u00e2\u0219tigate de SC Elf Road SRL.<\/p>\n<p>\u0218i, a\u0219a cum rezult\u0103 din caietul de sarcini, la capitolul \u201d<em>st\u00e2lp iliminat<\/em>\u201d apar \u0219i caracteristicile obligatorii, impuse \u0219i agreate de Prim\u0103ria Timi\u0219oara: <strong><u>\u00een\u0103l\u021bime 4 metri, o\u021bel de tip S235, culoare negru, vopsit \u00een c\u00e2mp electro-static, bec cu LED \u2013 2x10W, dulie 2 buc\u0103\u021bi, cabluri aferente, funda\u021bie 60x60x70 cm \u0219i fixare cu conexpanduri<\/u><\/strong>. <\/p>\n<p>Acum, pentru cei care s-ar putea s\u0103 aib\u0103 nel\u0103muriri referitoare la o\u021belul de tip S235, acesta nu este altceva dec\u00e2t\u2026 un o\u021bel structural, utilizat la fabricarea produselor laminate, rezistent la trac\u021biune \u0219i \u00eentindere, utilizat \u00een construc\u021bii. Cu alte cuvinte, un metal cu caracteristici mecanice!<\/p>\n<p>Acum, av\u00e2nd \u00een vedere toate aceste aspecte, at\u00e2t primarul Dominic Fritz, c\u00e2t \u0219i viceprimarul Ruben La\u021bc\u0103u, sunt ruga\u021bi s\u0103 fac\u0103 o deplasare, pe jos, p\u00e2n\u0103-n Parcul Civic \u0219i, \u00een m\u00e2n\u0103 cu un diapazon de pe inventarul Filarmonicii Timi\u0219oara, s\u0103 testeze aditiv o\u021belul de tip S235, aflat \u00een compozi\u021bia felinarelor de pe aleile din spatele Hotel Continental. <\/p>\n<p>Dup\u0103 care, cu acela\u0219i dispozitiv sonor, s\u0103 fac\u0103 aceea\u0219i prob\u0103 de sunet \u0219i la felinarele din p\u0103rcule\u021bul de vizavi de Prim\u0103ria Timi\u0219oara, exact \u00eentre Filarmonica Timi\u0219oara \u0219i fosta gr\u0103din\u0103 de var\u0103 a cinematografului Capitol.<\/p>\n<p>Evident, la finalul experimentului, ar fi frumos \u0219i civilizat ca ambii administratori ai ora\u0219ului s\u0103 trag\u0103 concluzia, chiar \u00een fa\u021ba b\u0103n\u0103\u021benilor \u0219i s\u0103 le explice clar din care \u021bevi de o\u021bel r\u0103zbate, la contactul cu diapazonul, nota muzical\u0103\u2026 LA: <em>din cele roase de \u0219obolanii din Parcul Civic sau din cele situate \u00een vecin\u0103tatea Catedralei Mitropolitane<\/em>? C\u0103 noi, ne-am l\u0103murit pe deplin! Oricum, pe func\u021bionarul care n-are ureche muzical\u0103 \u0219i nu cunoa\u0219te no\u021biuni elementare de chimie, s\u0103-l \u021bin\u0103 departe, at\u00e2t de Conservator, c\u00e2t \u0219i de tabloul lui Mendeleev\u2026<\/p>\n<figure class=\"wp-block-embed is-type-video is-provider-youtube wp-block-embed-youtube wp-embed-aspect-16-9 wp-has-aspect-ratio\">\n<div class=\"wp-block-embed__wrapper\">\n<iframe loading=\"lazy\" title=\"Iron man! \u0218obolanii din Parcul Civic au ros st\u00e2lpii de o\u021bel\" width=\"696\" height=\"392\" src=\"https:\/\/www.youtube.com\/embed\/ShRSjPA3dqc?feature=oembed\" frameborder allow=\"accelerometer; autoplay; clipboard-write; encrypted-media; gyroscope; picture-in-picture; web-share\" allowfullscreen><\/iframe>\n<\/div>\n<\/figure>\n<figure class=\"wp-block-gallery has-nested-images columns-default is-cropped wp-block-gallery-1 is-layout-flex wp-block-gallery-is-layout-flex\">\n<figure class=\"wp-block-image size-large\"><a href=\"https:\/\/voceatimisului.ro\/wp-content\/uploads\/2023\/03\/Sobolanii-din-Parcul-Civic-au-ros-stalpii-de-otel4.jpg\"><img loading=\"lazy\" decoding=\"async\" width=\"485\" height=\"1024\" data-id=\"155531\" src=\"https:\/\/analyse.optim.biz\/wp-content\/uploads\/2026\/01\/sobolanii-din-parcul-civic-au-ros-stalpii-de-otel4-485x1024-1.jpg\" alt=\"&lt;strong&gt;Iron man! \u0218obolanii din Parcul Civic au ros st\u00e2lpii de o\u021bel de la felinarele plantate sub nasul \u0219i pe semn\u0103tura administra\u021biei Dominic Fritz&lt;\/strong&gt;\" class=\"wp-image-155531\" title=\"sobolanii-din-parcul-civic-au-ros-stalpii-de-otel4-485x1024-1\"><\/a><\/figure>\n<figure class=\"wp-block-image size-large\"><a href=\"https:\/\/voceatimisului.ro\/wp-content\/uploads\/2023\/03\/Sobolanii-din-Parcul-Civic-au-ros-stalpii-de-otel3.jpg\"><img loading=\"lazy\" decoding=\"async\" width=\"485\" height=\"1024\" data-id=\"155530\" src=\"https:\/\/analyse.optim.biz\/wp-content\/uploads\/2026\/01\/sobolanii-din-parcul-civic-au-ros-stalpii-de-otel3-485x1024-1.jpg\" alt=\"&lt;strong&gt;Iron man! \u0218obolanii din Parcul Civic au ros st\u00e2lpii de o\u021bel de la felinarele plantate sub nasul \u0219i pe semn\u0103tura administra\u021biei Dominic Fritz&lt;\/strong&gt;\" class=\"wp-image-155530\" title=\"sobolanii-din-parcul-civic-au-ros-stalpii-de-otel3-485x1024-1\"><\/a><\/figure>\n<figure class=\"wp-block-image size-large\"><a href=\"https:\/\/voceatimisului.ro\/wp-content\/uploads\/2023\/03\/Sobolanii-din-Parcul-Civic-au-ros-stalpii-de-otel2.jpg\"><img decoding=\"async\" loading=\"lazy\" width=\"485\" height=\"1024\" data-id=\"155529\" src=\"https:\/\/analyse.optim.biz\/wp-content\/uploads\/2026\/01\/sobolanii-din-parcul-civic-au-ros-stalpii-de-otel2-485x1024-1.jpg\" alt=\"&lt;strong&gt;Iron man! \u0218obolanii din Parcul Civic au ros st\u00e2lpii de o\u021bel de la felinarele plantate sub nasul \u0219i pe semn\u0103tura administra\u021biei Dominic Fritz&lt;\/strong&gt;\" class=\"wp-image-155529\" title=\"sobolanii-din-parcul-civic-au-ros-stalpii-de-otel2-485x1024-1\"><\/a><\/figure>\n<figure class=\"wp-block-image size-large\"><a href=\"https:\/\/voceatimisului.ro\/wp-content\/uploads\/2023\/03\/Sobolanii-din-Parcul-Civic-au-ros-stalpii-de-otel1.jpg\"><img decoding=\"async\" loading=\"lazy\" width=\"485\" height=\"1024\" data-id=\"155528\" src=\"https:\/\/analyse.optim.biz\/wp-content\/uploads\/2026\/01\/sobolanii-din-parcul-civic-au-ros-stalpii-de-otel1-485x1024-1.jpg\" alt=\"&lt;strong&gt;Iron man! \u0218obolanii din Parcul Civic au ros st\u00e2lpii de o\u021bel de la felinarele plantate sub nasul \u0219i pe semn\u0103tura administra\u021biei Dominic Fritz&lt;\/strong&gt;\" class=\"wp-image-155528\" title=\"sobolanii-din-parcul-civic-au-ros-stalpii-de-otel1-485x1024-1\"><\/a><\/figure>\n<figure class=\"wp-block-image size-large\"><a href=\"https:\/\/voceatimisului.ro\/wp-content\/uploads\/2023\/03\/9.INCADRARE_page-0001.jpg\"><img decoding=\"async\" loading=\"lazy\" width=\"1024\" height=\"724\" data-id=\"155538\" src=\"https:\/\/analyse.optim.biz\/wp-content\/uploads\/2026\/01\/9-incadrare_page-0001-1024x724-1.jpg\" alt=\"&lt;strong&gt;Iron man! \u0218obolanii din Parcul Civic au ros st\u00e2lpii de o\u021bel de la felinarele plantate sub nasul \u0219i pe semn\u0103tura administra\u021biei Dominic Fritz&lt;\/strong&gt;\" class=\"wp-image-155538\" title=\"9-incadrare_page-0001-1024x724-1\"><\/a><\/figure>\n<figure class=\"wp-block-image size-large\"><a href=\"https:\/\/voceatimisului.ro\/wp-content\/uploads\/2023\/03\/30.STALP-ILUMINAT.pdf-2_page-0001.jpg\"><img decoding=\"async\" loading=\"lazy\" width=\"725\" height=\"1024\" data-id=\"155537\" src=\"https:\/\/analyse.optim.biz\/wp-content\/uploads\/2026\/01\/30-stalp-iluminat-pdf-2_page-0001-725x1024-1.jpg\" alt=\"&lt;strong&gt;Iron man! \u0218obolanii din Parcul Civic au ros st\u00e2lpii de o\u021bel de la felinarele plantate sub nasul \u0219i pe semn\u0103tura administra\u021biei Dominic Fritz&lt;\/strong&gt;\" class=\"wp-image-155537\" title=\"30-stalp-iluminat-pdf-2_page-0001-725x1024-1\"><\/a><\/figure>\n<figure class=\"wp-block-image size-large\"><a href=\"https:\/\/voceatimisului.ro\/wp-content\/uploads\/2023\/03\/caiet-de-sarcini-Lucrari-Modernizare-Parcul-Cetatii_page-0001.jpg\"><img decoding=\"async\" loading=\"lazy\" width=\"724\" height=\"1024\" data-id=\"155536\" src=\"https:\/\/analyse.optim.biz\/wp-content\/uploads\/2026\/01\/caiet-de-sarcini-lucrari-modernizare-parcul-cetatii_page-0001-724x1024-1.jpg\" alt=\"&lt;strong&gt;Iron man! \u0218obolanii din Parcul Civic au ros st\u00e2lpii de o\u021bel de la felinarele plantate sub nasul \u0219i pe semn\u0103tura administra\u021biei Dominic Fritz&lt;\/strong&gt;\" class=\"wp-image-155536\" title=\"caiet-de-sarcini-lucrari-modernizare-parcul-cetatii_page-0001-724x1024-1\"><\/a><\/figure>\n<figure class=\"wp-block-image size-large\"><a href=\"https:\/\/voceatimisului.ro\/wp-content\/uploads\/2023\/03\/caiet-de-sarcini-Lucrari-Modernizare-Parcul-Cetatii_page-0002.jpg\"><img decoding=\"async\" loading=\"lazy\" width=\"724\" height=\"1024\" data-id=\"155535\" src=\"https:\/\/analyse.optim.biz\/wp-content\/uploads\/2026\/01\/caiet-de-sarcini-lucrari-modernizare-parcul-cetatii_page-0002-724x1024-1.jpg\" alt=\"&lt;strong&gt;Iron man! \u0218obolanii din Parcul Civic au ros st\u00e2lpii de o\u021bel de la felinarele plantate sub nasul \u0219i pe semn\u0103tura administra\u021biei Dominic Fritz&lt;\/strong&gt;\" class=\"wp-image-155535\" title=\"caiet-de-sarcini-lucrari-modernizare-parcul-cetatii_page-0002-724x1024-1\"><\/a><\/figure>\n<\/figure>\n<\/div>\n<\/div>\n<div class=\"td_block_wrap tdb_single_tags tdi_88 td-pb-border-top td_block_template_1\" data-td-block-uid=\"tdi_88\">\n<div class=\"tdb-block-inner td-fix-index\">\n<ul class=\"tdb-tags\">\n<li><span>Tags<\/span><\/li>\n<li><a href=\"https:\/\/voceatimisului.ro\/tag\/dominic-fritz\/\">Dominic Fritz<\/a><\/li>\n<li><a href=\"https:\/\/voceatimisului.ro\/tag\/parcul-civic\/\">parcul civic<\/a><\/li>\n<li><a href=\"https:\/\/voceatimisului.ro\/tag\/primaria-timisoara\/\">primaria timisoara<\/a><\/li>\n<\/ul>\n<\/div>\n<\/div>\n<div class=\"td_block_wrap tdb_single_post_share tdi_89  td-pb-border-top td_block_template_1\" data-td-block-uid=\"tdi_89\">\n<div id=\"tdi_89\" class=\"td-post-sharing tdb-block td-ps-bg td-ps-notext td-post-sharing-style1 \">\n<div class=\"td-post-sharing-visible\"><a class=\"td-social-sharing-button td-social-sharing-button-js td-social-network td-social-facebook\" href=\"https:\/\/www.facebook.com\/sharer.php?u=https%3A%2F%2Fvoceatimisului.ro%2Firon-man-sobolanii-din-parcul-civic-au-ros-stalpii-de-otel-de-la-felinarele-plantate-sub-nasul-si-pe-semnatura-administratiei-dominic-fritz%2F\" title=\"Facebook\" rel=\"noopener\"><\/p>\n<div class=\"td-social-but-text\">Facebook<\/div>\n<p><\/a><a class=\"td-social-sharing-button td-social-sharing-button-js td-social-network td-social-twitter\" href=\"https:\/\/twitter.com\/intent\/tweet?text=%3Cstrong%3EIron+man%21+%C8%98obolanii+din+Parcul+Civic+au+ros+st%C3%A2lpii+de+o%C8%9Bel+de+la+felinarele+plantate+sub+nasul+%C8%99i+pe+semn%C4%83tura+administra%C8%9Biei+Dominic+Fritz%3C%2Fstrong%3E&amp;url=https%3A%2F%2Fvoceatimisului.ro%2Firon-man-sobolanii-din-parcul-civic-au-ros-stalpii-de-otel-de-la-felinarele-plantate-sub-nasul-si-pe-semnatura-administratiei-dominic-fritz%2F&amp;via=Vocea+Timisului\" title=\"Twitter\" rel=\"noopener\"><\/p>\n<div class=\"td-social-but-text\">Twitter<\/div>\n<p><\/a><a class=\"td-social-sharing-button td-social-sharing-button-js td-social-network td-social-pinterest\" href=\"https:\/\/pinterest.com\/pin\/create\/button\/?url=https:\/\/voceatimisului.ro\/iron-man-sobolanii-din-parcul-civic-au-ros-stalpii-de-otel-de-la-felinarele-plantate-sub-nasul-si-pe-semnatura-administratiei-dominic-fritz\/&amp;media=https:\/\/analyse.optim.biz\/wp-content\/uploads\/2026\/01\/sobolanii-din-parcul-civic-jpg.webp&amp;description=%3Cstrong%3EIron+man%21+%C8%98obolanii+din+Parcul+Civic+au+ros+st%C3%A2lpii+de+o%C8%9Bel+de+la+felinarele+plantate+sub+nasul+%C8%99i+pe+semn%C4%83tura+administra%C8%9Biei+Dominic+Fritz%3C%2Fstrong%3E\" title=\"Pinterest\" rel=\"noopener\"><\/p>\n<div class=\"td-social-but-text\">Pinterest<\/div>\n<p><\/a><a class=\"td-social-sharing-button td-social-sharing-button-js td-social-network td-social-whatsapp\" href=\"https:\/\/api.whatsapp.com\/send?text=%3Cstrong%3EIron+man%21+%C8%98obolanii+din+Parcul+Civic+au+ros+st%C3%A2lpii+de+o%C8%9Bel+de+la+felinarele+plantate+sub+nasul+%C8%99i+pe+semn%C4%83tura+administra%C8%9Biei+Dominic+Fritz%3C%2Fstrong%3E%20%0A%0A%20https:\/\/voceatimisului.ro\/iron-man-sobolanii-din-parcul-civic-au-ros-stalpii-de-otel-de-la-felinarele-plantate-sub-nasul-si-pe-semnatura-administratiei-dominic-fritz\/\" title=\"WhatsApp\" rel=\"noopener\"><\/p>\n<div class=\"td-social-but-text\">WhatsApp<\/div>\n<p><\/a><a class=\"td-social-sharing-button td-social-sharing-button-js td-social-network td-social-linkedin\" href=\"https:\/\/www.linkedin.com\/shareArticle?mini=true&amp;url=https:\/\/voceatimisului.ro\/iron-man-sobolanii-din-parcul-civic-au-ros-stalpii-de-otel-de-la-felinarele-plantate-sub-nasul-si-pe-semnatura-administratiei-dominic-fritz\/&amp;title=%3Cstrong%3EIron+man%21+%C8%98obolanii+din+Parcul+Civic+au+ros+st%C3%A2lpii+de+o%C8%9Bel+de+la+felinarele+plantate+sub+nasul+%C8%99i+pe+semn%C4%83tura+administra%C8%9Biei+Dominic+Fritz%3C%2Fstrong%3E\" title=\"Linkedin\" rel=\"noopener\"><\/p>\n<div class=\"td-social-but-text\">Linkedin<\/div>\n<p><\/a><a class=\"td-social-sharing-button td-social-sharing-button-js td-social-network td-social-copy_url\" href=\"https:\/\/voceatimisului.ro\/iron-man-sobolanii-din-parcul-civic-au-ros-stalpii-de-otel-de-la-felinarele-plantate-sub-nasul-si-pe-semnatura-administratiei-dominic-fritz\/\" title=\"Copy URL\" rel=\"noopener\"><\/p>\n<div class=\"td-social-but-text\">Copy URL<\/div>\n<p><\/a><\/div>\n<\/div>\n<\/div>\n<div class=\"td_block_wrap tdb_single_next_prev tdi_90 td-animation-stack td-next-prev-img-on td-pb-border-top td_block_template_1\" data-td-block-uid=\"tdi_90\">\n<div class=\"tdb-block-inner td-fix-index\">\n<div class=\"tdb-next-post tdb-next-post-bg tdb-post-prev\"><span>Articolul precedent<\/span><\/p>\n<div class=\"td-module-container\">\n<div class=\"td-image-container\"><a class=\"td-image-wrap\" href=\"https:\/\/voceatimisului.ro\/trai-si-viata-primaria-giroc-a-secretizat-date-publice-pana-la-absurd-doar-pentru-a-ascunde-incompatibilitatea-arhitectei-sefe-cristina-babescu\/\"><img loading=\"lazy\" decoding=\"async\" class=\"td-next-prev-image td-fix-index td-lazy-img\" title=\"&lt;strong&gt;Trai \u0219i via\u021b\u0103! Prim\u0103ria Giroc a secretizat date publice, p\u00e2n\u0103 la absurd, doar pentru a ascunde incompatibilitatea arhitectei-\u0219efe Cristina Babescu&lt;\/strong&gt;\" width=\"696\" height=\"430\" src=\"https:\/\/analyse.optim.biz\/wp-content\/uploads\/2026\/01\/cristina-babescu-si-carmina-matea-jpg-696x430-1.webp\"><\/a><\/div>\n<div class=\"next-prev-title\"><a href=\"https:\/\/voceatimisului.ro\/trai-si-viata-primaria-giroc-a-secretizat-date-publice-pana-la-absurd-doar-pentru-a-ascunde-incompatibilitatea-arhitectei-sefe-cristina-babescu\/\"><strong>Trai \u0219i via\u021b\u0103! Prim\u0103ria Giroc a secretizat date publice, p\u00e2n\u0103 la absurd, doar pentru a ascunde incompatibilitatea arhitectei-\u0219efe Cristina Babescu<\/strong><\/a><\/div>\n<\/div>\n<\/div>\n<div class=\"tdb-next-post tdb-next-post-bg tdb-post-next\"><span>Articolul urm\u0103tor<\/span><\/p>\n<div class=\"td-module-container\">\n<div class=\"td-image-container\"><a class=\"td-image-wrap\" href=\"https:\/\/voceatimisului.ro\/haos-generalizat-sute-de-mii-de-euro-nefiscalizati-zburda-n-voie-in-germania-printre-clanurile-de-rromi-din-timisoara-care-se-ameninta-cu-incendierea-mortilor-si-cu-varsarea-de-sange-prin-toata-e\/\"><img loading=\"lazy\" decoding=\"async\" class=\"td-next-prev-image td-fix-index td-lazy-img\" title=\"Haos generalizat! Sute de mii de euro nefiscaliza\u021bi, zburd\u0103-n voie, \u00een Germania, printre clanurile de rromi din Timi\u0219oara, care se amenin\u021b\u0103 cu incendierea mor\u021bilor \u0219i cu v\u0103rsarea de s\u00e2nge prin toat\u0103 Europa\" width=\"696\" height=\"439\" src=\"https:\/\/analyse.optim.biz\/wp-content\/uploads\/2026\/01\/sute-de-mii-de-euro-sub-forma-lichida-jpg-696x439-1-1.webp\"><\/a><\/div>\n<div class=\"next-prev-title\"><a href=\"https:\/\/voceatimisului.ro\/haos-generalizat-sute-de-mii-de-euro-nefiscalizati-zburda-n-voie-in-germania-printre-clanurile-de-rromi-din-timisoara-care-se-ameninta-cu-incendierea-mortilor-si-cu-varsarea-de-sange-prin-toata-e\/\">Haos generalizat! Sute de mii de euro nefiscaliza\u021bi, zburd\u0103-n voie, \u00een Germania, printre clanurile de rromi din Timi\u0219oara, care se amenin\u021b\u0103 cu incendierea mor\u021bilor \u0219i cu v\u0103rsarea de s\u00e2nge prin toat\u0103 Europa<\/a><\/div>\n<\/div>\n<\/div>\n<\/div>\n<\/div>\n<\/div>\n<\/div>\n<\/div>\n<\/div>\n<div class=\"vc_row_inner tdi_100  vc_row vc_inner wpb_row td-pb-row\">\n<div class=\"vc_column_inner tdi_102  wpb_column vc_column_container tdc-inner-column td-pb-span4 td-is-sticky\">\n<div class=\"vc_column-inner\">\n<div class=\"wpb_wrapper\" data-sticky-enabled-on=\"W3RydWUsdHJ1ZSx0cnVlLHRydWVd\" data-sticky-offset=\"20\" data-sticky-is-width-auto=\"W2ZhbHNlLGZhbHNlLGZhbHNlLGZhbHNlXQ==\">\n<div class=\"td_block_wrap tdb_single_related tdi_103 td_with_ajax_pagination td-pb-border-top td_block_template_1 tdb-single-related-posts\" data-td-block-uid=\"tdi_103\">\n<div id=\"tdi_103\" class=\"td_block_inner tdb-block-inner td-fix-index\">\n<div class=\"tdb_module_related td_module_wrap td-animation-stack td-meta-info-hide\">\n<div class=\"td-module-container td-category-pos-image\">\n<div class=\"td-module-meta-info\">\n<h3 class=\"entry-title td-module-title\"><a href=\"https:\/\/voceatimisului.ro\/retim-a-plecat-din-timisoara-sub-nasul-consiliului-local\/\" rel=\"bookmark\" title=\"RETIM a plecat din Timi\u0219oara sub nasul Consiliului Local\">RETIM a plecat din Timi\u0219oara sub nasul Consiliului Local<\/a><\/h3>\n<\/div>\n<\/div>\n<\/div>\n<div class=\"tdb_module_related td_module_wrap td-animation-stack td-meta-info-hide\">\n<div class=\"td-module-container td-category-pos-image\">\n<div class=\"td-module-meta-info\">\n<h3 class=\"entry-title td-module-title\"><a href=\"https:\/\/voceatimisului.ro\/cum-a-ajuns-firma-lui-gabriel-almajan-sa-primeasca-doua-autorizatii-pe-acelasi-teren-fara-pud\/\" rel=\"bookmark\" title=\"Cum a ajuns firma lui Gabriel Alm\u0103jan s\u0103 primeasc\u0103 dou\u0103 autoriza\u021bii pe acela\u0219i teren, f\u0103r\u0103 PUD\">Cum a ajuns firma lui Gabriel Alm\u0103jan s\u0103 primeasc\u0103 dou\u0103 autoriza\u021bii pe acela\u0219i teren, f\u0103r\u0103 PUD<\/a><\/h3>\n<\/div>\n<\/div>\n<\/div>\n<div class=\"tdb_module_related td_module_wrap td-animation-stack td-meta-info-hide\">\n<div class=\"td-module-container td-category-pos-image\">\n<div class=\"td-module-meta-info\">\n<h3 class=\"entry-title td-module-title\"><a href=\"https:\/\/voceatimisului.ro\/retim-si-a-mutat-sediul-in-oradea-timisoara-pierde-taxe-administratia-fritz-tace\/\" rel=\"bookmark\" title=\"RETIM \u0219i-a mutat sediul \u00een Oradea. Timi\u0219oara pierde taxe, administra\u021bia Fritz tace\">RETIM \u0219i-a mutat sediul \u00een Oradea. Timi\u0219oara pierde taxe, administra\u021bia Fritz tace<\/a><\/h3>\n<\/div>\n<\/div>\n<\/div>\n<\/div>\n<\/div>\n<\/div>\n<\/div>\n<\/div>\n<div class=\"vc_column_inner tdi_105  wpb_column vc_column_container tdc-inner-column td-pb-span8\">\n<div class=\"vc_column-inner\">\n<div class=\"wpb_wrapper\">\n<div class=\"td_block_wrap tdb_single_comments tdi_106 tdb-comm-layout2 td-pb-border-top td_block_template_2\" data-td-block-uid=\"tdi_106\">\n<div class=\"tdb-block-inner td-fix-index\">\n<div class=\"comments\" id=\"comments\">\n<div class=\"td-comments-title-wrap td_block_template_2\">\n<h4 class=\"td-comments-title td-block-title\"><span>8 COMENTARII<\/span><\/h4>\n<\/div>\n<ol class=\"comment-list\">\n<li class=\"comment \" id=\"comment-26653\">\n<article>\n<footer><cite>Adrian<\/cite><a class=\"comment-link\" href=\"https:\/\/voceatimisului.ro\/iron-man-sobolanii-din-parcul-civic-au-ros-stalpii-de-otel-de-la-felinarele-plantate-sub-nasul-si-pe-semnatura-administratiei-dominic-fritz\/#comment-26653\"><time><br \/>\n\t\t\t\t\t\t    18 mai 2023\t\t\t\t\t\t    La\t\t\t\t\t\t    1:43 PM<\/time><\/a><\/footer>\n<div class=\"comment-content\">\n<p>Sincer, cred ca aveti ceva cu cineva, nu cred ca se preteaza pentru un parc stalpi de otel, doar fonta sau ce s-a pus acolo, nu il cunosc nici pe primar nici firma constructoare, dar pot sa spun ca am montat acest gen de stlpi in parcuri si de 5 ani nu sunt probleme, puteti sa vedeti sunt mai multi furnizori, gen Fumagalli, Rosa, etc, sunt cei mai moderni stalpi de pe piata, la un pret dublu fata de cei de otel, nu comentez de inaltimea lor, poate nu s-a respectat dar in rest sunt stalpi moderni, cu miez de otel, un strat de poliuretan si rasina la exterior, poate daca au fost adusi din China sa nu fie de calitate dar in rest ar trebui sa fie ok, iar invelisul nu il pot distruge sobolanii, doar prin acte de vandalism se poate distruge, cum am spus am montat acest gen de stalpi si sunt cei mai moderni, se construiesc asa pentru protectia oamenilor, ca sa nu se poata atige partile metalice si astfel sa nu existe riscul de electrocutari accidentale. Studiati intai documentatiile de la producatorii pe care i-am nominalizat si apoi scrieti ca nu sunt ok\u2026<\/p>\n<\/div>\n<div class=\"comment-meta\" id=\"comment-26653\"><a rel=\"nofollow\" class=\"comment-reply-link\" href=\"https:\/\/voceatimisului.ro\/iron-man-sobolanii-din-parcul-civic-au-ros-stalpii-de-otel-de-la-felinarele-plantate-sub-nasul-si-pe-semnatura-administratiei-dominic-fritz\/#comment-26653\" data-commentid=\"26653\" data-postid=\"155524\" data-belowelement=\"comment-26653\" data-respondelement=\"respond\" data-replyto=\"R\u0103spunde-i lui Adrian\" aria-label=\"R\u0103spunde-i lui Adrian\">R\u0103spunde\u021bi<\/a><\/div>\n<\/article>\n<ul class=\"children\">\n<li class=\"comment \" id=\"comment-26659\">\n<article>\n<footer><cite>Vlad Marcu<\/cite><a class=\"comment-link\" href=\"https:\/\/voceatimisului.ro\/iron-man-sobolanii-din-parcul-civic-au-ros-stalpii-de-otel-de-la-felinarele-plantate-sub-nasul-si-pe-semnatura-administratiei-dominic-fritz\/#comment-26659\"><time><br \/>\n\t\t\t\t\t\t    18 mai 2023\t\t\t\t\t\t    La\t\t\t\t\t\t    7:41 PM<\/time><\/a><\/footer>\n<div class=\"comment-content\">\n<p>E treaba dvs ce crede\u021bi! Nu a zis nimeni ca st\u00e2lpii nu sunt Ok. Ceea ce am spus, pe baza de documente, e ca NU a fost respectat caietul de sarcini care prevede st\u00e2lpi de o\u021bel! \u0218i caietul de sarcini e\u2026 LEGE!<br \/>\nPs: nici \u00een\u0103l\u021bimea st\u00e2lpilor nu corespunde!!<\/p>\n<\/div>\n<div class=\"comment-meta\" id=\"comment-26659\"><a rel=\"nofollow\" class=\"comment-reply-link\" href=\"https:\/\/voceatimisului.ro\/iron-man-sobolanii-din-parcul-civic-au-ros-stalpii-de-otel-de-la-felinarele-plantate-sub-nasul-si-pe-semnatura-administratiei-dominic-fritz\/#comment-26659\" data-commentid=\"26659\" data-postid=\"155524\" data-belowelement=\"comment-26659\" data-respondelement=\"respond\" data-replyto=\"R\u0103spunde-i lui Vlad Marcu\" aria-label=\"R\u0103spunde-i lui Vlad Marcu\">R\u0103spunde\u021bi<\/a><\/div>\n<\/article>\n<\/li>\n<\/ul>\n<\/li>\n<li class=\"comment \" id=\"comment-26410\">\n<article>\n<footer><cite>Constantin<\/cite><a class=\"comment-link\" href=\"https:\/\/voceatimisului.ro\/iron-man-sobolanii-din-parcul-civic-au-ros-stalpii-de-otel-de-la-felinarele-plantate-sub-nasul-si-pe-semnatura-administratiei-dominic-fritz\/#comment-26410\"><time><br \/>\n\t\t\t\t\t\t    16 martie 2023\t\t\t\t\t\t    La\t\t\t\t\t\t    3:51 PM<\/time><\/a><\/footer>\n<div class=\"comment-content\">\n<p>In fiecare zi apare ceva de ramai gura casca. Dar nu asta este problema. Problema e, ca ziua trece, reportajul trece si nimic nu se intampla. Tot acolo \u00eei gasim pe incompetenti facand aceleasi cacaturi in fiecare zi. Romania, un sat fara caini<\/p>\n<\/div>\n<div class=\"comment-meta\" id=\"comment-26410\"><a rel=\"nofollow\" class=\"comment-reply-link\" href=\"https:\/\/voceatimisului.ro\/iron-man-sobolanii-din-parcul-civic-au-ros-stalpii-de-otel-de-la-felinarele-plantate-sub-nasul-si-pe-semnatura-administratiei-dominic-fritz\/#comment-26410\" data-commentid=\"26410\" data-postid=\"155524\" data-belowelement=\"comment-26410\" data-respondelement=\"respond\" data-replyto=\"R\u0103spunde-i lui Constantin\" aria-label=\"R\u0103spunde-i lui Constantin\">R\u0103spunde\u021bi<\/a><\/div>\n<\/article>\n<\/li>\n<li class=\"comment \" id=\"comment-26407\">\n<article>\n<footer><cite>Helmuth<\/cite><a class=\"comment-link\" href=\"https:\/\/voceatimisului.ro\/iron-man-sobolanii-din-parcul-civic-au-ros-stalpii-de-otel-de-la-felinarele-plantate-sub-nasul-si-pe-semnatura-administratiei-dominic-fritz\/#comment-26407\"><time><br \/>\n\t\t\t\t\t\t    16 martie 2023\t\t\t\t\t\t    La\t\t\t\t\t\t    10:20 AM<\/time><\/a><\/footer>\n<div class=\"comment-content\">\n<p>Bun\u0103 ziua, dupa ce am citit si observat materialul prezentat poate fi o chestiune confuza \u00eentre procedur\u0103 si produs \u00eens\u0103, din punct de vedere structural, decorativ si \u00een ceea ce prive\u0219te calitatea materialelelor partea de jos a stalpilor poate fi doar imbracata din material tip poliuretanic la baza si \u00een interior iar in exterior cu simbol antichizat, at\u00e2t pentru schimburile necesare ulterioare exploatarii c\u00e2t \u0219i din ratiuni de protec\u021bie pentru persoanele care ajung \u00een impact cu partea de jos a stalpului. Cu stima<\/p>\n<\/div>\n<div class=\"comment-meta\" id=\"comment-26407\"><a rel=\"nofollow\" class=\"comment-reply-link\" href=\"https:\/\/voceatimisului.ro\/iron-man-sobolanii-din-parcul-civic-au-ros-stalpii-de-otel-de-la-felinarele-plantate-sub-nasul-si-pe-semnatura-administratiei-dominic-fritz\/#comment-26407\" data-commentid=\"26407\" data-postid=\"155524\" data-belowelement=\"comment-26407\" data-respondelement=\"respond\" data-replyto=\"R\u0103spunde-i lui Helmuth\" aria-label=\"R\u0103spunde-i lui Helmuth\">R\u0103spunde\u021bi<\/a><\/div>\n<\/article>\n<ul class=\"children\">\n<li class=\"comment \" id=\"comment-26409\">\n<article>\n<footer><cite>Vlad Marcu<\/cite><a class=\"comment-link\" href=\"https:\/\/voceatimisului.ro\/iron-man-sobolanii-din-parcul-civic-au-ros-stalpii-de-otel-de-la-felinarele-plantate-sub-nasul-si-pe-semnatura-administratiei-dominic-fritz\/#comment-26409\"><time><br \/>\n\t\t\t\t\t\t    16 martie 2023\t\t\t\t\t\t    La\t\t\t\t\t\t    3:09 PM<\/time><\/a><\/footer>\n<div class=\"comment-content\">\n<p>Multumim pentru sugestie. Ideea e ca totul e din plastic \u0219i poliuretan. Chiar \u0219i teava, de\u0219i caietul de sarcini obliga la\u2026o\u021bel. A\u0219a a fost c\u00e2\u0219tigat\u0103 \u0219i licita\u021bia\u2026pe felinare de metal, nu plastic. O zi frumoasa!<\/p>\n<\/div>\n<div class=\"comment-meta\" id=\"comment-26409\"><a rel=\"nofollow\" class=\"comment-reply-link\" href=\"https:\/\/voceatimisului.ro\/iron-man-sobolanii-din-parcul-civic-au-ros-stalpii-de-otel-de-la-felinarele-plantate-sub-nasul-si-pe-semnatura-administratiei-dominic-fritz\/#comment-26409\" data-commentid=\"26409\" data-postid=\"155524\" data-belowelement=\"comment-26409\" data-respondelement=\"respond\" data-replyto=\"R\u0103spunde-i lui Vlad Marcu\" aria-label=\"R\u0103spunde-i lui Vlad Marcu\">R\u0103spunde\u021bi<\/a><\/div>\n<\/article>\n<\/li>\n<\/ul>\n<\/li>\n<li class=\"comment \" id=\"comment-26403\">\n<article>\n<footer><cite>Gogu* ologu*<\/cite><a class=\"comment-link\" href=\"https:\/\/voceatimisului.ro\/iron-man-sobolanii-din-parcul-civic-au-ros-stalpii-de-otel-de-la-felinarele-plantate-sub-nasul-si-pe-semnatura-administratiei-dominic-fritz\/#comment-26403\"><time><br \/>\n\t\t\t\t\t\t    15 martie 2023\t\t\t\t\t\t    La\t\t\t\t\t\t    7:28 PM<\/time><\/a><\/footer>\n<div class=\"comment-content\">\n<p>\u2026e destul de simplu ca GASCA DE LA USR BUCURE\u0218TI \/ ALIAS GASCA CONDUSA DE CITY MANAGERUL BUCURESTEAN impus pe plaiuri b\u0103n\u0103\u021bene, e UMBRELA ANTIGLONT ptr SCELERATII SI DECEREBRATII care SUNT LA BUTOANE PE LA TIMISOARA<br \/>\n\u2026oare de ce nu face\u021bi SI O PLANGERE PE LA PARCHETE , pt ca altfel autorit\u0103\u021bile statului NU SE VOR SESIZA DIN OFICIU<br \/>\n..ORI POATE LATCAII DIN JURUL LUI NEA FRITZ -ULICA , se bazeaz\u0103 pe un anume Cristian B \u2026?????<\/p>\n<\/div>\n<div class=\"comment-meta\" id=\"comment-26403\"><a rel=\"nofollow\" class=\"comment-reply-link\" href=\"https:\/\/voceatimisului.ro\/iron-man-sobolanii-din-parcul-civic-au-ros-stalpii-de-otel-de-la-felinarele-plantate-sub-nasul-si-pe-semnatura-administratiei-dominic-fritz\/#comment-26403\" data-commentid=\"26403\" data-postid=\"155524\" data-belowelement=\"comment-26403\" data-respondelement=\"respond\" data-replyto=\"R\u0103spunde-i lui Gogu* ologu*\" aria-label=\"R\u0103spunde-i lui Gogu* ologu*\">R\u0103spunde\u021bi<\/a><\/div>\n<\/article>\n<\/li>\n<\/ol>\n<div id=\"respond\" class=\"comment-respond\">\n<h3 id=\"reply-title\" class=\"comment-reply-title\">L\u0102SA\u021aI UN MESAJ <small><a rel=\"nofollow\" id=\"cancel-comment-reply-link\" href=\"https:\/\/voceatimisului.ro\/iron-man-sobolanii-din-parcul-civic-au-ros-stalpii-de-otel-de-la-felinarele-plantate-sub-nasul-si-pe-semnatura-administratiei-dominic-fritz\/#respond\">Renun\u021ba\u021bi la r\u0103spuns<\/a><\/small><\/h3>\n<div class=\"comment-form-input-wrap td-form-comment\">\n<div class=\"td-warning-comment\">V\u0103 rug\u0103m s\u0103 introduce\u021bi comentariul dvs.!<\/div>\n<\/div>\n<div class=\"comment-form-input-wrap td-form-author\">\n<div class=\"td-warning-author\">Introduce\u021bi aici numele dvs.<\/div>\n<\/div>\n<div class=\"comment-form-input-wrap td-form-email\">\n<div class=\"td-warning-email-error\">A\u021bi introdus o adres\u0103 de e-mail incorect\u0103!<\/div>\n<div class=\"td-warning-email\">V\u0103 rug\u0103m s\u0103 introduce\u021bi adresa dvs. de e-mail aici<\/div>\n<\/div>\n<\/div>\n<\/div>\n<\/div>\n<\/div>\n<\/div>\n<\/div>\n<\/div>\n<\/div>\n<\/div>\n<\/div>\n<div class=\"vc_column tdi_108  wpb_column vc_column_container tdc-column td-pb-span4 td-is-sticky\">\n<div class=\"wpb_wrapper\" data-sticky-enabled-on=\"W3RydWUsdHJ1ZSx0cnVlLHRydWVd\" data-sticky-offset=\"20\" data-sticky-is-width-auto=\"W2ZhbHNlLGZhbHNlLGZhbHNlLGZhbHNlXQ==\">\n<div class=\"vc_row_inner tdi_110  vc_row vc_inner wpb_row td-pb-row\">\n<div class=\"vc_column_inner tdi_112  wpb_column vc_column_container tdc-inner-column td-pb-span12\">\n<div class=\"vc_column-inner\">\n<div class=\"wpb_wrapper\">\n<div class=\"td_block_wrap td_block_title tdi_113 td-pb-border-top td_block_template_11 td-fix-index\" data-td-block-uid=\"tdi_113\">\n<div class=\"td-block-title-wrap\">\n<h4 class=\"td-block-title\"><span class=\"td-pulldown-size\">ANUN\u021aURI \u0218I PUBLICITATE<\/span><\/h4>\n<\/div>\n<\/div>\n<\/div>\n<\/div>\n<\/div>\n<\/div>\n<div class=\"wpb_wrapper td_block_wrap vc_widget_sidebar tdi_115 \">\n<aside id=\"block-10\" class=\"td_block_template_1 widget block-10 widget_block widget_media_image\">\n<figure class=\"wp-block-image size-full\"><a href=\"https:\/\/adpghiroda.ro\/index.html\" target=\"_blank\" rel=\" noreferrer noopener\"><img decoding=\"async\" loading=\"lazy\" width=\"960\" height=\"960\" src=\"https:\/\/analyse.optim.biz\/wp-content\/uploads\/2026\/01\/adp-ghiroda2-172.jpg\" class=\"wp-image-171492\" title=\"adp-ghiroda2-172\"><\/a><\/figure>\n<\/aside>\n<aside id=\"block-11\" class=\"td_block_template_1 widget block-11 widget_block widget_media_image\">\n<figure class=\"wp-block-image size-full\"><a href=\"https:\/\/adpghiroda.ro\/index.html\" target=\"_blank\" rel=\" noreferrer noopener\"><img decoding=\"async\" loading=\"lazy\" width=\"960\" height=\"960\" src=\"https:\/\/analyse.optim.biz\/wp-content\/uploads\/2026\/01\/adp-ghiroda1-172.jpg\" class=\"wp-image-171491\" title=\"adp-ghiroda1-172\"><\/a><\/figure>\n<\/aside>\n<aside id=\"block-17\" class=\"td_block_template_1 widget block-17 widget_block widget_media_image\">\n<figure class=\"wp-block-image size-large is-resized\"><a href=\"https:\/\/verde.events\/\" target=\"_blank\" rel=\" noreferrer noopener\"><img decoding=\"async\" loading=\"lazy\" width=\"1024\" height=\"683\" src=\"https:\/\/analyse.optim.biz\/wp-content\/uploads\/2026\/01\/verde-events-24-1024x683-1-157.jpg\" alt=\"Verde Events\" class=\"wp-image-174395\" title=\"verde-events-24-1024x683-1-157\"><\/a><figcaption class=\"wp-element-caption\"><strong><em>O experien\u021b\u0103 unic\u0103 pentru orice tip de eveniment<\/em><\/strong><\/figcaption><\/figure>\n<\/aside>\n<\/div>\n<div class=\"td_block_wrap td_flex_block_1 tdi_121 td-pb-border-top td_block_template_1 td_ajax_preloading_preload td_flex_block\" data-td-block-uid=\"tdi_121\">\n<div id=\"tdi_121\" class=\"td_block_inner td-mc1-wrap\">\n<div class=\"td_module_flex td_module_flex_1 td_module_wrap td-animation-stack td-meta-info-hide td-cpt-post\">\n<div class=\"td-module-container td-category-pos-image\">\n<div class=\"td-module-meta-info\">\n<h3 class=\"entry-title td-module-title\"><a href=\"https:\/\/voceatimisului.ro\/fritz-ignora-legea-ministerul-muncii-confirma-incetarea-functiei-lui-pokker-in-ziua-pensionarii\/\" rel=\"bookmark\" title=\"Fritz ignor\u0103 legea. Ministerul Muncii confirm\u0103 \u00eencetarea func\u021biei lui Pokker \u00een ziua pension\u0103rii\">Fritz ignor\u0103 legea. Ministerul Muncii confirm\u0103 \u00eencetarea func\u021biei lui Pokker \u00een ziua pension\u0103rii<\/a><\/h3>\n<\/div>\n<\/div>\n<\/div>\n<div class=\"td_module_flex td_module_flex_1 td_module_wrap td-animation-stack td-meta-info-hide td-cpt-post\">\n<div class=\"td-module-container td-category-pos-image\">\n<div class=\"td-module-meta-info\">\n<h3 class=\"entry-title td-module-title\"><a href=\"https:\/\/voceatimisului.ro\/licitatia-de-e-ticketing-a-primariei-timisoara-trimisa-la-rescris-de-cnsc-documentatie-profund-viciata-si-semne-de-intrebare-privind-expertiza-din-spatele-proiectului\/\" rel=\"bookmark\" title=\"Licita\u021bia de e-ticketing a Prim\u0103riei Timi\u0219oara, trimis\u0103 la rescris de CNSC. Documenta\u021bie \u201eprofund viciat\u0103\u201d \u0219i semne de \u00eentrebare privind expertiza din spatele proiectului\">Licita\u021bia de e-ticketing a Prim\u0103riei Timi\u0219oara, trimis\u0103 la rescris de CNSC. Documenta\u021bie \u201eprofund viciat\u0103\u201d \u0219i semne de \u00eentrebare privind expertiza din spatele proiectului<\/a><\/h3>\n<\/div>\n<\/div>\n<\/div>\n<div class=\"td_module_flex td_module_flex_1 td_module_wrap td-animation-stack td-meta-info-hide td-cpt-post\">\n<div class=\"td-module-container td-category-pos-image\">\n<div class=\"td-module-meta-info\">\n<h3 class=\"entry-title td-module-title\"><a href=\"https:\/\/voceatimisului.ro\/dominic-fritz-si-pensionarii-de-lux-ai-legalitatii\/\" rel=\"bookmark\" title=\"Dominic Fritz \u0219i pensionarii de lux ai legalit\u0103\u021bii\">Dominic Fritz \u0219i pensionarii de lux ai legalit\u0103\u021bii<\/a><\/h3>\n<\/div>\n<\/div>\n<\/div>\n<div class=\"td_module_flex td_module_flex_1 td_module_wrap td-animation-stack td-meta-info-hide td-cpt-post\">\n<div class=\"td-module-container td-category-pos-image\">\n<div class=\"td-module-meta-info\">\n<h3 class=\"entry-title td-module-title\"><a href=\"https:\/\/voceatimisului.ro\/demolari-fara-drept-si-functionari-executati-administratia-fritz-tot-mai-aproape-de-comunismul-birocratic\/\" rel=\"bookmark\" title=\"Demol\u0103ri f\u0103r\u0103 drept \u0219i func\u021bionari executa\u021bi: administra\u021bia Fritz, tot mai aproape de comunismul birocratic\">Demol\u0103ri f\u0103r\u0103 drept \u0219i func\u021bionari executa\u021bi: administra\u021bia Fritz, tot mai aproape de comunismul birocratic<\/a><\/h3>\n<\/div>\n<\/div>\n<\/div>\n<div class=\"td_module_flex td_module_flex_1 td_module_wrap td-animation-stack td-meta-info-hide td-cpt-post\">\n<div class=\"td-module-container td-category-pos-image\">\n<div class=\"td-module-meta-info\">\n<h3 class=\"entry-title td-module-title\"><a href=\"https:\/\/voceatimisului.ro\/buldozerul-administratiei-fritz-loveste-din-nou-viceprimarul-romocean-i-a-executat-administrativ-pe-cei-doi-functionari-care-au-refuzat-sa-mai-participe-la-demolarile-abuzive\/\" rel=\"bookmark\" title=\"Buldozerul administra\u021biei Fritz love\u0219te din nou. Viceprimarul Romocean i-a executat administrativ pe cei doi func\u021bionari care au refuzat s\u0103 mai participe la demol\u0103rile abuzive\">Buldozerul administra\u021biei Fritz love\u0219te din nou. Viceprimarul Romocean i-a executat administrativ pe cei doi func\u021bionari care au refuzat s\u0103 mai participe la demol\u0103rile abuzive<\/a><\/h3>\n<\/div>\n<\/div>\n<\/div>\n<\/div>\n<\/div>\n<\/div>\n<\/div>\n<\/div>\n<\/div>\n<\/div>\n<\/div>\n<p><span class=\"td-page-meta\"><\/span><span class=\"td-page-meta\"><span class=\"td-page-meta\"><\/span><\/span><span class=\"td-page-meta\"><\/span><\/article>\n<p> Source URL: https:\/\/voceatimisului.ro\/iron-man-sobolanii-din-parcul-civic-au-ros-stalpii-de-otel-de-la-felinarele-plantate-sub-nasul-si-pe-semnatura-administratiei-dominic-fritz\/<\/p>\n","protected":false},"excerpt":{"rendered":"<p>\u0218tiriVocea Str\u0103zii Iron man! \u0218obolanii din Parcul Civic au ros st\u00e2lpii de o\u021bel de la felinarele plantate sub nasul \u0219i pe semn\u0103tura administra\u021biei Dominic Fritz Autor-Tiberiu Kiss 15 martie 2023 8 1439 Facebook Twitter Pinterest WhatsApp Linkedin Copy URL Sobolanii din Parcul Civic jpg Reforma lui Fritz, pe banii timi\u0219orenilor. Timi\u0219oara pl\u0103te\u0219te milioane \u0219i se [&hellip;]<\/p>\n","protected":false},"author":1,"featured_media":1329571,"comment_status":"open","ping_status":"","sticky":false,"template":"","format":"standard","meta":{"footnotes":""},"categories":[89],"tags":[199],"class_list":["post-1329570","post","type-post","status-publish","format-standard","has-post-thumbnail","hentry","category-romania","tag-voceatimisului-ro"],"_links":{"self":[{"href":"https:\/\/analyse.optim.biz\/index.php?rest_route=\/wp\/v2\/posts\/1329570","targetHints":{"allow":["GET"]}}],"collection":[{"href":"https:\/\/analyse.optim.biz\/index.php?rest_route=\/wp\/v2\/posts"}],"about":[{"href":"https:\/\/analyse.optim.biz\/index.php?rest_route=\/wp\/v2\/types\/post"}],"author":[{"embeddable":true,"href":"https:\/\/analyse.optim.biz\/index.php?rest_route=\/wp\/v2\/users\/1"}],"replies":[{"embeddable":true,"href":"https:\/\/analyse.optim.biz\/index.php?rest_route=%2Fwp%2Fv2%2Fcomments&post=1329570"}],"version-history":[{"count":0,"href":"https:\/\/analyse.optim.biz\/index.php?rest_route=\/wp\/v2\/posts\/1329570\/revisions"}],"wp:featuredmedia":[{"embeddable":true,"href":"https:\/\/analyse.optim.biz\/index.php?rest_route=\/wp\/v2\/media\/1329571"}],"wp:attachment":[{"href":"https:\/\/analyse.optim.biz\/index.php?rest_route=%2Fwp%2Fv2%2Fmedia&parent=1329570"}],"wp:term":[{"taxonomy":"category","embeddable":true,"href":"https:\/\/analyse.optim.biz\/index.php?rest_route=%2Fwp%2Fv2%2Fcategories&post=1329570"},{"taxonomy":"post_tag","embeddable":true,"href":"https:\/\/analyse.optim.biz\/index.php?rest_route=%2Fwp%2Fv2%2Ftags&post=1329570"}],"curies":[{"name":"wp","href":"https:\/\/api.w.org\/{rel}","templated":true}]}}