{"id":1329555,"date":"2023-03-25T09:26:29","date_gmt":"2023-03-25T06:26:29","guid":{"rendered":"https:\/\/analyse.optim.biz\/?p=1329555"},"modified":"2023-03-25T09:26:29","modified_gmt":"2023-03-25T06:26:29","slug":"primaria-timisoara-a-refuzat-sa-faca-plangere-penala","status":"publish","type":"post","link":"https:\/\/analyse.optim.biz\/?p=1329555","title":{"rendered":"Prim\u0103ria Timi\u0219oara a refuzat s\u0103 fac\u0103 pl\u00e2ngere penal\u0103"},"content":{"rendered":"<article id=\"template-id-172790\" class=\"post-172790 tdb_templates type-tdb_templates status-publish post\">\n<div id=\"tdi_52\" class=\"tdc-zone\">\n<div class=\"tdc_zone tdi_53  wpb_row td-pb-row\">\n<div id=\"tdi_54\" class=\"tdc-row stretch_row_1400 td-stretch-content\">\n<div class=\"vc_row tdi_55  wpb_row td-pb-row tdc-element-style\">\n<div class=\"vc_column tdi_57  wpb_column vc_column_container tdc-column td-pb-span8\">\n<div class=\"wpb_wrapper\">\n<div class=\"td_block_wrap tdb_single_categories tdi_58 td-pb-border-top td_block_template_1 \" data-td-block-uid=\"tdi_58\">\n<div class=\"tdb-category td-fix-index\"><a class=\"tdb-entry-category\" href=\"https:\/\/voceatimisului.ro\/category\/stiri-din-timisoara-si-timis\/\">\u0218tiri<\/a><a class=\"tdb-entry-category\" href=\"https:\/\/voceatimisului.ro\/category\/stiri-din-timisoara-si-timis\/administratie\/\">Administra\u021bie<\/a><\/div>\n<\/div>\n<div class=\"td_block_wrap tdb_title tdi_59 tdb-single-title td-pb-border-top td_block_template_1\" data-td-block-uid=\"tdi_59\">\n<div class=\"tdb-block-inner td-fix-index\">\n<h1 class=\"tdb-title-text\"><strong>Liberul arbitru! Prim\u0103ria Timi\u0219oara a refuzat s\u0103 fac\u0103 pl\u00e2ngere penal\u0103 \u00eempotriva antreprenorului general de la Pasajul Solventul, de\u0219i constructorul a pus \u00een circula\u021bie un document pe care C.N.A.I.R l-a catalogat drept un fals<\/strong><\/h1>\n<\/div>\n<\/div>\n<div class=\"vc_row_inner tdi_62  vc_row vc_inner wpb_row td-pb-row\">\n<div class=\"vc_column_inner tdi_64  wpb_column vc_column_container tdc-inner-column td-pb-span6\">\n<div class=\"vc_column-inner\">\n<div class=\"wpb_wrapper\">\n<div class=\"td_block_wrap tdb_single_author tdi_65 td-pb-border-top td_block_template_1 tdb-post-meta\" data-td-block-uid=\"tdi_65\">\n<div class=\"tdb-block-inner td-fix-index\">\n<div class=\"tdb-author-name-wrap\"><span class=\"tdb-author-by\">Autor-<\/span><a class=\"tdb-author-name\" href=\"https:\/\/voceatimisului.ro\/author\/tibi\/\">Tiberiu Kiss<\/a><\/div>\n<\/div>\n<\/div>\n<div class=\"td_block_wrap tdb_single_date tdi_66 td-pb-border-top td_block_template_1 tdb-post-meta\" data-td-block-uid=\"tdi_66\">\n<div class=\"tdb-block-inner td-fix-index\"><time class=\"entry-date updated td-module-date\" datetime=\"2023-03-25T11:26:29+02:00\">25 martie 2023<\/time><\/div>\n<\/div>\n<div class=\"td_block_wrap tdb_single_comments_count tdi_67 td-pb-border-top td_block_template_1 tdb-post-meta\" data-td-block-uid=\"tdi_67\">\n<div class=\"tdb-block-inner td-fix-index\"><a href=\"https:\/\/voceatimisului.ro\/liberul-arbitru-primaria-timisoara-a-refuzat-sa-faca-plangere-penala-impotriva-antreprenorului-general-de-la-pasajul-solventul-desi-constructorul-a-pus-in-circulatie-un-document-pe-care-c-n-a-i-r-l\/#comments\"><span>1<\/span><\/a><\/div>\n<\/div>\n<div class=\"td_block_wrap tdb_single_post_views tdi_68 td-pb-border-top td_block_template_1 tdb-post-meta\" data-td-block-uid=\"tdi_68\">\n<div class=\"tdb-block-inner td-fix-index\"><span class=\"tdb-add-text\">1<\/span><span class=\"td-nr-views-155572\">633<\/span><\/div>\n<\/div>\n<\/div>\n<\/div>\n<\/div>\n<div class=\"vc_column_inner tdi_70  wpb_column vc_column_container tdc-inner-column td-pb-span6\">\n<div class=\"vc_column-inner\">\n<div class=\"wpb_wrapper\">\n<div class=\"td_block_wrap tdb_single_post_share tdi_71  td-pb-border-top td_block_template_1\" data-td-block-uid=\"tdi_71\">\n<div id=\"tdi_71\" class=\"td-post-sharing tdb-block td-ps-bg td-ps-notext td-post-sharing-style1 \">\n<div class=\"td-post-sharing-visible\"><a class=\"td-social-sharing-button td-social-sharing-button-js td-social-network td-social-facebook\" href=\"https:\/\/www.facebook.com\/sharer.php?u=https%3A%2F%2Fvoceatimisului.ro%2Fliberul-arbitru-primaria-timisoara-a-refuzat-sa-faca-plangere-penala-impotriva-antreprenorului-general-de-la-pasajul-solventul-desi-constructorul-a-pus-in-circulatie-un-document-pe-care-c-n-a-i-r-l%2F\" title=\"Facebook\" rel=\"noopener\"><\/p>\n<div class=\"td-social-but-text\">Facebook<\/div>\n<p><\/a><a class=\"td-social-sharing-button td-social-sharing-button-js td-social-network td-social-twitter\" href=\"https:\/\/twitter.com\/intent\/tweet?text=%3Cstrong%3ELiberul+arbitru%21+Prim%C4%83ria+Timi%C8%99oara+a+refuzat+s%C4%83+fac%C4%83+pl%C3%A2ngere+penal%C4%83+%C3%AEmpotriva+antreprenorului+general+de+la+Pasajul+Solventul%2C+de%C8%99i+constructorul+a+pus+%C3%AEn+circula%C8%9Bie+un+document+pe+care+C.N.A.I.R+l-a+catalogat+drept+un+fals%3C%2Fstrong%3E&amp;url=https%3A%2F%2Fvoceatimisului.ro%2Fliberul-arbitru-primaria-timisoara-a-refuzat-sa-faca-plangere-penala-impotriva-antreprenorului-general-de-la-pasajul-solventul-desi-constructorul-a-pus-in-circulatie-un-document-pe-care-c-n-a-i-r-l%2F&amp;via=Vocea+Timisului\" title=\"Twitter\" rel=\"noopener\"><\/p>\n<div class=\"td-social-but-text\">Twitter<\/div>\n<p><\/a><a class=\"td-social-sharing-button td-social-sharing-button-js td-social-network td-social-pinterest\" href=\"https:\/\/pinterest.com\/pin\/create\/button\/?url=https:\/\/voceatimisului.ro\/liberul-arbitru-primaria-timisoara-a-refuzat-sa-faca-plangere-penala-impotriva-antreprenorului-general-de-la-pasajul-solventul-desi-constructorul-a-pus-in-circulatie-un-document-pe-care-c-n-a-i-r-l\/&amp;media=https:\/\/analyse.optim.biz\/wp-content\/uploads\/2026\/01\/dominic-fritz-la-pasajul-solventul-jpg.webp&amp;description=%3Cstrong%3ELiberul+arbitru%21+Prim%C4%83ria+Timi%C8%99oara+a+refuzat+s%C4%83+fac%C4%83+pl%C3%A2ngere+penal%C4%83+%C3%AEmpotriva+antreprenorului+general+de+la+Pasajul+Solventul%2C+de%C8%99i+constructorul+a+pus+%C3%AEn+circula%C8%9Bie+un+document+pe+care+C.N.A.I.R+l-a+catalogat+drept+un+fals%3C%2Fstrong%3E\" title=\"Pinterest\" rel=\"noopener\"><\/p>\n<div class=\"td-social-but-text\">Pinterest<\/div>\n<p><\/a><a class=\"td-social-sharing-button td-social-sharing-button-js td-social-network td-social-whatsapp\" href=\"https:\/\/api.whatsapp.com\/send?text=%3Cstrong%3ELiberul+arbitru%21+Prim%C4%83ria+Timi%C8%99oara+a+refuzat+s%C4%83+fac%C4%83+pl%C3%A2ngere+penal%C4%83+%C3%AEmpotriva+antreprenorului+general+de+la+Pasajul+Solventul%2C+de%C8%99i+constructorul+a+pus+%C3%AEn+circula%C8%9Bie+un+document+pe+care+C.N.A.I.R+l-a+catalogat+drept+un+fals%3C%2Fstrong%3E%20%0A%0A%20https:\/\/voceatimisului.ro\/liberul-arbitru-primaria-timisoara-a-refuzat-sa-faca-plangere-penala-impotriva-antreprenorului-general-de-la-pasajul-solventul-desi-constructorul-a-pus-in-circulatie-un-document-pe-care-c-n-a-i-r-l\/\" title=\"WhatsApp\" rel=\"noopener\"><\/p>\n<div class=\"td-social-but-text\">WhatsApp<\/div>\n<p><\/a><a class=\"td-social-sharing-button td-social-sharing-button-js td-social-network td-social-linkedin\" href=\"https:\/\/www.linkedin.com\/shareArticle?mini=true&amp;url=https:\/\/voceatimisului.ro\/liberul-arbitru-primaria-timisoara-a-refuzat-sa-faca-plangere-penala-impotriva-antreprenorului-general-de-la-pasajul-solventul-desi-constructorul-a-pus-in-circulatie-un-document-pe-care-c-n-a-i-r-l\/&amp;title=%3Cstrong%3ELiberul+arbitru%21+Prim%C4%83ria+Timi%C8%99oara+a+refuzat+s%C4%83+fac%C4%83+pl%C3%A2ngere+penal%C4%83+%C3%AEmpotriva+antreprenorului+general+de+la+Pasajul+Solventul%2C+de%C8%99i+constructorul+a+pus+%C3%AEn+circula%C8%9Bie+un+document+pe+care+C.N.A.I.R+l-a+catalogat+drept+un+fals%3C%2Fstrong%3E\" title=\"Linkedin\" rel=\"noopener\"><\/p>\n<div class=\"td-social-but-text\">Linkedin<\/div>\n<p><\/a><a class=\"td-social-sharing-button td-social-sharing-button-js td-social-network td-social-copy_url\" href=\"https:\/\/voceatimisului.ro\/liberul-arbitru-primaria-timisoara-a-refuzat-sa-faca-plangere-penala-impotriva-antreprenorului-general-de-la-pasajul-solventul-desi-constructorul-a-pus-in-circulatie-un-document-pe-care-c-n-a-i-r-l\/\" title=\"Copy URL\" rel=\"noopener\"><\/p>\n<div class=\"td-social-but-text\">Copy URL<\/div>\n<p><\/a><\/div>\n<\/div>\n<\/div>\n<\/div>\n<\/div>\n<\/div>\n<\/div>\n<div class=\"td_block_wrap tdb_single_featured_image tdi_72 tdb-content-horiz-left td-pb-border-top td_block_template_1\" data-td-block-uid=\"tdi_72\">\n<div class=\"tdb-block-inner td-fix-index\">\n<figure><img loading=\"lazy\" decoding=\"async\" width=\"696\" height=\"663\" class=\"entry-thumb\" src=\"https:\/\/analyse.optim.biz\/wp-content\/uploads\/2026\/01\/dominic-fritz-la-pasajul-solventul-jpg-696x663-1.webp\" alt=\"Dominic Fritz la Pasajul Solventul jpg\" title=\"Dominic Fritz la Pasajul Solventul jpg\"><figcaption class=\"tdb-caption-text\">Dominic Fritz la Pasajul Solventul jpg<\/figcaption><\/figure>\n<\/div>\n<\/div>\n<div class=\"vc_row_inner tdi_74  vc_row vc_inner wpb_row td-pb-row\">\n<div class=\"vc_column_inner tdi_76  wpb_column vc_column_container tdc-inner-column td-pb-span4 td-is-sticky\">\n<div class=\"vc_column-inner\">\n<div class=\"wpb_wrapper\" data-sticky-enabled-on=\"W3RydWUsdHJ1ZSx0cnVlLHRydWVd\" data-sticky-offset=\"20\" data-sticky-is-width-auto=\"W2ZhbHNlLGZhbHNlLGZhbHNlLGZhbHNlXQ==\">\n<div class=\"td_block_wrap td_flex_block_1 tdi_77 td-pb-border-top td_block_template_1 td_ajax_preloading_preload td_flex_block\" data-td-block-uid=\"tdi_77\">\n<div id=\"tdi_77\" class=\"td_block_inner td-mc1-wrap\">\n<div class=\"td_module_flex td_module_flex_1 td_module_wrap td-animation-stack td-meta-info-hide td-cpt-post\">\n<div class=\"td-module-container td-category-pos-image\">\n<div class=\"td-module-meta-info\">\n<h3 class=\"entry-title td-module-title\"><a href=\"https:\/\/voceatimisului.ro\/reforma-lui-fritz-pe-banii-timisorenilor-timisoara-plateste-milioane-si-se-uita-la-autobuze-care-ard\/\" rel=\"bookmark\" title=\"Reforma lui Fritz, pe banii timi\u0219orenilor. Timi\u0219oara pl\u0103te\u0219te milioane \u0219i se uit\u0103 la autobuze care ard\">Reforma lui Fritz, pe banii timi\u0219orenilor. Timi\u0219oara pl\u0103te\u0219te milioane \u0219i se uit\u0103 la autobuze care ard<\/a><\/h3>\n<\/div>\n<\/div>\n<\/div>\n<div class=\"td_module_flex td_module_flex_1 td_module_wrap td-animation-stack td-meta-info-hide td-cpt-post\">\n<div class=\"td-module-container td-category-pos-image\">\n<div class=\"td-module-meta-info\">\n<h3 class=\"entry-title td-module-title\"><a href=\"https:\/\/voceatimisului.ro\/administratia-usr-si-epurarea-incomozilor-i-as-aduna-pe-toti-intr-o-incapere-si-le-as-da-foc\/\" rel=\"bookmark\" title=\"Administra\u021bia USR \u0219i epurarea incomozilor. \u201eI-a\u0219 aduna pe to\u021bi \u00eentr-o \u00eenc\u0103pere \u0219i le-a\u0219 da foc.\u201d\">Administra\u021bia USR \u0219i epurarea incomozilor. \u201eI-a\u0219 aduna pe to\u021bi \u00eentr-o \u00eenc\u0103pere \u0219i le-a\u0219 da foc.\u201d<\/a><\/h3>\n<\/div>\n<\/div>\n<\/div>\n<div class=\"td_module_flex td_module_flex_1 td_module_wrap td-animation-stack td-meta-info-hide td-cpt-post\">\n<div class=\"td-module-container td-category-pos-image\">\n<div class=\"td-module-meta-info\">\n<h3 class=\"entry-title td-module-title\"><a href=\"https:\/\/voceatimisului.ro\/tramvaiul-nu-vine-dar-propaganda-circula-perfect\/\" rel=\"bookmark\" title=\"Tramvaiul nu vine, dar propaganda circul\u0103 perfect\">Tramvaiul nu vine, dar propaganda circul\u0103 perfect<\/a><\/h3>\n<\/div>\n<\/div>\n<\/div>\n<div class=\"td_module_flex td_module_flex_1 td_module_wrap td-animation-stack td-meta-info-hide td-cpt-post\">\n<div class=\"td-module-container td-category-pos-image\">\n<div class=\"td-module-meta-info\">\n<h3 class=\"entry-title td-module-title\"><a href=\"https:\/\/voceatimisului.ro\/transportul-public-din-timisoara-se-prabuseste-in-fiecare-zi-in-trafic-dar-in-birourile-primariei-totul-arata-perfect-si-european\/\" rel=\"bookmark\" title=\"Transportul public din Timi\u0219oara se pr\u0103bu\u0219e\u0219te \u00een fiecare zi \u00een trafic, dar \u00een birourile Prim\u0103riei totul arat\u0103 perfect \u0219i \u201ceuropean\u201d\">Transportul public din Timi\u0219oara se pr\u0103bu\u0219e\u0219te \u00een fiecare zi \u00een trafic, dar \u00een birourile Prim\u0103riei totul arat\u0103 perfect \u0219i \u201ceuropean\u201d<\/a><\/h3>\n<\/div>\n<\/div>\n<\/div>\n<\/div>\n<\/div>\n<div class=\"tdb-author-box td_block_wrap tdb_single_author_box tdi_82 tdb-content-vert-top td-pb-border-top td_block_template_1\" data-td-block-uid=\"tdi_82\">\n<div class=\"tdb-block-inner td-fix-index\">\n<div class=\"tdb-author-info\"><a href=\"https:\/\/voceatimisului.ro\/author\/tibi\/\" class=\"tdb-author-name\">Tiberiu Kiss<\/a><\/p>\n<div class=\"tdb-author-descr\">\u00centreaga responsabilitate a comentariilor l\u0103sate de dumneavoastr\u0103 v\u0103 apar\u021bine!<br \/>\nClick <a href=\"https:\/\/voceatimisului.ro\/termeni-si-conditii\/\">aici<\/a>-citeste condi\u0163iile de utilizare ale site-ului www.voceatimisului.ro<\/div>\n<\/div>\n<\/div>\n<\/div>\n<\/div>\n<\/div>\n<\/div>\n<div class=\"vc_column_inner tdi_84  wpb_column vc_column_container tdc-inner-column td-pb-span8\">\n<div class=\"vc_column-inner\">\n<div class=\"wpb_wrapper\">\n<div class=\"td_block_wrap tdb_single_content tdi_85 td-pb-border-top td_block_template_1 td-post-content tagdiv-type\" data-td-block-uid=\"tdi_85\">\n<div class=\"tdb-block-inner td-fix-index\">\n<h5 class=\"wp-block-heading\" id=\"h-cand-vine-vorba-despre-respectarea-legii-in-ceea-ce-prive\u0219te-omisiunea-sesizarii-dispozi\u021biile-articolului-266-din-codul-penal-sunt-cat-se-poate-de-clare-astfel-func\u021bionarul-public-care-are-la-cuno\u0219tin\u021ba-de-savar\u0219irea-unei-fapte-prevazute-de-legea-penala-in-legatura-cu-serviciul-in-cadrul-caruia-i\u0219i-indepline\u0219te-sarcinile-\u0219i-nu-sesizeaza-de-indata-organele-in-drept-risca-o-pedeapsa-cu-inchisoarea-de-la-3-luni-la-3-ani-sau-cu-amenda-simplu-clar-\u0219i-eficient\">C\u00e2nd vine vorba despre respectarea legii, \u00een ceea ce prive\u0219te <em>omisiunea sesiz\u0103rii<\/em>, dispozi\u021biile articolului 266 din Codul Penal sunt c\u00e2t se poate de clare. Astfel, func\u021bionarul public care are la cuno\u0219tin\u021b\u0103 de s\u0103v\u00e2r\u0219irea unei fapte prev\u0103zute de legea penal\u0103, \u00een leg\u0103tur\u0103 cu serviciul \u00een cadrul c\u0103ruia \u00ee\u0219i \u00eendepline\u0219te sarcinile, \u0219i nu sesizeaz\u0103 de \u00eendat\u0103 organele \u00een drept, risc\u0103 o pedeaps\u0103 cu \u00eenchisoarea de la 3 luni la 3 ani sau cu amend\u0103. Simplu, clar \u0219i eficient!<\/h5>\n<p>\u00cen acest moment, un lucru este cert: <em>conducerea Prim\u0103riei Timi\u0219oara a fost informat\u0103 despre s\u0103v\u00e2r\u0219irea unor posibile fapte de natur\u0103 penal\u0103 \u00een cadrul unei rela\u021bii contractuale cu un ter\u021b<\/em>! Nu de alta dar entitatea public\u0103 a fost sesizat\u0103, at\u00e2t de func\u021bionarii municipalit\u0103\u021bii, c\u00e2t \u0219i de c\u0103tre juri\u0219tii proprii, care au \u0219i accentuat riscurile la care se supune municipalitatea, dac\u0103 nu demareaz\u0103 procedurile cerute de lege. Nu oricum, ci \u00een scris! Tocmai ca, ulterior, s\u0103 nu fie invocate\u2026 pierderile de memorie!<\/p>\n<p>A\u0219a cum rezult\u0103 din documente, pe data de 8 septembrie 2022, mai mul\u021bi angaja\u021bi ai Prim\u0103riei Timi\u0219oara au sesizat Serviciul Juridic al institu\u021biei, referitor la o serie de aspecte care privesc contractul cu nr. 207 din 28 septembrie 2020 \u2013 <em>Pasaj Solventul<\/em>, care a fost adjudecat de asocierea SPIC SRL (lider) \u2013 Pod Proiect (asociat) \u2013 Sylc Con Trans SRL (asociat). Mai exact c\u0103, la data de 19 mai 2022, pe parcursul lucr\u0103rilor, care se afl\u0103 \u00een derulare \u0219i azi, antreprenorul general, firma italian\u0103 SPIC SRL, a solicitat municipalit\u0103\u021bii s\u0103-\u0219i dea consim\u021b\u0103m\u00e2ntul, \u00een calitate de beneficar, pentru \u00eenlocuirea \u0219efului de \u0219antier Ioanid Grigore cu Adriano Scatena.<\/p>\n<p>Toat\u0103 mi\u0219carea, f\u0103r\u0103 ca SPIC SRL s\u0103 detalieze, \u00eens\u0103, motivele care au generat aceast\u0103 solicitare \u0219i f\u0103r\u0103 a depune, conform prevederilor contractuale, recomand\u0103rile din partea unor beneficiari, referitor la experian\u021ba similar\u0103, a\u0219a cum cere caietul de sarcini! Ulterior, la data de 27 mai 2022, semn c\u0103 firma italian\u0103 era \u00een vitez\u0103, societatea a cerut Prim\u0103riei Timi\u0219oara, printr-o alt\u0103 adres\u0103, nu s\u0103 agreeze schimbarea \u0219efului de \u0219antier, ci s\u0103 fie de acord cu decizia SPIC SRL (nr. 2 din 19 mai 2022) de numire a lui Adriano Scatena \u00een noua pozi\u021bie de la Pasajul Solventul!<\/p>\n<p>Ceea ce dovede\u0219te c\u0103 \u00eenlocuirea \u0219efului de \u0219antier a fost f\u0103cut\u0103 f\u0103r\u0103 acordul prealabil al beneficiarului! Mai mult, c\u0103 schimbul de adrese dintre SPIC SRL \u0219i Prim\u0103ria Timi\u0219oara nu a fost dec\u00e2t unul de suprafa\u021b\u0103, decizia intern\u0103 privind schimbarea inginerului Grigore Ioanid fiind luat\u0103, deja, \u00een cadrul societ\u0103\u021bii italiene, a\u0219a cum reiese din documente, \u00een aceea\u0219i zi \u00een care antreprenorul general a solicitat municipalit\u0103\u021bii acceptul pentru titularizarea lui Adriano Scatena!<\/p>\n<p>Cert e c\u0103 toate aceste aspecte sunt importante c\u0103ci, \u00een conformitate cu prevederile contractuale, constructorul avea obliga\u021bia s\u0103 asigure <em>personalul-cheie<\/em>, \u00een privin\u021ba c\u0103ruia au existat cerin\u021be minime, stabilite prin documenta\u021bia de atribuire a contractului de la Pasajul Solventul, pe toat\u0103 durata proiectului de execu\u021bie a lucr\u0103rilor. Evident, cu excep\u021bia situa\u021biilor \u00een care, <em>din motive \u00eentemeiate<\/em>, acest lucru nu este posibil: demisia, boal\u0103, deces etc!<\/p>\n<p>Una peste alta, contractul de antrepriz\u0103 general\u0103, semnat \u00eentre Prim\u0103ria Timi\u0219oara \u0219i firmele care au c\u00e2\u0219tigat lucr\u0103rile de la Pasajul Solventul cere, negru pe alb, consim\u021b\u0103m\u00e2ntul prealabil al municipalit\u0103\u021bii, \u00een cazul schimb\u0103rii personalului-cheie. Mai mult dec\u00e2t at\u00e2t, chiar \u0219i obliga\u021bia antreprenorului de a pune la dispozi\u021bia beneficiarului toate documentele necesare, care au stat la baza unei asemenea decizii, tocmai pentru a verifica \u00eendeplinirea criteriilor de calificare\/selec\u021bie, stabilite prin contractul-cadru!<\/p>\n<p><strong>Unda de \u0219oc<\/strong><\/p>\n<p>A\u0219a c\u0103, \u00een momentul \u00een care Prim\u0103ria Timi\u0219oara a primit vestea schimb\u0103rii \u0219efului de \u0219antier de la Pasajul Solventul, av\u00e2nd \u00een vedere c\u0103 acesta face parte din personalul-cheie, la data de 27 iunie 2022, angaja\u021bii municipalit\u0103\u021bii, cei care erau responsabili direct de proiect, au solicitat reprezentantului SPIC SRL \u2013 Mattia Pizzorno, conform contractului, s\u0103 pun\u0103 la dispozi\u021bie recomand\u0103rile noului diriginte, Adriano Scatena. Mai exact, dovada c\u0103 italianul a prestat servicii \u00een cazul unor investi\u021bii similare precum \u0219i motivele care au stat la baza \u00eenlocuirii lui Grigore Ioanid.<\/p>\n<p>\u0218i, la 1 iulie 2022, antreprenorul general a \u00eenaintat Prim\u0103riei Timi\u0219oara, prin adresa RE2022-001160, recomandarea Companiei Na\u021bionale de Administrare a Infrastructurii Rutiere (CNAIR), referitor la participarea lucr\u0103rilor aferente contractului \u201dConstruc\u021bie variant\u0103 ocolire T\u00e2rgu Jiu\u201d, \u00een calitate de \u0219ef de \u0219antier. Doar atunci, municipalitate a observat c\u0103 adresa CNAIR nu face referire la lucr\u0103ri similare, asemenea pasajului subterean de la Solventul \u0219i, mai mult dec\u00e2t orice, nu are un num\u0103r de \u00eenregistrare \u0219i nici semn\u0103tura unui reprezentant legal, dec\u00e2t a unei persoane din e\u0219alonul 2 al companiei na\u021bionale.<\/p>\n<p>Ca urmare, la data de 11 august 2022, supervizorii proiectului, \u00een calitate de angaja\u021bi ai municipalit\u0103\u021bii, au cerut CNAIR s\u0103 verifice \u0219i s\u0103 (re)confirme valabilitatea documentului<strong>. <\/strong><em>O s\u0103pt\u0103m\u00e2n\u0103 mai t\u00e2rziu, prin adresa cu nr. 67786 din data de 18 august 2022, <u>compania de drumuri a infirmat, negru pe alb, c\u0103 ar fi eliberat o asemenea recomandare, \u00een beneficiul lui Adriano Scatena \u0219i \u00een favoarea celor de la SC SPIC SRL<\/u><\/em>. Mai mult, c\u0103 adresa este un fals, c\u0103 semnatarul coresponden\u021bei NU este reprezentantul legal al CNAIR \u0219i c\u0103, nici dac\u0103 ar fi vrut, nu ar fi putut isc\u0103li, c\u0103ci, din luna februarie 2022, <u>func\u021bionarul are contractul de munc\u0103 suspendat pe motiv de\u2026 concediu \u00eengrijire copil<\/u>!<\/p>\n<p>Acesta este \u0219i momentul \u00een care angaja\u021bii Prim\u0103riei Timi\u0219oara, la data de 8 septembrie 2022, au cerut Serviciului Juridic din cadrul municipalit\u0103\u021bii, la pachet cu toate probele, s\u0103 \u00eentreprind\u0103 toate m\u0103surile legale care se impun! \u0218i o lun\u0103 mai t\u00e2rziu, a\u0219a cum rezult\u0103 din adresa SC2022-020720 din 19 octombrie 2022, legali\u0219tii municipalit\u0103\u021bii au \u00eenceput cu pasele \u00een ad\u00e2ncime, a\u0219a cum rezult\u0103 din documentul \u00eenaintat\u2026 spre \u0219tiin\u021ba viceprimarului Ruben La\u021bc\u0103u. Una peste alta, \u00een primul r\u00e2nd, juri\u0219tii administra\u021biei de sticl\u0103 a lui Dominic Fritz au confirmat c\u0103 aspectele semnalate se circumscriu, at\u00e2t unor fapte aflate sub inciden\u021ba legii penale, c\u00e2t \u0219i a celei civile. De parc\u0103 asta ar fi fost solicitarea: o constatare, nu luarea unor m\u0103suri legale!<\/p>\n<p>\u00cen aceea\u0219i idee, folosind cadrul coresponden\u021bei interne \u0219i institu\u021bionale, tot Serviciul Juridic al PMT a f\u0103cut \u0219i apologia \u00eendatoririlor \u0219i atribu\u021biilor stabilite prin lege, \u00een sarcina supervizorului \u0219i, nu \u00een ultimul r\u00e2nd, a func\u021bionarului public care, \u00een procesul de luare a deciziilor, au obliga\u021bia\u2026 s\u0103 ac\u021bioneze conform prevederilor legale. Ca, \u00een final, s\u0103 comunice c\u0103 sesizarea excede competen\u021belor sale, pe motiv c\u0103 informarea ar avea\u2026 un caracter general! \u0218i asta pentru c\u0103, \u00een expresia \u201d<em>s\u0103 \u00eentreprinde\u021bi m\u0103surile legale care se impun<\/em>\u201d, nu se specific\u0103 exact ceea ce se dore\u0219te! Nu e Kafka, e doar un r\u0103spuns intern \u0219i oficial al Prim\u0103riei Timi\u0219oara!<\/p>\n<p><strong>Pase laterale<\/strong><\/p>\n<p>Oricum, ca treaba s\u0103 fie \u0219i mai \u00eence\u021bo\u0219at\u0103, adresa de r\u0103spuns a Serviciului Juridic din cadrul PMT s-a \u00eencheiat \u00eentr-o not\u0103, chiar mai sumbr\u0103, dec\u00e2t a \u00eenceput: <strong>\u201d<em>Nu \u00een ultimul r\u00e2nd, fa\u021b\u0103 de cele prezentate, v\u0103 aducem la cuno\u0219tin\u021b\u0103 \u0219i dispozi\u021biile articolului 266 din Codul Penal (omisiunea sesiz\u0103rii) \u2013 <u>func\u021bionarul public care, lu\u00e2nd la cuno\u0219tin\u021b\u0103 de s\u0103v\u00e2r\u0219irea unei fapte penale, \u00een leg\u0103tur\u0103 cu serviciul \u00een cadrul c\u0103ruia \u00ee\u021bi \u00eendepline\u0219te sarcinile, omite sesizarea de \u00eendat\u0103 a organelor de urm\u0103rire penal\u0103, se pedepse\u0219te cu \u00eenchisoare de la 3 luni la 3 ani sau cu amend\u0103<\/u><\/em>\u201d.<\/strong> Altfel spus, hai sictir!<\/p>\n<p>A\u0219a se face c\u0103, azi, lucrurile pe acest tronson, sunt \u00eenc\u0103 la faza de fug\u0103 \u0219i pas\u0103 de reponsabilitate! \u00centre timp, antreprenorul general al Pasajului Solventul a prins de veste \u0219i l-a scos din joc pe Adriano Scatena, ca s\u0103 nu complice \u0219i mai mult situa\u021bia! Una care, fie vorba \u00eentre noi, a fost complex\u0103 \u00eenc\u0103 de la bun \u00eenceput, c\u0103ci, a\u0219a cum rezult\u0103 din aceea\u0219i adres\u0103 a CNAIR, <em>antreprenorul general al Pasajului Solventul, cel pu\u021bin pe teritoriul Rom\u00e2niei, nu a executat pasaje subterane, prin \u00eempingere cheson<\/em>. Important, pentru c\u0103, a\u0219a cum rezult\u0103 din documente, tehnica inginereasc\u0103 era una din condi\u021biile principale impuse de c\u0103tre Prim\u0103ria Timi\u0219oara, la data licita\u021biei publice, sub sanc\u021biunea descalific\u0103rii\u2026<\/p>\n<figure class=\"wp-block-gallery has-nested-images columns-default is-cropped wp-block-gallery-1 is-layout-flex wp-block-gallery-is-layout-flex\">\n<figure class=\"wp-block-image size-large\"><a href=\"https:\/\/analyse.optim.biz\/wp-content\/uploads\/2026\/01\/primaria-timisoara-a-refuzat-sa-faca-plangere-penala-impotriva-antreprenorului-general-de-la-pasajul-solventul1.jpg\"><img loading=\"lazy\" decoding=\"async\" width=\"768\" height=\"1024\" data-id=\"155575\" src=\"https:\/\/analyse.optim.biz\/wp-content\/uploads\/2026\/01\/primaria-timisoara-a-refuzat-sa-faca-plangere-penala-impotriva-antreprenorului-general-de-la-pasajul-solventul1.jpg\" alt=\"&lt;strong&gt;Liberul arbitru! Prim\u0103ria Timi\u0219oara a refuzat s\u0103 fac\u0103 pl\u00e2ngere penal\u0103 \u00eempotriva antreprenorului general de la Pasajul Solventul, de\u0219i constructorul a pus \u00een circula\u021bie un document pe care C.N.A.I.R l-a catalogat drept un fals&lt;\/strong&gt;\" class=\"wp-image-155575\" title=\"primaria-timisoara-a-refuzat-sa-faca-plangere-penala-impotriva-antreprenorului-general-de-la-pasajul-solventul1\"><\/a><\/figure>\n<figure class=\"wp-block-image size-large\"><a href=\"https:\/\/analyse.optim.biz\/wp-content\/uploads\/2026\/01\/primaria-timisoara-a-refuzat-sa-faca-plangere-penala-impotriva-antreprenorului-general-de-la-pasajul-solventul2.jpg\"><img loading=\"lazy\" decoding=\"async\" width=\"768\" height=\"1024\" data-id=\"155576\" src=\"https:\/\/analyse.optim.biz\/wp-content\/uploads\/2026\/01\/primaria-timisoara-a-refuzat-sa-faca-plangere-penala-impotriva-antreprenorului-general-de-la-pasajul-solventul2.jpg\" alt=\"&lt;strong&gt;Liberul arbitru! Prim\u0103ria Timi\u0219oara a refuzat s\u0103 fac\u0103 pl\u00e2ngere penal\u0103 \u00eempotriva antreprenorului general de la Pasajul Solventul, de\u0219i constructorul a pus \u00een circula\u021bie un document pe care C.N.A.I.R l-a catalogat drept un fals&lt;\/strong&gt;\" class=\"wp-image-155576\" title=\"primaria-timisoara-a-refuzat-sa-faca-plangere-penala-impotriva-antreprenorului-general-de-la-pasajul-solventul2\"><\/a><\/figure>\n<figure class=\"wp-block-image size-large\"><a href=\"https:\/\/analyse.optim.biz\/wp-content\/uploads\/2026\/01\/primaria-timisoara-a-refuzat-sa-faca-plangere-penala-impotriva-antreprenorului-general-de-la-pasajul-solventul3.jpg\"><img loading=\"lazy\" decoding=\"async\" width=\"768\" height=\"1024\" data-id=\"155577\" src=\"https:\/\/analyse.optim.biz\/wp-content\/uploads\/2026\/01\/primaria-timisoara-a-refuzat-sa-faca-plangere-penala-impotriva-antreprenorului-general-de-la-pasajul-solventul3.jpg\" alt=\"&lt;strong&gt;Liberul arbitru! Prim\u0103ria Timi\u0219oara a refuzat s\u0103 fac\u0103 pl\u00e2ngere penal\u0103 \u00eempotriva antreprenorului general de la Pasajul Solventul, de\u0219i constructorul a pus \u00een circula\u021bie un document pe care C.N.A.I.R l-a catalogat drept un fals&lt;\/strong&gt;\" class=\"wp-image-155577\" title=\"primaria-timisoara-a-refuzat-sa-faca-plangere-penala-impotriva-antreprenorului-general-de-la-pasajul-solventul3\"><\/a><\/figure>\n<figure class=\"wp-block-image size-large\"><a href=\"https:\/\/voceatimisului.ro\/wp-content\/uploads\/2023\/03\/Primaria-Timisoara-a-refuzat-sa-faca-plangere-penala-impotriva-antreprenorului-general-de-la-Pasajul-Solventul5.jpg\"><img decoding=\"async\" loading=\"lazy\" width=\"784\" height=\"1024\" data-id=\"155578\" src=\"https:\/\/analyse.optim.biz\/wp-content\/uploads\/2026\/01\/primaria-timisoara-a-refuzat-sa-faca-plangere-penala-impotriva-antreprenorului-general-de-la-pasajul-solventul5-784x1024-1.jpg\" alt=\"&lt;strong&gt;Liberul arbitru! Prim\u0103ria Timi\u0219oara a refuzat s\u0103 fac\u0103 pl\u00e2ngere penal\u0103 \u00eempotriva antreprenorului general de la Pasajul Solventul, de\u0219i constructorul a pus \u00een circula\u021bie un document pe care C.N.A.I.R l-a catalogat drept un fals&lt;\/strong&gt;\" class=\"wp-image-155578\" title=\"primaria-timisoara-a-refuzat-sa-faca-plangere-penala-impotriva-antreprenorului-general-de-la-pasajul-solventul5-784x1024-1\"><\/a><\/figure>\n<figure class=\"wp-block-image size-large\"><a href=\"https:\/\/voceatimisului.ro\/wp-content\/uploads\/2023\/03\/Primaria-Timisoara-a-refuzat-sa-faca-plangere-penala-impotriva-antreprenorului-general-de-la-Pasajul-Solventul6.jpg\"><img decoding=\"async\" loading=\"lazy\" width=\"830\" height=\"1024\" data-id=\"155579\" src=\"https:\/\/analyse.optim.biz\/wp-content\/uploads\/2026\/01\/primaria-timisoara-a-refuzat-sa-faca-plangere-penala-impotriva-antreprenorului-general-de-la-pasajul-solventul6-830x1024-1.jpg\" alt=\"&lt;strong&gt;Liberul arbitru! Prim\u0103ria Timi\u0219oara a refuzat s\u0103 fac\u0103 pl\u00e2ngere penal\u0103 \u00eempotriva antreprenorului general de la Pasajul Solventul, de\u0219i constructorul a pus \u00een circula\u021bie un document pe care C.N.A.I.R l-a catalogat drept un fals&lt;\/strong&gt;\" class=\"wp-image-155579\" title=\"primaria-timisoara-a-refuzat-sa-faca-plangere-penala-impotriva-antreprenorului-general-de-la-pasajul-solventul6-830x1024-1\"><\/a><\/figure>\n<figure class=\"wp-block-image size-large\"><a href=\"https:\/\/analyse.optim.biz\/wp-content\/uploads\/2026\/01\/primaria-timisoara-a-refuzat-sa-faca-plangere-penala-impotriva-antreprenorului-general-de-la-pasajul-solventul7.jpg\"><img decoding=\"async\" loading=\"lazy\" width=\"768\" height=\"1024\" data-id=\"155580\" src=\"https:\/\/analyse.optim.biz\/wp-content\/uploads\/2026\/01\/primaria-timisoara-a-refuzat-sa-faca-plangere-penala-impotriva-antreprenorului-general-de-la-pasajul-solventul7.jpg\" alt=\"&lt;strong&gt;Liberul arbitru! Prim\u0103ria Timi\u0219oara a refuzat s\u0103 fac\u0103 pl\u00e2ngere penal\u0103 \u00eempotriva antreprenorului general de la Pasajul Solventul, de\u0219i constructorul a pus \u00een circula\u021bie un document pe care C.N.A.I.R l-a catalogat drept un fals&lt;\/strong&gt;\" class=\"wp-image-155580\" title=\"primaria-timisoara-a-refuzat-sa-faca-plangere-penala-impotriva-antreprenorului-general-de-la-pasajul-solventul7\"><\/a><\/figure>\n<figure class=\"wp-block-image size-large\"><a href=\"https:\/\/voceatimisului.ro\/wp-content\/uploads\/2023\/03\/Primaria-Timisoara-a-refuzat-sa-faca-plangere-penala-impotriva-antreprenorului-general-de-la-Pasajul-Solventul4.jpg\"><img decoding=\"async\" loading=\"lazy\" width=\"855\" height=\"1024\" data-id=\"155581\" src=\"https:\/\/analyse.optim.biz\/wp-content\/uploads\/2026\/01\/primaria-timisoara-a-refuzat-sa-faca-plangere-penala-impotriva-antreprenorului-general-de-la-pasajul-solventul4-855x1024-1.jpg\" alt=\"&lt;strong&gt;Liberul arbitru! Prim\u0103ria Timi\u0219oara a refuzat s\u0103 fac\u0103 pl\u00e2ngere penal\u0103 \u00eempotriva antreprenorului general de la Pasajul Solventul, de\u0219i constructorul a pus \u00een circula\u021bie un document pe care C.N.A.I.R l-a catalogat drept un fals&lt;\/strong&gt;\" class=\"wp-image-155581\" title=\"primaria-timisoara-a-refuzat-sa-faca-plangere-penala-impotriva-antreprenorului-general-de-la-pasajul-solventul4-855x1024-1\"><\/a><\/figure>\n<\/figure>\n<\/div>\n<\/div>\n<div class=\"td_block_wrap tdb_single_tags tdi_88 td-pb-border-top td_block_template_1\" data-td-block-uid=\"tdi_88\">\n<div class=\"tdb-block-inner td-fix-index\">\n<ul class=\"tdb-tags\">\n<li><span>Tags<\/span><\/li>\n<li><a href=\"https:\/\/voceatimisului.ro\/tag\/dominic-fritz\/\">Dominic Fritz<\/a><\/li>\n<li><a href=\"https:\/\/voceatimisului.ro\/tag\/pasajul-solventul\/\">pasajul solventul<\/a><\/li>\n<li><a href=\"https:\/\/voceatimisului.ro\/tag\/primaria-timisoara\/\">primaria timisoara<\/a><\/li>\n<li><a href=\"https:\/\/voceatimisului.ro\/tag\/ruben-latcau\/\">Ruben La\u021bc\u0103u<\/a><\/li>\n<\/ul>\n<\/div>\n<\/div>\n<div class=\"td_block_wrap tdb_single_post_share tdi_89  td-pb-border-top td_block_template_1\" data-td-block-uid=\"tdi_89\">\n<div id=\"tdi_89\" class=\"td-post-sharing tdb-block td-ps-bg td-ps-notext td-post-sharing-style1 \">\n<div class=\"td-post-sharing-visible\"><a class=\"td-social-sharing-button td-social-sharing-button-js td-social-network td-social-facebook\" href=\"https:\/\/www.facebook.com\/sharer.php?u=https%3A%2F%2Fvoceatimisului.ro%2Fliberul-arbitru-primaria-timisoara-a-refuzat-sa-faca-plangere-penala-impotriva-antreprenorului-general-de-la-pasajul-solventul-desi-constructorul-a-pus-in-circulatie-un-document-pe-care-c-n-a-i-r-l%2F\" title=\"Facebook\" rel=\"noopener\"><\/p>\n<div class=\"td-social-but-text\">Facebook<\/div>\n<p><\/a><a class=\"td-social-sharing-button td-social-sharing-button-js td-social-network td-social-twitter\" href=\"https:\/\/twitter.com\/intent\/tweet?text=%3Cstrong%3ELiberul+arbitru%21+Prim%C4%83ria+Timi%C8%99oara+a+refuzat+s%C4%83+fac%C4%83+pl%C3%A2ngere+penal%C4%83+%C3%AEmpotriva+antreprenorului+general+de+la+Pasajul+Solventul%2C+de%C8%99i+constructorul+a+pus+%C3%AEn+circula%C8%9Bie+un+document+pe+care+C.N.A.I.R+l-a+catalogat+drept+un+fals%3C%2Fstrong%3E&amp;url=https%3A%2F%2Fvoceatimisului.ro%2Fliberul-arbitru-primaria-timisoara-a-refuzat-sa-faca-plangere-penala-impotriva-antreprenorului-general-de-la-pasajul-solventul-desi-constructorul-a-pus-in-circulatie-un-document-pe-care-c-n-a-i-r-l%2F&amp;via=Vocea+Timisului\" title=\"Twitter\" rel=\"noopener\"><\/p>\n<div class=\"td-social-but-text\">Twitter<\/div>\n<p><\/a><a class=\"td-social-sharing-button td-social-sharing-button-js td-social-network td-social-pinterest\" href=\"https:\/\/pinterest.com\/pin\/create\/button\/?url=https:\/\/voceatimisului.ro\/liberul-arbitru-primaria-timisoara-a-refuzat-sa-faca-plangere-penala-impotriva-antreprenorului-general-de-la-pasajul-solventul-desi-constructorul-a-pus-in-circulatie-un-document-pe-care-c-n-a-i-r-l\/&amp;media=https:\/\/analyse.optim.biz\/wp-content\/uploads\/2026\/01\/dominic-fritz-la-pasajul-solventul-jpg.webp&amp;description=%3Cstrong%3ELiberul+arbitru%21+Prim%C4%83ria+Timi%C8%99oara+a+refuzat+s%C4%83+fac%C4%83+pl%C3%A2ngere+penal%C4%83+%C3%AEmpotriva+antreprenorului+general+de+la+Pasajul+Solventul%2C+de%C8%99i+constructorul+a+pus+%C3%AEn+circula%C8%9Bie+un+document+pe+care+C.N.A.I.R+l-a+catalogat+drept+un+fals%3C%2Fstrong%3E\" title=\"Pinterest\" rel=\"noopener\"><\/p>\n<div class=\"td-social-but-text\">Pinterest<\/div>\n<p><\/a><a class=\"td-social-sharing-button td-social-sharing-button-js td-social-network td-social-whatsapp\" href=\"https:\/\/api.whatsapp.com\/send?text=%3Cstrong%3ELiberul+arbitru%21+Prim%C4%83ria+Timi%C8%99oara+a+refuzat+s%C4%83+fac%C4%83+pl%C3%A2ngere+penal%C4%83+%C3%AEmpotriva+antreprenorului+general+de+la+Pasajul+Solventul%2C+de%C8%99i+constructorul+a+pus+%C3%AEn+circula%C8%9Bie+un+document+pe+care+C.N.A.I.R+l-a+catalogat+drept+un+fals%3C%2Fstrong%3E%20%0A%0A%20https:\/\/voceatimisului.ro\/liberul-arbitru-primaria-timisoara-a-refuzat-sa-faca-plangere-penala-impotriva-antreprenorului-general-de-la-pasajul-solventul-desi-constructorul-a-pus-in-circulatie-un-document-pe-care-c-n-a-i-r-l\/\" title=\"WhatsApp\" rel=\"noopener\"><\/p>\n<div class=\"td-social-but-text\">WhatsApp<\/div>\n<p><\/a><a class=\"td-social-sharing-button td-social-sharing-button-js td-social-network td-social-linkedin\" href=\"https:\/\/www.linkedin.com\/shareArticle?mini=true&amp;url=https:\/\/voceatimisului.ro\/liberul-arbitru-primaria-timisoara-a-refuzat-sa-faca-plangere-penala-impotriva-antreprenorului-general-de-la-pasajul-solventul-desi-constructorul-a-pus-in-circulatie-un-document-pe-care-c-n-a-i-r-l\/&amp;title=%3Cstrong%3ELiberul+arbitru%21+Prim%C4%83ria+Timi%C8%99oara+a+refuzat+s%C4%83+fac%C4%83+pl%C3%A2ngere+penal%C4%83+%C3%AEmpotriva+antreprenorului+general+de+la+Pasajul+Solventul%2C+de%C8%99i+constructorul+a+pus+%C3%AEn+circula%C8%9Bie+un+document+pe+care+C.N.A.I.R+l-a+catalogat+drept+un+fals%3C%2Fstrong%3E\" title=\"Linkedin\" rel=\"noopener\"><\/p>\n<div class=\"td-social-but-text\">Linkedin<\/div>\n<p><\/a><a class=\"td-social-sharing-button td-social-sharing-button-js td-social-network td-social-copy_url\" href=\"https:\/\/voceatimisului.ro\/liberul-arbitru-primaria-timisoara-a-refuzat-sa-faca-plangere-penala-impotriva-antreprenorului-general-de-la-pasajul-solventul-desi-constructorul-a-pus-in-circulatie-un-document-pe-care-c-n-a-i-r-l\/\" title=\"Copy URL\" rel=\"noopener\"><\/p>\n<div class=\"td-social-but-text\">Copy URL<\/div>\n<p><\/a><\/div>\n<\/div>\n<\/div>\n<div class=\"td_block_wrap tdb_single_next_prev tdi_90 td-animation-stack td-next-prev-img-on td-pb-border-top td_block_template_1\" data-td-block-uid=\"tdi_90\">\n<div class=\"tdb-block-inner td-fix-index\">\n<div class=\"tdb-next-post tdb-next-post-bg tdb-post-prev\"><span>Articolul precedent<\/span><\/p>\n<div class=\"td-module-container\">\n<div class=\"td-image-container\"><a class=\"td-image-wrap\" href=\"https:\/\/voceatimisului.ro\/proletcultism-de-masa-politia-locala-timisoara-si-a-instruit-efectivele-terestre-ca-sa-i-rupa-cu-amenzile-pe-biciclistii-si-trotinetistii-din-zona-pietonala-in-baza-unui-hcl-abrogat-de-doi-ani\/\"><img loading=\"lazy\" decoding=\"async\" class=\"td-next-prev-image td-fix-index td-lazy-img\" title=\"Proletcultism de mas\u0103! Poli\u021bia Local\u0103 Timi\u0219oara \u0219i-a instruit efectivele terestre, ca s\u0103-i rup\u0103 cu amenzile pe bicicli\u0219tii \u0219i trotineti\u0219tii din zona pietonal\u0103, \u00een baza unui HCL abrogat de doi ani\" width=\"696\" height=\"871\" src=\"https:\/\/analyse.optim.biz\/wp-content\/uploads\/2026\/01\/politia-locala-timisoara-2-jpg-696x871-1-1.webp\"><\/a><\/div>\n<div class=\"next-prev-title\"><a href=\"https:\/\/voceatimisului.ro\/proletcultism-de-masa-politia-locala-timisoara-si-a-instruit-efectivele-terestre-ca-sa-i-rupa-cu-amenzile-pe-biciclistii-si-trotinetistii-din-zona-pietonala-in-baza-unui-hcl-abrogat-de-doi-ani\/\">Proletcultism de mas\u0103! Poli\u021bia Local\u0103 Timi\u0219oara \u0219i-a instruit efectivele terestre, ca s\u0103-i rup\u0103 cu amenzile pe bicicli\u0219tii \u0219i trotineti\u0219tii din zona pietonal\u0103, \u00een baza unui HCL abrogat de doi ani<\/a><\/div>\n<\/div>\n<\/div>\n<div class=\"tdb-next-post tdb-next-post-bg tdb-post-next\"><span>Articolul urm\u0103tor<\/span><\/p>\n<div class=\"td-module-container\">\n<div class=\"td-image-container\"><a class=\"td-image-wrap\" href=\"https:\/\/voceatimisului.ro\/raliu-urban-doua-familii-de-rromi-din-timisoara-s-au-urmarit-cu-masinile-de-lux-prin-centrul-strasbourg-ului-lasand-in-urma-5-morti-si-4-raniti\/\"><img loading=\"lazy\" decoding=\"async\" class=\"td-next-prev-image td-fix-index td-lazy-img\" title=\"&lt;strong&gt;Raliu urban! Dou\u0103 familii de rromi din Timi\u0219oara s-au urm\u0103rit cu ma\u0219inile de lux prin centrul Strasbourg-ului, l\u0103s\u00e2nd \u00een urm\u0103 5 mor\u021bi \u0219i 4 r\u0103ni\u021bi&lt;\/strong&gt;\" width=\"696\" height=\"522\" src=\"https:\/\/analyse.optim.biz\/wp-content\/uploads\/2026\/01\/accident-cu-5-morti-la-strasbourg2-696x522-1.jpg\"><\/a><\/div>\n<div class=\"next-prev-title\"><a href=\"https:\/\/voceatimisului.ro\/raliu-urban-doua-familii-de-rromi-din-timisoara-s-au-urmarit-cu-masinile-de-lux-prin-centrul-strasbourg-ului-lasand-in-urma-5-morti-si-4-raniti\/\"><strong>Raliu urban! Dou\u0103 familii de rromi din Timi\u0219oara s-au urm\u0103rit cu ma\u0219inile de lux prin centrul Strasbourg-ului, l\u0103s\u00e2nd \u00een urm\u0103 5 mor\u021bi \u0219i 4 r\u0103ni\u021bi<\/strong><\/a><\/div>\n<\/div>\n<\/div>\n<\/div>\n<\/div>\n<\/div>\n<\/div>\n<\/div>\n<\/div>\n<div class=\"vc_row_inner tdi_100  vc_row vc_inner wpb_row td-pb-row\">\n<div class=\"vc_column_inner tdi_102  wpb_column vc_column_container tdc-inner-column td-pb-span4 td-is-sticky\">\n<div class=\"vc_column-inner\">\n<div class=\"wpb_wrapper\" data-sticky-enabled-on=\"W3RydWUsdHJ1ZSx0cnVlLHRydWVd\" data-sticky-offset=\"20\" data-sticky-is-width-auto=\"W2ZhbHNlLGZhbHNlLGZhbHNlLGZhbHNlXQ==\">\n<div class=\"td_block_wrap tdb_single_related tdi_103 td_with_ajax_pagination td-pb-border-top td_block_template_1 tdb-single-related-posts\" data-td-block-uid=\"tdi_103\">\n<div id=\"tdi_103\" class=\"td_block_inner tdb-block-inner td-fix-index\">\n<div class=\"tdb_module_related td_module_wrap td-animation-stack td-meta-info-hide\">\n<div class=\"td-module-container td-category-pos-image\">\n<div class=\"td-module-meta-info\">\n<h3 class=\"entry-title td-module-title\"><a href=\"https:\/\/voceatimisului.ro\/retim-a-plecat-din-timisoara-sub-nasul-consiliului-local\/\" rel=\"bookmark\" title=\"RETIM a plecat din Timi\u0219oara sub nasul Consiliului Local\">RETIM a plecat din Timi\u0219oara sub nasul Consiliului Local<\/a><\/h3>\n<\/div>\n<\/div>\n<\/div>\n<div class=\"tdb_module_related td_module_wrap td-animation-stack td-meta-info-hide\">\n<div class=\"td-module-container td-category-pos-image\">\n<div class=\"td-module-meta-info\">\n<h3 class=\"entry-title td-module-title\"><a href=\"https:\/\/voceatimisului.ro\/cum-a-ajuns-firma-lui-gabriel-almajan-sa-primeasca-doua-autorizatii-pe-acelasi-teren-fara-pud\/\" rel=\"bookmark\" title=\"Cum a ajuns firma lui Gabriel Alm\u0103jan s\u0103 primeasc\u0103 dou\u0103 autoriza\u021bii pe acela\u0219i teren, f\u0103r\u0103 PUD\">Cum a ajuns firma lui Gabriel Alm\u0103jan s\u0103 primeasc\u0103 dou\u0103 autoriza\u021bii pe acela\u0219i teren, f\u0103r\u0103 PUD<\/a><\/h3>\n<\/div>\n<\/div>\n<\/div>\n<div class=\"tdb_module_related td_module_wrap td-animation-stack td-meta-info-hide\">\n<div class=\"td-module-container td-category-pos-image\">\n<div class=\"td-module-meta-info\">\n<h3 class=\"entry-title td-module-title\"><a href=\"https:\/\/voceatimisului.ro\/retim-si-a-mutat-sediul-in-oradea-timisoara-pierde-taxe-administratia-fritz-tace\/\" rel=\"bookmark\" title=\"RETIM \u0219i-a mutat sediul \u00een Oradea. Timi\u0219oara pierde taxe, administra\u021bia Fritz tace\">RETIM \u0219i-a mutat sediul \u00een Oradea. Timi\u0219oara pierde taxe, administra\u021bia Fritz tace<\/a><\/h3>\n<\/div>\n<\/div>\n<\/div>\n<\/div>\n<\/div>\n<\/div>\n<\/div>\n<\/div>\n<div class=\"vc_column_inner tdi_105  wpb_column vc_column_container tdc-inner-column td-pb-span8\">\n<div class=\"vc_column-inner\">\n<div class=\"wpb_wrapper\">\n<div class=\"td_block_wrap tdb_single_comments tdi_106 tdb-comm-layout2 td-pb-border-top td_block_template_2\" data-td-block-uid=\"tdi_106\">\n<div class=\"tdb-block-inner td-fix-index\">\n<div class=\"comments\" id=\"comments\">\n<div class=\"td-comments-title-wrap td_block_template_2\">\n<h4 class=\"td-comments-title td-block-title\"><span>1 COMENTARIU<\/span><\/h4>\n<\/div>\n<ol class=\"comment-list\">\n<li class=\"comment \" id=\"comment-26442\">\n<article>\n<footer><cite>corectu lu mihai<\/cite><a class=\"comment-link\" href=\"https:\/\/voceatimisului.ro\/liberul-arbitru-primaria-timisoara-a-refuzat-sa-faca-plangere-penala-impotriva-antreprenorului-general-de-la-pasajul-solventul-desi-constructorul-a-pus-in-circulatie-un-document-pe-care-c-n-a-i-r-l\/#comment-26442\"><time><br \/>\n\t\t\t\t\t\t    27 martie 2023\t\t\t\t\t\t    La\t\t\t\t\t\t    7:05 PM<\/time><\/a><\/footer>\n<div class=\"comment-content\">\n<p>\u2026probabil,  ca suntem pedepsi\u021bi sa fim (ca \u0219i.municipiu) amanet la SATANISTI SI DECEREBRATI MINTALI<br \/>\n\u2026.e c\u00e2t se poate de CLAR CA POVESTEA RUBENILOR SI LATCAILOR DIN JURUL primarului GOSPEL este f\u0103r\u0103 sf\u00e2r\u0219it<br \/>\n\u2026..pur \u0219i simplu ACEASTA GASCA DE ONG -ISTI SE BAZEAZA DOAR PE HAZARD SI PE FAPTUL CA INSTITU\u021aII CHEIE AL STATULUI ROM\u00c2N,  NU SE AUTOSESIZEAZA<\/p>\n<\/div>\n<div class=\"comment-meta\" id=\"comment-26442\"><a rel=\"nofollow\" class=\"comment-reply-link\" href=\"https:\/\/voceatimisului.ro\/liberul-arbitru-primaria-timisoara-a-refuzat-sa-faca-plangere-penala-impotriva-antreprenorului-general-de-la-pasajul-solventul-desi-constructorul-a-pus-in-circulatie-un-document-pe-care-c-n-a-i-r-l\/#comment-26442\" data-commentid=\"26442\" data-postid=\"155572\" data-belowelement=\"comment-26442\" data-respondelement=\"respond\" data-replyto=\"R\u0103spunde-i lui corectu lu mihai\" aria-label=\"R\u0103spunde-i lui corectu lu mihai\">R\u0103spunde\u021bi<\/a><\/div>\n<\/article>\n<\/li>\n<\/ol>\n<div id=\"respond\" class=\"comment-respond\">\n<h3 id=\"reply-title\" class=\"comment-reply-title\">L\u0102SA\u021aI UN MESAJ <small><a rel=\"nofollow\" id=\"cancel-comment-reply-link\" href=\"https:\/\/voceatimisului.ro\/liberul-arbitru-primaria-timisoara-a-refuzat-sa-faca-plangere-penala-impotriva-antreprenorului-general-de-la-pasajul-solventul-desi-constructorul-a-pus-in-circulatie-un-document-pe-care-c-n-a-i-r-l\/#respond\">Renun\u021ba\u021bi la r\u0103spuns<\/a><\/small><\/h3>\n<div class=\"comment-form-input-wrap td-form-comment\">\n<div class=\"td-warning-comment\">V\u0103 rug\u0103m s\u0103 introduce\u021bi comentariul dvs.!<\/div>\n<\/div>\n<div class=\"comment-form-input-wrap td-form-author\">\n<div class=\"td-warning-author\">Introduce\u021bi aici numele dvs.<\/div>\n<\/div>\n<div class=\"comment-form-input-wrap td-form-email\">\n<div class=\"td-warning-email-error\">A\u021bi introdus o adres\u0103 de e-mail incorect\u0103!<\/div>\n<div class=\"td-warning-email\">V\u0103 rug\u0103m s\u0103 introduce\u021bi adresa dvs. de e-mail aici<\/div>\n<\/div>\n<\/div>\n<\/div>\n<\/div>\n<\/div>\n<\/div>\n<\/div>\n<\/div>\n<\/div>\n<\/div>\n<\/div>\n<div class=\"vc_column tdi_108  wpb_column vc_column_container tdc-column td-pb-span4 td-is-sticky\">\n<div class=\"wpb_wrapper\" data-sticky-enabled-on=\"W3RydWUsdHJ1ZSx0cnVlLHRydWVd\" data-sticky-offset=\"20\" data-sticky-is-width-auto=\"W2ZhbHNlLGZhbHNlLGZhbHNlLGZhbHNlXQ==\">\n<div class=\"vc_row_inner tdi_110  vc_row vc_inner wpb_row td-pb-row\">\n<div class=\"vc_column_inner tdi_112  wpb_column vc_column_container tdc-inner-column td-pb-span12\">\n<div class=\"vc_column-inner\">\n<div class=\"wpb_wrapper\">\n<div class=\"td_block_wrap td_block_title tdi_113 td-pb-border-top td_block_template_11 td-fix-index\" data-td-block-uid=\"tdi_113\">\n<div class=\"td-block-title-wrap\">\n<h4 class=\"td-block-title\"><span class=\"td-pulldown-size\">ANUN\u021aURI \u0218I PUBLICITATE<\/span><\/h4>\n<\/div>\n<\/div>\n<\/div>\n<\/div>\n<\/div>\n<\/div>\n<div class=\"wpb_wrapper td_block_wrap vc_widget_sidebar tdi_115 \">\n<aside id=\"block-10\" class=\"td_block_template_1 widget block-10 widget_block widget_media_image\">\n<figure class=\"wp-block-image size-full\"><a href=\"https:\/\/adpghiroda.ro\/index.html\" target=\"_blank\" rel=\" noreferrer noopener\"><img decoding=\"async\" loading=\"lazy\" width=\"960\" height=\"960\" src=\"https:\/\/analyse.optim.biz\/wp-content\/uploads\/2026\/01\/adp-ghiroda2-171.jpg\" class=\"wp-image-171492\" title=\"adp-ghiroda2-171\"><\/a><\/figure>\n<\/aside>\n<aside id=\"block-11\" class=\"td_block_template_1 widget block-11 widget_block widget_media_image\">\n<figure class=\"wp-block-image size-full\"><a href=\"https:\/\/adpghiroda.ro\/index.html\" target=\"_blank\" rel=\" noreferrer noopener\"><img decoding=\"async\" loading=\"lazy\" width=\"960\" height=\"960\" src=\"https:\/\/analyse.optim.biz\/wp-content\/uploads\/2026\/01\/adp-ghiroda1-171.jpg\" class=\"wp-image-171491\" title=\"adp-ghiroda1-171\"><\/a><\/figure>\n<\/aside>\n<aside id=\"block-17\" class=\"td_block_template_1 widget block-17 widget_block widget_media_image\">\n<figure class=\"wp-block-image size-large is-resized\"><a href=\"https:\/\/verde.events\/\" target=\"_blank\" rel=\" noreferrer noopener\"><img decoding=\"async\" loading=\"lazy\" width=\"1024\" height=\"683\" src=\"https:\/\/analyse.optim.biz\/wp-content\/uploads\/2026\/01\/verde-events-24-1024x683-1-156.jpg\" alt=\"Verde Events\" class=\"wp-image-174395\" title=\"verde-events-24-1024x683-1-156\"><\/a><figcaption class=\"wp-element-caption\"><strong><em>O experien\u021b\u0103 unic\u0103 pentru orice tip de eveniment<\/em><\/strong><\/figcaption><\/figure>\n<\/aside>\n<\/div>\n<div class=\"td_block_wrap td_flex_block_1 tdi_121 td-pb-border-top td_block_template_1 td_ajax_preloading_preload td_flex_block\" data-td-block-uid=\"tdi_121\">\n<div id=\"tdi_121\" class=\"td_block_inner td-mc1-wrap\">\n<div class=\"td_module_flex td_module_flex_1 td_module_wrap td-animation-stack td-meta-info-hide td-cpt-post\">\n<div class=\"td-module-container td-category-pos-image\">\n<div class=\"td-module-meta-info\">\n<h3 class=\"entry-title td-module-title\"><a href=\"https:\/\/voceatimisului.ro\/fritz-ignora-legea-ministerul-muncii-confirma-incetarea-functiei-lui-pokker-in-ziua-pensionarii\/\" rel=\"bookmark\" title=\"Fritz ignor\u0103 legea. Ministerul Muncii confirm\u0103 \u00eencetarea func\u021biei lui Pokker \u00een ziua pension\u0103rii\">Fritz ignor\u0103 legea. Ministerul Muncii confirm\u0103 \u00eencetarea func\u021biei lui Pokker \u00een ziua pension\u0103rii<\/a><\/h3>\n<\/div>\n<\/div>\n<\/div>\n<div class=\"td_module_flex td_module_flex_1 td_module_wrap td-animation-stack td-meta-info-hide td-cpt-post\">\n<div class=\"td-module-container td-category-pos-image\">\n<div class=\"td-module-meta-info\">\n<h3 class=\"entry-title td-module-title\"><a href=\"https:\/\/voceatimisului.ro\/ruben-latcau-inventeaza-cifre-despre-stadion-simonis-il-pune-la-punct-cu-documentele-in-fata\/\" rel=\"bookmark\" title=\"Ruben La\u021bc\u0103u inventeaz\u0103 cifre despre stadion. Simonis \u00eel pune la punct cu documentele \u00een fa\u021b\u0103\">Ruben La\u021bc\u0103u inventeaz\u0103 cifre despre stadion. Simonis \u00eel pune la punct cu documentele \u00een fa\u021b\u0103<\/a><\/h3>\n<\/div>\n<\/div>\n<\/div>\n<div class=\"td_module_flex td_module_flex_1 td_module_wrap td-animation-stack td-meta-info-hide td-cpt-post\">\n<div class=\"td-module-container td-category-pos-image\">\n<div class=\"td-module-meta-info\">\n<h3 class=\"entry-title td-module-title\"><a href=\"https:\/\/voceatimisului.ro\/licitatia-de-e-ticketing-a-primariei-timisoara-trimisa-la-rescris-de-cnsc-documentatie-profund-viciata-si-semne-de-intrebare-privind-expertiza-din-spatele-proiectului\/\" rel=\"bookmark\" title=\"Licita\u021bia de e-ticketing a Prim\u0103riei Timi\u0219oara, trimis\u0103 la rescris de CNSC. Documenta\u021bie \u201eprofund viciat\u0103\u201d \u0219i semne de \u00eentrebare privind expertiza din spatele proiectului\">Licita\u021bia de e-ticketing a Prim\u0103riei Timi\u0219oara, trimis\u0103 la rescris de CNSC. Documenta\u021bie \u201eprofund viciat\u0103\u201d \u0219i semne de \u00eentrebare privind expertiza din spatele proiectului<\/a><\/h3>\n<\/div>\n<\/div>\n<\/div>\n<div class=\"td_module_flex td_module_flex_1 td_module_wrap td-animation-stack td-meta-info-hide td-cpt-post\">\n<div class=\"td-module-container td-category-pos-image\">\n<div class=\"td-module-meta-info\">\n<h3 class=\"entry-title td-module-title\"><a href=\"https:\/\/voceatimisului.ro\/dominic-fritz-si-pensionarii-de-lux-ai-legalitatii\/\" rel=\"bookmark\" title=\"Dominic Fritz \u0219i pensionarii de lux ai legalit\u0103\u021bii\">Dominic Fritz \u0219i pensionarii de lux ai legalit\u0103\u021bii<\/a><\/h3>\n<\/div>\n<\/div>\n<\/div>\n<div class=\"td_module_flex td_module_flex_1 td_module_wrap td-animation-stack td-meta-info-hide td-cpt-post\">\n<div class=\"td-module-container td-category-pos-image\">\n<div class=\"td-module-meta-info\">\n<h3 class=\"entry-title td-module-title\"><a href=\"https:\/\/voceatimisului.ro\/demolari-fara-drept-si-functionari-executati-administratia-fritz-tot-mai-aproape-de-comunismul-birocratic\/\" rel=\"bookmark\" title=\"Demol\u0103ri f\u0103r\u0103 drept \u0219i func\u021bionari executa\u021bi: administra\u021bia Fritz, tot mai aproape de comunismul birocratic\">Demol\u0103ri f\u0103r\u0103 drept \u0219i func\u021bionari executa\u021bi: administra\u021bia Fritz, tot mai aproape de comunismul birocratic<\/a><\/h3>\n<\/div>\n<\/div>\n<\/div>\n<\/div>\n<\/div>\n<\/div>\n<\/div>\n<\/div>\n<\/div>\n<\/div>\n<\/div>\n<p><span class=\"td-page-meta\"><\/span><span class=\"td-page-meta\"><span class=\"td-page-meta\"><\/span><\/span><span class=\"td-page-meta\"><\/span><\/article>\n<p> Source URL: https:\/\/voceatimisului.ro\/liberul-arbitru-primaria-timisoara-a-refuzat-sa-faca-plangere-penala-impotriva-antreprenorului-general-de-la-pasajul-solventul-desi-constructorul-a-pus-in-circulatie-un-document-pe-care-c-n-a-i-r-l\/<\/p>\n","protected":false},"excerpt":{"rendered":"<p>\u0218tiriAdministra\u021bie Liberul arbitru! Prim\u0103ria Timi\u0219oara a refuzat s\u0103 fac\u0103 pl\u00e2ngere penal\u0103 \u00eempotriva antreprenorului general de la Pasajul Solventul, de\u0219i constructorul a pus \u00een circula\u021bie un document pe care C.N.A.I.R l-a catalogat drept un fals Autor-Tiberiu Kiss 25 martie 2023 1 1633 Facebook Twitter Pinterest WhatsApp Linkedin Copy URL Dominic Fritz la Pasajul Solventul jpg Reforma [&hellip;]<\/p>\n","protected":false},"author":1,"featured_media":1329556,"comment_status":"open","ping_status":"","sticky":false,"template":"","format":"standard","meta":{"footnotes":""},"categories":[89],"tags":[199],"class_list":["post-1329555","post","type-post","status-publish","format-standard","has-post-thumbnail","hentry","category-romania","tag-voceatimisului-ro"],"_links":{"self":[{"href":"https:\/\/analyse.optim.biz\/index.php?rest_route=\/wp\/v2\/posts\/1329555","targetHints":{"allow":["GET"]}}],"collection":[{"href":"https:\/\/analyse.optim.biz\/index.php?rest_route=\/wp\/v2\/posts"}],"about":[{"href":"https:\/\/analyse.optim.biz\/index.php?rest_route=\/wp\/v2\/types\/post"}],"author":[{"embeddable":true,"href":"https:\/\/analyse.optim.biz\/index.php?rest_route=\/wp\/v2\/users\/1"}],"replies":[{"embeddable":true,"href":"https:\/\/analyse.optim.biz\/index.php?rest_route=%2Fwp%2Fv2%2Fcomments&post=1329555"}],"version-history":[{"count":0,"href":"https:\/\/analyse.optim.biz\/index.php?rest_route=\/wp\/v2\/posts\/1329555\/revisions"}],"wp:featuredmedia":[{"embeddable":true,"href":"https:\/\/analyse.optim.biz\/index.php?rest_route=\/wp\/v2\/media\/1329556"}],"wp:attachment":[{"href":"https:\/\/analyse.optim.biz\/index.php?rest_route=%2Fwp%2Fv2%2Fmedia&parent=1329555"}],"wp:term":[{"taxonomy":"category","embeddable":true,"href":"https:\/\/analyse.optim.biz\/index.php?rest_route=%2Fwp%2Fv2%2Fcategories&post=1329555"},{"taxonomy":"post_tag","embeddable":true,"href":"https:\/\/analyse.optim.biz\/index.php?rest_route=%2Fwp%2Fv2%2Ftags&post=1329555"}],"curies":[{"name":"wp","href":"https:\/\/api.w.org\/{rel}","templated":true}]}}