{"id":1329536,"date":"2023-04-18T15:41:24","date_gmt":"2023-04-18T12:41:24","guid":{"rendered":"https:\/\/analyse.optim.biz\/?p=1329536"},"modified":"2023-04-18T15:41:24","modified_gmt":"2023-04-18T12:41:24","slug":"administratia-locala-a-primarului-dominic-fritz-da-rateuri","status":"publish","type":"post","link":"https:\/\/analyse.optim.biz\/?p=1329536","title":{"rendered":"Administra\u021bia local\u0103 a primarului Dominic Fritz d\u0103 rateuri"},"content":{"rendered":"<article id=\"template-id-172790\" class=\"post-172790 tdb_templates type-tdb_templates status-publish post\">\n<div id=\"tdi_52\" class=\"tdc-zone\">\n<div class=\"tdc_zone tdi_53  wpb_row td-pb-row\">\n<div id=\"tdi_54\" class=\"tdc-row stretch_row_1400 td-stretch-content\">\n<div class=\"vc_row tdi_55  wpb_row td-pb-row tdc-element-style\">\n<div class=\"vc_column tdi_57  wpb_column vc_column_container tdc-column td-pb-span8\">\n<div class=\"wpb_wrapper\">\n<div class=\"td_block_wrap tdb_single_categories tdi_58 td-pb-border-top td_block_template_1 \" data-td-block-uid=\"tdi_58\">\n<div class=\"tdb-category td-fix-index\"><a class=\"tdb-entry-category\" href=\"https:\/\/voceatimisului.ro\/category\/stiri-din-timisoara-si-timis\/\">\u0218tiri<\/a><a class=\"tdb-entry-category\" href=\"https:\/\/voceatimisului.ro\/category\/stiri-din-timisoara-si-timis\/administratie\/\">Administra\u021bie<\/a><\/div>\n<\/div>\n<div class=\"td_block_wrap tdb_title tdi_59 tdb-single-title td-pb-border-top td_block_template_1\" data-td-block-uid=\"tdi_59\">\n<div class=\"tdb-block-inner td-fix-index\">\n<h1 class=\"tdb-title-text\">Realitate versus fic\u021biune! Administra\u021bia local\u0103 a primarului Dominic Fritz d\u0103 rateuri magistrale cu fiecare ocazie \u0219i c\u00e2\u0219tig\u0103, la scor de neprezentare, doar pe re\u021belele sociale<\/h1>\n<\/div>\n<\/div>\n<div class=\"vc_row_inner tdi_62  vc_row vc_inner wpb_row td-pb-row\">\n<div class=\"vc_column_inner tdi_64  wpb_column vc_column_container tdc-inner-column td-pb-span6\">\n<div class=\"vc_column-inner\">\n<div class=\"wpb_wrapper\">\n<div class=\"td_block_wrap tdb_single_author tdi_65 td-pb-border-top td_block_template_1 tdb-post-meta\" data-td-block-uid=\"tdi_65\">\n<div class=\"tdb-block-inner td-fix-index\">\n<div class=\"tdb-author-name-wrap\"><span class=\"tdb-author-by\">Autor-<\/span><a class=\"tdb-author-name\" href=\"https:\/\/voceatimisului.ro\/author\/tibi\/\">Tiberiu Kiss<\/a><\/div>\n<\/div>\n<\/div>\n<div class=\"td_block_wrap tdb_single_date tdi_66 td-pb-border-top td_block_template_1 tdb-post-meta\" data-td-block-uid=\"tdi_66\">\n<div class=\"tdb-block-inner td-fix-index\"><time class=\"entry-date updated td-module-date\" datetime=\"2023-04-18T18:41:24+03:00\">18 aprilie 2023<\/time><\/div>\n<\/div>\n<div class=\"td_block_wrap tdb_single_comments_count tdi_67 td-pb-border-top td_block_template_1 tdb-post-meta\" data-td-block-uid=\"tdi_67\">\n<div class=\"tdb-block-inner td-fix-index\"><a href=\"https:\/\/voceatimisului.ro\/realitate-versus-fictiune-administratia-locala-a-primarului-dominic-fritz-da-rateuri-magistrale-cu-fiecare-ocazie-si-castiga-la-scor-de-neprezentare-doar-pe-retelele-sociale\/#comments\"><span>2<\/span><\/a><\/div>\n<\/div>\n<div class=\"td_block_wrap tdb_single_post_views tdi_68 td-pb-border-top td_block_template_1 tdb-post-meta\" data-td-block-uid=\"tdi_68\">\n<div class=\"tdb-block-inner td-fix-index\"><span class=\"tdb-add-text\">1<\/span><span class=\"td-nr-views-155689\">3267<\/span><\/div>\n<\/div>\n<\/div>\n<\/div>\n<\/div>\n<div class=\"vc_column_inner tdi_70  wpb_column vc_column_container tdc-inner-column td-pb-span6\">\n<div class=\"vc_column-inner\">\n<div class=\"wpb_wrapper\">\n<div class=\"td_block_wrap tdb_single_post_share tdi_71  td-pb-border-top td_block_template_1\" data-td-block-uid=\"tdi_71\">\n<div id=\"tdi_71\" class=\"td-post-sharing tdb-block td-ps-bg td-ps-notext td-post-sharing-style1 \">\n<div class=\"td-post-sharing-visible\"><a class=\"td-social-sharing-button td-social-sharing-button-js td-social-network td-social-facebook\" href=\"https:\/\/www.facebook.com\/sharer.php?u=https%3A%2F%2Fvoceatimisului.ro%2Frealitate-versus-fictiune-administratia-locala-a-primarului-dominic-fritz-da-rateuri-magistrale-cu-fiecare-ocazie-si-castiga-la-scor-de-neprezentare-doar-pe-retelele-sociale%2F\" title=\"Facebook\" rel=\"noopener\"><\/p>\n<div class=\"td-social-but-text\">Facebook<\/div>\n<p><\/a><a class=\"td-social-sharing-button td-social-sharing-button-js td-social-network td-social-twitter\" href=\"https:\/\/twitter.com\/intent\/tweet?text=Realitate+versus+fic%C8%9Biune%21+Administra%C8%9Bia+local%C4%83+a+primarului+Dominic+Fritz+d%C4%83+rateuri+magistrale+cu+fiecare+ocazie+%C8%99i+c%C3%A2%C8%99tig%C4%83%2C+la+scor+de+neprezentare%2C+doar+pe+re%C8%9Belele+sociale&amp;url=https%3A%2F%2Fvoceatimisului.ro%2Frealitate-versus-fictiune-administratia-locala-a-primarului-dominic-fritz-da-rateuri-magistrale-cu-fiecare-ocazie-si-castiga-la-scor-de-neprezentare-doar-pe-retelele-sociale%2F&amp;via=Vocea+Timisului\" title=\"Twitter\" rel=\"noopener\"><\/p>\n<div class=\"td-social-but-text\">Twitter<\/div>\n<p><\/a><a class=\"td-social-sharing-button td-social-sharing-button-js td-social-network td-social-pinterest\" href=\"https:\/\/pinterest.com\/pin\/create\/button\/?url=https:\/\/voceatimisului.ro\/realitate-versus-fictiune-administratia-locala-a-primarului-dominic-fritz-da-rateuri-magistrale-cu-fiecare-ocazie-si-castiga-la-scor-de-neprezentare-doar-pe-retelele-sociale\/&amp;media=https:\/\/voceatimisului.ro\/wp-content\/uploads\/2023\/04\/Dominic-Fritz-2-jpg.webp&amp;description=Realitate+versus+fic%C8%9Biune%21+Administra%C8%9Bia+local%C4%83+a+primarului+Dominic+Fritz+d%C4%83+rateuri+magistrale+cu+fiecare+ocazie+%C8%99i+c%C3%A2%C8%99tig%C4%83%2C+la+scor+de+neprezentare%2C+doar+pe+re%C8%9Belele+sociale\" title=\"Pinterest\" rel=\"noopener\"><\/p>\n<div class=\"td-social-but-text\">Pinterest<\/div>\n<p><\/a><a class=\"td-social-sharing-button td-social-sharing-button-js td-social-network td-social-whatsapp\" href=\"https:\/\/api.whatsapp.com\/send?text=Realitate+versus+fic%C8%9Biune%21+Administra%C8%9Bia+local%C4%83+a+primarului+Dominic+Fritz+d%C4%83+rateuri+magistrale+cu+fiecare+ocazie+%C8%99i+c%C3%A2%C8%99tig%C4%83%2C+la+scor+de+neprezentare%2C+doar+pe+re%C8%9Belele+sociale%20%0A%0A%20https:\/\/voceatimisului.ro\/realitate-versus-fictiune-administratia-locala-a-primarului-dominic-fritz-da-rateuri-magistrale-cu-fiecare-ocazie-si-castiga-la-scor-de-neprezentare-doar-pe-retelele-sociale\/\" title=\"WhatsApp\" rel=\"noopener\"><\/p>\n<div class=\"td-social-but-text\">WhatsApp<\/div>\n<p><\/a><a class=\"td-social-sharing-button td-social-sharing-button-js td-social-network td-social-linkedin\" href=\"https:\/\/www.linkedin.com\/shareArticle?mini=true&amp;url=https:\/\/voceatimisului.ro\/realitate-versus-fictiune-administratia-locala-a-primarului-dominic-fritz-da-rateuri-magistrale-cu-fiecare-ocazie-si-castiga-la-scor-de-neprezentare-doar-pe-retelele-sociale\/&amp;title=Realitate+versus+fic%C8%9Biune%21+Administra%C8%9Bia+local%C4%83+a+primarului+Dominic+Fritz+d%C4%83+rateuri+magistrale+cu+fiecare+ocazie+%C8%99i+c%C3%A2%C8%99tig%C4%83%2C+la+scor+de+neprezentare%2C+doar+pe+re%C8%9Belele+sociale\" title=\"Linkedin\" rel=\"noopener\"><\/p>\n<div class=\"td-social-but-text\">Linkedin<\/div>\n<p><\/a><a class=\"td-social-sharing-button td-social-sharing-button-js td-social-network td-social-copy_url\" href=\"https:\/\/voceatimisului.ro\/realitate-versus-fictiune-administratia-locala-a-primarului-dominic-fritz-da-rateuri-magistrale-cu-fiecare-ocazie-si-castiga-la-scor-de-neprezentare-doar-pe-retelele-sociale\/\" title=\"Copy URL\" rel=\"noopener\"><\/p>\n<div class=\"td-social-but-text\">Copy URL<\/div>\n<p><\/a><\/div>\n<\/div>\n<\/div>\n<\/div>\n<\/div>\n<\/div>\n<\/div>\n<div class=\"td_block_wrap tdb_single_featured_image tdi_72 tdb-content-horiz-left td-pb-border-top td_block_template_1\" data-td-block-uid=\"tdi_72\">\n<div class=\"tdb-block-inner td-fix-index\">\n<figure><img loading=\"lazy\" decoding=\"async\" width=\"696\" height=\"392\" class=\"entry-thumb\" src=\"https:\/\/analyse.optim.biz\/wp-content\/uploads\/2026\/01\/dominic-fritz-2-jpg-696x392-1.webp\" alt=\"Dominic Fritz 2 jpg\" title=\"Dominic Fritz 2 jpg\"><figcaption class=\"tdb-caption-text\">Dominic Fritz 2 jpg<\/figcaption><\/figure>\n<\/div>\n<\/div>\n<div class=\"vc_row_inner tdi_74  vc_row vc_inner wpb_row td-pb-row\">\n<div class=\"vc_column_inner tdi_76  wpb_column vc_column_container tdc-inner-column td-pb-span4 td-is-sticky\">\n<div class=\"vc_column-inner\">\n<div class=\"wpb_wrapper\" data-sticky-enabled-on=\"W3RydWUsdHJ1ZSx0cnVlLHRydWVd\" data-sticky-offset=\"20\" data-sticky-is-width-auto=\"W2ZhbHNlLGZhbHNlLGZhbHNlLGZhbHNlXQ==\">\n<div class=\"td_block_wrap td_flex_block_1 tdi_77 td-pb-border-top td_block_template_1 td_ajax_preloading_preload td_flex_block\" data-td-block-uid=\"tdi_77\">\n<div id=\"tdi_77\" class=\"td_block_inner td-mc1-wrap\">\n<div class=\"td_module_flex td_module_flex_1 td_module_wrap td-animation-stack td-meta-info-hide td-cpt-post\">\n<div class=\"td-module-container td-category-pos-image\">\n<div class=\"td-module-meta-info\">\n<h3 class=\"entry-title td-module-title\"><a href=\"https:\/\/voceatimisului.ro\/reforma-lui-fritz-pe-banii-timisorenilor-timisoara-plateste-milioane-si-se-uita-la-autobuze-care-ard\/\" rel=\"bookmark\" title=\"Reforma lui Fritz, pe banii timi\u0219orenilor. Timi\u0219oara pl\u0103te\u0219te milioane \u0219i se uit\u0103 la autobuze care ard\">Reforma lui Fritz, pe banii timi\u0219orenilor. Timi\u0219oara pl\u0103te\u0219te milioane \u0219i se uit\u0103 la autobuze care ard<\/a><\/h3>\n<\/div>\n<\/div>\n<\/div>\n<div class=\"td_module_flex td_module_flex_1 td_module_wrap td-animation-stack td-meta-info-hide td-cpt-post\">\n<div class=\"td-module-container td-category-pos-image\">\n<div class=\"td-module-meta-info\">\n<h3 class=\"entry-title td-module-title\"><a href=\"https:\/\/voceatimisului.ro\/administratia-usr-si-epurarea-incomozilor-i-as-aduna-pe-toti-intr-o-incapere-si-le-as-da-foc\/\" rel=\"bookmark\" title=\"Administra\u021bia USR \u0219i epurarea incomozilor. \u201eI-a\u0219 aduna pe to\u021bi \u00eentr-o \u00eenc\u0103pere \u0219i le-a\u0219 da foc.\u201d\">Administra\u021bia USR \u0219i epurarea incomozilor. \u201eI-a\u0219 aduna pe to\u021bi \u00eentr-o \u00eenc\u0103pere \u0219i le-a\u0219 da foc.\u201d<\/a><\/h3>\n<\/div>\n<\/div>\n<\/div>\n<div class=\"td_module_flex td_module_flex_1 td_module_wrap td-animation-stack td-meta-info-hide td-cpt-post\">\n<div class=\"td-module-container td-category-pos-image\">\n<div class=\"td-module-meta-info\">\n<h3 class=\"entry-title td-module-title\"><a href=\"https:\/\/voceatimisului.ro\/tramvaiul-nu-vine-dar-propaganda-circula-perfect\/\" rel=\"bookmark\" title=\"Tramvaiul nu vine, dar propaganda circul\u0103 perfect\">Tramvaiul nu vine, dar propaganda circul\u0103 perfect<\/a><\/h3>\n<\/div>\n<\/div>\n<\/div>\n<div class=\"td_module_flex td_module_flex_1 td_module_wrap td-animation-stack td-meta-info-hide td-cpt-post\">\n<div class=\"td-module-container td-category-pos-image\">\n<div class=\"td-module-meta-info\">\n<h3 class=\"entry-title td-module-title\"><a href=\"https:\/\/voceatimisului.ro\/transportul-public-din-timisoara-se-prabuseste-in-fiecare-zi-in-trafic-dar-in-birourile-primariei-totul-arata-perfect-si-european\/\" rel=\"bookmark\" title=\"Transportul public din Timi\u0219oara se pr\u0103bu\u0219e\u0219te \u00een fiecare zi \u00een trafic, dar \u00een birourile Prim\u0103riei totul arat\u0103 perfect \u0219i \u201ceuropean\u201d\">Transportul public din Timi\u0219oara se pr\u0103bu\u0219e\u0219te \u00een fiecare zi \u00een trafic, dar \u00een birourile Prim\u0103riei totul arat\u0103 perfect \u0219i \u201ceuropean\u201d<\/a><\/h3>\n<\/div>\n<\/div>\n<\/div>\n<\/div>\n<\/div>\n<div class=\"tdb-author-box td_block_wrap tdb_single_author_box tdi_82 tdb-content-vert-top td-pb-border-top td_block_template_1\" data-td-block-uid=\"tdi_82\">\n<div class=\"tdb-block-inner td-fix-index\">\n<div class=\"tdb-author-info\"><a href=\"https:\/\/voceatimisului.ro\/author\/tibi\/\" class=\"tdb-author-name\">Tiberiu Kiss<\/a><\/p>\n<div class=\"tdb-author-descr\">\u00centreaga responsabilitate a comentariilor l\u0103sate de dumneavoastr\u0103 v\u0103 apar\u021bine!<br \/>\nClick <a href=\"https:\/\/voceatimisului.ro\/termeni-si-conditii\/\">aici<\/a>-citeste condi\u0163iile de utilizare ale site-ului www.voceatimisului.ro<\/div>\n<\/div>\n<\/div>\n<\/div>\n<\/div>\n<\/div>\n<\/div>\n<div class=\"vc_column_inner tdi_84  wpb_column vc_column_container tdc-inner-column td-pb-span8\">\n<div class=\"vc_column-inner\">\n<div class=\"wpb_wrapper\">\n<div class=\"td_block_wrap tdb_single_content tdi_85 td-pb-border-top td_block_template_1 td-post-content tagdiv-type\" data-td-block-uid=\"tdi_85\">\n<div class=\"tdb-block-inner td-fix-index\">\n<h5 class=\"wp-block-heading\" id=\"h-altfel-iata-un-cuvant-care-a-fost-folosit-cu-obstina\u021bie-\u0219i-indarjire-patriotica-de-catre-usr-pana-ce-locu\u021biunea-adjectivala-\u0219i-a-pierdut-valoarea-altfel-de-oameni-altfel-de-politica-altfel-de-administra\u021bie-altfel-de-concursuri-publice-altfel-de-licita\u021bii-o-altfel-de-viziune-toate-altfel-decat-partidele-vechi-\u0219i-corupte-cu-timpul-realitatea-a-demonstrat-insa-ca-tota-gargara-anti-sistem-practicata-de-oamenii-noi-nu-reprezinta-altceva-decat-populism-ipocrizie-\u0219i-demagogie-ieftina-\u0219i-ca-sa-ramanem-pe-portativ-nimic-altfel-ci-exact-aceea\u0219i-poezie-ranceda-\u0219i-sulfuroasa-care-in-ultimii-30-de-ani-a-tot-fost-recitata-\u0219i-reciclata-de-clasa-politica-veche-\u0219i-autohtona\">Altfel! Iat\u0103 un cuv\u00e2nt care a fost folosit cu obstina\u021bie \u0219i \u00eend\u00e2rjire patriotic\u0103 de c\u0103tre USR, p\u00e2n\u0103 ce locu\u021biunea adjectival\u0103 \u0219i-a pierdut valoarea! <em>Altfel de oameni, altfel de politic\u0103, altfel de administra\u021bie, altfel de concursuri publice, altfel de licita\u021bii, o altfel de viziune\u2026 toate altfel dec\u00e2t partidele\u2026 vechi \u0219i corupte<\/em>! Cu timpul, realitatea a demonstrat, \u00eens\u0103, c\u0103 tot\u0103 gargara anti-sistem, practicat\u0103 de oamenii noi, nu reprezint\u0103 altceva dec\u00e2t populism, ipocrizie \u0219i demagogie ieftin\u0103. \u0218i, ca s\u0103 r\u0103m\u00e2nem pe portativ, nimic\u2026 <em>altfel<\/em>, ci exact <em>aceea\u0219i<\/em> poezie r\u00e2nced\u0103 \u0219i sulfuroas\u0103 care, \u00een ultimii 30 de ani, a tot fost recitat\u0103 \u0219i reciclat\u0103 de clasa politic\u0103\u2026 veche \u0219i autohton\u0103.<\/h5>\n<p>Acum, s\u0103 le lu\u0103m \u00een ordine! Azi, nu mai e niciun secret pentru absolut nimeni c\u0103, \u00een ciuda pozi\u021biilor publice dichisite \u0219i triumfaliste, primarul Dominic Fritz nu a livrat nimic la capitolul \u2013 <em>altfel de oameni<\/em>! Edilul Timi\u0219oarei nu a pus la b\u0103taie, \u00een interesul comunit\u0103\u021bii, a\u0219a cum a promis, nici speciali\u0219ti des\u0103v\u00e2r\u0219i\u021bi \u0219i corec\u021bi \u0219i nici exper\u021bi \u00een administra\u021bie sau \u00een managementul unor societ\u0103\u021bi cu capital de stat! <\/p>\n<p>A\u0219a cum s-a demonstrat de zeci de ori, toat\u0103 expertiza uman\u0103 a USR Timi\u0219 a fost valabil\u0103 doar pe h\u00e2rtie, \u00een CV-uri, \u00een post\u0103ri pe Facebook sau \u00een discursuri publice! \u00cen rest, un dezastru total, nici vorb\u0103 de \u00een\u021belep\u021bi \u0219i solu\u021bii miraculoase la nevoile timi\u0219orenilor!<\/p>\n<p>\u0218i supereroii prezenta\u021bi de \u00eent\u00e2iul urbei, la scen\u0103 deschis\u0103, \u0219i acoperi\u021bi cu laurii \u00eenving\u0103torilor, c\u00e2nd nici nu se apucaser\u0103 \u00eenc\u0103 de lucru, au f\u00e2s\u00e2it r\u00e2nd pe r\u00e2nd! Bucat\u0103 cu bucat\u0103, \u00een \u0219ir indian! Cert e c\u0103 USR-ul lui Dominic Fritz a pornit cu st\u00e2ngul \u00een ceea ce prive\u0219te resursa uman\u0103 de partid! <\/p>\n<p>L-a propulsat pe pozi\u021bia nr. 1 la Senat pe Raoul Trifan, un personaj literalmente \u0219ters, despre care presa a demonstrat, dincolo de orice dubiu, c\u0103 \u0219i-a falsificat CV-ul, min\u021bind c\u0103 are studii superioare, chiar \u0219i \u00een fa\u021ba propriilor colegi de partid. <strong>C\u00e2nd, de fapt, cea mai mare realizare a parlamentarului Raoul Trifan a fost titlul de campion na\u021bional\u2026 la un joc de c\u0103r\u021bi cu creaturi fantastice, a\u0219a cum au dezv\u0103luit colegii de la Rena\u0219terea b\u0103n\u0103\u021bean\u0103<\/strong>.<\/p>\n<p>Dup\u0103 acest episod sinistru \u0219i dezam\u0103gitor, de pe urma c\u0103ruia senatorul Trifan a r\u0103mas, pe loc, \u00een Parlamentul Rom\u00e2niei, Prim\u0103ria Timi\u0219oara, sub bagheta magicianului Dominic Fritz, a dat drumul la o salb\u0103 \u00eentreag\u0103 de\u2026 <em>altfel de concursuri<\/em> pentru\u2026 <em>altfel de oameni! <\/em><\/p>\n<p>Din nou, tot mass-media a semnalizat pseudo-concursurile pentru ocuparea func\u021biilor de \u0219ef de cabinet \u0219i city-manager, adjudecate miraculos \u0219i cu totul \u00eent\u00e2mpl\u0103tor de c\u0103tre doi useri\u0219ti, \u00een ciuda interesului planetar \u0219i cu peste 300 de CV-uri, sosite \u0219i de prin insule exotice, a\u0219a cum se l\u0103uda, \u00een mod public, edilul Timi\u0219oarei: <em>Dan Re\u0219itnec \u0219i Mihai Creiveanu<\/em>. <strong>A urmat, mai apoi, concursul trucat pentru o alt\u0103 userist\u0103, menit\u0103 s\u0103 ocupe func\u021bia de gr\u0103dinar-\u0219ef al municipiului \u2013 Ioana Raluca Bedelean<\/strong>!<\/p>\n<p>Aici, a fost cu ghinion pentru prim\u0103ria de sticl\u0103 a lui Dominic Fritz c\u0103ci instan\u021ba de judecat\u0103 a anulat concursul! \u00cen schimb, dosarul penal, deschis de c\u0103tre IPJ Timi\u0219, sub coordonarea procurorilor, pe subiectul m\u0103sluirii examenului public de gr\u0103dinar-\u0219ef, merge mai departe. <\/p>\n<p><strong>A\u0219a cum, \u00een oglind\u0103, merge \u0219i cercetarea penal\u0103 \u00een cazul Alexandrei Rigler de la USR, \u00eenfipt\u0103 la conducerea Centrului de Proiecte Timi\u0219oara, \u00een urma unui\u2026 <em>altfel de concurs public<\/em><\/strong>! \u0218i, nu \u00een cele din urm\u0103, \u00een aceea\u0219i not\u0103 de transparen\u021b\u0103 public\u0103, exact ca \u00een cea a Ioanei Bedelan \u0219i <a href=\"https:\/\/voceatimisului.ro\/de-manual-cum-a-reusit-primarul-dominic-fritz-sa-o-impuna-pe-userista-alexandra-rigler-la-conducerea-centrului-de-proiecte-timisoara\/\" target=\"_blank\" rel=\"noreferrer noopener\">Alexandrei Rigler<\/a>, se \u00eenscrie \u0219i examenul public al nu mai pu\u021bin celebrei useriste C\u0103t\u0103lina Jahn, instalat\u0103 \u00een linia a doua de la SC Pie\u021be SA, structur\u0103 aflat\u0103 \u00een subordinea administra\u021biei lui Dominic Fritz.<\/p>\n<p><strong>O altfel de viziune<\/strong><\/p>\n<p>De data aceasta, una urbanistic\u0103! \u0218i revolu\u021bia bunei guvern\u0103ri, a\u0219a cum a promis-o Dominic Fritz, cel pu\u021bin \u00een cazul realiz\u0103rii noului Plan Urbanistic General (PUG) al Timi\u0219oarei, \u0219i-a pus toate speran\u021bele, evident, tot \u00eentr-un\u2026 <em>altfel de concurs public<\/em>! \u0218i-a fost cu noroc pentru useristul Titus Gabriel Alm\u0103jan care, \u00een urma unui examen transparent, a fost desemnat arhitect-\u0219ef al Prim\u0103riei Timi\u0219oara. <\/p>\n<p><a href=\"https:\/\/voceatimisului.ro\/zona-crepusculara-strania-poveste-a-titularizarii-arhitectului-sef-gabriel-almajan-in-primaria-de-sticla-a-lui-dominic-fritz\/\" target=\"_blank\" rel=\"noreferrer noopener\"><strong>Acum, nici nu mai conteaz\u0103 c\u0103 rezultatul final \u0219i identitatea fericitului c\u00e2\u0219tig\u0103tor au circulat pe forumurile publice cu fix dou\u0103 luni \u00eenainte de data sus\u021binerii probelor publice \u0219i toate, f\u0103r\u0103 nici o excep\u021bie, \u00eel d\u0103deau \u00eenving\u0103tor pe alesul lui Dominic Fritz<\/strong>!<\/a> Cu nume \u0219i prenume, cu afilia\u021bii, motiva\u021bii, interese de grup \u0219i \u00eencreng\u0103turi socio-profesionale!<\/p>\n<p>De re\u021binut e faptul c\u0103, imediat dup\u0103 ce va livra public noul PUG al Timi\u0219oarei, exist\u0103 semnale serioase c\u0103 arhitectul-\u0219ef Titus Gabriel Alm\u0103jan va p\u0103r\u0103si corabia lui Dominic Fritz \u0219i c\u0103 pozi\u021bia sa public\u0103 va fi preluat\u0103, prin transfer, de omologul s\u0103u de la Alba Iulia, useristul Alexandru Damian. <\/p>\n<p>Una peste alta, azi, interesele de grup ale \u00eent\u00e2iului urbanist al Timi\u0219oarei \u0219i\u2026 o <em>altfel de viziune<\/em><em>urbanistic\u0103<\/em> graviteaz\u0103, cu preponderen\u021b\u0103, \u00een jurul firmei sale de cas\u0103 \u2013 SC ATG Studio SRL! \u0218i, mai apoi, aceea\u0219i viziune se aplic\u0103 \u0219i \u00een cazul altor useri\u0219ti de frunte: consilierului local R\u0103zvan Negri\u0219anu, \u0219eful Comisiei de Urbanism din cadrul PMT, care are tangen\u021b\u0103 cu interesele \u0219i portofoliul de proiecte al SC RD Sign SRL \u0219i, nu \u00een ultimul r\u00e2nd, \u0219i al fostului consilier personal al lui Dominic Fritz, arhitectul Rudolf Graf, diriguitor al SC Vitamin Architects SRL.<\/p>\n<p>Din date publice, din momentul \u00een care a ajuns arhitect-\u0219ef al Timi\u0219oarei, PUZ-urile au dat buzna la u\u0219a biroului de proiectare SC ATG Studio SRL. Diferen\u021bele \u00eentre anii 2021\u20132022 versus 2011\u20132020, pe c\u00e2nd arhitectul Titus Gabriel Alm\u0103jan era doar un freelancer, sunt unele absolut semnificative: <em>scor 7-3<\/em>! Mai exact, 7 PUZ-uri \u00een 2 ani \u0219i 3 urbaniz\u0103ri \u00een 10 ani! <\/p>\n<p>Semn c\u0103, f\u0103r\u0103 managementul s\u0103u, societatea pe care a fondat-o, recte SC ATG Studio SRL, rupe nori \u0219i balan\u021bele contabile! Oricum, chiar \u0219i viziunea tehnic\u0103 a arhitectului-\u0219ef al Timi\u0219oarei a suferit schimb\u0103ri, fa\u021b\u0103 de coeficien\u021bii de construibilitate, pe care-i propunea ca simplu urbanist, \u00eenainte de anul 2020. <\/p>\n<p>Pe atunci, modific\u0103rile aduse reglement\u0103rilor din Planul Urbanistic General (PUG) asupra procentului de ocupare al terenului (POT) se stabileau prin Planul Urbanistic de Detaliu (PUD), iar restul se reglau prin Planurile Urbanistice Zonale (PUZ). Acum, arhitectul Alm\u0103jan are\u2026 <em>o altfel de viziune<\/em>. Una pe dos!<\/p>\n<p>\u0218i asta s-a v\u0103zut imediat dup\u0103 aprobarea, prin HCL Timi\u0219oara nr. 365 din 26 iunie 2022, a mult tr\u00e2mbi\u021batei Strategii de Dezvoltare Teritorial\u0103 Urban\u0103 \u2013 Masterplan Timi\u0219oara Nord. M\u0103car acum, dup\u0103 ce primarul Dominic Fritz a ridicat ode \u00een metru antic monumentului de urbanizare din nordul municipiului, apar \u0219i beneficiarii reali ai urbaniz\u0103rii. <\/p>\n<p>Desigur, a\u0219a cum rezult\u0103 din date publice, chiar sub bagheta magic\u0103 a S.C. ATG Studio S.R.L: P.U.Z \u2013 Zon\u0103 reziden\u021bial\u0103 \u0219i func\u021biuni complementare, str. Grigore Alexandrescu, Timi\u0219oara. Documenta\u021bia\u00a0\u2013 poate fi vizualizat\u0103 pe site-ul oficial al Prim\u0103riei Municipiului Timi\u0219oara, sec\u021biunea\u00a0\u00a0<em>\u201eAviz de Oportunitate \/ Studii de Oportunitate informare 2022\u201d<\/em>. A\u0219a se face c\u0103 zone \u00eentregi, prev\u0103zute ini\u021bial pentru case, se vor umple cu blocuri la Timi\u0219oara! Ca s\u0103 aib\u0103 o p\u00e2ine alb\u0103 de m\u00e2ncat Sc ATG Studio SRL, societatea de suflet a arhitectului-\u0219ef Titus Gabriel Alm\u0103jan.<\/p>\n<p><strong>O altfel de administra\u021bie public\u0103<\/strong><\/p>\n<p>Cel pu\u021bin p\u00e2n\u0103 acum, de departe, cea mai mare piatr\u0103 de moar\u0103, at\u00e2t la piciorul USR Timi\u0219, c\u00e2t \u0219i la glezna lui Dominic Fritz, este legat\u0103 de Colterm. \u0218i, la cum bate v\u00e2ntul, Societatea de Transport Public Timi\u0219oara (STPT) se \u00eendreapt\u0103, \u00eencet dar sigur, \u00een aceea\u0219i direc\u021bie! <\/p>\n<p>Acum, av\u00e2nd \u00een vedere situa\u021bia dezastruoas\u0103 \u0219i f\u0103r\u0103 ie\u0219ire \u00een care a ajuns fosta regie de termoficare a municipalit\u0103\u021bii, e clar pentru toat\u0103 lumea c\u0103 poezia lui Dominic Fritz, legat\u0103 de viceprimarul Ruben La\u021bc\u0103u, specialistul USR care are solu\u021bii salvatoare pentru Colterm \u0219i la ora 3 diminea\u021ba, nu e altceva dec\u00e2t\u2026 <em>o altfel de minciun\u0103<\/em>! Una frumos ambalat\u0103 care, la finalul lunii, mai mult ca sigur, se va dezintegra!<\/p>\n<p>De\u0219i, doar din motive electorale, administra\u021bia Fritz se \u00eenc\u0103p\u0103\u021b\u00e2neaz\u0103 s\u0103 nu-i anun\u021be funeraliile \u0219i decesul, e clar pentru toat\u0103 lumea c\u0103, azi, Colterm e \u0219i \u00eengropat, deja! \u0218i, mai mult ca sigur, la data de 28 aprilie a.c., zi \u00een care expir\u0103 termenul legal pentru achizi\u021bionarea certificatelor verzi, f\u0103r\u0103 nicio \u0219ans\u0103 de a fi cump\u0103rate, toat\u0103 administra\u021bia local\u0103 se va aduna la capul fostei regii de termoficare a Timi\u0219oarei! Cu lum\u00e2n\u0103ri!<\/p>\n<p>Mai ales c\u0103, \u00eentre timp, a\u0219a cum rezult\u0103 din informa\u021bii de data recent\u0103, pe data de 10 martie a.c., Ministerul Dezvolt\u0103rii, Lucr\u0103rilor Publice \u0219i Administra\u021biei (MDLPA) a refuzat s\u0103 acorde un sprijin financiar de 100.000.000 RON c\u0103tre Prim\u0103ria Timi\u0219oara, bani necesari achizi\u021bion\u0103rii certificatelor EUA, aferente anului 2022.<\/p>\n<p>Refuzul a venit din zeci de motive, absolut pertinente! \u00cen primul r\u00e2nd pentru c\u0103, nici c\u00e2nd a solicitat un colac de salvare de la statul rom\u00e2n, municipalitatea nu a fost \u00een stare s\u0103 precizeze c\u00e2te certificate verzi a achizi\u021bionat deja \u0219i nici c\u00e2te vor fi cump\u0103rate din surse proprii, p\u00e2n\u0103 la data de 28 aprilie 2023. Mai apoi, pentru c\u0103 bugetul MDLPA nu poate sus\u021bine cu sume de bani cump\u0103rarea de certificate EUA! <\/p>\n<p>\u0218i, nu \u00een ultimul r\u00e2nd, <em>deoarece orice schem\u0103 financiar\u0103, venit\u0103 de la bugetul consolidat c\u0103tre Colterm, este considerat\u0103 ca fiind ajutor de stat \u0219i sanc\u021bionat\u0103 de UE<\/em>, dac\u0103 compensa\u021biile c\u0103tre agentul economic au dep\u0103\u0219it plafonul anual de 15 milioane de euro, a\u0219a cum prevede legisla\u021bia european\u0103. \u0218i, \u00een fiecare an, sumele au fost\u2026 dep\u0103\u0219ite!<\/p>\n<p>A\u0219a c\u0103, nu degeaba, pe data de 13 aprilie a.c, consor\u021biul Alfa &amp; Quantum Consulting \u2013 Maestro \u2013 Insolvein, entitatea juridic\u0103 care se ocup\u0103 de insolven\u021ba Colterm, a solicitat administra\u021biei Dominic Fritz s\u0103 nu mai trag\u0103 de timp, s\u0103 lase du\u0219manii imaginari, s\u0103-\u0219i onoreze promisiunile publice, s\u0103 convoace o \u0219edin\u021b\u0103 extraordinar\u0103 de Consiliu Local, s\u0103 aprobe pierderile tehnologice induse aferente anului 2022 ale Colterm \u2013 \u00een valoare de 92.112.073 RON (plus TVA), s\u0103 \u00ee\u0219i respecte obliga\u021biile \u0219i s\u0103 pl\u0103teasc\u0103, cel t\u00e2rziu p\u00e2n\u0103 la data de 25 aprilie 2023, jum\u0103tate din pierderile tehnologice\u2026 \u00eentr-o singur\u0103 tran\u0219\u0103 \u0219i s\u0103-\u0219i achite factura restant\u0103 de 21.440.022 RON ce rezid\u0103 din diferen\u021bele de pre\u021b la energia termic\u0103, livrat\u0103 popula\u021biei pe luna martie 2023.<\/p>\n<p><strong>O altfel de schem\u0103<\/strong><\/p>\n<p>\u0218i ca totul s\u0103 fie roz, chiar dac\u0103 nu a f\u0103cut public anun\u021bul, la \u00eenceputul anului 2023, Prim\u0103ria Timi\u0219oara a luat la cuno\u0219tin\u021b\u0103 despre Decizia nr. 146 a Consiliului Concuren\u021bei care, dup\u0103 o investiga\u021bie proprie, a constatat ca UAT Timi\u0219oara, sub bagheta lui Dominic Fritz, a \u00eenc\u0103lcat prevederile legale \u00een cazul SC Total Waste Management SRL \u0219i SC Greentech SA. <\/p>\n<p>Practic, doi operatori economici autoriza\u021bi pentru desf\u0103\u0219urarea activit\u0103\u021bii de preluare prin achizi\u021bie a de\u0219eurilor de ambalaje de la popula\u021bie despre care Consiliul Concuren\u021bei a concluzionat c\u0103 au fost limita\u021bi \u00een exercitarea actelor de comer\u021b pe raza municipiului Timi\u0219oara, \u00een sensul c\u0103 administra\u021bia local\u0103 a favorizat un alt operator de salubritate, prin extinderea unui drept exclusiv \u00een leg\u0103tur\u0103 cu servicii ecologice!<\/p>\n<p>A\u0219a c\u0103, e c\u00e2t se poate de limpede c\u0103, \u00een ciuda pove\u0219tilor dichisite din spa\u021biul public, administra\u021bia lui Dominic Fritz nu e deloc ceea ce se chinuie s\u0103 par\u0103! Nu e nicio\u2026 <em>altfel de administra\u021bie<\/em> \u0219i nicio altfel de clas\u0103 de premian\u021bi cu coroni\u021be! \u0218i nici m\u0103car nu e format\u0103 din\u2026 <em>altfel de oameni<\/em>! \u00cen schimb, administra\u021bia lui Dominic Fritz a reu\u0219it un lucru mare: s\u0103 \u00eent\u0103reasc\u0103 ideea c\u0103 Dumnezeu e \u0219eful la ironii!<\/p>\n<figure class=\"wp-block-gallery has-nested-images columns-default is-cropped wp-block-gallery-1 is-layout-flex wp-block-gallery-is-layout-flex\">\n<figure class=\"wp-block-image size-large\"><a href=\"https:\/\/analyse.optim.biz\/wp-content\/uploads\/2026\/01\/administratia-locala-a-primarului-dominic-fritz04.jpg\"><img loading=\"lazy\" decoding=\"async\" width=\"768\" height=\"1024\" data-id=\"155703\" src=\"https:\/\/analyse.optim.biz\/wp-content\/uploads\/2026\/01\/administratia-locala-a-primarului-dominic-fritz04.jpg\" alt=\"Realitate versus fic\u021biune! Administra\u021bia local\u0103 a primarului Dominic Fritz d\u0103 rateuri magistrale cu fiecare ocazie \u0219i c\u00e2\u0219tig\u0103, la scor de neprezentare, doar pe re\u021belele sociale\" class=\"wp-image-155703\" title=\"administratia-locala-a-primarului-dominic-fritz04\"><\/a><\/figure>\n<figure class=\"wp-block-image size-large\"><a href=\"https:\/\/analyse.optim.biz\/wp-content\/uploads\/2026\/01\/administratia-locala-a-primarului-dominic-fritz03.jpg\"><img loading=\"lazy\" decoding=\"async\" width=\"768\" height=\"1024\" data-id=\"155702\" src=\"https:\/\/analyse.optim.biz\/wp-content\/uploads\/2026\/01\/administratia-locala-a-primarului-dominic-fritz03.jpg\" alt=\"Realitate versus fic\u021biune! Administra\u021bia local\u0103 a primarului Dominic Fritz d\u0103 rateuri magistrale cu fiecare ocazie \u0219i c\u00e2\u0219tig\u0103, la scor de neprezentare, doar pe re\u021belele sociale\" class=\"wp-image-155702\" title=\"administratia-locala-a-primarului-dominic-fritz03\"><\/a><\/figure>\n<figure class=\"wp-block-image size-large\"><a href=\"https:\/\/analyse.optim.biz\/wp-content\/uploads\/2026\/01\/administratia-locala-a-primarului-dominic-fritz02.jpg\"><img loading=\"lazy\" decoding=\"async\" width=\"768\" height=\"1024\" data-id=\"155701\" src=\"https:\/\/analyse.optim.biz\/wp-content\/uploads\/2026\/01\/administratia-locala-a-primarului-dominic-fritz02.jpg\" alt=\"Realitate versus fic\u021biune! Administra\u021bia local\u0103 a primarului Dominic Fritz d\u0103 rateuri magistrale cu fiecare ocazie \u0219i c\u00e2\u0219tig\u0103, la scor de neprezentare, doar pe re\u021belele sociale\" class=\"wp-image-155701\" title=\"administratia-locala-a-primarului-dominic-fritz02\"><\/a><\/figure>\n<figure class=\"wp-block-image size-large\"><a href=\"https:\/\/analyse.optim.biz\/wp-content\/uploads\/2026\/01\/administratia-locala-a-primarului-dominic-fritz01.jpg\"><img decoding=\"async\" loading=\"lazy\" width=\"768\" height=\"1024\" data-id=\"155700\" src=\"https:\/\/analyse.optim.biz\/wp-content\/uploads\/2026\/01\/administratia-locala-a-primarului-dominic-fritz01.jpg\" alt=\"Realitate versus fic\u021biune! Administra\u021bia local\u0103 a primarului Dominic Fritz d\u0103 rateuri magistrale cu fiecare ocazie \u0219i c\u00e2\u0219tig\u0103, la scor de neprezentare, doar pe re\u021belele sociale\" class=\"wp-image-155700\" title=\"administratia-locala-a-primarului-dominic-fritz01\"><\/a><\/figure>\n<figure class=\"wp-block-image size-large\"><a href=\"https:\/\/analyse.optim.biz\/wp-content\/uploads\/2026\/01\/administratia-locala-a-primarului-dominic-fritz11.jpg\"><img decoding=\"async\" loading=\"lazy\" width=\"768\" height=\"1024\" data-id=\"155699\" src=\"https:\/\/analyse.optim.biz\/wp-content\/uploads\/2026\/01\/administratia-locala-a-primarului-dominic-fritz11.jpg\" alt=\"Realitate versus fic\u021biune! Administra\u021bia local\u0103 a primarului Dominic Fritz d\u0103 rateuri magistrale cu fiecare ocazie \u0219i c\u00e2\u0219tig\u0103, la scor de neprezentare, doar pe re\u021belele sociale\" class=\"wp-image-155699\" title=\"administratia-locala-a-primarului-dominic-fritz11\"><\/a><\/figure>\n<figure class=\"wp-block-image size-large\"><a href=\"https:\/\/analyse.optim.biz\/wp-content\/uploads\/2026\/01\/administratia-locala-a-primarului-dominic-fritz10.jpg\"><img decoding=\"async\" loading=\"lazy\" width=\"768\" height=\"1024\" data-id=\"155698\" src=\"https:\/\/analyse.optim.biz\/wp-content\/uploads\/2026\/01\/administratia-locala-a-primarului-dominic-fritz10.jpg\" alt=\"Realitate versus fic\u021biune! Administra\u021bia local\u0103 a primarului Dominic Fritz d\u0103 rateuri magistrale cu fiecare ocazie \u0219i c\u00e2\u0219tig\u0103, la scor de neprezentare, doar pe re\u021belele sociale\" class=\"wp-image-155698\" title=\"administratia-locala-a-primarului-dominic-fritz10\"><\/a><\/figure>\n<figure class=\"wp-block-image size-large\"><a href=\"https:\/\/analyse.optim.biz\/wp-content\/uploads\/2026\/01\/administratia-locala-a-primarului-dominic-fritz09.jpg\"><img decoding=\"async\" loading=\"lazy\" width=\"768\" height=\"1024\" data-id=\"155697\" src=\"https:\/\/analyse.optim.biz\/wp-content\/uploads\/2026\/01\/administratia-locala-a-primarului-dominic-fritz09.jpg\" alt=\"Realitate versus fic\u021biune! Administra\u021bia local\u0103 a primarului Dominic Fritz d\u0103 rateuri magistrale cu fiecare ocazie \u0219i c\u00e2\u0219tig\u0103, la scor de neprezentare, doar pe re\u021belele sociale\" class=\"wp-image-155697\" title=\"administratia-locala-a-primarului-dominic-fritz09\"><\/a><\/figure>\n<figure class=\"wp-block-image size-large\"><a href=\"https:\/\/analyse.optim.biz\/wp-content\/uploads\/2026\/01\/administratia-locala-a-primarului-dominic-fritz08.jpg\"><img decoding=\"async\" loading=\"lazy\" width=\"768\" height=\"1024\" data-id=\"155696\" src=\"https:\/\/analyse.optim.biz\/wp-content\/uploads\/2026\/01\/administratia-locala-a-primarului-dominic-fritz08.jpg\" alt=\"Realitate versus fic\u021biune! Administra\u021bia local\u0103 a primarului Dominic Fritz d\u0103 rateuri magistrale cu fiecare ocazie \u0219i c\u00e2\u0219tig\u0103, la scor de neprezentare, doar pe re\u021belele sociale\" class=\"wp-image-155696\" title=\"administratia-locala-a-primarului-dominic-fritz08\"><\/a><\/figure>\n<figure class=\"wp-block-image size-large\"><a href=\"https:\/\/analyse.optim.biz\/wp-content\/uploads\/2026\/01\/administratia-locala-a-primarului-dominic-fritz07.jpg\"><img decoding=\"async\" loading=\"lazy\" width=\"768\" height=\"1024\" data-id=\"155695\" src=\"https:\/\/analyse.optim.biz\/wp-content\/uploads\/2026\/01\/administratia-locala-a-primarului-dominic-fritz07.jpg\" alt=\"Realitate versus fic\u021biune! Administra\u021bia local\u0103 a primarului Dominic Fritz d\u0103 rateuri magistrale cu fiecare ocazie \u0219i c\u00e2\u0219tig\u0103, la scor de neprezentare, doar pe re\u021belele sociale\" class=\"wp-image-155695\" title=\"administratia-locala-a-primarului-dominic-fritz07\"><\/a><\/figure>\n<figure class=\"wp-block-image size-large\"><a href=\"https:\/\/analyse.optim.biz\/wp-content\/uploads\/2026\/01\/administratia-locala-a-primarului-dominic-fritz06.jpg\"><img decoding=\"async\" loading=\"lazy\" width=\"768\" height=\"1024\" data-id=\"155694\" src=\"https:\/\/analyse.optim.biz\/wp-content\/uploads\/2026\/01\/administratia-locala-a-primarului-dominic-fritz06.jpg\" alt=\"Realitate versus fic\u021biune! Administra\u021bia local\u0103 a primarului Dominic Fritz d\u0103 rateuri magistrale cu fiecare ocazie \u0219i c\u00e2\u0219tig\u0103, la scor de neprezentare, doar pe re\u021belele sociale\" class=\"wp-image-155694\" title=\"administratia-locala-a-primarului-dominic-fritz06\"><\/a><\/figure>\n<figure class=\"wp-block-image size-large\"><a href=\"https:\/\/analyse.optim.biz\/wp-content\/uploads\/2026\/01\/administratia-locala-a-primarului-dominic-fritz05.jpg\"><img decoding=\"async\" loading=\"lazy\" width=\"768\" height=\"1024\" data-id=\"155693\" src=\"https:\/\/analyse.optim.biz\/wp-content\/uploads\/2026\/01\/administratia-locala-a-primarului-dominic-fritz05.jpg\" alt=\"Realitate versus fic\u021biune! Administra\u021bia local\u0103 a primarului Dominic Fritz d\u0103 rateuri magistrale cu fiecare ocazie \u0219i c\u00e2\u0219tig\u0103, la scor de neprezentare, doar pe re\u021belele sociale\" class=\"wp-image-155693\" title=\"administratia-locala-a-primarului-dominic-fritz05\"><\/a><\/figure>\n<\/figure>\n<\/div>\n<\/div>\n<div class=\"td_block_wrap tdb_single_tags tdi_88 td-pb-border-top td_block_template_1\" data-td-block-uid=\"tdi_88\">\n<div class=\"tdb-block-inner td-fix-index\">\n<ul class=\"tdb-tags\">\n<li><span>Tags<\/span><\/li>\n<li><a href=\"https:\/\/voceatimisului.ro\/tag\/colterm\/\">colterm<\/a><\/li>\n<li><a href=\"https:\/\/voceatimisului.ro\/tag\/dominic-fritz\/\">Dominic Fritz<\/a><\/li>\n<li><a href=\"https:\/\/voceatimisului.ro\/tag\/gabriel-almajan\/\">Gabriel Alm\u0103jan<\/a><\/li>\n<li><a href=\"https:\/\/voceatimisului.ro\/tag\/primaria-timisoara\/\">primaria timisoara<\/a><\/li>\n<\/ul>\n<\/div>\n<\/div>\n<div class=\"td_block_wrap tdb_single_post_share tdi_89  td-pb-border-top td_block_template_1\" data-td-block-uid=\"tdi_89\">\n<div id=\"tdi_89\" class=\"td-post-sharing tdb-block td-ps-bg td-ps-notext td-post-sharing-style1 \">\n<div class=\"td-post-sharing-visible\"><a class=\"td-social-sharing-button td-social-sharing-button-js td-social-network td-social-facebook\" href=\"https:\/\/www.facebook.com\/sharer.php?u=https%3A%2F%2Fvoceatimisului.ro%2Frealitate-versus-fictiune-administratia-locala-a-primarului-dominic-fritz-da-rateuri-magistrale-cu-fiecare-ocazie-si-castiga-la-scor-de-neprezentare-doar-pe-retelele-sociale%2F\" title=\"Facebook\" rel=\"noopener\"><\/p>\n<div class=\"td-social-but-text\">Facebook<\/div>\n<p><\/a><a class=\"td-social-sharing-button td-social-sharing-button-js td-social-network td-social-twitter\" href=\"https:\/\/twitter.com\/intent\/tweet?text=Realitate+versus+fic%C8%9Biune%21+Administra%C8%9Bia+local%C4%83+a+primarului+Dominic+Fritz+d%C4%83+rateuri+magistrale+cu+fiecare+ocazie+%C8%99i+c%C3%A2%C8%99tig%C4%83%2C+la+scor+de+neprezentare%2C+doar+pe+re%C8%9Belele+sociale&amp;url=https%3A%2F%2Fvoceatimisului.ro%2Frealitate-versus-fictiune-administratia-locala-a-primarului-dominic-fritz-da-rateuri-magistrale-cu-fiecare-ocazie-si-castiga-la-scor-de-neprezentare-doar-pe-retelele-sociale%2F&amp;via=Vocea+Timisului\" title=\"Twitter\" rel=\"noopener\"><\/p>\n<div class=\"td-social-but-text\">Twitter<\/div>\n<p><\/a><a class=\"td-social-sharing-button td-social-sharing-button-js td-social-network td-social-pinterest\" href=\"https:\/\/pinterest.com\/pin\/create\/button\/?url=https:\/\/voceatimisului.ro\/realitate-versus-fictiune-administratia-locala-a-primarului-dominic-fritz-da-rateuri-magistrale-cu-fiecare-ocazie-si-castiga-la-scor-de-neprezentare-doar-pe-retelele-sociale\/&amp;media=https:\/\/voceatimisului.ro\/wp-content\/uploads\/2023\/04\/Dominic-Fritz-2-jpg.webp&amp;description=Realitate+versus+fic%C8%9Biune%21+Administra%C8%9Bia+local%C4%83+a+primarului+Dominic+Fritz+d%C4%83+rateuri+magistrale+cu+fiecare+ocazie+%C8%99i+c%C3%A2%C8%99tig%C4%83%2C+la+scor+de+neprezentare%2C+doar+pe+re%C8%9Belele+sociale\" title=\"Pinterest\" rel=\"noopener\"><\/p>\n<div class=\"td-social-but-text\">Pinterest<\/div>\n<p><\/a><a class=\"td-social-sharing-button td-social-sharing-button-js td-social-network td-social-whatsapp\" href=\"https:\/\/api.whatsapp.com\/send?text=Realitate+versus+fic%C8%9Biune%21+Administra%C8%9Bia+local%C4%83+a+primarului+Dominic+Fritz+d%C4%83+rateuri+magistrale+cu+fiecare+ocazie+%C8%99i+c%C3%A2%C8%99tig%C4%83%2C+la+scor+de+neprezentare%2C+doar+pe+re%C8%9Belele+sociale%20%0A%0A%20https:\/\/voceatimisului.ro\/realitate-versus-fictiune-administratia-locala-a-primarului-dominic-fritz-da-rateuri-magistrale-cu-fiecare-ocazie-si-castiga-la-scor-de-neprezentare-doar-pe-retelele-sociale\/\" title=\"WhatsApp\" rel=\"noopener\"><\/p>\n<div class=\"td-social-but-text\">WhatsApp<\/div>\n<p><\/a><a class=\"td-social-sharing-button td-social-sharing-button-js td-social-network td-social-linkedin\" href=\"https:\/\/www.linkedin.com\/shareArticle?mini=true&amp;url=https:\/\/voceatimisului.ro\/realitate-versus-fictiune-administratia-locala-a-primarului-dominic-fritz-da-rateuri-magistrale-cu-fiecare-ocazie-si-castiga-la-scor-de-neprezentare-doar-pe-retelele-sociale\/&amp;title=Realitate+versus+fic%C8%9Biune%21+Administra%C8%9Bia+local%C4%83+a+primarului+Dominic+Fritz+d%C4%83+rateuri+magistrale+cu+fiecare+ocazie+%C8%99i+c%C3%A2%C8%99tig%C4%83%2C+la+scor+de+neprezentare%2C+doar+pe+re%C8%9Belele+sociale\" title=\"Linkedin\" rel=\"noopener\"><\/p>\n<div class=\"td-social-but-text\">Linkedin<\/div>\n<p><\/a><a class=\"td-social-sharing-button td-social-sharing-button-js td-social-network td-social-copy_url\" href=\"https:\/\/voceatimisului.ro\/realitate-versus-fictiune-administratia-locala-a-primarului-dominic-fritz-da-rateuri-magistrale-cu-fiecare-ocazie-si-castiga-la-scor-de-neprezentare-doar-pe-retelele-sociale\/\" title=\"Copy URL\" rel=\"noopener\"><\/p>\n<div class=\"td-social-but-text\">Copy URL<\/div>\n<p><\/a><\/div>\n<\/div>\n<\/div>\n<div class=\"td_block_wrap tdb_single_next_prev tdi_90 td-animation-stack td-next-prev-img-on td-pb-border-top td_block_template_1\" data-td-block-uid=\"tdi_90\">\n<div class=\"tdb-block-inner td-fix-index\">\n<div class=\"tdb-next-post tdb-next-post-bg tdb-post-prev\"><span>Articolul precedent<\/span><\/p>\n<div class=\"td-module-container\">\n<div class=\"td-image-container\"><a class=\"td-image-wrap\" href=\"https:\/\/voceatimisului.ro\/noi-artisti-confirmati-la-flight-festival-2023\/\"><img decoding=\"async\" class=\"td-next-prev-image td-fix-index td-lazy-img\" title=\"Noi arti\u0219ti confirma\u021bi la Flight Festival 2023\" src=\"https:\/\/analyse.optim.biz\/wp-content\/uploads\/2026\/01\/flight-festival-2023-jpg.webp\"><\/a><\/div>\n<div class=\"next-prev-title\"><a href=\"https:\/\/voceatimisului.ro\/noi-artisti-confirmati-la-flight-festival-2023\/\">Noi arti\u0219ti confirma\u021bi la Flight Festival 2023<\/a><\/div>\n<\/div>\n<\/div>\n<div class=\"tdb-next-post tdb-next-post-bg tdb-post-next\"><span>Articolul urm\u0103tor<\/span><\/p>\n<div class=\"td-module-container\">\n<div class=\"td-image-container\"><a class=\"td-image-wrap\" href=\"https:\/\/voceatimisului.ro\/zona-crepusculara-informatii-si-probe-care-privesc-ancheta-penala-in-cazul-agentului-sef-raoul-iacob-de-la-biroul-de-investigatii-criminale-timisoara-se-scurg-necontrolat-si-dispar-ca-prin-condu\/\"><img loading=\"lazy\" decoding=\"async\" class=\"td-next-prev-image td-fix-index td-lazy-img\" title=\"Zona crepuscular\u0103! Informa\u021bii \u0219i probe, care privesc ancheta penal\u0103 \u00een cazul agentului-\u0219ef Raoul Iacob de la Biroul de Investiga\u021bii Criminale Timi\u0219oara, se scurg (ne)controlat \u0219i dispar, ca prin conductele de ap\u0103 ale Aquatim\" width=\"696\" height=\"1237\" src=\"https:\/\/analyse.optim.biz\/wp-content\/uploads\/2026\/01\/raoul-iacob2-jpg-696x1237-1.webp\"><\/a><\/div>\n<div class=\"next-prev-title\"><a href=\"https:\/\/voceatimisului.ro\/zona-crepusculara-informatii-si-probe-care-privesc-ancheta-penala-in-cazul-agentului-sef-raoul-iacob-de-la-biroul-de-investigatii-criminale-timisoara-se-scurg-necontrolat-si-dispar-ca-prin-condu\/\">Zona crepuscular\u0103! Informa\u021bii \u0219i probe, care privesc ancheta penal\u0103 \u00een cazul agentului-\u0219ef Raoul Iacob de la Biroul de Investiga\u021bii Criminale Timi\u0219oara, se scurg (ne)controlat \u0219i dispar, ca prin conductele de ap\u0103 ale Aquatim<\/a><\/div>\n<\/div>\n<\/div>\n<\/div>\n<\/div>\n<\/div>\n<\/div>\n<\/div>\n<\/div>\n<div class=\"vc_row_inner tdi_100  vc_row vc_inner wpb_row td-pb-row\">\n<div class=\"vc_column_inner tdi_102  wpb_column vc_column_container tdc-inner-column td-pb-span4 td-is-sticky\">\n<div class=\"vc_column-inner\">\n<div class=\"wpb_wrapper\" data-sticky-enabled-on=\"W3RydWUsdHJ1ZSx0cnVlLHRydWVd\" data-sticky-offset=\"20\" data-sticky-is-width-auto=\"W2ZhbHNlLGZhbHNlLGZhbHNlLGZhbHNlXQ==\">\n<div class=\"td_block_wrap tdb_single_related tdi_103 td_with_ajax_pagination td-pb-border-top td_block_template_1 tdb-single-related-posts\" data-td-block-uid=\"tdi_103\">\n<div id=\"tdi_103\" class=\"td_block_inner tdb-block-inner td-fix-index\">\n<div class=\"tdb_module_related td_module_wrap td-animation-stack td-meta-info-hide\">\n<div class=\"td-module-container td-category-pos-image\">\n<div class=\"td-module-meta-info\">\n<h3 class=\"entry-title td-module-title\"><a href=\"https:\/\/voceatimisului.ro\/retim-a-plecat-din-timisoara-sub-nasul-consiliului-local\/\" rel=\"bookmark\" title=\"RETIM a plecat din Timi\u0219oara sub nasul Consiliului Local\">RETIM a plecat din Timi\u0219oara sub nasul Consiliului Local<\/a><\/h3>\n<\/div>\n<\/div>\n<\/div>\n<div class=\"tdb_module_related td_module_wrap td-animation-stack td-meta-info-hide\">\n<div class=\"td-module-container td-category-pos-image\">\n<div class=\"td-module-meta-info\">\n<h3 class=\"entry-title td-module-title\"><a href=\"https:\/\/voceatimisului.ro\/cum-a-ajuns-firma-lui-gabriel-almajan-sa-primeasca-doua-autorizatii-pe-acelasi-teren-fara-pud\/\" rel=\"bookmark\" title=\"Cum a ajuns firma lui Gabriel Alm\u0103jan s\u0103 primeasc\u0103 dou\u0103 autoriza\u021bii pe acela\u0219i teren, f\u0103r\u0103 PUD\">Cum a ajuns firma lui Gabriel Alm\u0103jan s\u0103 primeasc\u0103 dou\u0103 autoriza\u021bii pe acela\u0219i teren, f\u0103r\u0103 PUD<\/a><\/h3>\n<\/div>\n<\/div>\n<\/div>\n<div class=\"tdb_module_related td_module_wrap td-animation-stack td-meta-info-hide\">\n<div class=\"td-module-container td-category-pos-image\">\n<div class=\"td-module-meta-info\">\n<h3 class=\"entry-title td-module-title\"><a href=\"https:\/\/voceatimisului.ro\/retim-si-a-mutat-sediul-in-oradea-timisoara-pierde-taxe-administratia-fritz-tace\/\" rel=\"bookmark\" title=\"RETIM \u0219i-a mutat sediul \u00een Oradea. Timi\u0219oara pierde taxe, administra\u021bia Fritz tace\">RETIM \u0219i-a mutat sediul \u00een Oradea. Timi\u0219oara pierde taxe, administra\u021bia Fritz tace<\/a><\/h3>\n<\/div>\n<\/div>\n<\/div>\n<\/div>\n<\/div>\n<\/div>\n<\/div>\n<\/div>\n<div class=\"vc_column_inner tdi_105  wpb_column vc_column_container tdc-inner-column td-pb-span8\">\n<div class=\"vc_column-inner\">\n<div class=\"wpb_wrapper\">\n<div class=\"td_block_wrap tdb_single_comments tdi_106 tdb-comm-layout2 td-pb-border-top td_block_template_2\" data-td-block-uid=\"tdi_106\">\n<div class=\"tdb-block-inner td-fix-index\">\n<div class=\"comments\" id=\"comments\">\n<div class=\"td-comments-title-wrap td_block_template_2\">\n<h4 class=\"td-comments-title td-block-title\"><span>2 COMENTARII<\/span><\/h4>\n<\/div>\n<ol class=\"comment-list\">\n<li class=\"comment \" id=\"comment-26561\">\n<article>\n<footer><cite>Yabadabaradu<\/cite><a class=\"comment-link\" href=\"https:\/\/voceatimisului.ro\/realitate-versus-fictiune-administratia-locala-a-primarului-dominic-fritz-da-rateuri-magistrale-cu-fiecare-ocazie-si-castiga-la-scor-de-neprezentare-doar-pe-retelele-sociale\/#comment-26561\"><time><br \/>\n\t\t\t\t\t\t    20 aprilie 2023\t\t\t\t\t\t    La\t\t\t\t\t\t    12:09 PM<\/time><\/a><\/footer>\n<div class=\"comment-content\">\n<p>Bun articol, confirma cu dovezi ceea ce cu totii stiam :<br \/>\n Stim cu totii ca alt mandat DoNimic nu prinde, usr-ul a fost batut cu proprile arme media de hAur si e varza in sondaje, incapacitatea lor si minciuna se rasfrange si asupra comunelor din periurban ( desigur BUGarin are meritul lui deosebit , e la fel de varza ) . Vor schimba cativa barca in alte partide inainte de alegeri incat sa mai ramana la ciolan si in rest\u2026 usr-ul va disparea si noi am pierdut 4 ani din viata. Speram ca dupa cei 4 ani ai lor de infruptare sa vina si 4 ani de cercetare, cu finalizare desigur.<\/p>\n<p>PS : nu ati vrea sa schimbati ferestruica asta cu negru pe alb? Doare retina\u2026<\/p>\n<\/div>\n<div class=\"comment-meta\" id=\"comment-26561\"><a rel=\"nofollow\" class=\"comment-reply-link\" href=\"https:\/\/voceatimisului.ro\/realitate-versus-fictiune-administratia-locala-a-primarului-dominic-fritz-da-rateuri-magistrale-cu-fiecare-ocazie-si-castiga-la-scor-de-neprezentare-doar-pe-retelele-sociale\/#comment-26561\" data-commentid=\"26561\" data-postid=\"155689\" data-belowelement=\"comment-26561\" data-respondelement=\"respond\" data-replyto=\"R\u0103spunde-i lui Yabadabaradu\" aria-label=\"R\u0103spunde-i lui Yabadabaradu\">R\u0103spunde\u021bi<\/a><\/div>\n<\/article>\n<ul class=\"children\">\n<li class=\"comment \" id=\"comment-26563\">\n<article>\n<footer><cite><a href=\"http:\/\/www.voceatimisului.ro\" class=\"url\" rel=\"ugc external nofollow\">Radu Constantin<\/a><\/cite><a class=\"comment-link\" href=\"https:\/\/voceatimisului.ro\/realitate-versus-fictiune-administratia-locala-a-primarului-dominic-fritz-da-rateuri-magistrale-cu-fiecare-ocazie-si-castiga-la-scor-de-neprezentare-doar-pe-retelele-sociale\/#comment-26563\"><time><br \/>\n\t\t\t\t\t\t    20 aprilie 2023\t\t\t\t\t\t    La\t\t\t\t\t\t    3:43 PM<\/time><\/a><\/footer>\n<div class=\"comment-content\">\n<p>S-a rezolvat cu ,,ferestruica\u201d. \ud83d\ude42<\/p>\n<\/div>\n<div class=\"comment-meta\" id=\"comment-26563\"><a rel=\"nofollow\" class=\"comment-reply-link\" href=\"https:\/\/voceatimisului.ro\/realitate-versus-fictiune-administratia-locala-a-primarului-dominic-fritz-da-rateuri-magistrale-cu-fiecare-ocazie-si-castiga-la-scor-de-neprezentare-doar-pe-retelele-sociale\/#comment-26563\" data-commentid=\"26563\" data-postid=\"155689\" data-belowelement=\"comment-26563\" data-respondelement=\"respond\" data-replyto=\"R\u0103spunde-i lui Radu Constantin\" aria-label=\"R\u0103spunde-i lui Radu Constantin\">R\u0103spunde\u021bi<\/a><\/div>\n<\/article>\n<\/li>\n<\/ul>\n<\/li>\n<\/ol>\n<div id=\"respond\" class=\"comment-respond\">\n<h3 id=\"reply-title\" class=\"comment-reply-title\">L\u0102SA\u021aI UN MESAJ <small><a rel=\"nofollow\" id=\"cancel-comment-reply-link\" href=\"https:\/\/voceatimisului.ro\/realitate-versus-fictiune-administratia-locala-a-primarului-dominic-fritz-da-rateuri-magistrale-cu-fiecare-ocazie-si-castiga-la-scor-de-neprezentare-doar-pe-retelele-sociale\/#respond\">Renun\u021ba\u021bi la r\u0103spuns<\/a><\/small><\/h3>\n<div class=\"comment-form-input-wrap td-form-comment\">\n<div class=\"td-warning-comment\">V\u0103 rug\u0103m s\u0103 introduce\u021bi comentariul dvs.!<\/div>\n<\/div>\n<div class=\"comment-form-input-wrap td-form-author\">\n<div class=\"td-warning-author\">Introduce\u021bi aici numele dvs.<\/div>\n<\/div>\n<div class=\"comment-form-input-wrap td-form-email\">\n<div class=\"td-warning-email-error\">A\u021bi introdus o adres\u0103 de e-mail incorect\u0103!<\/div>\n<div class=\"td-warning-email\">V\u0103 rug\u0103m s\u0103 introduce\u021bi adresa dvs. de e-mail aici<\/div>\n<\/div>\n<\/div>\n<\/div>\n<\/div>\n<\/div>\n<\/div>\n<\/div>\n<\/div>\n<\/div>\n<\/div>\n<\/div>\n<div class=\"vc_column tdi_108  wpb_column vc_column_container tdc-column td-pb-span4 td-is-sticky\">\n<div class=\"wpb_wrapper\" data-sticky-enabled-on=\"W3RydWUsdHJ1ZSx0cnVlLHRydWVd\" data-sticky-offset=\"20\" data-sticky-is-width-auto=\"W2ZhbHNlLGZhbHNlLGZhbHNlLGZhbHNlXQ==\">\n<div class=\"vc_row_inner tdi_110  vc_row vc_inner wpb_row td-pb-row\">\n<div class=\"vc_column_inner tdi_112  wpb_column vc_column_container tdc-inner-column td-pb-span12\">\n<div class=\"vc_column-inner\">\n<div class=\"wpb_wrapper\">\n<div class=\"td_block_wrap td_block_title tdi_113 td-pb-border-top td_block_template_11 td-fix-index\" data-td-block-uid=\"tdi_113\">\n<div class=\"td-block-title-wrap\">\n<h4 class=\"td-block-title\"><span class=\"td-pulldown-size\">ANUN\u021aURI \u0218I PUBLICITATE<\/span><\/h4>\n<\/div>\n<\/div>\n<\/div>\n<\/div>\n<\/div>\n<\/div>\n<div class=\"wpb_wrapper td_block_wrap vc_widget_sidebar tdi_115 \">\n<aside id=\"block-10\" class=\"td_block_template_1 widget block-10 widget_block widget_media_image\">\n<figure class=\"wp-block-image size-full\"><a href=\"https:\/\/adpghiroda.ro\/index.html\" target=\"_blank\" rel=\" noreferrer noopener\"><img decoding=\"async\" loading=\"lazy\" width=\"960\" height=\"960\" src=\"https:\/\/analyse.optim.biz\/wp-content\/uploads\/2026\/01\/adp-ghiroda2-170.jpg\" class=\"wp-image-171492\" title=\"adp-ghiroda2-170\"><\/a><\/figure>\n<\/aside>\n<aside id=\"block-11\" class=\"td_block_template_1 widget block-11 widget_block widget_media_image\">\n<figure class=\"wp-block-image size-full\"><a href=\"https:\/\/adpghiroda.ro\/index.html\" target=\"_blank\" rel=\" noreferrer noopener\"><img decoding=\"async\" loading=\"lazy\" width=\"960\" height=\"960\" src=\"https:\/\/analyse.optim.biz\/wp-content\/uploads\/2026\/01\/adp-ghiroda1-170.jpg\" class=\"wp-image-171491\" title=\"adp-ghiroda1-170\"><\/a><\/figure>\n<\/aside>\n<aside id=\"block-17\" class=\"td_block_template_1 widget block-17 widget_block widget_media_image\">\n<figure class=\"wp-block-image size-large is-resized\"><a href=\"https:\/\/verde.events\/\" target=\"_blank\" rel=\" noreferrer noopener\"><img decoding=\"async\" loading=\"lazy\" width=\"1024\" height=\"683\" src=\"https:\/\/analyse.optim.biz\/wp-content\/uploads\/2026\/01\/verde-events-24-1024x683-1-155.jpg\" alt=\"Verde Events\" class=\"wp-image-174395\" title=\"verde-events-24-1024x683-1-155\"><\/a><figcaption class=\"wp-element-caption\"><strong><em>O experien\u021b\u0103 unic\u0103 pentru orice tip de eveniment<\/em><\/strong><\/figcaption><\/figure>\n<\/aside>\n<\/div>\n<div class=\"td_block_wrap td_flex_block_1 tdi_121 td-pb-border-top td_block_template_1 td_ajax_preloading_preload td_flex_block\" data-td-block-uid=\"tdi_121\">\n<div id=\"tdi_121\" class=\"td_block_inner td-mc1-wrap\">\n<div class=\"td_module_flex td_module_flex_1 td_module_wrap td-animation-stack td-meta-info-hide td-cpt-post\">\n<div class=\"td-module-container td-category-pos-image\">\n<div class=\"td-module-meta-info\">\n<h3 class=\"entry-title td-module-title\"><a href=\"https:\/\/voceatimisului.ro\/fritz-ignora-legea-ministerul-muncii-confirma-incetarea-functiei-lui-pokker-in-ziua-pensionarii\/\" rel=\"bookmark\" title=\"Fritz ignor\u0103 legea. Ministerul Muncii confirm\u0103 \u00eencetarea func\u021biei lui Pokker \u00een ziua pension\u0103rii\">Fritz ignor\u0103 legea. Ministerul Muncii confirm\u0103 \u00eencetarea func\u021biei lui Pokker \u00een ziua pension\u0103rii<\/a><\/h3>\n<\/div>\n<\/div>\n<\/div>\n<div class=\"td_module_flex td_module_flex_1 td_module_wrap td-animation-stack td-meta-info-hide td-cpt-post\">\n<div class=\"td-module-container td-category-pos-image\">\n<div class=\"td-module-meta-info\">\n<h3 class=\"entry-title td-module-title\"><a href=\"https:\/\/voceatimisului.ro\/licitatia-de-e-ticketing-a-primariei-timisoara-trimisa-la-rescris-de-cnsc-documentatie-profund-viciata-si-semne-de-intrebare-privind-expertiza-din-spatele-proiectului\/\" rel=\"bookmark\" title=\"Licita\u021bia de e-ticketing a Prim\u0103riei Timi\u0219oara, trimis\u0103 la rescris de CNSC. Documenta\u021bie \u201eprofund viciat\u0103\u201d \u0219i semne de \u00eentrebare privind expertiza din spatele proiectului\">Licita\u021bia de e-ticketing a Prim\u0103riei Timi\u0219oara, trimis\u0103 la rescris de CNSC. Documenta\u021bie \u201eprofund viciat\u0103\u201d \u0219i semne de \u00eentrebare privind expertiza din spatele proiectului<\/a><\/h3>\n<\/div>\n<\/div>\n<\/div>\n<div class=\"td_module_flex td_module_flex_1 td_module_wrap td-animation-stack td-meta-info-hide td-cpt-post\">\n<div class=\"td-module-container td-category-pos-image\">\n<div class=\"td-module-meta-info\">\n<h3 class=\"entry-title td-module-title\"><a href=\"https:\/\/voceatimisului.ro\/dominic-fritz-si-pensionarii-de-lux-ai-legalitatii\/\" rel=\"bookmark\" title=\"Dominic Fritz \u0219i pensionarii de lux ai legalit\u0103\u021bii\">Dominic Fritz \u0219i pensionarii de lux ai legalit\u0103\u021bii<\/a><\/h3>\n<\/div>\n<\/div>\n<\/div>\n<div class=\"td_module_flex td_module_flex_1 td_module_wrap td-animation-stack td-meta-info-hide td-cpt-post\">\n<div class=\"td-module-container td-category-pos-image\">\n<div class=\"td-module-meta-info\">\n<h3 class=\"entry-title td-module-title\"><a href=\"https:\/\/voceatimisului.ro\/demolari-fara-drept-si-functionari-executati-administratia-fritz-tot-mai-aproape-de-comunismul-birocratic\/\" rel=\"bookmark\" title=\"Demol\u0103ri f\u0103r\u0103 drept \u0219i func\u021bionari executa\u021bi: administra\u021bia Fritz, tot mai aproape de comunismul birocratic\">Demol\u0103ri f\u0103r\u0103 drept \u0219i func\u021bionari executa\u021bi: administra\u021bia Fritz, tot mai aproape de comunismul birocratic<\/a><\/h3>\n<\/div>\n<\/div>\n<\/div>\n<div class=\"td_module_flex td_module_flex_1 td_module_wrap td-animation-stack td-meta-info-hide td-cpt-post\">\n<div class=\"td-module-container td-category-pos-image\">\n<div class=\"td-module-meta-info\">\n<h3 class=\"entry-title td-module-title\"><a href=\"https:\/\/voceatimisului.ro\/buldozerul-administratiei-fritz-loveste-din-nou-viceprimarul-romocean-i-a-executat-administrativ-pe-cei-doi-functionari-care-au-refuzat-sa-mai-participe-la-demolarile-abuzive\/\" rel=\"bookmark\" title=\"Buldozerul administra\u021biei Fritz love\u0219te din nou. Viceprimarul Romocean i-a executat administrativ pe cei doi func\u021bionari care au refuzat s\u0103 mai participe la demol\u0103rile abuzive\">Buldozerul administra\u021biei Fritz love\u0219te din nou. Viceprimarul Romocean i-a executat administrativ pe cei doi func\u021bionari care au refuzat s\u0103 mai participe la demol\u0103rile abuzive<\/a><\/h3>\n<\/div>\n<\/div>\n<\/div>\n<\/div>\n<\/div>\n<\/div>\n<\/div>\n<\/div>\n<\/div>\n<\/div>\n<\/div>\n<p><span class=\"td-page-meta\"><\/span><span class=\"td-page-meta\"><span class=\"td-page-meta\"><\/span><\/span><span class=\"td-page-meta\"><\/span><\/article>\n<p> Source URL: https:\/\/voceatimisului.ro\/realitate-versus-fictiune-administratia-locala-a-primarului-dominic-fritz-da-rateuri-magistrale-cu-fiecare-ocazie-si-castiga-la-scor-de-neprezentare-doar-pe-retelele-sociale\/<\/p>\n","protected":false},"excerpt":{"rendered":"<p>\u0218tiriAdministra\u021bie Realitate versus fic\u021biune! Administra\u021bia local\u0103 a primarului Dominic Fritz d\u0103 rateuri magistrale cu fiecare ocazie \u0219i c\u00e2\u0219tig\u0103, la scor de neprezentare, doar pe re\u021belele sociale Autor-Tiberiu Kiss 18 aprilie 2023 2 13267 Facebook Twitter Pinterest WhatsApp Linkedin Copy URL Dominic Fritz 2 jpg Reforma lui Fritz, pe banii timi\u0219orenilor. Timi\u0219oara pl\u0103te\u0219te milioane \u0219i se [&hellip;]<\/p>\n","protected":false},"author":1,"featured_media":1329537,"comment_status":"open","ping_status":"","sticky":false,"template":"","format":"standard","meta":{"footnotes":""},"categories":[89],"tags":[199],"class_list":["post-1329536","post","type-post","status-publish","format-standard","has-post-thumbnail","hentry","category-romania","tag-voceatimisului-ro"],"_links":{"self":[{"href":"https:\/\/analyse.optim.biz\/index.php?rest_route=\/wp\/v2\/posts\/1329536","targetHints":{"allow":["GET"]}}],"collection":[{"href":"https:\/\/analyse.optim.biz\/index.php?rest_route=\/wp\/v2\/posts"}],"about":[{"href":"https:\/\/analyse.optim.biz\/index.php?rest_route=\/wp\/v2\/types\/post"}],"author":[{"embeddable":true,"href":"https:\/\/analyse.optim.biz\/index.php?rest_route=\/wp\/v2\/users\/1"}],"replies":[{"embeddable":true,"href":"https:\/\/analyse.optim.biz\/index.php?rest_route=%2Fwp%2Fv2%2Fcomments&post=1329536"}],"version-history":[{"count":0,"href":"https:\/\/analyse.optim.biz\/index.php?rest_route=\/wp\/v2\/posts\/1329536\/revisions"}],"wp:featuredmedia":[{"embeddable":true,"href":"https:\/\/analyse.optim.biz\/index.php?rest_route=\/wp\/v2\/media\/1329537"}],"wp:attachment":[{"href":"https:\/\/analyse.optim.biz\/index.php?rest_route=%2Fwp%2Fv2%2Fmedia&parent=1329536"}],"wp:term":[{"taxonomy":"category","embeddable":true,"href":"https:\/\/analyse.optim.biz\/index.php?rest_route=%2Fwp%2Fv2%2Fcategories&post=1329536"},{"taxonomy":"post_tag","embeddable":true,"href":"https:\/\/analyse.optim.biz\/index.php?rest_route=%2Fwp%2Fv2%2Ftags&post=1329536"}],"curies":[{"name":"wp","href":"https:\/\/api.w.org\/{rel}","templated":true}]}}