{"id":1329528,"date":"2023-12-05T16:25:37","date_gmt":"2023-12-05T13:25:37","guid":{"rendered":"https:\/\/analyse.optim.biz\/?p=1329528"},"modified":"2023-12-05T16:25:37","modified_gmt":"2023-12-05T13:25:37","slug":"pe-ultrascurte-primarul-dominic-fritz-jongleaza-cu-adevarul-mai-ceva-ca-n-bancurile-de-la-la-radio-erevan","status":"publish","type":"post","link":"https:\/\/analyse.optim.biz\/?p=1329528","title":{"rendered":"Pe ultrascurte! Primarul Dominic Fritz jongleaz\u0103 cu adev\u0103rul mai ceva ca-n bancurile de la la Radio Erevan"},"content":{"rendered":"<article id=\"template-id-172790\" class=\"post-172790 tdb_templates type-tdb_templates status-publish post\">\n<div id=\"tdi_52\" class=\"tdc-zone\">\n<div class=\"tdc_zone tdi_53  wpb_row td-pb-row\">\n<div id=\"tdi_54\" class=\"tdc-row stretch_row_1400 td-stretch-content\">\n<div class=\"vc_row tdi_55  wpb_row td-pb-row tdc-element-style\">\n<div class=\"vc_column tdi_57  wpb_column vc_column_container tdc-column td-pb-span8\">\n<div class=\"wpb_wrapper\">\n<div class=\"td_block_wrap tdb_single_categories tdi_58 td-pb-border-top td_block_template_1 \" data-td-block-uid=\"tdi_58\">\n<div class=\"tdb-category td-fix-index\"><a class=\"tdb-entry-category\" href=\"https:\/\/voceatimisului.ro\/category\/stiri-din-timisoara-si-timis\/\">\u0218tiri<\/a><a class=\"tdb-entry-category\" href=\"https:\/\/voceatimisului.ro\/category\/stiri-din-timisoara-si-timis\/administratie\/\">Administra\u021bie<\/a><\/div>\n<\/div>\n<div class=\"td_block_wrap tdb_title tdi_59 tdb-single-title td-pb-border-top td_block_template_1\" data-td-block-uid=\"tdi_59\">\n<div class=\"tdb-block-inner td-fix-index\">\n<h1 class=\"tdb-title-text\">Pe ultrascurte! Primarul Dominic Fritz jongleaz\u0103 cu adev\u0103rul mai ceva ca-n bancurile de la la Radio Erevan<\/h1>\n<\/div>\n<\/div>\n<div class=\"vc_row_inner tdi_62  vc_row vc_inner wpb_row td-pb-row\">\n<div class=\"vc_column_inner tdi_64  wpb_column vc_column_container tdc-inner-column td-pb-span6\">\n<div class=\"vc_column-inner\">\n<div class=\"wpb_wrapper\">\n<div class=\"td_block_wrap tdb_single_author tdi_65 td-pb-border-top td_block_template_1 tdb-post-meta\" data-td-block-uid=\"tdi_65\">\n<div class=\"tdb-block-inner td-fix-index\">\n<div class=\"tdb-author-name-wrap\"><span class=\"tdb-author-by\">Autor-<\/span><a class=\"tdb-author-name\" href=\"https:\/\/voceatimisului.ro\/author\/tibi\/\">Tiberiu Kiss<\/a><\/div>\n<\/div>\n<\/div>\n<div class=\"td_block_wrap tdb_single_date tdi_66 td-pb-border-top td_block_template_1 tdb-post-meta\" data-td-block-uid=\"tdi_66\">\n<div class=\"tdb-block-inner td-fix-index\"><time class=\"entry-date updated td-module-date\" datetime=\"2023-12-05T18:25:37+02:00\">5 decembrie 2023<\/time><\/div>\n<\/div>\n<div class=\"td_block_wrap tdb_single_comments_count tdi_67 td-pb-border-top td_block_template_1 tdb-post-meta\" data-td-block-uid=\"tdi_67\">\n<div class=\"tdb-block-inner td-fix-index\"><a href=\"https:\/\/voceatimisului.ro\/pe-ultrascurte-primarul-dominic-fritz-jongleaza-cu-adevarul-mai-ceva-ca-n-bancurile-de-la-la-radio-erevan\/#comments\"><span>2<\/span><\/a><\/div>\n<\/div>\n<div class=\"td_block_wrap tdb_single_post_views tdi_68 td-pb-border-top td_block_template_1 tdb-post-meta\" data-td-block-uid=\"tdi_68\">\n<div class=\"tdb-block-inner td-fix-index\"><span class=\"tdb-add-text\">1<\/span><span class=\"td-nr-views-159454\">2895<\/span><\/div>\n<\/div>\n<\/div>\n<\/div>\n<\/div>\n<div class=\"vc_column_inner tdi_70  wpb_column vc_column_container tdc-inner-column td-pb-span6\">\n<div class=\"vc_column-inner\">\n<div class=\"wpb_wrapper\">\n<div class=\"td_block_wrap tdb_single_post_share tdi_71  td-pb-border-top td_block_template_1\" data-td-block-uid=\"tdi_71\">\n<div id=\"tdi_71\" class=\"td-post-sharing tdb-block td-ps-bg td-ps-notext td-post-sharing-style1 \">\n<div class=\"td-post-sharing-visible\"><a class=\"td-social-sharing-button td-social-sharing-button-js td-social-network td-social-facebook\" href=\"https:\/\/www.facebook.com\/sharer.php?u=https%3A%2F%2Fvoceatimisului.ro%2Fpe-ultrascurte-primarul-dominic-fritz-jongleaza-cu-adevarul-mai-ceva-ca-n-bancurile-de-la-la-radio-erevan%2F\" title=\"Facebook\" rel=\"noopener\"><\/p>\n<div class=\"td-social-but-text\">Facebook<\/div>\n<p><\/a><a class=\"td-social-sharing-button td-social-sharing-button-js td-social-network td-social-twitter\" href=\"https:\/\/twitter.com\/intent\/tweet?text=Pe+ultrascurte%21+Primarul+Dominic+Fritz+jongleaz%C4%83+cu+adev%C4%83rul+mai+ceva+ca-n+bancurile+de+la+la+Radio+Erevan&amp;url=https%3A%2F%2Fvoceatimisului.ro%2Fpe-ultrascurte-primarul-dominic-fritz-jongleaza-cu-adevarul-mai-ceva-ca-n-bancurile-de-la-la-radio-erevan%2F&amp;via=Vocea+Timisului\" title=\"Twitter\" rel=\"noopener\"><\/p>\n<div class=\"td-social-but-text\">Twitter<\/div>\n<p><\/a><a class=\"td-social-sharing-button td-social-sharing-button-js td-social-network td-social-pinterest\" href=\"https:\/\/pinterest.com\/pin\/create\/button\/?url=https:\/\/voceatimisului.ro\/pe-ultrascurte-primarul-dominic-fritz-jongleaza-cu-adevarul-mai-ceva-ca-n-bancurile-de-la-la-radio-erevan\/&amp;media=https:\/\/analyse.optim.biz\/wp-content\/uploads\/2026\/01\/dominic-fritz-2.jpg&amp;description=Pe+ultrascurte%21+Primarul+Dominic+Fritz+jongleaz%C4%83+cu+adev%C4%83rul+mai+ceva+ca-n+bancurile+de+la+la+Radio+Erevan\" title=\"Pinterest\" rel=\"noopener\"><\/p>\n<div class=\"td-social-but-text\">Pinterest<\/div>\n<p><\/a><a class=\"td-social-sharing-button td-social-sharing-button-js td-social-network td-social-whatsapp\" href=\"https:\/\/api.whatsapp.com\/send?text=Pe+ultrascurte%21+Primarul+Dominic+Fritz+jongleaz%C4%83+cu+adev%C4%83rul+mai+ceva+ca-n+bancurile+de+la+la+Radio+Erevan%20%0A%0A%20https:\/\/voceatimisului.ro\/pe-ultrascurte-primarul-dominic-fritz-jongleaza-cu-adevarul-mai-ceva-ca-n-bancurile-de-la-la-radio-erevan\/\" title=\"WhatsApp\" rel=\"noopener\"><\/p>\n<div class=\"td-social-but-text\">WhatsApp<\/div>\n<p><\/a><a class=\"td-social-sharing-button td-social-sharing-button-js td-social-network td-social-linkedin\" href=\"https:\/\/www.linkedin.com\/shareArticle?mini=true&amp;url=https:\/\/voceatimisului.ro\/pe-ultrascurte-primarul-dominic-fritz-jongleaza-cu-adevarul-mai-ceva-ca-n-bancurile-de-la-la-radio-erevan\/&amp;title=Pe+ultrascurte%21+Primarul+Dominic+Fritz+jongleaz%C4%83+cu+adev%C4%83rul+mai+ceva+ca-n+bancurile+de+la+la+Radio+Erevan\" title=\"Linkedin\" rel=\"noopener\"><\/p>\n<div class=\"td-social-but-text\">Linkedin<\/div>\n<p><\/a><a class=\"td-social-sharing-button td-social-sharing-button-js td-social-network td-social-copy_url\" href=\"https:\/\/voceatimisului.ro\/pe-ultrascurte-primarul-dominic-fritz-jongleaza-cu-adevarul-mai-ceva-ca-n-bancurile-de-la-la-radio-erevan\/\" title=\"Copy URL\" rel=\"noopener\"><\/p>\n<div class=\"td-social-but-text\">Copy URL<\/div>\n<p><\/a><\/div>\n<\/div>\n<\/div>\n<\/div>\n<\/div>\n<\/div>\n<\/div>\n<div class=\"td_block_wrap tdb_single_featured_image tdi_72 tdb-content-horiz-left td-pb-border-top td_block_template_1\" data-td-block-uid=\"tdi_72\">\n<div class=\"tdb-block-inner td-fix-index\">\n<figure><img loading=\"lazy\" decoding=\"async\" width=\"695\" height=\"472\" class=\"entry-thumb\" src=\"https:\/\/analyse.optim.biz\/wp-content\/uploads\/2026\/01\/dominic-fritz-2-696x472-1.jpg\" alt=\"Dominic Fritz 2\" title=\"Dominic Fritz 2\"><figcaption class=\"tdb-caption-text\">Dominic Fritz 2<\/figcaption><\/figure>\n<\/div>\n<\/div>\n<div class=\"vc_row_inner tdi_74  vc_row vc_inner wpb_row td-pb-row\">\n<div class=\"vc_column_inner tdi_76  wpb_column vc_column_container tdc-inner-column td-pb-span4 td-is-sticky\">\n<div class=\"vc_column-inner\">\n<div class=\"wpb_wrapper\" data-sticky-enabled-on=\"W3RydWUsdHJ1ZSx0cnVlLHRydWVd\" data-sticky-offset=\"20\" data-sticky-is-width-auto=\"W2ZhbHNlLGZhbHNlLGZhbHNlLGZhbHNlXQ==\">\n<div class=\"td_block_wrap td_flex_block_1 tdi_77 td-pb-border-top td_block_template_1 td_ajax_preloading_preload td_flex_block\" data-td-block-uid=\"tdi_77\">\n<div id=\"tdi_77\" class=\"td_block_inner td-mc1-wrap\">\n<div class=\"td_module_flex td_module_flex_1 td_module_wrap td-animation-stack td-meta-info-hide td-cpt-post\">\n<div class=\"td-module-container td-category-pos-image\">\n<div class=\"td-module-meta-info\">\n<h3 class=\"entry-title td-module-title\"><a href=\"https:\/\/voceatimisului.ro\/reforma-lui-fritz-pe-banii-timisorenilor-timisoara-plateste-milioane-si-se-uita-la-autobuze-care-ard\/\" rel=\"bookmark\" title=\"Reforma lui Fritz, pe banii timi\u0219orenilor. Timi\u0219oara pl\u0103te\u0219te milioane \u0219i se uit\u0103 la autobuze care ard\">Reforma lui Fritz, pe banii timi\u0219orenilor. Timi\u0219oara pl\u0103te\u0219te milioane \u0219i se uit\u0103 la autobuze care ard<\/a><\/h3>\n<\/div>\n<\/div>\n<\/div>\n<div class=\"td_module_flex td_module_flex_1 td_module_wrap td-animation-stack td-meta-info-hide td-cpt-post\">\n<div class=\"td-module-container td-category-pos-image\">\n<div class=\"td-module-meta-info\">\n<h3 class=\"entry-title td-module-title\"><a href=\"https:\/\/voceatimisului.ro\/administratia-usr-si-epurarea-incomozilor-i-as-aduna-pe-toti-intr-o-incapere-si-le-as-da-foc\/\" rel=\"bookmark\" title=\"Administra\u021bia USR \u0219i epurarea incomozilor. \u201eI-a\u0219 aduna pe to\u021bi \u00eentr-o \u00eenc\u0103pere \u0219i le-a\u0219 da foc.\u201d\">Administra\u021bia USR \u0219i epurarea incomozilor. \u201eI-a\u0219 aduna pe to\u021bi \u00eentr-o \u00eenc\u0103pere \u0219i le-a\u0219 da foc.\u201d<\/a><\/h3>\n<\/div>\n<\/div>\n<\/div>\n<div class=\"td_module_flex td_module_flex_1 td_module_wrap td-animation-stack td-meta-info-hide td-cpt-post\">\n<div class=\"td-module-container td-category-pos-image\">\n<div class=\"td-module-meta-info\">\n<h3 class=\"entry-title td-module-title\"><a href=\"https:\/\/voceatimisului.ro\/tramvaiul-nu-vine-dar-propaganda-circula-perfect\/\" rel=\"bookmark\" title=\"Tramvaiul nu vine, dar propaganda circul\u0103 perfect\">Tramvaiul nu vine, dar propaganda circul\u0103 perfect<\/a><\/h3>\n<\/div>\n<\/div>\n<\/div>\n<div class=\"td_module_flex td_module_flex_1 td_module_wrap td-animation-stack td-meta-info-hide td-cpt-post\">\n<div class=\"td-module-container td-category-pos-image\">\n<div class=\"td-module-meta-info\">\n<h3 class=\"entry-title td-module-title\"><a href=\"https:\/\/voceatimisului.ro\/transportul-public-din-timisoara-se-prabuseste-in-fiecare-zi-in-trafic-dar-in-birourile-primariei-totul-arata-perfect-si-european\/\" rel=\"bookmark\" title=\"Transportul public din Timi\u0219oara se pr\u0103bu\u0219e\u0219te \u00een fiecare zi \u00een trafic, dar \u00een birourile Prim\u0103riei totul arat\u0103 perfect \u0219i \u201ceuropean\u201d\">Transportul public din Timi\u0219oara se pr\u0103bu\u0219e\u0219te \u00een fiecare zi \u00een trafic, dar \u00een birourile Prim\u0103riei totul arat\u0103 perfect \u0219i \u201ceuropean\u201d<\/a><\/h3>\n<\/div>\n<\/div>\n<\/div>\n<\/div>\n<\/div>\n<div class=\"tdb-author-box td_block_wrap tdb_single_author_box tdi_82 tdb-content-vert-top td-pb-border-top td_block_template_1\" data-td-block-uid=\"tdi_82\">\n<div class=\"tdb-block-inner td-fix-index\">\n<div class=\"tdb-author-info\"><a href=\"https:\/\/voceatimisului.ro\/author\/tibi\/\" class=\"tdb-author-name\">Tiberiu Kiss<\/a><\/p>\n<div class=\"tdb-author-descr\">\u00centreaga responsabilitate a comentariilor l\u0103sate de dumneavoastr\u0103 v\u0103 apar\u021bine!<br \/>\nClick <a href=\"https:\/\/voceatimisului.ro\/termeni-si-conditii\/\">aici<\/a>-citeste condi\u0163iile de utilizare ale site-ului www.voceatimisului.ro<\/div>\n<\/div>\n<\/div>\n<\/div>\n<\/div>\n<\/div>\n<\/div>\n<div class=\"vc_column_inner tdi_84  wpb_column vc_column_container tdc-inner-column td-pb-span8\">\n<div class=\"vc_column-inner\">\n<div class=\"wpb_wrapper\">\n<div class=\"td_block_wrap tdb_single_content tdi_85 td-pb-border-top td_block_template_1 td-post-content tagdiv-type\" data-td-block-uid=\"tdi_85\">\n<div class=\"tdb-block-inner td-fix-index\">\n<h5 class=\"wp-block-heading\">Da, e exact ca \u00een bancurile de la Radio Erevan \u2013 adev\u0103rul e c\u0103 Dominic Fritz n-a s\u0103rit borna, ci calul, c\u00e2nd a afirmat c\u0103, sub conducerea sa, \u00een ultimii trei ani, Prim\u0103ria Timi\u0219oara a atras fonduri europene de peste 100 milioane euro, av\u00e2nd o rat\u0103 de absorb\u021bie de peste 80%. De fapt, ca pe frecven\u021bele din capitala Armeniei, edilul nu a atras, ci doar a decontat\u2026 purcoiul de bani, produs de incompeten\u021bii, corup\u021bii \u0219i \u0219mecherii din administra\u021bia Nicolae Robu! <\/h5>\n<h6 class=\"wp-block-heading\">Acum, dac\u0103 tot suntem la gogonele, edilul Timi\u0219oarei \u0219i-a mai exercitat talentul radiofonic \u0219i \u00een cazul bazelor sportive, pe care acum le \u00eencalec\u0103 cu buldozerele, \u00een spe\u021bele redeschiderii cinematografelor Victoria, Timi\u0219 \u0219i Studio, \u00een proiectele de pe bulevardele Cet\u0103\u021bii \u0219i Stan Vidrighin \u0219i \u00een evacuarea de pe strada Protopop Gheorghe Dragomir. Apoi, ca un adev\u0103rat erou al neamului rom\u00e2nesc, Dominic Fritz a cobor\u00e2t cu mur\u0103turile, p\u00e2n\u0103-n subteranul Micii Viene, acolo unde a dat piept \u0219i cu re\u00eennoirea re\u021belelor de ap\u0103 \u0219i canal!<\/h6>\n<p>\u0218i au mai fost ritmuri armene\u0219ti, pe care primarul\u00a0\u00a0de pe Bega le-a fredonat, pe portativ, exact ca cei care, pe vremuri, raportau 100 de tone de gr\u00e2u \u2013 produc\u021bia la hectar. Toate, chipurile, \u00een numele recuper\u0103rii patrimoniului Timi\u0219oarei din m\u00e2inile lipitorilor societ\u0103\u021bii!\u00a0<a href=\"https:\/\/voceatimisului.ro\/clubul-mincinosilor-administratia-dominic-fritz-nicio-treaba-cu-recuperarea-patrimoniul-timisoarei-din-mainile-mafiei-locale-si-a-clanurilor-tiganesti\/\" target=\"_blank\" data-type=\"link\" data-id=\"https:\/\/voceatimisului.ro\/clubul-mincinosilor-administratia-dominic-fritz-nicio-treaba-cu-recuperarea-patrimoniul-timisoarei-din-mainile-mafiei-locale-si-a-clanurilor-tiganesti\/\" rel=\"noreferrer noopener\"><strong>A\u0219a a bifat Dominic Fritz \u0219i bancurile cu Casa Muhle, cu parcarea din spatele magazinului Bega, cu imobilul de pe bulevardul CD Loga 52 \u0219i cu \u0219trandul Termal, a\u0219a cum a demonstrat, ieri, dincolo de orice dubiu \u0219i cu actele pe mas\u0103, Vocea Timi\u0219ului<\/strong>. <\/a>Cum suntem \u00een spiritul Cr\u0103ciunului, d\u0103m drumul la ultima armeneasc\u0103 pus\u0103 \u00een scen\u0103, cu un talent des\u0103v\u00e2r\u0219it de narator, de \u00eensu\u0219i conduc\u0103torul prim\u0103riei de sticl\u0103 de pe Bega, doar \u00een ideea de a c\u00e2\u0219tiga capital electoral pentru alegerile locale din toamna anului viitor: <strong>evacuarea spectaculoas\u0103 de pe strada Protopop Gheorghe Dragomir, nr. 3 \u2013 zona B\u0103lcescu din Timi\u0219oara<\/strong>.<\/p>\n<p>Iat\u0103 ce spunea, exact \u00een urm\u0103 cu nicio lun\u0103, cel care, acum trei ani, \u00eenainte de a accede \u00een func\u021bia de primar al municipiului de pe Bega, se jura pe ro\u0219u c\u0103 nu va prelua nimic din metehnele clasei politice rom\u00e2ne\u0219ti: \u201c<strong><u>I-am dat azi afar\u0103, dup\u0103 ce 10 ani au ocupat apartamentul ora\u0219ului ilegal<\/u>. Un apartament din Elisabetin, care e al Prim\u0103riei dar a fost ocupat ilegal de <u>clanuri<\/u>. <u>Nimeni nu a v\u0103zut nimic<\/u>.\u00a0<u>Cazul de azi e un simbol al del\u0103s\u0103rii cu care a fost tratat patrimoniul Timi\u0219oarei timp de decenii. E inadmisibil s\u0103 nu \u00ee\u021bi pese c\u0103 \u00een casa ta se locuie\u0219te ilegal<\/u>. Azi, transmit un semnal limpede c\u0103 vremurile alea au trecut. Suntem pe un drum care nu mai are cale de \u00eentors: <u>refuz s\u0103 las administra\u021bia s\u0103 mai fie complice a acestor practici mafiote care au devalizat Timi\u0219oara<\/u>.<\/strong>\u201d. Pur \u0219i simplu, numai gogonele!<\/p>\n<p>\u0218i acum s\u0103 vedem care este realitatea, cum e cu \u201cdel\u0103sarea\u201d, cu \u201cnimeni nu a v\u0103zut nimic\u201d \u0219i \u201ccomplicitatea administra\u021biei cu practicile mafiote\u201d, vorba consilierei locale Roxana Iliescu, care, dup\u0103 cum se \u015ftie, a avut aportul principal \u00een l\u0103murirea evacu\u0103rii \u201cclanului\u201d de \u021bigani din apartamentul situat \u00een Pia\u021ba B\u0103lcescu. <strong>A\u0219a cum rezult\u0103 din documente, evacuarea cu care s-a l\u0103udat \u0219i \u00eemp\u0103unat Dominic Fritz are leg\u0103tur\u0103 cu dosar nr. 3068\/325\/2016<\/strong>. Practic, vorbim despre o ac\u021biune demarat\u0103 de administra\u021bia Nicolae Robu, \u00een 29 noiembrie 2016. Exact aceea\u0219i practican\u021bi de mafiotism despre care vorbe\u0219te noul tip de politician, Dominic Fritz. Una peste alta, \u00een cazul de pe strada Protopop Gheorghe Dragomir lucrurile sunt clare: <strong>administra\u021bia Robu,<\/strong><strong>conform Hot\u0103r\u00e2rii Judec\u0103toriei Timi\u0219oara nr. 1306, pronun\u021bat\u0103 \u00een data de 08 februarie 2018, a c\u00e2\u0219tigat\u2026 cu clanurile mafiote<\/strong>, <strong>\u00een prim\u0103 instan\u021b\u0103, iar pe 28 septembrie 2021, dup\u0103 o etap\u0103 de la Tribunalul Timi\u0219, prin decizia Cur\u021bii de Apel, solu\u021bia a r\u0103mas definitiv\u0103<\/strong>. Deci, f\u0103r\u0103 nicio lupt\u0103, noua administra\u021bie nu a f\u0103cut altceva dec\u00e2t s\u0103 pun\u0103 \u00een practic\u0103 hot\u0103r\u00e2rea instan\u021bei \u0219i s\u0103 efectueze evacuarea!<\/p>\n<p><strong>Guinness Book<\/strong><\/p>\n<p>Abia acum vine bomba! La \u00eemplinirea a trei ani de mandat \u00een fruntea Prim\u0103riei Timi\u0219oara, acum vreo lun\u0103, Dominic Fritz \u0219i-a adunat fanii \u00een sala fostului cinematograf Capitol \u0219i le-a decretat, de pe scen\u0103, urm\u0103toarele cuvinte: \u201e<u><b>Am s\u0103rit bine de borna de 100 de milioane de euro <\/b><\/u><span><b>c\u00e2\u0219tigate din fonduri europene prin PNRR. Mul\u021bi m\u0103 \u00eentreba\u021bi cum reu\u0219im s\u0103 atragem at\u00e2\u021bia bani europeni. R\u0103spunsul e \u00een oameni. Echipele de proiecte din Prim\u0103rie, \u00een care lucreaz\u0103 buni <\/b><\/span><strong><b>profesioni\u0219ti din domenii diferite\u2026<\/b><\/strong>\u201d. Bun, edilul a mai spus c\u0103 sub conducerea sa vizionar\u0103, rata de absorb\u021bie a fondurilor europene a crescut de la 0,2% la 80% \u0219i c\u0103 se a\u0219teapt\u0103 ca, p\u00e2n\u0103 la finele anului 2023, s\u0103 treac\u0103 de 100%. Mai mult, c\u0103 \u00een aceast\u0103 perioad\u0103 de rena\u0219tere \u0219i iluminism a Timi\u0219oarei au fost depuse proiecte \u0219i au fost semnate contracte de finan\u021bare pentru fonduri europene \u00een valoare de 1 miliard de lei \u0219i c\u0103 a f\u0103cut investi\u021bii \u00een capitala Banatului de 450 de milioane de lei, chipurile, un record absolut pentru ultimii 30 de ani. Din nou, gogo\u0219i!<\/p>\n<p>Acum, dincolo de vorbele me\u0219te\u0219ugite ale lui Dominic Fritz, probele arat\u0103 c\u0103 bancurile de la radio Erevan sunt o mic\u0103 glum\u0103 pe l\u00e2ng\u0103 retorica tefelist\u0103. De fapt, dintr-o comunicare a ADR Vest, vehiculul regional pentru fonduri europene, rezult\u0103 clar c\u0103 <strong>administra\u021bia userist\u0103 a ratat 80% din proiectele mo\u0219tenite<\/strong> de la corup\u021bii \u0219i incompeten\u021bii din vechea nomenclatur\u0103 a lui Nicolae Robu. \u0218i doar <strong>6 (\u0219ase) din 42 de proiecte pe fonduri europene, derulate de profesioni\u0219tii lui Fritz, au fost cu succes<\/strong>! Practic, ca la matematic\u0103, vorbim despre o rat\u0103 de victorie de fix 14,2%! Mai mult, ca s\u0103 nu piard\u0103 banii pentru investi\u021biile nefinalizate la timp, oamenii noi s-ar fi angajat s\u0103 pl\u0103teasc\u0103 anul viitor aproape 230 de milioane de lei din fonduri proprii ale municipalit\u0103\u021bii! Pentru c\u0103 lucrurile sunt clare: <strong>dac\u0103 ai primit fonduri europene \u0219i nu reu\u0219e\u0219ti s\u0103 finalizezi proiectele, ai dou\u0103 posibilit\u0103\u021bi, fie s\u0103 te angajezi c\u0103 le finalizezi cu bani proprii p\u00e2n\u0103 la sf\u00e2r\u0219itul anului viitor \u2013 \u0219i atunci nu \u021bi se iau banii de care ai beneficiat \u2013 sau s\u0103 nu faci lucrul acesta \u0219i s\u0103 pierzi sumele decontate deja din fonduri europene. <\/strong>C\u0103 lucrurile stau a\u0219a, rezult\u0103 clar din hot\u0103r\u00e2rile de consiliu, care au aprobat continuarea proiectelor, pe 2024.<\/p>\n<p>Deci, ca la Radio Erevan \u2013 nu a crescut, ci a sc\u0103zut! \u00cen fine, c\u00e2t prive\u0219te cele 100 milioane de euro, c\u00e2\u0219tigate de administra\u021bia Dominic Fritz din fonduri europene, ca s\u0103 fim \u00een spiritul declarat al Cr\u0103ciunului, e clar c\u0103 nu vorbim despre amatorism, manipulare sau ne\u0219tiin\u021b\u0103, ci despre o confuzie grav\u0103: <strong>\u00eentre perioada de contractare \u0219i perioada de decontare<\/strong>. C\u0103ci, indiferent cum o dai, cifrele provin din faptul c\u0103 prim\u0103ria de sticl\u0103 a transmis spre decontare facturi c\u0103tre Uniunea European\u0103, de pe urma muncii mafio\u021bilor \u0219i incompeten\u021bilor condu\u0219i de Nicolae Robu.<\/p>\n<p>\u0218i cel mai bun exemplu, aici, sunt <strong>achizi\u021biile de tramvaie \u0219i autobuze noi, contractate de vechea administra\u021bie, c\u0103ci singurul lucru pe care primarul Fritz a trebuit s\u0103 \u00eel fac\u0103 a fost s\u0103 transmit\u0103 la Bruxelles\u2026 facturile de decont<\/strong>! A\u0219a c\u0103 nu mai are sens s\u0103 mai vorbim despre celelalte 28 de de proiecte \u201cnoi\u201d ale profesioni\u0219tilor de la USR: 11 se bazeaz\u0103 pe documenta\u021bii realizate sau chiar contracte de execu\u021bie (ex: pasajul Solventul) de \u0219mecherii lui Nicolae Robu, iar 7 au leg\u0103tur\u0103 cu spitale, universit\u0103\u021bi, \u0219coli \u0219i asocia\u021bii, f\u0103r\u0103 implicarea Prim\u0103riei Timi\u0219oara.<\/p>\n<p><strong>Film noir<\/strong><\/p>\n<p>C\u0103 ne convine sau nu, tot pe barba corup\u021bilor din administra\u021bia Nicolae Robu, \u00een patrimoniul municipalit\u0103\u021bii, printr-un lung \u0219ir de procese, au reintrat cinci cinematografe: Victoria, Timi\u0219, Studio, Dacia \u0219i Freidorf. \u0218i tot at\u00e2tea au ajuns \u00een reabilitare, \u00een a\u0219teptarea evenimentelor Capitalei Cultural Europene, tot din vina celor men\u021biona\u021bi mai sus. E plin internetul de probe \u0219i declara\u021bii care confirm\u0103, la milimetru, eforturile \u0219i munca predecesorilor lui Dominic Fritz. A\u0219a c\u0103 nu e de mirare c\u0103 \u0219i la acest capitol, liderul prim\u0103riei de sticl\u0103 are sc\u0103p\u0103ri de memorie: \u201d<strong>Suntem \u00een execu\u021bie cu cinci cinematografe. Aceste proiecte de reabilitare au pornit f\u0103r\u0103 o idee clar\u0103 \u0219i ce se va \u00eent\u00e2mpla \u00een ele. De aceea, investi\u021biile municipalit\u0103\u021bii \u00een sectorul cultural sunt anul acesta de peste 110 milioane lei.\u00a0Victoria \u00eempreun\u0103 cu celelalte cinematografe vor fi administrate de Centrul de proiecte \u0219i cre\u0219terea echipei de acolo cu oameni noi care s\u0103 gestioneze evenimente culturale \u0219i s\u0103 administreze aceste spa\u021bii devine obligatorie. F\u0103r\u0103 personal de specialitate aceste cl\u0103diri vor r\u0103m\u00e2ne doar ni\u0219te ziduri frumos reabilitate, dar f\u0103r\u0103 oameni \u0219i f\u0103r\u0103 via\u021b\u0103<\/strong>\u201c.<\/p>\n<p>Chiar \u0219i cu marile lucr\u0103ri de infrastructur\u0103 de pe bulevardele Cet\u0103\u021bii \u0219i Stan Vidrighin, ambele avizate de ADR V Vest, \u00eenc\u0103 din mandatul lui Nicolae Robu, lucrurile au stat exact la fel: \u201c<em><strong>Preg\u0103tim viitoarele zone verzi de pe Cet\u0103\u021bii \u0219i finaliz\u0103m ultimele trotuare. <u>Linie de tramvai \u00eenierbat\u0103, noi zone verzi \u0219i peste 300 de arbori<\/u> pe care \u00eei plant\u0103m \u00een aceast\u0103 toamn\u0103. Zona are acum <u>kilometri \u00eentregi de conducte noi de ap\u0103, canal, gaz, telecomunica\u021bii \u0219i electricitate, \u00eenlocuite dup\u0103 decenii \u00een care nu s-a atins nimeni de ele<\/u>. Acum, preg\u0103tim documenta\u021bia pentru atragerea a 20 mil euro din fonduri europene, bani pe care deja i-am pl\u0103tit pe lucr\u0103rile executate p\u00e2n\u0103 acum\u2026<\/strong><\/em>\u201d. Ce nu spune Dominic Fritz, \u00eens\u0103, sunt urm\u0103toarele aspecte: cei 300 de arbori \u0219i linia \u00eenierbat\u0103 f\u0103ceau parte din proiectul aprobat de supervizorii de la fondurile europene \u0219i c\u0103 acei kilometri \u00eentregi de utilit\u0103\u021bi, neatin\u0219i de decenii, la fel\u2026 respect\u0103 proiectul vechi. Singurul lucru care nu coincide cu vechiul proiect, iar aici municipalitatea va veni cu bani de acas\u0103, este modificarea de c\u0103tre administra\u021bia userist\u0103 a l\u0103\u021bimii trotuarelor \u0219i pistelor de bicicli\u0219ti, ceea ce a dus, pe lungimea bv Cet\u0103\u021bii, la o mic\u0219orare a spa\u021biului verde cu circa 10.000 mp (1ha). <\/p>\n<p>La fel a procedat administra\u021bia Fritz \u0219i pe tema re\u021belelor de ap\u0103 \u0219i canal. Cu tact \u0219i mult tupeu! \u0218i vorbim aici despre cei 35 de km de re\u021bea subteran\u0103, finan\u021bat\u0103 din fonduri europene, pe un proiect al fostei administra\u021bii! Datele sunt extrem de clare \u0219i aici: <strong>lucr\u0103ri de reabilitare a re\u021belelor de ap\u0103 \u0219i de canalizare pe aproape 100 de str\u0103zi, \u00een valoare de 287.306.657 de lei, respectiv 61,5 de milioane de euro pe o perioada de desf\u0103\u0219urare a proiectului este 2019-2023<\/strong>. Tot la fel de clare sunt informa\u021biile publice \u0219i despre Clinica de Baleologie. Mai pu\u021bin \u00een retorica lui Dominic Fritz: \u201d<strong>\u2026am \u00eenceput funda\u021bia noii cl\u0103diri \u0219i proiectul se va finaliza peste un an. \u00cen cadrul acelea\u0219i investi\u021bii reabilit\u0103m \u0219i vechea cl\u0103dire a Balneo. Viitorul complex va deservi \u00eentreaga regiune. Este o investi\u021bie de 24 de milioane de lei, din fonduri europene. Construim infrastructur\u0103 pentru s\u0103n\u0103tatea timi\u0219orenilor<\/strong>\u201d.<\/p>\n<p>Acum, cine nu crede, n-are dec\u00e2t s\u0103 caute, pe internet, \u00een 11 septembrie 2019, \u0219i, cu siguran\u021b\u0103, va da peste anun\u021bul mafio\u021bilor lui Robu:\u00a0s-a semnat contractul de finan\u021bare pentru proiectul cu titlul \u201e<strong>Extindere, reabilitare, modernizare \u0219i echipare a ambulatoriului de specialitate al Clinicii de Recuperare, Medicin\u0103 Fizic\u0103 \u0219i Balneologie Timi\u0219oara, prin demolare par\u021bial\u0103 \u0219i extindere orizontal\u0103 \u0219i vertical\u0103<\/strong>\u201d, depus \u00een cadrul Programului Opera\u021bional Regional 2014-2020, axa prioritar\u0103 8 \u2013 Dezvoltarea infrastructurii de s\u0103n\u0103tate \u0219i sociale. <strong>Valoarea total\u0103 a proiectului se ridic\u0103 la 23.716.126,88 lei (inclusiv TVA)<\/strong>, din care valoarea total\u0103 eligibil\u0103 este de 10.699.298,30 lei, iar cea neeligibil\u0103 de 13.016.828,58 lei. Contribu\u021bia de doi la sut\u0103 din valoarea eligibil\u0103 a proiectului, de 213.985,97 lei, va fi achitat\u0103 de la bugetul local.<\/p>\n<p>Acum, mai r\u0103m\u00e2ne doar de stabilit un lucru: c\u00e2t la sut\u0103 din ceea ce comunic\u0103 public Dominic Fritz are o baz\u0103 solid\u0103, \u00een ce procent e volatilitate \u0219i \u00een ce propor\u021bie afirma\u021biile sunt adev\u0103rate sau false. Strict pe partea de comunicare public\u0103, nu pe regie, nu teatralitate \u0219i nici pe scenariu c\u0103 aici, \u00een mod cert, la toate capitolele, e de NOTA 10 (ZECE)!<\/p>\n<\/div>\n<\/div>\n<div class=\"td_block_wrap tdb_single_tags tdi_88 td-pb-border-top td_block_template_1\" data-td-block-uid=\"tdi_88\">\n<div class=\"tdb-block-inner td-fix-index\">\n<ul class=\"tdb-tags\">\n<li><span>Tags<\/span><\/li>\n<li><a href=\"https:\/\/voceatimisului.ro\/tag\/dominic-fritz\/\">Dominic Fritz<\/a><\/li>\n<li><a href=\"https:\/\/voceatimisului.ro\/tag\/nicolae-robu\/\">nicolae robu<\/a><\/li>\n<li><a href=\"https:\/\/voceatimisului.ro\/tag\/primaria-timisoara\/\">primaria timisoara<\/a><\/li>\n<\/ul>\n<\/div>\n<\/div>\n<div class=\"td_block_wrap tdb_single_post_share tdi_89  td-pb-border-top td_block_template_1\" data-td-block-uid=\"tdi_89\">\n<div id=\"tdi_89\" class=\"td-post-sharing tdb-block td-ps-bg td-ps-notext td-post-sharing-style1 \">\n<div class=\"td-post-sharing-visible\"><a class=\"td-social-sharing-button td-social-sharing-button-js td-social-network td-social-facebook\" href=\"https:\/\/www.facebook.com\/sharer.php?u=https%3A%2F%2Fvoceatimisului.ro%2Fpe-ultrascurte-primarul-dominic-fritz-jongleaza-cu-adevarul-mai-ceva-ca-n-bancurile-de-la-la-radio-erevan%2F\" title=\"Facebook\" rel=\"noopener\"><\/p>\n<div class=\"td-social-but-text\">Facebook<\/div>\n<p><\/a><a class=\"td-social-sharing-button td-social-sharing-button-js td-social-network td-social-twitter\" href=\"https:\/\/twitter.com\/intent\/tweet?text=Pe+ultrascurte%21+Primarul+Dominic+Fritz+jongleaz%C4%83+cu+adev%C4%83rul+mai+ceva+ca-n+bancurile+de+la+la+Radio+Erevan&amp;url=https%3A%2F%2Fvoceatimisului.ro%2Fpe-ultrascurte-primarul-dominic-fritz-jongleaza-cu-adevarul-mai-ceva-ca-n-bancurile-de-la-la-radio-erevan%2F&amp;via=Vocea+Timisului\" title=\"Twitter\" rel=\"noopener\"><\/p>\n<div class=\"td-social-but-text\">Twitter<\/div>\n<p><\/a><a class=\"td-social-sharing-button td-social-sharing-button-js td-social-network td-social-pinterest\" href=\"https:\/\/pinterest.com\/pin\/create\/button\/?url=https:\/\/voceatimisului.ro\/pe-ultrascurte-primarul-dominic-fritz-jongleaza-cu-adevarul-mai-ceva-ca-n-bancurile-de-la-la-radio-erevan\/&amp;media=https:\/\/analyse.optim.biz\/wp-content\/uploads\/2026\/01\/dominic-fritz-2.jpg&amp;description=Pe+ultrascurte%21+Primarul+Dominic+Fritz+jongleaz%C4%83+cu+adev%C4%83rul+mai+ceva+ca-n+bancurile+de+la+la+Radio+Erevan\" title=\"Pinterest\" rel=\"noopener\"><\/p>\n<div class=\"td-social-but-text\">Pinterest<\/div>\n<p><\/a><a class=\"td-social-sharing-button td-social-sharing-button-js td-social-network td-social-whatsapp\" href=\"https:\/\/api.whatsapp.com\/send?text=Pe+ultrascurte%21+Primarul+Dominic+Fritz+jongleaz%C4%83+cu+adev%C4%83rul+mai+ceva+ca-n+bancurile+de+la+la+Radio+Erevan%20%0A%0A%20https:\/\/voceatimisului.ro\/pe-ultrascurte-primarul-dominic-fritz-jongleaza-cu-adevarul-mai-ceva-ca-n-bancurile-de-la-la-radio-erevan\/\" title=\"WhatsApp\" rel=\"noopener\"><\/p>\n<div class=\"td-social-but-text\">WhatsApp<\/div>\n<p><\/a><a class=\"td-social-sharing-button td-social-sharing-button-js td-social-network td-social-linkedin\" href=\"https:\/\/www.linkedin.com\/shareArticle?mini=true&amp;url=https:\/\/voceatimisului.ro\/pe-ultrascurte-primarul-dominic-fritz-jongleaza-cu-adevarul-mai-ceva-ca-n-bancurile-de-la-la-radio-erevan\/&amp;title=Pe+ultrascurte%21+Primarul+Dominic+Fritz+jongleaz%C4%83+cu+adev%C4%83rul+mai+ceva+ca-n+bancurile+de+la+la+Radio+Erevan\" title=\"Linkedin\" rel=\"noopener\"><\/p>\n<div class=\"td-social-but-text\">Linkedin<\/div>\n<p><\/a><a class=\"td-social-sharing-button td-social-sharing-button-js td-social-network td-social-copy_url\" href=\"https:\/\/voceatimisului.ro\/pe-ultrascurte-primarul-dominic-fritz-jongleaza-cu-adevarul-mai-ceva-ca-n-bancurile-de-la-la-radio-erevan\/\" title=\"Copy URL\" rel=\"noopener\"><\/p>\n<div class=\"td-social-but-text\">Copy URL<\/div>\n<p><\/a><\/div>\n<\/div>\n<\/div>\n<div class=\"td_block_wrap tdb_single_next_prev tdi_90 td-animation-stack td-next-prev-img-on td-pb-border-top td_block_template_1\" data-td-block-uid=\"tdi_90\">\n<div class=\"tdb-block-inner td-fix-index\">\n<div class=\"tdb-next-post tdb-next-post-bg tdb-post-prev\"><span>Articolul precedent<\/span><\/p>\n<div class=\"td-module-container\">\n<div class=\"td-image-container\"><a class=\"td-image-wrap\" href=\"https:\/\/voceatimisului.ro\/clubul-mincinosilor-administratia-dominic-fritz-nicio-treaba-cu-recuperarea-patrimoniul-timisoarei-din-mainile-mafiei-locale-si-a-clanurilor-tiganesti\/\"><img loading=\"lazy\" decoding=\"async\" class=\"td-next-prev-image td-fix-index td-lazy-img\" title=\"Clubul mincino\u0219ilor!\u00a0Administra\u021bia Dominic Fritz, nicio treab\u0103 cu recuperarea patrimoniului Timi\u0219oarei din m\u00e2inile mafiei locale \u0219i a clanurilor \u021big\u0103ne\u0219ti\" width=\"696\" height=\"618\" src=\"https:\/\/analyse.optim.biz\/wp-content\/uploads\/2026\/01\/clubul-mincinosilor-administratia-dominic-fritz-696x618-1.jpg\"><\/a><\/div>\n<div class=\"next-prev-title\"><a href=\"https:\/\/voceatimisului.ro\/clubul-mincinosilor-administratia-dominic-fritz-nicio-treaba-cu-recuperarea-patrimoniul-timisoarei-din-mainile-mafiei-locale-si-a-clanurilor-tiganesti\/\">Clubul mincino\u0219ilor!\u00a0Administra\u021bia Dominic Fritz, nicio treab\u0103 cu recuperarea patrimoniului Timi\u0219oarei din m\u00e2inile mafiei locale \u0219i a clanurilor \u021big\u0103ne\u0219ti<\/a><\/div>\n<\/div>\n<\/div>\n<div class=\"tdb-next-post tdb-next-post-bg tdb-post-next\"><span>Articolul urm\u0103tor<\/span><\/p>\n<div class=\"td-module-container\">\n<div class=\"td-image-container\"><a class=\"td-image-wrap\" href=\"https:\/\/voceatimisului.ro\/comunism-pe-paine-primarul-dominic-fritz-vinde-povesti-electorale-si-populisme-in-cazul-luptei-cu-clanul-carpaci-de-pe-bulevardul-c-d-loga-52\/\"><img loading=\"lazy\" decoding=\"async\" class=\"td-next-prev-image td-fix-index td-lazy-img\" title=\"Comunism pe p\u00e2ine! Primarul Dominic Fritz vinde pove\u0219ti electorale \u0219i populisme, \u00een cazul luptei cu clanul C\u00e2rpaci de pe bulevardul C.D. Loga 52\" width=\"696\" height=\"870\" src=\"https:\/\/analyse.optim.biz\/wp-content\/uploads\/2026\/01\/comunism-pe-paine-primarul-dominic-fritz-696x870-1.jpg\"><\/a><\/div>\n<div class=\"next-prev-title\"><a href=\"https:\/\/voceatimisului.ro\/comunism-pe-paine-primarul-dominic-fritz-vinde-povesti-electorale-si-populisme-in-cazul-luptei-cu-clanul-carpaci-de-pe-bulevardul-c-d-loga-52\/\">Comunism pe p\u00e2ine! Primarul Dominic Fritz vinde pove\u0219ti electorale \u0219i populisme, \u00een cazul luptei cu clanul C\u00e2rpaci de pe bulevardul C.D. Loga 52<\/a><\/div>\n<\/div>\n<\/div>\n<\/div>\n<\/div>\n<\/div>\n<\/div>\n<\/div>\n<\/div>\n<div class=\"vc_row_inner tdi_100  vc_row vc_inner wpb_row td-pb-row\">\n<div class=\"vc_column_inner tdi_102  wpb_column vc_column_container tdc-inner-column td-pb-span4 td-is-sticky\">\n<div class=\"vc_column-inner\">\n<div class=\"wpb_wrapper\" data-sticky-enabled-on=\"W3RydWUsdHJ1ZSx0cnVlLHRydWVd\" data-sticky-offset=\"20\" data-sticky-is-width-auto=\"W2ZhbHNlLGZhbHNlLGZhbHNlLGZhbHNlXQ==\">\n<div class=\"td_block_wrap tdb_single_related tdi_103 td_with_ajax_pagination td-pb-border-top td_block_template_1 tdb-single-related-posts\" data-td-block-uid=\"tdi_103\">\n<div id=\"tdi_103\" class=\"td_block_inner tdb-block-inner td-fix-index\">\n<div class=\"tdb_module_related td_module_wrap td-animation-stack td-meta-info-hide\">\n<div class=\"td-module-container td-category-pos-image\">\n<div class=\"td-module-meta-info\">\n<h3 class=\"entry-title td-module-title\"><a href=\"https:\/\/voceatimisului.ro\/retim-a-plecat-din-timisoara-sub-nasul-consiliului-local\/\" rel=\"bookmark\" title=\"RETIM a plecat din Timi\u0219oara sub nasul Consiliului Local\">RETIM a plecat din Timi\u0219oara sub nasul Consiliului Local<\/a><\/h3>\n<\/div>\n<\/div>\n<\/div>\n<div class=\"tdb_module_related td_module_wrap td-animation-stack td-meta-info-hide\">\n<div class=\"td-module-container td-category-pos-image\">\n<div class=\"td-module-meta-info\">\n<h3 class=\"entry-title td-module-title\"><a href=\"https:\/\/voceatimisului.ro\/cum-a-ajuns-firma-lui-gabriel-almajan-sa-primeasca-doua-autorizatii-pe-acelasi-teren-fara-pud\/\" rel=\"bookmark\" title=\"Cum a ajuns firma lui Gabriel Alm\u0103jan s\u0103 primeasc\u0103 dou\u0103 autoriza\u021bii pe acela\u0219i teren, f\u0103r\u0103 PUD\">Cum a ajuns firma lui Gabriel Alm\u0103jan s\u0103 primeasc\u0103 dou\u0103 autoriza\u021bii pe acela\u0219i teren, f\u0103r\u0103 PUD<\/a><\/h3>\n<\/div>\n<\/div>\n<\/div>\n<div class=\"tdb_module_related td_module_wrap td-animation-stack td-meta-info-hide\">\n<div class=\"td-module-container td-category-pos-image\">\n<div class=\"td-module-meta-info\">\n<h3 class=\"entry-title td-module-title\"><a href=\"https:\/\/voceatimisului.ro\/retim-si-a-mutat-sediul-in-oradea-timisoara-pierde-taxe-administratia-fritz-tace\/\" rel=\"bookmark\" title=\"RETIM \u0219i-a mutat sediul \u00een Oradea. Timi\u0219oara pierde taxe, administra\u021bia Fritz tace\">RETIM \u0219i-a mutat sediul \u00een Oradea. Timi\u0219oara pierde taxe, administra\u021bia Fritz tace<\/a><\/h3>\n<\/div>\n<\/div>\n<\/div>\n<\/div>\n<\/div>\n<\/div>\n<\/div>\n<\/div>\n<div class=\"vc_column_inner tdi_105  wpb_column vc_column_container tdc-inner-column td-pb-span8\">\n<div class=\"vc_column-inner\">\n<div class=\"wpb_wrapper\">\n<div class=\"td_block_wrap tdb_single_comments tdi_106 tdb-comm-layout2 td-pb-border-top td_block_template_2\" data-td-block-uid=\"tdi_106\">\n<div class=\"tdb-block-inner td-fix-index\">\n<div class=\"comments\" id=\"comments\">\n<div class=\"td-comments-title-wrap td_block_template_2\">\n<h4 class=\"td-comments-title td-block-title\"><span>2 COMENTARII<\/span><\/h4>\n<\/div>\n<ol class=\"comment-list\">\n<li class=\"comment \" id=\"comment-27406\">\n<article>\n<footer><cite>Ciprian<\/cite><a class=\"comment-link\" href=\"https:\/\/voceatimisului.ro\/pe-ultrascurte-primarul-dominic-fritz-jongleaza-cu-adevarul-mai-ceva-ca-n-bancurile-de-la-la-radio-erevan\/#comment-27406\"><time><br \/>\n\t\t\t\t\t\t    2 ianuarie 2024\t\t\t\t\t\t    La\t\t\t\t\t\t    10:51 AM<\/time><\/a><\/footer>\n<div class=\"comment-content\">\n<p>ba mai dute dracu de pupincurist a lu Robu un nesimtit dictator , voi banditi penali, Frit e galent ma nu e hot ca Romanu erau toti aia ilegali acolo, va dam in istanta si oe voi pentru minciuni.<\/p>\n<\/div>\n<div class=\"comment-meta\" id=\"comment-27406\"><a rel=\"nofollow\" class=\"comment-reply-link\" href=\"https:\/\/voceatimisului.ro\/pe-ultrascurte-primarul-dominic-fritz-jongleaza-cu-adevarul-mai-ceva-ca-n-bancurile-de-la-la-radio-erevan\/#comment-27406\" data-commentid=\"27406\" data-postid=\"159454\" data-belowelement=\"comment-27406\" data-respondelement=\"respond\" data-replyto=\"R\u0103spunde-i lui Ciprian\" aria-label=\"R\u0103spunde-i lui Ciprian\">R\u0103spunde\u021bi<\/a><\/div>\n<\/article>\n<ul class=\"children\">\n<li class=\"comment \" id=\"comment-27407\">\n<article>\n<footer><cite>Tiberiu Kiss<\/cite><a class=\"comment-link\" href=\"https:\/\/voceatimisului.ro\/pe-ultrascurte-primarul-dominic-fritz-jongleaza-cu-adevarul-mai-ceva-ca-n-bancurile-de-la-la-radio-erevan\/#comment-27407\"><time><br \/>\n\t\t\t\t\t\t    2 ianuarie 2024\t\t\t\t\t\t    La\t\t\t\t\t\t    11:42 AM<\/time><\/a><\/footer>\n<div class=\"comment-content\">\n<p>Limbaj profund! Curaj, hai \u00een instan\u021b\u0103!<\/p>\n<\/div>\n<div class=\"comment-meta\" id=\"comment-27407\"><a rel=\"nofollow\" class=\"comment-reply-link\" href=\"https:\/\/voceatimisului.ro\/pe-ultrascurte-primarul-dominic-fritz-jongleaza-cu-adevarul-mai-ceva-ca-n-bancurile-de-la-la-radio-erevan\/#comment-27407\" data-commentid=\"27407\" data-postid=\"159454\" data-belowelement=\"comment-27407\" data-respondelement=\"respond\" data-replyto=\"R\u0103spunde-i lui Tiberiu Kiss\" aria-label=\"R\u0103spunde-i lui Tiberiu Kiss\">R\u0103spunde\u021bi<\/a><\/div>\n<\/article>\n<\/li>\n<\/ul>\n<\/li>\n<\/ol>\n<div id=\"respond\" class=\"comment-respond\">\n<h3 id=\"reply-title\" class=\"comment-reply-title\">L\u0102SA\u021aI UN MESAJ <small><a rel=\"nofollow\" id=\"cancel-comment-reply-link\" href=\"https:\/\/voceatimisului.ro\/pe-ultrascurte-primarul-dominic-fritz-jongleaza-cu-adevarul-mai-ceva-ca-n-bancurile-de-la-la-radio-erevan\/#respond\">Renun\u021ba\u021bi la r\u0103spuns<\/a><\/small><\/h3>\n<div class=\"comment-form-input-wrap td-form-comment\">\n<div class=\"td-warning-comment\">V\u0103 rug\u0103m s\u0103 introduce\u021bi comentariul dvs.!<\/div>\n<\/div>\n<div class=\"comment-form-input-wrap td-form-author\">\n<div class=\"td-warning-author\">Introduce\u021bi aici numele dvs.<\/div>\n<\/div>\n<div class=\"comment-form-input-wrap td-form-email\">\n<div class=\"td-warning-email-error\">A\u021bi introdus o adres\u0103 de e-mail incorect\u0103!<\/div>\n<div class=\"td-warning-email\">V\u0103 rug\u0103m s\u0103 introduce\u021bi adresa dvs. de e-mail aici<\/div>\n<\/div>\n<\/div>\n<\/div>\n<\/div>\n<\/div>\n<\/div>\n<\/div>\n<\/div>\n<\/div>\n<\/div>\n<\/div>\n<div class=\"vc_column tdi_108  wpb_column vc_column_container tdc-column td-pb-span4 td-is-sticky\">\n<div class=\"wpb_wrapper\" data-sticky-enabled-on=\"W3RydWUsdHJ1ZSx0cnVlLHRydWVd\" data-sticky-offset=\"20\" data-sticky-is-width-auto=\"W2ZhbHNlLGZhbHNlLGZhbHNlLGZhbHNlXQ==\">\n<div class=\"vc_row_inner tdi_110  vc_row vc_inner wpb_row td-pb-row\">\n<div class=\"vc_column_inner tdi_112  wpb_column vc_column_container tdc-inner-column td-pb-span12\">\n<div class=\"vc_column-inner\">\n<div class=\"wpb_wrapper\">\n<div class=\"td_block_wrap td_block_title tdi_113 td-pb-border-top td_block_template_11 td-fix-index\" data-td-block-uid=\"tdi_113\">\n<div class=\"td-block-title-wrap\">\n<h4 class=\"td-block-title\"><span class=\"td-pulldown-size\">ANUN\u021aURI \u0218I PUBLICITATE<\/span><\/h4>\n<\/div>\n<\/div>\n<\/div>\n<\/div>\n<\/div>\n<\/div>\n<div class=\"wpb_wrapper td_block_wrap vc_widget_sidebar tdi_115 \">\n<aside id=\"block-10\" class=\"td_block_template_1 widget block-10 widget_block widget_media_image\">\n<figure class=\"wp-block-image size-full\"><a href=\"https:\/\/adpghiroda.ro\/index.html\" target=\"_blank\" rel=\" noreferrer noopener\"><img decoding=\"async\" loading=\"lazy\" width=\"960\" height=\"960\" src=\"https:\/\/analyse.optim.biz\/wp-content\/uploads\/2026\/01\/adp-ghiroda2-169.jpg\" class=\"wp-image-171492\" title=\"adp-ghiroda2-169\"><\/a><\/figure>\n<\/aside>\n<aside id=\"block-11\" class=\"td_block_template_1 widget block-11 widget_block widget_media_image\">\n<figure class=\"wp-block-image size-full\"><a href=\"https:\/\/adpghiroda.ro\/index.html\" target=\"_blank\" rel=\" noreferrer noopener\"><img decoding=\"async\" loading=\"lazy\" width=\"960\" height=\"960\" src=\"https:\/\/analyse.optim.biz\/wp-content\/uploads\/2026\/01\/adp-ghiroda1-169.jpg\" class=\"wp-image-171491\" title=\"adp-ghiroda1-169\"><\/a><\/figure>\n<\/aside>\n<aside id=\"block-17\" class=\"td_block_template_1 widget block-17 widget_block widget_media_image\">\n<figure class=\"wp-block-image size-large is-resized\"><a href=\"https:\/\/verde.events\/\" target=\"_blank\" rel=\" noreferrer noopener\"><img decoding=\"async\" loading=\"lazy\" width=\"1024\" height=\"683\" src=\"https:\/\/analyse.optim.biz\/wp-content\/uploads\/2026\/01\/verde-events-24-1024x683-1-154.jpg\" alt=\"Verde Events\" class=\"wp-image-174395\" title=\"verde-events-24-1024x683-1-154\"><\/a><figcaption class=\"wp-element-caption\"><strong><em>O experien\u021b\u0103 unic\u0103 pentru orice tip de eveniment<\/em><\/strong><\/figcaption><\/figure>\n<\/aside>\n<\/div>\n<div class=\"td_block_wrap td_flex_block_1 tdi_121 td-pb-border-top td_block_template_1 td_ajax_preloading_preload td_flex_block\" data-td-block-uid=\"tdi_121\">\n<div id=\"tdi_121\" class=\"td_block_inner td-mc1-wrap\">\n<div class=\"td_module_flex td_module_flex_1 td_module_wrap td-animation-stack td-meta-info-hide td-cpt-post\">\n<div class=\"td-module-container td-category-pos-image\">\n<div class=\"td-module-meta-info\">\n<h3 class=\"entry-title td-module-title\"><a href=\"https:\/\/voceatimisului.ro\/fritz-ignora-legea-ministerul-muncii-confirma-incetarea-functiei-lui-pokker-in-ziua-pensionarii\/\" rel=\"bookmark\" title=\"Fritz ignor\u0103 legea. Ministerul Muncii confirm\u0103 \u00eencetarea func\u021biei lui Pokker \u00een ziua pension\u0103rii\">Fritz ignor\u0103 legea. Ministerul Muncii confirm\u0103 \u00eencetarea func\u021biei lui Pokker \u00een ziua pension\u0103rii<\/a><\/h3>\n<\/div>\n<\/div>\n<\/div>\n<div class=\"td_module_flex td_module_flex_1 td_module_wrap td-animation-stack td-meta-info-hide td-cpt-post\">\n<div class=\"td-module-container td-category-pos-image\">\n<div class=\"td-module-meta-info\">\n<h3 class=\"entry-title td-module-title\"><a href=\"https:\/\/voceatimisului.ro\/licitatia-de-e-ticketing-a-primariei-timisoara-trimisa-la-rescris-de-cnsc-documentatie-profund-viciata-si-semne-de-intrebare-privind-expertiza-din-spatele-proiectului\/\" rel=\"bookmark\" title=\"Licita\u021bia de e-ticketing a Prim\u0103riei Timi\u0219oara, trimis\u0103 la rescris de CNSC. Documenta\u021bie \u201eprofund viciat\u0103\u201d \u0219i semne de \u00eentrebare privind expertiza din spatele proiectului\">Licita\u021bia de e-ticketing a Prim\u0103riei Timi\u0219oara, trimis\u0103 la rescris de CNSC. Documenta\u021bie \u201eprofund viciat\u0103\u201d \u0219i semne de \u00eentrebare privind expertiza din spatele proiectului<\/a><\/h3>\n<\/div>\n<\/div>\n<\/div>\n<div class=\"td_module_flex td_module_flex_1 td_module_wrap td-animation-stack td-meta-info-hide td-cpt-post\">\n<div class=\"td-module-container td-category-pos-image\">\n<div class=\"td-module-meta-info\">\n<h3 class=\"entry-title td-module-title\"><a href=\"https:\/\/voceatimisului.ro\/dominic-fritz-si-pensionarii-de-lux-ai-legalitatii\/\" rel=\"bookmark\" title=\"Dominic Fritz \u0219i pensionarii de lux ai legalit\u0103\u021bii\">Dominic Fritz \u0219i pensionarii de lux ai legalit\u0103\u021bii<\/a><\/h3>\n<\/div>\n<\/div>\n<\/div>\n<div class=\"td_module_flex td_module_flex_1 td_module_wrap td-animation-stack td-meta-info-hide td-cpt-post\">\n<div class=\"td-module-container td-category-pos-image\">\n<div class=\"td-module-meta-info\">\n<h3 class=\"entry-title td-module-title\"><a href=\"https:\/\/voceatimisului.ro\/demolari-fara-drept-si-functionari-executati-administratia-fritz-tot-mai-aproape-de-comunismul-birocratic\/\" rel=\"bookmark\" title=\"Demol\u0103ri f\u0103r\u0103 drept \u0219i func\u021bionari executa\u021bi: administra\u021bia Fritz, tot mai aproape de comunismul birocratic\">Demol\u0103ri f\u0103r\u0103 drept \u0219i func\u021bionari executa\u021bi: administra\u021bia Fritz, tot mai aproape de comunismul birocratic<\/a><\/h3>\n<\/div>\n<\/div>\n<\/div>\n<div class=\"td_module_flex td_module_flex_1 td_module_wrap td-animation-stack td-meta-info-hide td-cpt-post\">\n<div class=\"td-module-container td-category-pos-image\">\n<div class=\"td-module-meta-info\">\n<h3 class=\"entry-title td-module-title\"><a href=\"https:\/\/voceatimisului.ro\/buldozerul-administratiei-fritz-loveste-din-nou-viceprimarul-romocean-i-a-executat-administrativ-pe-cei-doi-functionari-care-au-refuzat-sa-mai-participe-la-demolarile-abuzive\/\" rel=\"bookmark\" title=\"Buldozerul administra\u021biei Fritz love\u0219te din nou. Viceprimarul Romocean i-a executat administrativ pe cei doi func\u021bionari care au refuzat s\u0103 mai participe la demol\u0103rile abuzive\">Buldozerul administra\u021biei Fritz love\u0219te din nou. Viceprimarul Romocean i-a executat administrativ pe cei doi func\u021bionari care au refuzat s\u0103 mai participe la demol\u0103rile abuzive<\/a><\/h3>\n<\/div>\n<\/div>\n<\/div>\n<\/div>\n<\/div>\n<\/div>\n<\/div>\n<\/div>\n<\/div>\n<\/div>\n<\/div>\n<p><span class=\"td-page-meta\"><\/span><span class=\"td-page-meta\"><span class=\"td-page-meta\"><\/span><\/span><span class=\"td-page-meta\"><\/span><\/article>\n<p> Source URL: https:\/\/voceatimisului.ro\/pe-ultrascurte-primarul-dominic-fritz-jongleaza-cu-adevarul-mai-ceva-ca-n-bancurile-de-la-la-radio-erevan\/<\/p>\n","protected":false},"excerpt":{"rendered":"<p>\u0218tiriAdministra\u021bie Pe ultrascurte! Primarul Dominic Fritz jongleaz\u0103 cu adev\u0103rul mai ceva ca-n bancurile de la la Radio Erevan Autor-Tiberiu Kiss 5 decembrie 2023 2 12895 Facebook Twitter Pinterest WhatsApp Linkedin Copy URL Dominic Fritz 2 Reforma lui Fritz, pe banii timi\u0219orenilor. Timi\u0219oara pl\u0103te\u0219te milioane \u0219i se uit\u0103 la autobuze care ard Administra\u021bia USR \u0219i epurarea [&hellip;]<\/p>\n","protected":false},"author":1,"featured_media":1329529,"comment_status":"open","ping_status":"","sticky":false,"template":"","format":"standard","meta":{"footnotes":""},"categories":[89],"tags":[199],"class_list":["post-1329528","post","type-post","status-publish","format-standard","has-post-thumbnail","hentry","category-romania","tag-voceatimisului-ro"],"_links":{"self":[{"href":"https:\/\/analyse.optim.biz\/index.php?rest_route=\/wp\/v2\/posts\/1329528","targetHints":{"allow":["GET"]}}],"collection":[{"href":"https:\/\/analyse.optim.biz\/index.php?rest_route=\/wp\/v2\/posts"}],"about":[{"href":"https:\/\/analyse.optim.biz\/index.php?rest_route=\/wp\/v2\/types\/post"}],"author":[{"embeddable":true,"href":"https:\/\/analyse.optim.biz\/index.php?rest_route=\/wp\/v2\/users\/1"}],"replies":[{"embeddable":true,"href":"https:\/\/analyse.optim.biz\/index.php?rest_route=%2Fwp%2Fv2%2Fcomments&post=1329528"}],"version-history":[{"count":0,"href":"https:\/\/analyse.optim.biz\/index.php?rest_route=\/wp\/v2\/posts\/1329528\/revisions"}],"wp:featuredmedia":[{"embeddable":true,"href":"https:\/\/analyse.optim.biz\/index.php?rest_route=\/wp\/v2\/media\/1329529"}],"wp:attachment":[{"href":"https:\/\/analyse.optim.biz\/index.php?rest_route=%2Fwp%2Fv2%2Fmedia&parent=1329528"}],"wp:term":[{"taxonomy":"category","embeddable":true,"href":"https:\/\/analyse.optim.biz\/index.php?rest_route=%2Fwp%2Fv2%2Fcategories&post=1329528"},{"taxonomy":"post_tag","embeddable":true,"href":"https:\/\/analyse.optim.biz\/index.php?rest_route=%2Fwp%2Fv2%2Ftags&post=1329528"}],"curies":[{"name":"wp","href":"https:\/\/api.w.org\/{rel}","templated":true}]}}