{"id":1329497,"date":"2024-10-18T11:05:19","date_gmt":"2024-10-18T08:05:19","guid":{"rendered":"https:\/\/analyse.optim.biz\/?p=1329497"},"modified":"2024-10-18T11:05:19","modified_gmt":"2024-10-18T08:05:19","slug":"reluarea-circulatiei-tramvaielor-pe-bulevardul-stan-vidrighin-in-timisoara","status":"publish","type":"post","link":"https:\/\/analyse.optim.biz\/?p=1329497","title":{"rendered":"Reluarea Circula\u021biei Tramvaielor pe Bulevardul Stan Vidrighin \u00een Timi\u0219oara"},"content":{"rendered":"<article id=\"template-id-172790\" class=\"post-172790 tdb_templates type-tdb_templates status-publish post\">\n<div id=\"tdi_52\" class=\"tdc-zone\">\n<div class=\"tdc_zone tdi_53  wpb_row td-pb-row\">\n<div id=\"tdi_54\" class=\"tdc-row stretch_row_1400 td-stretch-content\">\n<div class=\"vc_row tdi_55  wpb_row td-pb-row tdc-element-style\">\n<div class=\"vc_column tdi_57  wpb_column vc_column_container tdc-column td-pb-span8\">\n<div class=\"wpb_wrapper\">\n<div class=\"td_block_wrap tdb_single_categories tdi_58 td-pb-border-top td_block_template_1 \" data-td-block-uid=\"tdi_58\">\n<div class=\"tdb-category td-fix-index\"><a class=\"tdb-entry-category\" href=\"https:\/\/voceatimisului.ro\/category\/stiri-din-timisoara-si-timis\/\">\u0218tiri<\/a><a class=\"tdb-entry-category\" href=\"https:\/\/voceatimisului.ro\/category\/stiri-din-timisoara-si-timis\/administratie\/\">Administra\u021bie<\/a><\/div>\n<\/div>\n<div class=\"td_block_wrap tdb_title tdi_59 tdb-single-title td-pb-border-top td_block_template_1\" data-td-block-uid=\"tdi_59\">\n<div class=\"tdb-block-inner td-fix-index\">\n<h1 class=\"tdb-title-text\">Reluarea Circula\u021biei Tramvaielor pe Bulevardul Stan Vidrighin \u00een Timi\u0219oara<\/h1>\n<\/div>\n<\/div>\n<div class=\"vc_row_inner tdi_62  vc_row vc_inner wpb_row td-pb-row\">\n<div class=\"vc_column_inner tdi_64  wpb_column vc_column_container tdc-inner-column td-pb-span6\">\n<div class=\"vc_column-inner\">\n<div class=\"wpb_wrapper\">\n<div class=\"td_block_wrap tdb_single_author tdi_65 td-pb-border-top td_block_template_1 tdb-post-meta\" data-td-block-uid=\"tdi_65\">\n<div class=\"tdb-block-inner td-fix-index\">\n<div class=\"tdb-author-name-wrap\"><span class=\"tdb-author-by\">Autor-<\/span><a class=\"tdb-author-name\" href=\"https:\/\/voceatimisului.ro\/author\/marta-stirbey\/\">Marta Stirbey<\/a><\/div>\n<\/div>\n<\/div>\n<div class=\"td_block_wrap tdb_single_date tdi_66 td-pb-border-top td_block_template_1 tdb-post-meta\" data-td-block-uid=\"tdi_66\">\n<div class=\"tdb-block-inner td-fix-index\"><time class=\"entry-date updated td-module-date\" datetime=\"2024-10-18T14:05:19+03:00\">18 octombrie 2024<\/time><\/div>\n<\/div>\n<div class=\"td_block_wrap tdb_single_comments_count tdi_67 td-pb-border-top td_block_template_1 tdb-post-meta\" data-td-block-uid=\"tdi_67\">\n<div class=\"tdb-block-inner td-fix-index\"><a href=\"https:\/\/voceatimisului.ro\/reluarea-circulatiei-tramvaielor-pe-bulevardul-stan-vidrighin-in-timisoara\/#respond\"><span>0<\/span><\/a><\/div>\n<\/div>\n<div class=\"td_block_wrap tdb_single_post_views tdi_68 td-pb-border-top td_block_template_1 tdb-post-meta\" data-td-block-uid=\"tdi_68\">\n<div class=\"tdb-block-inner td-fix-index\"><span class=\"tdb-add-text\">1<\/span><span class=\"td-nr-views-171110\">357<\/span><\/div>\n<\/div>\n<\/div>\n<\/div>\n<\/div>\n<div class=\"vc_column_inner tdi_70  wpb_column vc_column_container tdc-inner-column td-pb-span6\">\n<div class=\"vc_column-inner\">\n<div class=\"wpb_wrapper\">\n<div class=\"td_block_wrap tdb_single_post_share tdi_71  td-pb-border-top td_block_template_1\" data-td-block-uid=\"tdi_71\">\n<div id=\"tdi_71\" class=\"td-post-sharing tdb-block td-ps-bg td-ps-notext td-post-sharing-style1 \">\n<div class=\"td-post-sharing-visible\"><a class=\"td-social-sharing-button td-social-sharing-button-js td-social-network td-social-facebook\" href=\"https:\/\/www.facebook.com\/sharer.php?u=https%3A%2F%2Fvoceatimisului.ro%2Freluarea-circulatiei-tramvaielor-pe-bulevardul-stan-vidrighin-in-timisoara%2F\" title=\"Facebook\" rel=\"noopener\"><\/p>\n<div class=\"td-social-but-text\">Facebook<\/div>\n<p><\/a><a class=\"td-social-sharing-button td-social-sharing-button-js td-social-network td-social-twitter\" href=\"https:\/\/twitter.com\/intent\/tweet?text=Reluarea+Circula%C8%9Biei+Tramvaielor+pe+Bulevardul+Stan+Vidrighin+%C3%AEn+Timi%C8%99oara&amp;url=https%3A%2F%2Fvoceatimisului.ro%2Freluarea-circulatiei-tramvaielor-pe-bulevardul-stan-vidrighin-in-timisoara%2F&amp;via=Vocea+Timisului\" title=\"Twitter\" rel=\"noopener\"><\/p>\n<div class=\"td-social-but-text\">Twitter<\/div>\n<p><\/a><a class=\"td-social-sharing-button td-social-sharing-button-js td-social-network td-social-pinterest\" href=\"https:\/\/pinterest.com\/pin\/create\/button\/?url=https:\/\/voceatimisului.ro\/reluarea-circulatiei-tramvaielor-pe-bulevardul-stan-vidrighin-in-timisoara\/&amp;media=https:\/\/analyse.optim.biz\/wp-content\/uploads\/2026\/01\/reluarea-circulatiei-tramvaielor-pe-bulevardul-stan-vidrighin-in-timisoaral1-scaled-1.jpg&amp;description=Reluarea+Circula%C8%9Biei+Tramvaielor+pe+Bulevardul+Stan+Vidrighin+%C3%AEn+Timi%C8%99oara\" title=\"Pinterest\" rel=\"noopener\"><\/p>\n<div class=\"td-social-but-text\">Pinterest<\/div>\n<p><\/a><a class=\"td-social-sharing-button td-social-sharing-button-js td-social-network td-social-whatsapp\" href=\"https:\/\/api.whatsapp.com\/send?text=Reluarea+Circula%C8%9Biei+Tramvaielor+pe+Bulevardul+Stan+Vidrighin+%C3%AEn+Timi%C8%99oara%20%0A%0A%20https:\/\/voceatimisului.ro\/reluarea-circulatiei-tramvaielor-pe-bulevardul-stan-vidrighin-in-timisoara\/\" title=\"WhatsApp\" rel=\"noopener\"><\/p>\n<div class=\"td-social-but-text\">WhatsApp<\/div>\n<p><\/a><a class=\"td-social-sharing-button td-social-sharing-button-js td-social-network td-social-linkedin\" href=\"https:\/\/www.linkedin.com\/shareArticle?mini=true&amp;url=https:\/\/voceatimisului.ro\/reluarea-circulatiei-tramvaielor-pe-bulevardul-stan-vidrighin-in-timisoara\/&amp;title=Reluarea+Circula%C8%9Biei+Tramvaielor+pe+Bulevardul+Stan+Vidrighin+%C3%AEn+Timi%C8%99oara\" title=\"Linkedin\" rel=\"noopener\"><\/p>\n<div class=\"td-social-but-text\">Linkedin<\/div>\n<p><\/a><a class=\"td-social-sharing-button td-social-sharing-button-js td-social-network td-social-copy_url\" href=\"https:\/\/voceatimisului.ro\/reluarea-circulatiei-tramvaielor-pe-bulevardul-stan-vidrighin-in-timisoara\/\" title=\"Copy URL\" rel=\"noopener\"><\/p>\n<div class=\"td-social-but-text\">Copy URL<\/div>\n<p><\/a><\/div>\n<\/div>\n<\/div>\n<\/div>\n<\/div>\n<\/div>\n<\/div>\n<div class=\"td_block_wrap tdb_single_featured_image tdi_72 tdb-content-horiz-left td-pb-border-top td_block_template_1\" data-td-block-uid=\"tdi_72\">\n<div class=\"tdb-block-inner td-fix-index\">\n<figure><img loading=\"lazy\" decoding=\"async\" width=\"696\" height=\"392\" class=\"entry-thumb\" src=\"https:\/\/analyse.optim.biz\/wp-content\/uploads\/2026\/01\/reluarea-circulatiei-tramvaielor-pe-bulevardul-stan-vidrighin-in-timisoaral1-696x392-1-1.jpg\" title=\"default\"><figcaption class=\"tdb-caption-text\">default<\/figcaption><\/figure>\n<\/div>\n<\/div>\n<div class=\"vc_row_inner tdi_74  vc_row vc_inner wpb_row td-pb-row\">\n<div class=\"vc_column_inner tdi_76  wpb_column vc_column_container tdc-inner-column td-pb-span4 td-is-sticky\">\n<div class=\"vc_column-inner\">\n<div class=\"wpb_wrapper\" data-sticky-enabled-on=\"W3RydWUsdHJ1ZSx0cnVlLHRydWVd\" data-sticky-offset=\"20\" data-sticky-is-width-auto=\"W2ZhbHNlLGZhbHNlLGZhbHNlLGZhbHNlXQ==\">\n<div class=\"td_block_wrap td_flex_block_1 tdi_77 td-pb-border-top td_block_template_1 td_ajax_preloading_preload td_flex_block\" data-td-block-uid=\"tdi_77\">\n<div id=\"tdi_77\" class=\"td_block_inner td-mc1-wrap\">\n<div class=\"td_module_flex td_module_flex_1 td_module_wrap td-animation-stack td-meta-info-hide td-cpt-post\">\n<div class=\"td-module-container td-category-pos-image\">\n<div class=\"td-module-meta-info\">\n<h3 class=\"entry-title td-module-title\"><a href=\"https:\/\/voceatimisului.ro\/reforma-lui-fritz-pe-banii-timisorenilor-timisoara-plateste-milioane-si-se-uita-la-autobuze-care-ard\/\" rel=\"bookmark\" title=\"Reforma lui Fritz, pe banii timi\u0219orenilor. Timi\u0219oara pl\u0103te\u0219te milioane \u0219i se uit\u0103 la autobuze care ard\">Reforma lui Fritz, pe banii timi\u0219orenilor. Timi\u0219oara pl\u0103te\u0219te milioane \u0219i se uit\u0103 la autobuze care ard<\/a><\/h3>\n<\/div>\n<\/div>\n<\/div>\n<div class=\"td_module_flex td_module_flex_1 td_module_wrap td-animation-stack td-meta-info-hide td-cpt-post\">\n<div class=\"td-module-container td-category-pos-image\">\n<div class=\"td-module-meta-info\">\n<h3 class=\"entry-title td-module-title\"><a href=\"https:\/\/voceatimisului.ro\/plmstf-si-reforma-cu-toporul-cand-executia-nu-mai-iese-la-vot\/\" rel=\"bookmark\" title=\"PLMSTF \u0219i reforma cu toporul. C\u00e2nd execu\u021bia nu mai iese la vot\">PLMSTF \u0219i reforma cu toporul. C\u00e2nd execu\u021bia nu mai iese la vot<\/a><\/h3>\n<\/div>\n<\/div>\n<\/div>\n<div class=\"td_module_flex td_module_flex_1 td_module_wrap td-animation-stack td-meta-info-hide td-cpt-post\">\n<div class=\"td-module-container td-category-pos-image\">\n<div class=\"td-module-meta-info\">\n<h3 class=\"entry-title td-module-title\"><a href=\"https:\/\/voceatimisului.ro\/firma-care-spala-vehiculele-tpt-foloseste-angajati-nedeclarati-contractele-nu-sunt-raportate-la-itm-si-cas\/\" rel=\"bookmark\" title=\"Firma care spal\u0103 vehiculele TPT folose\u0219te angaja\u021bi nedeclara\u021bi, contractele nu sunt raportate la ITM \u0219i CAS\">Firma care spal\u0103 vehiculele TPT folose\u0219te angaja\u021bi nedeclara\u021bi, contractele nu sunt raportate la ITM \u0219i CAS<\/a><\/h3>\n<\/div>\n<\/div>\n<\/div>\n<div class=\"td_module_flex td_module_flex_1 td_module_wrap td-animation-stack td-meta-info-hide td-cpt-post\">\n<div class=\"td-module-container td-category-pos-image\">\n<div class=\"td-module-meta-info\">\n<h3 class=\"entry-title td-module-title\"><a href=\"https:\/\/voceatimisului.ro\/licitatia-de-e-ticketing-a-primariei-timisoara-trimisa-la-rescris-de-cnsc-documentatie-profund-viciata-si-semne-de-intrebare-privind-expertiza-din-spatele-proiectului\/\" rel=\"bookmark\" title=\"Licita\u021bia de e-ticketing a Prim\u0103riei Timi\u0219oara, trimis\u0103 la rescris de CNSC. Documenta\u021bie \u201eprofund viciat\u0103\u201d \u0219i semne de \u00eentrebare privind expertiza din spatele proiectului\">Licita\u021bia de e-ticketing a Prim\u0103riei Timi\u0219oara, trimis\u0103 la rescris de CNSC. Documenta\u021bie \u201eprofund viciat\u0103\u201d \u0219i semne de \u00eentrebare privind expertiza din spatele proiectului<\/a><\/h3>\n<\/div>\n<\/div>\n<\/div>\n<\/div>\n<\/div>\n<div class=\"tdb-author-box td_block_wrap tdb_single_author_box tdi_82 tdb-content-vert-top td-pb-border-top td_block_template_1\" data-td-block-uid=\"tdi_82\">\n<div class=\"tdb-block-inner td-fix-index\">\n<div class=\"tdb-author-info\"><a href=\"https:\/\/voceatimisului.ro\/author\/marta-stirbey\/\" class=\"tdb-author-name\">Marta Stirbey<\/a><\/p>\n<div class=\"tdb-author-descr\">\u00centreaga responsabilitate a comentariilor l\u0103sate de dumneavoastr\u0103 v\u0103 apar\u021bine!<br \/>\nClick <a href=\"https:\/\/voceatimisului.ro\/termeni-si-conditii\/\">aici<\/a>-citeste condi\u0163iile de utilizare ale site-ului www.voceatimisului.ro<\/div>\n<\/div>\n<\/div>\n<\/div>\n<\/div>\n<\/div>\n<\/div>\n<div class=\"vc_column_inner tdi_84  wpb_column vc_column_container tdc-inner-column td-pb-span8\">\n<div class=\"vc_column-inner\">\n<div class=\"wpb_wrapper\">\n<div class=\"td_block_wrap tdb_single_content tdi_85 td-pb-border-top td_block_template_1 td-post-content tagdiv-type\" data-td-block-uid=\"tdi_85\">\n<div class=\"tdb-block-inner td-fix-index\">\n<h5 class=\"wp-block-heading\">Prim\u0103ria Municipiului Timi\u0219oara anun\u021b\u0103 c\u0103, \u00eencep\u00e2nd de s\u00e2mb\u0103t\u0103, 19 octombrie 2024, de la ora 13:00, circula\u021bia tramvaielor pe Bulevardul Stan Vidrighin va fi reluat\u0103. Aceasta vine ca urmare a finaliz\u0103rii lucr\u0103rilor de modernizare care au transformat complet bulevardul.<\/h5>\n<h6 class=\"wp-block-heading\">Un Proiect de Modernizare Amplu<\/h6>\n<p>Lucr\u0103rile de modernizare au adus Bulevardului Stan Vidrighin o serie de \u00eembun\u0103t\u0103\u021biri majore, care includ:<\/p>\n<ul class=\"wp-block-list\">\n<li><strong>Spa\u021biu verde extins<\/strong>: Aproape 3.000 mp de spa\u021biu verde au fost amenaja\u021bi, iar 922 de arbori au fost planta\u021bi de-a lungul aliniamentului stradal.<\/li>\n<li><strong>Infrastructur\u0103 modernizat\u0103<\/strong>: Pe l\u00e2ng\u0103 reabilitarea carosabilului, au fost amenajate piste de biciclete \u0219i trotuare largi pentru a \u00eencuraja un mod de via\u021b\u0103 activ \u0219i sustenabil.<\/li>\n<li><strong>Lucr\u0103ri subterane<\/strong>: Investi\u021bia a inclus schimbarea re\u021belelor subterane de electricitate, semaforizare, gaze \u0219i telecomunica\u021bii, fiind sincronizat\u0103 cu proiectul de \u00eenlocuire a re\u021belei magistrale de ap\u0103-canal desf\u0103\u0219urat de Aquatim.<\/li>\n<\/ul>\n<h6 class=\"wp-block-heading\">Circula\u021bia Tramvaielor \u2013 Trasee Noi pentru Liniile 4 \u0219i 8<\/h6>\n<p>Noile tramvaie Bozankaya vor circula pe traseele modernizate, astfel:<\/p>\n<ul class=\"wp-block-list\">\n<li><strong>Linia 4<\/strong> va avea traseul: Calea Torontalului (Ciocanul) \u2013 Matei Basarab \u2013 Amforei \u2013 Cet\u0103\u021bii \u2013 Balta Verde \u2013 Mendeleev \u2013 Circumvala\u021biunii \u2013 Pia\u021ba 700 \u2013 Pia\u021ba Libert\u0103\u021bii \u2013 Hotel Continental \u2013 Prefectur\u0103 \u2013 3 August 1919 \u2013 Pia\u021ba Traian \u2013 Fabrica de Bere \u2013 Banatim \u2013 Podeanu \u2013 Fabrica de Detergen\u021bi \u2013 Mecatim \u2013 Pia\u021ba Ghe. Dom\u0103\u0219nean (AEM).<\/li>\n<li><strong>Linia 8<\/strong> va circula pe traseul: Gara de Nord \u2013 bd. Regele Carol I \u2013 Pia\u021ba A. Mocioni \u2013 Pia\u021ba Sf\u00e2nta Maria \u2013 Parcul C. Sylva \u2013 Pia\u021ba N. B\u0103lcescu \u2013 Pia\u021ba Crucii \u2013 Strada Cluj \u2013 Sala C. Jude \u2013 Deliblata \u2013 Banatim (str. 1 Decembrie 1918) \u2013 Banatim (Calea Stan Vidrighin) \u2013 Podeanu \u2013 Fabrica de Detergen\u021bi \u2013 Mecatim \u2013 Pia\u021ba Ghe. Dom\u0103\u0219nean (AEM).<\/li>\n<\/ul>\n<p>\u00cencep\u00e2nd cu data de 19 octombrie 2024, tramvaiele de pe liniile 4, 8 \u0219i 9 vor avea cap\u0103tul de linie la Pia\u021ba Ghe. Dom\u0103\u0219nean (AEM), ca urmare a reloc\u0103rii buclei de \u00eentoarcere de la Ciarda Ro\u0219ie, parte a proiectului de construc\u021bie a unui nou stadion pe Calea Buzia\u0219ului.<\/p>\n<h6 class=\"wp-block-heading\">Suspendarea Liniei 23 de Autobuz<\/h6>\n<p>Ca urmare a finaliz\u0103rii lucr\u0103rilor \u0219i relu\u0103rii circula\u021biei tramvaielor, linia 23 de autobuz, introdus\u0103 temporar pe perioada \u0219antierului, va fi suspendat\u0103.<\/p>\n<p><strong>Prim\u0103ria Municipiului Timi\u0219oara<\/strong> continu\u0103 s\u0103 investeasc\u0103 \u00een modernizarea infrastructurii \u0219i \u00een \u00eembun\u0103t\u0103\u021birea transportului public pentru a oferi locuitorilor \u0219i vizitatorilor o experien\u021b\u0103 de transport sigur\u0103, eficient\u0103 \u0219i sustenabil\u0103.<\/p>\n<\/div>\n<\/div>\n<div class=\"td_block_wrap tdb_single_tags tdi_88 td-pb-border-top td_block_template_1\" data-td-block-uid=\"tdi_88\">\n<div class=\"tdb-block-inner td-fix-index\">\n<ul class=\"tdb-tags\">\n<li><span>Tags<\/span><\/li>\n<li><a href=\"https:\/\/voceatimisului.ro\/tag\/primaria-timisoara\/\">primaria timisoara<\/a><\/li>\n<li><a href=\"https:\/\/voceatimisului.ro\/tag\/stan-vidrighin\/\">stan vidrighin<\/a><\/li>\n<li><a href=\"https:\/\/voceatimisului.ro\/tag\/stpt\/\">stpt<\/a><\/li>\n<\/ul>\n<\/div>\n<\/div>\n<div class=\"td_block_wrap tdb_single_post_share tdi_89  td-pb-border-top td_block_template_1\" data-td-block-uid=\"tdi_89\">\n<div id=\"tdi_89\" class=\"td-post-sharing tdb-block td-ps-bg td-ps-notext td-post-sharing-style1 \">\n<div class=\"td-post-sharing-visible\"><a class=\"td-social-sharing-button td-social-sharing-button-js td-social-network td-social-facebook\" href=\"https:\/\/www.facebook.com\/sharer.php?u=https%3A%2F%2Fvoceatimisului.ro%2Freluarea-circulatiei-tramvaielor-pe-bulevardul-stan-vidrighin-in-timisoara%2F\" title=\"Facebook\" rel=\"noopener\"><\/p>\n<div class=\"td-social-but-text\">Facebook<\/div>\n<p><\/a><a class=\"td-social-sharing-button td-social-sharing-button-js td-social-network td-social-twitter\" href=\"https:\/\/twitter.com\/intent\/tweet?text=Reluarea+Circula%C8%9Biei+Tramvaielor+pe+Bulevardul+Stan+Vidrighin+%C3%AEn+Timi%C8%99oara&amp;url=https%3A%2F%2Fvoceatimisului.ro%2Freluarea-circulatiei-tramvaielor-pe-bulevardul-stan-vidrighin-in-timisoara%2F&amp;via=Vocea+Timisului\" title=\"Twitter\" rel=\"noopener\"><\/p>\n<div class=\"td-social-but-text\">Twitter<\/div>\n<p><\/a><a class=\"td-social-sharing-button td-social-sharing-button-js td-social-network td-social-pinterest\" href=\"https:\/\/pinterest.com\/pin\/create\/button\/?url=https:\/\/voceatimisului.ro\/reluarea-circulatiei-tramvaielor-pe-bulevardul-stan-vidrighin-in-timisoara\/&amp;media=https:\/\/analyse.optim.biz\/wp-content\/uploads\/2026\/01\/reluarea-circulatiei-tramvaielor-pe-bulevardul-stan-vidrighin-in-timisoaral1-scaled-1.jpg&amp;description=Reluarea+Circula%C8%9Biei+Tramvaielor+pe+Bulevardul+Stan+Vidrighin+%C3%AEn+Timi%C8%99oara\" title=\"Pinterest\" rel=\"noopener\"><\/p>\n<div class=\"td-social-but-text\">Pinterest<\/div>\n<p><\/a><a class=\"td-social-sharing-button td-social-sharing-button-js td-social-network td-social-whatsapp\" href=\"https:\/\/api.whatsapp.com\/send?text=Reluarea+Circula%C8%9Biei+Tramvaielor+pe+Bulevardul+Stan+Vidrighin+%C3%AEn+Timi%C8%99oara%20%0A%0A%20https:\/\/voceatimisului.ro\/reluarea-circulatiei-tramvaielor-pe-bulevardul-stan-vidrighin-in-timisoara\/\" title=\"WhatsApp\" rel=\"noopener\"><\/p>\n<div class=\"td-social-but-text\">WhatsApp<\/div>\n<p><\/a><a class=\"td-social-sharing-button td-social-sharing-button-js td-social-network td-social-linkedin\" href=\"https:\/\/www.linkedin.com\/shareArticle?mini=true&amp;url=https:\/\/voceatimisului.ro\/reluarea-circulatiei-tramvaielor-pe-bulevardul-stan-vidrighin-in-timisoara\/&amp;title=Reluarea+Circula%C8%9Biei+Tramvaielor+pe+Bulevardul+Stan+Vidrighin+%C3%AEn+Timi%C8%99oara\" title=\"Linkedin\" rel=\"noopener\"><\/p>\n<div class=\"td-social-but-text\">Linkedin<\/div>\n<p><\/a><a class=\"td-social-sharing-button td-social-sharing-button-js td-social-network td-social-copy_url\" href=\"https:\/\/voceatimisului.ro\/reluarea-circulatiei-tramvaielor-pe-bulevardul-stan-vidrighin-in-timisoara\/\" title=\"Copy URL\" rel=\"noopener\"><\/p>\n<div class=\"td-social-but-text\">Copy URL<\/div>\n<p><\/a><\/div>\n<\/div>\n<\/div>\n<div class=\"td_block_wrap tdb_single_next_prev tdi_90 td-animation-stack td-next-prev-img-on td-pb-border-top td_block_template_1\" data-td-block-uid=\"tdi_90\">\n<div class=\"tdb-block-inner td-fix-index\">\n<div class=\"tdb-next-post tdb-next-post-bg tdb-post-prev\"><span>Articolul precedent<\/span><\/p>\n<div class=\"td-module-container\">\n<div class=\"td-image-container\"><a class=\"td-image-wrap\" href=\"https:\/\/voceatimisului.ro\/psd-timis-si-a-stabilit-candidatii-pentru-alegerile-parlamentare-din-1-decembrie\/\"><img loading=\"lazy\" decoding=\"async\" class=\"td-next-prev-image td-fix-index td-lazy-img\" title=\"PSD Timi\u0219 \u0219i-a stabilit candida\u021bii pentru alegerile parlamentare din 1 decembrie\" width=\"696\" height=\"413\" src=\"https:\/\/analyse.optim.biz\/wp-content\/uploads\/2026\/01\/grindeanu-la-psd-timis134-jpg-696x413-1.webp\"><\/a><\/div>\n<div class=\"next-prev-title\"><a href=\"https:\/\/voceatimisului.ro\/psd-timis-si-a-stabilit-candidatii-pentru-alegerile-parlamentare-din-1-decembrie\/\">PSD Timi\u0219 \u0219i-a stabilit candida\u021bii pentru alegerile parlamentare din 1 decembrie<\/a><\/div>\n<\/div>\n<\/div>\n<div class=\"tdb-next-post tdb-next-post-bg tdb-post-next\"><span>Articolul urm\u0103tor<\/span><\/p>\n<div class=\"td-module-container\">\n<div class=\"td-image-container\"><a class=\"td-image-wrap\" href=\"https:\/\/voceatimisului.ro\/maraton-caritabil-alergam-pentru-spitalul-clinic-de-urgenta-pentru-copii-louis-turcanu\/\"><img loading=\"lazy\" decoding=\"async\" class=\"td-next-prev-image td-fix-index td-lazy-img\" title=\"Maraton Caritabil \u2013 Alerg\u0103m pentru Spitalul Clinic de Urgen\u021b\u0103 pentru Copii Louis \u021aurcanu!\" width=\"696\" height=\"696\" src=\"https:\/\/analyse.optim.biz\/wp-content\/uploads\/2026\/01\/maraton-caritabil-696x696-1-1.jpg\"><\/a><\/div>\n<div class=\"next-prev-title\"><a href=\"https:\/\/voceatimisului.ro\/maraton-caritabil-alergam-pentru-spitalul-clinic-de-urgenta-pentru-copii-louis-turcanu\/\">Maraton Caritabil \u2013 Alerg\u0103m pentru Spitalul Clinic de Urgen\u021b\u0103 pentru Copii Louis \u021aurcanu!<\/a><\/div>\n<\/div>\n<\/div>\n<\/div>\n<\/div>\n<\/div>\n<\/div>\n<\/div>\n<\/div>\n<div class=\"vc_row_inner tdi_100  vc_row vc_inner wpb_row td-pb-row\">\n<div class=\"vc_column_inner tdi_102  wpb_column vc_column_container tdc-inner-column td-pb-span4 td-is-sticky\">\n<div class=\"vc_column-inner\">\n<div class=\"wpb_wrapper\" data-sticky-enabled-on=\"W3RydWUsdHJ1ZSx0cnVlLHRydWVd\" data-sticky-offset=\"20\" data-sticky-is-width-auto=\"W2ZhbHNlLGZhbHNlLGZhbHNlLGZhbHNlXQ==\">\n<div class=\"td_block_wrap tdb_single_related tdi_103 td_with_ajax_pagination td-pb-border-top td_block_template_1 tdb-single-related-posts\" data-td-block-uid=\"tdi_103\">\n<div id=\"tdi_103\" class=\"td_block_inner tdb-block-inner td-fix-index\">\n<div class=\"tdb_module_related td_module_wrap td-animation-stack td-meta-info-hide\">\n<div class=\"td-module-container td-category-pos-image\">\n<div class=\"td-module-meta-info\">\n<h3 class=\"entry-title td-module-title\"><a href=\"https:\/\/voceatimisului.ro\/madalin-dogaru-omul-usr-din-stpt-anchetat-de-ani-pentru-avere-nedeclarata-si-conflict-de-interese\/\" rel=\"bookmark\" title=\"M\u0103d\u0103lin Dogaru, omul USR din STPT, anchetat de ANI pentru avere nedeclarat\u0103 \u0219i conflict de interese\">M\u0103d\u0103lin Dogaru, omul USR din STPT, anchetat de ANI pentru avere nedeclarat\u0103 \u0219i conflict de interese<\/a><\/h3>\n<\/div>\n<\/div>\n<\/div>\n<div class=\"tdb_module_related td_module_wrap td-animation-stack td-meta-info-hide\">\n<div class=\"td-module-container td-category-pos-image\">\n<div class=\"td-module-meta-info\">\n<h3 class=\"entry-title td-module-title\"><a href=\"https:\/\/voceatimisului.ro\/scandal-la-stpt-vatmanii-acuza-taieri-de-1-200-lei-la-salariu-si-mesaje-sterse-de-conducere\/\" rel=\"bookmark\" title=\"Scandal la STPT: Vatmanii acuz\u0103 t\u0103ieri de 1.200 lei la salariu \u0219i mesaje \u0219terse de conducere\">Scandal la STPT: Vatmanii acuz\u0103 t\u0103ieri de 1.200 lei la salariu \u0219i mesaje \u0219terse de conducere<\/a><\/h3>\n<\/div>\n<\/div>\n<\/div>\n<div class=\"tdb_module_related td_module_wrap td-animation-stack td-meta-info-hide\">\n<div class=\"td-module-container td-category-pos-image\">\n<div class=\"td-module-meta-info\">\n<h3 class=\"entry-title td-module-title\"><a href=\"https:\/\/voceatimisului.ro\/chefurile-sefilor-de-la-stpt-peste-11-000-de-euro-pe-catering-in-timp-ce-angajatii-asteapta-mariri\/\" rel=\"bookmark\" title=\"Chefurile \u0219efilor de la STPT: peste 11.000 de euro pe catering, \u00een timp ce angaja\u021bii a\u0219teapt\u0103 m\u0103riri\">Chefurile \u0219efilor de la STPT: peste 11.000 de euro pe catering, \u00een timp ce angaja\u021bii a\u0219teapt\u0103 m\u0103riri<\/a><\/h3>\n<\/div>\n<\/div>\n<\/div>\n<\/div>\n<\/div>\n<\/div>\n<\/div>\n<\/div>\n<div class=\"vc_column_inner tdi_105  wpb_column vc_column_container tdc-inner-column td-pb-span8\">\n<div class=\"vc_column-inner\">\n<div class=\"wpb_wrapper\">\n<div class=\"td_block_wrap tdb_single_comments tdi_106 tdb-comm-layout2 td-pb-border-top td_block_template_2\" data-td-block-uid=\"tdi_106\">\n<div class=\"tdb-block-inner td-fix-index\">\n<div class=\"comments\" id=\"comments\">\n<div id=\"respond\" class=\"comment-respond\">\n<h3 id=\"reply-title\" class=\"comment-reply-title\">L\u0102SA\u021aI UN MESAJ <small><a rel=\"nofollow\" id=\"cancel-comment-reply-link\" href=\"https:\/\/voceatimisului.ro\/reluarea-circulatiei-tramvaielor-pe-bulevardul-stan-vidrighin-in-timisoara\/#respond\">Renun\u021ba\u021bi la r\u0103spuns<\/a><\/small><\/h3>\n<div class=\"comment-form-input-wrap td-form-comment\">\n<div class=\"td-warning-comment\">V\u0103 rug\u0103m s\u0103 introduce\u021bi comentariul dvs.!<\/div>\n<\/div>\n<div class=\"comment-form-input-wrap td-form-author\">\n<div class=\"td-warning-author\">Introduce\u021bi aici numele dvs.<\/div>\n<\/div>\n<div class=\"comment-form-input-wrap td-form-email\">\n<div class=\"td-warning-email-error\">A\u021bi introdus o adres\u0103 de e-mail incorect\u0103!<\/div>\n<div class=\"td-warning-email\">V\u0103 rug\u0103m s\u0103 introduce\u021bi adresa dvs. de e-mail aici<\/div>\n<\/div>\n<\/div>\n<\/div>\n<\/div>\n<\/div>\n<\/div>\n<\/div>\n<\/div>\n<\/div>\n<\/div>\n<\/div>\n<div class=\"vc_column tdi_108  wpb_column vc_column_container tdc-column td-pb-span4 td-is-sticky\">\n<div class=\"wpb_wrapper\" data-sticky-enabled-on=\"W3RydWUsdHJ1ZSx0cnVlLHRydWVd\" data-sticky-offset=\"20\" data-sticky-is-width-auto=\"W2ZhbHNlLGZhbHNlLGZhbHNlLGZhbHNlXQ==\">\n<div class=\"vc_row_inner tdi_110  vc_row vc_inner wpb_row td-pb-row\">\n<div class=\"vc_column_inner tdi_112  wpb_column vc_column_container tdc-inner-column td-pb-span12\">\n<div class=\"vc_column-inner\">\n<div class=\"wpb_wrapper\">\n<div class=\"td_block_wrap td_block_title tdi_113 td-pb-border-top td_block_template_11 td-fix-index\" data-td-block-uid=\"tdi_113\">\n<div class=\"td-block-title-wrap\">\n<h4 class=\"td-block-title\"><span class=\"td-pulldown-size\">ANUN\u021aURI \u0218I PUBLICITATE<\/span><\/h4>\n<\/div>\n<\/div>\n<\/div>\n<\/div>\n<\/div>\n<\/div>\n<div class=\"wpb_wrapper td_block_wrap vc_widget_sidebar tdi_115 \">\n<aside id=\"block-10\" class=\"td_block_template_1 widget block-10 widget_block widget_media_image\">\n<figure class=\"wp-block-image size-full\"><a href=\"https:\/\/adpghiroda.ro\/index.html\" target=\"_blank\" rel=\" noreferrer noopener\"><img decoding=\"async\" loading=\"lazy\" width=\"960\" height=\"960\" src=\"https:\/\/analyse.optim.biz\/wp-content\/uploads\/2026\/01\/adp-ghiroda2-167.jpg\" class=\"wp-image-171492\" title=\"adp-ghiroda2-167\"><\/a><\/figure>\n<\/aside>\n<aside id=\"block-11\" class=\"td_block_template_1 widget block-11 widget_block widget_media_image\">\n<figure class=\"wp-block-image size-full\"><a href=\"https:\/\/adpghiroda.ro\/index.html\" target=\"_blank\" rel=\" noreferrer noopener\"><img decoding=\"async\" loading=\"lazy\" width=\"960\" height=\"960\" src=\"https:\/\/analyse.optim.biz\/wp-content\/uploads\/2026\/01\/adp-ghiroda1-167.jpg\" class=\"wp-image-171491\" title=\"adp-ghiroda1-167\"><\/a><\/figure>\n<\/aside>\n<aside id=\"block-17\" class=\"td_block_template_1 widget block-17 widget_block widget_media_image\">\n<figure class=\"wp-block-image size-large is-resized\"><a href=\"https:\/\/verde.events\/\" target=\"_blank\" rel=\" noreferrer noopener\"><img decoding=\"async\" loading=\"lazy\" width=\"1024\" height=\"683\" src=\"https:\/\/analyse.optim.biz\/wp-content\/uploads\/2026\/01\/verde-events-24-1024x683-1-152.jpg\" alt=\"Verde Events\" class=\"wp-image-174395\" title=\"verde-events-24-1024x683-1-152\"><\/a><figcaption class=\"wp-element-caption\"><strong><em>O experien\u021b\u0103 unic\u0103 pentru orice tip de eveniment<\/em><\/strong><\/figcaption><\/figure>\n<\/aside>\n<\/div>\n<div class=\"td_block_wrap td_flex_block_1 tdi_121 td-pb-border-top td_block_template_1 td_ajax_preloading_preload td_flex_block\" data-td-block-uid=\"tdi_121\">\n<div id=\"tdi_121\" class=\"td_block_inner td-mc1-wrap\">\n<div class=\"td_module_flex td_module_flex_1 td_module_wrap td-animation-stack td-meta-info-hide td-cpt-post\">\n<div class=\"td-module-container td-category-pos-image\">\n<div class=\"td-module-meta-info\">\n<h3 class=\"entry-title td-module-title\"><a href=\"https:\/\/voceatimisului.ro\/stpt-itp-ul-pe-smen-dogaru-semneaza-si-ia-amenzi-fritz-si-latcau-ii-tin-spatele\/\" rel=\"bookmark\" title=\"STPT, ITP-ul pe \u0219men. Dogaru semneaz\u0103 \u0219i ia amenzi, Fritz \u0219i La\u021bc\u0103u \u00eei \u021bin spatele\">STPT, ITP-ul pe \u0219men. Dogaru semneaz\u0103 \u0219i ia amenzi, Fritz \u0219i La\u021bc\u0103u \u00eei \u021bin spatele<\/a><\/h3>\n<\/div>\n<\/div>\n<\/div>\n<div class=\"td_module_flex td_module_flex_1 td_module_wrap td-animation-stack td-meta-info-hide td-cpt-post\">\n<div class=\"td-module-container td-category-pos-image\">\n<div class=\"td-module-meta-info\">\n<h3 class=\"entry-title td-module-title\"><a href=\"https:\/\/voceatimisului.ro\/roata-care-putea-ucide-incidentul-de-sf-maria-ascuns-de-stpt-filmarea-ne-a-ajuns-pe-surse-de-la-un-userist-nemultumit\/\" rel=\"bookmark\" title=\"Roata care putea ucide. Incidentul de Sf. Maria, ascuns de STPT. Filmarea ne-a ajuns pe surse de la un userist nemul\u021bumit\">Roata care putea ucide. Incidentul de Sf. Maria, ascuns de STPT. Filmarea ne-a ajuns pe surse de la un userist nemul\u021bumit<\/a><\/h3>\n<\/div>\n<\/div>\n<\/div>\n<div class=\"td_module_flex td_module_flex_1 td_module_wrap td-animation-stack td-meta-info-hide td-cpt-post\">\n<div class=\"td-module-container td-category-pos-image\">\n<div class=\"td-module-meta-info\">\n<h3 class=\"entry-title td-module-title\"><a href=\"https:\/\/voceatimisului.ro\/ignea-incaseaza-petolea-recunoaste-2-330-lei-pe-luna-pentru-postari-ascunse-la-stpt\/\" rel=\"bookmark\" title=\"Flavius Sebastian Ignea \u00eencaseaz\u0103, Petolea recunoa\u0219te: 2.330 lei pe lun\u0103 pentru post\u0103ri ascunse la STPT\">Flavius Sebastian Ignea \u00eencaseaz\u0103, Petolea recunoa\u0219te: 2.330 lei pe lun\u0103 pentru post\u0103ri ascunse la STPT<\/a><\/h3>\n<\/div>\n<\/div>\n<\/div>\n<div class=\"td_module_flex td_module_flex_1 td_module_wrap td-animation-stack td-meta-info-hide td-cpt-post\">\n<div class=\"td-module-container td-category-pos-image\">\n<div class=\"td-module-meta-info\">\n<h3 class=\"entry-title td-module-title\"><a href=\"https:\/\/voceatimisului.ro\/transparenta-de-carton-stpt-fritz-si-latcau-servesc-timisoarei-un-concurs-ca-inainte-de-89\/\" rel=\"bookmark\" title=\"Transparen\u021b\u0103 de carton: STPT, Fritz \u0219i La\u021bc\u0103u servesc Timi\u0219oarei un concurs ca \u00eenainte de \u201989\">Transparen\u021b\u0103 de carton: STPT, Fritz \u0219i La\u021bc\u0103u servesc Timi\u0219oarei un concurs ca \u00eenainte de \u201989<\/a><\/h3>\n<\/div>\n<\/div>\n<\/div>\n<div class=\"td_module_flex td_module_flex_1 td_module_wrap td-animation-stack td-meta-info-hide td-cpt-post\">\n<div class=\"td-module-container td-category-pos-image\">\n<div class=\"td-module-meta-info\">\n<h3 class=\"entry-title td-module-title\"><a href=\"https:\/\/voceatimisului.ro\/stpt-si-fritz-vand-iluzii-digitale-8-milioane-de-euro-pentru-aplicatii-hartuiri-si-autobuze-trase-pe-dreapta-in-timisoara\/\" rel=\"bookmark\" title=\"STPT \u0219i Fritz v\u00e2nd iluzii digitale: 8 milioane de euro pentru aplica\u021bii, h\u0103r\u021buiri \u0219i autobuze trase pe dreapta \u00een Timi\u0219oara\">STPT \u0219i Fritz v\u00e2nd iluzii digitale: 8 milioane de euro pentru aplica\u021bii, h\u0103r\u021buiri \u0219i autobuze trase pe dreapta \u00een Timi\u0219oara<\/a><\/h3>\n<\/div>\n<\/div>\n<\/div>\n<\/div>\n<\/div>\n<\/div>\n<\/div>\n<\/div>\n<\/div>\n<\/div>\n<\/div>\n<p><span class=\"td-page-meta\"><\/span><span class=\"td-page-meta\"><span class=\"td-page-meta\"><\/span><\/span><span class=\"td-page-meta\"><\/span><\/article>\n<p> Source URL: https:\/\/voceatimisului.ro\/reluarea-circulatiei-tramvaielor-pe-bulevardul-stan-vidrighin-in-timisoara\/<\/p>\n","protected":false},"excerpt":{"rendered":"<p>\u0218tiriAdministra\u021bie Reluarea Circula\u021biei Tramvaielor pe Bulevardul Stan Vidrighin \u00een Timi\u0219oara Autor-Marta Stirbey 18 octombrie 2024 0 1357 Facebook Twitter Pinterest WhatsApp Linkedin Copy URL default Reforma lui Fritz, pe banii timi\u0219orenilor. Timi\u0219oara pl\u0103te\u0219te milioane \u0219i se uit\u0103 la autobuze care ard PLMSTF \u0219i reforma cu toporul. C\u00e2nd execu\u021bia nu mai iese la vot Firma care [&hellip;]<\/p>\n","protected":false},"author":1,"featured_media":1329498,"comment_status":"open","ping_status":"","sticky":false,"template":"","format":"standard","meta":{"footnotes":""},"categories":[89],"tags":[199],"class_list":["post-1329497","post","type-post","status-publish","format-standard","has-post-thumbnail","hentry","category-romania","tag-voceatimisului-ro"],"_links":{"self":[{"href":"https:\/\/analyse.optim.biz\/index.php?rest_route=\/wp\/v2\/posts\/1329497","targetHints":{"allow":["GET"]}}],"collection":[{"href":"https:\/\/analyse.optim.biz\/index.php?rest_route=\/wp\/v2\/posts"}],"about":[{"href":"https:\/\/analyse.optim.biz\/index.php?rest_route=\/wp\/v2\/types\/post"}],"author":[{"embeddable":true,"href":"https:\/\/analyse.optim.biz\/index.php?rest_route=\/wp\/v2\/users\/1"}],"replies":[{"embeddable":true,"href":"https:\/\/analyse.optim.biz\/index.php?rest_route=%2Fwp%2Fv2%2Fcomments&post=1329497"}],"version-history":[{"count":0,"href":"https:\/\/analyse.optim.biz\/index.php?rest_route=\/wp\/v2\/posts\/1329497\/revisions"}],"wp:featuredmedia":[{"embeddable":true,"href":"https:\/\/analyse.optim.biz\/index.php?rest_route=\/wp\/v2\/media\/1329498"}],"wp:attachment":[{"href":"https:\/\/analyse.optim.biz\/index.php?rest_route=%2Fwp%2Fv2%2Fmedia&parent=1329497"}],"wp:term":[{"taxonomy":"category","embeddable":true,"href":"https:\/\/analyse.optim.biz\/index.php?rest_route=%2Fwp%2Fv2%2Fcategories&post=1329497"},{"taxonomy":"post_tag","embeddable":true,"href":"https:\/\/analyse.optim.biz\/index.php?rest_route=%2Fwp%2Fv2%2Ftags&post=1329497"}],"curies":[{"name":"wp","href":"https:\/\/api.w.org\/{rel}","templated":true}]}}