{"id":1329488,"date":"2025-04-06T10:20:15","date_gmt":"2025-04-06T07:20:15","guid":{"rendered":"https:\/\/analyse.optim.biz\/?p=1329488"},"modified":"2025-04-06T10:20:15","modified_gmt":"2025-04-06T07:20:15","slug":"pedepsiti-pentru-ca-ingrijesc-bolnavi-primaria-timisoara-taie-sporurile-asistentilor-personali-fara-mila-si-fara-explicatii","status":"publish","type":"post","link":"https:\/\/analyse.optim.biz\/?p=1329488","title":{"rendered":"Pedepsi\u021bi pentru c\u0103 \u00eengrijesc bolnavi: Prim\u0103ria Timi\u0219oara taie sporurile asisten\u021bilor personali, f\u0103r\u0103 mil\u0103 \u0219i f\u0103r\u0103 explica\u021bii"},"content":{"rendered":"<article id=\"template-id-172790\" class=\"post-172790 tdb_templates type-tdb_templates status-publish post\">\n<div id=\"tdi_52\" class=\"tdc-zone\">\n<div class=\"tdc_zone tdi_53  wpb_row td-pb-row\">\n<div id=\"tdi_54\" class=\"tdc-row stretch_row_1400 td-stretch-content\">\n<div class=\"vc_row tdi_55  wpb_row td-pb-row tdc-element-style\">\n<div class=\"vc_column tdi_57  wpb_column vc_column_container tdc-column td-pb-span8\">\n<div class=\"wpb_wrapper\">\n<div class=\"td_block_wrap tdb_single_categories tdi_58 td-pb-border-top td_block_template_1 \" data-td-block-uid=\"tdi_58\">\n<div class=\"tdb-category td-fix-index\"><a class=\"tdb-entry-category\" href=\"https:\/\/voceatimisului.ro\/category\/stiri-din-timisoara-si-timis\/\">\u0218tiri<\/a><a class=\"tdb-entry-category\" href=\"https:\/\/voceatimisului.ro\/category\/vocea-strazii\/\">Vocea Str\u0103zii<\/a><\/div>\n<\/div>\n<div class=\"td_block_wrap tdb_title tdi_59 tdb-single-title td-pb-border-top td_block_template_1\" data-td-block-uid=\"tdi_59\">\n<div class=\"tdb-block-inner td-fix-index\">\n<h1 class=\"tdb-title-text\">Pedepsi\u021bi pentru c\u0103 \u00eengrijesc bolnavi: Prim\u0103ria Timi\u0219oara taie sporurile asisten\u021bilor personali, f\u0103r\u0103 mil\u0103 \u0219i f\u0103r\u0103 explica\u021bii<\/h1>\n<\/div>\n<\/div>\n<div class=\"vc_row_inner tdi_62  vc_row vc_inner wpb_row td-pb-row\">\n<div class=\"vc_column_inner tdi_64  wpb_column vc_column_container tdc-inner-column td-pb-span6\">\n<div class=\"vc_column-inner\">\n<div class=\"wpb_wrapper\">\n<div class=\"td_block_wrap tdb_single_author tdi_65 td-pb-border-top td_block_template_1 tdb-post-meta\" data-td-block-uid=\"tdi_65\">\n<div class=\"tdb-block-inner td-fix-index\">\n<div class=\"tdb-author-name-wrap\"><span class=\"tdb-author-by\">Autor-<\/span><a class=\"tdb-author-name\" href=\"https:\/\/voceatimisului.ro\/author\/redactia\/\">Redac\u021bia<\/a><\/div>\n<\/div>\n<\/div>\n<div class=\"td_block_wrap tdb_single_date tdi_66 td-pb-border-top td_block_template_1 tdb-post-meta\" data-td-block-uid=\"tdi_66\">\n<div class=\"tdb-block-inner td-fix-index\"><time class=\"entry-date updated td-module-date\" datetime=\"2025-04-06T13:20:15+03:00\">6 aprilie 2025<\/time><\/div>\n<\/div>\n<div class=\"td_block_wrap tdb_single_comments_count tdi_67 td-pb-border-top td_block_template_1 tdb-post-meta\" data-td-block-uid=\"tdi_67\">\n<div class=\"tdb-block-inner td-fix-index\"><a href=\"https:\/\/voceatimisului.ro\/pedepsiti-pentru-ca-ingrijesc-bolnavi-primaria-timisoara-taie-sporurile-asistentilor-personali-fara-mila-si-fara-explicatii\/#comments\"><span>2<\/span><\/a><\/div>\n<\/div>\n<div class=\"td_block_wrap tdb_single_post_views tdi_68 td-pb-border-top td_block_template_1 tdb-post-meta\" data-td-block-uid=\"tdi_68\">\n<div class=\"tdb-block-inner td-fix-index\"><span class=\"tdb-add-text\">1<\/span><span class=\"td-nr-views-171616\">1625<\/span><\/div>\n<\/div>\n<\/div>\n<\/div>\n<\/div>\n<div class=\"vc_column_inner tdi_70  wpb_column vc_column_container tdc-inner-column td-pb-span6\">\n<div class=\"vc_column-inner\">\n<div class=\"wpb_wrapper\">\n<div class=\"td_block_wrap tdb_single_post_share tdi_71  td-pb-border-top td_block_template_1\" data-td-block-uid=\"tdi_71\">\n<div id=\"tdi_71\" class=\"td-post-sharing tdb-block td-ps-bg td-ps-notext td-post-sharing-style1 \">\n<div class=\"td-post-sharing-visible\"><a class=\"td-social-sharing-button td-social-sharing-button-js td-social-network td-social-facebook\" href=\"https:\/\/www.facebook.com\/sharer.php?u=https%3A%2F%2Fvoceatimisului.ro%2Fpedepsiti-pentru-ca-ingrijesc-bolnavi-primaria-timisoara-taie-sporurile-asistentilor-personali-fara-mila-si-fara-explicatii%2F\" title=\"Facebook\" rel=\"noopener\"><\/p>\n<div class=\"td-social-but-text\">Facebook<\/div>\n<p><\/a><a class=\"td-social-sharing-button td-social-sharing-button-js td-social-network td-social-twitter\" href=\"https:\/\/twitter.com\/intent\/tweet?text=Pedepsi%C8%9Bi+pentru+c%C4%83+%C3%AEngrijesc+bolnavi%3A+Prim%C4%83ria+Timi%C8%99oara+taie+sporurile+asisten%C8%9Bilor+personali%2C+f%C4%83r%C4%83+mil%C4%83+%C8%99i+f%C4%83r%C4%83+explica%C8%9Bii&amp;url=https%3A%2F%2Fvoceatimisului.ro%2Fpedepsiti-pentru-ca-ingrijesc-bolnavi-primaria-timisoara-taie-sporurile-asistentilor-personali-fara-mila-si-fara-explicatii%2F&amp;via=Vocea+Timisului\" title=\"Twitter\" rel=\"noopener\"><\/p>\n<div class=\"td-social-but-text\">Twitter<\/div>\n<p><\/a><a class=\"td-social-sharing-button td-social-sharing-button-js td-social-network td-social-pinterest\" href=\"https:\/\/pinterest.com\/pin\/create\/button\/?url=https:\/\/voceatimisului.ro\/pedepsiti-pentru-ca-ingrijesc-bolnavi-primaria-timisoara-taie-sporurile-asistentilor-personali-fara-mila-si-fara-explicatii\/&amp;media=https:\/\/analyse.optim.biz\/wp-content\/uploads\/2026\/01\/dominic-fritz-scaled-1.jpg&amp;description=Pedepsi%C8%9Bi+pentru+c%C4%83+%C3%AEngrijesc+bolnavi%3A+Prim%C4%83ria+Timi%C8%99oara+taie+sporurile+asisten%C8%9Bilor+personali%2C+f%C4%83r%C4%83+mil%C4%83+%C8%99i+f%C4%83r%C4%83+explica%C8%9Bii\" title=\"Pinterest\" rel=\"noopener\"><\/p>\n<div class=\"td-social-but-text\">Pinterest<\/div>\n<p><\/a><a class=\"td-social-sharing-button td-social-sharing-button-js td-social-network td-social-whatsapp\" href=\"https:\/\/api.whatsapp.com\/send?text=Pedepsi%C8%9Bi+pentru+c%C4%83+%C3%AEngrijesc+bolnavi%3A+Prim%C4%83ria+Timi%C8%99oara+taie+sporurile+asisten%C8%9Bilor+personali%2C+f%C4%83r%C4%83+mil%C4%83+%C8%99i+f%C4%83r%C4%83+explica%C8%9Bii%20%0A%0A%20https:\/\/voceatimisului.ro\/pedepsiti-pentru-ca-ingrijesc-bolnavi-primaria-timisoara-taie-sporurile-asistentilor-personali-fara-mila-si-fara-explicatii\/\" title=\"WhatsApp\" rel=\"noopener\"><\/p>\n<div class=\"td-social-but-text\">WhatsApp<\/div>\n<p><\/a><a class=\"td-social-sharing-button td-social-sharing-button-js td-social-network td-social-linkedin\" href=\"https:\/\/www.linkedin.com\/shareArticle?mini=true&amp;url=https:\/\/voceatimisului.ro\/pedepsiti-pentru-ca-ingrijesc-bolnavi-primaria-timisoara-taie-sporurile-asistentilor-personali-fara-mila-si-fara-explicatii\/&amp;title=Pedepsi%C8%9Bi+pentru+c%C4%83+%C3%AEngrijesc+bolnavi%3A+Prim%C4%83ria+Timi%C8%99oara+taie+sporurile+asisten%C8%9Bilor+personali%2C+f%C4%83r%C4%83+mil%C4%83+%C8%99i+f%C4%83r%C4%83+explica%C8%9Bii\" title=\"Linkedin\" rel=\"noopener\"><\/p>\n<div class=\"td-social-but-text\">Linkedin<\/div>\n<p><\/a><a class=\"td-social-sharing-button td-social-sharing-button-js td-social-network td-social-copy_url\" href=\"https:\/\/voceatimisului.ro\/pedepsiti-pentru-ca-ingrijesc-bolnavi-primaria-timisoara-taie-sporurile-asistentilor-personali-fara-mila-si-fara-explicatii\/\" title=\"Copy URL\" rel=\"noopener\"><\/p>\n<div class=\"td-social-but-text\">Copy URL<\/div>\n<p><\/a><\/div>\n<\/div>\n<\/div>\n<\/div>\n<\/div>\n<\/div>\n<\/div>\n<div class=\"td_block_wrap tdb_single_featured_image tdi_72 tdb-content-horiz-left td-pb-border-top td_block_template_1\" data-td-block-uid=\"tdi_72\">\n<div class=\"tdb-block-inner td-fix-index\"><img loading=\"lazy\" decoding=\"async\" width=\"696\" height=\"463\" class=\"entry-thumb\" src=\"https:\/\/analyse.optim.biz\/wp-content\/uploads\/2026\/01\/dominic-fritz-696x463-1-1.jpg\" alt=\"a man in a suit speaking into a microphone\" title=\"Dominic Fritz\"><\/div>\n<\/div>\n<div class=\"vc_row_inner tdi_74  vc_row vc_inner wpb_row td-pb-row\">\n<div class=\"vc_column_inner tdi_76  wpb_column vc_column_container tdc-inner-column td-pb-span4 td-is-sticky\">\n<div class=\"vc_column-inner\">\n<div class=\"wpb_wrapper\" data-sticky-enabled-on=\"W3RydWUsdHJ1ZSx0cnVlLHRydWVd\" data-sticky-offset=\"20\" data-sticky-is-width-auto=\"W2ZhbHNlLGZhbHNlLGZhbHNlLGZhbHNlXQ==\">\n<div class=\"td_block_wrap td_flex_block_1 tdi_77 td-pb-border-top td_block_template_1 td_ajax_preloading_preload td_flex_block\" data-td-block-uid=\"tdi_77\">\n<div id=\"tdi_77\" class=\"td_block_inner td-mc1-wrap\">\n<div class=\"td_module_flex td_module_flex_1 td_module_wrap td-animation-stack td-meta-info-hide td-cpt-post\">\n<div class=\"td-module-container td-category-pos-image\">\n<div class=\"td-module-meta-info\">\n<h3 class=\"entry-title td-module-title\"><a href=\"https:\/\/voceatimisului.ro\/reforma-lui-fritz-pe-banii-timisorenilor-timisoara-plateste-milioane-si-se-uita-la-autobuze-care-ard\/\" rel=\"bookmark\" title=\"Reforma lui Fritz, pe banii timi\u0219orenilor. Timi\u0219oara pl\u0103te\u0219te milioane \u0219i se uit\u0103 la autobuze care ard\">Reforma lui Fritz, pe banii timi\u0219orenilor. Timi\u0219oara pl\u0103te\u0219te milioane \u0219i se uit\u0103 la autobuze care ard<\/a><\/h3>\n<\/div>\n<\/div>\n<\/div>\n<div class=\"td_module_flex td_module_flex_1 td_module_wrap td-animation-stack td-meta-info-hide td-cpt-post\">\n<div class=\"td-module-container td-category-pos-image\">\n<div class=\"td-module-meta-info\">\n<h3 class=\"entry-title td-module-title\"><a href=\"https:\/\/voceatimisului.ro\/administratia-usr-si-epurarea-incomozilor-i-as-aduna-pe-toti-intr-o-incapere-si-le-as-da-foc\/\" rel=\"bookmark\" title=\"Administra\u021bia USR \u0219i epurarea incomozilor. \u201eI-a\u0219 aduna pe to\u021bi \u00eentr-o \u00eenc\u0103pere \u0219i le-a\u0219 da foc.\u201d\">Administra\u021bia USR \u0219i epurarea incomozilor. \u201eI-a\u0219 aduna pe to\u021bi \u00eentr-o \u00eenc\u0103pere \u0219i le-a\u0219 da foc.\u201d<\/a><\/h3>\n<\/div>\n<\/div>\n<\/div>\n<div class=\"td_module_flex td_module_flex_1 td_module_wrap td-animation-stack td-meta-info-hide td-cpt-post\">\n<div class=\"td-module-container td-category-pos-image\">\n<div class=\"td-module-meta-info\">\n<h3 class=\"entry-title td-module-title\"><a href=\"https:\/\/voceatimisului.ro\/tramvaiul-nu-vine-dar-propaganda-circula-perfect\/\" rel=\"bookmark\" title=\"Tramvaiul nu vine, dar propaganda circul\u0103 perfect\">Tramvaiul nu vine, dar propaganda circul\u0103 perfect<\/a><\/h3>\n<\/div>\n<\/div>\n<\/div>\n<div class=\"td_module_flex td_module_flex_1 td_module_wrap td-animation-stack td-meta-info-hide td-cpt-post\">\n<div class=\"td-module-container td-category-pos-image\">\n<div class=\"td-module-meta-info\">\n<h3 class=\"entry-title td-module-title\"><a href=\"https:\/\/voceatimisului.ro\/transportul-public-din-timisoara-se-prabuseste-in-fiecare-zi-in-trafic-dar-in-birourile-primariei-totul-arata-perfect-si-european\/\" rel=\"bookmark\" title=\"Transportul public din Timi\u0219oara se pr\u0103bu\u0219e\u0219te \u00een fiecare zi \u00een trafic, dar \u00een birourile Prim\u0103riei totul arat\u0103 perfect \u0219i \u201ceuropean\u201d\">Transportul public din Timi\u0219oara se pr\u0103bu\u0219e\u0219te \u00een fiecare zi \u00een trafic, dar \u00een birourile Prim\u0103riei totul arat\u0103 perfect \u0219i \u201ceuropean\u201d<\/a><\/h3>\n<\/div>\n<\/div>\n<\/div>\n<\/div>\n<\/div>\n<div class=\"tdb-author-box td_block_wrap tdb_single_author_box tdi_82 tdb-content-vert-top td-pb-border-top td_block_template_1\" data-td-block-uid=\"tdi_82\">\n<div class=\"tdb-block-inner td-fix-index\">\n<div class=\"tdb-author-info\"><a href=\"https:\/\/voceatimisului.ro\/author\/redactia\/\" class=\"tdb-author-name\">Redac\u021bia<\/a><\/p>\n<div class=\"tdb-author-descr\">\u00centreaga responsabilitate a comentariilor l\u0103sate de dumneavoastr\u0103 v\u0103 apar\u021bine!<br \/>\nClick <a href=\"https:\/\/voceatimisului.ro\/termeni-si-conditii\/\">aici<\/a>-citeste condi\u0163iile de utilizare ale site-ului www.voceatimisului.ro<\/div>\n<\/div>\n<\/div>\n<\/div>\n<\/div>\n<\/div>\n<\/div>\n<div class=\"vc_column_inner tdi_84  wpb_column vc_column_container tdc-inner-column td-pb-span8\">\n<div class=\"vc_column-inner\">\n<div class=\"wpb_wrapper\">\n<div class=\"td_block_wrap tdb_single_content tdi_85 td-pb-border-top td_block_template_1 td-post-content tagdiv-type\" data-td-block-uid=\"tdi_85\">\n<div class=\"tdb-block-inner td-fix-index\">\n<h5 class=\"wp-block-heading\">Peste 300 de asisten\u021bi personali din Timi\u0219oara, oameni care \u00eengrijesc zilnic persoane cu handicap grav, sunt lovi\u021bi din plin de o decizie administrativ\u0103 rece \u0219i lipsit\u0103 de empatie: \u00eencep\u00e2nd cu 1 aprilie 2025, ace\u0219tia pierd sporul pentru condi\u021bii periculoase sau v\u0103t\u0103m\u0103toare.<\/h5>\n<p>Este o m\u0103sur\u0103 care le afecteaz\u0103 direct traiul \u0219i demnitatea, \u00eentr-un sistem care oricum \u00eei pl\u0103te\u0219te cu greu pentru munca grea \u0219i responsabil\u0103 pe care o fac.<\/p>\n<p>Decizia vine de la Direc\u021bia de Asisten\u021b\u0103 Social\u0103 a Municipiului Timi\u0219oara, prin Dispozi\u021bia nr. 466 din 31.03.2025. Documentul invoc\u0103 o decizie a \u00cenaltei Cur\u021bi de Casa\u021bie \u0219i Justi\u021bie, dar nu \u021bine cont de realitatea de zi cu zi a celor care \u00ee\u0219i sacrific\u0103 via\u021ba pentru a avea grij\u0103 de al\u021bii.<\/p>\n<p>T\u0103ierea se face f\u0103r\u0103 negocieri, f\u0103r\u0103 analiz\u0103 individual\u0103 \u0219i f\u0103r\u0103 mil\u0103.<\/p>\n<p><strong>Ipocrizie administrativ\u0103?<\/strong><\/p>\n<p>\u00cen timp ce Prim\u0103ria Timi\u0219oara le taie asisten\u021bilor personali din pu\u021binul pe care \u00eel primesc, primarul Dominic Fritz promova, \u00een urm\u0103 cu doar c\u00e2teva s\u0103pt\u0103m\u00e2ni, un proiect social pentru \u201epersoanele cu dizabilit\u0103\u021bi s\u0103 se poat\u0103 bucura de o via\u021b\u0103 demn\u0103 \u0219i pe c\u00e2t posibil independent\u0103\u201d.<\/p>\n<p>\u201eEste o procedur\u0103 \u00een premier\u0103 \u00een domeniul social \u0219i o dovad\u0103 c\u0103 administra\u021bia local\u0103 poate \u0219i trebuie s\u0103 creeze condi\u021bii reale de incluziune \u0219i sprijin\u201d, declara edilul \u00eentr-un comunicat publicat de <a href=\"https:\/\/buletindetimisoara.ro\/dominic-fritz-procedura-in-premiera-in-domeniul-social-destinata-persoanelor-cu-dizabilitati-sa-se-poata-bucura-de-o-viata-demna-si-pe-cat-posibil-independenta\/\" target=\"_blank\" rel=\"noreferrer noopener\">Buletin de Timi\u0219oara<\/a> \u00een 27 martie 2025.<\/p>\n<p>Cum se \u00eempac\u0103, \u00eens\u0103, \u201edemnitatea \u0219i sprijinul\u201d cu eliminarea unui drept c\u00e2\u0219tigat al celor care chiar au grij\u0103, zi de zi, de aceste persoane? R\u0103spunsul r\u0103m\u00e2ne, deocamdat\u0103, o dureroas\u0103 contradic\u021bie.<\/p>\n<p><strong>Ce pot face cei afecta\u021bi?<\/strong><\/p>\n<ol start=\"1\" class=\"wp-block-list\">\n<li><strong>Depunerea unei contesta\u021bii<\/strong><br \/>Asisten\u021bii pot contesta dispozi\u021bia \u00een termen de 30 de zile de la data comunic\u0103rii acesteia. Contesta\u021bia se depune la Direc\u021bia de Asisten\u021b\u0103 Social\u0103 a Municipiului Timi\u0219oara, \u00een baza Legii nr. 554\/2004 a contenciosului administrativ.<\/li>\n<li><strong>Ac\u021biune \u00een instan\u021b\u0103<\/strong><br \/>Cei afecta\u021bi pot ataca dispozi\u021bia \u00een instan\u021b\u0103 (Tribunalul Timi\u0219 \u2013 Sec\u021bia Contencios Administrativ), cer\u00e2nd suspendarea \u0219i anularea actului. Este recomandat\u0103 consultarea unui avocat sau ac\u021biuni colective printr-un sindicat.<\/li>\n<li><strong>Implicarea unui sindicat<\/strong><br \/>Dac\u0103 exist\u0103 sindicat \u00een cadrul institu\u021biei, acesta trebuie s\u0103 intervin\u0103. Dac\u0103 nu, este posibil\u0103 \u00eenfiin\u021barea unuia, cu cel pu\u021bin 15 membri. Sindicatul poate negocia colectiv \u0219i poate reprezenta membrii \u00een justi\u021bie.<\/li>\n<li><strong>Sesizarea Avocatului Poporului<\/strong><br \/>Se poate depune o sesizare pentru ap\u0103rarea dreptului la un trai decent, invoc\u00e2nd discriminarea sau afectarea unui drept social fundamental.<\/li>\n<li><strong>Campanie public\u0103<\/strong><br \/>O campanie \u00een pres\u0103 sau \u00een mediul online poate atrage aten\u021bia opiniei publice \u0219i a autorit\u0103\u021bilor locale.<\/li>\n<\/ol>\n<p><strong>T\u0103cerea nu este o op\u021biune<\/strong><\/p>\n<p>Dac\u0103 e\u0219ti asistent personal sau cuno\u0219ti pe cineva afectat, nu r\u0103m\u00e2ne indiferent. T\u0103ierea sporurilor f\u0103r\u0103 consultare \u0219i f\u0103r\u0103 analiz\u0103 individual\u0103 poate reprezenta un abuz administrativ, un precedent periculos \u0219i un act de nedreptate profund\u0103.<\/p>\n<p>Vocea Timi\u0219ului r\u0103m\u00e2ne al\u0103turi de voi \u0219i va urm\u0103ri \u00een continuare acest caz.<\/p>\n<figure class=\"wp-block-image size-large\"><img loading=\"lazy\" decoding=\"async\" width=\"768\" height=\"1024\" src=\"https:\/\/analyse.optim.biz\/wp-content\/uploads\/2026\/01\/pedepsiti-pentru-ca-ingrijesc-bolnavi-768x1024-1.jpg\" alt=\"Pedepsi\u021bi pentru c\u0103 \u00eengrijesc bolnavi: Prim\u0103ria Timi\u0219oara taie sporurile asisten\u021bilor personali, f\u0103r\u0103 mil\u0103 \u0219i f\u0103r\u0103 explica\u021bii\" class=\"wp-image-171617\" title=\"pedepsiti-pentru-ca-ingrijesc-bolnavi-768x1024-1\"><\/figure>\n<\/div>\n<\/div>\n<div class=\"td_block_wrap tdb_single_tags tdi_88 td-pb-border-top td_block_template_1\" data-td-block-uid=\"tdi_88\">\n<div class=\"tdb-block-inner td-fix-index\">\n<ul class=\"tdb-tags\">\n<li><span>Tags<\/span><\/li>\n<li><a href=\"https:\/\/voceatimisului.ro\/tag\/asistenti-personali\/\">asistenti personali<\/a><\/li>\n<li><a href=\"https:\/\/voceatimisului.ro\/tag\/dominic-fritz\/\">Dominic Fritz<\/a><\/li>\n<li><a href=\"https:\/\/voceatimisului.ro\/tag\/persoane-cu-dizabilitati\/\">persoane cu dizabilitati<\/a><\/li>\n<li><a href=\"https:\/\/voceatimisului.ro\/tag\/primaria-timisoara\/\">primaria timisoara<\/a><\/li>\n<\/ul>\n<\/div>\n<\/div>\n<div class=\"td_block_wrap tdb_single_post_share tdi_89  td-pb-border-top td_block_template_1\" data-td-block-uid=\"tdi_89\">\n<div id=\"tdi_89\" class=\"td-post-sharing tdb-block td-ps-bg td-ps-notext td-post-sharing-style1 \">\n<div class=\"td-post-sharing-visible\"><a class=\"td-social-sharing-button td-social-sharing-button-js td-social-network td-social-facebook\" href=\"https:\/\/www.facebook.com\/sharer.php?u=https%3A%2F%2Fvoceatimisului.ro%2Fpedepsiti-pentru-ca-ingrijesc-bolnavi-primaria-timisoara-taie-sporurile-asistentilor-personali-fara-mila-si-fara-explicatii%2F\" title=\"Facebook\" rel=\"noopener\"><\/p>\n<div class=\"td-social-but-text\">Facebook<\/div>\n<p><\/a><a class=\"td-social-sharing-button td-social-sharing-button-js td-social-network td-social-twitter\" href=\"https:\/\/twitter.com\/intent\/tweet?text=Pedepsi%C8%9Bi+pentru+c%C4%83+%C3%AEngrijesc+bolnavi%3A+Prim%C4%83ria+Timi%C8%99oara+taie+sporurile+asisten%C8%9Bilor+personali%2C+f%C4%83r%C4%83+mil%C4%83+%C8%99i+f%C4%83r%C4%83+explica%C8%9Bii&amp;url=https%3A%2F%2Fvoceatimisului.ro%2Fpedepsiti-pentru-ca-ingrijesc-bolnavi-primaria-timisoara-taie-sporurile-asistentilor-personali-fara-mila-si-fara-explicatii%2F&amp;via=Vocea+Timisului\" title=\"Twitter\" rel=\"noopener\"><\/p>\n<div class=\"td-social-but-text\">Twitter<\/div>\n<p><\/a><a class=\"td-social-sharing-button td-social-sharing-button-js td-social-network td-social-pinterest\" href=\"https:\/\/pinterest.com\/pin\/create\/button\/?url=https:\/\/voceatimisului.ro\/pedepsiti-pentru-ca-ingrijesc-bolnavi-primaria-timisoara-taie-sporurile-asistentilor-personali-fara-mila-si-fara-explicatii\/&amp;media=https:\/\/analyse.optim.biz\/wp-content\/uploads\/2026\/01\/dominic-fritz-scaled-1.jpg&amp;description=Pedepsi%C8%9Bi+pentru+c%C4%83+%C3%AEngrijesc+bolnavi%3A+Prim%C4%83ria+Timi%C8%99oara+taie+sporurile+asisten%C8%9Bilor+personali%2C+f%C4%83r%C4%83+mil%C4%83+%C8%99i+f%C4%83r%C4%83+explica%C8%9Bii\" title=\"Pinterest\" rel=\"noopener\"><\/p>\n<div class=\"td-social-but-text\">Pinterest<\/div>\n<p><\/a><a class=\"td-social-sharing-button td-social-sharing-button-js td-social-network td-social-whatsapp\" href=\"https:\/\/api.whatsapp.com\/send?text=Pedepsi%C8%9Bi+pentru+c%C4%83+%C3%AEngrijesc+bolnavi%3A+Prim%C4%83ria+Timi%C8%99oara+taie+sporurile+asisten%C8%9Bilor+personali%2C+f%C4%83r%C4%83+mil%C4%83+%C8%99i+f%C4%83r%C4%83+explica%C8%9Bii%20%0A%0A%20https:\/\/voceatimisului.ro\/pedepsiti-pentru-ca-ingrijesc-bolnavi-primaria-timisoara-taie-sporurile-asistentilor-personali-fara-mila-si-fara-explicatii\/\" title=\"WhatsApp\" rel=\"noopener\"><\/p>\n<div class=\"td-social-but-text\">WhatsApp<\/div>\n<p><\/a><a class=\"td-social-sharing-button td-social-sharing-button-js td-social-network td-social-linkedin\" href=\"https:\/\/www.linkedin.com\/shareArticle?mini=true&amp;url=https:\/\/voceatimisului.ro\/pedepsiti-pentru-ca-ingrijesc-bolnavi-primaria-timisoara-taie-sporurile-asistentilor-personali-fara-mila-si-fara-explicatii\/&amp;title=Pedepsi%C8%9Bi+pentru+c%C4%83+%C3%AEngrijesc+bolnavi%3A+Prim%C4%83ria+Timi%C8%99oara+taie+sporurile+asisten%C8%9Bilor+personali%2C+f%C4%83r%C4%83+mil%C4%83+%C8%99i+f%C4%83r%C4%83+explica%C8%9Bii\" title=\"Linkedin\" rel=\"noopener\"><\/p>\n<div class=\"td-social-but-text\">Linkedin<\/div>\n<p><\/a><a class=\"td-social-sharing-button td-social-sharing-button-js td-social-network td-social-copy_url\" href=\"https:\/\/voceatimisului.ro\/pedepsiti-pentru-ca-ingrijesc-bolnavi-primaria-timisoara-taie-sporurile-asistentilor-personali-fara-mila-si-fara-explicatii\/\" title=\"Copy URL\" rel=\"noopener\"><\/p>\n<div class=\"td-social-but-text\">Copy URL<\/div>\n<p><\/a><\/div>\n<\/div>\n<\/div>\n<div class=\"td_block_wrap tdb_single_next_prev tdi_90 td-animation-stack td-next-prev-img-on td-pb-border-top td_block_template_1\" data-td-block-uid=\"tdi_90\">\n<div class=\"tdb-block-inner td-fix-index\">\n<div class=\"tdb-next-post tdb-next-post-bg tdb-post-prev\"><span>Articolul precedent<\/span><\/p>\n<div class=\"td-module-container\">\n<div class=\"td-image-container\"><a class=\"td-image-wrap\" href=\"https:\/\/voceatimisului.ro\/casa-de-sticla-si-orasul-de-hartie-prioritatile-absurde-ale-administratiei-fritz\/\"><img loading=\"lazy\" decoding=\"async\" class=\"td-next-prev-image td-fix-index td-lazy-img\" title=\"Casa de Sticl\u0103 \u0219i Ora\u0219ul de H\u00e2rtie: Priorit\u0103\u021bile absurde ale administra\u021biei Fritz\" width=\"696\" height=\"696\" src=\"https:\/\/analyse.optim.biz\/wp-content\/uploads\/2026\/01\/casa-de-sticla-si-orasul-de-hartie3-696x696-1-1.jpg\"><\/a><\/div>\n<div class=\"next-prev-title\"><a href=\"https:\/\/voceatimisului.ro\/casa-de-sticla-si-orasul-de-hartie-prioritatile-absurde-ale-administratiei-fritz\/\">Casa de Sticl\u0103 \u0219i Ora\u0219ul de H\u00e2rtie: Priorit\u0103\u021bile absurde ale administra\u021biei Fritz<\/a><\/div>\n<\/div>\n<\/div>\n<div class=\"tdb-next-post tdb-next-post-bg tdb-post-next\"><span>Articolul urm\u0103tor<\/span><\/p>\n<div class=\"td-module-container\">\n<div class=\"td-image-container\"><a class=\"td-image-wrap\" href=\"https:\/\/voceatimisului.ro\/trei-oferte-pentru-centrul-medical-de-recuperare-de-la-lovrin-investitie-de-peste-8-milioane-de-euro-cu-sprijin-european\/\"><img loading=\"lazy\" decoding=\"async\" class=\"td-next-prev-image td-fix-index td-lazy-img\" title=\"Trei oferte pentru centrul medical de recuperare de la Lovrin. Investi\u021bie de peste 8 milioane de euro, cu sprijin european\" width=\"696\" height=\"419\" src=\"https:\/\/analyse.optim.biz\/wp-content\/uploads\/2026\/01\/centrului-de-recuperare-medicala-ortopedie-si-traumatologie6-696x419-1-1.jpg\"><\/a><\/div>\n<div class=\"next-prev-title\"><a href=\"https:\/\/voceatimisului.ro\/trei-oferte-pentru-centrul-medical-de-recuperare-de-la-lovrin-investitie-de-peste-8-milioane-de-euro-cu-sprijin-european\/\">Trei oferte pentru centrul medical de recuperare de la Lovrin. Investi\u021bie de peste 8 milioane de euro, cu sprijin european<\/a><\/div>\n<\/div>\n<\/div>\n<\/div>\n<\/div>\n<\/div>\n<\/div>\n<\/div>\n<\/div>\n<div class=\"vc_row_inner tdi_100  vc_row vc_inner wpb_row td-pb-row\">\n<div class=\"vc_column_inner tdi_102  wpb_column vc_column_container tdc-inner-column td-pb-span4 td-is-sticky\">\n<div class=\"vc_column-inner\">\n<div class=\"wpb_wrapper\" data-sticky-enabled-on=\"W3RydWUsdHJ1ZSx0cnVlLHRydWVd\" data-sticky-offset=\"20\" data-sticky-is-width-auto=\"W2ZhbHNlLGZhbHNlLGZhbHNlLGZhbHNlXQ==\">\n<div class=\"td_block_wrap tdb_single_related tdi_103 td_with_ajax_pagination td-pb-border-top td_block_template_1 tdb-single-related-posts\" data-td-block-uid=\"tdi_103\">\n<div id=\"tdi_103\" class=\"td_block_inner tdb-block-inner td-fix-index\">\n<div class=\"tdb_module_related td_module_wrap td-animation-stack td-meta-info-hide\">\n<div class=\"td-module-container td-category-pos-image\">\n<div class=\"td-module-meta-info\">\n<h3 class=\"entry-title td-module-title\"><a href=\"https:\/\/voceatimisului.ro\/retim-a-plecat-din-timisoara-sub-nasul-consiliului-local\/\" rel=\"bookmark\" title=\"RETIM a plecat din Timi\u0219oara sub nasul Consiliului Local\">RETIM a plecat din Timi\u0219oara sub nasul Consiliului Local<\/a><\/h3>\n<\/div>\n<\/div>\n<\/div>\n<div class=\"tdb_module_related td_module_wrap td-animation-stack td-meta-info-hide\">\n<div class=\"td-module-container td-category-pos-image\">\n<div class=\"td-module-meta-info\">\n<h3 class=\"entry-title td-module-title\"><a href=\"https:\/\/voceatimisului.ro\/cum-a-ajuns-firma-lui-gabriel-almajan-sa-primeasca-doua-autorizatii-pe-acelasi-teren-fara-pud\/\" rel=\"bookmark\" title=\"Cum a ajuns firma lui Gabriel Alm\u0103jan s\u0103 primeasc\u0103 dou\u0103 autoriza\u021bii pe acela\u0219i teren, f\u0103r\u0103 PUD\">Cum a ajuns firma lui Gabriel Alm\u0103jan s\u0103 primeasc\u0103 dou\u0103 autoriza\u021bii pe acela\u0219i teren, f\u0103r\u0103 PUD<\/a><\/h3>\n<\/div>\n<\/div>\n<\/div>\n<div class=\"tdb_module_related td_module_wrap td-animation-stack td-meta-info-hide\">\n<div class=\"td-module-container td-category-pos-image\">\n<div class=\"td-module-meta-info\">\n<h3 class=\"entry-title td-module-title\"><a href=\"https:\/\/voceatimisului.ro\/retim-si-a-mutat-sediul-in-oradea-timisoara-pierde-taxe-administratia-fritz-tace\/\" rel=\"bookmark\" title=\"RETIM \u0219i-a mutat sediul \u00een Oradea. Timi\u0219oara pierde taxe, administra\u021bia Fritz tace\">RETIM \u0219i-a mutat sediul \u00een Oradea. Timi\u0219oara pierde taxe, administra\u021bia Fritz tace<\/a><\/h3>\n<\/div>\n<\/div>\n<\/div>\n<\/div>\n<\/div>\n<\/div>\n<\/div>\n<\/div>\n<div class=\"vc_column_inner tdi_105  wpb_column vc_column_container tdc-inner-column td-pb-span8\">\n<div class=\"vc_column-inner\">\n<div class=\"wpb_wrapper\">\n<div class=\"td_block_wrap tdb_single_comments tdi_106 tdb-comm-layout2 td-pb-border-top td_block_template_2\" data-td-block-uid=\"tdi_106\">\n<div class=\"tdb-block-inner td-fix-index\">\n<div class=\"comments\" id=\"comments\">\n<div class=\"td-comments-title-wrap td_block_template_2\">\n<h4 class=\"td-comments-title td-block-title\"><span>2 COMENTARII<\/span><\/h4>\n<\/div>\n<ol class=\"comment-list\">\n<li class=\"comment \" id=\"comment-29156\">\n<article>\n<footer><cite>V\u00eelvoi Adela<\/cite><a class=\"comment-link\" href=\"https:\/\/voceatimisului.ro\/pedepsiti-pentru-ca-ingrijesc-bolnavi-primaria-timisoara-taie-sporurile-asistentilor-personali-fara-mila-si-fara-explicatii\/#comment-29156\"><time><br \/>\n\t\t\t\t\t\t    6 aprilie 2025\t\t\t\t\t\t    La\t\t\t\t\t\t    6:43 PM<\/time><\/a><\/footer>\n<div class=\"comment-content\">\n<p>Bun\u0103 ziua, sunt asistent personal \u00een Timi\u0219oara \u0219i tocmai am discutat cu un asistent  personal din jud Mehedin\u021bi, ei  nu am primit o astfel de decizie. Hot\u0103r\u00e2rea Judec\u0103toreasc\u0103 este valabil\u0103 doar pentru anumite jude\u021be? Ce fel de legi sunt acestea?<\/p>\n<\/div>\n<div class=\"comment-meta\" id=\"comment-29156\"><a rel=\"nofollow\" class=\"comment-reply-link\" href=\"https:\/\/voceatimisului.ro\/pedepsiti-pentru-ca-ingrijesc-bolnavi-primaria-timisoara-taie-sporurile-asistentilor-personali-fara-mila-si-fara-explicatii\/#comment-29156\" data-commentid=\"29156\" data-postid=\"171616\" data-belowelement=\"comment-29156\" data-respondelement=\"respond\" data-replyto=\"R\u0103spunde-i lui V\u00eelvoi Adela\" aria-label=\"R\u0103spunde-i lui V\u00eelvoi Adela\">R\u0103spunde\u021bi<\/a><\/div>\n<\/article>\n<\/li>\n<li class=\"comment \" id=\"comment-29155\">\n<article>\n<footer><cite>Laura<\/cite><a class=\"comment-link\" href=\"https:\/\/voceatimisului.ro\/pedepsiti-pentru-ca-ingrijesc-bolnavi-primaria-timisoara-taie-sporurile-asistentilor-personali-fara-mila-si-fara-explicatii\/#comment-29155\"><time><br \/>\n\t\t\t\t\t\t    6 aprilie 2025\t\t\t\t\t\t    La\t\t\t\t\t\t    3:55 PM<\/time><\/a><\/footer>\n<div class=\"comment-content\">\n<p>Din pacate nu \u0219tiu cum po\u021bi lupta cu acest sistem. Degeaba am f\u0103cut contesta\u021bie. Acest spor se acorda \u00een urma efectu\u0103rii unui buletin metodorologic\/expertiza( dac\u0103 nu gre\u0219esc denumirea), care a expirat si nu se mai reinoieste pt asisten\u021bii personali. \u00cen schimb,pt angaja\u021bii dgsap,care se ocupa de monitorizarea cazurilor, vor primi de luna aceasta \u00eenc\u0103 800 ron pt,,deplasari\u201d.<\/p>\n<\/div>\n<div class=\"comment-meta\" id=\"comment-29155\"><a rel=\"nofollow\" class=\"comment-reply-link\" href=\"https:\/\/voceatimisului.ro\/pedepsiti-pentru-ca-ingrijesc-bolnavi-primaria-timisoara-taie-sporurile-asistentilor-personali-fara-mila-si-fara-explicatii\/#comment-29155\" data-commentid=\"29155\" data-postid=\"171616\" data-belowelement=\"comment-29155\" data-respondelement=\"respond\" data-replyto=\"R\u0103spunde-i lui Laura\" aria-label=\"R\u0103spunde-i lui Laura\">R\u0103spunde\u021bi<\/a><\/div>\n<\/article>\n<\/li>\n<\/ol>\n<div id=\"respond\" class=\"comment-respond\">\n<h3 id=\"reply-title\" class=\"comment-reply-title\">L\u0102SA\u021aI UN MESAJ <small><a rel=\"nofollow\" id=\"cancel-comment-reply-link\" href=\"https:\/\/voceatimisului.ro\/pedepsiti-pentru-ca-ingrijesc-bolnavi-primaria-timisoara-taie-sporurile-asistentilor-personali-fara-mila-si-fara-explicatii\/#respond\">Renun\u021ba\u021bi la r\u0103spuns<\/a><\/small><\/h3>\n<div class=\"comment-form-input-wrap td-form-comment\">\n<div class=\"td-warning-comment\">V\u0103 rug\u0103m s\u0103 introduce\u021bi comentariul dvs.!<\/div>\n<\/div>\n<div class=\"comment-form-input-wrap td-form-author\">\n<div class=\"td-warning-author\">Introduce\u021bi aici numele dvs.<\/div>\n<\/div>\n<div class=\"comment-form-input-wrap td-form-email\">\n<div class=\"td-warning-email-error\">A\u021bi introdus o adres\u0103 de e-mail incorect\u0103!<\/div>\n<div class=\"td-warning-email\">V\u0103 rug\u0103m s\u0103 introduce\u021bi adresa dvs. de e-mail aici<\/div>\n<\/div>\n<\/div>\n<\/div>\n<\/div>\n<\/div>\n<\/div>\n<\/div>\n<\/div>\n<\/div>\n<\/div>\n<\/div>\n<div class=\"vc_column tdi_108  wpb_column vc_column_container tdc-column td-pb-span4 td-is-sticky\">\n<div class=\"wpb_wrapper\" data-sticky-enabled-on=\"W3RydWUsdHJ1ZSx0cnVlLHRydWVd\" data-sticky-offset=\"20\" data-sticky-is-width-auto=\"W2ZhbHNlLGZhbHNlLGZhbHNlLGZhbHNlXQ==\">\n<div class=\"vc_row_inner tdi_110  vc_row vc_inner wpb_row td-pb-row\">\n<div class=\"vc_column_inner tdi_112  wpb_column vc_column_container tdc-inner-column td-pb-span12\">\n<div class=\"vc_column-inner\">\n<div class=\"wpb_wrapper\">\n<div class=\"td_block_wrap td_block_title tdi_113 td-pb-border-top td_block_template_11 td-fix-index\" data-td-block-uid=\"tdi_113\">\n<div class=\"td-block-title-wrap\">\n<h4 class=\"td-block-title\"><span class=\"td-pulldown-size\">ANUN\u021aURI \u0218I PUBLICITATE<\/span><\/h4>\n<\/div>\n<\/div>\n<\/div>\n<\/div>\n<\/div>\n<\/div>\n<div class=\"wpb_wrapper td_block_wrap vc_widget_sidebar tdi_115 \">\n<aside id=\"block-10\" class=\"td_block_template_1 widget block-10 widget_block widget_media_image\">\n<figure class=\"wp-block-image size-full\"><a href=\"https:\/\/adpghiroda.ro\/index.html\" target=\"_blank\" rel=\" noreferrer noopener\"><img decoding=\"async\" loading=\"lazy\" width=\"960\" height=\"960\" src=\"https:\/\/analyse.optim.biz\/wp-content\/uploads\/2026\/01\/adp-ghiroda2-166.jpg\" class=\"wp-image-171492\" title=\"adp-ghiroda2-166\"><\/a><\/figure>\n<\/aside>\n<aside id=\"block-11\" class=\"td_block_template_1 widget block-11 widget_block widget_media_image\">\n<figure class=\"wp-block-image size-full\"><a href=\"https:\/\/adpghiroda.ro\/index.html\" target=\"_blank\" rel=\" noreferrer noopener\"><img decoding=\"async\" loading=\"lazy\" width=\"960\" height=\"960\" src=\"https:\/\/analyse.optim.biz\/wp-content\/uploads\/2026\/01\/adp-ghiroda1-166.jpg\" class=\"wp-image-171491\" title=\"adp-ghiroda1-166\"><\/a><\/figure>\n<\/aside>\n<aside id=\"block-17\" class=\"td_block_template_1 widget block-17 widget_block widget_media_image\">\n<figure class=\"wp-block-image size-large is-resized\"><a href=\"https:\/\/verde.events\/\" target=\"_blank\" rel=\" noreferrer noopener\"><img decoding=\"async\" loading=\"lazy\" width=\"1024\" height=\"683\" src=\"https:\/\/analyse.optim.biz\/wp-content\/uploads\/2026\/01\/verde-events-24-1024x683-1-151.jpg\" alt=\"Verde Events\" class=\"wp-image-174395\" title=\"verde-events-24-1024x683-1-151\"><\/a><figcaption class=\"wp-element-caption\"><strong><em>O experien\u021b\u0103 unic\u0103 pentru orice tip de eveniment<\/em><\/strong><\/figcaption><\/figure>\n<\/aside>\n<\/div>\n<div class=\"td_block_wrap td_flex_block_1 tdi_121 td-pb-border-top td_block_template_1 td_ajax_preloading_preload td_flex_block\" data-td-block-uid=\"tdi_121\">\n<div id=\"tdi_121\" class=\"td_block_inner td-mc1-wrap\">\n<div class=\"td_module_flex td_module_flex_1 td_module_wrap td-animation-stack td-meta-info-hide td-cpt-post\">\n<div class=\"td-module-container td-category-pos-image\">\n<div class=\"td-module-meta-info\">\n<h3 class=\"entry-title td-module-title\"><a href=\"https:\/\/voceatimisului.ro\/fritz-ignora-legea-ministerul-muncii-confirma-incetarea-functiei-lui-pokker-in-ziua-pensionarii\/\" rel=\"bookmark\" title=\"Fritz ignor\u0103 legea. Ministerul Muncii confirm\u0103 \u00eencetarea func\u021biei lui Pokker \u00een ziua pension\u0103rii\">Fritz ignor\u0103 legea. Ministerul Muncii confirm\u0103 \u00eencetarea func\u021biei lui Pokker \u00een ziua pension\u0103rii<\/a><\/h3>\n<\/div>\n<\/div>\n<\/div>\n<div class=\"td_module_flex td_module_flex_1 td_module_wrap td-animation-stack td-meta-info-hide td-cpt-post\">\n<div class=\"td-module-container td-category-pos-image\">\n<div class=\"td-module-meta-info\">\n<h3 class=\"entry-title td-module-title\"><a href=\"https:\/\/voceatimisului.ro\/licitatia-de-e-ticketing-a-primariei-timisoara-trimisa-la-rescris-de-cnsc-documentatie-profund-viciata-si-semne-de-intrebare-privind-expertiza-din-spatele-proiectului\/\" rel=\"bookmark\" title=\"Licita\u021bia de e-ticketing a Prim\u0103riei Timi\u0219oara, trimis\u0103 la rescris de CNSC. Documenta\u021bie \u201eprofund viciat\u0103\u201d \u0219i semne de \u00eentrebare privind expertiza din spatele proiectului\">Licita\u021bia de e-ticketing a Prim\u0103riei Timi\u0219oara, trimis\u0103 la rescris de CNSC. Documenta\u021bie \u201eprofund viciat\u0103\u201d \u0219i semne de \u00eentrebare privind expertiza din spatele proiectului<\/a><\/h3>\n<\/div>\n<\/div>\n<\/div>\n<div class=\"td_module_flex td_module_flex_1 td_module_wrap td-animation-stack td-meta-info-hide td-cpt-post\">\n<div class=\"td-module-container td-category-pos-image\">\n<div class=\"td-module-meta-info\">\n<h3 class=\"entry-title td-module-title\"><a href=\"https:\/\/voceatimisului.ro\/dominic-fritz-si-pensionarii-de-lux-ai-legalitatii\/\" rel=\"bookmark\" title=\"Dominic Fritz \u0219i pensionarii de lux ai legalit\u0103\u021bii\">Dominic Fritz \u0219i pensionarii de lux ai legalit\u0103\u021bii<\/a><\/h3>\n<\/div>\n<\/div>\n<\/div>\n<div class=\"td_module_flex td_module_flex_1 td_module_wrap td-animation-stack td-meta-info-hide td-cpt-post\">\n<div class=\"td-module-container td-category-pos-image\">\n<div class=\"td-module-meta-info\">\n<h3 class=\"entry-title td-module-title\"><a href=\"https:\/\/voceatimisului.ro\/demolari-fara-drept-si-functionari-executati-administratia-fritz-tot-mai-aproape-de-comunismul-birocratic\/\" rel=\"bookmark\" title=\"Demol\u0103ri f\u0103r\u0103 drept \u0219i func\u021bionari executa\u021bi: administra\u021bia Fritz, tot mai aproape de comunismul birocratic\">Demol\u0103ri f\u0103r\u0103 drept \u0219i func\u021bionari executa\u021bi: administra\u021bia Fritz, tot mai aproape de comunismul birocratic<\/a><\/h3>\n<\/div>\n<\/div>\n<\/div>\n<div class=\"td_module_flex td_module_flex_1 td_module_wrap td-animation-stack td-meta-info-hide td-cpt-post\">\n<div class=\"td-module-container td-category-pos-image\">\n<div class=\"td-module-meta-info\">\n<h3 class=\"entry-title td-module-title\"><a href=\"https:\/\/voceatimisului.ro\/buldozerul-administratiei-fritz-loveste-din-nou-viceprimarul-romocean-i-a-executat-administrativ-pe-cei-doi-functionari-care-au-refuzat-sa-mai-participe-la-demolarile-abuzive\/\" rel=\"bookmark\" title=\"Buldozerul administra\u021biei Fritz love\u0219te din nou. Viceprimarul Romocean i-a executat administrativ pe cei doi func\u021bionari care au refuzat s\u0103 mai participe la demol\u0103rile abuzive\">Buldozerul administra\u021biei Fritz love\u0219te din nou. Viceprimarul Romocean i-a executat administrativ pe cei doi func\u021bionari care au refuzat s\u0103 mai participe la demol\u0103rile abuzive<\/a><\/h3>\n<\/div>\n<\/div>\n<\/div>\n<\/div>\n<\/div>\n<\/div>\n<\/div>\n<\/div>\n<\/div>\n<\/div>\n<\/div>\n<p><span class=\"td-page-meta\"><\/span><span class=\"td-page-meta\"><span class=\"td-page-meta\"><\/span><\/span><span class=\"td-page-meta\"><\/span><\/article>\n<p> Source URL: https:\/\/voceatimisului.ro\/pedepsiti-pentru-ca-ingrijesc-bolnavi-primaria-timisoara-taie-sporurile-asistentilor-personali-fara-mila-si-fara-explicatii\/<\/p>\n","protected":false},"excerpt":{"rendered":"<p>\u0218tiriVocea Str\u0103zii Pedepsi\u021bi pentru c\u0103 \u00eengrijesc bolnavi: Prim\u0103ria Timi\u0219oara taie sporurile asisten\u021bilor personali, f\u0103r\u0103 mil\u0103 \u0219i f\u0103r\u0103 explica\u021bii Autor-Redac\u021bia 6 aprilie 2025 2 11625 Facebook Twitter Pinterest WhatsApp Linkedin Copy URL Reforma lui Fritz, pe banii timi\u0219orenilor. Timi\u0219oara pl\u0103te\u0219te milioane \u0219i se uit\u0103 la autobuze care ard Administra\u021bia USR \u0219i epurarea incomozilor. \u201eI-a\u0219 aduna pe [&hellip;]<\/p>\n","protected":false},"author":1,"featured_media":1329489,"comment_status":"open","ping_status":"","sticky":false,"template":"","format":"standard","meta":{"footnotes":""},"categories":[89],"tags":[199],"class_list":["post-1329488","post","type-post","status-publish","format-standard","has-post-thumbnail","hentry","category-romania","tag-voceatimisului-ro"],"_links":{"self":[{"href":"https:\/\/analyse.optim.biz\/index.php?rest_route=\/wp\/v2\/posts\/1329488","targetHints":{"allow":["GET"]}}],"collection":[{"href":"https:\/\/analyse.optim.biz\/index.php?rest_route=\/wp\/v2\/posts"}],"about":[{"href":"https:\/\/analyse.optim.biz\/index.php?rest_route=\/wp\/v2\/types\/post"}],"author":[{"embeddable":true,"href":"https:\/\/analyse.optim.biz\/index.php?rest_route=\/wp\/v2\/users\/1"}],"replies":[{"embeddable":true,"href":"https:\/\/analyse.optim.biz\/index.php?rest_route=%2Fwp%2Fv2%2Fcomments&post=1329488"}],"version-history":[{"count":0,"href":"https:\/\/analyse.optim.biz\/index.php?rest_route=\/wp\/v2\/posts\/1329488\/revisions"}],"wp:featuredmedia":[{"embeddable":true,"href":"https:\/\/analyse.optim.biz\/index.php?rest_route=\/wp\/v2\/media\/1329489"}],"wp:attachment":[{"href":"https:\/\/analyse.optim.biz\/index.php?rest_route=%2Fwp%2Fv2%2Fmedia&parent=1329488"}],"wp:term":[{"taxonomy":"category","embeddable":true,"href":"https:\/\/analyse.optim.biz\/index.php?rest_route=%2Fwp%2Fv2%2Fcategories&post=1329488"},{"taxonomy":"post_tag","embeddable":true,"href":"https:\/\/analyse.optim.biz\/index.php?rest_route=%2Fwp%2Fv2%2Ftags&post=1329488"}],"curies":[{"name":"wp","href":"https:\/\/api.w.org\/{rel}","templated":true}]}}