{"id":1329480,"date":"2025-05-30T12:22:49","date_gmt":"2025-05-30T09:22:49","guid":{"rendered":"https:\/\/analyse.optim.biz\/?p=1329480"},"modified":"2025-05-30T12:22:49","modified_gmt":"2025-05-30T09:22:49","slug":"final-de-proiect-scoala-generala-nr-25-din-timisoara-are-o-sala-de-sport-noua","status":"publish","type":"post","link":"https:\/\/analyse.optim.biz\/?p=1329480","title":{"rendered":"Final de proiect: \u0218coala General\u0103 nr. 25 din Timi\u0219oara are o sal\u0103 de sport nou\u0103"},"content":{"rendered":"<article id=\"template-id-172790\" class=\"post-172790 tdb_templates type-tdb_templates status-publish post\">\n<div id=\"tdi_52\" class=\"tdc-zone\">\n<div class=\"tdc_zone tdi_53  wpb_row td-pb-row\">\n<div id=\"tdi_54\" class=\"tdc-row stretch_row_1400 td-stretch-content\">\n<div class=\"vc_row tdi_55  wpb_row td-pb-row tdc-element-style\">\n<div class=\"vc_column tdi_57  wpb_column vc_column_container tdc-column td-pb-span8\">\n<div class=\"wpb_wrapper\">\n<div class=\"td_block_wrap tdb_single_categories tdi_58 td-pb-border-top td_block_template_1 \" data-td-block-uid=\"tdi_58\">\n<div class=\"tdb-category td-fix-index\"><a class=\"tdb-entry-category\" href=\"https:\/\/voceatimisului.ro\/category\/stiri-din-timisoara-si-timis\/\">\u0218tiri<\/a><a class=\"tdb-entry-category\" href=\"https:\/\/voceatimisului.ro\/category\/stiri-din-timisoara-si-timis\/administratie\/\">Administra\u021bie<\/a><\/div>\n<\/div>\n<div class=\"td_block_wrap tdb_title tdi_59 tdb-single-title td-pb-border-top td_block_template_1\" data-td-block-uid=\"tdi_59\">\n<div class=\"tdb-block-inner td-fix-index\">\n<h1 class=\"tdb-title-text\">Final de proiect: \u0218coala General\u0103 nr. 25 din Timi\u0219oara are o sal\u0103 de sport nou\u0103<\/h1>\n<\/div>\n<\/div>\n<div class=\"vc_row_inner tdi_62  vc_row vc_inner wpb_row td-pb-row\">\n<div class=\"vc_column_inner tdi_64  wpb_column vc_column_container tdc-inner-column td-pb-span6\">\n<div class=\"vc_column-inner\">\n<div class=\"wpb_wrapper\">\n<div class=\"td_block_wrap tdb_single_author tdi_65 td-pb-border-top td_block_template_1 tdb-post-meta\" data-td-block-uid=\"tdi_65\">\n<div class=\"tdb-block-inner td-fix-index\">\n<div class=\"tdb-author-name-wrap\"><span class=\"tdb-author-by\">Autor-<\/span><a class=\"tdb-author-name\" href=\"https:\/\/voceatimisului.ro\/author\/cataadmin\/\">Radu Constantin<\/a><\/div>\n<\/div>\n<\/div>\n<div class=\"td_block_wrap tdb_single_date tdi_66 td-pb-border-top td_block_template_1 tdb-post-meta\" data-td-block-uid=\"tdi_66\">\n<div class=\"tdb-block-inner td-fix-index\"><time class=\"entry-date updated td-module-date\" datetime=\"2025-05-30T15:22:49+03:00\">30 mai 2025<\/time><\/div>\n<\/div>\n<div class=\"td_block_wrap tdb_single_comments_count tdi_67 td-pb-border-top td_block_template_1 tdb-post-meta\" data-td-block-uid=\"tdi_67\">\n<div class=\"tdb-block-inner td-fix-index\"><a href=\"https:\/\/voceatimisului.ro\/final-de-proiect-scoala-generala-nr-25-din-timisoara-are-o-sala-de-sport-noua\/#respond\"><span>0<\/span><\/a><\/div>\n<\/div>\n<div class=\"td_block_wrap tdb_single_post_views tdi_68 td-pb-border-top td_block_template_1 tdb-post-meta\" data-td-block-uid=\"tdi_68\">\n<div class=\"tdb-block-inner td-fix-index\"><span class=\"tdb-add-text\">1<\/span><span class=\"td-nr-views-172460\">355<\/span><\/div>\n<\/div>\n<\/div>\n<\/div>\n<\/div>\n<div class=\"vc_column_inner tdi_70  wpb_column vc_column_container tdc-inner-column td-pb-span6\">\n<div class=\"vc_column-inner\">\n<div class=\"wpb_wrapper\">\n<div class=\"td_block_wrap tdb_single_post_share tdi_71  td-pb-border-top td_block_template_1\" data-td-block-uid=\"tdi_71\">\n<div id=\"tdi_71\" class=\"td-post-sharing tdb-block td-ps-bg td-ps-notext td-post-sharing-style1 \">\n<div class=\"td-post-sharing-visible\"><a class=\"td-social-sharing-button td-social-sharing-button-js td-social-network td-social-facebook\" href=\"https:\/\/www.facebook.com\/sharer.php?u=https%3A%2F%2Fvoceatimisului.ro%2Ffinal-de-proiect-scoala-generala-nr-25-din-timisoara-are-o-sala-de-sport-noua%2F\" title=\"Facebook\" rel=\"noopener\"><\/p>\n<div class=\"td-social-but-text\">Facebook<\/div>\n<p><\/a><a class=\"td-social-sharing-button td-social-sharing-button-js td-social-network td-social-twitter\" href=\"https:\/\/twitter.com\/intent\/tweet?text=Final+de+proiect%3A+%C8%98coala+General%C4%83+nr.+25+din+Timi%C8%99oara+are+o+sal%C4%83+de+sport+nou%C4%83&amp;url=https%3A%2F%2Fvoceatimisului.ro%2Ffinal-de-proiect-scoala-generala-nr-25-din-timisoara-are-o-sala-de-sport-noua%2F&amp;via=Vocea+Timisului\" title=\"Twitter\" rel=\"noopener\"><\/p>\n<div class=\"td-social-but-text\">Twitter<\/div>\n<p><\/a><a class=\"td-social-sharing-button td-social-sharing-button-js td-social-network td-social-pinterest\" href=\"https:\/\/pinterest.com\/pin\/create\/button\/?url=https:\/\/voceatimisului.ro\/final-de-proiect-scoala-generala-nr-25-din-timisoara-are-o-sala-de-sport-noua\/&amp;media=https:\/\/analyse.optim.biz\/wp-content\/uploads\/2026\/01\/scoala-generala-nr-25.jpg&amp;description=Final+de+proiect%3A+%C8%98coala+General%C4%83+nr.+25+din+Timi%C8%99oara+are+o+sal%C4%83+de+sport+nou%C4%83\" title=\"Pinterest\" rel=\"noopener\"><\/p>\n<div class=\"td-social-but-text\">Pinterest<\/div>\n<p><\/a><a class=\"td-social-sharing-button td-social-sharing-button-js td-social-network td-social-whatsapp\" href=\"https:\/\/api.whatsapp.com\/send?text=Final+de+proiect%3A+%C8%98coala+General%C4%83+nr.+25+din+Timi%C8%99oara+are+o+sal%C4%83+de+sport+nou%C4%83%20%0A%0A%20https:\/\/voceatimisului.ro\/final-de-proiect-scoala-generala-nr-25-din-timisoara-are-o-sala-de-sport-noua\/\" title=\"WhatsApp\" rel=\"noopener\"><\/p>\n<div class=\"td-social-but-text\">WhatsApp<\/div>\n<p><\/a><a class=\"td-social-sharing-button td-social-sharing-button-js td-social-network td-social-linkedin\" href=\"https:\/\/www.linkedin.com\/shareArticle?mini=true&amp;url=https:\/\/voceatimisului.ro\/final-de-proiect-scoala-generala-nr-25-din-timisoara-are-o-sala-de-sport-noua\/&amp;title=Final+de+proiect%3A+%C8%98coala+General%C4%83+nr.+25+din+Timi%C8%99oara+are+o+sal%C4%83+de+sport+nou%C4%83\" title=\"Linkedin\" rel=\"noopener\"><\/p>\n<div class=\"td-social-but-text\">Linkedin<\/div>\n<p><\/a><a class=\"td-social-sharing-button td-social-sharing-button-js td-social-network td-social-copy_url\" href=\"https:\/\/voceatimisului.ro\/final-de-proiect-scoala-generala-nr-25-din-timisoara-are-o-sala-de-sport-noua\/\" title=\"Copy URL\" rel=\"noopener\"><\/p>\n<div class=\"td-social-but-text\">Copy URL<\/div>\n<p><\/a><\/div>\n<\/div>\n<\/div>\n<\/div>\n<\/div>\n<\/div>\n<\/div>\n<div class=\"td_block_wrap tdb_single_featured_image tdi_72 tdb-content-horiz-left td-pb-border-top td_block_template_1\" data-td-block-uid=\"tdi_72\">\n<div class=\"tdb-block-inner td-fix-index\">\n<figure><img loading=\"lazy\" decoding=\"async\" width=\"696\" height=\"464\" class=\"entry-thumb\" src=\"https:\/\/analyse.optim.biz\/wp-content\/uploads\/2026\/01\/scoala-generala-nr-25-696x464-1.jpg\" title=\"\u0218coala General\u0103 nr. 25\"><figcaption class=\"tdb-caption-text\">Final de proiect: \u0218coala General\u0103 nr. 25 din Timi\u0219oara are o sal\u0103 de sport nou\u0103<\/figcaption><\/figure>\n<\/div>\n<\/div>\n<div class=\"vc_row_inner tdi_74  vc_row vc_inner wpb_row td-pb-row\">\n<div class=\"vc_column_inner tdi_76  wpb_column vc_column_container tdc-inner-column td-pb-span4 td-is-sticky\">\n<div class=\"vc_column-inner\">\n<div class=\"wpb_wrapper\" data-sticky-enabled-on=\"W3RydWUsdHJ1ZSx0cnVlLHRydWVd\" data-sticky-offset=\"20\" data-sticky-is-width-auto=\"W2ZhbHNlLGZhbHNlLGZhbHNlLGZhbHNlXQ==\">\n<div class=\"td_block_wrap td_flex_block_1 tdi_77 td-pb-border-top td_block_template_1 td_ajax_preloading_preload td_flex_block\" data-td-block-uid=\"tdi_77\">\n<div id=\"tdi_77\" class=\"td_block_inner td-mc1-wrap\">\n<div class=\"td_module_flex td_module_flex_1 td_module_wrap td-animation-stack td-meta-info-hide td-cpt-post\">\n<div class=\"td-module-container td-category-pos-image\">\n<div class=\"td-module-meta-info\">\n<h3 class=\"entry-title td-module-title\"><a href=\"https:\/\/voceatimisului.ro\/90-de-milioane-de-euro-pentru-modernizarea-drumului-judetean-684\/\" rel=\"bookmark\" title=\"90 de milioane de euro pentru modernizarea Drumului Jude\u021bean 684\">90 de milioane de euro pentru modernizarea Drumului Jude\u021bean 684<\/a><\/h3>\n<\/div>\n<\/div>\n<\/div>\n<div class=\"td_module_flex td_module_flex_1 td_module_wrap td-animation-stack td-meta-info-hide td-cpt-post\">\n<div class=\"td-module-container td-category-pos-image\">\n<div class=\"td-module-meta-info\">\n<h3 class=\"entry-title td-module-title\"><a href=\"https:\/\/voceatimisului.ro\/alfred-simonis-22-de-milioane-de-lei-pentru-finalizarea-salii-polivalente-din-timisoara-parteneriat-cu-politehnica-si-primaria\/\" rel=\"bookmark\" title=\"Alfred Simonis: 22 de milioane de lei pentru finalizarea s\u0103lii polivalente din Timi\u0219oara. Parteneriat cu Politehnica \u0219i Prim\u0103ria\">Alfred Simonis: 22 de milioane de lei pentru finalizarea s\u0103lii polivalente din Timi\u0219oara. Parteneriat cu Politehnica \u0219i Prim\u0103ria<\/a><\/h3>\n<\/div>\n<\/div>\n<\/div>\n<div class=\"td_module_flex td_module_flex_1 td_module_wrap td-animation-stack td-meta-info-hide td-cpt-post\">\n<div class=\"td-module-container td-category-pos-image\">\n<div class=\"td-module-meta-info\">\n<h3 class=\"entry-title td-module-title\"><a href=\"https:\/\/voceatimisului.ro\/primaria-timisoara-campioana-la-ipocrizie-ambrozia-le-creste-sub-nas-dar-dau-somatii-la-cetateni\/\" rel=\"bookmark\" title=\"Prim\u0103ria Timi\u0219oara, campioan\u0103 la ipocrizie: ambrozia le cre\u0219te sub nas, dar dau soma\u021bii la cet\u0103\u021beni\">Prim\u0103ria Timi\u0219oara, campioan\u0103 la ipocrizie: ambrozia le cre\u0219te sub nas, dar dau soma\u021bii la cet\u0103\u021beni<\/a><\/h3>\n<\/div>\n<\/div>\n<\/div>\n<div class=\"td_module_flex td_module_flex_1 td_module_wrap td-animation-stack td-meta-info-hide td-cpt-post\">\n<div class=\"td-module-container td-category-pos-image\">\n<div class=\"td-module-meta-info\">\n<h3 class=\"entry-title td-module-title\"><a href=\"https:\/\/voceatimisului.ro\/timisoara-creste-pe-hartie-dar-se-sufoca-in-realitate\/\" rel=\"bookmark\" title=\"Timi\u0219oara cre\u0219te pe h\u00e2rtie, dar se sufoc\u0103 \u00een realitate\">Timi\u0219oara cre\u0219te pe h\u00e2rtie, dar se sufoc\u0103 \u00een realitate<\/a><\/h3>\n<\/div>\n<\/div>\n<\/div>\n<\/div>\n<\/div>\n<div class=\"tdb-author-box td_block_wrap tdb_single_author_box tdi_82 tdb-content-vert-top td-pb-border-top td_block_template_1\" data-td-block-uid=\"tdi_82\">\n<div class=\"tdb-block-inner td-fix-index\">\n<div class=\"tdb-author-info\"><a href=\"https:\/\/voceatimisului.ro\/author\/cataadmin\/\" class=\"tdb-author-name\">Radu Constantin<\/a><a href=\"http:\/\/www.voceatimisului.ro\" rel=\"nofollow\" class=\"tdb-author-url\">http:\/\/www.voceatimisului.ro<\/a><\/p>\n<div class=\"tdb-author-descr\">\u00centreaga responsabilitate a comentariilor l\u0103sate de dumneavoastr\u0103 v\u0103 apar\u021bine!<br \/>\nClick <a href=\"https:\/\/voceatimisului.ro\/termeni-si-conditii\/\">aici<\/a>-citeste condi\u0163iile de utilizare ale site-ului www.voceatimisului.ro<\/div>\n<\/div>\n<\/div>\n<\/div>\n<\/div>\n<\/div>\n<\/div>\n<div class=\"vc_column_inner tdi_84  wpb_column vc_column_container tdc-inner-column td-pb-span8\">\n<div class=\"vc_column-inner\">\n<div class=\"wpb_wrapper\">\n<div class=\"td_block_wrap tdb_single_content tdi_85 td-pb-border-top td_block_template_1 td-post-content tagdiv-type\" data-td-block-uid=\"tdi_85\">\n<div class=\"tdb-block-inner td-fix-index\">\n<h5 class=\"wp-block-heading\">Prim\u0103ria Municipiului Timi\u0219oara anun\u021b\u0103 finalizarea lucr\u0103rilor de construire a unei s\u0103li de sport moderne la \u0218coala General\u0103 nr. 25. Proiectul, intitulat \u201eConstruire sal\u0103 de sport la \u0218coala General\u0103 nr. 25 din Timi\u0219oara\u201d, cod SMIS 122504, a fost cofinan\u021bat din fonduri europene prin Programul Opera\u021bional Regional 2014\u20132020.<\/h5>\n<p>Valoarea total\u0103 a investi\u021biei a fost de 11.513.406 lei (TVA inclus), din care 7.260.272,25 lei au reprezentat contribu\u021bia Fondului European de Dezvoltare Regional\u0103. Proiectul a fost implementat \u00een perioada 21 iulie 2020 \u2013 31 mai 2025.<\/p>\n<p>Obiectivul principal al proiectului a fost cre\u0219terea gradului de participare la \u00eenv\u0103\u021b\u0103m\u00e2ntul obligatoriu \u0219i reducerea riscului de abandon \u0219colar prin modernizarea infrastructurii educa\u021bionale. Noua sal\u0103 de sport contribuie la \u00eembun\u0103t\u0103\u021birea condi\u021biilor de confort, siguran\u021b\u0103 \u0219i accesibilitate pentru elevi \u0219i cadre didactice.<\/p>\n<p>Num\u0103rul elevilor care beneficiaz\u0103 de aceast\u0103 infrastructur\u0103 a crescut de la 752 la 1.000. Proiectul contribuie, de asemenea, la promovarea sportului \u00een r\u00e2ndul tinerilor \u0219i la extinderea capacit\u0103\u021bii unit\u0103\u021bii \u0219colare.<\/p>\n<p>Investi\u021bia face parte din Axa prioritar\u0103 10 \u2013 \u00cembun\u0103t\u0103\u021birea infrastructurii educa\u021bionale, Obiectiv Specific 10.1 \u2013 Cre\u0219terea gradului de participare la educa\u021bia timpurie \u0219i \u00eenv\u0103\u021b\u0103m\u00e2ntul obligatoriu.<\/p>\n<div data-wp-interactive=\"core\/file\" class=\"wp-block-file\"><a id=\"wp-block-file--media-293305ee-6cc4-49f6-bcde-5dd1880fd9a2\" href=\"https:\/\/voceatimisului.ro\/wp-content\/uploads\/2025\/05\/anunt-de-presa-finalizare-proiect-122504-1.pdf\">anunt de presa finalizare proiect 122504 (1)<\/a><a href=\"https:\/\/voceatimisului.ro\/wp-content\/uploads\/2025\/05\/anunt-de-presa-finalizare-proiect-122504-1.pdf\" class=\"wp-block-file__button wp-element-button\" download aria-describedby=\"wp-block-file--media-293305ee-6cc4-49f6-bcde-5dd1880fd9a2\">Descarc\u0103<\/a><\/div>\n<\/div>\n<\/div>\n<div class=\"td_block_wrap tdb_single_tags tdi_88 td-pb-border-top td_block_template_1\" data-td-block-uid=\"tdi_88\">\n<div class=\"tdb-block-inner td-fix-index\">\n<ul class=\"tdb-tags\">\n<li><span>Tags<\/span><\/li>\n<li><a href=\"https:\/\/voceatimisului.ro\/tag\/adr-vest\/\">adr vest<\/a><\/li>\n<li><a href=\"https:\/\/voceatimisului.ro\/tag\/primaria-timisoara\/\">primaria timisoara<\/a><\/li>\n<li><a href=\"https:\/\/voceatimisului.ro\/tag\/sala-de-sport\/\">sala de sport<\/a><\/li>\n<li><a href=\"https:\/\/voceatimisului.ro\/tag\/scoala-generala-nr-25\/\">\u0218coala General\u0103 nr. 25<\/a><\/li>\n<\/ul>\n<\/div>\n<\/div>\n<div class=\"td_block_wrap tdb_single_post_share tdi_89  td-pb-border-top td_block_template_1\" data-td-block-uid=\"tdi_89\">\n<div id=\"tdi_89\" class=\"td-post-sharing tdb-block td-ps-bg td-ps-notext td-post-sharing-style1 \">\n<div class=\"td-post-sharing-visible\"><a class=\"td-social-sharing-button td-social-sharing-button-js td-social-network td-social-facebook\" href=\"https:\/\/www.facebook.com\/sharer.php?u=https%3A%2F%2Fvoceatimisului.ro%2Ffinal-de-proiect-scoala-generala-nr-25-din-timisoara-are-o-sala-de-sport-noua%2F\" title=\"Facebook\" rel=\"noopener\"><\/p>\n<div class=\"td-social-but-text\">Facebook<\/div>\n<p><\/a><a class=\"td-social-sharing-button td-social-sharing-button-js td-social-network td-social-twitter\" href=\"https:\/\/twitter.com\/intent\/tweet?text=Final+de+proiect%3A+%C8%98coala+General%C4%83+nr.+25+din+Timi%C8%99oara+are+o+sal%C4%83+de+sport+nou%C4%83&amp;url=https%3A%2F%2Fvoceatimisului.ro%2Ffinal-de-proiect-scoala-generala-nr-25-din-timisoara-are-o-sala-de-sport-noua%2F&amp;via=Vocea+Timisului\" title=\"Twitter\" rel=\"noopener\"><\/p>\n<div class=\"td-social-but-text\">Twitter<\/div>\n<p><\/a><a class=\"td-social-sharing-button td-social-sharing-button-js td-social-network td-social-pinterest\" href=\"https:\/\/pinterest.com\/pin\/create\/button\/?url=https:\/\/voceatimisului.ro\/final-de-proiect-scoala-generala-nr-25-din-timisoara-are-o-sala-de-sport-noua\/&amp;media=https:\/\/analyse.optim.biz\/wp-content\/uploads\/2026\/01\/scoala-generala-nr-25.jpg&amp;description=Final+de+proiect%3A+%C8%98coala+General%C4%83+nr.+25+din+Timi%C8%99oara+are+o+sal%C4%83+de+sport+nou%C4%83\" title=\"Pinterest\" rel=\"noopener\"><\/p>\n<div class=\"td-social-but-text\">Pinterest<\/div>\n<p><\/a><a class=\"td-social-sharing-button td-social-sharing-button-js td-social-network td-social-whatsapp\" href=\"https:\/\/api.whatsapp.com\/send?text=Final+de+proiect%3A+%C8%98coala+General%C4%83+nr.+25+din+Timi%C8%99oara+are+o+sal%C4%83+de+sport+nou%C4%83%20%0A%0A%20https:\/\/voceatimisului.ro\/final-de-proiect-scoala-generala-nr-25-din-timisoara-are-o-sala-de-sport-noua\/\" title=\"WhatsApp\" rel=\"noopener\"><\/p>\n<div class=\"td-social-but-text\">WhatsApp<\/div>\n<p><\/a><a class=\"td-social-sharing-button td-social-sharing-button-js td-social-network td-social-linkedin\" href=\"https:\/\/www.linkedin.com\/shareArticle?mini=true&amp;url=https:\/\/voceatimisului.ro\/final-de-proiect-scoala-generala-nr-25-din-timisoara-are-o-sala-de-sport-noua\/&amp;title=Final+de+proiect%3A+%C8%98coala+General%C4%83+nr.+25+din+Timi%C8%99oara+are+o+sal%C4%83+de+sport+nou%C4%83\" title=\"Linkedin\" rel=\"noopener\"><\/p>\n<div class=\"td-social-but-text\">Linkedin<\/div>\n<p><\/a><a class=\"td-social-sharing-button td-social-sharing-button-js td-social-network td-social-copy_url\" href=\"https:\/\/voceatimisului.ro\/final-de-proiect-scoala-generala-nr-25-din-timisoara-are-o-sala-de-sport-noua\/\" title=\"Copy URL\" rel=\"noopener\"><\/p>\n<div class=\"td-social-but-text\">Copy URL<\/div>\n<p><\/a><\/div>\n<\/div>\n<\/div>\n<div class=\"td_block_wrap tdb_single_next_prev tdi_90 td-animation-stack td-next-prev-img-on td-pb-border-top td_block_template_1\" data-td-block-uid=\"tdi_90\">\n<div class=\"tdb-block-inner td-fix-index\">\n<div class=\"tdb-next-post tdb-next-post-bg tdb-post-prev\"><span>Articolul precedent<\/span><\/p>\n<div class=\"td-module-container\">\n<div class=\"td-image-container\"><a class=\"td-image-wrap\" href=\"https:\/\/voceatimisului.ro\/un-nou-punct-rutier-de-trecere-a-frontierei-dedicat-transportului-greu-va-fi-construit-la-cenad\/\"><img loading=\"lazy\" decoding=\"async\" class=\"td-next-prev-image td-fix-index td-lazy-img\" title=\"Un nou punct rutier de trecere a frontierei, dedicat transportului greu, va fi construit la Cenad\" width=\"696\" height=\"464\" src=\"https:\/\/analyse.optim.biz\/wp-content\/uploads\/2026\/01\/alfred-simonis-2-696x464-1-3.jpg\"><\/a><\/div>\n<div class=\"next-prev-title\"><a href=\"https:\/\/voceatimisului.ro\/un-nou-punct-rutier-de-trecere-a-frontierei-dedicat-transportului-greu-va-fi-construit-la-cenad\/\">Un nou punct rutier de trecere a frontierei, dedicat transportului greu, va fi construit la Cenad<\/a><\/div>\n<\/div>\n<\/div>\n<div class=\"tdb-next-post tdb-next-post-bg tdb-post-next\"><span>Articolul urm\u0103tor<\/span><\/p>\n<div class=\"td-module-container\">\n<div class=\"td-image-container\"><a class=\"td-image-wrap\" href=\"https:\/\/voceatimisului.ro\/primaria-timisoara-campioana-la-ipocrizie-ambrozia-le-creste-sub-nas-dar-dau-somatii-la-cetateni\/\"><img loading=\"lazy\" decoding=\"async\" class=\"td-next-prev-image td-fix-index td-lazy-img\" title=\"Prim\u0103ria Timi\u0219oara, campioan\u0103 la ipocrizie: ambrozia le cre\u0219te sub nas, dar dau soma\u021bii la cet\u0103\u021beni\" width=\"696\" height=\"522\" src=\"https:\/\/analyse.optim.biz\/wp-content\/uploads\/2026\/01\/primaria-timisoara-campioana-la-ipocrizie-696x522-1.jpg\"><\/a><\/div>\n<div class=\"next-prev-title\"><a href=\"https:\/\/voceatimisului.ro\/primaria-timisoara-campioana-la-ipocrizie-ambrozia-le-creste-sub-nas-dar-dau-somatii-la-cetateni\/\">Prim\u0103ria Timi\u0219oara, campioan\u0103 la ipocrizie: ambrozia le cre\u0219te sub nas, dar dau soma\u021bii la cet\u0103\u021beni<\/a><\/div>\n<\/div>\n<\/div>\n<\/div>\n<\/div>\n<\/div>\n<\/div>\n<\/div>\n<\/div>\n<div class=\"vc_row_inner tdi_100  vc_row vc_inner wpb_row td-pb-row\">\n<div class=\"vc_column_inner tdi_102  wpb_column vc_column_container tdc-inner-column td-pb-span4 td-is-sticky\">\n<div class=\"vc_column-inner\">\n<div class=\"wpb_wrapper\" data-sticky-enabled-on=\"W3RydWUsdHJ1ZSx0cnVlLHRydWVd\" data-sticky-offset=\"20\" data-sticky-is-width-auto=\"W2ZhbHNlLGZhbHNlLGZhbHNlLGZhbHNlXQ==\">\n<div class=\"td_block_wrap tdb_single_related tdi_103 td_with_ajax_pagination td-pb-border-top td_block_template_1 tdb-single-related-posts\" data-td-block-uid=\"tdi_103\">\n<div id=\"tdi_103\" class=\"td_block_inner tdb-block-inner td-fix-index\">\n<div class=\"tdb_module_related td_module_wrap td-animation-stack td-meta-info-hide\">\n<div class=\"td-module-container td-category-pos-image\">\n<div class=\"td-module-meta-info\">\n<h3 class=\"entry-title td-module-title\"><a href=\"https:\/\/voceatimisului.ro\/pedepsiti-pentru-ca-ingrijesc-bolnavi-primaria-timisoara-taie-sporurile-asistentilor-personali-fara-mila-si-fara-explicatii\/\" rel=\"bookmark\" title=\"Pedepsi\u021bi pentru c\u0103 \u00eengrijesc bolnavi: Prim\u0103ria Timi\u0219oara taie sporurile asisten\u021bilor personali, f\u0103r\u0103 mil\u0103 \u0219i f\u0103r\u0103 explica\u021bii\">Pedepsi\u021bi pentru c\u0103 \u00eengrijesc bolnavi: Prim\u0103ria Timi\u0219oara taie sporurile asisten\u021bilor personali, f\u0103r\u0103 mil\u0103 \u0219i f\u0103r\u0103 explica\u021bii<\/a><\/h3>\n<\/div>\n<\/div>\n<\/div>\n<div class=\"tdb_module_related td_module_wrap td-animation-stack td-meta-info-hide\">\n<div class=\"td-module-container td-category-pos-image\">\n<div class=\"td-module-meta-info\">\n<h3 class=\"entry-title td-module-title\"><a href=\"https:\/\/voceatimisului.ro\/maraton-caritabil-alergam-pentru-spitalul-clinic-de-urgenta-pentru-copii-louis-turcanu\/\" rel=\"bookmark\" title=\"Maraton Caritabil \u2013 Alerg\u0103m pentru Spitalul Clinic de Urgen\u021b\u0103 pentru Copii Louis \u021aurcanu!\">Maraton Caritabil \u2013 Alerg\u0103m pentru Spitalul Clinic de Urgen\u021b\u0103 pentru Copii Louis \u021aurcanu!<\/a><\/h3>\n<\/div>\n<\/div>\n<\/div>\n<div class=\"tdb_module_related td_module_wrap td-animation-stack td-meta-info-hide\">\n<div class=\"td-module-container td-category-pos-image\">\n<div class=\"td-module-meta-info\">\n<h3 class=\"entry-title td-module-title\"><a href=\"https:\/\/voceatimisului.ro\/reluarea-circulatiei-tramvaielor-pe-bulevardul-stan-vidrighin-in-timisoara\/\" rel=\"bookmark\" title=\"Reluarea Circula\u021biei Tramvaielor pe Bulevardul Stan Vidrighin \u00een Timi\u0219oara\">Reluarea Circula\u021biei Tramvaielor pe Bulevardul Stan Vidrighin \u00een Timi\u0219oara<\/a><\/h3>\n<\/div>\n<\/div>\n<\/div>\n<\/div>\n<\/div>\n<\/div>\n<\/div>\n<\/div>\n<div class=\"vc_column_inner tdi_105  wpb_column vc_column_container tdc-inner-column td-pb-span8\">\n<div class=\"vc_column-inner\">\n<div class=\"wpb_wrapper\">\n<div class=\"td_block_wrap tdb_single_comments tdi_106 tdb-comm-layout2 td-pb-border-top td_block_template_2\" data-td-block-uid=\"tdi_106\">\n<div class=\"tdb-block-inner td-fix-index\">\n<div class=\"comments\" id=\"comments\">\n<div id=\"respond\" class=\"comment-respond\">\n<h3 id=\"reply-title\" class=\"comment-reply-title\">L\u0102SA\u021aI UN MESAJ <small><a rel=\"nofollow\" id=\"cancel-comment-reply-link\" href=\"https:\/\/voceatimisului.ro\/final-de-proiect-scoala-generala-nr-25-din-timisoara-are-o-sala-de-sport-noua\/#respond\">Renun\u021ba\u021bi la r\u0103spuns<\/a><\/small><\/h3>\n<div class=\"comment-form-input-wrap td-form-comment\">\n<div class=\"td-warning-comment\">V\u0103 rug\u0103m s\u0103 introduce\u021bi comentariul dvs.!<\/div>\n<\/div>\n<div class=\"comment-form-input-wrap td-form-author\">\n<div class=\"td-warning-author\">Introduce\u021bi aici numele dvs.<\/div>\n<\/div>\n<div class=\"comment-form-input-wrap td-form-email\">\n<div class=\"td-warning-email-error\">A\u021bi introdus o adres\u0103 de e-mail incorect\u0103!<\/div>\n<div class=\"td-warning-email\">V\u0103 rug\u0103m s\u0103 introduce\u021bi adresa dvs. de e-mail aici<\/div>\n<\/div>\n<\/div>\n<\/div>\n<\/div>\n<\/div>\n<\/div>\n<\/div>\n<\/div>\n<\/div>\n<\/div>\n<\/div>\n<div class=\"vc_column tdi_108  wpb_column vc_column_container tdc-column td-pb-span4 td-is-sticky\">\n<div class=\"wpb_wrapper\" data-sticky-enabled-on=\"W3RydWUsdHJ1ZSx0cnVlLHRydWVd\" data-sticky-offset=\"20\" data-sticky-is-width-auto=\"W2ZhbHNlLGZhbHNlLGZhbHNlLGZhbHNlXQ==\">\n<div class=\"vc_row_inner tdi_110  vc_row vc_inner wpb_row td-pb-row\">\n<div class=\"vc_column_inner tdi_112  wpb_column vc_column_container tdc-inner-column td-pb-span12\">\n<div class=\"vc_column-inner\">\n<div class=\"wpb_wrapper\">\n<div class=\"td_block_wrap td_block_title tdi_113 td-pb-border-top td_block_template_11 td-fix-index\" data-td-block-uid=\"tdi_113\">\n<div class=\"td-block-title-wrap\">\n<h4 class=\"td-block-title\"><span class=\"td-pulldown-size\">ANUN\u021aURI \u0218I PUBLICITATE<\/span><\/h4>\n<\/div>\n<\/div>\n<\/div>\n<\/div>\n<\/div>\n<\/div>\n<div class=\"wpb_wrapper td_block_wrap vc_widget_sidebar tdi_115 \">\n<aside id=\"block-10\" class=\"td_block_template_1 widget block-10 widget_block widget_media_image\">\n<figure class=\"wp-block-image size-full\"><a href=\"https:\/\/adpghiroda.ro\/index.html\" target=\"_blank\" rel=\" noreferrer noopener\"><img decoding=\"async\" loading=\"lazy\" width=\"960\" height=\"960\" src=\"https:\/\/analyse.optim.biz\/wp-content\/uploads\/2026\/01\/adp-ghiroda2-165.jpg\" class=\"wp-image-171492\" title=\"adp-ghiroda2-165\"><\/a><\/figure>\n<\/aside>\n<aside id=\"block-11\" class=\"td_block_template_1 widget block-11 widget_block widget_media_image\">\n<figure class=\"wp-block-image size-full\"><a href=\"https:\/\/adpghiroda.ro\/index.html\" target=\"_blank\" rel=\" noreferrer noopener\"><img decoding=\"async\" loading=\"lazy\" width=\"960\" height=\"960\" src=\"https:\/\/analyse.optim.biz\/wp-content\/uploads\/2026\/01\/adp-ghiroda1-165.jpg\" class=\"wp-image-171491\" title=\"adp-ghiroda1-165\"><\/a><\/figure>\n<\/aside>\n<aside id=\"block-17\" class=\"td_block_template_1 widget block-17 widget_block widget_media_image\">\n<figure class=\"wp-block-image size-large is-resized\"><a href=\"https:\/\/verde.events\/\" target=\"_blank\" rel=\" noreferrer noopener\"><img decoding=\"async\" loading=\"lazy\" width=\"1024\" height=\"683\" src=\"https:\/\/analyse.optim.biz\/wp-content\/uploads\/2026\/01\/verde-events-24-1024x683-1-150.jpg\" alt=\"Verde Events\" class=\"wp-image-174395\" title=\"verde-events-24-1024x683-1-150\"><\/a><figcaption class=\"wp-element-caption\"><strong><em>O experien\u021b\u0103 unic\u0103 pentru orice tip de eveniment<\/em><\/strong><\/figcaption><\/figure>\n<\/aside>\n<\/div>\n<div class=\"td_block_wrap td_flex_block_1 tdi_121 td-pb-border-top td_block_template_1 td_ajax_preloading_preload td_flex_block\" data-td-block-uid=\"tdi_121\">\n<div id=\"tdi_121\" class=\"td_block_inner td-mc1-wrap\">\n<div class=\"td_module_flex td_module_flex_1 td_module_wrap td-animation-stack td-meta-info-hide td-cpt-post\">\n<div class=\"td-module-container td-category-pos-image\">\n<div class=\"td-module-meta-info\">\n<h3 class=\"entry-title td-module-title\"><a href=\"https:\/\/voceatimisului.ro\/primaria-timisoara-a-scos-la-mezat-achizitionarea-a-33-de-firobuze-desi-agentia-nationala-pentru-achizitii-publice-a-sesizat-predictibilitatea-procedurii\/\" rel=\"bookmark\" title=\"Prim\u0103ria Timi\u0219oara a scos la mezat achizi\u021bionarea a 33 de firobuze, de\u0219i Agen\u021bia Na\u021bional\u0103 pentru Achizi\u021bii Publice a sesizat predictibilitatea procedurii\">Prim\u0103ria Timi\u0219oara a scos la mezat achizi\u021bionarea a 33 de firobuze, de\u0219i Agen\u021bia Na\u021bional\u0103 pentru Achizi\u021bii Publice a sesizat predictibilitatea procedurii<\/a><\/h3>\n<\/div>\n<\/div>\n<\/div>\n<div class=\"td_module_flex td_module_flex_1 td_module_wrap td-animation-stack td-meta-info-hide td-cpt-post\">\n<div class=\"td-module-container td-category-pos-image\">\n<div class=\"td-module-meta-info\">\n<h3 class=\"entry-title td-module-title\"><a href=\"https:\/\/voceatimisului.ro\/pe-ultrascurte-primarul-dominic-fritz-jongleaza-cu-adevarul-mai-ceva-ca-n-bancurile-de-la-la-radio-erevan\/\" rel=\"bookmark\" title=\"Pe ultrascurte! Primarul Dominic Fritz jongleaz\u0103 cu adev\u0103rul mai ceva ca-n bancurile de la la Radio Erevan\">Pe ultrascurte! Primarul Dominic Fritz jongleaz\u0103 cu adev\u0103rul mai ceva ca-n bancurile de la la Radio Erevan<\/a><\/h3>\n<\/div>\n<\/div>\n<\/div>\n<div class=\"td_module_flex td_module_flex_1 td_module_wrap td-animation-stack td-meta-info-hide td-cpt-post\">\n<div class=\"td-module-container td-category-pos-image\">\n<div class=\"td-module-meta-info\">\n<h3 class=\"entry-title td-module-title\"><a href=\"https:\/\/voceatimisului.ro\/realitate-versus-fictiune-administratia-locala-a-primarului-dominic-fritz-da-rateuri-magistrale-cu-fiecare-ocazie-si-castiga-la-scor-de-neprezentare-doar-pe-retelele-sociale\/\" rel=\"bookmark\" title=\"Realitate versus fic\u021biune! Administra\u021bia local\u0103 a primarului Dominic Fritz d\u0103 rateuri magistrale cu fiecare ocazie \u0219i c\u00e2\u0219tig\u0103, la scor de neprezentare, doar pe re\u021belele sociale\">Realitate versus fic\u021biune! Administra\u021bia local\u0103 a primarului Dominic Fritz d\u0103 rateuri magistrale cu fiecare ocazie \u0219i c\u00e2\u0219tig\u0103, la scor de neprezentare, doar pe re\u021belele&#8230;<\/a><\/h3>\n<\/div>\n<\/div>\n<\/div>\n<div class=\"td_module_flex td_module_flex_1 td_module_wrap td-animation-stack td-meta-info-hide td-cpt-post\">\n<div class=\"td-module-container td-category-pos-image\">\n<div class=\"td-module-meta-info\">\n<h3 class=\"entry-title td-module-title\"><a href=\"https:\/\/voceatimisului.ro\/liberul-arbitru-primaria-timisoara-a-refuzat-sa-faca-plangere-penala-impotriva-antreprenorului-general-de-la-pasajul-solventul-desi-constructorul-a-pus-in-circulatie-un-document-pe-care-c-n-a-i-r-l\/\" rel=\"bookmark\" title=\"Liberul arbitru! Prim\u0103ria Timi\u0219oara a refuzat s\u0103 fac\u0103 pl\u00e2ngere penal\u0103 \u00eempotriva antreprenorului general de la Pasajul Solventul, de\u0219i constructorul a pus \u00een circula\u021bie un document pe care C.N.A.I.R l-a catalogat drept un fals\">Liberul arbitru! Prim\u0103ria Timi\u0219oara a refuzat s\u0103 fac\u0103 pl\u00e2ngere penal\u0103 \u00eempotriva antreprenorului general de la Pasajul Solventul, de\u0219i constructorul a pus \u00een circula\u021bie un&#8230;<\/a><\/h3>\n<\/div>\n<\/div>\n<\/div>\n<div class=\"td_module_flex td_module_flex_1 td_module_wrap td-animation-stack td-meta-info-hide td-cpt-post\">\n<div class=\"td-module-container td-category-pos-image\">\n<div class=\"td-module-meta-info\">\n<h3 class=\"entry-title td-module-title\"><a href=\"https:\/\/voceatimisului.ro\/iron-man-sobolanii-din-parcul-civic-au-ros-stalpii-de-otel-de-la-felinarele-plantate-sub-nasul-si-pe-semnatura-administratiei-dominic-fritz\/\" rel=\"bookmark\" title=\"Iron man! \u0218obolanii din Parcul Civic au ros st\u00e2lpii de o\u021bel de la felinarele plantate sub nasul \u0219i pe semn\u0103tura administra\u021biei Dominic Fritz\">Iron man! \u0218obolanii din Parcul Civic au ros st\u00e2lpii de o\u021bel de la felinarele plantate sub nasul \u0219i pe semn\u0103tura administra\u021biei Dominic Fritz<\/a><\/h3>\n<\/div>\n<\/div>\n<\/div>\n<\/div>\n<\/div>\n<\/div>\n<\/div>\n<\/div>\n<\/div>\n<\/div>\n<\/div>\n<p><span class=\"td-page-meta\"><\/span><span class=\"td-page-meta\"><span class=\"td-page-meta\"><\/span><\/span><span class=\"td-page-meta\"><\/span><\/article>\n<p> Source URL: https:\/\/voceatimisului.ro\/final-de-proiect-scoala-generala-nr-25-din-timisoara-are-o-sala-de-sport-noua\/<\/p>\n","protected":false},"excerpt":{"rendered":"<p>\u0218tiriAdministra\u021bie Final de proiect: \u0218coala General\u0103 nr. 25 din Timi\u0219oara are o sal\u0103 de sport nou\u0103 Autor-Radu Constantin 30 mai 2025 0 1355 Facebook Twitter Pinterest WhatsApp Linkedin Copy URL Final de proiect: \u0218coala General\u0103 nr. 25 din Timi\u0219oara are o sal\u0103 de sport nou\u0103 90 de milioane de euro pentru modernizarea Drumului Jude\u021bean 684 [&hellip;]<\/p>\n","protected":false},"author":1,"featured_media":1329481,"comment_status":"open","ping_status":"","sticky":false,"template":"","format":"standard","meta":{"footnotes":""},"categories":[89],"tags":[199],"class_list":["post-1329480","post","type-post","status-publish","format-standard","has-post-thumbnail","hentry","category-romania","tag-voceatimisului-ro"],"_links":{"self":[{"href":"https:\/\/analyse.optim.biz\/index.php?rest_route=\/wp\/v2\/posts\/1329480","targetHints":{"allow":["GET"]}}],"collection":[{"href":"https:\/\/analyse.optim.biz\/index.php?rest_route=\/wp\/v2\/posts"}],"about":[{"href":"https:\/\/analyse.optim.biz\/index.php?rest_route=\/wp\/v2\/types\/post"}],"author":[{"embeddable":true,"href":"https:\/\/analyse.optim.biz\/index.php?rest_route=\/wp\/v2\/users\/1"}],"replies":[{"embeddable":true,"href":"https:\/\/analyse.optim.biz\/index.php?rest_route=%2Fwp%2Fv2%2Fcomments&post=1329480"}],"version-history":[{"count":0,"href":"https:\/\/analyse.optim.biz\/index.php?rest_route=\/wp\/v2\/posts\/1329480\/revisions"}],"wp:featuredmedia":[{"embeddable":true,"href":"https:\/\/analyse.optim.biz\/index.php?rest_route=\/wp\/v2\/media\/1329481"}],"wp:attachment":[{"href":"https:\/\/analyse.optim.biz\/index.php?rest_route=%2Fwp%2Fv2%2Fmedia&parent=1329480"}],"wp:term":[{"taxonomy":"category","embeddable":true,"href":"https:\/\/analyse.optim.biz\/index.php?rest_route=%2Fwp%2Fv2%2Fcategories&post=1329480"},{"taxonomy":"post_tag","embeddable":true,"href":"https:\/\/analyse.optim.biz\/index.php?rest_route=%2Fwp%2Fv2%2Ftags&post=1329480"}],"curies":[{"name":"wp","href":"https:\/\/api.w.org\/{rel}","templated":true}]}}