{"id":1329457,"date":"2025-07-03T07:24:57","date_gmt":"2025-07-03T04:24:57","guid":{"rendered":"https:\/\/analyse.optim.biz\/?p=1329457"},"modified":"2025-07-03T07:24:57","modified_gmt":"2025-07-03T04:24:57","slug":"alfred-simonis-22-de-milioane-de-lei-pentru-finalizarea-salii-polivalente-din-timisoara-parteneriat-cu-politehnica-si-primaria","status":"publish","type":"post","link":"https:\/\/analyse.optim.biz\/?p=1329457","title":{"rendered":"Alfred Simonis: 22 de milioane de lei pentru finalizarea s\u0103lii polivalente din Timi\u0219oara. Parteneriat cu Politehnica \u0219i Prim\u0103ria"},"content":{"rendered":"<article id=\"template-id-172790\" class=\"post-172790 tdb_templates type-tdb_templates status-publish post\">\n<div id=\"tdi_52\" class=\"tdc-zone\">\n<div class=\"tdc_zone tdi_53  wpb_row td-pb-row\">\n<div id=\"tdi_54\" class=\"tdc-row stretch_row_1400 td-stretch-content\">\n<div class=\"vc_row tdi_55  wpb_row td-pb-row tdc-element-style\">\n<div class=\"vc_column tdi_57  wpb_column vc_column_container tdc-column td-pb-span8\">\n<div class=\"wpb_wrapper\">\n<div class=\"td_block_wrap tdb_single_categories tdi_58 td-pb-border-top td_block_template_1 \" data-td-block-uid=\"tdi_58\">\n<div class=\"tdb-category td-fix-index\"><a class=\"tdb-entry-category\" href=\"https:\/\/voceatimisului.ro\/category\/stiri-din-timisoara-si-timis\/\">\u0218tiri<\/a><a class=\"tdb-entry-category\" href=\"https:\/\/voceatimisului.ro\/category\/stiri-din-timisoara-si-timis\/administratie\/\">Administra\u021bie<\/a><\/div>\n<\/div>\n<div class=\"td_block_wrap tdb_title tdi_59 tdb-single-title td-pb-border-top td_block_template_1\" data-td-block-uid=\"tdi_59\">\n<div class=\"tdb-block-inner td-fix-index\">\n<h1 class=\"tdb-title-text\">Alfred Simonis: 22 de milioane de lei pentru finalizarea s\u0103lii polivalente din Timi\u0219oara. Parteneriat cu Politehnica \u0219i Prim\u0103ria<\/h1>\n<\/div>\n<\/div>\n<div class=\"td_block_wrap tdb_single_subtitle tdi_60 td-pb-border-top td_block_template_1\" data-td-block-uid=\"tdi_60\">\n<div class=\"tdb-block-inner td-fix-index\">\n<h2>Consiliul Jude\u021bean Timi\u0219 investe\u0219te \u00een primul proiect sportiv major din ora\u0219 dup\u0103 Revolu\u021bie. Sala multifunc\u021bional\u0103 de l\u00e2ng\u0103 Baza 2 e finalizat\u0103 doar \u00een propor\u021bie de 70%, la 14 ani de la debutul lucr\u0103rilor.<\/h2>\n<\/div>\n<\/div>\n<div class=\"vc_row_inner tdi_62  vc_row vc_inner wpb_row td-pb-row\">\n<div class=\"vc_column_inner tdi_64  wpb_column vc_column_container tdc-inner-column td-pb-span6\">\n<div class=\"vc_column-inner\">\n<div class=\"wpb_wrapper\">\n<div class=\"td_block_wrap tdb_single_author tdi_65 td-pb-border-top td_block_template_1 tdb-post-meta\" data-td-block-uid=\"tdi_65\">\n<div class=\"tdb-block-inner td-fix-index\">\n<div class=\"tdb-author-name-wrap\"><span class=\"tdb-author-by\">Autor-<\/span><a class=\"tdb-author-name\" href=\"https:\/\/voceatimisului.ro\/author\/cataadmin\/\">Radu Constantin<\/a><\/div>\n<\/div>\n<\/div>\n<div class=\"td_block_wrap tdb_single_date tdi_66 td-pb-border-top td_block_template_1 tdb-post-meta\" data-td-block-uid=\"tdi_66\">\n<div class=\"tdb-block-inner td-fix-index\"><time class=\"entry-date updated td-module-date\" datetime=\"2025-07-03T10:24:57+03:00\">3 iulie 2025<\/time><\/div>\n<\/div>\n<div class=\"td_block_wrap tdb_single_comments_count tdi_67 td-pb-border-top td_block_template_1 tdb-post-meta\" data-td-block-uid=\"tdi_67\">\n<div class=\"tdb-block-inner td-fix-index\"><a href=\"https:\/\/voceatimisului.ro\/alfred-simonis-22-de-milioane-de-lei-pentru-finalizarea-salii-polivalente-din-timisoara-parteneriat-cu-politehnica-si-primaria\/#respond\"><span>0<\/span><\/a><\/div>\n<\/div>\n<div class=\"td_block_wrap tdb_single_post_views tdi_68 td-pb-border-top td_block_template_1 tdb-post-meta\" data-td-block-uid=\"tdi_68\">\n<div class=\"tdb-block-inner td-fix-index\"><span class=\"tdb-add-text\">1<\/span><span class=\"td-nr-views-173319\">570<\/span><\/div>\n<\/div>\n<\/div>\n<\/div>\n<\/div>\n<div class=\"vc_column_inner tdi_70  wpb_column vc_column_container tdc-inner-column td-pb-span6\">\n<div class=\"vc_column-inner\">\n<div class=\"wpb_wrapper\">\n<div class=\"td_block_wrap tdb_single_post_share tdi_71  td-pb-border-top td_block_template_1\" data-td-block-uid=\"tdi_71\">\n<div id=\"tdi_71\" class=\"td-post-sharing tdb-block td-ps-bg td-ps-notext td-post-sharing-style1 \">\n<div class=\"td-post-sharing-visible\"><a class=\"td-social-sharing-button td-social-sharing-button-js td-social-network td-social-facebook\" href=\"https:\/\/www.facebook.com\/sharer.php?u=https%3A%2F%2Fvoceatimisului.ro%2Falfred-simonis-22-de-milioane-de-lei-pentru-finalizarea-salii-polivalente-din-timisoara-parteneriat-cu-politehnica-si-primaria%2F\" title=\"Facebook\" rel=\"noopener\"><\/p>\n<div class=\"td-social-but-text\">Facebook<\/div>\n<p><\/a><a class=\"td-social-sharing-button td-social-sharing-button-js td-social-network td-social-twitter\" href=\"https:\/\/twitter.com\/intent\/tweet?text=Alfred+Simonis%3A+22+de+milioane+de+lei+pentru+finalizarea+s%C4%83lii+polivalente+din+Timi%C8%99oara.+Parteneriat+cu+Politehnica+%C8%99i+Prim%C4%83ria&amp;url=https%3A%2F%2Fvoceatimisului.ro%2Falfred-simonis-22-de-milioane-de-lei-pentru-finalizarea-salii-polivalente-din-timisoara-parteneriat-cu-politehnica-si-primaria%2F&amp;via=Vocea+Timisului\" title=\"Twitter\" rel=\"noopener\"><\/p>\n<div class=\"td-social-but-text\">Twitter<\/div>\n<p><\/a><a class=\"td-social-sharing-button td-social-sharing-button-js td-social-network td-social-pinterest\" href=\"https:\/\/pinterest.com\/pin\/create\/button\/?url=https:\/\/voceatimisului.ro\/alfred-simonis-22-de-milioane-de-lei-pentru-finalizarea-salii-polivalente-din-timisoara-parteneriat-cu-politehnica-si-primaria\/&amp;media=https:\/\/analyse.optim.biz\/wp-content\/uploads\/2026\/01\/alfred-simonis-22-de-milioane-de-lei-pentru-finalizarea-salii-polivalente-din-timisoara-scaled-1.png&amp;description=Alfred+Simonis%3A+22+de+milioane+de+lei+pentru+finalizarea+s%C4%83lii+polivalente+din+Timi%C8%99oara.+Parteneriat+cu+Politehnica+%C8%99i+Prim%C4%83ria\" title=\"Pinterest\" rel=\"noopener\"><\/p>\n<div class=\"td-social-but-text\">Pinterest<\/div>\n<p><\/a><a class=\"td-social-sharing-button td-social-sharing-button-js td-social-network td-social-whatsapp\" href=\"https:\/\/api.whatsapp.com\/send?text=Alfred+Simonis%3A+22+de+milioane+de+lei+pentru+finalizarea+s%C4%83lii+polivalente+din+Timi%C8%99oara.+Parteneriat+cu+Politehnica+%C8%99i+Prim%C4%83ria%20%0A%0A%20https:\/\/voceatimisului.ro\/alfred-simonis-22-de-milioane-de-lei-pentru-finalizarea-salii-polivalente-din-timisoara-parteneriat-cu-politehnica-si-primaria\/\" title=\"WhatsApp\" rel=\"noopener\"><\/p>\n<div class=\"td-social-but-text\">WhatsApp<\/div>\n<p><\/a><a class=\"td-social-sharing-button td-social-sharing-button-js td-social-network td-social-linkedin\" href=\"https:\/\/www.linkedin.com\/shareArticle?mini=true&amp;url=https:\/\/voceatimisului.ro\/alfred-simonis-22-de-milioane-de-lei-pentru-finalizarea-salii-polivalente-din-timisoara-parteneriat-cu-politehnica-si-primaria\/&amp;title=Alfred+Simonis%3A+22+de+milioane+de+lei+pentru+finalizarea+s%C4%83lii+polivalente+din+Timi%C8%99oara.+Parteneriat+cu+Politehnica+%C8%99i+Prim%C4%83ria\" title=\"Linkedin\" rel=\"noopener\"><\/p>\n<div class=\"td-social-but-text\">Linkedin<\/div>\n<p><\/a><a class=\"td-social-sharing-button td-social-sharing-button-js td-social-network td-social-copy_url\" href=\"https:\/\/voceatimisului.ro\/alfred-simonis-22-de-milioane-de-lei-pentru-finalizarea-salii-polivalente-din-timisoara-parteneriat-cu-politehnica-si-primaria\/\" title=\"Copy URL\" rel=\"noopener\"><\/p>\n<div class=\"td-social-but-text\">Copy URL<\/div>\n<p><\/a><\/div>\n<\/div>\n<\/div>\n<\/div>\n<\/div>\n<\/div>\n<\/div>\n<div class=\"td_block_wrap tdb_single_featured_image tdi_72 tdb-content-horiz-left td-pb-border-top td_block_template_1\" data-td-block-uid=\"tdi_72\">\n<div class=\"tdb-block-inner td-fix-index\">\n<figure><img loading=\"lazy\" decoding=\"async\" width=\"696\" height=\"392\" class=\"entry-thumb\" src=\"https:\/\/analyse.optim.biz\/wp-content\/uploads\/2026\/01\/alfred-simonis-22-de-milioane-de-lei-pentru-finalizarea-salii-polivalente-din-timisoara-696x392-1.png\" alt=\"Alfred Simonis 22 de milioane de lei pentru finalizarea s\u0103lii polivalente din Timi\u0219oara.\" title=\"Alfred Simonis 22 de milioane de lei pentru finalizarea s\u0103lii polivalente din Timi\u0219oara.\"><figcaption class=\"tdb-caption-text\">Alfred Simonis 22 de milioane de lei pentru finalizarea s\u0103lii polivalente din Timi\u0219oara.<\/figcaption><\/figure>\n<\/div>\n<\/div>\n<div class=\"vc_row_inner tdi_74  vc_row vc_inner wpb_row td-pb-row\">\n<div class=\"vc_column_inner tdi_76  wpb_column vc_column_container tdc-inner-column td-pb-span4 td-is-sticky\">\n<div class=\"vc_column-inner\">\n<div class=\"wpb_wrapper\" data-sticky-enabled-on=\"W3RydWUsdHJ1ZSx0cnVlLHRydWVd\" data-sticky-offset=\"20\" data-sticky-is-width-auto=\"W2ZhbHNlLGZhbHNlLGZhbHNlLGZhbHNlXQ==\">\n<div class=\"td_block_wrap td_flex_block_1 tdi_77 td-pb-border-top td_block_template_1 td_ajax_preloading_preload td_flex_block\" data-td-block-uid=\"tdi_77\">\n<div id=\"tdi_77\" class=\"td_block_inner td-mc1-wrap\">\n<div class=\"td_module_flex td_module_flex_1 td_module_wrap td-animation-stack td-meta-info-hide td-cpt-post\">\n<div class=\"td-module-container td-category-pos-image\">\n<div class=\"td-module-meta-info\">\n<h3 class=\"entry-title td-module-title\"><a href=\"https:\/\/voceatimisului.ro\/alfred-simonis-implicare-concreta-nu-vorbe-cadoul-de-craciun-care-duce-politehnica-timisoara-mai-aproape-de-normalitate\/\" rel=\"bookmark\" title=\"Alfred Simonis, implicare concret\u0103, nu vorbe. Cadoul de Cr\u0103ciun care duce Politehnica Timi\u0219oara mai aproape de normalitate\">Alfred Simonis, implicare concret\u0103, nu vorbe. Cadoul de Cr\u0103ciun care duce Politehnica Timi\u0219oara mai aproape de normalitate<\/a><\/h3>\n<\/div>\n<\/div>\n<\/div>\n<div class=\"td_module_flex td_module_flex_1 td_module_wrap td-animation-stack td-meta-info-hide td-cpt-post\">\n<div class=\"td-module-container td-category-pos-image\">\n<div class=\"td-module-meta-info\">\n<h3 class=\"entry-title td-module-title\"><a href=\"https:\/\/voceatimisului.ro\/investitii-de-500-de-milioane-de-euro-in-sanatate-prezentate-in-timpul-vizitei-ministrului-sanatatii-la-timisoara\/\" rel=\"bookmark\" title=\"Investi\u021bii de 500 de milioane de euro \u00een s\u0103n\u0103tate, prezentate \u00een timpul vizitei ministrului S\u0103n\u0103t\u0103\u021bii la Timi\u0219oara\">Investi\u021bii de 500 de milioane de euro \u00een s\u0103n\u0103tate, prezentate \u00een timpul vizitei ministrului S\u0103n\u0103t\u0103\u021bii la Timi\u0219oara<\/a><\/h3>\n<\/div>\n<\/div>\n<\/div>\n<div class=\"td_module_flex td_module_flex_1 td_module_wrap td-animation-stack td-meta-info-hide td-cpt-post\">\n<div class=\"td-module-container td-category-pos-image\">\n<div class=\"td-module-meta-info\">\n<h3 class=\"entry-title td-module-title\"><a href=\"https:\/\/voceatimisului.ro\/retim-sfideaza-legea-si-institutiile-din-timis-foloseste-echipamente-publice-fara-drept-si-blocheaza-accesul-la-informatii\/\" rel=\"bookmark\" title=\"RETIM sfideaz\u0103 legea \u0219i institu\u021biile din Timi\u0219, folose\u0219te echipamente publice f\u0103r\u0103 drept \u0219i blocheaz\u0103 accesul la informa\u021bii\">RETIM sfideaz\u0103 legea \u0219i institu\u021biile din Timi\u0219, folose\u0219te echipamente publice f\u0103r\u0103 drept \u0219i blocheaz\u0103 accesul la informa\u021bii<\/a><\/h3>\n<\/div>\n<\/div>\n<\/div>\n<div class=\"td_module_flex td_module_flex_1 td_module_wrap td-animation-stack td-meta-info-hide td-cpt-post\">\n<div class=\"td-module-container td-category-pos-image\">\n<div class=\"td-module-meta-info\">\n<h3 class=\"entry-title td-module-title\"><a href=\"https:\/\/voceatimisului.ro\/retim-lovitura-in-instanta-si-factura-de-24-600-lei-pe-fondul-haosului-din-gestionarea-gunoiului\/\" rel=\"bookmark\" title=\"RETIM, lovitur\u0103 \u00een instan\u021b\u0103 \u0219i factur\u0103 de 24.600 lei pe fondul haosului din gestionarea gunoiului\">RETIM, lovitur\u0103 \u00een instan\u021b\u0103 \u0219i factur\u0103 de 24.600 lei pe fondul haosului din gestionarea gunoiului<\/a><\/h3>\n<\/div>\n<\/div>\n<\/div>\n<\/div>\n<\/div>\n<div class=\"tdb-author-box td_block_wrap tdb_single_author_box tdi_82 tdb-content-vert-top td-pb-border-top td_block_template_1\" data-td-block-uid=\"tdi_82\">\n<div class=\"tdb-block-inner td-fix-index\">\n<div class=\"tdb-author-info\"><a href=\"https:\/\/voceatimisului.ro\/author\/cataadmin\/\" class=\"tdb-author-name\">Radu Constantin<\/a><a href=\"http:\/\/www.voceatimisului.ro\" rel=\"nofollow\" class=\"tdb-author-url\">http:\/\/www.voceatimisului.ro<\/a><\/p>\n<div class=\"tdb-author-descr\">\u00centreaga responsabilitate a comentariilor l\u0103sate de dumneavoastr\u0103 v\u0103 apar\u021bine!<br \/>\nClick <a href=\"https:\/\/voceatimisului.ro\/termeni-si-conditii\/\">aici<\/a>-citeste condi\u0163iile de utilizare ale site-ului www.voceatimisului.ro<\/div>\n<\/div>\n<\/div>\n<\/div>\n<\/div>\n<\/div>\n<\/div>\n<div class=\"vc_column_inner tdi_84  wpb_column vc_column_container tdc-inner-column td-pb-span8\">\n<div class=\"vc_column-inner\">\n<div class=\"wpb_wrapper\">\n<div class=\"td_block_wrap tdb_single_content tdi_85 td-pb-border-top td_block_template_1 td-post-content tagdiv-type\" data-td-block-uid=\"tdi_85\">\n<div class=\"tdb-block-inner td-fix-index\">\n<h2 class=\"wp-block-heading\">Alfred Simonis, pre\u0219edintele Consiliului Jude\u021bean Timi\u0219, a anun\u021bat c\u0103 institu\u021bia pe care o conduce va aloca 22 de milioane de lei pentru finalizarea s\u0103lii polivalente de l\u00e2ng\u0103 Baza 2 din Timi\u0219oara. Investi\u021bia va fi realizat\u0103 \u00een parteneriat cu Universitatea Politehnica \u0219i Prim\u0103ria Timi\u0219oara, \u00eentr-un efort comun de a debloca un proiect care treneaz\u0103 de 14 ani \u0219i este finalizat \u00een propor\u021bie de doar 70%.<\/h2>\n<p><strong><em>\u201eCl\u0103direa ar trebui s\u0103 aib\u0103 2.500 de locuri, dar ast\u0103zi, pe \u0219antier, situa\u021bia nu este una optimist\u0103. Trebuie ref\u0103cute instala\u021biile, finalizate finisajele interioare, amenajate parc\u0103rile \u0219i c\u0103ile de acces, montat un sistem audio-video \u0219i realizate alte lucr\u0103ri esen\u021biale pentru ca sala s\u0103 devin\u0103 func\u021bional\u0103\u201d,<\/em><\/strong> a explicat Simonis.<\/p>\n<p>Sala este g\u00e2ndit\u0103 ca un spa\u021biu multifunc\u021bional, care s\u0103 poat\u0103 g\u0103zdui evenimente sportive, culturale \u0219i educa\u021bionale. Liderul CJ Timi\u0219 a subliniat c\u0103 sprijinul oferit nu are leg\u0103tur\u0103 cu apartenen\u021ba politic\u0103, ci cu dorin\u021ba de a sprijini dezvoltarea jude\u021bului:<br \/><strong><em>\u201eFacem asta pentru c\u0103, atunci c\u00e2nd vorbim de Timi\u0219oara, de Timi\u0219, pentru noi la Consiliul Jude\u021bean nu conteaz\u0103 culoarea politic\u0103. Suntem preg\u0103ti\u021bi s\u0103 colabor\u0103m cu orice institu\u021bie sau partener care \u00ee\u0219i dore\u0219te cu adev\u0103rat dezvoltarea acestui jude\u021b.\u201d<\/em><\/strong><\/p>\n<iframe loading=\"lazy\" src=\"https:\/\/www.facebook.com\/plugins\/video.php?height=314&amp;href=https%3A%2F%2Fwww.facebook.com%2Fsimonisalfred%2Fvideos%2F723607963750643%2F&amp;show_text=false&amp;width=560&amp;t=0\" width=\"1240\" height=\"400\" scrolling=\"no\" frameborder allowfullscreen=\"true\" allow=\"autoplay; clipboard-write; encrypted-media; picture-in-picture; web-share\"><\/iframe><\/div>\n<\/div>\n<div class=\"td_block_wrap tdb_single_tags tdi_88 td-pb-border-top td_block_template_1\" data-td-block-uid=\"tdi_88\">\n<div class=\"tdb-block-inner td-fix-index\">\n<ul class=\"tdb-tags\">\n<li><span>Tags<\/span><\/li>\n<li><a href=\"https:\/\/voceatimisului.ro\/tag\/alfred-simions\/\">Alfred Simions<\/a><\/li>\n<li><a href=\"https:\/\/voceatimisului.ro\/tag\/politehnica-timisoara\/\">politehnica timisoara<\/a><\/li>\n<li><a href=\"https:\/\/voceatimisului.ro\/tag\/primaria-timisoara\/\">primaria timisoara<\/a><\/li>\n<li><a href=\"https:\/\/voceatimisului.ro\/tag\/sala-polivalenta\/\">sala polivalenta<\/a><\/li>\n<\/ul>\n<\/div>\n<\/div>\n<div class=\"td_block_wrap tdb_single_post_share tdi_89  td-pb-border-top td_block_template_1\" data-td-block-uid=\"tdi_89\">\n<div id=\"tdi_89\" class=\"td-post-sharing tdb-block td-ps-bg td-ps-notext td-post-sharing-style1 \">\n<div class=\"td-post-sharing-visible\"><a class=\"td-social-sharing-button td-social-sharing-button-js td-social-network td-social-facebook\" href=\"https:\/\/www.facebook.com\/sharer.php?u=https%3A%2F%2Fvoceatimisului.ro%2Falfred-simonis-22-de-milioane-de-lei-pentru-finalizarea-salii-polivalente-din-timisoara-parteneriat-cu-politehnica-si-primaria%2F\" title=\"Facebook\" rel=\"noopener\"><\/p>\n<div class=\"td-social-but-text\">Facebook<\/div>\n<p><\/a><a class=\"td-social-sharing-button td-social-sharing-button-js td-social-network td-social-twitter\" href=\"https:\/\/twitter.com\/intent\/tweet?text=Alfred+Simonis%3A+22+de+milioane+de+lei+pentru+finalizarea+s%C4%83lii+polivalente+din+Timi%C8%99oara.+Parteneriat+cu+Politehnica+%C8%99i+Prim%C4%83ria&amp;url=https%3A%2F%2Fvoceatimisului.ro%2Falfred-simonis-22-de-milioane-de-lei-pentru-finalizarea-salii-polivalente-din-timisoara-parteneriat-cu-politehnica-si-primaria%2F&amp;via=Vocea+Timisului\" title=\"Twitter\" rel=\"noopener\"><\/p>\n<div class=\"td-social-but-text\">Twitter<\/div>\n<p><\/a><a class=\"td-social-sharing-button td-social-sharing-button-js td-social-network td-social-pinterest\" href=\"https:\/\/pinterest.com\/pin\/create\/button\/?url=https:\/\/voceatimisului.ro\/alfred-simonis-22-de-milioane-de-lei-pentru-finalizarea-salii-polivalente-din-timisoara-parteneriat-cu-politehnica-si-primaria\/&amp;media=https:\/\/analyse.optim.biz\/wp-content\/uploads\/2026\/01\/alfred-simonis-22-de-milioane-de-lei-pentru-finalizarea-salii-polivalente-din-timisoara-scaled-1.png&amp;description=Alfred+Simonis%3A+22+de+milioane+de+lei+pentru+finalizarea+s%C4%83lii+polivalente+din+Timi%C8%99oara.+Parteneriat+cu+Politehnica+%C8%99i+Prim%C4%83ria\" title=\"Pinterest\" rel=\"noopener\"><\/p>\n<div class=\"td-social-but-text\">Pinterest<\/div>\n<p><\/a><a class=\"td-social-sharing-button td-social-sharing-button-js td-social-network td-social-whatsapp\" href=\"https:\/\/api.whatsapp.com\/send?text=Alfred+Simonis%3A+22+de+milioane+de+lei+pentru+finalizarea+s%C4%83lii+polivalente+din+Timi%C8%99oara.+Parteneriat+cu+Politehnica+%C8%99i+Prim%C4%83ria%20%0A%0A%20https:\/\/voceatimisului.ro\/alfred-simonis-22-de-milioane-de-lei-pentru-finalizarea-salii-polivalente-din-timisoara-parteneriat-cu-politehnica-si-primaria\/\" title=\"WhatsApp\" rel=\"noopener\"><\/p>\n<div class=\"td-social-but-text\">WhatsApp<\/div>\n<p><\/a><a class=\"td-social-sharing-button td-social-sharing-button-js td-social-network td-social-linkedin\" href=\"https:\/\/www.linkedin.com\/shareArticle?mini=true&amp;url=https:\/\/voceatimisului.ro\/alfred-simonis-22-de-milioane-de-lei-pentru-finalizarea-salii-polivalente-din-timisoara-parteneriat-cu-politehnica-si-primaria\/&amp;title=Alfred+Simonis%3A+22+de+milioane+de+lei+pentru+finalizarea+s%C4%83lii+polivalente+din+Timi%C8%99oara.+Parteneriat+cu+Politehnica+%C8%99i+Prim%C4%83ria\" title=\"Linkedin\" rel=\"noopener\"><\/p>\n<div class=\"td-social-but-text\">Linkedin<\/div>\n<p><\/a><a class=\"td-social-sharing-button td-social-sharing-button-js td-social-network td-social-copy_url\" href=\"https:\/\/voceatimisului.ro\/alfred-simonis-22-de-milioane-de-lei-pentru-finalizarea-salii-polivalente-din-timisoara-parteneriat-cu-politehnica-si-primaria\/\" title=\"Copy URL\" rel=\"noopener\"><\/p>\n<div class=\"td-social-but-text\">Copy URL<\/div>\n<p><\/a><\/div>\n<\/div>\n<\/div>\n<div class=\"td_block_wrap tdb_single_next_prev tdi_90 td-animation-stack td-next-prev-img-on td-pb-border-top td_block_template_1\" data-td-block-uid=\"tdi_90\">\n<div class=\"tdb-block-inner td-fix-index\">\n<div class=\"tdb-next-post tdb-next-post-bg tdb-post-prev\"><span>Articolul precedent<\/span><\/p>\n<div class=\"td-module-container\">\n<div class=\"td-image-container\"><a class=\"td-image-wrap\" href=\"https:\/\/voceatimisului.ro\/microbuz-stpt-surprins-in-trafic-cu-cauciucurile-distruse-sarmele-ieseau-prin-anvelopa-vehiculul-are-itp-ul-facut-in-propria-statie\/\"><img loading=\"lazy\" decoding=\"async\" class=\"td-next-prev-image td-fix-index td-lazy-img\" title=\"Microbuz STPT, surprins \u00een trafic cu cauciucurile distruse. S\u00e2rmele ie\u0219eau prin anvelop\u0103. Vehiculul are ITP-ul f\u0103cut \u00een propria sta\u021bie\" width=\"696\" height=\"928\" src=\"https:\/\/analyse.optim.biz\/wp-content\/uploads\/2026\/01\/microbuz-stpt2-696x928-1.jpg\"><\/a><\/div>\n<div class=\"next-prev-title\"><a href=\"https:\/\/voceatimisului.ro\/microbuz-stpt-surprins-in-trafic-cu-cauciucurile-distruse-sarmele-ieseau-prin-anvelopa-vehiculul-are-itp-ul-facut-in-propria-statie\/\">Microbuz STPT, surprins \u00een trafic cu cauciucurile distruse. S\u00e2rmele ie\u0219eau prin anvelop\u0103. Vehiculul are ITP-ul f\u0103cut \u00een propria sta\u021bie<\/a><\/div>\n<\/div>\n<\/div>\n<div class=\"tdb-next-post tdb-next-post-bg tdb-post-next\"><span>Articolul urm\u0103tor<\/span><\/p>\n<div class=\"td-module-container\">\n<div class=\"td-image-container\"><a class=\"td-image-wrap\" href=\"https:\/\/voceatimisului.ro\/raul-olajos-a-trecut-la-pnl-timis-fostul-lider-usr-plus-spune-ca-nu-vine-pentru-o-functie\/\"><img loading=\"lazy\" decoding=\"async\" class=\"td-next-prev-image td-fix-index td-lazy-img\" title=\"Raul Olajos a trecut la PNL Timi\u0219. Fostul lider USR PLUS spune c\u0103 \u201enu vine pentru o func\u021bie\u201d\" width=\"696\" height=\"329\" src=\"https:\/\/analyse.optim.biz\/wp-content\/uploads\/2026\/01\/raul-olajos-696x329-1.jpg\"><\/a><\/div>\n<div class=\"next-prev-title\"><a href=\"https:\/\/voceatimisului.ro\/raul-olajos-a-trecut-la-pnl-timis-fostul-lider-usr-plus-spune-ca-nu-vine-pentru-o-functie\/\">Raul Olajos a trecut la PNL Timi\u0219. Fostul lider USR PLUS spune c\u0103 \u201enu vine pentru o func\u021bie\u201d<\/a><\/div>\n<\/div>\n<\/div>\n<\/div>\n<\/div>\n<\/div>\n<\/div>\n<\/div>\n<\/div>\n<div class=\"vc_row_inner tdi_100  vc_row vc_inner wpb_row td-pb-row\">\n<div class=\"vc_column_inner tdi_102  wpb_column vc_column_container tdc-inner-column td-pb-span4 td-is-sticky\">\n<div class=\"vc_column-inner\">\n<div class=\"wpb_wrapper\" data-sticky-enabled-on=\"W3RydWUsdHJ1ZSx0cnVlLHRydWVd\" data-sticky-offset=\"20\" data-sticky-is-width-auto=\"W2ZhbHNlLGZhbHNlLGZhbHNlLGZhbHNlXQ==\">\n<div class=\"td_block_wrap tdb_single_related tdi_103 td_with_ajax_pagination td-pb-border-top td_block_template_1 tdb-single-related-posts\" data-td-block-uid=\"tdi_103\">\n<div id=\"tdi_103\" class=\"td_block_inner tdb-block-inner td-fix-index\">\n<div class=\"tdb_module_related td_module_wrap td-animation-stack td-meta-info-hide\">\n<div class=\"td-module-container td-category-pos-image\">\n<div class=\"td-module-meta-info\">\n<h3 class=\"entry-title td-module-title\"><a href=\"https:\/\/voceatimisului.ro\/retim-si-polaris-acuzatii-directe-in-cj-timis-simonis-nu-ne-lasam-santajati-de-mafia-gunoaielor\/\" rel=\"bookmark\" title=\"RETIM \u0219i Polaris, acuza\u021bii directe \u00een CJ Timi\u0219. Simonis: nu ne l\u0103s\u0103m \u0219antaja\u021bi de \u201emafia gunoaielor\u201d\">RETIM \u0219i Polaris, acuza\u021bii directe \u00een CJ Timi\u0219. Simonis: nu ne l\u0103s\u0103m \u0219antaja\u021bi de \u201emafia gunoaielor\u201d<\/a><\/h3>\n<\/div>\n<\/div>\n<\/div>\n<div class=\"tdb_module_related td_module_wrap td-animation-stack td-meta-info-hide\">\n<div class=\"td-module-container td-category-pos-image\">\n<div class=\"td-module-meta-info\">\n<h3 class=\"entry-title td-module-title\"><a href=\"https:\/\/voceatimisului.ro\/eveniment-de-iarna-la-muzeul-satului-banatean-organizat-de-consiliul-judetean-timis\/\" rel=\"bookmark\" title=\"Eveniment de iarn\u0103 la Muzeul Satului B\u0103n\u0103\u021bean, organizat de Consiliul Jude\u021bean Timi\u0219\">Eveniment de iarn\u0103 la Muzeul Satului B\u0103n\u0103\u021bean, organizat de Consiliul Jude\u021bean Timi\u0219<\/a><\/h3>\n<\/div>\n<\/div>\n<\/div>\n<div class=\"tdb_module_related td_module_wrap td-animation-stack td-meta-info-hide\">\n<div class=\"td-module-container td-category-pos-image\">\n<div class=\"td-module-meta-info\">\n<h3 class=\"entry-title td-module-title\"><a href=\"https:\/\/voceatimisului.ro\/demolarea-stadionului-dan-paltinisanu-documentele-care-demonteaza-acuzatiile-aparute-in-spatiul-public\/\" rel=\"bookmark\" title=\"Demolarea stadionului Dan P\u0103ltini\u0219anu. Documentele care demonteaz\u0103 acuza\u021biile ap\u0103rute \u00een spa\u021biul public\">Demolarea stadionului Dan P\u0103ltini\u0219anu. Documentele care demonteaz\u0103 acuza\u021biile ap\u0103rute \u00een spa\u021biul public<\/a><\/h3>\n<\/div>\n<\/div>\n<\/div>\n<\/div>\n<\/div>\n<\/div>\n<\/div>\n<\/div>\n<div class=\"vc_column_inner tdi_105  wpb_column vc_column_container tdc-inner-column td-pb-span8\">\n<div class=\"vc_column-inner\">\n<div class=\"wpb_wrapper\">\n<div class=\"td_block_wrap tdb_single_comments tdi_106 tdb-comm-layout2 td-pb-border-top td_block_template_2\" data-td-block-uid=\"tdi_106\">\n<div class=\"tdb-block-inner td-fix-index\">\n<div class=\"comments\" id=\"comments\">\n<div id=\"respond\" class=\"comment-respond\">\n<h3 id=\"reply-title\" class=\"comment-reply-title\">L\u0102SA\u021aI UN MESAJ <small><a rel=\"nofollow\" id=\"cancel-comment-reply-link\" href=\"https:\/\/voceatimisului.ro\/alfred-simonis-22-de-milioane-de-lei-pentru-finalizarea-salii-polivalente-din-timisoara-parteneriat-cu-politehnica-si-primaria\/#respond\">Renun\u021ba\u021bi la r\u0103spuns<\/a><\/small><\/h3>\n<div class=\"comment-form-input-wrap td-form-comment\">\n<div class=\"td-warning-comment\">V\u0103 rug\u0103m s\u0103 introduce\u021bi comentariul dvs.!<\/div>\n<\/div>\n<div class=\"comment-form-input-wrap td-form-author\">\n<div class=\"td-warning-author\">Introduce\u021bi aici numele dvs.<\/div>\n<\/div>\n<div class=\"comment-form-input-wrap td-form-email\">\n<div class=\"td-warning-email-error\">A\u021bi introdus o adres\u0103 de e-mail incorect\u0103!<\/div>\n<div class=\"td-warning-email\">V\u0103 rug\u0103m s\u0103 introduce\u021bi adresa dvs. de e-mail aici<\/div>\n<\/div>\n<\/div>\n<\/div>\n<\/div>\n<\/div>\n<\/div>\n<\/div>\n<\/div>\n<\/div>\n<\/div>\n<\/div>\n<div class=\"vc_column tdi_108  wpb_column vc_column_container tdc-column td-pb-span4 td-is-sticky\">\n<div class=\"wpb_wrapper\" data-sticky-enabled-on=\"W3RydWUsdHJ1ZSx0cnVlLHRydWVd\" data-sticky-offset=\"20\" data-sticky-is-width-auto=\"W2ZhbHNlLGZhbHNlLGZhbHNlLGZhbHNlXQ==\">\n<div class=\"vc_row_inner tdi_110  vc_row vc_inner wpb_row td-pb-row\">\n<div class=\"vc_column_inner tdi_112  wpb_column vc_column_container tdc-inner-column td-pb-span12\">\n<div class=\"vc_column-inner\">\n<div class=\"wpb_wrapper\">\n<div class=\"td_block_wrap td_block_title tdi_113 td-pb-border-top td_block_template_11 td-fix-index\" data-td-block-uid=\"tdi_113\">\n<div class=\"td-block-title-wrap\">\n<h4 class=\"td-block-title\"><span class=\"td-pulldown-size\">ANUN\u021aURI \u0218I PUBLICITATE<\/span><\/h4>\n<\/div>\n<\/div>\n<\/div>\n<\/div>\n<\/div>\n<\/div>\n<div class=\"wpb_wrapper td_block_wrap vc_widget_sidebar tdi_115 \">\n<aside id=\"block-10\" class=\"td_block_template_1 widget block-10 widget_block widget_media_image\">\n<figure class=\"wp-block-image size-full\"><a href=\"https:\/\/adpghiroda.ro\/index.html\" target=\"_blank\" rel=\" noreferrer noopener\"><img decoding=\"async\" loading=\"lazy\" width=\"960\" height=\"960\" src=\"https:\/\/analyse.optim.biz\/wp-content\/uploads\/2026\/01\/adp-ghiroda2-164.jpg\" class=\"wp-image-171492\" title=\"adp-ghiroda2-164\"><\/a><\/figure>\n<\/aside>\n<aside id=\"block-11\" class=\"td_block_template_1 widget block-11 widget_block widget_media_image\">\n<figure class=\"wp-block-image size-full\"><a href=\"https:\/\/adpghiroda.ro\/index.html\" target=\"_blank\" rel=\" noreferrer noopener\"><img decoding=\"async\" loading=\"lazy\" width=\"960\" height=\"960\" src=\"https:\/\/analyse.optim.biz\/wp-content\/uploads\/2026\/01\/adp-ghiroda1-164.jpg\" class=\"wp-image-171491\" title=\"adp-ghiroda1-164\"><\/a><\/figure>\n<\/aside>\n<aside id=\"block-17\" class=\"td_block_template_1 widget block-17 widget_block widget_media_image\">\n<figure class=\"wp-block-image size-large is-resized\"><a href=\"https:\/\/verde.events\/\" target=\"_blank\" rel=\" noreferrer noopener\"><img decoding=\"async\" loading=\"lazy\" width=\"1024\" height=\"683\" src=\"https:\/\/analyse.optim.biz\/wp-content\/uploads\/2026\/01\/verde-events-24-1024x683-1-149.jpg\" alt=\"Verde Events\" class=\"wp-image-174395\" title=\"verde-events-24-1024x683-1-149\"><\/a><figcaption class=\"wp-element-caption\"><strong><em>O experien\u021b\u0103 unic\u0103 pentru orice tip de eveniment<\/em><\/strong><\/figcaption><\/figure>\n<\/aside>\n<\/div>\n<div class=\"td_block_wrap td_flex_block_1 tdi_121 td-pb-border-top td_block_template_1 td_ajax_preloading_preload td_flex_block\" data-td-block-uid=\"tdi_121\">\n<div id=\"tdi_121\" class=\"td_block_inner td-mc1-wrap\">\n<div class=\"td_module_flex td_module_flex_1 td_module_wrap td-animation-stack td-meta-info-hide td-cpt-post\">\n<div class=\"td-module-container td-category-pos-image\">\n<div class=\"td-module-meta-info\">\n<h3 class=\"entry-title td-module-title\"><a href=\"https:\/\/voceatimisului.ro\/retim-a-pierdut-ghizela-groapa-veche-inchisa-definitiv-interesele-afectate-au-declansat-reactii-in-presa\/\" rel=\"bookmark\" title=\"Retim a pierdut Ghizela. Groapa veche, \u00eenchis\u0103 definitiv. Interesele afectate au declan\u0219at reac\u021bii \u00een pres\u0103\">Retim a pierdut Ghizela. Groapa veche, \u00eenchis\u0103 definitiv. Interesele afectate au declan\u0219at reac\u021bii \u00een pres\u0103<\/a><\/h3>\n<\/div>\n<\/div>\n<\/div>\n<div class=\"td_module_flex td_module_flex_1 td_module_wrap td-animation-stack td-meta-info-hide td-cpt-post\">\n<div class=\"td-module-container td-category-pos-image\">\n<div class=\"td-module-meta-info\">\n<h3 class=\"entry-title td-module-title\"><a href=\"https:\/\/voceatimisului.ro\/alfred-simonis-raspuns-pe-intelesul-tuturor-de-ce-timisul-merge-inainte-si-alte-judete-bat-pasul-pe-loc\/\" rel=\"bookmark\" title=\"Alfred Simonis, r\u0103spuns pe \u00een\u021belesul tuturor: de ce Timi\u0219ul merge \u00eenainte \u0219i alte jude\u021be bat pasul pe loc\">Alfred Simonis, r\u0103spuns pe \u00een\u021belesul tuturor: de ce Timi\u0219ul merge \u00eenainte \u0219i alte jude\u021be bat pasul pe loc<\/a><\/h3>\n<\/div>\n<\/div>\n<\/div>\n<div class=\"td_module_flex td_module_flex_1 td_module_wrap td-animation-stack td-meta-info-hide td-cpt-post\">\n<div class=\"td-module-container td-category-pos-image\">\n<div class=\"td-module-meta-info\">\n<h3 class=\"entry-title td-module-title\"><a href=\"https:\/\/voceatimisului.ro\/alfred-simonis-un-an-de-mandat-si-cea-mai-coerenta-administratie-judeteana-de-dupa-1989\/\" rel=\"bookmark\" title=\"Alfred Simonis: un an de mandat \u0219i cea mai coerent\u0103 administra\u021bie jude\u021bean\u0103 de dup\u0103 1989\">Alfred Simonis: un an de mandat \u0219i cea mai coerent\u0103 administra\u021bie jude\u021bean\u0103 de dup\u0103 1989<\/a><\/h3>\n<\/div>\n<\/div>\n<\/div>\n<div class=\"td_module_flex td_module_flex_1 td_module_wrap td-animation-stack td-meta-info-hide td-cpt-post\">\n<div class=\"td-module-container td-category-pos-image\">\n<div class=\"td-module-meta-info\">\n<h3 class=\"entry-title td-module-title\"><a href=\"https:\/\/voceatimisului.ro\/ruben-latcau-inventeaza-cifre-despre-stadion-simonis-il-pune-la-punct-cu-documentele-in-fata\/\" rel=\"bookmark\" title=\"Ruben La\u021bc\u0103u inventeaz\u0103 cifre despre stadion. Simonis \u00eel pune la punct cu documentele \u00een fa\u021b\u0103\">Ruben La\u021bc\u0103u inventeaz\u0103 cifre despre stadion. Simonis \u00eel pune la punct cu documentele \u00een fa\u021b\u0103<\/a><\/h3>\n<\/div>\n<\/div>\n<\/div>\n<div class=\"td_module_flex td_module_flex_1 td_module_wrap td-animation-stack td-meta-info-hide td-cpt-post\">\n<div class=\"td-module-container td-category-pos-image\">\n<div class=\"td-module-meta-info\">\n<h3 class=\"entry-title td-module-title\"><a href=\"https:\/\/voceatimisului.ro\/alfred-simonis-consiliul-judetean-timis-va-finanta-refacerea-scolii-din-lovrin-distruse-de-incendiu\/\" rel=\"bookmark\" title=\"Alfred Simonis: Consiliul Jude\u021bean Timi\u0219 va finan\u021ba refacerea \u0219colii din Lovrin distruse de incendiu\">Alfred Simonis: Consiliul Jude\u021bean Timi\u0219 va finan\u021ba refacerea \u0219colii din Lovrin distruse de incendiu<\/a><\/h3>\n<\/div>\n<\/div>\n<\/div>\n<\/div>\n<\/div>\n<\/div>\n<\/div>\n<\/div>\n<\/div>\n<\/div>\n<\/div>\n<p><span class=\"td-page-meta\"><\/span><span class=\"td-page-meta\"><span class=\"td-page-meta\"><\/span><\/span><span class=\"td-page-meta\"><\/span><\/article>\n<p> Source URL: https:\/\/voceatimisului.ro\/alfred-simonis-22-de-milioane-de-lei-pentru-finalizarea-salii-polivalente-din-timisoara-parteneriat-cu-politehnica-si-primaria\/<\/p>\n","protected":false},"excerpt":{"rendered":"<p>\u0218tiriAdministra\u021bie Alfred Simonis: 22 de milioane de lei pentru finalizarea s\u0103lii polivalente din Timi\u0219oara. Parteneriat cu Politehnica \u0219i Prim\u0103ria Consiliul Jude\u021bean Timi\u0219 investe\u0219te \u00een primul proiect sportiv major din ora\u0219 dup\u0103 Revolu\u021bie. Sala multifunc\u021bional\u0103 de l\u00e2ng\u0103 Baza 2 e finalizat\u0103 doar \u00een propor\u021bie de 70%, la 14 ani de la debutul lucr\u0103rilor. Autor-Radu Constantin 3 [&hellip;]<\/p>\n","protected":false},"author":1,"featured_media":1329460,"comment_status":"open","ping_status":"","sticky":false,"template":"","format":"standard","meta":{"footnotes":""},"categories":[89],"tags":[199],"class_list":["post-1329457","post","type-post","status-publish","format-standard","has-post-thumbnail","hentry","category-romania","tag-voceatimisului-ro"],"_links":{"self":[{"href":"https:\/\/analyse.optim.biz\/index.php?rest_route=\/wp\/v2\/posts\/1329457","targetHints":{"allow":["GET"]}}],"collection":[{"href":"https:\/\/analyse.optim.biz\/index.php?rest_route=\/wp\/v2\/posts"}],"about":[{"href":"https:\/\/analyse.optim.biz\/index.php?rest_route=\/wp\/v2\/types\/post"}],"author":[{"embeddable":true,"href":"https:\/\/analyse.optim.biz\/index.php?rest_route=\/wp\/v2\/users\/1"}],"replies":[{"embeddable":true,"href":"https:\/\/analyse.optim.biz\/index.php?rest_route=%2Fwp%2Fv2%2Fcomments&post=1329457"}],"version-history":[{"count":0,"href":"https:\/\/analyse.optim.biz\/index.php?rest_route=\/wp\/v2\/posts\/1329457\/revisions"}],"wp:featuredmedia":[{"embeddable":true,"href":"https:\/\/analyse.optim.biz\/index.php?rest_route=\/wp\/v2\/media\/1329460"}],"wp:attachment":[{"href":"https:\/\/analyse.optim.biz\/index.php?rest_route=%2Fwp%2Fv2%2Fmedia&parent=1329457"}],"wp:term":[{"taxonomy":"category","embeddable":true,"href":"https:\/\/analyse.optim.biz\/index.php?rest_route=%2Fwp%2Fv2%2Fcategories&post=1329457"},{"taxonomy":"post_tag","embeddable":true,"href":"https:\/\/analyse.optim.biz\/index.php?rest_route=%2Fwp%2Fv2%2Ftags&post=1329457"}],"curies":[{"name":"wp","href":"https:\/\/api.w.org\/{rel}","templated":true}]}}