{"id":1327989,"date":"2018-03-21T14:32:33","date_gmt":"2018-03-21T11:32:33","guid":{"rendered":"https:\/\/analyse.optim.biz\/?p=1327989"},"modified":"2018-03-21T14:32:33","modified_gmt":"2018-03-21T11:32:33","slug":"avertizare-meteo-cod-galben-de-vreme-rea-ce-ne-asteapta-in-zilele-urmatoare","status":"publish","type":"post","link":"https:\/\/analyse.optim.biz\/?p=1327989","title":{"rendered":"Avertizare meteo: cod galben de vreme rea. Ce ne asteapta in zilele urmatoare"},"content":{"rendered":"<article id=\"template-id-172790\" class=\"post-172790 tdb_templates type-tdb_templates status-publish post\">\n<div id=\"tdi_52\" class=\"tdc-zone\">\n<div class=\"tdc_zone tdi_53  wpb_row td-pb-row\">\n<div id=\"tdi_54\" class=\"tdc-row stretch_row_1400 td-stretch-content\">\n<div class=\"vc_row tdi_55  wpb_row td-pb-row tdc-element-style\">\n<div class=\"vc_column tdi_57  wpb_column vc_column_container tdc-column td-pb-span8\">\n<div class=\"wpb_wrapper\">\n<div class=\"td_block_wrap tdb_single_categories tdi_58 td-pb-border-top td_block_template_1 \" data-td-block-uid=\"tdi_58\">\n<div class=\"tdb-category td-fix-index\"><a class=\"tdb-entry-category\" href=\"https:\/\/voceatimisului.ro\/category\/stiri-din-timisoara-si-timis\/\">\u0218tiri<\/a><a class=\"tdb-entry-category\" href=\"https:\/\/voceatimisului.ro\/category\/stiri-din-timisoara-si-timis\/social\/\">Social<\/a><\/div>\n<\/div>\n<div class=\"td_block_wrap tdb_title tdi_59 tdb-single-title td-pb-border-top td_block_template_1\" data-td-block-uid=\"tdi_59\">\n<div class=\"tdb-block-inner td-fix-index\">\n<h1 class=\"tdb-title-text\">Avertizare meteo: cod galben de vreme rea. Ce ne asteapta in zilele urmatoare<\/h1>\n<\/div>\n<\/div>\n<div class=\"vc_row_inner tdi_62  vc_row vc_inner wpb_row td-pb-row\">\n<div class=\"vc_column_inner tdi_64  wpb_column vc_column_container tdc-inner-column td-pb-span6\">\n<div class=\"vc_column-inner\">\n<div class=\"wpb_wrapper\">\n<div class=\"td_block_wrap tdb_single_author tdi_65 td-pb-border-top td_block_template_1 tdb-post-meta\" data-td-block-uid=\"tdi_65\">\n<div class=\"tdb-block-inner td-fix-index\">\n<div class=\"tdb-author-name-wrap\"><span class=\"tdb-author-by\">Autor-<\/span><a class=\"tdb-author-name\" href=\"https:\/\/voceatimisului.ro\/author\/cataadmin\/\">Radu Constantin<\/a><\/div>\n<\/div>\n<\/div>\n<div class=\"td_block_wrap tdb_single_date tdi_66 td-pb-border-top td_block_template_1 tdb-post-meta\" data-td-block-uid=\"tdi_66\">\n<div class=\"tdb-block-inner td-fix-index\"><time class=\"entry-date updated td-module-date\" datetime=\"2018-03-21T16:32:33+02:00\">21 martie 2018<\/time><\/div>\n<\/div>\n<div class=\"td_block_wrap tdb_single_comments_count tdi_67 td-pb-border-top td_block_template_1 tdb-post-meta\" data-td-block-uid=\"tdi_67\">\n<div class=\"tdb-block-inner td-fix-index\"><a href=\"https:\/\/voceatimisului.ro\/avertizare-meteo-cod-galben-de-vreme-rea-ce-ne-asteapta-in-zilele-urmatoare\/#respond\"><span>0<\/span><\/a><\/div>\n<\/div>\n<div class=\"td_block_wrap tdb_single_post_views tdi_68 td-pb-border-top td_block_template_1 tdb-post-meta\" data-td-block-uid=\"tdi_68\">\n<div class=\"tdb-block-inner td-fix-index\"><span class=\"tdb-add-text\">1<\/span><span class=\"td-nr-views-99441\">4098<\/span><\/div>\n<\/div>\n<\/div>\n<\/div>\n<\/div>\n<div class=\"vc_column_inner tdi_70  wpb_column vc_column_container tdc-inner-column td-pb-span6\">\n<div class=\"vc_column-inner\">\n<div class=\"wpb_wrapper\">\n<div class=\"td_block_wrap tdb_single_post_share tdi_71  td-pb-border-top td_block_template_1\" data-td-block-uid=\"tdi_71\">\n<div id=\"tdi_71\" class=\"td-post-sharing tdb-block td-ps-bg td-ps-notext td-post-sharing-style1 \">\n<div class=\"td-post-sharing-visible\"><a class=\"td-social-sharing-button td-social-sharing-button-js td-social-network td-social-facebook\" href=\"https:\/\/www.facebook.com\/sharer.php?u=https%3A%2F%2Fvoceatimisului.ro%2Favertizare-meteo-cod-galben-de-vreme-rea-ce-ne-asteapta-in-zilele-urmatoare%2F\" title=\"Facebook\" rel=\"noopener\"><\/p>\n<div class=\"td-social-but-text\">Facebook<\/div>\n<p><\/a><a class=\"td-social-sharing-button td-social-sharing-button-js td-social-network td-social-twitter\" href=\"https:\/\/twitter.com\/intent\/tweet?text=Avertizare+meteo%3A+cod+galben+de+vreme+rea.+Ce+ne+asteapta+in+zilele+urmatoare&amp;url=https%3A%2F%2Fvoceatimisului.ro%2Favertizare-meteo-cod-galben-de-vreme-rea-ce-ne-asteapta-in-zilele-urmatoare%2F&amp;via=Vocea+Timisului\" title=\"Twitter\" rel=\"noopener\"><\/p>\n<div class=\"td-social-but-text\">Twitter<\/div>\n<p><\/a><a class=\"td-social-sharing-button td-social-sharing-button-js td-social-network td-social-pinterest\" href=\"https:\/\/pinterest.com\/pin\/create\/button\/?url=https:\/\/voceatimisului.ro\/avertizare-meteo-cod-galben-de-vreme-rea-ce-ne-asteapta-in-zilele-urmatoare\/&amp;media=https:\/\/analyse.optim.biz\/wp-content\/uploads\/2026\/01\/harta-romaniei-meteo.jpg&amp;description=Avertizare+meteo%3A+cod+galben+de+vreme+rea.+Ce+ne+asteapta+in+zilele+urmatoare\" title=\"Pinterest\" rel=\"noopener\"><\/p>\n<div class=\"td-social-but-text\">Pinterest<\/div>\n<p><\/a><a class=\"td-social-sharing-button td-social-sharing-button-js td-social-network td-social-whatsapp\" href=\"https:\/\/api.whatsapp.com\/send?text=Avertizare+meteo%3A+cod+galben+de+vreme+rea.+Ce+ne+asteapta+in+zilele+urmatoare%20%0A%0A%20https:\/\/voceatimisului.ro\/avertizare-meteo-cod-galben-de-vreme-rea-ce-ne-asteapta-in-zilele-urmatoare\/\" title=\"WhatsApp\" rel=\"noopener\"><\/p>\n<div class=\"td-social-but-text\">WhatsApp<\/div>\n<p><\/a><a class=\"td-social-sharing-button td-social-sharing-button-js td-social-network td-social-linkedin\" href=\"https:\/\/www.linkedin.com\/shareArticle?mini=true&amp;url=https:\/\/voceatimisului.ro\/avertizare-meteo-cod-galben-de-vreme-rea-ce-ne-asteapta-in-zilele-urmatoare\/&amp;title=Avertizare+meteo%3A+cod+galben+de+vreme+rea.+Ce+ne+asteapta+in+zilele+urmatoare\" title=\"Linkedin\" rel=\"noopener\"><\/p>\n<div class=\"td-social-but-text\">Linkedin<\/div>\n<p><\/a><a class=\"td-social-sharing-button td-social-sharing-button-js td-social-network td-social-copy_url\" href=\"https:\/\/voceatimisului.ro\/avertizare-meteo-cod-galben-de-vreme-rea-ce-ne-asteapta-in-zilele-urmatoare\/\" title=\"Copy URL\" rel=\"noopener\"><\/p>\n<div class=\"td-social-but-text\">Copy URL<\/div>\n<p><\/a><\/div>\n<\/div>\n<\/div>\n<\/div>\n<\/div>\n<\/div>\n<\/div>\n<div class=\"td_block_wrap tdb_single_featured_image tdi_72 tdb-content-horiz-left td-pb-border-top td_block_template_1\" data-td-block-uid=\"tdi_72\">\n<div class=\"tdb-block-inner td-fix-index\">\n<figure><img loading=\"lazy\" decoding=\"async\" width=\"696\" height=\"395\" class=\"entry-thumb\" src=\"https:\/\/analyse.optim.biz\/wp-content\/uploads\/2026\/01\/harta-romaniei-meteo-696x395-1.jpg\" alt=\"harta romaniei meteo\" title=\"harta romaniei meteo\"><figcaption class=\"tdb-caption-text\">harta romaniei meteo<\/figcaption><\/figure>\n<\/div>\n<\/div>\n<div class=\"vc_row_inner tdi_74  vc_row vc_inner wpb_row td-pb-row\">\n<div class=\"vc_column_inner tdi_76  wpb_column vc_column_container tdc-inner-column td-pb-span4 td-is-sticky\">\n<div class=\"vc_column-inner\">\n<div class=\"wpb_wrapper\" data-sticky-enabled-on=\"W3RydWUsdHJ1ZSx0cnVlLHRydWVd\" data-sticky-offset=\"20\" data-sticky-is-width-auto=\"W2ZhbHNlLGZhbHNlLGZhbHNlLGZhbHNlXQ==\">\n<div class=\"td_block_wrap td_flex_block_1 tdi_77 td-pb-border-top td_block_template_1 td_ajax_preloading_preload td_flex_block\" data-td-block-uid=\"tdi_77\">\n<div id=\"tdi_77\" class=\"td_block_inner td-mc1-wrap\">\n<div class=\"td_module_flex td_module_flex_1 td_module_wrap td-animation-stack td-meta-info-hide td-cpt-post\">\n<div class=\"td-module-container td-category-pos-image\">\n<div class=\"td-module-meta-info\">\n<h3 class=\"entry-title td-module-title\"><a href=\"https:\/\/voceatimisului.ro\/sprijin-medical-pentru-refugiatii-din-ucraina-oncohelp-asigura-tratamente-gratuite-bolnavilor-oncologici-ajunsi-in-romania\/\" rel=\"bookmark\" title=\"Sprijin medical pentru refugia\u021bii din Ucraina! OncoHelp asigur\u0103 tratamente gratuite bolnavilor oncologici ajun\u0219i \u00een Rom\u00e2nia\">Sprijin medical pentru refugia\u021bii din Ucraina! OncoHelp asigur\u0103 tratamente gratuite bolnavilor oncologici ajun\u0219i \u00een Rom\u00e2nia<\/a><\/h3>\n<\/div>\n<\/div>\n<\/div>\n<div class=\"td_module_flex td_module_flex_1 td_module_wrap td-animation-stack td-meta-info-hide td-cpt-post\">\n<div class=\"td-module-container td-category-pos-image\">\n<div class=\"td-module-meta-info\">\n<h3 class=\"entry-title td-module-title\"><a href=\"https:\/\/voceatimisului.ro\/cod-galben-de-vant-in-timis-sunt-asteptate-si-ploi-insemnate-cantitativ\/\" rel=\"bookmark\" title=\"Cod galben de v\u00e2nt, \u00een Timi\u015f! Sunt a\u015fteptate \u015fi ploi \u00eensemnate cantitativ\">Cod galben de v\u00e2nt, \u00een Timi\u015f! Sunt a\u015fteptate \u015fi ploi \u00eensemnate cantitativ<\/a><\/h3>\n<\/div>\n<\/div>\n<\/div>\n<div class=\"td_module_flex td_module_flex_1 td_module_wrap td-animation-stack td-meta-info-hide td-cpt-post\">\n<div class=\"td-module-container td-category-pos-image\">\n<div class=\"td-module-meta-info\">\n<h3 class=\"entry-title td-module-title\"><a href=\"https:\/\/voceatimisului.ro\/donatie-de-aproape-120-000-de-euro-pentru-mamele-victime-ale-violentei-in-familie-gestul-impresionant-al-unor-timiseni\/\" rel=\"bookmark\" title=\"Dona\u021bie de aproape 120.000 de euro pentru mamele victime ale violen\u021bei \u00een familie! Gestul impresionant al unor timi\u0219eni\">Dona\u021bie de aproape 120.000 de euro pentru mamele victime ale violen\u021bei \u00een familie! Gestul impresionant al unor timi\u0219eni<\/a><\/h3>\n<\/div>\n<\/div>\n<\/div>\n<div class=\"td_module_flex td_module_flex_1 td_module_wrap td-animation-stack td-meta-info-hide td-cpt-post\">\n<div class=\"td-module-container td-category-pos-image\">\n<div class=\"td-module-meta-info\">\n<h3 class=\"entry-title td-module-title\"><a href=\"https:\/\/voceatimisului.ro\/cod-portocaliu-de-vijelie-in-judetul-timis\/\" rel=\"bookmark\" title=\"Cod portocaliu de VIJELIE, in judetul Timis\">Cod portocaliu de VIJELIE, in judetul Timis<\/a><\/h3>\n<\/div>\n<\/div>\n<\/div>\n<\/div>\n<\/div>\n<div class=\"tdb-author-box td_block_wrap tdb_single_author_box tdi_82 tdb-content-vert-top td-pb-border-top td_block_template_1\" data-td-block-uid=\"tdi_82\">\n<div class=\"tdb-block-inner td-fix-index\">\n<div class=\"tdb-author-info\"><a href=\"https:\/\/voceatimisului.ro\/author\/cataadmin\/\" class=\"tdb-author-name\">Radu Constantin<\/a><a href=\"http:\/\/www.voceatimisului.ro\" rel=\"nofollow\" class=\"tdb-author-url\">http:\/\/www.voceatimisului.ro<\/a><\/p>\n<div class=\"tdb-author-descr\">\u00centreaga responsabilitate a comentariilor l\u0103sate de dumneavoastr\u0103 v\u0103 apar\u021bine!<br \/>\nClick <a href=\"https:\/\/voceatimisului.ro\/termeni-si-conditii\/\">aici<\/a>-citeste condi\u0163iile de utilizare ale site-ului www.voceatimisului.ro<\/div>\n<\/div>\n<\/div>\n<\/div>\n<\/div>\n<\/div>\n<\/div>\n<div class=\"vc_column_inner tdi_84  wpb_column vc_column_container tdc-inner-column td-pb-span8\">\n<div class=\"vc_column-inner\">\n<div class=\"wpb_wrapper\">\n<div class=\"td_block_wrap tdb_single_content tdi_85 td-pb-border-top td_block_template_1 td-post-content tagdiv-type\" data-td-block-uid=\"tdi_85\">\n<div class=\"tdb-block-inner td-fix-index\">\n<p><strong>Iarna \u00een plin\u0103 prim\u0103var\u0103 continu\u0103 \u00een for\u0163\u0103 \u00een capitala Banatului. Meteorologii au emis o nou\u0103 avertizare de vreme rea, care intr\u0103 \u00een vigoare de m\u00e2ine \u015fi este valabil\u0103 p\u00e2n\u0103 vineri. Astfel, de joi, 22 martie, ora 15 \u015fi p\u00e2n\u0103 vineri, 23 martie, ora 20, sunt a\u015fteptate temperaturi sc\u0103zute \u015fi ninsori abundente. <\/strong><\/p>\n<p><em>\u201e\u00cen Banat, Oltenia, Muntenia, Dobrogea, jum\u0103tatea de sud a Moldovei \u0219i zona Carpa\u021bilor Meridionali \u0219i de Curbur\u0103 ninsorile vor fi \u00een extindere dinspre sud-vest \u0219i \u00een intensificare, se va depune strat nou de z\u0103pad\u0103, local consistent, iar temporar v\u00e2ntul va avea intensific\u0103ri \u00een medie cu 45\u202655 km\/h, astfel c\u0103 vor fi intervale de timp cu ninsoare viscolit\u0103 \u0219i spulberat\u0103. \u00cen sudul \u0219i \u00een estul Dobrogei precipita\u021biile vor fi mixte \u0219i se va depune polei. Vremea se va men\u021bine deosebit de rece p\u00e2n\u0103 la sf\u00e2r\u0219itul s\u0103pt\u0103m\u00e2nii, cu prec\u0103dere \u00een jum\u0103tatea de sud-est, unde intensific\u0103rile temporare ale v\u00e2ntului vor amplifica senza\u021bia de frig<\/em>\u201e, transmite ANM.<\/p>\n<\/div>\n<\/div>\n<div class=\"td_block_wrap tdb_single_tags tdi_88 td-pb-border-top td_block_template_1\" data-td-block-uid=\"tdi_88\">\n<div class=\"tdb-block-inner td-fix-index\">\n<ul class=\"tdb-tags\">\n<li><span>Tags<\/span><\/li>\n<li><a href=\"https:\/\/voceatimisului.ro\/tag\/meteo\/\">meteo<\/a><\/li>\n<li><a href=\"https:\/\/voceatimisului.ro\/tag\/meteorologi\/\">meteorologi<\/a><\/li>\n<li><a href=\"https:\/\/voceatimisului.ro\/tag\/timis\/\">timis<\/a><\/li>\n<li><a href=\"https:\/\/voceatimisului.ro\/tag\/vreme-rea\/\">vreme rea<\/a><\/li>\n<\/ul>\n<\/div>\n<\/div>\n<div class=\"td_block_wrap tdb_single_post_share tdi_89  td-pb-border-top td_block_template_1\" data-td-block-uid=\"tdi_89\">\n<div id=\"tdi_89\" class=\"td-post-sharing tdb-block td-ps-bg td-ps-notext td-post-sharing-style1 \">\n<div class=\"td-post-sharing-visible\"><a class=\"td-social-sharing-button td-social-sharing-button-js td-social-network td-social-facebook\" href=\"https:\/\/www.facebook.com\/sharer.php?u=https%3A%2F%2Fvoceatimisului.ro%2Favertizare-meteo-cod-galben-de-vreme-rea-ce-ne-asteapta-in-zilele-urmatoare%2F\" title=\"Facebook\" rel=\"noopener\"><\/p>\n<div class=\"td-social-but-text\">Facebook<\/div>\n<p><\/a><a class=\"td-social-sharing-button td-social-sharing-button-js td-social-network td-social-twitter\" href=\"https:\/\/twitter.com\/intent\/tweet?text=Avertizare+meteo%3A+cod+galben+de+vreme+rea.+Ce+ne+asteapta+in+zilele+urmatoare&amp;url=https%3A%2F%2Fvoceatimisului.ro%2Favertizare-meteo-cod-galben-de-vreme-rea-ce-ne-asteapta-in-zilele-urmatoare%2F&amp;via=Vocea+Timisului\" title=\"Twitter\" rel=\"noopener\"><\/p>\n<div class=\"td-social-but-text\">Twitter<\/div>\n<p><\/a><a class=\"td-social-sharing-button td-social-sharing-button-js td-social-network td-social-pinterest\" href=\"https:\/\/pinterest.com\/pin\/create\/button\/?url=https:\/\/voceatimisului.ro\/avertizare-meteo-cod-galben-de-vreme-rea-ce-ne-asteapta-in-zilele-urmatoare\/&amp;media=https:\/\/analyse.optim.biz\/wp-content\/uploads\/2026\/01\/harta-romaniei-meteo.jpg&amp;description=Avertizare+meteo%3A+cod+galben+de+vreme+rea.+Ce+ne+asteapta+in+zilele+urmatoare\" title=\"Pinterest\" rel=\"noopener\"><\/p>\n<div class=\"td-social-but-text\">Pinterest<\/div>\n<p><\/a><a class=\"td-social-sharing-button td-social-sharing-button-js td-social-network td-social-whatsapp\" href=\"https:\/\/api.whatsapp.com\/send?text=Avertizare+meteo%3A+cod+galben+de+vreme+rea.+Ce+ne+asteapta+in+zilele+urmatoare%20%0A%0A%20https:\/\/voceatimisului.ro\/avertizare-meteo-cod-galben-de-vreme-rea-ce-ne-asteapta-in-zilele-urmatoare\/\" title=\"WhatsApp\" rel=\"noopener\"><\/p>\n<div class=\"td-social-but-text\">WhatsApp<\/div>\n<p><\/a><a class=\"td-social-sharing-button td-social-sharing-button-js td-social-network td-social-linkedin\" href=\"https:\/\/www.linkedin.com\/shareArticle?mini=true&amp;url=https:\/\/voceatimisului.ro\/avertizare-meteo-cod-galben-de-vreme-rea-ce-ne-asteapta-in-zilele-urmatoare\/&amp;title=Avertizare+meteo%3A+cod+galben+de+vreme+rea.+Ce+ne+asteapta+in+zilele+urmatoare\" title=\"Linkedin\" rel=\"noopener\"><\/p>\n<div class=\"td-social-but-text\">Linkedin<\/div>\n<p><\/a><a class=\"td-social-sharing-button td-social-sharing-button-js td-social-network td-social-copy_url\" href=\"https:\/\/voceatimisului.ro\/avertizare-meteo-cod-galben-de-vreme-rea-ce-ne-asteapta-in-zilele-urmatoare\/\" title=\"Copy URL\" rel=\"noopener\"><\/p>\n<div class=\"td-social-but-text\">Copy URL<\/div>\n<p><\/a><\/div>\n<\/div>\n<\/div>\n<div class=\"td_block_wrap tdb_single_next_prev tdi_90 td-animation-stack td-next-prev-img-on td-pb-border-top td_block_template_1\" data-td-block-uid=\"tdi_90\">\n<div class=\"tdb-block-inner td-fix-index\">\n<div class=\"tdb-next-post tdb-next-post-bg tdb-post-prev\"><span>Articolul precedent<\/span><\/p>\n<div class=\"td-module-container\">\n<div class=\"td-image-container\"><a class=\"td-image-wrap\" href=\"https:\/\/voceatimisului.ro\/viroze-pe-banda-rulanta-in-timis-mii-de-pacienti-au-mers-la-medic-zeci-au-fost-internati\/\"><img decoding=\"async\" class=\"td-next-prev-image td-fix-index td-lazy-img\" title=\"Viroze pe banda rulanta in Timis. Mii de pacienti au mers la medic, zeci au fost internati\" src=\"https:\/\/analyse.optim.biz\/wp-content\/uploads\/2026\/01\/viroza-jpg.webp\"><\/a><\/div>\n<div class=\"next-prev-title\"><a href=\"https:\/\/voceatimisului.ro\/viroze-pe-banda-rulanta-in-timis-mii-de-pacienti-au-mers-la-medic-zeci-au-fost-internati\/\">Viroze pe banda rulanta in Timis. Mii de pacienti au mers la medic, zeci au fost internati<\/a><\/div>\n<\/div>\n<\/div>\n<div class=\"tdb-next-post tdb-next-post-bg tdb-post-next\"><span>Articolul urm\u0103tor<\/span><\/p>\n<div class=\"td-module-container\">\n<div class=\"td-image-container\"><a class=\"td-image-wrap\" href=\"https:\/\/voceatimisului.ro\/la-un-pas-sa-ramana-fara-casa-in-urma-unui-incendiu-cum-au-intervenit-pompierii\/\"><img loading=\"lazy\" decoding=\"async\" class=\"td-next-prev-image td-fix-index td-lazy-img\" title=\"La un pas sa ramana fara casa in urma unui incendiu. Cum au intervenit pompierii\" width=\"696\" height=\"392\" src=\"https:\/\/analyse.optim.biz\/wp-content\/uploads\/2026\/01\/incendiu-ghilad-1-jpg-696x392-1.webp\"><\/a><\/div>\n<div class=\"next-prev-title\"><a href=\"https:\/\/voceatimisului.ro\/la-un-pas-sa-ramana-fara-casa-in-urma-unui-incendiu-cum-au-intervenit-pompierii\/\">La un pas sa ramana fara casa in urma unui incendiu. Cum au intervenit pompierii<\/a><\/div>\n<\/div>\n<\/div>\n<\/div>\n<\/div>\n<\/div>\n<\/div>\n<\/div>\n<\/div>\n<div class=\"vc_row_inner tdi_100  vc_row vc_inner wpb_row td-pb-row\">\n<div class=\"vc_column_inner tdi_102  wpb_column vc_column_container tdc-inner-column td-pb-span4 td-is-sticky\">\n<div class=\"vc_column-inner\">\n<div class=\"wpb_wrapper\" data-sticky-enabled-on=\"W3RydWUsdHJ1ZSx0cnVlLHRydWVd\" data-sticky-offset=\"20\" data-sticky-is-width-auto=\"W2ZhbHNlLGZhbHNlLGZhbHNlLGZhbHNlXQ==\">\n<div class=\"td_block_wrap tdb_single_related tdi_103 td_with_ajax_pagination td-pb-border-top td_block_template_1 tdb-single-related-posts\" data-td-block-uid=\"tdi_103\">\n<div id=\"tdi_103\" class=\"td_block_inner tdb-block-inner td-fix-index\">\n<div class=\"tdb_module_related td_module_wrap td-animation-stack td-meta-info-hide\">\n<div class=\"td-module-container td-category-pos-image\">\n<div class=\"td-module-meta-info\">\n<h3 class=\"entry-title td-module-title\"><a href=\"https:\/\/voceatimisului.ro\/atentie-soferi-temperaturile-scazute-viscolul-si-ninsorile-va-pot-pune-probleme-cnair-circulati-cu-atentie\/\" rel=\"bookmark\" title=\"Atentie soferi! Temperaturile scazute, viscolul si ninsorile va pot pune probleme. CNAIR: Circulati cu atentie!\">Atentie soferi! Temperaturile scazute, viscolul si ninsorile va pot pune probleme. CNAIR: Circulati cu atentie!<\/a><\/h3>\n<\/div>\n<\/div>\n<\/div>\n<div class=\"tdb_module_related td_module_wrap td-animation-stack td-meta-info-hide\">\n<div class=\"td-module-container td-category-pos-image\">\n<div class=\"td-module-meta-info\">\n<h3 class=\"entry-title td-module-title\"><a href=\"https:\/\/voceatimisului.ro\/competitie-la-cj-timis-spitalele-din-judet-pot-accesa-fonduri-pentru-dotarea-cu-echipamente-medicale\/\" rel=\"bookmark\" title=\"Competitie la CJ Timis: spitalele din judet pot accesa fonduri pentru dotarea cu echipamente medicale\">Competitie la CJ Timis: spitalele din judet pot accesa fonduri pentru dotarea cu echipamente medicale<\/a><\/h3>\n<\/div>\n<\/div>\n<\/div>\n<div class=\"tdb_module_related td_module_wrap td-animation-stack td-meta-info-hide\">\n<div class=\"td-module-container td-category-pos-image\">\n<div class=\"td-module-meta-info\">\n<h3 class=\"entry-title td-module-title\"><a href=\"https:\/\/voceatimisului.ro\/profesori-si-elevi-din-timis-fortati-sa-stea-acasa-dupa-ninsoarea-de-azi-noapte\/\" rel=\"bookmark\" title=\"Profesori si elevi din Timis, fortati sa stea acasa dupa ninsoarea de azi-noapte\">Profesori si elevi din Timis, fortati sa stea acasa dupa ninsoarea de azi-noapte<\/a><\/h3>\n<\/div>\n<\/div>\n<\/div>\n<\/div>\n<\/div>\n<\/div>\n<\/div>\n<\/div>\n<div class=\"vc_column_inner tdi_105  wpb_column vc_column_container tdc-inner-column td-pb-span8\">\n<div class=\"vc_column-inner\">\n<div class=\"wpb_wrapper\">\n<div class=\"td_block_wrap tdb_single_comments tdi_106 tdb-comm-layout2 td-pb-border-top td_block_template_2\" data-td-block-uid=\"tdi_106\">\n<div class=\"tdb-block-inner td-fix-index\">\n<div class=\"comments\" id=\"comments\">\n<div id=\"respond\" class=\"comment-respond\">\n<h3 id=\"reply-title\" class=\"comment-reply-title\">L\u0102SA\u021aI UN MESAJ <small><a rel=\"nofollow\" id=\"cancel-comment-reply-link\" href=\"https:\/\/voceatimisului.ro\/avertizare-meteo-cod-galben-de-vreme-rea-ce-ne-asteapta-in-zilele-urmatoare\/#respond\">Renun\u021ba\u021bi la r\u0103spuns<\/a><\/small><\/h3>\n<div class=\"comment-form-input-wrap td-form-comment\">\n<div class=\"td-warning-comment\">V\u0103 rug\u0103m s\u0103 introduce\u021bi comentariul dvs.!<\/div>\n<\/div>\n<div class=\"comment-form-input-wrap td-form-author\">\n<div class=\"td-warning-author\">Introduce\u021bi aici numele dvs.<\/div>\n<\/div>\n<div class=\"comment-form-input-wrap td-form-email\">\n<div class=\"td-warning-email-error\">A\u021bi introdus o adres\u0103 de e-mail incorect\u0103!<\/div>\n<div class=\"td-warning-email\">V\u0103 rug\u0103m s\u0103 introduce\u021bi adresa dvs. de e-mail aici<\/div>\n<\/div>\n<\/div>\n<\/div>\n<\/div>\n<\/div>\n<\/div>\n<\/div>\n<\/div>\n<\/div>\n<\/div>\n<\/div>\n<div class=\"vc_column tdi_108  wpb_column vc_column_container tdc-column td-pb-span4 td-is-sticky\">\n<div class=\"wpb_wrapper\" data-sticky-enabled-on=\"W3RydWUsdHJ1ZSx0cnVlLHRydWVd\" data-sticky-offset=\"20\" data-sticky-is-width-auto=\"W2ZhbHNlLGZhbHNlLGZhbHNlLGZhbHNlXQ==\">\n<div class=\"vc_row_inner tdi_110  vc_row vc_inner wpb_row td-pb-row\">\n<div class=\"vc_column_inner tdi_112  wpb_column vc_column_container tdc-inner-column td-pb-span12\">\n<div class=\"vc_column-inner\">\n<div class=\"wpb_wrapper\">\n<div class=\"td_block_wrap td_block_title tdi_113 td-pb-border-top td_block_template_11 td-fix-index\" data-td-block-uid=\"tdi_113\">\n<div class=\"td-block-title-wrap\">\n<h4 class=\"td-block-title\"><span class=\"td-pulldown-size\">ANUN\u021aURI \u0218I PUBLICITATE<\/span><\/h4>\n<\/div>\n<\/div>\n<\/div>\n<\/div>\n<\/div>\n<\/div>\n<div class=\"wpb_wrapper td_block_wrap vc_widget_sidebar tdi_115 \">\n<aside id=\"block-10\" class=\"td_block_template_1 widget block-10 widget_block widget_media_image\">\n<figure class=\"wp-block-image size-full\"><a href=\"https:\/\/adpghiroda.ro\/index.html\" target=\"_blank\" rel=\" noreferrer noopener\"><img decoding=\"async\" loading=\"lazy\" width=\"960\" height=\"960\" src=\"https:\/\/analyse.optim.biz\/wp-content\/uploads\/2026\/01\/adp-ghiroda2-158.jpg\" class=\"wp-image-171492\" title=\"adp-ghiroda2-158\"><\/a><\/figure>\n<\/aside>\n<aside id=\"block-11\" class=\"td_block_template_1 widget block-11 widget_block widget_media_image\">\n<figure class=\"wp-block-image size-full\"><a href=\"https:\/\/adpghiroda.ro\/index.html\" target=\"_blank\" rel=\" noreferrer noopener\"><img decoding=\"async\" loading=\"lazy\" width=\"960\" height=\"960\" src=\"https:\/\/analyse.optim.biz\/wp-content\/uploads\/2026\/01\/adp-ghiroda1-158.jpg\" class=\"wp-image-171491\" title=\"adp-ghiroda1-158\"><\/a><\/figure>\n<\/aside>\n<aside id=\"block-17\" class=\"td_block_template_1 widget block-17 widget_block widget_media_image\">\n<figure class=\"wp-block-image size-large is-resized\"><a href=\"https:\/\/verde.events\/\" target=\"_blank\" rel=\" noreferrer noopener\"><img decoding=\"async\" loading=\"lazy\" width=\"1024\" height=\"683\" src=\"https:\/\/analyse.optim.biz\/wp-content\/uploads\/2026\/01\/verde-events-24-1024x683-1-143.jpg\" alt=\"Verde Events\" class=\"wp-image-174395\" title=\"verde-events-24-1024x683-1-143\"><\/a><figcaption class=\"wp-element-caption\"><strong><em>O experien\u021b\u0103 unic\u0103 pentru orice tip de eveniment<\/em><\/strong><\/figcaption><\/figure>\n<\/aside>\n<\/div>\n<div class=\"td_block_wrap td_flex_block_1 tdi_121 td-pb-border-top td_block_template_1 td_ajax_preloading_preload td_flex_block\" data-td-block-uid=\"tdi_121\">\n<div id=\"tdi_121\" class=\"td_block_inner td-mc1-wrap\">\n<div class=\"td_module_flex td_module_flex_1 td_module_wrap td-animation-stack td-meta-info-hide td-cpt-post\">\n<div class=\"td-module-container td-category-pos-image\">\n<div class=\"td-module-meta-info\">\n<h3 class=\"entry-title td-module-title\"><a href=\"https:\/\/voceatimisului.ro\/firmele-contractate-de-cj-timis-pentru-deszapezirea-drumurilor-judete-mobilizare-in-forta\/\" rel=\"bookmark\" title=\"Firmele contractate de CJ Timis pentru deszapezirea drumurilor judetene, mobilizare in forta\">Firmele contractate de CJ Timis pentru deszapezirea drumurilor judetene, mobilizare in forta<\/a><\/h3>\n<\/div>\n<\/div>\n<\/div>\n<div class=\"td_module_flex td_module_flex_1 td_module_wrap td-animation-stack td-meta-info-hide td-cpt-post\">\n<div class=\"td-module-container td-category-pos-image\">\n<div class=\"td-module-meta-info\">\n<h3 class=\"entry-title td-module-title\"><a href=\"https:\/\/voceatimisului.ro\/viroze-pe-banda-rulanta-in-timis-mii-de-pacienti-au-mers-la-medic-zeci-au-fost-internati\/\" rel=\"bookmark\" title=\"Viroze pe banda rulanta in Timis. Mii de pacienti au mers la medic, zeci au fost internati\">Viroze pe banda rulanta in Timis. Mii de pacienti au mers la medic, zeci au fost internati<\/a><\/h3>\n<\/div>\n<\/div>\n<\/div>\n<div class=\"td_module_flex td_module_flex_1 td_module_wrap td-animation-stack td-meta-info-hide td-cpt-post\">\n<div class=\"td-module-container td-category-pos-image\">\n<div class=\"td-module-meta-info\">\n<h3 class=\"entry-title td-module-title\"><a href=\"https:\/\/voceatimisului.ro\/circ-in-plenul-cl-timisoara-pe-tema-inchirierii-sediului-psd-timis-ce-a-decis-primarul-robu\/\" rel=\"bookmark\" title=\"Circ in plenul CL Timisoara pe tema inchirierii sediului PSD Timis. Ce a decis primarul Robu\">Circ in plenul CL Timisoara pe tema inchirierii sediului PSD Timis. Ce a decis primarul Robu<\/a><\/h3>\n<\/div>\n<\/div>\n<\/div>\n<div class=\"td_module_flex td_module_flex_1 td_module_wrap td-animation-stack td-meta-info-hide td-cpt-post\">\n<div class=\"td-module-container td-category-pos-image\">\n<div class=\"td-module-meta-info\">\n<h3 class=\"entry-title td-module-title\"><a href=\"https:\/\/voceatimisului.ro\/pompierii-isu-timis-salvatori-de-vieti-si-in-timpul-liber\/\" rel=\"bookmark\" title=\"Pompierii ISU Timis, salvatori de vieti si in timpul liber\">Pompierii ISU Timis, salvatori de vieti si in timpul liber<\/a><\/h3>\n<\/div>\n<\/div>\n<\/div>\n<div class=\"td_module_flex td_module_flex_1 td_module_wrap td-animation-stack td-meta-info-hide td-cpt-post\">\n<div class=\"td-module-container td-category-pos-image\">\n<div class=\"td-module-meta-info\">\n<h3 class=\"entry-title td-module-title\"><a href=\"https:\/\/voceatimisului.ro\/bilant-de-weekend-la-rutiera-sute-de-amenzi-zeci-de-soferi-lasati-pietoni\/\" rel=\"bookmark\" title=\"Bilant de weekend la Rutiera: sute de amenzi, zeci de soferi lasati pietoni\">Bilant de weekend la Rutiera: sute de amenzi, zeci de soferi lasati pietoni<\/a><\/h3>\n<\/div>\n<\/div>\n<\/div>\n<\/div>\n<\/div>\n<\/div>\n<\/div>\n<\/div>\n<\/div>\n<\/div>\n<\/div>\n<p><span class=\"td-page-meta\"><\/span><span class=\"td-page-meta\"><span class=\"td-page-meta\"><\/span><\/span><span class=\"td-page-meta\"><\/span><\/article>\n<p> Source URL: https:\/\/voceatimisului.ro\/avertizare-meteo-cod-galben-de-vreme-rea-ce-ne-asteapta-in-zilele-urmatoare\/<\/p>\n","protected":false},"excerpt":{"rendered":"<p>\u0218tiriSocial Avertizare meteo: cod galben de vreme rea. Ce ne asteapta in zilele urmatoare Autor-Radu Constantin 21 martie 2018 0 14098 Facebook Twitter Pinterest WhatsApp Linkedin Copy URL harta romaniei meteo Sprijin medical pentru refugia\u021bii din Ucraina! OncoHelp asigur\u0103 tratamente gratuite bolnavilor oncologici ajun\u0219i \u00een Rom\u00e2nia Cod galben de v\u00e2nt, \u00een Timi\u015f! Sunt a\u015fteptate \u015fi [&hellip;]<\/p>\n","protected":false},"author":1,"featured_media":1327990,"comment_status":"open","ping_status":"","sticky":false,"template":"","format":"standard","meta":{"footnotes":""},"categories":[89],"tags":[199],"class_list":["post-1327989","post","type-post","status-publish","format-standard","has-post-thumbnail","hentry","category-romania","tag-voceatimisului-ro"],"_links":{"self":[{"href":"https:\/\/analyse.optim.biz\/index.php?rest_route=\/wp\/v2\/posts\/1327989","targetHints":{"allow":["GET"]}}],"collection":[{"href":"https:\/\/analyse.optim.biz\/index.php?rest_route=\/wp\/v2\/posts"}],"about":[{"href":"https:\/\/analyse.optim.biz\/index.php?rest_route=\/wp\/v2\/types\/post"}],"author":[{"embeddable":true,"href":"https:\/\/analyse.optim.biz\/index.php?rest_route=\/wp\/v2\/users\/1"}],"replies":[{"embeddable":true,"href":"https:\/\/analyse.optim.biz\/index.php?rest_route=%2Fwp%2Fv2%2Fcomments&post=1327989"}],"version-history":[{"count":0,"href":"https:\/\/analyse.optim.biz\/index.php?rest_route=\/wp\/v2\/posts\/1327989\/revisions"}],"wp:featuredmedia":[{"embeddable":true,"href":"https:\/\/analyse.optim.biz\/index.php?rest_route=\/wp\/v2\/media\/1327990"}],"wp:attachment":[{"href":"https:\/\/analyse.optim.biz\/index.php?rest_route=%2Fwp%2Fv2%2Fmedia&parent=1327989"}],"wp:term":[{"taxonomy":"category","embeddable":true,"href":"https:\/\/analyse.optim.biz\/index.php?rest_route=%2Fwp%2Fv2%2Fcategories&post=1327989"},{"taxonomy":"post_tag","embeddable":true,"href":"https:\/\/analyse.optim.biz\/index.php?rest_route=%2Fwp%2Fv2%2Ftags&post=1327989"}],"curies":[{"name":"wp","href":"https:\/\/api.w.org\/{rel}","templated":true}]}}