{"id":1323646,"date":"2022-05-02T10:50:03","date_gmt":"2022-05-02T07:50:03","guid":{"rendered":"https:\/\/analyse.optim.biz\/?p=1323646"},"modified":"2022-05-02T10:50:03","modified_gmt":"2022-05-02T07:50:03","slug":"proiect-unic-in-vestul-tarii-demarat-de-oncohelp-ora-de-autoingrijire-incearca-sa-ii-ajute-pe-pacienti-sa-si-control","status":"publish","type":"post","link":"https:\/\/analyse.optim.biz\/?p=1323646","title":{"rendered":"Proiect unic \u00een vestul \u0163\u0103rii, demarat de OncoHelp! \u201cOra de auto\u00eengrijire\u201d \u00eencearc\u0103 s\u0103 \u00eei ajute pe pacien\u021bi s\u0103-\u0219i control"},"content":{"rendered":"<article id=\"template-id-172790\" class=\"post-172790 tdb_templates type-tdb_templates status-publish post\">\n<div id=\"tdi_52\" class=\"tdc-zone\">\n<div class=\"tdc_zone tdi_53  wpb_row td-pb-row\">\n<div id=\"tdi_54\" class=\"tdc-row stretch_row_1400 td-stretch-content\">\n<div class=\"vc_row tdi_55  wpb_row td-pb-row tdc-element-style\">\n<div class=\"vc_column tdi_57  wpb_column vc_column_container tdc-column td-pb-span8\">\n<div class=\"wpb_wrapper\">\n<div class=\"td_block_wrap tdb_single_categories tdi_58 td-pb-border-top td_block_template_1 \" data-td-block-uid=\"tdi_58\">\n<div class=\"tdb-category td-fix-index\"><a class=\"tdb-entry-category\" href=\"https:\/\/voceatimisului.ro\/category\/stiri-din-timisoara-si-timis\/\">\u0218tiri<\/a><a class=\"tdb-entry-category\" href=\"https:\/\/voceatimisului.ro\/category\/stiri-din-timisoara-si-timis\/sanatate\/\">S\u0103n\u0103tate<\/a><\/div>\n<\/div>\n<div class=\"td_block_wrap tdb_title tdi_59 tdb-single-title td-pb-border-top td_block_template_1\" data-td-block-uid=\"tdi_59\">\n<div class=\"tdb-block-inner td-fix-index\">\n<h1 class=\"tdb-title-text\">Proiect unic \u00een vestul \u0163\u0103rii, demarat de OncoHelp! \u201cOra de auto\u00eengrijire\u201d \u00eencearc\u0103 s\u0103 \u00eei ajute pe pacien\u021bi s\u0103-\u0219i controleze propria stare de s\u0103n\u0103tate<\/h1>\n<\/div>\n<\/div>\n<div class=\"vc_row_inner tdi_62  vc_row vc_inner wpb_row td-pb-row\">\n<div class=\"vc_column_inner tdi_64  wpb_column vc_column_container tdc-inner-column td-pb-span6\">\n<div class=\"vc_column-inner\">\n<div class=\"wpb_wrapper\">\n<div class=\"td_block_wrap tdb_single_author tdi_65 td-pb-border-top td_block_template_1 tdb-post-meta\" data-td-block-uid=\"tdi_65\">\n<div class=\"tdb-block-inner td-fix-index\">\n<div class=\"tdb-author-name-wrap\"><span class=\"tdb-author-by\">Autor-<\/span><a class=\"tdb-author-name\" href=\"https:\/\/voceatimisului.ro\/author\/ioana\/\">Ioana Danciu<\/a><\/div>\n<\/div>\n<\/div>\n<div class=\"td_block_wrap tdb_single_date tdi_66 td-pb-border-top td_block_template_1 tdb-post-meta\" data-td-block-uid=\"tdi_66\">\n<div class=\"tdb-block-inner td-fix-index\"><time class=\"entry-date updated td-module-date\" datetime=\"2022-05-02T13:50:03+03:00\">2 mai 2022<\/time><\/div>\n<\/div>\n<div class=\"td_block_wrap tdb_single_comments_count tdi_67 td-pb-border-top td_block_template_1 tdb-post-meta\" data-td-block-uid=\"tdi_67\">\n<div class=\"tdb-block-inner td-fix-index\"><a href=\"https:\/\/voceatimisului.ro\/proiect-unic-in-vestul-tarii-demarat-de-oncohelp-ora-de-autoingrijire-incearca-sa-ii-ajute-pe-pacienti-sa-si-controleze-propria-stare-de-sanatate\/#respond\"><span>0<\/span><\/a><\/div>\n<\/div>\n<div class=\"td_block_wrap tdb_single_post_views tdi_68 td-pb-border-top td_block_template_1 tdb-post-meta\" data-td-block-uid=\"tdi_68\">\n<div class=\"tdb-block-inner td-fix-index\"><span class=\"tdb-add-text\">1<\/span><span class=\"td-nr-views-151437\">1060<\/span><\/div>\n<\/div>\n<\/div>\n<\/div>\n<\/div>\n<div class=\"vc_column_inner tdi_70  wpb_column vc_column_container tdc-inner-column td-pb-span6\">\n<div class=\"vc_column-inner\">\n<div class=\"wpb_wrapper\">\n<div class=\"td_block_wrap tdb_single_post_share tdi_71  td-pb-border-top td_block_template_1\" data-td-block-uid=\"tdi_71\">\n<div id=\"tdi_71\" class=\"td-post-sharing tdb-block td-ps-bg td-ps-notext td-post-sharing-style1 \">\n<div class=\"td-post-sharing-visible\"><a class=\"td-social-sharing-button td-social-sharing-button-js td-social-network td-social-facebook\" href=\"https:\/\/www.facebook.com\/sharer.php?u=https%3A%2F%2Fvoceatimisului.ro%2Fproiect-unic-in-vestul-tarii-demarat-de-oncohelp-ora-de-autoingrijire-incearca-sa-ii-ajute-pe-pacienti-sa-si-controleze-propria-stare-de-sanatate%2F\" title=\"Facebook\" rel=\"noopener\"><\/p>\n<div class=\"td-social-but-text\">Facebook<\/div>\n<p><\/a><a class=\"td-social-sharing-button td-social-sharing-button-js td-social-network td-social-twitter\" href=\"https:\/\/twitter.com\/intent\/tweet?text=Proiect+unic+%C3%AEn+vestul+%C5%A3%C4%83rii%2C+demarat+de+OncoHelp%21+%E2%80%9COra+de+auto%C3%AEngrijire%E2%80%9D+%C3%AEncearc%C4%83+s%C4%83+%C3%AEi+ajute+pe+pacien%C8%9Bi+s%C4%83-%C8%99i+controleze+propria+stare+de+s%C4%83n%C4%83tate&amp;url=https%3A%2F%2Fvoceatimisului.ro%2Fproiect-unic-in-vestul-tarii-demarat-de-oncohelp-ora-de-autoingrijire-incearca-sa-ii-ajute-pe-pacienti-sa-si-controleze-propria-stare-de-sanatate%2F&amp;via=Vocea+Timisului\" title=\"Twitter\" rel=\"noopener\"><\/p>\n<div class=\"td-social-but-text\">Twitter<\/div>\n<p><\/a><a class=\"td-social-sharing-button td-social-sharing-button-js td-social-network td-social-pinterest\" href=\"https:\/\/pinterest.com\/pin\/create\/button\/?url=https:\/\/voceatimisului.ro\/proiect-unic-in-vestul-tarii-demarat-de-oncohelp-ora-de-autoingrijire-incearca-sa-ii-ajute-pe-pacienti-sa-si-controleze-propria-stare-de-sanatate\/&amp;media=https:\/\/analyse.optim.biz\/wp-content\/uploads\/2026\/01\/centrul-de-oncologie-oncohelp-jpg.webp&amp;description=Proiect+unic+%C3%AEn+vestul+%C5%A3%C4%83rii%2C+demarat+de+OncoHelp%21+%E2%80%9COra+de+auto%C3%AEngrijire%E2%80%9D+%C3%AEncearc%C4%83+s%C4%83+%C3%AEi+ajute+pe+pacien%C8%9Bi+s%C4%83-%C8%99i+controleze+propria+stare+de+s%C4%83n%C4%83tate\" title=\"Pinterest\" rel=\"noopener\"><\/p>\n<div class=\"td-social-but-text\">Pinterest<\/div>\n<p><\/a><a class=\"td-social-sharing-button td-social-sharing-button-js td-social-network td-social-whatsapp\" href=\"https:\/\/api.whatsapp.com\/send?text=Proiect+unic+%C3%AEn+vestul+%C5%A3%C4%83rii%2C+demarat+de+OncoHelp%21+%E2%80%9COra+de+auto%C3%AEngrijire%E2%80%9D+%C3%AEncearc%C4%83+s%C4%83+%C3%AEi+ajute+pe+pacien%C8%9Bi+s%C4%83-%C8%99i+controleze+propria+stare+de+s%C4%83n%C4%83tate%20%0A%0A%20https:\/\/voceatimisului.ro\/proiect-unic-in-vestul-tarii-demarat-de-oncohelp-ora-de-autoingrijire-incearca-sa-ii-ajute-pe-pacienti-sa-si-controleze-propria-stare-de-sanatate\/\" title=\"WhatsApp\" rel=\"noopener\"><\/p>\n<div class=\"td-social-but-text\">WhatsApp<\/div>\n<p><\/a><a class=\"td-social-sharing-button td-social-sharing-button-js td-social-network td-social-linkedin\" href=\"https:\/\/www.linkedin.com\/shareArticle?mini=true&amp;url=https:\/\/voceatimisului.ro\/proiect-unic-in-vestul-tarii-demarat-de-oncohelp-ora-de-autoingrijire-incearca-sa-ii-ajute-pe-pacienti-sa-si-controleze-propria-stare-de-sanatate\/&amp;title=Proiect+unic+%C3%AEn+vestul+%C5%A3%C4%83rii%2C+demarat+de+OncoHelp%21+%E2%80%9COra+de+auto%C3%AEngrijire%E2%80%9D+%C3%AEncearc%C4%83+s%C4%83+%C3%AEi+ajute+pe+pacien%C8%9Bi+s%C4%83-%C8%99i+controleze+propria+stare+de+s%C4%83n%C4%83tate\" title=\"Linkedin\" rel=\"noopener\"><\/p>\n<div class=\"td-social-but-text\">Linkedin<\/div>\n<p><\/a><a class=\"td-social-sharing-button td-social-sharing-button-js td-social-network td-social-copy_url\" href=\"https:\/\/voceatimisului.ro\/proiect-unic-in-vestul-tarii-demarat-de-oncohelp-ora-de-autoingrijire-incearca-sa-ii-ajute-pe-pacienti-sa-si-controleze-propria-stare-de-sanatate\/\" title=\"Copy URL\" rel=\"noopener\"><\/p>\n<div class=\"td-social-but-text\">Copy URL<\/div>\n<p><\/a><\/div>\n<\/div>\n<\/div>\n<\/div>\n<\/div>\n<\/div>\n<\/div>\n<div class=\"td_block_wrap tdb_single_featured_image tdi_72 tdb-content-horiz-left td-pb-border-top td_block_template_1\" data-td-block-uid=\"tdi_72\">\n<div class=\"tdb-block-inner td-fix-index\">\n<figure><img fetchpriority=\"high\" decoding=\"async\" width=\"696\" height=\"522\" class=\"entry-thumb\" src=\"https:\/\/analyse.optim.biz\/wp-content\/uploads\/2026\/01\/centrul-de-oncologie-oncohelp-jpg-696x522-1.webp\" alt=\"Centrul de Oncologie OncoHelp jpg\" title=\"Centrul de Oncologie OncoHelp jpg\" loading=\"eager\"><figcaption class=\"tdb-caption-text\">Centrul de Oncologie OncoHelp jpg<\/figcaption><\/figure>\n<\/div>\n<\/div>\n<div class=\"vc_row_inner tdi_74  vc_row vc_inner wpb_row td-pb-row\">\n<div class=\"vc_column_inner tdi_76  wpb_column vc_column_container tdc-inner-column td-pb-span4 td-is-sticky\">\n<div class=\"vc_column-inner\">\n<div class=\"wpb_wrapper\" data-sticky-enabled-on=\"W3RydWUsdHJ1ZSx0cnVlLHRydWVd\" data-sticky-offset=\"20\" data-sticky-is-width-auto=\"W2ZhbHNlLGZhbHNlLGZhbHNlLGZhbHNlXQ==\">\n<div class=\"td_block_wrap td_flex_block_1 tdi_77 td-pb-border-top td_block_template_1 td_ajax_preloading_preload td_flex_block\" data-td-block-uid=\"tdi_77\">\n<div id=\"tdi_77\" class=\"td_block_inner td-mc1-wrap\">\n<div class=\"td_module_flex td_module_flex_1 td_module_wrap td-animation-stack td-meta-info-hide td-cpt-post\">\n<div class=\"td-module-container td-category-pos-image\">\n<div class=\"td-module-meta-info\">\n<h3 class=\"entry-title td-module-title\"><a href=\"https:\/\/voceatimisului.ro\/haos-generalizat-sute-de-mii-de-euro-nefiscalizati-zburda-n-voie-in-germania-printre-clanurile-de-rromi-din-timisoara-care-se-ameninta-cu-incendierea-mortilor-si-cu-varsarea-de-sange-prin-toata-e\/\" rel=\"bookmark\" title=\"Haos generalizat! Sute de mii de euro nefiscaliza\u021bi, zburd\u0103-n voie, \u00een Germania, printre clanurile de rromi din Timi\u0219oara, care se amenin\u021b\u0103 cu incendierea mor\u021bilor \u0219i cu v\u0103rsarea de s\u00e2nge prin toat\u0103 Europa\">Haos generalizat! Sute de mii de euro nefiscaliza\u021bi, zburd\u0103-n voie, \u00een Germania, printre clanurile de rromi din Timi\u0219oara, care se amenin\u021b\u0103 cu incendierea mor\u021bilor&#8230;<\/a><\/h3>\n<\/div>\n<\/div>\n<\/div>\n<div class=\"td_module_flex td_module_flex_1 td_module_wrap td-animation-stack td-meta-info-hide td-cpt-post\">\n<div class=\"td-module-container td-category-pos-image\">\n<div class=\"td-module-meta-info\">\n<h3 class=\"entry-title td-module-title\"><a href=\"https:\/\/voceatimisului.ro\/previziune-sumbra-lichidatorii-colterm-sa-anunta-ca-sistemul-centralizat-de-termoficare-din-municipiul-timisoara-se-va-prabusi-in-mai-putin-de-5-ani\/\" rel=\"bookmark\" title=\"Previziune sumbr\u0103! Lichidatorii Colterm SA anun\u021b\u0103 c\u0103 sistemul centralizat de termoficare din municipiul Timi\u0219oara se va pr\u0103bu\u0219i \u00een mai pu\u021bin de 5 ani\">Previziune sumbr\u0103! Lichidatorii Colterm SA anun\u021b\u0103 c\u0103 sistemul centralizat de termoficare din municipiul Timi\u0219oara se va pr\u0103bu\u0219i \u00een mai pu\u021bin de 5 ani<\/a><\/h3>\n<\/div>\n<\/div>\n<\/div>\n<div class=\"td_module_flex td_module_flex_1 td_module_wrap td-animation-stack td-meta-info-hide td-cpt-post\">\n<div class=\"td-module-container td-category-pos-image\">\n<div class=\"td-module-meta-info\">\n<h3 class=\"entry-title td-module-title\"><a href=\"https:\/\/voceatimisului.ro\/consiliul-judetean-vrea-centura-feroviara-pentru-timisoara-a-lansat-licitatia-pentru-studiul-de-fezabilitate\/\" rel=\"bookmark\" title=\"Consiliul Jude\u021bean vrea centur\u0103 feroviar\u0103 pentru Timi\u0219oara! A lansat licita\u021bia pentru studiul de fezabilitate\">Consiliul Jude\u021bean vrea centur\u0103 feroviar\u0103 pentru Timi\u0219oara! A lansat licita\u021bia pentru studiul de fezabilitate<\/a><\/h3>\n<\/div>\n<\/div>\n<\/div>\n<div class=\"td_module_flex td_module_flex_1 td_module_wrap td-animation-stack td-meta-info-hide td-cpt-post\">\n<div class=\"td-module-container td-category-pos-image\">\n<div class=\"td-module-meta-info\">\n<h3 class=\"entry-title td-module-title\"><a href=\"https:\/\/voceatimisului.ro\/politia-locala-se-reorganizeaza-vor-fi-reduse-mai-multe-posturi-inclusiv-de-conducere\/\" rel=\"bookmark\" title=\"Poli\u021bia Local\u0103 se reorganizeaz\u0103! Vor fi reduse mai multe posturi, inclusiv de conducere\">Poli\u021bia Local\u0103 se reorganizeaz\u0103! Vor fi reduse mai multe posturi, inclusiv de conducere<\/a><\/h3>\n<\/div>\n<\/div>\n<\/div>\n<\/div>\n<\/div>\n<div class=\"tdb-author-box td_block_wrap tdb_single_author_box tdi_82 tdb-content-vert-top td-pb-border-top td_block_template_1\" data-td-block-uid=\"tdi_82\">\n<div class=\"tdb-block-inner td-fix-index\">\n<div class=\"tdb-author-info\"><a href=\"https:\/\/voceatimisului.ro\/author\/ioana\/\" class=\"tdb-author-name\">Ioana Danciu<\/a><\/p>\n<div class=\"tdb-author-descr\">\u00centreaga responsabilitate a comentariilor l\u0103sate de dumneavoastr\u0103 v\u0103 apar\u021bine!<br \/>\nClick <a href=\"https:\/\/voceatimisului.ro\/termeni-si-conditii\/\">aici<\/a>-citeste condi\u0163iile de utilizare ale site-ului www.voceatimisului.ro<\/div>\n<\/div>\n<\/div>\n<\/div>\n<\/div>\n<\/div>\n<\/div>\n<div class=\"vc_column_inner tdi_84  wpb_column vc_column_container tdc-inner-column td-pb-span8\">\n<div class=\"vc_column-inner\">\n<div class=\"wpb_wrapper\">\n<div class=\"td_block_wrap tdb_single_content tdi_85 td-pb-border-top td_block_template_1 td-post-content tagdiv-type\" data-td-block-uid=\"tdi_85\">\n<div class=\"tdb-block-inner td-fix-index\">\n<p>8 medici oncologi, un psiholog, 9 teme medicale, psihologice \u0219i sociale, 9 \u00eent\u00e2lniri cu pacien\u021bi cronici \u0219i apartinatorii acestora. \u00cencep\u00e2nd cu 3 mai, speciali\u0219tii Asocia\u021biei OncoHelp vor demara un proiect unic \u00eentr-un centru oncologic din vestul \u021b\u0103rii prin care, \u00een cadrul unor \u0219edin\u021be, vor fi abordate teme \u0219i vor fi diseminate informa\u021bii ce \u00eei pot ajuta pe pacien\u021bii cu afec\u021biuni oncologice, dar \u0219i pe cei cu boli cronice dar care nu au leg\u0103tur\u0103 cu oncologia, s\u0103 \u00een\u021beleag\u0103 mai bine afec\u021biunile de care sufer\u0103, s\u0103 \u00eenve\u021be cum trebuie s\u0103 reac\u021bioneze \u00een fa\u021ba bolii, s\u0103 afle de ce este important suportul psihologic, dar \u0219i cum pot s\u0103 fie ajuta\u021bi de c\u0103tre rude \u0219i prieteni.<\/p>\n<p><em>\u201cPrin proiectul \u201eOra de auto\u00eengrijire\u201d ne dorim s\u0103 aducem \u00een prim plan informa\u021bii din partea speciali\u0219tilor no\u0219tri, pe teme medicale, psihologice sau sociale referitoare la ce \u00eenseamn\u0103 o boal\u0103 cronic\u0103 oncologic\u0103 sau non-oncologic\u0103 \u0219i cum pacien\u021bii pot avea grij\u0103 de ei pe parcursul acesteia. Auto\u00eengrijirea presupune ca pacientul s\u0103 \u00ee\u0219i poat\u0103 g\u0103si puterea \u0219i priceperea pentru a prelua controlul asupra propriei st\u0103ri de s\u0103n\u0103tate, iar acest lucru \u00eel poate realiza \u00eenv\u0103\u021b\u00e2nd informa\u021bii \u0219i abilit\u0103\u021bi care s\u0103 \u00eel ajute s\u0103 fac\u0103 fa\u021b\u0103 schimb\u0103rilor sau problemelor pe care le poate experimenta \u00een timpul \u0219i dup\u0103 tratamentul bolii \u00een cauza. A avea grij\u0103 de noi, at\u00e2t din punct de vedere fizic, c\u00e2t \u0219i psihic, social \u0219i spiritual, \u00eenseamn\u0103 a ne d\u0103rui \u0219ansa ca fiecare zi s\u0103 poat\u0103 fi mai bun\u0103\u201d, spune Alexandra Mihoc \u2013 psiholog Centrul OncoHelp<\/em><\/p>\n<p>De altfel, Organiza\u021bia Mondial\u0103 a S\u0103n\u0103t\u0103\u021bii a elaborat un ghid pentru a \u00eencuraja persoanele s\u0103 \u00eenve\u021be s\u0103 se auto\u00eengrijeasc\u0103 \u0219i chiar s\u0103 \u00ee\u0219i automonitorizeze starea de s\u0103n\u0103tate. Auto\u00eengrijirea poate duce, pe termen mediu \u0219i lung, la \u00eembun\u0103t\u0103\u021birea comportamentului legat de s\u0103n\u0103tate \u0219i chiar a prognosticului afec\u021biunii de care sufer\u0103 pacientul \u00een urma deciziilor pe care bolnavul \u0219i le asum\u0103. Aceasta presupune \u00eens\u0103 o schimbare de mentalitate pentru a cre\u0219te \u00eencrederea \u00een propria persoan\u0103. Speciali\u0219tii Centrului OncoHelp sunt preg\u0103ti\u021bi s\u0103 ofere informa\u021biile \u0219i suportul pentru ca pacien\u021bii s\u0103 \u00eenceap\u0103 acest proces de auto\u00eengrijire.<\/p>\n<p>\u201c<em>Ora de auto\u00eengrijire\u201d s- a n\u0103scut din dorin\u021ba de a sprijini pacien\u021bii \u0219i apar\u021bin\u0103tori lor \u00eentr- o manier\u0103 mai pu\u021bin formal\u0103, mai deschis\u0103 \u0219i apropiat\u0103.\u00a0 Auto\u00eengrijirea \u00eenseamn\u0103 s\u0103 \u0219tii s\u0103 te pre\u021buie\u0219ti, s\u0103 te iube\u0219ti, s\u0103 visezi, s\u0103 zbori, s\u0103 crezi \u00een frumos, s\u0103 n\u0103d\u0103jduie\u0219ti\u2026. \u0219i orice te face mai bun.Aceste \u00eent\u00e2lniri sunt un mod de a \u00eenv\u0103\u021ba \u00eempreun\u0103 c\u0103 rela\u021bia cea mai important\u0103 este cea cu tine \u00eensu\u021bi\/ \u00eens\u0103\u021bi astfel \u00eenc\u00e2t s\u0103 putem aprecia fiecare clip\u0103 de via\u021b\u0103.\u201d, spune dr. Dana Nagy \u2013 \u0219ef Compartiment \u00cengrijiri Paliative Centrul OncoHelp<\/em><\/p>\n<p>Programarea pentru \u00eenscrierea\u00a0\u00een acest proiect \u0219i ob\u021binerea mai multor informa\u021bii se pot face la telefon 0723443883 sau folosind adresa de e-mail: iuliana.lutsch@oncohelp.ro<\/p>\n<\/div>\n<\/div>\n<div class=\"td_block_wrap tdb_single_tags tdi_88 td-pb-border-top td_block_template_1\" data-td-block-uid=\"tdi_88\">\n<div class=\"tdb-block-inner td-fix-index\">\n<ul class=\"tdb-tags\">\n<li><span>Tags<\/span><\/li>\n<li><a href=\"https:\/\/voceatimisului.ro\/tag\/bolnavi-de-cancer\/\">bolnavi de cancer<\/a><\/li>\n<li><a href=\"https:\/\/voceatimisului.ro\/tag\/oncohelp\/\">oncohelp<\/a><\/li>\n<li><a href=\"https:\/\/voceatimisului.ro\/tag\/timisoara\/\">Timisoara<\/a><\/li>\n<\/ul>\n<\/div>\n<\/div>\n<div class=\"td_block_wrap tdb_single_post_share tdi_89  td-pb-border-top td_block_template_1\" data-td-block-uid=\"tdi_89\">\n<div id=\"tdi_89\" class=\"td-post-sharing tdb-block td-ps-bg td-ps-notext td-post-sharing-style1 \">\n<div class=\"td-post-sharing-visible\"><a class=\"td-social-sharing-button td-social-sharing-button-js td-social-network td-social-facebook\" href=\"https:\/\/www.facebook.com\/sharer.php?u=https%3A%2F%2Fvoceatimisului.ro%2Fproiect-unic-in-vestul-tarii-demarat-de-oncohelp-ora-de-autoingrijire-incearca-sa-ii-ajute-pe-pacienti-sa-si-controleze-propria-stare-de-sanatate%2F\" title=\"Facebook\" rel=\"noopener\"><\/p>\n<div class=\"td-social-but-text\">Facebook<\/div>\n<p><\/a><a class=\"td-social-sharing-button td-social-sharing-button-js td-social-network td-social-twitter\" href=\"https:\/\/twitter.com\/intent\/tweet?text=Proiect+unic+%C3%AEn+vestul+%C5%A3%C4%83rii%2C+demarat+de+OncoHelp%21+%E2%80%9COra+de+auto%C3%AEngrijire%E2%80%9D+%C3%AEncearc%C4%83+s%C4%83+%C3%AEi+ajute+pe+pacien%C8%9Bi+s%C4%83-%C8%99i+controleze+propria+stare+de+s%C4%83n%C4%83tate&amp;url=https%3A%2F%2Fvoceatimisului.ro%2Fproiect-unic-in-vestul-tarii-demarat-de-oncohelp-ora-de-autoingrijire-incearca-sa-ii-ajute-pe-pacienti-sa-si-controleze-propria-stare-de-sanatate%2F&amp;via=Vocea+Timisului\" title=\"Twitter\" rel=\"noopener\"><\/p>\n<div class=\"td-social-but-text\">Twitter<\/div>\n<p><\/a><a class=\"td-social-sharing-button td-social-sharing-button-js td-social-network td-social-pinterest\" href=\"https:\/\/pinterest.com\/pin\/create\/button\/?url=https:\/\/voceatimisului.ro\/proiect-unic-in-vestul-tarii-demarat-de-oncohelp-ora-de-autoingrijire-incearca-sa-ii-ajute-pe-pacienti-sa-si-controleze-propria-stare-de-sanatate\/&amp;media=https:\/\/analyse.optim.biz\/wp-content\/uploads\/2026\/01\/centrul-de-oncologie-oncohelp-jpg.webp&amp;description=Proiect+unic+%C3%AEn+vestul+%C5%A3%C4%83rii%2C+demarat+de+OncoHelp%21+%E2%80%9COra+de+auto%C3%AEngrijire%E2%80%9D+%C3%AEncearc%C4%83+s%C4%83+%C3%AEi+ajute+pe+pacien%C8%9Bi+s%C4%83-%C8%99i+controleze+propria+stare+de+s%C4%83n%C4%83tate\" title=\"Pinterest\" rel=\"noopener\"><\/p>\n<div class=\"td-social-but-text\">Pinterest<\/div>\n<p><\/a><a class=\"td-social-sharing-button td-social-sharing-button-js td-social-network td-social-whatsapp\" href=\"https:\/\/api.whatsapp.com\/send?text=Proiect+unic+%C3%AEn+vestul+%C5%A3%C4%83rii%2C+demarat+de+OncoHelp%21+%E2%80%9COra+de+auto%C3%AEngrijire%E2%80%9D+%C3%AEncearc%C4%83+s%C4%83+%C3%AEi+ajute+pe+pacien%C8%9Bi+s%C4%83-%C8%99i+controleze+propria+stare+de+s%C4%83n%C4%83tate%20%0A%0A%20https:\/\/voceatimisului.ro\/proiect-unic-in-vestul-tarii-demarat-de-oncohelp-ora-de-autoingrijire-incearca-sa-ii-ajute-pe-pacienti-sa-si-controleze-propria-stare-de-sanatate\/\" title=\"WhatsApp\" rel=\"noopener\"><\/p>\n<div class=\"td-social-but-text\">WhatsApp<\/div>\n<p><\/a><a class=\"td-social-sharing-button td-social-sharing-button-js td-social-network td-social-linkedin\" href=\"https:\/\/www.linkedin.com\/shareArticle?mini=true&amp;url=https:\/\/voceatimisului.ro\/proiect-unic-in-vestul-tarii-demarat-de-oncohelp-ora-de-autoingrijire-incearca-sa-ii-ajute-pe-pacienti-sa-si-controleze-propria-stare-de-sanatate\/&amp;title=Proiect+unic+%C3%AEn+vestul+%C5%A3%C4%83rii%2C+demarat+de+OncoHelp%21+%E2%80%9COra+de+auto%C3%AEngrijire%E2%80%9D+%C3%AEncearc%C4%83+s%C4%83+%C3%AEi+ajute+pe+pacien%C8%9Bi+s%C4%83-%C8%99i+controleze+propria+stare+de+s%C4%83n%C4%83tate\" title=\"Linkedin\" rel=\"noopener\"><\/p>\n<div class=\"td-social-but-text\">Linkedin<\/div>\n<p><\/a><a class=\"td-social-sharing-button td-social-sharing-button-js td-social-network td-social-copy_url\" href=\"https:\/\/voceatimisului.ro\/proiect-unic-in-vestul-tarii-demarat-de-oncohelp-ora-de-autoingrijire-incearca-sa-ii-ajute-pe-pacienti-sa-si-controleze-propria-stare-de-sanatate\/\" title=\"Copy URL\" rel=\"noopener\"><\/p>\n<div class=\"td-social-but-text\">Copy URL<\/div>\n<p><\/a><\/div>\n<\/div>\n<\/div>\n<div class=\"td_block_wrap tdb_single_next_prev tdi_90 td-animation-stack td-next-prev-img-on td-pb-border-top td_block_template_1\" data-td-block-uid=\"tdi_90\">\n<div class=\"tdb-block-inner td-fix-index\">\n<div class=\"tdb-next-post tdb-next-post-bg tdb-post-prev\"><span>Articolul precedent<\/span><\/p>\n<div class=\"td-module-container\">\n<div class=\"td-image-container\"><a class=\"td-image-wrap\" href=\"https:\/\/voceatimisului.ro\/sa-fie-lumina-zeci-de-camere-video-vor-intesa-sediul-directiei-sanitar-veterinare-timis-doar-ca-sa-i-tina-pe-angajati-departe-de-tentatiile-lumesti\/\"><img loading=\"lazy\" decoding=\"async\" class=\"td-next-prev-image td-fix-index td-lazy-img\" title=\"S\u0103 fie lumin\u0103! Zeci de camere video vor \u00een\u021besa sediul Direc\u021biei Sanitar-Veterinare Timi\u0219 doar ca s\u0103-i \u021bin\u0103 pe angaja\u021bi departe de tenta\u021biile lume\u0219ti\" width=\"696\" height=\"391\" src=\"https:\/\/analyse.optim.biz\/wp-content\/uploads\/2026\/01\/sandu-fechete1-696x391-1.jpg\"><\/a><\/div>\n<div class=\"next-prev-title\"><a href=\"https:\/\/voceatimisului.ro\/sa-fie-lumina-zeci-de-camere-video-vor-intesa-sediul-directiei-sanitar-veterinare-timis-doar-ca-sa-i-tina-pe-angajati-departe-de-tentatiile-lumesti\/\">S\u0103 fie lumin\u0103! Zeci de camere video vor \u00een\u021besa sediul Direc\u021biei Sanitar-Veterinare Timi\u0219 doar ca s\u0103-i \u021bin\u0103 pe angaja\u021bi departe de tenta\u021biile lume\u0219ti<\/a><\/div>\n<\/div>\n<\/div>\n<div class=\"tdb-next-post tdb-next-post-bg tdb-post-next\"><span>Articolul urm\u0103tor<\/span><\/p>\n<div class=\"td-module-container\">\n<div class=\"td-image-container\"><a class=\"td-image-wrap\" href=\"https:\/\/voceatimisului.ro\/vrei-un-job-in-administratia-locala-primaria-timisoara-scoate-20-de-posturi-la-concurs\/\"><img loading=\"lazy\" decoding=\"async\" class=\"td-next-prev-image td-fix-index td-lazy-img\" title=\"Vrei un job \u00een administra\u0163ia local\u0103? Prim\u0103ria Timi\u015foara scoate 20 de posturi la concurs!\" width=\"696\" height=\"411\" src=\"https:\/\/analyse.optim.biz\/wp-content\/uploads\/2026\/01\/primaria-timisoara-jpg-696x411-1.webp\"><\/a><\/div>\n<div class=\"next-prev-title\"><a href=\"https:\/\/voceatimisului.ro\/vrei-un-job-in-administratia-locala-primaria-timisoara-scoate-20-de-posturi-la-concurs\/\">Vrei un job \u00een administra\u0163ia local\u0103? Prim\u0103ria Timi\u015foara scoate 20 de posturi la concurs!<\/a><\/div>\n<\/div>\n<\/div>\n<\/div>\n<\/div>\n<\/div>\n<\/div>\n<\/div>\n<\/div>\n<div class=\"vc_row_inner tdi_100  vc_row vc_inner wpb_row td-pb-row\">\n<div class=\"vc_column_inner tdi_102  wpb_column vc_column_container tdc-inner-column td-pb-span4 td-is-sticky\">\n<div class=\"vc_column-inner\">\n<div class=\"wpb_wrapper\" data-sticky-enabled-on=\"W3RydWUsdHJ1ZSx0cnVlLHRydWVd\" data-sticky-offset=\"20\" data-sticky-is-width-auto=\"W2ZhbHNlLGZhbHNlLGZhbHNlLGZhbHNlXQ==\">\n<div class=\"td_block_wrap tdb_single_related tdi_103 td_with_ajax_pagination td-pb-border-top td_block_template_1 tdb-single-related-posts\" data-td-block-uid=\"tdi_103\">\n<div id=\"tdi_103\" class=\"td_block_inner tdb-block-inner td-fix-index\">\n<div class=\"tdb_module_related td_module_wrap td-animation-stack td-meta-info-hide\">\n<div class=\"td-module-container td-category-pos-image\">\n<div class=\"td-module-meta-info\">\n<h3 class=\"entry-title td-module-title\"><a href=\"https:\/\/voceatimisului.ro\/perchezitii-in-timis-si-caras-severin-la-trei-medici-care-au-eliberat-8-000-de-certificate-de-vaccinare-false\/\" rel=\"bookmark\" title=\"Perchezi\u0163ii \u00een Timi\u015f \u015fi Cara\u015f-Severin, la trei medici care au eliberat 8.000 de certificate de vaccinare false!\">Perchezi\u0163ii \u00een Timi\u015f \u015fi Cara\u015f-Severin, la trei medici care au eliberat 8.000 de certificate de vaccinare false!<\/a><\/h3>\n<\/div>\n<\/div>\n<\/div>\n<div class=\"tdb_module_related td_module_wrap td-animation-stack td-meta-info-hide\">\n<div class=\"td-module-container td-category-pos-image\">\n<div class=\"td-module-meta-info\">\n<h3 class=\"entry-title td-module-title\"><a href=\"https:\/\/voceatimisului.ro\/dominic-fritz-anunta-o-ampla-actiune-de-recuperare-a-patrimoniului-orasului-pe-malul-begai-peste-11-hectare-sunt-ocupate-ilegal\/\" rel=\"bookmark\" title=\"Dominic Fritz anun\u0163\u0103 o ampl\u0103 ac\u021biune de recuperare a patrimoniului ora\u0219ului pe malul Beg\u0103i! Peste 11 hectare sunt ocupate ilegal\">Dominic Fritz anun\u0163\u0103 o ampl\u0103 ac\u021biune de recuperare a patrimoniului ora\u0219ului pe malul Beg\u0103i! Peste 11 hectare sunt ocupate ilegal<\/a><\/h3>\n<\/div>\n<\/div>\n<\/div>\n<div class=\"tdb_module_related td_module_wrap td-animation-stack td-meta-info-hide\">\n<div class=\"td-module-container td-category-pos-image\">\n<div class=\"td-module-meta-info\">\n<h3 class=\"entry-title td-module-title\"><a href=\"https:\/\/voceatimisului.ro\/medicii-infectionisti-trag-un-semnal-de-alarma-a-crescut-numarul-cazurilor-de-pneumonii-comunitare\/\" rel=\"bookmark\" title=\"Medicii infec\u0163ioni\u015fti trag un semnal de alarm\u0103! A crescut num\u0103rul cazurilor de pneumonii comunitare\">Medicii infec\u0163ioni\u015fti trag un semnal de alarm\u0103! A crescut num\u0103rul cazurilor de pneumonii comunitare<\/a><\/h3>\n<\/div>\n<\/div>\n<\/div>\n<\/div>\n<\/div>\n<\/div>\n<\/div>\n<\/div>\n<div class=\"vc_column_inner tdi_105  wpb_column vc_column_container tdc-inner-column td-pb-span8\">\n<div class=\"vc_column-inner\">\n<div class=\"wpb_wrapper\">\n<div class=\"td_block_wrap tdb_single_comments tdi_106 tdb-comm-layout2 td-pb-border-top td_block_template_2\" data-td-block-uid=\"tdi_106\">\n<div class=\"tdb-block-inner td-fix-index\">\n<div class=\"comments\" id=\"comments\">\n<div id=\"respond\" class=\"comment-respond\">\n<h3 id=\"reply-title\" class=\"comment-reply-title\">L\u0102SA\u021aI UN MESAJ <small><a rel=\"nofollow\" id=\"cancel-comment-reply-link\" href=\"https:\/\/voceatimisului.ro\/proiect-unic-in-vestul-tarii-demarat-de-oncohelp-ora-de-autoingrijire-incearca-sa-ii-ajute-pe-pacienti-sa-si-controleze-propria-stare-de-sanatate\/#respond\">Renun\u021ba\u021bi la r\u0103spuns<\/a><\/small><\/h3>\n<div class=\"comment-form-input-wrap td-form-comment\">\n<div class=\"td-warning-comment\">V\u0103 rug\u0103m s\u0103 introduce\u021bi comentariul dvs.!<\/div>\n<\/div>\n<div class=\"comment-form-input-wrap td-form-author\">\n<div class=\"td-warning-author\">Introduce\u021bi aici numele dvs.<\/div>\n<\/div>\n<div class=\"comment-form-input-wrap td-form-email\">\n<div class=\"td-warning-email-error\">A\u021bi introdus o adres\u0103 de e-mail incorect\u0103!<\/div>\n<div class=\"td-warning-email\">V\u0103 rug\u0103m s\u0103 introduce\u021bi adresa dvs. de e-mail aici<\/div>\n<\/div>\n<\/div>\n<\/div>\n<\/div>\n<\/div>\n<\/div>\n<\/div>\n<\/div>\n<\/div>\n<\/div>\n<\/div>\n<div class=\"vc_column tdi_108  wpb_column vc_column_container tdc-column td-pb-span4 td-is-sticky\">\n<div class=\"wpb_wrapper\" data-sticky-enabled-on=\"W3RydWUsdHJ1ZSx0cnVlLHRydWVd\" data-sticky-offset=\"20\" data-sticky-is-width-auto=\"W2ZhbHNlLGZhbHNlLGZhbHNlLGZhbHNlXQ==\">\n<div class=\"vc_row_inner tdi_110  vc_row vc_inner wpb_row td-pb-row\">\n<div class=\"vc_column_inner tdi_112  wpb_column vc_column_container tdc-inner-column td-pb-span12\">\n<div class=\"vc_column-inner\">\n<div class=\"wpb_wrapper\">\n<div class=\"td_block_wrap td_block_title tdi_113 td-pb-border-top td_block_template_11 td-fix-index\" data-td-block-uid=\"tdi_113\">\n<div class=\"td-block-title-wrap\">\n<h4 class=\"td-block-title\"><span class=\"td-pulldown-size\">ANUN\u021aURI \u0218I PUBLICITATE<\/span><\/h4>\n<\/div>\n<\/div>\n<\/div>\n<\/div>\n<\/div>\n<\/div>\n<div class=\"wpb_wrapper td_block_wrap vc_widget_sidebar tdi_115 \">\n<aside id=\"block-10\" class=\"td_block_template_1 widget block-10 widget_block widget_media_image\">\n<figure class=\"wp-block-image size-full\"><a href=\"https:\/\/adpghiroda.ro\/index.html\" target=\"_blank\" rel=\" noreferrer noopener\"><img decoding=\"async\" loading=\"eager\" width=\"960\" height=\"960\" src=\"https:\/\/analyse.optim.biz\/wp-content\/uploads\/2026\/01\/adp-ghiroda2-138.jpg\" class=\"wp-image-171492\" title=\"adp-ghiroda2-138\"><\/a><\/figure>\n<\/aside>\n<aside id=\"block-11\" class=\"td_block_template_1 widget block-11 widget_block widget_media_image\">\n<figure class=\"wp-block-image size-full\"><a href=\"https:\/\/adpghiroda.ro\/index.html\" target=\"_blank\" rel=\" noreferrer noopener\"><img decoding=\"async\" loading=\"lazy\" width=\"960\" height=\"960\" src=\"https:\/\/analyse.optim.biz\/wp-content\/uploads\/2026\/01\/adp-ghiroda1-138.jpg\" class=\"wp-image-171491\" title=\"adp-ghiroda1-138\"><\/a><\/figure>\n<\/aside>\n<aside id=\"block-17\" class=\"td_block_template_1 widget block-17 widget_block widget_media_image\">\n<figure class=\"wp-block-image size-large is-resized\"><a href=\"https:\/\/verde.events\/\" target=\"_blank\" rel=\" noreferrer noopener\"><img decoding=\"async\" loading=\"lazy\" width=\"1024\" height=\"683\" src=\"https:\/\/analyse.optim.biz\/wp-content\/uploads\/2026\/01\/verde-events-24-1024x683-1-123.jpg\" alt=\"Verde Events\" class=\"wp-image-174395\" title=\"verde-events-24-1024x683-1-123\"><\/a><figcaption class=\"wp-element-caption\"><strong><em>O experien\u021b\u0103 unic\u0103 pentru orice tip de eveniment<\/em><\/strong><\/figcaption><\/figure>\n<\/aside>\n<\/div>\n<div class=\"td_block_wrap td_flex_block_1 tdi_121 td-pb-border-top td_block_template_1 td_ajax_preloading_preload td_flex_block\" data-td-block-uid=\"tdi_121\">\n<div id=\"tdi_121\" class=\"td_block_inner td-mc1-wrap\">\n<div class=\"td_module_flex td_module_flex_1 td_module_wrap td-animation-stack td-meta-info-hide td-cpt-post\">\n<div class=\"td-module-container td-category-pos-image\">\n<div class=\"td-module-meta-info\">\n<h3 class=\"entry-title td-module-title\"><a href=\"https:\/\/voceatimisului.ro\/o-noua-actiune-de-dezinsectie-aeriana-si-terestra-incepe-saptamana-viitoare-la-timisoara\/\" rel=\"bookmark\" title=\"O nou\u0103 ac\u0163iune de dezinsec\u0163ie aerian\u0103 \u0219i terestr\u0103 \u00eencepe s\u0103pt\u0103m\u00e2na viitoare la Timi\u0219oara!\">O nou\u0103 ac\u0163iune de dezinsec\u0163ie aerian\u0103 \u0219i terestr\u0103 \u00eencepe s\u0103pt\u0103m\u00e2na viitoare la Timi\u0219oara!<\/a><\/h3>\n<\/div>\n<\/div>\n<\/div>\n<div class=\"td_module_flex td_module_flex_1 td_module_wrap td-animation-stack td-meta-info-hide td-cpt-post\">\n<div class=\"td-module-container td-category-pos-image\">\n<div class=\"td-module-meta-info\">\n<h3 class=\"entry-title td-module-title\"><a href=\"https:\/\/voceatimisului.ro\/margareta-custodele-coroanei-va-veni-la-timisoara-pentru-a-planta-un-nou-stejar-in-piata-libertatii\/\" rel=\"bookmark\" title=\"Margareta, Custodele Coroanei, va veni la Timi\u0219oara pentru a planta un nou stejar \u00een Pia\u021ba Libert\u0103\u021bii!\">Margareta, Custodele Coroanei, va veni la Timi\u0219oara pentru a planta un nou stejar \u00een Pia\u021ba Libert\u0103\u021bii!<\/a><\/h3>\n<\/div>\n<\/div>\n<\/div>\n<div class=\"td_module_flex td_module_flex_1 td_module_wrap td-animation-stack td-meta-info-hide td-cpt-post\">\n<div class=\"td-module-container td-category-pos-image\">\n<div class=\"td-module-meta-info\">\n<h3 class=\"entry-title td-module-title\"><a href=\"https:\/\/voceatimisului.ro\/circulatia-mijlocelor-de-transport-devitata-in-weekend-din-cauza-lucrarilor-pe-strada-1-decembrie-1918\/\" rel=\"bookmark\" title=\"Circula\u021bia mijloacelor de transport, deviat\u0103 \u00een weekend din cauza lucr\u0103rilor pe  strada 1 Decembrie 1918\">Circula\u021bia mijloacelor de transport, deviat\u0103 \u00een weekend din cauza lucr\u0103rilor pe  strada 1 Decembrie 1918<\/a><\/h3>\n<\/div>\n<\/div>\n<\/div>\n<div class=\"td_module_flex td_module_flex_1 td_module_wrap td-animation-stack td-meta-info-hide td-cpt-post\">\n<div class=\"td-module-container td-category-pos-image\">\n<div class=\"td-module-meta-info\">\n<h3 class=\"entry-title td-module-title\"><a href=\"https:\/\/voceatimisului.ro\/circulatia-mijloacelor-de-transport-in-comun-data-peste-cap-in-weekend-din-cauza-unor-santiere\/\" rel=\"bookmark\" title=\"Circula\u021bia mijloacelor de transport \u00een comun, dat\u0103 peste cap \u00een weekend, din cauza unor \u0219antiere\">Circula\u021bia mijloacelor de transport \u00een comun, dat\u0103 peste cap \u00een weekend, din cauza unor \u0219antiere<\/a><\/h3>\n<\/div>\n<\/div>\n<\/div>\n<div class=\"td_module_flex td_module_flex_1 td_module_wrap td-animation-stack td-meta-info-hide td-cpt-post\">\n<div class=\"td-module-container td-category-pos-image\">\n<div class=\"td-module-meta-info\">\n<h3 class=\"entry-title td-module-title\"><a href=\"https:\/\/voceatimisului.ro\/restrictii-de-ciruculatie-pe-mai-multe-strazi-din-timisoara-in-perioada-urmatoare\/\" rel=\"bookmark\" title=\"Restric\u0163ii de cirucula\u0163ie pe mai multe str\u0103zi din Timi\u015foara, \u00een perioada urm\u0103toare!\">Restric\u0163ii de cirucula\u0163ie pe mai multe str\u0103zi din Timi\u015foara, \u00een perioada urm\u0103toare!<\/a><\/h3>\n<\/div>\n<\/div>\n<\/div>\n<\/div>\n<\/div>\n<\/div>\n<\/div>\n<\/div>\n<\/div>\n<\/div>\n<\/div>\n<p><span class=\"td-page-meta\"><\/span><span class=\"td-page-meta\"><span class=\"td-page-meta\"><\/span><\/span><span class=\"td-page-meta\"><\/span><\/article>\n<p> Source URL: https:\/\/voceatimisului.ro\/proiect-unic-in-vestul-tarii-demarat-de-oncohelp-ora-de-autoingrijire-incearca-sa-ii-ajute-pe-pacienti-sa-si-controleze-propria-stare-de-sanatate\/<\/p>\n","protected":false},"excerpt":{"rendered":"<p>\u0218tiriS\u0103n\u0103tate Proiect unic \u00een vestul \u0163\u0103rii, demarat de OncoHelp! \u201cOra de auto\u00eengrijire\u201d \u00eencearc\u0103 s\u0103 \u00eei ajute pe pacien\u021bi s\u0103-\u0219i controleze propria stare de s\u0103n\u0103tate Autor-Ioana Danciu 2 mai 2022 0 11060 Facebook Twitter Pinterest WhatsApp Linkedin Copy URL Centrul de Oncologie OncoHelp jpg Haos generalizat! Sute de mii de euro nefiscaliza\u021bi, zburd\u0103-n voie, \u00een Germania, [&hellip;]<\/p>\n","protected":false},"author":1,"featured_media":1323647,"comment_status":"open","ping_status":"","sticky":false,"template":"","format":"standard","meta":{"footnotes":""},"categories":[89],"tags":[199],"class_list":["post-1323646","post","type-post","status-publish","format-standard","has-post-thumbnail","hentry","category-romania","tag-voceatimisului-ro"],"_links":{"self":[{"href":"https:\/\/analyse.optim.biz\/index.php?rest_route=\/wp\/v2\/posts\/1323646","targetHints":{"allow":["GET"]}}],"collection":[{"href":"https:\/\/analyse.optim.biz\/index.php?rest_route=\/wp\/v2\/posts"}],"about":[{"href":"https:\/\/analyse.optim.biz\/index.php?rest_route=\/wp\/v2\/types\/post"}],"author":[{"embeddable":true,"href":"https:\/\/analyse.optim.biz\/index.php?rest_route=\/wp\/v2\/users\/1"}],"replies":[{"embeddable":true,"href":"https:\/\/analyse.optim.biz\/index.php?rest_route=%2Fwp%2Fv2%2Fcomments&post=1323646"}],"version-history":[{"count":0,"href":"https:\/\/analyse.optim.biz\/index.php?rest_route=\/wp\/v2\/posts\/1323646\/revisions"}],"wp:featuredmedia":[{"embeddable":true,"href":"https:\/\/analyse.optim.biz\/index.php?rest_route=\/wp\/v2\/media\/1323647"}],"wp:attachment":[{"href":"https:\/\/analyse.optim.biz\/index.php?rest_route=%2Fwp%2Fv2%2Fmedia&parent=1323646"}],"wp:term":[{"taxonomy":"category","embeddable":true,"href":"https:\/\/analyse.optim.biz\/index.php?rest_route=%2Fwp%2Fv2%2Fcategories&post=1323646"},{"taxonomy":"post_tag","embeddable":true,"href":"https:\/\/analyse.optim.biz\/index.php?rest_route=%2Fwp%2Fv2%2Ftags&post=1323646"}],"curies":[{"name":"wp","href":"https:\/\/api.w.org\/{rel}","templated":true}]}}