{"id":1323638,"date":"2022-05-06T08:58:12","date_gmt":"2022-05-06T05:58:12","guid":{"rendered":"https:\/\/analyse.optim.biz\/?p=1323638"},"modified":"2022-05-06T08:58:12","modified_gmt":"2022-05-06T05:58:12","slug":"circulatia-mijlocelor-de-transport-deviata-in-weekend-din-cauza-lucrarilor-pe-strada-1-decembrie-1918","status":"publish","type":"post","link":"https:\/\/analyse.optim.biz\/?p=1323638","title":{"rendered":"Circula\u0163ia mijlocelor de transport, deviat\u0103 \u00een weekend din cauza lucr\u0103rilor pe strada 1 Decembrie 1918"},"content":{"rendered":"<article id=\"template-id-172790\" class=\"post-172790 tdb_templates type-tdb_templates status-publish post\">\n<div id=\"tdi_52\" class=\"tdc-zone\">\n<div class=\"tdc_zone tdi_53  wpb_row td-pb-row\">\n<div id=\"tdi_54\" class=\"tdc-row stretch_row_1400 td-stretch-content\">\n<div class=\"vc_row tdi_55  wpb_row td-pb-row tdc-element-style\">\n<div class=\"vc_column tdi_57  wpb_column vc_column_container tdc-column td-pb-span8\">\n<div class=\"wpb_wrapper\">\n<div class=\"td_block_wrap tdb_single_categories tdi_58 td-pb-border-top td_block_template_1 \" data-td-block-uid=\"tdi_58\">\n<div class=\"tdb-category td-fix-index\"><a class=\"tdb-entry-category\" href=\"https:\/\/voceatimisului.ro\/category\/stiri-din-timisoara-si-timis\/\">\u0218tiri<\/a><a class=\"tdb-entry-category\" href=\"https:\/\/voceatimisului.ro\/category\/stiri-din-timisoara-si-timis\/social\/\">Social<\/a><\/div>\n<\/div>\n<div class=\"td_block_wrap tdb_title tdi_59 tdb-single-title td-pb-border-top td_block_template_1\" data-td-block-uid=\"tdi_59\">\n<div class=\"tdb-block-inner td-fix-index\">\n<h1 class=\"tdb-title-text\">Circula\u021bia mijloacelor de transport, deviat\u0103 \u00een weekend din cauza lucr\u0103rilor pe  strada 1 Decembrie 1918<\/h1>\n<\/div>\n<\/div>\n<div class=\"vc_row_inner tdi_62  vc_row vc_inner wpb_row td-pb-row\">\n<div class=\"vc_column_inner tdi_64  wpb_column vc_column_container tdc-inner-column td-pb-span6\">\n<div class=\"vc_column-inner\">\n<div class=\"wpb_wrapper\">\n<div class=\"td_block_wrap tdb_single_author tdi_65 td-pb-border-top td_block_template_1 tdb-post-meta\" data-td-block-uid=\"tdi_65\">\n<div class=\"tdb-block-inner td-fix-index\">\n<div class=\"tdb-author-name-wrap\"><span class=\"tdb-author-by\">Autor-<\/span><a class=\"tdb-author-name\" href=\"https:\/\/voceatimisului.ro\/author\/ioana\/\">Ioana Danciu<\/a><\/div>\n<\/div>\n<\/div>\n<div class=\"td_block_wrap tdb_single_date tdi_66 td-pb-border-top td_block_template_1 tdb-post-meta\" data-td-block-uid=\"tdi_66\">\n<div class=\"tdb-block-inner td-fix-index\"><time class=\"entry-date updated td-module-date\" datetime=\"2022-05-06T11:58:12+03:00\">6 mai 2022<\/time><\/div>\n<\/div>\n<div class=\"td_block_wrap tdb_single_comments_count tdi_67 td-pb-border-top td_block_template_1 tdb-post-meta\" data-td-block-uid=\"tdi_67\">\n<div class=\"tdb-block-inner td-fix-index\"><a href=\"https:\/\/voceatimisului.ro\/circulatia-mijlocelor-de-transport-devitata-in-weekend-din-cauza-lucrarilor-pe-strada-1-decembrie-1918\/#respond\"><span>0<\/span><\/a><\/div>\n<\/div>\n<div class=\"td_block_wrap tdb_single_post_views tdi_68 td-pb-border-top td_block_template_1 tdb-post-meta\" data-td-block-uid=\"tdi_68\">\n<div class=\"tdb-block-inner td-fix-index\"><span class=\"tdb-add-text\">1<\/span><span class=\"td-nr-views-151610\">793<\/span><\/div>\n<\/div>\n<\/div>\n<\/div>\n<\/div>\n<div class=\"vc_column_inner tdi_70  wpb_column vc_column_container tdc-inner-column td-pb-span6\">\n<div class=\"vc_column-inner\">\n<div class=\"wpb_wrapper\">\n<div class=\"td_block_wrap tdb_single_post_share tdi_71  td-pb-border-top td_block_template_1\" data-td-block-uid=\"tdi_71\">\n<div id=\"tdi_71\" class=\"td-post-sharing tdb-block td-ps-bg td-ps-notext td-post-sharing-style1 \">\n<div class=\"td-post-sharing-visible\"><a class=\"td-social-sharing-button td-social-sharing-button-js td-social-network td-social-facebook\" href=\"https:\/\/www.facebook.com\/sharer.php?u=https%3A%2F%2Fvoceatimisului.ro%2Fcirculatia-mijlocelor-de-transport-devitata-in-weekend-din-cauza-lucrarilor-pe-strada-1-decembrie-1918%2F\" title=\"Facebook\" rel=\"noopener\"><\/p>\n<div class=\"td-social-but-text\">Facebook<\/div>\n<p><\/a><a class=\"td-social-sharing-button td-social-sharing-button-js td-social-network td-social-twitter\" href=\"https:\/\/twitter.com\/intent\/tweet?text=Circula%C8%9Bia+mijloacelor+de+transport%2C+deviat%C4%83+%C3%AEn+weekend+din+cauza+lucr%C4%83rilor+pe++strada+1+Decembrie+1918&amp;url=https%3A%2F%2Fvoceatimisului.ro%2Fcirculatia-mijlocelor-de-transport-devitata-in-weekend-din-cauza-lucrarilor-pe-strada-1-decembrie-1918%2F&amp;via=Vocea+Timisului\" title=\"Twitter\" rel=\"noopener\"><\/p>\n<div class=\"td-social-but-text\">Twitter<\/div>\n<p><\/a><a class=\"td-social-sharing-button td-social-sharing-button-js td-social-network td-social-pinterest\" href=\"https:\/\/pinterest.com\/pin\/create\/button\/?url=https:\/\/voceatimisului.ro\/circulatia-mijlocelor-de-transport-devitata-in-weekend-din-cauza-lucrarilor-pe-strada-1-decembrie-1918\/&amp;media=https:\/\/analyse.optim.biz\/wp-content\/uploads\/2026\/01\/autobuz1-3.jpg&amp;description=Circula%C8%9Bia+mijloacelor+de+transport%2C+deviat%C4%83+%C3%AEn+weekend+din+cauza+lucr%C4%83rilor+pe++strada+1+Decembrie+1918\" title=\"Pinterest\" rel=\"noopener\"><\/p>\n<div class=\"td-social-but-text\">Pinterest<\/div>\n<p><\/a><a class=\"td-social-sharing-button td-social-sharing-button-js td-social-network td-social-whatsapp\" href=\"https:\/\/api.whatsapp.com\/send?text=Circula%C8%9Bia+mijloacelor+de+transport%2C+deviat%C4%83+%C3%AEn+weekend+din+cauza+lucr%C4%83rilor+pe++strada+1+Decembrie+1918%20%0A%0A%20https:\/\/voceatimisului.ro\/circulatia-mijlocelor-de-transport-devitata-in-weekend-din-cauza-lucrarilor-pe-strada-1-decembrie-1918\/\" title=\"WhatsApp\" rel=\"noopener\"><\/p>\n<div class=\"td-social-but-text\">WhatsApp<\/div>\n<p><\/a><a class=\"td-social-sharing-button td-social-sharing-button-js td-social-network td-social-linkedin\" href=\"https:\/\/www.linkedin.com\/shareArticle?mini=true&amp;url=https:\/\/voceatimisului.ro\/circulatia-mijlocelor-de-transport-devitata-in-weekend-din-cauza-lucrarilor-pe-strada-1-decembrie-1918\/&amp;title=Circula%C8%9Bia+mijloacelor+de+transport%2C+deviat%C4%83+%C3%AEn+weekend+din+cauza+lucr%C4%83rilor+pe++strada+1+Decembrie+1918\" title=\"Linkedin\" rel=\"noopener\"><\/p>\n<div class=\"td-social-but-text\">Linkedin<\/div>\n<p><\/a><a class=\"td-social-sharing-button td-social-sharing-button-js td-social-network td-social-copy_url\" href=\"https:\/\/voceatimisului.ro\/circulatia-mijlocelor-de-transport-devitata-in-weekend-din-cauza-lucrarilor-pe-strada-1-decembrie-1918\/\" title=\"Copy URL\" rel=\"noopener\"><\/p>\n<div class=\"td-social-but-text\">Copy URL<\/div>\n<p><\/a><\/div>\n<\/div>\n<\/div>\n<\/div>\n<\/div>\n<\/div>\n<\/div>\n<div class=\"td_block_wrap tdb_single_featured_image tdi_72 tdb-content-horiz-left td-pb-border-top td_block_template_1\" data-td-block-uid=\"tdi_72\">\n<div class=\"tdb-block-inner td-fix-index\">\n<figure><img fetchpriority=\"high\" decoding=\"async\" width=\"400\" height=\"300\" class=\"entry-thumb\" src=\"https:\/\/analyse.optim.biz\/wp-content\/uploads\/2026\/01\/autobuz1-3.jpg\" alt=\"autobuz1\" title=\"autobuz1\" loading=\"eager\"><figcaption class=\"tdb-caption-text\">autobuz1<\/figcaption><\/figure>\n<\/div>\n<\/div>\n<div class=\"vc_row_inner tdi_74  vc_row vc_inner wpb_row td-pb-row\">\n<div class=\"vc_column_inner tdi_76  wpb_column vc_column_container tdc-inner-column td-pb-span4 td-is-sticky\">\n<div class=\"vc_column-inner\">\n<div class=\"wpb_wrapper\" data-sticky-enabled-on=\"W3RydWUsdHJ1ZSx0cnVlLHRydWVd\" data-sticky-offset=\"20\" data-sticky-is-width-auto=\"W2ZhbHNlLGZhbHNlLGZhbHNlLGZhbHNlXQ==\">\n<div class=\"td_block_wrap td_flex_block_1 tdi_77 td-pb-border-top td_block_template_1 td_ajax_preloading_preload td_flex_block\" data-td-block-uid=\"tdi_77\">\n<div id=\"tdi_77\" class=\"td_block_inner td-mc1-wrap\">\n<div class=\"td_module_flex td_module_flex_1 td_module_wrap td-animation-stack td-meta-info-hide td-cpt-post\">\n<div class=\"td-module-container td-category-pos-image\">\n<div class=\"td-module-meta-info\">\n<h3 class=\"entry-title td-module-title\"><a href=\"https:\/\/voceatimisului.ro\/haos-generalizat-sute-de-mii-de-euro-nefiscalizati-zburda-n-voie-in-germania-printre-clanurile-de-rromi-din-timisoara-care-se-ameninta-cu-incendierea-mortilor-si-cu-varsarea-de-sange-prin-toata-e\/\" rel=\"bookmark\" title=\"Haos generalizat! Sute de mii de euro nefiscaliza\u021bi, zburd\u0103-n voie, \u00een Germania, printre clanurile de rromi din Timi\u0219oara, care se amenin\u021b\u0103 cu incendierea mor\u021bilor \u0219i cu v\u0103rsarea de s\u00e2nge prin toat\u0103 Europa\">Haos generalizat! Sute de mii de euro nefiscaliza\u021bi, zburd\u0103-n voie, \u00een Germania, printre clanurile de rromi din Timi\u0219oara, care se amenin\u021b\u0103 cu incendierea mor\u021bilor&#8230;<\/a><\/h3>\n<\/div>\n<\/div>\n<\/div>\n<div class=\"td_module_flex td_module_flex_1 td_module_wrap td-animation-stack td-meta-info-hide td-cpt-post\">\n<div class=\"td-module-container td-category-pos-image\">\n<div class=\"td-module-meta-info\">\n<h3 class=\"entry-title td-module-title\"><a href=\"https:\/\/voceatimisului.ro\/previziune-sumbra-lichidatorii-colterm-sa-anunta-ca-sistemul-centralizat-de-termoficare-din-municipiul-timisoara-se-va-prabusi-in-mai-putin-de-5-ani\/\" rel=\"bookmark\" title=\"Previziune sumbr\u0103! Lichidatorii Colterm SA anun\u021b\u0103 c\u0103 sistemul centralizat de termoficare din municipiul Timi\u0219oara se va pr\u0103bu\u0219i \u00een mai pu\u021bin de 5 ani\">Previziune sumbr\u0103! Lichidatorii Colterm SA anun\u021b\u0103 c\u0103 sistemul centralizat de termoficare din municipiul Timi\u0219oara se va pr\u0103bu\u0219i \u00een mai pu\u021bin de 5 ani<\/a><\/h3>\n<\/div>\n<\/div>\n<\/div>\n<div class=\"td_module_flex td_module_flex_1 td_module_wrap td-animation-stack td-meta-info-hide td-cpt-post\">\n<div class=\"td-module-container td-category-pos-image\">\n<div class=\"td-module-meta-info\">\n<h3 class=\"entry-title td-module-title\"><a href=\"https:\/\/voceatimisului.ro\/consiliul-judetean-vrea-centura-feroviara-pentru-timisoara-a-lansat-licitatia-pentru-studiul-de-fezabilitate\/\" rel=\"bookmark\" title=\"Consiliul Jude\u021bean vrea centur\u0103 feroviar\u0103 pentru Timi\u0219oara! A lansat licita\u021bia pentru studiul de fezabilitate\">Consiliul Jude\u021bean vrea centur\u0103 feroviar\u0103 pentru Timi\u0219oara! A lansat licita\u021bia pentru studiul de fezabilitate<\/a><\/h3>\n<\/div>\n<\/div>\n<\/div>\n<div class=\"td_module_flex td_module_flex_1 td_module_wrap td-animation-stack td-meta-info-hide td-cpt-post\">\n<div class=\"td-module-container td-category-pos-image\">\n<div class=\"td-module-meta-info\">\n<h3 class=\"entry-title td-module-title\"><a href=\"https:\/\/voceatimisului.ro\/politia-locala-se-reorganizeaza-vor-fi-reduse-mai-multe-posturi-inclusiv-de-conducere\/\" rel=\"bookmark\" title=\"Poli\u021bia Local\u0103 se reorganizeaz\u0103! Vor fi reduse mai multe posturi, inclusiv de conducere\">Poli\u021bia Local\u0103 se reorganizeaz\u0103! Vor fi reduse mai multe posturi, inclusiv de conducere<\/a><\/h3>\n<\/div>\n<\/div>\n<\/div>\n<\/div>\n<\/div>\n<div class=\"tdb-author-box td_block_wrap tdb_single_author_box tdi_82 tdb-content-vert-top td-pb-border-top td_block_template_1\" data-td-block-uid=\"tdi_82\">\n<div class=\"tdb-block-inner td-fix-index\">\n<div class=\"tdb-author-info\"><a href=\"https:\/\/voceatimisului.ro\/author\/ioana\/\" class=\"tdb-author-name\">Ioana Danciu<\/a><\/p>\n<div class=\"tdb-author-descr\">\u00centreaga responsabilitate a comentariilor l\u0103sate de dumneavoastr\u0103 v\u0103 apar\u021bine!<br \/>\nClick <a href=\"https:\/\/voceatimisului.ro\/termeni-si-conditii\/\">aici<\/a>-citeste condi\u0163iile de utilizare ale site-ului www.voceatimisului.ro<\/div>\n<\/div>\n<\/div>\n<\/div>\n<\/div>\n<\/div>\n<\/div>\n<div class=\"vc_column_inner tdi_84  wpb_column vc_column_container tdc-inner-column td-pb-span8\">\n<div class=\"vc_column-inner\">\n<div class=\"wpb_wrapper\">\n<div class=\"td_block_wrap tdb_single_content tdi_85 td-pb-border-top td_block_template_1 td-post-content tagdiv-type\" data-td-block-uid=\"tdi_85\">\n<div class=\"tdb-block-inner td-fix-index\">\n<h5 class=\"wp-block-heading\">Ca urmare a lucr\u0103rilor de asfaltare ce se vor desf\u0103\u0219ura pe strada 1 Decembrie 1918, \u00een zilele de 07.05.2022 \u015fi 08.05.2022, circula\u021bia mijloacelor de transport din zon\u0103 va fi deviat\u0103, pe toat\u0103 durata programului, dup\u0103 cum urmeaz\u0103:<\/h5>\n<p>\u2013 tramvaiele liniilor 6a \u015fi 6b vor circula deviat pe urmatorul traseu (dus-\u00eentors): Gara de Est \u2013 Pia\u0163a Badea C\u00e2r\u0163an \u2013 Pia\u0163a Traian \u2013 Pia\u0163a 700 \u2013 Catedrala Mitopolitan\u0103 \u2013 Pia\u0163a Sf. Maria \u2013 Pia\u0163a B\u0103lcescu \u2013 bulevardul Liviu Rebreanu \u2013 A.E.M. \u2013 Ciarda Ro\u015fie.<\/p>\n<p>\u2013 traseul liniei 23 va fi prelungit p\u00e2n\u0103 la Gara de Est pe traseul (dus -\u00eentors): A.E.M. \u2013 Calea Stan Vidrighin \u2013 strada \u015etefan cel Mare \u2013 Pia\u0163a Traian \u2013 strada Dacilor \u2013 Pia\u0163a Badea C\u00e2r\u0163an \u2013 strada Mihail Kog\u0103lniceanu \u2013 Gara de Est.<\/p>\n<\/div>\n<\/div>\n<div class=\"td_block_wrap tdb_single_tags tdi_88 td-pb-border-top td_block_template_1\" data-td-block-uid=\"tdi_88\">\n<div class=\"tdb-block-inner td-fix-index\">\n<ul class=\"tdb-tags\">\n<li><span>Tags<\/span><\/li>\n<li><a href=\"https:\/\/voceatimisului.ro\/tag\/mijloace-de-transport\/\">mijloace de transport<\/a><\/li>\n<li><a href=\"https:\/\/voceatimisului.ro\/tag\/timisoara\/\">Timisoara<\/a><\/li>\n<li><a href=\"https:\/\/voceatimisului.ro\/tag\/trasee-deviate\/\">trasee deviate<\/a><\/li>\n<\/ul>\n<\/div>\n<\/div>\n<div class=\"td_block_wrap tdb_single_post_share tdi_89  td-pb-border-top td_block_template_1\" data-td-block-uid=\"tdi_89\">\n<div id=\"tdi_89\" class=\"td-post-sharing tdb-block td-ps-bg td-ps-notext td-post-sharing-style1 \">\n<div class=\"td-post-sharing-visible\"><a class=\"td-social-sharing-button td-social-sharing-button-js td-social-network td-social-facebook\" href=\"https:\/\/www.facebook.com\/sharer.php?u=https%3A%2F%2Fvoceatimisului.ro%2Fcirculatia-mijlocelor-de-transport-devitata-in-weekend-din-cauza-lucrarilor-pe-strada-1-decembrie-1918%2F\" title=\"Facebook\" rel=\"noopener\"><\/p>\n<div class=\"td-social-but-text\">Facebook<\/div>\n<p><\/a><a class=\"td-social-sharing-button td-social-sharing-button-js td-social-network td-social-twitter\" href=\"https:\/\/twitter.com\/intent\/tweet?text=Circula%C8%9Bia+mijloacelor+de+transport%2C+deviat%C4%83+%C3%AEn+weekend+din+cauza+lucr%C4%83rilor+pe++strada+1+Decembrie+1918&amp;url=https%3A%2F%2Fvoceatimisului.ro%2Fcirculatia-mijlocelor-de-transport-devitata-in-weekend-din-cauza-lucrarilor-pe-strada-1-decembrie-1918%2F&amp;via=Vocea+Timisului\" title=\"Twitter\" rel=\"noopener\"><\/p>\n<div class=\"td-social-but-text\">Twitter<\/div>\n<p><\/a><a class=\"td-social-sharing-button td-social-sharing-button-js td-social-network td-social-pinterest\" href=\"https:\/\/pinterest.com\/pin\/create\/button\/?url=https:\/\/voceatimisului.ro\/circulatia-mijlocelor-de-transport-devitata-in-weekend-din-cauza-lucrarilor-pe-strada-1-decembrie-1918\/&amp;media=https:\/\/analyse.optim.biz\/wp-content\/uploads\/2026\/01\/autobuz1-3.jpg&amp;description=Circula%C8%9Bia+mijloacelor+de+transport%2C+deviat%C4%83+%C3%AEn+weekend+din+cauza+lucr%C4%83rilor+pe++strada+1+Decembrie+1918\" title=\"Pinterest\" rel=\"noopener\"><\/p>\n<div class=\"td-social-but-text\">Pinterest<\/div>\n<p><\/a><a class=\"td-social-sharing-button td-social-sharing-button-js td-social-network td-social-whatsapp\" href=\"https:\/\/api.whatsapp.com\/send?text=Circula%C8%9Bia+mijloacelor+de+transport%2C+deviat%C4%83+%C3%AEn+weekend+din+cauza+lucr%C4%83rilor+pe++strada+1+Decembrie+1918%20%0A%0A%20https:\/\/voceatimisului.ro\/circulatia-mijlocelor-de-transport-devitata-in-weekend-din-cauza-lucrarilor-pe-strada-1-decembrie-1918\/\" title=\"WhatsApp\" rel=\"noopener\"><\/p>\n<div class=\"td-social-but-text\">WhatsApp<\/div>\n<p><\/a><a class=\"td-social-sharing-button td-social-sharing-button-js td-social-network td-social-linkedin\" href=\"https:\/\/www.linkedin.com\/shareArticle?mini=true&amp;url=https:\/\/voceatimisului.ro\/circulatia-mijlocelor-de-transport-devitata-in-weekend-din-cauza-lucrarilor-pe-strada-1-decembrie-1918\/&amp;title=Circula%C8%9Bia+mijloacelor+de+transport%2C+deviat%C4%83+%C3%AEn+weekend+din+cauza+lucr%C4%83rilor+pe++strada+1+Decembrie+1918\" title=\"Linkedin\" rel=\"noopener\"><\/p>\n<div class=\"td-social-but-text\">Linkedin<\/div>\n<p><\/a><a class=\"td-social-sharing-button td-social-sharing-button-js td-social-network td-social-copy_url\" href=\"https:\/\/voceatimisului.ro\/circulatia-mijlocelor-de-transport-devitata-in-weekend-din-cauza-lucrarilor-pe-strada-1-decembrie-1918\/\" title=\"Copy URL\" rel=\"noopener\"><\/p>\n<div class=\"td-social-but-text\">Copy URL<\/div>\n<p><\/a><\/div>\n<\/div>\n<\/div>\n<div class=\"td_block_wrap tdb_single_next_prev tdi_90 td-animation-stack td-next-prev-img-on td-pb-border-top td_block_template_1\" data-td-block-uid=\"tdi_90\">\n<div class=\"tdb-block-inner td-fix-index\">\n<div class=\"tdb-next-post tdb-next-post-bg tdb-post-prev\"><span>Articolul precedent<\/span><\/p>\n<div class=\"td-module-container\">\n<div class=\"td-image-container\"><a class=\"td-image-wrap\" href=\"https:\/\/voceatimisului.ro\/profesionisti-fara-frontiere-primaria-timisoara-risca-sa-piarda-finantarea-pentru-lucrarile-de-infrastructura-de-pe-bulevardul-cetatii\/\"><img loading=\"lazy\" decoding=\"async\" class=\"td-next-prev-image td-fix-index td-lazy-img\" title=\"Profesioni\u0219ti f\u0103r\u0103 frontiere! Prim\u0103ria Timi\u0219oara risc\u0103 s\u0103 piard\u0103 finan\u021barea pentru lucr\u0103rile de infrastructur\u0103 de pe bulevardul Cet\u0103\u021bii\" width=\"696\" height=\"464\" src=\"https:\/\/analyse.optim.biz\/wp-content\/uploads\/2026\/01\/dominic-fritz-la-birou-jpg-696x464-1.webp\"><\/a><\/div>\n<div class=\"next-prev-title\"><a href=\"https:\/\/voceatimisului.ro\/profesionisti-fara-frontiere-primaria-timisoara-risca-sa-piarda-finantarea-pentru-lucrarile-de-infrastructura-de-pe-bulevardul-cetatii\/\">Profesioni\u0219ti f\u0103r\u0103 frontiere! Prim\u0103ria Timi\u0219oara risc\u0103 s\u0103 piard\u0103 finan\u021barea pentru lucr\u0103rile de infrastructur\u0103 de pe bulevardul Cet\u0103\u021bii<\/a><\/div>\n<\/div>\n<\/div>\n<div class=\"tdb-next-post tdb-next-post-bg tdb-post-next\"><span>Articolul urm\u0103tor<\/span><\/p>\n<div class=\"td-module-container\">\n<div class=\"td-image-container\"><a class=\"td-image-wrap\" href=\"https:\/\/voceatimisului.ro\/motive-intemeiate-omul-de-afaceri-ovidiu-palcu-a-denuntat-un-contract-de-vanzare-cumparare-in-valoare-de-circa-13-milioane-de-euro-negociat-cu-puiu-minda-si-mueen-al-shawish\/\"><img loading=\"lazy\" decoding=\"async\" class=\"td-next-prev-image td-fix-index td-lazy-img\" title=\"Motive \u00eentemeiate! Omul de afaceri Ovidiu Palcu a denun\u021bat un contract de v\u00e2nzare-cump\u0103rare, \u00een valoare de circa 1,3 milioane de euro, negociat cu Puiu Minda \u0219i Mueen Al Shawish\" width=\"696\" height=\"953\" src=\"https:\/\/analyse.optim.biz\/wp-content\/uploads\/2026\/01\/minda-si-mimo-jpeg-696x953-1.webp\"><\/a><\/div>\n<div class=\"next-prev-title\"><a href=\"https:\/\/voceatimisului.ro\/motive-intemeiate-omul-de-afaceri-ovidiu-palcu-a-denuntat-un-contract-de-vanzare-cumparare-in-valoare-de-circa-13-milioane-de-euro-negociat-cu-puiu-minda-si-mueen-al-shawish\/\">Motive \u00eentemeiate! Omul de afaceri Ovidiu Palcu a denun\u021bat un contract de v\u00e2nzare-cump\u0103rare, \u00een valoare de circa 1,3 milioane de euro, negociat cu Puiu Minda \u0219i Mueen Al Shawish<\/a><\/div>\n<\/div>\n<\/div>\n<\/div>\n<\/div>\n<\/div>\n<\/div>\n<\/div>\n<\/div>\n<div class=\"vc_row_inner tdi_100  vc_row vc_inner wpb_row td-pb-row\">\n<div class=\"vc_column_inner tdi_102  wpb_column vc_column_container tdc-inner-column td-pb-span4 td-is-sticky\">\n<div class=\"vc_column-inner\">\n<div class=\"wpb_wrapper\" data-sticky-enabled-on=\"W3RydWUsdHJ1ZSx0cnVlLHRydWVd\" data-sticky-offset=\"20\" data-sticky-is-width-auto=\"W2ZhbHNlLGZhbHNlLGZhbHNlLGZhbHNlXQ==\">\n<div class=\"td_block_wrap tdb_single_related tdi_103 td_with_ajax_pagination td-pb-border-top td_block_template_1 tdb-single-related-posts\" data-td-block-uid=\"tdi_103\">\n<div id=\"tdi_103\" class=\"td_block_inner tdb-block-inner td-fix-index\">\n<div class=\"tdb_module_related td_module_wrap td-animation-stack td-meta-info-hide\">\n<div class=\"td-module-container td-category-pos-image\">\n<div class=\"td-module-meta-info\">\n<h3 class=\"entry-title td-module-title\"><a href=\"https:\/\/voceatimisului.ro\/perchezitii-in-timis-si-caras-severin-la-trei-medici-care-au-eliberat-8-000-de-certificate-de-vaccinare-false\/\" rel=\"bookmark\" title=\"Perchezi\u0163ii \u00een Timi\u015f \u015fi Cara\u015f-Severin, la trei medici care au eliberat 8.000 de certificate de vaccinare false!\">Perchezi\u0163ii \u00een Timi\u015f \u015fi Cara\u015f-Severin, la trei medici care au eliberat 8.000 de certificate de vaccinare false!<\/a><\/h3>\n<\/div>\n<\/div>\n<\/div>\n<div class=\"tdb_module_related td_module_wrap td-animation-stack td-meta-info-hide\">\n<div class=\"td-module-container td-category-pos-image\">\n<div class=\"td-module-meta-info\">\n<h3 class=\"entry-title td-module-title\"><a href=\"https:\/\/voceatimisului.ro\/dominic-fritz-anunta-o-ampla-actiune-de-recuperare-a-patrimoniului-orasului-pe-malul-begai-peste-11-hectare-sunt-ocupate-ilegal\/\" rel=\"bookmark\" title=\"Dominic Fritz anun\u0163\u0103 o ampl\u0103 ac\u021biune de recuperare a patrimoniului ora\u0219ului pe malul Beg\u0103i! Peste 11 hectare sunt ocupate ilegal\">Dominic Fritz anun\u0163\u0103 o ampl\u0103 ac\u021biune de recuperare a patrimoniului ora\u0219ului pe malul Beg\u0103i! Peste 11 hectare sunt ocupate ilegal<\/a><\/h3>\n<\/div>\n<\/div>\n<\/div>\n<div class=\"tdb_module_related td_module_wrap td-animation-stack td-meta-info-hide\">\n<div class=\"td-module-container td-category-pos-image\">\n<div class=\"td-module-meta-info\">\n<h3 class=\"entry-title td-module-title\"><a href=\"https:\/\/voceatimisului.ro\/medicii-infectionisti-trag-un-semnal-de-alarma-a-crescut-numarul-cazurilor-de-pneumonii-comunitare\/\" rel=\"bookmark\" title=\"Medicii infec\u0163ioni\u015fti trag un semnal de alarm\u0103! A crescut num\u0103rul cazurilor de pneumonii comunitare\">Medicii infec\u0163ioni\u015fti trag un semnal de alarm\u0103! A crescut num\u0103rul cazurilor de pneumonii comunitare<\/a><\/h3>\n<\/div>\n<\/div>\n<\/div>\n<\/div>\n<\/div>\n<\/div>\n<\/div>\n<\/div>\n<div class=\"vc_column_inner tdi_105  wpb_column vc_column_container tdc-inner-column td-pb-span8\">\n<div class=\"vc_column-inner\">\n<div class=\"wpb_wrapper\">\n<div class=\"td_block_wrap tdb_single_comments tdi_106 tdb-comm-layout2 td-pb-border-top td_block_template_2\" data-td-block-uid=\"tdi_106\">\n<div class=\"tdb-block-inner td-fix-index\">\n<div class=\"comments\" id=\"comments\">\n<div id=\"respond\" class=\"comment-respond\">\n<h3 id=\"reply-title\" class=\"comment-reply-title\">L\u0102SA\u021aI UN MESAJ <small><a rel=\"nofollow\" id=\"cancel-comment-reply-link\" href=\"https:\/\/voceatimisului.ro\/circulatia-mijlocelor-de-transport-devitata-in-weekend-din-cauza-lucrarilor-pe-strada-1-decembrie-1918\/#respond\">Renun\u021ba\u021bi la r\u0103spuns<\/a><\/small><\/h3>\n<div class=\"comment-form-input-wrap td-form-comment\">\n<div class=\"td-warning-comment\">V\u0103 rug\u0103m s\u0103 introduce\u021bi comentariul dvs.!<\/div>\n<\/div>\n<div class=\"comment-form-input-wrap td-form-author\">\n<div class=\"td-warning-author\">Introduce\u021bi aici numele dvs.<\/div>\n<\/div>\n<div class=\"comment-form-input-wrap td-form-email\">\n<div class=\"td-warning-email-error\">A\u021bi introdus o adres\u0103 de e-mail incorect\u0103!<\/div>\n<div class=\"td-warning-email\">V\u0103 rug\u0103m s\u0103 introduce\u021bi adresa dvs. de e-mail aici<\/div>\n<\/div>\n<\/div>\n<\/div>\n<\/div>\n<\/div>\n<\/div>\n<\/div>\n<\/div>\n<\/div>\n<\/div>\n<\/div>\n<div class=\"vc_column tdi_108  wpb_column vc_column_container tdc-column td-pb-span4 td-is-sticky\">\n<div class=\"wpb_wrapper\" data-sticky-enabled-on=\"W3RydWUsdHJ1ZSx0cnVlLHRydWVd\" data-sticky-offset=\"20\" data-sticky-is-width-auto=\"W2ZhbHNlLGZhbHNlLGZhbHNlLGZhbHNlXQ==\">\n<div class=\"vc_row_inner tdi_110  vc_row vc_inner wpb_row td-pb-row\">\n<div class=\"vc_column_inner tdi_112  wpb_column vc_column_container tdc-inner-column td-pb-span12\">\n<div class=\"vc_column-inner\">\n<div class=\"wpb_wrapper\">\n<div class=\"td_block_wrap td_block_title tdi_113 td-pb-border-top td_block_template_11 td-fix-index\" data-td-block-uid=\"tdi_113\">\n<div class=\"td-block-title-wrap\">\n<h4 class=\"td-block-title\"><span class=\"td-pulldown-size\">ANUN\u021aURI \u0218I PUBLICITATE<\/span><\/h4>\n<\/div>\n<\/div>\n<\/div>\n<\/div>\n<\/div>\n<\/div>\n<div class=\"wpb_wrapper td_block_wrap vc_widget_sidebar tdi_115 \">\n<aside id=\"block-10\" class=\"td_block_template_1 widget block-10 widget_block widget_media_image\">\n<figure class=\"wp-block-image size-full\"><a href=\"https:\/\/adpghiroda.ro\/index.html\" target=\"_blank\" rel=\" noreferrer noopener\"><img decoding=\"async\" loading=\"eager\" width=\"960\" height=\"960\" src=\"https:\/\/analyse.optim.biz\/wp-content\/uploads\/2026\/01\/adp-ghiroda2-137.jpg\" class=\"wp-image-171492\" title=\"adp-ghiroda2-137\"><\/a><\/figure>\n<\/aside>\n<aside id=\"block-11\" class=\"td_block_template_1 widget block-11 widget_block widget_media_image\">\n<figure class=\"wp-block-image size-full\"><a href=\"https:\/\/adpghiroda.ro\/index.html\" target=\"_blank\" rel=\" noreferrer noopener\"><img decoding=\"async\" loading=\"lazy\" width=\"960\" height=\"960\" src=\"https:\/\/analyse.optim.biz\/wp-content\/uploads\/2026\/01\/adp-ghiroda1-137.jpg\" class=\"wp-image-171491\" title=\"adp-ghiroda1-137\"><\/a><\/figure>\n<\/aside>\n<aside id=\"block-17\" class=\"td_block_template_1 widget block-17 widget_block widget_media_image\">\n<figure class=\"wp-block-image size-large is-resized\"><a href=\"https:\/\/verde.events\/\" target=\"_blank\" rel=\" noreferrer noopener\"><img decoding=\"async\" loading=\"lazy\" width=\"1024\" height=\"683\" src=\"https:\/\/analyse.optim.biz\/wp-content\/uploads\/2026\/01\/verde-events-24-1024x683-1-122.jpg\" alt=\"Verde Events\" class=\"wp-image-174395\" title=\"verde-events-24-1024x683-1-122\"><\/a><figcaption class=\"wp-element-caption\"><strong><em>O experien\u021b\u0103 unic\u0103 pentru orice tip de eveniment<\/em><\/strong><\/figcaption><\/figure>\n<\/aside>\n<\/div>\n<div class=\"td_block_wrap td_flex_block_1 tdi_121 td-pb-border-top td_block_template_1 td_ajax_preloading_preload td_flex_block\" data-td-block-uid=\"tdi_121\">\n<div id=\"tdi_121\" class=\"td_block_inner td-mc1-wrap\">\n<div class=\"td_module_flex td_module_flex_1 td_module_wrap td-animation-stack td-meta-info-hide td-cpt-post\">\n<div class=\"td-module-container td-category-pos-image\">\n<div class=\"td-module-meta-info\">\n<h3 class=\"entry-title td-module-title\"><a href=\"https:\/\/voceatimisului.ro\/o-noua-actiune-de-dezinsectie-aeriana-si-terestra-incepe-saptamana-viitoare-la-timisoara\/\" rel=\"bookmark\" title=\"O nou\u0103 ac\u0163iune de dezinsec\u0163ie aerian\u0103 \u0219i terestr\u0103 \u00eencepe s\u0103pt\u0103m\u00e2na viitoare la Timi\u0219oara!\">O nou\u0103 ac\u0163iune de dezinsec\u0163ie aerian\u0103 \u0219i terestr\u0103 \u00eencepe s\u0103pt\u0103m\u00e2na viitoare la Timi\u0219oara!<\/a><\/h3>\n<\/div>\n<\/div>\n<\/div>\n<div class=\"td_module_flex td_module_flex_1 td_module_wrap td-animation-stack td-meta-info-hide td-cpt-post\">\n<div class=\"td-module-container td-category-pos-image\">\n<div class=\"td-module-meta-info\">\n<h3 class=\"entry-title td-module-title\"><a href=\"https:\/\/voceatimisului.ro\/margareta-custodele-coroanei-va-veni-la-timisoara-pentru-a-planta-un-nou-stejar-in-piata-libertatii\/\" rel=\"bookmark\" title=\"Margareta, Custodele Coroanei, va veni la Timi\u0219oara pentru a planta un nou stejar \u00een Pia\u021ba Libert\u0103\u021bii!\">Margareta, Custodele Coroanei, va veni la Timi\u0219oara pentru a planta un nou stejar \u00een Pia\u021ba Libert\u0103\u021bii!<\/a><\/h3>\n<\/div>\n<\/div>\n<\/div>\n<div class=\"td_module_flex td_module_flex_1 td_module_wrap td-animation-stack td-meta-info-hide td-cpt-post\">\n<div class=\"td-module-container td-category-pos-image\">\n<div class=\"td-module-meta-info\">\n<h3 class=\"entry-title td-module-title\"><a href=\"https:\/\/voceatimisului.ro\/proiect-unic-in-vestul-tarii-demarat-de-oncohelp-ora-de-autoingrijire-incearca-sa-ii-ajute-pe-pacienti-sa-si-controleze-propria-stare-de-sanatate\/\" rel=\"bookmark\" title=\"Proiect unic \u00een vestul \u0163\u0103rii, demarat de OncoHelp! \u201cOra de auto\u00eengrijire\u201d \u00eencearc\u0103 s\u0103 \u00eei ajute pe pacien\u021bi s\u0103-\u0219i controleze propria stare de s\u0103n\u0103tate\">Proiect unic \u00een vestul \u0163\u0103rii, demarat de OncoHelp! \u201cOra de auto\u00eengrijire\u201d \u00eencearc\u0103 s\u0103 \u00eei ajute pe pacien\u021bi s\u0103-\u0219i controleze propria stare de s\u0103n\u0103tate<\/a><\/h3>\n<\/div>\n<\/div>\n<\/div>\n<div class=\"td_module_flex td_module_flex_1 td_module_wrap td-animation-stack td-meta-info-hide td-cpt-post\">\n<div class=\"td-module-container td-category-pos-image\">\n<div class=\"td-module-meta-info\">\n<h3 class=\"entry-title td-module-title\"><a href=\"https:\/\/voceatimisului.ro\/circulatia-mijloacelor-de-transport-in-comun-data-peste-cap-in-weekend-din-cauza-unor-santiere\/\" rel=\"bookmark\" title=\"Circula\u021bia mijloacelor de transport \u00een comun, dat\u0103 peste cap \u00een weekend, din cauza unor \u0219antiere\">Circula\u021bia mijloacelor de transport \u00een comun, dat\u0103 peste cap \u00een weekend, din cauza unor \u0219antiere<\/a><\/h3>\n<\/div>\n<\/div>\n<\/div>\n<div class=\"td_module_flex td_module_flex_1 td_module_wrap td-animation-stack td-meta-info-hide td-cpt-post\">\n<div class=\"td-module-container td-category-pos-image\">\n<div class=\"td-module-meta-info\">\n<h3 class=\"entry-title td-module-title\"><a href=\"https:\/\/voceatimisului.ro\/restrictii-de-ciruculatie-pe-mai-multe-strazi-din-timisoara-in-perioada-urmatoare\/\" rel=\"bookmark\" title=\"Restric\u0163ii de cirucula\u0163ie pe mai multe str\u0103zi din Timi\u015foara, \u00een perioada urm\u0103toare!\">Restric\u0163ii de cirucula\u0163ie pe mai multe str\u0103zi din Timi\u015foara, \u00een perioada urm\u0103toare!<\/a><\/h3>\n<\/div>\n<\/div>\n<\/div>\n<\/div>\n<\/div>\n<\/div>\n<\/div>\n<\/div>\n<\/div>\n<\/div>\n<\/div>\n<p><span class=\"td-page-meta\"><\/span><span class=\"td-page-meta\"><span class=\"td-page-meta\"><\/span><\/span><span class=\"td-page-meta\"><\/span><\/article>\n<p> Source URL: https:\/\/voceatimisului.ro\/circulatia-mijlocelor-de-transport-devitata-in-weekend-din-cauza-lucrarilor-pe-strada-1-decembrie-1918\/<\/p>\n","protected":false},"excerpt":{"rendered":"<p>\u0218tiriSocial Circula\u021bia mijloacelor de transport, deviat\u0103 \u00een weekend din cauza lucr\u0103rilor pe strada 1 Decembrie 1918 Autor-Ioana Danciu 6 mai 2022 0 1793 Facebook Twitter Pinterest WhatsApp Linkedin Copy URL autobuz1 Haos generalizat! Sute de mii de euro nefiscaliza\u021bi, zburd\u0103-n voie, \u00een Germania, printre clanurile de rromi din Timi\u0219oara, care se amenin\u021b\u0103 cu incendierea mor\u021bilor&#8230; [&hellip;]<\/p>\n","protected":false},"author":1,"featured_media":1323639,"comment_status":"open","ping_status":"","sticky":false,"template":"","format":"standard","meta":{"footnotes":""},"categories":[89],"tags":[199],"class_list":["post-1323638","post","type-post","status-publish","format-standard","has-post-thumbnail","hentry","category-romania","tag-voceatimisului-ro"],"_links":{"self":[{"href":"https:\/\/analyse.optim.biz\/index.php?rest_route=\/wp\/v2\/posts\/1323638","targetHints":{"allow":["GET"]}}],"collection":[{"href":"https:\/\/analyse.optim.biz\/index.php?rest_route=\/wp\/v2\/posts"}],"about":[{"href":"https:\/\/analyse.optim.biz\/index.php?rest_route=\/wp\/v2\/types\/post"}],"author":[{"embeddable":true,"href":"https:\/\/analyse.optim.biz\/index.php?rest_route=\/wp\/v2\/users\/1"}],"replies":[{"embeddable":true,"href":"https:\/\/analyse.optim.biz\/index.php?rest_route=%2Fwp%2Fv2%2Fcomments&post=1323638"}],"version-history":[{"count":0,"href":"https:\/\/analyse.optim.biz\/index.php?rest_route=\/wp\/v2\/posts\/1323638\/revisions"}],"wp:featuredmedia":[{"embeddable":true,"href":"https:\/\/analyse.optim.biz\/index.php?rest_route=\/wp\/v2\/media\/1323639"}],"wp:attachment":[{"href":"https:\/\/analyse.optim.biz\/index.php?rest_route=%2Fwp%2Fv2%2Fmedia&parent=1323638"}],"wp:term":[{"taxonomy":"category","embeddable":true,"href":"https:\/\/analyse.optim.biz\/index.php?rest_route=%2Fwp%2Fv2%2Fcategories&post=1323638"},{"taxonomy":"post_tag","embeddable":true,"href":"https:\/\/analyse.optim.biz\/index.php?rest_route=%2Fwp%2Fv2%2Ftags&post=1323638"}],"curies":[{"name":"wp","href":"https:\/\/api.w.org\/{rel}","templated":true}]}}