{"id":1323583,"date":"2022-05-26T09:08:52","date_gmt":"2022-05-26T06:08:52","guid":{"rendered":"https:\/\/analyse.optim.biz\/?p=1323583"},"modified":"2022-05-26T09:08:52","modified_gmt":"2022-05-26T06:08:52","slug":"perchezitii-in-timis-si-caras-severin-la-trei-medici-care-au-eliberat-8-000-de-certificate-de-vaccinare-false","status":"publish","type":"post","link":"https:\/\/analyse.optim.biz\/?p=1323583","title":{"rendered":"Perchezi\u0163ii \u00een Timi\u015f \u015fi Cara\u015f-Severin, la trei medici care au eliberat 8.000 de certificate de vaccinare false!"},"content":{"rendered":"<article id=\"template-id-172790\" class=\"post-172790 tdb_templates type-tdb_templates status-publish post\">\n<div id=\"tdi_52\" class=\"tdc-zone\">\n<div class=\"tdc_zone tdi_53  wpb_row td-pb-row\">\n<div id=\"tdi_54\" class=\"tdc-row stretch_row_1400 td-stretch-content\">\n<div class=\"vc_row tdi_55  wpb_row td-pb-row tdc-element-style\">\n<div class=\"vc_column tdi_57  wpb_column vc_column_container tdc-column td-pb-span8\">\n<div class=\"wpb_wrapper\">\n<div class=\"td_block_wrap tdb_single_categories tdi_58 td-pb-border-top td_block_template_1 \" data-td-block-uid=\"tdi_58\">\n<div class=\"tdb-category td-fix-index\"><a class=\"tdb-entry-category\" href=\"https:\/\/voceatimisului.ro\/category\/stiri-din-timisoara-si-timis\/\">\u0218tiri<\/a><a class=\"tdb-entry-category\" href=\"https:\/\/voceatimisului.ro\/category\/stiri-din-timisoara-si-timis\/eveniment\/\">Eveniment<\/a><\/div>\n<\/div>\n<div class=\"td_block_wrap tdb_title tdi_59 tdb-single-title td-pb-border-top td_block_template_1\" data-td-block-uid=\"tdi_59\">\n<div class=\"tdb-block-inner td-fix-index\">\n<h1 class=\"tdb-title-text\">Perchezi\u0163ii \u00een Timi\u015f \u015fi Cara\u015f-Severin, la trei medici care au eliberat 8.000 de certificate de vaccinare false!<\/h1>\n<\/div>\n<\/div>\n<div class=\"vc_row_inner tdi_62  vc_row vc_inner wpb_row td-pb-row\">\n<div class=\"vc_column_inner tdi_64  wpb_column vc_column_container tdc-inner-column td-pb-span6\">\n<div class=\"vc_column-inner\">\n<div class=\"wpb_wrapper\">\n<div class=\"td_block_wrap tdb_single_author tdi_65 td-pb-border-top td_block_template_1 tdb-post-meta\" data-td-block-uid=\"tdi_65\">\n<div class=\"tdb-block-inner td-fix-index\">\n<div class=\"tdb-author-name-wrap\"><span class=\"tdb-author-by\">Autor-<\/span><a class=\"tdb-author-name\" href=\"https:\/\/voceatimisului.ro\/author\/ioana\/\">Ioana Danciu<\/a><\/div>\n<\/div>\n<\/div>\n<div class=\"td_block_wrap tdb_single_date tdi_66 td-pb-border-top td_block_template_1 tdb-post-meta\" data-td-block-uid=\"tdi_66\">\n<div class=\"tdb-block-inner td-fix-index\"><time class=\"entry-date updated td-module-date\" datetime=\"2022-05-26T12:08:52+03:00\">26 mai 2022<\/time><\/div>\n<\/div>\n<div class=\"td_block_wrap tdb_single_comments_count tdi_67 td-pb-border-top td_block_template_1 tdb-post-meta\" data-td-block-uid=\"tdi_67\">\n<div class=\"tdb-block-inner td-fix-index\"><a href=\"https:\/\/voceatimisului.ro\/perchezitii-in-timis-si-caras-severin-la-trei-medici-care-au-eliberat-8-000-de-certificate-de-vaccinare-false\/#respond\"><span>0<\/span><\/a><\/div>\n<\/div>\n<div class=\"td_block_wrap tdb_single_post_views tdi_68 td-pb-border-top td_block_template_1 tdb-post-meta\" data-td-block-uid=\"tdi_68\">\n<div class=\"tdb-block-inner td-fix-index\"><span class=\"tdb-add-text\">1<\/span><span class=\"td-nr-views-151865\">228<\/span><\/div>\n<\/div>\n<\/div>\n<\/div>\n<\/div>\n<div class=\"vc_column_inner tdi_70  wpb_column vc_column_container tdc-inner-column td-pb-span6\">\n<div class=\"vc_column-inner\">\n<div class=\"wpb_wrapper\">\n<div class=\"td_block_wrap tdb_single_post_share tdi_71  td-pb-border-top td_block_template_1\" data-td-block-uid=\"tdi_71\">\n<div id=\"tdi_71\" class=\"td-post-sharing tdb-block td-ps-bg td-ps-notext td-post-sharing-style1 \">\n<div class=\"td-post-sharing-visible\"><a class=\"td-social-sharing-button td-social-sharing-button-js td-social-network td-social-facebook\" href=\"https:\/\/www.facebook.com\/sharer.php?u=https%3A%2F%2Fvoceatimisului.ro%2Fperchezitii-in-timis-si-caras-severin-la-trei-medici-care-au-eliberat-8-000-de-certificate-de-vaccinare-false%2F\" title=\"Facebook\" rel=\"noopener\"><\/p>\n<div class=\"td-social-but-text\">Facebook<\/div>\n<p><\/a><a class=\"td-social-sharing-button td-social-sharing-button-js td-social-network td-social-twitter\" href=\"https:\/\/twitter.com\/intent\/tweet?text=Perchezi%C5%A3ii+%C3%AEn+Timi%C5%9F+%C5%9Fi+Cara%C5%9F-Severin%2C+la+trei+medici+care+au+eliberat+8.000+de+certificate+de+vaccinare+false%21&amp;url=https%3A%2F%2Fvoceatimisului.ro%2Fperchezitii-in-timis-si-caras-severin-la-trei-medici-care-au-eliberat-8-000-de-certificate-de-vaccinare-false%2F&amp;via=Vocea+Timisului\" title=\"Twitter\" rel=\"noopener\"><\/p>\n<div class=\"td-social-but-text\">Twitter<\/div>\n<p><\/a><a class=\"td-social-sharing-button td-social-sharing-button-js td-social-network td-social-pinterest\" href=\"https:\/\/pinterest.com\/pin\/create\/button\/?url=https:\/\/voceatimisului.ro\/perchezitii-in-timis-si-caras-severin-la-trei-medici-care-au-eliberat-8-000-de-certificate-de-vaccinare-false\/&amp;media=https:\/\/analyse.optim.biz\/wp-content\/uploads\/2026\/01\/perchezitii-jpg.webp&amp;description=Perchezi%C5%A3ii+%C3%AEn+Timi%C5%9F+%C5%9Fi+Cara%C5%9F-Severin%2C+la+trei+medici+care+au+eliberat+8.000+de+certificate+de+vaccinare+false%21\" title=\"Pinterest\" rel=\"noopener\"><\/p>\n<div class=\"td-social-but-text\">Pinterest<\/div>\n<p><\/a><a class=\"td-social-sharing-button td-social-sharing-button-js td-social-network td-social-whatsapp\" href=\"https:\/\/api.whatsapp.com\/send?text=Perchezi%C5%A3ii+%C3%AEn+Timi%C5%9F+%C5%9Fi+Cara%C5%9F-Severin%2C+la+trei+medici+care+au+eliberat+8.000+de+certificate+de+vaccinare+false%21%20%0A%0A%20https:\/\/voceatimisului.ro\/perchezitii-in-timis-si-caras-severin-la-trei-medici-care-au-eliberat-8-000-de-certificate-de-vaccinare-false\/\" title=\"WhatsApp\" rel=\"noopener\"><\/p>\n<div class=\"td-social-but-text\">WhatsApp<\/div>\n<p><\/a><a class=\"td-social-sharing-button td-social-sharing-button-js td-social-network td-social-linkedin\" href=\"https:\/\/www.linkedin.com\/shareArticle?mini=true&amp;url=https:\/\/voceatimisului.ro\/perchezitii-in-timis-si-caras-severin-la-trei-medici-care-au-eliberat-8-000-de-certificate-de-vaccinare-false\/&amp;title=Perchezi%C5%A3ii+%C3%AEn+Timi%C5%9F+%C5%9Fi+Cara%C5%9F-Severin%2C+la+trei+medici+care+au+eliberat+8.000+de+certificate+de+vaccinare+false%21\" title=\"Linkedin\" rel=\"noopener\"><\/p>\n<div class=\"td-social-but-text\">Linkedin<\/div>\n<p><\/a><a class=\"td-social-sharing-button td-social-sharing-button-js td-social-network td-social-copy_url\" href=\"https:\/\/voceatimisului.ro\/perchezitii-in-timis-si-caras-severin-la-trei-medici-care-au-eliberat-8-000-de-certificate-de-vaccinare-false\/\" title=\"Copy URL\" rel=\"noopener\"><\/p>\n<div class=\"td-social-but-text\">Copy URL<\/div>\n<p><\/a><\/div>\n<\/div>\n<\/div>\n<\/div>\n<\/div>\n<\/div>\n<\/div>\n<div class=\"td_block_wrap tdb_single_featured_image tdi_72 tdb-content-horiz-left td-pb-border-top td_block_template_1\" data-td-block-uid=\"tdi_72\">\n<div class=\"tdb-block-inner td-fix-index\">\n<figure><img fetchpriority=\"high\" decoding=\"async\" width=\"696\" height=\"447\" class=\"entry-thumb\" src=\"https:\/\/analyse.optim.biz\/wp-content\/uploads\/2026\/01\/perchezitii-jpg-696x447-1.webp\" alt=\"perchezitii jpg\" title=\"perchezitii jpg\" loading=\"eager\"><figcaption class=\"tdb-caption-text\">perchezitii jpg<\/figcaption><\/figure>\n<\/div>\n<\/div>\n<div class=\"vc_row_inner tdi_74  vc_row vc_inner wpb_row td-pb-row\">\n<div class=\"vc_column_inner tdi_76  wpb_column vc_column_container tdc-inner-column td-pb-span4 td-is-sticky\">\n<div class=\"vc_column-inner\">\n<div class=\"wpb_wrapper\" data-sticky-enabled-on=\"W3RydWUsdHJ1ZSx0cnVlLHRydWVd\" data-sticky-offset=\"20\" data-sticky-is-width-auto=\"W2ZhbHNlLGZhbHNlLGZhbHNlLGZhbHNlXQ==\">\n<div class=\"td_block_wrap td_flex_block_1 tdi_77 td-pb-border-top td_block_template_1 td_ajax_preloading_preload td_flex_block\" data-td-block-uid=\"tdi_77\">\n<div id=\"tdi_77\" class=\"td_block_inner td-mc1-wrap\">\n<div class=\"td_module_flex td_module_flex_1 td_module_wrap td-animation-stack td-meta-info-hide td-cpt-post\">\n<div class=\"td-module-container td-category-pos-image\">\n<div class=\"td-module-meta-info\">\n<h3 class=\"entry-title td-module-title\"><a href=\"https:\/\/voceatimisului.ro\/comuna-pietroasa-trasee-si-legende-in-banatul-montan-cripta-contelui-bogdanovich-si-obiective-naturale\/\" rel=\"bookmark\" title=\"Comuna Pietroasa, trasee \u0219i legende \u00een Banatul montan. Cripta contelui Bogdanovich \u0219i obiective naturale\">Comuna Pietroasa, trasee \u0219i legende \u00een Banatul montan. Cripta contelui Bogdanovich \u0219i obiective naturale<\/a><\/h3>\n<\/div>\n<\/div>\n<\/div>\n<div class=\"td_module_flex td_module_flex_1 td_module_wrap td-animation-stack td-meta-info-hide td-cpt-post\">\n<div class=\"td-module-container td-category-pos-image\">\n<div class=\"td-module-meta-info\">\n<h3 class=\"entry-title td-module-title\"><a href=\"https:\/\/voceatimisului.ro\/consiliul-judetean-timis-anunta-doua-proiecte-pentru-modernizarea-dj-684-de-la-cosava-pana-la-granita-cu-caras-severin\/\" rel=\"bookmark\" title=\"Consiliul Jude\u021bean Timi\u0219 anun\u021b\u0103 dou\u0103 proiecte pentru modernizarea DJ 684, de la Co\u0219ava p\u00e2n\u0103 la grani\u021ba cu Cara\u0219-Severin\">Consiliul Jude\u021bean Timi\u0219 anun\u021b\u0103 dou\u0103 proiecte pentru modernizarea DJ 684, de la Co\u0219ava p\u00e2n\u0103 la grani\u021ba cu Cara\u0219-Severin<\/a><\/h3>\n<\/div>\n<\/div>\n<\/div>\n<div class=\"td_module_flex td_module_flex_1 td_module_wrap td-animation-stack td-meta-info-hide td-cpt-post\">\n<div class=\"td-module-container td-category-pos-image\">\n<div class=\"td-module-meta-info\">\n<h3 class=\"entry-title td-module-title\"><a href=\"https:\/\/voceatimisului.ro\/530-de-kilometri-de-piste-de-biciclete-in-judetul-timis-prin-cel-mai-mare-proiect-cicloturistic-din-romania\/\" rel=\"bookmark\" title=\"530 de kilometri de piste de biciclete \u00een jude\u021bul Timi\u0219, prin cel mai mare proiect cicloturistic din Rom\u00e2nia\">530 de kilometri de piste de biciclete \u00een jude\u021bul Timi\u0219, prin cel mai mare proiect cicloturistic din Rom\u00e2nia<\/a><\/h3>\n<\/div>\n<\/div>\n<\/div>\n<div class=\"td_module_flex td_module_flex_1 td_module_wrap td-animation-stack td-meta-info-hide td-cpt-post\">\n<div class=\"td-module-container td-category-pos-image\">\n<div class=\"td-module-meta-info\">\n<h3 class=\"entry-title td-module-title\"><a href=\"https:\/\/voceatimisului.ro\/judetul-timis-promovat-la-cel-mai-important-targ-de-turism-de-afaceri-din-lume\/\" rel=\"bookmark\" title=\"Jude\u021bul Timi\u0219, promovat la cel mai important t\u00e2rg de turism de afaceri din lume\">Jude\u021bul Timi\u0219, promovat la cel mai important t\u00e2rg de turism de afaceri din lume<\/a><\/h3>\n<\/div>\n<\/div>\n<\/div>\n<\/div>\n<\/div>\n<div class=\"tdb-author-box td_block_wrap tdb_single_author_box tdi_82 tdb-content-vert-top td-pb-border-top td_block_template_1\" data-td-block-uid=\"tdi_82\">\n<div class=\"tdb-block-inner td-fix-index\">\n<div class=\"tdb-author-info\"><a href=\"https:\/\/voceatimisului.ro\/author\/ioana\/\" class=\"tdb-author-name\">Ioana Danciu<\/a><\/p>\n<div class=\"tdb-author-descr\">\u00centreaga responsabilitate a comentariilor l\u0103sate de dumneavoastr\u0103 v\u0103 apar\u021bine!<br \/>\nClick <a href=\"https:\/\/voceatimisului.ro\/termeni-si-conditii\/\">aici<\/a>-citeste condi\u0163iile de utilizare ale site-ului www.voceatimisului.ro<\/div>\n<\/div>\n<\/div>\n<\/div>\n<\/div>\n<\/div>\n<\/div>\n<div class=\"vc_column_inner tdi_84  wpb_column vc_column_container tdc-inner-column td-pb-span8\">\n<div class=\"vc_column-inner\">\n<div class=\"wpb_wrapper\">\n<div class=\"td_block_wrap tdb_single_content tdi_85 td-pb-border-top td_block_template_1 td-post-content tagdiv-type\" data-td-block-uid=\"tdi_85\">\n<div class=\"tdb-block-inner td-fix-index\">\n<h5 class=\"wp-block-heading\" id=\"h-in-aceasta-diminea\u021ba-poli\u021bi\u0219tii-brigazii-de-combatere-a-criminalita\u021bii-organizate-timi\u0219oara-serviciul-de-combatere-a-criminalita\u021bii-informatice-\u0219i-serviciul-de-combaterea-criminalita\u021bii-organizate-cara\u0219-severin-impreuna-cu-procurorii-diicot-timi\u0219oara-efectueaza-5-perchezi\u021bii-domiciliare-in-jude\u021bele-timi\u0219-\u0219i-cara\u0219-severin-la-3-persoane-banuite-de-constituire-a-unui-grup-infrac\u021bional-organizat-zadarnicirea-combaterii-bolilor-fals-informatic-\u0219i-frauda-informatica\">\u00cen aceast\u0103 diminea\u021b\u0103, poli\u021bi\u0219tii Brig\u0103zii de Combatere a Criminalit\u0103\u021bii Organizate Timi\u0219oara \u2013 Serviciul de Combatere a Criminalit\u0103\u021bii Informatice \u0219i Serviciul de Combaterea Criminalit\u0103\u021bii Organizate Cara\u0219-Severin, \u00eempreun\u0103 cu procurorii DIICOT Timi\u0219oara, efectueaz\u0103 5 perchezi\u021bii domiciliare, \u00een jude\u021bele Timi\u0219 \u0219i Cara\u0219-Severin la 3 persoane b\u0103nuite de constituire a unui grup infrac\u021bional organizat, z\u0103d\u0103rnicirea combaterii bolilor, fals informatic \u0219i fraud\u0103 informatic\u0103.<\/h5>\n<p>Din investiga\u021biile efectuate a reie\u0219it c\u0103, \u00een perioada 2021 \u2013 2022, membrii grup\u0103rii infrac\u021bionale, afla\u021bi \u00een leg\u0103tur\u0103 cu diver\u0219i medici, ar fi intermediat ob\u021binerea, \u00een mod ilegal, de certificate care atest\u0103 vaccinarea anti Covid-19, pentru mai multe persoane interesate, \u00een schimbul unor sume de bani.<\/p>\n<p>Pentru a ob\u021bine un certificat de vaccinare valid, \u00eens\u0103 f\u0103r\u0103 a i se fi administrat efectiv vaccinul, o persoan\u0103 interesat\u0103 ar fi pl\u0103tit membrilor grup\u0103rii sume cuprinse \u00eentre 300 \u0219i 400 de euro, banii fiind \u00eencasa\u021bi personal de c\u0103tre oamenii de leg\u0103tur\u0103 ai medicilor \u0219i preda\u021bi acestora.<\/p>\n<p>Pentru aceste servicii, nu mai era necesar ca presupusul pacient s\u0103 se prezinte la una dintre clinicile de vaccinare, ci doar de a transmite datele personale membrilor re\u021belei. Ulterior, \u00een decurs de aproximativ dou\u0103 s\u0103pt\u0103m\u00e2ni, clientul ar fi primit certificatul verde de vaccinare valid, emis pe numele s\u0103u, av\u00e2nd toate datele personale implementate \u00een sistemul informatic al DSP.<\/p>\n<p>Ca urmare a investiga\u021biilor efectuate, au fost identificate aproximativ 8.000 de persoane din \u00eentreaga \u021bar\u0103, care au beneficiat de serviciile membrilor grup\u0103rii, persoane ce au ob\u021binut certificate de vaccinare care atest\u0103 administrarea unei doze de vaccin anti Covid-19 sau chiar schema complet\u0103.<\/p>\n<p>Faza opera\u021bional\u0103 a cazului a fost declan\u0219at\u0103 \u00een cursul lunii martie 2022, fiind efectuate cinci perchezi\u021bii domiciliare la loca\u021biile utilizate de persoanele b\u0103nuite (persoanele de leg\u0103tur\u0103 cu cadrele medicale). Au fost puse \u00een executare 10 mandate de aducere \u0219i a fost luat\u0103 m\u0103sura controlului judiciar pentru 7 dintre acestea.<\/p>\n<p>De asemenea, \u00een urma perchezi\u021biilor, au fost ridicate mai multe sisteme informatice (telefoane mobile, laptop-uri, memory stick-uri, memory carduri, HDD-uri etc) apar\u021bin\u00e2nd persoanelor implicate.<\/p>\n<p>Continu\u00e2nd cercet\u0103rile, dup\u0103 efectuarea de investiga\u021bii specifice, s-a reu\u0219it documentarea \u00eentregii activit\u0103\u021bi infrac\u021bionale a grup\u0103rii, fiind identificate 3 cadre medicale, care ar fi efectuat aceste activit\u0103\u021bi de vaccinare, \u00een fals.<\/p>\n<\/div>\n<\/div>\n<div class=\"td_block_wrap tdb_single_tags tdi_88 td-pb-border-top td_block_template_1\" data-td-block-uid=\"tdi_88\">\n<div class=\"tdb-block-inner td-fix-index\">\n<ul class=\"tdb-tags\">\n<li><span>Tags<\/span><\/li>\n<li><a href=\"https:\/\/voceatimisului.ro\/tag\/caras-severin\/\">Caras-Severin<\/a><\/li>\n<li><a href=\"https:\/\/voceatimisului.ro\/tag\/judetul-timis\/\">judetul timis<\/a><\/li>\n<li><a href=\"https:\/\/voceatimisului.ro\/tag\/perchezitii\/\">perchezi\u0163ii<\/a><\/li>\n<li><a href=\"https:\/\/voceatimisului.ro\/tag\/timisoara\/\">Timisoara<\/a><\/li>\n<\/ul>\n<\/div>\n<\/div>\n<div class=\"td_block_wrap tdb_single_post_share tdi_89  td-pb-border-top td_block_template_1\" data-td-block-uid=\"tdi_89\">\n<div id=\"tdi_89\" class=\"td-post-sharing tdb-block td-ps-bg td-ps-notext td-post-sharing-style1 \">\n<div class=\"td-post-sharing-visible\"><a class=\"td-social-sharing-button td-social-sharing-button-js td-social-network td-social-facebook\" href=\"https:\/\/www.facebook.com\/sharer.php?u=https%3A%2F%2Fvoceatimisului.ro%2Fperchezitii-in-timis-si-caras-severin-la-trei-medici-care-au-eliberat-8-000-de-certificate-de-vaccinare-false%2F\" title=\"Facebook\" rel=\"noopener\"><\/p>\n<div class=\"td-social-but-text\">Facebook<\/div>\n<p><\/a><a class=\"td-social-sharing-button td-social-sharing-button-js td-social-network td-social-twitter\" href=\"https:\/\/twitter.com\/intent\/tweet?text=Perchezi%C5%A3ii+%C3%AEn+Timi%C5%9F+%C5%9Fi+Cara%C5%9F-Severin%2C+la+trei+medici+care+au+eliberat+8.000+de+certificate+de+vaccinare+false%21&amp;url=https%3A%2F%2Fvoceatimisului.ro%2Fperchezitii-in-timis-si-caras-severin-la-trei-medici-care-au-eliberat-8-000-de-certificate-de-vaccinare-false%2F&amp;via=Vocea+Timisului\" title=\"Twitter\" rel=\"noopener\"><\/p>\n<div class=\"td-social-but-text\">Twitter<\/div>\n<p><\/a><a class=\"td-social-sharing-button td-social-sharing-button-js td-social-network td-social-pinterest\" href=\"https:\/\/pinterest.com\/pin\/create\/button\/?url=https:\/\/voceatimisului.ro\/perchezitii-in-timis-si-caras-severin-la-trei-medici-care-au-eliberat-8-000-de-certificate-de-vaccinare-false\/&amp;media=https:\/\/analyse.optim.biz\/wp-content\/uploads\/2026\/01\/perchezitii-jpg.webp&amp;description=Perchezi%C5%A3ii+%C3%AEn+Timi%C5%9F+%C5%9Fi+Cara%C5%9F-Severin%2C+la+trei+medici+care+au+eliberat+8.000+de+certificate+de+vaccinare+false%21\" title=\"Pinterest\" rel=\"noopener\"><\/p>\n<div class=\"td-social-but-text\">Pinterest<\/div>\n<p><\/a><a class=\"td-social-sharing-button td-social-sharing-button-js td-social-network td-social-whatsapp\" href=\"https:\/\/api.whatsapp.com\/send?text=Perchezi%C5%A3ii+%C3%AEn+Timi%C5%9F+%C5%9Fi+Cara%C5%9F-Severin%2C+la+trei+medici+care+au+eliberat+8.000+de+certificate+de+vaccinare+false%21%20%0A%0A%20https:\/\/voceatimisului.ro\/perchezitii-in-timis-si-caras-severin-la-trei-medici-care-au-eliberat-8-000-de-certificate-de-vaccinare-false\/\" title=\"WhatsApp\" rel=\"noopener\"><\/p>\n<div class=\"td-social-but-text\">WhatsApp<\/div>\n<p><\/a><a class=\"td-social-sharing-button td-social-sharing-button-js td-social-network td-social-linkedin\" href=\"https:\/\/www.linkedin.com\/shareArticle?mini=true&amp;url=https:\/\/voceatimisului.ro\/perchezitii-in-timis-si-caras-severin-la-trei-medici-care-au-eliberat-8-000-de-certificate-de-vaccinare-false\/&amp;title=Perchezi%C5%A3ii+%C3%AEn+Timi%C5%9F+%C5%9Fi+Cara%C5%9F-Severin%2C+la+trei+medici+care+au+eliberat+8.000+de+certificate+de+vaccinare+false%21\" title=\"Linkedin\" rel=\"noopener\"><\/p>\n<div class=\"td-social-but-text\">Linkedin<\/div>\n<p><\/a><a class=\"td-social-sharing-button td-social-sharing-button-js td-social-network td-social-copy_url\" href=\"https:\/\/voceatimisului.ro\/perchezitii-in-timis-si-caras-severin-la-trei-medici-care-au-eliberat-8-000-de-certificate-de-vaccinare-false\/\" title=\"Copy URL\" rel=\"noopener\"><\/p>\n<div class=\"td-social-but-text\">Copy URL<\/div>\n<p><\/a><\/div>\n<\/div>\n<\/div>\n<div class=\"td_block_wrap tdb_single_next_prev tdi_90 td-animation-stack td-next-prev-img-on td-pb-border-top td_block_template_1\" data-td-block-uid=\"tdi_90\">\n<div class=\"tdb-block-inner td-fix-index\">\n<div class=\"tdb-next-post tdb-next-post-bg tdb-post-prev\"><span>Articolul precedent<\/span><\/p>\n<div class=\"td-module-container\">\n<div class=\"td-image-container\"><a class=\"td-image-wrap\" href=\"https:\/\/voceatimisului.ro\/ca-la-pacanele-directia-de-urbanism-din-primaria-de-sticla-a-lui-dominic-fritz-are-pareri-fundamental-contradictorii-in-spete-similare\/\"><img loading=\"lazy\" decoding=\"async\" class=\"td-next-prev-image td-fix-index td-lazy-img\" title=\"Ca la p\u0103c\u0103nele! Direc\u021bia de Urbanism din prim\u0103ria de sticl\u0103 a lui Dominic Fritz are p\u0103reri fundamental contradictorii\u2026 \u00een spe\u021be similare\" width=\"696\" height=\"474\" src=\"https:\/\/analyse.optim.biz\/wp-content\/uploads\/2026\/01\/dominic-fritz-si-gabriel-almajan-1-jpg-696x474-1.webp\"><\/a><\/div>\n<div class=\"next-prev-title\"><a href=\"https:\/\/voceatimisului.ro\/ca-la-pacanele-directia-de-urbanism-din-primaria-de-sticla-a-lui-dominic-fritz-are-pareri-fundamental-contradictorii-in-spete-similare\/\">Ca la p\u0103c\u0103nele! Direc\u021bia de Urbanism din prim\u0103ria de sticl\u0103 a lui Dominic Fritz are p\u0103reri fundamental contradictorii\u2026 \u00een spe\u021be similare<\/a><\/div>\n<\/div>\n<\/div>\n<div class=\"tdb-next-post tdb-next-post-bg tdb-post-next\"><span>Articolul urm\u0103tor<\/span><\/p>\n<div class=\"td-module-container\">\n<div class=\"td-image-container\"><a class=\"td-image-wrap\" href=\"https:\/\/voceatimisului.ro\/pentru-ca-se-poate-patronul-unei-spalatorii-auto-face-slalom-urias-printre-expertii-din-administratia-lui-dominic-fritz\/\"><img loading=\"lazy\" decoding=\"async\" class=\"td-next-prev-image td-fix-index td-lazy-img\" title=\"Pentru c\u0103 se poate! Sadi Farajallah patronul unei sp\u0103l\u0103torii auto face slalom uria\u0219 printre exper\u021bii din administra\u021bia lui Dominic Fritz\" width=\"696\" height=\"522\" src=\"https:\/\/analyse.optim.biz\/wp-content\/uploads\/2026\/01\/patronul-unei-spalatorii-auto-face-slalom-urias-printre-expertii-din-administratia-lui-dominic-fritz4-696x522-1.jpg\"><\/a><\/div>\n<div class=\"next-prev-title\"><a href=\"https:\/\/voceatimisului.ro\/pentru-ca-se-poate-patronul-unei-spalatorii-auto-face-slalom-urias-printre-expertii-din-administratia-lui-dominic-fritz\/\">Pentru c\u0103 se poate! Sadi Farajallah patronul unei sp\u0103l\u0103torii auto face slalom uria\u0219 printre exper\u021bii din administra\u021bia lui Dominic Fritz<\/a><\/div>\n<\/div>\n<\/div>\n<\/div>\n<\/div>\n<\/div>\n<\/div>\n<\/div>\n<\/div>\n<div class=\"vc_row_inner tdi_100  vc_row vc_inner wpb_row td-pb-row\">\n<div class=\"vc_column_inner tdi_102  wpb_column vc_column_container tdc-inner-column td-pb-span4 td-is-sticky\">\n<div class=\"vc_column-inner\">\n<div class=\"wpb_wrapper\" data-sticky-enabled-on=\"W3RydWUsdHJ1ZSx0cnVlLHRydWVd\" data-sticky-offset=\"20\" data-sticky-is-width-auto=\"W2ZhbHNlLGZhbHNlLGZhbHNlLGZhbHNlXQ==\">\n<div class=\"td_block_wrap tdb_single_related tdi_103 td_with_ajax_pagination td-pb-border-top td_block_template_1 tdb-single-related-posts\" data-td-block-uid=\"tdi_103\">\n<div id=\"tdi_103\" class=\"td_block_inner tdb-block-inner td-fix-index\">\n<div class=\"tdb_module_related td_module_wrap td-animation-stack td-meta-info-hide\">\n<div class=\"td-module-container td-category-pos-image\">\n<div class=\"td-module-meta-info\">\n<h3 class=\"entry-title td-module-title\"><a href=\"https:\/\/voceatimisului.ro\/lumini-si-umbre-perchezitii-la-primaria-giroc-arhitecta-sefa-cristina-babescu-vizata-direct-de-catre-procurorii-p-j-t-si-politistii-de-la-s-i-c-e\/\" rel=\"bookmark\" title=\"Lumini \u0219i umbre! Perchezi\u021bii la Prim\u0103ria Giroc \u2013 arhitecta-\u0219ef\u0103 Cristina Babescu, vizat\u0103 direct de c\u0103tre procurorii P.J.T. \u0219i poli\u021bi\u0219tii de la S.I.C.E\">Lumini \u0219i umbre! Perchezi\u021bii la Prim\u0103ria Giroc \u2013 arhitecta-\u0219ef\u0103 Cristina Babescu, vizat\u0103 direct de c\u0103tre procurorii P.J.T. \u0219i poli\u021bi\u0219tii de la S.I.C.E<\/a><\/h3>\n<\/div>\n<\/div>\n<\/div>\n<div class=\"tdb_module_related td_module_wrap td-animation-stack td-meta-info-hide\">\n<div class=\"td-module-container td-category-pos-image\">\n<div class=\"td-module-meta-info\">\n<h3 class=\"entry-title td-module-title\"><a href=\"https:\/\/voceatimisului.ro\/haos-generalizat-sute-de-mii-de-euro-nefiscalizati-zburda-n-voie-in-germania-printre-clanurile-de-rromi-din-timisoara-care-se-ameninta-cu-incendierea-mortilor-si-cu-varsarea-de-sange-prin-toata-e\/\" rel=\"bookmark\" title=\"Haos generalizat! Sute de mii de euro nefiscaliza\u021bi, zburd\u0103-n voie, \u00een Germania, printre clanurile de rromi din Timi\u0219oara, care se amenin\u021b\u0103 cu incendierea mor\u021bilor \u0219i cu v\u0103rsarea de s\u00e2nge prin toat\u0103 Europa\">Haos generalizat! Sute de mii de euro nefiscaliza\u021bi, zburd\u0103-n voie, \u00een Germania, printre clanurile de rromi din Timi\u0219oara, care se amenin\u021b\u0103 cu incendierea mor\u021bilor&#8230;<\/a><\/h3>\n<\/div>\n<\/div>\n<\/div>\n<div class=\"tdb_module_related td_module_wrap td-animation-stack td-meta-info-hide\">\n<div class=\"td-module-container td-category-pos-image\">\n<div class=\"td-module-meta-info\">\n<h3 class=\"entry-title td-module-title\"><a href=\"https:\/\/voceatimisului.ro\/perchezitii-diicot-7-descinderi-domiciliare-si-la-sediile-de-firma-a-3-suspecti-cercetati-pentru-acces-ilegal-la-un-sistem-informatic\/\" rel=\"bookmark\" title=\"Perchezi\u021bii DIICOT \u2013 7 descinderi domiciliare \u0219i la sediile de firm\u0103 a 3 suspec\u021bi cerceta\u021bi pentru acces ilegal la un sistem informatic\">Perchezi\u021bii DIICOT \u2013 7 descinderi domiciliare \u0219i la sediile de firm\u0103 a 3 suspec\u021bi cerceta\u021bi pentru acces ilegal la un sistem informatic<\/a><\/h3>\n<\/div>\n<\/div>\n<\/div>\n<\/div>\n<\/div>\n<\/div>\n<\/div>\n<\/div>\n<div class=\"vc_column_inner tdi_105  wpb_column vc_column_container tdc-inner-column td-pb-span8\">\n<div class=\"vc_column-inner\">\n<div class=\"wpb_wrapper\">\n<div class=\"td_block_wrap tdb_single_comments tdi_106 tdb-comm-layout2 td-pb-border-top td_block_template_2\" data-td-block-uid=\"tdi_106\">\n<div class=\"tdb-block-inner td-fix-index\">\n<div class=\"comments\" id=\"comments\">\n<div id=\"respond\" class=\"comment-respond\">\n<h3 id=\"reply-title\" class=\"comment-reply-title\">L\u0102SA\u021aI UN MESAJ <small><a rel=\"nofollow\" id=\"cancel-comment-reply-link\" href=\"https:\/\/voceatimisului.ro\/perchezitii-in-timis-si-caras-severin-la-trei-medici-care-au-eliberat-8-000-de-certificate-de-vaccinare-false\/#respond\">Renun\u021ba\u021bi la r\u0103spuns<\/a><\/small><\/h3>\n<div class=\"comment-form-input-wrap td-form-comment\">\n<div class=\"td-warning-comment\">V\u0103 rug\u0103m s\u0103 introduce\u021bi comentariul dvs.!<\/div>\n<\/div>\n<div class=\"comment-form-input-wrap td-form-author\">\n<div class=\"td-warning-author\">Introduce\u021bi aici numele dvs.<\/div>\n<\/div>\n<div class=\"comment-form-input-wrap td-form-email\">\n<div class=\"td-warning-email-error\">A\u021bi introdus o adres\u0103 de e-mail incorect\u0103!<\/div>\n<div class=\"td-warning-email\">V\u0103 rug\u0103m s\u0103 introduce\u021bi adresa dvs. de e-mail aici<\/div>\n<\/div>\n<\/div>\n<\/div>\n<\/div>\n<\/div>\n<\/div>\n<\/div>\n<\/div>\n<\/div>\n<\/div>\n<\/div>\n<div class=\"vc_column tdi_108  wpb_column vc_column_container tdc-column td-pb-span4 td-is-sticky\">\n<div class=\"wpb_wrapper\" data-sticky-enabled-on=\"W3RydWUsdHJ1ZSx0cnVlLHRydWVd\" data-sticky-offset=\"20\" data-sticky-is-width-auto=\"W2ZhbHNlLGZhbHNlLGZhbHNlLGZhbHNlXQ==\">\n<div class=\"vc_row_inner tdi_110  vc_row vc_inner wpb_row td-pb-row\">\n<div class=\"vc_column_inner tdi_112  wpb_column vc_column_container tdc-inner-column td-pb-span12\">\n<div class=\"vc_column-inner\">\n<div class=\"wpb_wrapper\">\n<div class=\"td_block_wrap td_block_title tdi_113 td-pb-border-top td_block_template_11 td-fix-index\" data-td-block-uid=\"tdi_113\">\n<div class=\"td-block-title-wrap\">\n<h4 class=\"td-block-title\"><span class=\"td-pulldown-size\">ANUN\u021aURI \u0218I PUBLICITATE<\/span><\/h4>\n<\/div>\n<\/div>\n<\/div>\n<\/div>\n<\/div>\n<\/div>\n<div class=\"wpb_wrapper td_block_wrap vc_widget_sidebar tdi_115 \">\n<aside id=\"block-10\" class=\"td_block_template_1 widget block-10 widget_block widget_media_image\">\n<figure class=\"wp-block-image size-full\"><a href=\"https:\/\/adpghiroda.ro\/index.html\" target=\"_blank\" rel=\" noreferrer noopener\"><img decoding=\"async\" loading=\"eager\" width=\"960\" height=\"960\" src=\"https:\/\/analyse.optim.biz\/wp-content\/uploads\/2026\/01\/adp-ghiroda2-132.jpg\" class=\"wp-image-171492\" title=\"adp-ghiroda2-132\"><\/a><\/figure>\n<\/aside>\n<aside id=\"block-11\" class=\"td_block_template_1 widget block-11 widget_block widget_media_image\">\n<figure class=\"wp-block-image size-full\"><a href=\"https:\/\/adpghiroda.ro\/index.html\" target=\"_blank\" rel=\" noreferrer noopener\"><img decoding=\"async\" loading=\"lazy\" width=\"960\" height=\"960\" src=\"https:\/\/analyse.optim.biz\/wp-content\/uploads\/2026\/01\/adp-ghiroda1-132.jpg\" class=\"wp-image-171491\" title=\"adp-ghiroda1-132\"><\/a><\/figure>\n<\/aside>\n<aside id=\"block-17\" class=\"td_block_template_1 widget block-17 widget_block widget_media_image\">\n<figure class=\"wp-block-image size-large is-resized\"><a href=\"https:\/\/verde.events\/\" target=\"_blank\" rel=\" noreferrer noopener\"><img decoding=\"async\" loading=\"lazy\" width=\"1024\" height=\"683\" src=\"https:\/\/analyse.optim.biz\/wp-content\/uploads\/2026\/01\/verde-events-24-1024x683-1-117.jpg\" alt=\"Verde Events\" class=\"wp-image-174395\" title=\"verde-events-24-1024x683-1-117\"><\/a><figcaption class=\"wp-element-caption\"><strong><em>O experien\u021b\u0103 unic\u0103 pentru orice tip de eveniment<\/em><\/strong><\/figcaption><\/figure>\n<\/aside>\n<\/div>\n<div class=\"td_block_wrap td_flex_block_1 tdi_121 td-pb-border-top td_block_template_1 td_ajax_preloading_preload td_flex_block\" data-td-block-uid=\"tdi_121\">\n<div id=\"tdi_121\" class=\"td_block_inner td-mc1-wrap\">\n<div class=\"td_module_flex td_module_flex_1 td_module_wrap td-animation-stack td-meta-info-hide td-cpt-post\">\n<div class=\"td-module-container td-category-pos-image\">\n<div class=\"td-module-meta-info\">\n<h3 class=\"entry-title td-module-title\"><a href=\"https:\/\/voceatimisului.ro\/nis-petrol-timisoara-si-bucuresti-in-perchezitii-diicot-pe-motive-de-spionaj\/\" rel=\"bookmark\" title=\"NIS Petrol Timi\u0219oara \u0219i Bucure\u0219ti, \u00een perchezi\u021bii DIICOT, pe motive de spionaj\">NIS Petrol Timi\u0219oara \u0219i Bucure\u0219ti, \u00een perchezi\u021bii DIICOT, pe motive de spionaj<\/a><\/h3>\n<\/div>\n<\/div>\n<\/div>\n<div class=\"td_module_flex td_module_flex_1 td_module_wrap td-animation-stack td-meta-info-hide td-cpt-post\">\n<div class=\"td-module-container td-category-pos-image\">\n<div class=\"td-module-meta-info\">\n<h3 class=\"entry-title td-module-title\"><a href=\"https:\/\/voceatimisului.ro\/previziune-sumbra-lichidatorii-colterm-sa-anunta-ca-sistemul-centralizat-de-termoficare-din-municipiul-timisoara-se-va-prabusi-in-mai-putin-de-5-ani\/\" rel=\"bookmark\" title=\"Previziune sumbr\u0103! Lichidatorii Colterm SA anun\u021b\u0103 c\u0103 sistemul centralizat de termoficare din municipiul Timi\u0219oara se va pr\u0103bu\u0219i \u00een mai pu\u021bin de 5 ani\">Previziune sumbr\u0103! Lichidatorii Colterm SA anun\u021b\u0103 c\u0103 sistemul centralizat de termoficare din municipiul Timi\u0219oara se va pr\u0103bu\u0219i \u00een mai pu\u021bin de 5 ani<\/a><\/h3>\n<\/div>\n<\/div>\n<\/div>\n<div class=\"td_module_flex td_module_flex_1 td_module_wrap td-animation-stack td-meta-info-hide td-cpt-post\">\n<div class=\"td-module-container td-category-pos-image\">\n<div class=\"td-module-meta-info\">\n<h3 class=\"entry-title td-module-title\"><a href=\"https:\/\/voceatimisului.ro\/consiliul-judetean-vrea-centura-feroviara-pentru-timisoara-a-lansat-licitatia-pentru-studiul-de-fezabilitate\/\" rel=\"bookmark\" title=\"Consiliul Jude\u021bean vrea centur\u0103 feroviar\u0103 pentru Timi\u0219oara! A lansat licita\u021bia pentru studiul de fezabilitate\">Consiliul Jude\u021bean vrea centur\u0103 feroviar\u0103 pentru Timi\u0219oara! A lansat licita\u021bia pentru studiul de fezabilitate<\/a><\/h3>\n<\/div>\n<\/div>\n<\/div>\n<div class=\"td_module_flex td_module_flex_1 td_module_wrap td-animation-stack td-meta-info-hide td-cpt-post\">\n<div class=\"td-module-container td-category-pos-image\">\n<div class=\"td-module-meta-info\">\n<h3 class=\"entry-title td-module-title\"><a href=\"https:\/\/voceatimisului.ro\/politia-locala-se-reorganizeaza-vor-fi-reduse-mai-multe-posturi-inclusiv-de-conducere\/\" rel=\"bookmark\" title=\"Poli\u021bia Local\u0103 se reorganizeaz\u0103! Vor fi reduse mai multe posturi, inclusiv de conducere\">Poli\u021bia Local\u0103 se reorganizeaz\u0103! Vor fi reduse mai multe posturi, inclusiv de conducere<\/a><\/h3>\n<\/div>\n<\/div>\n<\/div>\n<div class=\"td_module_flex td_module_flex_1 td_module_wrap td-animation-stack td-meta-info-hide td-cpt-post\">\n<div class=\"td-module-container td-category-pos-image\">\n<div class=\"td-module-meta-info\">\n<h3 class=\"entry-title td-module-title\"><a href=\"https:\/\/voceatimisului.ro\/pot-continua-lucrarile-pentru-finalizarea-noului-corp-de-cladire-de-la-spitalul-louis-turcanu-a-fost-semnat-contractul\/\" rel=\"bookmark\" title=\"Pot continua lucr\u0103rile pentru finalizarea noului corp de cl\u0103dire de la Spitalul Louis \u0162urcanu! A fost semnat contractul\">Pot continua lucr\u0103rile pentru finalizarea noului corp de cl\u0103dire de la Spitalul Louis \u0162urcanu! A fost semnat contractul<\/a><\/h3>\n<\/div>\n<\/div>\n<\/div>\n<\/div>\n<\/div>\n<\/div>\n<\/div>\n<\/div>\n<\/div>\n<\/div>\n<\/div>\n<p><span class=\"td-page-meta\"><\/span><span class=\"td-page-meta\"><span class=\"td-page-meta\"><\/span><\/span><span class=\"td-page-meta\"><\/span><\/article>\n<p> Source URL: https:\/\/voceatimisului.ro\/perchezitii-in-timis-si-caras-severin-la-trei-medici-care-au-eliberat-8-000-de-certificate-de-vaccinare-false\/<\/p>\n","protected":false},"excerpt":{"rendered":"<p>\u0218tiriEveniment Perchezi\u0163ii \u00een Timi\u015f \u015fi Cara\u015f-Severin, la trei medici care au eliberat 8.000 de certificate de vaccinare false! Autor-Ioana Danciu 26 mai 2022 0 1228 Facebook Twitter Pinterest WhatsApp Linkedin Copy URL perchezitii jpg Comuna Pietroasa, trasee \u0219i legende \u00een Banatul montan. Cripta contelui Bogdanovich \u0219i obiective naturale Consiliul Jude\u021bean Timi\u0219 anun\u021b\u0103 dou\u0103 proiecte pentru [&hellip;]<\/p>\n","protected":false},"author":1,"featured_media":1323584,"comment_status":"open","ping_status":"","sticky":false,"template":"","format":"standard","meta":{"footnotes":""},"categories":[89],"tags":[199],"class_list":["post-1323583","post","type-post","status-publish","format-standard","has-post-thumbnail","hentry","category-romania","tag-voceatimisului-ro"],"_links":{"self":[{"href":"https:\/\/analyse.optim.biz\/index.php?rest_route=\/wp\/v2\/posts\/1323583","targetHints":{"allow":["GET"]}}],"collection":[{"href":"https:\/\/analyse.optim.biz\/index.php?rest_route=\/wp\/v2\/posts"}],"about":[{"href":"https:\/\/analyse.optim.biz\/index.php?rest_route=\/wp\/v2\/types\/post"}],"author":[{"embeddable":true,"href":"https:\/\/analyse.optim.biz\/index.php?rest_route=\/wp\/v2\/users\/1"}],"replies":[{"embeddable":true,"href":"https:\/\/analyse.optim.biz\/index.php?rest_route=%2Fwp%2Fv2%2Fcomments&post=1323583"}],"version-history":[{"count":0,"href":"https:\/\/analyse.optim.biz\/index.php?rest_route=\/wp\/v2\/posts\/1323583\/revisions"}],"wp:featuredmedia":[{"embeddable":true,"href":"https:\/\/analyse.optim.biz\/index.php?rest_route=\/wp\/v2\/media\/1323584"}],"wp:attachment":[{"href":"https:\/\/analyse.optim.biz\/index.php?rest_route=%2Fwp%2Fv2%2Fmedia&parent=1323583"}],"wp:term":[{"taxonomy":"category","embeddable":true,"href":"https:\/\/analyse.optim.biz\/index.php?rest_route=%2Fwp%2Fv2%2Fcategories&post=1323583"},{"taxonomy":"post_tag","embeddable":true,"href":"https:\/\/analyse.optim.biz\/index.php?rest_route=%2Fwp%2Fv2%2Ftags&post=1323583"}],"curies":[{"name":"wp","href":"https:\/\/api.w.org\/{rel}","templated":true}]}}