{"id":1323575,"date":"2022-06-10T08:57:49","date_gmt":"2022-06-10T05:57:49","guid":{"rendered":"https:\/\/analyse.optim.biz\/?p=1323575"},"modified":"2022-06-10T08:57:49","modified_gmt":"2022-06-10T05:57:49","slug":"politia-locala-se-reorganizeaza-vor-fi-reduse-mai-multe-posturi-inclusiv-de-conducere","status":"publish","type":"post","link":"https:\/\/analyse.optim.biz\/?p=1323575","title":{"rendered":"Poli\u021bia Local\u0103 se reorganizeaz\u0103! Vor fi reduse mai multe posturi, inclusiv de conducere"},"content":{"rendered":"<article id=\"template-id-172790\" class=\"post-172790 tdb_templates type-tdb_templates status-publish post\">\n<div id=\"tdi_52\" class=\"tdc-zone\">\n<div class=\"tdc_zone tdi_53  wpb_row td-pb-row\">\n<div id=\"tdi_54\" class=\"tdc-row stretch_row_1400 td-stretch-content\">\n<div class=\"vc_row tdi_55  wpb_row td-pb-row tdc-element-style\">\n<div class=\"vc_column tdi_57  wpb_column vc_column_container tdc-column td-pb-span8\">\n<div class=\"wpb_wrapper\">\n<div class=\"td_block_wrap tdb_single_categories tdi_58 td-pb-border-top td_block_template_1 \" data-td-block-uid=\"tdi_58\">\n<div class=\"tdb-category td-fix-index\"><a class=\"tdb-entry-category\" href=\"https:\/\/voceatimisului.ro\/category\/stiri-din-timisoara-si-timis\/\">\u0218tiri<\/a><a class=\"tdb-entry-category\" href=\"https:\/\/voceatimisului.ro\/category\/stiri-din-timisoara-si-timis\/social\/\">Social<\/a><\/div>\n<\/div>\n<div class=\"td_block_wrap tdb_title tdi_59 tdb-single-title td-pb-border-top td_block_template_1\" data-td-block-uid=\"tdi_59\">\n<div class=\"tdb-block-inner td-fix-index\">\n<h1 class=\"tdb-title-text\">Poli\u021bia Local\u0103 se reorganizeaz\u0103! Vor fi reduse mai multe posturi, inclusiv de conducere<\/h1>\n<\/div>\n<\/div>\n<div class=\"vc_row_inner tdi_62  vc_row vc_inner wpb_row td-pb-row\">\n<div class=\"vc_column_inner tdi_64  wpb_column vc_column_container tdc-inner-column td-pb-span6\">\n<div class=\"vc_column-inner\">\n<div class=\"wpb_wrapper\">\n<div class=\"td_block_wrap tdb_single_author tdi_65 td-pb-border-top td_block_template_1 tdb-post-meta\" data-td-block-uid=\"tdi_65\">\n<div class=\"tdb-block-inner td-fix-index\">\n<div class=\"tdb-author-name-wrap\"><span class=\"tdb-author-by\">Autor-<\/span><a class=\"tdb-author-name\" href=\"https:\/\/voceatimisului.ro\/author\/ioana\/\">Ioana Danciu<\/a><\/div>\n<\/div>\n<\/div>\n<div class=\"td_block_wrap tdb_single_date tdi_66 td-pb-border-top td_block_template_1 tdb-post-meta\" data-td-block-uid=\"tdi_66\">\n<div class=\"tdb-block-inner td-fix-index\"><time class=\"entry-date updated td-module-date\" datetime=\"2022-06-10T11:57:49+03:00\">10 iunie 2022<\/time><\/div>\n<\/div>\n<div class=\"td_block_wrap tdb_single_comments_count tdi_67 td-pb-border-top td_block_template_1 tdb-post-meta\" data-td-block-uid=\"tdi_67\">\n<div class=\"tdb-block-inner td-fix-index\"><a href=\"https:\/\/voceatimisului.ro\/politia-locala-se-reorganizeaza-vor-fi-reduse-mai-multe-posturi-inclusiv-de-conducere\/#respond\"><span>0<\/span><\/a><\/div>\n<\/div>\n<div class=\"td_block_wrap tdb_single_post_views tdi_68 td-pb-border-top td_block_template_1 tdb-post-meta\" data-td-block-uid=\"tdi_68\">\n<div class=\"tdb-block-inner td-fix-index\"><span class=\"tdb-add-text\">1<\/span><span class=\"td-nr-views-152187\">1427<\/span><\/div>\n<\/div>\n<\/div>\n<\/div>\n<\/div>\n<div class=\"vc_column_inner tdi_70  wpb_column vc_column_container tdc-inner-column td-pb-span6\">\n<div class=\"vc_column-inner\">\n<div class=\"wpb_wrapper\">\n<div class=\"td_block_wrap tdb_single_post_share tdi_71  td-pb-border-top td_block_template_1\" data-td-block-uid=\"tdi_71\">\n<div id=\"tdi_71\" class=\"td-post-sharing tdb-block td-ps-bg td-ps-notext td-post-sharing-style1 \">\n<div class=\"td-post-sharing-visible\"><a class=\"td-social-sharing-button td-social-sharing-button-js td-social-network td-social-facebook\" href=\"https:\/\/www.facebook.com\/sharer.php?u=https%3A%2F%2Fvoceatimisului.ro%2Fpolitia-locala-se-reorganizeaza-vor-fi-reduse-mai-multe-posturi-inclusiv-de-conducere%2F\" title=\"Facebook\" rel=\"noopener\"><\/p>\n<div class=\"td-social-but-text\">Facebook<\/div>\n<p><\/a><a class=\"td-social-sharing-button td-social-sharing-button-js td-social-network td-social-twitter\" href=\"https:\/\/twitter.com\/intent\/tweet?text=Poli%C8%9Bia+Local%C4%83+se+reorganizeaz%C4%83%21+Vor+fi+reduse+mai+multe+posturi%2C+inclusiv+de+conducere&amp;url=https%3A%2F%2Fvoceatimisului.ro%2Fpolitia-locala-se-reorganizeaza-vor-fi-reduse-mai-multe-posturi-inclusiv-de-conducere%2F&amp;via=Vocea+Timisului\" title=\"Twitter\" rel=\"noopener\"><\/p>\n<div class=\"td-social-but-text\">Twitter<\/div>\n<p><\/a><a class=\"td-social-sharing-button td-social-sharing-button-js td-social-network td-social-pinterest\" href=\"https:\/\/pinterest.com\/pin\/create\/button\/?url=https:\/\/voceatimisului.ro\/politia-locala-se-reorganizeaza-vor-fi-reduse-mai-multe-posturi-inclusiv-de-conducere\/&amp;media=https:\/\/analyse.optim.biz\/wp-content\/uploads\/2026\/01\/monitorizare-video-jpg.webp&amp;description=Poli%C8%9Bia+Local%C4%83+se+reorganizeaz%C4%83%21+Vor+fi+reduse+mai+multe+posturi%2C+inclusiv+de+conducere\" title=\"Pinterest\" rel=\"noopener\"><\/p>\n<div class=\"td-social-but-text\">Pinterest<\/div>\n<p><\/a><a class=\"td-social-sharing-button td-social-sharing-button-js td-social-network td-social-whatsapp\" href=\"https:\/\/api.whatsapp.com\/send?text=Poli%C8%9Bia+Local%C4%83+se+reorganizeaz%C4%83%21+Vor+fi+reduse+mai+multe+posturi%2C+inclusiv+de+conducere%20%0A%0A%20https:\/\/voceatimisului.ro\/politia-locala-se-reorganizeaza-vor-fi-reduse-mai-multe-posturi-inclusiv-de-conducere\/\" title=\"WhatsApp\" rel=\"noopener\"><\/p>\n<div class=\"td-social-but-text\">WhatsApp<\/div>\n<p><\/a><a class=\"td-social-sharing-button td-social-sharing-button-js td-social-network td-social-linkedin\" href=\"https:\/\/www.linkedin.com\/shareArticle?mini=true&amp;url=https:\/\/voceatimisului.ro\/politia-locala-se-reorganizeaza-vor-fi-reduse-mai-multe-posturi-inclusiv-de-conducere\/&amp;title=Poli%C8%9Bia+Local%C4%83+se+reorganizeaz%C4%83%21+Vor+fi+reduse+mai+multe+posturi%2C+inclusiv+de+conducere\" title=\"Linkedin\" rel=\"noopener\"><\/p>\n<div class=\"td-social-but-text\">Linkedin<\/div>\n<p><\/a><a class=\"td-social-sharing-button td-social-sharing-button-js td-social-network td-social-copy_url\" href=\"https:\/\/voceatimisului.ro\/politia-locala-se-reorganizeaza-vor-fi-reduse-mai-multe-posturi-inclusiv-de-conducere\/\" title=\"Copy URL\" rel=\"noopener\"><\/p>\n<div class=\"td-social-but-text\">Copy URL<\/div>\n<p><\/a><\/div>\n<\/div>\n<\/div>\n<\/div>\n<\/div>\n<\/div>\n<\/div>\n<div class=\"td_block_wrap tdb_single_featured_image tdi_72 tdb-content-horiz-left td-pb-border-top td_block_template_1\" data-td-block-uid=\"tdi_72\">\n<div class=\"tdb-block-inner td-fix-index\">\n<figure><img fetchpriority=\"high\" decoding=\"async\" width=\"696\" height=\"444\" class=\"entry-thumb\" src=\"https:\/\/analyse.optim.biz\/wp-content\/uploads\/2026\/01\/monitorizare-video-jpg-696x444-2.webp\" alt=\"monitorizare video jpg\" title=\"monitorizare video jpg\" loading=\"eager\"><figcaption class=\"tdb-caption-text\">monitorizare video jpg<\/figcaption><\/figure>\n<\/div>\n<\/div>\n<div class=\"vc_row_inner tdi_74  vc_row vc_inner wpb_row td-pb-row\">\n<div class=\"vc_column_inner tdi_76  wpb_column vc_column_container tdc-inner-column td-pb-span4 td-is-sticky\">\n<div class=\"vc_column-inner\">\n<div class=\"wpb_wrapper\" data-sticky-enabled-on=\"W3RydWUsdHJ1ZSx0cnVlLHRydWVd\" data-sticky-offset=\"20\" data-sticky-is-width-auto=\"W2ZhbHNlLGZhbHNlLGZhbHNlLGZhbHNlXQ==\">\n<div class=\"td_block_wrap td_flex_block_1 tdi_77 td-pb-border-top td_block_template_1 td_ajax_preloading_preload td_flex_block\" data-td-block-uid=\"tdi_77\">\n<div id=\"tdi_77\" class=\"td_block_inner td-mc1-wrap\">\n<div class=\"td_module_flex td_module_flex_1 td_module_wrap td-animation-stack td-meta-info-hide td-cpt-post\">\n<div class=\"td-module-container td-category-pos-image\">\n<div class=\"td-module-meta-info\">\n<h3 class=\"entry-title td-module-title\"><a href=\"https:\/\/voceatimisului.ro\/masini-abandonate-ridicate-de-pe-domeniul-public\/\" rel=\"bookmark\" title=\"Tot mai multe ma\u0219ini abandonate, ridicate de pe domeniul public. Peste 300 de autovehicule, \u00eenl\u0103turate de la \u00eenceputul anului\">Tot mai multe ma\u0219ini abandonate, ridicate de pe domeniul public. Peste 300 de autovehicule, \u00eenl\u0103turate de la \u00eenceputul anului<\/a><\/h3>\n<\/div>\n<\/div>\n<\/div>\n<div class=\"td_module_flex td_module_flex_1 td_module_wrap td-animation-stack td-meta-info-hide td-cpt-post\">\n<div class=\"td-module-container td-category-pos-image\">\n<div class=\"td-module-meta-info\">\n<h3 class=\"entry-title td-module-title\"><a href=\"https:\/\/voceatimisului.ro\/sa-fie-lumina-mitropolia-banatului-aplica-legile-divine-cand-vine-vorba-despre-respectarea-randuielilor-pamantesti-in-materie-de-disciplina-in-constructii-si-dezvoltari-imobiliare\/\" rel=\"bookmark\" title=\"S\u0103 fie lumin\u0103! Mitropolia Banatului aplic\u0103 legile divine, c\u00e2nd vine vorba despre respectarea r\u00e2nduielilor p\u0103m\u00e2nte\u0219ti, \u00een materie de disciplin\u0103 \u00een construc\u021bii \u0219i dezvolt\u0103ri imobiliare\">S\u0103 fie lumin\u0103! Mitropolia Banatului aplic\u0103 legile divine, c\u00e2nd vine vorba despre respectarea r\u00e2nduielilor p\u0103m\u00e2nte\u0219ti, \u00een materie de disciplin\u0103 \u00een construc\u021bii \u0219i dezvolt\u0103ri imobiliare<\/a><\/h3>\n<\/div>\n<\/div>\n<\/div>\n<div class=\"td_module_flex td_module_flex_1 td_module_wrap td-animation-stack td-meta-info-hide td-cpt-post\">\n<div class=\"td-module-container td-category-pos-image\">\n<div class=\"td-module-meta-info\">\n<h3 class=\"entry-title td-module-title\"><a href=\"https:\/\/voceatimisului.ro\/haos-generalizat-sute-de-mii-de-euro-nefiscalizati-zburda-n-voie-in-germania-printre-clanurile-de-rromi-din-timisoara-care-se-ameninta-cu-incendierea-mortilor-si-cu-varsarea-de-sange-prin-toata-e\/\" rel=\"bookmark\" title=\"Haos generalizat! Sute de mii de euro nefiscaliza\u021bi, zburd\u0103-n voie, \u00een Germania, printre clanurile de rromi din Timi\u0219oara, care se amenin\u021b\u0103 cu incendierea mor\u021bilor \u0219i cu v\u0103rsarea de s\u00e2nge prin toat\u0103 Europa\">Haos generalizat! Sute de mii de euro nefiscaliza\u021bi, zburd\u0103-n voie, \u00een Germania, printre clanurile de rromi din Timi\u0219oara, care se amenin\u021b\u0103 cu incendierea mor\u021bilor&#8230;<\/a><\/h3>\n<\/div>\n<\/div>\n<\/div>\n<div class=\"td_module_flex td_module_flex_1 td_module_wrap td-animation-stack td-meta-info-hide td-cpt-post\">\n<div class=\"td-module-container td-category-pos-image\">\n<div class=\"td-module-meta-info\">\n<h3 class=\"entry-title td-module-title\"><a href=\"https:\/\/voceatimisului.ro\/proiect-pilot-politia-locala-timisoara-a-decis-sa-transforme-amenzile-in-avertismente-nu-doar-in-beneficiul-financiar-al-angajatilor-ci-pentru-toti-muritorii-de-rand-ai-administratiei-dominic-fritz\/\" rel=\"bookmark\" title=\"Proiect pilot! Poli\u021bia Local\u0103 Timi\u0219oara a decis s\u0103 transforme amenzile \u00een avertismente, nu doar \u00een beneficiul financiar al angaja\u021bilor, ci pentru to\u021bi muritorii de r\u00e2nd ai administra\u021biei Dominic Fritz\">Proiect pilot! Poli\u021bia Local\u0103 Timi\u0219oara a decis s\u0103 transforme amenzile \u00een avertismente, nu doar \u00een beneficiul financiar al angaja\u021bilor, ci pentru to\u021bi muritorii de&#8230;<\/a><\/h3>\n<\/div>\n<\/div>\n<\/div>\n<\/div>\n<\/div>\n<div class=\"tdb-author-box td_block_wrap tdb_single_author_box tdi_82 tdb-content-vert-top td-pb-border-top td_block_template_1\" data-td-block-uid=\"tdi_82\">\n<div class=\"tdb-block-inner td-fix-index\">\n<div class=\"tdb-author-info\"><a href=\"https:\/\/voceatimisului.ro\/author\/ioana\/\" class=\"tdb-author-name\">Ioana Danciu<\/a><\/p>\n<div class=\"tdb-author-descr\">\u00centreaga responsabilitate a comentariilor l\u0103sate de dumneavoastr\u0103 v\u0103 apar\u021bine!<br \/>\nClick <a href=\"https:\/\/voceatimisului.ro\/termeni-si-conditii\/\">aici<\/a>-citeste condi\u0163iile de utilizare ale site-ului www.voceatimisului.ro<\/div>\n<\/div>\n<\/div>\n<\/div>\n<\/div>\n<\/div>\n<\/div>\n<div class=\"vc_column_inner tdi_84  wpb_column vc_column_container tdc-inner-column td-pb-span8\">\n<div class=\"vc_column-inner\">\n<div class=\"wpb_wrapper\">\n<div class=\"td_block_wrap tdb_single_content tdi_85 td-pb-border-top td_block_template_1 td-post-content tagdiv-type\" data-td-block-uid=\"tdi_85\">\n<div class=\"tdb-block-inner td-fix-index\">\n<p>Reorganizarea se face prin transformarea vechiului departament \u00eentr-o structur\u0103 nou\u0103, o direc\u021bie general\u0103, cum este organizat\u0103 aceast\u0103 activitate \u0219i \u00een alte mari ora\u0219e ale \u021b\u0103rii. Num\u0103rul de posturi se reduce cu 14, de la 372 la 358, ca urmare a reducerii num\u0103rului de locuitori ai Timi\u0219oarei, conform datelor de la Statistic\u0103, transmise prin Prefectura Timi\u0219. Posturile reduse fac parte din categoria celor neocupate.<\/p>\n<p>Autorit\u0103\u0163ile spun c\u0103 este important\u0103 restructurarea intern\u0103 a direc\u021biei, modific\u00e2ndu-se o serie de servicii \u0219i birouri, reduc\u00e2ndu-se num\u0103rul de posturi de conducere de la 25 \u00een vechea organigram\u0103, la 21 \u00een noua organigram\u0103.<\/p>\n<p>Astfel, devine un compartiment de sine st\u0103t\u0103tor, \u00een subordinea direct\u0103 a directorului general, Compartimentul de Interven\u021bie Rapid\u0103, care \u00eenainte era \u00eencorporat \u00een Biroul Ordine Public\u0103 \u0219i Interven\u021bie Rapid\u0103. Acesta va avea 21 de poli\u021bi\u0219ti locali. La Serviciul Inspec\u021bie Comercial\u0103 vor fi 5 poli\u021bi\u0219ti \u00een plus, suplimentarea fiind de la 8 la 13, la Serviciul Protec\u021bia Mediului vor fi 13 fa\u021b\u0103 de 10 \u00een vechea organigram\u0103, la Poli\u021bia Pie\u021belor vor fi doi poli\u021bi\u0219ti \u00een plus, ajung\u00e2nd la 15 \u00een total, iar la Serviciul Disciplina \u00een Construc\u021bii va fi cu unul \u00een plus, adic\u0103 11.<\/p>\n<p>\u00cen urma reorganiz\u0103rii, se restructureaz\u0103 departamentele. Astfel, Biroul Proximitate \u0219i Siguran\u021b\u0103 Public\u0103 (114 posturi) va fi grupat cu Poli\u021bia Pie\u021belor (15 posturi ) \u0219i Paza Obiectivelor (33 posturi) \u00een subordinea unui adjunct, \u00een timp ce Siguran\u021ba Circula\u021biei (31 posturi), \u00eempreun\u0103 cu Monitorizarea Video (17 posturi) \u0219i Biroul Transport Urban care se comaseaz\u0103 cu Patrulare Naval\u0103 (13 posturi) vor fi girate de alt adjunct, iar al treilea adjunct se va ocupa de Inspec\u021bie Comercial\u0103 (13 posturi), Disciplina \u00een Construc\u021bii \u0219i Afi\u0219aj Stradal (11 posturi), Protec\u021bia Mediului (13 posturi), Financiar, Achizi\u021bii, Logistic\u0103.<\/p>\n<p>Consiliul Local urmeaz\u0103 s\u0103 se pronun\u021be asupra reorganiz\u0103rii, schimb\u0103rii denumirii institu\u021biei \u00een Direc\u021bia General\u0103 a Poli\u021biei Locale, modificarea \u0219i aprobarea Organigramei, Statului de func\u021bii, Regulamentului de Organizare \u0219i Func\u021bionare \u0219i aprobarea coeficien\u021bilor de ierarhizare a posturilor.<\/p>\n<p>Proiectul de hot\u0103r\u00e2re poate fi consultat aici: <a href=\"https:\/\/www.primariatm.ro\/administratie\/consiliul-local\/proiecte-de-hotarari\/?uid=B12BE9A216D6D786C225885A003E92BA\" target=\"_blank\" rel=\"noopener\">https:\/\/www.primariatm.ro\/administratie\/consiliul-local\/proiecte-de-hotarari\/?uid=B12BE9A216D6D786C225885A003E92BA<\/a><\/p>\n<\/div>\n<\/div>\n<div class=\"td_block_wrap tdb_single_tags tdi_88 td-pb-border-top td_block_template_1\" data-td-block-uid=\"tdi_88\">\n<div class=\"tdb-block-inner td-fix-index\">\n<ul class=\"tdb-tags\">\n<li><span>Tags<\/span><\/li>\n<li><a href=\"https:\/\/voceatimisului.ro\/tag\/politia-locala\/\">politia locala<\/a><\/li>\n<li><a href=\"https:\/\/voceatimisului.ro\/tag\/timisoara\/\">Timisoara<\/a><\/li>\n<\/ul>\n<\/div>\n<\/div>\n<div class=\"td_block_wrap tdb_single_post_share tdi_89  td-pb-border-top td_block_template_1\" data-td-block-uid=\"tdi_89\">\n<div id=\"tdi_89\" class=\"td-post-sharing tdb-block td-ps-bg td-ps-notext td-post-sharing-style1 \">\n<div class=\"td-post-sharing-visible\"><a class=\"td-social-sharing-button td-social-sharing-button-js td-social-network td-social-facebook\" href=\"https:\/\/www.facebook.com\/sharer.php?u=https%3A%2F%2Fvoceatimisului.ro%2Fpolitia-locala-se-reorganizeaza-vor-fi-reduse-mai-multe-posturi-inclusiv-de-conducere%2F\" title=\"Facebook\" rel=\"noopener\"><\/p>\n<div class=\"td-social-but-text\">Facebook<\/div>\n<p><\/a><a class=\"td-social-sharing-button td-social-sharing-button-js td-social-network td-social-twitter\" href=\"https:\/\/twitter.com\/intent\/tweet?text=Poli%C8%9Bia+Local%C4%83+se+reorganizeaz%C4%83%21+Vor+fi+reduse+mai+multe+posturi%2C+inclusiv+de+conducere&amp;url=https%3A%2F%2Fvoceatimisului.ro%2Fpolitia-locala-se-reorganizeaza-vor-fi-reduse-mai-multe-posturi-inclusiv-de-conducere%2F&amp;via=Vocea+Timisului\" title=\"Twitter\" rel=\"noopener\"><\/p>\n<div class=\"td-social-but-text\">Twitter<\/div>\n<p><\/a><a class=\"td-social-sharing-button td-social-sharing-button-js td-social-network td-social-pinterest\" href=\"https:\/\/pinterest.com\/pin\/create\/button\/?url=https:\/\/voceatimisului.ro\/politia-locala-se-reorganizeaza-vor-fi-reduse-mai-multe-posturi-inclusiv-de-conducere\/&amp;media=https:\/\/analyse.optim.biz\/wp-content\/uploads\/2026\/01\/monitorizare-video-jpg.webp&amp;description=Poli%C8%9Bia+Local%C4%83+se+reorganizeaz%C4%83%21+Vor+fi+reduse+mai+multe+posturi%2C+inclusiv+de+conducere\" title=\"Pinterest\" rel=\"noopener\"><\/p>\n<div class=\"td-social-but-text\">Pinterest<\/div>\n<p><\/a><a class=\"td-social-sharing-button td-social-sharing-button-js td-social-network td-social-whatsapp\" href=\"https:\/\/api.whatsapp.com\/send?text=Poli%C8%9Bia+Local%C4%83+se+reorganizeaz%C4%83%21+Vor+fi+reduse+mai+multe+posturi%2C+inclusiv+de+conducere%20%0A%0A%20https:\/\/voceatimisului.ro\/politia-locala-se-reorganizeaza-vor-fi-reduse-mai-multe-posturi-inclusiv-de-conducere\/\" title=\"WhatsApp\" rel=\"noopener\"><\/p>\n<div class=\"td-social-but-text\">WhatsApp<\/div>\n<p><\/a><a class=\"td-social-sharing-button td-social-sharing-button-js td-social-network td-social-linkedin\" href=\"https:\/\/www.linkedin.com\/shareArticle?mini=true&amp;url=https:\/\/voceatimisului.ro\/politia-locala-se-reorganizeaza-vor-fi-reduse-mai-multe-posturi-inclusiv-de-conducere\/&amp;title=Poli%C8%9Bia+Local%C4%83+se+reorganizeaz%C4%83%21+Vor+fi+reduse+mai+multe+posturi%2C+inclusiv+de+conducere\" title=\"Linkedin\" rel=\"noopener\"><\/p>\n<div class=\"td-social-but-text\">Linkedin<\/div>\n<p><\/a><a class=\"td-social-sharing-button td-social-sharing-button-js td-social-network td-social-copy_url\" href=\"https:\/\/voceatimisului.ro\/politia-locala-se-reorganizeaza-vor-fi-reduse-mai-multe-posturi-inclusiv-de-conducere\/\" title=\"Copy URL\" rel=\"noopener\"><\/p>\n<div class=\"td-social-but-text\">Copy URL<\/div>\n<p><\/a><\/div>\n<\/div>\n<\/div>\n<div class=\"td_block_wrap tdb_single_next_prev tdi_90 td-animation-stack td-next-prev-img-on td-pb-border-top td_block_template_1\" data-td-block-uid=\"tdi_90\">\n<div class=\"tdb-block-inner td-fix-index\">\n<div class=\"tdb-next-post tdb-next-post-bg tdb-post-prev\"><span>Articolul precedent<\/span><\/p>\n<div class=\"td-module-container\">\n<div class=\"td-image-container\"><a class=\"td-image-wrap\" href=\"https:\/\/voceatimisului.ro\/stpt-prelungeste-programul-autobuzelor-expres-6-pentru-vest-fest\/\"><img decoding=\"async\" class=\"td-next-prev-image td-fix-index td-lazy-img\" title=\"STPT prelunge\u015fte programul autobuzelor Expres 6, pentru Vest Fest!\" src=\"https:\/\/analyse.optim.biz\/wp-content\/uploads\/2026\/01\/autobuz1.jpg\"><\/a><\/div>\n<div class=\"next-prev-title\"><a href=\"https:\/\/voceatimisului.ro\/stpt-prelungeste-programul-autobuzelor-expres-6-pentru-vest-fest\/\">STPT prelunge\u015fte programul autobuzelor Expres 6, pentru Vest Fest!<\/a><\/div>\n<\/div>\n<\/div>\n<div class=\"tdb-next-post tdb-next-post-bg tdb-post-next\"><span>Articolul urm\u0103tor<\/span><\/p>\n<div class=\"td-module-container\">\n<div class=\"td-image-container\"><a class=\"td-image-wrap\" href=\"https:\/\/voceatimisului.ro\/consiliul-judetean-vrea-centura-feroviara-pentru-timisoara-a-lansat-licitatia-pentru-studiul-de-fezabilitate\/\"><img loading=\"lazy\" decoding=\"async\" class=\"td-next-prev-image td-fix-index td-lazy-img\" title=\"Consiliul Jude\u021bean vrea centur\u0103 feroviar\u0103 pentru Timi\u0219oara! A lansat licita\u021bia pentru studiul de fezabilitate\" width=\"696\" height=\"464\" src=\"https:\/\/analyse.optim.biz\/wp-content\/uploads\/2026\/01\/cale-ferata-jpg-696x464-2.webp\"><\/a><\/div>\n<div class=\"next-prev-title\"><a href=\"https:\/\/voceatimisului.ro\/consiliul-judetean-vrea-centura-feroviara-pentru-timisoara-a-lansat-licitatia-pentru-studiul-de-fezabilitate\/\">Consiliul Jude\u021bean vrea centur\u0103 feroviar\u0103 pentru Timi\u0219oara! A lansat licita\u021bia pentru studiul de fezabilitate<\/a><\/div>\n<\/div>\n<\/div>\n<\/div>\n<\/div>\n<\/div>\n<\/div>\n<\/div>\n<\/div>\n<div class=\"vc_row_inner tdi_100  vc_row vc_inner wpb_row td-pb-row\">\n<div class=\"vc_column_inner tdi_102  wpb_column vc_column_container tdc-inner-column td-pb-span4 td-is-sticky\">\n<div class=\"vc_column-inner\">\n<div class=\"wpb_wrapper\" data-sticky-enabled-on=\"W3RydWUsdHJ1ZSx0cnVlLHRydWVd\" data-sticky-offset=\"20\" data-sticky-is-width-auto=\"W2ZhbHNlLGZhbHNlLGZhbHNlLGZhbHNlXQ==\">\n<div class=\"td_block_wrap tdb_single_related tdi_103 td_with_ajax_pagination td-pb-border-top td_block_template_1 tdb-single-related-posts\" data-td-block-uid=\"tdi_103\">\n<div id=\"tdi_103\" class=\"td_block_inner tdb-block-inner td-fix-index\">\n<div class=\"tdb_module_related td_module_wrap td-animation-stack td-meta-info-hide\">\n<div class=\"td-module-container td-category-pos-image\">\n<div class=\"td-module-meta-info\">\n<h3 class=\"entry-title td-module-title\"><a href=\"https:\/\/voceatimisului.ro\/previziune-sumbra-lichidatorii-colterm-sa-anunta-ca-sistemul-centralizat-de-termoficare-din-municipiul-timisoara-se-va-prabusi-in-mai-putin-de-5-ani\/\" rel=\"bookmark\" title=\"Previziune sumbr\u0103! Lichidatorii Colterm SA anun\u021b\u0103 c\u0103 sistemul centralizat de termoficare din municipiul Timi\u0219oara se va pr\u0103bu\u0219i \u00een mai pu\u021bin de 5 ani\">Previziune sumbr\u0103! Lichidatorii Colterm SA anun\u021b\u0103 c\u0103 sistemul centralizat de termoficare din municipiul Timi\u0219oara se va pr\u0103bu\u0219i \u00een mai pu\u021bin de 5 ani<\/a><\/h3>\n<\/div>\n<\/div>\n<\/div>\n<div class=\"tdb_module_related td_module_wrap td-animation-stack td-meta-info-hide\">\n<div class=\"td-module-container td-category-pos-image\">\n<div class=\"td-module-meta-info\">\n<h3 class=\"entry-title td-module-title\"><a href=\"https:\/\/voceatimisului.ro\/ca-de-obicei-gargara-primarul-dominic-fritz-nu-a-obtinut-nici-o-victorie-de-etapa-la-bugetul-local-nici-macar-in-cazul-clubului-heaven\/\" rel=\"bookmark\" title=\"Ca de obicei, gargar\u0103! Primarul Dominic Fritz nu a ob\u021binut nici o victorie de etap\u0103 la bugetul local, nici m\u0103car \u00een cazul clubului Heaven\">Ca de obicei, gargar\u0103! Primarul Dominic Fritz nu a ob\u021binut nici o victorie de etap\u0103 la bugetul local, nici m\u0103car \u00een cazul clubului Heaven<\/a><\/h3>\n<\/div>\n<\/div>\n<\/div>\n<div class=\"tdb_module_related td_module_wrap td-animation-stack td-meta-info-hide\">\n<div class=\"td-module-container td-category-pos-image\">\n<div class=\"td-module-meta-info\">\n<h3 class=\"entry-title td-module-title\"><a href=\"https:\/\/voceatimisului.ro\/consiliul-judetean-vrea-centura-feroviara-pentru-timisoara-a-lansat-licitatia-pentru-studiul-de-fezabilitate\/\" rel=\"bookmark\" title=\"Consiliul Jude\u021bean vrea centur\u0103 feroviar\u0103 pentru Timi\u0219oara! A lansat licita\u021bia pentru studiul de fezabilitate\">Consiliul Jude\u021bean vrea centur\u0103 feroviar\u0103 pentru Timi\u0219oara! A lansat licita\u021bia pentru studiul de fezabilitate<\/a><\/h3>\n<\/div>\n<\/div>\n<\/div>\n<\/div>\n<\/div>\n<\/div>\n<\/div>\n<\/div>\n<div class=\"vc_column_inner tdi_105  wpb_column vc_column_container tdc-inner-column td-pb-span8\">\n<div class=\"vc_column-inner\">\n<div class=\"wpb_wrapper\">\n<div class=\"td_block_wrap tdb_single_comments tdi_106 tdb-comm-layout2 td-pb-border-top td_block_template_2\" data-td-block-uid=\"tdi_106\">\n<div class=\"tdb-block-inner td-fix-index\">\n<div class=\"comments\" id=\"comments\">\n<div id=\"respond\" class=\"comment-respond\">\n<h3 id=\"reply-title\" class=\"comment-reply-title\">L\u0102SA\u021aI UN MESAJ <small><a rel=\"nofollow\" id=\"cancel-comment-reply-link\" href=\"https:\/\/voceatimisului.ro\/politia-locala-se-reorganizeaza-vor-fi-reduse-mai-multe-posturi-inclusiv-de-conducere\/#respond\">Renun\u021ba\u021bi la r\u0103spuns<\/a><\/small><\/h3>\n<div class=\"comment-form-input-wrap td-form-comment\">\n<div class=\"td-warning-comment\">V\u0103 rug\u0103m s\u0103 introduce\u021bi comentariul dvs.!<\/div>\n<\/div>\n<div class=\"comment-form-input-wrap td-form-author\">\n<div class=\"td-warning-author\">Introduce\u021bi aici numele dvs.<\/div>\n<\/div>\n<div class=\"comment-form-input-wrap td-form-email\">\n<div class=\"td-warning-email-error\">A\u021bi introdus o adres\u0103 de e-mail incorect\u0103!<\/div>\n<div class=\"td-warning-email\">V\u0103 rug\u0103m s\u0103 introduce\u021bi adresa dvs. de e-mail aici<\/div>\n<\/div>\n<\/div>\n<\/div>\n<\/div>\n<\/div>\n<\/div>\n<\/div>\n<\/div>\n<\/div>\n<\/div>\n<\/div>\n<div class=\"vc_column tdi_108  wpb_column vc_column_container tdc-column td-pb-span4 td-is-sticky\">\n<div class=\"wpb_wrapper\" data-sticky-enabled-on=\"W3RydWUsdHJ1ZSx0cnVlLHRydWVd\" data-sticky-offset=\"20\" data-sticky-is-width-auto=\"W2ZhbHNlLGZhbHNlLGZhbHNlLGZhbHNlXQ==\">\n<div class=\"vc_row_inner tdi_110  vc_row vc_inner wpb_row td-pb-row\">\n<div class=\"vc_column_inner tdi_112  wpb_column vc_column_container tdc-inner-column td-pb-span12\">\n<div class=\"vc_column-inner\">\n<div class=\"wpb_wrapper\">\n<div class=\"td_block_wrap td_block_title tdi_113 td-pb-border-top td_block_template_11 td-fix-index\" data-td-block-uid=\"tdi_113\">\n<div class=\"td-block-title-wrap\">\n<h4 class=\"td-block-title\"><span class=\"td-pulldown-size\">ANUN\u021aURI \u0218I PUBLICITATE<\/span><\/h4>\n<\/div>\n<\/div>\n<\/div>\n<\/div>\n<\/div>\n<\/div>\n<div class=\"wpb_wrapper td_block_wrap vc_widget_sidebar tdi_115 \">\n<aside id=\"block-10\" class=\"td_block_template_1 widget block-10 widget_block widget_media_image\">\n<figure class=\"wp-block-image size-full\"><a href=\"https:\/\/adpghiroda.ro\/index.html\" target=\"_blank\" rel=\" noreferrer noopener\"><img decoding=\"async\" loading=\"eager\" width=\"960\" height=\"960\" src=\"https:\/\/analyse.optim.biz\/wp-content\/uploads\/2026\/01\/adp-ghiroda2-131.jpg\" class=\"wp-image-171492\" title=\"adp-ghiroda2-131\"><\/a><\/figure>\n<\/aside>\n<aside id=\"block-11\" class=\"td_block_template_1 widget block-11 widget_block widget_media_image\">\n<figure class=\"wp-block-image size-full\"><a href=\"https:\/\/adpghiroda.ro\/index.html\" target=\"_blank\" rel=\" noreferrer noopener\"><img decoding=\"async\" loading=\"lazy\" width=\"960\" height=\"960\" src=\"https:\/\/analyse.optim.biz\/wp-content\/uploads\/2026\/01\/adp-ghiroda1-131.jpg\" class=\"wp-image-171491\" title=\"adp-ghiroda1-131\"><\/a><\/figure>\n<\/aside>\n<aside id=\"block-17\" class=\"td_block_template_1 widget block-17 widget_block widget_media_image\">\n<figure class=\"wp-block-image size-large is-resized\"><a href=\"https:\/\/verde.events\/\" target=\"_blank\" rel=\" noreferrer noopener\"><img decoding=\"async\" loading=\"lazy\" width=\"1024\" height=\"683\" src=\"https:\/\/analyse.optim.biz\/wp-content\/uploads\/2026\/01\/verde-events-24-1024x683-1-116.jpg\" alt=\"Verde Events\" class=\"wp-image-174395\" title=\"verde-events-24-1024x683-1-116\"><\/a><figcaption class=\"wp-element-caption\"><strong><em>O experien\u021b\u0103 unic\u0103 pentru orice tip de eveniment<\/em><\/strong><\/figcaption><\/figure>\n<\/aside>\n<\/div>\n<div class=\"td_block_wrap td_flex_block_1 tdi_121 td-pb-border-top td_block_template_1 td_ajax_preloading_preload td_flex_block\" data-td-block-uid=\"tdi_121\">\n<div id=\"tdi_121\" class=\"td_block_inner td-mc1-wrap\">\n<div class=\"td_module_flex td_module_flex_1 td_module_wrap td-animation-stack td-meta-info-hide td-cpt-post\">\n<div class=\"td-module-container td-category-pos-image\">\n<div class=\"td-module-meta-info\">\n<h3 class=\"entry-title td-module-title\"><a href=\"https:\/\/voceatimisului.ro\/pot-continua-lucrarile-pentru-finalizarea-noului-corp-de-cladire-de-la-spitalul-louis-turcanu-a-fost-semnat-contractul\/\" rel=\"bookmark\" title=\"Pot continua lucr\u0103rile pentru finalizarea noului corp de cl\u0103dire de la Spitalul Louis \u0162urcanu! A fost semnat contractul\">Pot continua lucr\u0103rile pentru finalizarea noului corp de cl\u0103dire de la Spitalul Louis \u0162urcanu! A fost semnat contractul<\/a><\/h3>\n<\/div>\n<\/div>\n<\/div>\n<div class=\"td_module_flex td_module_flex_1 td_module_wrap td-animation-stack td-meta-info-hide td-cpt-post\">\n<div class=\"td-module-container td-category-pos-image\">\n<div class=\"td-module-meta-info\">\n<h3 class=\"entry-title td-module-title\"><a href=\"https:\/\/voceatimisului.ro\/perchezitii-in-timis-si-caras-severin-la-trei-medici-care-au-eliberat-8-000-de-certificate-de-vaccinare-false\/\" rel=\"bookmark\" title=\"Perchezi\u0163ii \u00een Timi\u015f \u015fi Cara\u015f-Severin, la trei medici care au eliberat 8.000 de certificate de vaccinare false!\">Perchezi\u0163ii \u00een Timi\u015f \u015fi Cara\u015f-Severin, la trei medici care au eliberat 8.000 de certificate de vaccinare false!<\/a><\/h3>\n<\/div>\n<\/div>\n<\/div>\n<div class=\"td_module_flex td_module_flex_1 td_module_wrap td-animation-stack td-meta-info-hide td-cpt-post\">\n<div class=\"td-module-container td-category-pos-image\">\n<div class=\"td-module-meta-info\">\n<h3 class=\"entry-title td-module-title\"><a href=\"https:\/\/voceatimisului.ro\/dominic-fritz-anunta-o-ampla-actiune-de-recuperare-a-patrimoniului-orasului-pe-malul-begai-peste-11-hectare-sunt-ocupate-ilegal\/\" rel=\"bookmark\" title=\"Dominic Fritz anun\u0163\u0103 o ampl\u0103 ac\u021biune de recuperare a patrimoniului ora\u0219ului pe malul Beg\u0103i! Peste 11 hectare sunt ocupate ilegal\">Dominic Fritz anun\u0163\u0103 o ampl\u0103 ac\u021biune de recuperare a patrimoniului ora\u0219ului pe malul Beg\u0103i! Peste 11 hectare sunt ocupate ilegal<\/a><\/h3>\n<\/div>\n<\/div>\n<\/div>\n<div class=\"td_module_flex td_module_flex_1 td_module_wrap td-animation-stack td-meta-info-hide td-cpt-post\">\n<div class=\"td-module-container td-category-pos-image\">\n<div class=\"td-module-meta-info\">\n<h3 class=\"entry-title td-module-title\"><a href=\"https:\/\/voceatimisului.ro\/medicii-infectionisti-trag-un-semnal-de-alarma-a-crescut-numarul-cazurilor-de-pneumonii-comunitare\/\" rel=\"bookmark\" title=\"Medicii infec\u0163ioni\u015fti trag un semnal de alarm\u0103! A crescut num\u0103rul cazurilor de pneumonii comunitare\">Medicii infec\u0163ioni\u015fti trag un semnal de alarm\u0103! A crescut num\u0103rul cazurilor de pneumonii comunitare<\/a><\/h3>\n<\/div>\n<\/div>\n<\/div>\n<div class=\"td_module_flex td_module_flex_1 td_module_wrap td-animation-stack td-meta-info-hide td-cpt-post\">\n<div class=\"td-module-container td-category-pos-image\">\n<div class=\"td-module-meta-info\">\n<h3 class=\"entry-title td-module-title\"><a href=\"https:\/\/voceatimisului.ro\/o-noua-actiune-de-dezinsectie-aeriana-si-terestra-incepe-saptamana-viitoare-la-timisoara\/\" rel=\"bookmark\" title=\"O nou\u0103 ac\u0163iune de dezinsec\u0163ie aerian\u0103 \u0219i terestr\u0103 \u00eencepe s\u0103pt\u0103m\u00e2na viitoare la Timi\u0219oara!\">O nou\u0103 ac\u0163iune de dezinsec\u0163ie aerian\u0103 \u0219i terestr\u0103 \u00eencepe s\u0103pt\u0103m\u00e2na viitoare la Timi\u0219oara!<\/a><\/h3>\n<\/div>\n<\/div>\n<\/div>\n<\/div>\n<\/div>\n<\/div>\n<\/div>\n<\/div>\n<\/div>\n<\/div>\n<\/div>\n<p><span class=\"td-page-meta\"><\/span><span class=\"td-page-meta\"><span class=\"td-page-meta\"><\/span><\/span><span class=\"td-page-meta\"><\/span><\/article>\n<p> Source URL: https:\/\/voceatimisului.ro\/politia-locala-se-reorganizeaza-vor-fi-reduse-mai-multe-posturi-inclusiv-de-conducere\/<\/p>\n","protected":false},"excerpt":{"rendered":"<p>\u0218tiriSocial Poli\u021bia Local\u0103 se reorganizeaz\u0103! Vor fi reduse mai multe posturi, inclusiv de conducere Autor-Ioana Danciu 10 iunie 2022 0 11427 Facebook Twitter Pinterest WhatsApp Linkedin Copy URL monitorizare video jpg Tot mai multe ma\u0219ini abandonate, ridicate de pe domeniul public. Peste 300 de autovehicule, \u00eenl\u0103turate de la \u00eenceputul anului S\u0103 fie lumin\u0103! Mitropolia Banatului [&hellip;]<\/p>\n","protected":false},"author":1,"featured_media":1323576,"comment_status":"open","ping_status":"","sticky":false,"template":"","format":"standard","meta":{"footnotes":""},"categories":[89],"tags":[199],"class_list":["post-1323575","post","type-post","status-publish","format-standard","has-post-thumbnail","hentry","category-romania","tag-voceatimisului-ro"],"_links":{"self":[{"href":"https:\/\/analyse.optim.biz\/index.php?rest_route=\/wp\/v2\/posts\/1323575","targetHints":{"allow":["GET"]}}],"collection":[{"href":"https:\/\/analyse.optim.biz\/index.php?rest_route=\/wp\/v2\/posts"}],"about":[{"href":"https:\/\/analyse.optim.biz\/index.php?rest_route=\/wp\/v2\/types\/post"}],"author":[{"embeddable":true,"href":"https:\/\/analyse.optim.biz\/index.php?rest_route=\/wp\/v2\/users\/1"}],"replies":[{"embeddable":true,"href":"https:\/\/analyse.optim.biz\/index.php?rest_route=%2Fwp%2Fv2%2Fcomments&post=1323575"}],"version-history":[{"count":0,"href":"https:\/\/analyse.optim.biz\/index.php?rest_route=\/wp\/v2\/posts\/1323575\/revisions"}],"wp:featuredmedia":[{"embeddable":true,"href":"https:\/\/analyse.optim.biz\/index.php?rest_route=\/wp\/v2\/media\/1323576"}],"wp:attachment":[{"href":"https:\/\/analyse.optim.biz\/index.php?rest_route=%2Fwp%2Fv2%2Fmedia&parent=1323575"}],"wp:term":[{"taxonomy":"category","embeddable":true,"href":"https:\/\/analyse.optim.biz\/index.php?rest_route=%2Fwp%2Fv2%2Fcategories&post=1323575"},{"taxonomy":"post_tag","embeddable":true,"href":"https:\/\/analyse.optim.biz\/index.php?rest_route=%2Fwp%2Fv2%2Ftags&post=1323575"}],"curies":[{"name":"wp","href":"https:\/\/api.w.org\/{rel}","templated":true}]}}