{"id":1323558,"date":"2022-10-01T07:20:03","date_gmt":"2022-10-01T04:20:03","guid":{"rendered":"https:\/\/analyse.optim.biz\/?p=1323558"},"modified":"2022-10-01T07:20:03","modified_gmt":"2022-10-01T04:20:03","slug":"previziune-sumbra-sistemul-centralizat-de-termoficare-din-timisoara-se-prabuseste-in-mai-putin-de-5-ani","status":"publish","type":"post","link":"https:\/\/analyse.optim.biz\/?p=1323558","title":{"rendered":"Previziune sumbr\u0103! Sistemul centralizat de termoficare din Timi\u0219oara se pr\u0103bu\u0219e\u0219te \u00een mai pu\u021bin de 5 ani"},"content":{"rendered":"<article id=\"template-id-172790\" class=\"post-172790 tdb_templates type-tdb_templates status-publish post\">\n<div id=\"tdi_52\" class=\"tdc-zone\">\n<div class=\"tdc_zone tdi_53  wpb_row td-pb-row\">\n<div id=\"tdi_54\" class=\"tdc-row stretch_row_1400 td-stretch-content\">\n<div class=\"vc_row tdi_55  wpb_row td-pb-row tdc-element-style\">\n<div class=\"vc_column tdi_57  wpb_column vc_column_container tdc-column td-pb-span8\">\n<div class=\"wpb_wrapper\">\n<div class=\"td_block_wrap tdb_single_categories tdi_58 td-pb-border-top td_block_template_1 \" data-td-block-uid=\"tdi_58\">\n<div class=\"tdb-category td-fix-index\"><a class=\"tdb-entry-category\" href=\"https:\/\/voceatimisului.ro\/category\/stiri-din-timisoara-si-timis\/\">\u0218tiri<\/a><a class=\"tdb-entry-category\" href=\"https:\/\/voceatimisului.ro\/category\/investigatii-stiri\/\">Investiga\u021bii<\/a><\/div>\n<\/div>\n<div class=\"td_block_wrap tdb_title tdi_59 tdb-single-title td-pb-border-top td_block_template_1\" data-td-block-uid=\"tdi_59\">\n<div class=\"tdb-block-inner td-fix-index\">\n<h1 class=\"tdb-title-text\">Previziune sumbr\u0103! Lichidatorii Colterm SA anun\u021b\u0103 c\u0103 sistemul centralizat de termoficare din municipiul Timi\u0219oara se va pr\u0103bu\u0219i \u00een mai pu\u021bin de 5 ani<\/h1>\n<\/div>\n<\/div>\n<div class=\"td_block_wrap tdb_single_subtitle tdi_60 td-pb-border-top td_block_template_1\" data-td-block-uid=\"tdi_60\">\n<div class=\"tdb-block-inner td-fix-index\">\n<h2>Previziune sumbr\u0103! Lichidatorii Colterm SA anun\u021b\u0103 c\u0103 sistemul centralizat de termoficare din municipiul Timi\u0219oara se va pr\u0103bu\u0219i \u00een mai pu\u021bin de 5 ani<\/h2>\n<\/div>\n<\/div>\n<div class=\"vc_row_inner tdi_62  vc_row vc_inner wpb_row td-pb-row\">\n<div class=\"vc_column_inner tdi_64  wpb_column vc_column_container tdc-inner-column td-pb-span6\">\n<div class=\"vc_column-inner\">\n<div class=\"wpb_wrapper\">\n<div class=\"td_block_wrap tdb_single_author tdi_65 td-pb-border-top td_block_template_1 tdb-post-meta\" data-td-block-uid=\"tdi_65\">\n<div class=\"tdb-block-inner td-fix-index\">\n<div class=\"tdb-author-name-wrap\"><span class=\"tdb-author-by\">Autor-<\/span><a class=\"tdb-author-name\" href=\"https:\/\/voceatimisului.ro\/author\/redactia\/\">Redac\u021bia<\/a><\/div>\n<\/div>\n<\/div>\n<div class=\"td_block_wrap tdb_single_date tdi_66 td-pb-border-top td_block_template_1 tdb-post-meta\" data-td-block-uid=\"tdi_66\">\n<div class=\"tdb-block-inner td-fix-index\"><time class=\"entry-date updated td-module-date\" datetime=\"2022-10-01T10:20:03+03:00\">1 octombrie 2022<\/time><\/div>\n<\/div>\n<div class=\"td_block_wrap tdb_single_comments_count tdi_67 td-pb-border-top td_block_template_1 tdb-post-meta\" data-td-block-uid=\"tdi_67\">\n<div class=\"tdb-block-inner td-fix-index\"><a href=\"https:\/\/voceatimisului.ro\/previziune-sumbra-lichidatorii-colterm-sa-anunta-ca-sistemul-centralizat-de-termoficare-din-municipiul-timisoara-se-va-prabusi-in-mai-putin-de-5-ani\/#comments\"><span>1<\/span><\/a><\/div>\n<\/div>\n<div class=\"td_block_wrap tdb_single_post_views tdi_68 td-pb-border-top td_block_template_1 tdb-post-meta\" data-td-block-uid=\"tdi_68\">\n<div class=\"tdb-block-inner td-fix-index\"><span class=\"tdb-add-text\">1<\/span><span class=\"td-nr-views-153452\">2106<\/span><\/div>\n<\/div>\n<\/div>\n<\/div>\n<\/div>\n<div class=\"vc_column_inner tdi_70  wpb_column vc_column_container tdc-inner-column td-pb-span6\">\n<div class=\"vc_column-inner\">\n<div class=\"wpb_wrapper\">\n<div class=\"td_block_wrap tdb_single_post_share tdi_71  td-pb-border-top td_block_template_1\" data-td-block-uid=\"tdi_71\">\n<div id=\"tdi_71\" class=\"td-post-sharing tdb-block td-ps-bg td-ps-notext td-post-sharing-style1 \">\n<div class=\"td-post-sharing-visible\"><a class=\"td-social-sharing-button td-social-sharing-button-js td-social-network td-social-facebook\" href=\"https:\/\/www.facebook.com\/sharer.php?u=https%3A%2F%2Fvoceatimisului.ro%2Fpreviziune-sumbra-lichidatorii-colterm-sa-anunta-ca-sistemul-centralizat-de-termoficare-din-municipiul-timisoara-se-va-prabusi-in-mai-putin-de-5-ani%2F\" title=\"Facebook\" rel=\"noopener\"><\/p>\n<div class=\"td-social-but-text\">Facebook<\/div>\n<p><\/a><a class=\"td-social-sharing-button td-social-sharing-button-js td-social-network td-social-twitter\" href=\"https:\/\/twitter.com\/intent\/tweet?text=Previziune+sumbr%C4%83%21+Lichidatorii+Colterm+SA+anun%C8%9B%C4%83+c%C4%83+sistemul+centralizat+de+termoficare+din+municipiul+Timi%C8%99oara+se+va+pr%C4%83bu%C8%99i+%C3%AEn+mai+pu%C8%9Bin+de+5+ani&amp;url=https%3A%2F%2Fvoceatimisului.ro%2Fpreviziune-sumbra-lichidatorii-colterm-sa-anunta-ca-sistemul-centralizat-de-termoficare-din-municipiul-timisoara-se-va-prabusi-in-mai-putin-de-5-ani%2F&amp;via=Vocea+Timisului\" title=\"Twitter\" rel=\"noopener\"><\/p>\n<div class=\"td-social-but-text\">Twitter<\/div>\n<p><\/a><a class=\"td-social-sharing-button td-social-sharing-button-js td-social-network td-social-pinterest\" href=\"https:\/\/pinterest.com\/pin\/create\/button\/?url=https:\/\/voceatimisului.ro\/previziune-sumbra-lichidatorii-colterm-sa-anunta-ca-sistemul-centralizat-de-termoficare-din-municipiul-timisoara-se-va-prabusi-in-mai-putin-de-5-ani\/&amp;media=https:\/\/analyse.optim.biz\/wp-content\/uploads\/2026\/01\/temelie-in-cazul-colterm-sa-camera-de-conturi-timis-si-a-dus-concluziile-auditului-de-la-primaria-jpg.webp&amp;description=Previziune+sumbr%C4%83%21+Lichidatorii+Colterm+SA+anun%C8%9B%C4%83+c%C4%83+sistemul+centralizat+de+termoficare+din+municipiul+Timi%C8%99oara+se+va+pr%C4%83bu%C8%99i+%C3%AEn+mai+pu%C8%9Bin+de+5+ani\" title=\"Pinterest\" rel=\"noopener\"><\/p>\n<div class=\"td-social-but-text\">Pinterest<\/div>\n<p><\/a><a class=\"td-social-sharing-button td-social-sharing-button-js td-social-network td-social-whatsapp\" href=\"https:\/\/api.whatsapp.com\/send?text=Previziune+sumbr%C4%83%21+Lichidatorii+Colterm+SA+anun%C8%9B%C4%83+c%C4%83+sistemul+centralizat+de+termoficare+din+municipiul+Timi%C8%99oara+se+va+pr%C4%83bu%C8%99i+%C3%AEn+mai+pu%C8%9Bin+de+5+ani%20%0A%0A%20https:\/\/voceatimisului.ro\/previziune-sumbra-lichidatorii-colterm-sa-anunta-ca-sistemul-centralizat-de-termoficare-din-municipiul-timisoara-se-va-prabusi-in-mai-putin-de-5-ani\/\" title=\"WhatsApp\" rel=\"noopener\"><\/p>\n<div class=\"td-social-but-text\">WhatsApp<\/div>\n<p><\/a><a class=\"td-social-sharing-button td-social-sharing-button-js td-social-network td-social-linkedin\" href=\"https:\/\/www.linkedin.com\/shareArticle?mini=true&amp;url=https:\/\/voceatimisului.ro\/previziune-sumbra-lichidatorii-colterm-sa-anunta-ca-sistemul-centralizat-de-termoficare-din-municipiul-timisoara-se-va-prabusi-in-mai-putin-de-5-ani\/&amp;title=Previziune+sumbr%C4%83%21+Lichidatorii+Colterm+SA+anun%C8%9B%C4%83+c%C4%83+sistemul+centralizat+de+termoficare+din+municipiul+Timi%C8%99oara+se+va+pr%C4%83bu%C8%99i+%C3%AEn+mai+pu%C8%9Bin+de+5+ani\" title=\"Linkedin\" rel=\"noopener\"><\/p>\n<div class=\"td-social-but-text\">Linkedin<\/div>\n<p><\/a><a class=\"td-social-sharing-button td-social-sharing-button-js td-social-network td-social-copy_url\" href=\"https:\/\/voceatimisului.ro\/previziune-sumbra-lichidatorii-colterm-sa-anunta-ca-sistemul-centralizat-de-termoficare-din-municipiul-timisoara-se-va-prabusi-in-mai-putin-de-5-ani\/\" title=\"Copy URL\" rel=\"noopener\"><\/p>\n<div class=\"td-social-but-text\">Copy URL<\/div>\n<p><\/a><\/div>\n<\/div>\n<\/div>\n<\/div>\n<\/div>\n<\/div>\n<\/div>\n<div class=\"td_block_wrap tdb_single_featured_image tdi_72 tdb-content-horiz-left td-pb-border-top td_block_template_1\" data-td-block-uid=\"tdi_72\">\n<div class=\"tdb-block-inner td-fix-index\">\n<figure><img fetchpriority=\"high\" decoding=\"async\" width=\"696\" height=\"696\" class=\"entry-thumb\" src=\"https:\/\/analyse.optim.biz\/wp-content\/uploads\/2026\/01\/temelie-in-cazul-colterm-sa-camera-de-conturi-timis-si-a-dus-concluziile-auditului-de-la-primaria-jpg-696x696-1.webp\" alt=\"Temelie In cazul Colterm SA Camera de Conturi Timis si a dus concluziile auditului de la Primaria jpg\" title=\"Temelie In cazul Colterm SA Camera de Conturi Timis si a dus concluziile auditului de la Primaria jpg\" loading=\"eager\"><figcaption class=\"tdb-caption-text\">Temelie In cazul Colterm SA Camera de Conturi Timis si a dus concluziile auditului de la Primaria jpg<\/figcaption><\/figure>\n<\/div>\n<\/div>\n<div class=\"vc_row_inner tdi_74  vc_row vc_inner wpb_row td-pb-row\">\n<div class=\"vc_column_inner tdi_76  wpb_column vc_column_container tdc-inner-column td-pb-span4 td-is-sticky\">\n<div class=\"vc_column-inner\">\n<div class=\"wpb_wrapper\" data-sticky-enabled-on=\"W3RydWUsdHJ1ZSx0cnVlLHRydWVd\" data-sticky-offset=\"20\" data-sticky-is-width-auto=\"W2ZhbHNlLGZhbHNlLGZhbHNlLGZhbHNlXQ==\">\n<div class=\"td_block_wrap td_flex_block_1 tdi_77 td-pb-border-top td_block_template_1 td_ajax_preloading_preload td_flex_block\" data-td-block-uid=\"tdi_77\">\n<div id=\"tdi_77\" class=\"td_block_inner td-mc1-wrap\">\n<div class=\"td_module_flex td_module_flex_1 td_module_wrap td-animation-stack td-meta-info-hide td-cpt-post\">\n<div class=\"td-module-container td-category-pos-image\">\n<div class=\"td-module-meta-info\">\n<h3 class=\"entry-title td-module-title\"><a href=\"https:\/\/voceatimisului.ro\/reforma-lui-fritz-pe-banii-timisorenilor-timisoara-plateste-milioane-si-se-uita-la-autobuze-care-ard\/\" rel=\"bookmark\" title=\"Reforma lui Fritz, pe banii timi\u0219orenilor. Timi\u0219oara pl\u0103te\u0219te milioane \u0219i se uit\u0103 la autobuze care ard\">Reforma lui Fritz, pe banii timi\u0219orenilor. Timi\u0219oara pl\u0103te\u0219te milioane \u0219i se uit\u0103 la autobuze care ard<\/a><\/h3>\n<\/div>\n<\/div>\n<\/div>\n<div class=\"td_module_flex td_module_flex_1 td_module_wrap td-animation-stack td-meta-info-hide td-cpt-post\">\n<div class=\"td-module-container td-category-pos-image\">\n<div class=\"td-module-meta-info\">\n<h3 class=\"entry-title td-module-title\"><a href=\"https:\/\/voceatimisului.ro\/administratia-usr-si-epurarea-incomozilor-i-as-aduna-pe-toti-intr-o-incapere-si-le-as-da-foc\/\" rel=\"bookmark\" title=\"Administra\u021bia USR \u0219i epurarea incomozilor. \u201eI-a\u0219 aduna pe to\u021bi \u00eentr-o \u00eenc\u0103pere \u0219i le-a\u0219 da foc.\u201d\">Administra\u021bia USR \u0219i epurarea incomozilor. \u201eI-a\u0219 aduna pe to\u021bi \u00eentr-o \u00eenc\u0103pere \u0219i le-a\u0219 da foc.\u201d<\/a><\/h3>\n<\/div>\n<\/div>\n<\/div>\n<div class=\"td_module_flex td_module_flex_1 td_module_wrap td-animation-stack td-meta-info-hide td-cpt-post\">\n<div class=\"td-module-container td-category-pos-image\">\n<div class=\"td-module-meta-info\">\n<h3 class=\"entry-title td-module-title\"><a href=\"https:\/\/voceatimisului.ro\/tramvaiul-nu-vine-dar-propaganda-circula-perfect\/\" rel=\"bookmark\" title=\"Tramvaiul nu vine, dar propaganda circul\u0103 perfect\">Tramvaiul nu vine, dar propaganda circul\u0103 perfect<\/a><\/h3>\n<\/div>\n<\/div>\n<\/div>\n<div class=\"td_module_flex td_module_flex_1 td_module_wrap td-animation-stack td-meta-info-hide td-cpt-post\">\n<div class=\"td-module-container td-category-pos-image\">\n<div class=\"td-module-meta-info\">\n<h3 class=\"entry-title td-module-title\"><a href=\"https:\/\/voceatimisului.ro\/transportul-public-din-timisoara-se-prabuseste-in-fiecare-zi-in-trafic-dar-in-birourile-primariei-totul-arata-perfect-si-european\/\" rel=\"bookmark\" title=\"Transportul public din Timi\u0219oara se pr\u0103bu\u0219e\u0219te \u00een fiecare zi \u00een trafic, dar \u00een birourile Prim\u0103riei totul arat\u0103 perfect \u0219i \u201ceuropean\u201d\">Transportul public din Timi\u0219oara se pr\u0103bu\u0219e\u0219te \u00een fiecare zi \u00een trafic, dar \u00een birourile Prim\u0103riei totul arat\u0103 perfect \u0219i \u201ceuropean\u201d<\/a><\/h3>\n<\/div>\n<\/div>\n<\/div>\n<\/div>\n<\/div>\n<div class=\"tdb-author-box td_block_wrap tdb_single_author_box tdi_82 tdb-content-vert-top td-pb-border-top td_block_template_1\" data-td-block-uid=\"tdi_82\">\n<div class=\"tdb-block-inner td-fix-index\">\n<div class=\"tdb-author-info\"><a href=\"https:\/\/voceatimisului.ro\/author\/redactia\/\" class=\"tdb-author-name\">Redac\u021bia<\/a><\/p>\n<div class=\"tdb-author-descr\">\u00centreaga responsabilitate a comentariilor l\u0103sate de dumneavoastr\u0103 v\u0103 apar\u021bine!<br \/>\nClick <a href=\"https:\/\/voceatimisului.ro\/termeni-si-conditii\/\">aici<\/a>-citeste condi\u0163iile de utilizare ale site-ului www.voceatimisului.ro<\/div>\n<\/div>\n<\/div>\n<\/div>\n<\/div>\n<\/div>\n<\/div>\n<div class=\"vc_column_inner tdi_84  wpb_column vc_column_container tdc-inner-column td-pb-span8\">\n<div class=\"vc_column-inner\">\n<div class=\"wpb_wrapper\">\n<div class=\"td_block_wrap tdb_single_content tdi_85 td-pb-border-top td_block_template_1 td-post-content tagdiv-type\" data-td-block-uid=\"tdi_85\">\n<div class=\"tdb-block-inner td-fix-index\">\n<h5 class=\"wp-block-heading\" id=\"h-ca-orice-poveste-romaneasca-\u0219i-cea-care-s-a-nascut-ieri-sub-bagheta-magica-a-administra\u021biei-lui-dominic-fritz-are-la-baza-o-simpla-hartie-una-cu-vorbe-iscusite-\u0219i-o-plan\u0219a-viu-colorata-practic-o-snoava-delicata-care-le-vorbe\u0219te-abona\u021bilor-colterm-sa-cum-se-vor-incalzi-probabil-peste-vreo-doua-sau-trei-ierni-de-acum-incolo-pana-atunci-zecile-de-mii-de-familii-\u0219coli-spitale-\u0219i-alte-institu\u021bii-conectate-la-sistemul-termic-centralizat-nu-au-decat-sa-se-descurce-cum-pot-\u0219i-sa-se-insufle\u021beasca-cu-acest-nou-exerci\u021biu-de-pr-al-primariei-timi\u0219oara-menit-sa-\u021bina-de-cald-\u0219i-de-urat-in-nop\u021bile-hibernale\">Ca orice poveste rom\u00e2neasc\u0103, \u0219i cea care s-a n\u0103scut ieri, sub bagheta magic\u0103 a administra\u021biei lui Dominic Fritz, are la baz\u0103 o simpl\u0103 h\u00e2rtie. Una cu vorbe iscusite \u0219i o plan\u0219\u0103 viu colorat\u0103! Practic, o snoav\u0103 delicat\u0103 care le vorbe\u0219te abona\u021bilor Colterm SA cum se vor \u00eenc\u0103lzi, PROBABIL, peste vreo dou\u0103 sau trei ierni, de-acum \u00eencolo! P\u00e2n\u0103 atunci, zecile de mii de familii, \u0219coli, spitale \u0219i alte institu\u021bii, conectate la sistemul termic centralizat, nu au dec\u00e2t s\u0103 se descurce cum pot \u0219i s\u0103 se \u00eensufle\u021beasc\u0103 cu acest nou exerci\u021biu de PR al Prim\u0103riei Timi\u0219oara, menit s\u0103 \u021bin\u0103 de cald \u0219i de ur\u00e2t \u00een nop\u021bile hibernale.<\/h5>\n<p>Vestea fabuloas\u0103 e c\u0103, \u00een acest moment, clien\u021bii fostei regii de termoficare a ora\u0219ului sunt \u00een s\u0103rb\u0103toare pentru c\u0103 administra\u021bia userist\u0103 a anun\u021bat c\u0103 va depune, prin Planul Na\u021bional de Redresare \u0219i Rezilien\u021b\u0103 (PNRR), o cerere de finan\u021bare de circa 230 milioane de lei pentru \u201d<strong><em>cea mai mare investi\u021bie realizat\u0103 vreodat\u0103 \u00een termoficarea centralizat\u0103 din Timi\u0219oara<\/em><\/strong>\u201d. <\/p>\n<p>Se preconizeaz\u0103, DUP\u0102 ce proiectul va fi depus \u0219i DAC\u0102 va fi acceptat, organizarea unor licita\u021bii publice pentru achizi\u021bionarea a 10 motoare de \u00eenalt\u0103 eficien\u021b\u0103, capabile s\u0103 genereze at\u00e2t energie electric\u0103 (45MW), c\u00e2t \u0219i termic\u0103 (44MW). Abia dup\u0103, dac\u0103 totul decurge bine, vine \u0219i c\u0103ldura!<\/p>\n<p>Pe fond, planul administra\u021biei Dominic Fritz este unul l\u0103udabil c\u0103ci, pe l\u00e2ng\u0103 economia de gaz, pe care o va realiza municipalitatea, vor fi reduse \u0219i emisiile de carbon cu aproape 71.400 de tone\/an. Ceea ce \u00eenseamn\u0103 alte economii de circa 5,7 milioane de euro anual la achizi\u021bionarea certificatelor verzi de tip EUA. <\/p>\n<p><strong>Exact acele h\u00e2rtii pentru care, azi, a\u0219a cum \u0219tie toat\u0103 lumea, Colterm SA se g\u0103se\u0219te \u00een insolven\u021b\u0103<\/strong>! Un lucru e cert, \u00een toat\u0103 aceast\u0103 ecua\u021bie de PR administrativ: <strong>ideea de insularizare a energiei termice, pus\u0103 pe tapet de primarul Timi\u0219oarei, <\/strong><a href=\"https:\/\/voceatimisului.ro\/cu-dna-la-usa-colterm-sa-a-pierdut-suma-de-64-milioane-de-euro-numai-din-fluctuatia-valorica-a-certificatelor-verzi\/\" target=\"_blank\" rel=\"noreferrer noopener\"><strong>a fost prezentat\u0103 anul trecut de voceatimisului.ro, chiar pe vremea aceasta, ca urmare a unei discu\u021bii cu un grup de speciali\u0219ti din domeniu<\/strong>.<\/a><\/p>\n<p>Acum, ca s\u0103 fie clar pentru toat\u0103 lumea, ie\u0219irea public\u0103 de ieri a lui Dominic Fritz, referitoare investi\u021biile viitoare \u0219i posibile \u00een infrastructura termic\u0103 a Timi\u0219oarei, \u0219i convocarea unei \u0219edin\u021be de \u00eendat\u0103 a Consiliul Local Timi\u0219oara, \u00een care s-a \u0219i votat proiectul f\u0103r\u0103 studiu de fezabilitate \u0219i deviz, are o explica\u021bie. <\/p>\n<p>Una logic\u0103 \u0219i pertinent\u0103, elemente care justific\u0103 toat\u0103 graba cu care administra\u021bia userist\u0103 a ac\u021bionat, ieri. \u00cen dou\u0103 cuvinte, consor\u021biul de lichidatori Alfa &amp; Quantum Consulting \u2013 Maestro \u2013 Insolvein a depus, la Tribunalul Timi\u0219 \u0219i la dosarul de insolven\u021b\u0103 al fostei regii de termoficare, un document de 137 de pagini, intitulat \u201d<strong>Raport asupra cauzelor \u0219i \u00eemprejur\u0103rilor care au dus la apari\u021bia st\u0103rii de insolven\u021b\u0103 pentru debitorul CLT Colterm SA<\/strong>\u201d.<\/p>\n<p>\u0218i pentru prim\u0103ria de sticl\u0103 a USR, analiza speciali\u0219tilor \u00een insolven\u021b\u0103 este una devastatoare! \u00cen primul r\u00e2nd pentru c\u0103 reconfirm\u0103 valabilitatea datelor rezultate din inspec\u021bia fiscal\u0103 a ANAF, care a avut loc, la Colterm SA, \u00een perioada 9 decembrie 2021 \u2013 12 ianuarie 2022. <a href=\"https:\/\/voceatimisului.ro\/nopti-albe-administratia-dominic-fritz-deficiente-majore-privind-contractarea-imprumutului-extern-de-la-berd-in-valoare-de-20-milioane-de-euro\/\" target=\"_blank\" rel=\"noreferrer noopener\"><strong>Mai mult dec\u00e2t orice, valideaz\u0103 chiar \u0219i constat\u0103rile de dat\u0103 recent\u0103 ale Camerei de Conturi Timi\u0219, ca urmare a ac\u021biunii de audit \u00eentreprinse \u00een parohia lui Dominic Fritz<\/strong>!<\/a><\/p>\n<h5 class=\"wp-block-heading\"><strong>Analiz\u0103 milimetric\u0103<\/strong><\/h5>\n<p>\u00cen primul r\u00e2nd, la modul general, raportul consor\u021biului de lichidatori al Colterm SA scoate \u00een eviden\u021b\u0103 faptul c\u0103, azi, \u00een Rom\u00e2nia, activitatea de termoficare centralizat\u0103 este \u00een colaps c\u0103ci din cele 315 CET-uri, \u00een momentul de fa\u021b\u0103, au mai r\u0103mas \u00een func\u021biune doar 47! Mai mult, se vorbe\u0219te \u0219i despre calitatea <strong><em>foarte proast\u0103<\/em><\/strong> a serviciului de \u00eenc\u0103lzire \u0219i furnizare de ap\u0103 cald\u0103, c\u00e2t \u0219i despre situa\u021bia financiar\u0103 a companiilor de termoficare, una <strong><em>dezastruoas\u0103<\/em><\/strong>. <\/p>\n<p>Acum, referitor la situa\u021bia punctual\u0103 a societ\u0103\u021bii Colterm SA, aflat\u0103 \u00een subordinea Consiliului Local Timi\u0219oara, firmele de insolven\u021b\u0103 au identificat o serie de cauze obiective care au pus pe butuci fosta regie public\u0103. \u0218i nu sunt pu\u021bine \u0219i nici comode pentru niciuna dintre administra\u021biile locale care s-au perindat la c\u00e2rma municipiului de pe Bega!<\/p>\n<p>Pe primul loc, a\u0219a cum rezult\u0103 din raport, stau sistemele de termoficare vechi care au pierderi foarte mari, \u00eentre 25 \u2013 40% fa\u021b\u0103 de media din Occident care e \u00eentre 5 \u2013 10%: <strong><em>\u201d\u2026randamentul centralelor care produc c\u0103ldur\u0103 este de 50 \u2013 55%, fa\u021b\u0103 de standardul din Vest de 70% iar pierderile la consumator, datorate proastei izol\u0103ri a apartamentelor, ineficien\u021ba contoriz\u0103rii \u0219i a imposibilit\u0103\u021bii de a regla temperatura, sunt de circa 40%<\/em><\/strong>\u201d. <\/p>\n<p>Mai mult dec\u00e2t orice, sistemul de termoficare al Timi\u0219oarei este supradimensionat \u00een compara\u021bie cu necesarul actual de consum! La care se adaug\u0103 \u0219i vechimea centralelor termice, unele \u00een v\u00e2rst\u0103 de peste 50 de ani, cu o structur\u0103 inadecvat\u0103 cererii de azi, tocmai pentru c\u0103 cele mai multe CET-uri au fost g\u00e2ndite s\u0103 furnizeze energie electric\u0103 \u0219i abur industrial, doar o mica parte a produc\u021biei fiind destinat\u0103 uzului casnic.<\/p>\n<p><strong>Una peste alta, analiza firmelor de insolven\u021b\u0103 scoate \u00een eviden\u021b\u0103 c\u0103, la ora actual\u0103, investi\u021biile \u00een re\u021beaua de termoficare a municipalit\u0103\u021bii de pe Bega sunt tot la stadiul de\u2026 deziderat, \u00eentruc\u00e2t 95% din c\u0103ldur\u0103 continu\u0103 s\u0103 fie produs\u0103 din combustibili fosili<\/strong>. Asta, \u00een timp ce investi\u021biile noi \u00een energie regenerabil\u0103 sau capacit\u0103\u021bi eficiente de produc\u021bie \u00een cogenerare, care s\u0103 reduc\u0103 consumul de energie primar\u0103, r\u0103m\u00e2n o poveste. <\/p>\n<p>A\u0219adar, aceasta este \u0219i cheia \u00een care trebuie citit\u0103 ie\u0219irea public\u0103 \u0219i precipitat\u0103 de ieri a lui Dominic Fritz, una strict din ra\u021biuni de imagine, dar \u0219i \u0219edin\u021ba fulger a Consiliului Local Timi\u0219oara prin care s-a aprobat, pe baza unor vorbe \u0219i a unui desen, f\u0103r\u0103 vreun studiu de fezabilitate sau deviz, o frumoas\u0103 \u0219i nobil\u0103 inten\u021bie de eficientizare \u0219i \u201d\u00eenverzire\u201d a Colterm SA.<\/p>\n<p>\u0218i mai sunt multe minusuri, \u00een ceea ce prive\u0219te fosta regie de termoficare a municipiului Timi\u0219oara, a\u0219a cum constat\u0103 \u0219i raportul \u00eentocmit de c\u0103tre consor\u021biul de lichidatori: <strong>avariile sistemului din ultimii ani<\/strong>, care au condus la cre\u0219terea num\u0103rului de debran\u0219\u0103ri; <strong>lucr\u0103rile de repara\u021bii \u0219i \u00eentre\u021binere<\/strong> care sunt insuficiente; <strong>dependen\u021ba sistemului fa\u021b\u0103 de bugetul local sau de stat<\/strong>; plata cu \u00eent\u00e2rziere a subven\u021biilor, ceea ce a dus la <strong>acumularea de penalit\u0103\u021bi<\/strong> \u0219i, nu \u00een ultimul r\u00e2nd, <strong>pierderi provocate de diferen\u021ba de tarif la energia termic\u0103 furnizat\u0103 popula\u021biei<\/strong>. <\/p>\n<p>Plus, concluzii reconfirmate \u0219i de lichidatorii Colterm SA, \u00een cheia auditului Camerei de Conturi Timi\u0219, privind o serie de <strong>disfunc\u021bionalit\u0103\u021bi \u00een desf\u0103\u0219urarea \u0219edin\u021belor AGA, neachizi\u021bionarea certificatelor verzi \u0219i tergiversarea de aprobare a pre\u021burilor reprezent\u00e2nd energia termic\u0103<\/strong>, manevre useriste care au dus la crearea de prejudicii de zeci de milioane de euro \u00een dauna fostei regii de termoficare.<\/p>\n<h5 class=\"wp-block-heading\"><strong>Concluzii devastatoare<\/strong><\/h5>\n<p>Per ansamblu, a\u0219a cum rezult\u0103 din raportul \u00eenaintat Tribunalului Timi\u0219, consor\u021biul de lichidatori a ajuns la urm\u0103torul rezultat: \u201d<em><u><b>Debran\u0219\u0103rile \u00een cre\u0219tere, \u00een combina\u021bie cu lipsa investi\u021biilor \u0219i deteriorarea accelerat\u0103 a instala\u021biilor, risc\u0103 s\u0103 arunce \u00eentregul sistem \u00eentr-o spiral\u0103 descendent\u0103, lucru care ar putea duce la <\/b><\/u><\/em><strong><em><u>pr\u0103bu\u0219irea total\u0103 a sistemului de termoficare \u00een circa 5 ani<\/u><\/em><\/strong>\u201d. <\/p>\n<p>Mai mult dec\u00e2t orice, \u00een raport cu analiza administratorului judiciar, a concluziilor re\u021binute de ANAF \u0219i Camera de Conturi Timi\u0219, printre cauzele care au condus la apari\u021bia st\u0103rii de insolven\u021b\u0103, practican\u021bii de insolven\u021b\u0103 au re\u021binut, \u00een aceea\u0219i analiz\u0103 care a fost \u00eenaintat\u0103 magistra\u021bilor b\u0103n\u0103\u021beni, \u0219i<strong> o serie \u00eentreag\u0103 de motive care atrag dup\u0103 sine r\u0103spunderea penal\u0103<\/strong>!<\/p>\n<p>In opinia consor\u021biului de lichidatori, acestea sunt: <strong><em>au folosit bunurile sau creditele persoanei juridice, \u00een folosul propriu sau al altei persoane; au f\u0103cut activit\u0103\u021bi de produc\u021bie, comer\u021b sau prest\u0103ri de servicii \u00een interes personal, sub acoperirea persoanei juridice<a>;<\/a> au dispus, \u00een interes personal, continuarea activit\u0103\u021bii care ducea, \u00een mod v\u0103dit, persoana juridic\u0103 la \u00eencetarea de pl\u0103\u021bi; au \u021binut o contabilitate fictive, au f\u0103cut s\u0103 dispar\u0103 unele documente contabile sau nu au \u021binut contabilitatea \u00een conformitate cu legea; au deturnat sau au ascuns o parte din activul persoanei juridice ori au m\u0103rit, \u00een mod fictiv, pasivul acesteia \u0219i fapte s\u0103v\u00e2r\u0219ite cu inten\u021bie care au contribuit la starea de insolven\u021b\u0103 a debitorului<\/em>.<\/strong><\/p>\n<p>Cert e c\u0103 la capitolul \u201d<strong>Concluzii privind persoanele culpabile de \u00eencetarea de pl\u0103\u021bi<\/strong>\u201d, raportul arat\u0103 cu degetul at\u00e2t \u00een direc\u021bia administra\u021biei municipale, \u00een calitate de ac\u021bionar unic al Colterm SA, c\u00e2t \u0219i pe palierul organelor de conducere ale fostei regii de termoficare a Timi\u0219oarei. Management care \u0219i azi, chiar \u0219i sub administra\u021bie USR, are culoarea politic\u0103 a lui Dominic Fritz, a\u0219a cum a avut \u00een ultimii zeci de ani o nuan\u021b\u0103 liberal\u0103, \u021b\u0103r\u0103nist\u0103 sau pesedist\u0103! <\/p>\n<p>A\u0219a c\u0103, la final, r\u0103m\u00e2ne \u00eentrebarea:<em> dac\u0103 lichidatorii au prognozat colapsul sistemului de termoficare centralizat al Timi\u0219oarei, \u00een mai pu\u021bin de cinci ani, tocmai datorit\u0103 debran\u0219\u0103rilor \u00een lan\u021b \u0219i a serviciilor proaste, \u00eengropate \u00een incertitudini, care e rostul proiectului votat, ieri, \u00een \u0219edin\u021ba de \u00eendat\u0103 a Consiliului Local Timi\u0219oara<\/em>?<\/p>\n<p>Rostul proiectului, nu rostul exerci\u021biului de imagine al primarului Dominic Fritz!<\/p>\n<figure class=\"wp-block-gallery has-nested-images columns-default is-cropped wp-block-gallery-1 is-layout-flex wp-block-gallery-is-layout-flex\">\n<figure class=\"wp-block-image size-large\"><a href=\"https:\/\/analyse.optim.biz\/wp-content\/uploads\/2026\/01\/lichidatorii-colterm-sa-scaled-1.jpg\"><img decoding=\"async\" width=\"1280\" height=\"2074\" data-id=\"153455\" src=\"https:\/\/analyse.optim.biz\/wp-content\/uploads\/2026\/01\/lichidatorii-colterm-sa-scaled-1.jpg\" alt=\"Colterm SA\" class=\"wp-image-153455\" loading=\"lazy\" title=\"lichidatorii-colterm-sa-scaled-1\"><\/a><figcaption class=\"wp-element-caption\">Previziune sumbr\u0103! Lichidatorii Colterm SA anun\u021b\u0103 c\u0103 sistemul centralizat de termoficare din municipiul Timi\u0219oara se va pr\u0103bu\u0219i \u00een mai pu\u021bin de 5 ani<\/figcaption><\/figure>\n<\/figure>\n<\/div>\n<\/div>\n<div class=\"td_block_wrap tdb_single_tags tdi_88 td-pb-border-top td_block_template_1\" data-td-block-uid=\"tdi_88\">\n<div class=\"tdb-block-inner td-fix-index\">\n<ul class=\"tdb-tags\">\n<li><span>Tags<\/span><\/li>\n<li><a href=\"https:\/\/voceatimisului.ro\/tag\/colterm\/\">colterm<\/a><\/li>\n<li><a href=\"https:\/\/voceatimisului.ro\/tag\/colterm-timisoara\/\">colterm timisoara<\/a><\/li>\n<li><a href=\"https:\/\/voceatimisului.ro\/tag\/dominic-fritz\/\">Dominic Fritz<\/a><\/li>\n<li><a href=\"https:\/\/voceatimisului.ro\/tag\/timisoara\/\">Timisoara<\/a><\/li>\n<\/ul>\n<\/div>\n<\/div>\n<div class=\"td_block_wrap tdb_single_post_share tdi_89  td-pb-border-top td_block_template_1\" data-td-block-uid=\"tdi_89\">\n<div id=\"tdi_89\" class=\"td-post-sharing tdb-block td-ps-bg td-ps-notext td-post-sharing-style1 \">\n<div class=\"td-post-sharing-visible\"><a class=\"td-social-sharing-button td-social-sharing-button-js td-social-network td-social-facebook\" href=\"https:\/\/www.facebook.com\/sharer.php?u=https%3A%2F%2Fvoceatimisului.ro%2Fpreviziune-sumbra-lichidatorii-colterm-sa-anunta-ca-sistemul-centralizat-de-termoficare-din-municipiul-timisoara-se-va-prabusi-in-mai-putin-de-5-ani%2F\" title=\"Facebook\" rel=\"noopener\"><\/p>\n<div class=\"td-social-but-text\">Facebook<\/div>\n<p><\/a><a class=\"td-social-sharing-button td-social-sharing-button-js td-social-network td-social-twitter\" href=\"https:\/\/twitter.com\/intent\/tweet?text=Previziune+sumbr%C4%83%21+Lichidatorii+Colterm+SA+anun%C8%9B%C4%83+c%C4%83+sistemul+centralizat+de+termoficare+din+municipiul+Timi%C8%99oara+se+va+pr%C4%83bu%C8%99i+%C3%AEn+mai+pu%C8%9Bin+de+5+ani&amp;url=https%3A%2F%2Fvoceatimisului.ro%2Fpreviziune-sumbra-lichidatorii-colterm-sa-anunta-ca-sistemul-centralizat-de-termoficare-din-municipiul-timisoara-se-va-prabusi-in-mai-putin-de-5-ani%2F&amp;via=Vocea+Timisului\" title=\"Twitter\" rel=\"noopener\"><\/p>\n<div class=\"td-social-but-text\">Twitter<\/div>\n<p><\/a><a class=\"td-social-sharing-button td-social-sharing-button-js td-social-network td-social-pinterest\" href=\"https:\/\/pinterest.com\/pin\/create\/button\/?url=https:\/\/voceatimisului.ro\/previziune-sumbra-lichidatorii-colterm-sa-anunta-ca-sistemul-centralizat-de-termoficare-din-municipiul-timisoara-se-va-prabusi-in-mai-putin-de-5-ani\/&amp;media=https:\/\/analyse.optim.biz\/wp-content\/uploads\/2026\/01\/temelie-in-cazul-colterm-sa-camera-de-conturi-timis-si-a-dus-concluziile-auditului-de-la-primaria-jpg.webp&amp;description=Previziune+sumbr%C4%83%21+Lichidatorii+Colterm+SA+anun%C8%9B%C4%83+c%C4%83+sistemul+centralizat+de+termoficare+din+municipiul+Timi%C8%99oara+se+va+pr%C4%83bu%C8%99i+%C3%AEn+mai+pu%C8%9Bin+de+5+ani\" title=\"Pinterest\" rel=\"noopener\"><\/p>\n<div class=\"td-social-but-text\">Pinterest<\/div>\n<p><\/a><a class=\"td-social-sharing-button td-social-sharing-button-js td-social-network td-social-whatsapp\" href=\"https:\/\/api.whatsapp.com\/send?text=Previziune+sumbr%C4%83%21+Lichidatorii+Colterm+SA+anun%C8%9B%C4%83+c%C4%83+sistemul+centralizat+de+termoficare+din+municipiul+Timi%C8%99oara+se+va+pr%C4%83bu%C8%99i+%C3%AEn+mai+pu%C8%9Bin+de+5+ani%20%0A%0A%20https:\/\/voceatimisului.ro\/previziune-sumbra-lichidatorii-colterm-sa-anunta-ca-sistemul-centralizat-de-termoficare-din-municipiul-timisoara-se-va-prabusi-in-mai-putin-de-5-ani\/\" title=\"WhatsApp\" rel=\"noopener\"><\/p>\n<div class=\"td-social-but-text\">WhatsApp<\/div>\n<p><\/a><a class=\"td-social-sharing-button td-social-sharing-button-js td-social-network td-social-linkedin\" href=\"https:\/\/www.linkedin.com\/shareArticle?mini=true&amp;url=https:\/\/voceatimisului.ro\/previziune-sumbra-lichidatorii-colterm-sa-anunta-ca-sistemul-centralizat-de-termoficare-din-municipiul-timisoara-se-va-prabusi-in-mai-putin-de-5-ani\/&amp;title=Previziune+sumbr%C4%83%21+Lichidatorii+Colterm+SA+anun%C8%9B%C4%83+c%C4%83+sistemul+centralizat+de+termoficare+din+municipiul+Timi%C8%99oara+se+va+pr%C4%83bu%C8%99i+%C3%AEn+mai+pu%C8%9Bin+de+5+ani\" title=\"Linkedin\" rel=\"noopener\"><\/p>\n<div class=\"td-social-but-text\">Linkedin<\/div>\n<p><\/a><a class=\"td-social-sharing-button td-social-sharing-button-js td-social-network td-social-copy_url\" href=\"https:\/\/voceatimisului.ro\/previziune-sumbra-lichidatorii-colterm-sa-anunta-ca-sistemul-centralizat-de-termoficare-din-municipiul-timisoara-se-va-prabusi-in-mai-putin-de-5-ani\/\" title=\"Copy URL\" rel=\"noopener\"><\/p>\n<div class=\"td-social-but-text\">Copy URL<\/div>\n<p><\/a><\/div>\n<\/div>\n<\/div>\n<div class=\"td_block_wrap tdb_single_next_prev tdi_90 td-animation-stack td-next-prev-img-on td-pb-border-top td_block_template_1\" data-td-block-uid=\"tdi_90\">\n<div class=\"tdb-block-inner td-fix-index\">\n<div class=\"tdb-next-post tdb-next-post-bg tdb-post-prev\"><span>Articolul precedent<\/span><\/p>\n<div class=\"td-module-container\">\n<div class=\"td-image-container\"><a class=\"td-image-wrap\" href=\"https:\/\/voceatimisului.ro\/politist-local-din-comuna-dumbravita-retinut-pentru-falsificarea-a-zeci-de-procese-verbale-de-contraventie\/\"><img loading=\"lazy\" decoding=\"async\" class=\"td-next-prev-image td-fix-index td-lazy-img\" title=\"Poli\u021bist local din comuna Dumbr\u0103vi\u021ba, re\u021binut pentru falsificarea a zeci de procese-verbale de contraven\u021bie\" width=\"696\" height=\"696\" src=\"https:\/\/analyse.optim.biz\/wp-content\/uploads\/2026\/01\/richar-melescanu-jpg-696x696-1.webp\"><\/a><\/div>\n<div class=\"next-prev-title\"><a href=\"https:\/\/voceatimisului.ro\/politist-local-din-comuna-dumbravita-retinut-pentru-falsificarea-a-zeci-de-procese-verbale-de-contraventie\/\">Poli\u021bist local din comuna Dumbr\u0103vi\u021ba, re\u021binut pentru falsificarea a zeci de procese-verbale de contraven\u021bie<\/a><\/div>\n<\/div>\n<\/div>\n<div class=\"tdb-next-post tdb-next-post-bg tdb-post-next\"><span>Articolul urm\u0103tor<\/span><\/p>\n<div class=\"td-module-container\">\n<div class=\"td-image-container\"><a class=\"td-image-wrap\" href=\"https:\/\/voceatimisului.ro\/nis-petrol-timisoara-si-bucuresti-in-perchezitii-diicot-pe-motive-de-spionaj\/\"><img loading=\"lazy\" decoding=\"async\" class=\"td-next-prev-image td-fix-index td-lazy-img\" title=\"NIS Petrol Timi\u0219oara \u0219i Bucure\u0219ti, \u00een perchezi\u021bii DIICOT, pe motive de spionaj\" width=\"696\" height=\"392\" src=\"https:\/\/analyse.optim.biz\/wp-content\/uploads\/2026\/01\/nis-petrol-timisoara3-696x392-1.jpg\"><\/a><\/div>\n<div class=\"next-prev-title\"><a href=\"https:\/\/voceatimisului.ro\/nis-petrol-timisoara-si-bucuresti-in-perchezitii-diicot-pe-motive-de-spionaj\/\">NIS Petrol Timi\u0219oara \u0219i Bucure\u0219ti, \u00een perchezi\u021bii DIICOT, pe motive de spionaj<\/a><\/div>\n<\/div>\n<\/div>\n<\/div>\n<\/div>\n<\/div>\n<\/div>\n<\/div>\n<\/div>\n<div class=\"vc_row_inner tdi_100  vc_row vc_inner wpb_row td-pb-row\">\n<div class=\"vc_column_inner tdi_102  wpb_column vc_column_container tdc-inner-column td-pb-span4 td-is-sticky\">\n<div class=\"vc_column-inner\">\n<div class=\"wpb_wrapper\" data-sticky-enabled-on=\"W3RydWUsdHJ1ZSx0cnVlLHRydWVd\" data-sticky-offset=\"20\" data-sticky-is-width-auto=\"W2ZhbHNlLGZhbHNlLGZhbHNlLGZhbHNlXQ==\">\n<div class=\"td_block_wrap tdb_single_related tdi_103 td_with_ajax_pagination td-pb-border-top td_block_template_1 tdb-single-related-posts\" data-td-block-uid=\"tdi_103\">\n<div id=\"tdi_103\" class=\"td_block_inner tdb-block-inner td-fix-index\">\n<div class=\"tdb_module_related td_module_wrap td-animation-stack td-meta-info-hide\">\n<div class=\"td-module-container td-category-pos-image\">\n<div class=\"td-module-meta-info\">\n<h3 class=\"entry-title td-module-title\"><a href=\"https:\/\/voceatimisului.ro\/retim-a-plecat-din-timisoara-sub-nasul-consiliului-local\/\" rel=\"bookmark\" title=\"RETIM a plecat din Timi\u0219oara sub nasul Consiliului Local\">RETIM a plecat din Timi\u0219oara sub nasul Consiliului Local<\/a><\/h3>\n<\/div>\n<\/div>\n<\/div>\n<div class=\"tdb_module_related td_module_wrap td-animation-stack td-meta-info-hide\">\n<div class=\"td-module-container td-category-pos-image\">\n<div class=\"td-module-meta-info\">\n<h3 class=\"entry-title td-module-title\"><a href=\"https:\/\/voceatimisului.ro\/cum-a-ajuns-firma-lui-gabriel-almajan-sa-primeasca-doua-autorizatii-pe-acelasi-teren-fara-pud\/\" rel=\"bookmark\" title=\"Cum a ajuns firma lui Gabriel Alm\u0103jan s\u0103 primeasc\u0103 dou\u0103 autoriza\u021bii pe acela\u0219i teren, f\u0103r\u0103 PUD\">Cum a ajuns firma lui Gabriel Alm\u0103jan s\u0103 primeasc\u0103 dou\u0103 autoriza\u021bii pe acela\u0219i teren, f\u0103r\u0103 PUD<\/a><\/h3>\n<\/div>\n<\/div>\n<\/div>\n<div class=\"tdb_module_related td_module_wrap td-animation-stack td-meta-info-hide\">\n<div class=\"td-module-container td-category-pos-image\">\n<div class=\"td-module-meta-info\">\n<h3 class=\"entry-title td-module-title\"><a href=\"https:\/\/voceatimisului.ro\/retim-si-a-mutat-sediul-in-oradea-timisoara-pierde-taxe-administratia-fritz-tace\/\" rel=\"bookmark\" title=\"RETIM \u0219i-a mutat sediul \u00een Oradea. Timi\u0219oara pierde taxe, administra\u021bia Fritz tace\">RETIM \u0219i-a mutat sediul \u00een Oradea. Timi\u0219oara pierde taxe, administra\u021bia Fritz tace<\/a><\/h3>\n<\/div>\n<\/div>\n<\/div>\n<\/div>\n<\/div>\n<\/div>\n<\/div>\n<\/div>\n<div class=\"vc_column_inner tdi_105  wpb_column vc_column_container tdc-inner-column td-pb-span8\">\n<div class=\"vc_column-inner\">\n<div class=\"wpb_wrapper\">\n<div class=\"td_block_wrap tdb_single_comments tdi_106 tdb-comm-layout2 td-pb-border-top td_block_template_2\" data-td-block-uid=\"tdi_106\">\n<div class=\"tdb-block-inner td-fix-index\">\n<div class=\"comments\" id=\"comments\">\n<div class=\"td-comments-title-wrap td_block_template_2\">\n<h4 class=\"td-comments-title td-block-title\"><span>1 COMENTARIU<\/span><\/h4>\n<\/div>\n<ol class=\"comment-list\">\n<li class=\"comment \" id=\"comment-25681\">\n<article>\n<footer><cite>justitiarul<\/cite><a class=\"comment-link\" href=\"https:\/\/voceatimisului.ro\/previziune-sumbra-lichidatorii-colterm-sa-anunta-ca-sistemul-centralizat-de-termoficare-din-municipiul-timisoara-se-va-prabusi-in-mai-putin-de-5-ani\/#comment-25681\"><time><br \/>\n\t\t\t\t\t\t    1 octombrie 2022\t\t\t\t\t\t    La\t\t\t\t\t\t    11:11 AM<\/time><\/a><\/footer>\n<div class=\"comment-content\">\n<p>Intrebari pentru administratia Fritz: Cum veti utiliza banii din PNRR, avand in vedere cel putin datoriile de 40 mil euro catre AFM, asta daca ii veti primi in conditiile date?Eligibilitatea nu este una din conditiile accesului la PNRR, intreb si eu? Nu exista riscul ca in cazul in care totusi veti primi fondurile, acestea sa ia o cu totul alta destinatie, mai exact catre creditori?<br \/>\nAti avut doua solutii pentru evitarea colapsului, dlor. Fritz si Latcau, darea in plata si accesarea unui credit. Le-ati evitat pe amandoua pentru ca ati dorit doar insolventa. De fapt scopul urmarit e falimentul (si aici felicitari lichidatorilor ca nu au achiesat). Nu peste mult timp se va afla si pentru cine ati jucat cartea asa. Putina rabdare, mai ales ca momentan si Curtea de Conturi si ANAF-ul v-au dat sah, iar daca mai exista justitie in tara asta\u2026<\/p>\n<\/div>\n<div class=\"comment-meta\" id=\"comment-25681\"><a rel=\"nofollow\" class=\"comment-reply-link\" href=\"https:\/\/voceatimisului.ro\/previziune-sumbra-lichidatorii-colterm-sa-anunta-ca-sistemul-centralizat-de-termoficare-din-municipiul-timisoara-se-va-prabusi-in-mai-putin-de-5-ani\/#comment-25681\" data-commentid=\"25681\" data-postid=\"153452\" data-belowelement=\"comment-25681\" data-respondelement=\"respond\" data-replyto=\"R\u0103spunde-i lui justitiarul\" aria-label=\"R\u0103spunde-i lui justitiarul\">R\u0103spunde\u021bi<\/a><\/div>\n<\/article>\n<\/li>\n<\/ol>\n<div id=\"respond\" class=\"comment-respond\">\n<h3 id=\"reply-title\" class=\"comment-reply-title\">L\u0102SA\u021aI UN MESAJ <small><a rel=\"nofollow\" id=\"cancel-comment-reply-link\" href=\"https:\/\/voceatimisului.ro\/previziune-sumbra-lichidatorii-colterm-sa-anunta-ca-sistemul-centralizat-de-termoficare-din-municipiul-timisoara-se-va-prabusi-in-mai-putin-de-5-ani\/#respond\">Renun\u021ba\u021bi la r\u0103spuns<\/a><\/small><\/h3>\n<div class=\"comment-form-input-wrap td-form-comment\">\n<div class=\"td-warning-comment\">V\u0103 rug\u0103m s\u0103 introduce\u021bi comentariul dvs.!<\/div>\n<\/div>\n<div class=\"comment-form-input-wrap td-form-author\">\n<div class=\"td-warning-author\">Introduce\u021bi aici numele dvs.<\/div>\n<\/div>\n<div class=\"comment-form-input-wrap td-form-email\">\n<div class=\"td-warning-email-error\">A\u021bi introdus o adres\u0103 de e-mail incorect\u0103!<\/div>\n<div class=\"td-warning-email\">V\u0103 rug\u0103m s\u0103 introduce\u021bi adresa dvs. de e-mail aici<\/div>\n<\/div>\n<\/div>\n<\/div>\n<\/div>\n<\/div>\n<\/div>\n<\/div>\n<\/div>\n<\/div>\n<\/div>\n<\/div>\n<div class=\"vc_column tdi_108  wpb_column vc_column_container tdc-column td-pb-span4 td-is-sticky\">\n<div class=\"wpb_wrapper\" data-sticky-enabled-on=\"W3RydWUsdHJ1ZSx0cnVlLHRydWVd\" data-sticky-offset=\"20\" data-sticky-is-width-auto=\"W2ZhbHNlLGZhbHNlLGZhbHNlLGZhbHNlXQ==\">\n<div class=\"vc_row_inner tdi_110  vc_row vc_inner wpb_row td-pb-row\">\n<div class=\"vc_column_inner tdi_112  wpb_column vc_column_container tdc-inner-column td-pb-span12\">\n<div class=\"vc_column-inner\">\n<div class=\"wpb_wrapper\">\n<div class=\"td_block_wrap td_block_title tdi_113 td-pb-border-top td_block_template_11 td-fix-index\" data-td-block-uid=\"tdi_113\">\n<div class=\"td-block-title-wrap\">\n<h4 class=\"td-block-title\"><span class=\"td-pulldown-size\">ANUN\u021aURI \u0218I PUBLICITATE<\/span><\/h4>\n<\/div>\n<\/div>\n<\/div>\n<\/div>\n<\/div>\n<\/div>\n<div class=\"wpb_wrapper td_block_wrap vc_widget_sidebar tdi_115 \">\n<aside id=\"block-10\" class=\"td_block_template_1 widget block-10 widget_block widget_media_image\">\n<figure class=\"wp-block-image size-full\"><a href=\"https:\/\/adpghiroda.ro\/index.html\" target=\"_blank\" rel=\" noreferrer noopener\"><img decoding=\"async\" loading=\"eager\" width=\"960\" height=\"960\" src=\"https:\/\/analyse.optim.biz\/wp-content\/uploads\/2026\/01\/adp-ghiroda2-129.jpg\" class=\"wp-image-171492\" title=\"adp-ghiroda2-129\"><\/a><\/figure>\n<\/aside>\n<aside id=\"block-11\" class=\"td_block_template_1 widget block-11 widget_block widget_media_image\">\n<figure class=\"wp-block-image size-full\"><a href=\"https:\/\/adpghiroda.ro\/index.html\" target=\"_blank\" rel=\" noreferrer noopener\"><img decoding=\"async\" loading=\"lazy\" width=\"960\" height=\"960\" src=\"https:\/\/analyse.optim.biz\/wp-content\/uploads\/2026\/01\/adp-ghiroda1-129.jpg\" class=\"wp-image-171491\" title=\"adp-ghiroda1-129\"><\/a><\/figure>\n<\/aside>\n<aside id=\"block-17\" class=\"td_block_template_1 widget block-17 widget_block widget_media_image\">\n<figure class=\"wp-block-image size-large is-resized\"><a href=\"https:\/\/verde.events\/\" target=\"_blank\" rel=\" noreferrer noopener\"><img decoding=\"async\" loading=\"lazy\" width=\"1024\" height=\"683\" src=\"https:\/\/analyse.optim.biz\/wp-content\/uploads\/2026\/01\/verde-events-24-1024x683-1-114.jpg\" alt=\"Verde Events\" class=\"wp-image-174395\" title=\"verde-events-24-1024x683-1-114\"><\/a><figcaption class=\"wp-element-caption\"><strong><em>O experien\u021b\u0103 unic\u0103 pentru orice tip de eveniment<\/em><\/strong><\/figcaption><\/figure>\n<\/aside>\n<\/div>\n<div class=\"td_block_wrap td_flex_block_1 tdi_121 td-pb-border-top td_block_template_1 td_ajax_preloading_preload td_flex_block\" data-td-block-uid=\"tdi_121\">\n<div id=\"tdi_121\" class=\"td_block_inner td-mc1-wrap\">\n<div class=\"td_module_flex td_module_flex_1 td_module_wrap td-animation-stack td-meta-info-hide td-cpt-post\">\n<div class=\"td-module-container td-category-pos-image\">\n<div class=\"td-module-meta-info\">\n<h3 class=\"entry-title td-module-title\"><a href=\"https:\/\/voceatimisului.ro\/fritz-ignora-legea-ministerul-muncii-confirma-incetarea-functiei-lui-pokker-in-ziua-pensionarii\/\" rel=\"bookmark\" title=\"Fritz ignor\u0103 legea. Ministerul Muncii confirm\u0103 \u00eencetarea func\u021biei lui Pokker \u00een ziua pension\u0103rii\">Fritz ignor\u0103 legea. Ministerul Muncii confirm\u0103 \u00eencetarea func\u021biei lui Pokker \u00een ziua pension\u0103rii<\/a><\/h3>\n<\/div>\n<\/div>\n<\/div>\n<div class=\"td_module_flex td_module_flex_1 td_module_wrap td-animation-stack td-meta-info-hide td-cpt-post\">\n<div class=\"td-module-container td-category-pos-image\">\n<div class=\"td-module-meta-info\">\n<h3 class=\"entry-title td-module-title\"><a href=\"https:\/\/voceatimisului.ro\/licitatia-de-e-ticketing-a-primariei-timisoara-trimisa-la-rescris-de-cnsc-documentatie-profund-viciata-si-semne-de-intrebare-privind-expertiza-din-spatele-proiectului\/\" rel=\"bookmark\" title=\"Licita\u021bia de e-ticketing a Prim\u0103riei Timi\u0219oara, trimis\u0103 la rescris de CNSC. Documenta\u021bie \u201eprofund viciat\u0103\u201d \u0219i semne de \u00eentrebare privind expertiza din spatele proiectului\">Licita\u021bia de e-ticketing a Prim\u0103riei Timi\u0219oara, trimis\u0103 la rescris de CNSC. Documenta\u021bie \u201eprofund viciat\u0103\u201d \u0219i semne de \u00eentrebare privind expertiza din spatele proiectului<\/a><\/h3>\n<\/div>\n<\/div>\n<\/div>\n<div class=\"td_module_flex td_module_flex_1 td_module_wrap td-animation-stack td-meta-info-hide td-cpt-post\">\n<div class=\"td-module-container td-category-pos-image\">\n<div class=\"td-module-meta-info\">\n<h3 class=\"entry-title td-module-title\"><a href=\"https:\/\/voceatimisului.ro\/dominic-fritz-si-pensionarii-de-lux-ai-legalitatii\/\" rel=\"bookmark\" title=\"Dominic Fritz \u0219i pensionarii de lux ai legalit\u0103\u021bii\">Dominic Fritz \u0219i pensionarii de lux ai legalit\u0103\u021bii<\/a><\/h3>\n<\/div>\n<\/div>\n<\/div>\n<div class=\"td_module_flex td_module_flex_1 td_module_wrap td-animation-stack td-meta-info-hide td-cpt-post\">\n<div class=\"td-module-container td-category-pos-image\">\n<div class=\"td-module-meta-info\">\n<h3 class=\"entry-title td-module-title\"><a href=\"https:\/\/voceatimisului.ro\/demolari-fara-drept-si-functionari-executati-administratia-fritz-tot-mai-aproape-de-comunismul-birocratic\/\" rel=\"bookmark\" title=\"Demol\u0103ri f\u0103r\u0103 drept \u0219i func\u021bionari executa\u021bi: administra\u021bia Fritz, tot mai aproape de comunismul birocratic\">Demol\u0103ri f\u0103r\u0103 drept \u0219i func\u021bionari executa\u021bi: administra\u021bia Fritz, tot mai aproape de comunismul birocratic<\/a><\/h3>\n<\/div>\n<\/div>\n<\/div>\n<div class=\"td_module_flex td_module_flex_1 td_module_wrap td-animation-stack td-meta-info-hide td-cpt-post\">\n<div class=\"td-module-container td-category-pos-image\">\n<div class=\"td-module-meta-info\">\n<h3 class=\"entry-title td-module-title\"><a href=\"https:\/\/voceatimisului.ro\/buldozerul-administratiei-fritz-loveste-din-nou-viceprimarul-romocean-i-a-executat-administrativ-pe-cei-doi-functionari-care-au-refuzat-sa-mai-participe-la-demolarile-abuzive\/\" rel=\"bookmark\" title=\"Buldozerul administra\u021biei Fritz love\u0219te din nou. Viceprimarul Romocean i-a executat administrativ pe cei doi func\u021bionari care au refuzat s\u0103 mai participe la demol\u0103rile abuzive\">Buldozerul administra\u021biei Fritz love\u0219te din nou. Viceprimarul Romocean i-a executat administrativ pe cei doi func\u021bionari care au refuzat s\u0103 mai participe la demol\u0103rile abuzive<\/a><\/h3>\n<\/div>\n<\/div>\n<\/div>\n<\/div>\n<\/div>\n<\/div>\n<\/div>\n<\/div>\n<\/div>\n<\/div>\n<\/div>\n<p><span class=\"td-page-meta\"><\/span><span class=\"td-page-meta\"><span class=\"td-page-meta\"><\/span><\/span><span class=\"td-page-meta\"><\/span><\/article>\n<p> Source URL: https:\/\/voceatimisului.ro\/previziune-sumbra-lichidatorii-colterm-sa-anunta-ca-sistemul-centralizat-de-termoficare-din-municipiul-timisoara-se-va-prabusi-in-mai-putin-de-5-ani\/<\/p>\n","protected":false},"excerpt":{"rendered":"<p>\u0218tiriInvestiga\u021bii Previziune sumbr\u0103! Lichidatorii Colterm SA anun\u021b\u0103 c\u0103 sistemul centralizat de termoficare din municipiul Timi\u0219oara se va pr\u0103bu\u0219i \u00een mai pu\u021bin de 5 ani Previziune sumbr\u0103! Lichidatorii Colterm SA anun\u021b\u0103 c\u0103 sistemul centralizat de termoficare din municipiul Timi\u0219oara se va pr\u0103bu\u0219i \u00een mai pu\u021bin de 5 ani Autor-Redac\u021bia 1 octombrie 2022 1 12106 Facebook Twitter [&hellip;]<\/p>\n","protected":false},"author":1,"featured_media":1323559,"comment_status":"open","ping_status":"","sticky":false,"template":"","format":"standard","meta":{"footnotes":""},"categories":[89],"tags":[199],"class_list":["post-1323558","post","type-post","status-publish","format-standard","has-post-thumbnail","hentry","category-romania","tag-voceatimisului-ro"],"_links":{"self":[{"href":"https:\/\/analyse.optim.biz\/index.php?rest_route=\/wp\/v2\/posts\/1323558","targetHints":{"allow":["GET"]}}],"collection":[{"href":"https:\/\/analyse.optim.biz\/index.php?rest_route=\/wp\/v2\/posts"}],"about":[{"href":"https:\/\/analyse.optim.biz\/index.php?rest_route=\/wp\/v2\/types\/post"}],"author":[{"embeddable":true,"href":"https:\/\/analyse.optim.biz\/index.php?rest_route=\/wp\/v2\/users\/1"}],"replies":[{"embeddable":true,"href":"https:\/\/analyse.optim.biz\/index.php?rest_route=%2Fwp%2Fv2%2Fcomments&post=1323558"}],"version-history":[{"count":0,"href":"https:\/\/analyse.optim.biz\/index.php?rest_route=\/wp\/v2\/posts\/1323558\/revisions"}],"wp:featuredmedia":[{"embeddable":true,"href":"https:\/\/analyse.optim.biz\/index.php?rest_route=\/wp\/v2\/media\/1323559"}],"wp:attachment":[{"href":"https:\/\/analyse.optim.biz\/index.php?rest_route=%2Fwp%2Fv2%2Fmedia&parent=1323558"}],"wp:term":[{"taxonomy":"category","embeddable":true,"href":"https:\/\/analyse.optim.biz\/index.php?rest_route=%2Fwp%2Fv2%2Fcategories&post=1323558"},{"taxonomy":"post_tag","embeddable":true,"href":"https:\/\/analyse.optim.biz\/index.php?rest_route=%2Fwp%2Fv2%2Ftags&post=1323558"}],"curies":[{"name":"wp","href":"https:\/\/api.w.org\/{rel}","templated":true}]}}