{"id":1323543,"date":"2023-03-17T13:27:28","date_gmt":"2023-03-17T10:27:28","guid":{"rendered":"https:\/\/analyse.optim.biz\/?p=1323543"},"modified":"2023-03-17T13:27:28","modified_gmt":"2023-03-17T10:27:28","slug":"sute-de-mii-de-euro-nefiscalizati-zburda-n-voie","status":"publish","type":"post","link":"https:\/\/analyse.optim.biz\/?p=1323543","title":{"rendered":"Sute de mii de euro, nefiscaliza\u021bi zburd\u0103-n voie"},"content":{"rendered":"<article id=\"template-id-172790\" class=\"post-172790 tdb_templates type-tdb_templates status-publish post\">\n<div id=\"tdi_52\" class=\"tdc-zone\">\n<div class=\"tdc_zone tdi_53  wpb_row td-pb-row\">\n<div id=\"tdi_54\" class=\"tdc-row stretch_row_1400 td-stretch-content\">\n<div class=\"vc_row tdi_55  wpb_row td-pb-row tdc-element-style\">\n<div class=\"vc_column tdi_57  wpb_column vc_column_container tdc-column td-pb-span8\">\n<div class=\"wpb_wrapper\">\n<div class=\"td_block_wrap tdb_single_categories tdi_58 td-pb-border-top td_block_template_1 \" data-td-block-uid=\"tdi_58\">\n<div class=\"tdb-category td-fix-index\"><a class=\"tdb-entry-category\" href=\"https:\/\/voceatimisului.ro\/category\/stiri-din-timisoara-si-timis\/\">\u0218tiri<\/a><a class=\"tdb-entry-category\" href=\"https:\/\/voceatimisului.ro\/category\/investigatii-stiri\/\">Investiga\u021bii<\/a><\/div>\n<\/div>\n<div class=\"td_block_wrap tdb_title tdi_59 tdb-single-title td-pb-border-top td_block_template_1\" data-td-block-uid=\"tdi_59\">\n<div class=\"tdb-block-inner td-fix-index\">\n<h1 class=\"tdb-title-text\">Haos generalizat! Sute de mii de euro nefiscaliza\u021bi, zburd\u0103-n voie, \u00een Germania, printre clanurile de rromi din Timi\u0219oara, care se amenin\u021b\u0103 cu incendierea mor\u021bilor \u0219i cu v\u0103rsarea de s\u00e2nge prin toat\u0103 Europa<\/h1>\n<\/div>\n<\/div>\n<div class=\"vc_row_inner tdi_62  vc_row vc_inner wpb_row td-pb-row\">\n<div class=\"vc_column_inner tdi_64  wpb_column vc_column_container tdc-inner-column td-pb-span6\">\n<div class=\"vc_column-inner\">\n<div class=\"wpb_wrapper\">\n<div class=\"td_block_wrap tdb_single_author tdi_65 td-pb-border-top td_block_template_1 tdb-post-meta\" data-td-block-uid=\"tdi_65\">\n<div class=\"tdb-block-inner td-fix-index\">\n<div class=\"tdb-author-name-wrap\"><span class=\"tdb-author-by\">Autor-<\/span><a class=\"tdb-author-name\" href=\"https:\/\/voceatimisului.ro\/author\/redactia\/\">Redac\u021bia<\/a><\/div>\n<\/div>\n<\/div>\n<div class=\"td_block_wrap tdb_single_date tdi_66 td-pb-border-top td_block_template_1 tdb-post-meta\" data-td-block-uid=\"tdi_66\">\n<div class=\"tdb-block-inner td-fix-index\"><time class=\"entry-date updated td-module-date\" datetime=\"2023-03-17T15:27:28+02:00\">17 martie 2023<\/time><\/div>\n<\/div>\n<div class=\"td_block_wrap tdb_single_comments_count tdi_67 td-pb-border-top td_block_template_1 tdb-post-meta\" data-td-block-uid=\"tdi_67\">\n<div class=\"tdb-block-inner td-fix-index\"><a href=\"https:\/\/voceatimisului.ro\/haos-generalizat-sute-de-mii-de-euro-nefiscalizati-zburda-n-voie-in-germania-printre-clanurile-de-rromi-din-timisoara-care-se-ameninta-cu-incendierea-mortilor-si-cu-varsarea-de-sange-prin-toata-e\/#comments\"><span>7<\/span><\/a><\/div>\n<\/div>\n<div class=\"td_block_wrap tdb_single_post_views tdi_68 td-pb-border-top td_block_template_1 tdb-post-meta\" data-td-block-uid=\"tdi_68\">\n<div class=\"tdb-block-inner td-fix-index\"><span class=\"tdb-add-text\">1<\/span><span class=\"td-nr-views-155542\">15090<\/span><\/div>\n<\/div>\n<\/div>\n<\/div>\n<\/div>\n<div class=\"vc_column_inner tdi_70  wpb_column vc_column_container tdc-inner-column td-pb-span6\">\n<div class=\"vc_column-inner\">\n<div class=\"wpb_wrapper\">\n<div class=\"td_block_wrap tdb_single_post_share tdi_71  td-pb-border-top td_block_template_1\" data-td-block-uid=\"tdi_71\">\n<div id=\"tdi_71\" class=\"td-post-sharing tdb-block td-ps-bg td-ps-notext td-post-sharing-style1 \">\n<div class=\"td-post-sharing-visible\"><a class=\"td-social-sharing-button td-social-sharing-button-js td-social-network td-social-facebook\" href=\"https:\/\/www.facebook.com\/sharer.php?u=https%3A%2F%2Fvoceatimisului.ro%2Fhaos-generalizat-sute-de-mii-de-euro-nefiscalizati-zburda-n-voie-in-germania-printre-clanurile-de-rromi-din-timisoara-care-se-ameninta-cu-incendierea-mortilor-si-cu-varsarea-de-sange-prin-toata-e%2F\" title=\"Facebook\" rel=\"noopener\"><\/p>\n<div class=\"td-social-but-text\">Facebook<\/div>\n<p><\/a><a class=\"td-social-sharing-button td-social-sharing-button-js td-social-network td-social-twitter\" href=\"https:\/\/twitter.com\/intent\/tweet?text=Haos+generalizat%21+Sute+de+mii+de+euro+nefiscaliza%C8%9Bi%2C+zburd%C4%83-n+voie%2C+%C3%AEn+Germania%2C+printre+clanurile+de+rromi+din+Timi%C8%99oara%2C+care+se+amenin%C8%9B%C4%83+cu+incendierea+mor%C8%9Bilor+%C8%99i+cu+v%C4%83rsarea+de+s%C3%A2nge+prin+toat%C4%83+Europa&amp;url=https%3A%2F%2Fvoceatimisului.ro%2Fhaos-generalizat-sute-de-mii-de-euro-nefiscalizati-zburda-n-voie-in-germania-printre-clanurile-de-rromi-din-timisoara-care-se-ameninta-cu-incendierea-mortilor-si-cu-varsarea-de-sange-prin-toata-e%2F&amp;via=Vocea+Timisului\" title=\"Twitter\" rel=\"noopener\"><\/p>\n<div class=\"td-social-but-text\">Twitter<\/div>\n<p><\/a><a class=\"td-social-sharing-button td-social-sharing-button-js td-social-network td-social-pinterest\" href=\"https:\/\/pinterest.com\/pin\/create\/button\/?url=https:\/\/voceatimisului.ro\/haos-generalizat-sute-de-mii-de-euro-nefiscalizati-zburda-n-voie-in-germania-printre-clanurile-de-rromi-din-timisoara-care-se-ameninta-cu-incendierea-mortilor-si-cu-varsarea-de-sange-prin-toata-e\/&amp;media=https:\/\/voceatimisului.ro\/wp-content\/uploads\/2023\/03\/Sute-de-mii-de-euro-sub-forma-lichida-jpg.webp&amp;description=Haos+generalizat%21+Sute+de+mii+de+euro+nefiscaliza%C8%9Bi%2C+zburd%C4%83-n+voie%2C+%C3%AEn+Germania%2C+printre+clanurile+de+rromi+din+Timi%C8%99oara%2C+care+se+amenin%C8%9B%C4%83+cu+incendierea+mor%C8%9Bilor+%C8%99i+cu+v%C4%83rsarea+de+s%C3%A2nge+prin+toat%C4%83+Europa\" title=\"Pinterest\" rel=\"noopener\"><\/p>\n<div class=\"td-social-but-text\">Pinterest<\/div>\n<p><\/a><a class=\"td-social-sharing-button td-social-sharing-button-js td-social-network td-social-whatsapp\" href=\"https:\/\/api.whatsapp.com\/send?text=Haos+generalizat%21+Sute+de+mii+de+euro+nefiscaliza%C8%9Bi%2C+zburd%C4%83-n+voie%2C+%C3%AEn+Germania%2C+printre+clanurile+de+rromi+din+Timi%C8%99oara%2C+care+se+amenin%C8%9B%C4%83+cu+incendierea+mor%C8%9Bilor+%C8%99i+cu+v%C4%83rsarea+de+s%C3%A2nge+prin+toat%C4%83+Europa%20%0A%0A%20https:\/\/voceatimisului.ro\/haos-generalizat-sute-de-mii-de-euro-nefiscalizati-zburda-n-voie-in-germania-printre-clanurile-de-rromi-din-timisoara-care-se-ameninta-cu-incendierea-mortilor-si-cu-varsarea-de-sange-prin-toata-e\/\" title=\"WhatsApp\" rel=\"noopener\"><\/p>\n<div class=\"td-social-but-text\">WhatsApp<\/div>\n<p><\/a><a class=\"td-social-sharing-button td-social-sharing-button-js td-social-network td-social-linkedin\" href=\"https:\/\/www.linkedin.com\/shareArticle?mini=true&amp;url=https:\/\/voceatimisului.ro\/haos-generalizat-sute-de-mii-de-euro-nefiscalizati-zburda-n-voie-in-germania-printre-clanurile-de-rromi-din-timisoara-care-se-ameninta-cu-incendierea-mortilor-si-cu-varsarea-de-sange-prin-toata-e\/&amp;title=Haos+generalizat%21+Sute+de+mii+de+euro+nefiscaliza%C8%9Bi%2C+zburd%C4%83-n+voie%2C+%C3%AEn+Germania%2C+printre+clanurile+de+rromi+din+Timi%C8%99oara%2C+care+se+amenin%C8%9B%C4%83+cu+incendierea+mor%C8%9Bilor+%C8%99i+cu+v%C4%83rsarea+de+s%C3%A2nge+prin+toat%C4%83+Europa\" title=\"Linkedin\" rel=\"noopener\"><\/p>\n<div class=\"td-social-but-text\">Linkedin<\/div>\n<p><\/a><a class=\"td-social-sharing-button td-social-sharing-button-js td-social-network td-social-copy_url\" href=\"https:\/\/voceatimisului.ro\/haos-generalizat-sute-de-mii-de-euro-nefiscalizati-zburda-n-voie-in-germania-printre-clanurile-de-rromi-din-timisoara-care-se-ameninta-cu-incendierea-mortilor-si-cu-varsarea-de-sange-prin-toata-e\/\" title=\"Copy URL\" rel=\"noopener\"><\/p>\n<div class=\"td-social-but-text\">Copy URL<\/div>\n<p><\/a><\/div>\n<\/div>\n<\/div>\n<\/div>\n<\/div>\n<\/div>\n<\/div>\n<div class=\"td_block_wrap tdb_single_featured_image tdi_72 tdb-content-horiz-left td-pb-border-top td_block_template_1\" data-td-block-uid=\"tdi_72\">\n<div class=\"tdb-block-inner td-fix-index\">\n<figure><img fetchpriority=\"high\" decoding=\"async\" width=\"696\" height=\"439\" class=\"entry-thumb\" src=\"https:\/\/analyse.optim.biz\/wp-content\/uploads\/2026\/01\/sute-de-mii-de-euro-sub-forma-lichida-jpg-696x439-1.webp\" alt=\"Sute de mii de euro sub forma lichida jpg\" title=\"Sute de mii de euro sub forma lichida jpg\" loading=\"eager\"><figcaption class=\"tdb-caption-text\">Sute de mii de euro sub forma lichida jpg<\/figcaption><\/figure>\n<\/div>\n<\/div>\n<div class=\"vc_row_inner tdi_74  vc_row vc_inner wpb_row td-pb-row\">\n<div class=\"vc_column_inner tdi_76  wpb_column vc_column_container tdc-inner-column td-pb-span4 td-is-sticky\">\n<div class=\"vc_column-inner\">\n<div class=\"wpb_wrapper\" data-sticky-enabled-on=\"W3RydWUsdHJ1ZSx0cnVlLHRydWVd\" data-sticky-offset=\"20\" data-sticky-is-width-auto=\"W2ZhbHNlLGZhbHNlLGZhbHNlLGZhbHNlXQ==\">\n<div class=\"td_block_wrap td_flex_block_1 tdi_77 td-pb-border-top td_block_template_1 td_ajax_preloading_preload td_flex_block\" data-td-block-uid=\"tdi_77\">\n<div id=\"tdi_77\" class=\"td_block_inner td-mc1-wrap\">\n<div class=\"td_module_flex td_module_flex_1 td_module_wrap td-animation-stack td-meta-info-hide td-cpt-post\">\n<div class=\"td-module-container td-category-pos-image\">\n<div class=\"td-module-meta-info\">\n<h3 class=\"entry-title td-module-title\"><a href=\"https:\/\/voceatimisului.ro\/ultimatumul-rusinii-primaria-timisoara-isi-acopera-esecurile-cu-amenintari\/\" rel=\"bookmark\" title=\"Ultimatumul ru\u0219inii: Prim\u0103ria Timi\u0219oara \u00ee\u0219i acoper\u0103 e\u0219ecurile cu amenin\u021b\u0103ri\">Ultimatumul ru\u0219inii: Prim\u0103ria Timi\u0219oara \u00ee\u0219i acoper\u0103 e\u0219ecurile cu amenin\u021b\u0103ri<\/a><\/h3>\n<\/div>\n<\/div>\n<\/div>\n<div class=\"td_module_flex td_module_flex_1 td_module_wrap td-animation-stack td-meta-info-hide td-cpt-post\">\n<div class=\"td-module-container td-category-pos-image\">\n<div class=\"td-module-meta-info\">\n<h3 class=\"entry-title td-module-title\"><a href=\"https:\/\/voceatimisului.ro\/raliu-urban-doua-familii-de-rromi-din-timisoara-s-au-urmarit-cu-masinile-de-lux-prin-centrul-strasbourg-ului-lasand-in-urma-5-morti-si-4-raniti\/\" rel=\"bookmark\" title=\"Raliu urban! Dou\u0103 familii de rromi din Timi\u0219oara s-au urm\u0103rit cu ma\u0219inile de lux prin centrul Strasbourg-ului, l\u0103s\u00e2nd \u00een urm\u0103 5 mor\u021bi \u0219i 4 r\u0103ni\u021bi\">Raliu urban! Dou\u0103 familii de rromi din Timi\u0219oara s-au urm\u0103rit cu ma\u0219inile de lux prin centrul Strasbourg-ului, l\u0103s\u00e2nd \u00een urm\u0103 5 mor\u021bi \u0219i 4&#8230;<\/a><\/h3>\n<\/div>\n<\/div>\n<\/div>\n<div class=\"td_module_flex td_module_flex_1 td_module_wrap td-animation-stack td-meta-info-hide td-cpt-post\">\n<div class=\"td-module-container td-category-pos-image\">\n<div class=\"td-module-meta-info\">\n<h3 class=\"entry-title td-module-title\"><a href=\"https:\/\/voceatimisului.ro\/previziune-sumbra-lichidatorii-colterm-sa-anunta-ca-sistemul-centralizat-de-termoficare-din-municipiul-timisoara-se-va-prabusi-in-mai-putin-de-5-ani\/\" rel=\"bookmark\" title=\"Previziune sumbr\u0103! Lichidatorii Colterm SA anun\u021b\u0103 c\u0103 sistemul centralizat de termoficare din municipiul Timi\u0219oara se va pr\u0103bu\u0219i \u00een mai pu\u021bin de 5 ani\">Previziune sumbr\u0103! Lichidatorii Colterm SA anun\u021b\u0103 c\u0103 sistemul centralizat de termoficare din municipiul Timi\u0219oara se va pr\u0103bu\u0219i \u00een mai pu\u021bin de 5 ani<\/a><\/h3>\n<\/div>\n<\/div>\n<\/div>\n<div class=\"td_module_flex td_module_flex_1 td_module_wrap td-animation-stack td-meta-info-hide td-cpt-post\">\n<div class=\"td-module-container td-category-pos-image\">\n<div class=\"td-module-meta-info\">\n<h3 class=\"entry-title td-module-title\"><a href=\"https:\/\/voceatimisului.ro\/consiliul-judetean-vrea-centura-feroviara-pentru-timisoara-a-lansat-licitatia-pentru-studiul-de-fezabilitate\/\" rel=\"bookmark\" title=\"Consiliul Jude\u021bean vrea centur\u0103 feroviar\u0103 pentru Timi\u0219oara! A lansat licita\u021bia pentru studiul de fezabilitate\">Consiliul Jude\u021bean vrea centur\u0103 feroviar\u0103 pentru Timi\u0219oara! A lansat licita\u021bia pentru studiul de fezabilitate<\/a><\/h3>\n<\/div>\n<\/div>\n<\/div>\n<\/div>\n<\/div>\n<div class=\"tdb-author-box td_block_wrap tdb_single_author_box tdi_82 tdb-content-vert-top td-pb-border-top td_block_template_1\" data-td-block-uid=\"tdi_82\">\n<div class=\"tdb-block-inner td-fix-index\">\n<div class=\"tdb-author-info\"><a href=\"https:\/\/voceatimisului.ro\/author\/redactia\/\" class=\"tdb-author-name\">Redac\u021bia<\/a><\/p>\n<div class=\"tdb-author-descr\">\u00centreaga responsabilitate a comentariilor l\u0103sate de dumneavoastr\u0103 v\u0103 apar\u021bine!<br \/>\nClick <a href=\"https:\/\/voceatimisului.ro\/termeni-si-conditii\/\">aici<\/a>-citeste condi\u0163iile de utilizare ale site-ului www.voceatimisului.ro<\/div>\n<\/div>\n<\/div>\n<\/div>\n<\/div>\n<\/div>\n<\/div>\n<div class=\"vc_column_inner tdi_84  wpb_column vc_column_container tdc-inner-column td-pb-span8\">\n<div class=\"vc_column-inner\">\n<div class=\"wpb_wrapper\">\n<div class=\"td_block_wrap tdb_single_content tdi_85 td-pb-border-top td_block_template_1 td-post-content tagdiv-type\" data-td-block-uid=\"tdi_85\">\n<div class=\"tdb-block-inner td-fix-index\">\n<h5 class=\"wp-block-heading\" id=\"h-nici-nu-mai-conteaza-de-la-ce-a-pornit-razboiul-intre-\u021biganii-de-matase-din-timi\u0219oara-sau-mai-mult-decat-orice-de-partea-cui-se-afla-dreptatea-cert-e-ca-sub-privirile-latente-ale-for\u021belor-de-ordine-in-sanul-comunita\u021bii-situa\u021bia-conflictuala-a-escaladat-\u0219i-indiferent-din-ce-unghi-sunt-privite-lucrurile-azi-s-a-ajuns-mult-prea-departe-cu-circul-de-sorginte-etnica-imobil-manjit-cu-urina-\u0219i-fecale-umane-cripta-sparta-\u0219i-stropita-cu-benzina-mortul-amenin\u021bat-cu-expunerea-la-soare-\u0219i-cu-combustia-iar-viii-cu-varsarea-de-sange-\u0219i-cu-exsangvinarea-miza-jocului-a\u0219a-cum-o-\u0219tie-toata-suflarea-o-reprezinta-banii-nu-pu\u021bini-ci-de-ordinul-sutelor-de-mii-de-euro-evident-cash-\u0219i-pe-orice-col\u021b-de-masa\">Nici nu mai conteaz\u0103 de la ce a pornit r\u0103zboiul \u00eentre \u021biganii de m\u0103tase din Timi\u0219oara! Sau, mai mult dec\u00e2t orice, de partea cui se afl\u0103 dreptatea! Cert e c\u0103, sub privirile latente ale for\u021belor de ordine, \u00een s\u00e2nul comunit\u0103\u021bii, situa\u021bia conflictual\u0103 a escaladat \u0219i, indiferent din ce unghi sunt privite lucrurile, azi, s-a ajuns mult prea departe cu circul de sorginte etnic\u0103: <em>imobil m\u00e2njit cu urin\u0103 \u0219i fecale umane, cript\u0103 spart\u0103 \u0219i stropit\u0103 cu benzin\u0103, mortul amenin\u021bat cu expunerea la soare \u0219i cu combustia iar viii cu v\u0103rsarea de s\u00e2nge \u0219i cu exsangvinarea<\/em>. Miza jocului, a\u0219a cum o \u0219tie toat\u0103 suflarea, o reprezint\u0103 banii! Nu pu\u021bini, ci de ordinul sutelor de mii de euro. Evident, cash \u0219i pe orice col\u021b de mas\u0103!<\/h5>\n<p>F\u0103r\u0103 niciun dubiu, a\u0219a cum rezult\u0103 din probe, lucrurile sunt extrem de clare, at\u00e2t timp c\u00e2t, dincolo de r\u0103cnete, \u021bipete \u0219i ac\u021biuni de gueril\u0103, executate \u00een miez de noapte, represaliile abund\u0103 \u00een elemente de amenin\u021bare, \u0219antaj, distrugere \u0219i c\u00e2te \u0219i mai c\u00e2te! \u0218i, la finalul materialului, \u00een format video \u0219i nu numai, voceatimisului.ro a ata\u0219at toate elementele care au leg\u0103tur\u0103 str\u00e2ns\u0103 cu aceast\u0103 poveste nebun\u0103 \u0219i, mai mult dec\u00e2t orice, cu Codul Penal! <\/p>\n<p>P\u00e2n\u0103 \u0219i azi, \u00een marea lor majoritate, eviden\u021bele se reg\u0103sesc \u00een spa\u021biul public, mai exact pe anumite pagini de Facebook sau \u00een cadrul unor transmisiuni live, realizate cu ajutorul aplica\u021biei de socializare. Absolut palpabile \u0219i la vedere!<\/p>\n<p>Acum, ca s\u0103 limpezim lucrurile, \u00een centrul disputei dintre cele dou\u0103 clanuri de \u021bigani troneaz\u0103 afaceri ne\u00eencheiate de c\u00e2teva decenii care, acum, au c\u0103zut \u00een sarcina copiilor \u0219i nepo\u021bilor, ca s\u0103 le l\u0103mureasc\u0103. Se pare c\u0103 totul ar fi plecat de la un teren pe care fra\u021bii Mura \u0219i Toni Stancu, rromi extremi de boga\u021bi din Timi\u0219oara, l-au achizi\u021bionat din fonduri proprii\u2026 pe bani de nimic \u0219i pe care, ulterior, l-au v\u00e2ndut pe o sum\u0103 de circa 4 milioane de euro. <\/p>\n<p>Una peste alta, acum vreo trei ani, dup\u0103 decesul lui Toni Stancu, un alt \u021bigan, Ion Ciucur (Ciucurel), a emis preten\u021bii financiare, de pe urma tranzac\u021biei comerciale, motiv\u00e2nd c\u0103 a intermediat cump\u0103rarea suprafe\u021bei, \u00een beneficiul fra\u021bilor Stancu, \u0219i c\u0103 a avut o \u00een\u021belegere verbal\u0103 de comision cu Toni, unul dintre fra\u021bi. Altfel spus, c\u0103 are dreptul la o cot\u0103 din c\u00e2\u0219tigul de milioane de euro, rezultat de pe urma tranzac\u021biei funciare!<\/p>\n<p>Unii zic c\u0103, de\u0219i Toni \u0219i Ciucurel ar fi fost prieteni la cataram\u0103, reclamantul nu a avut nicio treab\u0103 cu achizi\u021bia terenului \u0219i nici nu ar fi intermediat combina\u021bia, ci ar fi aflat desprea ea, chiar din gura fra\u021bilor Stancu. \u0218i c\u0103, la acest moment, \u021biganul nu face altceva dec\u00e2t s\u0103 profite! <\/p>\n<p>De partea cealalt\u0103, al\u021bii spun c\u0103 Ciucurel este cel care i-ar fi indicat p\u0103m\u00e2ntul lui Toni, care l-ar fi s\u0103rit din tranzac\u021bie, prefer\u00e2nd s\u0103 cumpere tarlaua, cot la cot cu fratele s\u0103u, Mura. Oricum, ambele grup\u0103ri nu exclud faptul c\u0103, av\u00e2nd \u00een vedere rela\u021bia str\u00e2ns\u0103 de amici\u021bie dintre \u021biganii Toni Stancu \u0219i Ioan Ciucur, la un pahar de vorb\u0103, acesta s\u0103-i fi promis tovar\u0103\u0219ului s\u0103u\u2026 <em>de-o ciorb\u0103<\/em>, probabil la insisten\u021be \u0219i presiuni.<\/p>\n<p><strong>R\u0103zboiul rozelor<\/strong><\/p>\n<p>\u0218i de aici a \u00eenceput toat\u0103 nebunia c\u0103ci, dup\u0103 moartea lui Toni Stancu, lucrurile au escaladat, iar repercusiunile au \u00eenceput s\u0103 curg\u0103 asupra urma\u0219ilor. A\u0219a c\u0103, \u00een ideea de pace \u0219i bun\u0103 \u00een\u021belegere, \u00een perioada 25-26 noiembrie 2022, a\u0219a cum rezult\u0103 din probele video, ata\u0219ate la finalul textului, \u00een M\u00fcnchen \u2013 Germania, a fost convocat tribunalul \u021big\u0103nesc. <\/p>\n<p>Cert e c\u0103, dup\u0103 audieri \u0219i dezbateri, staborul a decis ca Veber Stancu (fiul lui Toni), care \u0219i-a dorit s\u0103 scape de amenin\u021b\u0103ri, s\u0103-i pl\u0103teasc\u0103 lui Ioan Ciucur suma de 100.000 euro. Ceea ce, conform imaginilor de pe pelicul\u0103, s-a \u0219i \u00eent\u00e2mplat, <strong>plata fiind efectuat\u0103, cash, de fa\u021b\u0103 cu martori, prin cinci teancuri de bani, ticsite cu h\u00e2rtii valorice de c\u00e2te 200 euro<\/strong>! <\/p>\n<p>Se vede limpede cum suma de 100.000 de euro este preluat\u0103 de Ciucurel, plasat\u0103 familiei, care \u00eencepe s\u0103 numere bancnot\u0103 cu bancnot\u0103, timp \u00een care desp\u0103gubitul se jur\u0103 c\u0103 securea r\u0103zboiului a fost \u00eengropat\u0103. Pe veci!<\/p>\n<p>Acum, nici nu mai conteaz\u0103 c\u0103 presta\u021bia (pseudo)judec\u0103torilor de la M\u00fcnchen, care s-au \u00eentrunit \u00een inima Bavariei, dup\u0103 unii, a costat suma de 27.000 euro, iar dup\u0103 al\u021bii\u2026 34.000 euro! Oricum, sentin\u021ba din Germania, <em>dictat\u0103 de magistra\u021bii rromi J\u0103m\u0103il\u0103 \u0219i Ionela\u0219<\/em>, a fost egal\u0103 cu zero barat! C\u0103ci, a\u0219a cum reiese din probatoriu, pacea, promis\u0103 de r\u0103zboinicul Ciucurel, nu a mai venit. <\/p>\n<p>Ba din contr\u0103, evenimentele au escaladat doar pentru c\u0103, dup\u0103 ce a \u00eencasat 100.000 de euro de pe linia lui Toni Stancu, privirile lui Ioan Ciucur s-au \u00eendreptat \u00eenspre cel\u0103lalt coproprietar al terenului de milioane de euro, Mura Stancu. Bine\u00een\u021beles, sub ra\u021bionamentul c\u0103, dac\u0103 unul a pl\u0103tit cash, \u0219i cel\u0103lalt frate este obligat s\u0103 fac\u0103 acela\u0219i lucru!<\/p>\n<p>A\u0219a c\u0103, dup\u0103 cum se desprinde din post\u0103rile \u0219i live-urile de pe Facebook, \u00een scen\u0103 a intrat fiul lui Ioan Ciucur (Ciucurel), Victor. Personaj care, de pe contul cu numele de Victor Rusu, dar \u0219i de pe alte dou\u0103 pagini \u2013 <strong>Detectivul Nurembergului \u0219i Surprize Wor Timisoara<\/strong> \u2013 s-a n\u0103pustit asupra familiei lui Milivoi Stancu (Mura). <\/p>\n<p>Mai exact, Victor Ciucur a t\u0103b\u0103r\u00e2t pe nepotul lui Mura, Sein Angelco, cunoscut pe re\u021belele de socializare ca Alessio Gabor. \u0218i se vede limpede, ca lumina zilei, c\u0103 amenin\u021b\u0103rile \u0219i \u0219antajul au fost la ordinea zilei \u0219i c\u0103 r\u0103zboiul psihologic a debutat, dup\u0103 un scenariu prestabilit, \u00eenc\u0103 de la finele anului trecut, chiar de prin preajma Cr\u0103ciunului.<\/p>\n<p>Una peste alta, au \u00eenceput s\u0103 curg\u0103 dedica\u021biile \u0219i post\u0103rile cu t\u00e2lc<em>: <u><strong>ast\u0103zi am o surpriz\u0103 \u00een Timi\u0219oara, ora\u0219ul iubirii, la ora 12<\/strong><\/u><\/em>. \u0218i gura de aur a lui Victor Rusu adev\u0103r a gr\u0103it c\u0103ci probele video demonstreaz\u0103 c\u0103, exact la miezul nop\u021bii dintre 10-11 februarie 2023, un individ cu cagul\u0103 a oprit \u00een fa\u021ba casei lui Mura Stancu \u0219i \u0219i-a exersat veleit\u0103\u021bile de pictor contemporan, m\u00e2njind imobilul \u00een care domiciliaz\u0103 debitorul\u2026 cu fecale \u0219i urin\u0103 umane! <\/p>\n<p>\u00cen regim de en-gros, cu o g\u0103leat\u0103! Adev\u0103rul e c\u0103 \u0219i \u00een luna decembrie 2022, chiar \u00een pragul s\u0103rb\u0103torilor de iarn\u0103, casa din centrul Timi\u0219oarei, aflat\u0103 \u00een proprietatea lui Mura Stancu, a mai avut parte de o pictur\u0103 rupestr\u0103 de acela\u0219i gen \u0219i de un alt mesaj cu substrat, \u00eenso\u021bit de poze, din aceea\u0219i direc\u021bie a lui Victor Rusu: <strong><em>S\u0103rb\u0103tori fericite, Mura<\/em>!<\/strong><\/p>\n<p>\u0218i a mai urmat o predic\u021bie, dup\u0103 ce casa lui Mura Stancu a fost <em>decorat\u0103<\/em>, \u00een dou\u0103 r\u00e2nduri, cu reziduri de natur\u0103 uman\u0103: <em><u><strong>Mura Bogatu\u2026urmeaz\u0103 \u0219i la cimitir ceva frumos<\/strong><\/u><\/em>. Cert e c\u0103, \u0219i de data asta, fiul lui Ciucurel a dovedit c\u0103 are puteri paranormale c\u0103ci, \u00een noapte de 4 martie 2023, cripta familiei Stancu din cimitirul de pe Calea Buzia\u0219ului a fost spart\u0103 \u0219i devastat\u0103. <\/p>\n<p>Asta dup\u0103 ce, ini\u021bial, cu c\u00e2teva s\u0103pt\u0103m\u00e2ni \u00eenainte, acela\u0219i monument funerar mai avusese parte de un tratament special cu\u2026 benzin\u0103! Oricum, ca totul s\u0103 fie cu suspans, mai apare o postare \u00een spa\u021biul public, imediat dup\u0103 incident. Una care le \u00eentrece pe toate: <strong><em><u>Mura, \u021bi-am zis s\u0103-mi dai banii, nu ai vrut, \u021bi-am promis c\u0103 o s\u0103-l scot pe b\u0103iatul t\u0103u din cript\u0103, uite c\u0103 l-am scos \u0219i o s\u0103-i dau foc \u00een zilele urm\u0103toare, dac\u0103 nu \u00eemi dai banii<\/u><\/em>!<\/strong><\/p>\n<p><strong>Presiune pe cervical\u0103<\/strong><\/p>\n<p>Nici nu conteaz\u0103 prea mult \u2013 poate doar pentru organele judiciare?! \u2013 c\u0103, \u00eenainte de desantul nocturn din cimitir, Victor Ciucur (alias Victor Rusu) \u0219i-a f\u0103cut un live pe Facebook, plimb\u00e2ndu-se prin dreptul morm\u00e2ntului familiei lui Mura Stancu. Evident, nu e dec\u00e2t o simpl\u0103 coinciden\u021b\u0103 \u0219i nimic de blamat \u00een faptul c\u0103 \u021biganul a preferat mi\u0219carea fizic\u0103, nu pe malul Beg\u0103i, ci printre mor\u021bii de pe Calea Buzia\u0219ului! <\/p>\n<p>P\u00e2n\u0103 la urm\u0103, fiecare cu feti\u0219ul lui! Important de re\u021binut e c\u0103 toate predic\u021biile lui Victor Ciucur \u2013 absolut toate \u2013 s-au adeverit. Ceea ce \u00eenseamn\u0103 c\u0103, dincolo de paranormal, fiul lui Ciucurel mai are un dar divin: puterea de a face lucrurile s\u0103 se \u00eent\u00e2mple!<\/p>\n<p>\u0218i au mai fost multe: poze sugestive cu pistoale, alte zeci de live-uri pe re\u021bele de socializare, \u00een care <em>p\u0103gubi\u021bii<\/em> jur\u0103 r\u0103zbunare \u0219i v\u0103rsare de s\u00e2nge, imagini video cu ma\u0219inile de comando \u021big\u0103ne\u0219ti care intra \u00een Nuremberg, localitatea de domiciliu a nepotului lui Mura. La un loc, plin de probe palpabile \u0219i incriminatorii, toate \u00een detrimentul lui Victor Ciucur! <\/p>\n<p>Una peste alta, azi, dou\u0103 lucruri sunt certe. Primul, c\u0103 r\u0103zboiul \u00eentre \u021biganii de m\u0103tase din Timi\u0219oara a dep\u0103\u0219it grani\u021bele Rom\u00e2niei \u0219i, la ora actual\u0103, se duce pe dou\u0103 fronturi \u2013 acas\u0103 \u0219i \u00een deplasare! Cu acelea\u0219i arme, cu acelea\u0219i obiceiuri, indiferent de victime! Totul p\u00e2n\u0103 la bani, f\u0103r\u0103 nicio treab\u0103 cu dreptatea!<\/p>\n<p>Mai mult dec\u00e2t orice, toat\u0103 isteria asta dintre clanurile de rromi mai pune pe tapet un lucru despre care s-a tot vorbit \u00een ultimul deceniu, at\u00e2t \u00een Rom\u00e2nia, c\u00e2t \u0219i UE. Mai exact, dincolo de ajutoarele sociale pe care le \u00eencaseaz\u0103 prin toat\u0103 Europa, de unde provin veniturile rromilor, sume colosale care le permit orice arogan\u021b\u0103 la nivel imobiliar \u0219i automobilistic?! <\/p>\n<p>Cum de \u021biganii reu\u0219esc s\u0103 se transforme \u00een milionari \u00een euro, doar din ajutoarele financiare de la stat, f\u0103r\u0103 nicio alt\u0103 surs\u0103 de venit declarat\u0103?! C\u0103 nu to\u021bi tr\u0103iesc din pla\u021buri auto \u0219i nici din \u00eenchirierea unor apartamente sau propriet\u0103\u021bi pe care le de\u021bin, de cele mai multe ori, nici m\u0103car pe numele lor! Evident, de teama Fiscului!<\/p>\n<p>Adev\u0103rul e c\u0103, la cum arunc\u0103 cu sutele de mii de euro, bani lichizi, la (pseudo)judec\u0103\u021bi \u021big\u0103ne\u0219ti, fie c\u0103 staborul se \u00eentrune\u0219te la Timi\u0219oara sau la M\u00fcnchen, e limpede c\u0103 undeva\u2026cuiva\u2026.\u00eei scap\u0103\u2026ceva\u2026<\/p>\n<figure class=\"wp-block-embed is-type-video is-provider-youtube wp-block-embed-youtube wp-embed-aspect-16-9 \">\n<div class=\"wp-block-embed__wrapper\"><span class=\"flying-press-youtube\" data-src=\"https:\/\/www.youtube.com\/embed\/ZpoM-OYOwR4?feature=oembed&amp;autoplay=1\"><img decoding=\"async\" src=\"https:\/\/analyse.optim.biz\/wp-content\/uploads\/2026\/01\/9a8bcc5ca240111044d0a5b7bb54aa7a.jpg\" width=\"1280\" height=\"720\" alt=\"Sute de mii de euro, sub form\u0103 lichid\u0103 \u0219i nefiscalizat\u0103, zburd\u0103-n voie\" loading=\"lazy\" title=\"9a8bcc5ca240111044d0a5b7bb54aa7a\"><\/span><\/div>\n<\/figure>\n<figure class=\"wp-block-gallery has-nested-images columns-default is-cropped wp-block-gallery-1 is-layout-flex wp-block-gallery-is-layout-flex\">\n<figure class=\"wp-block-image size-large\"><a href=\"https:\/\/analyse.optim.biz\/wp-content\/uploads\/2026\/01\/ute-de-mii-de-euro-sub-forma-lichida6.jpg\"><img decoding=\"async\" width=\"468\" height=\"794\" data-id=\"155549\" src=\"https:\/\/analyse.optim.biz\/wp-content\/uploads\/2026\/01\/ute-de-mii-de-euro-sub-forma-lichida6.jpg\" alt=\"Haos generalizat! Sute de mii de euro nefiscaliza\u021bi, zburd\u0103-n voie, \u00een Germania, printre clanurile de rromi din Timi\u0219oara, care se amenin\u021b\u0103 cu incendierea mor\u021bilor \u0219i cu v\u0103rsarea de s\u00e2nge prin toat\u0103 Europa\" class=\"wp-image-155549\" loading=\"lazy\" title=\"ute-de-mii-de-euro-sub-forma-lichida6\"><\/a><\/figure>\n<figure class=\"wp-block-image size-large\"><a href=\"https:\/\/analyse.optim.biz\/wp-content\/uploads\/2026\/01\/ute-de-mii-de-euro-sub-forma-lichida5.jpg\"><img decoding=\"async\" width=\"473\" height=\"1024\" data-id=\"155548\" src=\"https:\/\/analyse.optim.biz\/wp-content\/uploads\/2026\/01\/ute-de-mii-de-euro-sub-forma-lichida5.jpg\" alt=\"Haos generalizat! Sute de mii de euro nefiscaliza\u021bi, zburd\u0103-n voie, \u00een Germania, printre clanurile de rromi din Timi\u0219oara, care se amenin\u021b\u0103 cu incendierea mor\u021bilor \u0219i cu v\u0103rsarea de s\u00e2nge prin toat\u0103 Europa\" class=\"wp-image-155548\" loading=\"lazy\" title=\"ute-de-mii-de-euro-sub-forma-lichida5\"><\/a><\/figure>\n<figure class=\"wp-block-image size-large\"><a href=\"https:\/\/analyse.optim.biz\/wp-content\/uploads\/2026\/01\/ute-de-mii-de-euro-sub-forma-lichida4.jpg\"><img decoding=\"async\" loading=\"lazy\" width=\"938\" height=\"951\" data-id=\"155547\" src=\"https:\/\/analyse.optim.biz\/wp-content\/uploads\/2026\/01\/ute-de-mii-de-euro-sub-forma-lichida4.jpg\" alt=\"Haos generalizat! Sute de mii de euro nefiscaliza\u021bi, zburd\u0103-n voie, \u00een Germania, printre clanurile de rromi din Timi\u0219oara, care se amenin\u021b\u0103 cu incendierea mor\u021bilor \u0219i cu v\u0103rsarea de s\u00e2nge prin toat\u0103 Europa\" class=\"wp-image-155547\" title=\"ute-de-mii-de-euro-sub-forma-lichida4\"><\/a><\/figure>\n<figure class=\"wp-block-image size-large\"><a href=\"https:\/\/voceatimisului.ro\/wp-content\/uploads\/2023\/03\/ute-de-mii-de-euro-sub-forma-lichida3.jpg\"><img decoding=\"async\" loading=\"lazy\" width=\"623\" height=\"1024\" data-id=\"155546\" src=\"https:\/\/analyse.optim.biz\/wp-content\/uploads\/2026\/01\/ute-de-mii-de-euro-sub-forma-lichida3-623x1024-1.jpg\" alt=\"Haos generalizat! Sute de mii de euro nefiscaliza\u021bi, zburd\u0103-n voie, \u00een Germania, printre clanurile de rromi din Timi\u0219oara, care se amenin\u021b\u0103 cu incendierea mor\u021bilor \u0219i cu v\u0103rsarea de s\u00e2nge prin toat\u0103 Europa\" class=\"wp-image-155546\" title=\"ute-de-mii-de-euro-sub-forma-lichida3-623x1024-1\"><\/a><\/figure>\n<figure class=\"wp-block-image size-large\"><a href=\"https:\/\/voceatimisului.ro\/wp-content\/uploads\/2023\/03\/ute-de-mii-de-euro-sub-forma-lichida2.jpg\"><img decoding=\"async\" loading=\"lazy\" width=\"541\" height=\"1024\" data-id=\"155545\" src=\"https:\/\/analyse.optim.biz\/wp-content\/uploads\/2026\/01\/ute-de-mii-de-euro-sub-forma-lichida2-541x1024-1.jpg\" alt=\"Haos generalizat! Sute de mii de euro nefiscaliza\u021bi, zburd\u0103-n voie, \u00een Germania, printre clanurile de rromi din Timi\u0219oara, care se amenin\u021b\u0103 cu incendierea mor\u021bilor \u0219i cu v\u0103rsarea de s\u00e2nge prin toat\u0103 Europa\" class=\"wp-image-155545\" title=\"ute-de-mii-de-euro-sub-forma-lichida2-541x1024-1\"><\/a><\/figure>\n<figure class=\"wp-block-image size-large\"><a href=\"https:\/\/voceatimisului.ro\/wp-content\/uploads\/2023\/03\/ute-de-mii-de-euro-sub-forma-lichida1.jpg\"><img decoding=\"async\" loading=\"lazy\" width=\"588\" height=\"1024\" data-id=\"155544\" src=\"https:\/\/analyse.optim.biz\/wp-content\/uploads\/2026\/01\/ute-de-mii-de-euro-sub-forma-lichida1-588x1024-1.jpg\" alt=\"Haos generalizat! Sute de mii de euro nefiscaliza\u021bi, zburd\u0103-n voie, \u00een Germania, printre clanurile de rromi din Timi\u0219oara, care se amenin\u021b\u0103 cu incendierea mor\u021bilor \u0219i cu v\u0103rsarea de s\u00e2nge prin toat\u0103 Europa\" class=\"wp-image-155544\" title=\"ute-de-mii-de-euro-sub-forma-lichida1-588x1024-1\"><\/a><\/figure>\n<\/figure>\n<\/div>\n<\/div>\n<div class=\"td_block_wrap tdb_single_tags tdi_88 td-pb-border-top td_block_template_1\" data-td-block-uid=\"tdi_88\">\n<div class=\"tdb-block-inner td-fix-index\">\n<ul class=\"tdb-tags\">\n<li><span>Tags<\/span><\/li>\n<li><a href=\"https:\/\/voceatimisului.ro\/tag\/amenintari\/\">amenintari<\/a><\/li>\n<li><a href=\"https:\/\/voceatimisului.ro\/tag\/clanul-stancu\/\">clanul stancu<\/a><\/li>\n<li><a href=\"https:\/\/voceatimisului.ro\/tag\/clanuri-de-rromi\/\">clanuri de rromi<\/a><\/li>\n<li><a href=\"https:\/\/voceatimisului.ro\/tag\/timisoara\/\">Timisoara<\/a><\/li>\n<\/ul>\n<\/div>\n<\/div>\n<div class=\"td_block_wrap tdb_single_post_share tdi_89  td-pb-border-top td_block_template_1\" data-td-block-uid=\"tdi_89\">\n<div id=\"tdi_89\" class=\"td-post-sharing tdb-block td-ps-bg td-ps-notext td-post-sharing-style1 \">\n<div class=\"td-post-sharing-visible\"><a class=\"td-social-sharing-button td-social-sharing-button-js td-social-network td-social-facebook\" href=\"https:\/\/www.facebook.com\/sharer.php?u=https%3A%2F%2Fvoceatimisului.ro%2Fhaos-generalizat-sute-de-mii-de-euro-nefiscalizati-zburda-n-voie-in-germania-printre-clanurile-de-rromi-din-timisoara-care-se-ameninta-cu-incendierea-mortilor-si-cu-varsarea-de-sange-prin-toata-e%2F\" title=\"Facebook\" rel=\"noopener\"><\/p>\n<div class=\"td-social-but-text\">Facebook<\/div>\n<p><\/a><a class=\"td-social-sharing-button td-social-sharing-button-js td-social-network td-social-twitter\" href=\"https:\/\/twitter.com\/intent\/tweet?text=Haos+generalizat%21+Sute+de+mii+de+euro+nefiscaliza%C8%9Bi%2C+zburd%C4%83-n+voie%2C+%C3%AEn+Germania%2C+printre+clanurile+de+rromi+din+Timi%C8%99oara%2C+care+se+amenin%C8%9B%C4%83+cu+incendierea+mor%C8%9Bilor+%C8%99i+cu+v%C4%83rsarea+de+s%C3%A2nge+prin+toat%C4%83+Europa&amp;url=https%3A%2F%2Fvoceatimisului.ro%2Fhaos-generalizat-sute-de-mii-de-euro-nefiscalizati-zburda-n-voie-in-germania-printre-clanurile-de-rromi-din-timisoara-care-se-ameninta-cu-incendierea-mortilor-si-cu-varsarea-de-sange-prin-toata-e%2F&amp;via=Vocea+Timisului\" title=\"Twitter\" rel=\"noopener\"><\/p>\n<div class=\"td-social-but-text\">Twitter<\/div>\n<p><\/a><a class=\"td-social-sharing-button td-social-sharing-button-js td-social-network td-social-pinterest\" href=\"https:\/\/pinterest.com\/pin\/create\/button\/?url=https:\/\/voceatimisului.ro\/haos-generalizat-sute-de-mii-de-euro-nefiscalizati-zburda-n-voie-in-germania-printre-clanurile-de-rromi-din-timisoara-care-se-ameninta-cu-incendierea-mortilor-si-cu-varsarea-de-sange-prin-toata-e\/&amp;media=https:\/\/voceatimisului.ro\/wp-content\/uploads\/2023\/03\/Sute-de-mii-de-euro-sub-forma-lichida-jpg.webp&amp;description=Haos+generalizat%21+Sute+de+mii+de+euro+nefiscaliza%C8%9Bi%2C+zburd%C4%83-n+voie%2C+%C3%AEn+Germania%2C+printre+clanurile+de+rromi+din+Timi%C8%99oara%2C+care+se+amenin%C8%9B%C4%83+cu+incendierea+mor%C8%9Bilor+%C8%99i+cu+v%C4%83rsarea+de+s%C3%A2nge+prin+toat%C4%83+Europa\" title=\"Pinterest\" rel=\"noopener\"><\/p>\n<div class=\"td-social-but-text\">Pinterest<\/div>\n<p><\/a><a class=\"td-social-sharing-button td-social-sharing-button-js td-social-network td-social-whatsapp\" href=\"https:\/\/api.whatsapp.com\/send?text=Haos+generalizat%21+Sute+de+mii+de+euro+nefiscaliza%C8%9Bi%2C+zburd%C4%83-n+voie%2C+%C3%AEn+Germania%2C+printre+clanurile+de+rromi+din+Timi%C8%99oara%2C+care+se+amenin%C8%9B%C4%83+cu+incendierea+mor%C8%9Bilor+%C8%99i+cu+v%C4%83rsarea+de+s%C3%A2nge+prin+toat%C4%83+Europa%20%0A%0A%20https:\/\/voceatimisului.ro\/haos-generalizat-sute-de-mii-de-euro-nefiscalizati-zburda-n-voie-in-germania-printre-clanurile-de-rromi-din-timisoara-care-se-ameninta-cu-incendierea-mortilor-si-cu-varsarea-de-sange-prin-toata-e\/\" title=\"WhatsApp\" rel=\"noopener\"><\/p>\n<div class=\"td-social-but-text\">WhatsApp<\/div>\n<p><\/a><a class=\"td-social-sharing-button td-social-sharing-button-js td-social-network td-social-linkedin\" href=\"https:\/\/www.linkedin.com\/shareArticle?mini=true&amp;url=https:\/\/voceatimisului.ro\/haos-generalizat-sute-de-mii-de-euro-nefiscalizati-zburda-n-voie-in-germania-printre-clanurile-de-rromi-din-timisoara-care-se-ameninta-cu-incendierea-mortilor-si-cu-varsarea-de-sange-prin-toata-e\/&amp;title=Haos+generalizat%21+Sute+de+mii+de+euro+nefiscaliza%C8%9Bi%2C+zburd%C4%83-n+voie%2C+%C3%AEn+Germania%2C+printre+clanurile+de+rromi+din+Timi%C8%99oara%2C+care+se+amenin%C8%9B%C4%83+cu+incendierea+mor%C8%9Bilor+%C8%99i+cu+v%C4%83rsarea+de+s%C3%A2nge+prin+toat%C4%83+Europa\" title=\"Linkedin\" rel=\"noopener\"><\/p>\n<div class=\"td-social-but-text\">Linkedin<\/div>\n<p><\/a><a class=\"td-social-sharing-button td-social-sharing-button-js td-social-network td-social-copy_url\" href=\"https:\/\/voceatimisului.ro\/haos-generalizat-sute-de-mii-de-euro-nefiscalizati-zburda-n-voie-in-germania-printre-clanurile-de-rromi-din-timisoara-care-se-ameninta-cu-incendierea-mortilor-si-cu-varsarea-de-sange-prin-toata-e\/\" title=\"Copy URL\" rel=\"noopener\"><\/p>\n<div class=\"td-social-but-text\">Copy URL<\/div>\n<p><\/a><\/div>\n<\/div>\n<\/div>\n<div class=\"td_block_wrap tdb_single_next_prev tdi_90 td-animation-stack td-next-prev-img-on td-pb-border-top td_block_template_1\" data-td-block-uid=\"tdi_90\">\n<div class=\"tdb-block-inner td-fix-index\">\n<div class=\"tdb-next-post tdb-next-post-bg tdb-post-prev\"><span>Articolul precedent<\/span><\/p>\n<div class=\"td-module-container\">\n<div class=\"td-image-container\"><a class=\"td-image-wrap\" href=\"https:\/\/voceatimisului.ro\/iron-man-sobolanii-din-parcul-civic-au-ros-stalpii-de-otel-de-la-felinarele-plantate-sub-nasul-si-pe-semnatura-administratiei-dominic-fritz\/\"><img loading=\"lazy\" decoding=\"async\" class=\"td-next-prev-image td-fix-index td-lazy-img\" title=\"&lt;strong&gt;Iron man! \u0218obolanii din Parcul Civic au ros st\u00e2lpii de o\u021bel de la felinarele plantate sub nasul \u0219i pe semn\u0103tura administra\u021biei Dominic Fritz&lt;\/strong&gt;\" width=\"696\" height=\"614\" src=\"https:\/\/analyse.optim.biz\/wp-content\/uploads\/2026\/01\/sobolanii-din-parcul-civic-jpg-696x614-1.webp\"><\/a><\/div>\n<div class=\"next-prev-title\"><a href=\"https:\/\/voceatimisului.ro\/iron-man-sobolanii-din-parcul-civic-au-ros-stalpii-de-otel-de-la-felinarele-plantate-sub-nasul-si-pe-semnatura-administratiei-dominic-fritz\/\"><strong>Iron man! \u0218obolanii din Parcul Civic au ros st\u00e2lpii de o\u021bel de la felinarele plantate sub nasul \u0219i pe semn\u0103tura administra\u021biei Dominic Fritz<\/strong><\/a><\/div>\n<\/div>\n<\/div>\n<div class=\"tdb-next-post tdb-next-post-bg tdb-post-next\"><span>Articolul urm\u0103tor<\/span><\/p>\n<div class=\"td-module-container\">\n<div class=\"td-image-container\"><a class=\"td-image-wrap\" href=\"https:\/\/voceatimisului.ro\/proletcultism-de-masa-politia-locala-timisoara-si-a-instruit-efectivele-terestre-ca-sa-i-rupa-cu-amenzile-pe-biciclistii-si-trotinetistii-din-zona-pietonala-in-baza-unui-hcl-abrogat-de-doi-ani\/\"><img loading=\"lazy\" decoding=\"async\" class=\"td-next-prev-image td-fix-index td-lazy-img\" title=\"Proletcultism de mas\u0103! Poli\u021bia Local\u0103 Timi\u0219oara \u0219i-a instruit efectivele terestre, ca s\u0103-i rup\u0103 cu amenzile pe bicicli\u0219tii \u0219i trotineti\u0219tii din zona pietonal\u0103, \u00een baza unui HCL abrogat de doi ani\" width=\"696\" height=\"871\" src=\"https:\/\/analyse.optim.biz\/wp-content\/uploads\/2026\/01\/politia-locala-timisoara-2-jpg-696x871-1.webp\"><\/a><\/div>\n<div class=\"next-prev-title\"><a href=\"https:\/\/voceatimisului.ro\/proletcultism-de-masa-politia-locala-timisoara-si-a-instruit-efectivele-terestre-ca-sa-i-rupa-cu-amenzile-pe-biciclistii-si-trotinetistii-din-zona-pietonala-in-baza-unui-hcl-abrogat-de-doi-ani\/\">Proletcultism de mas\u0103! Poli\u021bia Local\u0103 Timi\u0219oara \u0219i-a instruit efectivele terestre, ca s\u0103-i rup\u0103 cu amenzile pe bicicli\u0219tii \u0219i trotineti\u0219tii din zona pietonal\u0103, \u00een baza unui HCL abrogat de doi ani<\/a><\/div>\n<\/div>\n<\/div>\n<\/div>\n<\/div>\n<\/div>\n<\/div>\n<\/div>\n<\/div>\n<div class=\"vc_row_inner tdi_100  vc_row vc_inner wpb_row td-pb-row\">\n<div class=\"vc_column_inner tdi_102  wpb_column vc_column_container tdc-inner-column td-pb-span4 td-is-sticky\">\n<div class=\"vc_column-inner\">\n<div class=\"wpb_wrapper\" data-sticky-enabled-on=\"W3RydWUsdHJ1ZSx0cnVlLHRydWVd\" data-sticky-offset=\"20\" data-sticky-is-width-auto=\"W2ZhbHNlLGZhbHNlLGZhbHNlLGZhbHNlXQ==\">\n<div class=\"td_block_wrap tdb_single_related tdi_103 td_with_ajax_pagination td-pb-border-top td_block_template_1 tdb-single-related-posts\" data-td-block-uid=\"tdi_103\">\n<div id=\"tdi_103\" class=\"td_block_inner tdb-block-inner td-fix-index\">\n<div class=\"tdb_module_related td_module_wrap td-animation-stack td-meta-info-hide\">\n<div class=\"td-module-container td-category-pos-image\">\n<div class=\"td-module-meta-info\">\n<h3 class=\"entry-title td-module-title\"><a href=\"https:\/\/voceatimisului.ro\/pot-continua-lucrarile-pentru-finalizarea-noului-corp-de-cladire-de-la-spitalul-louis-turcanu-a-fost-semnat-contractul\/\" rel=\"bookmark\" title=\"Pot continua lucr\u0103rile pentru finalizarea noului corp de cl\u0103dire de la Spitalul Louis \u0162urcanu! A fost semnat contractul\">Pot continua lucr\u0103rile pentru finalizarea noului corp de cl\u0103dire de la Spitalul Louis \u0162urcanu! A fost semnat contractul<\/a><\/h3>\n<\/div>\n<\/div>\n<\/div>\n<div class=\"tdb_module_related td_module_wrap td-animation-stack td-meta-info-hide\">\n<div class=\"td-module-container td-category-pos-image\">\n<div class=\"td-module-meta-info\">\n<h3 class=\"entry-title td-module-title\"><a href=\"https:\/\/voceatimisului.ro\/perchezitii-in-timis-si-caras-severin-la-trei-medici-care-au-eliberat-8-000-de-certificate-de-vaccinare-false\/\" rel=\"bookmark\" title=\"Perchezi\u0163ii \u00een Timi\u015f \u015fi Cara\u015f-Severin, la trei medici care au eliberat 8.000 de certificate de vaccinare false!\">Perchezi\u0163ii \u00een Timi\u015f \u015fi Cara\u015f-Severin, la trei medici care au eliberat 8.000 de certificate de vaccinare false!<\/a><\/h3>\n<\/div>\n<\/div>\n<\/div>\n<div class=\"tdb_module_related td_module_wrap td-animation-stack td-meta-info-hide\">\n<div class=\"td-module-container td-category-pos-image\">\n<div class=\"td-module-meta-info\">\n<h3 class=\"entry-title td-module-title\"><a href=\"https:\/\/voceatimisului.ro\/dominic-fritz-anunta-o-ampla-actiune-de-recuperare-a-patrimoniului-orasului-pe-malul-begai-peste-11-hectare-sunt-ocupate-ilegal\/\" rel=\"bookmark\" title=\"Dominic Fritz anun\u0163\u0103 o ampl\u0103 ac\u021biune de recuperare a patrimoniului ora\u0219ului pe malul Beg\u0103i! Peste 11 hectare sunt ocupate ilegal\">Dominic Fritz anun\u0163\u0103 o ampl\u0103 ac\u021biune de recuperare a patrimoniului ora\u0219ului pe malul Beg\u0103i! Peste 11 hectare sunt ocupate ilegal<\/a><\/h3>\n<\/div>\n<\/div>\n<\/div>\n<\/div>\n<\/div>\n<\/div>\n<\/div>\n<\/div>\n<div class=\"vc_column_inner tdi_105  wpb_column vc_column_container tdc-inner-column td-pb-span8\">\n<div class=\"vc_column-inner\">\n<div class=\"wpb_wrapper\">\n<div class=\"td_block_wrap tdb_single_comments tdi_106 tdb-comm-layout2 td-pb-border-top td_block_template_2\" data-td-block-uid=\"tdi_106\">\n<div class=\"tdb-block-inner td-fix-index\">\n<div class=\"comments\" id=\"comments\">\n<div class=\"td-comments-title-wrap td_block_template_2\">\n<h4 class=\"td-comments-title td-block-title\"><span>7 COMENTARII<\/span><\/h4>\n<\/div>\n<ol class=\"comment-list\">\n<li class=\"comment \" id=\"comment-26463\">\n<article>\n<footer><cite>anton<\/cite><a class=\"comment-link\" href=\"https:\/\/voceatimisului.ro\/haos-generalizat-sute-de-mii-de-euro-nefiscalizati-zburda-n-voie-in-germania-printre-clanurile-de-rromi-din-timisoara-care-se-ameninta-cu-incendierea-mortilor-si-cu-varsarea-de-sange-prin-toata-e\/#comment-26463\"><time><br \/>\n\t\t\t\t\t\t    29 martie 2023\t\t\t\t\t\t    La\t\t\t\t\t\t    11:31 AM<\/time><\/a><\/footer>\n<div class=\"comment-content\">\n<p>Vcdd-esti din romania la fel si ei vorbesc aceiasi LIMBA CA SI TINE RASIST -NU FACETI DISCRIMINARI AN ACEA TARA .WESTUL VA VEDE LA FEL PE TOTI EGAL CUM ARATATI .FURATORI-SI CRIMINALI ASA VA VAD EI PE VOI .SI VA CREDE NU EGZISTA TIGANI NUMAI RMANI.<\/p>\n<\/div>\n<div class=\"comment-meta\" id=\"comment-26463\"><a rel=\"nofollow\" class=\"comment-reply-link\" href=\"https:\/\/voceatimisului.ro\/haos-generalizat-sute-de-mii-de-euro-nefiscalizati-zburda-n-voie-in-germania-printre-clanurile-de-rromi-din-timisoara-care-se-ameninta-cu-incendierea-mortilor-si-cu-varsarea-de-sange-prin-toata-e\/#comment-26463\" data-commentid=\"26463\" data-postid=\"155542\" data-belowelement=\"comment-26463\" data-respondelement=\"respond\" data-replyto=\"R\u0103spunde-i lui anton\" aria-label=\"R\u0103spunde-i lui anton\">R\u0103spunde\u021bi<\/a><\/div>\n<\/article>\n<\/li>\n<li class=\"comment \" id=\"comment-26427\">\n<article>\n<footer><cite>Helmuth<\/cite><a class=\"comment-link\" href=\"https:\/\/voceatimisului.ro\/haos-generalizat-sute-de-mii-de-euro-nefiscalizati-zburda-n-voie-in-germania-printre-clanurile-de-rromi-din-timisoara-care-se-ameninta-cu-incendierea-mortilor-si-cu-varsarea-de-sange-prin-toata-e\/#comment-26427\"><time><br \/>\n\t\t\t\t\t\t    22 martie 2023\t\t\t\t\t\t    La\t\t\t\t\t\t    8:35 AM<\/time><\/a><\/footer>\n<div class=\"comment-content\">\n<p>Totul porneste de la Procurorii si instantele corupte din Rom\u00e2nia, cei care au dat deciziile pentru a nu fi incarcerati, deposedati de bunuri si to\u021bi cei care sus\u021bin aceasta ginta, care \u00eencearc\u0103 penetrarea masiva in popula\u021bia rezidentiala at\u00e2t pe cale naturala c\u00e2t \u0219i prin politici sociale de rasa.<\/p>\n<\/div>\n<div class=\"comment-meta\" id=\"comment-26427\"><a rel=\"nofollow\" class=\"comment-reply-link\" href=\"https:\/\/voceatimisului.ro\/haos-generalizat-sute-de-mii-de-euro-nefiscalizati-zburda-n-voie-in-germania-printre-clanurile-de-rromi-din-timisoara-care-se-ameninta-cu-incendierea-mortilor-si-cu-varsarea-de-sange-prin-toata-e\/#comment-26427\" data-commentid=\"26427\" data-postid=\"155542\" data-belowelement=\"comment-26427\" data-respondelement=\"respond\" data-replyto=\"R\u0103spunde-i lui Helmuth\" aria-label=\"R\u0103spunde-i lui Helmuth\">R\u0103spunde\u021bi<\/a><\/div>\n<\/article>\n<\/li>\n<li class=\"comment \" id=\"comment-26419\">\n<article>\n<footer><cite><a href=\"http:\/\/www.voceatimisului.ro\" class=\"url\" rel=\"ugc external nofollow\">Blidaru<\/a><\/cite><a class=\"comment-link\" href=\"https:\/\/voceatimisului.ro\/haos-generalizat-sute-de-mii-de-euro-nefiscalizati-zburda-n-voie-in-germania-printre-clanurile-de-rromi-din-timisoara-care-se-ameninta-cu-incendierea-mortilor-si-cu-varsarea-de-sange-prin-toata-e\/#comment-26419\"><time><br \/>\n\t\t\t\t\t\t    19 martie 2023\t\t\t\t\t\t    La\t\t\t\t\t\t    11:10 PM<\/time><\/a><\/footer>\n<div class=\"comment-content\">\n<p>Nu e avion,dar zboar\u0103. Nu e pas\u0103re, e \u2026\u2026. . \u00cemi e sc\u00e2rb\u0103 de cum arat\u0103 zona central\u0103 din Timi\u0219oara. Oare pot sa \u00eemi fac \u0219i eu un gard cum au ei, ceva turnule\u021be \u0219i sa \u00eemi pun \u0219i vreo\u2019 doi lei? Nimic nu se poate face fara implicarea celor din aparatul administrativ al ora\u0219ului. Primul vinovat Prim\u0103ria Timi\u0219oarei, concubinajul cu africanii rezist\u0103.<\/p>\n<\/div>\n<div class=\"comment-meta\" id=\"comment-26419\"><a rel=\"nofollow\" class=\"comment-reply-link\" href=\"https:\/\/voceatimisului.ro\/haos-generalizat-sute-de-mii-de-euro-nefiscalizati-zburda-n-voie-in-germania-printre-clanurile-de-rromi-din-timisoara-care-se-ameninta-cu-incendierea-mortilor-si-cu-varsarea-de-sange-prin-toata-e\/#comment-26419\" data-commentid=\"26419\" data-postid=\"155542\" data-belowelement=\"comment-26419\" data-respondelement=\"respond\" data-replyto=\"R\u0103spunde-i lui Blidaru\" aria-label=\"R\u0103spunde-i lui Blidaru\">R\u0103spunde\u021bi<\/a><\/div>\n<\/article>\n<ul class=\"children\">\n<li class=\"comment \" id=\"comment-26430\">\n<article>\n<footer><cite>M\u00e2ndru c\u0103 sunt \u021aigan<\/cite><a class=\"comment-link\" href=\"https:\/\/voceatimisului.ro\/haos-generalizat-sute-de-mii-de-euro-nefiscalizati-zburda-n-voie-in-germania-printre-clanurile-de-rromi-din-timisoara-care-se-ameninta-cu-incendierea-mortilor-si-cu-varsarea-de-sange-prin-toata-e\/#comment-26430\"><time><br \/>\n\t\t\t\t\t\t    22 martie 2023\t\t\t\t\t\t    La\t\t\t\t\t\t    11:08 PM<\/time><\/a><\/footer>\n<div class=\"comment-content\">\n<p>B\u00e3i sc\u00e2rb\u00e3 arat\u00e3-mi o cas\u00e3 cu turnule\u021be \u00een centrul Timi\u0219oarei, dac\u0103 nu erau s\u0103 fie \u021bigani nici acuma nu erau s\u0103 fie renovate casele din centrul Timi\u0219oarei ar\u0103ta\u021bi-mi o cas\u0103 cu prost gust \u00een Timi\u0219oara frustra\u021bilor<\/p>\n<\/div>\n<div class=\"comment-meta\" id=\"comment-26430\"><a rel=\"nofollow\" class=\"comment-reply-link\" href=\"https:\/\/voceatimisului.ro\/haos-generalizat-sute-de-mii-de-euro-nefiscalizati-zburda-n-voie-in-germania-printre-clanurile-de-rromi-din-timisoara-care-se-ameninta-cu-incendierea-mortilor-si-cu-varsarea-de-sange-prin-toata-e\/#comment-26430\" data-commentid=\"26430\" data-postid=\"155542\" data-belowelement=\"comment-26430\" data-respondelement=\"respond\" data-replyto=\"R\u0103spunde-i lui M\u00e2ndru c\u0103 sunt \u021aigan\" aria-label=\"R\u0103spunde-i lui M\u00e2ndru c\u0103 sunt \u021aigan\">R\u0103spunde\u021bi<\/a><\/div>\n<\/article>\n<\/li>\n<\/ul>\n<\/li>\n<li class=\"comment \" id=\"comment-26417\">\n<article>\n<footer><cite>Bunicul<\/cite><a class=\"comment-link\" href=\"https:\/\/voceatimisului.ro\/haos-generalizat-sute-de-mii-de-euro-nefiscalizati-zburda-n-voie-in-germania-printre-clanurile-de-rromi-din-timisoara-care-se-ameninta-cu-incendierea-mortilor-si-cu-varsarea-de-sange-prin-toata-e\/#comment-26417\"><time><br \/>\n\t\t\t\t\t\t    19 martie 2023\t\t\t\t\t\t    La\t\t\t\t\t\t    12:35 AM<\/time><\/a><\/footer>\n<div class=\"comment-content\">\n<p>Alim\u0103nescu!\u2026<\/p>\n<\/div>\n<div class=\"comment-meta\" id=\"comment-26417\"><a rel=\"nofollow\" class=\"comment-reply-link\" href=\"https:\/\/voceatimisului.ro\/haos-generalizat-sute-de-mii-de-euro-nefiscalizati-zburda-n-voie-in-germania-printre-clanurile-de-rromi-din-timisoara-care-se-ameninta-cu-incendierea-mortilor-si-cu-varsarea-de-sange-prin-toata-e\/#comment-26417\" data-commentid=\"26417\" data-postid=\"155542\" data-belowelement=\"comment-26417\" data-respondelement=\"respond\" data-replyto=\"R\u0103spunde-i lui Bunicul\" aria-label=\"R\u0103spunde-i lui Bunicul\">R\u0103spunde\u021bi<\/a><\/div>\n<\/article>\n<\/li>\n<li class=\"comment \" id=\"comment-26413\">\n<article>\n<footer><cite>\u00a3\u20ac Bo$$<\/cite><a class=\"comment-link\" href=\"https:\/\/voceatimisului.ro\/haos-generalizat-sute-de-mii-de-euro-nefiscalizati-zburda-n-voie-in-germania-printre-clanurile-de-rromi-din-timisoara-care-se-ameninta-cu-incendierea-mortilor-si-cu-varsarea-de-sange-prin-toata-e\/#comment-26413\"><time><br \/>\n\t\t\t\t\t\t    17 martie 2023\t\t\t\t\t\t    La\t\t\t\t\t\t    11:15 PM<\/time><\/a><\/footer>\n<div class=\"comment-content\">\n<p>Membrii staborului merit\u0103 \u0219\u00ee iei pensie special\u0103, f\u0103r\u0103 efortul lor luna August ar provoca \u0219i mai mult haos \u00een Timi\u0219oara, iar veniturile mili\u021bienilor ar fi mult diminuate<\/p>\n<\/div>\n<div class=\"comment-meta\" id=\"comment-26413\"><a rel=\"nofollow\" class=\"comment-reply-link\" href=\"https:\/\/voceatimisului.ro\/haos-generalizat-sute-de-mii-de-euro-nefiscalizati-zburda-n-voie-in-germania-printre-clanurile-de-rromi-din-timisoara-care-se-ameninta-cu-incendierea-mortilor-si-cu-varsarea-de-sange-prin-toata-e\/#comment-26413\" data-commentid=\"26413\" data-postid=\"155542\" data-belowelement=\"comment-26413\" data-respondelement=\"respond\" data-replyto=\"R\u0103spunde-i lui \u00a3\u20ac Bo$$\" aria-label=\"R\u0103spunde-i lui \u00a3\u20ac Bo$$\">R\u0103spunde\u021bi<\/a><\/div>\n<\/article>\n<\/li>\n<li class=\"comment \" id=\"comment-26412\">\n<article>\n<footer><cite>Vcdd<\/cite><a class=\"comment-link\" href=\"https:\/\/voceatimisului.ro\/haos-generalizat-sute-de-mii-de-euro-nefiscalizati-zburda-n-voie-in-germania-printre-clanurile-de-rromi-din-timisoara-care-se-ameninta-cu-incendierea-mortilor-si-cu-varsarea-de-sange-prin-toata-e\/#comment-26412\"><time><br \/>\n\t\t\t\t\t\t    17 martie 2023\t\t\t\t\t\t    La\t\t\t\t\t\t    8:49 PM<\/time><\/a><\/footer>\n<div class=\"comment-content\">\n<p>Tigani\u2026<\/p>\n<\/div>\n<div class=\"comment-meta\" id=\"comment-26412\"><a rel=\"nofollow\" class=\"comment-reply-link\" href=\"https:\/\/voceatimisului.ro\/haos-generalizat-sute-de-mii-de-euro-nefiscalizati-zburda-n-voie-in-germania-printre-clanurile-de-rromi-din-timisoara-care-se-ameninta-cu-incendierea-mortilor-si-cu-varsarea-de-sange-prin-toata-e\/#comment-26412\" data-commentid=\"26412\" data-postid=\"155542\" data-belowelement=\"comment-26412\" data-respondelement=\"respond\" data-replyto=\"R\u0103spunde-i lui Vcdd\" aria-label=\"R\u0103spunde-i lui Vcdd\">R\u0103spunde\u021bi<\/a><\/div>\n<\/article>\n<\/li>\n<\/ol>\n<div id=\"respond\" class=\"comment-respond\">\n<h3 id=\"reply-title\" class=\"comment-reply-title\">L\u0102SA\u021aI UN MESAJ <small><a rel=\"nofollow\" id=\"cancel-comment-reply-link\" href=\"https:\/\/voceatimisului.ro\/haos-generalizat-sute-de-mii-de-euro-nefiscalizati-zburda-n-voie-in-germania-printre-clanurile-de-rromi-din-timisoara-care-se-ameninta-cu-incendierea-mortilor-si-cu-varsarea-de-sange-prin-toata-e\/#respond\">Renun\u021ba\u021bi la r\u0103spuns<\/a><\/small><\/h3>\n<div class=\"comment-form-input-wrap td-form-comment\">\n<div class=\"td-warning-comment\">V\u0103 rug\u0103m s\u0103 introduce\u021bi comentariul dvs.!<\/div>\n<\/div>\n<div class=\"comment-form-input-wrap td-form-author\">\n<div class=\"td-warning-author\">Introduce\u021bi aici numele dvs.<\/div>\n<\/div>\n<div class=\"comment-form-input-wrap td-form-email\">\n<div class=\"td-warning-email-error\">A\u021bi introdus o adres\u0103 de e-mail incorect\u0103!<\/div>\n<div class=\"td-warning-email\">V\u0103 rug\u0103m s\u0103 introduce\u021bi adresa dvs. de e-mail aici<\/div>\n<\/div>\n<\/div>\n<\/div>\n<\/div>\n<\/div>\n<\/div>\n<\/div>\n<\/div>\n<\/div>\n<\/div>\n<\/div>\n<div class=\"vc_column tdi_108  wpb_column vc_column_container tdc-column td-pb-span4 td-is-sticky\">\n<div class=\"wpb_wrapper\" data-sticky-enabled-on=\"W3RydWUsdHJ1ZSx0cnVlLHRydWVd\" data-sticky-offset=\"20\" data-sticky-is-width-auto=\"W2ZhbHNlLGZhbHNlLGZhbHNlLGZhbHNlXQ==\">\n<div class=\"vc_row_inner tdi_110  vc_row vc_inner wpb_row td-pb-row\">\n<div class=\"vc_column_inner tdi_112  wpb_column vc_column_container tdc-inner-column td-pb-span12\">\n<div class=\"vc_column-inner\">\n<div class=\"wpb_wrapper\">\n<div class=\"td_block_wrap td_block_title tdi_113 td-pb-border-top td_block_template_11 td-fix-index\" data-td-block-uid=\"tdi_113\">\n<div class=\"td-block-title-wrap\">\n<h4 class=\"td-block-title\"><span class=\"td-pulldown-size\">ANUN\u021aURI \u0218I PUBLICITATE<\/span><\/h4>\n<\/div>\n<\/div>\n<\/div>\n<\/div>\n<\/div>\n<\/div>\n<div class=\"wpb_wrapper td_block_wrap vc_widget_sidebar tdi_115 \">\n<aside id=\"block-10\" class=\"td_block_template_1 widget block-10 widget_block widget_media_image\">\n<figure class=\"wp-block-image size-full\"><a href=\"https:\/\/adpghiroda.ro\/index.html\" target=\"_blank\" rel=\" noreferrer noopener\"><img decoding=\"async\" loading=\"eager\" width=\"960\" height=\"960\" src=\"https:\/\/analyse.optim.biz\/wp-content\/uploads\/2026\/01\/adp-ghiroda2-128.jpg\" class=\"wp-image-171492\" title=\"adp-ghiroda2-128\"><\/a><\/figure>\n<\/aside>\n<aside id=\"block-11\" class=\"td_block_template_1 widget block-11 widget_block widget_media_image\">\n<figure class=\"wp-block-image size-full\"><a href=\"https:\/\/adpghiroda.ro\/index.html\" target=\"_blank\" rel=\" noreferrer noopener\"><img decoding=\"async\" loading=\"lazy\" width=\"960\" height=\"960\" src=\"https:\/\/analyse.optim.biz\/wp-content\/uploads\/2026\/01\/adp-ghiroda1-128.jpg\" class=\"wp-image-171491\" title=\"adp-ghiroda1-128\"><\/a><\/figure>\n<\/aside>\n<aside id=\"block-17\" class=\"td_block_template_1 widget block-17 widget_block widget_media_image\">\n<figure class=\"wp-block-image size-large is-resized\"><a href=\"https:\/\/verde.events\/\" target=\"_blank\" rel=\" noreferrer noopener\"><img decoding=\"async\" loading=\"lazy\" width=\"1024\" height=\"683\" src=\"https:\/\/analyse.optim.biz\/wp-content\/uploads\/2026\/01\/verde-events-24-1024x683-1-113.jpg\" alt=\"Verde Events\" class=\"wp-image-174395\" title=\"verde-events-24-1024x683-1-113\"><\/a><figcaption class=\"wp-element-caption\"><strong><em>O experien\u021b\u0103 unic\u0103 pentru orice tip de eveniment<\/em><\/strong><\/figcaption><\/figure>\n<\/aside>\n<\/div>\n<div class=\"td_block_wrap td_flex_block_1 tdi_121 td-pb-border-top td_block_template_1 td_ajax_preloading_preload td_flex_block\" data-td-block-uid=\"tdi_121\">\n<div id=\"tdi_121\" class=\"td_block_inner td-mc1-wrap\">\n<div class=\"td_module_flex td_module_flex_1 td_module_wrap td-animation-stack td-meta-info-hide td-cpt-post\">\n<div class=\"td-module-container td-category-pos-image\">\n<div class=\"td-module-meta-info\">\n<h3 class=\"entry-title td-module-title\"><a href=\"https:\/\/voceatimisului.ro\/medicii-infectionisti-trag-un-semnal-de-alarma-a-crescut-numarul-cazurilor-de-pneumonii-comunitare\/\" rel=\"bookmark\" title=\"Medicii infec\u0163ioni\u015fti trag un semnal de alarm\u0103! A crescut num\u0103rul cazurilor de pneumonii comunitare\">Medicii infec\u0163ioni\u015fti trag un semnal de alarm\u0103! A crescut num\u0103rul cazurilor de pneumonii comunitare<\/a><\/h3>\n<\/div>\n<\/div>\n<\/div>\n<div class=\"td_module_flex td_module_flex_1 td_module_wrap td-animation-stack td-meta-info-hide td-cpt-post\">\n<div class=\"td-module-container td-category-pos-image\">\n<div class=\"td-module-meta-info\">\n<h3 class=\"entry-title td-module-title\"><a href=\"https:\/\/voceatimisului.ro\/o-noua-actiune-de-dezinsectie-aeriana-si-terestra-incepe-saptamana-viitoare-la-timisoara\/\" rel=\"bookmark\" title=\"O nou\u0103 ac\u0163iune de dezinsec\u0163ie aerian\u0103 \u0219i terestr\u0103 \u00eencepe s\u0103pt\u0103m\u00e2na viitoare la Timi\u0219oara!\">O nou\u0103 ac\u0163iune de dezinsec\u0163ie aerian\u0103 \u0219i terestr\u0103 \u00eencepe s\u0103pt\u0103m\u00e2na viitoare la Timi\u0219oara!<\/a><\/h3>\n<\/div>\n<\/div>\n<\/div>\n<div class=\"td_module_flex td_module_flex_1 td_module_wrap td-animation-stack td-meta-info-hide td-cpt-post\">\n<div class=\"td-module-container td-category-pos-image\">\n<div class=\"td-module-meta-info\">\n<h3 class=\"entry-title td-module-title\"><a href=\"https:\/\/voceatimisului.ro\/margareta-custodele-coroanei-va-veni-la-timisoara-pentru-a-planta-un-nou-stejar-in-piata-libertatii\/\" rel=\"bookmark\" title=\"Margareta, Custodele Coroanei, va veni la Timi\u0219oara pentru a planta un nou stejar \u00een Pia\u021ba Libert\u0103\u021bii!\">Margareta, Custodele Coroanei, va veni la Timi\u0219oara pentru a planta un nou stejar \u00een Pia\u021ba Libert\u0103\u021bii!<\/a><\/h3>\n<\/div>\n<\/div>\n<\/div>\n<div class=\"td_module_flex td_module_flex_1 td_module_wrap td-animation-stack td-meta-info-hide td-cpt-post\">\n<div class=\"td-module-container td-category-pos-image\">\n<div class=\"td-module-meta-info\">\n<h3 class=\"entry-title td-module-title\"><a href=\"https:\/\/voceatimisului.ro\/circulatia-mijlocelor-de-transport-devitata-in-weekend-din-cauza-lucrarilor-pe-strada-1-decembrie-1918\/\" rel=\"bookmark\" title=\"Circula\u021bia mijloacelor de transport, deviat\u0103 \u00een weekend din cauza lucr\u0103rilor pe  strada 1 Decembrie 1918\">Circula\u021bia mijloacelor de transport, deviat\u0103 \u00een weekend din cauza lucr\u0103rilor pe  strada 1 Decembrie 1918<\/a><\/h3>\n<\/div>\n<\/div>\n<\/div>\n<div class=\"td_module_flex td_module_flex_1 td_module_wrap td-animation-stack td-meta-info-hide td-cpt-post\">\n<div class=\"td-module-container td-category-pos-image\">\n<div class=\"td-module-meta-info\">\n<h3 class=\"entry-title td-module-title\"><a href=\"https:\/\/voceatimisului.ro\/proiect-unic-in-vestul-tarii-demarat-de-oncohelp-ora-de-autoingrijire-incearca-sa-ii-ajute-pe-pacienti-sa-si-controleze-propria-stare-de-sanatate\/\" rel=\"bookmark\" title=\"Proiect unic \u00een vestul \u0163\u0103rii, demarat de OncoHelp! \u201cOra de auto\u00eengrijire\u201d \u00eencearc\u0103 s\u0103 \u00eei ajute pe pacien\u021bi s\u0103-\u0219i controleze propria stare de s\u0103n\u0103tate\">Proiect unic \u00een vestul \u0163\u0103rii, demarat de OncoHelp! \u201cOra de auto\u00eengrijire\u201d \u00eencearc\u0103 s\u0103 \u00eei ajute pe pacien\u021bi s\u0103-\u0219i controleze propria stare de s\u0103n\u0103tate<\/a><\/h3>\n<\/div>\n<\/div>\n<\/div>\n<\/div>\n<\/div>\n<\/div>\n<\/div>\n<\/div>\n<\/div>\n<\/div>\n<\/div>\n<p><span class=\"td-page-meta\"><\/span><span class=\"td-page-meta\"><span class=\"td-page-meta\"><\/span><\/span><span class=\"td-page-meta\"><\/span><\/article>\n<p> Source URL: https:\/\/voceatimisului.ro\/haos-generalizat-sute-de-mii-de-euro-nefiscalizati-zburda-n-voie-in-germania-printre-clanurile-de-rromi-din-timisoara-care-se-ameninta-cu-incendierea-mortilor-si-cu-varsarea-de-sange-prin-toata-e\/<\/p>\n","protected":false},"excerpt":{"rendered":"<p>\u0218tiriInvestiga\u021bii Haos generalizat! Sute de mii de euro nefiscaliza\u021bi, zburd\u0103-n voie, \u00een Germania, printre clanurile de rromi din Timi\u0219oara, care se amenin\u021b\u0103 cu incendierea mor\u021bilor \u0219i cu v\u0103rsarea de s\u00e2nge prin toat\u0103 Europa Autor-Redac\u021bia 17 martie 2023 7 115090 Facebook Twitter Pinterest WhatsApp Linkedin Copy URL Sute de mii de euro sub forma lichida jpg [&hellip;]<\/p>\n","protected":false},"author":1,"featured_media":1323544,"comment_status":"open","ping_status":"","sticky":false,"template":"","format":"standard","meta":{"footnotes":""},"categories":[89],"tags":[199],"class_list":["post-1323543","post","type-post","status-publish","format-standard","has-post-thumbnail","hentry","category-romania","tag-voceatimisului-ro"],"_links":{"self":[{"href":"https:\/\/analyse.optim.biz\/index.php?rest_route=\/wp\/v2\/posts\/1323543","targetHints":{"allow":["GET"]}}],"collection":[{"href":"https:\/\/analyse.optim.biz\/index.php?rest_route=\/wp\/v2\/posts"}],"about":[{"href":"https:\/\/analyse.optim.biz\/index.php?rest_route=\/wp\/v2\/types\/post"}],"author":[{"embeddable":true,"href":"https:\/\/analyse.optim.biz\/index.php?rest_route=\/wp\/v2\/users\/1"}],"replies":[{"embeddable":true,"href":"https:\/\/analyse.optim.biz\/index.php?rest_route=%2Fwp%2Fv2%2Fcomments&post=1323543"}],"version-history":[{"count":0,"href":"https:\/\/analyse.optim.biz\/index.php?rest_route=\/wp\/v2\/posts\/1323543\/revisions"}],"wp:featuredmedia":[{"embeddable":true,"href":"https:\/\/analyse.optim.biz\/index.php?rest_route=\/wp\/v2\/media\/1323544"}],"wp:attachment":[{"href":"https:\/\/analyse.optim.biz\/index.php?rest_route=%2Fwp%2Fv2%2Fmedia&parent=1323543"}],"wp:term":[{"taxonomy":"category","embeddable":true,"href":"https:\/\/analyse.optim.biz\/index.php?rest_route=%2Fwp%2Fv2%2Fcategories&post=1323543"},{"taxonomy":"post_tag","embeddable":true,"href":"https:\/\/analyse.optim.biz\/index.php?rest_route=%2Fwp%2Fv2%2Ftags&post=1323543"}],"curies":[{"name":"wp","href":"https:\/\/api.w.org\/{rel}","templated":true}]}}