{"id":1322122,"date":"2016-08-01T12:47:28","date_gmt":"2016-08-01T09:47:28","guid":{"rendered":"https:\/\/analyse.optim.biz\/?p=1322122"},"modified":"2016-08-01T12:47:28","modified_gmt":"2016-08-01T09:47:28","slug":"56-de-jandarmi-suceveni-au-fost-avansati-in-grad-suceavalive","status":"publish","type":"post","link":"https:\/\/analyse.optim.biz\/?p=1322122","title":{"rendered":"56 de jandarmi suceveni au fost avansa\u021bi \u00een grad &#8211; SuceavaLIVE"},"content":{"rendered":"<article id=\"post-79401\" class=\"clearfix post-79401 post type-post status-publish format-standard has-post-thumbnail hentry category-comunicate tag-accident tag-accident-2016-suceava tag-accident-martie-2016 tag-accident-suceava tag-bucovina tag-editorial-suceava tag-furt-martie-2016 tag-furt-suceava tag-informatia tag-informatii-interesante tag-media tag-monitorul-suceava tag-news tag-noutati-suceava tag-obiectiv-suceava tag-orasul-suceava tag-plus-stiri tag-politia-judeteana-suceava tag-politia-suceava tag-reportaje tag-spitalul-judetean-suceava tag-stirea-zilei tag-stiri-de-ultima-ora tag-stiri-suceava tag-stirile-zilei tag-suceava tag-suceavalive tag-ultimele-stiri tag-urgente-suceava tag-victime-accident-suceava tag-victime-suceava\">\n<header id=\"cb-standard-featured\">\n<div id=\"cb-fis-wrap\" class=\"cb-entry-header cb-fis cb-style-standard\"><span class=\"cb-title-fi\"><\/p>\n<h1 class=\"entry-title cb-entry-title cb-single-title\">56 de jandarmi suceveni au fost avansa\u021bi \u00een grad<\/h1>\n<div class=\"cb-byline cb-font-header\">\n<div class=\"cb-date cb-byline-element\"><time datetime=\"2016-08-01\">1 august 2016<\/time><\/div>\n<\/div>\n<p><\/span><\/div>\n<div class=\"cb-mask\"><img decoding=\"async\" width=\"1024\" height=\"768\" src=\"https:\/\/analyse.optim.biz\/wp-content\/uploads\/2026\/01\/p1520357-1.jpg\" class=\"attachment-cb-full-full size-cb-full-full wp-post-image\" loading=\"lazy\" title=\"p1520357-1\"><\/div>\n<\/header>\n<p>Luni, 1 august 2016, la re\u015fedin\u0163a Inspectoratului de Jandarmi Jude\u0163ean Suceava \u015fi la sediul subunit\u0103\u0163ilor de jandarmi din localit\u0103\u0163ile Gura Humorului \u015fi C\u00e2mpulung Moldovenesc, s-au desf\u0103\u015furat ceremoniale militare \u015fi religioase organizate cu ocazia \u00eenaint\u0103rii \u00een gradul urm\u0103tor, la termen, a unui num\u0103r de 56 de lucr\u0103tori ai unit\u0103\u0163ii, care au \u00eendeplinit condi\u0163iile prev\u0103zute de legea 80\/1995 privind statutul cadrelor militare, astfel:<\/p>\n<section class=\"cb-entry-content entry-content clearfix\">\n<ul>\n<li>\u00een gradul de locotenent \u2013 1 ofi\u0163er;<\/li>\n<li>\u00een gradul de plutonier adjutant \u015fef\u2013 19 subofi\u0163eri;<\/li>\n<li>\u00een gradul de plutonier adjutant \u2013 3 subofi\u0163eri;<\/li>\n<li>\u00een gradul de plutonier major \u2013 25 subofi\u0163eri;<\/li>\n<li>\u00een gradul de plutonier \u2013 8 subofi\u0163eri.<\/li>\n<\/ul>\n<p>La Suceava, festivitatea a debutat cu prezentarea Ordinului Ministrului Afacerilor Interne pentru \u00eenaintarea \u00een grad a ofi\u0163erilor \u015fi a Ordinului Inspectorului \u015fef al Inspectoratului de Jandarmi Jude\u0163ean Suceava pentru \u00eenaintarea \u00een grad a subofi\u0163erilor, dup\u0103 care, \u00een prezen\u0163a colegilor, conducerea inspectoratului a \u00eenm\u00e2nat cadrelor noile grade. Dup\u0103 oficierea unei slujbe religioase de c\u0103tre preotul militar \u015fi felicitarea ofi\u0163erilor \u015fi subofi\u0163erilor, activitatea s-a finalizat cu intonarea Imnului Na\u0163ional al Rom\u00e2niei.<\/p>\n<p>\u00cen fiecare an, la data de 1 august, se \u00eenainteaz\u0103 \u00een gradul urm\u0103tor militarii jandarmi care \u00eendeplinesc stagiul minim \u00een grad \u00een cursul anului respectiv. Avans\u0103ri \u00eenainte de termen pot avea loc cu ocazia Zilei Na\u0163ionale a Rom\u00e2niei sau a Zilei Jandarmeriei Rom\u00e2ne (3 aprilie).<\/p>\n<p><img decoding=\"async\" loading=\"lazy\" class=\"aligncenter wp-image-79402\" src=\"https:\/\/analyse.optim.biz\/wp-content\/uploads\/2026\/01\/p1520357-2.jpg\" alt=\"P1520357\" width=\"500\" height=\"375\" title=\"p1520357-2\"><img decoding=\"async\" loading=\"lazy\" class=\"aligncenter wp-image-79404\" src=\"https:\/\/analyse.optim.biz\/wp-content\/uploads\/2026\/01\/p1520360.jpg\" alt=\"P1520360\" width=\"500\" height=\"346\" title=\"p1520360\"><\/p>\n<\/section>\n<footer class=\"article-footer\">\n<p class=\"cb-tags\"><a href=\"https:\/\/suceavalive.ro\/tag\/accident\/\" rel=\"tag\">accident<\/a><a href=\"https:\/\/suceavalive.ro\/tag\/accident-2016-suceava\/\" rel=\"tag\">accident 2016 suceava<\/a><a href=\"https:\/\/suceavalive.ro\/tag\/accident-martie-2016\/\" rel=\"tag\">accident martie 2016<\/a><a href=\"https:\/\/suceavalive.ro\/tag\/accident-suceava\/\" rel=\"tag\">accident suceava<\/a><a href=\"https:\/\/suceavalive.ro\/tag\/bucovina\/\" rel=\"tag\">bucovina<\/a><a href=\"https:\/\/suceavalive.ro\/tag\/editorial-suceava\/\" rel=\"tag\">editorial suceava<\/a><a href=\"https:\/\/suceavalive.ro\/tag\/furt-martie-2016\/\" rel=\"tag\">furt martie 2016<\/a><a href=\"https:\/\/suceavalive.ro\/tag\/furt-suceava\/\" rel=\"tag\">furt suceava<\/a><a href=\"https:\/\/suceavalive.ro\/tag\/informatia\/\" rel=\"tag\">informatia<\/a><a href=\"https:\/\/suceavalive.ro\/tag\/informatii-interesante\/\" rel=\"tag\">informatii interesante<\/a><a href=\"https:\/\/suceavalive.ro\/tag\/media\/\" rel=\"tag\">media<\/a><a href=\"https:\/\/suceavalive.ro\/tag\/monitorul-suceava\/\" rel=\"tag\">monitorul suceava<\/a><a href=\"https:\/\/suceavalive.ro\/tag\/news\/\" rel=\"tag\">news<\/a><a href=\"https:\/\/suceavalive.ro\/tag\/noutati-suceava\/\" rel=\"tag\">noutati suceava<\/a><a href=\"https:\/\/suceavalive.ro\/tag\/obiectiv-suceava\/\" rel=\"tag\">obiectiv suceava<\/a><a href=\"https:\/\/suceavalive.ro\/tag\/orasul-suceava\/\" rel=\"tag\">orasul suceava<\/a><a href=\"https:\/\/suceavalive.ro\/tag\/plus-stiri\/\" rel=\"tag\">plus stiri<\/a><a href=\"https:\/\/suceavalive.ro\/tag\/politia-judeteana-suceava\/\" rel=\"tag\">politia judeteana suceava<\/a><a href=\"https:\/\/suceavalive.ro\/tag\/politia-suceava\/\" rel=\"tag\">politia suceava<\/a><a href=\"https:\/\/suceavalive.ro\/tag\/reportaje\/\" rel=\"tag\">reportaje<\/a><a href=\"https:\/\/suceavalive.ro\/tag\/spitalul-judetean-suceava\/\" rel=\"tag\">Spitalul Jude\u0163ean Suceava<\/a><a href=\"https:\/\/suceavalive.ro\/tag\/stirea-zilei\/\" rel=\"tag\">stirea zilei<\/a><a href=\"https:\/\/suceavalive.ro\/tag\/stiri-de-ultima-ora\/\" rel=\"tag\">stiri de ultima ora<\/a><a href=\"https:\/\/suceavalive.ro\/tag\/stiri-suceava\/\" rel=\"tag\">stiri suceava<\/a><a href=\"https:\/\/suceavalive.ro\/tag\/stirile-zilei\/\" rel=\"tag\">stirile zilei<\/a><a href=\"https:\/\/suceavalive.ro\/tag\/suceava\/\" rel=\"tag\">Suceava<\/a><a href=\"https:\/\/suceavalive.ro\/tag\/suceavalive\/\" rel=\"tag\">suceavalive<\/a><a href=\"https:\/\/suceavalive.ro\/tag\/ultimele-stiri\/\" rel=\"tag\">ultimele stiri<\/a><a href=\"https:\/\/suceavalive.ro\/tag\/urgente-suceava\/\" rel=\"tag\">urgente suceava<\/a><a href=\"https:\/\/suceavalive.ro\/tag\/victime-accident-suceava\/\" rel=\"tag\">victime accident suceava<\/a><a href=\"https:\/\/suceavalive.ro\/tag\/victime-suceava\/\" rel=\"tag\">victime suceava<\/a><\/p>\n<div class=\"cb-social-sharing cb-post-footer-block cb-beside clearfix\">\n<div class=\"cb-title-subtle\">Share On:<\/div>\n<div class=\"cb-twitter\"><a href=\"https:\/\/twitter.com\/share\" class=\"twitter-share-button\" data-dnt=\"true\" data-count=\"horizontal\">Tweet<\/a><\/div>\n<\/div>\n<div id=\"cb-previous-next-links\" class=\"cb-post-footer-block clearfix\">\n<div id=\"cb-previous-link\"><a href=\"https:\/\/suceavalive.ro\/nationala-feminina-de-fotbal-romaniei-vicecampioana-la-balaton-cup\/\" rel=\"prev\">Na\u0163ionala feminin\u0103 de fotbal a Rom\u00e2niei, vicecampioan\u0103 la Balaton Cup<\/a><\/div>\n<div id=\"cb-next-link\"><a href=\"https:\/\/suceavalive.ro\/murit-regina-ana\/\" rel=\"next\">A murit regina Ana<\/a><\/div>\n<\/div>\n<div id=\"cb-author-box\" class=\"clearfix\">\n<h3 class=\"cb-block-title\">Despre autor<\/h3>\n<div class=\"cb-mask\"><a href=\"https:\/\/suceavalive.ro\/author\/suceavalive\/\"><img decoding=\"async\" src=\"https:\/\/analyse.optim.biz\/wp-content\/uploads\/2026\/01\/d542cd85af72d7d3afad0d26982263c9a64170e87d978956298bfb0122b00b8c-207.jpg\" class=\"avatar avatar-120 photo\" height=\"120\" width=\"120\" loading=\"lazy\" title=\"d542cd85af72d7d3afad0d26982263c9a64170e87d978956298bfb0122b00b8c-207\"><\/a><\/div>\n<div class=\"cb-meta\">\n<div class=\"cb-info\">\n<div class=\"cb-author-title vcard\"><a href=\"https:\/\/suceavalive.ro\/author\/suceavalive\/\"><span class=\"fn\">SuceavaLive<\/span><\/a><\/div>\n<\/div>\n<\/div>\n<\/div>\n<div id=\"cb-related-posts\" class=\"cb-related-posts-block cb-post-end-block clearfix\">\n<h3 class=\"cb-block-title\">Postari asemanatoare<\/h3>\n<ul>\n<li class=\"cb-style-overlay cb-grid-entry cb-related-post no-1\">\n<div class=\"cb-mask\"><a href=\"https:\/\/suceavalive.ro\/calendarul-zilei-20-ianuarie-2\/\"><img decoding=\"async\" width=\"360\" height=\"240\" src=\"https:\/\/analyse.optim.biz\/wp-content\/uploads\/2026\/01\/accident-aviatic-apuseni-360x240-6.jpg\" class=\"attachment-cb-360-240 size-cb-360-240 wp-post-image\" loading=\"lazy\" title=\"accident-aviatic-apuseni-360x240-6\"><\/a><\/div>\n<div class=\"cb-meta cb-article-meta\">\n<h4 class=\"h3 cb-post-title\"><a href=\"https:\/\/suceavalive.ro\/calendarul-zilei-20-ianuarie-2\/\">Calendarul zilei de 20 ianuarie<\/a><\/h4>\n<div class=\"cb-byline cb-font-header\">\n<div class=\"cb-date cb-byline-element\"><time datetime=\"2026-01-20\">20 ianuarie 2026<\/time><\/div>\n<\/div>\n<\/div>\n<\/li>\n<li class=\"cb-style-overlay cb-grid-entry cb-related-post no-2\">\n<div class=\"cb-mask\"><a href=\"https:\/\/suceavalive.ro\/calendarul-zilei-de-19-ianuarie\/\"><img decoding=\"async\" width=\"360\" height=\"240\" src=\"https:\/\/analyse.optim.biz\/wp-content\/uploads\/2026\/01\/indiragandhi759-360x240-10.jpg\" class=\"attachment-cb-360-240 size-cb-360-240 wp-post-image\" loading=\"lazy\" title=\"indiragandhi759-360x240-10\"><\/a><\/div>\n<div class=\"cb-meta cb-article-meta\">\n<h4 class=\"h3 cb-post-title\"><a href=\"https:\/\/suceavalive.ro\/calendarul-zilei-de-19-ianuarie\/\">Calendarul zilei de 19 ianuarie<\/a><\/h4>\n<div class=\"cb-byline cb-font-header\">\n<div class=\"cb-date cb-byline-element\"><time datetime=\"2026-01-19\">19 ianuarie 2026<\/time><\/div>\n<\/div>\n<\/div>\n<\/li>\n<\/ul>\n<\/div>\n<\/footer>\n<div id=\"respond\" class=\"comment-respond\">\n<h3 id=\"reply-title\" class=\"comment-reply-title\">Lasa un raspuns <small><a rel=\"nofollow\" id=\"cancel-comment-reply-link\" href=\"https:\/\/suceavalive.ro\/56-de-jandarmi-suceveni-au-fost-avansati-grad\/#respond\">Anuleaza raspunsul<\/a><\/small><\/h3>\n<p class=\"comment-notes\">Adresa ta de email nu va fi publicat\u0103.<\/p>\n<\/div>\n<\/article>\n<p> Source URL: https:\/\/suceavalive.ro\/56-de-jandarmi-suceveni-au-fost-avansati-grad\/<\/p>\n","protected":false},"excerpt":{"rendered":"<p>56 de jandarmi suceveni au fost avansa\u021bi \u00een grad 1 august 2016 Luni, 1 august 2016, la re\u015fedin\u0163a Inspectoratului de Jandarmi Jude\u0163ean Suceava \u015fi la sediul subunit\u0103\u0163ilor de jandarmi din localit\u0103\u0163ile Gura Humorului \u015fi C\u00e2mpulung Moldovenesc, s-au desf\u0103\u015furat ceremoniale militare \u015fi religioase organizate cu ocazia \u00eenaint\u0103rii \u00een gradul urm\u0103tor, la termen, a unui num\u0103r de [&hellip;]<\/p>\n","protected":false},"author":1,"featured_media":1322125,"comment_status":"open","ping_status":"","sticky":false,"template":"","format":"standard","meta":{"footnotes":""},"categories":[89],"tags":[173],"class_list":["post-1322122","post","type-post","status-publish","format-standard","has-post-thumbnail","hentry","category-romania","tag-suceavalive-ro"],"_links":{"self":[{"href":"https:\/\/analyse.optim.biz\/index.php?rest_route=\/wp\/v2\/posts\/1322122","targetHints":{"allow":["GET"]}}],"collection":[{"href":"https:\/\/analyse.optim.biz\/index.php?rest_route=\/wp\/v2\/posts"}],"about":[{"href":"https:\/\/analyse.optim.biz\/index.php?rest_route=\/wp\/v2\/types\/post"}],"author":[{"embeddable":true,"href":"https:\/\/analyse.optim.biz\/index.php?rest_route=\/wp\/v2\/users\/1"}],"replies":[{"embeddable":true,"href":"https:\/\/analyse.optim.biz\/index.php?rest_route=%2Fwp%2Fv2%2Fcomments&post=1322122"}],"version-history":[{"count":0,"href":"https:\/\/analyse.optim.biz\/index.php?rest_route=\/wp\/v2\/posts\/1322122\/revisions"}],"wp:featuredmedia":[{"embeddable":true,"href":"https:\/\/analyse.optim.biz\/index.php?rest_route=\/wp\/v2\/media\/1322125"}],"wp:attachment":[{"href":"https:\/\/analyse.optim.biz\/index.php?rest_route=%2Fwp%2Fv2%2Fmedia&parent=1322122"}],"wp:term":[{"taxonomy":"category","embeddable":true,"href":"https:\/\/analyse.optim.biz\/index.php?rest_route=%2Fwp%2Fv2%2Fcategories&post=1322122"},{"taxonomy":"post_tag","embeddable":true,"href":"https:\/\/analyse.optim.biz\/index.php?rest_route=%2Fwp%2Fv2%2Ftags&post=1322122"}],"curies":[{"name":"wp","href":"https:\/\/api.w.org\/{rel}","templated":true}]}}