{"id":132056,"date":"2017-10-18T10:23:15","date_gmt":"2017-10-18T07:23:15","guid":{"rendered":"https:\/\/analyse.optim.biz\/?p=132056"},"modified":"2017-10-18T10:23:15","modified_gmt":"2017-10-18T07:23:15","slug":"organizatorii-dezbaterii-anticoruptie-de-la-bruxelles-catre-plesoianu-si-savaliuc-sunteti-fake-news-nu-ne-plac-minciunile","status":"publish","type":"post","link":"https:\/\/analyse.optim.biz\/?p=132056","title":{"rendered":"Organizatorii dezbaterii anticorup\u021bie de la Bruxelles, c\u0103tre Ple\u0219oianu \u0219i Savaliuc: Sunte\u021bi fake news\/Nu ne plac minciunile"},"content":{"rendered":"<div class=\"entry data-app-meta data-app-meta-article\" data-embed-base-url-canonical=\"https:\/\/www.digi24.ro\/embed\/stiri\/actualitate\/politica\/organizatorii-dezbaterii-anticoruptie-de-la-bruxelles-catre-plesoianu-si-savaliuc-sunteti-fake-newsnu-ne-plac-minciunile-812914\">\n<p data-index=\"1\"><strong>Procurorul \u015fef al DNA, <a href=\"https:\/\/www.digi24.ro\/stiri\/actualitate\/justitie\/scurt-bilant-al-dna-facut-de-kovesi-la-bruxelles-812581\" data-skip-linkfix=\"1\">Laura Codru\u0163a Kovesi, a participat mar\u021bi, la Bruxelles, la o dezbatere organizat\u0103 de Parlamentul European<\/a>, unde a \u021binut un discurs despre ac\u0163iunile Direc\u0163iei Na\u0163ionale Anticorup\u0163ie.<\/strong><\/p>\n<p data-index=\"2\"><img loading=\"lazy\" decoding=\"async\" class=\"alignnone size-full wp-image-812917\" src=\"https:\/\/analyse.optim.biz\/wp-content\/uploads\/2024\/09\/c2g9mzfkm2i5ywnmzgm1ymm3mwmxoda0ntm3zji2odmyn2i-thumb_.jpg\" width=\"1440\" height=\"1080\" data-skip-htmlfix=\"1\" title=\"c2g9mzfkm2i5ywnmzgm1ymm3mwmxoda0ntm3zji2odmyn2i-thumb_\"><\/p>\n<p data-index=\"3\">Deputatul PSD Liviu Ple\u0219oianu, al\u0103turi de jurnali\u0219tii Mirel Curea \u0219i Razvan Savaliuc, au fost \u0219i ei prezen\u021bi la dezbaterea pe teme anticorup\u021bie organizat\u0103 la Parlamentul European.<\/p>\n<p data-index=\"4\">Ple\u0219oianu, unul dintre membrii comisiei parlamentare de anchet\u0103 a alegerilor din 2009, a declarat c\u0103 s-a dus la Bruxelles special pentru a o \u00eentreba pe Kovesi despre o presupus\u0103 vizit\u0103 la Gabriel Oprea acas\u0103, \u00een seara alegerilor preziden\u021biale.<\/p>\n<p data-index=\"5\"><em>&#8220;Ca procuror general al Rom\u00e2niei \u00een 2009, ce a\u021bi c\u0103utat, ce a\u021bi f\u0103cut \u00een seara alegerilor preziden\u021biale acas\u0103 la un om politic, al\u0103turi de al\u021bi oameni politici \u0219i al\u0103turi de \u0219efii SRI?&#8221;<\/em>, a \u00eentrebat Ple\u0219oianu, nemul\u021bumit de refuzurile procurorului-\u0219ef al DNA de a se prezenta \u00een fa\u021ba comisiei parlamentare.<\/p>\n<p data-index=\"6\"><em>&#8220;\u00cen Rom\u00e2nia, procurorii sunt independen\u021bi \u0219i \u00een tot ce am facut am respectat legea \u0219i codul deontologic\u201d,<\/em> a r\u0103spuns Kovesi.<\/p>\n<p data-index=\"7\">La finalul dezbaterii, \u00eenainte de poza de grup f\u0103cut\u0103 de Kovesi al\u0103turi de organizatori, \u00een imaginile prezentate de Antena3 se vede cum\u00a0 europarlamentarii Petras Austrevicius \u0219i Rebecca Harms taxeaz\u0103 imediat o interven\u021bie a lui R\u0103zvan Savaliuc:<\/p>\n<p data-index=\"8\"><strong>Petras Austrevicius: \u201eToat\u0103 lumea a avut acelea\u0219i drepturi aici. <\/strong><br \/><strong>R\u0103zvan Savaliuc: E opinia mea.<\/strong><br \/><strong>Petras Austrevicius: Nu. E fake news. O s\u0103 zic ca Trump:\u00a0\u201eYou are fake news\u201d. (Sunte\u021bi\u00a0fake news)<br \/><\/strong><strong>R\u0103zvan Savaliuc: \u00cemi plac fake news.<\/strong><br \/><strong>Rebecca Harms: Nou\u0103 nu ne plac minciunile.<\/strong><\/p>\n<p data-index=\"9\">Discu\u021bia a venit \u0219i dup\u0103 ce Maria Grapini s-a pl\u00e2ns c\u0103 Monic\u0103i Macovei i s-ar fi acordat mai multe minute pentru discurs, moderatorul \u00eei r\u0103spunde: \u201e<em>Don&#8217;t be so jealous\u201d<\/em> (Nu fi a\u0219a invidioas\u0103).\u00a0<\/p>\n<\/div>\n<p> Source URL: https:\/\/www.digi24.ro\/stiri\/actualitate\/politica\/organizatorii-dezbaterii-anticoruptie-de-la-bruxelles-catre-plesoianu-si-savaliuc-sunteti-fake-newsnu-ne-plac-minciunile-812914<\/p>\n","protected":false},"excerpt":{"rendered":"<p>Procurorul \u015fef al DNA, Laura Codru\u0163a Kovesi, a participat mar\u021bi, la Bruxelles, la o dezbatere organizat\u0103 de Parlamentul European, unde a \u021binut un discurs despre ac\u0163iunile Direc\u0163iei Na\u0163ionale Anticorup\u0163ie. Deputatul PSD Liviu Ple\u0219oianu, al\u0103turi de jurnali\u0219tii Mirel Curea \u0219i Razvan Savaliuc, au fost \u0219i ei prezen\u021bi la dezbaterea pe teme anticorup\u021bie organizat\u0103 la Parlamentul European. [&hellip;]<\/p>\n","protected":false},"author":1,"featured_media":132057,"comment_status":"open","ping_status":"","sticky":false,"template":"","format":"standard","meta":{"footnotes":""},"categories":[2],"tags":[11],"class_list":["post-132056","post","type-post","status-publish","format-standard","has-post-thumbnail","hentry","category-politics","tag-digi24"],"_links":{"self":[{"href":"https:\/\/analyse.optim.biz\/index.php?rest_route=\/wp\/v2\/posts\/132056","targetHints":{"allow":["GET"]}}],"collection":[{"href":"https:\/\/analyse.optim.biz\/index.php?rest_route=\/wp\/v2\/posts"}],"about":[{"href":"https:\/\/analyse.optim.biz\/index.php?rest_route=\/wp\/v2\/types\/post"}],"author":[{"embeddable":true,"href":"https:\/\/analyse.optim.biz\/index.php?rest_route=\/wp\/v2\/users\/1"}],"replies":[{"embeddable":true,"href":"https:\/\/analyse.optim.biz\/index.php?rest_route=%2Fwp%2Fv2%2Fcomments&post=132056"}],"version-history":[{"count":0,"href":"https:\/\/analyse.optim.biz\/index.php?rest_route=\/wp\/v2\/posts\/132056\/revisions"}],"wp:featuredmedia":[{"embeddable":true,"href":"https:\/\/analyse.optim.biz\/index.php?rest_route=\/wp\/v2\/media\/132057"}],"wp:attachment":[{"href":"https:\/\/analyse.optim.biz\/index.php?rest_route=%2Fwp%2Fv2%2Fmedia&parent=132056"}],"wp:term":[{"taxonomy":"category","embeddable":true,"href":"https:\/\/analyse.optim.biz\/index.php?rest_route=%2Fwp%2Fv2%2Fcategories&post=132056"},{"taxonomy":"post_tag","embeddable":true,"href":"https:\/\/analyse.optim.biz\/index.php?rest_route=%2Fwp%2Fv2%2Ftags&post=132056"}],"curies":[{"name":"wp","href":"https:\/\/api.w.org\/{rel}","templated":true}]}}