{"id":132045,"date":"2017-10-18T12:13:40","date_gmt":"2017-10-18T09:13:40","guid":{"rendered":"https:\/\/analyse.optim.biz\/?p=132045"},"modified":"2017-10-18T12:13:40","modified_gmt":"2017-10-18T09:13:40","slug":"tutuianu-belina-nu-este-un-caz-izolat","status":"publish","type":"post","link":"https:\/\/analyse.optim.biz\/?p=132045","title":{"rendered":"\u021autuianu: Belina nu este un caz izolat"},"content":{"rendered":"<div class=\"entry data-app-meta data-app-meta-article\" data-embed-base-url-canonical=\"https:\/\/www.digi24.ro\/embed\/stiri\/actualitate\/politica\/tutuianu-belina-nu-este-un-caz-izolat-812994\">\n<p data-index=\"1\"><strong><a href=\"https:\/\/www.digi24.ro\/cautare?q=belina\" target=\"_blank\" rel=\"noopener noreferrer\" data-skip-linkfix=\"1\">Transferul Insulei Belina<\/a> \u00een administrarea unei firme nu este un caz izolat, spune fostul ministru Adrian \u0162u\u0163uianu. Vicepre\u0219edintele PSD a explicat, la emisiunea \u201e\u00cen fa\u0163a ta\u201d, c\u0103 sunt zeci de situa\u0163ii \u00een care Apele Rom\u00e2ne \u015fi Ministerul Mediului au concesionat sau \u00eenchiriat p\u0103r\u0163i din domeniul public.<\/strong><\/p>\n<p data-index=\"2\">\u201e<span lang=\"ro-RO\">Sunt zeci de situa\u0163ii \u00een care compania na\u0163ional\u0103 Apele Rom\u00e2ne sau Ministerul Mediului au concesionat sau \u00eenchiriat lacuri de acest tip. Dac\u0103 procedura a fost legal\u0103 nu v\u0103d o problem\u0103\u201d, a spus Adrian \u021au\u021buianu. <\/span><\/p>\n<p data-index=\"3\">\u201e<span lang=\"ro-RO\">Doi: niciun proiect de hot\u0103r\u00e2re de acest tip nu intr\u0103 \u00een Guvern f\u0103r\u0103 avize necesare. Trei: se pune \u00een discu\u0163ie foarte serios dac\u0103 DNA poate s\u0103 vin\u0103 \u015fi s\u0103 analizeze aspecte care \u0163in de adoptarea unui act normativ. Al patrulea lucru este c\u0103 insula Belina, bra\u0163ul Pavel au r\u0103mas p\u00e2n\u0103 la urm\u0103 tot \u00een domeniul public\u201d, a continuat fostul ministru.<\/span><\/p>\n<p data-index=\"4\"><strong><span lang=\"ro-RO\">Urm\u0103ri\u021bi <a href=\"https:\/\/www.digi24.ro\/emisiuni\/in-fata-ta\/in-fata-ta-17-octombrie-22-30-812822\" target=\"_blank\" rel=\"noopener noreferrer\" data-skip-linkfix=\"1\">AICI <\/a>interviul integral.<\/span><\/strong><\/p>\n<\/div>\n<p> Source URL: https:\/\/www.digi24.ro\/stiri\/actualitate\/politica\/tutuianu-belina-nu-este-un-caz-izolat-812994<\/p>\n","protected":false},"excerpt":{"rendered":"<p>Transferul Insulei Belina \u00een administrarea unei firme nu este un caz izolat, spune fostul ministru Adrian \u0162u\u0163uianu. Vicepre\u0219edintele PSD a explicat, la emisiunea \u201e\u00cen fa\u0163a ta\u201d, c\u0103 sunt zeci de situa\u0163ii \u00een care Apele Rom\u00e2ne \u015fi Ministerul Mediului au concesionat sau \u00eenchiriat p\u0103r\u0163i din domeniul public. \u201eSunt zeci de situa\u0163ii \u00een care compania na\u0163ional\u0103 Apele [&hellip;]<\/p>\n","protected":false},"author":1,"featured_media":132046,"comment_status":"open","ping_status":"","sticky":false,"template":"","format":"standard","meta":{"footnotes":""},"categories":[2],"tags":[11],"class_list":["post-132045","post","type-post","status-publish","format-standard","has-post-thumbnail","hentry","category-politics","tag-digi24"],"_links":{"self":[{"href":"https:\/\/analyse.optim.biz\/index.php?rest_route=\/wp\/v2\/posts\/132045","targetHints":{"allow":["GET"]}}],"collection":[{"href":"https:\/\/analyse.optim.biz\/index.php?rest_route=\/wp\/v2\/posts"}],"about":[{"href":"https:\/\/analyse.optim.biz\/index.php?rest_route=\/wp\/v2\/types\/post"}],"author":[{"embeddable":true,"href":"https:\/\/analyse.optim.biz\/index.php?rest_route=\/wp\/v2\/users\/1"}],"replies":[{"embeddable":true,"href":"https:\/\/analyse.optim.biz\/index.php?rest_route=%2Fwp%2Fv2%2Fcomments&post=132045"}],"version-history":[{"count":0,"href":"https:\/\/analyse.optim.biz\/index.php?rest_route=\/wp\/v2\/posts\/132045\/revisions"}],"wp:featuredmedia":[{"embeddable":true,"href":"https:\/\/analyse.optim.biz\/index.php?rest_route=\/wp\/v2\/media\/132046"}],"wp:attachment":[{"href":"https:\/\/analyse.optim.biz\/index.php?rest_route=%2Fwp%2Fv2%2Fmedia&parent=132045"}],"wp:term":[{"taxonomy":"category","embeddable":true,"href":"https:\/\/analyse.optim.biz\/index.php?rest_route=%2Fwp%2Fv2%2Fcategories&post=132045"},{"taxonomy":"post_tag","embeddable":true,"href":"https:\/\/analyse.optim.biz\/index.php?rest_route=%2Fwp%2Fv2%2Ftags&post=132045"}],"curies":[{"name":"wp","href":"https:\/\/api.w.org\/{rel}","templated":true}]}}