{"id":1320447,"date":"2019-04-15T09:04:03","date_gmt":"2019-04-15T06:04:03","guid":{"rendered":"https:\/\/analyse.optim.biz\/?p=1320447"},"modified":"2019-04-15T09:04:03","modified_gmt":"2019-04-15T06:04:03","slug":"dosar-penal-pentru-contrabanda-intocmit-de-politistii-din-balcauti-suceavalive","status":"publish","type":"post","link":"https:\/\/analyse.optim.biz\/?p=1320447","title":{"rendered":"Dosar penal pentru contraband\u0103 \u00eentocmit de poli\u021bi\u0219tii din B\u0103lc\u0103u\u021bi &#8211; SuceavaLIVE"},"content":{"rendered":"<article id=\"post-127342\" class=\"clearfix post-127342 post type-post status-publish format-standard has-post-thumbnail hentry category-comunicate\">\n<header id=\"cb-standard-featured\">\n<div class=\"cb-mask\"><img decoding=\"async\" width=\"600\" height=\"400\" src=\"https:\/\/analyse.optim.biz\/wp-content\/uploads\/2026\/01\/tigari-600x400-1.jpg\" class=\"cb-fi-standard wp-post-image\" loading=\"lazy\" title=\"tigari-600x400-1\"><\/div>\n<div id=\"cb-fis-wrap\" class=\"cb-entry-header cb-fis cb-style-standard\"><span class=\"cb-title-fi\"><\/p>\n<h1 class=\"entry-title cb-entry-title cb-single-title\">Dosar penal pentru contraband\u0103 \u00eentocmit de poli\u021bi\u0219tii din B\u0103lc\u0103u\u021bi<\/h1>\n<div class=\"cb-byline cb-font-header\">\n<div class=\"cb-date cb-byline-element\"><time datetime=\"2019-04-15\">15 aprilie 2019<\/time><\/div>\n<\/div>\n<p><\/span><\/div>\n<\/header>\n<section class=\"cb-entry-content entry-content clearfix\">\n<h4>Duminic\u0103, 14 aprilie, la ora 22.00, o patrul\u0103 din cadrul Sec\u021biei 13 Poli\u021bie Rural\u0103 B\u0103lc\u0103u\u021bi a oprit pentru control pe DJ 291A din comuna Gr\u0103me\u0219ti, autoturismul condus de o femeie de 25 de ani din jude\u021bul Boto\u0219ani, \u00een care se aflau \u00een calitate de pasageri, 3 b\u0103rba\u021bi cu v\u00e2rste \u00eentre 31 \u0219i 41 de ani, to\u021bi din\u00a0 jude\u021bul Boto\u0219ani.<\/h4>\n<p>Potrivit IPJ Suceava, \u00een urma controlului autoturismului \u0219i a ocupan\u021bilor vehiculului, poli\u021bi\u0219tii au identificat cantitatea total\u0103 de 211 pachete cu \u021big\u0103ri de provenien\u021b\u0103 \u201eDuty \u2013 free\u201d, bunuri pentru care ace\u0219tia nu au putut prezenta documente legale.<\/p>\n<p>\u021aig\u0103rile \u00een valoare de aproximativ 2.700 lei au fost confiscate, \u00een cauz\u0103 fiind \u00eentocmit dosar penal sub aspectul s\u0103v\u00e2r\u0219irii infrac\u021biunii de \u201econtraband\u0103\u201d, ce va fi solu\u021bionat procedural.<\/p>\n<p>\u00a0<\/p>\n<\/section>\n<footer class=\"article-footer\">\n<div class=\"cb-social-sharing cb-post-footer-block cb-beside clearfix\">\n<div class=\"cb-title-subtle\">Share On:<\/div>\n<div class=\"cb-twitter\"><a href=\"https:\/\/twitter.com\/share\" class=\"twitter-share-button\" data-dnt=\"true\" data-count=\"horizontal\">Tweet<\/a><\/div>\n<\/div>\n<div id=\"cb-previous-next-links\" class=\"cb-post-footer-block clearfix\">\n<div id=\"cb-previous-link\"><a href=\"https:\/\/suceavalive.ro\/tanar-din-zvoristea-trimis-in-judecata-pentru-ca-a-incercat-sa-violeze-o-adolescenta-si-i-a-batut-pe-cei-care-au-sarit-sa-o-apere\/\" rel=\"prev\">T\u00e2n\u0103r din Zvori\u0219tea trimis \u00een judecat\u0103 pentru c\u0103 a \u00eencercat s\u0103 violeze o adolescent\u0103 \u0219i i-a b\u0103tut pe cei care au s\u0103rit s\u0103 o apere<\/a><\/div>\n<div id=\"cb-next-link\"><a href=\"https:\/\/suceavalive.ro\/accident-provocat-de-o-soferita-incepatoare-la-radauti\/\" rel=\"next\">Accident provocat de o \u0219oferi\u021b\u0103 \u00eencep\u0103toare, la R\u0103d\u0103u\u021bi \u00a0\u00a0\u00a0\u00a0\u00a0\u00a0\u00a0\u00a0\u00a0\u00a0\u00a0<\/a><\/div>\n<\/div>\n<div id=\"cb-author-box\" class=\"clearfix\">\n<h3 class=\"cb-block-title\">Despre autor<\/h3>\n<div class=\"cb-mask\"><a href=\"https:\/\/suceavalive.ro\/author\/suceavalive\/\"><img decoding=\"async\" src=\"https:\/\/analyse.optim.biz\/wp-content\/uploads\/2026\/01\/d542cd85af72d7d3afad0d26982263c9a64170e87d978956298bfb0122b00b8c-192.jpg\" class=\"avatar avatar-120 photo\" height=\"120\" width=\"120\" loading=\"lazy\" title=\"d542cd85af72d7d3afad0d26982263c9a64170e87d978956298bfb0122b00b8c-192\"><\/a><\/div>\n<div class=\"cb-meta\">\n<div class=\"cb-info\">\n<div class=\"cb-author-title vcard\"><a href=\"https:\/\/suceavalive.ro\/author\/suceavalive\/\"><span class=\"fn\">SuceavaLive<\/span><\/a><\/div>\n<\/div>\n<\/div>\n<\/div>\n<div id=\"cb-related-posts\" class=\"cb-related-posts-block cb-post-end-block clearfix\">\n<h3 class=\"cb-block-title\">Postari asemanatoare<\/h3>\n<ul>\n<li class=\"cb-style-overlay cb-grid-entry cb-related-post no-1\">\n<div class=\"cb-mask\"><a href=\"https:\/\/suceavalive.ro\/fermierii-suceveni-protest-pe-marginea-drumului-european-85-impotriva-acordului-ue-mercosur\/\"><img decoding=\"async\" width=\"360\" height=\"240\" src=\"https:\/\/analyse.optim.biz\/wp-content\/uploads\/2026\/01\/protest-fermieri-360x240-56.png\" class=\"attachment-cb-360-240 size-cb-360-240 wp-post-image\" loading=\"lazy\" title=\"protest-fermieri-360x240-56\"><\/a><\/div>\n<div class=\"cb-meta cb-article-meta\">\n<h4 class=\"h3 cb-post-title\"><a href=\"https:\/\/suceavalive.ro\/fermierii-suceveni-protest-pe-marginea-drumului-european-85-impotriva-acordului-ue-mercosur\/\">Fermierii suceveni, protest pe marginea Drumului European 85 \u00eempotriva Acordului UE\u2013Mercosur<\/a><\/h4>\n<div class=\"cb-byline cb-font-header\">\n<div class=\"cb-date cb-byline-element\"><time datetime=\"2026-01-19\">19 ianuarie 2026<\/time><\/div>\n<\/div>\n<\/div>\n<\/li>\n<li class=\"cb-style-overlay cb-grid-entry cb-related-post no-2\">\n<div class=\"cb-mask\"><a href=\"https:\/\/suceavalive.ro\/vremea-19-ianuarie-1-februarie-2026-cand-se-va-domoli-gerul-de-crapa-pietrele\/\"><img decoding=\"async\" width=\"360\" height=\"240\" src=\"https:\/\/analyse.optim.biz\/wp-content\/uploads\/2026\/01\/frig-ger-360x240-61.jpg\" class=\"attachment-cb-360-240 size-cb-360-240 wp-post-image\" loading=\"lazy\" title=\"frig-ger-360x240-61\"><\/a><\/div>\n<div class=\"cb-meta cb-article-meta\">\n<h4 class=\"h3 cb-post-title\"><a href=\"https:\/\/suceavalive.ro\/vremea-19-ianuarie-1-februarie-2026-cand-se-va-domoli-gerul-de-crapa-pietrele\/\">Vremea 19 ianuarie \u2013 1 februarie 2026. C\u00e2nd se va domoli gerul de crap\u0103 pietrele<\/a><\/h4>\n<div class=\"cb-byline cb-font-header\">\n<div class=\"cb-date cb-byline-element\"><time datetime=\"2026-01-19\">19 ianuarie 2026<\/time><\/div>\n<\/div>\n<\/div>\n<\/li>\n<\/ul>\n<\/div>\n<\/footer>\n<div id=\"respond\" class=\"comment-respond\">\n<h3 id=\"reply-title\" class=\"comment-reply-title\">Lasa un raspuns <small><a rel=\"nofollow\" id=\"cancel-comment-reply-link\" href=\"https:\/\/suceavalive.ro\/dosar-penal-pentru-contrabanda-intocmit-de-politistii-din-balcauti\/#respond\">Anuleaza raspunsul<\/a><\/small><\/h3>\n<p class=\"comment-notes\">Adresa ta de email nu va fi publicat\u0103.<\/p>\n<\/div>\n<\/article>\n<p> Source URL: https:\/\/suceavalive.ro\/dosar-penal-pentru-contrabanda-intocmit-de-politistii-din-balcauti\/<\/p>\n","protected":false},"excerpt":{"rendered":"<p>Dosar penal pentru contraband\u0103 \u00eentocmit de poli\u021bi\u0219tii din B\u0103lc\u0103u\u021bi 15 aprilie 2019 Duminic\u0103, 14 aprilie, la ora 22.00, o patrul\u0103 din cadrul Sec\u021biei 13 Poli\u021bie Rural\u0103 B\u0103lc\u0103u\u021bi a oprit pentru control pe DJ 291A din comuna Gr\u0103me\u0219ti, autoturismul condus de o femeie de 25 de ani din jude\u021bul Boto\u0219ani, \u00een care se aflau \u00een calitate [&hellip;]<\/p>\n","protected":false},"author":1,"featured_media":1320449,"comment_status":"open","ping_status":"","sticky":false,"template":"","format":"standard","meta":{"footnotes":""},"categories":[89],"tags":[173],"class_list":["post-1320447","post","type-post","status-publish","format-standard","has-post-thumbnail","hentry","category-romania","tag-suceavalive-ro"],"_links":{"self":[{"href":"https:\/\/analyse.optim.biz\/index.php?rest_route=\/wp\/v2\/posts\/1320447","targetHints":{"allow":["GET"]}}],"collection":[{"href":"https:\/\/analyse.optim.biz\/index.php?rest_route=\/wp\/v2\/posts"}],"about":[{"href":"https:\/\/analyse.optim.biz\/index.php?rest_route=\/wp\/v2\/types\/post"}],"author":[{"embeddable":true,"href":"https:\/\/analyse.optim.biz\/index.php?rest_route=\/wp\/v2\/users\/1"}],"replies":[{"embeddable":true,"href":"https:\/\/analyse.optim.biz\/index.php?rest_route=%2Fwp%2Fv2%2Fcomments&post=1320447"}],"version-history":[{"count":0,"href":"https:\/\/analyse.optim.biz\/index.php?rest_route=\/wp\/v2\/posts\/1320447\/revisions"}],"wp:featuredmedia":[{"embeddable":true,"href":"https:\/\/analyse.optim.biz\/index.php?rest_route=\/wp\/v2\/media\/1320449"}],"wp:attachment":[{"href":"https:\/\/analyse.optim.biz\/index.php?rest_route=%2Fwp%2Fv2%2Fmedia&parent=1320447"}],"wp:term":[{"taxonomy":"category","embeddable":true,"href":"https:\/\/analyse.optim.biz\/index.php?rest_route=%2Fwp%2Fv2%2Fcategories&post=1320447"},{"taxonomy":"post_tag","embeddable":true,"href":"https:\/\/analyse.optim.biz\/index.php?rest_route=%2Fwp%2Fv2%2Ftags&post=1320447"}],"curies":[{"name":"wp","href":"https:\/\/api.w.org\/{rel}","templated":true}]}}