{"id":132039,"date":"2017-10-18T12:31:33","date_gmt":"2017-10-18T09:31:33","guid":{"rendered":"https:\/\/analyse.optim.biz\/?p=132039"},"modified":"2017-10-18T12:31:33","modified_gmt":"2017-10-18T09:31:33","slug":"bilant-rovana-plumb-au-fost-cele-mai-dificile-sapte-luni-din-cariera-mea","status":"publish","type":"post","link":"https:\/\/analyse.optim.biz\/?p=132039","title":{"rendered":"BILAN\u021a. Rovana Plumb: Au fost cele mai dificile \u015fapte luni din cariera mea"},"content":{"rendered":"<div class=\"entry data-app-meta data-app-meta-article\" data-embed-base-url-canonical=\"https:\/\/www.digi24.ro\/embed\/stiri\/actualitate\/politica\/bilant-rovana-plumb-au-fost-cele-mai-dificile-sapte-luni-din-cariera-mea-813026\">\n<p data-index=\"1\"><strong>Ministrul demisionar al Fondurilor Europene, Rovana Plumb, a f\u0103cut bilan\u021bul activit\u0103\u021bii sale la Ministerul Fondurilor Europene. Ea vorbe\u015fte despre deblocarea fondurilor europene \u015fi despre pl\u0103\u0163i c\u0103tre beneficiari \u00een valoare de 933 de milioane de euro \u0219i se declar\u0103 \u201em\u00e2ndr\u0103\u201d c\u0103, din luna martie \u015fi p\u00e2n\u0103 acum, a deblocat fondurile europene \u015fi \u201ea scos Rom\u00e2nia din sintagma zero absorb\u0163ie\u201d, sus\u0163ine fostul ministru, potrivit <a href=\"http:\/\/www.news.ro\" target=\"_blank\" rel=\"noopener noreferrer\" data-skip-linkfix=\"1\">News.ro<\/a>.<\/strong><\/p>\n<figure class=\"article-thumb\"><img decoding=\"async\" src=\"https:\/\/analyse.optim.biz\/wp-content\/uploads\/2024\/09\/mszoyxnoptdjy2i0yjuwndhjodnlmdi2yzdlnzc4owfmyzdinjiy-thumb_-3.jpg\" alt=\"171012_rovana plumb PSD_CEX_00_INQUAM_Photos_Octav_Ganea\" data-skip-htmlfix=\"1\" title=\"mszoyxnoptdjy2i0yjuwndhjodnlmdi2yzdlnzc4owfmyzdinjiy-thumb_-3\"><figcaption> Foto: Inquam Photos \/ Octav Ganea <\/figcaption><\/figure>\n<p data-index=\"2\"><span lang=\"ro-RO\">Reprezentan\u0163ii Ministerului Dezvolt\u0103rii Regionale, Administra\u0163iei Publice \u015fi Fondurilor Europene au transmis, miercuri, un comunicat de pres\u0103 cu bilan\u0163ul Rovanei Plumb pentru cele \u015fapte luni de mandat de ministru delegat al Fondurilor Europene.<\/span><\/p>\n<p data-index=\"3\">\u201e<span lang=\"ro-RO\">P\u0103r\u0103sesc portofoliul ministerial dup\u0103 un mandat scurt, de \u015fapte luni. Suficient, \u00eens\u0103, pentru a demonstra, sper, c\u0103 am meritat \u00eencrederea care mi-a fost acordat\u0103 la \u00eenvestire. Sunt m\u00e2ndr\u0103 c\u0103, din luna martie p\u00e2n\u0103 ast\u0103zi, al\u0103turi de echipa MDRAPFE, am deblocat fondurile europene \u015fi am scos Rom\u00e2nia din sintagma zero absorb\u0163ie, f\u0103c\u00e2nd posibil\u0103 intrarea banilor europeni \u00een \u0163ar\u0103. \u00cen acest moment, avem 933 milioane euro pl\u0103\u0163i procesate c\u0103tre beneficiari, bani care se vor reg\u0103si \u00een absorb\u0163ie, la fel cum se vor reg\u0103si toate celelalte m\u0103suri pe care le-am luat pe parcursul mandatului de ministru\u201d, arat\u0103 Rovana Plumb. <\/span><\/p>\n<p data-index=\"4\"><span lang=\"ro-RO\">Ea vorbe\u015fte despre mandatul \u00een fruntea ministerului ca despre cea mai dificil\u0103 perioad\u0103 din carier\u0103.<\/span><\/p>\n<p data-index=\"5\">\u201e<span lang=\"ro-RO\">Nu a fost u\u015for s\u0103 ajungem aici, dimpotriv\u0103! Au fost cele mai dificile \u015fapte luni din cariera mea, pentru c\u0103 veneam dup\u0103 guvernarea tehnocrat\u0103 zero, care a \u00eensemnat un e\u015fec at\u00e2t de costisitor pentru Rom\u00e2nia! A\u015f reduce viziunea mea de mandat astfel: o mai bun\u0103 rela\u0163ionare \u015fi un dialog permanent \u015fi transparent CU, PENTRU \u015fi \u00ceN folosul beneficiarilor de fonduri europene \u015fi al Rom\u00e2niei. Am g\u00e2ndit \u015fi ac\u0163ionat, prin toate m\u0103surile pe care le-am pus \u00een aplicare, dup\u0103 principiul cum putem \u00eembun\u0103t\u0103\u0163i vie\u0163ile oamenilor folosind banii europeni\u201d, mai spune fostul ministru.<\/span><\/p>\n<p data-index=\"6\"><span lang=\"ro-RO\">Ea adaug\u0103 c\u0103 mandatul s\u0103u a \u00eensemnat deblocarea fondurilor europene, acreditarea autorit\u0103\u0163ilor de management, cu dou\u0103 luni mai devreme dec\u00e2t era prev\u0103zut \u00een Programul de Guvernare, deblocarea proiectelor cu impact major pentru Rom\u00e2nia, deschiderea unor linii de finan\u0163are \u00een valoare de 19 miliarde de euro \u015fi semnarea unor contracte de finan\u0163are \u00een valoare de 5,8 miliarde euro, ajung\u00e2nd la o valoare de contractare de 21%.<\/span><\/p>\n<p data-index=\"7\"><span lang=\"ro-RO\">Rovana Plumb mai vorbe\u015fte \u015fi despre \u201edemararea celui mai amplu proces de simplificare a legisla\u0163iei pentru sprijinirea beneficiarilor \u015fi accesul rom\u00e2nilor la banii europeni\u201d \u015fi de \u201ereluarea dialogului \u015fi a consult\u0103rilor cu reprezentan\u0163ii Comisiei Europene, pentru urgentarea debloc\u0103rii accesului Rom\u00e2niei la fondurile europene\u201d. <\/span><\/p>\n<\/div>\n<p> Source URL: https:\/\/www.digi24.ro\/stiri\/actualitate\/politica\/bilant-rovana-plumb-au-fost-cele-mai-dificile-sapte-luni-din-cariera-mea-813026<\/p>\n","protected":false},"excerpt":{"rendered":"<p>Ministrul demisionar al Fondurilor Europene, Rovana Plumb, a f\u0103cut bilan\u021bul activit\u0103\u021bii sale la Ministerul Fondurilor Europene. Ea vorbe\u015fte despre deblocarea fondurilor europene \u015fi despre pl\u0103\u0163i c\u0103tre beneficiari \u00een valoare de 933 de milioane de euro \u0219i se declar\u0103 \u201em\u00e2ndr\u0103\u201d c\u0103, din luna martie \u015fi p\u00e2n\u0103 acum, a deblocat fondurile europene \u015fi \u201ea scos Rom\u00e2nia din [&hellip;]<\/p>\n","protected":false},"author":1,"featured_media":132040,"comment_status":"open","ping_status":"","sticky":false,"template":"","format":"standard","meta":{"footnotes":""},"categories":[2],"tags":[11],"class_list":["post-132039","post","type-post","status-publish","format-standard","has-post-thumbnail","hentry","category-politics","tag-digi24"],"_links":{"self":[{"href":"https:\/\/analyse.optim.biz\/index.php?rest_route=\/wp\/v2\/posts\/132039","targetHints":{"allow":["GET"]}}],"collection":[{"href":"https:\/\/analyse.optim.biz\/index.php?rest_route=\/wp\/v2\/posts"}],"about":[{"href":"https:\/\/analyse.optim.biz\/index.php?rest_route=\/wp\/v2\/types\/post"}],"author":[{"embeddable":true,"href":"https:\/\/analyse.optim.biz\/index.php?rest_route=\/wp\/v2\/users\/1"}],"replies":[{"embeddable":true,"href":"https:\/\/analyse.optim.biz\/index.php?rest_route=%2Fwp%2Fv2%2Fcomments&post=132039"}],"version-history":[{"count":0,"href":"https:\/\/analyse.optim.biz\/index.php?rest_route=\/wp\/v2\/posts\/132039\/revisions"}],"wp:featuredmedia":[{"embeddable":true,"href":"https:\/\/analyse.optim.biz\/index.php?rest_route=\/wp\/v2\/media\/132040"}],"wp:attachment":[{"href":"https:\/\/analyse.optim.biz\/index.php?rest_route=%2Fwp%2Fv2%2Fmedia&parent=132039"}],"wp:term":[{"taxonomy":"category","embeddable":true,"href":"https:\/\/analyse.optim.biz\/index.php?rest_route=%2Fwp%2Fv2%2Fcategories&post=132039"},{"taxonomy":"post_tag","embeddable":true,"href":"https:\/\/analyse.optim.biz\/index.php?rest_route=%2Fwp%2Fv2%2Ftags&post=132039"}],"curies":[{"name":"wp","href":"https:\/\/api.w.org\/{rel}","templated":true}]}}