{"id":132028,"date":"2017-10-18T13:19:20","date_gmt":"2017-10-18T10:19:20","guid":{"rendered":"https:\/\/analyse.optim.biz\/?p=132028"},"modified":"2017-10-18T13:19:20","modified_gmt":"2017-10-18T10:19:20","slug":"tutuianu-nu-am-mai-vorbit-cu-dragnea-dupa-demisie-nu-simt-nevoia","status":"publish","type":"post","link":"https:\/\/analyse.optim.biz\/?p=132028","title":{"rendered":"\u021au\u021buianu: Nu am mai vorbit cu Dragnea dup\u0103 demisie. Nu simt nevoia"},"content":{"rendered":"<div class=\"entry data-app-meta data-app-meta-article\" data-embed-base-url-canonical=\"https:\/\/www.digi24.ro\/embed\/stiri\/actualitate\/politica\/tutuianu-nu-am-mai-vorbit-cu-dragnea-dupa-demisie-nu-simt-nevoia-813075\">\n<p data-index=\"1\"><strong>Adrian \u0162u\u0163uianu spune c\u0103 <a href=\"https:\/\/www.digi24.ro\/stiri\/actualitate\/politica\/exclusiv-adrian-tutuianu-a-spus-povestea-demisiei-de-la-mapn-799637\" target=\"_blank\" rel=\"noopener noreferrer\" data-skip-linkfix=\"1\">a plecat din Ministerul Ap\u0103r\u0103rii<\/a> cu regrete. Fostul ministru a povestit, la emisiunea \u201e\u00cen fa\u0163a ta\u201d, c\u0103 a refuzat s\u0103 discute cu Liviu Dragnea atunci c\u00e2nd acesta l-a sunat, a doua zi dup\u0103 ce demisionase.<\/strong><\/p>\n<p data-index=\"2\"><span lang=\"ro-RO\"><strong>Adrian \u021au\u021buianu:<\/strong> Am \u015fi eu \u00eentreb\u0103rile mele. E normal s\u0103 le am. Eu n-am plecat cu lacrimi \u00een ochi c\u0103 a\u015f fi un tip slab. Sunt un om foarte puternic. Am plecat cu regretul c\u0103 n-am putut s\u0103 pun \u00een aplicare ceea ce mi-am propus. <\/span><\/p>\n<p data-index=\"3\"><span lang=\"ro-RO\"><strong>Reporter:<\/strong> A\u0163i avut o \u00eent\u00e2lnire cu domnul Dragnea \u00een care v-a explicat de ce a vrut s\u0103 va schimbe? <\/span><\/p>\n<p data-index=\"4\"><span lang=\"ro-RO\"><strong>Adrian \u021au\u021buianu:<\/strong> M-a sunat a dou\u0103 zi, m-a invitat la o discu\u0163ie. I-am spus c\u0103 nu simt nevoia s\u0103 fac nicio discu\u0163ie la momentul acela pe subiectul Ministerul Ap\u0103r\u0103rii Na\u0163ionale. Cred c\u0103 ast\u0103zi suntem la peste o lun\u0103 de zile de c\u00e2nd s-a \u00eent\u00e2mplat acel eveniment, preocup\u0103rile mele sunt legate de viitor \u015fi nu de trecut \u015fi cred c\u0103 explica\u0163iile pe care le-am dat atunci sunt suficiente.<\/span><\/p>\n<p data-index=\"5\"><span lang=\"ro-RO\"><strong>Reporter:<\/strong> Deci nu a\u0163i avut o discu\u0163ie l\u0103muritoare.<\/span><\/p>\n<p data-index=\"6\"><span lang=\"ro-RO\"><strong>Adrian \u021au\u021buianu:<\/strong> Nu am avut niciodat\u0103 o discu\u0163ie complet\u0103 \u015fi nici nu am nevoie de o asemenea discu\u0163ie.<\/span><\/p>\n<p data-index=\"7\"><strong><span lang=\"ro-RO\">Urm\u0103ri\u021bi\u00a0<a href=\"https:\/\/www.digi24.ro\/emisiuni\/in-fata-ta\/in-fata-ta-17-octombrie-22-30-812822\" target=\"_blank\" rel=\"noopener noreferrer\" data-skip-linkfix=\"1\">AICI\u00a0<\/a>interviul integral.<\/span><\/strong><\/p>\n<\/div>\n<p> Source URL: https:\/\/www.digi24.ro\/stiri\/actualitate\/politica\/tutuianu-nu-am-mai-vorbit-cu-dragnea-dupa-demisie-nu-simt-nevoia-813075<\/p>\n","protected":false},"excerpt":{"rendered":"<p>Adrian \u0162u\u0163uianu spune c\u0103 a plecat din Ministerul Ap\u0103r\u0103rii cu regrete. Fostul ministru a povestit, la emisiunea \u201e\u00cen fa\u0163a ta\u201d, c\u0103 a refuzat s\u0103 discute cu Liviu Dragnea atunci c\u00e2nd acesta l-a sunat, a doua zi dup\u0103 ce demisionase. Adrian \u021au\u021buianu: Am \u015fi eu \u00eentreb\u0103rile mele. E normal s\u0103 le am. Eu n-am plecat cu [&hellip;]<\/p>\n","protected":false},"author":1,"featured_media":132029,"comment_status":"open","ping_status":"","sticky":false,"template":"","format":"standard","meta":{"footnotes":""},"categories":[2],"tags":[11],"class_list":["post-132028","post","type-post","status-publish","format-standard","has-post-thumbnail","hentry","category-politics","tag-digi24"],"_links":{"self":[{"href":"https:\/\/analyse.optim.biz\/index.php?rest_route=\/wp\/v2\/posts\/132028","targetHints":{"allow":["GET"]}}],"collection":[{"href":"https:\/\/analyse.optim.biz\/index.php?rest_route=\/wp\/v2\/posts"}],"about":[{"href":"https:\/\/analyse.optim.biz\/index.php?rest_route=\/wp\/v2\/types\/post"}],"author":[{"embeddable":true,"href":"https:\/\/analyse.optim.biz\/index.php?rest_route=\/wp\/v2\/users\/1"}],"replies":[{"embeddable":true,"href":"https:\/\/analyse.optim.biz\/index.php?rest_route=%2Fwp%2Fv2%2Fcomments&post=132028"}],"version-history":[{"count":0,"href":"https:\/\/analyse.optim.biz\/index.php?rest_route=\/wp\/v2\/posts\/132028\/revisions"}],"wp:featuredmedia":[{"embeddable":true,"href":"https:\/\/analyse.optim.biz\/index.php?rest_route=\/wp\/v2\/media\/132029"}],"wp:attachment":[{"href":"https:\/\/analyse.optim.biz\/index.php?rest_route=%2Fwp%2Fv2%2Fmedia&parent=132028"}],"wp:term":[{"taxonomy":"category","embeddable":true,"href":"https:\/\/analyse.optim.biz\/index.php?rest_route=%2Fwp%2Fv2%2Fcategories&post=132028"},{"taxonomy":"post_tag","embeddable":true,"href":"https:\/\/analyse.optim.biz\/index.php?rest_route=%2Fwp%2Fv2%2Ftags&post=132028"}],"curies":[{"name":"wp","href":"https:\/\/api.w.org\/{rel}","templated":true}]}}