{"id":132022,"date":"2017-10-18T14:07:28","date_gmt":"2017-10-18T11:07:28","guid":{"rendered":"https:\/\/analyse.optim.biz\/?p=132022"},"modified":"2017-10-18T14:07:28","modified_gmt":"2017-10-18T11:07:28","slug":"tariceanu-i-a-taiat-microfonul-in-mod-repetat-ralucai-turcan-pe-motiv-ca-face-declaratii-politice","status":"publish","type":"post","link":"https:\/\/analyse.optim.biz\/?p=132022","title":{"rendered":"T\u0103riceanu i-a \u201et\u0103iat\u201d microfonul \u00een mod repetat Raluc\u0103i Turcan pe motiv c\u0103 face declara\u021bii politice"},"content":{"rendered":"<div class=\"entry data-app-meta data-app-meta-article\" data-embed-base-url-canonical=\"https:\/\/www.digi24.ro\/embed\/stiri\/actualitate\/politica\/tariceanu-i-a-taiat-microfonul-in-mod-repetat-ralucai-turcan-pe-motiv-ca-face-declaratii-politice-813116\">\n<p data-index=\"1\"><strong>Pre\u0219edintele Senatului, C\u0103lin Popescu-T\u0103riceanu, care a condus miercuri \u0219edin\u021ba comun\u0103 a Parlamentului, i-a \u00eentrerupt de mai multe ori microfonul liderului deputa\u021bilor PNL, Raluca Turcan, \u00een cadrul dezbaterilor privind numirea conducerii Autorit\u0103\u021bii Na\u021bionale de Reglementare \u00een Energie (ANRE), pe motiv c\u0103 folose\u0219te acest prilej pentru a face declara\u021bii politice.<\/strong><\/p>\n<figure class=\"article-thumb\"><img decoding=\"async\" src=\"https:\/\/analyse.optim.biz\/wp-content\/uploads\/2024\/09\/agfzad03mmy5ntuyztuzmty3odm0m2vkmdczmtk3ztzhzwzjzg-thumb_-1.jpg\" alt=\"turcan\" data-skip-htmlfix=\"1\" title=\"agfzad03mmy5ntuyztuzmty3odm0m2vkmdczmtk3ztzhzwzjzg-thumb_-1\"><figcaption> Foto: Inquam Photos \/ Octav Ganea <\/figcaption><\/figure>\n<p data-index=\"2\">C\u0103lin Popescu-T\u0103riceanu i-a \u00eentrerupt microfonul <strong>Raluc\u0103i Turcan (f0t0)<\/strong> \u00een mai multe r\u00e2nduri, dar durata fiec\u0103rei \u00eentreruperi a fost de doar c\u00e2teva secunde.<\/p>\n<p data-index=\"3\"><strong>\u201eParlamentarii PNL nu \u00een\u021beleg de ce trebuie s\u0103 mai d\u0103m un vot \u00een plen \u00een cazul acesta. Era suficient\u0103 o decizie a CEx sau poate s\u0103 semna\u021bi o declara\u021bie a Parlamentului prin care s\u0103 v\u0103 asuma\u021bi c\u0103 ad\u0103uga\u021bi \u0219i ANRE la butoniera politic\u0103 a institu\u021biilor controlate de PSD\u201d<\/strong>, \u0219i-a \u00eenceput discursul Turcan, enumer\u00e2nd institu\u021bii <strong>\u201esubordonate politic\u201d<\/strong>.<\/p>\n<p data-index=\"4\">T\u0103riceanu a avertizat-o c\u0103 va \u00eentrerupe microfonul.<\/p>\n<p data-index=\"5\"><strong>\u201ePermite\u021bi-mi s\u0103 explic votul PNL \u0219i nu v\u0103 ambi\u021biona\u021bi \u00eentr-o chestie \u00een afara regulamentului. (&#8230;) Voi spune votul PNL pentru c\u0103 am dreptul s\u0103 &#8230; Domnule pre\u0219edinte &#8230; juc\u0103ria &#8230; Domnule pre\u0219edinte, sunte\u021bi abuziv! Voi sta aici p\u00e2n\u0103 c\u00e2nd v\u0103 reveni\u021bi. (&#8230;) Nu plec de aici. Este dreptul meu parlamentar. (&#8230;) PNL are 20% \u0219i avem acest drept. Nu plec de aici. Sunte\u021bi abuziv\u201d<\/strong>, a spus Turcan, \u00een timp ce T\u0103riceanu \u00eencerca s\u0103 \u00eentrerup\u0103 definitiv microfonul.<\/p>\n<p data-index=\"6\">Cum se taie microfonul, \u00eentreba \u00een acest timp pre\u0219edintele Senatului.<\/p>\n<p data-index=\"7\"><strong>\u201eDoamna Turcan, v\u0103 atrag aten\u021bia c\u0103 ave\u021bi posibilitatea s\u0103 v\u0103 exprima\u021bi aceste puncte de vedere, cu toat\u0103 considera\u021bia v\u0103 spun, la declara\u021bii politice. (&#8230;) V\u0103 rog s\u0103 v\u0103 referi\u021bi la ordinea de zi. (&#8230;) Cred c\u0103 ave\u021bi obliga\u021bia s\u0103 respecta\u021bi Parlamentul \u0219i pe colegi. Nu confunda\u021bi un proiect de hot\u0103r\u00e2re cu declara\u021biile politice\u201d<\/strong>, i-a transmis T\u0103riceanu liderului grupului deputa\u021bilor PNL.<\/p>\n<p data-index=\"8\"><strong>\u201eNu respect mai pu\u021bin dec\u00e2t dumneavoastr\u0103\u201d<\/strong>, a replicat Turcan.<\/p>\n<p data-index=\"9\">T\u0103riceanu a avertizat-o din nou pe Turcan c\u0103, dac\u0103 nu se refer\u0103 la proiectul de hot\u0103r\u00e2re privind numirea conducerii ANRE, \u00eei va opri din nou microfonul.<\/p>\n<p data-index=\"10\"><strong>\u201eEvident, c\u0103 doar altceva nu ave\u021bi de f\u0103cut. Nu ave\u021bi, c\u0103 nu ave\u021bi alte preocup\u0103ri &#8211; legile pe Justi\u021bie, controlul politic al institu\u021biilor\u201d<\/strong>, a ad\u0103ugat Turcan.<\/p>\n<p data-index=\"11\">T\u0103riceanu a continuat: <strong>\u201eDoamna Turcan, dumneavoastr\u0103 confunda\u021bi Parlamentul cu o pia\u021b\u0103 public\u0103. V\u0103 rog foarte mult, respecta\u021bi regulamentul! Altfel sunt nevoit s\u0103 cer chestorilor s\u0103 fac\u0103 ordine \u00een sal\u0103\u201d<\/strong>.<\/p>\n<p data-index=\"12\"><strong>\u201ePNL este \u00eempotriva acestor numiri. De ce? Pentru c\u0103, pe de o parte, o transforma\u021bi \u00eentr-o marionet\u0103 politic\u0103, iar pe de alt\u0103 parte \u00eencerca\u021bi s\u0103 v\u0103 g\u0103si\u021bi un instrument \u00een lupta dumneavoastr\u0103 de identificare a unor du\u0219mani imaginari. ANRE nu este vinovat de cre\u0219terea pre\u021burilor, pentru c\u0103 nu a crescut ANRE acciza la combustibil. ANRE nu este responsabil pentru tot ceea ce se \u00eent\u00e2mpl\u0103 \u00een domeniul economic, pentru c\u0103 m\u0103surile guvernamentale sunt asumate de PSD. PNL consider\u0103 c\u0103 aceste numiri nu au leg\u0103tur\u0103 cu profesionalismul, nu au leg\u0103tur\u0103 cu un comportament parlamentar echilibrat \u0219i lipsit de abuz \u0219i \u00een plus respingem cu fermitate acest asalt la adresa institu\u021biilor statului pe care dori\u021bi s\u0103 vi le subordona\u021bi \u00een mod direct\u201d<\/strong>, a completat Raluca Turcan.<\/p>\n<p data-index=\"13\"><em>Sursa: Agerpres<\/em><\/p>\n<\/div>\n<p> Source URL: https:\/\/www.digi24.ro\/stiri\/actualitate\/politica\/tariceanu-i-a-taiat-microfonul-in-mod-repetat-ralucai-turcan-pe-motiv-ca-face-declaratii-politice-813116<\/p>\n","protected":false},"excerpt":{"rendered":"<p>Pre\u0219edintele Senatului, C\u0103lin Popescu-T\u0103riceanu, care a condus miercuri \u0219edin\u021ba comun\u0103 a Parlamentului, i-a \u00eentrerupt de mai multe ori microfonul liderului deputa\u021bilor PNL, Raluca Turcan, \u00een cadrul dezbaterilor privind numirea conducerii Autorit\u0103\u021bii Na\u021bionale de Reglementare \u00een Energie (ANRE), pe motiv c\u0103 folose\u0219te acest prilej pentru a face declara\u021bii politice. Foto: Inquam Photos \/ Octav Ganea C\u0103lin [&hellip;]<\/p>\n","protected":false},"author":1,"featured_media":132023,"comment_status":"open","ping_status":"","sticky":false,"template":"","format":"standard","meta":{"footnotes":""},"categories":[2],"tags":[11],"class_list":["post-132022","post","type-post","status-publish","format-standard","has-post-thumbnail","hentry","category-politics","tag-digi24"],"_links":{"self":[{"href":"https:\/\/analyse.optim.biz\/index.php?rest_route=\/wp\/v2\/posts\/132022","targetHints":{"allow":["GET"]}}],"collection":[{"href":"https:\/\/analyse.optim.biz\/index.php?rest_route=\/wp\/v2\/posts"}],"about":[{"href":"https:\/\/analyse.optim.biz\/index.php?rest_route=\/wp\/v2\/types\/post"}],"author":[{"embeddable":true,"href":"https:\/\/analyse.optim.biz\/index.php?rest_route=\/wp\/v2\/users\/1"}],"replies":[{"embeddable":true,"href":"https:\/\/analyse.optim.biz\/index.php?rest_route=%2Fwp%2Fv2%2Fcomments&post=132022"}],"version-history":[{"count":0,"href":"https:\/\/analyse.optim.biz\/index.php?rest_route=\/wp\/v2\/posts\/132022\/revisions"}],"wp:featuredmedia":[{"embeddable":true,"href":"https:\/\/analyse.optim.biz\/index.php?rest_route=\/wp\/v2\/media\/132023"}],"wp:attachment":[{"href":"https:\/\/analyse.optim.biz\/index.php?rest_route=%2Fwp%2Fv2%2Fmedia&parent=132022"}],"wp:term":[{"taxonomy":"category","embeddable":true,"href":"https:\/\/analyse.optim.biz\/index.php?rest_route=%2Fwp%2Fv2%2Fcategories&post=132022"},{"taxonomy":"post_tag","embeddable":true,"href":"https:\/\/analyse.optim.biz\/index.php?rest_route=%2Fwp%2Fv2%2Ftags&post=132022"}],"curies":[{"name":"wp","href":"https:\/\/api.w.org\/{rel}","templated":true}]}}