{"id":1319613,"date":"2019-03-05T06:20:37","date_gmt":"2019-03-05T03:20:37","guid":{"rendered":"https:\/\/analyse.optim.biz\/?p=1319613"},"modified":"2019-03-05T06:20:37","modified_gmt":"2019-03-05T03:20:37","slug":"dosarul-avocatii-firea-si-baronii-locali-ascund-ilegalitatile-pe-bani-publici-dna","status":"publish","type":"post","link":"https:\/\/analyse.optim.biz\/?p=1319613","title":{"rendered":"Dosarul \u201dAvoca\u021bii\u201d. Firea \u0219i baronii locali ascund ilegalit\u0103\u021bile pe bani publici! DNA&#8230;"},"content":{"rendered":"<article id=\"post-2100\" class=\"post-2100 post type-post status-publish format-standard has-post-thumbnail hentry category-articol-principal category-investigatii category-ultimele-stiri tag-avocati tag-bani-publici tag-contracte tag-dosarul-avocatii tag-gabriela-firea tag-ilegal tag-instanta tag-litigii tag-pmb tag-stiri-tulcea\">\n<div class=\"td-pb-row\">\n<div class=\"td-pb-span12\">\n<div class=\"td-post-header td-pb-padding-side\">\n<div class=\"entry-crumbs\"><span><a title class=\"entry-crumb\" href=\"https:\/\/subiectivtulcea.ro\/\">Acas\u0103<\/a><\/span><span><a title=\"Vede\u021bi toate articolele \u00een Articol Principal\" class=\"entry-crumb\" href=\"https:\/\/subiectivtulcea.ro\/category\/articol-principal\/\">Articol Principal<\/a><\/span><span class=\"td-bred-no-url-last\">Dosarul \u201dAvoca\u021bii\u201d. Firea \u0219i baronii locali ascund ilegalit\u0103\u021bile pe bani publici! DNA&#8230;<\/span><\/div>\n<ul class=\"td-category\">\n<li class=\"entry-category\"><a href=\"https:\/\/subiectivtulcea.ro\/category\/articol-principal\/\">Articol Principal<\/a><\/li>\n<li class=\"entry-category\"><a href=\"https:\/\/subiectivtulcea.ro\/category\/investigatii\/\">Investiga\u021bii<\/a><\/li>\n<li class=\"entry-category\"><a href=\"https:\/\/subiectivtulcea.ro\/category\/ultimele-stiri\/\">Ultimele \u0218tiri<\/a><\/li>\n<\/ul>\n<header>\n<h1 class=\"entry-title\">Dosarul \u201dAvoca\u021bii\u201d. Firea \u0219i baronii locali ascund ilegalit\u0103\u021bile pe bani publici! DNA \u0219i Curtea de Conturi \u00eei contrazic<\/h1>\n<div class=\"meta-info\">\n<div class=\"td-post-author-name\">\n<div class=\"td-author-by\">De c\u0103tre<\/div>\n<p><a href=\"https:\/\/subiectivtulcea.ro\/author\/sorin\/\">Stefan Vasilescu<\/a><\/p>\n<div class=\"td-author-line\"> &#8211; <\/div>\n<\/div>\n<p><span class=\"td-post-date\"><time class=\"entry-date updated td-module-date\" datetime=\"2019-03-05T06:20:37+00:00\">martie 5, 2019<\/time><\/span><\/p>\n<div class=\"td-post-views\"><span class=\"td-nr-views-2100\">1740<\/span><\/div>\n<div class=\"td-post-comments\"><a href=\"https:\/\/subiectivtulcea.ro\/dosarul-avocatii-firea-si-baronii-locali-ascund-ilegalitatile-pe-bani-publici-dna-si-curtea-de-conturi-ii-contrazic\/#respond\">0<\/a><\/div>\n<\/div>\n<\/header>\n<\/div>\n<\/div>\n<\/div>\n<div class=\"td-pb-row\">\n<div class=\"td-pb-span8 td-main-content\" role=\"main\">\n<div class=\"td-ss-main-content\">\n<div class=\"td-post-sharing td-post-sharing-top td-pb-padding-side\"><span class=\"td-post-share-title\">DISTRIBUI\u021aI<\/span><\/p>\n<div class=\"td-default-sharing \"><a class=\"td-social-sharing-buttons td-social-facebook\" href=\"https:\/\/www.facebook.com\/sharer.php?u=https%3A%2F%2Fsubiectivtulcea.ro%2Fdosarul-avocatii-firea-si-baronii-locali-ascund-ilegalitatile-pe-bani-publici-dna-si-curtea-de-conturi-ii-contrazic%2F\"><\/p>\n<div class=\"td-social-but-text\">Facebook<\/div>\n<p><\/a><a class=\"td-social-sharing-buttons td-social-twitter\" href=\"https:\/\/twitter.com\/intent\/tweet?text=Dosarul+%E2%80%9DAvoca%C8%9Bii%E2%80%9D.+Firea+%C8%99i+baronii+locali+ascund+ilegalit%C4%83%C8%9Bile+pe+bani+publici%21+DNA+%C8%99i+Curtea+de+Conturi+%C3%AEi+contrazic&amp;url=https%3A%2F%2Fsubiectivtulcea.ro%2Fdosarul-avocatii-firea-si-baronii-locali-ascund-ilegalitatile-pe-bani-publici-dna-si-curtea-de-conturi-ii-contrazic%2F&amp;via=Subiectiv+De+Tulcea+-+Cotidianul+Cu+Stiri+Pe+Surse\"><\/p>\n<div class=\"td-social-but-text\">Twitter<\/div>\n<p><\/a><\/div>\n<\/div>\n<div class=\"td-post-content td-pb-padding-side\">\n<div class=\"td-post-featured-image\">\n<figure><a href=\"https:\/\/analyse.optim.biz\/wp-content\/uploads\/2026\/01\/instituc89biile-publice-au-angajat-ilegal-avocac89bi-pentru-a-le-reprezenta-interesele-c3aen-instanc89bc483-1.jpg\" data-caption=\"Institu\u021biile publice au angajat ilegal avoca\u021bi pentru a le reprezenta interesele \u00een instan\u021b\u0103\"><img loading=\"lazy\" decoding=\"async\" width=\"549\" height=\"330\" class=\"entry-thumb td-modal-image\" src=\"https:\/\/analyse.optim.biz\/wp-content\/uploads\/2026\/01\/instituc89biile-publice-au-angajat-ilegal-avocac89bi-pentru-a-le-reprezenta-interesele-c3aen-instanc89bc483-1.jpg\" title=\"Institu\u021biile publice au angajat ilegal avoca\u021bi pentru a le reprezenta interesele \u00een instan\u021b\u0103\"><\/a><figcaption class=\"wp-caption-text\">Institu\u021biile publice au angajat ilegal avoca\u021bi pentru a le reprezenta interesele \u00een instan\u021b\u0103<\/figcaption><\/figure>\n<\/div>\n<p><strong>Primarul general al Capitalei, Gabriela Firea, perpetueaz\u0103 ilegalit\u0103\u021bile \u201emo\u0219tenite\u201d de la predecesorul s\u0103u, Sorin Oprescu, relateaz\u0103 <a href=\"http:\/\/cetateanul.net\/\"><span>Cetateanul.net<\/span><\/a>. O armat\u0103 de avoca\u021bi, angaja\u021bi ilegal, sunt pl\u0103\u021bi cu bani publici s\u0103 reprezinte Prim\u0103ria Capitalei \u00een instan\u021b\u0103 \u2013 de multe ori chiar \u00eempotriva cet\u0103\u021benilor care reclam\u0103 abuzuri sau ilegalit\u0103\u021bi. Firea arunc\u0103 cu banii de\u0219i Prim\u0103ria dispune de o structur\u0103 de specialitate juridic\u0103 cu peste 50 de angaja\u021bi.<\/strong><\/p>\n<p>\u00cen anul 2012, \u00een urma sesiz\u0103rilor Cur\u0163ii de Conturi, Guvernul a emis o ordonan\u0163\u0103 prin care a interzis contractele de asisten\u0163\u0103 juridic\u0103 dintre prim\u0103rii \u015fi case de avocatur\u0103, care erau pl\u0103tite cu sute de euro pe or\u0103. Este vorba de <strong>OUG nr. 26\/2012 privind unele m\u0103suri de reducere a cheltuielilor publice \u0219i \u00eent\u0103rirea disciplinei financiare<\/strong>. Prim\u0103ria Municipiului Bucure\u0219ti (PMB) nu s-a conformat deciziei nici p\u00e2n\u0103 \u00een ziua de azi.<\/p>\n<p>Pe c\u00e2nd era primar al Capitalei, Sorin Oprescu a pl\u0103tit peste 51 milioane de lei pe avoca\u021bi, dup\u0103 cum a stabilit Curtea de Conturi a Rom\u00e2niei. Totul s-a f\u0103cut prin contracte-cadru, cu mari case de avocatur\u0103. La aceea\u0219i \u0219mecherie a recurs \u0219i Gabriela Firea pentru a sifona bani publici.<\/p>\n<h2><strong>PMB, \u0219ase acorduri-cadru cu case de avocatur\u0103<\/strong><\/h2>\n<p>R\u0103spunz\u00e2nd unei solicit\u0103ri formulate de ziarul \u201eCet\u0103\u021beanul\u201d, Prim\u0103ria Capitalei a recunoscut c\u0103 are \u00een derulare \u0219ase contracte-cadru cu case de avocatur\u0103, pe o perioad\u0103 de 4 ani, aprobate de Consiliul General al Municipiului Bucure\u0219ti (CGMB). Culmea, Prim\u0103ria invoc\u0103 drept baz\u0103 legal\u0103 pentru \u00eencheierea acestora OUG nr. 26\/2012, adic\u0103 tocmai actul normativ care \u00eei interzicea s\u0103 externalizeze serviciile de asisten\u021b\u0103 juridic\u0103.<\/p>\n<p><em>\u201ePrim\u0103ria Municipiului Bucure\u0219ti a \u00eencheiat, \u00een urma unei licita\u021bii publice, un num\u0103r de 6 (\u0219ase) acorduri-cadru de consultan\u021b\u0103 \u0219i reprezentare juridic\u0103 a intereselor Municipiului Bucure\u0219ti, \u00een baza OUG nr. 26\/2012 privind unele m\u0103suri de reducere a cheltuielilor publice \u0219i \u00eent\u0103rirea disciplinei financiare \u0219i de modificare \u0219i completare a unor acte normative cu modific\u0103rile \u0219i complet\u0103rile ulterioare, a Legii nr. 51\/1995 privind organizarea \u0219i exercitarea profesiei de avocat \u2013 republicat\u0103 \u0219i a HCGMB nr. 350\/2017. Acordurile-cadru au fost \u00eencheiate pe o durat\u0103 de 4 ani\u201d<\/em>, se arat\u0103 \u00eentr-o adres\u0103 remis\u0103 Redac\u021biei \u201eCet\u0103\u021beanul\u201d.<\/p>\n<p>Numai c\u0103, prin \u00eencheierea acordurilor-cadru, Prim\u0103ria Capitalei a transformat \u00eentr-o regul\u0103 excep\u021bia prev\u0103zut\u0103 de lege pentru angajarea de avoca\u021bi, atrag aten\u021bia speciali\u0219tii \u00een drept.<\/p>\n<h2><strong>Cum justific\u0103 Firea \u00eenc\u0103lcarea legii<\/strong><\/h2>\n<figure id=\"attachment_2104\" class=\"wp-caption aligncenter\"><img loading=\"lazy\" decoding=\"async\" class=\"size-full wp-image-2104\" src=\"https:\/\/analyse.optim.biz\/wp-content\/uploads\/2026\/01\/primarul-general-gabriela-firea-folosec899te-o-armatc483-de-avocac89bi-plc483tic89bi-din-bani-publici.jpg\" width=\"960\" height=\"638\" title=\"primarul-general-gabriela-firea-folosec899te-o-armatc483-de-avocac89bi-plc483tic89bi-din-bani-publici\"><figcaption class=\"wp-caption-text\">Primarul general Gabriela Firea folose\u0219te o armat\u0103 de avoca\u021bi pl\u0103ti\u021bi din bani publici<\/figcaption><\/figure>\n<p>\u00cen expunerea de motive a Hot\u0103r\u00e2rii nr. 350\/30.08.2017, primarul general Gabriela Firea a invocat num\u0103rul foarte mare de procese pe care le are Prim\u0103ria \u0219i num\u0103rul mic de juri\u0219ti.<\/p>\n<p><em>\u201e\u00cen cadrul activit\u0103\u021bii curente, <strong>pentru a r\u0103spunde necesit\u0103\u021bii cet\u0103\u021benilor<\/strong>, Municipiul Bucure\u0219ti este confruntat cu o multitudine de problematici c\u0103rora este necesar s\u0103 li se dea o dezlegare din punct de vedere al legalit\u0103\u021bii. (\u2026) \u00cen mod curent, Municipiul Bucure\u0219ti este parte \u00een peste 7.000 de dosare aflate pe rolul instan\u021belor de judecat\u0103, \u00een diverse stadii procesuale. \u00cen aceast\u0103 calitate, Municipiul Bucure\u0219ti este \u021binut s\u0103 formuleze ap\u0103r\u0103ri, s\u0103 propun\u0103 administrarea unor probatorii, s\u0103 redacteze cereri de chemare \u00een judecat\u0103, s\u0103 promoveze c\u0103i de atac. De asemenea, Municipiul Bucure\u0219ti a fost chemat \u00een judecat\u0103, \u00eencep\u00e2nd cu data de 01.07.2017, \u00eentr-un num\u0103r estimat de peste 5.000 de litigii av\u00e2nd ca obiect Legea 10\/2001. <strong>\u00cen cadrul Direc\u021biei Juridic sunt \u00eencadrate doar 52 de persoane care au calitatea de consilier juridic. <\/strong>Dintre acestea, doar 27 de consilieri juridici au atribu\u021bii de asisten\u021b\u0103 \u0219i reprezentare \u00een instan\u021b\u0103\u201d<\/em>, motiveaz\u0103 primarul nesocotirea prevederilor legale care \u00eei interzic angajarea de avoca\u021bi.<\/p>\n<p>Asta cel pu\u021bin \u00een teorie, pentru c\u0103, de multe ori, avoca\u021bii pl\u0103ti\u021bi cu bani grei ajung s\u0103 fie asmu\u021bi\u021bi \u00eempotriva simplilor cet\u0103\u021beni, adic\u0103 \u00eempotriva celor ale c\u0103ror <strong>\u201enevoi\u201d<\/strong> sunt invocate de Firea pentru externalizarea serviciilor juridice \u0219i care contribuie la bugetul extrem de generos al Prim\u0103riei Capitalei.<\/p>\n<p>Astfel, dac\u0103 ac\u0163ionezi PMB \u00een instan\u0163\u0103 pentru c\u0103 nu a r\u0103spuns la o banal\u0103\u00a0\u00a0 solicitare de informa\u021bii de interes public, \u00een baza Legii 544\/2001 \u2013 lucru pe care func\u021bionarii \u00eel fac destul de des \u2013, \u015fi pierzi procesul, ri\u015fti s\u0103 te alegi cu cheltuieli de judecat\u0103 de c\u00e2teva mii de euro, pe care trebuie s\u0103 le achi\u0163i c\u0103tre avoca\u0163ii Prim\u0103riei.<\/p>\n<h2><strong>Datele contractelor, \u021binute la secret<\/strong><\/h2>\n<p>Func\u021bionarii Gabrielei Firea au refuzat s\u0103 fac\u0103 publice numele caselor de avocatur\u0103 cu care a \u00eencheiat acordurile-cadru, precum \u0219i valoarea contractelor, pe motiv c\u0103 aceste date ar fi confiden\u021biale. Asta cu toate c\u0103 vorbim de <strong>bani publici<\/strong>. Pentru a ascunde datele de interes public, Prim\u0103ria invoc\u0103 Legea avocaturii, ale c\u0103rei prevederi \u00eei vizeaz\u0103 strict pe avoca\u021bi.<\/p>\n<p><em>\u201eV\u0103 inform\u0103m c\u0103, \u00een urma analizei efectuate, nu putem da curs acestei solicit\u0103ri din motivele prezentate \u00een continuare. Astfel, conform clauzelor Acordului cadru \u0219i conform art. 35 alin. 1) din <strong>Legea nr. 51\/1995 privind organizarea \u0219i exercitarea profesiei de avocat,<\/strong> actele \u0219i lucr\u0103rile cu caracter profesional ale avocatului reprezint\u0103 secret profesional. De asemenea, con\u021binutul contractului de asisten\u021b\u0103 juridic\u0103 are, potrivit legii, <strong>caracter confiden\u021bial<\/strong>, dup\u0103 cum rezult\u0103 \u0219i din clauza special\u0103 obligatorie din modelul de contract prev\u0103zut \u00een anex\u0103 la Statutul profesiei de avocat. Prezentul contract nu poate fi adus la cuno\u0219tin\u021ba ter\u021bilor dec\u00e2t cu acordul expres al p\u0103r\u021bilor. Prin urmare, documentele solicitate nu se \u00eencadreaz\u0103 \u00een no\u021biunea de informa\u021bii de interes public <strong>conform dispozi\u021biilor Legii 544\/2001 privind liberul acces la informa\u021biile de interes public<\/strong>, fiind sub inciden\u021ba unor prevederi legale care stabilesc caracterul confiden\u021bial al acestora\u201d<\/em>, se arat\u0103 \u00een documentul remis de PMB.<\/p>\n<h2><strong>Secretul profesional, obliga\u021bia avocatului, NU a clientului<\/strong><\/h2>\n<p>Legea 51 din 7 iunie 1995 privind organizarea \u015fi exercitarea profesiei de avocat, republicat\u0103 \u00een 2001, prevede, printre altele, principiile func\u0163ion\u0103rii profesiei de avocat, \u00een condi\u0163iile unei legi speciale.<\/p>\n<figure id=\"attachment_2101\" class=\"wp-caption aligncenter\"><img loading=\"lazy\" decoding=\"async\" class=\"size-full wp-image-2101\" src=\"https:\/\/analyse.optim.biz\/wp-content\/uploads\/2026\/01\/avocatul-daniel-fenechiu-avertizeazc483-cc483-informac89biile-care-privesc-banii-publici-nu-pot-fi-confidenc89biale-1.jpg\" width=\"500\" height=\"430\" title=\"avocatul-daniel-fenechiu-avertizeazc483-cc483-informac89biile-care-privesc-banii-publici-nu-pot-fi-confidenc89biale-1\"><figcaption class=\"wp-caption-text\">Avocatul Daniel Fenechiu avertizeaz\u0103 c\u0103 informa\u021biile care privesc banii publici nu pot fi confiden\u021biale<\/figcaption><\/figure>\n<p>Speciali\u0219tii \u00een drept spun c\u0103 secretul profesional este obliga\u021bia avocatului, nu a clientului. \u00cen plus, informa\u021biile referitoare la cheltuirea banilor publici nu sunt date confiden\u021biale, indiferent de clauzele contractuale.<\/p>\n<p><em>\u201eInstitu\u021biile publice sunt obligate, conform legii, s\u0103 furnizeze informa\u021biile legate de contractele cu avoca\u021bi, chiar dac\u0103 acestea nu au fost \u00eencheiate \u00een urma unor licita\u021bii. <strong>Vorbim de bani publici, iar aceste institu\u021bii trebuie s\u0103 respecte regulile de concuren\u021b\u0103 \u0219i de transparen\u021b\u0103<\/strong>. Prim\u0103ria nu poate invoca Legea avocaturii ca s\u0103 nu dea aceste date. <strong>Legea 51 incumb\u0103 ni\u0219te obliga\u021bii \u00een sarcina avocatului, nu a clientului<\/strong> \u2013 care, \u00een acest caz, este institu\u021bia public\u0103. Deci, secretul profesional este obliga\u021bia avocatului \u0219i nu a Prim\u0103riei. Oricum, regulile care privesc banii publici bat confiden\u021bialitatea. Aici vorbim de o practic\u0103. Exist\u0103 o anumit\u0103 mafie a serviciilor juridice\u201d<\/em>, a explicat, pentru ziarul \u201eCet\u0103\u021beanul\u201d, avocatul Daniel Fenechiu, care este \u0219i membru \u00een Consiliul Baroului Bucure\u0219ti.<\/p>\n<h2><strong>Legea, \u00eenc\u0103lcat\u0103 grosolan<\/strong><\/h2>\n<p>Prin angajarea caselor de avocatur\u0103, de\u0219i dispune de un compartiment juridic numeros, Prim\u0103ria Capitalei a \u00eenc\u0103lcat OUG 26\/2012, care precizeaz\u0103, la art. 1, alin. 1: <em>\u201eAutorit\u0103\u021bile \u0219i institu\u021biile publice ale administra\u021biei publice centrale \u0219i locale, indiferent de modul de finan\u021bare \u0219i subordonare, societ\u0103\u021bile na\u021bionale, companiile na\u021bionale \u0219i societ\u0103\u021bile comerciale cu capital integral sau majoritar de stat, precum \u0219i regiile autonome care au \u00een structura organizatoric\u0103 personal propriu de specialitate juridic\u0103 nu pot achizi\u021biona servicii juridice de consultan\u021b\u0103, de asisten\u021b\u0103 \u0219i\/sau de reprezentare\u201d<\/em>.<\/p>\n<p>Legea ofer\u0103, \u00eens\u0103, o \u201eporti\u021b\u0103\u201d (situa\u021bie) \u00een care se pot folosi serviciile unei case de avocatur\u0103, cea \u00een care este nevoie ca ap\u0103r\u0103torii entit\u0103\u021bilor publice s\u0103 aib\u0103 <strong>un \u00eenalt grad de specializare<\/strong>: <em>\u201e<strong>\u00cen situa\u0163ii temeinic justificate<\/strong>, \u00een care activit\u0103\u0163ile juridice de consultan\u0163\u0103, de asisten\u0163\u0103 \u015fi\/sau de reprezentare, necesare autorit\u0103\u0163ilor \u015fi institu\u0163iilor publice prev\u0103zute la alin. (1), nu se pot asigura de c\u0103tre personalul de specialitate juridic\u0103 angajat \u00een aceste entit\u0103\u0163i, pot fi achizi\u0163ionate servicii de aceast\u0103 natur\u0103, \u00een condi\u0163iile legii, numai cu aprobarea (\u2026) consiliilor locale, consiliilor jude\u0163ene sau Consiliului General al Municipiului Bucure\u015fti, dup\u0103 caz, pentru autorit\u0103\u0163ile \u015fi institu\u0163iile publice ale administra\u0163iei publice locale\u201d<\/em>.<\/p>\n<p>Potrivit speciali\u0219tilor, sintagma <strong>\u201e\u00een situa\u021bii temeinic justificate<\/strong>\u201d, \u00een care activit\u0103\u021bile juridice de consultan\u021b\u0103, de asisten\u021b\u0103 \u0219i\/sau de reprezentare, necesare autorit\u0103\u021bilor \u0219i institu\u021biilor publice prev\u0103zute la alin. (1), nu se pot asigura de c\u0103tre personalul de specialitate juridic\u0103 angajat \u00een aceste entit\u0103\u021bi se refer\u0103 <strong>numai la cazurile concrete \u00een care personalul de specialitate juridic\u0103 angajat nu are preg\u0103tirea sau experien\u021ba necesar\u0103 impus\u0103 de natura specific\u0103 a respectivelor cauze.<\/strong><\/p>\n<p>\u201eNorma derogativ\u0103 nu se refer\u0103 la \u00eencheierea unor <strong>acorduri-cadru de consultan\u021b\u0103, asisten\u021b\u0103 \u0219i\/sau reprezentare juridic\u0103, cu caracter general<\/strong>, c\u0103ci altminteri ar \u00eensemna c\u0103 CGMB poate s\u0103 reglementeze \u00eenc\u0103lcarea legii, situa\u021bie de neconceput\u201d, a explicat un expert \u00een drept.<\/p>\n<h2><strong>Prim\u0103ria Capitalei CUNOA\u0218TE legea<\/strong><\/h2>\n<p>Prim\u0103ria Capitalei cunoa\u0219te foarte bine legea pe care acum o \u00eencalc\u0103. Astfel, PMB a \u00eencheiat \u0219i contracte cu avoca\u021bi \u00een cazuri temeinic justificate.<\/p>\n<p>Este cazul contractului de consultan\u021b\u0103, asisten\u021b\u0103 \u0219i reprezentare a Municipiului Bucure\u0219ti \u00een litigiile cu S.C. Romstrade SRL privind proiectul \u201ePasaj suprateran Mihai Bravu-Splaiul Unirii\u201d.<\/p>\n<p>\u00cencheierea acestui contract de servicii juridice a fost aprobat\u0103, cu respectarea condi\u021biilor impuse de OUG nr. 26\/2012, prin Hot\u0103r\u00e2rea CGMB nr. 11\/29.01.2013. Acest caz concret a fost temeinic justificat \u00een Expunerea de motive a primarului general \u0219i \u00een Raportul de specialitate al Direc\u021biei Juridic din PMB \u2013 actele premerg\u0103toare aprob\u0103rii hot\u0103r\u00e2rii.<\/p>\n<p>Un alt contract \u00eencheiat legal este cel care vizeaz\u0103 reprezentarea Municipiului Bucure\u0219ti \u00een litigiile conexe cu World Trade Center, aprobat prin HCGMB nr. 169\/31.05.2013.<\/p>\n<p>\u00cencheierea acestor contracte de servicii juridice s-a aprobat, cu respectarea condi\u021biilor impuse de OUG nr. 26\/2012, prin Hot\u0103r\u00e2rea CGMB nr. 169\/31.05.2013 (anexa 8). Acest caz concret este temeinic justificat \u00een Expunerea de motive a Primarului General \u0219i Raportul de specialitate al Direc\u021biei Juridic din PMB \u2013 actele premerg\u0103toare aprob\u0103rii HCGMB nr. 169\/31.05.2013.<\/p>\n<h2><strong>Avoca\u021bii pl\u0103ti\u021bi din bani publici, lua\u021bi la bani m\u0103run\u021bi<\/strong><\/h2>\n<figure id=\"attachment_2103\" class=\"wp-caption aligncenter\"><img loading=\"lazy\" decoding=\"async\" class=\"size-large wp-image-2103\" src=\"https:\/\/analyse.optim.biz\/wp-content\/uploads\/2026\/01\/prec899edintele-cj-tulcea-horia-teodorescu-angajeazc483-avocac89bi-pe-bandc483-rulantc483-pentru-procesele-cu-agricultorii-privac89bi-pe-care-i-a-deposedat-de-patrimoniu-1-1024x576-1.jpg\" width=\"640\" height=\"360\" title=\"prec899edintele-cj-tulcea-horia-teodorescu-angajeazc483-avocac89bi-pe-bandc483-rulantc483-pentru-procesele-cu-agricultorii-privac89bi-pe-care-i-a-deposedat-de-patrimoniu-1-1024x576-1\"><figcaption class=\"wp-caption-text\">Pre\u0219edintele CJ Tulcea, Horia Teodorescu, angajeaz\u0103 avoca\u021bi pe band\u0103 rulant\u0103 pentru procesele cu agricultorii priva\u021bi, pe care i-a deposedat de patrimoniu<\/figcaption><\/figure>\n<p>\u00centre timp, instan\u021bele de judecat\u0103 care au pe rol dosare \u00een care pledeaz\u0103 avoca\u021bi pl\u0103ti\u021bi din bani publici au \u00eenceput s\u0103 cear\u0103 angajatorilor acestora hot\u0103r\u00e2rile de consiliu jude\u021bean sau local prin care ar fi trebuit s\u0103 fie aprobate contractele de reprezentare juridic\u0103.<\/p>\n<p>Este cazul Tribunalului Gala\u021bi, care judec\u0103 un litigiu \u00eentre Consiliul Jude\u021bean Tulcea, condus de <strong>Horia Teodorescu<\/strong>, \u0219i <strong>Agrodelta Sireasa SA<\/strong>, cel mai mare agricultor privat din Delta Dun\u0103rii.<\/p>\n<p>Agrodelta, fost\u0103 companie de stat, cu capital 100% rom\u00e2nesc, se lupt\u0103 \u00een instan\u021b\u0103 de ani de zile cu baronii locali de la Tulcea ca s\u0103-\u0219i recupereze propriet\u0103\u021bile, preluate abuziv de c\u0103tre autorit\u0103\u021bile locale. \u00cen aceast\u0103 lupt\u0103, Consiliul Jude\u021bean Tulcea a beneficiat de serviciile unor case mari de avocatur\u0103, pl\u0103tite rege\u0219te din fonduri publice. Asta cu toate c\u0103 LEGEA le interzice institu\u021biilor publice cu aparat juridic propriu s\u0103 externalizeze serviciile juridice.<\/p>\n<h2><strong>Contract de asisten\u021b\u0103 juridic\u0103 nul<\/strong><\/h2>\n<figure id=\"attachment_2105\" class=\"wp-caption aligncenter\"><img loading=\"lazy\" decoding=\"async\" class=\"size-large wp-image-2105\" src=\"https:\/\/analyse.optim.biz\/wp-content\/uploads\/2026\/01\/tribunalul-galac89bi-a-cerut-avocatului-cj-tulcea-sc483-facc483-dovada-cc483-mandatul-sc483u-de-reprezentare-a-fost-c3aencheiat-conform-prevederilor-legale-1-792x1024-1.jpg\" width=\"640\" height=\"827\" title=\"tribunalul-galac89bi-a-cerut-avocatului-cj-tulcea-sc483-facc483-dovada-cc483-mandatul-sc483u-de-reprezentare-a-fost-c3aencheiat-conform-prevederilor-legale-1-792x1024-1\"><figcaption class=\"wp-caption-text\">Tribunalul Gala\u021bi a cerut avocatului CJ Tulcea s\u0103 fac\u0103 dovada c\u0103 mandatul s\u0103u de reprezentare a fost \u00eencheiat conform prevederilor legale<\/figcaption><\/figure>\n<p>\u00cen procesul aflat pe rolul Tribunalului Gala\u021bi, Agrodelta a ridicat problema legalit\u0103\u021bii contractului de asisten\u021b\u0103 juridic\u0103 \u00eencheiat de CJ Tulcea.<\/p>\n<p>Concret, ap\u0103r\u0103torii Agrodelta au atras aten\u021bia asupra nulit\u0103\u021bii contractului de asisten\u0163\u0103 juridic\u0103 \u015fi, implicit, a delega\u0163iei de reprezentare fa\u0163\u0103 de norma special\u0103 reprezentat\u0103 de OUG nr. 26\/2012, aprobat\u0103 prin Legea nr. 16\/2013 \u00een care este prev\u0103zut c\u0103 unit\u0103\u0163ile bugetare nu pot \u00eencheia contracte de asisten\u0163\u0103 juridic\u0103 cu plat\u0103 f\u0103cut\u0103 din bugetul de stat local.<\/p>\n<p><em>\u201eConsecin\u0163a \u00eenc\u0103lc\u0103rii unei norme speciale exprese este nulitatea absolut\u0103 a contractului de asisten\u0163\u0103 juridic\u0103. Prin urmare, invoc\u0103 excep\u0163ia nulit\u0103\u0163ii absolute a contractului de asisten\u0163\u0103 juridic\u0103 \u015fi, implicit, a actelor subsecvente \u2013 delega\u0163ia de reprezentare, urm\u00e2nd s\u0103 fie reprezentat reclamantul de consilieri juridici a\u015fa cum\u00a0 spune legea special\u0103 \u00een mod expres, acesta av\u00e2nd Serviciu juridic organizat, astfel cum reiese din organigrama pe care a depus-o la dosar. Ca atare, apreciaz\u0103 c\u0103 reclamantul nu este legal reprezentat la acest tennen de judecat\u0103. OUG nr. 26\/2012 interzice \u00een mod expres externalizarea serviciilor de asisten\u0163\u0103 juridic\u0103 \u00een situa\u0163ia \u00een care institu\u0163ia are organizat serviciu juridic \u015fi consilieri juridici\u201d<\/em>, se arat\u0103 \u00een \u00eencheierea \u0219edin\u021bei Tribunalului Gala\u021bi, din data de 20 februarie 2012.<\/p>\n<p><strong><em>\u201ePune \u00een vedere ap\u0103r\u0103torului reclaman\u021bilor s\u0103 depun\u0103 la dosarul cauzei Contractul de asisten\u0163\u0103 juridic\u0103 \u015fi Hot\u0103r\u00e2rea Consiliului Jude\u0163ean Tulcea privind externalizarea serviciilor juridice\u201d<\/em><\/strong>, a decis instan\u021ba.<\/p>\n<h2><strong>O hot\u0103r\u00e2re care nu exist\u0103<\/strong><\/h2>\n<figure id=\"attachment_2102\" class=\"wp-caption aligncenter\"><img loading=\"lazy\" decoding=\"async\" class=\"size-full wp-image-2102\" src=\"https:\/\/analyse.optim.biz\/wp-content\/uploads\/2026\/01\/cj-tulcea-a-aprobat-o-singurc483-hotc483rc3a2re-pentru-angajarea-de-avocac89bi-1.jpg\" width=\"714\" height=\"750\" title=\"cj-tulcea-a-aprobat-o-singurc483-hotc483rc3a2re-pentru-angajarea-de-avocac89bi-1\"><figcaption class=\"wp-caption-text\">CJ Tulcea a aprobat o singur\u0103 hot\u0103r\u00e2re pentru angajarea de avoca\u021bi<\/figcaption><\/figure>\n<p>Avocatul Consiliului Jude\u021bean Tulcea, Adrian Nica, a promis c\u0103 va depune la dosar Hot\u0103r\u00e2rea CJ Tulcea prin care a fost aprobat contractul de reprezentare juridic\u0103 \u00een acel dosar. Numai c\u0103 o astfel de hot\u0103r\u00e2re nu exist\u0103. \u00cen cei 7 ani de la intrarea \u00een vigoare a OUG nr. 26\/2012, Consiliul Jude\u021bean Tulcea a aprobat o <strong>SINGUR\u0102<\/strong> hot\u0103r\u00e2re pentru contractarea unor servicii juridice, de\u0219i institu\u021bia a fost reprezentat\u0103 de avoca\u021bi pl\u0103ti\u021bi din bani publici \u00een sute de procese. Este vorba de <strong>Hot\u0103r\u00e2rea nr. 66\/05.2016<\/strong>, emis\u0103 \u00een mai 2016, c\u00e2nd CJ Tulcea l-a \u00eemputernicit pe pre\u0219edintele <strong>Horia Teodorescu<\/strong> s\u0103 selecteze un cabinet de avocatur\u0103 \u0219i s\u0103 negocieze onorariul, pentru reprezentarea institu\u021biei \u00eentr-un dosar care privea o cauz\u0103 fiscal\u0103.<\/p>\n<\/div>\n<footer>\n<div class=\"td-post-source-tags td-pb-padding-side\">\n<ul class=\"td-tags td-post-small-box clearfix\">\n<li><span>ETICHETE<\/span><\/li>\n<li><a href=\"https:\/\/subiectivtulcea.ro\/tag\/avocati\/\">avocati<\/a><\/li>\n<li><a href=\"https:\/\/subiectivtulcea.ro\/tag\/bani-publici\/\">bani publici<\/a><\/li>\n<li><a href=\"https:\/\/subiectivtulcea.ro\/tag\/contracte\/\">contracte<\/a><\/li>\n<li><a href=\"https:\/\/subiectivtulcea.ro\/tag\/dosarul-avocatii\/\">dosarul avocatii<\/a><\/li>\n<li><a href=\"https:\/\/subiectivtulcea.ro\/tag\/gabriela-firea\/\">gabriela firea<\/a><\/li>\n<li><a href=\"https:\/\/subiectivtulcea.ro\/tag\/ilegal\/\">ilegal<\/a><\/li>\n<li><a href=\"https:\/\/subiectivtulcea.ro\/tag\/instanta\/\">instanta<\/a><\/li>\n<li><a href=\"https:\/\/subiectivtulcea.ro\/tag\/litigii\/\">litigii<\/a><\/li>\n<li><a href=\"https:\/\/subiectivtulcea.ro\/tag\/pmb\/\">pmb<\/a><\/li>\n<li><a href=\"https:\/\/subiectivtulcea.ro\/tag\/stiri-tulcea\/\">stiri tulcea<\/a><\/li>\n<\/ul>\n<\/div>\n<div class=\"td-post-sharing td-post-sharing-bottom td-pb-padding-side\"><span class=\"td-post-share-title\">DISTRIBUI\u021aI<\/span><\/p>\n<div class=\"td-default-sharing td-with-like\"><a class=\"td-social-sharing-buttons td-social-facebook\" href=\"https:\/\/www.facebook.com\/sharer.php?u=https%3A%2F%2Fsubiectivtulcea.ro%2Fdosarul-avocatii-firea-si-baronii-locali-ascund-ilegalitatile-pe-bani-publici-dna-si-curtea-de-conturi-ii-contrazic%2F\"><\/p>\n<div class=\"td-social-but-text\">Facebook<\/div>\n<p><\/a><a class=\"td-social-sharing-buttons td-social-twitter\" href=\"https:\/\/twitter.com\/intent\/tweet?text=Dosarul+%E2%80%9DAvoca%C8%9Bii%E2%80%9D.+Firea+%C8%99i+baronii+locali+ascund+ilegalit%C4%83%C8%9Bile+pe+bani+publici%21+DNA+%C8%99i+Curtea+de+Conturi+%C3%AEi+contrazic&amp;url=https%3A%2F%2Fsubiectivtulcea.ro%2Fdosarul-avocatii-firea-si-baronii-locali-ascund-ilegalitatile-pe-bani-publici-dna-si-curtea-de-conturi-ii-contrazic%2F&amp;via=Subiectiv+De+Tulcea+-+Cotidianul+Cu+Stiri+Pe+Surse\"><\/p>\n<div class=\"td-social-but-text\">Twitter<\/div>\n<p><\/a><\/div>\n<div class=\"td-classic-sharing\">\n<ul>\n<li class=\"td-classic-facebook\"><iframe frameborder src=\"https:\/\/www.facebook.com\/plugins\/like.php?href=https:\/\/subiectivtulcea.ro\/dosarul-avocatii-firea-si-baronii-locali-ascund-ilegalitatile-pe-bani-publici-dna-si-curtea-de-conturi-ii-contrazic\/&amp;layout=button_count&amp;show_faces=false&amp;width=105&amp;action=like&amp;colorscheme=light&amp;height=21\"><\/iframe><\/li>\n<li class=\"td-classic-twitter\"><a href=\"https:\/\/twitter.com\/share\" class=\"twitter-share-button\" data-url=\"https:\/\/subiectivtulcea.ro\/dosarul-avocatii-firea-si-baronii-locali-ascund-ilegalitatile-pe-bani-publici-dna-si-curtea-de-conturi-ii-contrazic\/\" data-text=\"Dosarul \u201dAvoca\u021bii\u201d. Firea \u0219i baronii locali ascund ilegalit\u0103\u021bile pe bani publici! DNA \u0219i Curtea de Conturi \u00eei contrazic\" data-via data-lang=\"en\">tweet<\/a><\/li>\n<\/ul>\n<\/div>\n<\/div>\n<div class=\"td-block-row td-post-next-prev\">\n<div class=\"td-block-span6 td-post-prev-post\">\n<div class=\"td-post-next-prev-content\"><span>Articolul precedent<\/span><a href=\"https:\/\/subiectivtulcea.ro\/tulcea-incendiu-de-vegetatie-uscata-si-stuf-pe-500-de-hectare\/\">Tulcea: Incendiu de vegeta\u0163ie uscat\u0103 \u015fi stuf pe 500 de hectare<\/a><\/div>\n<\/div>\n<div class=\"td-block-span6 td-post-next-post\">\n<div class=\"td-post-next-prev-content\"><span>Articolul urm\u0103tor<\/span><a href=\"https:\/\/subiectivtulcea.ro\/plase-si-ambarcatiuni-folosite-la-braconaj-retinute-de-jandarmii-tulceni\/\">Plase \u0219i ambarca\u0163iuni folosite la braconaj, re\u021binute de jandarmii tulceni<\/a><\/div>\n<\/div>\n<\/div>\n<div class=\"author-box-wrap\"><a href=\"https:\/\/subiectivtulcea.ro\/author\/sorin\/\"><img loading=\"lazy\" decoding=\"async\" src=\"https:\/\/analyse.optim.biz\/wp-content\/uploads\/2026\/01\/4054b95552868c8c392af45ec328ee34-194.jpg\" class=\"avatar avatar-96 photo\" height=\"96\" width=\"96\" title=\"4054b95552868c8c392af45ec328ee34-194\"><\/a><\/p>\n<div class=\"desc\">\n<div class=\"td-author-name vcard author\"><span class=\"fn\"><a href=\"https:\/\/subiectivtulcea.ro\/author\/sorin\/\">Stefan Vasilescu<\/a><\/span><\/div>\n<\/div>\n<\/div>\n<p><span><\/span><span><span><\/span><\/span><span><\/span><\/footer>\n<div class=\"td_block_wrap td_block_related_posts td_uid_5_696f2c0924367_rand td_with_ajax_pagination td-pb-border-top td_block_template_1\" data-td-block-uid=\"td_uid_5_696f2c0924367\">\n<h4 class=\"td-related-title\"><a id=\"td_uid_6_696f2c0926766\" class=\"td-related-left td-cur-simple-item\" data-td_filter_value data-td_block_id=\"td_uid_5_696f2c0924367\" href=\"https:\/\/subiectivtulcea.ro\/dosarul-avocatii-firea-si-baronii-locali-ascund-ilegalitatile-pe-bani-publici-dna-si-curtea-de-conturi-ii-contrazic\/\">ARTICOLE SIMILARE<\/a><a id=\"td_uid_7_696f2c09267a3\" class=\"td-related-right\" data-td_filter_value=\"td_related_more_from_author\" data-td_block_id=\"td_uid_5_696f2c0924367\" href=\"https:\/\/subiectivtulcea.ro\/dosarul-avocatii-firea-si-baronii-locali-ascund-ilegalitatile-pe-bani-publici-dna-si-curtea-de-conturi-ii-contrazic\/\">DE LA ACELA\u0218I AUTOR<\/a><\/h4>\n<div id=\"td_uid_5_696f2c0924367\" class=\"td_block_inner\">\n<div class=\"td-related-row\">\n<div class=\"td-related-span4\">\n<div class=\"td_module_related_posts td-animation-stack td_mod_related_posts\">\n<div class=\"td-module-image\">\n<div class=\"td-module-thumb\"><a href=\"https:\/\/subiectivtulcea.ro\/ministrul-sanatatii-trebuie-sa-ne-obisnuim-ca-pe-perioada-verii-sa-avem-ca-vecin-virusul\/\" rel=\"bookmark\" title=\"Ministrul San\u0103t\u0103\u021bii: Trebuie s\u0103 ne obi\u015fnuim ca pe perioada verii s\u0103 avem ca vecin virusul\"><img loading=\"lazy\" decoding=\"async\" width=\"238\" height=\"178\" class=\"entry-thumb\" src=\"https:\/\/analyse.optim.biz\/wp-content\/uploads\/2026\/01\/izoleta-coronavirus-238x178-196.jpg\" title=\"Ministrul San\u0103t\u0103\u021bii: Trebuie s\u0103 ne obi\u015fnuim ca pe perioada verii s\u0103 avem ca vecin virusul\"><\/a><\/div>\n<\/div>\n<div class=\"item-details\">\n<h3 class=\"entry-title td-module-title\"><a href=\"https:\/\/subiectivtulcea.ro\/ministrul-sanatatii-trebuie-sa-ne-obisnuim-ca-pe-perioada-verii-sa-avem-ca-vecin-virusul\/\" rel=\"bookmark\" title=\"Ministrul San\u0103t\u0103\u021bii: Trebuie s\u0103 ne obi\u015fnuim ca pe perioada verii s\u0103 avem ca vecin virusul\">Ministrul San\u0103t\u0103\u021bii: Trebuie s\u0103 ne obi\u015fnuim ca pe perioada verii s\u0103 avem ca vecin virusul<\/a><\/h3>\n<\/div>\n<\/div>\n<\/div>\n<div class=\"td-related-span4\">\n<div class=\"td_module_related_posts td-animation-stack td_mod_related_posts\">\n<div class=\"td-module-image\">\n<div class=\"td-module-thumb\"><a href=\"https:\/\/subiectivtulcea.ro\/lucrarile-la-podul-peste-dunare-intarziate-din-cauza-procedurii-exproprierilor\/\" rel=\"bookmark\" title=\"Lucr\u0103rile la Podul peste Dun\u0103re, \u00eent\u00e2rziate din cauza procedurii exproprierilor\"><img loading=\"lazy\" decoding=\"async\" width=\"238\" height=\"178\" class=\"entry-thumb\" src=\"https:\/\/analyse.optim.biz\/wp-content\/uploads\/2026\/01\/pod-dunare-238x178-1-187.jpg\" title=\"Lucr\u0103rile la Podul peste Dun\u0103re, \u00eent\u00e2rziate din cauza procedurii exproprierilor\"><\/a><\/div>\n<\/div>\n<div class=\"item-details\">\n<h3 class=\"entry-title td-module-title\"><a href=\"https:\/\/subiectivtulcea.ro\/lucrarile-la-podul-peste-dunare-intarziate-din-cauza-procedurii-exproprierilor\/\" rel=\"bookmark\" title=\"Lucr\u0103rile la Podul peste Dun\u0103re, \u00eent\u00e2rziate din cauza procedurii exproprierilor\">Lucr\u0103rile la Podul peste Dun\u0103re, \u00eent\u00e2rziate din cauza procedurii exproprierilor<\/a><\/h3>\n<\/div>\n<\/div>\n<\/div>\n<div class=\"td-related-span4\">\n<div class=\"td_module_related_posts td-animation-stack td_mod_related_posts\">\n<div class=\"td-module-image\">\n<div class=\"td-module-thumb\"><a href=\"https:\/\/subiectivtulcea.ro\/tulcea-atentionare-pentru-persoanele-care-doresc-sa-lucreze-in-strainatate\/\" rel=\"bookmark\" title=\"TULCEA Aten\u021bionare pentru persoanele care doresc s\u0103 lucreze \u00een str\u0103in\u0103tate\"><img loading=\"lazy\" decoding=\"async\" width=\"238\" height=\"178\" class=\"entry-thumb\" src=\"https:\/\/analyse.optim.biz\/wp-content\/uploads\/2026\/01\/targ-joburi-238x178-188.jpg\" title=\"TULCEA Aten\u021bionare pentru persoanele care doresc s\u0103 lucreze \u00een str\u0103in\u0103tate\"><\/a><\/div>\n<\/div>\n<div class=\"item-details\">\n<h3 class=\"entry-title td-module-title\"><a href=\"https:\/\/subiectivtulcea.ro\/tulcea-atentionare-pentru-persoanele-care-doresc-sa-lucreze-in-strainatate\/\" rel=\"bookmark\" title=\"TULCEA Aten\u021bionare pentru persoanele care doresc s\u0103 lucreze \u00een str\u0103in\u0103tate\">TULCEA Aten\u021bionare pentru persoanele care doresc s\u0103 lucreze \u00een str\u0103in\u0103tate<\/a><\/h3>\n<\/div>\n<\/div>\n<\/div>\n<\/div>\n<\/div>\n<\/div>\n<div class=\"comments\" id=\"comments\">\n<div id=\"respond\" class=\"comment-respond\">\n<h3 id=\"reply-title\" class=\"comment-reply-title\">L\u0102SA\u021aI UN MESAJ <small><a rel=\"nofollow\" id=\"cancel-comment-reply-link\" href=\"https:\/\/subiectivtulcea.ro\/dosarul-avocatii-firea-si-baronii-locali-ascund-ilegalitatile-pe-bani-publici-dna-si-curtea-de-conturi-ii-contrazic\/#respond\">Renun\u021ba\u021bi la r\u0103spuns<\/a><\/small><\/h3>\n<div class=\"comment-form-input-wrap td-form-comment\">\n<div class=\"td-warning-comment\">Please enter your comment!<\/div>\n<\/div>\n<div class=\"comment-form-input-wrap td-form-author\">\n<div class=\"td-warning-author\">Please enter your name here<\/div>\n<\/div>\n<div class=\"comment-form-input-wrap td-form-email\">\n<div class=\"td-warning-email-error\">You have entered an incorrect email address!<\/div>\n<div class=\"td-warning-email\">Please enter your email address here<\/div>\n<\/div>\n<div class=\"gglcptch gglcptch_v2\">\n<div>\n<div>\n<div>\n\t\t\t\t\t\t\t\t\n\t\t\t\t\t\t\t<\/div>\n<\/div>\n<\/div>\n<\/div>\n<\/div>\n<\/div>\n<\/div>\n<\/div>\n<div class=\"td-pb-span4 td-main-sidebar td-pb-border-top\" role=\"complementary\">\n<div class=\"td-ss-main-sidebar\">\n<div class=\"td-a-rec td-a-rec-id-sidebar  td_uid_8_696f2c09287da_rand td_block_template_1\"><span class=\"td-adspot-title\">&#8211; Advertisement &#8211;<\/span><\/p>\n<div class=\"td-all-devices\"><a href=\"https:\/\/subiectivtulcea.ro\/dosarul-avocatii-firea-si-baronii-locali-ascund-ilegalitatile-pe-bani-publici-dna-si-curtea-de-conturi-ii-contrazic\/\"><img decoding=\"async\" src=\"https:\/\/analyse.optim.biz\/wp-content\/uploads\/2026\/01\/vizual-maximia-tv_cartela-vodafone-195.jpg\" title=\"vizual-maximia-tv_cartela-vodafone-195\"><\/a><\/div>\n<\/div>\n<div class=\"td_block_wrap td_block_9 td_block_widget td_uid_9_696f2c09289b9_rand td_with_ajax_pagination td-pb-border-top td_block_template_1\" data-td-block-uid=\"td_uid_9_696f2c09289b9\">\n<h4 class=\"block-title\"><span class=\"td-pulldown-size\">CITESTE SI &#8230;<\/span><\/h4>\n<div id=\"td_uid_9_696f2c09289b9\" class=\"td_block_inner\">\n<div class=\"td-block-span12\">\n<div class=\"td_module_8 td_module_wrap\">\n<div class=\"item-details\">\n<h3 class=\"entry-title td-module-title\"><a href=\"https:\/\/subiectivtulcea.ro\/video-zece-milioane-pentru-uzina-fantoma-de-la-ceatalchioi-va-produce-doar-apa-menajera\/\" rel=\"bookmark\" title=\"VIDEO Zece Milioane pentru uzina-fantom\u0103 de la Ceatalchioi! Va produce doar ap\u0103 menajer\u0103\">VIDEO Zece Milioane pentru uzina-fantom\u0103 de la Ceatalchioi! Va produce doar ap\u0103 menajer\u0103<\/a><\/h3>\n<div class=\"meta-info\"><span class=\"td-post-author-name\"><a href=\"https:\/\/subiectivtulcea.ro\/author\/sorin\/\">Stefan Vasilescu<\/a><span>&#8211;<\/span><\/span><span class=\"td-post-date\"><time class=\"entry-date updated td-module-date\" datetime=\"2018-07-06T06:59:17+00:00\">iulie 6, 2018<\/time><\/span><\/div>\n<\/div>\n<\/div>\n<\/div>\n<div class=\"td-block-span12\">\n<div class=\"td_module_8 td_module_wrap\">\n<div class=\"item-details\">\n<h3 class=\"entry-title td-module-title\"><a href=\"https:\/\/subiectivtulcea.ro\/case-inundate-la-crisan-si-caraorman-in-urma-cresterii-nivelului-apelor-dunarii\/\" rel=\"bookmark\" title=\"Case inundate la Cri\u0219an \u015fi Caraorman, \u00een urma cre\u0219terii nivelului apelor Dun\u0103rii\">Case inundate la Cri\u0219an \u015fi Caraorman, \u00een urma cre\u0219terii nivelului apelor Dun\u0103rii<\/a><\/h3>\n<div class=\"meta-info\"><span class=\"td-post-author-name\"><a href=\"https:\/\/subiectivtulcea.ro\/author\/sorin\/\">Stefan Vasilescu<\/a><span>&#8211;<\/span><\/span><span class=\"td-post-date\"><time class=\"entry-date updated td-module-date\" datetime=\"2018-04-17T14:08:51+00:00\">aprilie 17, 2018<\/time><\/span><\/div>\n<\/div>\n<\/div>\n<\/div>\n<div class=\"td-block-span12\">\n<div class=\"td_module_8 td_module_wrap\">\n<div class=\"item-details\">\n<h3 class=\"entry-title td-module-title\"><a href=\"https:\/\/subiectivtulcea.ro\/tulcea-adolescenta-disparuta-de-acasa\/\" rel=\"bookmark\" title=\"Tulcea: Adolescent\u0103 disp\u0103rut\u0103 de acas\u0103\">Tulcea: Adolescent\u0103 disp\u0103rut\u0103 de acas\u0103<\/a><\/h3>\n<div class=\"meta-info\"><span class=\"td-post-author-name\"><a href=\"https:\/\/subiectivtulcea.ro\/author\/sorin\/\">Stefan Vasilescu<\/a><span>&#8211;<\/span><\/span><span class=\"td-post-date\"><time class=\"entry-date updated td-module-date\" datetime=\"2019-07-30T09:28:11+00:00\">iulie 30, 2019<\/time><\/span><\/div>\n<\/div>\n<\/div>\n<\/div>\n<div class=\"td-block-span12\">\n<div class=\"td_module_8 td_module_wrap\">\n<div class=\"item-details\">\n<h3 class=\"entry-title td-module-title\"><a href=\"https:\/\/subiectivtulcea.ro\/administratia-muntilor-macinului-face-apel-la-localnici-sa-protejeze-ghioceii-din-zona\/\" rel=\"bookmark\" title=\"Administra\u0163ia Mun\u0163ilor M\u0103cinului face apel la localnici s\u0103 protejeze ghioceii din zon\u0103\">Administra\u0163ia Mun\u0163ilor M\u0103cinului face apel la localnici s\u0103 protejeze ghioceii din zon\u0103<\/a><\/h3>\n<div class=\"meta-info\"><span class=\"td-post-author-name\"><a href=\"https:\/\/subiectivtulcea.ro\/author\/sorin\/\">Stefan Vasilescu<\/a><span>&#8211;<\/span><\/span><span class=\"td-post-date\"><time class=\"entry-date updated td-module-date\" datetime=\"2019-02-22T15:30:31+00:00\">februarie 22, 2019<\/time><\/span><\/div>\n<\/div>\n<\/div>\n<\/div>\n<div class=\"td-block-span12\">\n<div class=\"td_module_8 td_module_wrap\">\n<div class=\"item-details\">\n<h3 class=\"entry-title td-module-title\"><a href=\"https:\/\/subiectivtulcea.ro\/delta-rowmania-triathlon-ungaria-si-belgia-au-castigat-cupa-europeana-de-triatlon-pentru-juniori\/\" rel=\"bookmark\" title=\"Delta Rowmania Triathlon: Ungaria \u015fi Belgia au c\u00e2\u015ftigat Cupa european\u0103 de triatlon pentru juniori\">Delta Rowmania Triathlon: Ungaria \u015fi Belgia au c\u00e2\u015ftigat Cupa european\u0103 de triatlon pentru juniori<\/a><\/h3>\n<div class=\"meta-info\"><span class=\"td-post-author-name\"><a href=\"https:\/\/subiectivtulcea.ro\/author\/sorin\/\">Stefan Vasilescu<\/a><span>&#8211;<\/span><\/span><span class=\"td-post-date\"><time class=\"entry-date updated td-module-date\" datetime=\"2019-08-26T08:40:50+00:00\">august 26, 2019<\/time><\/span><\/div>\n<\/div>\n<\/div>\n<\/div>\n<\/div>\n<\/div>\n<\/div>\n<\/div>\n<\/div>\n<\/article>\n<p> Source URL: https:\/\/subiectivtulcea.ro\/dosarul-avocatii-firea-si-baronii-locali-ascund-ilegalitatile-pe-bani-publici-dna-si-curtea-de-conturi-ii-contrazic\/<\/p>\n","protected":false},"excerpt":{"rendered":"<p>Acas\u0103Articol PrincipalDosarul \u201dAvoca\u021bii\u201d. Firea \u0219i baronii locali ascund ilegalit\u0103\u021bile pe bani publici! DNA&#8230; Articol Principal Investiga\u021bii Ultimele \u0218tiri Dosarul \u201dAvoca\u021bii\u201d. Firea \u0219i baronii locali ascund ilegalit\u0103\u021bile pe bani publici! DNA \u0219i Curtea de Conturi \u00eei contrazic De c\u0103tre Stefan Vasilescu &#8211; martie 5, 2019 1740 0 DISTRIBUI\u021aI Facebook Twitter Institu\u021biile publice au angajat ilegal avoca\u021bi [&hellip;]<\/p>\n","protected":false},"author":1,"featured_media":1319614,"comment_status":"open","ping_status":"","sticky":false,"template":"","format":"standard","meta":{"footnotes":""},"categories":[89],"tags":[222],"class_list":["post-1319613","post","type-post","status-publish","format-standard","has-post-thumbnail","hentry","category-romania","tag-subiectivtulcea-ro"],"_links":{"self":[{"href":"https:\/\/analyse.optim.biz\/index.php?rest_route=\/wp\/v2\/posts\/1319613","targetHints":{"allow":["GET"]}}],"collection":[{"href":"https:\/\/analyse.optim.biz\/index.php?rest_route=\/wp\/v2\/posts"}],"about":[{"href":"https:\/\/analyse.optim.biz\/index.php?rest_route=\/wp\/v2\/types\/post"}],"author":[{"embeddable":true,"href":"https:\/\/analyse.optim.biz\/index.php?rest_route=\/wp\/v2\/users\/1"}],"replies":[{"embeddable":true,"href":"https:\/\/analyse.optim.biz\/index.php?rest_route=%2Fwp%2Fv2%2Fcomments&post=1319613"}],"version-history":[{"count":0,"href":"https:\/\/analyse.optim.biz\/index.php?rest_route=\/wp\/v2\/posts\/1319613\/revisions"}],"wp:featuredmedia":[{"embeddable":true,"href":"https:\/\/analyse.optim.biz\/index.php?rest_route=\/wp\/v2\/media\/1319614"}],"wp:attachment":[{"href":"https:\/\/analyse.optim.biz\/index.php?rest_route=%2Fwp%2Fv2%2Fmedia&parent=1319613"}],"wp:term":[{"taxonomy":"category","embeddable":true,"href":"https:\/\/analyse.optim.biz\/index.php?rest_route=%2Fwp%2Fv2%2Fcategories&post=1319613"},{"taxonomy":"post_tag","embeddable":true,"href":"https:\/\/analyse.optim.biz\/index.php?rest_route=%2Fwp%2Fv2%2Ftags&post=1319613"}],"curies":[{"name":"wp","href":"https:\/\/api.w.org\/{rel}","templated":true}]}}