{"id":1318512,"date":"2014-11-03T08:33:10","date_gmt":"2014-11-03T05:33:10","guid":{"rendered":"https:\/\/analyse.optim.biz\/?p=1318512"},"modified":"2014-11-03T08:33:10","modified_gmt":"2014-11-03T05:33:10","slug":"accident-intr-o-parcare-cu-o-femeie-ranita-suceavalive","status":"publish","type":"post","link":"https:\/\/analyse.optim.biz\/?p=1318512","title":{"rendered":"Accident \u00eentr-o parcare cu o femeie r\u0103nit\u0103 &#8211; SuceavaLIVE"},"content":{"rendered":"<article id=\"post-49592\" class=\"clearfix post-49592 post type-post status-publish format-standard has-post-thumbnail hentry category-comunicate tag-accident tag-alcoolemie tag-autoturism tag-prioritate-de-trecere tag-suceava tag-suceavalive tag-vatamare-corporala\">\n<header id=\"cb-standard-featured\">\n<div id=\"cb-fis-wrap\" class=\"cb-entry-header cb-fis cb-style-standard\"><span class=\"cb-title-fi\"><\/p>\n<h1 class=\"entry-title cb-entry-title cb-single-title\">Accident \u00eentr-o parcare cu o femeie r\u0103nit\u0103<\/h1>\n<div class=\"cb-byline cb-font-header\">\n<div class=\"cb-date cb-byline-element\"><time datetime=\"2014-11-03\">3 noiembrie 2014<\/time><\/div>\n<\/div>\n<p><\/span><\/div>\n<div class=\"cb-mask\"><img decoding=\"async\" width=\"598\" height=\"371\" src=\"https:\/\/analyse.optim.biz\/wp-content\/uploads\/2026\/01\/accident-e1519557345913-3.jpg\" class=\"attachment-cb-full-full size-cb-full-full wp-post-image\" alt=\"accident cu un pieton\" loading=\"lazy\" title=\"accident-e1519557345913-3\"><\/div>\n<\/header>\n<p>Un b\u0103rbat de 63 ani, din municipiul F\u0103lticeni, \u00een timp ce conducea autoturismul \u00een parcarea unui complex comercial din municipiul Suceava duminic\u0103, 02 noiembrie, nu a acordat prioritate de trecere la intersec\u0163ia cu strada Energeticianului autoturismului condus regulamentar de un t\u00e2n\u0103r de 27 ani, din localitate. <\/p>\n<section class=\"cb-entry-content entry-content clearfix\">\n<p>\u00cen urma impactului a rezultat v\u0103t\u0103marea corporal\u0103 u\u015foar\u0103 a unei femei de 33 de ani din municipiul Suceava, pasager\u0103 \u00een autoturismul condus de t\u00e2n\u0103rul de 27 de ani.<\/p>\n<p>Conduc\u0103torii auto au fost testa\u0163i cu aparatul etilotest, rezultatul fiind negativ \u00een ambele cazuri, dup\u0103 care la spital li s-au recoltat mostre biologice, \u00een vederea stabilirii alcoolemiei.<\/p>\n<\/section>\n<footer class=\"article-footer\">\n<p class=\"cb-tags\"><a href=\"https:\/\/suceavalive.ro\/tag\/accident\/\" rel=\"tag\">accident<\/a><a href=\"https:\/\/suceavalive.ro\/tag\/alcoolemie\/\" rel=\"tag\">alcoolemie<\/a><a href=\"https:\/\/suceavalive.ro\/tag\/autoturism\/\" rel=\"tag\">autoturism<\/a><a href=\"https:\/\/suceavalive.ro\/tag\/prioritate-de-trecere\/\" rel=\"tag\">prioritate de trecere<\/a><a href=\"https:\/\/suceavalive.ro\/tag\/suceava\/\" rel=\"tag\">Suceava<\/a><a href=\"https:\/\/suceavalive.ro\/tag\/suceavalive\/\" rel=\"tag\">suceavalive<\/a><a href=\"https:\/\/suceavalive.ro\/tag\/vatamare-corporala\/\" rel=\"tag\">vatamare corporala<\/a><\/p>\n<div class=\"cb-social-sharing cb-post-footer-block cb-beside clearfix\">\n<div class=\"cb-title-subtle\">Share On:<\/div>\n<div class=\"cb-twitter\"><a href=\"https:\/\/twitter.com\/share\" class=\"twitter-share-button\" data-dnt=\"true\" data-count=\"horizontal\">Tweet<\/a><\/div>\n<\/div>\n<div id=\"cb-previous-next-links\" class=\"cb-post-footer-block clearfix\">\n<div id=\"cb-previous-link\"><a href=\"https:\/\/suceavalive.ro\/anunt-informativ-vanzare-cabaline-64\/\" rel=\"prev\">ANUN\u0162 INFORMATIV V\u00c2NZARE CABALINE<\/a><\/div>\n<div id=\"cb-next-link\"><a href=\"https:\/\/suceavalive.ro\/cuplu-calcat-de-masina-pe-trecerea-de-pietoni\/\" rel=\"next\">Cuplu c\u0103lcat de ma\u0219in\u0103 pe trecerea de pietoni<\/a><\/div>\n<\/div>\n<div id=\"cb-author-box\" class=\"clearfix\">\n<h3 class=\"cb-block-title\">Despre autor<\/h3>\n<div class=\"cb-mask\"><a href=\"https:\/\/suceavalive.ro\/author\/luiza-loghin\/\"><img decoding=\"async\" src=\"https:\/\/analyse.optim.biz\/wp-content\/uploads\/2026\/01\/21ec5a38ee016d23a9c9d50ce3b4e9e7ef5b09765e70997405f8f9e4b1856ee7-2.jpg\" class=\"avatar avatar-120 photo\" height=\"120\" width=\"120\" loading=\"lazy\" title=\"21ec5a38ee016d23a9c9d50ce3b4e9e7ef5b09765e70997405f8f9e4b1856ee7-2\"><\/a><\/div>\n<div class=\"cb-meta\">\n<div class=\"cb-info\">\n<div class=\"cb-author-title vcard\"><a href=\"https:\/\/suceavalive.ro\/author\/luiza-loghin\/\"><span class=\"fn\">Luiza Loghin<\/span><\/a><\/div>\n<\/div>\n<\/div>\n<\/div>\n<div id=\"cb-related-posts\" class=\"cb-related-posts-block cb-post-end-block clearfix\">\n<h3 class=\"cb-block-title\">Postari asemanatoare<\/h3>\n<ul>\n<li class=\"cb-style-overlay cb-grid-entry cb-related-post no-1\">\n<div class=\"cb-mask\"><a href=\"https:\/\/suceavalive.ro\/calendarul-zilei-20-ianuarie-2\/\"><img decoding=\"async\" width=\"360\" height=\"240\" src=\"https:\/\/analyse.optim.biz\/wp-content\/uploads\/2026\/01\/accident-aviatic-apuseni-360x240-1.jpg\" class=\"attachment-cb-360-240 size-cb-360-240 wp-post-image\" loading=\"lazy\" title=\"accident-aviatic-apuseni-360x240-1\"><\/a><\/div>\n<div class=\"cb-meta cb-article-meta\">\n<h4 class=\"h3 cb-post-title\"><a href=\"https:\/\/suceavalive.ro\/calendarul-zilei-20-ianuarie-2\/\">Calendarul zilei de 20 ianuarie<\/a><\/h4>\n<div class=\"cb-byline cb-font-header\">\n<div class=\"cb-date cb-byline-element\"><time datetime=\"2026-01-20\">20 ianuarie 2026<\/time><\/div>\n<\/div>\n<\/div>\n<\/li>\n<li class=\"cb-style-overlay cb-grid-entry cb-related-post no-2\">\n<div class=\"cb-mask\"><a href=\"https:\/\/suceavalive.ro\/calendarul-zilei-de-19-ianuarie\/\"><img decoding=\"async\" width=\"360\" height=\"240\" src=\"https:\/\/analyse.optim.biz\/wp-content\/uploads\/2026\/01\/indiragandhi759-360x240-6.jpg\" class=\"attachment-cb-360-240 size-cb-360-240 wp-post-image\" loading=\"lazy\" title=\"indiragandhi759-360x240-6\"><\/a><\/div>\n<div class=\"cb-meta cb-article-meta\">\n<h4 class=\"h3 cb-post-title\"><a href=\"https:\/\/suceavalive.ro\/calendarul-zilei-de-19-ianuarie\/\">Calendarul zilei de 19 ianuarie<\/a><\/h4>\n<div class=\"cb-byline cb-font-header\">\n<div class=\"cb-date cb-byline-element\"><time datetime=\"2026-01-19\">19 ianuarie 2026<\/time><\/div>\n<\/div>\n<\/div>\n<\/li>\n<\/ul>\n<\/div>\n<\/footer>\n<div id=\"respond\" class=\"comment-respond\">\n<h3 id=\"reply-title\" class=\"comment-reply-title\">Lasa un raspuns <small><a rel=\"nofollow\" id=\"cancel-comment-reply-link\" href=\"https:\/\/suceavalive.ro\/accident-intr-o-parcare-cu-o-femeie-ranita\/#respond\">Anuleaza raspunsul<\/a><\/small><\/h3>\n<p class=\"comment-notes\">Adresa ta de email nu va fi publicat\u0103.<\/p>\n<\/div>\n<\/article>\n<p> Source URL: https:\/\/suceavalive.ro\/accident-intr-o-parcare-cu-o-femeie-ranita\/<\/p>\n","protected":false},"excerpt":{"rendered":"<p>Accident \u00eentr-o parcare cu o femeie r\u0103nit\u0103 3 noiembrie 2014 Un b\u0103rbat de 63 ani, din municipiul F\u0103lticeni, \u00een timp ce conducea autoturismul \u00een parcarea unui complex comercial din municipiul Suceava duminic\u0103, 02 noiembrie, nu a acordat prioritate de trecere la intersec\u0163ia cu strada Energeticianului autoturismului condus regulamentar de un t\u00e2n\u0103r de 27 ani, din [&hellip;]<\/p>\n","protected":false},"author":1,"featured_media":1318513,"comment_status":"open","ping_status":"","sticky":false,"template":"","format":"standard","meta":{"footnotes":""},"categories":[89],"tags":[173],"class_list":["post-1318512","post","type-post","status-publish","format-standard","has-post-thumbnail","hentry","category-romania","tag-suceavalive-ro"],"_links":{"self":[{"href":"https:\/\/analyse.optim.biz\/index.php?rest_route=\/wp\/v2\/posts\/1318512","targetHints":{"allow":["GET"]}}],"collection":[{"href":"https:\/\/analyse.optim.biz\/index.php?rest_route=\/wp\/v2\/posts"}],"about":[{"href":"https:\/\/analyse.optim.biz\/index.php?rest_route=\/wp\/v2\/types\/post"}],"author":[{"embeddable":true,"href":"https:\/\/analyse.optim.biz\/index.php?rest_route=\/wp\/v2\/users\/1"}],"replies":[{"embeddable":true,"href":"https:\/\/analyse.optim.biz\/index.php?rest_route=%2Fwp%2Fv2%2Fcomments&post=1318512"}],"version-history":[{"count":0,"href":"https:\/\/analyse.optim.biz\/index.php?rest_route=\/wp\/v2\/posts\/1318512\/revisions"}],"wp:featuredmedia":[{"embeddable":true,"href":"https:\/\/analyse.optim.biz\/index.php?rest_route=\/wp\/v2\/media\/1318513"}],"wp:attachment":[{"href":"https:\/\/analyse.optim.biz\/index.php?rest_route=%2Fwp%2Fv2%2Fmedia&parent=1318512"}],"wp:term":[{"taxonomy":"category","embeddable":true,"href":"https:\/\/analyse.optim.biz\/index.php?rest_route=%2Fwp%2Fv2%2Fcategories&post=1318512"},{"taxonomy":"post_tag","embeddable":true,"href":"https:\/\/analyse.optim.biz\/index.php?rest_route=%2Fwp%2Fv2%2Ftags&post=1318512"}],"curies":[{"name":"wp","href":"https:\/\/api.w.org\/{rel}","templated":true}]}}