{"id":1318009,"date":"2020-04-14T10:56:28","date_gmt":"2020-04-14T07:56:28","guid":{"rendered":"https:\/\/analyse.optim.biz\/?p=1318009"},"modified":"2020-04-14T10:56:28","modified_gmt":"2020-04-14T07:56:28","slug":"tulcea-pescuitul-sezonier-la-scrumbie-neafectat-de-pandemia-de-coronavirus","status":"publish","type":"post","link":"https:\/\/analyse.optim.biz\/?p=1318009","title":{"rendered":"Tulcea: Pescuitul sezonier la scrumbie, neafectat de pandemia de coronavirus"},"content":{"rendered":"<article id=\"post-2899\" class=\"post-2899 post type-post status-publish format-standard has-post-thumbnail hentry category-ultimele-stiri tag-coronavirus tag-pandemie tag-pescuit-scrumbier tag-tulcea\">\n<div class=\"td-pb-row\">\n<div class=\"td-pb-span12\">\n<div class=\"td-post-header td-pb-padding-side\">\n<div class=\"entry-crumbs\"><span><a title class=\"entry-crumb\" href=\"https:\/\/subiectivtulcea.ro\/\">Acas\u0103<\/a><\/span><span><a title=\"Vede\u021bi toate articolele \u00een Ultimele \u0218tiri\" class=\"entry-crumb\" href=\"https:\/\/subiectivtulcea.ro\/category\/ultimele-stiri\/\">Ultimele \u0218tiri<\/a><\/span><span class=\"td-bred-no-url-last\">Tulcea: Pescuitul sezonier la scrumbie, neafectat de pandemia de coronavirus<\/span><\/div>\n<ul class=\"td-category\">\n<li class=\"entry-category\"><a href=\"https:\/\/subiectivtulcea.ro\/category\/ultimele-stiri\/\">Ultimele \u0218tiri<\/a><\/li>\n<\/ul>\n<header>\n<h1 class=\"entry-title\">Tulcea: Pescuitul sezonier la scrumbie, neafectat de pandemia de coronavirus<\/h1>\n<div class=\"meta-info\">\n<div class=\"td-post-author-name\">\n<div class=\"td-author-by\">De c\u0103tre<\/div>\n<p><a href=\"https:\/\/subiectivtulcea.ro\/author\/sorin\/\">Stefan Vasilescu<\/a><\/p>\n<div class=\"td-author-line\"> &#8211; <\/div>\n<\/div>\n<p><span class=\"td-post-date\"><time class=\"entry-date updated td-module-date\" datetime=\"2020-04-14T10:56:28+00:00\">aprilie 14, 2020<\/time><\/span><\/p>\n<div class=\"td-post-views\"><span class=\"td-nr-views-2899\">1161<\/span><\/div>\n<div class=\"td-post-comments\"><a href=\"https:\/\/subiectivtulcea.ro\/tulcea-pescuitul-sezonier-la-scrumbie-neafectat-de-pandemia-de-coronavirus\/#respond\">0<\/a><\/div>\n<\/div>\n<\/header>\n<\/div>\n<\/div>\n<\/div>\n<div class=\"td-pb-row\">\n<div class=\"td-pb-span8 td-main-content\" role=\"main\">\n<div class=\"td-ss-main-content\">\n<div class=\"td-post-sharing td-post-sharing-top td-pb-padding-side\"><span class=\"td-post-share-title\">DISTRIBUI\u021aI<\/span><\/p>\n<div class=\"td-default-sharing \"><a class=\"td-social-sharing-buttons td-social-facebook\" href=\"https:\/\/www.facebook.com\/sharer.php?u=https%3A%2F%2Fsubiectivtulcea.ro%2Ftulcea-pescuitul-sezonier-la-scrumbie-neafectat-de-pandemia-de-coronavirus%2F\"><\/p>\n<div class=\"td-social-but-text\">Facebook<\/div>\n<p><\/a><a class=\"td-social-sharing-buttons td-social-twitter\" href=\"https:\/\/twitter.com\/intent\/tweet?text=Tulcea%3A+Pescuitul+sezonier+la+scrumbie%2C+neafectat+de+pandemia+de+coronavirus&amp;url=https%3A%2F%2Fsubiectivtulcea.ro%2Ftulcea-pescuitul-sezonier-la-scrumbie-neafectat-de-pandemia-de-coronavirus%2F&amp;via=Subiectiv+De+Tulcea+-+Cotidianul+Cu+Stiri+Pe+Surse\"><\/p>\n<div class=\"td-social-but-text\">Twitter<\/div>\n<p><\/a><\/div>\n<\/div>\n<div class=\"td-post-content td-pb-padding-side\">\n<div class=\"td-post-featured-image\"><a href=\"https:\/\/analyse.optim.biz\/wp-content\/uploads\/2026\/01\/delta-dunarii-pescari-4.jpg\" data-caption><img loading=\"lazy\" decoding=\"async\" width=\"640\" height=\"426\" class=\"entry-thumb td-modal-image\" src=\"https:\/\/analyse.optim.biz\/wp-content\/uploads\/2026\/01\/delta-dunarii-pescari-640x426-5.jpg\" title=\"delta dunarii pescari\"><\/a><\/div>\n<p><strong>Pescuitul sezonier la scrumbie se poate desf\u0103\u015fura f\u0103r\u0103 probleme, datorit\u0103 Ordonan\u0163ei militare emis\u0103 la finele s\u0103pt\u0103m\u00e2nii trecute care nu restric\u0163ioneaz\u0103 aceast\u0103 activitate \u00een contextul pandemiei de coronavirus, a declarat pentru AGERPRES pre\u015fedintele Federa\u0163iei Asocia\u0163iilor de Pescari din Delta Dun\u0103rii (FAPDD), Lucian Sanda.<\/strong><\/p>\n<p>\u00cen aceast\u0103 perioad\u0103, este permis de altfel \u015fi pescuitul familial al scrumbiei, Administra\u0163ia Rezerva\u0163iei Biosferei Delta Dun\u0103rii (ARBDD) aviz\u00e2nd aproape 1.200 de permise de pescuit familial.<\/p>\n<p>\u201cUltima ordonan\u0163\u0103 militar\u0103 ne ajut\u0103 foarte mult \u00een pescuitul sezonier la scrumbie, fiindc\u0103 datorit\u0103 acestui act normativ pescarii \u00ee\u015fi pot desf\u0103\u015fura activitatea \u015fi pe timpul nop\u0163ii. \u00cen plus, av\u00e2nd \u00een vedere faptul c\u0103 pe\u015ftele este un produs perisabil, transportul capturilor se face tot noaptea\u201d, a afirmat Lucian Sanda.<\/p>\n<p>Potrivit datelor remise la solicitarea AGERPRES, Administra\u0163ia Rezerva\u0163iei a avizat 1.199 de permise de pescuit familial, iar cota aprobat\u0103 anul trecut de autorit\u0103\u0163i, de 1.875 de tone, va r\u0103m\u00e2ne aceea\u015fi \u00een acest an p\u00e2n\u0103 c\u00e2nd autorit\u0103\u0163ile na\u0163ionale vor aproba noile cote.<\/p>\n<\/div>\n<footer>\n<div class=\"td-post-source-tags td-pb-padding-side\">\n<ul class=\"td-tags td-post-small-box clearfix\">\n<li><span>ETICHETE<\/span><\/li>\n<li><a href=\"https:\/\/subiectivtulcea.ro\/tag\/coronavirus\/\">coronavirus<\/a><\/li>\n<li><a href=\"https:\/\/subiectivtulcea.ro\/tag\/pandemie\/\">pandemie<\/a><\/li>\n<li><a href=\"https:\/\/subiectivtulcea.ro\/tag\/pescuit-scrumbier\/\">pescuit scrumbier<\/a><\/li>\n<li><a href=\"https:\/\/subiectivtulcea.ro\/tag\/tulcea\/\">tulcea<\/a><\/li>\n<\/ul>\n<\/div>\n<div class=\"td-post-sharing td-post-sharing-bottom td-pb-padding-side\"><span class=\"td-post-share-title\">DISTRIBUI\u021aI<\/span><\/p>\n<div class=\"td-default-sharing td-with-like\"><a class=\"td-social-sharing-buttons td-social-facebook\" href=\"https:\/\/www.facebook.com\/sharer.php?u=https%3A%2F%2Fsubiectivtulcea.ro%2Ftulcea-pescuitul-sezonier-la-scrumbie-neafectat-de-pandemia-de-coronavirus%2F\"><\/p>\n<div class=\"td-social-but-text\">Facebook<\/div>\n<p><\/a><a class=\"td-social-sharing-buttons td-social-twitter\" href=\"https:\/\/twitter.com\/intent\/tweet?text=Tulcea%3A+Pescuitul+sezonier+la+scrumbie%2C+neafectat+de+pandemia+de+coronavirus&amp;url=https%3A%2F%2Fsubiectivtulcea.ro%2Ftulcea-pescuitul-sezonier-la-scrumbie-neafectat-de-pandemia-de-coronavirus%2F&amp;via=Subiectiv+De+Tulcea+-+Cotidianul+Cu+Stiri+Pe+Surse\"><\/p>\n<div class=\"td-social-but-text\">Twitter<\/div>\n<p><\/a><\/div>\n<div class=\"td-classic-sharing\">\n<ul>\n<li class=\"td-classic-facebook\"><iframe frameborder src=\"https:\/\/www.facebook.com\/plugins\/like.php?href=https:\/\/subiectivtulcea.ro\/tulcea-pescuitul-sezonier-la-scrumbie-neafectat-de-pandemia-de-coronavirus\/&amp;layout=button_count&amp;show_faces=false&amp;width=105&amp;action=like&amp;colorscheme=light&amp;height=21\"><\/iframe><\/li>\n<li class=\"td-classic-twitter\"><a href=\"https:\/\/twitter.com\/share\" class=\"twitter-share-button\" data-url=\"https:\/\/subiectivtulcea.ro\/tulcea-pescuitul-sezonier-la-scrumbie-neafectat-de-pandemia-de-coronavirus\/\" data-text=\"Tulcea: Pescuitul sezonier la scrumbie, neafectat de pandemia de coronavirus\" data-via data-lang=\"en\">tweet<\/a><\/li>\n<\/ul>\n<\/div>\n<\/div>\n<div class=\"td-block-row td-post-next-prev\">\n<div class=\"td-block-span6 td-post-prev-post\">\n<div class=\"td-post-next-prev-content\"><span>Articolul precedent<\/span><a href=\"https:\/\/subiectivtulcea.ro\/antrenamente-comune-ale-fortelor-aeriene-romane-si-americane-la-babadag\/\">Antrenamente comune ale for\u0163elor aeriene rom\u00e2ne \u015fi americane, la Babadag<\/a><\/div>\n<\/div>\n<div class=\"td-block-span6 td-post-next-post\">\n<div class=\"td-post-next-prev-content\"><span>Articolul urm\u0103tor<\/span><a href=\"https:\/\/subiectivtulcea.ro\/razii-pentru-combaterea-braconajului-piscicol-in-delta-dunarii\/\">Razii pentru combaterea braconajului piscicol \u00een Delta Dun\u0103rii<\/a><\/div>\n<\/div>\n<\/div>\n<div class=\"author-box-wrap\"><a href=\"https:\/\/subiectivtulcea.ro\/author\/sorin\/\"><img loading=\"lazy\" decoding=\"async\" src=\"https:\/\/analyse.optim.biz\/wp-content\/uploads\/2026\/01\/4054b95552868c8c392af45ec328ee34-177.jpg\" class=\"avatar avatar-96 photo\" height=\"96\" width=\"96\" title=\"4054b95552868c8c392af45ec328ee34-177\"><\/a><\/p>\n<div class=\"desc\">\n<div class=\"td-author-name vcard author\"><span class=\"fn\"><a href=\"https:\/\/subiectivtulcea.ro\/author\/sorin\/\">Stefan Vasilescu<\/a><\/span><\/div>\n<\/div>\n<\/div>\n<p><span><\/span><span><span><\/span><\/span><span><\/span><\/footer>\n<div class=\"td_block_wrap td_block_related_posts td_uid_5_696f17d9ec854_rand td_with_ajax_pagination td-pb-border-top td_block_template_1\" data-td-block-uid=\"td_uid_5_696f17d9ec854\">\n<h4 class=\"td-related-title\"><a id=\"td_uid_6_696f17da01867\" class=\"td-related-left td-cur-simple-item\" data-td_filter_value data-td_block_id=\"td_uid_5_696f17d9ec854\" href=\"https:\/\/subiectivtulcea.ro\/tulcea-pescuitul-sezonier-la-scrumbie-neafectat-de-pandemia-de-coronavirus\/\">ARTICOLE SIMILARE<\/a><a id=\"td_uid_7_696f17da018a8\" class=\"td-related-right\" data-td_filter_value=\"td_related_more_from_author\" data-td_block_id=\"td_uid_5_696f17d9ec854\" href=\"https:\/\/subiectivtulcea.ro\/tulcea-pescuitul-sezonier-la-scrumbie-neafectat-de-pandemia-de-coronavirus\/\">DE LA ACELA\u0218I AUTOR<\/a><\/h4>\n<div id=\"td_uid_5_696f17d9ec854\" class=\"td_block_inner\">\n<div class=\"td-related-row\">\n<div class=\"td-related-span4\">\n<div class=\"td_module_related_posts td-animation-stack td_mod_related_posts\">\n<div class=\"td-module-image\">\n<div class=\"td-module-thumb\"><a href=\"https:\/\/subiectivtulcea.ro\/ministrul-sanatatii-trebuie-sa-ne-obisnuim-ca-pe-perioada-verii-sa-avem-ca-vecin-virusul\/\" rel=\"bookmark\" title=\"Ministrul San\u0103t\u0103\u021bii: Trebuie s\u0103 ne obi\u015fnuim ca pe perioada verii s\u0103 avem ca vecin virusul\"><img loading=\"lazy\" decoding=\"async\" width=\"238\" height=\"178\" class=\"entry-thumb\" src=\"https:\/\/analyse.optim.biz\/wp-content\/uploads\/2026\/01\/izoleta-coronavirus-238x178-178.jpg\" title=\"Ministrul San\u0103t\u0103\u021bii: Trebuie s\u0103 ne obi\u015fnuim ca pe perioada verii s\u0103 avem ca vecin virusul\"><\/a><\/div>\n<\/div>\n<div class=\"item-details\">\n<h3 class=\"entry-title td-module-title\"><a href=\"https:\/\/subiectivtulcea.ro\/ministrul-sanatatii-trebuie-sa-ne-obisnuim-ca-pe-perioada-verii-sa-avem-ca-vecin-virusul\/\" rel=\"bookmark\" title=\"Ministrul San\u0103t\u0103\u021bii: Trebuie s\u0103 ne obi\u015fnuim ca pe perioada verii s\u0103 avem ca vecin virusul\">Ministrul San\u0103t\u0103\u021bii: Trebuie s\u0103 ne obi\u015fnuim ca pe perioada verii s\u0103 avem ca vecin virusul<\/a><\/h3>\n<\/div>\n<\/div>\n<\/div>\n<div class=\"td-related-span4\">\n<div class=\"td_module_related_posts td-animation-stack td_mod_related_posts\">\n<div class=\"td-module-image\">\n<div class=\"td-module-thumb\"><a href=\"https:\/\/subiectivtulcea.ro\/lucrarile-la-podul-peste-dunare-intarziate-din-cauza-procedurii-exproprierilor\/\" rel=\"bookmark\" title=\"Lucr\u0103rile la Podul peste Dun\u0103re, \u00eent\u00e2rziate din cauza procedurii exproprierilor\"><img loading=\"lazy\" decoding=\"async\" width=\"238\" height=\"178\" class=\"entry-thumb\" src=\"https:\/\/analyse.optim.biz\/wp-content\/uploads\/2026\/01\/pod-dunare-238x178-1-172.jpg\" title=\"Lucr\u0103rile la Podul peste Dun\u0103re, \u00eent\u00e2rziate din cauza procedurii exproprierilor\"><\/a><\/div>\n<\/div>\n<div class=\"item-details\">\n<h3 class=\"entry-title td-module-title\"><a href=\"https:\/\/subiectivtulcea.ro\/lucrarile-la-podul-peste-dunare-intarziate-din-cauza-procedurii-exproprierilor\/\" rel=\"bookmark\" title=\"Lucr\u0103rile la Podul peste Dun\u0103re, \u00eent\u00e2rziate din cauza procedurii exproprierilor\">Lucr\u0103rile la Podul peste Dun\u0103re, \u00eent\u00e2rziate din cauza procedurii exproprierilor<\/a><\/h3>\n<\/div>\n<\/div>\n<\/div>\n<div class=\"td-related-span4\">\n<div class=\"td_module_related_posts td-animation-stack td_mod_related_posts\">\n<div class=\"td-module-image\">\n<div class=\"td-module-thumb\"><a href=\"https:\/\/subiectivtulcea.ro\/tulcea-atentionare-pentru-persoanele-care-doresc-sa-lucreze-in-strainatate\/\" rel=\"bookmark\" title=\"TULCEA Aten\u021bionare pentru persoanele care doresc s\u0103 lucreze \u00een str\u0103in\u0103tate\"><img loading=\"lazy\" decoding=\"async\" width=\"238\" height=\"178\" class=\"entry-thumb\" src=\"https:\/\/analyse.optim.biz\/wp-content\/uploads\/2026\/01\/targ-joburi-238x178-173.jpg\" title=\"TULCEA Aten\u021bionare pentru persoanele care doresc s\u0103 lucreze \u00een str\u0103in\u0103tate\"><\/a><\/div>\n<\/div>\n<div class=\"item-details\">\n<h3 class=\"entry-title td-module-title\"><a href=\"https:\/\/subiectivtulcea.ro\/tulcea-atentionare-pentru-persoanele-care-doresc-sa-lucreze-in-strainatate\/\" rel=\"bookmark\" title=\"TULCEA Aten\u021bionare pentru persoanele care doresc s\u0103 lucreze \u00een str\u0103in\u0103tate\">TULCEA Aten\u021bionare pentru persoanele care doresc s\u0103 lucreze \u00een str\u0103in\u0103tate<\/a><\/h3>\n<\/div>\n<\/div>\n<\/div>\n<\/div>\n<\/div>\n<\/div>\n<div class=\"comments\" id=\"comments\">\n<div id=\"respond\" class=\"comment-respond\">\n<h3 id=\"reply-title\" class=\"comment-reply-title\">L\u0102SA\u021aI UN MESAJ <small><a rel=\"nofollow\" id=\"cancel-comment-reply-link\" href=\"https:\/\/subiectivtulcea.ro\/tulcea-pescuitul-sezonier-la-scrumbie-neafectat-de-pandemia-de-coronavirus\/#respond\">Renun\u021ba\u021bi la r\u0103spuns<\/a><\/small><\/h3>\n<div class=\"comment-form-input-wrap td-form-comment\">\n<div class=\"td-warning-comment\">Please enter your comment!<\/div>\n<\/div>\n<div class=\"comment-form-input-wrap td-form-author\">\n<div class=\"td-warning-author\">Please enter your name here<\/div>\n<\/div>\n<div class=\"comment-form-input-wrap td-form-email\">\n<div class=\"td-warning-email-error\">You have entered an incorrect email address!<\/div>\n<div class=\"td-warning-email\">Please enter your email address here<\/div>\n<\/div>\n<div class=\"gglcptch gglcptch_v2\">\n<div>\n<div>\n<div>\n\t\t\t\t\t\t\t\t\n\t\t\t\t\t\t\t<\/div>\n<\/div>\n<\/div>\n<\/div>\n<\/div>\n<\/div>\n<\/div>\n<\/div>\n<div class=\"td-pb-span4 td-main-sidebar td-pb-border-top\" role=\"complementary\">\n<div class=\"td-ss-main-sidebar\">\n<div class=\"td-a-rec td-a-rec-id-sidebar  td_uid_8_696f17da04f52_rand td_block_template_1\"><span class=\"td-adspot-title\">&#8211; Advertisement &#8211;<\/span><\/p>\n<div class=\"td-all-devices\"><a href=\"https:\/\/subiectivtulcea.ro\/tulcea-pescuitul-sezonier-la-scrumbie-neafectat-de-pandemia-de-coronavirus\/\"><img decoding=\"async\" src=\"https:\/\/analyse.optim.biz\/wp-content\/uploads\/2026\/01\/vizual-maximia-tv_cartela-vodafone-177.jpg\" title=\"vizual-maximia-tv_cartela-vodafone-177\"><\/a><\/div>\n<\/div>\n<div class=\"td_block_wrap td_block_9 td_block_widget td_uid_9_696f17da0531d_rand td_with_ajax_pagination td-pb-border-top td_block_template_1\" data-td-block-uid=\"td_uid_9_696f17da0531d\">\n<h4 class=\"block-title\"><span class=\"td-pulldown-size\">CITESTE SI &#8230;<\/span><\/h4>\n<div id=\"td_uid_9_696f17da0531d\" class=\"td_block_inner\">\n<div class=\"td-block-span12\">\n<div class=\"td_module_8 td_module_wrap\">\n<div class=\"item-details\">\n<h3 class=\"entry-title td-module-title\"><a href=\"https:\/\/subiectivtulcea.ro\/spargator-de-locuinte-prins-de-politistii-tulceni\/\" rel=\"bookmark\" title=\"Sp\u0103rg\u0103tor de locuin\u021be, prins de poli\u021bi\u0219tii tulceni\">Sp\u0103rg\u0103tor de locuin\u021be, prins de poli\u021bi\u0219tii tulceni<\/a><\/h3>\n<div class=\"meta-info\"><span class=\"td-post-author-name\"><a href=\"https:\/\/subiectivtulcea.ro\/author\/sorin\/\">Stefan Vasilescu<\/a><span>&#8211;<\/span><\/span><span class=\"td-post-date\"><time class=\"entry-date updated td-module-date\" datetime=\"2019-02-05T13:29:02+00:00\">februarie 5, 2019<\/time><\/span><\/div>\n<\/div>\n<\/div>\n<\/div>\n<div class=\"td-block-span12\">\n<div class=\"td_module_8 td_module_wrap\">\n<div class=\"item-details\">\n<h3 class=\"entry-title td-module-title\"><a href=\"https:\/\/subiectivtulcea.ro\/tulcea-cod-galben-de-vant-puternic\/\" rel=\"bookmark\" title=\"Tulcea: Cod galben de v\u00e2nt puternic\">Tulcea: Cod galben de v\u00e2nt puternic<\/a><\/h3>\n<div class=\"meta-info\"><span class=\"td-post-author-name\"><a href=\"https:\/\/subiectivtulcea.ro\/author\/sorin\/\">Stefan Vasilescu<\/a><span>&#8211;<\/span><\/span><span class=\"td-post-date\"><time class=\"entry-date updated td-module-date\" datetime=\"2018-11-19T12:09:09+00:00\">noiembrie 19, 2018<\/time><\/span><\/div>\n<\/div>\n<\/div>\n<\/div>\n<div class=\"td-block-span12\">\n<div class=\"td_module_8 td_module_wrap\">\n<div class=\"item-details\">\n<h3 class=\"entry-title td-module-title\"><a href=\"https:\/\/subiectivtulcea.ro\/cuiburile-de-barza-monitorizate-la-tulcea\/\" rel=\"bookmark\" title=\"Cuiburile de barz\u0103, monitorizate la Tulcea\">Cuiburile de barz\u0103, monitorizate la Tulcea<\/a><\/h3>\n<div class=\"meta-info\"><span class=\"td-post-author-name\"><a href=\"https:\/\/subiectivtulcea.ro\/author\/sorin\/\">Stefan Vasilescu<\/a><span>&#8211;<\/span><\/span><span class=\"td-post-date\"><time class=\"entry-date updated td-module-date\" datetime=\"2018-08-10T11:30:42+00:00\">august 10, 2018<\/time><\/span><\/div>\n<\/div>\n<\/div>\n<\/div>\n<div class=\"td-block-span12\">\n<div class=\"td_module_8 td_module_wrap\">\n<div class=\"item-details\">\n<h3 class=\"entry-title td-module-title\"><a href=\"https:\/\/subiectivtulcea.ro\/pieton-care-traversa-strada-neregulamentar-accidentat-la-babadag\/\" rel=\"bookmark\" title=\"Pieton care traversa strada neregulamentar, accidentat la Babadag\">Pieton care traversa strada neregulamentar, accidentat la Babadag<\/a><\/h3>\n<div class=\"meta-info\"><span class=\"td-post-author-name\"><a href=\"https:\/\/subiectivtulcea.ro\/author\/sorin\/\">Stefan Vasilescu<\/a><span>&#8211;<\/span><\/span><span class=\"td-post-date\"><time class=\"entry-date updated td-module-date\" datetime=\"2018-04-16T10:22:32+00:00\">aprilie 16, 2018<\/time><\/span><\/div>\n<\/div>\n<\/div>\n<\/div>\n<div class=\"td-block-span12\">\n<div class=\"td_module_8 td_module_wrap\">\n<div class=\"item-details\">\n<h3 class=\"entry-title td-module-title\"><a href=\"https:\/\/subiectivtulcea.ro\/how-should-you-edit-your-holiday-photos\/\" rel=\"bookmark\" title=\"Editura acuzata de ministrul Educatiei ca a publicat un auxiliar neavizat ii raspunde lui Pop: Sa-si ceara scuze public!\">Editura acuzata de ministrul Educatiei ca a publicat un auxiliar neavizat ii raspunde lui&#8230;<\/a><\/h3>\n<div class=\"meta-info\"><span class=\"td-post-author-name\"><a href=\"https:\/\/subiectivtulcea.ro\/author\/tulcea\/\">tulcea<\/a><span>&#8211;<\/span><\/span><span class=\"td-post-date\"><time class=\"entry-date updated td-module-date\" datetime=\"2017-11-28T08:31:38+00:00\">noiembrie 28, 2017<\/time><\/span><\/div>\n<\/div>\n<\/div>\n<\/div>\n<\/div>\n<\/div>\n<\/div>\n<\/div>\n<\/div>\n<\/article>\n<p> Source URL: https:\/\/subiectivtulcea.ro\/tulcea-pescuitul-sezonier-la-scrumbie-neafectat-de-pandemia-de-coronavirus\/<\/p>\n","protected":false},"excerpt":{"rendered":"<p>Acas\u0103Ultimele \u0218tiriTulcea: Pescuitul sezonier la scrumbie, neafectat de pandemia de coronavirus Ultimele \u0218tiri Tulcea: Pescuitul sezonier la scrumbie, neafectat de pandemia de coronavirus De c\u0103tre Stefan Vasilescu &#8211; aprilie 14, 2020 1161 0 DISTRIBUI\u021aI Facebook Twitter Pescuitul sezonier la scrumbie se poate desf\u0103\u015fura f\u0103r\u0103 probleme, datorit\u0103 Ordonan\u0163ei militare emis\u0103 la finele s\u0103pt\u0103m\u00e2nii trecute care nu [&hellip;]<\/p>\n","protected":false},"author":1,"featured_media":1318010,"comment_status":"open","ping_status":"","sticky":false,"template":"","format":"standard","meta":{"footnotes":""},"categories":[89],"tags":[222],"class_list":["post-1318009","post","type-post","status-publish","format-standard","has-post-thumbnail","hentry","category-romania","tag-subiectivtulcea-ro"],"_links":{"self":[{"href":"https:\/\/analyse.optim.biz\/index.php?rest_route=\/wp\/v2\/posts\/1318009","targetHints":{"allow":["GET"]}}],"collection":[{"href":"https:\/\/analyse.optim.biz\/index.php?rest_route=\/wp\/v2\/posts"}],"about":[{"href":"https:\/\/analyse.optim.biz\/index.php?rest_route=\/wp\/v2\/types\/post"}],"author":[{"embeddable":true,"href":"https:\/\/analyse.optim.biz\/index.php?rest_route=\/wp\/v2\/users\/1"}],"replies":[{"embeddable":true,"href":"https:\/\/analyse.optim.biz\/index.php?rest_route=%2Fwp%2Fv2%2Fcomments&post=1318009"}],"version-history":[{"count":0,"href":"https:\/\/analyse.optim.biz\/index.php?rest_route=\/wp\/v2\/posts\/1318009\/revisions"}],"wp:featuredmedia":[{"embeddable":true,"href":"https:\/\/analyse.optim.biz\/index.php?rest_route=\/wp\/v2\/media\/1318010"}],"wp:attachment":[{"href":"https:\/\/analyse.optim.biz\/index.php?rest_route=%2Fwp%2Fv2%2Fmedia&parent=1318009"}],"wp:term":[{"taxonomy":"category","embeddable":true,"href":"https:\/\/analyse.optim.biz\/index.php?rest_route=%2Fwp%2Fv2%2Fcategories&post=1318009"},{"taxonomy":"post_tag","embeddable":true,"href":"https:\/\/analyse.optim.biz\/index.php?rest_route=%2Fwp%2Fv2%2Ftags&post=1318009"}],"curies":[{"name":"wp","href":"https:\/\/api.w.org\/{rel}","templated":true}]}}