{"id":1317930,"date":"2020-03-25T16:40:08","date_gmt":"2020-03-25T13:40:08","guid":{"rendered":"https:\/\/analyse.optim.biz\/?p=1317930"},"modified":"2020-03-25T16:40:08","modified_gmt":"2020-03-25T13:40:08","slug":"schema-de-tratament-pentru-coronavirus-aprobata-de-ministerul-sanatatii","status":"publish","type":"post","link":"https:\/\/analyse.optim.biz\/?p=1317930","title":{"rendered":"Schema de tratament pentru coronavirus aprobat\u0103 de Ministerul S\u0103n\u0103t\u0103\u021bii"},"content":{"rendered":"<article id=\"post-2863\" class=\"post-2863 post type-post status-publish format-standard has-post-thumbnail hentry category-articol-principal category-ultimele-stiri tag-coronavirus tag-covid-19 tag-ministerul-sanatatii tag-schema-de-tratament\">\n<div class=\"td-pb-row\">\n<div class=\"td-pb-span12\">\n<div class=\"td-post-header td-pb-padding-side\">\n<div class=\"entry-crumbs\"><span><a title class=\"entry-crumb\" href=\"https:\/\/subiectivtulcea.ro\/\">Acas\u0103<\/a><\/span><span><a title=\"Vede\u021bi toate articolele \u00een Articol Principal\" class=\"entry-crumb\" href=\"https:\/\/subiectivtulcea.ro\/category\/articol-principal\/\">Articol Principal<\/a><\/span><span class=\"td-bred-no-url-last\">Schema de tratament pentru coronavirus aprobat\u0103 de Ministerul S\u0103n\u0103t\u0103\u021bii<\/span><\/div>\n<ul class=\"td-category\">\n<li class=\"entry-category\"><a href=\"https:\/\/subiectivtulcea.ro\/category\/articol-principal\/\">Articol Principal<\/a><\/li>\n<li class=\"entry-category\"><a href=\"https:\/\/subiectivtulcea.ro\/category\/ultimele-stiri\/\">Ultimele \u0218tiri<\/a><\/li>\n<\/ul>\n<header>\n<h1 class=\"entry-title\">Schema de tratament pentru coronavirus aprobat\u0103 de Ministerul S\u0103n\u0103t\u0103\u021bii<\/h1>\n<div class=\"meta-info\">\n<div class=\"td-post-author-name\">\n<div class=\"td-author-by\">De c\u0103tre<\/div>\n<p><a href=\"https:\/\/subiectivtulcea.ro\/author\/sorin\/\">Stefan Vasilescu<\/a><\/p>\n<div class=\"td-author-line\"> &#8211; <\/div>\n<\/div>\n<p><span class=\"td-post-date\"><time class=\"entry-date updated td-module-date\" datetime=\"2020-03-25T16:40:08+00:00\">martie 25, 2020<\/time><\/span><\/p>\n<div class=\"td-post-views\"><span class=\"td-nr-views-2863\">1592<\/span><\/div>\n<div class=\"td-post-comments\"><a href=\"https:\/\/subiectivtulcea.ro\/schema-de-tratament-pentru-coronavirus-aprobata-de-ministerul-sanatatii\/#respond\">0<\/a><\/div>\n<\/div>\n<\/header>\n<\/div>\n<\/div>\n<\/div>\n<div class=\"td-pb-row\">\n<div class=\"td-pb-span8 td-main-content\" role=\"main\">\n<div class=\"td-ss-main-content\">\n<div class=\"td-post-sharing td-post-sharing-top td-pb-padding-side\"><span class=\"td-post-share-title\">DISTRIBUI\u021aI<\/span><\/p>\n<div class=\"td-default-sharing \"><a class=\"td-social-sharing-buttons td-social-facebook\" href=\"https:\/\/www.facebook.com\/sharer.php?u=https%3A%2F%2Fsubiectivtulcea.ro%2Fschema-de-tratament-pentru-coronavirus-aprobata-de-ministerul-sanatatii%2F\"><\/p>\n<div class=\"td-social-but-text\">Facebook<\/div>\n<p><\/a><a class=\"td-social-sharing-buttons td-social-twitter\" href=\"https:\/\/twitter.com\/intent\/tweet?text=Schema+de+tratament+pentru+coronavirus+aprobat%C4%83+de+Ministerul+S%C4%83n%C4%83t%C4%83%C8%9Bii&amp;url=https%3A%2F%2Fsubiectivtulcea.ro%2Fschema-de-tratament-pentru-coronavirus-aprobata-de-ministerul-sanatatii%2F&amp;via=Subiectiv+De+Tulcea+-+Cotidianul+Cu+Stiri+Pe+Surse\"><\/p>\n<div class=\"td-social-but-text\">Twitter<\/div>\n<p><\/a><\/div>\n<\/div>\n<div class=\"td-post-content td-pb-padding-side\">\n<div class=\"td-post-featured-image\"><a href=\"https:\/\/analyse.optim.biz\/wp-content\/uploads\/2026\/01\/victor-costache-ordin-ms-schema-tratament-coronavirus-696x522-1.jpg\" data-caption><img loading=\"lazy\" decoding=\"async\" width=\"640\" height=\"480\" class=\"entry-thumb td-modal-image\" src=\"https:\/\/analyse.optim.biz\/wp-content\/uploads\/2026\/01\/victor-costache-ordin-ms-schema-tratament-coronavirus-696x522-640x480-1.jpg\" title=\"Victor-Costache-Ordin-MS-schema-tratament-coronavirus-696x522\"><\/a><\/div>\n<p><strong>Ministerul S\u0103n\u0103t\u0103\u021bii a aprobat schema de tratament pentru coronavirus (COVID-19). Ziarul Cet\u0103\u021beanul prezint\u0103 \u00een exclusivitate documentul aprobat prin ordin al ministrului S\u0103n\u0103t\u0103\u021bii Victor Costache.<\/strong><\/p>\n<p>P\u00e2n\u0103 acum, presa a relatat despre diverse medicamente care au avut succes \u00een tratarea coronavirus administrate de medicii spitalelor de boli infec\u021bioase din \u021bar\u0103.<\/p>\n<p>\u00cen baza recomand\u0103rilor Organiza\u021biei Mondiale a S\u0103n\u0103t\u0103\u021bii (OMS), Ministerul S\u0103n\u0103t\u0103\u021bii a elaborat o schem\u0103 de tratament, care acoper\u0103 toate cazurile de infectare \u2013 u\u0219oare, medii \u0219i severe, relateaz\u0103 ziarul <a href=\"https:\/\/cetateanul.net\/articol-principal\/exclusiv-schema-tratament-coronavirus-aprobata-ministerul-sanatatii\/\" target=\"_blank\" rel=\"noopener\"><strong>Cet\u0103\u021beanul<\/strong><\/a>.<\/p>\n<h2><strong>Terapia pentru coronavirus, prin ordin de ministru<\/strong><\/h2>\n<figure class=\"wp-block-image size-large\"><img decoding=\"async\" class=\"wp-image-72604 td-animation-stack-type0-1\" src=\"https:\/\/analyse.optim.biz\/wp-content\/uploads\/2026\/01\/ordin-ms-schema-tratament-coronavirus.jpg\" alt=\"Schema de tratament pentru coronavirus\" title=\"ordin-ms-schema-tratament-coronavirus\"><\/figure>\n<p>Potrivit schemei de tratament elaborate de Ministerul S\u0103n\u0103t\u0103\u021bii, pentru\u00a0<strong>formele u\u0219oare<\/strong>\u00a0<strong>de \u00eenboln\u0103vire, f\u0103r\u0103 pneumonie<\/strong>\u00a0\u00een stadiul precoce ambulator, se recomand\u0103 administrarea de\u00a0<strong>Paracetamol<\/strong>, dar \u0219i a altor simptomatice.<\/p>\n<p>Ca posibile reac\u021bii adverse se men\u021bioneaz\u0103 hepatotoxicitate la dep\u0103\u0219irea dozei \u0219i a duratei de administrare de 7-10 zile.<\/p>\n<figure class=\"wp-block-image size-full is-resized\"><img loading=\"lazy\" decoding=\"async\" class=\"wp-image-72605 td-animation-stack-type0-1\" src=\"https:\/\/analyse.optim.biz\/wp-content\/uploads\/2026\/01\/schema-tratament-coronavirus.jpeg\" alt=\"Schema de tratament pentru coronavirus\" width=\"6400\" height=\"3600\" title=\"schema-tratament-coronavirus\"><\/figure>\n<p>Tot \u00een cazul\u00a0<strong>formelor u\u0219oare<\/strong>\u00a0de COVID-19, dar \u00een primele trei zile de la debutul clinic, bolnavilor trebuie s\u0103 li se administreze\u00a0<strong>Lopinavir\/Ritonavir (Kaletra)<\/strong>\u00a0sau\u00a0<strong>Hidroxiclorochin\u0103<\/strong>\u00a0\u2013 \u00een cazul celor cu factori de risc.<\/p>\n<p>Reac\u021biile adverse ar putea fi mai puternice \u00een cazul acestui tratament: diaree, grea\u021b\u0103, stomatit\u0103, febr\u0103, anemie, leucopenie \u0219i hiperbilirubinemie.<\/p>\n<p>Pentru\u00a0<strong>formele medii de infectare<\/strong>\u00a0(pacien\u021bi cu pneumonie\u00a0 f\u0103r\u0103 semne de severitate) \u2013\u00a0<strong>Hidroxiclorochin\u0103\u00a0<\/strong>(reac\u021bii adverse: tulbur\u0103ri de ritm\/conducere).<\/p>\n<p>\u00cen cazul\u00a0<strong>copiilor cu pneumonie u\u0219oar\u0103<\/strong>, cu tuse sau dificult\u0103\u0163i de respira\u0163ie, se administreaz\u0103\u00a0<strong>Lopinavir\/Ritonavir<\/strong>.<\/p>\n<p>CITE\u0218TE \u0218I:\u00a0<a href=\"https:\/\/cetateanul.net\/articol-principal\/tratamentul-minune-pentru-coronavirus-prescris-de-streinu-cercel-la-matei-bals\/\"><strong>Tratamentul minune pentru coronavirus, prescris de Streinu Cercel la \u201eMatei Bal\u0219\u201d<\/strong><\/a><\/p>\n<h3><strong>Schema de tratament pentru coronavirus \u2013 bolnavi \u00een stare critic\u0103<\/strong><\/h3>\n<p>Pentru\u00a0<strong>bolnavii \u00een stare critic\u0103<\/strong>, cu probleme respiratorii acute, tratamentul prevede\u00a0<strong>Hidroxiclorochin\u0103 \u0219i Remdesivir (Lopinavir\/Ritonavir<\/strong>\u00a0dac\u0103 nu este disponibil).<\/p>\n<p>Totodat\u0103, \u00een cazul pacien\u0163ilor cu sindrom inflamator excesiv \u015fi disfunc\u0163ii de organe, medicamentul recomandat este\u00a0 Tocilizumab.<\/p>\n<p>Tot \u00een cadrul schemei de tratament se mai recomand\u0103 efectuarea zilnic\u0103 a unei\u00a0<strong>electrocardiograme (EKG)<\/strong>\u00a0pentru evaluarea riscului aritmic.<\/p>\n<p>Din schema de tratament oficial\u0103 a disp\u0103rut\u00a0<strong><a href=\"https:\/\/www.pcfarm.ro\/prospect.php?id=2813\" target=\"_blank\" rel=\"noreferrer noopener\" aria-label=\"Tamiflu (opens in a new tab)\">Tamiflu<\/a><\/strong>, medicamentul antiviral despre care se credea p\u00e2n\u0103 acum c\u0103 ar putea fi eficace \u0219i \u00een cazul tratamentului pentru COVID-19.<\/p>\n<h3><strong>Schema de tratament pentru coronavirus \u2013 Kaletra\u00a0<\/strong>\u2013 1100 lei<\/h3>\n<figure class=\"wp-block-image size-large\"><img decoding=\"async\" class=\"wp-image-71861 td-animation-stack-type0-1\" src=\"https:\/\/analyse.optim.biz\/wp-content\/uploads\/2026\/01\/kaletra-coronavirus.jpeg\" alt=\"coronavirus\" title=\"kaletra-coronavirus\"><\/figure>\n<p>Medicamentul\u00a0<strong>Kaletra (Lopinavir\/Ritonavir 200mg\/50mg)<\/strong>\u00a0este folosit \u00een mod obi\u0219nuit pentru tratamentul infect\u0103rii cu vrusul HIV \u0219i\u00a0<strong>se poate elibera numai pe baza de reteta.<\/strong><\/p>\n<p>Kaletra este un medicament antiviral. Se administreaza impreuna cu alte medicamente antivirale pentru tratarea adultilor si copiilor in varsta de peste 2 ani care sunt infectati cu virusul imunodeficientei umane de tip 1 (HIV\u20131), un virus care provoaca sindromul imunodeficientei dobandite (SIDA).<br \/><strong>Ce este Kaletra?<\/strong><br \/>\nKaletra este un medicament care con\u021bine dou\u0103 substan\u021be active, lopinavir \u0219i ritonavir. Este disponibil sub form\u0103 de capsule portocalii (133,3 mg lopinavir \u0219i 33,3 mg ritonavir), solu\u021bie oral\u0103 (80 mg lopinavir \u0219i 20 mg ritonavir per mililitru) \u0219i comprimate (galben-pal: 100 mg lopinavir \u0219i 25 mg ritonavir; galbene: 200 mg lopinavir \u0219i 50 mg ritonavir).<\/p>\n<p>F\u0103r\u0103 re\u021bet\u0103,\u00a0<strong><a href=\"https:\/\/mediately.co\/ro\/drugs\/T6uzn9JvN2h0Uze7f4k09RNmBQW\/kaletra-200mg-50mg-compr-film\" target=\"_blank\" rel=\"noreferrer noopener\" aria-label=\"pre\u021bul este de circa 1100 lei (opens in a new tab)\">pre\u021bul este de circa 1100 lei<\/a><\/strong>. Dac\u0103 ave\u021bi re\u021bet\u0103 compensat\u0103 de la medicul de familie, nu pl\u0103ti\u021bi nimic.<\/p>\n<p>Aici g\u0103si\u021bi\u00a0<strong><a href=\"https:\/\/www.pcfarm.ro\/prospect.php?id=3371\" target=\"_blank\" rel=\"noreferrer noopener\" aria-label=\"prospectul (opens in a new tab)\">prospectul<\/a>.<\/strong><\/p>\n<p><strong>Aici, cei care au re\u021bet\u0103 \u00eel pot rezerva\u00a0<\/strong>\u0219i ulterior \u00eel pot ridica din farmacii.<\/p>\n<h3><strong>Schema de tratament pentru coronavirus \u2013 Tocilizumab<\/strong>, \u00eentre 600 \u0219i 2800 lei<\/h3>\n<figure class=\"wp-block-image size-large\"><img decoding=\"async\" class=\"wp-image-72609 td-animation-stack-type0-1\" src=\"https:\/\/analyse.optim.biz\/wp-content\/uploads\/2026\/01\/roactemra.jpg\" alt=\"Schema de tratament pentru coronavirus\" title=\"roactemra\"><\/figure>\n<p><strong>Tocilizumab<\/strong>\u00a0(RoActemra) este utilizat de obicei pentru tratamentul adul\u021bilor cu artrit\u0103 reumatoid\u0103 activ\u0103 moderat\u0103 p\u00e2n\u0103 la sever\u0103 (o boal\u0103 a sistemului imunitar care determin\u0103 inflama\u021bia articula\u021biilor).\u00a0 Medicamentul, sub form\u0103 de solu\u021bie perfuzabil\u0103, se poate elibera numai pe baza de re\u021beta. Pre\u021bul RoActemra este foarte mare, \u00eentre 600 \u0219i 2800 de lei \u2013 \u00een func\u021bie de num\u0103rul de flacoane necesar tratamentului.<\/p>\n<p>\u00cen unele cazuri, medicii au constatat reac\u021bii adverse grave, const\u00e2nd \u00een leziuni hepatice severe.<\/p>\n<p><strong><a href=\"https:\/\/www.pcfarm.ro\/prospect.php?id=3842\" target=\"_blank\" rel=\"noreferrer noopener\" aria-label=\"Cite\u0219te prospectul aici. (opens in a new tab)\">Cite\u0219te prospectul aici.<\/a><\/strong><\/p>\n<h3><strong>Remdesivir, medicamentul \u201eultimei speran\u021be\u201d<\/strong><\/h3>\n<p>Remdesivir este un medicament care se administreaz\u0103 \u00een fazele grave ale bolii, \u00een \u00eencercarea disperat\u0103 a mediclilor de a salva pacien\u021bii. Deocamdat\u0103, nu este un medicament omologat, ci unul pentru programe de \u201ecompassionate use\u201d (program compasional).<\/p>\n<p>Termenul se folose\u0219te pentru o molecul\u0103 aflat\u0103 \u00een studii dar neaprobat\u0103 \u00eenc\u0103, ce poate fi administrat\u0103 \u00een cazurile grave de boal\u0103 pentru care este studiat\u0103.<\/p>\n<p>Gilead, compania produc\u0103toare a Remdesivir, una dintre cele mai promi\u021b\u0103toare molecule studiate \u00een COVID-19, a anun\u021bat c\u0103 medicamentul este disponibil pentru tratamentul de urgen\u021b\u0103 a formelor grave, f\u0103r\u0103 alte op\u021biuni terapeutice, prin programul de compassionate use.<\/p>\n<\/div>\n<footer>\n<div class=\"td-post-source-tags td-pb-padding-side\">\n<ul class=\"td-tags td-post-small-box clearfix\">\n<li><span>ETICHETE<\/span><\/li>\n<li><a href=\"https:\/\/subiectivtulcea.ro\/tag\/coronavirus\/\">coronavirus<\/a><\/li>\n<li><a href=\"https:\/\/subiectivtulcea.ro\/tag\/covid-19\/\">covid 19<\/a><\/li>\n<li><a href=\"https:\/\/subiectivtulcea.ro\/tag\/ministerul-sanatatii\/\">ministerul sanatatii<\/a><\/li>\n<li><a href=\"https:\/\/subiectivtulcea.ro\/tag\/schema-de-tratament\/\">schema de tratament<\/a><\/li>\n<\/ul>\n<\/div>\n<div class=\"td-post-sharing td-post-sharing-bottom td-pb-padding-side\"><span class=\"td-post-share-title\">DISTRIBUI\u021aI<\/span><\/p>\n<div class=\"td-default-sharing td-with-like\"><a class=\"td-social-sharing-buttons td-social-facebook\" href=\"https:\/\/www.facebook.com\/sharer.php?u=https%3A%2F%2Fsubiectivtulcea.ro%2Fschema-de-tratament-pentru-coronavirus-aprobata-de-ministerul-sanatatii%2F\"><\/p>\n<div class=\"td-social-but-text\">Facebook<\/div>\n<p><\/a><a class=\"td-social-sharing-buttons td-social-twitter\" href=\"https:\/\/twitter.com\/intent\/tweet?text=Schema+de+tratament+pentru+coronavirus+aprobat%C4%83+de+Ministerul+S%C4%83n%C4%83t%C4%83%C8%9Bii&amp;url=https%3A%2F%2Fsubiectivtulcea.ro%2Fschema-de-tratament-pentru-coronavirus-aprobata-de-ministerul-sanatatii%2F&amp;via=Subiectiv+De+Tulcea+-+Cotidianul+Cu+Stiri+Pe+Surse\"><\/p>\n<div class=\"td-social-but-text\">Twitter<\/div>\n<p><\/a><\/div>\n<div class=\"td-classic-sharing\">\n<ul>\n<li class=\"td-classic-facebook\"><iframe frameborder src=\"https:\/\/www.facebook.com\/plugins\/like.php?href=https:\/\/subiectivtulcea.ro\/schema-de-tratament-pentru-coronavirus-aprobata-de-ministerul-sanatatii\/&amp;layout=button_count&amp;show_faces=false&amp;width=105&amp;action=like&amp;colorscheme=light&amp;height=21\"><\/iframe><\/li>\n<li class=\"td-classic-twitter\"><a href=\"https:\/\/twitter.com\/share\" class=\"twitter-share-button\" data-url=\"https:\/\/subiectivtulcea.ro\/schema-de-tratament-pentru-coronavirus-aprobata-de-ministerul-sanatatii\/\" data-text=\"Schema de tratament pentru coronavirus aprobat\u0103 de Ministerul S\u0103n\u0103t\u0103\u021bii\" data-via data-lang=\"en\">tweet<\/a><\/li>\n<\/ul>\n<\/div>\n<\/div>\n<div class=\"td-block-row td-post-next-prev\">\n<div class=\"td-block-span6 td-post-prev-post\">\n<div class=\"td-post-next-prev-content\"><span>Articolul precedent<\/span><a href=\"https:\/\/subiectivtulcea.ro\/coronavirus-informatii-oficiale-906-infectii-13-morti-86-de-pacienti-vindecati\/\">Coronavirus, informa\u021bii oficiale: 906 infec\u021bii, 13 mor\u021bi, 86 de pacien\u021bi vindeca\u021bi<\/a><\/div>\n<\/div>\n<div class=\"td-block-span6 td-post-next-post\">\n<div class=\"td-post-next-prev-content\"><span>Articolul urm\u0103tor<\/span><a href=\"https:\/\/subiectivtulcea.ro\/klaus-iohannis-a-semnat-decretul-de-numire-a-lui-nelu-tataru-la-ministerul-sanatatii\/\">Klaus Iohannis a semnat decretul de numire a lui Nelu T\u0103taru la Ministerul S\u0103n\u0103t\u0103\u021bii<\/a><\/div>\n<\/div>\n<\/div>\n<div class=\"author-box-wrap\"><a href=\"https:\/\/subiectivtulcea.ro\/author\/sorin\/\"><img loading=\"lazy\" decoding=\"async\" src=\"https:\/\/analyse.optim.biz\/wp-content\/uploads\/2026\/01\/4054b95552868c8c392af45ec328ee34-174.jpg\" class=\"avatar avatar-96 photo\" height=\"96\" width=\"96\" title=\"4054b95552868c8c392af45ec328ee34-174\"><\/a><\/p>\n<div class=\"desc\">\n<div class=\"td-author-name vcard author\"><span class=\"fn\"><a href=\"https:\/\/subiectivtulcea.ro\/author\/sorin\/\">Stefan Vasilescu<\/a><\/span><\/div>\n<\/div>\n<\/div>\n<p><span><\/span><span><span><\/span><\/span><span><\/span><\/footer>\n<div class=\"td_block_wrap td_block_related_posts td_uid_5_696f1762eec2e_rand td_with_ajax_pagination td-pb-border-top td_block_template_1\" data-td-block-uid=\"td_uid_5_696f1762eec2e\">\n<h4 class=\"td-related-title\"><a id=\"td_uid_6_696f1762f29a3\" class=\"td-related-left td-cur-simple-item\" data-td_filter_value data-td_block_id=\"td_uid_5_696f1762eec2e\" href=\"https:\/\/subiectivtulcea.ro\/schema-de-tratament-pentru-coronavirus-aprobata-de-ministerul-sanatatii\/\">ARTICOLE SIMILARE<\/a><a id=\"td_uid_7_696f1762f29be\" class=\"td-related-right\" data-td_filter_value=\"td_related_more_from_author\" data-td_block_id=\"td_uid_5_696f1762eec2e\" href=\"https:\/\/subiectivtulcea.ro\/schema-de-tratament-pentru-coronavirus-aprobata-de-ministerul-sanatatii\/\">DE LA ACELA\u0218I AUTOR<\/a><\/h4>\n<div id=\"td_uid_5_696f1762eec2e\" class=\"td_block_inner\">\n<div class=\"td-related-row\">\n<div class=\"td-related-span4\">\n<div class=\"td_module_related_posts td-animation-stack td_mod_related_posts\">\n<div class=\"td-module-image\">\n<div class=\"td-module-thumb\"><a href=\"https:\/\/subiectivtulcea.ro\/ministrul-sanatatii-trebuie-sa-ne-obisnuim-ca-pe-perioada-verii-sa-avem-ca-vecin-virusul\/\" rel=\"bookmark\" title=\"Ministrul San\u0103t\u0103\u021bii: Trebuie s\u0103 ne obi\u015fnuim ca pe perioada verii s\u0103 avem ca vecin virusul\"><img loading=\"lazy\" decoding=\"async\" width=\"238\" height=\"178\" class=\"entry-thumb\" src=\"https:\/\/analyse.optim.biz\/wp-content\/uploads\/2026\/01\/izoleta-coronavirus-238x178-175.jpg\" title=\"Ministrul San\u0103t\u0103\u021bii: Trebuie s\u0103 ne obi\u015fnuim ca pe perioada verii s\u0103 avem ca vecin virusul\"><\/a><\/div>\n<\/div>\n<div class=\"item-details\">\n<h3 class=\"entry-title td-module-title\"><a href=\"https:\/\/subiectivtulcea.ro\/ministrul-sanatatii-trebuie-sa-ne-obisnuim-ca-pe-perioada-verii-sa-avem-ca-vecin-virusul\/\" rel=\"bookmark\" title=\"Ministrul San\u0103t\u0103\u021bii: Trebuie s\u0103 ne obi\u015fnuim ca pe perioada verii s\u0103 avem ca vecin virusul\">Ministrul San\u0103t\u0103\u021bii: Trebuie s\u0103 ne obi\u015fnuim ca pe perioada verii s\u0103 avem ca vecin virusul<\/a><\/h3>\n<\/div>\n<\/div>\n<\/div>\n<div class=\"td-related-span4\">\n<div class=\"td_module_related_posts td-animation-stack td_mod_related_posts\">\n<div class=\"td-module-image\">\n<div class=\"td-module-thumb\"><a href=\"https:\/\/subiectivtulcea.ro\/lucrarile-la-podul-peste-dunare-intarziate-din-cauza-procedurii-exproprierilor\/\" rel=\"bookmark\" title=\"Lucr\u0103rile la Podul peste Dun\u0103re, \u00eent\u00e2rziate din cauza procedurii exproprierilor\"><img loading=\"lazy\" decoding=\"async\" width=\"238\" height=\"178\" class=\"entry-thumb\" src=\"https:\/\/analyse.optim.biz\/wp-content\/uploads\/2026\/01\/pod-dunare-238x178-1-169.jpg\" title=\"Lucr\u0103rile la Podul peste Dun\u0103re, \u00eent\u00e2rziate din cauza procedurii exproprierilor\"><\/a><\/div>\n<\/div>\n<div class=\"item-details\">\n<h3 class=\"entry-title td-module-title\"><a href=\"https:\/\/subiectivtulcea.ro\/lucrarile-la-podul-peste-dunare-intarziate-din-cauza-procedurii-exproprierilor\/\" rel=\"bookmark\" title=\"Lucr\u0103rile la Podul peste Dun\u0103re, \u00eent\u00e2rziate din cauza procedurii exproprierilor\">Lucr\u0103rile la Podul peste Dun\u0103re, \u00eent\u00e2rziate din cauza procedurii exproprierilor<\/a><\/h3>\n<\/div>\n<\/div>\n<\/div>\n<div class=\"td-related-span4\">\n<div class=\"td_module_related_posts td-animation-stack td_mod_related_posts\">\n<div class=\"td-module-image\">\n<div class=\"td-module-thumb\"><a href=\"https:\/\/subiectivtulcea.ro\/tulcea-atentionare-pentru-persoanele-care-doresc-sa-lucreze-in-strainatate\/\" rel=\"bookmark\" title=\"TULCEA Aten\u021bionare pentru persoanele care doresc s\u0103 lucreze \u00een str\u0103in\u0103tate\"><img loading=\"lazy\" decoding=\"async\" width=\"238\" height=\"178\" class=\"entry-thumb\" src=\"https:\/\/analyse.optim.biz\/wp-content\/uploads\/2026\/01\/targ-joburi-238x178-170.jpg\" title=\"TULCEA Aten\u021bionare pentru persoanele care doresc s\u0103 lucreze \u00een str\u0103in\u0103tate\"><\/a><\/div>\n<\/div>\n<div class=\"item-details\">\n<h3 class=\"entry-title td-module-title\"><a href=\"https:\/\/subiectivtulcea.ro\/tulcea-atentionare-pentru-persoanele-care-doresc-sa-lucreze-in-strainatate\/\" rel=\"bookmark\" title=\"TULCEA Aten\u021bionare pentru persoanele care doresc s\u0103 lucreze \u00een str\u0103in\u0103tate\">TULCEA Aten\u021bionare pentru persoanele care doresc s\u0103 lucreze \u00een str\u0103in\u0103tate<\/a><\/h3>\n<\/div>\n<\/div>\n<\/div>\n<\/div>\n<\/div>\n<\/div>\n<div class=\"comments\" id=\"comments\">\n<div id=\"respond\" class=\"comment-respond\">\n<h3 id=\"reply-title\" class=\"comment-reply-title\">L\u0102SA\u021aI UN MESAJ <small><a rel=\"nofollow\" id=\"cancel-comment-reply-link\" href=\"https:\/\/subiectivtulcea.ro\/schema-de-tratament-pentru-coronavirus-aprobata-de-ministerul-sanatatii\/#respond\">Renun\u021ba\u021bi la r\u0103spuns<\/a><\/small><\/h3>\n<div class=\"comment-form-input-wrap td-form-comment\">\n<div class=\"td-warning-comment\">Please enter your comment!<\/div>\n<\/div>\n<div class=\"comment-form-input-wrap td-form-author\">\n<div class=\"td-warning-author\">Please enter your name here<\/div>\n<\/div>\n<div class=\"comment-form-input-wrap td-form-email\">\n<div class=\"td-warning-email-error\">You have entered an incorrect email address!<\/div>\n<div class=\"td-warning-email\">Please enter your email address here<\/div>\n<\/div>\n<div class=\"gglcptch gglcptch_v2\">\n<div>\n<div>\n<div>\n\t\t\t\t\t\t\t\t\n\t\t\t\t\t\t\t<\/div>\n<\/div>\n<\/div>\n<\/div>\n<\/div>\n<\/div>\n<\/div>\n<\/div>\n<div class=\"td-pb-span4 td-main-sidebar td-pb-border-top\" role=\"complementary\">\n<div class=\"td-ss-main-sidebar\">\n<div class=\"td-a-rec td-a-rec-id-sidebar  td_uid_8_696f1763008df_rand td_block_template_1\"><span class=\"td-adspot-title\">&#8211; Advertisement &#8211;<\/span><\/p>\n<div class=\"td-all-devices\"><a href=\"https:\/\/subiectivtulcea.ro\/schema-de-tratament-pentru-coronavirus-aprobata-de-ministerul-sanatatii\/\"><img decoding=\"async\" src=\"https:\/\/analyse.optim.biz\/wp-content\/uploads\/2026\/01\/vizual-maximia-tv_cartela-vodafone-174.jpg\" title=\"vizual-maximia-tv_cartela-vodafone-174\"><\/a><\/div>\n<\/div>\n<div class=\"td_block_wrap td_block_9 td_block_widget td_uid_9_696f176300a7e_rand td_with_ajax_pagination td-pb-border-top td_block_template_1\" data-td-block-uid=\"td_uid_9_696f176300a7e\">\n<h4 class=\"block-title\"><span class=\"td-pulldown-size\">CITESTE SI &#8230;<\/span><\/h4>\n<div id=\"td_uid_9_696f176300a7e\" class=\"td_block_inner\">\n<div class=\"td-block-span12\">\n<div class=\"td_module_8 td_module_wrap\">\n<div class=\"item-details\">\n<h3 class=\"entry-title td-module-title\"><a href=\"https:\/\/subiectivtulcea.ro\/must-have-beauty-kits-palettes\/\" rel=\"bookmark\" title=\"Dan Puric DEPL\u00c2NGE soarta teatrului rom\u00e2nesc. DIALOG inedit cu Stela Popescu\">Dan Puric DEPL\u00c2NGE soarta teatrului rom\u00e2nesc. DIALOG inedit cu Stela Popescu<\/a><\/h3>\n<div class=\"meta-info\"><span class=\"td-post-author-name\"><a href=\"https:\/\/subiectivtulcea.ro\/author\/tulcea\/\">tulcea<\/a><span>&#8211;<\/span><\/span><span class=\"td-post-date\"><time class=\"entry-date updated td-module-date\" datetime=\"2017-11-28T08:31:48+00:00\">noiembrie 28, 2017<\/time><\/span><\/div>\n<\/div>\n<\/div>\n<\/div>\n<div class=\"td-block-span12\">\n<div class=\"td_module_8 td_module_wrap\">\n<div class=\"item-details\">\n<h3 class=\"entry-title td-module-title\"><a href=\"https:\/\/subiectivtulcea.ro\/tulcea-s-au-incheiat-cercetarile-arheologice-in-doua-perimetre-din-zona-podului-peste-dunare\/\" rel=\"bookmark\" title=\"Tulcea: S-au \u00eencheiat cercet\u0103rile arheologice \u00een dou\u0103 perimetre din zona podului peste Dun\u0103re\">Tulcea: S-au \u00eencheiat cercet\u0103rile arheologice \u00een dou\u0103 perimetre din zona podului peste Dun\u0103re<\/a><\/h3>\n<div class=\"meta-info\"><span class=\"td-post-author-name\"><a href=\"https:\/\/subiectivtulcea.ro\/author\/sorin\/\">Stefan Vasilescu<\/a><span>&#8211;<\/span><\/span><span class=\"td-post-date\"><time class=\"entry-date updated td-module-date\" datetime=\"2019-06-06T06:05:21+00:00\">iunie 6, 2019<\/time><\/span><\/div>\n<\/div>\n<\/div>\n<\/div>\n<div class=\"td-block-span12\">\n<div class=\"td_module_8 td_module_wrap\">\n<div class=\"item-details\">\n<h3 class=\"entry-title td-module-title\"><a href=\"https:\/\/subiectivtulcea.ro\/detinutii-din-penitenciarul-tulcea-sarbatoresc-sfintele-sarbatori-de-pasti\/\" rel=\"bookmark\" title=\"De\u0163inu\u0163ii din Penitenciarul Tulcea s\u0103rb\u0103toresc Sfintele S\u0103rb\u0103tori de Pa\u015fti\">De\u0163inu\u0163ii din Penitenciarul Tulcea s\u0103rb\u0103toresc Sfintele S\u0103rb\u0103tori de Pa\u015fti<\/a><\/h3>\n<div class=\"meta-info\"><span class=\"td-post-author-name\"><a href=\"https:\/\/subiectivtulcea.ro\/author\/sorin\/\">Stefan Vasilescu<\/a><span>&#8211;<\/span><\/span><span class=\"td-post-date\"><time class=\"entry-date updated td-module-date\" datetime=\"2019-04-18T08:54:54+00:00\">aprilie 18, 2019<\/time><\/span><\/div>\n<\/div>\n<\/div>\n<\/div>\n<div class=\"td-block-span12\">\n<div class=\"td_module_8 td_module_wrap\">\n<div class=\"item-details\">\n<h3 class=\"entry-title td-module-title\"><a href=\"https:\/\/subiectivtulcea.ro\/tulcea-a-ajuns-cimitirul-masinilor-second-hand\/\" rel=\"bookmark\" title=\"Tulcea a ajuns cimitirul ma\u0219inilor second-hand\">Tulcea a ajuns cimitirul ma\u0219inilor second-hand<\/a><\/h3>\n<div class=\"meta-info\"><span class=\"td-post-author-name\"><a href=\"https:\/\/subiectivtulcea.ro\/author\/catalin\/\">Costel Oprescu<\/a><span>&#8211;<\/span><\/span><span class=\"td-post-date\"><time class=\"entry-date updated td-module-date\" datetime=\"2018-03-18T18:28:06+00:00\">martie 18, 2018<\/time><\/span><\/div>\n<\/div>\n<\/div>\n<\/div>\n<div class=\"td-block-span12\">\n<div class=\"td_module_8 td_module_wrap\">\n<div class=\"item-details\">\n<h3 class=\"entry-title td-module-title\"><a href=\"https:\/\/subiectivtulcea.ro\/un-focar-nou-de-pesta-porcina-a-fost-descoperit-intr-o-gospodarie-cu-88-de-porci\/\" rel=\"bookmark\" title=\"Un focar nou de pest\u0103 porcin\u0103 a fost descoperit \u00eentr-o gospod\u0103rie cu 88 de porci\">Un focar nou de pest\u0103 porcin\u0103 a fost descoperit \u00eentr-o gospod\u0103rie cu 88 de&#8230;<\/a><\/h3>\n<div class=\"meta-info\"><span class=\"td-post-author-name\"><a href=\"https:\/\/subiectivtulcea.ro\/author\/sorin\/\">Stefan Vasilescu<\/a><span>&#8211;<\/span><\/span><span class=\"td-post-date\"><time class=\"entry-date updated td-module-date\" datetime=\"2018-10-01T11:33:12+00:00\">octombrie 1, 2018<\/time><\/span><\/div>\n<\/div>\n<\/div>\n<\/div>\n<\/div>\n<\/div>\n<\/div>\n<\/div>\n<\/div>\n<\/article>\n<p> Source URL: https:\/\/subiectivtulcea.ro\/schema-de-tratament-pentru-coronavirus-aprobata-de-ministerul-sanatatii\/<\/p>\n","protected":false},"excerpt":{"rendered":"<p>Acas\u0103Articol PrincipalSchema de tratament pentru coronavirus aprobat\u0103 de Ministerul S\u0103n\u0103t\u0103\u021bii Articol Principal Ultimele \u0218tiri Schema de tratament pentru coronavirus aprobat\u0103 de Ministerul S\u0103n\u0103t\u0103\u021bii De c\u0103tre Stefan Vasilescu &#8211; martie 25, 2020 1592 0 DISTRIBUI\u021aI Facebook Twitter Ministerul S\u0103n\u0103t\u0103\u021bii a aprobat schema de tratament pentru coronavirus (COVID-19). Ziarul Cet\u0103\u021beanul prezint\u0103 \u00een exclusivitate documentul aprobat prin ordin [&hellip;]<\/p>\n","protected":false},"author":1,"featured_media":1317935,"comment_status":"open","ping_status":"","sticky":false,"template":"","format":"standard","meta":{"footnotes":""},"categories":[89],"tags":[222],"class_list":["post-1317930","post","type-post","status-publish","format-standard","has-post-thumbnail","hentry","category-romania","tag-subiectivtulcea-ro"],"_links":{"self":[{"href":"https:\/\/analyse.optim.biz\/index.php?rest_route=\/wp\/v2\/posts\/1317930","targetHints":{"allow":["GET"]}}],"collection":[{"href":"https:\/\/analyse.optim.biz\/index.php?rest_route=\/wp\/v2\/posts"}],"about":[{"href":"https:\/\/analyse.optim.biz\/index.php?rest_route=\/wp\/v2\/types\/post"}],"author":[{"embeddable":true,"href":"https:\/\/analyse.optim.biz\/index.php?rest_route=\/wp\/v2\/users\/1"}],"replies":[{"embeddable":true,"href":"https:\/\/analyse.optim.biz\/index.php?rest_route=%2Fwp%2Fv2%2Fcomments&post=1317930"}],"version-history":[{"count":0,"href":"https:\/\/analyse.optim.biz\/index.php?rest_route=\/wp\/v2\/posts\/1317930\/revisions"}],"wp:featuredmedia":[{"embeddable":true,"href":"https:\/\/analyse.optim.biz\/index.php?rest_route=\/wp\/v2\/media\/1317935"}],"wp:attachment":[{"href":"https:\/\/analyse.optim.biz\/index.php?rest_route=%2Fwp%2Fv2%2Fmedia&parent=1317930"}],"wp:term":[{"taxonomy":"category","embeddable":true,"href":"https:\/\/analyse.optim.biz\/index.php?rest_route=%2Fwp%2Fv2%2Fcategories&post=1317930"},{"taxonomy":"post_tag","embeddable":true,"href":"https:\/\/analyse.optim.biz\/index.php?rest_route=%2Fwp%2Fv2%2Ftags&post=1317930"}],"curies":[{"name":"wp","href":"https:\/\/api.w.org\/{rel}","templated":true}]}}