{"id":1315770,"date":"2026-01-19T14:33:47","date_gmt":"2026-01-19T11:33:47","guid":{"rendered":"https:\/\/analyse.optim.biz\/?p=1315770"},"modified":"2026-01-19T14:33:47","modified_gmt":"2026-01-19T11:33:47","slug":"liga-florilor-declaratii-dupa-valcea-braila-29-28-florentin-pera-soren-norgaard-si-valeria-kirdiasheva","status":"publish","type":"post","link":"https:\/\/analyse.optim.biz\/?p=1315770","title":{"rendered":"LIGA FLORILOR. DECLARA\u021aII DUP\u0102 V\u00c2LCEA \u2013 BR\u0102ILA 29-28. FLORENTIN PERA, SOREN NORGAARD \u0218I VALERIA KIRDIASHEVA"},"content":{"rendered":"<article id=\"195996\" class=\"post-195996 post type-post status-publish format-standard has-post-thumbnail hentry category-handbal category-sport\">\n<header class=\"post-header\">\n<ul class=\"breadcrumbs\">\n<li><a href=\"https:\/\/www.curierul.ro\">Home<\/a><\/li>\n<li class=\"breadcrumbs-active .category-handbal\"><a href=\"https:\/\/www.curierul.ro\/index.php?cat=4\">Handbal<\/a><\/li>\n<li class=\"breadcrumbs-active .category-handbal\">LIGA FLORILOR. DECLARA\u021aII DUP\u0102 V\u00c2LCEA \u2013 BR\u0102ILA 29-28. FLORENTIN PERA, SOREN NORGAARD \u0218I VALERIA KIRDIASHEVA<\/li>\n<\/ul>\n<div class=\"featured-photo\"><img loading=\"lazy\" decoding=\"async\" width=\"1219\" height=\"681\" src=\"https:\/\/analyse.optim.biz\/wp-content\/uploads\/2026\/01\/img-20260118-wa0003-1-1.jpg\" class=\"attachment-single size-single wp-post-image\" title=\"img-20260118-wa0003-1-1\"><\/div>\n<h1 class=\"headline\">LIGA FLORILOR. DECLARA\u021aII DUP\u0102 V\u00c2LCEA \u2013 BR\u0102ILA 29-28. FLORENTIN PERA, SOREN NORGAARD \u0218I VALERIA KIRDIASHEVA<\/h1>\n<p class=\"byline\">\n\t\tScris de<a href=\"https:\/\/www.curierul.ro\/author\/gabi\/\">Gabriel S\u0103ndulescu<\/a>, \t\t19 ianuarie 2026\t\t\t\t<\/p>\n<hr>\n<\/header>\n<p>Florentin Pera (antrenor SCM R\u00e2mnicu V\u00e2lcea): \u201eMeci de infarct. Nu ne-am pierdut speran\u021ba \u0219i am luptat p\u00e2n\u0103 la ultima pic\u0103tur\u0103 de energie. Felicit juc\u0103toarele noastre pentru c\u0103 nu au cedat \u0219i, dup\u0103 c\u00e2teva meciuri pierdute \u00een deplasare la un gol \u00een ultimele secunde, Dumnezeu \u0219i-a \u00eentors fa\u021ba spre noi \u0219i am reu\u0219it s\u0103 c\u00e2\u0219tig\u0103m. Cred c\u0103 echipa noastr\u0103 merita s\u0103 aib\u0103 mai multe puncte \u00een acest moment, cred c\u0103 \u0219i din cauza acestui lucru a existat o oarecare presiune \u0219i s-a sim\u021bit acest lucru.(\u2026.) Victorie muncit\u0103 \u0219i extrem de important\u0103 \u00een fa\u021ba unei echipe care lupt\u0103 pentru cupele europene. Ne va ajuta foarte mult din punct de vedere al \u00eencrederii \u0219i al perspectivei. (\u2026.) Suporterii, galeria, au avut un rol extrem de important \u00een ob\u021binerea victoriei. M\u0103 bucur c\u0103 Agathe ne-a ajutat ast\u0103zi, am v\u0103zut-o \u00een form\u0103 la antrenamente.(\u2026..) La aruncarea de la 7 m , eu am hot\u0103r\u00e2t s\u0103 execute Rebeca, am avut \u00eencredere \u0219i m\u0103 bucur pentru ea. A fost un arbitraj peste multe altele pe care le-am avut, \u00een special \u00een deplasare. Echipa are atitudine, este unit\u0103 \u0219i are energie, este ceea ce a\u0219teapt\u0103 spectatorii de la noi, c\u0103rora vreau s\u0103 le mul\u021bumesc. Prin aceast\u0103 victorie, echipa a c\u00e2\u0219tigat \u00een primul r\u00e2nd la capitolul moral, sunt trei puncte extrem de importante\u201d.<\/p>\n<p>Soren Norgaard Jensen (antrenor Dun\u0103rea Br\u0103ila): \u201d Sunt dezam\u0103git. Sunt foarte dezam\u0103git. Cred c\u0103 meritam s\u0103 c\u00e2\u0219tig\u0103m ast\u0103zi, cred c\u0103 am fost echipa mai bun\u0103. Am avut \u0219ansele noastre s\u0103 plec\u0103m victorio\u0219i, dar \u00een final V\u00e2lcea a fost mai bun\u0103 cu un gol. Am fi putut primi un 9 metri, nu s-a fluierat, asta este. Vom \u00eent\u00e2lni Rapidul, alt adversar puternic, mergem \u00eenainte. Obiectivul r\u0103m\u00e2ne s\u0103 juc\u0103m sezonul viitor \u00een Europa\u201d.<\/p>\n<p>Valeria Kirdiasheva (Dun\u0103rea Br\u0103ila): \u201d Partid\u0103 foarte \u00eencr\u00e2ncenat\u0103. V\u00e2lcea a fost bun\u0103, dar \u0219i noi la fel, sunt m\u00e2ndr\u0103 de fete. Am jucat bine, am alergat mai bine ca la Slatina, inclusiv \u00een ap\u0103rare, am marcat, de-asta spun c\u0103 fetele au fost bune \u0219i m-au ajutat \u0219i pe mine s\u0103 \u00eenscriu multe goluri. Normal sa fiu sup\u0103rat\u0103, \u00een fine, sper doar s\u0103 c\u00e2\u0219tig\u0103m meciul urm\u0103tor\u201d.<\/p>\n<div class=\"sharedaddy sd-sharing-enabled\">\n<div class=\"robots-nocontent sd-block sd-social sd-social-official sd-sharing\">\n<h3 class=\"sd-title\">Distribuie pe:<\/h3>\n<div class=\"sd-content\">\n<ul>\n<li class=\"share-facebook\">\n<li class=\"share-twitter\"><a href=\"https:\/\/twitter.com\/share\" class=\"twitter-share-button\" data-url=\"https:\/\/www.curierul.ro\/liga-florilor-declaratii-dupa-valcea-braila-29-28-florentin-pera-soren-norgaard-si-valeria-kirdiasheva\/\" data-text=\"LIGA FLORILOR. DECLARA\u021aII DUP\u0102 V\u00c2LCEA - BR\u0102ILA 29-28. FLORENTIN PERA, SOREN NORGAARD \u0218I VALERIA KIRDIASHEVA\" data-via=\"curierulvl\">Tweet<\/a><\/li>\n<li class=\"share-jetpack-whatsapp\"><a rel=\"nofollow noopener noreferrer\" data-shared=\"sharing-whatsapp-195996\" class=\"share-jetpack-whatsapp sd-button\" href=\"https:\/\/www.curierul.ro\/liga-florilor-declaratii-dupa-valcea-braila-29-28-florentin-pera-soren-norgaard-si-valeria-kirdiasheva\/?share=jetpack-whatsapp\" target=\"_blank\" aria-labelledby=\"sharing-whatsapp-195996\"><span id=\"sharing-whatsapp-195996\" hidden>D\u0103 clic pentru partajare pe WhatsApp(Se deschide \u00eentr-o fereastr\u0103 nou\u0103)<\/span><span>WhatsApp<\/span><\/a><\/li>\n<li><a href=\"https:\/\/www.curierul.ro\/liga-florilor-declaratii-dupa-valcea-braila-29-28-florentin-pera-soren-norgaard-si-valeria-kirdiasheva\/\" class=\"sharing-anchor sd-button share-more\"><span>Mai mult<\/span><\/a><\/li>\n<li class=\"share-end\"><\/ul>\n<div class=\"sharing-hidden\">\n<div class=\"inner\">\n<ul>\n<li class=\"share-email\"><a rel=\"nofollow noopener noreferrer\" data-shared=\"sharing-email-195996\" class=\"share-email sd-button\" href=\"mailto:?subject=%5BArticol%20partajat%5D%20LIGA%20FLORILOR.%20DECLARA%C8%9AII%20DUP%C4%82%20V%C3%82LCEA%20-%20BR%C4%82ILA%2029-28.%20FLORENTIN%20PERA%2C%20SOREN%20NORGAARD%20%C8%98I%20VALERIA%20KIRDIASHEVA&amp;body=https%3A%2F%2Fwww.curierul.ro%2Fliga-florilor-declaratii-dupa-valcea-braila-29-28-florentin-pera-soren-norgaard-si-valeria-kirdiasheva%2F&amp;share=email\" target=\"_blank\" aria-labelledby=\"sharing-email-195996\" data-email-share-error-title=\"\u021ai-ai configurat emailul?\" data-email-share-error-text=\"Dac\u0103 ai probleme la partajarea prin email, probabil nu ai configurat emailul pentru navigator. Poate trebuie s\u0103 creezi singur un email nou.\" data-email-share-nonce=\"1f99cd2fc2\" data-email-share-track-url=\"https:\/\/www.curierul.ro\/liga-florilor-declaratii-dupa-valcea-braila-29-28-florentin-pera-soren-norgaard-si-valeria-kirdiasheva\/?share=email\"><span id=\"sharing-email-195996\" hidden>D\u0103 clic pentru a trimite o leg\u0103tur\u0103 prin email unui prieten(Se deschide \u00eentr-o fereastr\u0103 nou\u0103)<\/span><span>Email<\/span><\/a><\/li>\n<li class=\"share-print\"><a rel=\"nofollow noopener noreferrer\" data-shared=\"sharing-print-195996\" class=\"share-print sd-button\" href=\"https:\/\/www.curierul.ro\/liga-florilor-declaratii-dupa-valcea-braila-29-28-florentin-pera-soren-norgaard-si-valeria-kirdiasheva\/#print?share=print\" target=\"_blank\" aria-labelledby=\"sharing-print-195996\"><span id=\"sharing-print-195996\" hidden>D\u0103 clic pentru a imprima(Se deschide \u00eentr-o fereastr\u0103 nou\u0103)<\/span><span>Imprimare<\/span><\/a><\/li>\n<li class=\"share-end\"><\/ul>\n<\/div>\n<\/div>\n<\/div>\n<\/div>\n<\/div>\n<div id=\"jp-relatedposts\" class=\"jp-relatedposts\">\n<h3 class=\"jp-relatedposts-headline\"><em>Similare<\/em><\/h3>\n<\/div>\n<footer class=\"post-footer\">\n<div class=\"post-navigation clearfix\">\n<div class=\"previous-post\">\n<div class=\"featured-photo\"><img loading=\"lazy\" decoding=\"async\" width=\"1219\" height=\"1204\" src=\"https:\/\/analyse.optim.biz\/wp-content\/uploads\/2026\/01\/img-20260118-wa0001-11.jpg\" class=\"attachment-post-thumbnail size-post-thumbnail wp-post-image\" title=\"img-20260118-wa0001-11\"><\/div>\n<p class=\"paginate-title\">\u00ab\u00ab <a href=\"https:\/\/www.curierul.ro\/liga-florilor-valcea-braila-29-28-victorie-importanta-in-lupta-pentru-europa\/\" rel=\"prev\">LIGA FLORILOR. V\u00c2LCEA \u2013 BR\u0102ILA 29-28. VICTORIE IMPORTANT\u0102 \u00ceN LUPTA PENTRU EUROPA<\/a><\/p>\n<\/div>\n<div class=\"next-post\">\n<div class=\"featured-photo\"><img decoding=\"async\" width=\"2560\" height=\"2089\" src=\"https:\/\/analyse.optim.biz\/wp-content\/uploads\/2026\/01\/cvl36-scaled-1-29.jpg\" class=\"attachment-post-thumbnail size-post-thumbnail wp-post-image\" loading=\"lazy\" title=\"cvl36-scaled-1-29\"><\/div>\n<p class=\"paginate-title\"><a href=\"https:\/\/www.curierul.ro\/36-de-ani\/\" rel=\"next\">36 de ani<\/a> \u00bb\u00bb<\/p>\n<\/div>\n<\/div>\n<div id=\"comments\" class=\"comments-area\">\n<div id=\"respond\" class=\"comment-respond\">\n<h3 id=\"reply-title\" class=\"comment-reply-title\">Po\u021bi comenta aici<small><a rel=\"nofollow\" id=\"cancel-comment-reply-link\" href=\"https:\/\/www.curierul.ro\/liga-florilor-declaratii-dupa-valcea-braila-29-28-florentin-pera-soren-norgaard-si-valeria-kirdiasheva\/#respond\">Anuleaz\u0103 r\u0103spunsul<\/a><\/small><\/h3>\n<\/div>\n<p class=\"akismet_comment_form_privacy_notice\">Acest site folose\u0219te Akismet pentru a reduce spamul. <a href=\"https:\/\/akismet.com\/privacy\/\" target=\"_blank\" rel=\"nofollow noopener\">Afl\u0103 cum sunt procesate datele comentariilor tale<\/a>.<\/p>\n<\/div>\n<section class=\"latest-category clearfix\">\n<h2 class=\"title\">More Stories From Handbal<\/h2>\n<div class=\"stories-container\">\n<article id=\"related-195993\" class=\"story post-195993 post type-post status-publish format-standard has-post-thumbnail hentry category-handbal category-headlines category-sport\">\n<div class=\"photo\"><img decoding=\"async\" width=\"735\" height=\"440\" src=\"https:\/\/analyse.optim.biz\/wp-content\/uploads\/2026\/01\/img-20260118-wa0001-11.jpg\" class=\"attachment-giornalismo-single size-giornalismo-single wp-post-image\" loading=\"lazy\" title=\"img-20260118-wa0001-11\"><\/div>\n<p class=\"headline\"><a href=\"https:\/\/www.curierul.ro\/liga-florilor-valcea-braila-29-28-victorie-importanta-in-lupta-pentru-europa\/\">LIGA FLORILOR. V\u00c2LCEA \u2013 BR\u0102ILA 29-28. VICTORIE IMPORTANT\u0102 \u00ceN LUPTA PENTRU EUROPA<\/a><\/p>\n<\/article>\n<article id=\"related-195909\" class=\"story post-195909 post type-post status-publish format-standard has-post-thumbnail hentry category-handbal category-headlines category-sport\">\n<div class=\"photo\"><img decoding=\"async\" width=\"735\" height=\"440\" src=\"https:\/\/analyse.optim.biz\/wp-content\/uploads\/2026\/01\/img-20260105-wa0006-12.jpg\" class=\"attachment-giornalismo-single size-giornalismo-single wp-post-image\" loading=\"lazy\" title=\"img-20260105-wa0006-12\"><\/div>\n<p class=\"headline\"><a href=\"https:\/\/www.curierul.ro\/liga-florilor-infrangere-frustranta-la-brasov-pentru-scm-ramnicu-valcea-33-34\/\">LIGA FLORILOR. \u00ceNFR\u00c2NGERE FRUSTRANT\u0102 LA BRA\u0218OV PENTRU SCM R\u00c2MNICU V\u00c2LCEA: 33-34<\/a><\/p>\n<\/article>\n<article id=\"related-195889\" class=\"story post-195889 post type-post status-publish format-standard has-post-thumbnail hentry category-handbal category-headlines category-sport\">\n<div class=\"photo\"><img decoding=\"async\" width=\"735\" height=\"440\" src=\"https:\/\/analyse.optim.biz\/wp-content\/uploads\/2026\/01\/img-20260105-wa0000-10.jpg\" class=\"attachment-giornalismo-single size-giornalismo-single wp-post-image\" loading=\"lazy\" title=\"img-20260105-wa0000-10\"><\/div>\n<p class=\"headline\"><a href=\"https:\/\/www.curierul.ro\/liga-florilor-corona-brasov-scm-ramnicu-valcea-viitorul-incepe-astazi\/\">LIGA FLORILOR. CORONA BRA\u0218OV \u2013 SCM R\u00c2MNICU V\u00c2LCEA. VIITORUL \u00ceNCEPE AST\u0102ZI<\/a><\/p>\n<\/article>\n<\/div>\n<\/section>\n<section class=\"author-bio clearfix\">\n<div class=\"mug-shot\"><img decoding=\"async\" src=\"https:\/\/analyse.optim.biz\/wp-content\/uploads\/2026\/01\/38348b3eaa7d589402948e297c539169e25c956b894b08c27e56c621c3536fa4-27.jpg\" class=\"avatar avatar-96 photo\" height=\"96\" width=\"96\" loading=\"lazy\" title=\"38348b3eaa7d589402948e297c539169e25c956b894b08c27e56c621c3536fa4-27\"><\/div>\n<div class=\"author-info\">\n<p class=\"title\">About Gabriel S\u0103ndulescu, <\/p>\n<div class=\"author-social-area\"><a href=\"mailto:gbrlsandulescu@yahoo.com\"><span class=\"fal fa-envelope\"><span class=\"screen-reader-text\">Email the Author<\/span><\/span><\/a><\/div>\n<\/div>\n<\/section>\n<\/footer>\n<\/article>\n<article id=\"related-195993\" class=\"story post-195993 post type-post status-publish format-standard has-post-thumbnail hentry category-handbal category-headlines category-sport\">\n<div class=\"photo\"><img decoding=\"async\" width=\"735\" height=\"440\" src=\"https:\/\/analyse.optim.biz\/wp-content\/uploads\/2026\/01\/img-20260118-wa0001-11.jpg\" class=\"attachment-giornalismo-single size-giornalismo-single wp-post-image\" loading=\"lazy\" title=\"img-20260118-wa0001-11\"><\/div>\n<p class=\"headline\"><a href=\"https:\/\/www.curierul.ro\/liga-florilor-valcea-braila-29-28-victorie-importanta-in-lupta-pentru-europa\/\">LIGA FLORILOR. V\u00c2LCEA \u2013 BR\u0102ILA 29-28. VICTORIE IMPORTANT\u0102 \u00ceN LUPTA PENTRU EUROPA<\/a><\/p>\n<\/article>\n<article id=\"related-195909\" class=\"story post-195909 post type-post status-publish format-standard has-post-thumbnail hentry category-handbal category-headlines category-sport\">\n<div class=\"photo\"><img decoding=\"async\" width=\"735\" height=\"440\" src=\"https:\/\/analyse.optim.biz\/wp-content\/uploads\/2026\/01\/img-20260105-wa0006-12.jpg\" class=\"attachment-giornalismo-single size-giornalismo-single wp-post-image\" loading=\"lazy\" title=\"img-20260105-wa0006-12\"><\/div>\n<p class=\"headline\"><a href=\"https:\/\/www.curierul.ro\/liga-florilor-infrangere-frustranta-la-brasov-pentru-scm-ramnicu-valcea-33-34\/\">LIGA FLORILOR. \u00ceNFR\u00c2NGERE FRUSTRANT\u0102 LA BRA\u0218OV PENTRU SCM R\u00c2MNICU V\u00c2LCEA: 33-34<\/a><\/p>\n<\/article>\n<article id=\"related-195889\" class=\"story post-195889 post type-post status-publish format-standard has-post-thumbnail hentry category-handbal category-headlines category-sport\">\n<div class=\"photo\"><img decoding=\"async\" width=\"735\" height=\"440\" src=\"https:\/\/analyse.optim.biz\/wp-content\/uploads\/2026\/01\/img-20260105-wa0000-10.jpg\" class=\"attachment-giornalismo-single size-giornalismo-single wp-post-image\" loading=\"lazy\" title=\"img-20260105-wa0000-10\"><\/div>\n<p class=\"headline\"><a href=\"https:\/\/www.curierul.ro\/liga-florilor-corona-brasov-scm-ramnicu-valcea-viitorul-incepe-astazi\/\">LIGA FLORILOR. CORONA BRA\u0218OV \u2013 SCM R\u00c2MNICU V\u00c2LCEA. VIITORUL \u00ceNCEPE AST\u0102ZI<\/a><\/p>\n<\/article>\n<p> Source URL: https:\/\/www.curierul.ro\/liga-florilor-declaratii-dupa-valcea-braila-29-28-florentin-pera-soren-norgaard-si-valeria-kirdiasheva\/<\/p>\n","protected":false},"excerpt":{"rendered":"<p>Home Handbal LIGA FLORILOR. DECLARA\u021aII DUP\u0102 V\u00c2LCEA \u2013 BR\u0102ILA 29-28. FLORENTIN PERA, SOREN NORGAARD \u0218I VALERIA KIRDIASHEVA LIGA FLORILOR. DECLARA\u021aII DUP\u0102 V\u00c2LCEA \u2013 BR\u0102ILA 29-28. FLORENTIN PERA, SOREN NORGAARD \u0218I VALERIA KIRDIASHEVA Scris deGabriel S\u0103ndulescu, 19 ianuarie 2026 Florentin Pera (antrenor SCM R\u00e2mnicu V\u00e2lcea): \u201eMeci de infarct. Nu ne-am pierdut speran\u021ba \u0219i am luptat p\u00e2n\u0103 [&hellip;]<\/p>\n","protected":false},"author":1,"featured_media":1315774,"comment_status":"open","ping_status":"","sticky":false,"template":"","format":"standard","meta":{"footnotes":""},"categories":[89],"tags":[213],"class_list":["post-1315770","post","type-post","status-publish","format-standard","has-post-thumbnail","hentry","category-romania","tag-curierul-ro"],"_links":{"self":[{"href":"https:\/\/analyse.optim.biz\/index.php?rest_route=\/wp\/v2\/posts\/1315770","targetHints":{"allow":["GET"]}}],"collection":[{"href":"https:\/\/analyse.optim.biz\/index.php?rest_route=\/wp\/v2\/posts"}],"about":[{"href":"https:\/\/analyse.optim.biz\/index.php?rest_route=\/wp\/v2\/types\/post"}],"author":[{"embeddable":true,"href":"https:\/\/analyse.optim.biz\/index.php?rest_route=\/wp\/v2\/users\/1"}],"replies":[{"embeddable":true,"href":"https:\/\/analyse.optim.biz\/index.php?rest_route=%2Fwp%2Fv2%2Fcomments&post=1315770"}],"version-history":[{"count":0,"href":"https:\/\/analyse.optim.biz\/index.php?rest_route=\/wp\/v2\/posts\/1315770\/revisions"}],"wp:featuredmedia":[{"embeddable":true,"href":"https:\/\/analyse.optim.biz\/index.php?rest_route=\/wp\/v2\/media\/1315774"}],"wp:attachment":[{"href":"https:\/\/analyse.optim.biz\/index.php?rest_route=%2Fwp%2Fv2%2Fmedia&parent=1315770"}],"wp:term":[{"taxonomy":"category","embeddable":true,"href":"https:\/\/analyse.optim.biz\/index.php?rest_route=%2Fwp%2Fv2%2Fcategories&post=1315770"},{"taxonomy":"post_tag","embeddable":true,"href":"https:\/\/analyse.optim.biz\/index.php?rest_route=%2Fwp%2Fv2%2Ftags&post=1315770"}],"curies":[{"name":"wp","href":"https:\/\/api.w.org\/{rel}","templated":true}]}}