{"id":1313792,"date":"2026-01-05T10:00:18","date_gmt":"2026-01-05T07:00:18","guid":{"rendered":"https:\/\/analyse.optim.biz\/?p=1313792"},"modified":"2026-01-05T10:00:18","modified_gmt":"2026-01-05T07:00:18","slug":"liga-florilor-corona-brasov-scm-ramnicu-valcea-viitorul-incepe-astazi","status":"publish","type":"post","link":"https:\/\/analyse.optim.biz\/?p=1313792","title":{"rendered":"LIGA FLORILOR. CORONA BRA\u0218OV \u2013 SCM R\u00c2MNICU V\u00c2LCEA. VIITORUL \u00ceNCEPE AST\u0102ZI"},"content":{"rendered":"<article id=\"195889\" class=\"post-195889 post type-post status-publish format-standard has-post-thumbnail hentry category-handbal category-headlines category-sport\">\n<header class=\"post-header\">\n<ul class=\"breadcrumbs\">\n<li><a href=\"https:\/\/www.curierul.ro\">Home<\/a><\/li>\n<li class=\"breadcrumbs-active .category-handbal\"><a href=\"https:\/\/www.curierul.ro\/index.php?cat=4\">Handbal<\/a><\/li>\n<li class=\"breadcrumbs-active .category-handbal\">LIGA FLORILOR. CORONA BRA\u0218OV \u2013 SCM R\u00c2MNICU V\u00c2LCEA. VIITORUL \u00ceNCEPE AST\u0102ZI<\/li>\n<\/ul>\n<div class=\"featured-photo\"><img loading=\"lazy\" decoding=\"async\" width=\"1219\" height=\"1067\" src=\"https:\/\/analyse.optim.biz\/wp-content\/uploads\/2026\/01\/img-20260105-wa0000-1-1.jpg\" class=\"attachment-single size-single wp-post-image\" title=\"img-20260105-wa0000-1-1\"><\/div>\n<h1 class=\"headline\">LIGA FLORILOR. CORONA BRA\u0218OV \u2013 SCM R\u00c2MNICU V\u00c2LCEA. VIITORUL \u00ceNCEPE AST\u0102ZI<\/h1>\n<p class=\"byline\">\n\t\tScris de<a href=\"https:\/\/www.curierul.ro\/author\/gabi\/\">Gabriel S\u0103ndulescu<\/a>, \t\t5 ianuarie 2026\t\t\t\t<\/p>\n<hr>\n<\/header>\n<p>\u2744\ufe0f Ninge lacom peste Bra\u0219ovul cel feeric, iar albul a cuprins deja, majestuos, ora\u0219ul de sub T\u00e2mpa, chiar de duminic\u0103 seara. L\u00e2ng\u0103 Gar\u0103, cufundat\u0103 \u00een \u00eentuneric \u00eentre brazii cuceri\u021bi mereu de neaua proasp\u0103t\u0103, Sala Sporturilor tace spre miez de noapte, complice \u0219i ea la lini\u0219tea l\u0103ptoas\u0103 din jur. \u0218i nimic nu pare a anun\u021ba b\u0103t\u0103lia handbalistic\u0103 de luni dup\u0103-amiaz\u0103, dintre Corona \u0219i SCM R\u00e2mnicu V\u00e2lcea. Dar ce meci va fi acolo! Ce \u00eencle\u0219tare teribil\u0103 se anun\u021b\u0103!<\/p>\n<p>\ud83e\udd14 A orgoliilor, posibil. Bogdan Burcea vs Florentin Pera. Dup\u0103 ce-au \u00eemp\u0103r\u021bit banca na\u021bionalei, pleca\u021bi \u00een prip\u0103, cople\u0219i\u021bi de ra\u021biuni r\u0103mase \u00een sufletul lor, dar nici azi clare publicului. \ud83d\udd2e A perspectivei, cu siguran\u021b\u0103. Conturat\u0103 deja dup\u0103 pedigree-ul fiec\u0103ruia dintre ei. Unul bazat pe dornicul de afirmare talent autohton, cel\u0103lalt chem\u00e2nd falanga cea vestit\u0103 a str\u0103in\u0103t\u0103\u021bii. \ud83c\udf0d Se va juca pentru Europa, cum altfel, dup\u0103 anun\u021burile din ultima lun\u0103, care nu mai las\u0103 loc de rateuri la final de sezon !<\/p>\n<p>\ud83e\udd3e \u0218i a juc\u0103toarelor, desigur. C\u0103ci ele asigur\u0103 spectacolul, ele sunt miezul. Handbaliste de na\u021bional\u0103, care au tras la aceea\u0219i c\u0103ru\u021b\u0103, vor fi fa\u021b\u0103 \u00een fa\u021b\u0103 pentru a uita c\u0103 acum o lun\u0103 se consolau reciproc dup\u0103 meciul cu Ungaria. Vin o campioan\u0103 \u0219i o vicecampioan\u0103 mondiale, apropo. Pe unele dintre juc\u0103toare, \u00eencurcatele c\u0103i ale transferurilor le vor face mai fragile \u00een fa\u021ba suporterilor, dar asta nu ar mai trebui s\u0103 conteze, c\u0103ci ele vor pune pe parchet onoare \u0219i nu prejudecat\u0103.<\/p>\n<p>\ud83d\udc4d Da, se joac\u0103 pentru viitor, \u00een b\u0103tr\u00e2na Sala Sporturilor din Bra\u0219ov. S\u0103 sper\u0103m c\u0103 va fi plin\u0103.<\/p>\n<p>\ud83d\udccc Corona \u2013 SCM R\u00e2mnicu V\u00e2lcea, ora 15, ProArena.<\/p>\n<p>\ud83d\ude4fHAIDE, V\u00c2LCEA!<\/p>\n<div class=\"sharedaddy sd-sharing-enabled\">\n<div class=\"robots-nocontent sd-block sd-social sd-social-official sd-sharing\">\n<h3 class=\"sd-title\">Distribuie pe:<\/h3>\n<div class=\"sd-content\">\n<ul>\n<li class=\"share-facebook\">\n<li class=\"share-twitter\"><a href=\"https:\/\/twitter.com\/share\" class=\"twitter-share-button\" data-url=\"https:\/\/www.curierul.ro\/liga-florilor-corona-brasov-scm-ramnicu-valcea-viitorul-incepe-astazi\/\" data-text=\"LIGA FLORILOR. CORONA BRA\u0218OV - SCM R\u00c2MNICU V\u00c2LCEA. VIITORUL \u00ceNCEPE AST\u0102ZI\" data-via=\"curierulvl\">Tweet<\/a><\/li>\n<li class=\"share-jetpack-whatsapp\"><a rel=\"nofollow noopener noreferrer\" data-shared=\"sharing-whatsapp-195889\" class=\"share-jetpack-whatsapp sd-button\" href=\"https:\/\/www.curierul.ro\/liga-florilor-corona-brasov-scm-ramnicu-valcea-viitorul-incepe-astazi\/?share=jetpack-whatsapp\" target=\"_blank\" aria-labelledby=\"sharing-whatsapp-195889\"><span id=\"sharing-whatsapp-195889\" hidden>D\u0103 clic pentru partajare pe WhatsApp(Se deschide \u00eentr-o fereastr\u0103 nou\u0103)<\/span><span>WhatsApp<\/span><\/a><\/li>\n<li><a href=\"https:\/\/www.curierul.ro\/liga-florilor-corona-brasov-scm-ramnicu-valcea-viitorul-incepe-astazi\/\" class=\"sharing-anchor sd-button share-more\"><span>Mai mult<\/span><\/a><\/li>\n<li class=\"share-end\"><\/ul>\n<div class=\"sharing-hidden\">\n<div class=\"inner\">\n<ul>\n<li class=\"share-email\"><a rel=\"nofollow noopener noreferrer\" data-shared=\"sharing-email-195889\" class=\"share-email sd-button\" href=\"mailto:?subject=%5BArticol%20partajat%5D%20LIGA%20FLORILOR.%20CORONA%20BRA%C8%98OV%20-%20SCM%20R%C3%82MNICU%20V%C3%82LCEA.%20VIITORUL%20%C3%8ENCEPE%20AST%C4%82ZI&amp;body=https%3A%2F%2Fwww.curierul.ro%2Fliga-florilor-corona-brasov-scm-ramnicu-valcea-viitorul-incepe-astazi%2F&amp;share=email\" target=\"_blank\" aria-labelledby=\"sharing-email-195889\" data-email-share-error-title=\"\u021ai-ai configurat emailul?\" data-email-share-error-text=\"Dac\u0103 ai probleme la partajarea prin email, probabil nu ai configurat emailul pentru navigator. Poate trebuie s\u0103 creezi singur un email nou.\" data-email-share-nonce=\"59fe37e848\" data-email-share-track-url=\"https:\/\/www.curierul.ro\/liga-florilor-corona-brasov-scm-ramnicu-valcea-viitorul-incepe-astazi\/?share=email\"><span id=\"sharing-email-195889\" hidden>D\u0103 clic pentru a trimite o leg\u0103tur\u0103 prin email unui prieten(Se deschide \u00eentr-o fereastr\u0103 nou\u0103)<\/span><span>Email<\/span><\/a><\/li>\n<li class=\"share-print\"><a rel=\"nofollow noopener noreferrer\" data-shared=\"sharing-print-195889\" class=\"share-print sd-button\" href=\"https:\/\/www.curierul.ro\/liga-florilor-corona-brasov-scm-ramnicu-valcea-viitorul-incepe-astazi\/#print?share=print\" target=\"_blank\" aria-labelledby=\"sharing-print-195889\"><span id=\"sharing-print-195889\" hidden>D\u0103 clic pentru a imprima(Se deschide \u00eentr-o fereastr\u0103 nou\u0103)<\/span><span>Imprimare<\/span><\/a><\/li>\n<li class=\"share-end\"><\/ul>\n<\/div>\n<\/div>\n<\/div>\n<\/div>\n<\/div>\n<div id=\"jp-relatedposts\" class=\"jp-relatedposts\">\n<h3 class=\"jp-relatedposts-headline\"><em>Similare<\/em><\/h3>\n<\/div>\n<footer class=\"post-footer\">\n<div class=\"post-navigation clearfix\">\n<div class=\"previous-post\">\n<p class=\"paginate-title\">\u00ab\u00ab <a href=\"https:\/\/www.curierul.ro\/fostul-primar-de-la-ocnele-mari-a-trecut-in-nefiinta\/\" rel=\"prev\">Fostul primar de la Ocnele Mari a trecut \u00een nefiin\u021b\u0103<\/a><\/p>\n<\/div>\n<div class=\"next-post\">\n<p class=\"paginate-title\"><a href=\"https:\/\/www.curierul.ro\/comunicat-de-presa-dotarea-fabriand-srl-in-vederea-digitalizarii-activitatii\/\" rel=\"next\">COMUNICAT DE PRES\u0102 \u201eDOTAREA FABRIAND SRL IN VEDEREA DIGITALIZARII ACTIVITATII\u201d<\/a> \u00bb\u00bb<\/p>\n<\/div>\n<\/div>\n<div id=\"comments\" class=\"comments-area\">\n<div id=\"respond\" class=\"comment-respond\">\n<h3 id=\"reply-title\" class=\"comment-reply-title\">Po\u021bi comenta aici<small><a rel=\"nofollow\" id=\"cancel-comment-reply-link\" href=\"https:\/\/www.curierul.ro\/liga-florilor-corona-brasov-scm-ramnicu-valcea-viitorul-incepe-astazi\/#respond\">Anuleaz\u0103 r\u0103spunsul<\/a><\/small><\/h3>\n<\/div>\n<p class=\"akismet_comment_form_privacy_notice\">Acest site folose\u0219te Akismet pentru a reduce spamul. <a href=\"https:\/\/akismet.com\/privacy\/\" target=\"_blank\" rel=\"nofollow noopener\">Afl\u0103 cum sunt procesate datele comentariilor tale<\/a>.<\/p>\n<\/div>\n<section class=\"latest-category clearfix\">\n<h2 class=\"title\">More Stories From Handbal<\/h2>\n<div class=\"stories-container\">\n<article id=\"related-195996\" class=\"story post-195996 post type-post status-publish format-standard has-post-thumbnail hentry category-handbal category-sport\">\n<div class=\"photo\"><img loading=\"lazy\" decoding=\"async\" width=\"735\" height=\"440\" src=\"https:\/\/analyse.optim.biz\/wp-content\/uploads\/2026\/01\/img-20260118-wa0003-1.jpg\" class=\"attachment-giornalismo-single size-giornalismo-single wp-post-image\" title=\"img-20260118-wa0003-1\"><\/div>\n<p class=\"headline\"><a href=\"https:\/\/www.curierul.ro\/liga-florilor-declaratii-dupa-valcea-braila-29-28-florentin-pera-soren-norgaard-si-valeria-kirdiasheva\/\">LIGA FLORILOR. DECLARA\u021aII DUP\u0102 V\u00c2LCEA \u2013 BR\u0102ILA 29-28. FLORENTIN PERA, SOREN NORGAARD \u0218I VALERIA KIRDIASHEVA<\/a><\/p>\n<\/article>\n<article id=\"related-195993\" class=\"story post-195993 post type-post status-publish format-standard has-post-thumbnail hentry category-handbal category-headlines category-sport\">\n<div class=\"photo\"><img decoding=\"async\" width=\"735\" height=\"440\" src=\"https:\/\/analyse.optim.biz\/wp-content\/uploads\/2026\/01\/img-20260118-wa0001-7.jpg\" class=\"attachment-giornalismo-single size-giornalismo-single wp-post-image\" loading=\"lazy\" title=\"img-20260118-wa0001-7\"><\/div>\n<p class=\"headline\"><a href=\"https:\/\/www.curierul.ro\/liga-florilor-valcea-braila-29-28-victorie-importanta-in-lupta-pentru-europa\/\">LIGA FLORILOR. V\u00c2LCEA \u2013 BR\u0102ILA 29-28. VICTORIE IMPORTANT\u0102 \u00ceN LUPTA PENTRU EUROPA<\/a><\/p>\n<\/article>\n<article id=\"related-195909\" class=\"story post-195909 post type-post status-publish format-standard has-post-thumbnail hentry category-handbal category-headlines category-sport\">\n<div class=\"photo\"><img decoding=\"async\" width=\"735\" height=\"440\" src=\"https:\/\/analyse.optim.biz\/wp-content\/uploads\/2026\/01\/img-20260105-wa0006-8.jpg\" class=\"attachment-giornalismo-single size-giornalismo-single wp-post-image\" loading=\"lazy\" title=\"img-20260105-wa0006-8\"><\/div>\n<p class=\"headline\"><a href=\"https:\/\/www.curierul.ro\/liga-florilor-infrangere-frustranta-la-brasov-pentru-scm-ramnicu-valcea-33-34\/\">LIGA FLORILOR. \u00ceNFR\u00c2NGERE FRUSTRANT\u0102 LA BRA\u0218OV PENTRU SCM R\u00c2MNICU V\u00c2LCEA: 33-34<\/a><\/p>\n<\/article>\n<\/div>\n<\/section>\n<section class=\"author-bio clearfix\">\n<div class=\"mug-shot\"><img decoding=\"async\" src=\"https:\/\/analyse.optim.biz\/wp-content\/uploads\/2026\/01\/38348b3eaa7d589402948e297c539169e25c956b894b08c27e56c621c3536fa4-19.jpg\" class=\"avatar avatar-96 photo\" height=\"96\" width=\"96\" loading=\"lazy\" title=\"38348b3eaa7d589402948e297c539169e25c956b894b08c27e56c621c3536fa4-19\"><\/div>\n<div class=\"author-info\">\n<p class=\"title\">About Gabriel S\u0103ndulescu, <\/p>\n<div class=\"author-social-area\"><a href=\"mailto:gbrlsandulescu@yahoo.com\"><span class=\"fal fa-envelope\"><span class=\"screen-reader-text\">Email the Author<\/span><\/span><\/a><\/div>\n<\/div>\n<\/section>\n<\/footer>\n<\/article>\n<article id=\"related-195996\" class=\"story post-195996 post type-post status-publish format-standard has-post-thumbnail hentry category-handbal category-sport\">\n<div class=\"photo\"><img loading=\"lazy\" decoding=\"async\" width=\"735\" height=\"440\" src=\"https:\/\/analyse.optim.biz\/wp-content\/uploads\/2026\/01\/img-20260118-wa0003-1.jpg\" class=\"attachment-giornalismo-single size-giornalismo-single wp-post-image\" title=\"img-20260118-wa0003-1\"><\/div>\n<p class=\"headline\"><a href=\"https:\/\/www.curierul.ro\/liga-florilor-declaratii-dupa-valcea-braila-29-28-florentin-pera-soren-norgaard-si-valeria-kirdiasheva\/\">LIGA FLORILOR. DECLARA\u021aII DUP\u0102 V\u00c2LCEA \u2013 BR\u0102ILA 29-28. FLORENTIN PERA, SOREN NORGAARD \u0218I VALERIA KIRDIASHEVA<\/a><\/p>\n<\/article>\n<article id=\"related-195993\" class=\"story post-195993 post type-post status-publish format-standard has-post-thumbnail hentry category-handbal category-headlines category-sport\">\n<div class=\"photo\"><img decoding=\"async\" width=\"735\" height=\"440\" src=\"https:\/\/analyse.optim.biz\/wp-content\/uploads\/2026\/01\/img-20260118-wa0001-7.jpg\" class=\"attachment-giornalismo-single size-giornalismo-single wp-post-image\" loading=\"lazy\" title=\"img-20260118-wa0001-7\"><\/div>\n<p class=\"headline\"><a href=\"https:\/\/www.curierul.ro\/liga-florilor-valcea-braila-29-28-victorie-importanta-in-lupta-pentru-europa\/\">LIGA FLORILOR. V\u00c2LCEA \u2013 BR\u0102ILA 29-28. VICTORIE IMPORTANT\u0102 \u00ceN LUPTA PENTRU EUROPA<\/a><\/p>\n<\/article>\n<article id=\"related-195909\" class=\"story post-195909 post type-post status-publish format-standard has-post-thumbnail hentry category-handbal category-headlines category-sport\">\n<div class=\"photo\"><img decoding=\"async\" width=\"735\" height=\"440\" src=\"https:\/\/analyse.optim.biz\/wp-content\/uploads\/2026\/01\/img-20260105-wa0006-8.jpg\" class=\"attachment-giornalismo-single size-giornalismo-single wp-post-image\" loading=\"lazy\" title=\"img-20260105-wa0006-8\"><\/div>\n<p class=\"headline\"><a href=\"https:\/\/www.curierul.ro\/liga-florilor-infrangere-frustranta-la-brasov-pentru-scm-ramnicu-valcea-33-34\/\">LIGA FLORILOR. \u00ceNFR\u00c2NGERE FRUSTRANT\u0102 LA BRA\u0218OV PENTRU SCM R\u00c2MNICU V\u00c2LCEA: 33-34<\/a><\/p>\n<\/article>\n<p> Source URL: https:\/\/www.curierul.ro\/liga-florilor-corona-brasov-scm-ramnicu-valcea-viitorul-incepe-astazi\/<\/p>\n","protected":false},"excerpt":{"rendered":"<p>Home Handbal LIGA FLORILOR. CORONA BRA\u0218OV \u2013 SCM R\u00c2MNICU V\u00c2LCEA. VIITORUL \u00ceNCEPE AST\u0102ZI LIGA FLORILOR. CORONA BRA\u0218OV \u2013 SCM R\u00c2MNICU V\u00c2LCEA. VIITORUL \u00ceNCEPE AST\u0102ZI Scris deGabriel S\u0103ndulescu, 5 ianuarie 2026 \u2744\ufe0f Ninge lacom peste Bra\u0219ovul cel feeric, iar albul a cuprins deja, majestuos, ora\u0219ul de sub T\u00e2mpa, chiar de duminic\u0103 seara. L\u00e2ng\u0103 Gar\u0103, cufundat\u0103 \u00een [&hellip;]<\/p>\n","protected":false},"author":1,"featured_media":1313796,"comment_status":"open","ping_status":"","sticky":false,"template":"","format":"standard","meta":{"footnotes":""},"categories":[89],"tags":[213],"class_list":["post-1313792","post","type-post","status-publish","format-standard","has-post-thumbnail","hentry","category-romania","tag-curierul-ro"],"_links":{"self":[{"href":"https:\/\/analyse.optim.biz\/index.php?rest_route=\/wp\/v2\/posts\/1313792","targetHints":{"allow":["GET"]}}],"collection":[{"href":"https:\/\/analyse.optim.biz\/index.php?rest_route=\/wp\/v2\/posts"}],"about":[{"href":"https:\/\/analyse.optim.biz\/index.php?rest_route=\/wp\/v2\/types\/post"}],"author":[{"embeddable":true,"href":"https:\/\/analyse.optim.biz\/index.php?rest_route=\/wp\/v2\/users\/1"}],"replies":[{"embeddable":true,"href":"https:\/\/analyse.optim.biz\/index.php?rest_route=%2Fwp%2Fv2%2Fcomments&post=1313792"}],"version-history":[{"count":0,"href":"https:\/\/analyse.optim.biz\/index.php?rest_route=\/wp\/v2\/posts\/1313792\/revisions"}],"wp:featuredmedia":[{"embeddable":true,"href":"https:\/\/analyse.optim.biz\/index.php?rest_route=\/wp\/v2\/media\/1313796"}],"wp:attachment":[{"href":"https:\/\/analyse.optim.biz\/index.php?rest_route=%2Fwp%2Fv2%2Fmedia&parent=1313792"}],"wp:term":[{"taxonomy":"category","embeddable":true,"href":"https:\/\/analyse.optim.biz\/index.php?rest_route=%2Fwp%2Fv2%2Fcategories&post=1313792"},{"taxonomy":"post_tag","embeddable":true,"href":"https:\/\/analyse.optim.biz\/index.php?rest_route=%2Fwp%2Fv2%2Ftags&post=1313792"}],"curies":[{"name":"wp","href":"https:\/\/api.w.org\/{rel}","templated":true}]}}